{"id":23247,"date":"2024-01-28T04:00:00","date_gmt":"2024-01-28T07:00:00","guid":{"rendered":"https:\/\/informatepy.com\/2022\/?p=23247"},"modified":"2024-01-27T16:27:54","modified_gmt":"2024-01-27T19:27:54","slug":"el-estado-plurinacional-de-bolivia-dictadura-y-muerte","status":"publish","type":"post","link":"https:\/\/informatepy.com\/2022\/2024\/01\/28\/el-estado-plurinacional-de-bolivia-dictadura-y-muerte\/","title":{"rendered":"El Estado Plurinacional de Bolivia, dictadura y muerte"},"content":{"rendered":"\n<p class=\"has-text-align-justify\">El 22 de enero del 2002, luego de planificar, organizar y dirigir actos terroristas en mi natal Cochabamba, que incluye la cruel muerte de los uniformados, Marcelo Trujillo y Antonio Guti\u00e9rrez, Evo Morales era expulsado del Congreso de Bolivia.<\/p>\n\n\n\n<p class=\"has-text-align-justify\">El cocalero y sus panegiristas mostraron la expulsi\u00f3n como un acto de \u00abracismo\u00bb y \u00abdiscriminaci\u00f3n\u00bb. La tesis de Morales cont\u00f3 con el apoyo de la izquierda y un sector del periodismo europeos. Sin embargo, nadie mencion\u00f3 las emboscadas callejeras que los cocaleros realizaron contra militares, polic\u00edas, periodistas y ciudadanos comunes. Tampoco se habl\u00f3 de la quema de m\u00e1s de 25 veh\u00edculos de la prefectura de Cochabamba, menos de los uniformados heridos por armamento de alta precisi\u00f3n. No eran actos terroristas, sino \u00abprotestas sociales\u00bb contra un Estado opresor de \u00abind\u00edgenas\u00bb.<\/p>\n\n\n\n<p class=\"has-text-align-justify\">En octubre del 2003, usando los mismos m\u00e9todos, Evo Morales, Felipe Quispe y el traidor de Carlos Mesa lograban derrocar al presidente Gonzalo S\u00e1nchez de Lozada. Ese golpe a la institucionalidad democr\u00e1tica de Bolivia les permiti\u00f3 a los subversivos poner a un t\u00edtere manipulable como presidente; garantizar impunidad por sus delitos; destrozar la reputaci\u00f3n de quienes defendieron la patria, entre ellos el ministro Carlos S\u00e1nchez Berza\u00edn; adelantar elecciones de manera forzada, y usar el aparato del Estado para garantizar la victoria electoral de Morales el a\u00f1o 2005.<\/p>\n\n\n\n<p class=\"has-text-align-justify\">Una vez en el poder, Morales, obviamente, asesorado por Cuba y Venezuela, se lanz\u00f3 a un proceso constituyente para, en sus propias palabras, \u00abrefundar\u00bb Bolivia. Luego de varias irregularidades y sangre derramada, el 22 de enero del a\u00f1o 2009, Evo impon\u00eda la Constituci\u00f3n del Estado Plurinacional, junto con el nacimiento de una \u00abnueva\u00bb Bolivia.<\/p>\n\n\n<div class=\"wp-block-image\">\n<figure class=\"aligncenter size-full is-resized\"><img data-recalc-dims=\"1\" loading=\"lazy\" decoding=\"async\" width=\"696\" height=\"184\" src=\"https:\/\/i0.wp.com\/informatepy.com\/2022\/wp-content\/uploads\/2023\/02\/peredo-balderrama.jpg?resize=696%2C184&#038;ssl=1\" alt=\"\" class=\"wp-image-17646\" style=\"width:442px;height:auto\" srcset=\"https:\/\/i0.wp.com\/informatepy.com\/2022\/wp-content\/uploads\/2023\/02\/peredo-balderrama.jpg?w=755&amp;ssl=1 755w, https:\/\/i0.wp.com\/informatepy.com\/2022\/wp-content\/uploads\/2023\/02\/peredo-balderrama.jpg?resize=300%2C79&amp;ssl=1 300w, https:\/\/i0.wp.com\/informatepy.com\/2022\/wp-content\/uploads\/2023\/02\/peredo-balderrama.jpg?resize=150%2C40&amp;ssl=1 150w, https:\/\/i0.wp.com\/informatepy.com\/2022\/wp-content\/uploads\/2023\/02\/peredo-balderrama.jpg?resize=600%2C159&amp;ssl=1 600w, https:\/\/i0.wp.com\/informatepy.com\/2022\/wp-content\/uploads\/2023\/02\/peredo-balderrama.jpg?resize=696%2C184&amp;ssl=1 696w\" sizes=\"auto, (max-width: 696px) 100vw, 696px\" \/><\/figure>\n<\/div>\n\n\n<p class=\"has-text-align-justify\">Contrario al 6 de agosto, la tradicional fiesta patria de Bolivia, el 22 de enero no despertaba en el boliviano ning\u00fan sentimiento patri\u00f3tico, de hecho, causaba rechazo, hasta ahora lo hace. No obstante, la dictadura aprovech\u00f3 la oportunidad para aplicar violencia. Por ejemplo, el 22\/01\/2010, al celebrarse el primer a\u00f1o, las milicias de la dictadura obligaban a cerrar los negocios que permanec\u00edan abiertos en el centro hist\u00f3rico de Cochabamba. Asimismo, los medios de prensa de todo el pa\u00eds fueron forzados a transmitir durante horas las incontinencias verbales de Morales y sus secuaces, toda una escena muy t\u00edpica del Realismo M\u00e1gico de Hispanoam\u00e9rica.<\/p>\n\n\n\n<p class=\"has-text-align-justify\">Pero la violencia no se limita a mareros cerrando comercios, sino que abarca a todos los espacios de la sociedad boliviana. B\u00e1sicamente, no existe una sola instituci\u00f3n privada, gremio profesional, asociaci\u00f3n empresarial, intelectual, periodista y ciudadano que no se convierta en un potencial blanco de la tiran\u00eda, basta, tan s\u00f3lo, ejercer el derecho a pensar. En ese marco, vale la pena recordar la masacre del Hotel Las Am\u00e9ricas.<\/p>\n\n\n\n<p class=\"has-text-align-justify\">La narrativa oficial se\u00f1alaba que en la madrugada del 16\/04\/2009 un grupo \u00e9lite de la Polic\u00eda Boliviana se enfrent\u00f3 a una c\u00e9dula terrorista. Como resultado de la balacera cayeron acribillados Eduardo Rozsa Flores (h\u00fangaro \u2013 boliviano), \u00c1rpad Magyrosi (rumano) y Michel Dwyer (irland\u00e9s).<\/p>\n\n\n\n<p class=\"has-text-align-justify\">Pero la versi\u00f3n del gobierno empez\u00f3 a erosionarse r\u00e1pidamente. Lo primero fue demostrar que los fallecidos no hab\u00edan disparado ni un solo cartucho, incluso estaban semidesnudos. Segundo, el supuesto arsenal del grupo terrorista era, aunque usted no lo crea, armamento digno de un museo. Finalmente, en octubre del 2021, la Comisi\u00f3n Interamericana de Derechos Humanos (CIDH) emiti\u00f3 un informe sobre los hechos de la madrugada del 16 de abril de 2009 donde se\u00f1ala que el Estado cometi\u00f3 ejecuciones extrajudiciales y torturas a los detenidos. Igualmente, indica que se debe abrir una investigaci\u00f3n penal contra los directos responsables del hecho, el propio Evo Morales, deber\u00eda ser el primer procesado.<\/p>\n\n\n<div class=\"wp-block-image\">\n<figure class=\"aligncenter size-large is-resized\"><img data-recalc-dims=\"1\" loading=\"lazy\" decoding=\"async\" width=\"696\" height=\"357\" src=\"https:\/\/i0.wp.com\/informatepy.com\/2022\/wp-content\/uploads\/2023\/01\/grupo-mote-balderrama.jpg?resize=696%2C357&#038;ssl=1\" alt=\"\" class=\"wp-image-17118\" style=\"width:402px;height:auto\" srcset=\"https:\/\/i0.wp.com\/informatepy.com\/2022\/wp-content\/uploads\/2023\/01\/grupo-mote-balderrama.jpg?resize=1024%2C525&amp;ssl=1 1024w, https:\/\/i0.wp.com\/informatepy.com\/2022\/wp-content\/uploads\/2023\/01\/grupo-mote-balderrama.jpg?resize=300%2C154&amp;ssl=1 300w, https:\/\/i0.wp.com\/informatepy.com\/2022\/wp-content\/uploads\/2023\/01\/grupo-mote-balderrama.jpg?resize=768%2C394&amp;ssl=1 768w, https:\/\/i0.wp.com\/informatepy.com\/2022\/wp-content\/uploads\/2023\/01\/grupo-mote-balderrama.jpg?resize=1536%2C787&amp;ssl=1 1536w, https:\/\/i0.wp.com\/informatepy.com\/2022\/wp-content\/uploads\/2023\/01\/grupo-mote-balderrama.jpg?resize=2048%2C1050&amp;ssl=1 2048w, https:\/\/i0.wp.com\/informatepy.com\/2022\/wp-content\/uploads\/2023\/01\/grupo-mote-balderrama.jpg?resize=150%2C77&amp;ssl=1 150w, https:\/\/i0.wp.com\/informatepy.com\/2022\/wp-content\/uploads\/2023\/01\/grupo-mote-balderrama.jpg?resize=600%2C308&amp;ssl=1 600w, https:\/\/i0.wp.com\/informatepy.com\/2022\/wp-content\/uploads\/2023\/01\/grupo-mote-balderrama.jpg?resize=696%2C357&amp;ssl=1 696w, https:\/\/i0.wp.com\/informatepy.com\/2022\/wp-content\/uploads\/2023\/01\/grupo-mote-balderrama.jpg?resize=1392%2C713&amp;ssl=1 1392w, https:\/\/i0.wp.com\/informatepy.com\/2022\/wp-content\/uploads\/2023\/01\/grupo-mote-balderrama.jpg?resize=1068%2C547&amp;ssl=1 1068w, https:\/\/i0.wp.com\/informatepy.com\/2022\/wp-content\/uploads\/2023\/01\/grupo-mote-balderrama.jpg?resize=1920%2C984&amp;ssl=1 1920w, https:\/\/i0.wp.com\/informatepy.com\/2022\/wp-content\/uploads\/2023\/01\/grupo-mote-balderrama.jpg?resize=819%2C420&amp;ssl=1 819w, https:\/\/i0.wp.com\/informatepy.com\/2022\/wp-content\/uploads\/2023\/01\/grupo-mote-balderrama.jpg?resize=1639%2C840&amp;ssl=1 1639w, https:\/\/i0.wp.com\/informatepy.com\/2022\/wp-content\/uploads\/2023\/01\/grupo-mote-balderrama.jpg?resize=1320%2C677&amp;ssl=1 1320w\" sizes=\"auto, (max-width: 696px) 100vw, 696px\" \/><\/figure>\n<\/div>\n\n\n<p class=\"has-text-align-justify\">De igual manera, desde 2021, la falta de independencia de la justicia en Bolivia fue cuestionada por al menos siete informes de organismos internacionales, entre ellos: Grupo Interdisciplinario de Expertos Internacionales (GIEI), Organizaci\u00f3n de Naciones Unidas (ONU), Amnist\u00eda internacional, Uni\u00f3n Europea, Human Rights Watch (HRW), Comit\u00e9 contra la Tortura de la ONU, la Comisi\u00f3n Interamericana de Derechos Humanos (CIDH) y World Justice Project. Todos coinciden en se\u00f1alar el acaparamiento del ejecutivo al poder judicial. Incluso el mismo Evo dijo no creer en la separaci\u00f3n de poderes, pues era una doctrina \u00abgringa\u00bb.<\/p>\n\n\n\n<p class=\"has-text-align-justify\">Imparcialidad, independencia e idoneidad son condiciones individuales esenciales en los jueces, y son principios institucionales imprescindibles del Poder Judicial. La realidad objetiva en Bolivia demuestra que la dictadura ha convertido la justicia en un mecanismo de persecuci\u00f3n pol\u00edtica y encarcelamiento de opositores, entre ellos, Luis Fernando Camacho, Marco Pumari y Jeanine A\u00f1ez, y en garant\u00eda de impunidad de corruptos y criminales, Nemesia Achacollo, por ejemplo.<\/p>\n\n\n\n<p class=\"has-text-align-justify\">En conclusi\u00f3n, El Estado Plurinacional de Bolivia es sin\u00f3nimo de corrupci\u00f3n, narcotr\u00e1fico, muerte y, especialmente, dictadura.<\/p>\n","protected":false},"excerpt":{"rendered":"<p>El 22 de enero del 2002, luego de planificar, organizar y dirigir actos terroristas en mi natal Cochabamba, que incluye la cruel muerte de los uniformados, Marcelo Trujillo y Antonio Guti\u00e9rrez, Evo Morales era expulsado del Congreso de Bolivia. El cocalero y sus panegiristas mostraron la expulsi\u00f3n como un acto de \u00abracismo\u00bb y \u00abdiscriminaci\u00f3n\u00bb. La [&hellip;]<\/p>\n","protected":false},"author":31,"featured_media":21222,"comment_status":"open","ping_status":"open","sticky":false,"template":"","format":"standard","meta":{"tdm_status":"","tdm_grid_status":"","footnotes":"","jetpack_publicize_message":"","jetpack_publicize_feature_enabled":false,"jetpack_social_post_already_shared":true,"jetpack_social_options":{"image_generator_settings":{"template":"highway","enabled":false}}},"categories":[92],"tags":[553,871],"ppma_author":[1021],"class_list":{"0":"post-23247","1":"post","2":"type-post","3":"status-publish","4":"format-standard","5":"has-post-thumbnail","7":"category-analisis","8":"tag-bolivia","9":"tag-destacada"},"jetpack_publicize_connections":[],"yoast_head":"<!-- This site is optimized with the Yoast SEO plugin v27.5 - https:\/\/yoast.com\/product\/yoast-seo-wordpress\/ -->\n<title>El Estado Plurinacional de Bolivia, dictadura y muerte - Informatepy.com<\/title>\n<meta name=\"robots\" content=\"index, follow, max-snippet:-1, max-image-preview:large, max-video-preview:-1\" \/>\n<link rel=\"canonical\" href=\"https:\/\/informatepy.com\/2022\/2024\/01\/28\/el-estado-plurinacional-de-bolivia-dictadura-y-muerte\/\" \/>\n<meta property=\"og:locale\" content=\"es_ES\" \/>\n<meta property=\"og:type\" content=\"article\" \/>\n<meta property=\"og:title\" content=\"El Estado Plurinacional de Bolivia, dictadura y muerte - Informatepy.com\" \/>\n<meta property=\"og:description\" content=\"El 22 de enero del 2002, luego de planificar, organizar y dirigir actos terroristas en mi natal Cochabamba, que incluye la cruel muerte de los uniformados, Marcelo Trujillo y Antonio Guti\u00e9rrez, Evo Morales era expulsado del Congreso de Bolivia. El cocalero y sus panegiristas mostraron la expulsi\u00f3n como un acto de \u00abracismo\u00bb y \u00abdiscriminaci\u00f3n\u00bb. La [&hellip;]\" \/>\n<meta property=\"og:url\" content=\"https:\/\/informatepy.com\/2022\/2024\/01\/28\/el-estado-plurinacional-de-bolivia-dictadura-y-muerte\/\" \/>\n<meta property=\"og:site_name\" content=\"Informatepy.com\" \/>\n<meta property=\"article:publisher\" content=\"https:\/\/www.facebook.com\/InformatePyCom\" \/>\n<meta property=\"article:published_time\" content=\"2024-01-28T07:00:00+00:00\" \/>\n<meta property=\"og:image\" content=\"https:\/\/i0.wp.com\/informatepy.com\/2022\/wp-content\/uploads\/2023\/09\/evo-cocalero.jpg?fit=1280%2C776&ssl=1\" \/>\n\t<meta property=\"og:image:width\" content=\"1280\" \/>\n\t<meta property=\"og:image:height\" content=\"776\" \/>\n\t<meta property=\"og:image:type\" content=\"image\/jpeg\" \/>\n<meta name=\"author\" content=\"Hugo Marcelo Balderrama\" \/>\n<meta name=\"twitter:card\" content=\"summary_large_image\" \/>\n<meta name=\"twitter:creator\" content=\"@https:\/\/twitter.com\/hugobalderrama\" \/>\n<meta name=\"twitter:site\" content=\"@InformatePy1\" \/>\n<meta name=\"twitter:label1\" content=\"Escrito por\" \/>\n\t<meta name=\"twitter:data1\" content=\"Hugo Marcelo Balderrama\" \/>\n\t<meta name=\"twitter:label2\" content=\"Tiempo de lectura\" \/>\n\t<meta name=\"twitter:data2\" content=\"5 minutos\" \/>\n<script type=\"application\/ld+json\" class=\"yoast-schema-graph\">{\"@context\":\"https:\\\/\\\/schema.org\",\"@graph\":[{\"@type\":\"Article\",\"@id\":\"https:\\\/\\\/informatepy.com\\\/2022\\\/2024\\\/01\\\/28\\\/el-estado-plurinacional-de-bolivia-dictadura-y-muerte\\\/#article\",\"isPartOf\":{\"@id\":\"https:\\\/\\\/informatepy.com\\\/2022\\\/2024\\\/01\\\/28\\\/el-estado-plurinacional-de-bolivia-dictadura-y-muerte\\\/\"},\"author\":{\"name\":\"Hugo Marcelo Balderrama\",\"@id\":\"https:\\\/\\\/informatepy.com\\\/2022\\\/#\\\/schema\\\/person\\\/2afd2fb41a32854dba0b74368813f3fe\"},\"headline\":\"El Estado Plurinacional de Bolivia, dictadura y muerte\",\"datePublished\":\"2024-01-28T07:00:00+00:00\",\"mainEntityOfPage\":{\"@id\":\"https:\\\/\\\/informatepy.com\\\/2022\\\/2024\\\/01\\\/28\\\/el-estado-plurinacional-de-bolivia-dictadura-y-muerte\\\/\"},\"wordCount\":814,\"commentCount\":0,\"publisher\":{\"@id\":\"https:\\\/\\\/informatepy.com\\\/2022\\\/#organization\"},\"image\":{\"@id\":\"https:\\\/\\\/informatepy.com\\\/2022\\\/2024\\\/01\\\/28\\\/el-estado-plurinacional-de-bolivia-dictadura-y-muerte\\\/#primaryimage\"},\"thumbnailUrl\":\"https:\\\/\\\/i0.wp.com\\\/informatepy.com\\\/2022\\\/wp-content\\\/uploads\\\/2023\\\/09\\\/evo-cocalero.jpg?fit=1280%2C776&ssl=1\",\"keywords\":[\"Bolivia\",\"destacada\"],\"articleSection\":[\"Analisis\"],\"inLanguage\":\"es\",\"potentialAction\":[{\"@type\":\"CommentAction\",\"name\":\"Comment\",\"target\":[\"https:\\\/\\\/informatepy.com\\\/2022\\\/2024\\\/01\\\/28\\\/el-estado-plurinacional-de-bolivia-dictadura-y-muerte\\\/#respond\"]}]},{\"@type\":\"WebPage\",\"@id\":\"https:\\\/\\\/informatepy.com\\\/2022\\\/2024\\\/01\\\/28\\\/el-estado-plurinacional-de-bolivia-dictadura-y-muerte\\\/\",\"url\":\"https:\\\/\\\/informatepy.com\\\/2022\\\/2024\\\/01\\\/28\\\/el-estado-plurinacional-de-bolivia-dictadura-y-muerte\\\/\",\"name\":\"El Estado Plurinacional de Bolivia, dictadura y muerte - Informatepy.com\",\"isPartOf\":{\"@id\":\"https:\\\/\\\/informatepy.com\\\/2022\\\/#website\"},\"primaryImageOfPage\":{\"@id\":\"https:\\\/\\\/informatepy.com\\\/2022\\\/2024\\\/01\\\/28\\\/el-estado-plurinacional-de-bolivia-dictadura-y-muerte\\\/#primaryimage\"},\"image\":{\"@id\":\"https:\\\/\\\/informatepy.com\\\/2022\\\/2024\\\/01\\\/28\\\/el-estado-plurinacional-de-bolivia-dictadura-y-muerte\\\/#primaryimage\"},\"thumbnailUrl\":\"https:\\\/\\\/i0.wp.com\\\/informatepy.com\\\/2022\\\/wp-content\\\/uploads\\\/2023\\\/09\\\/evo-cocalero.jpg?fit=1280%2C776&ssl=1\",\"datePublished\":\"2024-01-28T07:00:00+00:00\",\"breadcrumb\":{\"@id\":\"https:\\\/\\\/informatepy.com\\\/2022\\\/2024\\\/01\\\/28\\\/el-estado-plurinacional-de-bolivia-dictadura-y-muerte\\\/#breadcrumb\"},\"inLanguage\":\"es\",\"potentialAction\":[{\"@type\":\"ReadAction\",\"target\":[\"https:\\\/\\\/informatepy.com\\\/2022\\\/2024\\\/01\\\/28\\\/el-estado-plurinacional-de-bolivia-dictadura-y-muerte\\\/\"]}]},{\"@type\":\"ImageObject\",\"inLanguage\":\"es\",\"@id\":\"https:\\\/\\\/informatepy.com\\\/2022\\\/2024\\\/01\\\/28\\\/el-estado-plurinacional-de-bolivia-dictadura-y-muerte\\\/#primaryimage\",\"url\":\"https:\\\/\\\/i0.wp.com\\\/informatepy.com\\\/2022\\\/wp-content\\\/uploads\\\/2023\\\/09\\\/evo-cocalero.jpg?fit=1280%2C776&ssl=1\",\"contentUrl\":\"https:\\\/\\\/i0.wp.com\\\/informatepy.com\\\/2022\\\/wp-content\\\/uploads\\\/2023\\\/09\\\/evo-cocalero.jpg?fit=1280%2C776&ssl=1\",\"width\":1280,\"height\":776},{\"@type\":\"BreadcrumbList\",\"@id\":\"https:\\\/\\\/informatepy.com\\\/2022\\\/2024\\\/01\\\/28\\\/el-estado-plurinacional-de-bolivia-dictadura-y-muerte\\\/#breadcrumb\",\"itemListElement\":[{\"@type\":\"ListItem\",\"position\":1,\"name\":\"Portada\",\"item\":\"https:\\\/\\\/informatepy.com\\\/2022\\\/\"},{\"@type\":\"ListItem\",\"position\":2,\"name\":\"El Estado Plurinacional de Bolivia, dictadura y muerte\"}]},{\"@type\":\"WebSite\",\"@id\":\"https:\\\/\\\/informatepy.com\\\/2022\\\/#website\",\"url\":\"https:\\\/\\\/informatepy.com\\\/2022\\\/\",\"name\":\"Informatepy.com\",\"description\":\"La verdad, siempre!\",\"publisher\":{\"@id\":\"https:\\\/\\\/informatepy.com\\\/2022\\\/#organization\"},\"potentialAction\":[{\"@type\":\"SearchAction\",\"target\":{\"@type\":\"EntryPoint\",\"urlTemplate\":\"https:\\\/\\\/informatepy.com\\\/2022\\\/?s={search_term_string}\"},\"query-input\":{\"@type\":\"PropertyValueSpecification\",\"valueRequired\":true,\"valueName\":\"search_term_string\"}}],\"inLanguage\":\"es\"},{\"@type\":\"Organization\",\"@id\":\"https:\\\/\\\/informatepy.com\\\/2022\\\/#organization\",\"name\":\"Informatepy.com\",\"url\":\"https:\\\/\\\/informatepy.com\\\/2022\\\/\",\"logo\":{\"@type\":\"ImageObject\",\"inLanguage\":\"es\",\"@id\":\"https:\\\/\\\/informatepy.com\\\/2022\\\/#\\\/schema\\\/logo\\\/image\\\/\",\"url\":\"https:\\\/\\\/i0.wp.com\\\/informatepy.com\\\/2022\\\/wp-content\\\/uploads\\\/2022\\\/09\\\/informatepy150-2.png?fit=589%2C150\",\"contentUrl\":\"https:\\\/\\\/i0.wp.com\\\/informatepy.com\\\/2022\\\/wp-content\\\/uploads\\\/2022\\\/09\\\/informatepy150-2.png?fit=589%2C150\",\"width\":589,\"height\":150,\"caption\":\"Informatepy.com\"},\"image\":{\"@id\":\"https:\\\/\\\/informatepy.com\\\/2022\\\/#\\\/schema\\\/logo\\\/image\\\/\"},\"sameAs\":[\"https:\\\/\\\/www.facebook.com\\\/InformatePyCom\",\"https:\\\/\\\/x.com\\\/InformatePy1\"]},{\"@type\":\"Person\",\"@id\":\"https:\\\/\\\/informatepy.com\\\/2022\\\/#\\\/schema\\\/person\\\/2afd2fb41a32854dba0b74368813f3fe\",\"name\":\"Hugo Marcelo Balderrama\",\"image\":{\"@type\":\"ImageObject\",\"inLanguage\":\"es\",\"@id\":\"https:\\\/\\\/informatepy.com\\\/2022\\\/wp-content\\\/uploads\\\/2022\\\/10\\\/balderrama.jpg2b64d5f06afe56832edf09c51cec9b87\",\"url\":\"https:\\\/\\\/informatepy.com\\\/2022\\\/wp-content\\\/uploads\\\/2022\\\/10\\\/balderrama.jpg\",\"contentUrl\":\"https:\\\/\\\/informatepy.com\\\/2022\\\/wp-content\\\/uploads\\\/2022\\\/10\\\/balderrama.jpg\",\"caption\":\"Hugo Marcelo Balderrama\"},\"description\":\"Economista, Docente, Periodista y Consultor Pol\u00edtico. Comprometido con la defensa de la vida, la propiedad y la libertad.\",\"sameAs\":[\"https:\\\/\\\/x.com\\\/https:\\\/\\\/twitter.com\\\/hugobalderrama\"],\"url\":\"https:\\\/\\\/informatepy.com\\\/2022\\\/author\\\/hbalderrama\\\/\"}]}<\/script>\n<!-- \/ Yoast SEO plugin. -->","yoast_head_json":{"title":"El Estado Plurinacional de Bolivia, dictadura y muerte - Informatepy.com","robots":{"index":"index","follow":"follow","max-snippet":"max-snippet:-1","max-image-preview":"max-image-preview:large","max-video-preview":"max-video-preview:-1"},"canonical":"https:\/\/informatepy.com\/2022\/2024\/01\/28\/el-estado-plurinacional-de-bolivia-dictadura-y-muerte\/","og_locale":"es_ES","og_type":"article","og_title":"El Estado Plurinacional de Bolivia, dictadura y muerte - Informatepy.com","og_description":"El 22 de enero del 2002, luego de planificar, organizar y dirigir actos terroristas en mi natal Cochabamba, que incluye la cruel muerte de los uniformados, Marcelo Trujillo y Antonio Guti\u00e9rrez, Evo Morales era expulsado del Congreso de Bolivia. El cocalero y sus panegiristas mostraron la expulsi\u00f3n como un acto de \u00abracismo\u00bb y \u00abdiscriminaci\u00f3n\u00bb. La [&hellip;]","og_url":"https:\/\/informatepy.com\/2022\/2024\/01\/28\/el-estado-plurinacional-de-bolivia-dictadura-y-muerte\/","og_site_name":"Informatepy.com","article_publisher":"https:\/\/www.facebook.com\/InformatePyCom","article_published_time":"2024-01-28T07:00:00+00:00","og_image":[{"width":1280,"height":776,"url":"https:\/\/i0.wp.com\/informatepy.com\/2022\/wp-content\/uploads\/2023\/09\/evo-cocalero.jpg?fit=1280%2C776&ssl=1","type":"image\/jpeg"}],"author":"Hugo Marcelo Balderrama","twitter_card":"summary_large_image","twitter_creator":"@https:\/\/twitter.com\/hugobalderrama","twitter_site":"@InformatePy1","twitter_misc":{"Escrito por":"Hugo Marcelo Balderrama","Tiempo de lectura":"5 minutos"},"schema":{"@context":"https:\/\/schema.org","@graph":[{"@type":"Article","@id":"https:\/\/informatepy.com\/2022\/2024\/01\/28\/el-estado-plurinacional-de-bolivia-dictadura-y-muerte\/#article","isPartOf":{"@id":"https:\/\/informatepy.com\/2022\/2024\/01\/28\/el-estado-plurinacional-de-bolivia-dictadura-y-muerte\/"},"author":{"name":"Hugo Marcelo Balderrama","@id":"https:\/\/informatepy.com\/2022\/#\/schema\/person\/2afd2fb41a32854dba0b74368813f3fe"},"headline":"El Estado Plurinacional de Bolivia, dictadura y muerte","datePublished":"2024-01-28T07:00:00+00:00","mainEntityOfPage":{"@id":"https:\/\/informatepy.com\/2022\/2024\/01\/28\/el-estado-plurinacional-de-bolivia-dictadura-y-muerte\/"},"wordCount":814,"commentCount":0,"publisher":{"@id":"https:\/\/informatepy.com\/2022\/#organization"},"image":{"@id":"https:\/\/informatepy.com\/2022\/2024\/01\/28\/el-estado-plurinacional-de-bolivia-dictadura-y-muerte\/#primaryimage"},"thumbnailUrl":"https:\/\/i0.wp.com\/informatepy.com\/2022\/wp-content\/uploads\/2023\/09\/evo-cocalero.jpg?fit=1280%2C776&ssl=1","keywords":["Bolivia","destacada"],"articleSection":["Analisis"],"inLanguage":"es","potentialAction":[{"@type":"CommentAction","name":"Comment","target":["https:\/\/informatepy.com\/2022\/2024\/01\/28\/el-estado-plurinacional-de-bolivia-dictadura-y-muerte\/#respond"]}]},{"@type":"WebPage","@id":"https:\/\/informatepy.com\/2022\/2024\/01\/28\/el-estado-plurinacional-de-bolivia-dictadura-y-muerte\/","url":"https:\/\/informatepy.com\/2022\/2024\/01\/28\/el-estado-plurinacional-de-bolivia-dictadura-y-muerte\/","name":"El Estado Plurinacional de Bolivia, dictadura y muerte - Informatepy.com","isPartOf":{"@id":"https:\/\/informatepy.com\/2022\/#website"},"primaryImageOfPage":{"@id":"https:\/\/informatepy.com\/2022\/2024\/01\/28\/el-estado-plurinacional-de-bolivia-dictadura-y-muerte\/#primaryimage"},"image":{"@id":"https:\/\/informatepy.com\/2022\/2024\/01\/28\/el-estado-plurinacional-de-bolivia-dictadura-y-muerte\/#primaryimage"},"thumbnailUrl":"https:\/\/i0.wp.com\/informatepy.com\/2022\/wp-content\/uploads\/2023\/09\/evo-cocalero.jpg?fit=1280%2C776&ssl=1","datePublished":"2024-01-28T07:00:00+00:00","breadcrumb":{"@id":"https:\/\/informatepy.com\/2022\/2024\/01\/28\/el-estado-plurinacional-de-bolivia-dictadura-y-muerte\/#breadcrumb"},"inLanguage":"es","potentialAction":[{"@type":"ReadAction","target":["https:\/\/informatepy.com\/2022\/2024\/01\/28\/el-estado-plurinacional-de-bolivia-dictadura-y-muerte\/"]}]},{"@type":"ImageObject","inLanguage":"es","@id":"https:\/\/informatepy.com\/2022\/2024\/01\/28\/el-estado-plurinacional-de-bolivia-dictadura-y-muerte\/#primaryimage","url":"https:\/\/i0.wp.com\/informatepy.com\/2022\/wp-content\/uploads\/2023\/09\/evo-cocalero.jpg?fit=1280%2C776&ssl=1","contentUrl":"https:\/\/i0.wp.com\/informatepy.com\/2022\/wp-content\/uploads\/2023\/09\/evo-cocalero.jpg?fit=1280%2C776&ssl=1","width":1280,"height":776},{"@type":"BreadcrumbList","@id":"https:\/\/informatepy.com\/2022\/2024\/01\/28\/el-estado-plurinacional-de-bolivia-dictadura-y-muerte\/#breadcrumb","itemListElement":[{"@type":"ListItem","position":1,"name":"Portada","item":"https:\/\/informatepy.com\/2022\/"},{"@type":"ListItem","position":2,"name":"El Estado Plurinacional de Bolivia, dictadura y muerte"}]},{"@type":"WebSite","@id":"https:\/\/informatepy.com\/2022\/#website","url":"https:\/\/informatepy.com\/2022\/","name":"Informatepy.com","description":"La verdad, siempre!","publisher":{"@id":"https:\/\/informatepy.com\/2022\/#organization"},"potentialAction":[{"@type":"SearchAction","target":{"@type":"EntryPoint","urlTemplate":"https:\/\/informatepy.com\/2022\/?s={search_term_string}"},"query-input":{"@type":"PropertyValueSpecification","valueRequired":true,"valueName":"search_term_string"}}],"inLanguage":"es"},{"@type":"Organization","@id":"https:\/\/informatepy.com\/2022\/#organization","name":"Informatepy.com","url":"https:\/\/informatepy.com\/2022\/","logo":{"@type":"ImageObject","inLanguage":"es","@id":"https:\/\/informatepy.com\/2022\/#\/schema\/logo\/image\/","url":"https:\/\/i0.wp.com\/informatepy.com\/2022\/wp-content\/uploads\/2022\/09\/informatepy150-2.png?fit=589%2C150","contentUrl":"https:\/\/i0.wp.com\/informatepy.com\/2022\/wp-content\/uploads\/2022\/09\/informatepy150-2.png?fit=589%2C150","width":589,"height":150,"caption":"Informatepy.com"},"image":{"@id":"https:\/\/informatepy.com\/2022\/#\/schema\/logo\/image\/"},"sameAs":["https:\/\/www.facebook.com\/InformatePyCom","https:\/\/x.com\/InformatePy1"]},{"@type":"Person","@id":"https:\/\/informatepy.com\/2022\/#\/schema\/person\/2afd2fb41a32854dba0b74368813f3fe","name":"Hugo Marcelo Balderrama","image":{"@type":"ImageObject","inLanguage":"es","@id":"https:\/\/informatepy.com\/2022\/wp-content\/uploads\/2022\/10\/balderrama.jpg2b64d5f06afe56832edf09c51cec9b87","url":"https:\/\/informatepy.com\/2022\/wp-content\/uploads\/2022\/10\/balderrama.jpg","contentUrl":"https:\/\/informatepy.com\/2022\/wp-content\/uploads\/2022\/10\/balderrama.jpg","caption":"Hugo Marcelo Balderrama"},"description":"Economista, Docente, Periodista y Consultor Pol\u00edtico. Comprometido con la defensa de la vida, la propiedad y la libertad.","sameAs":["https:\/\/x.com\/https:\/\/twitter.com\/hugobalderrama"],"url":"https:\/\/informatepy.com\/2022\/author\/hbalderrama\/"}]}},"jetpack_featured_media_url":"https:\/\/i0.wp.com\/informatepy.com\/2022\/wp-content\/uploads\/2023\/09\/evo-cocalero.jpg?fit=1280%2C776&ssl=1","jetpack-related-posts":[],"jetpack_sharing_enabled":true,"jetpack_likes_enabled":true,"authors":[{"term_id":1021,"user_id":31,"is_guest":0,"slug":"hbalderrama","display_name":"Hugo Marcelo Balderrama","avatar_url":{"url":"https:\/\/informatepy.com\/2022\/wp-content\/uploads\/2022\/10\/balderrama.jpg","url2x":"https:\/\/informatepy.com\/2022\/wp-content\/uploads\/2022\/10\/balderrama.jpg"},"0":null,"1":"","2":"","3":"","4":"","5":"","6":"","7":"","8":""}],"amp_enabled":true,"_links":{"self":[{"href":"https:\/\/informatepy.com\/2022\/wp-json\/wp\/v2\/posts\/23247","targetHints":{"allow":["GET"]}}],"collection":[{"href":"https:\/\/informatepy.com\/2022\/wp-json\/wp\/v2\/posts"}],"about":[{"href":"https:\/\/informatepy.com\/2022\/wp-json\/wp\/v2\/types\/post"}],"author":[{"embeddable":true,"href":"https:\/\/informatepy.com\/2022\/wp-json\/wp\/v2\/users\/31"}],"replies":[{"embeddable":true,"href":"https:\/\/informatepy.com\/2022\/wp-json\/wp\/v2\/comments?post=23247"}],"version-history":[{"count":1,"href":"https:\/\/informatepy.com\/2022\/wp-json\/wp\/v2\/posts\/23247\/revisions"}],"predecessor-version":[{"id":23248,"href":"https:\/\/informatepy.com\/2022\/wp-json\/wp\/v2\/posts\/23247\/revisions\/23248"}],"wp:featuredmedia":[{"embeddable":true,"href":"https:\/\/informatepy.com\/2022\/wp-json\/wp\/v2\/media\/21222"}],"wp:attachment":[{"href":"https:\/\/informatepy.com\/2022\/wp-json\/wp\/v2\/media?parent=23247"}],"wp:term":[{"taxonomy":"category","embeddable":true,"href":"https:\/\/informatepy.com\/2022\/wp-json\/wp\/v2\/categories?post=23247"},{"taxonomy":"post_tag","embeddable":true,"href":"https:\/\/informatepy.com\/2022\/wp-json\/wp\/v2\/tags?post=23247"},{"taxonomy":"author","embeddable":true,"href":"https:\/\/informatepy.com\/2022\/wp-json\/wp\/v2\/ppma_author?post=23247"}],"curies":[{"name":"wp","href":"https:\/\/api.w.org\/{rel}","templated":true}]}}