{"id":23214,"date":"2024-01-26T04:02:00","date_gmt":"2024-01-26T07:02:00","guid":{"rendered":"https:\/\/informatepy.com\/2022\/?p=23214"},"modified":"2024-01-25T16:56:14","modified_gmt":"2024-01-25T19:56:14","slug":"mec-y-apf-firman-convenio-para-que-2-000-atletas-puedan-formarse","status":"publish","type":"post","link":"https:\/\/informatepy.com\/2022\/2024\/01\/26\/mec-y-apf-firman-convenio-para-que-2-000-atletas-puedan-formarse\/","title":{"rendered":"MEC y APF firman convenio para que 2.000 atletas puedan formarse"},"content":{"rendered":"\n<p class=\"has-text-align-justify\">El <strong>Ministerio de Educaci\u00f3n y Ciencias (MEC)<\/strong> y la <strong>Asociaci\u00f3n Paraguaya de F\u00fatbol (APF)<\/strong> firmaron un Convenio marco de cooperaci\u00f3n interinstitucional, cuyo objetivo es llegar a m\u00e1s de 2.000 estudiantes en edad escolar, en el Parque Ol\u00edmpico de la instituci\u00f3n deportiva con sede en \u00d1u Guas\u00fa, Luque. <\/p>\n\n\n\n<p class=\"has-text-align-justify\">La firma del convenio cont\u00f3 con la presencia del ministro de Educaci\u00f3n y Ciencias, <strong>Luis Fernando Ram\u00edrez<\/strong>; el presidente de la APF, <strong>Robert Harrison<\/strong>, as\u00ed como de otras autoridades educativas y del \u00e1mbito futbol\u00edstico. El acuerdo tendr\u00e1 una duraci\u00f3n de cinco a\u00f1os.<\/p>\n\n\n\n<p class=\"has-text-align-justify\">El ministro de Educaci\u00f3n y Ciencias, Luis Fernando Ram\u00edrez, resalt\u00f3 que <em><strong>\u201ca trav\u00e9s del f\u00fatbol podemos desarrollar muchas cosas y un aspecto central es mejorar la comprensi\u00f3n. Un futbolista entrenado en desarrollar su comprensi\u00f3n lectora, es un mejor atleta. Piensan mejor y toman mejores decisiones dentro de la cancha. Hay una sinergia enorme que dice que el f\u00fatbol necesita de la escuela y la escuela necesita del f\u00fatbol\u201d.<\/strong><\/em><\/p>\n\n\n\n<p class=\"has-text-align-justify\"><strong><em>\u00abEl f\u00fatbol es una escuela de valores: respeto, responsabilidad, disciplina, orden. Nos transmite elementos que son valiosos para vivir, para formar una comunidad, para establecer la democracia. Un piso b\u00e1sico es que los futbolistas terminen la escuela para que despu\u00e9s puedan desarrollar profesiones en el futuro\u201d<\/em><\/strong>, agreg\u00f3 el ministro.<\/p>\n\n\n\n<p class=\"has-text-align-justify\">Por su parte, el presidente de la APF, Robert Harrison, expres\u00f3 que<em><strong> \u201cllegaremos a m\u00e1s de 2.000 chicos en edad escolar con el proyecto Cardif, que queremos hermanar con el MEC, para juntarlos dentro del predio del Comit\u00e9 Ol\u00edmpico. Las exigencias que pusimos son altas, como que terminen la escuela y el colegio, que tengan educaci\u00f3n. Crearemos unas aulas interactivas dentro del complejo del Comit\u00e9 Ol\u00edmpico para que los menores asistan a las clases, cada uno en el nivel educativo que le corresponde, para que de esa manera el f\u00fatbol se vea beneficiado con su formaci\u00f3n. Este convenio marco nos va ayudar bastante\u201d.<\/strong><\/em><\/p>\n","protected":false},"excerpt":{"rendered":"<p>El Ministerio de Educaci\u00f3n y Ciencias (MEC) y la Asociaci\u00f3n Paraguaya de F\u00fatbol (APF) firmaron un Convenio marco de cooperaci\u00f3n interinstitucional, cuyo objetivo es llegar a m\u00e1s de 2.000 estudiantes en edad escolar, en el Parque Ol\u00edmpico de la instituci\u00f3n deportiva con sede en \u00d1u Guas\u00fa, Luque. La firma del convenio cont\u00f3 con la presencia [&hellip;]<\/p>\n","protected":false},"author":3,"featured_media":23215,"comment_status":"open","ping_status":"open","sticky":false,"template":"","format":"standard","meta":{"tdm_status":"","tdm_grid_status":"","footnotes":"","jetpack_publicize_message":"","jetpack_publicize_feature_enabled":false,"jetpack_social_post_already_shared":true,"jetpack_social_options":{"image_generator_settings":{"template":"highway","enabled":false}}},"categories":[24],"tags":[27,871,96,1946,642,316],"ppma_author":[1037],"class_list":{"0":"post-23214","1":"post","2":"type-post","3":"status-publish","4":"format-standard","5":"has-post-thumbnail","7":"category-deportes","8":"tag-apf","9":"tag-destacada","10":"tag-futbol-paraguayo","11":"tag-luis-ramirez","12":"tag-mec","13":"tag-ministerio-de-educacion"},"jetpack_publicize_connections":[],"yoast_head":"<!-- This site is optimized with the Yoast SEO plugin v27.5 - https:\/\/yoast.com\/product\/yoast-seo-wordpress\/ -->\n<title>MEC y APF firman convenio para que 2.000 atletas puedan formarse - Informatepy.com<\/title>\n<meta name=\"robots\" content=\"index, follow, max-snippet:-1, max-image-preview:large, max-video-preview:-1\" \/>\n<link rel=\"canonical\" href=\"https:\/\/informatepy.com\/2022\/2024\/01\/26\/mec-y-apf-firman-convenio-para-que-2-000-atletas-puedan-formarse\/\" \/>\n<meta property=\"og:locale\" content=\"es_ES\" \/>\n<meta property=\"og:type\" content=\"article\" \/>\n<meta property=\"og:title\" content=\"MEC y APF firman convenio para que 2.000 atletas puedan formarse - Informatepy.com\" \/>\n<meta property=\"og:description\" content=\"El Ministerio de Educaci\u00f3n y Ciencias (MEC) y la Asociaci\u00f3n Paraguaya de F\u00fatbol (APF) firmaron un Convenio marco de cooperaci\u00f3n interinstitucional, cuyo objetivo es llegar a m\u00e1s de 2.000 estudiantes en edad escolar, en el Parque Ol\u00edmpico de la instituci\u00f3n deportiva con sede en \u00d1u Guas\u00fa, Luque. La firma del convenio cont\u00f3 con la presencia [&hellip;]\" \/>\n<meta property=\"og:url\" content=\"https:\/\/informatepy.com\/2022\/2024\/01\/26\/mec-y-apf-firman-convenio-para-que-2-000-atletas-puedan-formarse\/\" \/>\n<meta property=\"og:site_name\" content=\"Informatepy.com\" \/>\n<meta property=\"article:publisher\" content=\"https:\/\/www.facebook.com\/InformatePyCom\" \/>\n<meta property=\"article:author\" content=\"https:\/\/www.facebook.com\/InformatePyCom\" \/>\n<meta property=\"article:published_time\" content=\"2024-01-26T07:02:00+00:00\" \/>\n<meta property=\"og:image\" content=\"https:\/\/i0.wp.com\/informatepy.com\/2022\/wp-content\/uploads\/2024\/01\/mec-apf.jpg?fit=1280%2C724&ssl=1\" \/>\n\t<meta property=\"og:image:width\" content=\"1280\" \/>\n\t<meta property=\"og:image:height\" content=\"724\" \/>\n\t<meta property=\"og:image:type\" content=\"image\/jpeg\" \/>\n<meta name=\"author\" content=\"Redacci\u00f3n\" \/>\n<meta name=\"twitter:card\" content=\"summary_large_image\" \/>\n<meta name=\"twitter:creator\" content=\"@https:\/\/twitter.com\/InformatePy1\" \/>\n<meta name=\"twitter:site\" content=\"@InformatePy1\" \/>\n<meta name=\"twitter:label1\" content=\"Escrito por\" \/>\n\t<meta name=\"twitter:data1\" content=\"Redacci\u00f3n\" \/>\n\t<meta name=\"twitter:label2\" content=\"Tiempo de lectura\" \/>\n\t<meta name=\"twitter:data2\" content=\"2 minutos\" \/>\n<script type=\"application\/ld+json\" class=\"yoast-schema-graph\">{\"@context\":\"https:\\\/\\\/schema.org\",\"@graph\":[{\"@type\":\"Article\",\"@id\":\"https:\\\/\\\/informatepy.com\\\/2022\\\/2024\\\/01\\\/26\\\/mec-y-apf-firman-convenio-para-que-2-000-atletas-puedan-formarse\\\/#article\",\"isPartOf\":{\"@id\":\"https:\\\/\\\/informatepy.com\\\/2022\\\/2024\\\/01\\\/26\\\/mec-y-apf-firman-convenio-para-que-2-000-atletas-puedan-formarse\\\/\"},\"author\":{\"name\":\"Redacci\u00f3n\",\"@id\":\"https:\\\/\\\/informatepy.com\\\/2022\\\/#\\\/schema\\\/person\\\/e7c5b605ddfb77041eeddff4d93b26af\"},\"headline\":\"MEC y APF firman convenio para que 2.000 atletas puedan formarse\",\"datePublished\":\"2024-01-26T07:02:00+00:00\",\"mainEntityOfPage\":{\"@id\":\"https:\\\/\\\/informatepy.com\\\/2022\\\/2024\\\/01\\\/26\\\/mec-y-apf-firman-convenio-para-que-2-000-atletas-puedan-formarse\\\/\"},\"wordCount\":346,\"commentCount\":0,\"publisher\":{\"@id\":\"https:\\\/\\\/informatepy.com\\\/2022\\\/#organization\"},\"image\":{\"@id\":\"https:\\\/\\\/informatepy.com\\\/2022\\\/2024\\\/01\\\/26\\\/mec-y-apf-firman-convenio-para-que-2-000-atletas-puedan-formarse\\\/#primaryimage\"},\"thumbnailUrl\":\"https:\\\/\\\/i0.wp.com\\\/informatepy.com\\\/2022\\\/wp-content\\\/uploads\\\/2024\\\/01\\\/mec-apf.jpg?fit=1280%2C724&ssl=1\",\"keywords\":[\"apf\",\"destacada\",\"futbol paraguayo\",\"luis ramirez\",\"mec\",\"ministerio de educaci\u00f3n\"],\"articleSection\":[\"Deportes\"],\"inLanguage\":\"es\",\"potentialAction\":[{\"@type\":\"CommentAction\",\"name\":\"Comment\",\"target\":[\"https:\\\/\\\/informatepy.com\\\/2022\\\/2024\\\/01\\\/26\\\/mec-y-apf-firman-convenio-para-que-2-000-atletas-puedan-formarse\\\/#respond\"]}]},{\"@type\":\"WebPage\",\"@id\":\"https:\\\/\\\/informatepy.com\\\/2022\\\/2024\\\/01\\\/26\\\/mec-y-apf-firman-convenio-para-que-2-000-atletas-puedan-formarse\\\/\",\"url\":\"https:\\\/\\\/informatepy.com\\\/2022\\\/2024\\\/01\\\/26\\\/mec-y-apf-firman-convenio-para-que-2-000-atletas-puedan-formarse\\\/\",\"name\":\"MEC y APF firman convenio para que 2.000 atletas puedan formarse - Informatepy.com\",\"isPartOf\":{\"@id\":\"https:\\\/\\\/informatepy.com\\\/2022\\\/#website\"},\"primaryImageOfPage\":{\"@id\":\"https:\\\/\\\/informatepy.com\\\/2022\\\/2024\\\/01\\\/26\\\/mec-y-apf-firman-convenio-para-que-2-000-atletas-puedan-formarse\\\/#primaryimage\"},\"image\":{\"@id\":\"https:\\\/\\\/informatepy.com\\\/2022\\\/2024\\\/01\\\/26\\\/mec-y-apf-firman-convenio-para-que-2-000-atletas-puedan-formarse\\\/#primaryimage\"},\"thumbnailUrl\":\"https:\\\/\\\/i0.wp.com\\\/informatepy.com\\\/2022\\\/wp-content\\\/uploads\\\/2024\\\/01\\\/mec-apf.jpg?fit=1280%2C724&ssl=1\",\"datePublished\":\"2024-01-26T07:02:00+00:00\",\"breadcrumb\":{\"@id\":\"https:\\\/\\\/informatepy.com\\\/2022\\\/2024\\\/01\\\/26\\\/mec-y-apf-firman-convenio-para-que-2-000-atletas-puedan-formarse\\\/#breadcrumb\"},\"inLanguage\":\"es\",\"potentialAction\":[{\"@type\":\"ReadAction\",\"target\":[\"https:\\\/\\\/informatepy.com\\\/2022\\\/2024\\\/01\\\/26\\\/mec-y-apf-firman-convenio-para-que-2-000-atletas-puedan-formarse\\\/\"]}]},{\"@type\":\"ImageObject\",\"inLanguage\":\"es\",\"@id\":\"https:\\\/\\\/informatepy.com\\\/2022\\\/2024\\\/01\\\/26\\\/mec-y-apf-firman-convenio-para-que-2-000-atletas-puedan-formarse\\\/#primaryimage\",\"url\":\"https:\\\/\\\/i0.wp.com\\\/informatepy.com\\\/2022\\\/wp-content\\\/uploads\\\/2024\\\/01\\\/mec-apf.jpg?fit=1280%2C724&ssl=1\",\"contentUrl\":\"https:\\\/\\\/i0.wp.com\\\/informatepy.com\\\/2022\\\/wp-content\\\/uploads\\\/2024\\\/01\\\/mec-apf.jpg?fit=1280%2C724&ssl=1\",\"width\":1280,\"height\":724},{\"@type\":\"BreadcrumbList\",\"@id\":\"https:\\\/\\\/informatepy.com\\\/2022\\\/2024\\\/01\\\/26\\\/mec-y-apf-firman-convenio-para-que-2-000-atletas-puedan-formarse\\\/#breadcrumb\",\"itemListElement\":[{\"@type\":\"ListItem\",\"position\":1,\"name\":\"Portada\",\"item\":\"https:\\\/\\\/informatepy.com\\\/2022\\\/\"},{\"@type\":\"ListItem\",\"position\":2,\"name\":\"MEC y APF firman convenio para que 2.000 atletas puedan formarse\"}]},{\"@type\":\"WebSite\",\"@id\":\"https:\\\/\\\/informatepy.com\\\/2022\\\/#website\",\"url\":\"https:\\\/\\\/informatepy.com\\\/2022\\\/\",\"name\":\"Informatepy.com\",\"description\":\"La verdad, siempre!\",\"publisher\":{\"@id\":\"https:\\\/\\\/informatepy.com\\\/2022\\\/#organization\"},\"potentialAction\":[{\"@type\":\"SearchAction\",\"target\":{\"@type\":\"EntryPoint\",\"urlTemplate\":\"https:\\\/\\\/informatepy.com\\\/2022\\\/?s={search_term_string}\"},\"query-input\":{\"@type\":\"PropertyValueSpecification\",\"valueRequired\":true,\"valueName\":\"search_term_string\"}}],\"inLanguage\":\"es\"},{\"@type\":\"Organization\",\"@id\":\"https:\\\/\\\/informatepy.com\\\/2022\\\/#organization\",\"name\":\"Informatepy.com\",\"url\":\"https:\\\/\\\/informatepy.com\\\/2022\\\/\",\"logo\":{\"@type\":\"ImageObject\",\"inLanguage\":\"es\",\"@id\":\"https:\\\/\\\/informatepy.com\\\/2022\\\/#\\\/schema\\\/logo\\\/image\\\/\",\"url\":\"https:\\\/\\\/i0.wp.com\\\/informatepy.com\\\/2022\\\/wp-content\\\/uploads\\\/2022\\\/09\\\/informatepy150-2.png?fit=589%2C150\",\"contentUrl\":\"https:\\\/\\\/i0.wp.com\\\/informatepy.com\\\/2022\\\/wp-content\\\/uploads\\\/2022\\\/09\\\/informatepy150-2.png?fit=589%2C150\",\"width\":589,\"height\":150,\"caption\":\"Informatepy.com\"},\"image\":{\"@id\":\"https:\\\/\\\/informatepy.com\\\/2022\\\/#\\\/schema\\\/logo\\\/image\\\/\"},\"sameAs\":[\"https:\\\/\\\/www.facebook.com\\\/InformatePyCom\",\"https:\\\/\\\/x.com\\\/InformatePy1\"]},{\"@type\":\"Person\",\"@id\":\"https:\\\/\\\/informatepy.com\\\/2022\\\/#\\\/schema\\\/person\\\/e7c5b605ddfb77041eeddff4d93b26af\",\"name\":\"Redacci\u00f3n\",\"image\":{\"@type\":\"ImageObject\",\"inLanguage\":\"es\",\"@id\":\"https:\\\/\\\/informatepy.com\\\/2022\\\/wp-content\\\/uploads\\\/2023\\\/04\\\/Isologo-sin-fondo.pngce0c1b6da06ae20abaff417c2cdeea83\",\"url\":\"https:\\\/\\\/informatepy.com\\\/2022\\\/wp-content\\\/uploads\\\/2023\\\/04\\\/Isologo-sin-fondo.png\",\"contentUrl\":\"https:\\\/\\\/informatepy.com\\\/2022\\\/wp-content\\\/uploads\\\/2023\\\/04\\\/Isologo-sin-fondo.png\",\"caption\":\"Redacci\u00f3n\"},\"sameAs\":[\"https:\\\/\\\/www.facebook.com\\\/InformatePyCom\",\"https:\\\/\\\/x.com\\\/https:\\\/\\\/twitter.com\\\/InformatePy1\"],\"url\":\"https:\\\/\\\/informatepy.com\\\/2022\\\/author\\\/redaccion\\\/\"}]}<\/script>\n<!-- \/ Yoast SEO plugin. -->","yoast_head_json":{"title":"MEC y APF firman convenio para que 2.000 atletas puedan formarse - Informatepy.com","robots":{"index":"index","follow":"follow","max-snippet":"max-snippet:-1","max-image-preview":"max-image-preview:large","max-video-preview":"max-video-preview:-1"},"canonical":"https:\/\/informatepy.com\/2022\/2024\/01\/26\/mec-y-apf-firman-convenio-para-que-2-000-atletas-puedan-formarse\/","og_locale":"es_ES","og_type":"article","og_title":"MEC y APF firman convenio para que 2.000 atletas puedan formarse - Informatepy.com","og_description":"El Ministerio de Educaci\u00f3n y Ciencias (MEC) y la Asociaci\u00f3n Paraguaya de F\u00fatbol (APF) firmaron un Convenio marco de cooperaci\u00f3n interinstitucional, cuyo objetivo es llegar a m\u00e1s de 2.000 estudiantes en edad escolar, en el Parque Ol\u00edmpico de la instituci\u00f3n deportiva con sede en \u00d1u Guas\u00fa, Luque. La firma del convenio cont\u00f3 con la presencia [&hellip;]","og_url":"https:\/\/informatepy.com\/2022\/2024\/01\/26\/mec-y-apf-firman-convenio-para-que-2-000-atletas-puedan-formarse\/","og_site_name":"Informatepy.com","article_publisher":"https:\/\/www.facebook.com\/InformatePyCom","article_author":"https:\/\/www.facebook.com\/InformatePyCom","article_published_time":"2024-01-26T07:02:00+00:00","og_image":[{"width":1280,"height":724,"url":"https:\/\/i0.wp.com\/informatepy.com\/2022\/wp-content\/uploads\/2024\/01\/mec-apf.jpg?fit=1280%2C724&ssl=1","type":"image\/jpeg"}],"author":"Redacci\u00f3n","twitter_card":"summary_large_image","twitter_creator":"@https:\/\/twitter.com\/InformatePy1","twitter_site":"@InformatePy1","twitter_misc":{"Escrito por":"Redacci\u00f3n","Tiempo de lectura":"2 minutos"},"schema":{"@context":"https:\/\/schema.org","@graph":[{"@type":"Article","@id":"https:\/\/informatepy.com\/2022\/2024\/01\/26\/mec-y-apf-firman-convenio-para-que-2-000-atletas-puedan-formarse\/#article","isPartOf":{"@id":"https:\/\/informatepy.com\/2022\/2024\/01\/26\/mec-y-apf-firman-convenio-para-que-2-000-atletas-puedan-formarse\/"},"author":{"name":"Redacci\u00f3n","@id":"https:\/\/informatepy.com\/2022\/#\/schema\/person\/e7c5b605ddfb77041eeddff4d93b26af"},"headline":"MEC y APF firman convenio para que 2.000 atletas puedan formarse","datePublished":"2024-01-26T07:02:00+00:00","mainEntityOfPage":{"@id":"https:\/\/informatepy.com\/2022\/2024\/01\/26\/mec-y-apf-firman-convenio-para-que-2-000-atletas-puedan-formarse\/"},"wordCount":346,"commentCount":0,"publisher":{"@id":"https:\/\/informatepy.com\/2022\/#organization"},"image":{"@id":"https:\/\/informatepy.com\/2022\/2024\/01\/26\/mec-y-apf-firman-convenio-para-que-2-000-atletas-puedan-formarse\/#primaryimage"},"thumbnailUrl":"https:\/\/i0.wp.com\/informatepy.com\/2022\/wp-content\/uploads\/2024\/01\/mec-apf.jpg?fit=1280%2C724&ssl=1","keywords":["apf","destacada","futbol paraguayo","luis ramirez","mec","ministerio de educaci\u00f3n"],"articleSection":["Deportes"],"inLanguage":"es","potentialAction":[{"@type":"CommentAction","name":"Comment","target":["https:\/\/informatepy.com\/2022\/2024\/01\/26\/mec-y-apf-firman-convenio-para-que-2-000-atletas-puedan-formarse\/#respond"]}]},{"@type":"WebPage","@id":"https:\/\/informatepy.com\/2022\/2024\/01\/26\/mec-y-apf-firman-convenio-para-que-2-000-atletas-puedan-formarse\/","url":"https:\/\/informatepy.com\/2022\/2024\/01\/26\/mec-y-apf-firman-convenio-para-que-2-000-atletas-puedan-formarse\/","name":"MEC y APF firman convenio para que 2.000 atletas puedan formarse - Informatepy.com","isPartOf":{"@id":"https:\/\/informatepy.com\/2022\/#website"},"primaryImageOfPage":{"@id":"https:\/\/informatepy.com\/2022\/2024\/01\/26\/mec-y-apf-firman-convenio-para-que-2-000-atletas-puedan-formarse\/#primaryimage"},"image":{"@id":"https:\/\/informatepy.com\/2022\/2024\/01\/26\/mec-y-apf-firman-convenio-para-que-2-000-atletas-puedan-formarse\/#primaryimage"},"thumbnailUrl":"https:\/\/i0.wp.com\/informatepy.com\/2022\/wp-content\/uploads\/2024\/01\/mec-apf.jpg?fit=1280%2C724&ssl=1","datePublished":"2024-01-26T07:02:00+00:00","breadcrumb":{"@id":"https:\/\/informatepy.com\/2022\/2024\/01\/26\/mec-y-apf-firman-convenio-para-que-2-000-atletas-puedan-formarse\/#breadcrumb"},"inLanguage":"es","potentialAction":[{"@type":"ReadAction","target":["https:\/\/informatepy.com\/2022\/2024\/01\/26\/mec-y-apf-firman-convenio-para-que-2-000-atletas-puedan-formarse\/"]}]},{"@type":"ImageObject","inLanguage":"es","@id":"https:\/\/informatepy.com\/2022\/2024\/01\/26\/mec-y-apf-firman-convenio-para-que-2-000-atletas-puedan-formarse\/#primaryimage","url":"https:\/\/i0.wp.com\/informatepy.com\/2022\/wp-content\/uploads\/2024\/01\/mec-apf.jpg?fit=1280%2C724&ssl=1","contentUrl":"https:\/\/i0.wp.com\/informatepy.com\/2022\/wp-content\/uploads\/2024\/01\/mec-apf.jpg?fit=1280%2C724&ssl=1","width":1280,"height":724},{"@type":"BreadcrumbList","@id":"https:\/\/informatepy.com\/2022\/2024\/01\/26\/mec-y-apf-firman-convenio-para-que-2-000-atletas-puedan-formarse\/#breadcrumb","itemListElement":[{"@type":"ListItem","position":1,"name":"Portada","item":"https:\/\/informatepy.com\/2022\/"},{"@type":"ListItem","position":2,"name":"MEC y APF firman convenio para que 2.000 atletas puedan formarse"}]},{"@type":"WebSite","@id":"https:\/\/informatepy.com\/2022\/#website","url":"https:\/\/informatepy.com\/2022\/","name":"Informatepy.com","description":"La verdad, siempre!","publisher":{"@id":"https:\/\/informatepy.com\/2022\/#organization"},"potentialAction":[{"@type":"SearchAction","target":{"@type":"EntryPoint","urlTemplate":"https:\/\/informatepy.com\/2022\/?s={search_term_string}"},"query-input":{"@type":"PropertyValueSpecification","valueRequired":true,"valueName":"search_term_string"}}],"inLanguage":"es"},{"@type":"Organization","@id":"https:\/\/informatepy.com\/2022\/#organization","name":"Informatepy.com","url":"https:\/\/informatepy.com\/2022\/","logo":{"@type":"ImageObject","inLanguage":"es","@id":"https:\/\/informatepy.com\/2022\/#\/schema\/logo\/image\/","url":"https:\/\/i0.wp.com\/informatepy.com\/2022\/wp-content\/uploads\/2022\/09\/informatepy150-2.png?fit=589%2C150","contentUrl":"https:\/\/i0.wp.com\/informatepy.com\/2022\/wp-content\/uploads\/2022\/09\/informatepy150-2.png?fit=589%2C150","width":589,"height":150,"caption":"Informatepy.com"},"image":{"@id":"https:\/\/informatepy.com\/2022\/#\/schema\/logo\/image\/"},"sameAs":["https:\/\/www.facebook.com\/InformatePyCom","https:\/\/x.com\/InformatePy1"]},{"@type":"Person","@id":"https:\/\/informatepy.com\/2022\/#\/schema\/person\/e7c5b605ddfb77041eeddff4d93b26af","name":"Redacci\u00f3n","image":{"@type":"ImageObject","inLanguage":"es","@id":"https:\/\/informatepy.com\/2022\/wp-content\/uploads\/2023\/04\/Isologo-sin-fondo.pngce0c1b6da06ae20abaff417c2cdeea83","url":"https:\/\/informatepy.com\/2022\/wp-content\/uploads\/2023\/04\/Isologo-sin-fondo.png","contentUrl":"https:\/\/informatepy.com\/2022\/wp-content\/uploads\/2023\/04\/Isologo-sin-fondo.png","caption":"Redacci\u00f3n"},"sameAs":["https:\/\/www.facebook.com\/InformatePyCom","https:\/\/x.com\/https:\/\/twitter.com\/InformatePy1"],"url":"https:\/\/informatepy.com\/2022\/author\/redaccion\/"}]}},"jetpack_featured_media_url":"https:\/\/i0.wp.com\/informatepy.com\/2022\/wp-content\/uploads\/2024\/01\/mec-apf.jpg?fit=1280%2C724&ssl=1","jetpack-related-posts":[],"jetpack_sharing_enabled":true,"jetpack_likes_enabled":true,"authors":[{"term_id":1037,"user_id":3,"is_guest":0,"slug":"redaccion","display_name":"Redacci\u00f3n","avatar_url":{"url":"https:\/\/informatepy.com\/2022\/wp-content\/uploads\/2023\/04\/Isologo-sin-fondo.png","url2x":"https:\/\/informatepy.com\/2022\/wp-content\/uploads\/2023\/04\/Isologo-sin-fondo.png"},"0":null,"1":"","2":"","3":"","4":"","5":"","6":"","7":"","8":""}],"amp_enabled":true,"_links":{"self":[{"href":"https:\/\/informatepy.com\/2022\/wp-json\/wp\/v2\/posts\/23214","targetHints":{"allow":["GET"]}}],"collection":[{"href":"https:\/\/informatepy.com\/2022\/wp-json\/wp\/v2\/posts"}],"about":[{"href":"https:\/\/informatepy.com\/2022\/wp-json\/wp\/v2\/types\/post"}],"author":[{"embeddable":true,"href":"https:\/\/informatepy.com\/2022\/wp-json\/wp\/v2\/users\/3"}],"replies":[{"embeddable":true,"href":"https:\/\/informatepy.com\/2022\/wp-json\/wp\/v2\/comments?post=23214"}],"version-history":[{"count":1,"href":"https:\/\/informatepy.com\/2022\/wp-json\/wp\/v2\/posts\/23214\/revisions"}],"predecessor-version":[{"id":23216,"href":"https:\/\/informatepy.com\/2022\/wp-json\/wp\/v2\/posts\/23214\/revisions\/23216"}],"wp:featuredmedia":[{"embeddable":true,"href":"https:\/\/informatepy.com\/2022\/wp-json\/wp\/v2\/media\/23215"}],"wp:attachment":[{"href":"https:\/\/informatepy.com\/2022\/wp-json\/wp\/v2\/media?parent=23214"}],"wp:term":[{"taxonomy":"category","embeddable":true,"href":"https:\/\/informatepy.com\/2022\/wp-json\/wp\/v2\/categories?post=23214"},{"taxonomy":"post_tag","embeddable":true,"href":"https:\/\/informatepy.com\/2022\/wp-json\/wp\/v2\/tags?post=23214"},{"taxonomy":"author","embeddable":true,"href":"https:\/\/informatepy.com\/2022\/wp-json\/wp\/v2\/ppma_author?post=23214"}],"curies":[{"name":"wp","href":"https:\/\/api.w.org\/{rel}","templated":true}]}}