{"id":22501,"date":"2023-12-07T04:00:00","date_gmt":"2023-12-07T07:00:00","guid":{"rendered":"https:\/\/informatepy.com\/2022\/?p=22501"},"modified":"2023-12-06T18:06:28","modified_gmt":"2023-12-06T21:06:28","slug":"mec-llama-a-concurso-para-capacitar-a-2-500-educadores-en-gestion-de-tic","status":"publish","type":"post","link":"https:\/\/informatepy.com\/2022\/2023\/12\/07\/mec-llama-a-concurso-para-capacitar-a-2-500-educadores-en-gestion-de-tic\/","title":{"rendered":"MEC llama a concurso para capacitar a 2.500 educadores en gesti\u00f3n de TIC"},"content":{"rendered":"\n<p class=\"has-text-align-justify\">Buscando potenciar la gesti\u00f3n educativa mediante la integraci\u00f3n de Tecnolog\u00edas de la Informaci\u00f3n y Comunicaci\u00f3n (TIC) a 2.500 educadores de instituciones educativas de gesti\u00f3n oficial, como a aquellos que cumplen funciones en instituciones privadas subvencionadas y cuentan con rubro del estado, el Ministerio de Educaci\u00f3n y Ciencias (MEC) lanza concurso dirigido a universidades del pa\u00eds con el prop\u00f3sito de seleccionar las mejores propuestas para la formaci\u00f3n de <strong><em>\u201cGestores TIC institucionales capacitados para la gesti\u00f3n de la incorporaci\u00f3n de TIC, la asistencia t\u00e9cnica y el mantenimiento b\u00e1sico de equipamientos\u00bb.<\/em><\/strong><\/p>\n\n\n\n<p class=\"has-text-align-justify\">El llamado se enmarca dentro del Programa <strong><em>\u00abMejoramiento de las condiciones de aprendizaje y la gesti\u00f3n educativa mediante la incorporaci\u00f3n de TIC en instituciones educativas y unidades de gesti\u00f3n en Paraguay\u00bb <\/em><\/strong>y corresponde a la capacitaci\u00f3n de gestores TIC institucionales para la administraci\u00f3n efectiva de la incorporaci\u00f3n de TIC, la asistencia t\u00e9cnica y el mantenimiento b\u00e1sico de equipos. <\/p>\n\n\n\n<p class=\"has-text-align-justify\">Este concurso representa un paso significativo hacia la modernizaci\u00f3n y mejora continua de las condiciones de aprendizaje en instituciones educativas paraguayas, reafirmando el compromiso con la calidad educativa a trav\u00e9s de la integraci\u00f3n de las TIC.<\/p>\n\n\n\n<p class=\"has-text-align-justify\">Las universidades interesadas podr\u00e1n presentar sus propuestas en concordancia con el objetivo de formar gestores TIC capacitados. La documentaci\u00f3n y detalles para la participaci\u00f3n o para recibir m\u00e1s informaci\u00f3n los interesados deber\u00e1n comunicarse con\u00a0<a href=\"mailto:llamadoscptic@mec.gov.py\" target=\"_blank\" rel=\"noreferrer noopener\">llamadoscptic@mec.gov.py<\/a><\/p>\n","protected":false},"excerpt":{"rendered":"<p>Buscando potenciar la gesti\u00f3n educativa mediante la integraci\u00f3n de Tecnolog\u00edas de la Informaci\u00f3n y Comunicaci\u00f3n (TIC) a 2.500 educadores de instituciones educativas de gesti\u00f3n oficial, como a aquellos que cumplen funciones en instituciones privadas subvencionadas y cuentan con rubro del estado, el Ministerio de Educaci\u00f3n y Ciencias (MEC) lanza concurso dirigido a universidades del pa\u00eds [&hellip;]<\/p>\n","protected":false},"author":3,"featured_media":22502,"comment_status":"open","ping_status":"open","sticky":false,"template":"","format":"standard","meta":{"tdm_status":"","tdm_grid_status":"","footnotes":"","jetpack_publicize_message":"","jetpack_publicize_feature_enabled":false,"jetpack_social_post_already_shared":true,"jetpack_social_options":{"image_generator_settings":{"template":"highway","enabled":false}}},"categories":[1033],"tags":[871,642,316],"ppma_author":[1037],"class_list":{"0":"post-22501","1":"post","2":"type-post","3":"status-publish","4":"format-standard","5":"has-post-thumbnail","7":"category-cultura","8":"tag-destacada","9":"tag-mec","10":"tag-ministerio-de-educacion"},"jetpack_publicize_connections":[],"yoast_head":"<!-- This site is optimized with the Yoast SEO plugin v27.5 - https:\/\/yoast.com\/product\/yoast-seo-wordpress\/ -->\n<title>MEC llama a concurso para capacitar a 2.500 educadores en gesti\u00f3n de TIC - Informatepy.com<\/title>\n<meta name=\"robots\" content=\"index, follow, max-snippet:-1, max-image-preview:large, max-video-preview:-1\" \/>\n<link rel=\"canonical\" href=\"https:\/\/informatepy.com\/2022\/2023\/12\/07\/mec-llama-a-concurso-para-capacitar-a-2-500-educadores-en-gestion-de-tic\/\" \/>\n<meta property=\"og:locale\" content=\"es_ES\" \/>\n<meta property=\"og:type\" content=\"article\" \/>\n<meta property=\"og:title\" content=\"MEC llama a concurso para capacitar a 2.500 educadores en gesti\u00f3n de TIC - Informatepy.com\" \/>\n<meta property=\"og:description\" content=\"Buscando potenciar la gesti\u00f3n educativa mediante la integraci\u00f3n de Tecnolog\u00edas de la Informaci\u00f3n y Comunicaci\u00f3n (TIC) a 2.500 educadores de instituciones educativas de gesti\u00f3n oficial, como a aquellos que cumplen funciones en instituciones privadas subvencionadas y cuentan con rubro del estado, el Ministerio de Educaci\u00f3n y Ciencias (MEC) lanza concurso dirigido a universidades del pa\u00eds [&hellip;]\" \/>\n<meta property=\"og:url\" content=\"https:\/\/informatepy.com\/2022\/2023\/12\/07\/mec-llama-a-concurso-para-capacitar-a-2-500-educadores-en-gestion-de-tic\/\" \/>\n<meta property=\"og:site_name\" content=\"Informatepy.com\" \/>\n<meta property=\"article:publisher\" content=\"https:\/\/www.facebook.com\/InformatePyCom\" \/>\n<meta property=\"article:author\" content=\"https:\/\/www.facebook.com\/InformatePyCom\" \/>\n<meta property=\"article:published_time\" content=\"2023-12-07T07:00:00+00:00\" \/>\n<meta property=\"og:image\" content=\"https:\/\/i0.wp.com\/informatepy.com\/2022\/wp-content\/uploads\/2023\/12\/TIC.jpg?fit=1280%2C854&ssl=1\" \/>\n\t<meta property=\"og:image:width\" content=\"1280\" \/>\n\t<meta property=\"og:image:height\" content=\"854\" \/>\n\t<meta property=\"og:image:type\" content=\"image\/jpeg\" \/>\n<meta name=\"author\" content=\"Redacci\u00f3n\" \/>\n<meta name=\"twitter:card\" content=\"summary_large_image\" \/>\n<meta name=\"twitter:creator\" content=\"@https:\/\/twitter.com\/InformatePy1\" \/>\n<meta name=\"twitter:site\" content=\"@InformatePy1\" \/>\n<meta name=\"twitter:label1\" content=\"Escrito por\" \/>\n\t<meta name=\"twitter:data1\" content=\"Redacci\u00f3n\" \/>\n\t<meta name=\"twitter:label2\" content=\"Tiempo de lectura\" \/>\n\t<meta name=\"twitter:data2\" content=\"1 minuto\" \/>\n<script type=\"application\/ld+json\" class=\"yoast-schema-graph\">{\"@context\":\"https:\\\/\\\/schema.org\",\"@graph\":[{\"@type\":\"Article\",\"@id\":\"https:\\\/\\\/informatepy.com\\\/2022\\\/2023\\\/12\\\/07\\\/mec-llama-a-concurso-para-capacitar-a-2-500-educadores-en-gestion-de-tic\\\/#article\",\"isPartOf\":{\"@id\":\"https:\\\/\\\/informatepy.com\\\/2022\\\/2023\\\/12\\\/07\\\/mec-llama-a-concurso-para-capacitar-a-2-500-educadores-en-gestion-de-tic\\\/\"},\"author\":{\"name\":\"Redacci\u00f3n\",\"@id\":\"https:\\\/\\\/informatepy.com\\\/2022\\\/#\\\/schema\\\/person\\\/e7c5b605ddfb77041eeddff4d93b26af\"},\"headline\":\"MEC llama a concurso para capacitar a 2.500 educadores en gesti\u00f3n de TIC\",\"datePublished\":\"2023-12-07T07:00:00+00:00\",\"mainEntityOfPage\":{\"@id\":\"https:\\\/\\\/informatepy.com\\\/2022\\\/2023\\\/12\\\/07\\\/mec-llama-a-concurso-para-capacitar-a-2-500-educadores-en-gestion-de-tic\\\/\"},\"wordCount\":263,\"commentCount\":0,\"publisher\":{\"@id\":\"https:\\\/\\\/informatepy.com\\\/2022\\\/#organization\"},\"image\":{\"@id\":\"https:\\\/\\\/informatepy.com\\\/2022\\\/2023\\\/12\\\/07\\\/mec-llama-a-concurso-para-capacitar-a-2-500-educadores-en-gestion-de-tic\\\/#primaryimage\"},\"thumbnailUrl\":\"https:\\\/\\\/i0.wp.com\\\/informatepy.com\\\/2022\\\/wp-content\\\/uploads\\\/2023\\\/12\\\/TIC.jpg?fit=1280%2C854&ssl=1\",\"keywords\":[\"destacada\",\"mec\",\"ministerio de educaci\u00f3n\"],\"articleSection\":[\"Cultura\"],\"inLanguage\":\"es\",\"potentialAction\":[{\"@type\":\"CommentAction\",\"name\":\"Comment\",\"target\":[\"https:\\\/\\\/informatepy.com\\\/2022\\\/2023\\\/12\\\/07\\\/mec-llama-a-concurso-para-capacitar-a-2-500-educadores-en-gestion-de-tic\\\/#respond\"]}]},{\"@type\":\"WebPage\",\"@id\":\"https:\\\/\\\/informatepy.com\\\/2022\\\/2023\\\/12\\\/07\\\/mec-llama-a-concurso-para-capacitar-a-2-500-educadores-en-gestion-de-tic\\\/\",\"url\":\"https:\\\/\\\/informatepy.com\\\/2022\\\/2023\\\/12\\\/07\\\/mec-llama-a-concurso-para-capacitar-a-2-500-educadores-en-gestion-de-tic\\\/\",\"name\":\"MEC llama a concurso para capacitar a 2.500 educadores en gesti\u00f3n de TIC - Informatepy.com\",\"isPartOf\":{\"@id\":\"https:\\\/\\\/informatepy.com\\\/2022\\\/#website\"},\"primaryImageOfPage\":{\"@id\":\"https:\\\/\\\/informatepy.com\\\/2022\\\/2023\\\/12\\\/07\\\/mec-llama-a-concurso-para-capacitar-a-2-500-educadores-en-gestion-de-tic\\\/#primaryimage\"},\"image\":{\"@id\":\"https:\\\/\\\/informatepy.com\\\/2022\\\/2023\\\/12\\\/07\\\/mec-llama-a-concurso-para-capacitar-a-2-500-educadores-en-gestion-de-tic\\\/#primaryimage\"},\"thumbnailUrl\":\"https:\\\/\\\/i0.wp.com\\\/informatepy.com\\\/2022\\\/wp-content\\\/uploads\\\/2023\\\/12\\\/TIC.jpg?fit=1280%2C854&ssl=1\",\"datePublished\":\"2023-12-07T07:00:00+00:00\",\"breadcrumb\":{\"@id\":\"https:\\\/\\\/informatepy.com\\\/2022\\\/2023\\\/12\\\/07\\\/mec-llama-a-concurso-para-capacitar-a-2-500-educadores-en-gestion-de-tic\\\/#breadcrumb\"},\"inLanguage\":\"es\",\"potentialAction\":[{\"@type\":\"ReadAction\",\"target\":[\"https:\\\/\\\/informatepy.com\\\/2022\\\/2023\\\/12\\\/07\\\/mec-llama-a-concurso-para-capacitar-a-2-500-educadores-en-gestion-de-tic\\\/\"]}]},{\"@type\":\"ImageObject\",\"inLanguage\":\"es\",\"@id\":\"https:\\\/\\\/informatepy.com\\\/2022\\\/2023\\\/12\\\/07\\\/mec-llama-a-concurso-para-capacitar-a-2-500-educadores-en-gestion-de-tic\\\/#primaryimage\",\"url\":\"https:\\\/\\\/i0.wp.com\\\/informatepy.com\\\/2022\\\/wp-content\\\/uploads\\\/2023\\\/12\\\/TIC.jpg?fit=1280%2C854&ssl=1\",\"contentUrl\":\"https:\\\/\\\/i0.wp.com\\\/informatepy.com\\\/2022\\\/wp-content\\\/uploads\\\/2023\\\/12\\\/TIC.jpg?fit=1280%2C854&ssl=1\",\"width\":1280,\"height\":854},{\"@type\":\"BreadcrumbList\",\"@id\":\"https:\\\/\\\/informatepy.com\\\/2022\\\/2023\\\/12\\\/07\\\/mec-llama-a-concurso-para-capacitar-a-2-500-educadores-en-gestion-de-tic\\\/#breadcrumb\",\"itemListElement\":[{\"@type\":\"ListItem\",\"position\":1,\"name\":\"Portada\",\"item\":\"https:\\\/\\\/informatepy.com\\\/2022\\\/\"},{\"@type\":\"ListItem\",\"position\":2,\"name\":\"MEC llama a concurso para capacitar a 2.500 educadores en gesti\u00f3n de TIC\"}]},{\"@type\":\"WebSite\",\"@id\":\"https:\\\/\\\/informatepy.com\\\/2022\\\/#website\",\"url\":\"https:\\\/\\\/informatepy.com\\\/2022\\\/\",\"name\":\"Informatepy.com\",\"description\":\"La verdad, siempre!\",\"publisher\":{\"@id\":\"https:\\\/\\\/informatepy.com\\\/2022\\\/#organization\"},\"potentialAction\":[{\"@type\":\"SearchAction\",\"target\":{\"@type\":\"EntryPoint\",\"urlTemplate\":\"https:\\\/\\\/informatepy.com\\\/2022\\\/?s={search_term_string}\"},\"query-input\":{\"@type\":\"PropertyValueSpecification\",\"valueRequired\":true,\"valueName\":\"search_term_string\"}}],\"inLanguage\":\"es\"},{\"@type\":\"Organization\",\"@id\":\"https:\\\/\\\/informatepy.com\\\/2022\\\/#organization\",\"name\":\"Informatepy.com\",\"url\":\"https:\\\/\\\/informatepy.com\\\/2022\\\/\",\"logo\":{\"@type\":\"ImageObject\",\"inLanguage\":\"es\",\"@id\":\"https:\\\/\\\/informatepy.com\\\/2022\\\/#\\\/schema\\\/logo\\\/image\\\/\",\"url\":\"https:\\\/\\\/i0.wp.com\\\/informatepy.com\\\/2022\\\/wp-content\\\/uploads\\\/2022\\\/09\\\/informatepy150-2.png?fit=589%2C150\",\"contentUrl\":\"https:\\\/\\\/i0.wp.com\\\/informatepy.com\\\/2022\\\/wp-content\\\/uploads\\\/2022\\\/09\\\/informatepy150-2.png?fit=589%2C150\",\"width\":589,\"height\":150,\"caption\":\"Informatepy.com\"},\"image\":{\"@id\":\"https:\\\/\\\/informatepy.com\\\/2022\\\/#\\\/schema\\\/logo\\\/image\\\/\"},\"sameAs\":[\"https:\\\/\\\/www.facebook.com\\\/InformatePyCom\",\"https:\\\/\\\/x.com\\\/InformatePy1\"]},{\"@type\":\"Person\",\"@id\":\"https:\\\/\\\/informatepy.com\\\/2022\\\/#\\\/schema\\\/person\\\/e7c5b605ddfb77041eeddff4d93b26af\",\"name\":\"Redacci\u00f3n\",\"image\":{\"@type\":\"ImageObject\",\"inLanguage\":\"es\",\"@id\":\"https:\\\/\\\/informatepy.com\\\/2022\\\/wp-content\\\/uploads\\\/2023\\\/04\\\/Isologo-sin-fondo.pngce0c1b6da06ae20abaff417c2cdeea83\",\"url\":\"https:\\\/\\\/informatepy.com\\\/2022\\\/wp-content\\\/uploads\\\/2023\\\/04\\\/Isologo-sin-fondo.png\",\"contentUrl\":\"https:\\\/\\\/informatepy.com\\\/2022\\\/wp-content\\\/uploads\\\/2023\\\/04\\\/Isologo-sin-fondo.png\",\"caption\":\"Redacci\u00f3n\"},\"sameAs\":[\"https:\\\/\\\/www.facebook.com\\\/InformatePyCom\",\"https:\\\/\\\/x.com\\\/https:\\\/\\\/twitter.com\\\/InformatePy1\"],\"url\":\"https:\\\/\\\/informatepy.com\\\/2022\\\/author\\\/redaccion\\\/\"}]}<\/script>\n<!-- \/ Yoast SEO plugin. -->","yoast_head_json":{"title":"MEC llama a concurso para capacitar a 2.500 educadores en gesti\u00f3n de TIC - Informatepy.com","robots":{"index":"index","follow":"follow","max-snippet":"max-snippet:-1","max-image-preview":"max-image-preview:large","max-video-preview":"max-video-preview:-1"},"canonical":"https:\/\/informatepy.com\/2022\/2023\/12\/07\/mec-llama-a-concurso-para-capacitar-a-2-500-educadores-en-gestion-de-tic\/","og_locale":"es_ES","og_type":"article","og_title":"MEC llama a concurso para capacitar a 2.500 educadores en gesti\u00f3n de TIC - Informatepy.com","og_description":"Buscando potenciar la gesti\u00f3n educativa mediante la integraci\u00f3n de Tecnolog\u00edas de la Informaci\u00f3n y Comunicaci\u00f3n (TIC) a 2.500 educadores de instituciones educativas de gesti\u00f3n oficial, como a aquellos que cumplen funciones en instituciones privadas subvencionadas y cuentan con rubro del estado, el Ministerio de Educaci\u00f3n y Ciencias (MEC) lanza concurso dirigido a universidades del pa\u00eds [&hellip;]","og_url":"https:\/\/informatepy.com\/2022\/2023\/12\/07\/mec-llama-a-concurso-para-capacitar-a-2-500-educadores-en-gestion-de-tic\/","og_site_name":"Informatepy.com","article_publisher":"https:\/\/www.facebook.com\/InformatePyCom","article_author":"https:\/\/www.facebook.com\/InformatePyCom","article_published_time":"2023-12-07T07:00:00+00:00","og_image":[{"width":1280,"height":854,"url":"https:\/\/i0.wp.com\/informatepy.com\/2022\/wp-content\/uploads\/2023\/12\/TIC.jpg?fit=1280%2C854&ssl=1","type":"image\/jpeg"}],"author":"Redacci\u00f3n","twitter_card":"summary_large_image","twitter_creator":"@https:\/\/twitter.com\/InformatePy1","twitter_site":"@InformatePy1","twitter_misc":{"Escrito por":"Redacci\u00f3n","Tiempo de lectura":"1 minuto"},"schema":{"@context":"https:\/\/schema.org","@graph":[{"@type":"Article","@id":"https:\/\/informatepy.com\/2022\/2023\/12\/07\/mec-llama-a-concurso-para-capacitar-a-2-500-educadores-en-gestion-de-tic\/#article","isPartOf":{"@id":"https:\/\/informatepy.com\/2022\/2023\/12\/07\/mec-llama-a-concurso-para-capacitar-a-2-500-educadores-en-gestion-de-tic\/"},"author":{"name":"Redacci\u00f3n","@id":"https:\/\/informatepy.com\/2022\/#\/schema\/person\/e7c5b605ddfb77041eeddff4d93b26af"},"headline":"MEC llama a concurso para capacitar a 2.500 educadores en gesti\u00f3n de TIC","datePublished":"2023-12-07T07:00:00+00:00","mainEntityOfPage":{"@id":"https:\/\/informatepy.com\/2022\/2023\/12\/07\/mec-llama-a-concurso-para-capacitar-a-2-500-educadores-en-gestion-de-tic\/"},"wordCount":263,"commentCount":0,"publisher":{"@id":"https:\/\/informatepy.com\/2022\/#organization"},"image":{"@id":"https:\/\/informatepy.com\/2022\/2023\/12\/07\/mec-llama-a-concurso-para-capacitar-a-2-500-educadores-en-gestion-de-tic\/#primaryimage"},"thumbnailUrl":"https:\/\/i0.wp.com\/informatepy.com\/2022\/wp-content\/uploads\/2023\/12\/TIC.jpg?fit=1280%2C854&ssl=1","keywords":["destacada","mec","ministerio de educaci\u00f3n"],"articleSection":["Cultura"],"inLanguage":"es","potentialAction":[{"@type":"CommentAction","name":"Comment","target":["https:\/\/informatepy.com\/2022\/2023\/12\/07\/mec-llama-a-concurso-para-capacitar-a-2-500-educadores-en-gestion-de-tic\/#respond"]}]},{"@type":"WebPage","@id":"https:\/\/informatepy.com\/2022\/2023\/12\/07\/mec-llama-a-concurso-para-capacitar-a-2-500-educadores-en-gestion-de-tic\/","url":"https:\/\/informatepy.com\/2022\/2023\/12\/07\/mec-llama-a-concurso-para-capacitar-a-2-500-educadores-en-gestion-de-tic\/","name":"MEC llama a concurso para capacitar a 2.500 educadores en gesti\u00f3n de TIC - Informatepy.com","isPartOf":{"@id":"https:\/\/informatepy.com\/2022\/#website"},"primaryImageOfPage":{"@id":"https:\/\/informatepy.com\/2022\/2023\/12\/07\/mec-llama-a-concurso-para-capacitar-a-2-500-educadores-en-gestion-de-tic\/#primaryimage"},"image":{"@id":"https:\/\/informatepy.com\/2022\/2023\/12\/07\/mec-llama-a-concurso-para-capacitar-a-2-500-educadores-en-gestion-de-tic\/#primaryimage"},"thumbnailUrl":"https:\/\/i0.wp.com\/informatepy.com\/2022\/wp-content\/uploads\/2023\/12\/TIC.jpg?fit=1280%2C854&ssl=1","datePublished":"2023-12-07T07:00:00+00:00","breadcrumb":{"@id":"https:\/\/informatepy.com\/2022\/2023\/12\/07\/mec-llama-a-concurso-para-capacitar-a-2-500-educadores-en-gestion-de-tic\/#breadcrumb"},"inLanguage":"es","potentialAction":[{"@type":"ReadAction","target":["https:\/\/informatepy.com\/2022\/2023\/12\/07\/mec-llama-a-concurso-para-capacitar-a-2-500-educadores-en-gestion-de-tic\/"]}]},{"@type":"ImageObject","inLanguage":"es","@id":"https:\/\/informatepy.com\/2022\/2023\/12\/07\/mec-llama-a-concurso-para-capacitar-a-2-500-educadores-en-gestion-de-tic\/#primaryimage","url":"https:\/\/i0.wp.com\/informatepy.com\/2022\/wp-content\/uploads\/2023\/12\/TIC.jpg?fit=1280%2C854&ssl=1","contentUrl":"https:\/\/i0.wp.com\/informatepy.com\/2022\/wp-content\/uploads\/2023\/12\/TIC.jpg?fit=1280%2C854&ssl=1","width":1280,"height":854},{"@type":"BreadcrumbList","@id":"https:\/\/informatepy.com\/2022\/2023\/12\/07\/mec-llama-a-concurso-para-capacitar-a-2-500-educadores-en-gestion-de-tic\/#breadcrumb","itemListElement":[{"@type":"ListItem","position":1,"name":"Portada","item":"https:\/\/informatepy.com\/2022\/"},{"@type":"ListItem","position":2,"name":"MEC llama a concurso para capacitar a 2.500 educadores en gesti\u00f3n de TIC"}]},{"@type":"WebSite","@id":"https:\/\/informatepy.com\/2022\/#website","url":"https:\/\/informatepy.com\/2022\/","name":"Informatepy.com","description":"La verdad, siempre!","publisher":{"@id":"https:\/\/informatepy.com\/2022\/#organization"},"potentialAction":[{"@type":"SearchAction","target":{"@type":"EntryPoint","urlTemplate":"https:\/\/informatepy.com\/2022\/?s={search_term_string}"},"query-input":{"@type":"PropertyValueSpecification","valueRequired":true,"valueName":"search_term_string"}}],"inLanguage":"es"},{"@type":"Organization","@id":"https:\/\/informatepy.com\/2022\/#organization","name":"Informatepy.com","url":"https:\/\/informatepy.com\/2022\/","logo":{"@type":"ImageObject","inLanguage":"es","@id":"https:\/\/informatepy.com\/2022\/#\/schema\/logo\/image\/","url":"https:\/\/i0.wp.com\/informatepy.com\/2022\/wp-content\/uploads\/2022\/09\/informatepy150-2.png?fit=589%2C150","contentUrl":"https:\/\/i0.wp.com\/informatepy.com\/2022\/wp-content\/uploads\/2022\/09\/informatepy150-2.png?fit=589%2C150","width":589,"height":150,"caption":"Informatepy.com"},"image":{"@id":"https:\/\/informatepy.com\/2022\/#\/schema\/logo\/image\/"},"sameAs":["https:\/\/www.facebook.com\/InformatePyCom","https:\/\/x.com\/InformatePy1"]},{"@type":"Person","@id":"https:\/\/informatepy.com\/2022\/#\/schema\/person\/e7c5b605ddfb77041eeddff4d93b26af","name":"Redacci\u00f3n","image":{"@type":"ImageObject","inLanguage":"es","@id":"https:\/\/informatepy.com\/2022\/wp-content\/uploads\/2023\/04\/Isologo-sin-fondo.pngce0c1b6da06ae20abaff417c2cdeea83","url":"https:\/\/informatepy.com\/2022\/wp-content\/uploads\/2023\/04\/Isologo-sin-fondo.png","contentUrl":"https:\/\/informatepy.com\/2022\/wp-content\/uploads\/2023\/04\/Isologo-sin-fondo.png","caption":"Redacci\u00f3n"},"sameAs":["https:\/\/www.facebook.com\/InformatePyCom","https:\/\/x.com\/https:\/\/twitter.com\/InformatePy1"],"url":"https:\/\/informatepy.com\/2022\/author\/redaccion\/"}]}},"jetpack_featured_media_url":"https:\/\/i0.wp.com\/informatepy.com\/2022\/wp-content\/uploads\/2023\/12\/TIC.jpg?fit=1280%2C854&ssl=1","jetpack-related-posts":[],"jetpack_sharing_enabled":true,"jetpack_likes_enabled":true,"authors":[{"term_id":1037,"user_id":3,"is_guest":0,"slug":"redaccion","display_name":"Redacci\u00f3n","avatar_url":{"url":"https:\/\/informatepy.com\/2022\/wp-content\/uploads\/2023\/04\/Isologo-sin-fondo.png","url2x":"https:\/\/informatepy.com\/2022\/wp-content\/uploads\/2023\/04\/Isologo-sin-fondo.png"},"0":null,"1":"","2":"","3":"","4":"","5":"","6":"","7":"","8":""}],"amp_enabled":true,"_links":{"self":[{"href":"https:\/\/informatepy.com\/2022\/wp-json\/wp\/v2\/posts\/22501","targetHints":{"allow":["GET"]}}],"collection":[{"href":"https:\/\/informatepy.com\/2022\/wp-json\/wp\/v2\/posts"}],"about":[{"href":"https:\/\/informatepy.com\/2022\/wp-json\/wp\/v2\/types\/post"}],"author":[{"embeddable":true,"href":"https:\/\/informatepy.com\/2022\/wp-json\/wp\/v2\/users\/3"}],"replies":[{"embeddable":true,"href":"https:\/\/informatepy.com\/2022\/wp-json\/wp\/v2\/comments?post=22501"}],"version-history":[{"count":1,"href":"https:\/\/informatepy.com\/2022\/wp-json\/wp\/v2\/posts\/22501\/revisions"}],"predecessor-version":[{"id":22503,"href":"https:\/\/informatepy.com\/2022\/wp-json\/wp\/v2\/posts\/22501\/revisions\/22503"}],"wp:featuredmedia":[{"embeddable":true,"href":"https:\/\/informatepy.com\/2022\/wp-json\/wp\/v2\/media\/22502"}],"wp:attachment":[{"href":"https:\/\/informatepy.com\/2022\/wp-json\/wp\/v2\/media?parent=22501"}],"wp:term":[{"taxonomy":"category","embeddable":true,"href":"https:\/\/informatepy.com\/2022\/wp-json\/wp\/v2\/categories?post=22501"},{"taxonomy":"post_tag","embeddable":true,"href":"https:\/\/informatepy.com\/2022\/wp-json\/wp\/v2\/tags?post=22501"},{"taxonomy":"author","embeddable":true,"href":"https:\/\/informatepy.com\/2022\/wp-json\/wp\/v2\/ppma_author?post=22501"}],"curies":[{"name":"wp","href":"https:\/\/api.w.org\/{rel}","templated":true}]}}