{"id":22372,"date":"2023-11-29T04:01:00","date_gmt":"2023-11-29T07:01:00","guid":{"rendered":"https:\/\/informatepy.com\/2022\/?p=22372"},"modified":"2023-11-28T18:01:01","modified_gmt":"2023-11-28T21:01:01","slug":"fleitas-aseguro-que-la-renuncia-de-nakayama-no-afecta-al-plra","status":"publish","type":"post","link":"https:\/\/informatepy.com\/2022\/2023\/11\/29\/fleitas-aseguro-que-la-renuncia-de-nakayama-no-afecta-al-plra\/","title":{"rendered":"Fleitas asegur\u00f3 que la renuncia de Nakayama no afecta al PLRA"},"content":{"rendered":"\n<p class=\"has-text-align-justify\">El presidente del PLRA, <strong>Hugo Fleitas<\/strong>, se refiri\u00f3 a la renuncia del senador <strong>Eduardo Nakayama <\/strong>al Partido liberal Radical Aut\u00e9ntico (PLRA), diciendo que, aunque est\u00e1n sorprendidos no les afecta. <\/p>\n\n\n\n<p class=\"has-text-align-justify\">Fleitas manifest\u00f3 que cada afiliado tiene el derecho de hacer lo que quiera, agregando que no entiende como si Nakayama fue hasta candidato a intendente reci\u00e9n ahora se da cuenta de la situaci\u00f3n de la nucleaci\u00f3n pol\u00edtica.<\/p>\n\n\n\n<p class=\"has-text-align-justify\">Fleitas agreg\u00f3 que la decisi\u00f3n de sacar a Efra\u00edn Alegre del liderazgo del PLRA probablemente haya tenido que ver en la salida de Nakayama del PLRA. <\/p>\n","protected":false},"excerpt":{"rendered":"<p>El presidente del PLRA, Hugo Fleitas, se refiri\u00f3 a la renuncia del senador Eduardo Nakayama al Partido liberal Radical Aut\u00e9ntico (PLRA), diciendo que, aunque est\u00e1n sorprendidos no les afecta. Fleitas manifest\u00f3 que cada afiliado tiene el derecho de hacer lo que quiera, agregando que no entiende como si Nakayama fue hasta candidato a intendente reci\u00e9n [&hellip;]<\/p>\n","protected":false},"author":3,"featured_media":22373,"comment_status":"open","ping_status":"open","sticky":false,"template":"","format":"standard","meta":{"tdm_status":"","tdm_grid_status":"","footnotes":"","jetpack_publicize_message":"","jetpack_publicize_feature_enabled":false,"jetpack_social_post_already_shared":true,"jetpack_social_options":{"image_generator_settings":{"template":"highway","enabled":false}}},"categories":[18],"tags":[871,745,1419,371,271],"ppma_author":[1037],"class_list":{"0":"post-22372","1":"post","2":"type-post","3":"status-publish","4":"format-standard","5":"has-post-thumbnail","7":"category-nacionales","8":"tag-destacada","9":"tag-eduardo-nakayama","10":"tag-hugo-fleitas","11":"tag-partido-liberal","12":"tag-plra"},"jetpack_publicize_connections":[],"yoast_head":"<!-- This site is optimized with the Yoast SEO plugin v27.4 - https:\/\/yoast.com\/product\/yoast-seo-wordpress\/ -->\n<title>Fleitas asegur\u00f3 que la renuncia de Nakayama no afecta al PLRA - Informatepy.com<\/title>\n<meta name=\"robots\" content=\"index, follow, max-snippet:-1, max-image-preview:large, max-video-preview:-1\" \/>\n<link rel=\"canonical\" href=\"https:\/\/informatepy.com\/2022\/2023\/11\/29\/fleitas-aseguro-que-la-renuncia-de-nakayama-no-afecta-al-plra\/\" \/>\n<meta property=\"og:locale\" content=\"es_ES\" \/>\n<meta property=\"og:type\" content=\"article\" \/>\n<meta property=\"og:title\" content=\"Fleitas asegur\u00f3 que la renuncia de Nakayama no afecta al PLRA - Informatepy.com\" \/>\n<meta property=\"og:description\" content=\"El presidente del PLRA, Hugo Fleitas, se refiri\u00f3 a la renuncia del senador Eduardo Nakayama al Partido liberal Radical Aut\u00e9ntico (PLRA), diciendo que, aunque est\u00e1n sorprendidos no les afecta. Fleitas manifest\u00f3 que cada afiliado tiene el derecho de hacer lo que quiera, agregando que no entiende como si Nakayama fue hasta candidato a intendente reci\u00e9n [&hellip;]\" \/>\n<meta property=\"og:url\" content=\"https:\/\/informatepy.com\/2022\/2023\/11\/29\/fleitas-aseguro-que-la-renuncia-de-nakayama-no-afecta-al-plra\/\" \/>\n<meta property=\"og:site_name\" content=\"Informatepy.com\" \/>\n<meta property=\"article:publisher\" content=\"https:\/\/www.facebook.com\/InformatePyCom\" \/>\n<meta property=\"article:author\" content=\"https:\/\/www.facebook.com\/InformatePyCom\" \/>\n<meta property=\"article:published_time\" content=\"2023-11-29T07:01:00+00:00\" \/>\n<meta property=\"og:image\" content=\"https:\/\/i0.wp.com\/informatepy.com\/2022\/wp-content\/uploads\/2023\/11\/fleitas-nakayama.jpg?fit=1280%2C705&ssl=1\" \/>\n\t<meta property=\"og:image:width\" content=\"1280\" \/>\n\t<meta property=\"og:image:height\" content=\"705\" \/>\n\t<meta property=\"og:image:type\" content=\"image\/jpeg\" \/>\n<meta name=\"author\" content=\"Redacci\u00f3n\" \/>\n<meta name=\"twitter:card\" content=\"summary_large_image\" \/>\n<meta name=\"twitter:creator\" content=\"@https:\/\/twitter.com\/InformatePy1\" \/>\n<meta name=\"twitter:site\" content=\"@InformatePy1\" \/>\n<meta name=\"twitter:label1\" content=\"Escrito por\" \/>\n\t<meta name=\"twitter:data1\" content=\"Redacci\u00f3n\" \/>\n\t<meta name=\"twitter:label2\" content=\"Tiempo de lectura\" \/>\n\t<meta name=\"twitter:data2\" content=\"1 minuto\" \/>\n<script type=\"application\/ld+json\" class=\"yoast-schema-graph\">{\"@context\":\"https:\\\/\\\/schema.org\",\"@graph\":[{\"@type\":\"Article\",\"@id\":\"https:\\\/\\\/informatepy.com\\\/2022\\\/2023\\\/11\\\/29\\\/fleitas-aseguro-que-la-renuncia-de-nakayama-no-afecta-al-plra\\\/#article\",\"isPartOf\":{\"@id\":\"https:\\\/\\\/informatepy.com\\\/2022\\\/2023\\\/11\\\/29\\\/fleitas-aseguro-que-la-renuncia-de-nakayama-no-afecta-al-plra\\\/\"},\"author\":{\"name\":\"Redacci\u00f3n\",\"@id\":\"https:\\\/\\\/informatepy.com\\\/2022\\\/#\\\/schema\\\/person\\\/e7c5b605ddfb77041eeddff4d93b26af\"},\"headline\":\"Fleitas asegur\u00f3 que la renuncia de Nakayama no afecta al PLRA\",\"datePublished\":\"2023-11-29T07:01:00+00:00\",\"mainEntityOfPage\":{\"@id\":\"https:\\\/\\\/informatepy.com\\\/2022\\\/2023\\\/11\\\/29\\\/fleitas-aseguro-que-la-renuncia-de-nakayama-no-afecta-al-plra\\\/\"},\"wordCount\":111,\"commentCount\":0,\"publisher\":{\"@id\":\"https:\\\/\\\/informatepy.com\\\/2022\\\/#organization\"},\"image\":{\"@id\":\"https:\\\/\\\/informatepy.com\\\/2022\\\/2023\\\/11\\\/29\\\/fleitas-aseguro-que-la-renuncia-de-nakayama-no-afecta-al-plra\\\/#primaryimage\"},\"thumbnailUrl\":\"https:\\\/\\\/i0.wp.com\\\/informatepy.com\\\/2022\\\/wp-content\\\/uploads\\\/2023\\\/11\\\/fleitas-nakayama.jpg?fit=1280%2C705&ssl=1\",\"keywords\":[\"destacada\",\"eduardo nakayama\",\"hugo fleitas\",\"partido liberal\",\"plra\"],\"articleSection\":[\"Nacionales\"],\"inLanguage\":\"es\",\"potentialAction\":[{\"@type\":\"CommentAction\",\"name\":\"Comment\",\"target\":[\"https:\\\/\\\/informatepy.com\\\/2022\\\/2023\\\/11\\\/29\\\/fleitas-aseguro-que-la-renuncia-de-nakayama-no-afecta-al-plra\\\/#respond\"]}]},{\"@type\":\"WebPage\",\"@id\":\"https:\\\/\\\/informatepy.com\\\/2022\\\/2023\\\/11\\\/29\\\/fleitas-aseguro-que-la-renuncia-de-nakayama-no-afecta-al-plra\\\/\",\"url\":\"https:\\\/\\\/informatepy.com\\\/2022\\\/2023\\\/11\\\/29\\\/fleitas-aseguro-que-la-renuncia-de-nakayama-no-afecta-al-plra\\\/\",\"name\":\"Fleitas asegur\u00f3 que la renuncia de Nakayama no afecta al PLRA - Informatepy.com\",\"isPartOf\":{\"@id\":\"https:\\\/\\\/informatepy.com\\\/2022\\\/#website\"},\"primaryImageOfPage\":{\"@id\":\"https:\\\/\\\/informatepy.com\\\/2022\\\/2023\\\/11\\\/29\\\/fleitas-aseguro-que-la-renuncia-de-nakayama-no-afecta-al-plra\\\/#primaryimage\"},\"image\":{\"@id\":\"https:\\\/\\\/informatepy.com\\\/2022\\\/2023\\\/11\\\/29\\\/fleitas-aseguro-que-la-renuncia-de-nakayama-no-afecta-al-plra\\\/#primaryimage\"},\"thumbnailUrl\":\"https:\\\/\\\/i0.wp.com\\\/informatepy.com\\\/2022\\\/wp-content\\\/uploads\\\/2023\\\/11\\\/fleitas-nakayama.jpg?fit=1280%2C705&ssl=1\",\"datePublished\":\"2023-11-29T07:01:00+00:00\",\"breadcrumb\":{\"@id\":\"https:\\\/\\\/informatepy.com\\\/2022\\\/2023\\\/11\\\/29\\\/fleitas-aseguro-que-la-renuncia-de-nakayama-no-afecta-al-plra\\\/#breadcrumb\"},\"inLanguage\":\"es\",\"potentialAction\":[{\"@type\":\"ReadAction\",\"target\":[\"https:\\\/\\\/informatepy.com\\\/2022\\\/2023\\\/11\\\/29\\\/fleitas-aseguro-que-la-renuncia-de-nakayama-no-afecta-al-plra\\\/\"]}]},{\"@type\":\"ImageObject\",\"inLanguage\":\"es\",\"@id\":\"https:\\\/\\\/informatepy.com\\\/2022\\\/2023\\\/11\\\/29\\\/fleitas-aseguro-que-la-renuncia-de-nakayama-no-afecta-al-plra\\\/#primaryimage\",\"url\":\"https:\\\/\\\/i0.wp.com\\\/informatepy.com\\\/2022\\\/wp-content\\\/uploads\\\/2023\\\/11\\\/fleitas-nakayama.jpg?fit=1280%2C705&ssl=1\",\"contentUrl\":\"https:\\\/\\\/i0.wp.com\\\/informatepy.com\\\/2022\\\/wp-content\\\/uploads\\\/2023\\\/11\\\/fleitas-nakayama.jpg?fit=1280%2C705&ssl=1\",\"width\":1280,\"height\":705},{\"@type\":\"BreadcrumbList\",\"@id\":\"https:\\\/\\\/informatepy.com\\\/2022\\\/2023\\\/11\\\/29\\\/fleitas-aseguro-que-la-renuncia-de-nakayama-no-afecta-al-plra\\\/#breadcrumb\",\"itemListElement\":[{\"@type\":\"ListItem\",\"position\":1,\"name\":\"Portada\",\"item\":\"https:\\\/\\\/informatepy.com\\\/2022\\\/\"},{\"@type\":\"ListItem\",\"position\":2,\"name\":\"Fleitas asegur\u00f3 que la renuncia de Nakayama no afecta al PLRA\"}]},{\"@type\":\"WebSite\",\"@id\":\"https:\\\/\\\/informatepy.com\\\/2022\\\/#website\",\"url\":\"https:\\\/\\\/informatepy.com\\\/2022\\\/\",\"name\":\"Informatepy.com\",\"description\":\"La verdad, siempre!\",\"publisher\":{\"@id\":\"https:\\\/\\\/informatepy.com\\\/2022\\\/#organization\"},\"potentialAction\":[{\"@type\":\"SearchAction\",\"target\":{\"@type\":\"EntryPoint\",\"urlTemplate\":\"https:\\\/\\\/informatepy.com\\\/2022\\\/?s={search_term_string}\"},\"query-input\":{\"@type\":\"PropertyValueSpecification\",\"valueRequired\":true,\"valueName\":\"search_term_string\"}}],\"inLanguage\":\"es\"},{\"@type\":\"Organization\",\"@id\":\"https:\\\/\\\/informatepy.com\\\/2022\\\/#organization\",\"name\":\"Informatepy.com\",\"url\":\"https:\\\/\\\/informatepy.com\\\/2022\\\/\",\"logo\":{\"@type\":\"ImageObject\",\"inLanguage\":\"es\",\"@id\":\"https:\\\/\\\/informatepy.com\\\/2022\\\/#\\\/schema\\\/logo\\\/image\\\/\",\"url\":\"https:\\\/\\\/i0.wp.com\\\/informatepy.com\\\/2022\\\/wp-content\\\/uploads\\\/2022\\\/09\\\/informatepy150-2.png?fit=589%2C150\",\"contentUrl\":\"https:\\\/\\\/i0.wp.com\\\/informatepy.com\\\/2022\\\/wp-content\\\/uploads\\\/2022\\\/09\\\/informatepy150-2.png?fit=589%2C150\",\"width\":589,\"height\":150,\"caption\":\"Informatepy.com\"},\"image\":{\"@id\":\"https:\\\/\\\/informatepy.com\\\/2022\\\/#\\\/schema\\\/logo\\\/image\\\/\"},\"sameAs\":[\"https:\\\/\\\/www.facebook.com\\\/InformatePyCom\",\"https:\\\/\\\/x.com\\\/InformatePy1\"]},{\"@type\":\"Person\",\"@id\":\"https:\\\/\\\/informatepy.com\\\/2022\\\/#\\\/schema\\\/person\\\/e7c5b605ddfb77041eeddff4d93b26af\",\"name\":\"Redacci\u00f3n\",\"image\":{\"@type\":\"ImageObject\",\"inLanguage\":\"es\",\"@id\":\"https:\\\/\\\/informatepy.com\\\/2022\\\/wp-content\\\/uploads\\\/2023\\\/04\\\/Isologo-sin-fondo.pngce0c1b6da06ae20abaff417c2cdeea83\",\"url\":\"https:\\\/\\\/informatepy.com\\\/2022\\\/wp-content\\\/uploads\\\/2023\\\/04\\\/Isologo-sin-fondo.png\",\"contentUrl\":\"https:\\\/\\\/informatepy.com\\\/2022\\\/wp-content\\\/uploads\\\/2023\\\/04\\\/Isologo-sin-fondo.png\",\"caption\":\"Redacci\u00f3n\"},\"sameAs\":[\"https:\\\/\\\/www.facebook.com\\\/InformatePyCom\",\"https:\\\/\\\/x.com\\\/https:\\\/\\\/twitter.com\\\/InformatePy1\"],\"url\":\"https:\\\/\\\/informatepy.com\\\/2022\\\/author\\\/redaccion\\\/\"}]}<\/script>\n<!-- \/ Yoast SEO plugin. -->","yoast_head_json":{"title":"Fleitas asegur\u00f3 que la renuncia de Nakayama no afecta al PLRA - Informatepy.com","robots":{"index":"index","follow":"follow","max-snippet":"max-snippet:-1","max-image-preview":"max-image-preview:large","max-video-preview":"max-video-preview:-1"},"canonical":"https:\/\/informatepy.com\/2022\/2023\/11\/29\/fleitas-aseguro-que-la-renuncia-de-nakayama-no-afecta-al-plra\/","og_locale":"es_ES","og_type":"article","og_title":"Fleitas asegur\u00f3 que la renuncia de Nakayama no afecta al PLRA - Informatepy.com","og_description":"El presidente del PLRA, Hugo Fleitas, se refiri\u00f3 a la renuncia del senador Eduardo Nakayama al Partido liberal Radical Aut\u00e9ntico (PLRA), diciendo que, aunque est\u00e1n sorprendidos no les afecta. Fleitas manifest\u00f3 que cada afiliado tiene el derecho de hacer lo que quiera, agregando que no entiende como si Nakayama fue hasta candidato a intendente reci\u00e9n [&hellip;]","og_url":"https:\/\/informatepy.com\/2022\/2023\/11\/29\/fleitas-aseguro-que-la-renuncia-de-nakayama-no-afecta-al-plra\/","og_site_name":"Informatepy.com","article_publisher":"https:\/\/www.facebook.com\/InformatePyCom","article_author":"https:\/\/www.facebook.com\/InformatePyCom","article_published_time":"2023-11-29T07:01:00+00:00","og_image":[{"width":1280,"height":705,"url":"https:\/\/i0.wp.com\/informatepy.com\/2022\/wp-content\/uploads\/2023\/11\/fleitas-nakayama.jpg?fit=1280%2C705&ssl=1","type":"image\/jpeg"}],"author":"Redacci\u00f3n","twitter_card":"summary_large_image","twitter_creator":"@https:\/\/twitter.com\/InformatePy1","twitter_site":"@InformatePy1","twitter_misc":{"Escrito por":"Redacci\u00f3n","Tiempo de lectura":"1 minuto"},"schema":{"@context":"https:\/\/schema.org","@graph":[{"@type":"Article","@id":"https:\/\/informatepy.com\/2022\/2023\/11\/29\/fleitas-aseguro-que-la-renuncia-de-nakayama-no-afecta-al-plra\/#article","isPartOf":{"@id":"https:\/\/informatepy.com\/2022\/2023\/11\/29\/fleitas-aseguro-que-la-renuncia-de-nakayama-no-afecta-al-plra\/"},"author":{"name":"Redacci\u00f3n","@id":"https:\/\/informatepy.com\/2022\/#\/schema\/person\/e7c5b605ddfb77041eeddff4d93b26af"},"headline":"Fleitas asegur\u00f3 que la renuncia de Nakayama no afecta al PLRA","datePublished":"2023-11-29T07:01:00+00:00","mainEntityOfPage":{"@id":"https:\/\/informatepy.com\/2022\/2023\/11\/29\/fleitas-aseguro-que-la-renuncia-de-nakayama-no-afecta-al-plra\/"},"wordCount":111,"commentCount":0,"publisher":{"@id":"https:\/\/informatepy.com\/2022\/#organization"},"image":{"@id":"https:\/\/informatepy.com\/2022\/2023\/11\/29\/fleitas-aseguro-que-la-renuncia-de-nakayama-no-afecta-al-plra\/#primaryimage"},"thumbnailUrl":"https:\/\/i0.wp.com\/informatepy.com\/2022\/wp-content\/uploads\/2023\/11\/fleitas-nakayama.jpg?fit=1280%2C705&ssl=1","keywords":["destacada","eduardo nakayama","hugo fleitas","partido liberal","plra"],"articleSection":["Nacionales"],"inLanguage":"es","potentialAction":[{"@type":"CommentAction","name":"Comment","target":["https:\/\/informatepy.com\/2022\/2023\/11\/29\/fleitas-aseguro-que-la-renuncia-de-nakayama-no-afecta-al-plra\/#respond"]}]},{"@type":"WebPage","@id":"https:\/\/informatepy.com\/2022\/2023\/11\/29\/fleitas-aseguro-que-la-renuncia-de-nakayama-no-afecta-al-plra\/","url":"https:\/\/informatepy.com\/2022\/2023\/11\/29\/fleitas-aseguro-que-la-renuncia-de-nakayama-no-afecta-al-plra\/","name":"Fleitas asegur\u00f3 que la renuncia de Nakayama no afecta al PLRA - Informatepy.com","isPartOf":{"@id":"https:\/\/informatepy.com\/2022\/#website"},"primaryImageOfPage":{"@id":"https:\/\/informatepy.com\/2022\/2023\/11\/29\/fleitas-aseguro-que-la-renuncia-de-nakayama-no-afecta-al-plra\/#primaryimage"},"image":{"@id":"https:\/\/informatepy.com\/2022\/2023\/11\/29\/fleitas-aseguro-que-la-renuncia-de-nakayama-no-afecta-al-plra\/#primaryimage"},"thumbnailUrl":"https:\/\/i0.wp.com\/informatepy.com\/2022\/wp-content\/uploads\/2023\/11\/fleitas-nakayama.jpg?fit=1280%2C705&ssl=1","datePublished":"2023-11-29T07:01:00+00:00","breadcrumb":{"@id":"https:\/\/informatepy.com\/2022\/2023\/11\/29\/fleitas-aseguro-que-la-renuncia-de-nakayama-no-afecta-al-plra\/#breadcrumb"},"inLanguage":"es","potentialAction":[{"@type":"ReadAction","target":["https:\/\/informatepy.com\/2022\/2023\/11\/29\/fleitas-aseguro-que-la-renuncia-de-nakayama-no-afecta-al-plra\/"]}]},{"@type":"ImageObject","inLanguage":"es","@id":"https:\/\/informatepy.com\/2022\/2023\/11\/29\/fleitas-aseguro-que-la-renuncia-de-nakayama-no-afecta-al-plra\/#primaryimage","url":"https:\/\/i0.wp.com\/informatepy.com\/2022\/wp-content\/uploads\/2023\/11\/fleitas-nakayama.jpg?fit=1280%2C705&ssl=1","contentUrl":"https:\/\/i0.wp.com\/informatepy.com\/2022\/wp-content\/uploads\/2023\/11\/fleitas-nakayama.jpg?fit=1280%2C705&ssl=1","width":1280,"height":705},{"@type":"BreadcrumbList","@id":"https:\/\/informatepy.com\/2022\/2023\/11\/29\/fleitas-aseguro-que-la-renuncia-de-nakayama-no-afecta-al-plra\/#breadcrumb","itemListElement":[{"@type":"ListItem","position":1,"name":"Portada","item":"https:\/\/informatepy.com\/2022\/"},{"@type":"ListItem","position":2,"name":"Fleitas asegur\u00f3 que la renuncia de Nakayama no afecta al PLRA"}]},{"@type":"WebSite","@id":"https:\/\/informatepy.com\/2022\/#website","url":"https:\/\/informatepy.com\/2022\/","name":"Informatepy.com","description":"La verdad, siempre!","publisher":{"@id":"https:\/\/informatepy.com\/2022\/#organization"},"potentialAction":[{"@type":"SearchAction","target":{"@type":"EntryPoint","urlTemplate":"https:\/\/informatepy.com\/2022\/?s={search_term_string}"},"query-input":{"@type":"PropertyValueSpecification","valueRequired":true,"valueName":"search_term_string"}}],"inLanguage":"es"},{"@type":"Organization","@id":"https:\/\/informatepy.com\/2022\/#organization","name":"Informatepy.com","url":"https:\/\/informatepy.com\/2022\/","logo":{"@type":"ImageObject","inLanguage":"es","@id":"https:\/\/informatepy.com\/2022\/#\/schema\/logo\/image\/","url":"https:\/\/i0.wp.com\/informatepy.com\/2022\/wp-content\/uploads\/2022\/09\/informatepy150-2.png?fit=589%2C150","contentUrl":"https:\/\/i0.wp.com\/informatepy.com\/2022\/wp-content\/uploads\/2022\/09\/informatepy150-2.png?fit=589%2C150","width":589,"height":150,"caption":"Informatepy.com"},"image":{"@id":"https:\/\/informatepy.com\/2022\/#\/schema\/logo\/image\/"},"sameAs":["https:\/\/www.facebook.com\/InformatePyCom","https:\/\/x.com\/InformatePy1"]},{"@type":"Person","@id":"https:\/\/informatepy.com\/2022\/#\/schema\/person\/e7c5b605ddfb77041eeddff4d93b26af","name":"Redacci\u00f3n","image":{"@type":"ImageObject","inLanguage":"es","@id":"https:\/\/informatepy.com\/2022\/wp-content\/uploads\/2023\/04\/Isologo-sin-fondo.pngce0c1b6da06ae20abaff417c2cdeea83","url":"https:\/\/informatepy.com\/2022\/wp-content\/uploads\/2023\/04\/Isologo-sin-fondo.png","contentUrl":"https:\/\/informatepy.com\/2022\/wp-content\/uploads\/2023\/04\/Isologo-sin-fondo.png","caption":"Redacci\u00f3n"},"sameAs":["https:\/\/www.facebook.com\/InformatePyCom","https:\/\/x.com\/https:\/\/twitter.com\/InformatePy1"],"url":"https:\/\/informatepy.com\/2022\/author\/redaccion\/"}]}},"jetpack_featured_media_url":"https:\/\/i0.wp.com\/informatepy.com\/2022\/wp-content\/uploads\/2023\/11\/fleitas-nakayama.jpg?fit=1280%2C705&ssl=1","jetpack-related-posts":[],"jetpack_sharing_enabled":true,"jetpack_likes_enabled":true,"authors":[{"term_id":1037,"user_id":3,"is_guest":0,"slug":"redaccion","display_name":"Redacci\u00f3n","avatar_url":{"url":"https:\/\/informatepy.com\/2022\/wp-content\/uploads\/2023\/04\/Isologo-sin-fondo.png","url2x":"https:\/\/informatepy.com\/2022\/wp-content\/uploads\/2023\/04\/Isologo-sin-fondo.png"},"0":null,"1":"","2":"","3":"","4":"","5":"","6":"","7":"","8":""}],"amp_enabled":true,"_links":{"self":[{"href":"https:\/\/informatepy.com\/2022\/wp-json\/wp\/v2\/posts\/22372","targetHints":{"allow":["GET"]}}],"collection":[{"href":"https:\/\/informatepy.com\/2022\/wp-json\/wp\/v2\/posts"}],"about":[{"href":"https:\/\/informatepy.com\/2022\/wp-json\/wp\/v2\/types\/post"}],"author":[{"embeddable":true,"href":"https:\/\/informatepy.com\/2022\/wp-json\/wp\/v2\/users\/3"}],"replies":[{"embeddable":true,"href":"https:\/\/informatepy.com\/2022\/wp-json\/wp\/v2\/comments?post=22372"}],"version-history":[{"count":1,"href":"https:\/\/informatepy.com\/2022\/wp-json\/wp\/v2\/posts\/22372\/revisions"}],"predecessor-version":[{"id":22374,"href":"https:\/\/informatepy.com\/2022\/wp-json\/wp\/v2\/posts\/22372\/revisions\/22374"}],"wp:featuredmedia":[{"embeddable":true,"href":"https:\/\/informatepy.com\/2022\/wp-json\/wp\/v2\/media\/22373"}],"wp:attachment":[{"href":"https:\/\/informatepy.com\/2022\/wp-json\/wp\/v2\/media?parent=22372"}],"wp:term":[{"taxonomy":"category","embeddable":true,"href":"https:\/\/informatepy.com\/2022\/wp-json\/wp\/v2\/categories?post=22372"},{"taxonomy":"post_tag","embeddable":true,"href":"https:\/\/informatepy.com\/2022\/wp-json\/wp\/v2\/tags?post=22372"},{"taxonomy":"author","embeddable":true,"href":"https:\/\/informatepy.com\/2022\/wp-json\/wp\/v2\/ppma_author?post=22372"}],"curies":[{"name":"wp","href":"https:\/\/api.w.org\/{rel}","templated":true}]}}