{"id":22083,"date":"2023-11-13T04:01:00","date_gmt":"2023-11-13T07:01:00","guid":{"rendered":"https:\/\/informatepy.com\/2022\/?p=22083"},"modified":"2023-11-12T18:25:27","modified_gmt":"2023-11-12T21:25:27","slug":"cientos-de-miles-de-espanoles-marchan-contra-pedro-sanchez-piden-huelga-general-y-nuevas-elecciones","status":"publish","type":"post","link":"https:\/\/informatepy.com\/2022\/2023\/11\/13\/cientos-de-miles-de-espanoles-marchan-contra-pedro-sanchez-piden-huelga-general-y-nuevas-elecciones\/","title":{"rendered":"Cientos de miles de espa\u00f1oles marchan contra Pedro S\u00e1nchez: piden huelga general y nuevas elecciones"},"content":{"rendered":"\n<p class=\"has-text-align-justify\">Cientos de Miles de personas se manifiestan hace 7 d\u00edas y lo hicieron nuevamente este domingo en toda Espa\u00f1a\u00a0<strong>en contra de la amnist\u00eda a independentistas catalanes<\/strong>\u00a0pactada por el partido socialista a cambio de su apoyo a la investidura de<strong>\u00a0Pedro S\u00e1nchez\u00a0<\/strong>como presidente del Gobierno.<\/p>\n\n\n\n<p class=\"has-text-align-justify\">Entre gritos de <strong><em>\u00abEspa\u00f1a no se vende\u00bb<\/em><\/strong>, durante las protestas se escucharon consignas a favor de <strong><em>\u00abhuelga general\u00bb<\/em><\/strong> en contra de ese acuerdo, que prev\u00e9 una amnist\u00eda contra procesados por la Justicia por actividades relacionadas con el independentismo desde 2012 en la regi\u00f3n espa\u00f1ola de Catalu\u00f1a.<\/p>\n\n\n<div class=\"wp-block-image\">\n<figure class=\"aligncenter size-full\"><img data-recalc-dims=\"1\" loading=\"lazy\" decoding=\"async\" width=\"696\" height=\"464\" src=\"https:\/\/i0.wp.com\/informatepy.com\/2022\/wp-content\/uploads\/2023\/11\/manifestaciones-espana.jpg?resize=696%2C464&#038;ssl=1\" alt=\"\" class=\"wp-image-22084\" srcset=\"https:\/\/i0.wp.com\/informatepy.com\/2022\/wp-content\/uploads\/2023\/11\/manifestaciones-espana.jpg?w=900&amp;ssl=1 900w, https:\/\/i0.wp.com\/informatepy.com\/2022\/wp-content\/uploads\/2023\/11\/manifestaciones-espana.jpg?resize=300%2C200&amp;ssl=1 300w, https:\/\/i0.wp.com\/informatepy.com\/2022\/wp-content\/uploads\/2023\/11\/manifestaciones-espana.jpg?resize=768%2C512&amp;ssl=1 768w, https:\/\/i0.wp.com\/informatepy.com\/2022\/wp-content\/uploads\/2023\/11\/manifestaciones-espana.jpg?resize=150%2C100&amp;ssl=1 150w, https:\/\/i0.wp.com\/informatepy.com\/2022\/wp-content\/uploads\/2023\/11\/manifestaciones-espana.jpg?resize=600%2C400&amp;ssl=1 600w, https:\/\/i0.wp.com\/informatepy.com\/2022\/wp-content\/uploads\/2023\/11\/manifestaciones-espana.jpg?resize=696%2C464&amp;ssl=1 696w, https:\/\/i0.wp.com\/informatepy.com\/2022\/wp-content\/uploads\/2023\/11\/manifestaciones-espana.jpg?resize=630%2C420&amp;ssl=1 630w\" sizes=\"auto, (max-width: 696px) 100vw, 696px\" \/><\/figure>\n<\/div>\n\n\n<p class=\"has-text-align-justify\">Otras ciudades como <strong>Barcelona, Sevilla<\/strong> y <strong>Valencia <\/strong>fueron igualmente escenario de esta movilizaci\u00f3n contra el pacto para la investidura de S\u00e1nchez, cuya votaci\u00f3n en el Parlamento espa\u00f1ol se espera para esta semana, aunque a\u00fan sin fecha fija.\u00a0<\/p>\n","protected":false},"excerpt":{"rendered":"<p>Cientos de Miles de personas se manifiestan hace 7 d\u00edas y lo hicieron nuevamente este domingo en toda Espa\u00f1a\u00a0en contra de la amnist\u00eda a independentistas catalanes\u00a0pactada por el partido socialista a cambio de su apoyo a la investidura de\u00a0Pedro S\u00e1nchez\u00a0como presidente del Gobierno. Entre gritos de \u00abEspa\u00f1a no se vende\u00bb, durante las protestas se escucharon [&hellip;]<\/p>\n","protected":false},"author":3,"featured_media":22085,"comment_status":"open","ping_status":"open","sticky":false,"template":"","format":"standard","meta":{"tdm_status":"","tdm_grid_status":"","footnotes":"","jetpack_publicize_message":"","jetpack_publicize_feature_enabled":false,"jetpack_social_post_already_shared":true,"jetpack_social_options":{"image_generator_settings":{"template":"highway","enabled":false}}},"categories":[14],"tags":[871,1096,1207,713],"ppma_author":[1037],"class_list":{"0":"post-22083","1":"post","2":"type-post","3":"status-publish","4":"format-standard","5":"has-post-thumbnail","7":"category-mundo","9":"tag-espana","10":"tag-pedro-sanchez","11":"tag-socialismo"},"jetpack_publicize_connections":[],"yoast_head":"<!-- This site is optimized with the Yoast SEO plugin v27.4 - https:\/\/yoast.com\/product\/yoast-seo-wordpress\/ -->\n<title>Cientos de miles de espa\u00f1oles marchan contra Pedro S\u00e1nchez: piden huelga general y nuevas elecciones - Informatepy.com<\/title>\n<meta name=\"robots\" content=\"index, follow, max-snippet:-1, max-image-preview:large, max-video-preview:-1\" \/>\n<link rel=\"canonical\" href=\"https:\/\/informatepy.com\/2022\/2023\/11\/13\/cientos-de-miles-de-espanoles-marchan-contra-pedro-sanchez-piden-huelga-general-y-nuevas-elecciones\/\" \/>\n<meta property=\"og:locale\" content=\"es_ES\" \/>\n<meta property=\"og:type\" content=\"article\" \/>\n<meta property=\"og:title\" content=\"Cientos de miles de espa\u00f1oles marchan contra Pedro S\u00e1nchez: piden huelga general y nuevas elecciones - Informatepy.com\" \/>\n<meta property=\"og:description\" content=\"Cientos de Miles de personas se manifiestan hace 7 d\u00edas y lo hicieron nuevamente este domingo en toda Espa\u00f1a\u00a0en contra de la amnist\u00eda a independentistas catalanes\u00a0pactada por el partido socialista a cambio de su apoyo a la investidura de\u00a0Pedro S\u00e1nchez\u00a0como presidente del Gobierno. Entre gritos de \u00abEspa\u00f1a no se vende\u00bb, durante las protestas se escucharon [&hellip;]\" \/>\n<meta property=\"og:url\" content=\"https:\/\/informatepy.com\/2022\/2023\/11\/13\/cientos-de-miles-de-espanoles-marchan-contra-pedro-sanchez-piden-huelga-general-y-nuevas-elecciones\/\" \/>\n<meta property=\"og:site_name\" content=\"Informatepy.com\" \/>\n<meta property=\"article:publisher\" content=\"https:\/\/www.facebook.com\/InformatePyCom\" \/>\n<meta property=\"article:author\" content=\"https:\/\/www.facebook.com\/InformatePyCom\" \/>\n<meta property=\"article:published_time\" content=\"2023-11-13T07:01:00+00:00\" \/>\n<meta property=\"og:image\" content=\"https:\/\/i0.wp.com\/informatepy.com\/2022\/wp-content\/uploads\/2023\/11\/pedro-sanchez-traidor.jpg?fit=1280%2C874&ssl=1\" \/>\n\t<meta property=\"og:image:width\" content=\"1280\" \/>\n\t<meta property=\"og:image:height\" content=\"874\" \/>\n\t<meta property=\"og:image:type\" content=\"image\/jpeg\" \/>\n<meta name=\"author\" content=\"Redacci\u00f3n\" \/>\n<meta name=\"twitter:card\" content=\"summary_large_image\" \/>\n<meta name=\"twitter:creator\" content=\"@https:\/\/twitter.com\/InformatePy1\" \/>\n<meta name=\"twitter:site\" content=\"@InformatePy1\" \/>\n<meta name=\"twitter:label1\" content=\"Escrito por\" \/>\n\t<meta name=\"twitter:data1\" content=\"Redacci\u00f3n\" \/>\n\t<meta name=\"twitter:label2\" content=\"Tiempo de lectura\" \/>\n\t<meta name=\"twitter:data2\" content=\"1 minuto\" \/>\n<script type=\"application\/ld+json\" class=\"yoast-schema-graph\">{\"@context\":\"https:\\\/\\\/schema.org\",\"@graph\":[{\"@type\":\"Article\",\"@id\":\"https:\\\/\\\/informatepy.com\\\/2022\\\/2023\\\/11\\\/13\\\/cientos-de-miles-de-espanoles-marchan-contra-pedro-sanchez-piden-huelga-general-y-nuevas-elecciones\\\/#article\",\"isPartOf\":{\"@id\":\"https:\\\/\\\/informatepy.com\\\/2022\\\/2023\\\/11\\\/13\\\/cientos-de-miles-de-espanoles-marchan-contra-pedro-sanchez-piden-huelga-general-y-nuevas-elecciones\\\/\"},\"author\":{\"name\":\"Redacci\u00f3n\",\"@id\":\"https:\\\/\\\/informatepy.com\\\/2022\\\/#\\\/schema\\\/person\\\/e7c5b605ddfb77041eeddff4d93b26af\"},\"headline\":\"Cientos de miles de espa\u00f1oles marchan contra Pedro S\u00e1nchez: piden huelga general y nuevas elecciones\",\"datePublished\":\"2023-11-13T07:01:00+00:00\",\"mainEntityOfPage\":{\"@id\":\"https:\\\/\\\/informatepy.com\\\/2022\\\/2023\\\/11\\\/13\\\/cientos-de-miles-de-espanoles-marchan-contra-pedro-sanchez-piden-huelga-general-y-nuevas-elecciones\\\/\"},\"wordCount\":159,\"commentCount\":0,\"publisher\":{\"@id\":\"https:\\\/\\\/informatepy.com\\\/2022\\\/#organization\"},\"image\":{\"@id\":\"https:\\\/\\\/informatepy.com\\\/2022\\\/2023\\\/11\\\/13\\\/cientos-de-miles-de-espanoles-marchan-contra-pedro-sanchez-piden-huelga-general-y-nuevas-elecciones\\\/#primaryimage\"},\"thumbnailUrl\":\"https:\\\/\\\/i0.wp.com\\\/informatepy.com\\\/2022\\\/wp-content\\\/uploads\\\/2023\\\/11\\\/pedro-sanchez-traidor.jpg?fit=1280%2C874&ssl=1\",\"keywords\":[\"destacada\",\"espa\u00f1a\",\"pedro sanchez\",\"socialismo\"],\"articleSection\":[\"Mundo\"],\"inLanguage\":\"es\",\"potentialAction\":[{\"@type\":\"CommentAction\",\"name\":\"Comment\",\"target\":[\"https:\\\/\\\/informatepy.com\\\/2022\\\/2023\\\/11\\\/13\\\/cientos-de-miles-de-espanoles-marchan-contra-pedro-sanchez-piden-huelga-general-y-nuevas-elecciones\\\/#respond\"]}]},{\"@type\":\"WebPage\",\"@id\":\"https:\\\/\\\/informatepy.com\\\/2022\\\/2023\\\/11\\\/13\\\/cientos-de-miles-de-espanoles-marchan-contra-pedro-sanchez-piden-huelga-general-y-nuevas-elecciones\\\/\",\"url\":\"https:\\\/\\\/informatepy.com\\\/2022\\\/2023\\\/11\\\/13\\\/cientos-de-miles-de-espanoles-marchan-contra-pedro-sanchez-piden-huelga-general-y-nuevas-elecciones\\\/\",\"name\":\"Cientos de miles de espa\u00f1oles marchan contra Pedro S\u00e1nchez: piden huelga general y nuevas elecciones - Informatepy.com\",\"isPartOf\":{\"@id\":\"https:\\\/\\\/informatepy.com\\\/2022\\\/#website\"},\"primaryImageOfPage\":{\"@id\":\"https:\\\/\\\/informatepy.com\\\/2022\\\/2023\\\/11\\\/13\\\/cientos-de-miles-de-espanoles-marchan-contra-pedro-sanchez-piden-huelga-general-y-nuevas-elecciones\\\/#primaryimage\"},\"image\":{\"@id\":\"https:\\\/\\\/informatepy.com\\\/2022\\\/2023\\\/11\\\/13\\\/cientos-de-miles-de-espanoles-marchan-contra-pedro-sanchez-piden-huelga-general-y-nuevas-elecciones\\\/#primaryimage\"},\"thumbnailUrl\":\"https:\\\/\\\/i0.wp.com\\\/informatepy.com\\\/2022\\\/wp-content\\\/uploads\\\/2023\\\/11\\\/pedro-sanchez-traidor.jpg?fit=1280%2C874&ssl=1\",\"datePublished\":\"2023-11-13T07:01:00+00:00\",\"breadcrumb\":{\"@id\":\"https:\\\/\\\/informatepy.com\\\/2022\\\/2023\\\/11\\\/13\\\/cientos-de-miles-de-espanoles-marchan-contra-pedro-sanchez-piden-huelga-general-y-nuevas-elecciones\\\/#breadcrumb\"},\"inLanguage\":\"es\",\"potentialAction\":[{\"@type\":\"ReadAction\",\"target\":[\"https:\\\/\\\/informatepy.com\\\/2022\\\/2023\\\/11\\\/13\\\/cientos-de-miles-de-espanoles-marchan-contra-pedro-sanchez-piden-huelga-general-y-nuevas-elecciones\\\/\"]}]},{\"@type\":\"ImageObject\",\"inLanguage\":\"es\",\"@id\":\"https:\\\/\\\/informatepy.com\\\/2022\\\/2023\\\/11\\\/13\\\/cientos-de-miles-de-espanoles-marchan-contra-pedro-sanchez-piden-huelga-general-y-nuevas-elecciones\\\/#primaryimage\",\"url\":\"https:\\\/\\\/i0.wp.com\\\/informatepy.com\\\/2022\\\/wp-content\\\/uploads\\\/2023\\\/11\\\/pedro-sanchez-traidor.jpg?fit=1280%2C874&ssl=1\",\"contentUrl\":\"https:\\\/\\\/i0.wp.com\\\/informatepy.com\\\/2022\\\/wp-content\\\/uploads\\\/2023\\\/11\\\/pedro-sanchez-traidor.jpg?fit=1280%2C874&ssl=1\",\"width\":1280,\"height\":874},{\"@type\":\"BreadcrumbList\",\"@id\":\"https:\\\/\\\/informatepy.com\\\/2022\\\/2023\\\/11\\\/13\\\/cientos-de-miles-de-espanoles-marchan-contra-pedro-sanchez-piden-huelga-general-y-nuevas-elecciones\\\/#breadcrumb\",\"itemListElement\":[{\"@type\":\"ListItem\",\"position\":1,\"name\":\"Portada\",\"item\":\"https:\\\/\\\/informatepy.com\\\/2022\\\/\"},{\"@type\":\"ListItem\",\"position\":2,\"name\":\"Cientos de miles de espa\u00f1oles marchan contra Pedro S\u00e1nchez: piden huelga general y nuevas elecciones\"}]},{\"@type\":\"WebSite\",\"@id\":\"https:\\\/\\\/informatepy.com\\\/2022\\\/#website\",\"url\":\"https:\\\/\\\/informatepy.com\\\/2022\\\/\",\"name\":\"Informatepy.com\",\"description\":\"La verdad, siempre!\",\"publisher\":{\"@id\":\"https:\\\/\\\/informatepy.com\\\/2022\\\/#organization\"},\"potentialAction\":[{\"@type\":\"SearchAction\",\"target\":{\"@type\":\"EntryPoint\",\"urlTemplate\":\"https:\\\/\\\/informatepy.com\\\/2022\\\/?s={search_term_string}\"},\"query-input\":{\"@type\":\"PropertyValueSpecification\",\"valueRequired\":true,\"valueName\":\"search_term_string\"}}],\"inLanguage\":\"es\"},{\"@type\":\"Organization\",\"@id\":\"https:\\\/\\\/informatepy.com\\\/2022\\\/#organization\",\"name\":\"Informatepy.com\",\"url\":\"https:\\\/\\\/informatepy.com\\\/2022\\\/\",\"logo\":{\"@type\":\"ImageObject\",\"inLanguage\":\"es\",\"@id\":\"https:\\\/\\\/informatepy.com\\\/2022\\\/#\\\/schema\\\/logo\\\/image\\\/\",\"url\":\"https:\\\/\\\/i0.wp.com\\\/informatepy.com\\\/2022\\\/wp-content\\\/uploads\\\/2022\\\/09\\\/informatepy150-2.png?fit=589%2C150\",\"contentUrl\":\"https:\\\/\\\/i0.wp.com\\\/informatepy.com\\\/2022\\\/wp-content\\\/uploads\\\/2022\\\/09\\\/informatepy150-2.png?fit=589%2C150\",\"width\":589,\"height\":150,\"caption\":\"Informatepy.com\"},\"image\":{\"@id\":\"https:\\\/\\\/informatepy.com\\\/2022\\\/#\\\/schema\\\/logo\\\/image\\\/\"},\"sameAs\":[\"https:\\\/\\\/www.facebook.com\\\/InformatePyCom\",\"https:\\\/\\\/x.com\\\/InformatePy1\"]},{\"@type\":\"Person\",\"@id\":\"https:\\\/\\\/informatepy.com\\\/2022\\\/#\\\/schema\\\/person\\\/e7c5b605ddfb77041eeddff4d93b26af\",\"name\":\"Redacci\u00f3n\",\"image\":{\"@type\":\"ImageObject\",\"inLanguage\":\"es\",\"@id\":\"https:\\\/\\\/informatepy.com\\\/2022\\\/wp-content\\\/uploads\\\/2023\\\/04\\\/Isologo-sin-fondo.pngce0c1b6da06ae20abaff417c2cdeea83\",\"url\":\"https:\\\/\\\/informatepy.com\\\/2022\\\/wp-content\\\/uploads\\\/2023\\\/04\\\/Isologo-sin-fondo.png\",\"contentUrl\":\"https:\\\/\\\/informatepy.com\\\/2022\\\/wp-content\\\/uploads\\\/2023\\\/04\\\/Isologo-sin-fondo.png\",\"caption\":\"Redacci\u00f3n\"},\"sameAs\":[\"https:\\\/\\\/www.facebook.com\\\/InformatePyCom\",\"https:\\\/\\\/x.com\\\/https:\\\/\\\/twitter.com\\\/InformatePy1\"],\"url\":\"https:\\\/\\\/informatepy.com\\\/2022\\\/author\\\/redaccion\\\/\"}]}<\/script>\n<!-- \/ Yoast SEO plugin. -->","yoast_head_json":{"title":"Cientos de miles de espa\u00f1oles marchan contra Pedro S\u00e1nchez: piden huelga general y nuevas elecciones - Informatepy.com","robots":{"index":"index","follow":"follow","max-snippet":"max-snippet:-1","max-image-preview":"max-image-preview:large","max-video-preview":"max-video-preview:-1"},"canonical":"https:\/\/informatepy.com\/2022\/2023\/11\/13\/cientos-de-miles-de-espanoles-marchan-contra-pedro-sanchez-piden-huelga-general-y-nuevas-elecciones\/","og_locale":"es_ES","og_type":"article","og_title":"Cientos de miles de espa\u00f1oles marchan contra Pedro S\u00e1nchez: piden huelga general y nuevas elecciones - Informatepy.com","og_description":"Cientos de Miles de personas se manifiestan hace 7 d\u00edas y lo hicieron nuevamente este domingo en toda Espa\u00f1a\u00a0en contra de la amnist\u00eda a independentistas catalanes\u00a0pactada por el partido socialista a cambio de su apoyo a la investidura de\u00a0Pedro S\u00e1nchez\u00a0como presidente del Gobierno. Entre gritos de \u00abEspa\u00f1a no se vende\u00bb, durante las protestas se escucharon [&hellip;]","og_url":"https:\/\/informatepy.com\/2022\/2023\/11\/13\/cientos-de-miles-de-espanoles-marchan-contra-pedro-sanchez-piden-huelga-general-y-nuevas-elecciones\/","og_site_name":"Informatepy.com","article_publisher":"https:\/\/www.facebook.com\/InformatePyCom","article_author":"https:\/\/www.facebook.com\/InformatePyCom","article_published_time":"2023-11-13T07:01:00+00:00","og_image":[{"width":1280,"height":874,"url":"https:\/\/i0.wp.com\/informatepy.com\/2022\/wp-content\/uploads\/2023\/11\/pedro-sanchez-traidor.jpg?fit=1280%2C874&ssl=1","type":"image\/jpeg"}],"author":"Redacci\u00f3n","twitter_card":"summary_large_image","twitter_creator":"@https:\/\/twitter.com\/InformatePy1","twitter_site":"@InformatePy1","twitter_misc":{"Escrito por":"Redacci\u00f3n","Tiempo de lectura":"1 minuto"},"schema":{"@context":"https:\/\/schema.org","@graph":[{"@type":"Article","@id":"https:\/\/informatepy.com\/2022\/2023\/11\/13\/cientos-de-miles-de-espanoles-marchan-contra-pedro-sanchez-piden-huelga-general-y-nuevas-elecciones\/#article","isPartOf":{"@id":"https:\/\/informatepy.com\/2022\/2023\/11\/13\/cientos-de-miles-de-espanoles-marchan-contra-pedro-sanchez-piden-huelga-general-y-nuevas-elecciones\/"},"author":{"name":"Redacci\u00f3n","@id":"https:\/\/informatepy.com\/2022\/#\/schema\/person\/e7c5b605ddfb77041eeddff4d93b26af"},"headline":"Cientos de miles de espa\u00f1oles marchan contra Pedro S\u00e1nchez: piden huelga general y nuevas elecciones","datePublished":"2023-11-13T07:01:00+00:00","mainEntityOfPage":{"@id":"https:\/\/informatepy.com\/2022\/2023\/11\/13\/cientos-de-miles-de-espanoles-marchan-contra-pedro-sanchez-piden-huelga-general-y-nuevas-elecciones\/"},"wordCount":159,"commentCount":0,"publisher":{"@id":"https:\/\/informatepy.com\/2022\/#organization"},"image":{"@id":"https:\/\/informatepy.com\/2022\/2023\/11\/13\/cientos-de-miles-de-espanoles-marchan-contra-pedro-sanchez-piden-huelga-general-y-nuevas-elecciones\/#primaryimage"},"thumbnailUrl":"https:\/\/i0.wp.com\/informatepy.com\/2022\/wp-content\/uploads\/2023\/11\/pedro-sanchez-traidor.jpg?fit=1280%2C874&ssl=1","keywords":["destacada","espa\u00f1a","pedro sanchez","socialismo"],"articleSection":["Mundo"],"inLanguage":"es","potentialAction":[{"@type":"CommentAction","name":"Comment","target":["https:\/\/informatepy.com\/2022\/2023\/11\/13\/cientos-de-miles-de-espanoles-marchan-contra-pedro-sanchez-piden-huelga-general-y-nuevas-elecciones\/#respond"]}]},{"@type":"WebPage","@id":"https:\/\/informatepy.com\/2022\/2023\/11\/13\/cientos-de-miles-de-espanoles-marchan-contra-pedro-sanchez-piden-huelga-general-y-nuevas-elecciones\/","url":"https:\/\/informatepy.com\/2022\/2023\/11\/13\/cientos-de-miles-de-espanoles-marchan-contra-pedro-sanchez-piden-huelga-general-y-nuevas-elecciones\/","name":"Cientos de miles de espa\u00f1oles marchan contra Pedro S\u00e1nchez: piden huelga general y nuevas elecciones - Informatepy.com","isPartOf":{"@id":"https:\/\/informatepy.com\/2022\/#website"},"primaryImageOfPage":{"@id":"https:\/\/informatepy.com\/2022\/2023\/11\/13\/cientos-de-miles-de-espanoles-marchan-contra-pedro-sanchez-piden-huelga-general-y-nuevas-elecciones\/#primaryimage"},"image":{"@id":"https:\/\/informatepy.com\/2022\/2023\/11\/13\/cientos-de-miles-de-espanoles-marchan-contra-pedro-sanchez-piden-huelga-general-y-nuevas-elecciones\/#primaryimage"},"thumbnailUrl":"https:\/\/i0.wp.com\/informatepy.com\/2022\/wp-content\/uploads\/2023\/11\/pedro-sanchez-traidor.jpg?fit=1280%2C874&ssl=1","datePublished":"2023-11-13T07:01:00+00:00","breadcrumb":{"@id":"https:\/\/informatepy.com\/2022\/2023\/11\/13\/cientos-de-miles-de-espanoles-marchan-contra-pedro-sanchez-piden-huelga-general-y-nuevas-elecciones\/#breadcrumb"},"inLanguage":"es","potentialAction":[{"@type":"ReadAction","target":["https:\/\/informatepy.com\/2022\/2023\/11\/13\/cientos-de-miles-de-espanoles-marchan-contra-pedro-sanchez-piden-huelga-general-y-nuevas-elecciones\/"]}]},{"@type":"ImageObject","inLanguage":"es","@id":"https:\/\/informatepy.com\/2022\/2023\/11\/13\/cientos-de-miles-de-espanoles-marchan-contra-pedro-sanchez-piden-huelga-general-y-nuevas-elecciones\/#primaryimage","url":"https:\/\/i0.wp.com\/informatepy.com\/2022\/wp-content\/uploads\/2023\/11\/pedro-sanchez-traidor.jpg?fit=1280%2C874&ssl=1","contentUrl":"https:\/\/i0.wp.com\/informatepy.com\/2022\/wp-content\/uploads\/2023\/11\/pedro-sanchez-traidor.jpg?fit=1280%2C874&ssl=1","width":1280,"height":874},{"@type":"BreadcrumbList","@id":"https:\/\/informatepy.com\/2022\/2023\/11\/13\/cientos-de-miles-de-espanoles-marchan-contra-pedro-sanchez-piden-huelga-general-y-nuevas-elecciones\/#breadcrumb","itemListElement":[{"@type":"ListItem","position":1,"name":"Portada","item":"https:\/\/informatepy.com\/2022\/"},{"@type":"ListItem","position":2,"name":"Cientos de miles de espa\u00f1oles marchan contra Pedro S\u00e1nchez: piden huelga general y nuevas elecciones"}]},{"@type":"WebSite","@id":"https:\/\/informatepy.com\/2022\/#website","url":"https:\/\/informatepy.com\/2022\/","name":"Informatepy.com","description":"La verdad, siempre!","publisher":{"@id":"https:\/\/informatepy.com\/2022\/#organization"},"potentialAction":[{"@type":"SearchAction","target":{"@type":"EntryPoint","urlTemplate":"https:\/\/informatepy.com\/2022\/?s={search_term_string}"},"query-input":{"@type":"PropertyValueSpecification","valueRequired":true,"valueName":"search_term_string"}}],"inLanguage":"es"},{"@type":"Organization","@id":"https:\/\/informatepy.com\/2022\/#organization","name":"Informatepy.com","url":"https:\/\/informatepy.com\/2022\/","logo":{"@type":"ImageObject","inLanguage":"es","@id":"https:\/\/informatepy.com\/2022\/#\/schema\/logo\/image\/","url":"https:\/\/i0.wp.com\/informatepy.com\/2022\/wp-content\/uploads\/2022\/09\/informatepy150-2.png?fit=589%2C150","contentUrl":"https:\/\/i0.wp.com\/informatepy.com\/2022\/wp-content\/uploads\/2022\/09\/informatepy150-2.png?fit=589%2C150","width":589,"height":150,"caption":"Informatepy.com"},"image":{"@id":"https:\/\/informatepy.com\/2022\/#\/schema\/logo\/image\/"},"sameAs":["https:\/\/www.facebook.com\/InformatePyCom","https:\/\/x.com\/InformatePy1"]},{"@type":"Person","@id":"https:\/\/informatepy.com\/2022\/#\/schema\/person\/e7c5b605ddfb77041eeddff4d93b26af","name":"Redacci\u00f3n","image":{"@type":"ImageObject","inLanguage":"es","@id":"https:\/\/informatepy.com\/2022\/wp-content\/uploads\/2023\/04\/Isologo-sin-fondo.pngce0c1b6da06ae20abaff417c2cdeea83","url":"https:\/\/informatepy.com\/2022\/wp-content\/uploads\/2023\/04\/Isologo-sin-fondo.png","contentUrl":"https:\/\/informatepy.com\/2022\/wp-content\/uploads\/2023\/04\/Isologo-sin-fondo.png","caption":"Redacci\u00f3n"},"sameAs":["https:\/\/www.facebook.com\/InformatePyCom","https:\/\/x.com\/https:\/\/twitter.com\/InformatePy1"],"url":"https:\/\/informatepy.com\/2022\/author\/redaccion\/"}]}},"jetpack_featured_media_url":"https:\/\/i0.wp.com\/informatepy.com\/2022\/wp-content\/uploads\/2023\/11\/pedro-sanchez-traidor.jpg?fit=1280%2C874&ssl=1","jetpack-related-posts":[],"jetpack_sharing_enabled":true,"jetpack_likes_enabled":true,"authors":[{"term_id":1037,"user_id":3,"is_guest":0,"slug":"redaccion","display_name":"Redacci\u00f3n","avatar_url":{"url":"https:\/\/informatepy.com\/2022\/wp-content\/uploads\/2023\/04\/Isologo-sin-fondo.png","url2x":"https:\/\/informatepy.com\/2022\/wp-content\/uploads\/2023\/04\/Isologo-sin-fondo.png"},"0":null,"1":"","2":"","3":"","4":"","5":"","6":"","7":"","8":""}],"amp_enabled":true,"_links":{"self":[{"href":"https:\/\/informatepy.com\/2022\/wp-json\/wp\/v2\/posts\/22083","targetHints":{"allow":["GET"]}}],"collection":[{"href":"https:\/\/informatepy.com\/2022\/wp-json\/wp\/v2\/posts"}],"about":[{"href":"https:\/\/informatepy.com\/2022\/wp-json\/wp\/v2\/types\/post"}],"author":[{"embeddable":true,"href":"https:\/\/informatepy.com\/2022\/wp-json\/wp\/v2\/users\/3"}],"replies":[{"embeddable":true,"href":"https:\/\/informatepy.com\/2022\/wp-json\/wp\/v2\/comments?post=22083"}],"version-history":[{"count":1,"href":"https:\/\/informatepy.com\/2022\/wp-json\/wp\/v2\/posts\/22083\/revisions"}],"predecessor-version":[{"id":22086,"href":"https:\/\/informatepy.com\/2022\/wp-json\/wp\/v2\/posts\/22083\/revisions\/22086"}],"wp:featuredmedia":[{"embeddable":true,"href":"https:\/\/informatepy.com\/2022\/wp-json\/wp\/v2\/media\/22085"}],"wp:attachment":[{"href":"https:\/\/informatepy.com\/2022\/wp-json\/wp\/v2\/media?parent=22083"}],"wp:term":[{"taxonomy":"category","embeddable":true,"href":"https:\/\/informatepy.com\/2022\/wp-json\/wp\/v2\/categories?post=22083"},{"taxonomy":"post_tag","embeddable":true,"href":"https:\/\/informatepy.com\/2022\/wp-json\/wp\/v2\/tags?post=22083"},{"taxonomy":"author","embeddable":true,"href":"https:\/\/informatepy.com\/2022\/wp-json\/wp\/v2\/ppma_author?post=22083"}],"curies":[{"name":"wp","href":"https:\/\/api.w.org\/{rel}","templated":true}]}}