{"id":20297,"date":"2023-08-07T19:19:43","date_gmt":"2023-08-07T22:19:43","guid":{"rendered":"https:\/\/informatepy.com\/2022\/?p=20297"},"modified":"2023-08-07T19:19:49","modified_gmt":"2023-08-07T22:19:49","slug":"en-ellos-esta-la-verdad","status":"publish","type":"post","link":"https:\/\/informatepy.com\/2022\/2023\/08\/07\/en-ellos-esta-la-verdad\/","title":{"rendered":"En ellos est\u00e1 la verdad"},"content":{"rendered":"\n<p>S\u00ed se\u00f1ores, no muri\u00f3 Jos\u00e9 Luis Perales. Tampoco sus canciones.<\/p>\n\n\n\n<p class=\"has-text-align-justify\">La Fake News me trajo a la mente, quien sabe por qu\u00e9, una de las canciones m\u00e1s sonadas de este autor espa\u00f1ol, art\u00edfice de innumerables y memorables \u00e9xitos. Hoy la quiero rescatar, por el momento que atraviesa la humanidad y sobre todo, ellos: los ni\u00f1os.<\/p>\n\n\n\n<p class=\"has-text-align-justify\">All\u00e1 por los a\u00f1os 80, Jos\u00e9 Luis Perales compuso la letra de la canci\u00f3n \u201cQUE CANTEN LOS NI\u00d1OS, que con los a\u00f1os se convirti\u00f3 en un himno de la lucha y la defensa de la ni\u00f1ez. La compuso en nombre de Aldeas Infantiles SOS, organizaci\u00f3n internacional pensada para la protecci\u00f3n infantil, luego de visitar una Aldea cercana a Buenos Aires, donde hab\u00eda ni\u00f1os hu\u00e9rfanos, marginados de la sociedad, de la calle, que fueron recogidos en unos centros dirigidos por mujeres voluntarias. A partir de all\u00ed quiso colaborar. Su composici\u00f3n es parte de su colaboraci\u00f3n.<\/p>\n\n\n\n<p class=\"has-text-align-justify\">La verdad, la paz, la vida, el sufrimiento, la felicidad, el dolor, el amor, mam\u00e1, el cielo, las flores, el mar, el jard\u00edn, el pan, EL AMOR, forman parte de una b\u00fasqueda constante por hacer escuchar la voz de lo m\u00e1s sagrado y bendito que tiene la humanidad, y tambi\u00e9n lo m\u00e1s vulnerable: los ni\u00f1os.<\/p>\n\n\n\n<p class=\"has-text-align-justify\">En tiempos complejos, tan dif\u00edciles y conflictivos para la humanidad, tengo la certeza de no ser el \u00fanico que encuentra un profundo sentido y sentimiento en cada verso de esta canci\u00f3n. Quienes tenemos la gracia de ser padres, -sin menospreciar a nadie-, vivimos, quiz\u00e1s, el momento m\u00e1s desafiante y si se quiere, aterrador, para criar a nuestros hijos. Criarlos en y desde el amor, protegidos, en el ambiente de armon\u00eda y paz que merecen vivir.<\/p>\n\n\n\n<p class=\"has-text-align-justify\">Lo maravilloso de esta composici\u00f3n, es que la canci\u00f3n busca darles voz a los ni\u00f1os, pero al mismo tiempo invita a escucharlos. \u00bfPor qu\u00e9? Porque simplemente, EN ELLOS EST\u00c1 LA VERDAD.<\/p>\n\n\n\n<p class=\"has-text-align-justify\">Quien observa, escucha y siente a un ni\u00f1o, ve resumido lo mejor de la humanidad: la pureza, la inocencia y el amor.<\/p>\n\n\n\n<p>Ojal\u00e1 los adultos aprendamos a ser como ni\u00f1os. Como lo que alguna vez fuimos.<\/p>\n\n\n\n<div class=\"wp-block-group\"><div class=\"wp-block-group__inner-container is-layout-constrained wp-block-group-is-layout-constrained\">\n<p class=\"has-text-align-center\"><strong>QUE CANTEN LOS NI\u00d1OS<\/strong><\/p>\n\n\n\n<p class=\"has-text-align-center\">Que canten los ni\u00f1os, que alcen la voz, que hagan al mundo escuchar,<\/p>\n\n\n\n<p class=\"has-text-align-center\">que unan sus voces y lleguen al sol, en ellos est\u00e1 la verdad.<\/p>\n\n\n\n<p class=\"has-text-align-center\">Que canten los ni\u00f1os que viven en paz, y aquellos que sufren dolor,<\/p>\n\n\n\n<p class=\"has-text-align-center\">que canten por esos que no cantar\u00e1n porque han apagado su voz.<\/p>\n\n\n\n<p class=\"has-text-align-center\">Yo canto para que me dejen vivir, yo canto para que sonr\u00eda mam\u00e1,<\/p>\n\n\n\n<p class=\"has-text-align-center\">yo canto porque sea el cielo azul, y yo para que no me ensucien el mar.<\/p>\n\n\n\n<p class=\"has-text-align-center\">Yo canto para los que no tienen pan, yo canto para que respeten la flor,<\/p>\n\n\n\n<p class=\"has-text-align-center\">yo canto porque el mundo sea feliz, yo canto para no escuchar el ca\u00f1\u00f3n.<\/p>\n\n\n\n<p class=\"has-text-align-center\">Que canten los ni\u00f1os, que alcen la voz, que hagan al mundo escuchar,<\/p>\n\n\n\n<p class=\"has-text-align-center\">que unan sus voces y lleguen al sol, en ellos est\u00e1 la verdad.<\/p>\n\n\n\n<p class=\"has-text-align-center\">Que canten los ni\u00f1os que viven en paz, y aquellos que sufren dolor,<\/p>\n\n\n\n<p class=\"has-text-align-center\">que canten por esos que no cantar\u00e1n porque han apagado su voz.<\/p>\n\n\n\n<p class=\"has-text-align-center\">Yo canto porque que sea verde el jard\u00edn, y yo para que no me apaguen el sol<\/p>\n\n\n\n<p class=\"has-text-align-center\">yo canto por el que no sabe escribir, y yo por el que escribe versos de amor.<\/p>\n\n\n\n<p class=\"has-text-align-center\">Yo canto para que se escuche mi voz, y yo para ver si les hago pensar,<\/p>\n\n\n\n<p class=\"has-text-align-center\">yo canto porque quiero un mundo feliz, y yo por si alguien me quiere escuchar.<\/p>\n\n\n\n<p class=\"has-text-align-center\">Que canten los ni\u00f1os, que alcen la voz, que hagan al mundo escuchar,<\/p>\n\n\n\n<p class=\"has-text-align-center\">que unan sus voces y lleguen al sol, en ellos est\u00e1 la verdad.<\/p>\n\n\n\n<p class=\"has-text-align-center\">Que canten los ni\u00f1os que viven en paz, y aquellos que sufren dolor,<\/p>\n\n\n\n<p class=\"has-text-align-center\">que canten por esos que no cantar\u00e1n porque han apagado su voz.<\/p>\n<\/div><\/div>\n","protected":false},"excerpt":{"rendered":"<p>S\u00ed se\u00f1ores, no muri\u00f3 Jos\u00e9 Luis Perales. Tampoco sus canciones. La Fake News me trajo a la mente, quien sabe por qu\u00e9, una de las canciones m\u00e1s sonadas de este autor espa\u00f1ol, art\u00edfice de innumerables y memorables \u00e9xitos. Hoy la quiero rescatar, por el momento que atraviesa la humanidad y sobre todo, ellos: los ni\u00f1os. [&hellip;]<\/p>\n","protected":false},"author":24,"featured_media":20298,"comment_status":"open","ping_status":"open","sticky":false,"template":"","format":"standard","meta":{"tdm_status":"","tdm_grid_status":"","footnotes":"","jetpack_publicize_message":"","jetpack_publicize_feature_enabled":false,"jetpack_social_post_already_shared":false,"jetpack_social_options":{"image_generator_settings":{"template":"highway","enabled":false}}},"categories":[1033],"tags":[871],"ppma_author":[1232],"class_list":{"0":"post-20297","1":"post","2":"type-post","3":"status-publish","4":"format-standard","5":"has-post-thumbnail","7":"category-cultura","8":"tag-destacada"},"jetpack_publicize_connections":[],"yoast_head":"<!-- This site is optimized with the Yoast SEO plugin v27.5 - https:\/\/yoast.com\/product\/yoast-seo-wordpress\/ -->\n<title>En ellos est\u00e1 la verdad - Informatepy.com<\/title>\n<meta name=\"robots\" content=\"index, follow, max-snippet:-1, max-image-preview:large, max-video-preview:-1\" \/>\n<link rel=\"canonical\" href=\"https:\/\/informatepy.com\/2022\/2023\/08\/07\/en-ellos-esta-la-verdad\/\" \/>\n<meta property=\"og:locale\" content=\"es_ES\" \/>\n<meta property=\"og:type\" content=\"article\" \/>\n<meta property=\"og:title\" content=\"En ellos est\u00e1 la verdad - Informatepy.com\" \/>\n<meta property=\"og:description\" content=\"S\u00ed se\u00f1ores, no muri\u00f3 Jos\u00e9 Luis Perales. Tampoco sus canciones. La Fake News me trajo a la mente, quien sabe por qu\u00e9, una de las canciones m\u00e1s sonadas de este autor espa\u00f1ol, art\u00edfice de innumerables y memorables \u00e9xitos. Hoy la quiero rescatar, por el momento que atraviesa la humanidad y sobre todo, ellos: los ni\u00f1os. [&hellip;]\" \/>\n<meta property=\"og:url\" content=\"https:\/\/informatepy.com\/2022\/2023\/08\/07\/en-ellos-esta-la-verdad\/\" \/>\n<meta property=\"og:site_name\" content=\"Informatepy.com\" \/>\n<meta property=\"article:publisher\" content=\"https:\/\/www.facebook.com\/InformatePyCom\" \/>\n<meta property=\"article:published_time\" content=\"2023-08-07T22:19:43+00:00\" \/>\n<meta property=\"article:modified_time\" content=\"2023-08-07T22:19:49+00:00\" \/>\n<meta property=\"og:image\" content=\"https:\/\/informatepy.com\/2022\/wp-content\/uploads\/2023\/08\/jose-luis-perales.jpg\" \/>\n\t<meta property=\"og:image:width\" content=\"1280\" \/>\n\t<meta property=\"og:image:height\" content=\"718\" \/>\n\t<meta property=\"og:image:type\" content=\"image\/jpeg\" \/>\n<meta name=\"author\" content=\"Sebasti\u00e1n \u00c1lvarez Albanell\" \/>\n<meta name=\"twitter:card\" content=\"summary_large_image\" \/>\n<meta name=\"twitter:creator\" content=\"@https:\/\/twitter.com\/sebaalvareza\" \/>\n<meta name=\"twitter:site\" content=\"@InformatePy1\" \/>\n<meta name=\"twitter:label1\" content=\"Escrito por\" \/>\n\t<meta name=\"twitter:data1\" content=\"Sebasti\u00e1n \u00c1lvarez Albanell\" \/>\n\t<meta name=\"twitter:label2\" content=\"Tiempo de lectura\" \/>\n\t<meta name=\"twitter:data2\" content=\"3 minutos\" \/>\n<script type=\"application\/ld+json\" class=\"yoast-schema-graph\">{\"@context\":\"https:\\\/\\\/schema.org\",\"@graph\":[{\"@type\":\"Article\",\"@id\":\"https:\\\/\\\/informatepy.com\\\/2022\\\/2023\\\/08\\\/07\\\/en-ellos-esta-la-verdad\\\/#article\",\"isPartOf\":{\"@id\":\"https:\\\/\\\/informatepy.com\\\/2022\\\/2023\\\/08\\\/07\\\/en-ellos-esta-la-verdad\\\/\"},\"author\":{\"name\":\"Sebasti\u00e1n \u00c1lvarez Albanell\",\"@id\":\"https:\\\/\\\/informatepy.com\\\/2022\\\/#\\\/schema\\\/person\\\/5b692acf657c7c746407265548bb422c\"},\"headline\":\"En ellos est\u00e1 la verdad\",\"datePublished\":\"2023-08-07T22:19:43+00:00\",\"dateModified\":\"2023-08-07T22:19:49+00:00\",\"mainEntityOfPage\":{\"@id\":\"https:\\\/\\\/informatepy.com\\\/2022\\\/2023\\\/08\\\/07\\\/en-ellos-esta-la-verdad\\\/\"},\"wordCount\":676,\"commentCount\":0,\"publisher\":{\"@id\":\"https:\\\/\\\/informatepy.com\\\/2022\\\/#organization\"},\"image\":{\"@id\":\"https:\\\/\\\/informatepy.com\\\/2022\\\/2023\\\/08\\\/07\\\/en-ellos-esta-la-verdad\\\/#primaryimage\"},\"thumbnailUrl\":\"https:\\\/\\\/i0.wp.com\\\/informatepy.com\\\/2022\\\/wp-content\\\/uploads\\\/2023\\\/08\\\/jose-luis-perales.jpg?fit=1280%2C718&ssl=1\",\"keywords\":[\"destacada\"],\"articleSection\":[\"Cultura\"],\"inLanguage\":\"es\",\"potentialAction\":[{\"@type\":\"CommentAction\",\"name\":\"Comment\",\"target\":[\"https:\\\/\\\/informatepy.com\\\/2022\\\/2023\\\/08\\\/07\\\/en-ellos-esta-la-verdad\\\/#respond\"]}]},{\"@type\":\"WebPage\",\"@id\":\"https:\\\/\\\/informatepy.com\\\/2022\\\/2023\\\/08\\\/07\\\/en-ellos-esta-la-verdad\\\/\",\"url\":\"https:\\\/\\\/informatepy.com\\\/2022\\\/2023\\\/08\\\/07\\\/en-ellos-esta-la-verdad\\\/\",\"name\":\"En ellos est\u00e1 la verdad - Informatepy.com\",\"isPartOf\":{\"@id\":\"https:\\\/\\\/informatepy.com\\\/2022\\\/#website\"},\"primaryImageOfPage\":{\"@id\":\"https:\\\/\\\/informatepy.com\\\/2022\\\/2023\\\/08\\\/07\\\/en-ellos-esta-la-verdad\\\/#primaryimage\"},\"image\":{\"@id\":\"https:\\\/\\\/informatepy.com\\\/2022\\\/2023\\\/08\\\/07\\\/en-ellos-esta-la-verdad\\\/#primaryimage\"},\"thumbnailUrl\":\"https:\\\/\\\/i0.wp.com\\\/informatepy.com\\\/2022\\\/wp-content\\\/uploads\\\/2023\\\/08\\\/jose-luis-perales.jpg?fit=1280%2C718&ssl=1\",\"datePublished\":\"2023-08-07T22:19:43+00:00\",\"dateModified\":\"2023-08-07T22:19:49+00:00\",\"breadcrumb\":{\"@id\":\"https:\\\/\\\/informatepy.com\\\/2022\\\/2023\\\/08\\\/07\\\/en-ellos-esta-la-verdad\\\/#breadcrumb\"},\"inLanguage\":\"es\",\"potentialAction\":[{\"@type\":\"ReadAction\",\"target\":[\"https:\\\/\\\/informatepy.com\\\/2022\\\/2023\\\/08\\\/07\\\/en-ellos-esta-la-verdad\\\/\"]}]},{\"@type\":\"ImageObject\",\"inLanguage\":\"es\",\"@id\":\"https:\\\/\\\/informatepy.com\\\/2022\\\/2023\\\/08\\\/07\\\/en-ellos-esta-la-verdad\\\/#primaryimage\",\"url\":\"https:\\\/\\\/i0.wp.com\\\/informatepy.com\\\/2022\\\/wp-content\\\/uploads\\\/2023\\\/08\\\/jose-luis-perales.jpg?fit=1280%2C718&ssl=1\",\"contentUrl\":\"https:\\\/\\\/i0.wp.com\\\/informatepy.com\\\/2022\\\/wp-content\\\/uploads\\\/2023\\\/08\\\/jose-luis-perales.jpg?fit=1280%2C718&ssl=1\",\"width\":1280,\"height\":718},{\"@type\":\"BreadcrumbList\",\"@id\":\"https:\\\/\\\/informatepy.com\\\/2022\\\/2023\\\/08\\\/07\\\/en-ellos-esta-la-verdad\\\/#breadcrumb\",\"itemListElement\":[{\"@type\":\"ListItem\",\"position\":1,\"name\":\"Portada\",\"item\":\"https:\\\/\\\/informatepy.com\\\/2022\\\/\"},{\"@type\":\"ListItem\",\"position\":2,\"name\":\"En ellos est\u00e1 la verdad\"}]},{\"@type\":\"WebSite\",\"@id\":\"https:\\\/\\\/informatepy.com\\\/2022\\\/#website\",\"url\":\"https:\\\/\\\/informatepy.com\\\/2022\\\/\",\"name\":\"Informatepy.com\",\"description\":\"La verdad, siempre!\",\"publisher\":{\"@id\":\"https:\\\/\\\/informatepy.com\\\/2022\\\/#organization\"},\"potentialAction\":[{\"@type\":\"SearchAction\",\"target\":{\"@type\":\"EntryPoint\",\"urlTemplate\":\"https:\\\/\\\/informatepy.com\\\/2022\\\/?s={search_term_string}\"},\"query-input\":{\"@type\":\"PropertyValueSpecification\",\"valueRequired\":true,\"valueName\":\"search_term_string\"}}],\"inLanguage\":\"es\"},{\"@type\":\"Organization\",\"@id\":\"https:\\\/\\\/informatepy.com\\\/2022\\\/#organization\",\"name\":\"Informatepy.com\",\"url\":\"https:\\\/\\\/informatepy.com\\\/2022\\\/\",\"logo\":{\"@type\":\"ImageObject\",\"inLanguage\":\"es\",\"@id\":\"https:\\\/\\\/informatepy.com\\\/2022\\\/#\\\/schema\\\/logo\\\/image\\\/\",\"url\":\"https:\\\/\\\/i0.wp.com\\\/informatepy.com\\\/2022\\\/wp-content\\\/uploads\\\/2022\\\/09\\\/informatepy150-2.png?fit=589%2C150\",\"contentUrl\":\"https:\\\/\\\/i0.wp.com\\\/informatepy.com\\\/2022\\\/wp-content\\\/uploads\\\/2022\\\/09\\\/informatepy150-2.png?fit=589%2C150\",\"width\":589,\"height\":150,\"caption\":\"Informatepy.com\"},\"image\":{\"@id\":\"https:\\\/\\\/informatepy.com\\\/2022\\\/#\\\/schema\\\/logo\\\/image\\\/\"},\"sameAs\":[\"https:\\\/\\\/www.facebook.com\\\/InformatePyCom\",\"https:\\\/\\\/x.com\\\/InformatePy1\"]},{\"@type\":\"Person\",\"@id\":\"https:\\\/\\\/informatepy.com\\\/2022\\\/#\\\/schema\\\/person\\\/5b692acf657c7c746407265548bb422c\",\"name\":\"Sebasti\u00e1n \u00c1lvarez Albanell\",\"image\":{\"@type\":\"ImageObject\",\"inLanguage\":\"es\",\"@id\":\"https:\\\/\\\/i0.wp.com\\\/informatepy.com\\\/2022\\\/wp-content\\\/uploads\\\/2022\\\/08\\\/sebastian-alvarez.jpg?fit=96%2C68&ssl=161a0702534c2c6d5f5a0d8f2e0866cc5\",\"url\":\"https:\\\/\\\/i0.wp.com\\\/informatepy.com\\\/2022\\\/wp-content\\\/uploads\\\/2022\\\/08\\\/sebastian-alvarez.jpg?fit=96%2C68&ssl=1\",\"contentUrl\":\"https:\\\/\\\/i0.wp.com\\\/informatepy.com\\\/2022\\\/wp-content\\\/uploads\\\/2022\\\/08\\\/sebastian-alvarez.jpg?fit=96%2C68&ssl=1\",\"caption\":\"Sebasti\u00e1n \u00c1lvarez Albanell\"},\"sameAs\":[\"https:\\\/\\\/x.com\\\/https:\\\/\\\/twitter.com\\\/sebaalvareza\"],\"url\":\"https:\\\/\\\/informatepy.com\\\/2022\\\/author\\\/salvarez\\\/\"}]}<\/script>\n<!-- \/ Yoast SEO plugin. -->","yoast_head_json":{"title":"En ellos est\u00e1 la verdad - Informatepy.com","robots":{"index":"index","follow":"follow","max-snippet":"max-snippet:-1","max-image-preview":"max-image-preview:large","max-video-preview":"max-video-preview:-1"},"canonical":"https:\/\/informatepy.com\/2022\/2023\/08\/07\/en-ellos-esta-la-verdad\/","og_locale":"es_ES","og_type":"article","og_title":"En ellos est\u00e1 la verdad - Informatepy.com","og_description":"S\u00ed se\u00f1ores, no muri\u00f3 Jos\u00e9 Luis Perales. Tampoco sus canciones. La Fake News me trajo a la mente, quien sabe por qu\u00e9, una de las canciones m\u00e1s sonadas de este autor espa\u00f1ol, art\u00edfice de innumerables y memorables \u00e9xitos. Hoy la quiero rescatar, por el momento que atraviesa la humanidad y sobre todo, ellos: los ni\u00f1os. [&hellip;]","og_url":"https:\/\/informatepy.com\/2022\/2023\/08\/07\/en-ellos-esta-la-verdad\/","og_site_name":"Informatepy.com","article_publisher":"https:\/\/www.facebook.com\/InformatePyCom","article_published_time":"2023-08-07T22:19:43+00:00","article_modified_time":"2023-08-07T22:19:49+00:00","og_image":[{"width":1280,"height":718,"url":"https:\/\/informatepy.com\/2022\/wp-content\/uploads\/2023\/08\/jose-luis-perales.jpg","type":"image\/jpeg"}],"author":"Sebasti\u00e1n \u00c1lvarez Albanell","twitter_card":"summary_large_image","twitter_creator":"@https:\/\/twitter.com\/sebaalvareza","twitter_site":"@InformatePy1","twitter_misc":{"Escrito por":"Sebasti\u00e1n \u00c1lvarez Albanell","Tiempo de lectura":"3 minutos"},"schema":{"@context":"https:\/\/schema.org","@graph":[{"@type":"Article","@id":"https:\/\/informatepy.com\/2022\/2023\/08\/07\/en-ellos-esta-la-verdad\/#article","isPartOf":{"@id":"https:\/\/informatepy.com\/2022\/2023\/08\/07\/en-ellos-esta-la-verdad\/"},"author":{"name":"Sebasti\u00e1n \u00c1lvarez Albanell","@id":"https:\/\/informatepy.com\/2022\/#\/schema\/person\/5b692acf657c7c746407265548bb422c"},"headline":"En ellos est\u00e1 la verdad","datePublished":"2023-08-07T22:19:43+00:00","dateModified":"2023-08-07T22:19:49+00:00","mainEntityOfPage":{"@id":"https:\/\/informatepy.com\/2022\/2023\/08\/07\/en-ellos-esta-la-verdad\/"},"wordCount":676,"commentCount":0,"publisher":{"@id":"https:\/\/informatepy.com\/2022\/#organization"},"image":{"@id":"https:\/\/informatepy.com\/2022\/2023\/08\/07\/en-ellos-esta-la-verdad\/#primaryimage"},"thumbnailUrl":"https:\/\/i0.wp.com\/informatepy.com\/2022\/wp-content\/uploads\/2023\/08\/jose-luis-perales.jpg?fit=1280%2C718&ssl=1","keywords":["destacada"],"articleSection":["Cultura"],"inLanguage":"es","potentialAction":[{"@type":"CommentAction","name":"Comment","target":["https:\/\/informatepy.com\/2022\/2023\/08\/07\/en-ellos-esta-la-verdad\/#respond"]}]},{"@type":"WebPage","@id":"https:\/\/informatepy.com\/2022\/2023\/08\/07\/en-ellos-esta-la-verdad\/","url":"https:\/\/informatepy.com\/2022\/2023\/08\/07\/en-ellos-esta-la-verdad\/","name":"En ellos est\u00e1 la verdad - Informatepy.com","isPartOf":{"@id":"https:\/\/informatepy.com\/2022\/#website"},"primaryImageOfPage":{"@id":"https:\/\/informatepy.com\/2022\/2023\/08\/07\/en-ellos-esta-la-verdad\/#primaryimage"},"image":{"@id":"https:\/\/informatepy.com\/2022\/2023\/08\/07\/en-ellos-esta-la-verdad\/#primaryimage"},"thumbnailUrl":"https:\/\/i0.wp.com\/informatepy.com\/2022\/wp-content\/uploads\/2023\/08\/jose-luis-perales.jpg?fit=1280%2C718&ssl=1","datePublished":"2023-08-07T22:19:43+00:00","dateModified":"2023-08-07T22:19:49+00:00","breadcrumb":{"@id":"https:\/\/informatepy.com\/2022\/2023\/08\/07\/en-ellos-esta-la-verdad\/#breadcrumb"},"inLanguage":"es","potentialAction":[{"@type":"ReadAction","target":["https:\/\/informatepy.com\/2022\/2023\/08\/07\/en-ellos-esta-la-verdad\/"]}]},{"@type":"ImageObject","inLanguage":"es","@id":"https:\/\/informatepy.com\/2022\/2023\/08\/07\/en-ellos-esta-la-verdad\/#primaryimage","url":"https:\/\/i0.wp.com\/informatepy.com\/2022\/wp-content\/uploads\/2023\/08\/jose-luis-perales.jpg?fit=1280%2C718&ssl=1","contentUrl":"https:\/\/i0.wp.com\/informatepy.com\/2022\/wp-content\/uploads\/2023\/08\/jose-luis-perales.jpg?fit=1280%2C718&ssl=1","width":1280,"height":718},{"@type":"BreadcrumbList","@id":"https:\/\/informatepy.com\/2022\/2023\/08\/07\/en-ellos-esta-la-verdad\/#breadcrumb","itemListElement":[{"@type":"ListItem","position":1,"name":"Portada","item":"https:\/\/informatepy.com\/2022\/"},{"@type":"ListItem","position":2,"name":"En ellos est\u00e1 la verdad"}]},{"@type":"WebSite","@id":"https:\/\/informatepy.com\/2022\/#website","url":"https:\/\/informatepy.com\/2022\/","name":"Informatepy.com","description":"La verdad, siempre!","publisher":{"@id":"https:\/\/informatepy.com\/2022\/#organization"},"potentialAction":[{"@type":"SearchAction","target":{"@type":"EntryPoint","urlTemplate":"https:\/\/informatepy.com\/2022\/?s={search_term_string}"},"query-input":{"@type":"PropertyValueSpecification","valueRequired":true,"valueName":"search_term_string"}}],"inLanguage":"es"},{"@type":"Organization","@id":"https:\/\/informatepy.com\/2022\/#organization","name":"Informatepy.com","url":"https:\/\/informatepy.com\/2022\/","logo":{"@type":"ImageObject","inLanguage":"es","@id":"https:\/\/informatepy.com\/2022\/#\/schema\/logo\/image\/","url":"https:\/\/i0.wp.com\/informatepy.com\/2022\/wp-content\/uploads\/2022\/09\/informatepy150-2.png?fit=589%2C150","contentUrl":"https:\/\/i0.wp.com\/informatepy.com\/2022\/wp-content\/uploads\/2022\/09\/informatepy150-2.png?fit=589%2C150","width":589,"height":150,"caption":"Informatepy.com"},"image":{"@id":"https:\/\/informatepy.com\/2022\/#\/schema\/logo\/image\/"},"sameAs":["https:\/\/www.facebook.com\/InformatePyCom","https:\/\/x.com\/InformatePy1"]},{"@type":"Person","@id":"https:\/\/informatepy.com\/2022\/#\/schema\/person\/5b692acf657c7c746407265548bb422c","name":"Sebasti\u00e1n \u00c1lvarez Albanell","image":{"@type":"ImageObject","inLanguage":"es","@id":"https:\/\/i0.wp.com\/informatepy.com\/2022\/wp-content\/uploads\/2022\/08\/sebastian-alvarez.jpg?fit=96%2C68&ssl=161a0702534c2c6d5f5a0d8f2e0866cc5","url":"https:\/\/i0.wp.com\/informatepy.com\/2022\/wp-content\/uploads\/2022\/08\/sebastian-alvarez.jpg?fit=96%2C68&ssl=1","contentUrl":"https:\/\/i0.wp.com\/informatepy.com\/2022\/wp-content\/uploads\/2022\/08\/sebastian-alvarez.jpg?fit=96%2C68&ssl=1","caption":"Sebasti\u00e1n \u00c1lvarez Albanell"},"sameAs":["https:\/\/x.com\/https:\/\/twitter.com\/sebaalvareza"],"url":"https:\/\/informatepy.com\/2022\/author\/salvarez\/"}]}},"jetpack_featured_media_url":"https:\/\/i0.wp.com\/informatepy.com\/2022\/wp-content\/uploads\/2023\/08\/jose-luis-perales.jpg?fit=1280%2C718&ssl=1","jetpack-related-posts":[],"jetpack_sharing_enabled":true,"jetpack_likes_enabled":true,"authors":[{"term_id":1232,"user_id":24,"is_guest":0,"slug":"salvarez","display_name":"Sebasti\u00e1n \u00c1lvarez Albanell","avatar_url":"https:\/\/i0.wp.com\/informatepy.com\/2022\/wp-content\/uploads\/2022\/08\/sebastian-alvarez.jpg?fit=96%2C68&ssl=1","0":null,"1":"","2":"","3":"","4":"","5":"","6":"","7":"","8":""}],"amp_enabled":true,"_links":{"self":[{"href":"https:\/\/informatepy.com\/2022\/wp-json\/wp\/v2\/posts\/20297","targetHints":{"allow":["GET"]}}],"collection":[{"href":"https:\/\/informatepy.com\/2022\/wp-json\/wp\/v2\/posts"}],"about":[{"href":"https:\/\/informatepy.com\/2022\/wp-json\/wp\/v2\/types\/post"}],"author":[{"embeddable":true,"href":"https:\/\/informatepy.com\/2022\/wp-json\/wp\/v2\/users\/24"}],"replies":[{"embeddable":true,"href":"https:\/\/informatepy.com\/2022\/wp-json\/wp\/v2\/comments?post=20297"}],"version-history":[{"count":1,"href":"https:\/\/informatepy.com\/2022\/wp-json\/wp\/v2\/posts\/20297\/revisions"}],"predecessor-version":[{"id":20299,"href":"https:\/\/informatepy.com\/2022\/wp-json\/wp\/v2\/posts\/20297\/revisions\/20299"}],"wp:featuredmedia":[{"embeddable":true,"href":"https:\/\/informatepy.com\/2022\/wp-json\/wp\/v2\/media\/20298"}],"wp:attachment":[{"href":"https:\/\/informatepy.com\/2022\/wp-json\/wp\/v2\/media?parent=20297"}],"wp:term":[{"taxonomy":"category","embeddable":true,"href":"https:\/\/informatepy.com\/2022\/wp-json\/wp\/v2\/categories?post=20297"},{"taxonomy":"post_tag","embeddable":true,"href":"https:\/\/informatepy.com\/2022\/wp-json\/wp\/v2\/tags?post=20297"},{"taxonomy":"author","embeddable":true,"href":"https:\/\/informatepy.com\/2022\/wp-json\/wp\/v2\/ppma_author?post=20297"}],"curies":[{"name":"wp","href":"https:\/\/api.w.org\/{rel}","templated":true}]}}