{"id":19862,"date":"2023-07-10T08:50:08","date_gmt":"2023-07-10T11:50:08","guid":{"rendered":"https:\/\/informatepy.com\/2022\/?p=19862"},"modified":"2023-07-10T08:50:13","modified_gmt":"2023-07-10T11:50:13","slug":"bolsonaro-rescata-del-archivo-un-evento-que-puede-cambiar-su-situacion-politica","status":"publish","type":"post","link":"https:\/\/informatepy.com\/2022\/2023\/07\/10\/bolsonaro-rescata-del-archivo-un-evento-que-puede-cambiar-su-situacion-politica\/","title":{"rendered":"Bolsonaro rescata del archivo un evento que puede cambiar su situaci\u00f3n pol\u00edtica"},"content":{"rendered":"\n<p class=\"has-text-align-justify\">Un informe de \u00abFolha\u00bb, del 22 de marzo de 2016, tiempo en que ya se hab\u00eda iniciado en el Congreso Nacional el proceso de destituci\u00f3n contra Dilma Rousseff, fue recordado por el expresidente Jair Bolsonaro.<\/p>\n\n\n\n<p class=\"has-text-align-justify\">El titular de entonces rezaba: <strong><em>\u00abDilma invit\u00f3 a embajadores extranjeros a un evento en su apoyo\u00bb<\/em><\/strong>.<\/p>\n\n\n\n<figure class=\"wp-block-image size-full\"><img data-recalc-dims=\"1\" loading=\"lazy\" decoding=\"async\" width=\"650\" height=\"650\" src=\"https:\/\/i0.wp.com\/informatepy.com\/2022\/wp-content\/uploads\/2023\/07\/imagen.png?resize=650%2C650&#038;ssl=1\" alt=\"\" class=\"wp-image-19863\" srcset=\"https:\/\/i0.wp.com\/informatepy.com\/2022\/wp-content\/uploads\/2023\/07\/imagen.png?w=650&amp;ssl=1 650w, https:\/\/i0.wp.com\/informatepy.com\/2022\/wp-content\/uploads\/2023\/07\/imagen.png?resize=300%2C300&amp;ssl=1 300w, https:\/\/i0.wp.com\/informatepy.com\/2022\/wp-content\/uploads\/2023\/07\/imagen.png?resize=150%2C150&amp;ssl=1 150w, https:\/\/i0.wp.com\/informatepy.com\/2022\/wp-content\/uploads\/2023\/07\/imagen.png?resize=600%2C600&amp;ssl=1 600w, https:\/\/i0.wp.com\/informatepy.com\/2022\/wp-content\/uploads\/2023\/07\/imagen.png?resize=420%2C420&amp;ssl=1 420w, https:\/\/i0.wp.com\/informatepy.com\/2022\/wp-content\/uploads\/2023\/07\/imagen.png?resize=100%2C100&amp;ssl=1 100w\" sizes=\"auto, (max-width: 650px) 100vw, 650px\" \/><\/figure>\n\n\n\n<p class=\"has-text-align-justify\">Curiosamente, esta reuni\u00f3n del Dilma con los embajadores fue transmitida a todo el pa\u00eds, en vivo, por <strong>TV Brasil<\/strong>, pero en este caso nadie dijo nada, contrario a lo sucedido con Jair Bolsonaro, quien por el mismo hecho result\u00f3 siendo <strong><em>\u00abno elegible\u00bb<\/em><\/strong> por el t\u00e9rmino de 8 a\u00f1os.<\/p>\n\n\n\n<p class=\"has-text-align-justify\">Incluso, es importante mencionar que a pesar del juicio pol\u00edtico contra Rousseff, una decisi\u00f3n del Supremo Tribunal Federal (STF) termin\u00f3 benefici\u00e1ndola y mantuvo sus derechos pol\u00edticos, lo que le permiti\u00f3 continuar participando en procesos electorales.<\/p>\n\n\n\n<p class=\"has-text-align-justify\">Este hecho, el rescate de los archivos de la reuni\u00f3n de Dilma Rousseff con embajadores abre una nueva posibilidad de revertir el injusto fallo del STF.<\/p>\n","protected":false},"excerpt":{"rendered":"<p>Un informe de \u00abFolha\u00bb, del 22 de marzo de 2016, tiempo en que ya se hab\u00eda iniciado en el Congreso Nacional el proceso de destituci\u00f3n contra Dilma Rousseff, fue recordado por el expresidente Jair Bolsonaro. El titular de entonces rezaba: \u00abDilma invit\u00f3 a embajadores extranjeros a un evento en su apoyo\u00bb. Curiosamente, esta reuni\u00f3n del [&hellip;]<\/p>\n","protected":false},"author":3,"featured_media":6150,"comment_status":"open","ping_status":"open","sticky":false,"template":"","format":"standard","meta":{"tdm_status":"","tdm_grid_status":"","footnotes":"","jetpack_publicize_message":"","jetpack_publicize_feature_enabled":false,"jetpack_social_post_already_shared":false,"jetpack_social_options":{"image_generator_settings":{"template":"highway","enabled":false}}},"categories":[14],"tags":[387,328,871,494],"ppma_author":[1037],"class_list":{"0":"post-19862","1":"post","2":"type-post","3":"status-publish","4":"format-standard","5":"has-post-thumbnail","7":"category-mundo","8":"tag-bolsonaro","9":"tag-brasil","10":"tag-destacada","11":"tag-jair-bolsonaro"},"jetpack_publicize_connections":[],"yoast_head":"<!-- This site is optimized with the Yoast SEO plugin v27.4 - https:\/\/yoast.com\/product\/yoast-seo-wordpress\/ -->\n<title>Bolsonaro rescata del archivo un evento que puede cambiar su situaci\u00f3n pol\u00edtica - Informatepy.com<\/title>\n<meta name=\"robots\" content=\"index, follow, max-snippet:-1, max-image-preview:large, max-video-preview:-1\" \/>\n<link rel=\"canonical\" href=\"https:\/\/informatepy.com\/2022\/2023\/07\/10\/bolsonaro-rescata-del-archivo-un-evento-que-puede-cambiar-su-situacion-politica\/\" \/>\n<meta property=\"og:locale\" content=\"es_ES\" \/>\n<meta property=\"og:type\" content=\"article\" \/>\n<meta property=\"og:title\" content=\"Bolsonaro rescata del archivo un evento que puede cambiar su situaci\u00f3n pol\u00edtica - Informatepy.com\" \/>\n<meta property=\"og:description\" content=\"Un informe de \u00abFolha\u00bb, del 22 de marzo de 2016, tiempo en que ya se hab\u00eda iniciado en el Congreso Nacional el proceso de destituci\u00f3n contra Dilma Rousseff, fue recordado por el expresidente Jair Bolsonaro. El titular de entonces rezaba: \u00abDilma invit\u00f3 a embajadores extranjeros a un evento en su apoyo\u00bb. Curiosamente, esta reuni\u00f3n del [&hellip;]\" \/>\n<meta property=\"og:url\" content=\"https:\/\/informatepy.com\/2022\/2023\/07\/10\/bolsonaro-rescata-del-archivo-un-evento-que-puede-cambiar-su-situacion-politica\/\" \/>\n<meta property=\"og:site_name\" content=\"Informatepy.com\" \/>\n<meta property=\"article:publisher\" content=\"https:\/\/www.facebook.com\/InformatePyCom\" \/>\n<meta property=\"article:author\" content=\"https:\/\/www.facebook.com\/InformatePyCom\" \/>\n<meta property=\"article:published_time\" content=\"2023-07-10T11:50:08+00:00\" \/>\n<meta property=\"article:modified_time\" content=\"2023-07-10T11:50:13+00:00\" \/>\n<meta property=\"og:image\" content=\"https:\/\/informatepy.com\/2022\/wp-content\/uploads\/2021\/12\/bolsonaro-time-magazine.jpg\" \/>\n\t<meta property=\"og:image:width\" content=\"1500\" \/>\n\t<meta property=\"og:image:height\" content=\"954\" \/>\n\t<meta property=\"og:image:type\" content=\"image\/jpeg\" \/>\n<meta name=\"author\" content=\"Redacci\u00f3n\" \/>\n<meta name=\"twitter:card\" content=\"summary_large_image\" \/>\n<meta name=\"twitter:creator\" content=\"@https:\/\/twitter.com\/InformatePy1\" \/>\n<meta name=\"twitter:site\" content=\"@InformatePy1\" \/>\n<meta name=\"twitter:label1\" content=\"Escrito por\" \/>\n\t<meta name=\"twitter:data1\" content=\"Redacci\u00f3n\" \/>\n\t<meta name=\"twitter:label2\" content=\"Tiempo de lectura\" \/>\n\t<meta name=\"twitter:data2\" content=\"1 minuto\" \/>\n<script type=\"application\/ld+json\" class=\"yoast-schema-graph\">{\"@context\":\"https:\\\/\\\/schema.org\",\"@graph\":[{\"@type\":\"Article\",\"@id\":\"https:\\\/\\\/informatepy.com\\\/2022\\\/2023\\\/07\\\/10\\\/bolsonaro-rescata-del-archivo-un-evento-que-puede-cambiar-su-situacion-politica\\\/#article\",\"isPartOf\":{\"@id\":\"https:\\\/\\\/informatepy.com\\\/2022\\\/2023\\\/07\\\/10\\\/bolsonaro-rescata-del-archivo-un-evento-que-puede-cambiar-su-situacion-politica\\\/\"},\"author\":{\"name\":\"Redacci\u00f3n\",\"@id\":\"https:\\\/\\\/informatepy.com\\\/2022\\\/#\\\/schema\\\/person\\\/e7c5b605ddfb77041eeddff4d93b26af\"},\"headline\":\"Bolsonaro rescata del archivo un evento que puede cambiar su situaci\u00f3n pol\u00edtica\",\"datePublished\":\"2023-07-10T11:50:08+00:00\",\"dateModified\":\"2023-07-10T11:50:13+00:00\",\"mainEntityOfPage\":{\"@id\":\"https:\\\/\\\/informatepy.com\\\/2022\\\/2023\\\/07\\\/10\\\/bolsonaro-rescata-del-archivo-un-evento-que-puede-cambiar-su-situacion-politica\\\/\"},\"wordCount\":182,\"commentCount\":0,\"publisher\":{\"@id\":\"https:\\\/\\\/informatepy.com\\\/2022\\\/#organization\"},\"image\":{\"@id\":\"https:\\\/\\\/informatepy.com\\\/2022\\\/2023\\\/07\\\/10\\\/bolsonaro-rescata-del-archivo-un-evento-que-puede-cambiar-su-situacion-politica\\\/#primaryimage\"},\"thumbnailUrl\":\"https:\\\/\\\/i0.wp.com\\\/informatepy.com\\\/2022\\\/wp-content\\\/uploads\\\/2021\\\/12\\\/bolsonaro-time-magazine.jpg?fit=1500%2C954&ssl=1\",\"keywords\":[\"bolsonaro\",\"brasil\",\"destacada\",\"jair bolsonaro\"],\"articleSection\":[\"Mundo\"],\"inLanguage\":\"es\",\"potentialAction\":[{\"@type\":\"CommentAction\",\"name\":\"Comment\",\"target\":[\"https:\\\/\\\/informatepy.com\\\/2022\\\/2023\\\/07\\\/10\\\/bolsonaro-rescata-del-archivo-un-evento-que-puede-cambiar-su-situacion-politica\\\/#respond\"]}]},{\"@type\":\"WebPage\",\"@id\":\"https:\\\/\\\/informatepy.com\\\/2022\\\/2023\\\/07\\\/10\\\/bolsonaro-rescata-del-archivo-un-evento-que-puede-cambiar-su-situacion-politica\\\/\",\"url\":\"https:\\\/\\\/informatepy.com\\\/2022\\\/2023\\\/07\\\/10\\\/bolsonaro-rescata-del-archivo-un-evento-que-puede-cambiar-su-situacion-politica\\\/\",\"name\":\"Bolsonaro rescata del archivo un evento que puede cambiar su situaci\u00f3n pol\u00edtica - Informatepy.com\",\"isPartOf\":{\"@id\":\"https:\\\/\\\/informatepy.com\\\/2022\\\/#website\"},\"primaryImageOfPage\":{\"@id\":\"https:\\\/\\\/informatepy.com\\\/2022\\\/2023\\\/07\\\/10\\\/bolsonaro-rescata-del-archivo-un-evento-que-puede-cambiar-su-situacion-politica\\\/#primaryimage\"},\"image\":{\"@id\":\"https:\\\/\\\/informatepy.com\\\/2022\\\/2023\\\/07\\\/10\\\/bolsonaro-rescata-del-archivo-un-evento-que-puede-cambiar-su-situacion-politica\\\/#primaryimage\"},\"thumbnailUrl\":\"https:\\\/\\\/i0.wp.com\\\/informatepy.com\\\/2022\\\/wp-content\\\/uploads\\\/2021\\\/12\\\/bolsonaro-time-magazine.jpg?fit=1500%2C954&ssl=1\",\"datePublished\":\"2023-07-10T11:50:08+00:00\",\"dateModified\":\"2023-07-10T11:50:13+00:00\",\"breadcrumb\":{\"@id\":\"https:\\\/\\\/informatepy.com\\\/2022\\\/2023\\\/07\\\/10\\\/bolsonaro-rescata-del-archivo-un-evento-que-puede-cambiar-su-situacion-politica\\\/#breadcrumb\"},\"inLanguage\":\"es\",\"potentialAction\":[{\"@type\":\"ReadAction\",\"target\":[\"https:\\\/\\\/informatepy.com\\\/2022\\\/2023\\\/07\\\/10\\\/bolsonaro-rescata-del-archivo-un-evento-que-puede-cambiar-su-situacion-politica\\\/\"]}]},{\"@type\":\"ImageObject\",\"inLanguage\":\"es\",\"@id\":\"https:\\\/\\\/informatepy.com\\\/2022\\\/2023\\\/07\\\/10\\\/bolsonaro-rescata-del-archivo-un-evento-que-puede-cambiar-su-situacion-politica\\\/#primaryimage\",\"url\":\"https:\\\/\\\/i0.wp.com\\\/informatepy.com\\\/2022\\\/wp-content\\\/uploads\\\/2021\\\/12\\\/bolsonaro-time-magazine.jpg?fit=1500%2C954&ssl=1\",\"contentUrl\":\"https:\\\/\\\/i0.wp.com\\\/informatepy.com\\\/2022\\\/wp-content\\\/uploads\\\/2021\\\/12\\\/bolsonaro-time-magazine.jpg?fit=1500%2C954&ssl=1\",\"width\":1500,\"height\":954,\"caption\":\"RJ - BOLSONARO\\\/RIO\\\/EVENTO MILITAR - POL\u00cdTICA - O presidente eleito da Rep\u00fablica, Jair Bolsonaro (PSL), participa de uma cerim\u00f4nia do anivers\u00e1rio de 73 anos da brigada da Infantaria de Paraquedista, na Vila Militar, em Deodoro, zona oeste do Rio, na manh\u00e3 deste s\u00e1bado, 24. Tamb\u00e9m est\u00e3o no local o General Augusto Heleno, indicado para ministro do Gabinete de Seguran\u00e7a Institucional, o general da reserva Fernando Azevedo e Silva, que ser\u00e1 o ministro da Defesa, o governador eleito pelo Rio, Wilson Witzel, e o interventor federal na seguran\u00e7a do Rio, general Braga Neto. 24\\\/11\\\/2015 - Foto: F\u00c1BIO MOTTA\\\/ESTAD\u00c3O CONTE\u00daDO\"},{\"@type\":\"BreadcrumbList\",\"@id\":\"https:\\\/\\\/informatepy.com\\\/2022\\\/2023\\\/07\\\/10\\\/bolsonaro-rescata-del-archivo-un-evento-que-puede-cambiar-su-situacion-politica\\\/#breadcrumb\",\"itemListElement\":[{\"@type\":\"ListItem\",\"position\":1,\"name\":\"Portada\",\"item\":\"https:\\\/\\\/informatepy.com\\\/2022\\\/\"},{\"@type\":\"ListItem\",\"position\":2,\"name\":\"Bolsonaro rescata del archivo un evento que puede cambiar su situaci\u00f3n pol\u00edtica\"}]},{\"@type\":\"WebSite\",\"@id\":\"https:\\\/\\\/informatepy.com\\\/2022\\\/#website\",\"url\":\"https:\\\/\\\/informatepy.com\\\/2022\\\/\",\"name\":\"Informatepy.com\",\"description\":\"La verdad, siempre!\",\"publisher\":{\"@id\":\"https:\\\/\\\/informatepy.com\\\/2022\\\/#organization\"},\"potentialAction\":[{\"@type\":\"SearchAction\",\"target\":{\"@type\":\"EntryPoint\",\"urlTemplate\":\"https:\\\/\\\/informatepy.com\\\/2022\\\/?s={search_term_string}\"},\"query-input\":{\"@type\":\"PropertyValueSpecification\",\"valueRequired\":true,\"valueName\":\"search_term_string\"}}],\"inLanguage\":\"es\"},{\"@type\":\"Organization\",\"@id\":\"https:\\\/\\\/informatepy.com\\\/2022\\\/#organization\",\"name\":\"Informatepy.com\",\"url\":\"https:\\\/\\\/informatepy.com\\\/2022\\\/\",\"logo\":{\"@type\":\"ImageObject\",\"inLanguage\":\"es\",\"@id\":\"https:\\\/\\\/informatepy.com\\\/2022\\\/#\\\/schema\\\/logo\\\/image\\\/\",\"url\":\"https:\\\/\\\/i0.wp.com\\\/informatepy.com\\\/2022\\\/wp-content\\\/uploads\\\/2022\\\/09\\\/informatepy150-2.png?fit=589%2C150\",\"contentUrl\":\"https:\\\/\\\/i0.wp.com\\\/informatepy.com\\\/2022\\\/wp-content\\\/uploads\\\/2022\\\/09\\\/informatepy150-2.png?fit=589%2C150\",\"width\":589,\"height\":150,\"caption\":\"Informatepy.com\"},\"image\":{\"@id\":\"https:\\\/\\\/informatepy.com\\\/2022\\\/#\\\/schema\\\/logo\\\/image\\\/\"},\"sameAs\":[\"https:\\\/\\\/www.facebook.com\\\/InformatePyCom\",\"https:\\\/\\\/x.com\\\/InformatePy1\"]},{\"@type\":\"Person\",\"@id\":\"https:\\\/\\\/informatepy.com\\\/2022\\\/#\\\/schema\\\/person\\\/e7c5b605ddfb77041eeddff4d93b26af\",\"name\":\"Redacci\u00f3n\",\"image\":{\"@type\":\"ImageObject\",\"inLanguage\":\"es\",\"@id\":\"https:\\\/\\\/informatepy.com\\\/2022\\\/wp-content\\\/uploads\\\/2023\\\/04\\\/Isologo-sin-fondo.pngce0c1b6da06ae20abaff417c2cdeea83\",\"url\":\"https:\\\/\\\/informatepy.com\\\/2022\\\/wp-content\\\/uploads\\\/2023\\\/04\\\/Isologo-sin-fondo.png\",\"contentUrl\":\"https:\\\/\\\/informatepy.com\\\/2022\\\/wp-content\\\/uploads\\\/2023\\\/04\\\/Isologo-sin-fondo.png\",\"caption\":\"Redacci\u00f3n\"},\"sameAs\":[\"https:\\\/\\\/www.facebook.com\\\/InformatePyCom\",\"https:\\\/\\\/x.com\\\/https:\\\/\\\/twitter.com\\\/InformatePy1\"],\"url\":\"https:\\\/\\\/informatepy.com\\\/2022\\\/author\\\/redaccion\\\/\"}]}<\/script>\n<!-- \/ Yoast SEO plugin. -->","yoast_head_json":{"title":"Bolsonaro rescata del archivo un evento que puede cambiar su situaci\u00f3n pol\u00edtica - Informatepy.com","robots":{"index":"index","follow":"follow","max-snippet":"max-snippet:-1","max-image-preview":"max-image-preview:large","max-video-preview":"max-video-preview:-1"},"canonical":"https:\/\/informatepy.com\/2022\/2023\/07\/10\/bolsonaro-rescata-del-archivo-un-evento-que-puede-cambiar-su-situacion-politica\/","og_locale":"es_ES","og_type":"article","og_title":"Bolsonaro rescata del archivo un evento que puede cambiar su situaci\u00f3n pol\u00edtica - Informatepy.com","og_description":"Un informe de \u00abFolha\u00bb, del 22 de marzo de 2016, tiempo en que ya se hab\u00eda iniciado en el Congreso Nacional el proceso de destituci\u00f3n contra Dilma Rousseff, fue recordado por el expresidente Jair Bolsonaro. El titular de entonces rezaba: \u00abDilma invit\u00f3 a embajadores extranjeros a un evento en su apoyo\u00bb. Curiosamente, esta reuni\u00f3n del [&hellip;]","og_url":"https:\/\/informatepy.com\/2022\/2023\/07\/10\/bolsonaro-rescata-del-archivo-un-evento-que-puede-cambiar-su-situacion-politica\/","og_site_name":"Informatepy.com","article_publisher":"https:\/\/www.facebook.com\/InformatePyCom","article_author":"https:\/\/www.facebook.com\/InformatePyCom","article_published_time":"2023-07-10T11:50:08+00:00","article_modified_time":"2023-07-10T11:50:13+00:00","og_image":[{"width":1500,"height":954,"url":"https:\/\/informatepy.com\/2022\/wp-content\/uploads\/2021\/12\/bolsonaro-time-magazine.jpg","type":"image\/jpeg"}],"author":"Redacci\u00f3n","twitter_card":"summary_large_image","twitter_creator":"@https:\/\/twitter.com\/InformatePy1","twitter_site":"@InformatePy1","twitter_misc":{"Escrito por":"Redacci\u00f3n","Tiempo de lectura":"1 minuto"},"schema":{"@context":"https:\/\/schema.org","@graph":[{"@type":"Article","@id":"https:\/\/informatepy.com\/2022\/2023\/07\/10\/bolsonaro-rescata-del-archivo-un-evento-que-puede-cambiar-su-situacion-politica\/#article","isPartOf":{"@id":"https:\/\/informatepy.com\/2022\/2023\/07\/10\/bolsonaro-rescata-del-archivo-un-evento-que-puede-cambiar-su-situacion-politica\/"},"author":{"name":"Redacci\u00f3n","@id":"https:\/\/informatepy.com\/2022\/#\/schema\/person\/e7c5b605ddfb77041eeddff4d93b26af"},"headline":"Bolsonaro rescata del archivo un evento que puede cambiar su situaci\u00f3n pol\u00edtica","datePublished":"2023-07-10T11:50:08+00:00","dateModified":"2023-07-10T11:50:13+00:00","mainEntityOfPage":{"@id":"https:\/\/informatepy.com\/2022\/2023\/07\/10\/bolsonaro-rescata-del-archivo-un-evento-que-puede-cambiar-su-situacion-politica\/"},"wordCount":182,"commentCount":0,"publisher":{"@id":"https:\/\/informatepy.com\/2022\/#organization"},"image":{"@id":"https:\/\/informatepy.com\/2022\/2023\/07\/10\/bolsonaro-rescata-del-archivo-un-evento-que-puede-cambiar-su-situacion-politica\/#primaryimage"},"thumbnailUrl":"https:\/\/i0.wp.com\/informatepy.com\/2022\/wp-content\/uploads\/2021\/12\/bolsonaro-time-magazine.jpg?fit=1500%2C954&ssl=1","keywords":["bolsonaro","brasil","destacada","jair bolsonaro"],"articleSection":["Mundo"],"inLanguage":"es","potentialAction":[{"@type":"CommentAction","name":"Comment","target":["https:\/\/informatepy.com\/2022\/2023\/07\/10\/bolsonaro-rescata-del-archivo-un-evento-que-puede-cambiar-su-situacion-politica\/#respond"]}]},{"@type":"WebPage","@id":"https:\/\/informatepy.com\/2022\/2023\/07\/10\/bolsonaro-rescata-del-archivo-un-evento-que-puede-cambiar-su-situacion-politica\/","url":"https:\/\/informatepy.com\/2022\/2023\/07\/10\/bolsonaro-rescata-del-archivo-un-evento-que-puede-cambiar-su-situacion-politica\/","name":"Bolsonaro rescata del archivo un evento que puede cambiar su situaci\u00f3n pol\u00edtica - Informatepy.com","isPartOf":{"@id":"https:\/\/informatepy.com\/2022\/#website"},"primaryImageOfPage":{"@id":"https:\/\/informatepy.com\/2022\/2023\/07\/10\/bolsonaro-rescata-del-archivo-un-evento-que-puede-cambiar-su-situacion-politica\/#primaryimage"},"image":{"@id":"https:\/\/informatepy.com\/2022\/2023\/07\/10\/bolsonaro-rescata-del-archivo-un-evento-que-puede-cambiar-su-situacion-politica\/#primaryimage"},"thumbnailUrl":"https:\/\/i0.wp.com\/informatepy.com\/2022\/wp-content\/uploads\/2021\/12\/bolsonaro-time-magazine.jpg?fit=1500%2C954&ssl=1","datePublished":"2023-07-10T11:50:08+00:00","dateModified":"2023-07-10T11:50:13+00:00","breadcrumb":{"@id":"https:\/\/informatepy.com\/2022\/2023\/07\/10\/bolsonaro-rescata-del-archivo-un-evento-que-puede-cambiar-su-situacion-politica\/#breadcrumb"},"inLanguage":"es","potentialAction":[{"@type":"ReadAction","target":["https:\/\/informatepy.com\/2022\/2023\/07\/10\/bolsonaro-rescata-del-archivo-un-evento-que-puede-cambiar-su-situacion-politica\/"]}]},{"@type":"ImageObject","inLanguage":"es","@id":"https:\/\/informatepy.com\/2022\/2023\/07\/10\/bolsonaro-rescata-del-archivo-un-evento-que-puede-cambiar-su-situacion-politica\/#primaryimage","url":"https:\/\/i0.wp.com\/informatepy.com\/2022\/wp-content\/uploads\/2021\/12\/bolsonaro-time-magazine.jpg?fit=1500%2C954&ssl=1","contentUrl":"https:\/\/i0.wp.com\/informatepy.com\/2022\/wp-content\/uploads\/2021\/12\/bolsonaro-time-magazine.jpg?fit=1500%2C954&ssl=1","width":1500,"height":954,"caption":"RJ - BOLSONARO\/RIO\/EVENTO MILITAR - POL\u00cdTICA - O presidente eleito da Rep\u00fablica, Jair Bolsonaro (PSL), participa de uma cerim\u00f4nia do anivers\u00e1rio de 73 anos da brigada da Infantaria de Paraquedista, na Vila Militar, em Deodoro, zona oeste do Rio, na manh\u00e3 deste s\u00e1bado, 24. Tamb\u00e9m est\u00e3o no local o General Augusto Heleno, indicado para ministro do Gabinete de Seguran\u00e7a Institucional, o general da reserva Fernando Azevedo e Silva, que ser\u00e1 o ministro da Defesa, o governador eleito pelo Rio, Wilson Witzel, e o interventor federal na seguran\u00e7a do Rio, general Braga Neto. 24\/11\/2015 - Foto: F\u00c1BIO MOTTA\/ESTAD\u00c3O CONTE\u00daDO"},{"@type":"BreadcrumbList","@id":"https:\/\/informatepy.com\/2022\/2023\/07\/10\/bolsonaro-rescata-del-archivo-un-evento-que-puede-cambiar-su-situacion-politica\/#breadcrumb","itemListElement":[{"@type":"ListItem","position":1,"name":"Portada","item":"https:\/\/informatepy.com\/2022\/"},{"@type":"ListItem","position":2,"name":"Bolsonaro rescata del archivo un evento que puede cambiar su situaci\u00f3n pol\u00edtica"}]},{"@type":"WebSite","@id":"https:\/\/informatepy.com\/2022\/#website","url":"https:\/\/informatepy.com\/2022\/","name":"Informatepy.com","description":"La verdad, siempre!","publisher":{"@id":"https:\/\/informatepy.com\/2022\/#organization"},"potentialAction":[{"@type":"SearchAction","target":{"@type":"EntryPoint","urlTemplate":"https:\/\/informatepy.com\/2022\/?s={search_term_string}"},"query-input":{"@type":"PropertyValueSpecification","valueRequired":true,"valueName":"search_term_string"}}],"inLanguage":"es"},{"@type":"Organization","@id":"https:\/\/informatepy.com\/2022\/#organization","name":"Informatepy.com","url":"https:\/\/informatepy.com\/2022\/","logo":{"@type":"ImageObject","inLanguage":"es","@id":"https:\/\/informatepy.com\/2022\/#\/schema\/logo\/image\/","url":"https:\/\/i0.wp.com\/informatepy.com\/2022\/wp-content\/uploads\/2022\/09\/informatepy150-2.png?fit=589%2C150","contentUrl":"https:\/\/i0.wp.com\/informatepy.com\/2022\/wp-content\/uploads\/2022\/09\/informatepy150-2.png?fit=589%2C150","width":589,"height":150,"caption":"Informatepy.com"},"image":{"@id":"https:\/\/informatepy.com\/2022\/#\/schema\/logo\/image\/"},"sameAs":["https:\/\/www.facebook.com\/InformatePyCom","https:\/\/x.com\/InformatePy1"]},{"@type":"Person","@id":"https:\/\/informatepy.com\/2022\/#\/schema\/person\/e7c5b605ddfb77041eeddff4d93b26af","name":"Redacci\u00f3n","image":{"@type":"ImageObject","inLanguage":"es","@id":"https:\/\/informatepy.com\/2022\/wp-content\/uploads\/2023\/04\/Isologo-sin-fondo.pngce0c1b6da06ae20abaff417c2cdeea83","url":"https:\/\/informatepy.com\/2022\/wp-content\/uploads\/2023\/04\/Isologo-sin-fondo.png","contentUrl":"https:\/\/informatepy.com\/2022\/wp-content\/uploads\/2023\/04\/Isologo-sin-fondo.png","caption":"Redacci\u00f3n"},"sameAs":["https:\/\/www.facebook.com\/InformatePyCom","https:\/\/x.com\/https:\/\/twitter.com\/InformatePy1"],"url":"https:\/\/informatepy.com\/2022\/author\/redaccion\/"}]}},"jetpack_featured_media_url":"https:\/\/i0.wp.com\/informatepy.com\/2022\/wp-content\/uploads\/2021\/12\/bolsonaro-time-magazine.jpg?fit=1500%2C954&ssl=1","jetpack-related-posts":[],"jetpack_sharing_enabled":true,"jetpack_likes_enabled":true,"authors":[{"term_id":1037,"user_id":3,"is_guest":0,"slug":"redaccion","display_name":"Redacci\u00f3n","avatar_url":{"url":"https:\/\/informatepy.com\/2022\/wp-content\/uploads\/2023\/04\/Isologo-sin-fondo.png","url2x":"https:\/\/informatepy.com\/2022\/wp-content\/uploads\/2023\/04\/Isologo-sin-fondo.png"},"0":null,"1":"","2":"","3":"","4":"","5":"","6":"","7":"","8":""}],"amp_enabled":true,"_links":{"self":[{"href":"https:\/\/informatepy.com\/2022\/wp-json\/wp\/v2\/posts\/19862","targetHints":{"allow":["GET"]}}],"collection":[{"href":"https:\/\/informatepy.com\/2022\/wp-json\/wp\/v2\/posts"}],"about":[{"href":"https:\/\/informatepy.com\/2022\/wp-json\/wp\/v2\/types\/post"}],"author":[{"embeddable":true,"href":"https:\/\/informatepy.com\/2022\/wp-json\/wp\/v2\/users\/3"}],"replies":[{"embeddable":true,"href":"https:\/\/informatepy.com\/2022\/wp-json\/wp\/v2\/comments?post=19862"}],"version-history":[{"count":1,"href":"https:\/\/informatepy.com\/2022\/wp-json\/wp\/v2\/posts\/19862\/revisions"}],"predecessor-version":[{"id":19864,"href":"https:\/\/informatepy.com\/2022\/wp-json\/wp\/v2\/posts\/19862\/revisions\/19864"}],"wp:featuredmedia":[{"embeddable":true,"href":"https:\/\/informatepy.com\/2022\/wp-json\/wp\/v2\/media\/6150"}],"wp:attachment":[{"href":"https:\/\/informatepy.com\/2022\/wp-json\/wp\/v2\/media?parent=19862"}],"wp:term":[{"taxonomy":"category","embeddable":true,"href":"https:\/\/informatepy.com\/2022\/wp-json\/wp\/v2\/categories?post=19862"},{"taxonomy":"post_tag","embeddable":true,"href":"https:\/\/informatepy.com\/2022\/wp-json\/wp\/v2\/tags?post=19862"},{"taxonomy":"author","embeddable":true,"href":"https:\/\/informatepy.com\/2022\/wp-json\/wp\/v2\/ppma_author?post=19862"}],"curies":[{"name":"wp","href":"https:\/\/api.w.org\/{rel}","templated":true}]}}