{"id":18983,"date":"2023-05-18T06:35:00","date_gmt":"2023-05-18T09:35:00","guid":{"rendered":"https:\/\/informatepy.com\/2022\/?p=18983"},"modified":"2023-05-17T19:38:05","modified_gmt":"2023-05-17T22:38:05","slug":"hugo-richer-reconocio-la-gravedad-de-la-crisis-en-la-izquierda-paraguaya","status":"publish","type":"post","link":"https:\/\/informatepy.com\/2022\/2023\/05\/18\/hugo-richer-reconocio-la-gravedad-de-la-crisis-en-la-izquierda-paraguaya\/","title":{"rendered":"Hugo Richer reconoci\u00f3 la gravedad de la crisis en la izquierda paraguaya"},"content":{"rendered":"\n<p class=\"has-text-align-justify\"><strong>El senador (FG) Hugo Richer manifest\u00f3 que este es un momento pol\u00edtico en que los partidos que conforman el Frente Guas\u00fa se re\u00fanen y dialogan&nbsp;<\/strong>entre sus correligionarios y que posterior a esas conversaciones reci\u00e9n esperan inicien los acercamientos con nuevas propuestas y estrategias de trabajo de cara al futuro.<\/p>\n\n\n\n<p class=\"has-text-align-justify\">El mismo en contacto con la 1080 AM fue consultado por la situaci\u00f3n en general del bloque tras las elecciones generales del pasado 30 de abril, a lo que el mismo respondi\u00f3 de manera tajante:<strong>\u00a0<em>\u201cNo es que el Frente Guas\u00fa ten\u00eda 7 senadores e hizo una elecci\u00f3n que le permiti\u00f3 meter 4, ac\u00e1 los resultados le bajaron a 1, es una crisis de la izquierda y creo que hay que recuperarse que va a llevar su tiempo\u201d<\/em>, <\/strong>reconoci\u00f3.<\/p>\n\n\n\n<p class=\"has-text-align-justify\"><em><strong>\u201cCreo que el Frente Guas\u00fa perdi\u00f3 su visi\u00f3n antihegem\u00f3nica,\u00a0se supone que uno tiene un proyecto alternativo a los partidos tradicionales, es la fuerza progresista y de izquierda y tiene que hacerse visible como tal, se tiene que mostrar de esa manera,\u00a0yo creo que eso se volvi\u00f3 difuso en los \u00faltimos a\u00f1os\u201d<\/strong><\/em>, sentenci\u00f3 el legislador.<\/p>\n\n\n\n<p class=\"has-text-align-justify\">Richer mencion\u00f3 adem\u00e1s que tras el regreso de Fernando Lugo a la presidencia de Frente Guas\u00fa no se cumplieron las premisas que este \u00faltimo hab\u00eda anunciado\u00a0que, por un lado, era la reorganizaci\u00f3n del Frente y por otro la proposici\u00f3n y posterior discusi\u00f3n dentro de los partidos de la posibilidad de que s\u00e9 de un partido unificado.<\/p>\n\n\n\n<p class=\"has-text-align-justify\"><strong><em>\u201cSi en 10 a\u00f1os no se pudo avanzar en un proceso de unidad, en un proyecto que acerque m\u00e1s a la gente, se perdi\u00f3 un tiempo importante\u201d<\/em>,<\/strong>\u00a0subray\u00f3 en otro momento el senador, al tiempo de aceptar de que la gente esperaba que se d\u00e9 una fuerte unidad por parte de ese sector y que esto finalmente no se concret\u00f3.<\/p>\n\n\n\n<p><sub>Con informaci\u00f3n de La Tecla<\/sub><\/p>\n","protected":false},"excerpt":{"rendered":"<p>El senador (FG) Hugo Richer manifest\u00f3 que este es un momento pol\u00edtico en que los partidos que conforman el Frente Guas\u00fa se re\u00fanen y dialogan&nbsp;entre sus correligionarios y que posterior a esas conversaciones reci\u00e9n esperan inicien los acercamientos con nuevas propuestas y estrategias de trabajo de cara al futuro. El mismo en contacto con la [&hellip;]<\/p>\n","protected":false},"author":3,"featured_media":11330,"comment_status":"open","ping_status":"open","sticky":false,"template":"","format":"standard","meta":{"tdm_status":"","tdm_grid_status":"","footnotes":"","jetpack_publicize_message":"","jetpack_publicize_feature_enabled":false,"jetpack_social_post_already_shared":true,"jetpack_social_options":{"image_generator_settings":{"template":"highway","enabled":false}}},"categories":[18],"tags":[871,235,607],"ppma_author":[1037],"class_list":{"0":"post-18983","1":"post","2":"type-post","3":"status-publish","4":"format-standard","5":"has-post-thumbnail","7":"category-nacionales","8":"tag-destacada","9":"tag-frente-guasu","10":"tag-hugo-richer"},"jetpack_publicize_connections":[],"yoast_head":"<!-- This site is optimized with the Yoast SEO plugin v27.5 - https:\/\/yoast.com\/product\/yoast-seo-wordpress\/ -->\n<title>Hugo Richer reconoci\u00f3 la gravedad de la crisis en la izquierda paraguaya - Informatepy.com<\/title>\n<meta name=\"robots\" content=\"index, follow, max-snippet:-1, max-image-preview:large, max-video-preview:-1\" \/>\n<link rel=\"canonical\" href=\"https:\/\/informatepy.com\/2022\/2023\/05\/18\/hugo-richer-reconocio-la-gravedad-de-la-crisis-en-la-izquierda-paraguaya\/\" \/>\n<meta property=\"og:locale\" content=\"es_ES\" \/>\n<meta property=\"og:type\" content=\"article\" \/>\n<meta property=\"og:title\" content=\"Hugo Richer reconoci\u00f3 la gravedad de la crisis en la izquierda paraguaya - Informatepy.com\" \/>\n<meta property=\"og:description\" content=\"El senador (FG) Hugo Richer manifest\u00f3 que este es un momento pol\u00edtico en que los partidos que conforman el Frente Guas\u00fa se re\u00fanen y dialogan&nbsp;entre sus correligionarios y que posterior a esas conversaciones reci\u00e9n esperan inicien los acercamientos con nuevas propuestas y estrategias de trabajo de cara al futuro. El mismo en contacto con la [&hellip;]\" \/>\n<meta property=\"og:url\" content=\"https:\/\/informatepy.com\/2022\/2023\/05\/18\/hugo-richer-reconocio-la-gravedad-de-la-crisis-en-la-izquierda-paraguaya\/\" \/>\n<meta property=\"og:site_name\" content=\"Informatepy.com\" \/>\n<meta property=\"article:publisher\" content=\"https:\/\/www.facebook.com\/InformatePyCom\" \/>\n<meta property=\"article:author\" content=\"https:\/\/www.facebook.com\/InformatePyCom\" \/>\n<meta property=\"article:published_time\" content=\"2023-05-18T09:35:00+00:00\" \/>\n<meta property=\"og:image\" content=\"https:\/\/i0.wp.com\/informatepy.com\/2022\/wp-content\/uploads\/2022\/07\/hugo-richer.jpg?fit=750%2C430&ssl=1\" \/>\n\t<meta property=\"og:image:width\" content=\"750\" \/>\n\t<meta property=\"og:image:height\" content=\"430\" \/>\n\t<meta property=\"og:image:type\" content=\"image\/jpeg\" \/>\n<meta name=\"author\" content=\"Redacci\u00f3n\" \/>\n<meta name=\"twitter:card\" content=\"summary_large_image\" \/>\n<meta name=\"twitter:creator\" content=\"@https:\/\/twitter.com\/InformatePy1\" \/>\n<meta name=\"twitter:site\" content=\"@InformatePy1\" \/>\n<meta name=\"twitter:label1\" content=\"Escrito por\" \/>\n\t<meta name=\"twitter:data1\" content=\"Redacci\u00f3n\" \/>\n\t<meta name=\"twitter:label2\" content=\"Tiempo de lectura\" \/>\n\t<meta name=\"twitter:data2\" content=\"2 minutos\" \/>\n<script type=\"application\/ld+json\" class=\"yoast-schema-graph\">{\"@context\":\"https:\\\/\\\/schema.org\",\"@graph\":[{\"@type\":\"Article\",\"@id\":\"https:\\\/\\\/informatepy.com\\\/2022\\\/2023\\\/05\\\/18\\\/hugo-richer-reconocio-la-gravedad-de-la-crisis-en-la-izquierda-paraguaya\\\/#article\",\"isPartOf\":{\"@id\":\"https:\\\/\\\/informatepy.com\\\/2022\\\/2023\\\/05\\\/18\\\/hugo-richer-reconocio-la-gravedad-de-la-crisis-en-la-izquierda-paraguaya\\\/\"},\"author\":{\"name\":\"Redacci\u00f3n\",\"@id\":\"https:\\\/\\\/informatepy.com\\\/2022\\\/#\\\/schema\\\/person\\\/e7c5b605ddfb77041eeddff4d93b26af\"},\"headline\":\"Hugo Richer reconoci\u00f3 la gravedad de la crisis en la izquierda paraguaya\",\"datePublished\":\"2023-05-18T09:35:00+00:00\",\"mainEntityOfPage\":{\"@id\":\"https:\\\/\\\/informatepy.com\\\/2022\\\/2023\\\/05\\\/18\\\/hugo-richer-reconocio-la-gravedad-de-la-crisis-en-la-izquierda-paraguaya\\\/\"},\"wordCount\":331,\"commentCount\":0,\"publisher\":{\"@id\":\"https:\\\/\\\/informatepy.com\\\/2022\\\/#organization\"},\"image\":{\"@id\":\"https:\\\/\\\/informatepy.com\\\/2022\\\/2023\\\/05\\\/18\\\/hugo-richer-reconocio-la-gravedad-de-la-crisis-en-la-izquierda-paraguaya\\\/#primaryimage\"},\"thumbnailUrl\":\"https:\\\/\\\/i0.wp.com\\\/informatepy.com\\\/2022\\\/wp-content\\\/uploads\\\/2022\\\/07\\\/hugo-richer.jpg?fit=750%2C430&ssl=1\",\"keywords\":[\"destacada\",\"frente guasu\",\"Hugo Richer\"],\"articleSection\":[\"Nacionales\"],\"inLanguage\":\"es\",\"potentialAction\":[{\"@type\":\"CommentAction\",\"name\":\"Comment\",\"target\":[\"https:\\\/\\\/informatepy.com\\\/2022\\\/2023\\\/05\\\/18\\\/hugo-richer-reconocio-la-gravedad-de-la-crisis-en-la-izquierda-paraguaya\\\/#respond\"]}]},{\"@type\":\"WebPage\",\"@id\":\"https:\\\/\\\/informatepy.com\\\/2022\\\/2023\\\/05\\\/18\\\/hugo-richer-reconocio-la-gravedad-de-la-crisis-en-la-izquierda-paraguaya\\\/\",\"url\":\"https:\\\/\\\/informatepy.com\\\/2022\\\/2023\\\/05\\\/18\\\/hugo-richer-reconocio-la-gravedad-de-la-crisis-en-la-izquierda-paraguaya\\\/\",\"name\":\"Hugo Richer reconoci\u00f3 la gravedad de la crisis en la izquierda paraguaya - Informatepy.com\",\"isPartOf\":{\"@id\":\"https:\\\/\\\/informatepy.com\\\/2022\\\/#website\"},\"primaryImageOfPage\":{\"@id\":\"https:\\\/\\\/informatepy.com\\\/2022\\\/2023\\\/05\\\/18\\\/hugo-richer-reconocio-la-gravedad-de-la-crisis-en-la-izquierda-paraguaya\\\/#primaryimage\"},\"image\":{\"@id\":\"https:\\\/\\\/informatepy.com\\\/2022\\\/2023\\\/05\\\/18\\\/hugo-richer-reconocio-la-gravedad-de-la-crisis-en-la-izquierda-paraguaya\\\/#primaryimage\"},\"thumbnailUrl\":\"https:\\\/\\\/i0.wp.com\\\/informatepy.com\\\/2022\\\/wp-content\\\/uploads\\\/2022\\\/07\\\/hugo-richer.jpg?fit=750%2C430&ssl=1\",\"datePublished\":\"2023-05-18T09:35:00+00:00\",\"breadcrumb\":{\"@id\":\"https:\\\/\\\/informatepy.com\\\/2022\\\/2023\\\/05\\\/18\\\/hugo-richer-reconocio-la-gravedad-de-la-crisis-en-la-izquierda-paraguaya\\\/#breadcrumb\"},\"inLanguage\":\"es\",\"potentialAction\":[{\"@type\":\"ReadAction\",\"target\":[\"https:\\\/\\\/informatepy.com\\\/2022\\\/2023\\\/05\\\/18\\\/hugo-richer-reconocio-la-gravedad-de-la-crisis-en-la-izquierda-paraguaya\\\/\"]}]},{\"@type\":\"ImageObject\",\"inLanguage\":\"es\",\"@id\":\"https:\\\/\\\/informatepy.com\\\/2022\\\/2023\\\/05\\\/18\\\/hugo-richer-reconocio-la-gravedad-de-la-crisis-en-la-izquierda-paraguaya\\\/#primaryimage\",\"url\":\"https:\\\/\\\/i0.wp.com\\\/informatepy.com\\\/2022\\\/wp-content\\\/uploads\\\/2022\\\/07\\\/hugo-richer.jpg?fit=750%2C430&ssl=1\",\"contentUrl\":\"https:\\\/\\\/i0.wp.com\\\/informatepy.com\\\/2022\\\/wp-content\\\/uploads\\\/2022\\\/07\\\/hugo-richer.jpg?fit=750%2C430&ssl=1\",\"width\":750,\"height\":430},{\"@type\":\"BreadcrumbList\",\"@id\":\"https:\\\/\\\/informatepy.com\\\/2022\\\/2023\\\/05\\\/18\\\/hugo-richer-reconocio-la-gravedad-de-la-crisis-en-la-izquierda-paraguaya\\\/#breadcrumb\",\"itemListElement\":[{\"@type\":\"ListItem\",\"position\":1,\"name\":\"Portada\",\"item\":\"https:\\\/\\\/informatepy.com\\\/2022\\\/\"},{\"@type\":\"ListItem\",\"position\":2,\"name\":\"Hugo Richer reconoci\u00f3 la gravedad de la crisis en la izquierda paraguaya\"}]},{\"@type\":\"WebSite\",\"@id\":\"https:\\\/\\\/informatepy.com\\\/2022\\\/#website\",\"url\":\"https:\\\/\\\/informatepy.com\\\/2022\\\/\",\"name\":\"Informatepy.com\",\"description\":\"La verdad, siempre!\",\"publisher\":{\"@id\":\"https:\\\/\\\/informatepy.com\\\/2022\\\/#organization\"},\"potentialAction\":[{\"@type\":\"SearchAction\",\"target\":{\"@type\":\"EntryPoint\",\"urlTemplate\":\"https:\\\/\\\/informatepy.com\\\/2022\\\/?s={search_term_string}\"},\"query-input\":{\"@type\":\"PropertyValueSpecification\",\"valueRequired\":true,\"valueName\":\"search_term_string\"}}],\"inLanguage\":\"es\"},{\"@type\":\"Organization\",\"@id\":\"https:\\\/\\\/informatepy.com\\\/2022\\\/#organization\",\"name\":\"Informatepy.com\",\"url\":\"https:\\\/\\\/informatepy.com\\\/2022\\\/\",\"logo\":{\"@type\":\"ImageObject\",\"inLanguage\":\"es\",\"@id\":\"https:\\\/\\\/informatepy.com\\\/2022\\\/#\\\/schema\\\/logo\\\/image\\\/\",\"url\":\"https:\\\/\\\/i0.wp.com\\\/informatepy.com\\\/2022\\\/wp-content\\\/uploads\\\/2022\\\/09\\\/informatepy150-2.png?fit=589%2C150\",\"contentUrl\":\"https:\\\/\\\/i0.wp.com\\\/informatepy.com\\\/2022\\\/wp-content\\\/uploads\\\/2022\\\/09\\\/informatepy150-2.png?fit=589%2C150\",\"width\":589,\"height\":150,\"caption\":\"Informatepy.com\"},\"image\":{\"@id\":\"https:\\\/\\\/informatepy.com\\\/2022\\\/#\\\/schema\\\/logo\\\/image\\\/\"},\"sameAs\":[\"https:\\\/\\\/www.facebook.com\\\/InformatePyCom\",\"https:\\\/\\\/x.com\\\/InformatePy1\"]},{\"@type\":\"Person\",\"@id\":\"https:\\\/\\\/informatepy.com\\\/2022\\\/#\\\/schema\\\/person\\\/e7c5b605ddfb77041eeddff4d93b26af\",\"name\":\"Redacci\u00f3n\",\"image\":{\"@type\":\"ImageObject\",\"inLanguage\":\"es\",\"@id\":\"https:\\\/\\\/informatepy.com\\\/2022\\\/wp-content\\\/uploads\\\/2023\\\/04\\\/Isologo-sin-fondo.pngce0c1b6da06ae20abaff417c2cdeea83\",\"url\":\"https:\\\/\\\/informatepy.com\\\/2022\\\/wp-content\\\/uploads\\\/2023\\\/04\\\/Isologo-sin-fondo.png\",\"contentUrl\":\"https:\\\/\\\/informatepy.com\\\/2022\\\/wp-content\\\/uploads\\\/2023\\\/04\\\/Isologo-sin-fondo.png\",\"caption\":\"Redacci\u00f3n\"},\"sameAs\":[\"https:\\\/\\\/www.facebook.com\\\/InformatePyCom\",\"https:\\\/\\\/x.com\\\/https:\\\/\\\/twitter.com\\\/InformatePy1\"],\"url\":\"https:\\\/\\\/informatepy.com\\\/2022\\\/author\\\/redaccion\\\/\"}]}<\/script>\n<!-- \/ Yoast SEO plugin. -->","yoast_head_json":{"title":"Hugo Richer reconoci\u00f3 la gravedad de la crisis en la izquierda paraguaya - Informatepy.com","robots":{"index":"index","follow":"follow","max-snippet":"max-snippet:-1","max-image-preview":"max-image-preview:large","max-video-preview":"max-video-preview:-1"},"canonical":"https:\/\/informatepy.com\/2022\/2023\/05\/18\/hugo-richer-reconocio-la-gravedad-de-la-crisis-en-la-izquierda-paraguaya\/","og_locale":"es_ES","og_type":"article","og_title":"Hugo Richer reconoci\u00f3 la gravedad de la crisis en la izquierda paraguaya - Informatepy.com","og_description":"El senador (FG) Hugo Richer manifest\u00f3 que este es un momento pol\u00edtico en que los partidos que conforman el Frente Guas\u00fa se re\u00fanen y dialogan&nbsp;entre sus correligionarios y que posterior a esas conversaciones reci\u00e9n esperan inicien los acercamientos con nuevas propuestas y estrategias de trabajo de cara al futuro. El mismo en contacto con la [&hellip;]","og_url":"https:\/\/informatepy.com\/2022\/2023\/05\/18\/hugo-richer-reconocio-la-gravedad-de-la-crisis-en-la-izquierda-paraguaya\/","og_site_name":"Informatepy.com","article_publisher":"https:\/\/www.facebook.com\/InformatePyCom","article_author":"https:\/\/www.facebook.com\/InformatePyCom","article_published_time":"2023-05-18T09:35:00+00:00","og_image":[{"width":750,"height":430,"url":"https:\/\/i0.wp.com\/informatepy.com\/2022\/wp-content\/uploads\/2022\/07\/hugo-richer.jpg?fit=750%2C430&ssl=1","type":"image\/jpeg"}],"author":"Redacci\u00f3n","twitter_card":"summary_large_image","twitter_creator":"@https:\/\/twitter.com\/InformatePy1","twitter_site":"@InformatePy1","twitter_misc":{"Escrito por":"Redacci\u00f3n","Tiempo de lectura":"2 minutos"},"schema":{"@context":"https:\/\/schema.org","@graph":[{"@type":"Article","@id":"https:\/\/informatepy.com\/2022\/2023\/05\/18\/hugo-richer-reconocio-la-gravedad-de-la-crisis-en-la-izquierda-paraguaya\/#article","isPartOf":{"@id":"https:\/\/informatepy.com\/2022\/2023\/05\/18\/hugo-richer-reconocio-la-gravedad-de-la-crisis-en-la-izquierda-paraguaya\/"},"author":{"name":"Redacci\u00f3n","@id":"https:\/\/informatepy.com\/2022\/#\/schema\/person\/e7c5b605ddfb77041eeddff4d93b26af"},"headline":"Hugo Richer reconoci\u00f3 la gravedad de la crisis en la izquierda paraguaya","datePublished":"2023-05-18T09:35:00+00:00","mainEntityOfPage":{"@id":"https:\/\/informatepy.com\/2022\/2023\/05\/18\/hugo-richer-reconocio-la-gravedad-de-la-crisis-en-la-izquierda-paraguaya\/"},"wordCount":331,"commentCount":0,"publisher":{"@id":"https:\/\/informatepy.com\/2022\/#organization"},"image":{"@id":"https:\/\/informatepy.com\/2022\/2023\/05\/18\/hugo-richer-reconocio-la-gravedad-de-la-crisis-en-la-izquierda-paraguaya\/#primaryimage"},"thumbnailUrl":"https:\/\/i0.wp.com\/informatepy.com\/2022\/wp-content\/uploads\/2022\/07\/hugo-richer.jpg?fit=750%2C430&ssl=1","keywords":["destacada","frente guasu","Hugo Richer"],"articleSection":["Nacionales"],"inLanguage":"es","potentialAction":[{"@type":"CommentAction","name":"Comment","target":["https:\/\/informatepy.com\/2022\/2023\/05\/18\/hugo-richer-reconocio-la-gravedad-de-la-crisis-en-la-izquierda-paraguaya\/#respond"]}]},{"@type":"WebPage","@id":"https:\/\/informatepy.com\/2022\/2023\/05\/18\/hugo-richer-reconocio-la-gravedad-de-la-crisis-en-la-izquierda-paraguaya\/","url":"https:\/\/informatepy.com\/2022\/2023\/05\/18\/hugo-richer-reconocio-la-gravedad-de-la-crisis-en-la-izquierda-paraguaya\/","name":"Hugo Richer reconoci\u00f3 la gravedad de la crisis en la izquierda paraguaya - Informatepy.com","isPartOf":{"@id":"https:\/\/informatepy.com\/2022\/#website"},"primaryImageOfPage":{"@id":"https:\/\/informatepy.com\/2022\/2023\/05\/18\/hugo-richer-reconocio-la-gravedad-de-la-crisis-en-la-izquierda-paraguaya\/#primaryimage"},"image":{"@id":"https:\/\/informatepy.com\/2022\/2023\/05\/18\/hugo-richer-reconocio-la-gravedad-de-la-crisis-en-la-izquierda-paraguaya\/#primaryimage"},"thumbnailUrl":"https:\/\/i0.wp.com\/informatepy.com\/2022\/wp-content\/uploads\/2022\/07\/hugo-richer.jpg?fit=750%2C430&ssl=1","datePublished":"2023-05-18T09:35:00+00:00","breadcrumb":{"@id":"https:\/\/informatepy.com\/2022\/2023\/05\/18\/hugo-richer-reconocio-la-gravedad-de-la-crisis-en-la-izquierda-paraguaya\/#breadcrumb"},"inLanguage":"es","potentialAction":[{"@type":"ReadAction","target":["https:\/\/informatepy.com\/2022\/2023\/05\/18\/hugo-richer-reconocio-la-gravedad-de-la-crisis-en-la-izquierda-paraguaya\/"]}]},{"@type":"ImageObject","inLanguage":"es","@id":"https:\/\/informatepy.com\/2022\/2023\/05\/18\/hugo-richer-reconocio-la-gravedad-de-la-crisis-en-la-izquierda-paraguaya\/#primaryimage","url":"https:\/\/i0.wp.com\/informatepy.com\/2022\/wp-content\/uploads\/2022\/07\/hugo-richer.jpg?fit=750%2C430&ssl=1","contentUrl":"https:\/\/i0.wp.com\/informatepy.com\/2022\/wp-content\/uploads\/2022\/07\/hugo-richer.jpg?fit=750%2C430&ssl=1","width":750,"height":430},{"@type":"BreadcrumbList","@id":"https:\/\/informatepy.com\/2022\/2023\/05\/18\/hugo-richer-reconocio-la-gravedad-de-la-crisis-en-la-izquierda-paraguaya\/#breadcrumb","itemListElement":[{"@type":"ListItem","position":1,"name":"Portada","item":"https:\/\/informatepy.com\/2022\/"},{"@type":"ListItem","position":2,"name":"Hugo Richer reconoci\u00f3 la gravedad de la crisis en la izquierda paraguaya"}]},{"@type":"WebSite","@id":"https:\/\/informatepy.com\/2022\/#website","url":"https:\/\/informatepy.com\/2022\/","name":"Informatepy.com","description":"La verdad, siempre!","publisher":{"@id":"https:\/\/informatepy.com\/2022\/#organization"},"potentialAction":[{"@type":"SearchAction","target":{"@type":"EntryPoint","urlTemplate":"https:\/\/informatepy.com\/2022\/?s={search_term_string}"},"query-input":{"@type":"PropertyValueSpecification","valueRequired":true,"valueName":"search_term_string"}}],"inLanguage":"es"},{"@type":"Organization","@id":"https:\/\/informatepy.com\/2022\/#organization","name":"Informatepy.com","url":"https:\/\/informatepy.com\/2022\/","logo":{"@type":"ImageObject","inLanguage":"es","@id":"https:\/\/informatepy.com\/2022\/#\/schema\/logo\/image\/","url":"https:\/\/i0.wp.com\/informatepy.com\/2022\/wp-content\/uploads\/2022\/09\/informatepy150-2.png?fit=589%2C150","contentUrl":"https:\/\/i0.wp.com\/informatepy.com\/2022\/wp-content\/uploads\/2022\/09\/informatepy150-2.png?fit=589%2C150","width":589,"height":150,"caption":"Informatepy.com"},"image":{"@id":"https:\/\/informatepy.com\/2022\/#\/schema\/logo\/image\/"},"sameAs":["https:\/\/www.facebook.com\/InformatePyCom","https:\/\/x.com\/InformatePy1"]},{"@type":"Person","@id":"https:\/\/informatepy.com\/2022\/#\/schema\/person\/e7c5b605ddfb77041eeddff4d93b26af","name":"Redacci\u00f3n","image":{"@type":"ImageObject","inLanguage":"es","@id":"https:\/\/informatepy.com\/2022\/wp-content\/uploads\/2023\/04\/Isologo-sin-fondo.pngce0c1b6da06ae20abaff417c2cdeea83","url":"https:\/\/informatepy.com\/2022\/wp-content\/uploads\/2023\/04\/Isologo-sin-fondo.png","contentUrl":"https:\/\/informatepy.com\/2022\/wp-content\/uploads\/2023\/04\/Isologo-sin-fondo.png","caption":"Redacci\u00f3n"},"sameAs":["https:\/\/www.facebook.com\/InformatePyCom","https:\/\/x.com\/https:\/\/twitter.com\/InformatePy1"],"url":"https:\/\/informatepy.com\/2022\/author\/redaccion\/"}]}},"jetpack_featured_media_url":"https:\/\/i0.wp.com\/informatepy.com\/2022\/wp-content\/uploads\/2022\/07\/hugo-richer.jpg?fit=750%2C430&ssl=1","jetpack-related-posts":[],"jetpack_sharing_enabled":true,"jetpack_likes_enabled":true,"authors":[{"term_id":1037,"user_id":3,"is_guest":0,"slug":"redaccion","display_name":"Redacci\u00f3n","avatar_url":{"url":"https:\/\/informatepy.com\/2022\/wp-content\/uploads\/2023\/04\/Isologo-sin-fondo.png","url2x":"https:\/\/informatepy.com\/2022\/wp-content\/uploads\/2023\/04\/Isologo-sin-fondo.png"},"0":null,"1":"","2":"","3":"","4":"","5":"","6":"","7":"","8":""}],"amp_enabled":true,"_links":{"self":[{"href":"https:\/\/informatepy.com\/2022\/wp-json\/wp\/v2\/posts\/18983","targetHints":{"allow":["GET"]}}],"collection":[{"href":"https:\/\/informatepy.com\/2022\/wp-json\/wp\/v2\/posts"}],"about":[{"href":"https:\/\/informatepy.com\/2022\/wp-json\/wp\/v2\/types\/post"}],"author":[{"embeddable":true,"href":"https:\/\/informatepy.com\/2022\/wp-json\/wp\/v2\/users\/3"}],"replies":[{"embeddable":true,"href":"https:\/\/informatepy.com\/2022\/wp-json\/wp\/v2\/comments?post=18983"}],"version-history":[{"count":1,"href":"https:\/\/informatepy.com\/2022\/wp-json\/wp\/v2\/posts\/18983\/revisions"}],"predecessor-version":[{"id":18984,"href":"https:\/\/informatepy.com\/2022\/wp-json\/wp\/v2\/posts\/18983\/revisions\/18984"}],"wp:featuredmedia":[{"embeddable":true,"href":"https:\/\/informatepy.com\/2022\/wp-json\/wp\/v2\/media\/11330"}],"wp:attachment":[{"href":"https:\/\/informatepy.com\/2022\/wp-json\/wp\/v2\/media?parent=18983"}],"wp:term":[{"taxonomy":"category","embeddable":true,"href":"https:\/\/informatepy.com\/2022\/wp-json\/wp\/v2\/categories?post=18983"},{"taxonomy":"post_tag","embeddable":true,"href":"https:\/\/informatepy.com\/2022\/wp-json\/wp\/v2\/tags?post=18983"},{"taxonomy":"author","embeddable":true,"href":"https:\/\/informatepy.com\/2022\/wp-json\/wp\/v2\/ppma_author?post=18983"}],"curies":[{"name":"wp","href":"https:\/\/api.w.org\/{rel}","templated":true}]}}