{"id":18211,"date":"2023-03-30T18:45:18","date_gmt":"2023-03-30T21:45:18","guid":{"rendered":"https:\/\/informatepy.com\/2022\/?p=18211"},"modified":"2023-03-30T18:45:24","modified_gmt":"2023-03-30T21:45:24","slug":"argentina-es-la-nueva-sede-del-mundial-sub-20-de-futbol-2023","status":"publish","type":"post","link":"https:\/\/informatepy.com\/2022\/2023\/03\/30\/argentina-es-la-nueva-sede-del-mundial-sub-20-de-futbol-2023\/","title":{"rendered":"Argentina es la nueva sede del mundial Sub-20 de f\u00fatbol 2023"},"content":{"rendered":"\n<p class=\"has-text-align-justify\">En la reuni\u00f3n que mantuvieron este jueves el presidente de la AFA, Claudio Tapia con el principal dirigente de la FIFA, Gianni Infantino y el titular de la Conmebol, Alejandro Dom\u00ednguez, acordaron la realizaci\u00f3n del Mundial Sub 20 2023 en Argentina. Entre el s\u00e1bado y el lunes llegar\u00e1 la confirmaci\u00f3n oficial.<\/p>\n\n\n\n<p class=\"has-text-align-justify\">Vale recordar que la cita mundialista deb\u00eda desarrollarse en Indonesia, pero por cuestiones pol\u00edticas que interfirieron finalmente la FIFA decidi\u00f3 quitarle la organizaci\u00f3n del certamen.<\/p>\n\n\n\n<p class=\"has-text-align-justify\">Ante esto, Chiqui Tapia, titular de la AFA, ofreci\u00f3 r\u00e1pidamente a Argentina como sede por un motivo fundamental: poner al pa\u00eds como vidriera de cara a la postulaci\u00f3n para el Mundial de 2030, junto a Chile, Uruguay y Paraguay.<\/p>\n\n\n\n<p class=\"has-text-align-justify\">Adem\u00e1s, la Selecci\u00f3n Sub-20 dirigida entonces por Javier Mascherano ya hab\u00eda quedado eliminada en el Sudamericano que se disput\u00f3 en Colombia en enero pasado y no pudo clasificarse a la Copa del Mundo. Por lo que al convertirse en sede, obtiene la clasificaci\u00f3n de manera autom\u00e1tica.<\/p>\n\n\n\n<p class=\"has-text-align-justify\">Seg\u00fan inform\u00f3 el periodista Gast\u00f3n Edul, en los pr\u00f3ximos d\u00edas la FIFA har\u00e1 el anuncio oficial del cambio de sede, y se conocer\u00e1n m\u00e1s detalles sobre en que estadios se desarrollar\u00e1. El Mundial iniciar\u00e1 el 20 de mayo.<\/p>\n\n\n\n<p class=\"has-text-align-justify\">La clasificaci\u00f3n de Israel al Mundial Sub 20 fue el puntapi\u00e9 del conflicto: Indonesia pidi\u00f3 que Israel sea vetado del certamen ya que, el pa\u00eds asi\u00e1tico, apoya diplom\u00e1ticamente la causa de palestina. FIFA no acept\u00f3 esa solicitud y por eso, tomaron la decisi\u00f3n de quitarle la organizaci\u00f3n del certamen a Indonesia.<\/p>\n","protected":false},"excerpt":{"rendered":"<p>En la reuni\u00f3n que mantuvieron este jueves el presidente de la AFA, Claudio Tapia con el principal dirigente de la FIFA, Gianni Infantino y el titular de la Conmebol, Alejandro Dom\u00ednguez, acordaron la realizaci\u00f3n del Mundial Sub 20 2023 en Argentina. Entre el s\u00e1bado y el lunes llegar\u00e1 la confirmaci\u00f3n oficial. Vale recordar que la [&hellip;]<\/p>\n","protected":false},"author":3,"featured_media":18212,"comment_status":"open","ping_status":"open","sticky":false,"template":"","format":"standard","meta":{"tdm_status":"","tdm_grid_status":"","footnotes":"","jetpack_publicize_message":"","jetpack_publicize_feature_enabled":true,"jetpack_social_post_already_shared":true,"jetpack_social_options":{"image_generator_settings":{"template":"highway","enabled":false}}},"categories":[24],"tags":[871,175,428],"ppma_author":[1037],"class_list":{"0":"post-18211","1":"post","2":"type-post","3":"status-publish","4":"format-standard","5":"has-post-thumbnail","7":"category-deportes","8":"tag-destacada","9":"tag-fifa","10":"tag-futbol-internacional"},"jetpack_publicize_connections":[],"yoast_head":"<!-- This site is optimized with the Yoast SEO plugin v27.5 - https:\/\/yoast.com\/product\/yoast-seo-wordpress\/ -->\n<title>Argentina es la nueva sede del mundial Sub-20 de f\u00fatbol 2023 - Informatepy.com<\/title>\n<meta name=\"robots\" content=\"index, follow, max-snippet:-1, max-image-preview:large, max-video-preview:-1\" \/>\n<link rel=\"canonical\" href=\"https:\/\/informatepy.com\/2022\/2023\/03\/30\/argentina-es-la-nueva-sede-del-mundial-sub-20-de-futbol-2023\/\" \/>\n<meta property=\"og:locale\" content=\"es_ES\" \/>\n<meta property=\"og:type\" content=\"article\" \/>\n<meta property=\"og:title\" content=\"Argentina es la nueva sede del mundial Sub-20 de f\u00fatbol 2023 - Informatepy.com\" \/>\n<meta property=\"og:description\" content=\"En la reuni\u00f3n que mantuvieron este jueves el presidente de la AFA, Claudio Tapia con el principal dirigente de la FIFA, Gianni Infantino y el titular de la Conmebol, Alejandro Dom\u00ednguez, acordaron la realizaci\u00f3n del Mundial Sub 20 2023 en Argentina. Entre el s\u00e1bado y el lunes llegar\u00e1 la confirmaci\u00f3n oficial. Vale recordar que la [&hellip;]\" \/>\n<meta property=\"og:url\" content=\"https:\/\/informatepy.com\/2022\/2023\/03\/30\/argentina-es-la-nueva-sede-del-mundial-sub-20-de-futbol-2023\/\" \/>\n<meta property=\"og:site_name\" content=\"Informatepy.com\" \/>\n<meta property=\"article:publisher\" content=\"https:\/\/www.facebook.com\/InformatePyCom\" \/>\n<meta property=\"article:author\" content=\"https:\/\/www.facebook.com\/InformatePyCom\" \/>\n<meta property=\"article:published_time\" content=\"2023-03-30T21:45:18+00:00\" \/>\n<meta property=\"article:modified_time\" content=\"2023-03-30T21:45:24+00:00\" \/>\n<meta property=\"og:image\" content=\"https:\/\/informatepy.com\/2022\/wp-content\/uploads\/2023\/03\/mundial-sub20.jpg\" \/>\n\t<meta property=\"og:image:width\" content=\"1920\" \/>\n\t<meta property=\"og:image:height\" content=\"1080\" \/>\n\t<meta property=\"og:image:type\" content=\"image\/jpeg\" \/>\n<meta name=\"author\" content=\"Redacci\u00f3n\" \/>\n<meta name=\"twitter:card\" content=\"summary_large_image\" \/>\n<meta name=\"twitter:creator\" content=\"@https:\/\/twitter.com\/InformatePy1\" \/>\n<meta name=\"twitter:site\" content=\"@InformatePy1\" \/>\n<meta name=\"twitter:label1\" content=\"Escrito por\" \/>\n\t<meta name=\"twitter:data1\" content=\"Redacci\u00f3n\" \/>\n\t<meta name=\"twitter:label2\" content=\"Tiempo de lectura\" \/>\n\t<meta name=\"twitter:data2\" content=\"2 minutos\" \/>\n<script type=\"application\/ld+json\" class=\"yoast-schema-graph\">{\"@context\":\"https:\\\/\\\/schema.org\",\"@graph\":[{\"@type\":\"Article\",\"@id\":\"https:\\\/\\\/informatepy.com\\\/2022\\\/2023\\\/03\\\/30\\\/argentina-es-la-nueva-sede-del-mundial-sub-20-de-futbol-2023\\\/#article\",\"isPartOf\":{\"@id\":\"https:\\\/\\\/informatepy.com\\\/2022\\\/2023\\\/03\\\/30\\\/argentina-es-la-nueva-sede-del-mundial-sub-20-de-futbol-2023\\\/\"},\"author\":{\"name\":\"Redacci\u00f3n\",\"@id\":\"https:\\\/\\\/informatepy.com\\\/2022\\\/#\\\/schema\\\/person\\\/e7c5b605ddfb77041eeddff4d93b26af\"},\"headline\":\"Argentina es la nueva sede del mundial Sub-20 de f\u00fatbol 2023\",\"datePublished\":\"2023-03-30T21:45:18+00:00\",\"dateModified\":\"2023-03-30T21:45:24+00:00\",\"mainEntityOfPage\":{\"@id\":\"https:\\\/\\\/informatepy.com\\\/2022\\\/2023\\\/03\\\/30\\\/argentina-es-la-nueva-sede-del-mundial-sub-20-de-futbol-2023\\\/\"},\"wordCount\":284,\"commentCount\":0,\"publisher\":{\"@id\":\"https:\\\/\\\/informatepy.com\\\/2022\\\/#organization\"},\"image\":{\"@id\":\"https:\\\/\\\/informatepy.com\\\/2022\\\/2023\\\/03\\\/30\\\/argentina-es-la-nueva-sede-del-mundial-sub-20-de-futbol-2023\\\/#primaryimage\"},\"thumbnailUrl\":\"https:\\\/\\\/i0.wp.com\\\/informatepy.com\\\/2022\\\/wp-content\\\/uploads\\\/2023\\\/03\\\/mundial-sub20.jpg?fit=1920%2C1080&ssl=1\",\"keywords\":[\"destacada\",\"fifa\",\"futbol internacional\"],\"articleSection\":[\"Deportes\"],\"inLanguage\":\"es\",\"potentialAction\":[{\"@type\":\"CommentAction\",\"name\":\"Comment\",\"target\":[\"https:\\\/\\\/informatepy.com\\\/2022\\\/2023\\\/03\\\/30\\\/argentina-es-la-nueva-sede-del-mundial-sub-20-de-futbol-2023\\\/#respond\"]}]},{\"@type\":\"WebPage\",\"@id\":\"https:\\\/\\\/informatepy.com\\\/2022\\\/2023\\\/03\\\/30\\\/argentina-es-la-nueva-sede-del-mundial-sub-20-de-futbol-2023\\\/\",\"url\":\"https:\\\/\\\/informatepy.com\\\/2022\\\/2023\\\/03\\\/30\\\/argentina-es-la-nueva-sede-del-mundial-sub-20-de-futbol-2023\\\/\",\"name\":\"Argentina es la nueva sede del mundial Sub-20 de f\u00fatbol 2023 - Informatepy.com\",\"isPartOf\":{\"@id\":\"https:\\\/\\\/informatepy.com\\\/2022\\\/#website\"},\"primaryImageOfPage\":{\"@id\":\"https:\\\/\\\/informatepy.com\\\/2022\\\/2023\\\/03\\\/30\\\/argentina-es-la-nueva-sede-del-mundial-sub-20-de-futbol-2023\\\/#primaryimage\"},\"image\":{\"@id\":\"https:\\\/\\\/informatepy.com\\\/2022\\\/2023\\\/03\\\/30\\\/argentina-es-la-nueva-sede-del-mundial-sub-20-de-futbol-2023\\\/#primaryimage\"},\"thumbnailUrl\":\"https:\\\/\\\/i0.wp.com\\\/informatepy.com\\\/2022\\\/wp-content\\\/uploads\\\/2023\\\/03\\\/mundial-sub20.jpg?fit=1920%2C1080&ssl=1\",\"datePublished\":\"2023-03-30T21:45:18+00:00\",\"dateModified\":\"2023-03-30T21:45:24+00:00\",\"breadcrumb\":{\"@id\":\"https:\\\/\\\/informatepy.com\\\/2022\\\/2023\\\/03\\\/30\\\/argentina-es-la-nueva-sede-del-mundial-sub-20-de-futbol-2023\\\/#breadcrumb\"},\"inLanguage\":\"es\",\"potentialAction\":[{\"@type\":\"ReadAction\",\"target\":[\"https:\\\/\\\/informatepy.com\\\/2022\\\/2023\\\/03\\\/30\\\/argentina-es-la-nueva-sede-del-mundial-sub-20-de-futbol-2023\\\/\"]}]},{\"@type\":\"ImageObject\",\"inLanguage\":\"es\",\"@id\":\"https:\\\/\\\/informatepy.com\\\/2022\\\/2023\\\/03\\\/30\\\/argentina-es-la-nueva-sede-del-mundial-sub-20-de-futbol-2023\\\/#primaryimage\",\"url\":\"https:\\\/\\\/i0.wp.com\\\/informatepy.com\\\/2022\\\/wp-content\\\/uploads\\\/2023\\\/03\\\/mundial-sub20.jpg?fit=1920%2C1080&ssl=1\",\"contentUrl\":\"https:\\\/\\\/i0.wp.com\\\/informatepy.com\\\/2022\\\/wp-content\\\/uploads\\\/2023\\\/03\\\/mundial-sub20.jpg?fit=1920%2C1080&ssl=1\",\"width\":1920,\"height\":1080},{\"@type\":\"BreadcrumbList\",\"@id\":\"https:\\\/\\\/informatepy.com\\\/2022\\\/2023\\\/03\\\/30\\\/argentina-es-la-nueva-sede-del-mundial-sub-20-de-futbol-2023\\\/#breadcrumb\",\"itemListElement\":[{\"@type\":\"ListItem\",\"position\":1,\"name\":\"Portada\",\"item\":\"https:\\\/\\\/informatepy.com\\\/2022\\\/\"},{\"@type\":\"ListItem\",\"position\":2,\"name\":\"Argentina es la nueva sede del mundial Sub-20 de f\u00fatbol 2023\"}]},{\"@type\":\"WebSite\",\"@id\":\"https:\\\/\\\/informatepy.com\\\/2022\\\/#website\",\"url\":\"https:\\\/\\\/informatepy.com\\\/2022\\\/\",\"name\":\"Informatepy.com\",\"description\":\"La verdad, siempre!\",\"publisher\":{\"@id\":\"https:\\\/\\\/informatepy.com\\\/2022\\\/#organization\"},\"potentialAction\":[{\"@type\":\"SearchAction\",\"target\":{\"@type\":\"EntryPoint\",\"urlTemplate\":\"https:\\\/\\\/informatepy.com\\\/2022\\\/?s={search_term_string}\"},\"query-input\":{\"@type\":\"PropertyValueSpecification\",\"valueRequired\":true,\"valueName\":\"search_term_string\"}}],\"inLanguage\":\"es\"},{\"@type\":\"Organization\",\"@id\":\"https:\\\/\\\/informatepy.com\\\/2022\\\/#organization\",\"name\":\"Informatepy.com\",\"url\":\"https:\\\/\\\/informatepy.com\\\/2022\\\/\",\"logo\":{\"@type\":\"ImageObject\",\"inLanguage\":\"es\",\"@id\":\"https:\\\/\\\/informatepy.com\\\/2022\\\/#\\\/schema\\\/logo\\\/image\\\/\",\"url\":\"https:\\\/\\\/i0.wp.com\\\/informatepy.com\\\/2022\\\/wp-content\\\/uploads\\\/2022\\\/09\\\/informatepy150-2.png?fit=589%2C150\",\"contentUrl\":\"https:\\\/\\\/i0.wp.com\\\/informatepy.com\\\/2022\\\/wp-content\\\/uploads\\\/2022\\\/09\\\/informatepy150-2.png?fit=589%2C150\",\"width\":589,\"height\":150,\"caption\":\"Informatepy.com\"},\"image\":{\"@id\":\"https:\\\/\\\/informatepy.com\\\/2022\\\/#\\\/schema\\\/logo\\\/image\\\/\"},\"sameAs\":[\"https:\\\/\\\/www.facebook.com\\\/InformatePyCom\",\"https:\\\/\\\/x.com\\\/InformatePy1\"]},{\"@type\":\"Person\",\"@id\":\"https:\\\/\\\/informatepy.com\\\/2022\\\/#\\\/schema\\\/person\\\/e7c5b605ddfb77041eeddff4d93b26af\",\"name\":\"Redacci\u00f3n\",\"image\":{\"@type\":\"ImageObject\",\"inLanguage\":\"es\",\"@id\":\"https:\\\/\\\/informatepy.com\\\/2022\\\/wp-content\\\/uploads\\\/2023\\\/04\\\/Isologo-sin-fondo.pngce0c1b6da06ae20abaff417c2cdeea83\",\"url\":\"https:\\\/\\\/informatepy.com\\\/2022\\\/wp-content\\\/uploads\\\/2023\\\/04\\\/Isologo-sin-fondo.png\",\"contentUrl\":\"https:\\\/\\\/informatepy.com\\\/2022\\\/wp-content\\\/uploads\\\/2023\\\/04\\\/Isologo-sin-fondo.png\",\"caption\":\"Redacci\u00f3n\"},\"sameAs\":[\"https:\\\/\\\/www.facebook.com\\\/InformatePyCom\",\"https:\\\/\\\/x.com\\\/https:\\\/\\\/twitter.com\\\/InformatePy1\"],\"url\":\"https:\\\/\\\/informatepy.com\\\/2022\\\/author\\\/redaccion\\\/\"}]}<\/script>\n<!-- \/ Yoast SEO plugin. -->","yoast_head_json":{"title":"Argentina es la nueva sede del mundial Sub-20 de f\u00fatbol 2023 - Informatepy.com","robots":{"index":"index","follow":"follow","max-snippet":"max-snippet:-1","max-image-preview":"max-image-preview:large","max-video-preview":"max-video-preview:-1"},"canonical":"https:\/\/informatepy.com\/2022\/2023\/03\/30\/argentina-es-la-nueva-sede-del-mundial-sub-20-de-futbol-2023\/","og_locale":"es_ES","og_type":"article","og_title":"Argentina es la nueva sede del mundial Sub-20 de f\u00fatbol 2023 - Informatepy.com","og_description":"En la reuni\u00f3n que mantuvieron este jueves el presidente de la AFA, Claudio Tapia con el principal dirigente de la FIFA, Gianni Infantino y el titular de la Conmebol, Alejandro Dom\u00ednguez, acordaron la realizaci\u00f3n del Mundial Sub 20 2023 en Argentina. Entre el s\u00e1bado y el lunes llegar\u00e1 la confirmaci\u00f3n oficial. Vale recordar que la [&hellip;]","og_url":"https:\/\/informatepy.com\/2022\/2023\/03\/30\/argentina-es-la-nueva-sede-del-mundial-sub-20-de-futbol-2023\/","og_site_name":"Informatepy.com","article_publisher":"https:\/\/www.facebook.com\/InformatePyCom","article_author":"https:\/\/www.facebook.com\/InformatePyCom","article_published_time":"2023-03-30T21:45:18+00:00","article_modified_time":"2023-03-30T21:45:24+00:00","og_image":[{"width":1920,"height":1080,"url":"https:\/\/informatepy.com\/2022\/wp-content\/uploads\/2023\/03\/mundial-sub20.jpg","type":"image\/jpeg"}],"author":"Redacci\u00f3n","twitter_card":"summary_large_image","twitter_creator":"@https:\/\/twitter.com\/InformatePy1","twitter_site":"@InformatePy1","twitter_misc":{"Escrito por":"Redacci\u00f3n","Tiempo de lectura":"2 minutos"},"schema":{"@context":"https:\/\/schema.org","@graph":[{"@type":"Article","@id":"https:\/\/informatepy.com\/2022\/2023\/03\/30\/argentina-es-la-nueva-sede-del-mundial-sub-20-de-futbol-2023\/#article","isPartOf":{"@id":"https:\/\/informatepy.com\/2022\/2023\/03\/30\/argentina-es-la-nueva-sede-del-mundial-sub-20-de-futbol-2023\/"},"author":{"name":"Redacci\u00f3n","@id":"https:\/\/informatepy.com\/2022\/#\/schema\/person\/e7c5b605ddfb77041eeddff4d93b26af"},"headline":"Argentina es la nueva sede del mundial Sub-20 de f\u00fatbol 2023","datePublished":"2023-03-30T21:45:18+00:00","dateModified":"2023-03-30T21:45:24+00:00","mainEntityOfPage":{"@id":"https:\/\/informatepy.com\/2022\/2023\/03\/30\/argentina-es-la-nueva-sede-del-mundial-sub-20-de-futbol-2023\/"},"wordCount":284,"commentCount":0,"publisher":{"@id":"https:\/\/informatepy.com\/2022\/#organization"},"image":{"@id":"https:\/\/informatepy.com\/2022\/2023\/03\/30\/argentina-es-la-nueva-sede-del-mundial-sub-20-de-futbol-2023\/#primaryimage"},"thumbnailUrl":"https:\/\/i0.wp.com\/informatepy.com\/2022\/wp-content\/uploads\/2023\/03\/mundial-sub20.jpg?fit=1920%2C1080&ssl=1","keywords":["destacada","fifa","futbol internacional"],"articleSection":["Deportes"],"inLanguage":"es","potentialAction":[{"@type":"CommentAction","name":"Comment","target":["https:\/\/informatepy.com\/2022\/2023\/03\/30\/argentina-es-la-nueva-sede-del-mundial-sub-20-de-futbol-2023\/#respond"]}]},{"@type":"WebPage","@id":"https:\/\/informatepy.com\/2022\/2023\/03\/30\/argentina-es-la-nueva-sede-del-mundial-sub-20-de-futbol-2023\/","url":"https:\/\/informatepy.com\/2022\/2023\/03\/30\/argentina-es-la-nueva-sede-del-mundial-sub-20-de-futbol-2023\/","name":"Argentina es la nueva sede del mundial Sub-20 de f\u00fatbol 2023 - Informatepy.com","isPartOf":{"@id":"https:\/\/informatepy.com\/2022\/#website"},"primaryImageOfPage":{"@id":"https:\/\/informatepy.com\/2022\/2023\/03\/30\/argentina-es-la-nueva-sede-del-mundial-sub-20-de-futbol-2023\/#primaryimage"},"image":{"@id":"https:\/\/informatepy.com\/2022\/2023\/03\/30\/argentina-es-la-nueva-sede-del-mundial-sub-20-de-futbol-2023\/#primaryimage"},"thumbnailUrl":"https:\/\/i0.wp.com\/informatepy.com\/2022\/wp-content\/uploads\/2023\/03\/mundial-sub20.jpg?fit=1920%2C1080&ssl=1","datePublished":"2023-03-30T21:45:18+00:00","dateModified":"2023-03-30T21:45:24+00:00","breadcrumb":{"@id":"https:\/\/informatepy.com\/2022\/2023\/03\/30\/argentina-es-la-nueva-sede-del-mundial-sub-20-de-futbol-2023\/#breadcrumb"},"inLanguage":"es","potentialAction":[{"@type":"ReadAction","target":["https:\/\/informatepy.com\/2022\/2023\/03\/30\/argentina-es-la-nueva-sede-del-mundial-sub-20-de-futbol-2023\/"]}]},{"@type":"ImageObject","inLanguage":"es","@id":"https:\/\/informatepy.com\/2022\/2023\/03\/30\/argentina-es-la-nueva-sede-del-mundial-sub-20-de-futbol-2023\/#primaryimage","url":"https:\/\/i0.wp.com\/informatepy.com\/2022\/wp-content\/uploads\/2023\/03\/mundial-sub20.jpg?fit=1920%2C1080&ssl=1","contentUrl":"https:\/\/i0.wp.com\/informatepy.com\/2022\/wp-content\/uploads\/2023\/03\/mundial-sub20.jpg?fit=1920%2C1080&ssl=1","width":1920,"height":1080},{"@type":"BreadcrumbList","@id":"https:\/\/informatepy.com\/2022\/2023\/03\/30\/argentina-es-la-nueva-sede-del-mundial-sub-20-de-futbol-2023\/#breadcrumb","itemListElement":[{"@type":"ListItem","position":1,"name":"Portada","item":"https:\/\/informatepy.com\/2022\/"},{"@type":"ListItem","position":2,"name":"Argentina es la nueva sede del mundial Sub-20 de f\u00fatbol 2023"}]},{"@type":"WebSite","@id":"https:\/\/informatepy.com\/2022\/#website","url":"https:\/\/informatepy.com\/2022\/","name":"Informatepy.com","description":"La verdad, siempre!","publisher":{"@id":"https:\/\/informatepy.com\/2022\/#organization"},"potentialAction":[{"@type":"SearchAction","target":{"@type":"EntryPoint","urlTemplate":"https:\/\/informatepy.com\/2022\/?s={search_term_string}"},"query-input":{"@type":"PropertyValueSpecification","valueRequired":true,"valueName":"search_term_string"}}],"inLanguage":"es"},{"@type":"Organization","@id":"https:\/\/informatepy.com\/2022\/#organization","name":"Informatepy.com","url":"https:\/\/informatepy.com\/2022\/","logo":{"@type":"ImageObject","inLanguage":"es","@id":"https:\/\/informatepy.com\/2022\/#\/schema\/logo\/image\/","url":"https:\/\/i0.wp.com\/informatepy.com\/2022\/wp-content\/uploads\/2022\/09\/informatepy150-2.png?fit=589%2C150","contentUrl":"https:\/\/i0.wp.com\/informatepy.com\/2022\/wp-content\/uploads\/2022\/09\/informatepy150-2.png?fit=589%2C150","width":589,"height":150,"caption":"Informatepy.com"},"image":{"@id":"https:\/\/informatepy.com\/2022\/#\/schema\/logo\/image\/"},"sameAs":["https:\/\/www.facebook.com\/InformatePyCom","https:\/\/x.com\/InformatePy1"]},{"@type":"Person","@id":"https:\/\/informatepy.com\/2022\/#\/schema\/person\/e7c5b605ddfb77041eeddff4d93b26af","name":"Redacci\u00f3n","image":{"@type":"ImageObject","inLanguage":"es","@id":"https:\/\/informatepy.com\/2022\/wp-content\/uploads\/2023\/04\/Isologo-sin-fondo.pngce0c1b6da06ae20abaff417c2cdeea83","url":"https:\/\/informatepy.com\/2022\/wp-content\/uploads\/2023\/04\/Isologo-sin-fondo.png","contentUrl":"https:\/\/informatepy.com\/2022\/wp-content\/uploads\/2023\/04\/Isologo-sin-fondo.png","caption":"Redacci\u00f3n"},"sameAs":["https:\/\/www.facebook.com\/InformatePyCom","https:\/\/x.com\/https:\/\/twitter.com\/InformatePy1"],"url":"https:\/\/informatepy.com\/2022\/author\/redaccion\/"}]}},"jetpack_featured_media_url":"https:\/\/i0.wp.com\/informatepy.com\/2022\/wp-content\/uploads\/2023\/03\/mundial-sub20.jpg?fit=1920%2C1080&ssl=1","jetpack-related-posts":[],"jetpack_sharing_enabled":true,"jetpack_likes_enabled":true,"authors":[{"term_id":1037,"user_id":3,"is_guest":0,"slug":"redaccion","display_name":"Redacci\u00f3n","avatar_url":{"url":"https:\/\/informatepy.com\/2022\/wp-content\/uploads\/2023\/04\/Isologo-sin-fondo.png","url2x":"https:\/\/informatepy.com\/2022\/wp-content\/uploads\/2023\/04\/Isologo-sin-fondo.png"},"0":null,"1":"","2":"","3":"","4":"","5":"","6":"","7":"","8":""}],"amp_enabled":true,"_links":{"self":[{"href":"https:\/\/informatepy.com\/2022\/wp-json\/wp\/v2\/posts\/18211","targetHints":{"allow":["GET"]}}],"collection":[{"href":"https:\/\/informatepy.com\/2022\/wp-json\/wp\/v2\/posts"}],"about":[{"href":"https:\/\/informatepy.com\/2022\/wp-json\/wp\/v2\/types\/post"}],"author":[{"embeddable":true,"href":"https:\/\/informatepy.com\/2022\/wp-json\/wp\/v2\/users\/3"}],"replies":[{"embeddable":true,"href":"https:\/\/informatepy.com\/2022\/wp-json\/wp\/v2\/comments?post=18211"}],"version-history":[{"count":1,"href":"https:\/\/informatepy.com\/2022\/wp-json\/wp\/v2\/posts\/18211\/revisions"}],"predecessor-version":[{"id":18213,"href":"https:\/\/informatepy.com\/2022\/wp-json\/wp\/v2\/posts\/18211\/revisions\/18213"}],"wp:featuredmedia":[{"embeddable":true,"href":"https:\/\/informatepy.com\/2022\/wp-json\/wp\/v2\/media\/18212"}],"wp:attachment":[{"href":"https:\/\/informatepy.com\/2022\/wp-json\/wp\/v2\/media?parent=18211"}],"wp:term":[{"taxonomy":"category","embeddable":true,"href":"https:\/\/informatepy.com\/2022\/wp-json\/wp\/v2\/categories?post=18211"},{"taxonomy":"post_tag","embeddable":true,"href":"https:\/\/informatepy.com\/2022\/wp-json\/wp\/v2\/tags?post=18211"},{"taxonomy":"author","embeddable":true,"href":"https:\/\/informatepy.com\/2022\/wp-json\/wp\/v2\/ppma_author?post=18211"}],"curies":[{"name":"wp","href":"https:\/\/api.w.org\/{rel}","templated":true}]}}