{"id":12023,"date":"2022-09-20T17:47:56","date_gmt":"2022-09-20T17:47:56","guid":{"rendered":"http:\/\/informatepy.com\/2022\/2022\/09\/20\/villarejo-contra-efrain-alegre-forma-parte-de-la-vieja-politica-que-tiene-que-acabarse-en-paraguay\/"},"modified":"2022-09-28T00:59:49","modified_gmt":"2022-09-28T00:59:49","slug":"villarejo-contra-efrain-alegre-forma-parte-de-la-vieja-politica-que-tiene-que-acabarse-en-paraguay","status":"publish","type":"post","link":"https:\/\/informatepy.com\/2022\/2022\/09\/20\/villarejo-contra-efrain-alegre-forma-parte-de-la-vieja-politica-que-tiene-que-acabarse-en-paraguay\/","title":{"rendered":"Villarejo contra Efra\u00edn Alegre: \u00abForma parte de la vieja pol\u00edtica que tiene que acabarse en Paraguay\u00bb"},"content":{"rendered":"\n<p class=\"has-text-align-justify\"><strong>Sebasti\u00e1n Villarejo<\/strong>, precandidato a la Presidencia de la Rep\u00fablica por Patria Querida, <strong>cuestion\u00f3 <\/strong>este martes al presidente del Partido Liberal, <strong>Efra\u00edn Alegre, y destac\u00f3 que representa a la vieja pol\u00edtica que debe ser acabada.<\/strong><\/p>\n\n\n\n<p class=\"has-text-align-justify\"><strong><em>\u201cEfra\u00edn forma parte de la vieja pol\u00edtica que tiene que acabarse en Paraguay. Ojal\u00e1 que atienda a m\u00e1s medios y salga de la cueva en donde aparentemente est\u00e1 encerrado, no habla ni opina\u201d<\/em><\/strong>, declar\u00f3 en comunicaci\u00f3n con la radio 1020 AM.<\/p>\n\n\n\n<p class=\"has-text-align-justify\">Mencion\u00f3 que la concertaci\u00f3n necesita de los debates para generar ideas y tener chances en las elecciones generales del 2023, <em><strong>\u201cEn la mesa de la concertaci\u00f3n se conversa varias cosas, y una de ellas es realizar un debate presidencial. Tenemos que aprender a debatir porque eso genera inter\u00e9s en la ciudadan\u00eda y es la demostraci\u00f3n de que estamos construyendo de manera leg\u00edtima una opci\u00f3n\u201d<\/strong><\/em> pero que lastimosamente el presidente del Partido Liberal est\u00e1 escondido y no habla ni con los medios de comunicaci\u00f3n.<\/p>\n","protected":false},"excerpt":{"rendered":"<p>Sebasti\u00e1n Villarejo, precandidato a la Presidencia de la Rep\u00fablica por Patria Querida, cuestion\u00f3 este martes al presidente del Partido Liberal, Efra\u00edn Alegre, y destac\u00f3 que representa a la vieja pol\u00edtica que debe ser acabada. \u201cEfra\u00edn forma parte de la vieja pol\u00edtica que tiene que acabarse en Paraguay. Ojal\u00e1 que atienda a m\u00e1s medios y salga [&hellip;]<\/p>\n","protected":false},"author":3,"featured_media":11685,"comment_status":"open","ping_status":"open","sticky":false,"template":"","format":"standard","meta":{"tdm_status":"","tdm_grid_status":"","footnotes":"","jetpack_publicize_message":"","jetpack_publicize_feature_enabled":true,"jetpack_social_post_already_shared":true,"jetpack_social_options":{"image_generator_settings":{"template":"highway","enabled":false}}},"categories":[18],"tags":[871,270,1417,911,578,1330],"ppma_author":[998],"class_list":{"0":"post-12023","1":"post","2":"type-post","3":"status-publish","4":"format-standard","5":"has-post-thumbnail","7":"category-nacionales","8":"tag-destacada","9":"tag-efrain-alegre","10":"tag-elecciones-2023","11":"tag-partido-patria-querida","12":"tag-patria-querida","13":"tag-sebastian-villarejo"},"jetpack_publicize_connections":[],"yoast_head":"<!-- This site is optimized with the Yoast SEO plugin v27.4 - https:\/\/yoast.com\/product\/yoast-seo-wordpress\/ -->\n<title>Villarejo contra Efra\u00edn Alegre: &quot;Forma parte de la vieja pol\u00edtica que tiene que acabarse en Paraguay&quot; - Informatepy.com<\/title>\n<meta name=\"robots\" content=\"index, follow, max-snippet:-1, max-image-preview:large, max-video-preview:-1\" \/>\n<link rel=\"canonical\" href=\"https:\/\/informatepy.com\/2022\/2022\/09\/20\/villarejo-contra-efrain-alegre-forma-parte-de-la-vieja-politica-que-tiene-que-acabarse-en-paraguay\/\" \/>\n<meta property=\"og:locale\" content=\"es_ES\" \/>\n<meta property=\"og:type\" content=\"article\" \/>\n<meta property=\"og:title\" content=\"Villarejo contra Efra\u00edn Alegre: &quot;Forma parte de la vieja pol\u00edtica que tiene que acabarse en Paraguay&quot; - Informatepy.com\" \/>\n<meta property=\"og:description\" content=\"Sebasti\u00e1n Villarejo, precandidato a la Presidencia de la Rep\u00fablica por Patria Querida, cuestion\u00f3 este martes al presidente del Partido Liberal, Efra\u00edn Alegre, y destac\u00f3 que representa a la vieja pol\u00edtica que debe ser acabada. \u201cEfra\u00edn forma parte de la vieja pol\u00edtica que tiene que acabarse en Paraguay. Ojal\u00e1 que atienda a m\u00e1s medios y salga [&hellip;]\" \/>\n<meta property=\"og:url\" content=\"https:\/\/informatepy.com\/2022\/2022\/09\/20\/villarejo-contra-efrain-alegre-forma-parte-de-la-vieja-politica-que-tiene-que-acabarse-en-paraguay\/\" \/>\n<meta property=\"og:site_name\" content=\"Informatepy.com\" \/>\n<meta property=\"article:publisher\" content=\"https:\/\/www.facebook.com\/InformatePyCom\" \/>\n<meta property=\"article:author\" content=\"https:\/\/www.facebook.com\/InformatePyCom\" \/>\n<meta property=\"article:published_time\" content=\"2022-09-20T17:47:56+00:00\" \/>\n<meta property=\"article:modified_time\" content=\"2022-09-28T00:59:49+00:00\" \/>\n<meta property=\"og:image\" content=\"https:\/\/i0.wp.com\/informatepy.com\/2022\/wp-content\/uploads\/2022\/08\/sebastian-villarejo-1.jpg?fit=900%2C684&ssl=1\" \/>\n\t<meta property=\"og:image:width\" content=\"900\" \/>\n\t<meta property=\"og:image:height\" content=\"684\" \/>\n\t<meta property=\"og:image:type\" content=\"image\/jpeg\" \/>\n<meta name=\"author\" content=\"admin\" \/>\n<meta name=\"twitter:card\" content=\"summary_large_image\" \/>\n<meta name=\"twitter:creator\" content=\"@https:\/\/twitter.com\/InformatePy1\" \/>\n<meta name=\"twitter:site\" content=\"@InformatePy1\" \/>\n<meta name=\"twitter:label1\" content=\"Escrito por\" \/>\n\t<meta name=\"twitter:data1\" content=\"Redacci\u00f3n\" \/>\n\t<meta name=\"twitter:label2\" content=\"Tiempo de lectura\" \/>\n\t<meta name=\"twitter:data2\" content=\"1 minuto\" \/>\n<script type=\"application\/ld+json\" class=\"yoast-schema-graph\">{\"@context\":\"https:\\\/\\\/schema.org\",\"@graph\":[{\"@type\":\"Article\",\"@id\":\"https:\\\/\\\/informatepy.com\\\/2022\\\/2022\\\/09\\\/20\\\/villarejo-contra-efrain-alegre-forma-parte-de-la-vieja-politica-que-tiene-que-acabarse-en-paraguay\\\/#article\",\"isPartOf\":{\"@id\":\"https:\\\/\\\/informatepy.com\\\/2022\\\/2022\\\/09\\\/20\\\/villarejo-contra-efrain-alegre-forma-parte-de-la-vieja-politica-que-tiene-que-acabarse-en-paraguay\\\/\"},\"author\":{\"name\":\"Redacci\u00f3n\",\"@id\":\"https:\\\/\\\/informatepy.com\\\/2022\\\/#\\\/schema\\\/person\\\/e7c5b605ddfb77041eeddff4d93b26af\"},\"headline\":\"Villarejo contra Efra\u00edn Alegre: \u00abForma parte de la vieja pol\u00edtica que tiene que acabarse en Paraguay\u00bb\",\"datePublished\":\"2022-09-20T17:47:56+00:00\",\"dateModified\":\"2022-09-28T00:59:49+00:00\",\"mainEntityOfPage\":{\"@id\":\"https:\\\/\\\/informatepy.com\\\/2022\\\/2022\\\/09\\\/20\\\/villarejo-contra-efrain-alegre-forma-parte-de-la-vieja-politica-que-tiene-que-acabarse-en-paraguay\\\/\"},\"wordCount\":190,\"commentCount\":0,\"publisher\":{\"@id\":\"https:\\\/\\\/informatepy.com\\\/2022\\\/#organization\"},\"image\":{\"@id\":\"https:\\\/\\\/informatepy.com\\\/2022\\\/2022\\\/09\\\/20\\\/villarejo-contra-efrain-alegre-forma-parte-de-la-vieja-politica-que-tiene-que-acabarse-en-paraguay\\\/#primaryimage\"},\"thumbnailUrl\":\"https:\\\/\\\/i0.wp.com\\\/informatepy.com\\\/2022\\\/wp-content\\\/uploads\\\/2022\\\/08\\\/sebastian-villarejo-1.jpg?fit=900%2C684&ssl=1\",\"keywords\":[\"destacada\",\"efra\u00edn alegre\",\"elecciones 2023\",\"partido patria querida\",\"patria querida\",\"sebastian villarejo\"],\"articleSection\":[\"Nacionales\"],\"inLanguage\":\"es\",\"potentialAction\":[{\"@type\":\"CommentAction\",\"name\":\"Comment\",\"target\":[\"https:\\\/\\\/informatepy.com\\\/2022\\\/2022\\\/09\\\/20\\\/villarejo-contra-efrain-alegre-forma-parte-de-la-vieja-politica-que-tiene-que-acabarse-en-paraguay\\\/#respond\"]}]},{\"@type\":\"WebPage\",\"@id\":\"https:\\\/\\\/informatepy.com\\\/2022\\\/2022\\\/09\\\/20\\\/villarejo-contra-efrain-alegre-forma-parte-de-la-vieja-politica-que-tiene-que-acabarse-en-paraguay\\\/\",\"url\":\"https:\\\/\\\/informatepy.com\\\/2022\\\/2022\\\/09\\\/20\\\/villarejo-contra-efrain-alegre-forma-parte-de-la-vieja-politica-que-tiene-que-acabarse-en-paraguay\\\/\",\"name\":\"Villarejo contra Efra\u00edn Alegre: \\\"Forma parte de la vieja pol\u00edtica que tiene que acabarse en Paraguay\\\" - Informatepy.com\",\"isPartOf\":{\"@id\":\"https:\\\/\\\/informatepy.com\\\/2022\\\/#website\"},\"primaryImageOfPage\":{\"@id\":\"https:\\\/\\\/informatepy.com\\\/2022\\\/2022\\\/09\\\/20\\\/villarejo-contra-efrain-alegre-forma-parte-de-la-vieja-politica-que-tiene-que-acabarse-en-paraguay\\\/#primaryimage\"},\"image\":{\"@id\":\"https:\\\/\\\/informatepy.com\\\/2022\\\/2022\\\/09\\\/20\\\/villarejo-contra-efrain-alegre-forma-parte-de-la-vieja-politica-que-tiene-que-acabarse-en-paraguay\\\/#primaryimage\"},\"thumbnailUrl\":\"https:\\\/\\\/i0.wp.com\\\/informatepy.com\\\/2022\\\/wp-content\\\/uploads\\\/2022\\\/08\\\/sebastian-villarejo-1.jpg?fit=900%2C684&ssl=1\",\"datePublished\":\"2022-09-20T17:47:56+00:00\",\"dateModified\":\"2022-09-28T00:59:49+00:00\",\"breadcrumb\":{\"@id\":\"https:\\\/\\\/informatepy.com\\\/2022\\\/2022\\\/09\\\/20\\\/villarejo-contra-efrain-alegre-forma-parte-de-la-vieja-politica-que-tiene-que-acabarse-en-paraguay\\\/#breadcrumb\"},\"inLanguage\":\"es\",\"potentialAction\":[{\"@type\":\"ReadAction\",\"target\":[\"https:\\\/\\\/informatepy.com\\\/2022\\\/2022\\\/09\\\/20\\\/villarejo-contra-efrain-alegre-forma-parte-de-la-vieja-politica-que-tiene-que-acabarse-en-paraguay\\\/\"]}]},{\"@type\":\"ImageObject\",\"inLanguage\":\"es\",\"@id\":\"https:\\\/\\\/informatepy.com\\\/2022\\\/2022\\\/09\\\/20\\\/villarejo-contra-efrain-alegre-forma-parte-de-la-vieja-politica-que-tiene-que-acabarse-en-paraguay\\\/#primaryimage\",\"url\":\"https:\\\/\\\/i0.wp.com\\\/informatepy.com\\\/2022\\\/wp-content\\\/uploads\\\/2022\\\/08\\\/sebastian-villarejo-1.jpg?fit=900%2C684&ssl=1\",\"contentUrl\":\"https:\\\/\\\/i0.wp.com\\\/informatepy.com\\\/2022\\\/wp-content\\\/uploads\\\/2022\\\/08\\\/sebastian-villarejo-1.jpg?fit=900%2C684&ssl=1\",\"width\":900,\"height\":684},{\"@type\":\"BreadcrumbList\",\"@id\":\"https:\\\/\\\/informatepy.com\\\/2022\\\/2022\\\/09\\\/20\\\/villarejo-contra-efrain-alegre-forma-parte-de-la-vieja-politica-que-tiene-que-acabarse-en-paraguay\\\/#breadcrumb\",\"itemListElement\":[{\"@type\":\"ListItem\",\"position\":1,\"name\":\"Portada\",\"item\":\"https:\\\/\\\/informatepy.com\\\/2022\\\/\"},{\"@type\":\"ListItem\",\"position\":2,\"name\":\"Villarejo contra Efra\u00edn Alegre: \u00abForma parte de la vieja pol\u00edtica que tiene que acabarse en Paraguay\u00bb\"}]},{\"@type\":\"WebSite\",\"@id\":\"https:\\\/\\\/informatepy.com\\\/2022\\\/#website\",\"url\":\"https:\\\/\\\/informatepy.com\\\/2022\\\/\",\"name\":\"Informatepy.com\",\"description\":\"La verdad, siempre!\",\"publisher\":{\"@id\":\"https:\\\/\\\/informatepy.com\\\/2022\\\/#organization\"},\"potentialAction\":[{\"@type\":\"SearchAction\",\"target\":{\"@type\":\"EntryPoint\",\"urlTemplate\":\"https:\\\/\\\/informatepy.com\\\/2022\\\/?s={search_term_string}\"},\"query-input\":{\"@type\":\"PropertyValueSpecification\",\"valueRequired\":true,\"valueName\":\"search_term_string\"}}],\"inLanguage\":\"es\"},{\"@type\":\"Organization\",\"@id\":\"https:\\\/\\\/informatepy.com\\\/2022\\\/#organization\",\"name\":\"Informatepy.com\",\"url\":\"https:\\\/\\\/informatepy.com\\\/2022\\\/\",\"logo\":{\"@type\":\"ImageObject\",\"inLanguage\":\"es\",\"@id\":\"https:\\\/\\\/informatepy.com\\\/2022\\\/#\\\/schema\\\/logo\\\/image\\\/\",\"url\":\"https:\\\/\\\/i0.wp.com\\\/informatepy.com\\\/2022\\\/wp-content\\\/uploads\\\/2022\\\/09\\\/informatepy150-2.png?fit=589%2C150\",\"contentUrl\":\"https:\\\/\\\/i0.wp.com\\\/informatepy.com\\\/2022\\\/wp-content\\\/uploads\\\/2022\\\/09\\\/informatepy150-2.png?fit=589%2C150\",\"width\":589,\"height\":150,\"caption\":\"Informatepy.com\"},\"image\":{\"@id\":\"https:\\\/\\\/informatepy.com\\\/2022\\\/#\\\/schema\\\/logo\\\/image\\\/\"},\"sameAs\":[\"https:\\\/\\\/www.facebook.com\\\/InformatePyCom\",\"https:\\\/\\\/x.com\\\/InformatePy1\"]},{\"@type\":\"Person\",\"@id\":\"https:\\\/\\\/informatepy.com\\\/2022\\\/#\\\/schema\\\/person\\\/e7c5b605ddfb77041eeddff4d93b26af\",\"name\":\"Redacci\u00f3n\",\"image\":{\"@type\":\"ImageObject\",\"inLanguage\":\"es\",\"@id\":\"https:\\\/\\\/informatepy.com\\\/2022\\\/wp-content\\\/uploads\\\/2023\\\/04\\\/Isologo-sin-fondo.pngce0c1b6da06ae20abaff417c2cdeea83\",\"url\":\"https:\\\/\\\/informatepy.com\\\/2022\\\/wp-content\\\/uploads\\\/2023\\\/04\\\/Isologo-sin-fondo.png\",\"contentUrl\":\"https:\\\/\\\/informatepy.com\\\/2022\\\/wp-content\\\/uploads\\\/2023\\\/04\\\/Isologo-sin-fondo.png\",\"caption\":\"Redacci\u00f3n\"},\"sameAs\":[\"https:\\\/\\\/www.facebook.com\\\/InformatePyCom\",\"https:\\\/\\\/x.com\\\/https:\\\/\\\/twitter.com\\\/InformatePy1\"],\"url\":\"https:\\\/\\\/informatepy.com\\\/2022\\\/author\\\/redaccion\\\/\"}]}<\/script>\n<!-- \/ Yoast SEO plugin. -->","yoast_head_json":{"title":"Villarejo contra Efra\u00edn Alegre: \"Forma parte de la vieja pol\u00edtica que tiene que acabarse en Paraguay\" - Informatepy.com","robots":{"index":"index","follow":"follow","max-snippet":"max-snippet:-1","max-image-preview":"max-image-preview:large","max-video-preview":"max-video-preview:-1"},"canonical":"https:\/\/informatepy.com\/2022\/2022\/09\/20\/villarejo-contra-efrain-alegre-forma-parte-de-la-vieja-politica-que-tiene-que-acabarse-en-paraguay\/","og_locale":"es_ES","og_type":"article","og_title":"Villarejo contra Efra\u00edn Alegre: \"Forma parte de la vieja pol\u00edtica que tiene que acabarse en Paraguay\" - Informatepy.com","og_description":"Sebasti\u00e1n Villarejo, precandidato a la Presidencia de la Rep\u00fablica por Patria Querida, cuestion\u00f3 este martes al presidente del Partido Liberal, Efra\u00edn Alegre, y destac\u00f3 que representa a la vieja pol\u00edtica que debe ser acabada. \u201cEfra\u00edn forma parte de la vieja pol\u00edtica que tiene que acabarse en Paraguay. Ojal\u00e1 que atienda a m\u00e1s medios y salga [&hellip;]","og_url":"https:\/\/informatepy.com\/2022\/2022\/09\/20\/villarejo-contra-efrain-alegre-forma-parte-de-la-vieja-politica-que-tiene-que-acabarse-en-paraguay\/","og_site_name":"Informatepy.com","article_publisher":"https:\/\/www.facebook.com\/InformatePyCom","article_author":"https:\/\/www.facebook.com\/InformatePyCom","article_published_time":"2022-09-20T17:47:56+00:00","article_modified_time":"2022-09-28T00:59:49+00:00","og_image":[{"width":900,"height":684,"url":"https:\/\/i0.wp.com\/informatepy.com\/2022\/wp-content\/uploads\/2022\/08\/sebastian-villarejo-1.jpg?fit=900%2C684&ssl=1","type":"image\/jpeg"}],"author":"admin","twitter_card":"summary_large_image","twitter_creator":"@https:\/\/twitter.com\/InformatePy1","twitter_site":"@InformatePy1","twitter_misc":{"Escrito por":"Redacci\u00f3n","Tiempo de lectura":"1 minuto"},"schema":{"@context":"https:\/\/schema.org","@graph":[{"@type":"Article","@id":"https:\/\/informatepy.com\/2022\/2022\/09\/20\/villarejo-contra-efrain-alegre-forma-parte-de-la-vieja-politica-que-tiene-que-acabarse-en-paraguay\/#article","isPartOf":{"@id":"https:\/\/informatepy.com\/2022\/2022\/09\/20\/villarejo-contra-efrain-alegre-forma-parte-de-la-vieja-politica-que-tiene-que-acabarse-en-paraguay\/"},"author":{"name":"Redacci\u00f3n","@id":"https:\/\/informatepy.com\/2022\/#\/schema\/person\/e7c5b605ddfb77041eeddff4d93b26af"},"headline":"Villarejo contra Efra\u00edn Alegre: \u00abForma parte de la vieja pol\u00edtica que tiene que acabarse en Paraguay\u00bb","datePublished":"2022-09-20T17:47:56+00:00","dateModified":"2022-09-28T00:59:49+00:00","mainEntityOfPage":{"@id":"https:\/\/informatepy.com\/2022\/2022\/09\/20\/villarejo-contra-efrain-alegre-forma-parte-de-la-vieja-politica-que-tiene-que-acabarse-en-paraguay\/"},"wordCount":190,"commentCount":0,"publisher":{"@id":"https:\/\/informatepy.com\/2022\/#organization"},"image":{"@id":"https:\/\/informatepy.com\/2022\/2022\/09\/20\/villarejo-contra-efrain-alegre-forma-parte-de-la-vieja-politica-que-tiene-que-acabarse-en-paraguay\/#primaryimage"},"thumbnailUrl":"https:\/\/i0.wp.com\/informatepy.com\/2022\/wp-content\/uploads\/2022\/08\/sebastian-villarejo-1.jpg?fit=900%2C684&ssl=1","keywords":["destacada","efra\u00edn alegre","elecciones 2023","partido patria querida","patria querida","sebastian villarejo"],"articleSection":["Nacionales"],"inLanguage":"es","potentialAction":[{"@type":"CommentAction","name":"Comment","target":["https:\/\/informatepy.com\/2022\/2022\/09\/20\/villarejo-contra-efrain-alegre-forma-parte-de-la-vieja-politica-que-tiene-que-acabarse-en-paraguay\/#respond"]}]},{"@type":"WebPage","@id":"https:\/\/informatepy.com\/2022\/2022\/09\/20\/villarejo-contra-efrain-alegre-forma-parte-de-la-vieja-politica-que-tiene-que-acabarse-en-paraguay\/","url":"https:\/\/informatepy.com\/2022\/2022\/09\/20\/villarejo-contra-efrain-alegre-forma-parte-de-la-vieja-politica-que-tiene-que-acabarse-en-paraguay\/","name":"Villarejo contra Efra\u00edn Alegre: \"Forma parte de la vieja pol\u00edtica que tiene que acabarse en Paraguay\" - Informatepy.com","isPartOf":{"@id":"https:\/\/informatepy.com\/2022\/#website"},"primaryImageOfPage":{"@id":"https:\/\/informatepy.com\/2022\/2022\/09\/20\/villarejo-contra-efrain-alegre-forma-parte-de-la-vieja-politica-que-tiene-que-acabarse-en-paraguay\/#primaryimage"},"image":{"@id":"https:\/\/informatepy.com\/2022\/2022\/09\/20\/villarejo-contra-efrain-alegre-forma-parte-de-la-vieja-politica-que-tiene-que-acabarse-en-paraguay\/#primaryimage"},"thumbnailUrl":"https:\/\/i0.wp.com\/informatepy.com\/2022\/wp-content\/uploads\/2022\/08\/sebastian-villarejo-1.jpg?fit=900%2C684&ssl=1","datePublished":"2022-09-20T17:47:56+00:00","dateModified":"2022-09-28T00:59:49+00:00","breadcrumb":{"@id":"https:\/\/informatepy.com\/2022\/2022\/09\/20\/villarejo-contra-efrain-alegre-forma-parte-de-la-vieja-politica-que-tiene-que-acabarse-en-paraguay\/#breadcrumb"},"inLanguage":"es","potentialAction":[{"@type":"ReadAction","target":["https:\/\/informatepy.com\/2022\/2022\/09\/20\/villarejo-contra-efrain-alegre-forma-parte-de-la-vieja-politica-que-tiene-que-acabarse-en-paraguay\/"]}]},{"@type":"ImageObject","inLanguage":"es","@id":"https:\/\/informatepy.com\/2022\/2022\/09\/20\/villarejo-contra-efrain-alegre-forma-parte-de-la-vieja-politica-que-tiene-que-acabarse-en-paraguay\/#primaryimage","url":"https:\/\/i0.wp.com\/informatepy.com\/2022\/wp-content\/uploads\/2022\/08\/sebastian-villarejo-1.jpg?fit=900%2C684&ssl=1","contentUrl":"https:\/\/i0.wp.com\/informatepy.com\/2022\/wp-content\/uploads\/2022\/08\/sebastian-villarejo-1.jpg?fit=900%2C684&ssl=1","width":900,"height":684},{"@type":"BreadcrumbList","@id":"https:\/\/informatepy.com\/2022\/2022\/09\/20\/villarejo-contra-efrain-alegre-forma-parte-de-la-vieja-politica-que-tiene-que-acabarse-en-paraguay\/#breadcrumb","itemListElement":[{"@type":"ListItem","position":1,"name":"Portada","item":"https:\/\/informatepy.com\/2022\/"},{"@type":"ListItem","position":2,"name":"Villarejo contra Efra\u00edn Alegre: \u00abForma parte de la vieja pol\u00edtica que tiene que acabarse en Paraguay\u00bb"}]},{"@type":"WebSite","@id":"https:\/\/informatepy.com\/2022\/#website","url":"https:\/\/informatepy.com\/2022\/","name":"Informatepy.com","description":"La verdad, siempre!","publisher":{"@id":"https:\/\/informatepy.com\/2022\/#organization"},"potentialAction":[{"@type":"SearchAction","target":{"@type":"EntryPoint","urlTemplate":"https:\/\/informatepy.com\/2022\/?s={search_term_string}"},"query-input":{"@type":"PropertyValueSpecification","valueRequired":true,"valueName":"search_term_string"}}],"inLanguage":"es"},{"@type":"Organization","@id":"https:\/\/informatepy.com\/2022\/#organization","name":"Informatepy.com","url":"https:\/\/informatepy.com\/2022\/","logo":{"@type":"ImageObject","inLanguage":"es","@id":"https:\/\/informatepy.com\/2022\/#\/schema\/logo\/image\/","url":"https:\/\/i0.wp.com\/informatepy.com\/2022\/wp-content\/uploads\/2022\/09\/informatepy150-2.png?fit=589%2C150","contentUrl":"https:\/\/i0.wp.com\/informatepy.com\/2022\/wp-content\/uploads\/2022\/09\/informatepy150-2.png?fit=589%2C150","width":589,"height":150,"caption":"Informatepy.com"},"image":{"@id":"https:\/\/informatepy.com\/2022\/#\/schema\/logo\/image\/"},"sameAs":["https:\/\/www.facebook.com\/InformatePyCom","https:\/\/x.com\/InformatePy1"]},{"@type":"Person","@id":"https:\/\/informatepy.com\/2022\/#\/schema\/person\/e7c5b605ddfb77041eeddff4d93b26af","name":"Redacci\u00f3n","image":{"@type":"ImageObject","inLanguage":"es","@id":"https:\/\/informatepy.com\/2022\/wp-content\/uploads\/2023\/04\/Isologo-sin-fondo.pngce0c1b6da06ae20abaff417c2cdeea83","url":"https:\/\/informatepy.com\/2022\/wp-content\/uploads\/2023\/04\/Isologo-sin-fondo.png","contentUrl":"https:\/\/informatepy.com\/2022\/wp-content\/uploads\/2023\/04\/Isologo-sin-fondo.png","caption":"Redacci\u00f3n"},"sameAs":["https:\/\/www.facebook.com\/InformatePyCom","https:\/\/x.com\/https:\/\/twitter.com\/InformatePy1"],"url":"https:\/\/informatepy.com\/2022\/author\/redaccion\/"}]}},"jetpack_featured_media_url":"https:\/\/i0.wp.com\/informatepy.com\/2022\/wp-content\/uploads\/2022\/08\/sebastian-villarejo-1.jpg?fit=900%2C684&ssl=1","jetpack-related-posts":[],"jetpack_sharing_enabled":true,"jetpack_likes_enabled":true,"authors":[{"term_id":998,"user_id":1,"is_guest":0,"slug":"admin","display_name":"admin","avatar_url":"https:\/\/secure.gravatar.com\/avatar\/5310f602b6cbcfb86e030c4ccdbb78f6565a3b9bab6a74ab80fd3cb5428b65af?s=96&d=mm&r=g","0":null,"1":"","2":"","3":"","4":"","5":"","6":"","7":"","8":""}],"amp_enabled":true,"_links":{"self":[{"href":"https:\/\/informatepy.com\/2022\/wp-json\/wp\/v2\/posts\/12023","targetHints":{"allow":["GET"]}}],"collection":[{"href":"https:\/\/informatepy.com\/2022\/wp-json\/wp\/v2\/posts"}],"about":[{"href":"https:\/\/informatepy.com\/2022\/wp-json\/wp\/v2\/types\/post"}],"author":[{"embeddable":true,"href":"https:\/\/informatepy.com\/2022\/wp-json\/wp\/v2\/users\/3"}],"replies":[{"embeddable":true,"href":"https:\/\/informatepy.com\/2022\/wp-json\/wp\/v2\/comments?post=12023"}],"version-history":[{"count":1,"href":"https:\/\/informatepy.com\/2022\/wp-json\/wp\/v2\/posts\/12023\/revisions"}],"predecessor-version":[{"id":14418,"href":"https:\/\/informatepy.com\/2022\/wp-json\/wp\/v2\/posts\/12023\/revisions\/14418"}],"wp:featuredmedia":[{"embeddable":true,"href":"https:\/\/informatepy.com\/2022\/wp-json\/wp\/v2\/media\/11685"}],"wp:attachment":[{"href":"https:\/\/informatepy.com\/2022\/wp-json\/wp\/v2\/media?parent=12023"}],"wp:term":[{"taxonomy":"category","embeddable":true,"href":"https:\/\/informatepy.com\/2022\/wp-json\/wp\/v2\/categories?post=12023"},{"taxonomy":"post_tag","embeddable":true,"href":"https:\/\/informatepy.com\/2022\/wp-json\/wp\/v2\/tags?post=12023"},{"taxonomy":"author","embeddable":true,"href":"https:\/\/informatepy.com\/2022\/wp-json\/wp\/v2\/ppma_author?post=12023"}],"curies":[{"name":"wp","href":"https:\/\/api.w.org\/{rel}","templated":true}]}}