{"id":11605,"date":"2022-08-08T21:46:11","date_gmt":"2022-08-08T21:46:11","guid":{"rendered":"http:\/\/informatepy.com\/2022\/2022\/08\/08\/arnaldo-giuzzo-declara-manana-ante-la-bicameral-por-presuntos-vinculos-con-el-narcotrafico\/"},"modified":"2022-09-28T00:51:58","modified_gmt":"2022-09-28T00:51:58","slug":"arnaldo-giuzzo-declara-manana-ante-la-bicameral-por-presuntos-vinculos-con-el-narcotrafico","status":"publish","type":"post","link":"https:\/\/informatepy.com\/2022\/2022\/08\/08\/arnaldo-giuzzo-declara-manana-ante-la-bicameral-por-presuntos-vinculos-con-el-narcotrafico\/","title":{"rendered":"Arnaldo Giuzzo declara ma\u00f1ana ante la bicameral por presuntos v\u00ednculos con el narcotr\u00e1fico"},"content":{"rendered":"\n<p class=\"has-text-align-justify\">Arnald Giuzzo, exministro del Interior, deber\u00e1 presentarse este martes ante la <strong>Comisi\u00f3n Bicameral de Investigaci\u00f3n<\/strong> para explicar sobre <strong>sus presuntos v\u00ednculos con el narco brasile\u00f1o Marcus Vinicius Esp\u00edndola Marqu\u00e9s de Padua.<\/strong><\/p>\n\n\n\n<p class=\"has-text-align-justify\">La realizaci\u00f3n de la audiencia fue confirmada por Jorge Querey, titular del \u00f3rgano legislativo.\u00a0 <\/p>\n\n\n\n<p class=\"has-text-align-justify\">Marqu\u00e9s de Padua fue detenido en Brasil por sus supuestos v\u00ednculos con el crimen organizado en el marco del operativo denominado Turf.<\/p>\n\n\n\n<p class=\"has-text-align-justify\">Giuzzio fue destituido en febrero pasado tras descubrirse que utiliz\u00f3 una camioneta, propiedad de Marqu\u00e9s de Padua, para vacacionar con sus familiares en Brasil a finales de diciembre del 2021.<\/p>\n","protected":false},"excerpt":{"rendered":"<p>Arnald Giuzzo, exministro del Interior, deber\u00e1 presentarse este martes ante la Comisi\u00f3n Bicameral de Investigaci\u00f3n para explicar sobre sus presuntos v\u00ednculos con el narco brasile\u00f1o Marcus Vinicius Esp\u00edndola Marqu\u00e9s de Padua. La realizaci\u00f3n de la audiencia fue confirmada por Jorge Querey, titular del \u00f3rgano legislativo.\u00a0 Marqu\u00e9s de Padua fue detenido en Brasil por sus supuestos [&hellip;]<\/p>\n","protected":false},"author":3,"featured_media":2468,"comment_status":"open","ping_status":"open","sticky":false,"template":"","format":"standard","meta":{"tdm_status":"","tdm_grid_status":"","footnotes":"","jetpack_publicize_message":"","jetpack_publicize_feature_enabled":true,"jetpack_social_post_already_shared":true,"jetpack_social_options":{"image_generator_settings":{"template":"highway","enabled":false}}},"categories":[18],"tags":[652,871,1642,21],"ppma_author":[1037],"class_list":{"0":"post-11605","1":"post","2":"type-post","3":"status-publish","4":"format-standard","5":"has-post-thumbnail","7":"category-nacionales","8":"tag-arnaldo-giuzzo","9":"tag-destacada","10":"tag-giuzzo","11":"tag-narcotrafico"},"jetpack_publicize_connections":[],"yoast_head":"<!-- This site is optimized with the Yoast SEO plugin v27.5 - https:\/\/yoast.com\/product\/yoast-seo-wordpress\/ -->\n<title>Arnaldo Giuzzo declara ma\u00f1ana ante la bicameral por presuntos v\u00ednculos con el narcotr\u00e1fico - Informatepy.com<\/title>\n<meta name=\"robots\" content=\"index, follow, max-snippet:-1, max-image-preview:large, max-video-preview:-1\" \/>\n<link rel=\"canonical\" href=\"https:\/\/informatepy.com\/2022\/2022\/08\/08\/arnaldo-giuzzo-declara-manana-ante-la-bicameral-por-presuntos-vinculos-con-el-narcotrafico\/\" \/>\n<meta property=\"og:locale\" content=\"es_ES\" \/>\n<meta property=\"og:type\" content=\"article\" \/>\n<meta property=\"og:title\" content=\"Arnaldo Giuzzo declara ma\u00f1ana ante la bicameral por presuntos v\u00ednculos con el narcotr\u00e1fico - Informatepy.com\" \/>\n<meta property=\"og:description\" content=\"Arnald Giuzzo, exministro del Interior, deber\u00e1 presentarse este martes ante la Comisi\u00f3n Bicameral de Investigaci\u00f3n para explicar sobre sus presuntos v\u00ednculos con el narco brasile\u00f1o Marcus Vinicius Esp\u00edndola Marqu\u00e9s de Padua. La realizaci\u00f3n de la audiencia fue confirmada por Jorge Querey, titular del \u00f3rgano legislativo.\u00a0 Marqu\u00e9s de Padua fue detenido en Brasil por sus supuestos [&hellip;]\" \/>\n<meta property=\"og:url\" content=\"https:\/\/informatepy.com\/2022\/2022\/08\/08\/arnaldo-giuzzo-declara-manana-ante-la-bicameral-por-presuntos-vinculos-con-el-narcotrafico\/\" \/>\n<meta property=\"og:site_name\" content=\"Informatepy.com\" \/>\n<meta property=\"article:publisher\" content=\"https:\/\/www.facebook.com\/InformatePyCom\" \/>\n<meta property=\"article:author\" content=\"https:\/\/www.facebook.com\/InformatePyCom\" \/>\n<meta property=\"article:published_time\" content=\"2022-08-08T21:46:11+00:00\" \/>\n<meta property=\"article:modified_time\" content=\"2022-09-28T00:51:58+00:00\" \/>\n<meta property=\"og:image\" content=\"https:\/\/i0.wp.com\/informatepy.com\/2022\/wp-content\/uploads\/2021\/03\/Arnaldo-Giuzzio.jpg?fit=1276%2C806&ssl=1\" \/>\n\t<meta property=\"og:image:width\" content=\"1276\" \/>\n\t<meta property=\"og:image:height\" content=\"806\" \/>\n\t<meta property=\"og:image:type\" content=\"image\/jpeg\" \/>\n<meta name=\"author\" content=\"Redacci\u00f3n\" \/>\n<meta name=\"twitter:card\" content=\"summary_large_image\" \/>\n<meta name=\"twitter:creator\" content=\"@https:\/\/twitter.com\/InformatePy1\" \/>\n<meta name=\"twitter:site\" content=\"@InformatePy1\" \/>\n<meta name=\"twitter:label1\" content=\"Escrito por\" \/>\n\t<meta name=\"twitter:data1\" content=\"Redacci\u00f3n\" \/>\n\t<meta name=\"twitter:label2\" content=\"Tiempo de lectura\" \/>\n\t<meta name=\"twitter:data2\" content=\"1 minuto\" \/>\n<script type=\"application\/ld+json\" class=\"yoast-schema-graph\">{\"@context\":\"https:\\\/\\\/schema.org\",\"@graph\":[{\"@type\":\"Article\",\"@id\":\"https:\\\/\\\/informatepy.com\\\/2022\\\/2022\\\/08\\\/08\\\/arnaldo-giuzzo-declara-manana-ante-la-bicameral-por-presuntos-vinculos-con-el-narcotrafico\\\/#article\",\"isPartOf\":{\"@id\":\"https:\\\/\\\/informatepy.com\\\/2022\\\/2022\\\/08\\\/08\\\/arnaldo-giuzzo-declara-manana-ante-la-bicameral-por-presuntos-vinculos-con-el-narcotrafico\\\/\"},\"author\":{\"name\":\"Redacci\u00f3n\",\"@id\":\"https:\\\/\\\/informatepy.com\\\/2022\\\/#\\\/schema\\\/person\\\/e7c5b605ddfb77041eeddff4d93b26af\"},\"headline\":\"Arnaldo Giuzzo declara ma\u00f1ana ante la bicameral por presuntos v\u00ednculos con el narcotr\u00e1fico\",\"datePublished\":\"2022-08-08T21:46:11+00:00\",\"dateModified\":\"2022-09-28T00:51:58+00:00\",\"mainEntityOfPage\":{\"@id\":\"https:\\\/\\\/informatepy.com\\\/2022\\\/2022\\\/08\\\/08\\\/arnaldo-giuzzo-declara-manana-ante-la-bicameral-por-presuntos-vinculos-con-el-narcotrafico\\\/\"},\"wordCount\":122,\"commentCount\":0,\"publisher\":{\"@id\":\"https:\\\/\\\/informatepy.com\\\/2022\\\/#organization\"},\"image\":{\"@id\":\"https:\\\/\\\/informatepy.com\\\/2022\\\/2022\\\/08\\\/08\\\/arnaldo-giuzzo-declara-manana-ante-la-bicameral-por-presuntos-vinculos-con-el-narcotrafico\\\/#primaryimage\"},\"thumbnailUrl\":\"https:\\\/\\\/i0.wp.com\\\/informatepy.com\\\/2022\\\/wp-content\\\/uploads\\\/2021\\\/03\\\/Arnaldo-Giuzzio.jpg?fit=1276%2C806&ssl=1\",\"keywords\":[\"arnaldo giuzzo\",\"destacada\",\"giuzzo\",\"narcotrafico\"],\"articleSection\":[\"Nacionales\"],\"inLanguage\":\"es\",\"potentialAction\":[{\"@type\":\"CommentAction\",\"name\":\"Comment\",\"target\":[\"https:\\\/\\\/informatepy.com\\\/2022\\\/2022\\\/08\\\/08\\\/arnaldo-giuzzo-declara-manana-ante-la-bicameral-por-presuntos-vinculos-con-el-narcotrafico\\\/#respond\"]}]},{\"@type\":\"WebPage\",\"@id\":\"https:\\\/\\\/informatepy.com\\\/2022\\\/2022\\\/08\\\/08\\\/arnaldo-giuzzo-declara-manana-ante-la-bicameral-por-presuntos-vinculos-con-el-narcotrafico\\\/\",\"url\":\"https:\\\/\\\/informatepy.com\\\/2022\\\/2022\\\/08\\\/08\\\/arnaldo-giuzzo-declara-manana-ante-la-bicameral-por-presuntos-vinculos-con-el-narcotrafico\\\/\",\"name\":\"Arnaldo Giuzzo declara ma\u00f1ana ante la bicameral por presuntos v\u00ednculos con el narcotr\u00e1fico - Informatepy.com\",\"isPartOf\":{\"@id\":\"https:\\\/\\\/informatepy.com\\\/2022\\\/#website\"},\"primaryImageOfPage\":{\"@id\":\"https:\\\/\\\/informatepy.com\\\/2022\\\/2022\\\/08\\\/08\\\/arnaldo-giuzzo-declara-manana-ante-la-bicameral-por-presuntos-vinculos-con-el-narcotrafico\\\/#primaryimage\"},\"image\":{\"@id\":\"https:\\\/\\\/informatepy.com\\\/2022\\\/2022\\\/08\\\/08\\\/arnaldo-giuzzo-declara-manana-ante-la-bicameral-por-presuntos-vinculos-con-el-narcotrafico\\\/#primaryimage\"},\"thumbnailUrl\":\"https:\\\/\\\/i0.wp.com\\\/informatepy.com\\\/2022\\\/wp-content\\\/uploads\\\/2021\\\/03\\\/Arnaldo-Giuzzio.jpg?fit=1276%2C806&ssl=1\",\"datePublished\":\"2022-08-08T21:46:11+00:00\",\"dateModified\":\"2022-09-28T00:51:58+00:00\",\"breadcrumb\":{\"@id\":\"https:\\\/\\\/informatepy.com\\\/2022\\\/2022\\\/08\\\/08\\\/arnaldo-giuzzo-declara-manana-ante-la-bicameral-por-presuntos-vinculos-con-el-narcotrafico\\\/#breadcrumb\"},\"inLanguage\":\"es\",\"potentialAction\":[{\"@type\":\"ReadAction\",\"target\":[\"https:\\\/\\\/informatepy.com\\\/2022\\\/2022\\\/08\\\/08\\\/arnaldo-giuzzo-declara-manana-ante-la-bicameral-por-presuntos-vinculos-con-el-narcotrafico\\\/\"]}]},{\"@type\":\"ImageObject\",\"inLanguage\":\"es\",\"@id\":\"https:\\\/\\\/informatepy.com\\\/2022\\\/2022\\\/08\\\/08\\\/arnaldo-giuzzo-declara-manana-ante-la-bicameral-por-presuntos-vinculos-con-el-narcotrafico\\\/#primaryimage\",\"url\":\"https:\\\/\\\/i0.wp.com\\\/informatepy.com\\\/2022\\\/wp-content\\\/uploads\\\/2021\\\/03\\\/Arnaldo-Giuzzio.jpg?fit=1276%2C806&ssl=1\",\"contentUrl\":\"https:\\\/\\\/i0.wp.com\\\/informatepy.com\\\/2022\\\/wp-content\\\/uploads\\\/2021\\\/03\\\/Arnaldo-Giuzzio.jpg?fit=1276%2C806&ssl=1\",\"width\":1276,\"height\":806},{\"@type\":\"BreadcrumbList\",\"@id\":\"https:\\\/\\\/informatepy.com\\\/2022\\\/2022\\\/08\\\/08\\\/arnaldo-giuzzo-declara-manana-ante-la-bicameral-por-presuntos-vinculos-con-el-narcotrafico\\\/#breadcrumb\",\"itemListElement\":[{\"@type\":\"ListItem\",\"position\":1,\"name\":\"Portada\",\"item\":\"https:\\\/\\\/informatepy.com\\\/2022\\\/\"},{\"@type\":\"ListItem\",\"position\":2,\"name\":\"Arnaldo Giuzzo declara ma\u00f1ana ante la bicameral por presuntos v\u00ednculos con el narcotr\u00e1fico\"}]},{\"@type\":\"WebSite\",\"@id\":\"https:\\\/\\\/informatepy.com\\\/2022\\\/#website\",\"url\":\"https:\\\/\\\/informatepy.com\\\/2022\\\/\",\"name\":\"Informatepy.com\",\"description\":\"La verdad, siempre!\",\"publisher\":{\"@id\":\"https:\\\/\\\/informatepy.com\\\/2022\\\/#organization\"},\"potentialAction\":[{\"@type\":\"SearchAction\",\"target\":{\"@type\":\"EntryPoint\",\"urlTemplate\":\"https:\\\/\\\/informatepy.com\\\/2022\\\/?s={search_term_string}\"},\"query-input\":{\"@type\":\"PropertyValueSpecification\",\"valueRequired\":true,\"valueName\":\"search_term_string\"}}],\"inLanguage\":\"es\"},{\"@type\":\"Organization\",\"@id\":\"https:\\\/\\\/informatepy.com\\\/2022\\\/#organization\",\"name\":\"Informatepy.com\",\"url\":\"https:\\\/\\\/informatepy.com\\\/2022\\\/\",\"logo\":{\"@type\":\"ImageObject\",\"inLanguage\":\"es\",\"@id\":\"https:\\\/\\\/informatepy.com\\\/2022\\\/#\\\/schema\\\/logo\\\/image\\\/\",\"url\":\"https:\\\/\\\/i0.wp.com\\\/informatepy.com\\\/2022\\\/wp-content\\\/uploads\\\/2022\\\/09\\\/informatepy150-2.png?fit=589%2C150\",\"contentUrl\":\"https:\\\/\\\/i0.wp.com\\\/informatepy.com\\\/2022\\\/wp-content\\\/uploads\\\/2022\\\/09\\\/informatepy150-2.png?fit=589%2C150\",\"width\":589,\"height\":150,\"caption\":\"Informatepy.com\"},\"image\":{\"@id\":\"https:\\\/\\\/informatepy.com\\\/2022\\\/#\\\/schema\\\/logo\\\/image\\\/\"},\"sameAs\":[\"https:\\\/\\\/www.facebook.com\\\/InformatePyCom\",\"https:\\\/\\\/x.com\\\/InformatePy1\"]},{\"@type\":\"Person\",\"@id\":\"https:\\\/\\\/informatepy.com\\\/2022\\\/#\\\/schema\\\/person\\\/e7c5b605ddfb77041eeddff4d93b26af\",\"name\":\"Redacci\u00f3n\",\"image\":{\"@type\":\"ImageObject\",\"inLanguage\":\"es\",\"@id\":\"https:\\\/\\\/informatepy.com\\\/2022\\\/wp-content\\\/uploads\\\/2023\\\/04\\\/Isologo-sin-fondo.pngce0c1b6da06ae20abaff417c2cdeea83\",\"url\":\"https:\\\/\\\/informatepy.com\\\/2022\\\/wp-content\\\/uploads\\\/2023\\\/04\\\/Isologo-sin-fondo.png\",\"contentUrl\":\"https:\\\/\\\/informatepy.com\\\/2022\\\/wp-content\\\/uploads\\\/2023\\\/04\\\/Isologo-sin-fondo.png\",\"caption\":\"Redacci\u00f3n\"},\"sameAs\":[\"https:\\\/\\\/www.facebook.com\\\/InformatePyCom\",\"https:\\\/\\\/x.com\\\/https:\\\/\\\/twitter.com\\\/InformatePy1\"],\"url\":\"https:\\\/\\\/informatepy.com\\\/2022\\\/author\\\/redaccion\\\/\"}]}<\/script>\n<!-- \/ Yoast SEO plugin. -->","yoast_head_json":{"title":"Arnaldo Giuzzo declara ma\u00f1ana ante la bicameral por presuntos v\u00ednculos con el narcotr\u00e1fico - Informatepy.com","robots":{"index":"index","follow":"follow","max-snippet":"max-snippet:-1","max-image-preview":"max-image-preview:large","max-video-preview":"max-video-preview:-1"},"canonical":"https:\/\/informatepy.com\/2022\/2022\/08\/08\/arnaldo-giuzzo-declara-manana-ante-la-bicameral-por-presuntos-vinculos-con-el-narcotrafico\/","og_locale":"es_ES","og_type":"article","og_title":"Arnaldo Giuzzo declara ma\u00f1ana ante la bicameral por presuntos v\u00ednculos con el narcotr\u00e1fico - Informatepy.com","og_description":"Arnald Giuzzo, exministro del Interior, deber\u00e1 presentarse este martes ante la Comisi\u00f3n Bicameral de Investigaci\u00f3n para explicar sobre sus presuntos v\u00ednculos con el narco brasile\u00f1o Marcus Vinicius Esp\u00edndola Marqu\u00e9s de Padua. La realizaci\u00f3n de la audiencia fue confirmada por Jorge Querey, titular del \u00f3rgano legislativo.\u00a0 Marqu\u00e9s de Padua fue detenido en Brasil por sus supuestos [&hellip;]","og_url":"https:\/\/informatepy.com\/2022\/2022\/08\/08\/arnaldo-giuzzo-declara-manana-ante-la-bicameral-por-presuntos-vinculos-con-el-narcotrafico\/","og_site_name":"Informatepy.com","article_publisher":"https:\/\/www.facebook.com\/InformatePyCom","article_author":"https:\/\/www.facebook.com\/InformatePyCom","article_published_time":"2022-08-08T21:46:11+00:00","article_modified_time":"2022-09-28T00:51:58+00:00","og_image":[{"width":1276,"height":806,"url":"https:\/\/i0.wp.com\/informatepy.com\/2022\/wp-content\/uploads\/2021\/03\/Arnaldo-Giuzzio.jpg?fit=1276%2C806&ssl=1","type":"image\/jpeg"}],"author":"Redacci\u00f3n","twitter_card":"summary_large_image","twitter_creator":"@https:\/\/twitter.com\/InformatePy1","twitter_site":"@InformatePy1","twitter_misc":{"Escrito por":"Redacci\u00f3n","Tiempo de lectura":"1 minuto"},"schema":{"@context":"https:\/\/schema.org","@graph":[{"@type":"Article","@id":"https:\/\/informatepy.com\/2022\/2022\/08\/08\/arnaldo-giuzzo-declara-manana-ante-la-bicameral-por-presuntos-vinculos-con-el-narcotrafico\/#article","isPartOf":{"@id":"https:\/\/informatepy.com\/2022\/2022\/08\/08\/arnaldo-giuzzo-declara-manana-ante-la-bicameral-por-presuntos-vinculos-con-el-narcotrafico\/"},"author":{"name":"Redacci\u00f3n","@id":"https:\/\/informatepy.com\/2022\/#\/schema\/person\/e7c5b605ddfb77041eeddff4d93b26af"},"headline":"Arnaldo Giuzzo declara ma\u00f1ana ante la bicameral por presuntos v\u00ednculos con el narcotr\u00e1fico","datePublished":"2022-08-08T21:46:11+00:00","dateModified":"2022-09-28T00:51:58+00:00","mainEntityOfPage":{"@id":"https:\/\/informatepy.com\/2022\/2022\/08\/08\/arnaldo-giuzzo-declara-manana-ante-la-bicameral-por-presuntos-vinculos-con-el-narcotrafico\/"},"wordCount":122,"commentCount":0,"publisher":{"@id":"https:\/\/informatepy.com\/2022\/#organization"},"image":{"@id":"https:\/\/informatepy.com\/2022\/2022\/08\/08\/arnaldo-giuzzo-declara-manana-ante-la-bicameral-por-presuntos-vinculos-con-el-narcotrafico\/#primaryimage"},"thumbnailUrl":"https:\/\/i0.wp.com\/informatepy.com\/2022\/wp-content\/uploads\/2021\/03\/Arnaldo-Giuzzio.jpg?fit=1276%2C806&ssl=1","keywords":["arnaldo giuzzo","destacada","giuzzo","narcotrafico"],"articleSection":["Nacionales"],"inLanguage":"es","potentialAction":[{"@type":"CommentAction","name":"Comment","target":["https:\/\/informatepy.com\/2022\/2022\/08\/08\/arnaldo-giuzzo-declara-manana-ante-la-bicameral-por-presuntos-vinculos-con-el-narcotrafico\/#respond"]}]},{"@type":"WebPage","@id":"https:\/\/informatepy.com\/2022\/2022\/08\/08\/arnaldo-giuzzo-declara-manana-ante-la-bicameral-por-presuntos-vinculos-con-el-narcotrafico\/","url":"https:\/\/informatepy.com\/2022\/2022\/08\/08\/arnaldo-giuzzo-declara-manana-ante-la-bicameral-por-presuntos-vinculos-con-el-narcotrafico\/","name":"Arnaldo Giuzzo declara ma\u00f1ana ante la bicameral por presuntos v\u00ednculos con el narcotr\u00e1fico - Informatepy.com","isPartOf":{"@id":"https:\/\/informatepy.com\/2022\/#website"},"primaryImageOfPage":{"@id":"https:\/\/informatepy.com\/2022\/2022\/08\/08\/arnaldo-giuzzo-declara-manana-ante-la-bicameral-por-presuntos-vinculos-con-el-narcotrafico\/#primaryimage"},"image":{"@id":"https:\/\/informatepy.com\/2022\/2022\/08\/08\/arnaldo-giuzzo-declara-manana-ante-la-bicameral-por-presuntos-vinculos-con-el-narcotrafico\/#primaryimage"},"thumbnailUrl":"https:\/\/i0.wp.com\/informatepy.com\/2022\/wp-content\/uploads\/2021\/03\/Arnaldo-Giuzzio.jpg?fit=1276%2C806&ssl=1","datePublished":"2022-08-08T21:46:11+00:00","dateModified":"2022-09-28T00:51:58+00:00","breadcrumb":{"@id":"https:\/\/informatepy.com\/2022\/2022\/08\/08\/arnaldo-giuzzo-declara-manana-ante-la-bicameral-por-presuntos-vinculos-con-el-narcotrafico\/#breadcrumb"},"inLanguage":"es","potentialAction":[{"@type":"ReadAction","target":["https:\/\/informatepy.com\/2022\/2022\/08\/08\/arnaldo-giuzzo-declara-manana-ante-la-bicameral-por-presuntos-vinculos-con-el-narcotrafico\/"]}]},{"@type":"ImageObject","inLanguage":"es","@id":"https:\/\/informatepy.com\/2022\/2022\/08\/08\/arnaldo-giuzzo-declara-manana-ante-la-bicameral-por-presuntos-vinculos-con-el-narcotrafico\/#primaryimage","url":"https:\/\/i0.wp.com\/informatepy.com\/2022\/wp-content\/uploads\/2021\/03\/Arnaldo-Giuzzio.jpg?fit=1276%2C806&ssl=1","contentUrl":"https:\/\/i0.wp.com\/informatepy.com\/2022\/wp-content\/uploads\/2021\/03\/Arnaldo-Giuzzio.jpg?fit=1276%2C806&ssl=1","width":1276,"height":806},{"@type":"BreadcrumbList","@id":"https:\/\/informatepy.com\/2022\/2022\/08\/08\/arnaldo-giuzzo-declara-manana-ante-la-bicameral-por-presuntos-vinculos-con-el-narcotrafico\/#breadcrumb","itemListElement":[{"@type":"ListItem","position":1,"name":"Portada","item":"https:\/\/informatepy.com\/2022\/"},{"@type":"ListItem","position":2,"name":"Arnaldo Giuzzo declara ma\u00f1ana ante la bicameral por presuntos v\u00ednculos con el narcotr\u00e1fico"}]},{"@type":"WebSite","@id":"https:\/\/informatepy.com\/2022\/#website","url":"https:\/\/informatepy.com\/2022\/","name":"Informatepy.com","description":"La verdad, siempre!","publisher":{"@id":"https:\/\/informatepy.com\/2022\/#organization"},"potentialAction":[{"@type":"SearchAction","target":{"@type":"EntryPoint","urlTemplate":"https:\/\/informatepy.com\/2022\/?s={search_term_string}"},"query-input":{"@type":"PropertyValueSpecification","valueRequired":true,"valueName":"search_term_string"}}],"inLanguage":"es"},{"@type":"Organization","@id":"https:\/\/informatepy.com\/2022\/#organization","name":"Informatepy.com","url":"https:\/\/informatepy.com\/2022\/","logo":{"@type":"ImageObject","inLanguage":"es","@id":"https:\/\/informatepy.com\/2022\/#\/schema\/logo\/image\/","url":"https:\/\/i0.wp.com\/informatepy.com\/2022\/wp-content\/uploads\/2022\/09\/informatepy150-2.png?fit=589%2C150","contentUrl":"https:\/\/i0.wp.com\/informatepy.com\/2022\/wp-content\/uploads\/2022\/09\/informatepy150-2.png?fit=589%2C150","width":589,"height":150,"caption":"Informatepy.com"},"image":{"@id":"https:\/\/informatepy.com\/2022\/#\/schema\/logo\/image\/"},"sameAs":["https:\/\/www.facebook.com\/InformatePyCom","https:\/\/x.com\/InformatePy1"]},{"@type":"Person","@id":"https:\/\/informatepy.com\/2022\/#\/schema\/person\/e7c5b605ddfb77041eeddff4d93b26af","name":"Redacci\u00f3n","image":{"@type":"ImageObject","inLanguage":"es","@id":"https:\/\/informatepy.com\/2022\/wp-content\/uploads\/2023\/04\/Isologo-sin-fondo.pngce0c1b6da06ae20abaff417c2cdeea83","url":"https:\/\/informatepy.com\/2022\/wp-content\/uploads\/2023\/04\/Isologo-sin-fondo.png","contentUrl":"https:\/\/informatepy.com\/2022\/wp-content\/uploads\/2023\/04\/Isologo-sin-fondo.png","caption":"Redacci\u00f3n"},"sameAs":["https:\/\/www.facebook.com\/InformatePyCom","https:\/\/x.com\/https:\/\/twitter.com\/InformatePy1"],"url":"https:\/\/informatepy.com\/2022\/author\/redaccion\/"}]}},"jetpack_featured_media_url":"https:\/\/i0.wp.com\/informatepy.com\/2022\/wp-content\/uploads\/2021\/03\/Arnaldo-Giuzzio.jpg?fit=1276%2C806&ssl=1","jetpack-related-posts":[],"jetpack_sharing_enabled":true,"jetpack_likes_enabled":true,"authors":[{"term_id":1037,"user_id":3,"is_guest":0,"slug":"redaccion","display_name":"Redacci\u00f3n","avatar_url":{"url":"https:\/\/informatepy.com\/2022\/wp-content\/uploads\/2023\/04\/Isologo-sin-fondo.png","url2x":"https:\/\/informatepy.com\/2022\/wp-content\/uploads\/2023\/04\/Isologo-sin-fondo.png"},"0":null,"1":"","2":"","3":"","4":"","5":"","6":"","7":"","8":""}],"amp_enabled":true,"_links":{"self":[{"href":"https:\/\/informatepy.com\/2022\/wp-json\/wp\/v2\/posts\/11605","targetHints":{"allow":["GET"]}}],"collection":[{"href":"https:\/\/informatepy.com\/2022\/wp-json\/wp\/v2\/posts"}],"about":[{"href":"https:\/\/informatepy.com\/2022\/wp-json\/wp\/v2\/types\/post"}],"author":[{"embeddable":true,"href":"https:\/\/informatepy.com\/2022\/wp-json\/wp\/v2\/users\/3"}],"replies":[{"embeddable":true,"href":"https:\/\/informatepy.com\/2022\/wp-json\/wp\/v2\/comments?post=11605"}],"version-history":[{"count":1,"href":"https:\/\/informatepy.com\/2022\/wp-json\/wp\/v2\/posts\/11605\/revisions"}],"predecessor-version":[{"id":14144,"href":"https:\/\/informatepy.com\/2022\/wp-json\/wp\/v2\/posts\/11605\/revisions\/14144"}],"wp:featuredmedia":[{"embeddable":true,"href":"https:\/\/informatepy.com\/2022\/wp-json\/wp\/v2\/media\/2468"}],"wp:attachment":[{"href":"https:\/\/informatepy.com\/2022\/wp-json\/wp\/v2\/media?parent=11605"}],"wp:term":[{"taxonomy":"category","embeddable":true,"href":"https:\/\/informatepy.com\/2022\/wp-json\/wp\/v2\/categories?post=11605"},{"taxonomy":"post_tag","embeddable":true,"href":"https:\/\/informatepy.com\/2022\/wp-json\/wp\/v2\/tags?post=11605"},{"taxonomy":"author","embeddable":true,"href":"https:\/\/informatepy.com\/2022\/wp-json\/wp\/v2\/ppma_author?post=11605"}],"curies":[{"name":"wp","href":"https:\/\/api.w.org\/{rel}","templated":true}]}}