{"id":11537,"date":"2022-08-02T23:52:36","date_gmt":"2022-08-02T23:52:36","guid":{"rendered":"http:\/\/informatepy.com\/2022\/2022\/08\/02\/conmebol-lanza-su-candidatura-al-mundial-2030\/"},"modified":"2022-09-28T00:50:45","modified_gmt":"2022-09-28T00:50:45","slug":"conmebol-lanza-su-candidatura-al-mundial-2030","status":"publish","type":"post","link":"https:\/\/informatepy.com\/2022\/2022\/08\/02\/conmebol-lanza-su-candidatura-al-mundial-2030\/","title":{"rendered":"Conmebol lanza su candidatura al mundial 2030"},"content":{"rendered":"\n<p class=\"has-text-align-justify\">El m\u00edtico Estadio Centenario de Montevideo fue el lugar elegido por las autoridades de la Conmebol y del gobierno uruguayo para el lanzamiento de la candidatura de Sudam\u00e9rica para la organizaci\u00f3n del mundial de futbol FIFA a realizarse en el a\u00f1o 2030.<\/p>\n\n\n\n<p class=\"has-text-align-justify\">La idea est\u00e1 basada en que cuando se cumplan 100 a\u00f1os de la primera copa del mundo de 1930, Sudam\u00e9rica vuelva a ser la protagonista en la organizaci\u00f3n del evento. Los cuatro pa\u00edses organizadores se comprometen a tener por lo menos dos sedes para su realizaci\u00f3n.<\/p>\n\n\n\n<p class=\"has-text-align-justify\">Alejandro Dom\u00ednguez, presidente de Conmebol manifest\u00f3 que <em><strong>\u201ctodo el f\u00fatbol tiene una deuda moral con aquellos que so\u00f1aron e hicieron posible la primera Copa del Mundo y por eso queremos que el mundial vuelva a su cuna y al pa\u00eds que lo vio nacer<\/strong>\u201d.<\/em><\/p>\n\n\n\n<p class=\"has-text-align-justify\"><em>\u201c<strong>Queremos rememorar y preguntarnos si aquellos visionarios que hicieron factible y posible lo del primer mundial ac\u00e1 se hubieran imaginado el impacto que tiene hoy el f\u00fatbol en el mundo entero y la manera en la que se disputa hoy el poder ser anfitri\u00f3n y sede de un mundial<\/strong>\u201d <\/em>Expres\u00f3.<\/p>\n\n\n\n<p class=\"has-text-align-justify\">De esta manera, la Conmebol <strong>\u201centra a la cancha\u201d<\/strong> a competir con la candidatura de la UEFA, que present\u00f3 a Espa\u00f1a y Portugal como sus candidatas a realizar el mundial de 2030. La sede de la copa del mundo ser\u00e1 elegida el 24 de noviembre de 2024 en un congreso a realizarse en Z\u00farich, Suiza, en el establecimiento de la FIFA.<\/p>\n","protected":false},"excerpt":{"rendered":"<p>El m\u00edtico Estadio Centenario de Montevideo fue el lugar elegido por las autoridades de la Conmebol y del gobierno uruguayo para el lanzamiento de la candidatura de Sudam\u00e9rica para la organizaci\u00f3n del mundial de futbol FIFA a realizarse en el a\u00f1o 2030. La idea est\u00e1 basada en que cuando se cumplan 100 a\u00f1os de la [&hellip;]<\/p>\n","protected":false},"author":41,"featured_media":11538,"comment_status":"open","ping_status":"open","sticky":false,"template":"","format":"standard","meta":{"tdm_status":"","tdm_grid_status":"","footnotes":"","jetpack_publicize_message":"","jetpack_publicize_feature_enabled":true,"jetpack_social_post_already_shared":true,"jetpack_social_options":{"image_generator_settings":{"template":"highway","enabled":false}}},"categories":[24],"tags":[27,138,871,175,1139],"ppma_author":[1696],"class_list":{"0":"post-11537","1":"post","2":"type-post","3":"status-publish","4":"format-standard","5":"has-post-thumbnail","7":"category-deportes","8":"tag-apf","9":"tag-conmebol","10":"tag-destacada","11":"tag-fifa","12":"tag-futbol-sudamericano"},"jetpack_publicize_connections":[],"yoast_head":"<!-- This site is optimized with the Yoast SEO plugin v27.4 - https:\/\/yoast.com\/product\/yoast-seo-wordpress\/ -->\n<title>Conmebol lanza su candidatura al mundial 2030 - Informatepy.com<\/title>\n<meta name=\"robots\" content=\"index, follow, max-snippet:-1, max-image-preview:large, max-video-preview:-1\" \/>\n<link rel=\"canonical\" href=\"https:\/\/informatepy.com\/2022\/2022\/08\/02\/conmebol-lanza-su-candidatura-al-mundial-2030\/\" \/>\n<meta property=\"og:locale\" content=\"es_ES\" \/>\n<meta property=\"og:type\" content=\"article\" \/>\n<meta property=\"og:title\" content=\"Conmebol lanza su candidatura al mundial 2030 - Informatepy.com\" \/>\n<meta property=\"og:description\" content=\"El m\u00edtico Estadio Centenario de Montevideo fue el lugar elegido por las autoridades de la Conmebol y del gobierno uruguayo para el lanzamiento de la candidatura de Sudam\u00e9rica para la organizaci\u00f3n del mundial de futbol FIFA a realizarse en el a\u00f1o 2030. La idea est\u00e1 basada en que cuando se cumplan 100 a\u00f1os de la [&hellip;]\" \/>\n<meta property=\"og:url\" content=\"https:\/\/informatepy.com\/2022\/2022\/08\/02\/conmebol-lanza-su-candidatura-al-mundial-2030\/\" \/>\n<meta property=\"og:site_name\" content=\"Informatepy.com\" \/>\n<meta property=\"article:publisher\" content=\"https:\/\/www.facebook.com\/InformatePyCom\" \/>\n<meta property=\"article:published_time\" content=\"2022-08-02T23:52:36+00:00\" \/>\n<meta property=\"article:modified_time\" content=\"2022-09-28T00:50:45+00:00\" \/>\n<meta property=\"og:image\" content=\"https:\/\/i0.wp.com\/informatepy.com\/2022\/wp-content\/uploads\/2022\/08\/mundial2030.jpg?fit=1280%2C799&ssl=1\" \/>\n\t<meta property=\"og:image:width\" content=\"1280\" \/>\n\t<meta property=\"og:image:height\" content=\"799\" \/>\n\t<meta property=\"og:image:type\" content=\"image\/jpeg\" \/>\n<meta name=\"author\" content=\"Miguel Baez\" \/>\n<meta name=\"twitter:card\" content=\"summary_large_image\" \/>\n<meta name=\"twitter:creator\" content=\"@https:\/\/twitter.com\/MiguelAngelBD13\" \/>\n<meta name=\"twitter:site\" content=\"@InformatePy1\" \/>\n<meta name=\"twitter:label1\" content=\"Escrito por\" \/>\n\t<meta name=\"twitter:data1\" content=\"Miguel Baez\" \/>\n\t<meta name=\"twitter:label2\" content=\"Tiempo de lectura\" \/>\n\t<meta name=\"twitter:data2\" content=\"1 minuto\" \/>\n<script type=\"application\/ld+json\" class=\"yoast-schema-graph\">{\"@context\":\"https:\\\/\\\/schema.org\",\"@graph\":[{\"@type\":\"Article\",\"@id\":\"https:\\\/\\\/informatepy.com\\\/2022\\\/2022\\\/08\\\/02\\\/conmebol-lanza-su-candidatura-al-mundial-2030\\\/#article\",\"isPartOf\":{\"@id\":\"https:\\\/\\\/informatepy.com\\\/2022\\\/2022\\\/08\\\/02\\\/conmebol-lanza-su-candidatura-al-mundial-2030\\\/\"},\"author\":{\"name\":\"Miguel Baez\",\"@id\":\"https:\\\/\\\/informatepy.com\\\/2022\\\/#\\\/schema\\\/person\\\/c69c5679d856df888a05d9e867678303\"},\"headline\":\"Conmebol lanza su candidatura al mundial 2030\",\"datePublished\":\"2022-08-02T23:52:36+00:00\",\"dateModified\":\"2022-09-28T00:50:45+00:00\",\"mainEntityOfPage\":{\"@id\":\"https:\\\/\\\/informatepy.com\\\/2022\\\/2022\\\/08\\\/02\\\/conmebol-lanza-su-candidatura-al-mundial-2030\\\/\"},\"wordCount\":260,\"commentCount\":0,\"publisher\":{\"@id\":\"https:\\\/\\\/informatepy.com\\\/2022\\\/#organization\"},\"image\":{\"@id\":\"https:\\\/\\\/informatepy.com\\\/2022\\\/2022\\\/08\\\/02\\\/conmebol-lanza-su-candidatura-al-mundial-2030\\\/#primaryimage\"},\"thumbnailUrl\":\"https:\\\/\\\/i0.wp.com\\\/informatepy.com\\\/2022\\\/wp-content\\\/uploads\\\/2022\\\/08\\\/mundial2030.jpg?fit=1280%2C799&ssl=1\",\"keywords\":[\"apf\",\"conmebol\",\"destacada\",\"fifa\",\"futbol sudamericano\"],\"articleSection\":[\"Deportes\"],\"inLanguage\":\"es\",\"potentialAction\":[{\"@type\":\"CommentAction\",\"name\":\"Comment\",\"target\":[\"https:\\\/\\\/informatepy.com\\\/2022\\\/2022\\\/08\\\/02\\\/conmebol-lanza-su-candidatura-al-mundial-2030\\\/#respond\"]}]},{\"@type\":\"WebPage\",\"@id\":\"https:\\\/\\\/informatepy.com\\\/2022\\\/2022\\\/08\\\/02\\\/conmebol-lanza-su-candidatura-al-mundial-2030\\\/\",\"url\":\"https:\\\/\\\/informatepy.com\\\/2022\\\/2022\\\/08\\\/02\\\/conmebol-lanza-su-candidatura-al-mundial-2030\\\/\",\"name\":\"Conmebol lanza su candidatura al mundial 2030 - Informatepy.com\",\"isPartOf\":{\"@id\":\"https:\\\/\\\/informatepy.com\\\/2022\\\/#website\"},\"primaryImageOfPage\":{\"@id\":\"https:\\\/\\\/informatepy.com\\\/2022\\\/2022\\\/08\\\/02\\\/conmebol-lanza-su-candidatura-al-mundial-2030\\\/#primaryimage\"},\"image\":{\"@id\":\"https:\\\/\\\/informatepy.com\\\/2022\\\/2022\\\/08\\\/02\\\/conmebol-lanza-su-candidatura-al-mundial-2030\\\/#primaryimage\"},\"thumbnailUrl\":\"https:\\\/\\\/i0.wp.com\\\/informatepy.com\\\/2022\\\/wp-content\\\/uploads\\\/2022\\\/08\\\/mundial2030.jpg?fit=1280%2C799&ssl=1\",\"datePublished\":\"2022-08-02T23:52:36+00:00\",\"dateModified\":\"2022-09-28T00:50:45+00:00\",\"breadcrumb\":{\"@id\":\"https:\\\/\\\/informatepy.com\\\/2022\\\/2022\\\/08\\\/02\\\/conmebol-lanza-su-candidatura-al-mundial-2030\\\/#breadcrumb\"},\"inLanguage\":\"es\",\"potentialAction\":[{\"@type\":\"ReadAction\",\"target\":[\"https:\\\/\\\/informatepy.com\\\/2022\\\/2022\\\/08\\\/02\\\/conmebol-lanza-su-candidatura-al-mundial-2030\\\/\"]}]},{\"@type\":\"ImageObject\",\"inLanguage\":\"es\",\"@id\":\"https:\\\/\\\/informatepy.com\\\/2022\\\/2022\\\/08\\\/02\\\/conmebol-lanza-su-candidatura-al-mundial-2030\\\/#primaryimage\",\"url\":\"https:\\\/\\\/i0.wp.com\\\/informatepy.com\\\/2022\\\/wp-content\\\/uploads\\\/2022\\\/08\\\/mundial2030.jpg?fit=1280%2C799&ssl=1\",\"contentUrl\":\"https:\\\/\\\/i0.wp.com\\\/informatepy.com\\\/2022\\\/wp-content\\\/uploads\\\/2022\\\/08\\\/mundial2030.jpg?fit=1280%2C799&ssl=1\",\"width\":1280,\"height\":799},{\"@type\":\"BreadcrumbList\",\"@id\":\"https:\\\/\\\/informatepy.com\\\/2022\\\/2022\\\/08\\\/02\\\/conmebol-lanza-su-candidatura-al-mundial-2030\\\/#breadcrumb\",\"itemListElement\":[{\"@type\":\"ListItem\",\"position\":1,\"name\":\"Portada\",\"item\":\"https:\\\/\\\/informatepy.com\\\/2022\\\/\"},{\"@type\":\"ListItem\",\"position\":2,\"name\":\"Conmebol lanza su candidatura al mundial 2030\"}]},{\"@type\":\"WebSite\",\"@id\":\"https:\\\/\\\/informatepy.com\\\/2022\\\/#website\",\"url\":\"https:\\\/\\\/informatepy.com\\\/2022\\\/\",\"name\":\"Informatepy.com\",\"description\":\"La verdad, siempre!\",\"publisher\":{\"@id\":\"https:\\\/\\\/informatepy.com\\\/2022\\\/#organization\"},\"potentialAction\":[{\"@type\":\"SearchAction\",\"target\":{\"@type\":\"EntryPoint\",\"urlTemplate\":\"https:\\\/\\\/informatepy.com\\\/2022\\\/?s={search_term_string}\"},\"query-input\":{\"@type\":\"PropertyValueSpecification\",\"valueRequired\":true,\"valueName\":\"search_term_string\"}}],\"inLanguage\":\"es\"},{\"@type\":\"Organization\",\"@id\":\"https:\\\/\\\/informatepy.com\\\/2022\\\/#organization\",\"name\":\"Informatepy.com\",\"url\":\"https:\\\/\\\/informatepy.com\\\/2022\\\/\",\"logo\":{\"@type\":\"ImageObject\",\"inLanguage\":\"es\",\"@id\":\"https:\\\/\\\/informatepy.com\\\/2022\\\/#\\\/schema\\\/logo\\\/image\\\/\",\"url\":\"https:\\\/\\\/i0.wp.com\\\/informatepy.com\\\/2022\\\/wp-content\\\/uploads\\\/2022\\\/09\\\/informatepy150-2.png?fit=589%2C150\",\"contentUrl\":\"https:\\\/\\\/i0.wp.com\\\/informatepy.com\\\/2022\\\/wp-content\\\/uploads\\\/2022\\\/09\\\/informatepy150-2.png?fit=589%2C150\",\"width\":589,\"height\":150,\"caption\":\"Informatepy.com\"},\"image\":{\"@id\":\"https:\\\/\\\/informatepy.com\\\/2022\\\/#\\\/schema\\\/logo\\\/image\\\/\"},\"sameAs\":[\"https:\\\/\\\/www.facebook.com\\\/InformatePyCom\",\"https:\\\/\\\/x.com\\\/InformatePy1\"]},{\"@type\":\"Person\",\"@id\":\"https:\\\/\\\/informatepy.com\\\/2022\\\/#\\\/schema\\\/person\\\/c69c5679d856df888a05d9e867678303\",\"name\":\"Miguel Baez\",\"image\":{\"@type\":\"ImageObject\",\"inLanguage\":\"es\",\"@id\":\"https:\\\/\\\/informatepy.com\\\/2022\\\/wp-content\\\/uploads\\\/2022\\\/10\\\/miguel-baez.jpg3cba1be511b7537c0d76c72d6c685c63\",\"url\":\"https:\\\/\\\/informatepy.com\\\/2022\\\/wp-content\\\/uploads\\\/2022\\\/10\\\/miguel-baez.jpg\",\"contentUrl\":\"https:\\\/\\\/informatepy.com\\\/2022\\\/wp-content\\\/uploads\\\/2022\\\/10\\\/miguel-baez.jpg\",\"caption\":\"Miguel Baez\"},\"sameAs\":[\"https:\\\/\\\/x.com\\\/https:\\\/\\\/twitter.com\\\/MiguelAngelBD13\"],\"url\":\"https:\\\/\\\/informatepy.com\\\/2022\\\/author\\\/mbaez\\\/\"}]}<\/script>\n<!-- \/ Yoast SEO plugin. -->","yoast_head_json":{"title":"Conmebol lanza su candidatura al mundial 2030 - Informatepy.com","robots":{"index":"index","follow":"follow","max-snippet":"max-snippet:-1","max-image-preview":"max-image-preview:large","max-video-preview":"max-video-preview:-1"},"canonical":"https:\/\/informatepy.com\/2022\/2022\/08\/02\/conmebol-lanza-su-candidatura-al-mundial-2030\/","og_locale":"es_ES","og_type":"article","og_title":"Conmebol lanza su candidatura al mundial 2030 - Informatepy.com","og_description":"El m\u00edtico Estadio Centenario de Montevideo fue el lugar elegido por las autoridades de la Conmebol y del gobierno uruguayo para el lanzamiento de la candidatura de Sudam\u00e9rica para la organizaci\u00f3n del mundial de futbol FIFA a realizarse en el a\u00f1o 2030. La idea est\u00e1 basada en que cuando se cumplan 100 a\u00f1os de la [&hellip;]","og_url":"https:\/\/informatepy.com\/2022\/2022\/08\/02\/conmebol-lanza-su-candidatura-al-mundial-2030\/","og_site_name":"Informatepy.com","article_publisher":"https:\/\/www.facebook.com\/InformatePyCom","article_published_time":"2022-08-02T23:52:36+00:00","article_modified_time":"2022-09-28T00:50:45+00:00","og_image":[{"width":1280,"height":799,"url":"https:\/\/i0.wp.com\/informatepy.com\/2022\/wp-content\/uploads\/2022\/08\/mundial2030.jpg?fit=1280%2C799&ssl=1","type":"image\/jpeg"}],"author":"Miguel Baez","twitter_card":"summary_large_image","twitter_creator":"@https:\/\/twitter.com\/MiguelAngelBD13","twitter_site":"@InformatePy1","twitter_misc":{"Escrito por":"Miguel Baez","Tiempo de lectura":"1 minuto"},"schema":{"@context":"https:\/\/schema.org","@graph":[{"@type":"Article","@id":"https:\/\/informatepy.com\/2022\/2022\/08\/02\/conmebol-lanza-su-candidatura-al-mundial-2030\/#article","isPartOf":{"@id":"https:\/\/informatepy.com\/2022\/2022\/08\/02\/conmebol-lanza-su-candidatura-al-mundial-2030\/"},"author":{"name":"Miguel Baez","@id":"https:\/\/informatepy.com\/2022\/#\/schema\/person\/c69c5679d856df888a05d9e867678303"},"headline":"Conmebol lanza su candidatura al mundial 2030","datePublished":"2022-08-02T23:52:36+00:00","dateModified":"2022-09-28T00:50:45+00:00","mainEntityOfPage":{"@id":"https:\/\/informatepy.com\/2022\/2022\/08\/02\/conmebol-lanza-su-candidatura-al-mundial-2030\/"},"wordCount":260,"commentCount":0,"publisher":{"@id":"https:\/\/informatepy.com\/2022\/#organization"},"image":{"@id":"https:\/\/informatepy.com\/2022\/2022\/08\/02\/conmebol-lanza-su-candidatura-al-mundial-2030\/#primaryimage"},"thumbnailUrl":"https:\/\/i0.wp.com\/informatepy.com\/2022\/wp-content\/uploads\/2022\/08\/mundial2030.jpg?fit=1280%2C799&ssl=1","keywords":["apf","conmebol","destacada","fifa","futbol sudamericano"],"articleSection":["Deportes"],"inLanguage":"es","potentialAction":[{"@type":"CommentAction","name":"Comment","target":["https:\/\/informatepy.com\/2022\/2022\/08\/02\/conmebol-lanza-su-candidatura-al-mundial-2030\/#respond"]}]},{"@type":"WebPage","@id":"https:\/\/informatepy.com\/2022\/2022\/08\/02\/conmebol-lanza-su-candidatura-al-mundial-2030\/","url":"https:\/\/informatepy.com\/2022\/2022\/08\/02\/conmebol-lanza-su-candidatura-al-mundial-2030\/","name":"Conmebol lanza su candidatura al mundial 2030 - Informatepy.com","isPartOf":{"@id":"https:\/\/informatepy.com\/2022\/#website"},"primaryImageOfPage":{"@id":"https:\/\/informatepy.com\/2022\/2022\/08\/02\/conmebol-lanza-su-candidatura-al-mundial-2030\/#primaryimage"},"image":{"@id":"https:\/\/informatepy.com\/2022\/2022\/08\/02\/conmebol-lanza-su-candidatura-al-mundial-2030\/#primaryimage"},"thumbnailUrl":"https:\/\/i0.wp.com\/informatepy.com\/2022\/wp-content\/uploads\/2022\/08\/mundial2030.jpg?fit=1280%2C799&ssl=1","datePublished":"2022-08-02T23:52:36+00:00","dateModified":"2022-09-28T00:50:45+00:00","breadcrumb":{"@id":"https:\/\/informatepy.com\/2022\/2022\/08\/02\/conmebol-lanza-su-candidatura-al-mundial-2030\/#breadcrumb"},"inLanguage":"es","potentialAction":[{"@type":"ReadAction","target":["https:\/\/informatepy.com\/2022\/2022\/08\/02\/conmebol-lanza-su-candidatura-al-mundial-2030\/"]}]},{"@type":"ImageObject","inLanguage":"es","@id":"https:\/\/informatepy.com\/2022\/2022\/08\/02\/conmebol-lanza-su-candidatura-al-mundial-2030\/#primaryimage","url":"https:\/\/i0.wp.com\/informatepy.com\/2022\/wp-content\/uploads\/2022\/08\/mundial2030.jpg?fit=1280%2C799&ssl=1","contentUrl":"https:\/\/i0.wp.com\/informatepy.com\/2022\/wp-content\/uploads\/2022\/08\/mundial2030.jpg?fit=1280%2C799&ssl=1","width":1280,"height":799},{"@type":"BreadcrumbList","@id":"https:\/\/informatepy.com\/2022\/2022\/08\/02\/conmebol-lanza-su-candidatura-al-mundial-2030\/#breadcrumb","itemListElement":[{"@type":"ListItem","position":1,"name":"Portada","item":"https:\/\/informatepy.com\/2022\/"},{"@type":"ListItem","position":2,"name":"Conmebol lanza su candidatura al mundial 2030"}]},{"@type":"WebSite","@id":"https:\/\/informatepy.com\/2022\/#website","url":"https:\/\/informatepy.com\/2022\/","name":"Informatepy.com","description":"La verdad, siempre!","publisher":{"@id":"https:\/\/informatepy.com\/2022\/#organization"},"potentialAction":[{"@type":"SearchAction","target":{"@type":"EntryPoint","urlTemplate":"https:\/\/informatepy.com\/2022\/?s={search_term_string}"},"query-input":{"@type":"PropertyValueSpecification","valueRequired":true,"valueName":"search_term_string"}}],"inLanguage":"es"},{"@type":"Organization","@id":"https:\/\/informatepy.com\/2022\/#organization","name":"Informatepy.com","url":"https:\/\/informatepy.com\/2022\/","logo":{"@type":"ImageObject","inLanguage":"es","@id":"https:\/\/informatepy.com\/2022\/#\/schema\/logo\/image\/","url":"https:\/\/i0.wp.com\/informatepy.com\/2022\/wp-content\/uploads\/2022\/09\/informatepy150-2.png?fit=589%2C150","contentUrl":"https:\/\/i0.wp.com\/informatepy.com\/2022\/wp-content\/uploads\/2022\/09\/informatepy150-2.png?fit=589%2C150","width":589,"height":150,"caption":"Informatepy.com"},"image":{"@id":"https:\/\/informatepy.com\/2022\/#\/schema\/logo\/image\/"},"sameAs":["https:\/\/www.facebook.com\/InformatePyCom","https:\/\/x.com\/InformatePy1"]},{"@type":"Person","@id":"https:\/\/informatepy.com\/2022\/#\/schema\/person\/c69c5679d856df888a05d9e867678303","name":"Miguel Baez","image":{"@type":"ImageObject","inLanguage":"es","@id":"https:\/\/informatepy.com\/2022\/wp-content\/uploads\/2022\/10\/miguel-baez.jpg3cba1be511b7537c0d76c72d6c685c63","url":"https:\/\/informatepy.com\/2022\/wp-content\/uploads\/2022\/10\/miguel-baez.jpg","contentUrl":"https:\/\/informatepy.com\/2022\/wp-content\/uploads\/2022\/10\/miguel-baez.jpg","caption":"Miguel Baez"},"sameAs":["https:\/\/x.com\/https:\/\/twitter.com\/MiguelAngelBD13"],"url":"https:\/\/informatepy.com\/2022\/author\/mbaez\/"}]}},"jetpack_featured_media_url":"https:\/\/i0.wp.com\/informatepy.com\/2022\/wp-content\/uploads\/2022\/08\/mundial2030.jpg?fit=1280%2C799&ssl=1","jetpack-related-posts":[],"jetpack_sharing_enabled":true,"jetpack_likes_enabled":true,"authors":[{"term_id":1696,"user_id":41,"is_guest":0,"slug":"mbaez","display_name":"Miguel Baez","avatar_url":{"url":"https:\/\/informatepy.com\/2022\/wp-content\/uploads\/2022\/10\/miguel-baez.jpg","url2x":"https:\/\/informatepy.com\/2022\/wp-content\/uploads\/2022\/10\/miguel-baez.jpg"},"0":null,"1":"","2":"","3":"","4":"","5":"","6":"","7":"","8":""}],"amp_enabled":true,"_links":{"self":[{"href":"https:\/\/informatepy.com\/2022\/wp-json\/wp\/v2\/posts\/11537","targetHints":{"allow":["GET"]}}],"collection":[{"href":"https:\/\/informatepy.com\/2022\/wp-json\/wp\/v2\/posts"}],"about":[{"href":"https:\/\/informatepy.com\/2022\/wp-json\/wp\/v2\/types\/post"}],"author":[{"embeddable":true,"href":"https:\/\/informatepy.com\/2022\/wp-json\/wp\/v2\/users\/41"}],"replies":[{"embeddable":true,"href":"https:\/\/informatepy.com\/2022\/wp-json\/wp\/v2\/comments?post=11537"}],"version-history":[{"count":2,"href":"https:\/\/informatepy.com\/2022\/wp-json\/wp\/v2\/posts\/11537\/revisions"}],"predecessor-version":[{"id":14100,"href":"https:\/\/informatepy.com\/2022\/wp-json\/wp\/v2\/posts\/11537\/revisions\/14100"}],"wp:featuredmedia":[{"embeddable":true,"href":"https:\/\/informatepy.com\/2022\/wp-json\/wp\/v2\/media\/11538"}],"wp:attachment":[{"href":"https:\/\/informatepy.com\/2022\/wp-json\/wp\/v2\/media?parent=11537"}],"wp:term":[{"taxonomy":"category","embeddable":true,"href":"https:\/\/informatepy.com\/2022\/wp-json\/wp\/v2\/categories?post=11537"},{"taxonomy":"post_tag","embeddable":true,"href":"https:\/\/informatepy.com\/2022\/wp-json\/wp\/v2\/tags?post=11537"},{"taxonomy":"author","embeddable":true,"href":"https:\/\/informatepy.com\/2022\/wp-json\/wp\/v2\/ppma_author?post=11537"}],"curies":[{"name":"wp","href":"https:\/\/api.w.org\/{rel}","templated":true}]}}