{"id":10108,"date":"2022-04-11T14:14:03","date_gmt":"2022-04-11T14:14:03","guid":{"rendered":"http:\/\/informatepy.com\/2022\/2022\/04\/11\/camioneros-cerraran-rutas-en-semana-santa-si-se-aprueba-el-subsidio\/"},"modified":"2022-09-28T00:28:49","modified_gmt":"2022-09-28T00:28:49","slug":"rejala-retruca-a-exgerente-y-dice-que-reduccion-amenaza-privilegios-en-la-ande-3","status":"publish","type":"post","link":"https:\/\/informatepy.com\/2022\/2022\/04\/11\/rejala-retruca-a-exgerente-y-dice-que-reduccion-amenaza-privilegios-en-la-ande-3\/","title":{"rendered":"Rejala retruca a exgerente y dice que reducci\u00f3n amenaza privilegios en la ANDE\u00a0"},"content":{"rendered":"\n<p class=\"has-text-align-justify\">El diputado <strong>Rejala <\/strong>anunci\u00f3 que buscar\u00e1 que el lunes prospere un proyecto de ley para reducir la tarifa de la ANDE en 20%. Ante lo se\u00f1alado, el exgerente t\u00e9cnico de la estatal, <strong>Fabi\u00e1n C\u00e1ceres<\/strong>, dijo que la cuesti\u00f3n es insostenible y que con esa disminuci\u00f3n la estatal trabajar\u00eda a p\u00e9rdida.\u00a0<\/p>\n\n\n\n<p class=\"has-text-align-justify\"><strong><em>\u201cEs insostenible, es como condenar a la ANDE a la quiebra, porque no tiene los recursos\u201d,<\/em><\/strong> dijo en declaraciones brindadas a ABC Color.\u00a0<\/p>\n\n\n\n<p class=\"has-text-align-justify\"><strong><em>\u201cAunque reciba gratis la energ\u00eda, de la tarifa que cobra la ANDE tiene una estructura de costos, tiene que pagar mantenimiento, nueva infraestructura, etc\u00e9tera; ANDE tiene que sostener instalaci\u00f3n, costo, administrar. Si se reduce la tarifa, pr\u00e1cticamente trabajar\u00eda con utilidad negativa\u201d<\/em><\/strong>, apunt\u00f3 adem\u00e1s.\u00a0<\/p>\n\n\n\n<p class=\"has-text-align-justify\">Sobre la reducci\u00f3n anunciada por el presidente de Brasil, Jair Bolsonaro, manifest\u00f3 que no es tal y que tan solo obedece a un cambio interno que representa volver a tarifar lo que se cobraba antes del d\u00e9ficit de energ\u00eda registrado en 2021.&nbsp;<\/p>\n\n\n\n<p class=\"has-text-align-justify\">Ante tales manifestaciones, el legislador volvi\u00f3 a la carga y afirm\u00f3 que se debe bajar la tarifa. <strong><em>\u201cEn s\u00edntesis, mantengamos la \u2018estructura\u2019, sigamos cobr\u00e1ndole a la gente la p\u00e9rdida del 20 a 30 % que tiene la ANDE por negligencia, no podemos tocar nada por qu\u00e9 (sic) perdemos nuestros privilegios!\u201d<\/em><\/strong>, coment\u00f3 sobre la publicaci\u00f3n del medio citado.\u00a0<\/p>\n\n\n\n<p class=\"has-text-align-justify\"><strong><em>\u201cY no es no querer bajar, se tiene que bajar la tarifa! Paraguay de unos pocos\u201d<\/em><\/strong>, cerr\u00f3.<\/p>\n\n\n\n<h6 class=\"wp-block-heading\" style=\"font-style:normal;font-weight:300\">RDN<\/h6>\n","protected":false},"excerpt":{"rendered":"<p>Tras el anuncio del diputado Carlos Rejala, de presentar un proyecto de ley de reducci\u00f3n del costo de la tarifa de la ANDE, un exgerente sali\u00f3 al paso y dijo que la cuesti\u00f3n es insostenible.<\/p>\n","protected":false},"author":3,"featured_media":567,"comment_status":"open","ping_status":"open","sticky":false,"template":"","format":"standard","meta":{"tdm_status":"","tdm_grid_status":"","footnotes":"","jetpack_publicize_message":"","jetpack_publicize_feature_enabled":true,"jetpack_social_post_already_shared":true,"jetpack_social_options":{"image_generator_settings":{"template":"highway","enabled":false}}},"categories":[18],"tags":[289,305,871],"ppma_author":[998],"class_list":{"0":"post-10108","1":"post","2":"type-post","3":"status-publish","4":"format-standard","5":"has-post-thumbnail","7":"category-nacionales","8":"tag-ande","9":"tag-carlos-rejala","10":"tag-destacada"},"jetpack_publicize_connections":[],"yoast_head":"<!-- This site is optimized with the Yoast SEO plugin v27.5 - https:\/\/yoast.com\/product\/yoast-seo-wordpress\/ -->\n<title>Rejala retruca a exgerente y dice que reducci\u00f3n amenaza privilegios en la ANDE\u00a0 - Informatepy.com<\/title>\n<meta name=\"robots\" content=\"index, follow, max-snippet:-1, max-image-preview:large, max-video-preview:-1\" \/>\n<link rel=\"canonical\" href=\"https:\/\/informatepy.com\/2022\/2022\/04\/11\/rejala-retruca-a-exgerente-y-dice-que-reduccion-amenaza-privilegios-en-la-ande-3\/\" \/>\n<meta property=\"og:locale\" content=\"es_ES\" \/>\n<meta property=\"og:type\" content=\"article\" \/>\n<meta property=\"og:title\" content=\"Rejala retruca a exgerente y dice que reducci\u00f3n amenaza privilegios en la ANDE\u00a0 - Informatepy.com\" \/>\n<meta property=\"og:description\" content=\"Tras el anuncio del diputado Carlos Rejala, de presentar un proyecto de ley de reducci\u00f3n del costo de la tarifa de la ANDE, un exgerente sali\u00f3 al paso y dijo que la cuesti\u00f3n es insostenible.\" \/>\n<meta property=\"og:url\" content=\"https:\/\/informatepy.com\/2022\/2022\/04\/11\/rejala-retruca-a-exgerente-y-dice-que-reduccion-amenaza-privilegios-en-la-ande-3\/\" \/>\n<meta property=\"og:site_name\" content=\"Informatepy.com\" \/>\n<meta property=\"article:publisher\" content=\"https:\/\/www.facebook.com\/InformatePyCom\" \/>\n<meta property=\"article:author\" content=\"https:\/\/www.facebook.com\/InformatePyCom\" \/>\n<meta property=\"article:published_time\" content=\"2022-04-11T14:14:03+00:00\" \/>\n<meta property=\"article:modified_time\" content=\"2022-09-28T00:28:49+00:00\" \/>\n<meta property=\"og:image\" content=\"https:\/\/i0.wp.com\/informatepy.com\/2022\/wp-content\/uploads\/2021\/02\/ande.jpg?fit=581%2C1032&ssl=1\" \/>\n\t<meta property=\"og:image:width\" content=\"581\" \/>\n\t<meta property=\"og:image:height\" content=\"1032\" \/>\n\t<meta property=\"og:image:type\" content=\"image\/jpeg\" \/>\n<meta name=\"author\" content=\"admin\" \/>\n<meta name=\"twitter:card\" content=\"summary_large_image\" \/>\n<meta name=\"twitter:creator\" content=\"@https:\/\/twitter.com\/InformatePy1\" \/>\n<meta name=\"twitter:site\" content=\"@InformatePy1\" \/>\n<meta name=\"twitter:label1\" content=\"Escrito por\" \/>\n\t<meta name=\"twitter:data1\" content=\"Redacci\u00f3n\" \/>\n\t<meta name=\"twitter:label2\" content=\"Tiempo de lectura\" \/>\n\t<meta name=\"twitter:data2\" content=\"1 minuto\" \/>\n<script type=\"application\/ld+json\" class=\"yoast-schema-graph\">{\"@context\":\"https:\\\/\\\/schema.org\",\"@graph\":[{\"@type\":\"Article\",\"@id\":\"https:\\\/\\\/informatepy.com\\\/2022\\\/2022\\\/04\\\/11\\\/rejala-retruca-a-exgerente-y-dice-que-reduccion-amenaza-privilegios-en-la-ande-3\\\/#article\",\"isPartOf\":{\"@id\":\"https:\\\/\\\/informatepy.com\\\/2022\\\/2022\\\/04\\\/11\\\/rejala-retruca-a-exgerente-y-dice-que-reduccion-amenaza-privilegios-en-la-ande-3\\\/\"},\"author\":{\"name\":\"Redacci\u00f3n\",\"@id\":\"https:\\\/\\\/informatepy.com\\\/2022\\\/#\\\/schema\\\/person\\\/e7c5b605ddfb77041eeddff4d93b26af\"},\"headline\":\"Rejala retruca a exgerente y dice que reducci\u00f3n amenaza privilegios en la ANDE\u00a0\",\"datePublished\":\"2022-04-11T14:14:03+00:00\",\"dateModified\":\"2022-09-28T00:28:49+00:00\",\"mainEntityOfPage\":{\"@id\":\"https:\\\/\\\/informatepy.com\\\/2022\\\/2022\\\/04\\\/11\\\/rejala-retruca-a-exgerente-y-dice-que-reduccion-amenaza-privilegios-en-la-ande-3\\\/\"},\"wordCount\":264,\"commentCount\":0,\"publisher\":{\"@id\":\"https:\\\/\\\/informatepy.com\\\/2022\\\/#organization\"},\"image\":{\"@id\":\"https:\\\/\\\/informatepy.com\\\/2022\\\/2022\\\/04\\\/11\\\/rejala-retruca-a-exgerente-y-dice-que-reduccion-amenaza-privilegios-en-la-ande-3\\\/#primaryimage\"},\"thumbnailUrl\":\"https:\\\/\\\/i0.wp.com\\\/informatepy.com\\\/2022\\\/wp-content\\\/uploads\\\/2021\\\/02\\\/ande.jpg?fit=581%2C1032&ssl=1\",\"keywords\":[\"ande\",\"carlos rejala\",\"destacada\"],\"articleSection\":[\"Nacionales\"],\"inLanguage\":\"es\",\"potentialAction\":[{\"@type\":\"CommentAction\",\"name\":\"Comment\",\"target\":[\"https:\\\/\\\/informatepy.com\\\/2022\\\/2022\\\/04\\\/11\\\/rejala-retruca-a-exgerente-y-dice-que-reduccion-amenaza-privilegios-en-la-ande-3\\\/#respond\"]}]},{\"@type\":\"WebPage\",\"@id\":\"https:\\\/\\\/informatepy.com\\\/2022\\\/2022\\\/04\\\/11\\\/rejala-retruca-a-exgerente-y-dice-que-reduccion-amenaza-privilegios-en-la-ande-3\\\/\",\"url\":\"https:\\\/\\\/informatepy.com\\\/2022\\\/2022\\\/04\\\/11\\\/rejala-retruca-a-exgerente-y-dice-que-reduccion-amenaza-privilegios-en-la-ande-3\\\/\",\"name\":\"Rejala retruca a exgerente y dice que reducci\u00f3n amenaza privilegios en la ANDE\u00a0 - Informatepy.com\",\"isPartOf\":{\"@id\":\"https:\\\/\\\/informatepy.com\\\/2022\\\/#website\"},\"primaryImageOfPage\":{\"@id\":\"https:\\\/\\\/informatepy.com\\\/2022\\\/2022\\\/04\\\/11\\\/rejala-retruca-a-exgerente-y-dice-que-reduccion-amenaza-privilegios-en-la-ande-3\\\/#primaryimage\"},\"image\":{\"@id\":\"https:\\\/\\\/informatepy.com\\\/2022\\\/2022\\\/04\\\/11\\\/rejala-retruca-a-exgerente-y-dice-que-reduccion-amenaza-privilegios-en-la-ande-3\\\/#primaryimage\"},\"thumbnailUrl\":\"https:\\\/\\\/i0.wp.com\\\/informatepy.com\\\/2022\\\/wp-content\\\/uploads\\\/2021\\\/02\\\/ande.jpg?fit=581%2C1032&ssl=1\",\"datePublished\":\"2022-04-11T14:14:03+00:00\",\"dateModified\":\"2022-09-28T00:28:49+00:00\",\"breadcrumb\":{\"@id\":\"https:\\\/\\\/informatepy.com\\\/2022\\\/2022\\\/04\\\/11\\\/rejala-retruca-a-exgerente-y-dice-que-reduccion-amenaza-privilegios-en-la-ande-3\\\/#breadcrumb\"},\"inLanguage\":\"es\",\"potentialAction\":[{\"@type\":\"ReadAction\",\"target\":[\"https:\\\/\\\/informatepy.com\\\/2022\\\/2022\\\/04\\\/11\\\/rejala-retruca-a-exgerente-y-dice-que-reduccion-amenaza-privilegios-en-la-ande-3\\\/\"]}]},{\"@type\":\"ImageObject\",\"inLanguage\":\"es\",\"@id\":\"https:\\\/\\\/informatepy.com\\\/2022\\\/2022\\\/04\\\/11\\\/rejala-retruca-a-exgerente-y-dice-que-reduccion-amenaza-privilegios-en-la-ande-3\\\/#primaryimage\",\"url\":\"https:\\\/\\\/i0.wp.com\\\/informatepy.com\\\/2022\\\/wp-content\\\/uploads\\\/2021\\\/02\\\/ande.jpg?fit=581%2C1032&ssl=1\",\"contentUrl\":\"https:\\\/\\\/i0.wp.com\\\/informatepy.com\\\/2022\\\/wp-content\\\/uploads\\\/2021\\\/02\\\/ande.jpg?fit=581%2C1032&ssl=1\",\"width\":581,\"height\":1032},{\"@type\":\"BreadcrumbList\",\"@id\":\"https:\\\/\\\/informatepy.com\\\/2022\\\/2022\\\/04\\\/11\\\/rejala-retruca-a-exgerente-y-dice-que-reduccion-amenaza-privilegios-en-la-ande-3\\\/#breadcrumb\",\"itemListElement\":[{\"@type\":\"ListItem\",\"position\":1,\"name\":\"Portada\",\"item\":\"https:\\\/\\\/informatepy.com\\\/2022\\\/\"},{\"@type\":\"ListItem\",\"position\":2,\"name\":\"Rejala retruca a exgerente y dice que reducci\u00f3n amenaza privilegios en la ANDE\u00a0\"}]},{\"@type\":\"WebSite\",\"@id\":\"https:\\\/\\\/informatepy.com\\\/2022\\\/#website\",\"url\":\"https:\\\/\\\/informatepy.com\\\/2022\\\/\",\"name\":\"Informatepy.com\",\"description\":\"La verdad, siempre!\",\"publisher\":{\"@id\":\"https:\\\/\\\/informatepy.com\\\/2022\\\/#organization\"},\"potentialAction\":[{\"@type\":\"SearchAction\",\"target\":{\"@type\":\"EntryPoint\",\"urlTemplate\":\"https:\\\/\\\/informatepy.com\\\/2022\\\/?s={search_term_string}\"},\"query-input\":{\"@type\":\"PropertyValueSpecification\",\"valueRequired\":true,\"valueName\":\"search_term_string\"}}],\"inLanguage\":\"es\"},{\"@type\":\"Organization\",\"@id\":\"https:\\\/\\\/informatepy.com\\\/2022\\\/#organization\",\"name\":\"Informatepy.com\",\"url\":\"https:\\\/\\\/informatepy.com\\\/2022\\\/\",\"logo\":{\"@type\":\"ImageObject\",\"inLanguage\":\"es\",\"@id\":\"https:\\\/\\\/informatepy.com\\\/2022\\\/#\\\/schema\\\/logo\\\/image\\\/\",\"url\":\"https:\\\/\\\/i0.wp.com\\\/informatepy.com\\\/2022\\\/wp-content\\\/uploads\\\/2022\\\/09\\\/informatepy150-2.png?fit=589%2C150\",\"contentUrl\":\"https:\\\/\\\/i0.wp.com\\\/informatepy.com\\\/2022\\\/wp-content\\\/uploads\\\/2022\\\/09\\\/informatepy150-2.png?fit=589%2C150\",\"width\":589,\"height\":150,\"caption\":\"Informatepy.com\"},\"image\":{\"@id\":\"https:\\\/\\\/informatepy.com\\\/2022\\\/#\\\/schema\\\/logo\\\/image\\\/\"},\"sameAs\":[\"https:\\\/\\\/www.facebook.com\\\/InformatePyCom\",\"https:\\\/\\\/x.com\\\/InformatePy1\"]},{\"@type\":\"Person\",\"@id\":\"https:\\\/\\\/informatepy.com\\\/2022\\\/#\\\/schema\\\/person\\\/e7c5b605ddfb77041eeddff4d93b26af\",\"name\":\"Redacci\u00f3n\",\"image\":{\"@type\":\"ImageObject\",\"inLanguage\":\"es\",\"@id\":\"https:\\\/\\\/informatepy.com\\\/2022\\\/wp-content\\\/uploads\\\/2023\\\/04\\\/Isologo-sin-fondo.pngce0c1b6da06ae20abaff417c2cdeea83\",\"url\":\"https:\\\/\\\/informatepy.com\\\/2022\\\/wp-content\\\/uploads\\\/2023\\\/04\\\/Isologo-sin-fondo.png\",\"contentUrl\":\"https:\\\/\\\/informatepy.com\\\/2022\\\/wp-content\\\/uploads\\\/2023\\\/04\\\/Isologo-sin-fondo.png\",\"caption\":\"Redacci\u00f3n\"},\"sameAs\":[\"https:\\\/\\\/www.facebook.com\\\/InformatePyCom\",\"https:\\\/\\\/x.com\\\/https:\\\/\\\/twitter.com\\\/InformatePy1\"],\"url\":\"https:\\\/\\\/informatepy.com\\\/2022\\\/author\\\/redaccion\\\/\"}]}<\/script>\n<!-- \/ Yoast SEO plugin. -->","yoast_head_json":{"title":"Rejala retruca a exgerente y dice que reducci\u00f3n amenaza privilegios en la ANDE\u00a0 - Informatepy.com","robots":{"index":"index","follow":"follow","max-snippet":"max-snippet:-1","max-image-preview":"max-image-preview:large","max-video-preview":"max-video-preview:-1"},"canonical":"https:\/\/informatepy.com\/2022\/2022\/04\/11\/rejala-retruca-a-exgerente-y-dice-que-reduccion-amenaza-privilegios-en-la-ande-3\/","og_locale":"es_ES","og_type":"article","og_title":"Rejala retruca a exgerente y dice que reducci\u00f3n amenaza privilegios en la ANDE\u00a0 - Informatepy.com","og_description":"Tras el anuncio del diputado Carlos Rejala, de presentar un proyecto de ley de reducci\u00f3n del costo de la tarifa de la ANDE, un exgerente sali\u00f3 al paso y dijo que la cuesti\u00f3n es insostenible.","og_url":"https:\/\/informatepy.com\/2022\/2022\/04\/11\/rejala-retruca-a-exgerente-y-dice-que-reduccion-amenaza-privilegios-en-la-ande-3\/","og_site_name":"Informatepy.com","article_publisher":"https:\/\/www.facebook.com\/InformatePyCom","article_author":"https:\/\/www.facebook.com\/InformatePyCom","article_published_time":"2022-04-11T14:14:03+00:00","article_modified_time":"2022-09-28T00:28:49+00:00","og_image":[{"width":581,"height":1032,"url":"https:\/\/i0.wp.com\/informatepy.com\/2022\/wp-content\/uploads\/2021\/02\/ande.jpg?fit=581%2C1032&ssl=1","type":"image\/jpeg"}],"author":"admin","twitter_card":"summary_large_image","twitter_creator":"@https:\/\/twitter.com\/InformatePy1","twitter_site":"@InformatePy1","twitter_misc":{"Escrito por":"Redacci\u00f3n","Tiempo de lectura":"1 minuto"},"schema":{"@context":"https:\/\/schema.org","@graph":[{"@type":"Article","@id":"https:\/\/informatepy.com\/2022\/2022\/04\/11\/rejala-retruca-a-exgerente-y-dice-que-reduccion-amenaza-privilegios-en-la-ande-3\/#article","isPartOf":{"@id":"https:\/\/informatepy.com\/2022\/2022\/04\/11\/rejala-retruca-a-exgerente-y-dice-que-reduccion-amenaza-privilegios-en-la-ande-3\/"},"author":{"name":"Redacci\u00f3n","@id":"https:\/\/informatepy.com\/2022\/#\/schema\/person\/e7c5b605ddfb77041eeddff4d93b26af"},"headline":"Rejala retruca a exgerente y dice que reducci\u00f3n amenaza privilegios en la ANDE\u00a0","datePublished":"2022-04-11T14:14:03+00:00","dateModified":"2022-09-28T00:28:49+00:00","mainEntityOfPage":{"@id":"https:\/\/informatepy.com\/2022\/2022\/04\/11\/rejala-retruca-a-exgerente-y-dice-que-reduccion-amenaza-privilegios-en-la-ande-3\/"},"wordCount":264,"commentCount":0,"publisher":{"@id":"https:\/\/informatepy.com\/2022\/#organization"},"image":{"@id":"https:\/\/informatepy.com\/2022\/2022\/04\/11\/rejala-retruca-a-exgerente-y-dice-que-reduccion-amenaza-privilegios-en-la-ande-3\/#primaryimage"},"thumbnailUrl":"https:\/\/i0.wp.com\/informatepy.com\/2022\/wp-content\/uploads\/2021\/02\/ande.jpg?fit=581%2C1032&ssl=1","keywords":["ande","carlos rejala","destacada"],"articleSection":["Nacionales"],"inLanguage":"es","potentialAction":[{"@type":"CommentAction","name":"Comment","target":["https:\/\/informatepy.com\/2022\/2022\/04\/11\/rejala-retruca-a-exgerente-y-dice-que-reduccion-amenaza-privilegios-en-la-ande-3\/#respond"]}]},{"@type":"WebPage","@id":"https:\/\/informatepy.com\/2022\/2022\/04\/11\/rejala-retruca-a-exgerente-y-dice-que-reduccion-amenaza-privilegios-en-la-ande-3\/","url":"https:\/\/informatepy.com\/2022\/2022\/04\/11\/rejala-retruca-a-exgerente-y-dice-que-reduccion-amenaza-privilegios-en-la-ande-3\/","name":"Rejala retruca a exgerente y dice que reducci\u00f3n amenaza privilegios en la ANDE\u00a0 - Informatepy.com","isPartOf":{"@id":"https:\/\/informatepy.com\/2022\/#website"},"primaryImageOfPage":{"@id":"https:\/\/informatepy.com\/2022\/2022\/04\/11\/rejala-retruca-a-exgerente-y-dice-que-reduccion-amenaza-privilegios-en-la-ande-3\/#primaryimage"},"image":{"@id":"https:\/\/informatepy.com\/2022\/2022\/04\/11\/rejala-retruca-a-exgerente-y-dice-que-reduccion-amenaza-privilegios-en-la-ande-3\/#primaryimage"},"thumbnailUrl":"https:\/\/i0.wp.com\/informatepy.com\/2022\/wp-content\/uploads\/2021\/02\/ande.jpg?fit=581%2C1032&ssl=1","datePublished":"2022-04-11T14:14:03+00:00","dateModified":"2022-09-28T00:28:49+00:00","breadcrumb":{"@id":"https:\/\/informatepy.com\/2022\/2022\/04\/11\/rejala-retruca-a-exgerente-y-dice-que-reduccion-amenaza-privilegios-en-la-ande-3\/#breadcrumb"},"inLanguage":"es","potentialAction":[{"@type":"ReadAction","target":["https:\/\/informatepy.com\/2022\/2022\/04\/11\/rejala-retruca-a-exgerente-y-dice-que-reduccion-amenaza-privilegios-en-la-ande-3\/"]}]},{"@type":"ImageObject","inLanguage":"es","@id":"https:\/\/informatepy.com\/2022\/2022\/04\/11\/rejala-retruca-a-exgerente-y-dice-que-reduccion-amenaza-privilegios-en-la-ande-3\/#primaryimage","url":"https:\/\/i0.wp.com\/informatepy.com\/2022\/wp-content\/uploads\/2021\/02\/ande.jpg?fit=581%2C1032&ssl=1","contentUrl":"https:\/\/i0.wp.com\/informatepy.com\/2022\/wp-content\/uploads\/2021\/02\/ande.jpg?fit=581%2C1032&ssl=1","width":581,"height":1032},{"@type":"BreadcrumbList","@id":"https:\/\/informatepy.com\/2022\/2022\/04\/11\/rejala-retruca-a-exgerente-y-dice-que-reduccion-amenaza-privilegios-en-la-ande-3\/#breadcrumb","itemListElement":[{"@type":"ListItem","position":1,"name":"Portada","item":"https:\/\/informatepy.com\/2022\/"},{"@type":"ListItem","position":2,"name":"Rejala retruca a exgerente y dice que reducci\u00f3n amenaza privilegios en la ANDE\u00a0"}]},{"@type":"WebSite","@id":"https:\/\/informatepy.com\/2022\/#website","url":"https:\/\/informatepy.com\/2022\/","name":"Informatepy.com","description":"La verdad, siempre!","publisher":{"@id":"https:\/\/informatepy.com\/2022\/#organization"},"potentialAction":[{"@type":"SearchAction","target":{"@type":"EntryPoint","urlTemplate":"https:\/\/informatepy.com\/2022\/?s={search_term_string}"},"query-input":{"@type":"PropertyValueSpecification","valueRequired":true,"valueName":"search_term_string"}}],"inLanguage":"es"},{"@type":"Organization","@id":"https:\/\/informatepy.com\/2022\/#organization","name":"Informatepy.com","url":"https:\/\/informatepy.com\/2022\/","logo":{"@type":"ImageObject","inLanguage":"es","@id":"https:\/\/informatepy.com\/2022\/#\/schema\/logo\/image\/","url":"https:\/\/i0.wp.com\/informatepy.com\/2022\/wp-content\/uploads\/2022\/09\/informatepy150-2.png?fit=589%2C150","contentUrl":"https:\/\/i0.wp.com\/informatepy.com\/2022\/wp-content\/uploads\/2022\/09\/informatepy150-2.png?fit=589%2C150","width":589,"height":150,"caption":"Informatepy.com"},"image":{"@id":"https:\/\/informatepy.com\/2022\/#\/schema\/logo\/image\/"},"sameAs":["https:\/\/www.facebook.com\/InformatePyCom","https:\/\/x.com\/InformatePy1"]},{"@type":"Person","@id":"https:\/\/informatepy.com\/2022\/#\/schema\/person\/e7c5b605ddfb77041eeddff4d93b26af","name":"Redacci\u00f3n","image":{"@type":"ImageObject","inLanguage":"es","@id":"https:\/\/informatepy.com\/2022\/wp-content\/uploads\/2023\/04\/Isologo-sin-fondo.pngce0c1b6da06ae20abaff417c2cdeea83","url":"https:\/\/informatepy.com\/2022\/wp-content\/uploads\/2023\/04\/Isologo-sin-fondo.png","contentUrl":"https:\/\/informatepy.com\/2022\/wp-content\/uploads\/2023\/04\/Isologo-sin-fondo.png","caption":"Redacci\u00f3n"},"sameAs":["https:\/\/www.facebook.com\/InformatePyCom","https:\/\/x.com\/https:\/\/twitter.com\/InformatePy1"],"url":"https:\/\/informatepy.com\/2022\/author\/redaccion\/"}]}},"jetpack_featured_media_url":"https:\/\/i0.wp.com\/informatepy.com\/2022\/wp-content\/uploads\/2021\/02\/ande.jpg?fit=581%2C1032&ssl=1","jetpack-related-posts":[],"jetpack_sharing_enabled":true,"jetpack_likes_enabled":true,"authors":[{"term_id":998,"user_id":1,"is_guest":0,"slug":"admin","display_name":"admin","avatar_url":"https:\/\/secure.gravatar.com\/avatar\/5310f602b6cbcfb86e030c4ccdbb78f6565a3b9bab6a74ab80fd3cb5428b65af?s=96&d=mm&r=g","0":null,"1":"","2":"","3":"","4":"","5":"","6":"","7":"","8":""}],"amp_enabled":true,"_links":{"self":[{"href":"https:\/\/informatepy.com\/2022\/wp-json\/wp\/v2\/posts\/10108","targetHints":{"allow":["GET"]}}],"collection":[{"href":"https:\/\/informatepy.com\/2022\/wp-json\/wp\/v2\/posts"}],"about":[{"href":"https:\/\/informatepy.com\/2022\/wp-json\/wp\/v2\/types\/post"}],"author":[{"embeddable":true,"href":"https:\/\/informatepy.com\/2022\/wp-json\/wp\/v2\/users\/3"}],"replies":[{"embeddable":true,"href":"https:\/\/informatepy.com\/2022\/wp-json\/wp\/v2\/comments?post=10108"}],"version-history":[{"count":4,"href":"https:\/\/informatepy.com\/2022\/wp-json\/wp\/v2\/posts\/10108\/revisions"}],"predecessor-version":[{"id":10120,"href":"https:\/\/informatepy.com\/2022\/wp-json\/wp\/v2\/posts\/10108\/revisions\/10120"}],"wp:featuredmedia":[{"embeddable":true,"href":"https:\/\/informatepy.com\/2022\/wp-json\/wp\/v2\/media\/567"}],"wp:attachment":[{"href":"https:\/\/informatepy.com\/2022\/wp-json\/wp\/v2\/media?parent=10108"}],"wp:term":[{"taxonomy":"category","embeddable":true,"href":"https:\/\/informatepy.com\/2022\/wp-json\/wp\/v2\/categories?post=10108"},{"taxonomy":"post_tag","embeddable":true,"href":"https:\/\/informatepy.com\/2022\/wp-json\/wp\/v2\/tags?post=10108"},{"taxonomy":"author","embeddable":true,"href":"https:\/\/informatepy.com\/2022\/wp-json\/wp\/v2\/ppma_author?post=10108"}],"curies":[{"name":"wp","href":"https:\/\/api.w.org\/{rel}","templated":true}]}}