{"id":9837,"date":"2022-01-29T15:53:22","date_gmt":"2022-01-29T18:53:22","guid":{"rendered":"https:\/\/informatepy.com\/2021\/?p=9837"},"modified":"2022-01-29T15:53:25","modified_gmt":"2022-01-29T18:53:25","slug":"importante-incremento-de-la-inseguridad-en-2021","status":"publish","type":"post","link":"https:\/\/informatepy.com\/2021\/2022\/01\/29\/importante-incremento-de-la-inseguridad-en-2021\/","title":{"rendered":"Importante incremento de la inseguridad en 2021"},"content":{"rendered":"\n<p class=\"has-text-align-justify\">Mientras el Ministro del Interior, Arnaldo Giuzzo, se encuentra \u201cafinando detalles\u201d de lo que ser\u00e1 su campa\u00f1a a senador de la Naci\u00f3n, el Ministerio P\u00fablico dio a conocer la cantidad de denuncias registradas por los mencionados hechos punibles de enero a diciembre del a\u00f1o 2021, observ\u00e1ndose en algunos \u00edtems incrementos que van desde el 15 hasta el 25%.<\/p>\n\n\n\n<p class=\"has-text-align-justify\">Los hechos de Robo, Robo Agravado, Hurto y Hurto Agravado se encuentran entre los 10 hechos m\u00e1s frecuentes que son atendidos en el Ministerio P\u00fablico. En comparaci\u00f3n al 2020 se observa un incremento de 25% en los casos de Robo y 15% en los casos de Hurto Agravado.<\/p>\n\n\n\n<p class=\"has-text-align-justify\">En el 2020 se registraron 4.552 casos de Robo y 10.488 casos de Robo Agravado, mientras que se han recepcionado 20.094 casos de Hurto y 22.630 de Hurto Agravado; mientras que en 2021 en los mismos conceptos, se han registrado 5.115 robos, 13.161 robos agravados, 24.274 hurtos y 26.239 casos de hurto agravado.<\/p>\n\n\n\n<p class=\"has-text-align-justify\">Las zonas con m\u00e1s v\u00edctimas registradas por este tipo de hechos son Asunci\u00f3n, Central, Alto Paran\u00e1 y Cordillera.<\/p>\n","protected":false},"excerpt":{"rendered":"<p>Mientras el Ministro del Interior, Arnaldo Giuzzo, se encuentra \u201cafinando detalles\u201d de lo que ser\u00e1 su campa\u00f1a a senador de la Naci\u00f3n, el Ministerio P\u00fablico dio a conocer la cantidad de denuncias registradas por los mencionados hechos punibles de enero a diciembre del a\u00f1o 2021, observ\u00e1ndose en algunos \u00edtems incrementos que van desde el 15 [&hellip;]<\/p>\n","protected":false},"author":4,"featured_media":9838,"comment_status":"open","ping_status":"open","sticky":false,"template":"","format":"standard","meta":{"_monsterinsights_skip_tracking":false,"_monsterinsights_sitenote_active":false,"_monsterinsights_sitenote_note":"","_monsterinsights_sitenote_category":0,"footnotes":"","jetpack_publicize_message":"","jetpack_is_tweetstorm":false,"jetpack_publicize_feature_enabled":true},"categories":[177],"tags":[824,1036,1431,873,446,644,645],"ppma_author":[1051],"class_list":["post-9837","post","type-post","status-publish","format-standard","has-post-thumbnail","hentry","category-nacionales","tag-arnaldo-giuzzo","tag-destacada","tag-fiscal-general-del-estado","tag-fiscalia","tag-fiscalia-general","tag-inseguridad","tag-ministerio-del-interior"],"jetpack_publicize_connections":[],"yoast_head":"<!-- This site is optimized with the Yoast SEO plugin v27.4 - https:\/\/yoast.com\/product\/yoast-seo-wordpress\/ -->\n<title>Importante incremento de la inseguridad en 2021 - Informatepy<\/title>\n<meta name=\"robots\" content=\"index, follow, max-snippet:-1, max-image-preview:large, max-video-preview:-1\" \/>\n<link rel=\"canonical\" href=\"https:\/\/informatepy.com\/2021\/2022\/01\/29\/importante-incremento-de-la-inseguridad-en-2021\/\" \/>\n<meta property=\"og:locale\" content=\"es_ES\" \/>\n<meta property=\"og:type\" content=\"article\" \/>\n<meta property=\"og:title\" content=\"Importante incremento de la inseguridad en 2021 - Informatepy\" \/>\n<meta property=\"og:description\" content=\"Mientras el Ministro del Interior, Arnaldo Giuzzo, se encuentra \u201cafinando detalles\u201d de lo que ser\u00e1 su campa\u00f1a a senador de la Naci\u00f3n, el Ministerio P\u00fablico dio a conocer la cantidad de denuncias registradas por los mencionados hechos punibles de enero a diciembre del a\u00f1o 2021, observ\u00e1ndose en algunos \u00edtems incrementos que van desde el 15 [&hellip;]\" \/>\n<meta property=\"og:url\" content=\"https:\/\/informatepy.com\/2021\/2022\/01\/29\/importante-incremento-de-la-inseguridad-en-2021\/\" \/>\n<meta property=\"og:site_name\" content=\"Informatepy\" \/>\n<meta property=\"article:author\" content=\"https:\/\/www.facebook.com\/InformatePyCom\" \/>\n<meta property=\"article:published_time\" content=\"2022-01-29T18:53:22+00:00\" \/>\n<meta property=\"article:modified_time\" content=\"2022-01-29T18:53:25+00:00\" \/>\n<meta property=\"og:image\" content=\"https:\/\/informatepy.com\/2021\/wp-content\/uploads\/2022\/01\/aumento-inseguridad-2021.png\" \/>\n\t<meta property=\"og:image:width\" content=\"1280\" \/>\n\t<meta property=\"og:image:height\" content=\"747\" \/>\n\t<meta property=\"og:image:type\" content=\"image\/png\" \/>\n<meta name=\"author\" content=\"Redacci\u00f3n\" \/>\n<meta name=\"twitter:card\" content=\"summary_large_image\" \/>\n<meta name=\"twitter:creator\" content=\"@https:\/\/twitter.com\/InformatePy1\" \/>\n<meta name=\"twitter:label1\" content=\"Escrito por\" \/>\n\t<meta name=\"twitter:data1\" content=\"Redacci\u00f3n\" \/>\n\t<meta name=\"twitter:label2\" content=\"Tiempo de lectura\" \/>\n\t<meta name=\"twitter:data2\" content=\"1 minuto\" \/>\n<script type=\"application\/ld+json\" class=\"yoast-schema-graph\">{\"@context\":\"https:\\\/\\\/schema.org\",\"@graph\":[{\"@type\":\"Article\",\"@id\":\"https:\\\/\\\/informatepy.com\\\/2021\\\/2022\\\/01\\\/29\\\/importante-incremento-de-la-inseguridad-en-2021\\\/#article\",\"isPartOf\":{\"@id\":\"https:\\\/\\\/informatepy.com\\\/2021\\\/2022\\\/01\\\/29\\\/importante-incremento-de-la-inseguridad-en-2021\\\/\"},\"author\":{\"name\":\"Redacci\u00f3n\",\"@id\":\"https:\\\/\\\/informatepy.com\\\/2021\\\/#\\\/schema\\\/person\\\/0c842f525f84ea74ef3b44370d11757b\"},\"headline\":\"Importante incremento de la inseguridad en 2021\",\"datePublished\":\"2022-01-29T18:53:22+00:00\",\"dateModified\":\"2022-01-29T18:53:25+00:00\",\"mainEntityOfPage\":{\"@id\":\"https:\\\/\\\/informatepy.com\\\/2021\\\/2022\\\/01\\\/29\\\/importante-incremento-de-la-inseguridad-en-2021\\\/\"},\"wordCount\":177,\"commentCount\":0,\"publisher\":{\"@id\":\"https:\\\/\\\/informatepy.com\\\/2021\\\/#\\\/schema\\\/person\\\/edd302c981d6ba4596191719d1025a8a\"},\"image\":{\"@id\":\"https:\\\/\\\/informatepy.com\\\/2021\\\/2022\\\/01\\\/29\\\/importante-incremento-de-la-inseguridad-en-2021\\\/#primaryimage\"},\"thumbnailUrl\":\"https:\\\/\\\/i0.wp.com\\\/informatepy.com\\\/2021\\\/wp-content\\\/uploads\\\/2022\\\/01\\\/aumento-inseguridad-2021.png?fit=1280%2C747&ssl=1\",\"keywords\":[\"arnaldo giuzzo\",\"destacada\",\"fiscal general del estado\",\"fiscalia\",\"fiscal\u00eda general\",\"inseguridad\",\"ministerio del interior\"],\"articleSection\":[\"Nacionales\"],\"inLanguage\":\"es\",\"potentialAction\":[{\"@type\":\"CommentAction\",\"name\":\"Comment\",\"target\":[\"https:\\\/\\\/informatepy.com\\\/2021\\\/2022\\\/01\\\/29\\\/importante-incremento-de-la-inseguridad-en-2021\\\/#respond\"]}]},{\"@type\":\"WebPage\",\"@id\":\"https:\\\/\\\/informatepy.com\\\/2021\\\/2022\\\/01\\\/29\\\/importante-incremento-de-la-inseguridad-en-2021\\\/\",\"url\":\"https:\\\/\\\/informatepy.com\\\/2021\\\/2022\\\/01\\\/29\\\/importante-incremento-de-la-inseguridad-en-2021\\\/\",\"name\":\"Importante incremento de la inseguridad en 2021 - Informatepy\",\"isPartOf\":{\"@id\":\"https:\\\/\\\/informatepy.com\\\/2021\\\/#website\"},\"primaryImageOfPage\":{\"@id\":\"https:\\\/\\\/informatepy.com\\\/2021\\\/2022\\\/01\\\/29\\\/importante-incremento-de-la-inseguridad-en-2021\\\/#primaryimage\"},\"image\":{\"@id\":\"https:\\\/\\\/informatepy.com\\\/2021\\\/2022\\\/01\\\/29\\\/importante-incremento-de-la-inseguridad-en-2021\\\/#primaryimage\"},\"thumbnailUrl\":\"https:\\\/\\\/i0.wp.com\\\/informatepy.com\\\/2021\\\/wp-content\\\/uploads\\\/2022\\\/01\\\/aumento-inseguridad-2021.png?fit=1280%2C747&ssl=1\",\"datePublished\":\"2022-01-29T18:53:22+00:00\",\"dateModified\":\"2022-01-29T18:53:25+00:00\",\"breadcrumb\":{\"@id\":\"https:\\\/\\\/informatepy.com\\\/2021\\\/2022\\\/01\\\/29\\\/importante-incremento-de-la-inseguridad-en-2021\\\/#breadcrumb\"},\"inLanguage\":\"es\",\"potentialAction\":[{\"@type\":\"ReadAction\",\"target\":[\"https:\\\/\\\/informatepy.com\\\/2021\\\/2022\\\/01\\\/29\\\/importante-incremento-de-la-inseguridad-en-2021\\\/\"]}]},{\"@type\":\"ImageObject\",\"inLanguage\":\"es\",\"@id\":\"https:\\\/\\\/informatepy.com\\\/2021\\\/2022\\\/01\\\/29\\\/importante-incremento-de-la-inseguridad-en-2021\\\/#primaryimage\",\"url\":\"https:\\\/\\\/i0.wp.com\\\/informatepy.com\\\/2021\\\/wp-content\\\/uploads\\\/2022\\\/01\\\/aumento-inseguridad-2021.png?fit=1280%2C747&ssl=1\",\"contentUrl\":\"https:\\\/\\\/i0.wp.com\\\/informatepy.com\\\/2021\\\/wp-content\\\/uploads\\\/2022\\\/01\\\/aumento-inseguridad-2021.png?fit=1280%2C747&ssl=1\",\"width\":1280,\"height\":747},{\"@type\":\"BreadcrumbList\",\"@id\":\"https:\\\/\\\/informatepy.com\\\/2021\\\/2022\\\/01\\\/29\\\/importante-incremento-de-la-inseguridad-en-2021\\\/#breadcrumb\",\"itemListElement\":[{\"@type\":\"ListItem\",\"position\":1,\"name\":\"Portada\",\"item\":\"https:\\\/\\\/informatepy.com\\\/2021\\\/\"},{\"@type\":\"ListItem\",\"position\":2,\"name\":\"Importante incremento de la inseguridad en 2021\"}]},{\"@type\":\"WebSite\",\"@id\":\"https:\\\/\\\/informatepy.com\\\/2021\\\/#website\",\"url\":\"https:\\\/\\\/informatepy.com\\\/2021\\\/\",\"name\":\"Informatepy\",\"description\":\"La verdad, siempre!\",\"publisher\":{\"@id\":\"https:\\\/\\\/informatepy.com\\\/2021\\\/#\\\/schema\\\/person\\\/edd302c981d6ba4596191719d1025a8a\"},\"potentialAction\":[{\"@type\":\"SearchAction\",\"target\":{\"@type\":\"EntryPoint\",\"urlTemplate\":\"https:\\\/\\\/informatepy.com\\\/2021\\\/?s={search_term_string}\"},\"query-input\":{\"@type\":\"PropertyValueSpecification\",\"valueRequired\":true,\"valueName\":\"search_term_string\"}}],\"inLanguage\":\"es\"},{\"@type\":[\"Person\",\"Organization\"],\"@id\":\"https:\\\/\\\/informatepy.com\\\/2021\\\/#\\\/schema\\\/person\\\/edd302c981d6ba4596191719d1025a8a\",\"name\":\"admin\",\"image\":{\"@type\":\"ImageObject\",\"inLanguage\":\"es\",\"@id\":\"https:\\\/\\\/secure.gravatar.com\\\/avatar\\\/5310f602b6cbcfb86e030c4ccdbb78f6565a3b9bab6a74ab80fd3cb5428b65af?s=96&d=mm&r=g\",\"url\":\"https:\\\/\\\/secure.gravatar.com\\\/avatar\\\/5310f602b6cbcfb86e030c4ccdbb78f6565a3b9bab6a74ab80fd3cb5428b65af?s=96&d=mm&r=g\",\"contentUrl\":\"https:\\\/\\\/secure.gravatar.com\\\/avatar\\\/5310f602b6cbcfb86e030c4ccdbb78f6565a3b9bab6a74ab80fd3cb5428b65af?s=96&d=mm&r=g\",\"caption\":\"admin\"},\"logo\":{\"@id\":\"https:\\\/\\\/secure.gravatar.com\\\/avatar\\\/5310f602b6cbcfb86e030c4ccdbb78f6565a3b9bab6a74ab80fd3cb5428b65af?s=96&d=mm&r=g\"},\"sameAs\":[\"http:\\\/\\\/informatepy.com\\\/2021\"]},{\"@type\":\"Person\",\"@id\":\"https:\\\/\\\/informatepy.com\\\/2021\\\/#\\\/schema\\\/person\\\/0c842f525f84ea74ef3b44370d11757b\",\"name\":\"Redacci\u00f3n\",\"image\":{\"@type\":\"ImageObject\",\"inLanguage\":\"es\",\"@id\":\"https:\\\/\\\/i0.wp.com\\\/informatepy.com\\\/2021\\\/wp-content\\\/uploads\\\/2021\\\/02\\\/informate-circulo.png?fit=96%2C96&ssl=1\",\"url\":\"https:\\\/\\\/i0.wp.com\\\/informatepy.com\\\/2021\\\/wp-content\\\/uploads\\\/2021\\\/02\\\/informate-circulo.png?fit=96%2C96&ssl=1\",\"contentUrl\":\"https:\\\/\\\/i0.wp.com\\\/informatepy.com\\\/2021\\\/wp-content\\\/uploads\\\/2021\\\/02\\\/informate-circulo.png?fit=96%2C96&ssl=1\",\"caption\":\"Redacci\u00f3n\"},\"sameAs\":[\"https:\\\/\\\/www.facebook.com\\\/InformatePyCom\",\"https:\\\/\\\/x.com\\\/https:\\\/\\\/twitter.com\\\/InformatePy1\"],\"url\":\"https:\\\/\\\/informatepy.com\\\/2021\\\/author\\\/redaccion\\\/\"}]}<\/script>\n<!-- \/ Yoast SEO plugin. -->","yoast_head_json":{"title":"Importante incremento de la inseguridad en 2021 - Informatepy","robots":{"index":"index","follow":"follow","max-snippet":"max-snippet:-1","max-image-preview":"max-image-preview:large","max-video-preview":"max-video-preview:-1"},"canonical":"https:\/\/informatepy.com\/2021\/2022\/01\/29\/importante-incremento-de-la-inseguridad-en-2021\/","og_locale":"es_ES","og_type":"article","og_title":"Importante incremento de la inseguridad en 2021 - Informatepy","og_description":"Mientras el Ministro del Interior, Arnaldo Giuzzo, se encuentra \u201cafinando detalles\u201d de lo que ser\u00e1 su campa\u00f1a a senador de la Naci\u00f3n, el Ministerio P\u00fablico dio a conocer la cantidad de denuncias registradas por los mencionados hechos punibles de enero a diciembre del a\u00f1o 2021, observ\u00e1ndose en algunos \u00edtems incrementos que van desde el 15 [&hellip;]","og_url":"https:\/\/informatepy.com\/2021\/2022\/01\/29\/importante-incremento-de-la-inseguridad-en-2021\/","og_site_name":"Informatepy","article_author":"https:\/\/www.facebook.com\/InformatePyCom","article_published_time":"2022-01-29T18:53:22+00:00","article_modified_time":"2022-01-29T18:53:25+00:00","og_image":[{"width":1280,"height":747,"url":"https:\/\/informatepy.com\/2021\/wp-content\/uploads\/2022\/01\/aumento-inseguridad-2021.png","type":"image\/png"}],"author":"Redacci\u00f3n","twitter_card":"summary_large_image","twitter_creator":"@https:\/\/twitter.com\/InformatePy1","twitter_misc":{"Escrito por":"Redacci\u00f3n","Tiempo de lectura":"1 minuto"},"schema":{"@context":"https:\/\/schema.org","@graph":[{"@type":"Article","@id":"https:\/\/informatepy.com\/2021\/2022\/01\/29\/importante-incremento-de-la-inseguridad-en-2021\/#article","isPartOf":{"@id":"https:\/\/informatepy.com\/2021\/2022\/01\/29\/importante-incremento-de-la-inseguridad-en-2021\/"},"author":{"name":"Redacci\u00f3n","@id":"https:\/\/informatepy.com\/2021\/#\/schema\/person\/0c842f525f84ea74ef3b44370d11757b"},"headline":"Importante incremento de la inseguridad en 2021","datePublished":"2022-01-29T18:53:22+00:00","dateModified":"2022-01-29T18:53:25+00:00","mainEntityOfPage":{"@id":"https:\/\/informatepy.com\/2021\/2022\/01\/29\/importante-incremento-de-la-inseguridad-en-2021\/"},"wordCount":177,"commentCount":0,"publisher":{"@id":"https:\/\/informatepy.com\/2021\/#\/schema\/person\/edd302c981d6ba4596191719d1025a8a"},"image":{"@id":"https:\/\/informatepy.com\/2021\/2022\/01\/29\/importante-incremento-de-la-inseguridad-en-2021\/#primaryimage"},"thumbnailUrl":"https:\/\/i0.wp.com\/informatepy.com\/2021\/wp-content\/uploads\/2022\/01\/aumento-inseguridad-2021.png?fit=1280%2C747&ssl=1","keywords":["arnaldo giuzzo","destacada","fiscal general del estado","fiscalia","fiscal\u00eda general","inseguridad","ministerio del interior"],"articleSection":["Nacionales"],"inLanguage":"es","potentialAction":[{"@type":"CommentAction","name":"Comment","target":["https:\/\/informatepy.com\/2021\/2022\/01\/29\/importante-incremento-de-la-inseguridad-en-2021\/#respond"]}]},{"@type":"WebPage","@id":"https:\/\/informatepy.com\/2021\/2022\/01\/29\/importante-incremento-de-la-inseguridad-en-2021\/","url":"https:\/\/informatepy.com\/2021\/2022\/01\/29\/importante-incremento-de-la-inseguridad-en-2021\/","name":"Importante incremento de la inseguridad en 2021 - Informatepy","isPartOf":{"@id":"https:\/\/informatepy.com\/2021\/#website"},"primaryImageOfPage":{"@id":"https:\/\/informatepy.com\/2021\/2022\/01\/29\/importante-incremento-de-la-inseguridad-en-2021\/#primaryimage"},"image":{"@id":"https:\/\/informatepy.com\/2021\/2022\/01\/29\/importante-incremento-de-la-inseguridad-en-2021\/#primaryimage"},"thumbnailUrl":"https:\/\/i0.wp.com\/informatepy.com\/2021\/wp-content\/uploads\/2022\/01\/aumento-inseguridad-2021.png?fit=1280%2C747&ssl=1","datePublished":"2022-01-29T18:53:22+00:00","dateModified":"2022-01-29T18:53:25+00:00","breadcrumb":{"@id":"https:\/\/informatepy.com\/2021\/2022\/01\/29\/importante-incremento-de-la-inseguridad-en-2021\/#breadcrumb"},"inLanguage":"es","potentialAction":[{"@type":"ReadAction","target":["https:\/\/informatepy.com\/2021\/2022\/01\/29\/importante-incremento-de-la-inseguridad-en-2021\/"]}]},{"@type":"ImageObject","inLanguage":"es","@id":"https:\/\/informatepy.com\/2021\/2022\/01\/29\/importante-incremento-de-la-inseguridad-en-2021\/#primaryimage","url":"https:\/\/i0.wp.com\/informatepy.com\/2021\/wp-content\/uploads\/2022\/01\/aumento-inseguridad-2021.png?fit=1280%2C747&ssl=1","contentUrl":"https:\/\/i0.wp.com\/informatepy.com\/2021\/wp-content\/uploads\/2022\/01\/aumento-inseguridad-2021.png?fit=1280%2C747&ssl=1","width":1280,"height":747},{"@type":"BreadcrumbList","@id":"https:\/\/informatepy.com\/2021\/2022\/01\/29\/importante-incremento-de-la-inseguridad-en-2021\/#breadcrumb","itemListElement":[{"@type":"ListItem","position":1,"name":"Portada","item":"https:\/\/informatepy.com\/2021\/"},{"@type":"ListItem","position":2,"name":"Importante incremento de la inseguridad en 2021"}]},{"@type":"WebSite","@id":"https:\/\/informatepy.com\/2021\/#website","url":"https:\/\/informatepy.com\/2021\/","name":"Informatepy","description":"La verdad, siempre!","publisher":{"@id":"https:\/\/informatepy.com\/2021\/#\/schema\/person\/edd302c981d6ba4596191719d1025a8a"},"potentialAction":[{"@type":"SearchAction","target":{"@type":"EntryPoint","urlTemplate":"https:\/\/informatepy.com\/2021\/?s={search_term_string}"},"query-input":{"@type":"PropertyValueSpecification","valueRequired":true,"valueName":"search_term_string"}}],"inLanguage":"es"},{"@type":["Person","Organization"],"@id":"https:\/\/informatepy.com\/2021\/#\/schema\/person\/edd302c981d6ba4596191719d1025a8a","name":"admin","image":{"@type":"ImageObject","inLanguage":"es","@id":"https:\/\/secure.gravatar.com\/avatar\/5310f602b6cbcfb86e030c4ccdbb78f6565a3b9bab6a74ab80fd3cb5428b65af?s=96&d=mm&r=g","url":"https:\/\/secure.gravatar.com\/avatar\/5310f602b6cbcfb86e030c4ccdbb78f6565a3b9bab6a74ab80fd3cb5428b65af?s=96&d=mm&r=g","contentUrl":"https:\/\/secure.gravatar.com\/avatar\/5310f602b6cbcfb86e030c4ccdbb78f6565a3b9bab6a74ab80fd3cb5428b65af?s=96&d=mm&r=g","caption":"admin"},"logo":{"@id":"https:\/\/secure.gravatar.com\/avatar\/5310f602b6cbcfb86e030c4ccdbb78f6565a3b9bab6a74ab80fd3cb5428b65af?s=96&d=mm&r=g"},"sameAs":["http:\/\/informatepy.com\/2021"]},{"@type":"Person","@id":"https:\/\/informatepy.com\/2021\/#\/schema\/person\/0c842f525f84ea74ef3b44370d11757b","name":"Redacci\u00f3n","image":{"@type":"ImageObject","inLanguage":"es","@id":"https:\/\/i0.wp.com\/informatepy.com\/2021\/wp-content\/uploads\/2021\/02\/informate-circulo.png?fit=96%2C96&ssl=1","url":"https:\/\/i0.wp.com\/informatepy.com\/2021\/wp-content\/uploads\/2021\/02\/informate-circulo.png?fit=96%2C96&ssl=1","contentUrl":"https:\/\/i0.wp.com\/informatepy.com\/2021\/wp-content\/uploads\/2021\/02\/informate-circulo.png?fit=96%2C96&ssl=1","caption":"Redacci\u00f3n"},"sameAs":["https:\/\/www.facebook.com\/InformatePyCom","https:\/\/x.com\/https:\/\/twitter.com\/InformatePy1"],"url":"https:\/\/informatepy.com\/2021\/author\/redaccion\/"}]}},"jetpack_featured_media_url":"https:\/\/i0.wp.com\/informatepy.com\/2021\/wp-content\/uploads\/2022\/01\/aumento-inseguridad-2021.png?fit=1280%2C747&ssl=1","jetpack_sharing_enabled":true,"jetpack_likes_enabled":true,"jetpack-related-posts":[{"id":13380,"url":"https:\/\/informatepy.com\/2021\/2022\/08\/16\/imputan-a-giuzzo-por-cohecho-pasivo-agravado\/","url_meta":{"origin":9837,"position":0},"title":"Imputan a Giuzzo por cohecho pasivo agravado","date":"16 de agosto de 2022","format":false,"excerpt":"Los fiscales Osmar Legal y Alicia Sapriza imputaron al exministro del Interior, Arnaldo Giuzzio, por cohecho pasivo agravado. De acuerdo al Ministerio P\u00fablico, Giuzzio habr\u00eda recibido coima del narcotraficante detenido en Brasil Marcus Vinicius Espindola Marqu\u00e9s de Padua. La imputaci\u00f3n refiere que los contactos entre Giuzzio y Marcus Vinicius comenzaron\u2026","rel":"","context":"En \u00abNacionales\u00bb","img":{"alt_text":"","src":"https:\/\/i0.wp.com\/informatepy.com\/2021\/wp-content\/uploads\/2021\/03\/Arnaldo-Giuzzio.jpg?fit=1200%2C758&ssl=1&resize=350%2C200","width":350,"height":200},"classes":[]},{"id":13544,"url":"https:\/\/informatepy.com\/2021\/2022\/08\/23\/rechazan-la-recusacion-de-giuzzo-contra-los-fiscales-que-lo-investigan\/","url_meta":{"origin":9837,"position":1},"title":"Rechazan la recusaci\u00f3n de Giuzzo contra los fiscales que lo investigan","date":"23 de agosto de 2022","format":false,"excerpt":"La fiscal general del Estado, Sandra Qui\u00f1\u00f3nez, rechaz\u00f3 la recusaci\u00f3n planteada por el ex ministro del Interior, Arnaldo Giuzzio, en la causa que se le sigue. La Fiscal\u00eda General confirm\u00f3 en la causa a los fiscales\u00a0 Osmar Legal y Alicia Sapriza, quienes formularon el acta de imputaci\u00f3n por cohecho pasivo\u2026","rel":"","context":"En \u00abNacionales\u00bb","img":{"alt_text":"","src":"https:\/\/i0.wp.com\/informatepy.com\/2021\/wp-content\/uploads\/2021\/03\/Arnaldo-Giuzzio.jpg?fit=1200%2C758&ssl=1&resize=350%2C200","width":350,"height":200},"classes":[]},{"id":8637,"url":"https:\/\/informatepy.com\/2021\/2021\/12\/03\/giuzzo-limpia-plazas-mientras-la-inseguridad-pone-en-riesgo-a-los-paraguayos\/","url_meta":{"origin":9837,"position":2},"title":"\u00bfGiuzzo limpia plazas mientras la inseguridad pone en riesgo a los paraguayos?","date":"3 de diciembre de 2021","format":false,"excerpt":"Casi como una broma de mal gusto, el ministro del interior, Arnaldo Giuzzo, publica en sus redes sociales las tareas de limpieza que est\u00e1 realizando en el Parque Caballero. Seg\u00fan sus palabras, los espacios p\u00fablicos revitalizados y seguros para la gente \"es parte importante de nuestra Estrategia Nacional de Seguridad\u2026","rel":"","context":"En \u00abNacionales\u00bb","img":{"alt_text":"","src":"https:\/\/i0.wp.com\/informatepy.com\/2021\/wp-content\/uploads\/2021\/12\/giuzzo-limpiando.jpg?fit=1024%2C576&ssl=1&resize=350%2C200","width":350,"height":200},"classes":[]},{"id":10263,"url":"https:\/\/informatepy.com\/2021\/2022\/02\/22\/cachito-tampoco-sabias-nada\/","url_meta":{"origin":9837,"position":3},"title":"\u00bfCachito, tampoco sab\u00edas nada?","date":"22 de febrero de 2022","format":false,"excerpt":"Lo que parec\u00eda terminar con la destituci\u00f3n del ahora ex Ministro del Interior, Arnaldo Giuzzo, es finalmente, solo la punta del iceberg. En las \u00faltimas horas se conoci\u00f3 que las ahora famosas vacaciones de Arnaldo Giuzzo a bordo de la camioneta de una persona sindicada como narcotraficante, fueron compartidas por\u2026","rel":"","context":"En \u00abNacionales\u00bb","img":{"alt_text":"","src":"https:\/\/i0.wp.com\/informatepy.com\/2021\/wp-content\/uploads\/2021\/08\/oscar-cachito-salomon.jpeg?fit=900%2C634&ssl=1&resize=350%2C200","width":350,"height":200},"classes":[]},{"id":9897,"url":"https:\/\/informatepy.com\/2021\/2022\/02\/02\/diputados-liberales-se-adelantan-y-piden-el-juicio-politico-de-giuzzo\/","url_meta":{"origin":9837,"position":4},"title":"Diputados Liberales se adelantan y piden el juicio pol\u00edtico de Giuzzo","date":"2 de febrero de 2022","format":false,"excerpt":"Los diputados del Partido Liberal, Mar\u00eda de la Nieve L\u00f3pez, Edgar Ort\u00edz y Jos\u00e9 Reynaldo Rodr\u00edguez, solicitaron a la presidenta de la Comisi\u00f3n Permanente del Congreso, Lilian Samaniego, convocar a una sesi\u00f3n extraordinaria de la C\u00e1mara de Diputados para iniciar el juicio pol\u00edtico al ministro del Interior, Arnaldo Giuzzio. La\u2026","rel":"","context":"En \u00abNacionales\u00bb","img":{"alt_text":"","src":"https:\/\/i0.wp.com\/informatepy.com\/2021\/wp-content\/uploads\/2022\/02\/juicio-politico-giuzzo1.jpeg?fit=660%2C330&ssl=1&resize=350%2C200","width":350,"height":200},"classes":[]},{"id":8779,"url":"https:\/\/informatepy.com\/2021\/2021\/12\/11\/alliana-vuelve-a-pedir-la-destitucion-de-giuzzo\/","url_meta":{"origin":9837,"position":5},"title":"Alliana vuelve a pedir la destituci\u00f3n de Giuzzo","date":"11 de diciembre de 2021","format":false,"excerpt":"El presidente de la C\u00e1mara de Diputados, Pedro Alliana, cuestion\u00f3 una vez m\u00e1s al ministro del Interior, Arnaldo Giuzzio, por la ola de inseguridad que se vive en el pa\u00eds. Arnaldo Giuzzio es el peor ministro que tiene el Gobierno, \"no s\u00e9 a cambio de qu\u00e9 acuerdo este se\u00f1or sigue\u2026","rel":"","context":"En \u00abNacionales\u00bb","img":{"alt_text":"","src":"https:\/\/i0.wp.com\/informatepy.com\/2021\/wp-content\/uploads\/2021\/03\/Arnaldo-Giuzzio.jpg?fit=1200%2C758&ssl=1&resize=350%2C200","width":350,"height":200},"classes":[]}],"authors":[{"term_id":1051,"user_id":4,"is_guest":0,"slug":"redaccion","display_name":"Redacci\u00f3n","avatar_url":"https:\/\/i0.wp.com\/informatepy.com\/2021\/wp-content\/uploads\/2021\/02\/informate-circulo.png?fit=96%2C96&ssl=1","first_name":"Redacci\u00f3n","last_name":"","user_url":"","description":""}],"amp_enabled":true,"_links":{"self":[{"href":"https:\/\/informatepy.com\/2021\/wp-json\/wp\/v2\/posts\/9837","targetHints":{"allow":["GET"]}}],"collection":[{"href":"https:\/\/informatepy.com\/2021\/wp-json\/wp\/v2\/posts"}],"about":[{"href":"https:\/\/informatepy.com\/2021\/wp-json\/wp\/v2\/types\/post"}],"author":[{"embeddable":true,"href":"https:\/\/informatepy.com\/2021\/wp-json\/wp\/v2\/users\/4"}],"replies":[{"embeddable":true,"href":"https:\/\/informatepy.com\/2021\/wp-json\/wp\/v2\/comments?post=9837"}],"version-history":[{"count":1,"href":"https:\/\/informatepy.com\/2021\/wp-json\/wp\/v2\/posts\/9837\/revisions"}],"predecessor-version":[{"id":9839,"href":"https:\/\/informatepy.com\/2021\/wp-json\/wp\/v2\/posts\/9837\/revisions\/9839"}],"wp:featuredmedia":[{"embeddable":true,"href":"https:\/\/informatepy.com\/2021\/wp-json\/wp\/v2\/media\/9838"}],"wp:attachment":[{"href":"https:\/\/informatepy.com\/2021\/wp-json\/wp\/v2\/media?parent=9837"}],"wp:term":[{"taxonomy":"category","embeddable":true,"href":"https:\/\/informatepy.com\/2021\/wp-json\/wp\/v2\/categories?post=9837"},{"taxonomy":"post_tag","embeddable":true,"href":"https:\/\/informatepy.com\/2021\/wp-json\/wp\/v2\/tags?post=9837"},{"taxonomy":"author","embeddable":true,"href":"https:\/\/informatepy.com\/2021\/wp-json\/wp\/v2\/ppma_author?post=9837"}],"curies":[{"name":"wp","href":"https:\/\/api.w.org\/{rel}","templated":true}]}}