{"id":9817,"date":"2022-01-29T09:06:50","date_gmt":"2022-01-29T12:06:50","guid":{"rendered":"https:\/\/informatepy.com\/2021\/?p=9817"},"modified":"2022-01-29T09:06:52","modified_gmt":"2022-01-29T12:06:52","slug":"elon-musk-tuitea-en-apoyo-a-los-camioneros-canadienses","status":"publish","type":"post","link":"https:\/\/informatepy.com\/2021\/2022\/01\/29\/elon-musk-tuitea-en-apoyo-a-los-camioneros-canadienses\/","title":{"rendered":"Elon Musk tuitea en apoyo a los camioneros canadienses"},"content":{"rendered":"\n<p class=\"has-text-align-justify\">El multimillonario Elon Musk ha tuiteado su apoyo a los camioneros canadienses y, dado el momento, parece ser un visto bueno para los camioneros que protestan por los mandatos de vacunas para los conductores transfronterizos y otras restricciones de cierre.<\/p>\n\n\n\n<p class=\"has-text-align-justify\">Musk, due\u00f1o de Tesla y SpaceX y nunca tiene miedo de decir lo que piensa, tuite\u00f3 el jueves: <em><strong>\u201cGobiernan los camioneros canadienses\u201d.<\/strong><\/em><\/p>\n\n\n\n<figure class=\"wp-block-embed aligncenter is-type-rich is-provider-twitter wp-block-embed-twitter\"><div class=\"wp-block-embed__wrapper\">\n<blockquote class=\"twitter-tweet\" data-width=\"550\" data-dnt=\"true\"><p lang=\"en\" dir=\"ltr\">Canadian truckers rule<\/p>&mdash; Elon Musk (@elonmusk) <a href=\"https:\/\/twitter.com\/elonmusk\/status\/1486772334635536395?ref_src=twsrc%5Etfw\">January 27, 2022<\/a><\/blockquote><script async src=\"https:\/\/platform.twitter.com\/widgets.js\" charset=\"utf-8\"><\/script>\n<\/div><\/figure>\n","protected":false},"excerpt":{"rendered":"<p>El multimillonario Elon Musk ha tuiteado su apoyo a los camioneros canadienses y, dado el momento, parece ser un visto bueno para los camioneros que protestan por los mandatos de vacunas para los conductores transfronterizos y otras restricciones de cierre. Musk, due\u00f1o de Tesla y SpaceX y nunca tiene miedo de decir lo que piensa, [&hellip;]<\/p>\n","protected":false},"author":4,"featured_media":2476,"comment_status":"open","ping_status":"open","sticky":false,"template":"","format":"standard","meta":{"_monsterinsights_skip_tracking":false,"_monsterinsights_sitenote_active":false,"_monsterinsights_sitenote_note":"","_monsterinsights_sitenote_category":0,"footnotes":"","jetpack_publicize_message":"","jetpack_is_tweetstorm":false,"jetpack_publicize_feature_enabled":true},"categories":[173],"tags":[1391,1026],"ppma_author":[1051],"class_list":["post-9817","post","type-post","status-publish","format-standard","has-post-thumbnail","hentry","category-mundo","tag-canada","tag-elon-musk"],"jetpack_publicize_connections":[],"yoast_head":"<!-- This site is optimized with the Yoast SEO plugin v27.4 - https:\/\/yoast.com\/product\/yoast-seo-wordpress\/ -->\n<title>Elon Musk tuitea en apoyo a los camioneros canadienses - Informatepy<\/title>\n<meta name=\"robots\" content=\"index, follow, max-snippet:-1, max-image-preview:large, max-video-preview:-1\" \/>\n<link rel=\"canonical\" href=\"https:\/\/informatepy.com\/2021\/2022\/01\/29\/elon-musk-tuitea-en-apoyo-a-los-camioneros-canadienses\/\" \/>\n<meta property=\"og:locale\" content=\"es_ES\" \/>\n<meta property=\"og:type\" content=\"article\" \/>\n<meta property=\"og:title\" content=\"Elon Musk tuitea en apoyo a los camioneros canadienses - Informatepy\" \/>\n<meta property=\"og:description\" content=\"El multimillonario Elon Musk ha tuiteado su apoyo a los camioneros canadienses y, dado el momento, parece ser un visto bueno para los camioneros que protestan por los mandatos de vacunas para los conductores transfronterizos y otras restricciones de cierre. Musk, due\u00f1o de Tesla y SpaceX y nunca tiene miedo de decir lo que piensa, [&hellip;]\" \/>\n<meta property=\"og:url\" content=\"https:\/\/informatepy.com\/2021\/2022\/01\/29\/elon-musk-tuitea-en-apoyo-a-los-camioneros-canadienses\/\" \/>\n<meta property=\"og:site_name\" content=\"Informatepy\" \/>\n<meta property=\"article:author\" content=\"https:\/\/www.facebook.com\/InformatePyCom\" \/>\n<meta property=\"article:published_time\" content=\"2022-01-29T12:06:50+00:00\" \/>\n<meta property=\"article:modified_time\" content=\"2022-01-29T12:06:52+00:00\" \/>\n<meta property=\"og:image\" content=\"https:\/\/informatepy.com\/2021\/wp-content\/uploads\/2021\/01\/elon-musk.jpg\" \/>\n\t<meta property=\"og:image:width\" content=\"1200\" \/>\n\t<meta property=\"og:image:height\" content=\"630\" \/>\n\t<meta property=\"og:image:type\" content=\"image\/jpeg\" \/>\n<meta name=\"author\" content=\"Redacci\u00f3n\" \/>\n<meta name=\"twitter:card\" content=\"summary_large_image\" \/>\n<meta name=\"twitter:creator\" content=\"@https:\/\/twitter.com\/InformatePy1\" \/>\n<meta name=\"twitter:label1\" content=\"Escrito por\" \/>\n\t<meta name=\"twitter:data1\" content=\"Redacci\u00f3n\" \/>\n\t<meta name=\"twitter:label2\" content=\"Tiempo de lectura\" \/>\n\t<meta name=\"twitter:data2\" content=\"1 minuto\" \/>\n<script type=\"application\/ld+json\" class=\"yoast-schema-graph\">{\"@context\":\"https:\\\/\\\/schema.org\",\"@graph\":[{\"@type\":\"Article\",\"@id\":\"https:\\\/\\\/informatepy.com\\\/2021\\\/2022\\\/01\\\/29\\\/elon-musk-tuitea-en-apoyo-a-los-camioneros-canadienses\\\/#article\",\"isPartOf\":{\"@id\":\"https:\\\/\\\/informatepy.com\\\/2021\\\/2022\\\/01\\\/29\\\/elon-musk-tuitea-en-apoyo-a-los-camioneros-canadienses\\\/\"},\"author\":{\"name\":\"Redacci\u00f3n\",\"@id\":\"https:\\\/\\\/informatepy.com\\\/2021\\\/#\\\/schema\\\/person\\\/0c842f525f84ea74ef3b44370d11757b\"},\"headline\":\"Elon Musk tuitea en apoyo a los camioneros canadienses\",\"datePublished\":\"2022-01-29T12:06:50+00:00\",\"dateModified\":\"2022-01-29T12:06:52+00:00\",\"mainEntityOfPage\":{\"@id\":\"https:\\\/\\\/informatepy.com\\\/2021\\\/2022\\\/01\\\/29\\\/elon-musk-tuitea-en-apoyo-a-los-camioneros-canadienses\\\/\"},\"wordCount\":77,\"commentCount\":0,\"publisher\":{\"@id\":\"https:\\\/\\\/informatepy.com\\\/2021\\\/#\\\/schema\\\/person\\\/edd302c981d6ba4596191719d1025a8a\"},\"image\":{\"@id\":\"https:\\\/\\\/informatepy.com\\\/2021\\\/2022\\\/01\\\/29\\\/elon-musk-tuitea-en-apoyo-a-los-camioneros-canadienses\\\/#primaryimage\"},\"thumbnailUrl\":\"https:\\\/\\\/i0.wp.com\\\/informatepy.com\\\/2021\\\/wp-content\\\/uploads\\\/2021\\\/01\\\/elon-musk.jpg?fit=1200%2C630&ssl=1\",\"keywords\":[\"canada\",\"elon musk\"],\"articleSection\":[\"Mundo\"],\"inLanguage\":\"es\",\"potentialAction\":[{\"@type\":\"CommentAction\",\"name\":\"Comment\",\"target\":[\"https:\\\/\\\/informatepy.com\\\/2021\\\/2022\\\/01\\\/29\\\/elon-musk-tuitea-en-apoyo-a-los-camioneros-canadienses\\\/#respond\"]}]},{\"@type\":\"WebPage\",\"@id\":\"https:\\\/\\\/informatepy.com\\\/2021\\\/2022\\\/01\\\/29\\\/elon-musk-tuitea-en-apoyo-a-los-camioneros-canadienses\\\/\",\"url\":\"https:\\\/\\\/informatepy.com\\\/2021\\\/2022\\\/01\\\/29\\\/elon-musk-tuitea-en-apoyo-a-los-camioneros-canadienses\\\/\",\"name\":\"Elon Musk tuitea en apoyo a los camioneros canadienses - Informatepy\",\"isPartOf\":{\"@id\":\"https:\\\/\\\/informatepy.com\\\/2021\\\/#website\"},\"primaryImageOfPage\":{\"@id\":\"https:\\\/\\\/informatepy.com\\\/2021\\\/2022\\\/01\\\/29\\\/elon-musk-tuitea-en-apoyo-a-los-camioneros-canadienses\\\/#primaryimage\"},\"image\":{\"@id\":\"https:\\\/\\\/informatepy.com\\\/2021\\\/2022\\\/01\\\/29\\\/elon-musk-tuitea-en-apoyo-a-los-camioneros-canadienses\\\/#primaryimage\"},\"thumbnailUrl\":\"https:\\\/\\\/i0.wp.com\\\/informatepy.com\\\/2021\\\/wp-content\\\/uploads\\\/2021\\\/01\\\/elon-musk.jpg?fit=1200%2C630&ssl=1\",\"datePublished\":\"2022-01-29T12:06:50+00:00\",\"dateModified\":\"2022-01-29T12:06:52+00:00\",\"breadcrumb\":{\"@id\":\"https:\\\/\\\/informatepy.com\\\/2021\\\/2022\\\/01\\\/29\\\/elon-musk-tuitea-en-apoyo-a-los-camioneros-canadienses\\\/#breadcrumb\"},\"inLanguage\":\"es\",\"potentialAction\":[{\"@type\":\"ReadAction\",\"target\":[\"https:\\\/\\\/informatepy.com\\\/2021\\\/2022\\\/01\\\/29\\\/elon-musk-tuitea-en-apoyo-a-los-camioneros-canadienses\\\/\"]}]},{\"@type\":\"ImageObject\",\"inLanguage\":\"es\",\"@id\":\"https:\\\/\\\/informatepy.com\\\/2021\\\/2022\\\/01\\\/29\\\/elon-musk-tuitea-en-apoyo-a-los-camioneros-canadienses\\\/#primaryimage\",\"url\":\"https:\\\/\\\/i0.wp.com\\\/informatepy.com\\\/2021\\\/wp-content\\\/uploads\\\/2021\\\/01\\\/elon-musk.jpg?fit=1200%2C630&ssl=1\",\"contentUrl\":\"https:\\\/\\\/i0.wp.com\\\/informatepy.com\\\/2021\\\/wp-content\\\/uploads\\\/2021\\\/01\\\/elon-musk.jpg?fit=1200%2C630&ssl=1\",\"width\":1200,\"height\":630},{\"@type\":\"BreadcrumbList\",\"@id\":\"https:\\\/\\\/informatepy.com\\\/2021\\\/2022\\\/01\\\/29\\\/elon-musk-tuitea-en-apoyo-a-los-camioneros-canadienses\\\/#breadcrumb\",\"itemListElement\":[{\"@type\":\"ListItem\",\"position\":1,\"name\":\"Portada\",\"item\":\"https:\\\/\\\/informatepy.com\\\/2021\\\/\"},{\"@type\":\"ListItem\",\"position\":2,\"name\":\"Elon Musk tuitea en apoyo a los camioneros canadienses\"}]},{\"@type\":\"WebSite\",\"@id\":\"https:\\\/\\\/informatepy.com\\\/2021\\\/#website\",\"url\":\"https:\\\/\\\/informatepy.com\\\/2021\\\/\",\"name\":\"Informatepy\",\"description\":\"La verdad, siempre!\",\"publisher\":{\"@id\":\"https:\\\/\\\/informatepy.com\\\/2021\\\/#\\\/schema\\\/person\\\/edd302c981d6ba4596191719d1025a8a\"},\"potentialAction\":[{\"@type\":\"SearchAction\",\"target\":{\"@type\":\"EntryPoint\",\"urlTemplate\":\"https:\\\/\\\/informatepy.com\\\/2021\\\/?s={search_term_string}\"},\"query-input\":{\"@type\":\"PropertyValueSpecification\",\"valueRequired\":true,\"valueName\":\"search_term_string\"}}],\"inLanguage\":\"es\"},{\"@type\":[\"Person\",\"Organization\"],\"@id\":\"https:\\\/\\\/informatepy.com\\\/2021\\\/#\\\/schema\\\/person\\\/edd302c981d6ba4596191719d1025a8a\",\"name\":\"admin\",\"image\":{\"@type\":\"ImageObject\",\"inLanguage\":\"es\",\"@id\":\"https:\\\/\\\/secure.gravatar.com\\\/avatar\\\/5310f602b6cbcfb86e030c4ccdbb78f6565a3b9bab6a74ab80fd3cb5428b65af?s=96&d=mm&r=g\",\"url\":\"https:\\\/\\\/secure.gravatar.com\\\/avatar\\\/5310f602b6cbcfb86e030c4ccdbb78f6565a3b9bab6a74ab80fd3cb5428b65af?s=96&d=mm&r=g\",\"contentUrl\":\"https:\\\/\\\/secure.gravatar.com\\\/avatar\\\/5310f602b6cbcfb86e030c4ccdbb78f6565a3b9bab6a74ab80fd3cb5428b65af?s=96&d=mm&r=g\",\"caption\":\"admin\"},\"logo\":{\"@id\":\"https:\\\/\\\/secure.gravatar.com\\\/avatar\\\/5310f602b6cbcfb86e030c4ccdbb78f6565a3b9bab6a74ab80fd3cb5428b65af?s=96&d=mm&r=g\"},\"sameAs\":[\"http:\\\/\\\/informatepy.com\\\/2021\"]},{\"@type\":\"Person\",\"@id\":\"https:\\\/\\\/informatepy.com\\\/2021\\\/#\\\/schema\\\/person\\\/0c842f525f84ea74ef3b44370d11757b\",\"name\":\"Redacci\u00f3n\",\"image\":{\"@type\":\"ImageObject\",\"inLanguage\":\"es\",\"@id\":\"https:\\\/\\\/i0.wp.com\\\/informatepy.com\\\/2021\\\/wp-content\\\/uploads\\\/2021\\\/02\\\/informate-circulo.png?fit=96%2C96&ssl=1\",\"url\":\"https:\\\/\\\/i0.wp.com\\\/informatepy.com\\\/2021\\\/wp-content\\\/uploads\\\/2021\\\/02\\\/informate-circulo.png?fit=96%2C96&ssl=1\",\"contentUrl\":\"https:\\\/\\\/i0.wp.com\\\/informatepy.com\\\/2021\\\/wp-content\\\/uploads\\\/2021\\\/02\\\/informate-circulo.png?fit=96%2C96&ssl=1\",\"caption\":\"Redacci\u00f3n\"},\"sameAs\":[\"https:\\\/\\\/www.facebook.com\\\/InformatePyCom\",\"https:\\\/\\\/x.com\\\/https:\\\/\\\/twitter.com\\\/InformatePy1\"],\"url\":\"https:\\\/\\\/informatepy.com\\\/2021\\\/author\\\/redaccion\\\/\"}]}<\/script>\n<!-- \/ Yoast SEO plugin. -->","yoast_head_json":{"title":"Elon Musk tuitea en apoyo a los camioneros canadienses - Informatepy","robots":{"index":"index","follow":"follow","max-snippet":"max-snippet:-1","max-image-preview":"max-image-preview:large","max-video-preview":"max-video-preview:-1"},"canonical":"https:\/\/informatepy.com\/2021\/2022\/01\/29\/elon-musk-tuitea-en-apoyo-a-los-camioneros-canadienses\/","og_locale":"es_ES","og_type":"article","og_title":"Elon Musk tuitea en apoyo a los camioneros canadienses - Informatepy","og_description":"El multimillonario Elon Musk ha tuiteado su apoyo a los camioneros canadienses y, dado el momento, parece ser un visto bueno para los camioneros que protestan por los mandatos de vacunas para los conductores transfronterizos y otras restricciones de cierre. Musk, due\u00f1o de Tesla y SpaceX y nunca tiene miedo de decir lo que piensa, [&hellip;]","og_url":"https:\/\/informatepy.com\/2021\/2022\/01\/29\/elon-musk-tuitea-en-apoyo-a-los-camioneros-canadienses\/","og_site_name":"Informatepy","article_author":"https:\/\/www.facebook.com\/InformatePyCom","article_published_time":"2022-01-29T12:06:50+00:00","article_modified_time":"2022-01-29T12:06:52+00:00","og_image":[{"width":1200,"height":630,"url":"https:\/\/informatepy.com\/2021\/wp-content\/uploads\/2021\/01\/elon-musk.jpg","type":"image\/jpeg"}],"author":"Redacci\u00f3n","twitter_card":"summary_large_image","twitter_creator":"@https:\/\/twitter.com\/InformatePy1","twitter_misc":{"Escrito por":"Redacci\u00f3n","Tiempo de lectura":"1 minuto"},"schema":{"@context":"https:\/\/schema.org","@graph":[{"@type":"Article","@id":"https:\/\/informatepy.com\/2021\/2022\/01\/29\/elon-musk-tuitea-en-apoyo-a-los-camioneros-canadienses\/#article","isPartOf":{"@id":"https:\/\/informatepy.com\/2021\/2022\/01\/29\/elon-musk-tuitea-en-apoyo-a-los-camioneros-canadienses\/"},"author":{"name":"Redacci\u00f3n","@id":"https:\/\/informatepy.com\/2021\/#\/schema\/person\/0c842f525f84ea74ef3b44370d11757b"},"headline":"Elon Musk tuitea en apoyo a los camioneros canadienses","datePublished":"2022-01-29T12:06:50+00:00","dateModified":"2022-01-29T12:06:52+00:00","mainEntityOfPage":{"@id":"https:\/\/informatepy.com\/2021\/2022\/01\/29\/elon-musk-tuitea-en-apoyo-a-los-camioneros-canadienses\/"},"wordCount":77,"commentCount":0,"publisher":{"@id":"https:\/\/informatepy.com\/2021\/#\/schema\/person\/edd302c981d6ba4596191719d1025a8a"},"image":{"@id":"https:\/\/informatepy.com\/2021\/2022\/01\/29\/elon-musk-tuitea-en-apoyo-a-los-camioneros-canadienses\/#primaryimage"},"thumbnailUrl":"https:\/\/i0.wp.com\/informatepy.com\/2021\/wp-content\/uploads\/2021\/01\/elon-musk.jpg?fit=1200%2C630&ssl=1","keywords":["canada","elon musk"],"articleSection":["Mundo"],"inLanguage":"es","potentialAction":[{"@type":"CommentAction","name":"Comment","target":["https:\/\/informatepy.com\/2021\/2022\/01\/29\/elon-musk-tuitea-en-apoyo-a-los-camioneros-canadienses\/#respond"]}]},{"@type":"WebPage","@id":"https:\/\/informatepy.com\/2021\/2022\/01\/29\/elon-musk-tuitea-en-apoyo-a-los-camioneros-canadienses\/","url":"https:\/\/informatepy.com\/2021\/2022\/01\/29\/elon-musk-tuitea-en-apoyo-a-los-camioneros-canadienses\/","name":"Elon Musk tuitea en apoyo a los camioneros canadienses - Informatepy","isPartOf":{"@id":"https:\/\/informatepy.com\/2021\/#website"},"primaryImageOfPage":{"@id":"https:\/\/informatepy.com\/2021\/2022\/01\/29\/elon-musk-tuitea-en-apoyo-a-los-camioneros-canadienses\/#primaryimage"},"image":{"@id":"https:\/\/informatepy.com\/2021\/2022\/01\/29\/elon-musk-tuitea-en-apoyo-a-los-camioneros-canadienses\/#primaryimage"},"thumbnailUrl":"https:\/\/i0.wp.com\/informatepy.com\/2021\/wp-content\/uploads\/2021\/01\/elon-musk.jpg?fit=1200%2C630&ssl=1","datePublished":"2022-01-29T12:06:50+00:00","dateModified":"2022-01-29T12:06:52+00:00","breadcrumb":{"@id":"https:\/\/informatepy.com\/2021\/2022\/01\/29\/elon-musk-tuitea-en-apoyo-a-los-camioneros-canadienses\/#breadcrumb"},"inLanguage":"es","potentialAction":[{"@type":"ReadAction","target":["https:\/\/informatepy.com\/2021\/2022\/01\/29\/elon-musk-tuitea-en-apoyo-a-los-camioneros-canadienses\/"]}]},{"@type":"ImageObject","inLanguage":"es","@id":"https:\/\/informatepy.com\/2021\/2022\/01\/29\/elon-musk-tuitea-en-apoyo-a-los-camioneros-canadienses\/#primaryimage","url":"https:\/\/i0.wp.com\/informatepy.com\/2021\/wp-content\/uploads\/2021\/01\/elon-musk.jpg?fit=1200%2C630&ssl=1","contentUrl":"https:\/\/i0.wp.com\/informatepy.com\/2021\/wp-content\/uploads\/2021\/01\/elon-musk.jpg?fit=1200%2C630&ssl=1","width":1200,"height":630},{"@type":"BreadcrumbList","@id":"https:\/\/informatepy.com\/2021\/2022\/01\/29\/elon-musk-tuitea-en-apoyo-a-los-camioneros-canadienses\/#breadcrumb","itemListElement":[{"@type":"ListItem","position":1,"name":"Portada","item":"https:\/\/informatepy.com\/2021\/"},{"@type":"ListItem","position":2,"name":"Elon Musk tuitea en apoyo a los camioneros canadienses"}]},{"@type":"WebSite","@id":"https:\/\/informatepy.com\/2021\/#website","url":"https:\/\/informatepy.com\/2021\/","name":"Informatepy","description":"La verdad, siempre!","publisher":{"@id":"https:\/\/informatepy.com\/2021\/#\/schema\/person\/edd302c981d6ba4596191719d1025a8a"},"potentialAction":[{"@type":"SearchAction","target":{"@type":"EntryPoint","urlTemplate":"https:\/\/informatepy.com\/2021\/?s={search_term_string}"},"query-input":{"@type":"PropertyValueSpecification","valueRequired":true,"valueName":"search_term_string"}}],"inLanguage":"es"},{"@type":["Person","Organization"],"@id":"https:\/\/informatepy.com\/2021\/#\/schema\/person\/edd302c981d6ba4596191719d1025a8a","name":"admin","image":{"@type":"ImageObject","inLanguage":"es","@id":"https:\/\/secure.gravatar.com\/avatar\/5310f602b6cbcfb86e030c4ccdbb78f6565a3b9bab6a74ab80fd3cb5428b65af?s=96&d=mm&r=g","url":"https:\/\/secure.gravatar.com\/avatar\/5310f602b6cbcfb86e030c4ccdbb78f6565a3b9bab6a74ab80fd3cb5428b65af?s=96&d=mm&r=g","contentUrl":"https:\/\/secure.gravatar.com\/avatar\/5310f602b6cbcfb86e030c4ccdbb78f6565a3b9bab6a74ab80fd3cb5428b65af?s=96&d=mm&r=g","caption":"admin"},"logo":{"@id":"https:\/\/secure.gravatar.com\/avatar\/5310f602b6cbcfb86e030c4ccdbb78f6565a3b9bab6a74ab80fd3cb5428b65af?s=96&d=mm&r=g"},"sameAs":["http:\/\/informatepy.com\/2021"]},{"@type":"Person","@id":"https:\/\/informatepy.com\/2021\/#\/schema\/person\/0c842f525f84ea74ef3b44370d11757b","name":"Redacci\u00f3n","image":{"@type":"ImageObject","inLanguage":"es","@id":"https:\/\/i0.wp.com\/informatepy.com\/2021\/wp-content\/uploads\/2021\/02\/informate-circulo.png?fit=96%2C96&ssl=1","url":"https:\/\/i0.wp.com\/informatepy.com\/2021\/wp-content\/uploads\/2021\/02\/informate-circulo.png?fit=96%2C96&ssl=1","contentUrl":"https:\/\/i0.wp.com\/informatepy.com\/2021\/wp-content\/uploads\/2021\/02\/informate-circulo.png?fit=96%2C96&ssl=1","caption":"Redacci\u00f3n"},"sameAs":["https:\/\/www.facebook.com\/InformatePyCom","https:\/\/x.com\/https:\/\/twitter.com\/InformatePy1"],"url":"https:\/\/informatepy.com\/2021\/author\/redaccion\/"}]}},"jetpack_featured_media_url":"https:\/\/i0.wp.com\/informatepy.com\/2021\/wp-content\/uploads\/2021\/01\/elon-musk.jpg?fit=1200%2C630&ssl=1","jetpack_sharing_enabled":true,"jetpack_likes_enabled":true,"jetpack-related-posts":[{"id":10344,"url":"https:\/\/informatepy.com\/2021\/2022\/02\/27\/donald-trump-no-olvida-a-los-camioneros-canadienses\/","url_meta":{"origin":9817,"position":0},"title":"Donald Trump no olvida a los camioneros canadienses","date":"27 de febrero de 2022","format":false,"excerpt":"En el marco de la Conferencia de Acci\u00f3n Pol\u00edtica Conservadora (CPAC - por sus siglas en Ingl\u00e9s), el expresidente Donald Trump, record\u00f3 la falta de libertad y la brutal represi\u00f3n sufrida por los ciudadanos canadienses del \"Convoy por la Libertad\". En su discurso afirm\u00f3 que \u201cSi quieren luchar por las\u2026","rel":"","context":"En \u00abMundo\u00bb","img":{"alt_text":"","src":"https:\/\/i0.wp.com\/informatepy.com\/2021\/wp-content\/uploads\/2022\/02\/trump-cpac-2022.jpg?fit=1024%2C682&ssl=1&resize=350%2C200","width":350,"height":200},"classes":[]},{"id":9979,"url":"https:\/\/informatepy.com\/2021\/2022\/02\/05\/gofundme-suspende-por-segunda-vez-la-campana-de-recaudacion-en-apoyo-a-los-camioneros-canadienses-tras-acumularse-mas-de-10-millones-de-dolares\/","url_meta":{"origin":9817,"position":1},"title":"GoFundMe suspende por segunda vez la campa\u00f1a de recaudaci\u00f3n en apoyo a los camioneros canadienses tras acumularse m\u00e1s de 10 millones de d\u00f3lares","date":"5 de febrero de 2022","format":false,"excerpt":"Se trata de la segunda vez que el servicio pone en pausa la iniciativa para comprobar c\u00f3mo se distribuir\u00e1n los fondos recaudados.","rel":"","context":"En \u00abCiencia y Tecnolog\u00eda\u00bb","img":{"alt_text":"","src":"https:\/\/i0.wp.com\/informatepy.com\/2021\/wp-content\/uploads\/2022\/02\/gofundme.png?fit=712%2C400&ssl=1&resize=350%2C200","width":350,"height":200},"classes":[]},{"id":9611,"url":"https:\/\/informatepy.com\/2021\/2022\/01\/22\/convoy-por-la-libertad-camioneros-canadienses-bloquearan-carreteras-en-oposicion-a-los-mandatos-de-vacunas\/","url_meta":{"origin":9817,"position":2},"title":"&#8216;Convoy por la libertad&#8217;: Camioneros canadienses bloquear\u00e1n carreteras en oposici\u00f3n a los mandatos de vacunas","date":"22 de enero de 2022","format":false,"excerpt":"Una coalici\u00f3n de camioneros canadienses se est\u00e1 preparando para conducir por todo el pa\u00eds para protestar por el mandato federal de vacunaci\u00f3n en la capital de Canad\u00e1. Tres convoyes separados de camioneros\u00a0viajar\u00e1n a lo largo\u00a0de rutas que comienzan desde la Columbia Brit\u00e1nica en el oeste, Newfoundland en el este y\u2026","rel":"","context":"En \u00abMundo\u00bb","img":{"alt_text":"","src":"https:\/\/i0.wp.com\/informatepy.com\/2021\/wp-content\/uploads\/2022\/01\/camioneros-canadienses-1.jpg?fit=800%2C417&ssl=1&resize=350%2C200","width":350,"height":200},"classes":[]},{"id":9810,"url":"https:\/\/informatepy.com\/2021\/2022\/01\/28\/facebook-elimino-el-grupo-del-convoy-de-camioneros-canadienses-y-gofundme-retiene-los-fondos-recolectados-en-apoyo-de-la-protesta\/","url_meta":{"origin":9817,"position":3},"title":"Facebook elimin\u00f3 el grupo del convoy de camioneros canadienses y GoFundMe retiene los fondos recolectados en apoyo de la protesta","date":"28 de enero de 2022","format":false,"excerpt":"Los organizadores de la protesta en Canad\u00e1 contras los mandatos de vacunaci\u00f3n ordenados por el gobierno de Justin Trudeau, denunciaron que el grupo de Facebook, \"Canada Truckers For Freedom\", donde actualizaban la informaci\u00f3n de la marcha ha sido eliminado por la red social. El grupo, al momento de ser eliminado,\u2026","rel":"","context":"En \u00abMundo\u00bb","img":{"alt_text":"","src":"https:\/\/i0.wp.com\/informatepy.com\/2021\/wp-content\/uploads\/2022\/01\/fuck-trudeau.jpg?fit=700%2C394&ssl=1&resize=350%2C200","width":350,"height":200},"classes":[]},{"id":10001,"url":"https:\/\/informatepy.com\/2021\/2022\/02\/06\/ffaa-canadienses-se-niegan-a-reprimir-a-los-camioneros-mientras-trudeau-sigue-refugiado\/","url_meta":{"origin":9817,"position":4},"title":"FFAA canadienses se niegan a reprimir a los camioneros mientras Trudeau sigue refugiado","date":"6 de febrero de 2022","format":false,"excerpt":"A pesar de que la polic\u00eda de Ottawa, Canad\u00e1, plante\u00f3 la posibilidad de una \u201cintervenci\u00f3n militar\u201d para despejar la dura resistencia de los camioneros que bloquean su centro, las Fuerzas Armadas canadienses comunicaron que no participar\u00e1n de la represi\u00f3n. Un portavoz del Ministro de Defensa le dijo al Wall Street\u2026","rel":"","context":"En \u00abMundo\u00bb","img":{"alt_text":"","src":"https:\/\/i0.wp.com\/informatepy.com\/2021\/wp-content\/uploads\/2022\/02\/parlamento-canadiense.jpg?fit=700%2C394&ssl=1&resize=350%2C200","width":350,"height":200},"classes":[]},{"id":9960,"url":"https:\/\/informatepy.com\/2021\/2022\/02\/06\/tablero-mundial-rebelion-contra-la-tirania-sanitario-progresista-de-trudeau\/","url_meta":{"origin":9817,"position":5},"title":"TABLERO MUNDIAL:  Rebeli\u00f3n contra la tiran\u00eda sanitario-progresista de Trudeau","date":"6 de febrero de 2022","format":false,"excerpt":"Con el surgimiento del brote viral del corona virus en la ciudad china de Wuhan y m\u00e1s tarde, como consecuencia de la negligencia o encubrimiento intencional a la tiran\u00eda comunista de Xi Jinping por parte de la Organizaci\u00f3n Mundial de la Salud, este brote se convirti\u00f3 en pandemia. Pandemia, que\u2026","rel":"","context":"En \u00abAnalisis\u00bb","img":{"alt_text":"","src":"https:\/\/i0.wp.com\/informatepy.com\/2021\/wp-content\/uploads\/2021\/11\/nahem.png?fit=1200%2C657&ssl=1&resize=350%2C200","width":350,"height":200},"classes":[]}],"authors":[{"term_id":1051,"user_id":4,"is_guest":0,"slug":"redaccion","display_name":"Redacci\u00f3n","avatar_url":"https:\/\/i0.wp.com\/informatepy.com\/2021\/wp-content\/uploads\/2021\/02\/informate-circulo.png?fit=96%2C96&ssl=1","first_name":"Redacci\u00f3n","last_name":"","user_url":"","description":""}],"amp_enabled":true,"_links":{"self":[{"href":"https:\/\/informatepy.com\/2021\/wp-json\/wp\/v2\/posts\/9817","targetHints":{"allow":["GET"]}}],"collection":[{"href":"https:\/\/informatepy.com\/2021\/wp-json\/wp\/v2\/posts"}],"about":[{"href":"https:\/\/informatepy.com\/2021\/wp-json\/wp\/v2\/types\/post"}],"author":[{"embeddable":true,"href":"https:\/\/informatepy.com\/2021\/wp-json\/wp\/v2\/users\/4"}],"replies":[{"embeddable":true,"href":"https:\/\/informatepy.com\/2021\/wp-json\/wp\/v2\/comments?post=9817"}],"version-history":[{"count":1,"href":"https:\/\/informatepy.com\/2021\/wp-json\/wp\/v2\/posts\/9817\/revisions"}],"predecessor-version":[{"id":9818,"href":"https:\/\/informatepy.com\/2021\/wp-json\/wp\/v2\/posts\/9817\/revisions\/9818"}],"wp:featuredmedia":[{"embeddable":true,"href":"https:\/\/informatepy.com\/2021\/wp-json\/wp\/v2\/media\/2476"}],"wp:attachment":[{"href":"https:\/\/informatepy.com\/2021\/wp-json\/wp\/v2\/media?parent=9817"}],"wp:term":[{"taxonomy":"category","embeddable":true,"href":"https:\/\/informatepy.com\/2021\/wp-json\/wp\/v2\/categories?post=9817"},{"taxonomy":"post_tag","embeddable":true,"href":"https:\/\/informatepy.com\/2021\/wp-json\/wp\/v2\/tags?post=9817"},{"taxonomy":"author","embeddable":true,"href":"https:\/\/informatepy.com\/2021\/wp-json\/wp\/v2\/ppma_author?post=9817"}],"curies":[{"name":"wp","href":"https:\/\/api.w.org\/{rel}","templated":true}]}}