{"id":9810,"date":"2022-01-28T14:44:30","date_gmt":"2022-01-28T17:44:30","guid":{"rendered":"https:\/\/informatepy.com\/2021\/?p=9810"},"modified":"2022-01-28T14:44:32","modified_gmt":"2022-01-28T17:44:32","slug":"facebook-elimino-el-grupo-del-convoy-de-camioneros-canadienses-y-gofundme-retiene-los-fondos-recolectados-en-apoyo-de-la-protesta","status":"publish","type":"post","link":"https:\/\/informatepy.com\/2021\/2022\/01\/28\/facebook-elimino-el-grupo-del-convoy-de-camioneros-canadienses-y-gofundme-retiene-los-fondos-recolectados-en-apoyo-de-la-protesta\/","title":{"rendered":"Facebook elimin\u00f3 el grupo del convoy de camioneros canadienses y GoFundMe retiene los fondos recolectados en apoyo de la protesta"},"content":{"rendered":"\n<p class=\"has-text-align-justify\">Los organizadores de la protesta en Canad\u00e1 contras los mandatos de vacunaci\u00f3n ordenados por el gobierno de Justin Trudeau, denunciaron que el grupo de Facebook, <em><strong>\u00abCanada Truckers For Freedom\u00bb<\/strong><\/em>, donde actualizaban la informaci\u00f3n de la marcha ha sido eliminado por la red social.<\/p>\n\n\n\n<p>El grupo, al momento de ser eliminado, contaba con 600.000 seguidores.<\/p>\n\n\n\n<p class=\"has-text-align-justify\">Del mismo modo, la plataforma donde se recib\u00edan las donaciones para financiar la protesta (Combustible, alojamiento y comida), GoFundMe, confirm\u00f3 que est\u00e1 reteniendo los fondos recaudados, alrededor de 5 millones de d\u00f3lares.<\/p>\n\n\n\n<p class=\"has-text-align-justify\">Seg\u00fan la plataforma, los organizadores deber\u00e1n presentarle a GoFundMe <strong><em>\u00abun plan claro sobre c\u00f3mo se gastar\u00e1n los fondos\u00bb<\/em><\/strong>.<\/p>\n","protected":false},"excerpt":{"rendered":"<p>Los organizadores de la protesta en Canad\u00e1 contras los mandatos de vacunaci\u00f3n ordenados por el gobierno de Justin Trudeau, denunciaron que el grupo de Facebook, \u00abCanada Truckers For Freedom\u00bb, donde actualizaban la informaci\u00f3n de la marcha ha sido eliminado por la red social. El grupo, al momento de ser eliminado, contaba con 600.000 seguidores. Del [&hellip;]<\/p>\n","protected":false},"author":4,"featured_media":9811,"comment_status":"open","ping_status":"open","sticky":false,"template":"","format":"standard","meta":{"_monsterinsights_skip_tracking":false,"_monsterinsights_sitenote_active":false,"_monsterinsights_sitenote_note":"","_monsterinsights_sitenote_category":0,"footnotes":"","jetpack_publicize_message":"","jetpack_is_tweetstorm":false,"jetpack_publicize_feature_enabled":true},"categories":[173],"tags":[1391,1036,367,1668,199],"ppma_author":[1051],"class_list":["post-9810","post","type-post","status-publish","format-standard","has-post-thumbnail","hentry","category-mundo","tag-canada","tag-destacada","tag-facebook","tag-gofundme","tag-redes-sociales"],"jetpack_publicize_connections":[],"yoast_head":"<!-- This site is optimized with the Yoast SEO plugin v27.5 - https:\/\/yoast.com\/product\/yoast-seo-wordpress\/ -->\n<title>Facebook elimin\u00f3 el grupo del convoy de camioneros canadienses y GoFundMe retiene los fondos recolectados en apoyo de la protesta - Informatepy<\/title>\n<meta name=\"robots\" content=\"index, follow, max-snippet:-1, max-image-preview:large, max-video-preview:-1\" \/>\n<link rel=\"canonical\" href=\"https:\/\/informatepy.com\/2021\/2022\/01\/28\/facebook-elimino-el-grupo-del-convoy-de-camioneros-canadienses-y-gofundme-retiene-los-fondos-recolectados-en-apoyo-de-la-protesta\/\" \/>\n<meta property=\"og:locale\" content=\"es_ES\" \/>\n<meta property=\"og:type\" content=\"article\" \/>\n<meta property=\"og:title\" content=\"Facebook elimin\u00f3 el grupo del convoy de camioneros canadienses y GoFundMe retiene los fondos recolectados en apoyo de la protesta - Informatepy\" \/>\n<meta property=\"og:description\" content=\"Los organizadores de la protesta en Canad\u00e1 contras los mandatos de vacunaci\u00f3n ordenados por el gobierno de Justin Trudeau, denunciaron que el grupo de Facebook, \u00abCanada Truckers For Freedom\u00bb, donde actualizaban la informaci\u00f3n de la marcha ha sido eliminado por la red social. El grupo, al momento de ser eliminado, contaba con 600.000 seguidores. Del [&hellip;]\" \/>\n<meta property=\"og:url\" content=\"https:\/\/informatepy.com\/2021\/2022\/01\/28\/facebook-elimino-el-grupo-del-convoy-de-camioneros-canadienses-y-gofundme-retiene-los-fondos-recolectados-en-apoyo-de-la-protesta\/\" \/>\n<meta property=\"og:site_name\" content=\"Informatepy\" \/>\n<meta property=\"article:author\" content=\"https:\/\/www.facebook.com\/InformatePyCom\" \/>\n<meta property=\"article:published_time\" content=\"2022-01-28T17:44:30+00:00\" \/>\n<meta property=\"article:modified_time\" content=\"2022-01-28T17:44:32+00:00\" \/>\n<meta property=\"og:image\" content=\"https:\/\/informatepy.com\/2021\/wp-content\/uploads\/2022\/01\/fuck-trudeau.jpg\" \/>\n\t<meta property=\"og:image:width\" content=\"700\" \/>\n\t<meta property=\"og:image:height\" content=\"394\" \/>\n\t<meta property=\"og:image:type\" content=\"image\/jpeg\" \/>\n<meta name=\"author\" content=\"Redacci\u00f3n\" \/>\n<meta name=\"twitter:card\" content=\"summary_large_image\" \/>\n<meta name=\"twitter:creator\" content=\"@https:\/\/twitter.com\/InformatePy1\" \/>\n<meta name=\"twitter:label1\" content=\"Escrito por\" \/>\n\t<meta name=\"twitter:data1\" content=\"Redacci\u00f3n\" \/>\n\t<meta name=\"twitter:label2\" content=\"Tiempo de lectura\" \/>\n\t<meta name=\"twitter:data2\" content=\"1 minuto\" \/>\n<script type=\"application\/ld+json\" class=\"yoast-schema-graph\">{\"@context\":\"https:\\\/\\\/schema.org\",\"@graph\":[{\"@type\":\"Article\",\"@id\":\"https:\\\/\\\/informatepy.com\\\/2021\\\/2022\\\/01\\\/28\\\/facebook-elimino-el-grupo-del-convoy-de-camioneros-canadienses-y-gofundme-retiene-los-fondos-recolectados-en-apoyo-de-la-protesta\\\/#article\",\"isPartOf\":{\"@id\":\"https:\\\/\\\/informatepy.com\\\/2021\\\/2022\\\/01\\\/28\\\/facebook-elimino-el-grupo-del-convoy-de-camioneros-canadienses-y-gofundme-retiene-los-fondos-recolectados-en-apoyo-de-la-protesta\\\/\"},\"author\":{\"name\":\"Redacci\u00f3n\",\"@id\":\"https:\\\/\\\/informatepy.com\\\/2021\\\/#\\\/schema\\\/person\\\/0c842f525f84ea74ef3b44370d11757b\"},\"headline\":\"Facebook elimin\u00f3 el grupo del convoy de camioneros canadienses y GoFundMe retiene los fondos recolectados en apoyo de la protesta\",\"datePublished\":\"2022-01-28T17:44:30+00:00\",\"dateModified\":\"2022-01-28T17:44:32+00:00\",\"mainEntityOfPage\":{\"@id\":\"https:\\\/\\\/informatepy.com\\\/2021\\\/2022\\\/01\\\/28\\\/facebook-elimino-el-grupo-del-convoy-de-camioneros-canadienses-y-gofundme-retiene-los-fondos-recolectados-en-apoyo-de-la-protesta\\\/\"},\"wordCount\":130,\"commentCount\":0,\"publisher\":{\"@id\":\"https:\\\/\\\/informatepy.com\\\/2021\\\/#\\\/schema\\\/person\\\/edd302c981d6ba4596191719d1025a8a\"},\"image\":{\"@id\":\"https:\\\/\\\/informatepy.com\\\/2021\\\/2022\\\/01\\\/28\\\/facebook-elimino-el-grupo-del-convoy-de-camioneros-canadienses-y-gofundme-retiene-los-fondos-recolectados-en-apoyo-de-la-protesta\\\/#primaryimage\"},\"thumbnailUrl\":\"https:\\\/\\\/i0.wp.com\\\/informatepy.com\\\/2021\\\/wp-content\\\/uploads\\\/2022\\\/01\\\/fuck-trudeau.jpg?fit=700%2C394&ssl=1\",\"keywords\":[\"canada\",\"destacada\",\"facebook\",\"gofundme\",\"redes sociales\"],\"articleSection\":[\"Mundo\"],\"inLanguage\":\"es\",\"potentialAction\":[{\"@type\":\"CommentAction\",\"name\":\"Comment\",\"target\":[\"https:\\\/\\\/informatepy.com\\\/2021\\\/2022\\\/01\\\/28\\\/facebook-elimino-el-grupo-del-convoy-de-camioneros-canadienses-y-gofundme-retiene-los-fondos-recolectados-en-apoyo-de-la-protesta\\\/#respond\"]}]},{\"@type\":\"WebPage\",\"@id\":\"https:\\\/\\\/informatepy.com\\\/2021\\\/2022\\\/01\\\/28\\\/facebook-elimino-el-grupo-del-convoy-de-camioneros-canadienses-y-gofundme-retiene-los-fondos-recolectados-en-apoyo-de-la-protesta\\\/\",\"url\":\"https:\\\/\\\/informatepy.com\\\/2021\\\/2022\\\/01\\\/28\\\/facebook-elimino-el-grupo-del-convoy-de-camioneros-canadienses-y-gofundme-retiene-los-fondos-recolectados-en-apoyo-de-la-protesta\\\/\",\"name\":\"Facebook elimin\u00f3 el grupo del convoy de camioneros canadienses y GoFundMe retiene los fondos recolectados en apoyo de la protesta - Informatepy\",\"isPartOf\":{\"@id\":\"https:\\\/\\\/informatepy.com\\\/2021\\\/#website\"},\"primaryImageOfPage\":{\"@id\":\"https:\\\/\\\/informatepy.com\\\/2021\\\/2022\\\/01\\\/28\\\/facebook-elimino-el-grupo-del-convoy-de-camioneros-canadienses-y-gofundme-retiene-los-fondos-recolectados-en-apoyo-de-la-protesta\\\/#primaryimage\"},\"image\":{\"@id\":\"https:\\\/\\\/informatepy.com\\\/2021\\\/2022\\\/01\\\/28\\\/facebook-elimino-el-grupo-del-convoy-de-camioneros-canadienses-y-gofundme-retiene-los-fondos-recolectados-en-apoyo-de-la-protesta\\\/#primaryimage\"},\"thumbnailUrl\":\"https:\\\/\\\/i0.wp.com\\\/informatepy.com\\\/2021\\\/wp-content\\\/uploads\\\/2022\\\/01\\\/fuck-trudeau.jpg?fit=700%2C394&ssl=1\",\"datePublished\":\"2022-01-28T17:44:30+00:00\",\"dateModified\":\"2022-01-28T17:44:32+00:00\",\"breadcrumb\":{\"@id\":\"https:\\\/\\\/informatepy.com\\\/2021\\\/2022\\\/01\\\/28\\\/facebook-elimino-el-grupo-del-convoy-de-camioneros-canadienses-y-gofundme-retiene-los-fondos-recolectados-en-apoyo-de-la-protesta\\\/#breadcrumb\"},\"inLanguage\":\"es\",\"potentialAction\":[{\"@type\":\"ReadAction\",\"target\":[\"https:\\\/\\\/informatepy.com\\\/2021\\\/2022\\\/01\\\/28\\\/facebook-elimino-el-grupo-del-convoy-de-camioneros-canadienses-y-gofundme-retiene-los-fondos-recolectados-en-apoyo-de-la-protesta\\\/\"]}]},{\"@type\":\"ImageObject\",\"inLanguage\":\"es\",\"@id\":\"https:\\\/\\\/informatepy.com\\\/2021\\\/2022\\\/01\\\/28\\\/facebook-elimino-el-grupo-del-convoy-de-camioneros-canadienses-y-gofundme-retiene-los-fondos-recolectados-en-apoyo-de-la-protesta\\\/#primaryimage\",\"url\":\"https:\\\/\\\/i0.wp.com\\\/informatepy.com\\\/2021\\\/wp-content\\\/uploads\\\/2022\\\/01\\\/fuck-trudeau.jpg?fit=700%2C394&ssl=1\",\"contentUrl\":\"https:\\\/\\\/i0.wp.com\\\/informatepy.com\\\/2021\\\/wp-content\\\/uploads\\\/2022\\\/01\\\/fuck-trudeau.jpg?fit=700%2C394&ssl=1\",\"width\":700,\"height\":394},{\"@type\":\"BreadcrumbList\",\"@id\":\"https:\\\/\\\/informatepy.com\\\/2021\\\/2022\\\/01\\\/28\\\/facebook-elimino-el-grupo-del-convoy-de-camioneros-canadienses-y-gofundme-retiene-los-fondos-recolectados-en-apoyo-de-la-protesta\\\/#breadcrumb\",\"itemListElement\":[{\"@type\":\"ListItem\",\"position\":1,\"name\":\"Portada\",\"item\":\"https:\\\/\\\/informatepy.com\\\/2021\\\/\"},{\"@type\":\"ListItem\",\"position\":2,\"name\":\"Facebook elimin\u00f3 el grupo del convoy de camioneros canadienses y GoFundMe retiene los fondos recolectados en apoyo de la protesta\"}]},{\"@type\":\"WebSite\",\"@id\":\"https:\\\/\\\/informatepy.com\\\/2021\\\/#website\",\"url\":\"https:\\\/\\\/informatepy.com\\\/2021\\\/\",\"name\":\"Informatepy\",\"description\":\"La verdad, siempre!\",\"publisher\":{\"@id\":\"https:\\\/\\\/informatepy.com\\\/2021\\\/#\\\/schema\\\/person\\\/edd302c981d6ba4596191719d1025a8a\"},\"potentialAction\":[{\"@type\":\"SearchAction\",\"target\":{\"@type\":\"EntryPoint\",\"urlTemplate\":\"https:\\\/\\\/informatepy.com\\\/2021\\\/?s={search_term_string}\"},\"query-input\":{\"@type\":\"PropertyValueSpecification\",\"valueRequired\":true,\"valueName\":\"search_term_string\"}}],\"inLanguage\":\"es\"},{\"@type\":[\"Person\",\"Organization\"],\"@id\":\"https:\\\/\\\/informatepy.com\\\/2021\\\/#\\\/schema\\\/person\\\/edd302c981d6ba4596191719d1025a8a\",\"name\":\"admin\",\"image\":{\"@type\":\"ImageObject\",\"inLanguage\":\"es\",\"@id\":\"https:\\\/\\\/secure.gravatar.com\\\/avatar\\\/5310f602b6cbcfb86e030c4ccdbb78f6565a3b9bab6a74ab80fd3cb5428b65af?s=96&d=mm&r=g\",\"url\":\"https:\\\/\\\/secure.gravatar.com\\\/avatar\\\/5310f602b6cbcfb86e030c4ccdbb78f6565a3b9bab6a74ab80fd3cb5428b65af?s=96&d=mm&r=g\",\"contentUrl\":\"https:\\\/\\\/secure.gravatar.com\\\/avatar\\\/5310f602b6cbcfb86e030c4ccdbb78f6565a3b9bab6a74ab80fd3cb5428b65af?s=96&d=mm&r=g\",\"caption\":\"admin\"},\"logo\":{\"@id\":\"https:\\\/\\\/secure.gravatar.com\\\/avatar\\\/5310f602b6cbcfb86e030c4ccdbb78f6565a3b9bab6a74ab80fd3cb5428b65af?s=96&d=mm&r=g\"},\"sameAs\":[\"http:\\\/\\\/informatepy.com\\\/2021\"]},{\"@type\":\"Person\",\"@id\":\"https:\\\/\\\/informatepy.com\\\/2021\\\/#\\\/schema\\\/person\\\/0c842f525f84ea74ef3b44370d11757b\",\"name\":\"Redacci\u00f3n\",\"image\":{\"@type\":\"ImageObject\",\"inLanguage\":\"es\",\"@id\":\"https:\\\/\\\/i0.wp.com\\\/informatepy.com\\\/2021\\\/wp-content\\\/uploads\\\/2021\\\/02\\\/informate-circulo.png?fit=96%2C96&ssl=1\",\"url\":\"https:\\\/\\\/i0.wp.com\\\/informatepy.com\\\/2021\\\/wp-content\\\/uploads\\\/2021\\\/02\\\/informate-circulo.png?fit=96%2C96&ssl=1\",\"contentUrl\":\"https:\\\/\\\/i0.wp.com\\\/informatepy.com\\\/2021\\\/wp-content\\\/uploads\\\/2021\\\/02\\\/informate-circulo.png?fit=96%2C96&ssl=1\",\"caption\":\"Redacci\u00f3n\"},\"sameAs\":[\"https:\\\/\\\/www.facebook.com\\\/InformatePyCom\",\"https:\\\/\\\/x.com\\\/https:\\\/\\\/twitter.com\\\/InformatePy1\"],\"url\":\"https:\\\/\\\/informatepy.com\\\/2021\\\/author\\\/redaccion\\\/\"}]}<\/script>\n<!-- \/ Yoast SEO plugin. -->","yoast_head_json":{"title":"Facebook elimin\u00f3 el grupo del convoy de camioneros canadienses y GoFundMe retiene los fondos recolectados en apoyo de la protesta - Informatepy","robots":{"index":"index","follow":"follow","max-snippet":"max-snippet:-1","max-image-preview":"max-image-preview:large","max-video-preview":"max-video-preview:-1"},"canonical":"https:\/\/informatepy.com\/2021\/2022\/01\/28\/facebook-elimino-el-grupo-del-convoy-de-camioneros-canadienses-y-gofundme-retiene-los-fondos-recolectados-en-apoyo-de-la-protesta\/","og_locale":"es_ES","og_type":"article","og_title":"Facebook elimin\u00f3 el grupo del convoy de camioneros canadienses y GoFundMe retiene los fondos recolectados en apoyo de la protesta - Informatepy","og_description":"Los organizadores de la protesta en Canad\u00e1 contras los mandatos de vacunaci\u00f3n ordenados por el gobierno de Justin Trudeau, denunciaron que el grupo de Facebook, \u00abCanada Truckers For Freedom\u00bb, donde actualizaban la informaci\u00f3n de la marcha ha sido eliminado por la red social. El grupo, al momento de ser eliminado, contaba con 600.000 seguidores. Del [&hellip;]","og_url":"https:\/\/informatepy.com\/2021\/2022\/01\/28\/facebook-elimino-el-grupo-del-convoy-de-camioneros-canadienses-y-gofundme-retiene-los-fondos-recolectados-en-apoyo-de-la-protesta\/","og_site_name":"Informatepy","article_author":"https:\/\/www.facebook.com\/InformatePyCom","article_published_time":"2022-01-28T17:44:30+00:00","article_modified_time":"2022-01-28T17:44:32+00:00","og_image":[{"width":700,"height":394,"url":"https:\/\/informatepy.com\/2021\/wp-content\/uploads\/2022\/01\/fuck-trudeau.jpg","type":"image\/jpeg"}],"author":"Redacci\u00f3n","twitter_card":"summary_large_image","twitter_creator":"@https:\/\/twitter.com\/InformatePy1","twitter_misc":{"Escrito por":"Redacci\u00f3n","Tiempo de lectura":"1 minuto"},"schema":{"@context":"https:\/\/schema.org","@graph":[{"@type":"Article","@id":"https:\/\/informatepy.com\/2021\/2022\/01\/28\/facebook-elimino-el-grupo-del-convoy-de-camioneros-canadienses-y-gofundme-retiene-los-fondos-recolectados-en-apoyo-de-la-protesta\/#article","isPartOf":{"@id":"https:\/\/informatepy.com\/2021\/2022\/01\/28\/facebook-elimino-el-grupo-del-convoy-de-camioneros-canadienses-y-gofundme-retiene-los-fondos-recolectados-en-apoyo-de-la-protesta\/"},"author":{"name":"Redacci\u00f3n","@id":"https:\/\/informatepy.com\/2021\/#\/schema\/person\/0c842f525f84ea74ef3b44370d11757b"},"headline":"Facebook elimin\u00f3 el grupo del convoy de camioneros canadienses y GoFundMe retiene los fondos recolectados en apoyo de la protesta","datePublished":"2022-01-28T17:44:30+00:00","dateModified":"2022-01-28T17:44:32+00:00","mainEntityOfPage":{"@id":"https:\/\/informatepy.com\/2021\/2022\/01\/28\/facebook-elimino-el-grupo-del-convoy-de-camioneros-canadienses-y-gofundme-retiene-los-fondos-recolectados-en-apoyo-de-la-protesta\/"},"wordCount":130,"commentCount":0,"publisher":{"@id":"https:\/\/informatepy.com\/2021\/#\/schema\/person\/edd302c981d6ba4596191719d1025a8a"},"image":{"@id":"https:\/\/informatepy.com\/2021\/2022\/01\/28\/facebook-elimino-el-grupo-del-convoy-de-camioneros-canadienses-y-gofundme-retiene-los-fondos-recolectados-en-apoyo-de-la-protesta\/#primaryimage"},"thumbnailUrl":"https:\/\/i0.wp.com\/informatepy.com\/2021\/wp-content\/uploads\/2022\/01\/fuck-trudeau.jpg?fit=700%2C394&ssl=1","keywords":["canada","destacada","facebook","gofundme","redes sociales"],"articleSection":["Mundo"],"inLanguage":"es","potentialAction":[{"@type":"CommentAction","name":"Comment","target":["https:\/\/informatepy.com\/2021\/2022\/01\/28\/facebook-elimino-el-grupo-del-convoy-de-camioneros-canadienses-y-gofundme-retiene-los-fondos-recolectados-en-apoyo-de-la-protesta\/#respond"]}]},{"@type":"WebPage","@id":"https:\/\/informatepy.com\/2021\/2022\/01\/28\/facebook-elimino-el-grupo-del-convoy-de-camioneros-canadienses-y-gofundme-retiene-los-fondos-recolectados-en-apoyo-de-la-protesta\/","url":"https:\/\/informatepy.com\/2021\/2022\/01\/28\/facebook-elimino-el-grupo-del-convoy-de-camioneros-canadienses-y-gofundme-retiene-los-fondos-recolectados-en-apoyo-de-la-protesta\/","name":"Facebook elimin\u00f3 el grupo del convoy de camioneros canadienses y GoFundMe retiene los fondos recolectados en apoyo de la protesta - Informatepy","isPartOf":{"@id":"https:\/\/informatepy.com\/2021\/#website"},"primaryImageOfPage":{"@id":"https:\/\/informatepy.com\/2021\/2022\/01\/28\/facebook-elimino-el-grupo-del-convoy-de-camioneros-canadienses-y-gofundme-retiene-los-fondos-recolectados-en-apoyo-de-la-protesta\/#primaryimage"},"image":{"@id":"https:\/\/informatepy.com\/2021\/2022\/01\/28\/facebook-elimino-el-grupo-del-convoy-de-camioneros-canadienses-y-gofundme-retiene-los-fondos-recolectados-en-apoyo-de-la-protesta\/#primaryimage"},"thumbnailUrl":"https:\/\/i0.wp.com\/informatepy.com\/2021\/wp-content\/uploads\/2022\/01\/fuck-trudeau.jpg?fit=700%2C394&ssl=1","datePublished":"2022-01-28T17:44:30+00:00","dateModified":"2022-01-28T17:44:32+00:00","breadcrumb":{"@id":"https:\/\/informatepy.com\/2021\/2022\/01\/28\/facebook-elimino-el-grupo-del-convoy-de-camioneros-canadienses-y-gofundme-retiene-los-fondos-recolectados-en-apoyo-de-la-protesta\/#breadcrumb"},"inLanguage":"es","potentialAction":[{"@type":"ReadAction","target":["https:\/\/informatepy.com\/2021\/2022\/01\/28\/facebook-elimino-el-grupo-del-convoy-de-camioneros-canadienses-y-gofundme-retiene-los-fondos-recolectados-en-apoyo-de-la-protesta\/"]}]},{"@type":"ImageObject","inLanguage":"es","@id":"https:\/\/informatepy.com\/2021\/2022\/01\/28\/facebook-elimino-el-grupo-del-convoy-de-camioneros-canadienses-y-gofundme-retiene-los-fondos-recolectados-en-apoyo-de-la-protesta\/#primaryimage","url":"https:\/\/i0.wp.com\/informatepy.com\/2021\/wp-content\/uploads\/2022\/01\/fuck-trudeau.jpg?fit=700%2C394&ssl=1","contentUrl":"https:\/\/i0.wp.com\/informatepy.com\/2021\/wp-content\/uploads\/2022\/01\/fuck-trudeau.jpg?fit=700%2C394&ssl=1","width":700,"height":394},{"@type":"BreadcrumbList","@id":"https:\/\/informatepy.com\/2021\/2022\/01\/28\/facebook-elimino-el-grupo-del-convoy-de-camioneros-canadienses-y-gofundme-retiene-los-fondos-recolectados-en-apoyo-de-la-protesta\/#breadcrumb","itemListElement":[{"@type":"ListItem","position":1,"name":"Portada","item":"https:\/\/informatepy.com\/2021\/"},{"@type":"ListItem","position":2,"name":"Facebook elimin\u00f3 el grupo del convoy de camioneros canadienses y GoFundMe retiene los fondos recolectados en apoyo de la protesta"}]},{"@type":"WebSite","@id":"https:\/\/informatepy.com\/2021\/#website","url":"https:\/\/informatepy.com\/2021\/","name":"Informatepy","description":"La verdad, siempre!","publisher":{"@id":"https:\/\/informatepy.com\/2021\/#\/schema\/person\/edd302c981d6ba4596191719d1025a8a"},"potentialAction":[{"@type":"SearchAction","target":{"@type":"EntryPoint","urlTemplate":"https:\/\/informatepy.com\/2021\/?s={search_term_string}"},"query-input":{"@type":"PropertyValueSpecification","valueRequired":true,"valueName":"search_term_string"}}],"inLanguage":"es"},{"@type":["Person","Organization"],"@id":"https:\/\/informatepy.com\/2021\/#\/schema\/person\/edd302c981d6ba4596191719d1025a8a","name":"admin","image":{"@type":"ImageObject","inLanguage":"es","@id":"https:\/\/secure.gravatar.com\/avatar\/5310f602b6cbcfb86e030c4ccdbb78f6565a3b9bab6a74ab80fd3cb5428b65af?s=96&d=mm&r=g","url":"https:\/\/secure.gravatar.com\/avatar\/5310f602b6cbcfb86e030c4ccdbb78f6565a3b9bab6a74ab80fd3cb5428b65af?s=96&d=mm&r=g","contentUrl":"https:\/\/secure.gravatar.com\/avatar\/5310f602b6cbcfb86e030c4ccdbb78f6565a3b9bab6a74ab80fd3cb5428b65af?s=96&d=mm&r=g","caption":"admin"},"logo":{"@id":"https:\/\/secure.gravatar.com\/avatar\/5310f602b6cbcfb86e030c4ccdbb78f6565a3b9bab6a74ab80fd3cb5428b65af?s=96&d=mm&r=g"},"sameAs":["http:\/\/informatepy.com\/2021"]},{"@type":"Person","@id":"https:\/\/informatepy.com\/2021\/#\/schema\/person\/0c842f525f84ea74ef3b44370d11757b","name":"Redacci\u00f3n","image":{"@type":"ImageObject","inLanguage":"es","@id":"https:\/\/i0.wp.com\/informatepy.com\/2021\/wp-content\/uploads\/2021\/02\/informate-circulo.png?fit=96%2C96&ssl=1","url":"https:\/\/i0.wp.com\/informatepy.com\/2021\/wp-content\/uploads\/2021\/02\/informate-circulo.png?fit=96%2C96&ssl=1","contentUrl":"https:\/\/i0.wp.com\/informatepy.com\/2021\/wp-content\/uploads\/2021\/02\/informate-circulo.png?fit=96%2C96&ssl=1","caption":"Redacci\u00f3n"},"sameAs":["https:\/\/www.facebook.com\/InformatePyCom","https:\/\/x.com\/https:\/\/twitter.com\/InformatePy1"],"url":"https:\/\/informatepy.com\/2021\/author\/redaccion\/"}]}},"jetpack_featured_media_url":"https:\/\/i0.wp.com\/informatepy.com\/2021\/wp-content\/uploads\/2022\/01\/fuck-trudeau.jpg?fit=700%2C394&ssl=1","jetpack_sharing_enabled":true,"jetpack_likes_enabled":true,"jetpack-related-posts":[{"id":9979,"url":"https:\/\/informatepy.com\/2021\/2022\/02\/05\/gofundme-suspende-por-segunda-vez-la-campana-de-recaudacion-en-apoyo-a-los-camioneros-canadienses-tras-acumularse-mas-de-10-millones-de-dolares\/","url_meta":{"origin":9810,"position":0},"title":"GoFundMe suspende por segunda vez la campa\u00f1a de recaudaci\u00f3n en apoyo a los camioneros canadienses tras acumularse m\u00e1s de 10 millones de d\u00f3lares","date":"5 de febrero de 2022","format":false,"excerpt":"Se trata de la segunda vez que el servicio pone en pausa la iniciativa para comprobar c\u00f3mo se distribuir\u00e1n los fondos recaudados.","rel":"","context":"En \u00abCiencia y Tecnolog\u00eda\u00bb","img":{"alt_text":"","src":"https:\/\/i0.wp.com\/informatepy.com\/2021\/wp-content\/uploads\/2022\/02\/gofundme.png?fit=712%2C400&ssl=1&resize=350%2C200","width":350,"height":200},"classes":[]},{"id":10006,"url":"https:\/\/informatepy.com\/2021\/2022\/02\/07\/gofundme-considera-el-periodismo-una-conducta-prohibida\/","url_meta":{"origin":9810,"position":1},"title":"GoFundMe considera el periodismo como una \u00abConducta Prohibida\u00bb","date":"7 de febrero de 2022","format":false,"excerpt":"Una periodista canadiense que se encontraba cubriendo las multitudinarias manifestaciones contra el gobierno de Justin Trudeau en la ciudad canadiense de Ottawa, recibi\u00f3 un mensaje de cancelaci\u00f3n de la plataforma GoFundMe. A la periodista conocida en redes sociales con el nombre de usuario de @CarymaRules (Twitter), la plataforma le cancel\u00f3\u2026","rel":"","context":"En \u00abMundo\u00bb","img":{"alt_text":"","src":"https:\/\/i0.wp.com\/informatepy.com\/2021\/wp-content\/uploads\/2022\/02\/caryma-periodista.jpg?fit=1200%2C900&ssl=1&resize=350%2C200","width":350,"height":200},"classes":[]},{"id":10347,"url":"https:\/\/informatepy.com\/2021\/2022\/02\/28\/gofundme-quiso-robar-los-fondos-del-convoy-por-la-libertad\/","url_meta":{"origin":9810,"position":2},"title":"GoFundMe quiso robar los fondos del \u00abConvoy por la libertad\u00bb","date":"28 de febrero de 2022","format":false,"excerpt":"Luego de retener los casi 9 millones de d\u00f3lares recaudados por los organizadores del \"Convoy por la libertad\", la plataforma GoFundMe anunci\u00f3 que redirigir\u00eda esas donaciones a una serie de ONG\u00b4s, obviamente cercanas a su ideolog\u00eda, y no a sus verdaderos destinatarios, los camioneros canadienses. Jim Watson, Alcalde de Ottawa,\u00a0se\u2026","rel":"","context":"En \u00abCiencia y Tecnolog\u00eda\u00bb","img":{"alt_text":"","src":"https:\/\/i0.wp.com\/informatepy.com\/2021\/wp-content\/uploads\/2022\/02\/gofundme.png?fit=712%2C400&ssl=1&resize=350%2C200","width":350,"height":200},"classes":[]},{"id":3858,"url":"https:\/\/informatepy.com\/2021\/2021\/03\/07\/redes-sociales-un-hashtag-y-la-movilizacion-ciudadana-que-puso-en-apuros-a-mario-abdo\/","url_meta":{"origin":9810,"position":3},"title":"Redes sociales, un \u201chashtag\u201d y la movilizaci\u00f3n ciudadana que puso en apuros a Mario Abdo.","date":"7 de marzo de 2021","format":false,"excerpt":"Un amigo me dijo, Guachir\u00e9 estamos viviendo una nueva era en Paraguay, donde las redes sociales est\u00e1n logrando convocar movilizaciones ciudadanas sin precedentes, sin que los partidos pol\u00edticos ni organizaciones llamen a movilizarse. Y creo que en algo tiene raz\u00f3n, porque las protestan fueron muy genuinas y ya cobraron como\u2026","rel":"","context":"En \u00abNacionales\u00bb","img":{"alt_text":"","src":"https:\/\/i0.wp.com\/informatepy.com\/2021\/wp-content\/uploads\/2021\/03\/manifetaciones-asuncion.jpg?fit=899%2C1200&ssl=1&resize=350%2C200","width":350,"height":200},"classes":[]},{"id":4249,"url":"https:\/\/informatepy.com\/2021\/2021\/03\/31\/facebook-elimina-video-de-entrevista-de-trump-con-su-nuera-lara-cualquier-contenido-con-la-voz-de-donald-trump-seria-borrado-de-la-plataforma\/","url_meta":{"origin":9810,"position":4},"title":"Facebook elimina v\u00eddeo de entrevista de Trump con su nuera Lara: Cualquier contenido \u00abcon la voz de Donald Trump\u00bb ser\u00eda borrado de la plataforma","date":"31 de marzo de 2021","format":false,"excerpt":"Facebook elimin\u00f3 un v\u00eddeo de una entrevista con el ex presidente Trump que fuera realizada por su nuera Lara Trump, diciendo que cualquier contenido \u201ccon la voz de Donald Trump\u201d ser\u00eda borrado de la plataforma de medios sociales.","rel":"","context":"En \u00abDestacados\u00bb","img":{"alt_text":"","src":"https:\/\/i0.wp.com\/informatepy.com\/2021\/wp-content\/uploads\/2021\/03\/trump-facebook.jpg?fit=1024%2C576&ssl=1&resize=350%2C200","width":350,"height":200},"classes":[]},{"id":2089,"url":"https:\/\/informatepy.com\/2021\/2020\/07\/26\/exmoderador-de-contenido-de-facebook-habla-de-la-censura-que-impone-la-red-social\/","url_meta":{"origin":9810,"position":5},"title":"Exmoderador de contenido de Facebook habla de la censura que impone la red social","date":"26 de julio de 2020","format":false,"excerpt":"Dentro del ambiente conservador, libertario, y en general todo lo que se pueda ubicar del centro a la derecha, cada vez hay m\u00e1s quejas de la censura que ocurre en Facebook. Contenidos eliminados, restricci\u00f3n de publicaciones, suspensi\u00f3n de cuentas e incluso cierres de p\u00e1gina, son las quejas que escuchamos a\u2026","rel":"","context":"En \u00abCiencia y Tecnolog\u00eda\u00bb","img":{"alt_text":"","src":"https:\/\/i0.wp.com\/informatepy.com\/2021\/wp-content\/uploads\/2021\/07\/facebook-censura-1.jpg?fit=600%2C450&ssl=1&resize=350%2C200","width":350,"height":200},"classes":[]}],"authors":[{"term_id":1051,"user_id":4,"is_guest":0,"slug":"redaccion","display_name":"Redacci\u00f3n","avatar_url":"https:\/\/i0.wp.com\/informatepy.com\/2021\/wp-content\/uploads\/2021\/02\/informate-circulo.png?fit=96%2C96&ssl=1","first_name":"Redacci\u00f3n","last_name":"","user_url":"","description":""}],"amp_enabled":true,"_links":{"self":[{"href":"https:\/\/informatepy.com\/2021\/wp-json\/wp\/v2\/posts\/9810","targetHints":{"allow":["GET"]}}],"collection":[{"href":"https:\/\/informatepy.com\/2021\/wp-json\/wp\/v2\/posts"}],"about":[{"href":"https:\/\/informatepy.com\/2021\/wp-json\/wp\/v2\/types\/post"}],"author":[{"embeddable":true,"href":"https:\/\/informatepy.com\/2021\/wp-json\/wp\/v2\/users\/4"}],"replies":[{"embeddable":true,"href":"https:\/\/informatepy.com\/2021\/wp-json\/wp\/v2\/comments?post=9810"}],"version-history":[{"count":1,"href":"https:\/\/informatepy.com\/2021\/wp-json\/wp\/v2\/posts\/9810\/revisions"}],"predecessor-version":[{"id":9812,"href":"https:\/\/informatepy.com\/2021\/wp-json\/wp\/v2\/posts\/9810\/revisions\/9812"}],"wp:featuredmedia":[{"embeddable":true,"href":"https:\/\/informatepy.com\/2021\/wp-json\/wp\/v2\/media\/9811"}],"wp:attachment":[{"href":"https:\/\/informatepy.com\/2021\/wp-json\/wp\/v2\/media?parent=9810"}],"wp:term":[{"taxonomy":"category","embeddable":true,"href":"https:\/\/informatepy.com\/2021\/wp-json\/wp\/v2\/categories?post=9810"},{"taxonomy":"post_tag","embeddable":true,"href":"https:\/\/informatepy.com\/2021\/wp-json\/wp\/v2\/tags?post=9810"},{"taxonomy":"author","embeddable":true,"href":"https:\/\/informatepy.com\/2021\/wp-json\/wp\/v2\/ppma_author?post=9810"}],"curies":[{"name":"wp","href":"https:\/\/api.w.org\/{rel}","templated":true}]}}