{"id":9805,"date":"2022-01-28T17:16:00","date_gmt":"2022-01-28T20:16:00","guid":{"rendered":"https:\/\/informatepy.com\/2021\/?p=9805"},"modified":"2022-01-28T10:21:49","modified_gmt":"2022-01-28T13:21:49","slug":"tablero-mundial-joe-biden-ante-otra-inminente-humillacion-internacional","status":"publish","type":"post","link":"https:\/\/informatepy.com\/2021\/2022\/01\/28\/tablero-mundial-joe-biden-ante-otra-inminente-humillacion-internacional\/","title":{"rendered":"TABLERO MUNDIAL:  Joe Biden ante otra inminente humillaci\u00f3n internacional"},"content":{"rendered":"\n<p class=\"has-text-align-justify\">Apenas durante el verano del a\u00f1o pasado, se complet\u00f3 la catastr\u00f3fica retirada total de USA de Afganist\u00e1n, como consecuencia de la recaptura del poder de dicho pa\u00eds por parte del grupo terrorista isl\u00e1mico Talib\u00e1n. Dicho proceso, marc\u00f3 la primera gran crisis internacional del actual mandatario Joe Biden, pero a su vez, constituy\u00f3 una dolorosa e hist\u00f3rica gran humillaci\u00f3n de la poderosa naci\u00f3n estadounidense, lo que es peor, auto-infringida.<\/p>\n\n\n\n<p class=\"has-text-align-justify\">Decimos auto-infringida, pues, fue una operaci\u00f3n ejecutada casi sin mayor planificaci\u00f3n, atropellada y en contra de la voluntad de sus asesores tanto del Pent\u00e1gono como de Seguridad, pero obstinadamente el Presidente Biden insisti\u00f3 en la retirada total de las tropas antes de fin de 2021. Tras la r\u00e1pida ca\u00edda del gobierno de Ghani, el colapso total del pa\u00eds fue en d\u00edas, lo que termin\u00f3 reduciendo a las fuerzas estadounidenses al per\u00edmetro del Aeropuerto Internacional de Kabul. El grado de desorden y descontrol fue tal, que hasta dos atentados tuvieron lugar en dicho aeropuerto, con p\u00e9rdidas tanto de civiles como de militares.<\/p>\n\n\n\n<p class=\"has-text-align-justify\">Infelizmente, esto no ha sido suficiente para el Presidente Biden cuyo gobierno hasta ahora ha sido marcado por sus m\u00faltiples errores, desaciertos y derrotas tanto internas como externas. Justamente, el a\u00f1o pasado termin\u00f3 con otra severa crisis, esta vez, con epicentro en Europa del Este, concretamente con el caso de Ucrania y sus prolongada tensa convivencia con su vecino poderoso, el gran oso ruso y cuya tensi\u00f3n se reaviv\u00f3 luego que el presidente de Ucrania Vladimir Zelensky aceler\u00f3 su proyecto de unirse a la OTAN.<\/p>\n\n\n\n<p class=\"has-text-align-justify\">Por esta iniciativa, el propio mandatario estadounidense recibi\u00f3 en la Casa Blanca a su hom\u00f3logo ucraniano, el pasado 1 de septiembre y m\u00e1s tarde, ya bastante tensionada la situaci\u00f3n entre Ucrania y Rusia, el presidente ruso accedi\u00f3 a una reuni\u00f3n de manera virtual con Biden el pasado 7 de diciembre. El encuentro, tuvo como eje central la crisis con Ucrania, el gobierno ruso ha sido enf\u00e1tico, no acepta ni permitir\u00e1 el ingreso de Ucrania a la alianza militar liderada por USA.<\/p>\n\n\n\n<p class=\"has-text-align-justify\">Desde all\u00ed en adelante, la tensi\u00f3n ha escalado monumentalmente como una gran bola de nieve que va cayendo y pronto terminar\u00e1 convirti\u00e9ndose en una mortal avalancha, que no s\u00f3lo caer\u00e1 sobre Ucrania, sino nuevamente en la administraci\u00f3n de Joe Biden quien no encontr\u00f3 f\u00f3rmulas para contener a Rusia.<\/p>\n\n\n\n<p class=\"has-text-align-justify\">Justamente esta nueva humillaci\u00f3n tendr\u00e1 lugar, por la p\u00e9sima conducci\u00f3n del Presidente Joe Biden en materia de pol\u00edtica exterior y concretamente, en la gesti\u00f3n de la presente crisis que en este momento alcanz\u00f3 dimensiones Ucrania \u2013 Rusia \u2013 OTAN. La evidencia de nuestra afirmaci\u00f3n, la encontramos en la declaraci\u00f3n del Presidente estadounidense el pasado mi\u00e9rcoles 19 de enero dijo en la Casa Blanca: \u201cY depende de lo que haga [Rusia sobre Ucrania]. Es una cosa, <strong>si es una incursi\u00f3n menor<\/strong> y terminamos teniendo una pelea sobre qu\u00e9 hacer o no hacer, etc.\u201d.<\/p>\n\n\n\n<p class=\"has-text-align-justify\">En crudo, el Presidente Biden envi\u00f3 en mensaje de enorme debilidad de USA, am\u00e9n que t\u00e1citamente le dio luz verde al gobierno de Putin para que efectivamente invada Ucrania nuevamente, pues, a juzgar por las palabras del propio Biden, todo depender\u00eda del alcance de la invasi\u00f3n de Rusia. Adicionalmente, el jefe de la Casa Blanca dio esta nefasta declaraci\u00f3n cuando su propio Secretario de Estado Anthony Blinken se encontraba viajando para reunirse con sus hom\u00f3logos europeos en Berl\u00edn a los efectos de analizar la crisis y luego seguir\u00eda a Ginebra para sostener un encuentro con el veterano canciller ruso Sergei Lavrov.<\/p>\n\n\n\n<p class=\"has-text-align-justify\">Por supuesto, el Presidente Biden con esa muy torpe declaraci\u00f3n, virtualmente anul\u00f3 cualquier capacidad de maniobra en la reuni\u00f3n Blinken-Lavrov, pues, impl\u00edcitamente se trat\u00f3 de la admisi\u00f3n del gobierno estadounidense de la invasi\u00f3n a Ucrania por parte de Rusia, s\u00f3lo colocando en el foco la dimensi\u00f3n de los territorios a ser ocupados durante la invasi\u00f3n, sobre la base de ello, USA juntamente con sus socios europeos aplicar\u00edan las sanciones sobre Rusia.<\/p>\n\n\n\n<p class=\"has-text-align-justify\">Como era de esperarse, Lavrov super\u00f3 ampliamente al visiblemente disminuido Blinken en Ginebra, pues, Rusia le termin\u00f3 exigiendo por escrito una respuesta del gobierno de Washington sobre sus exigencias y para lo cual, le dio plazo de una semana. La respuesta tuvo lugar, el propio Embajador de USA ante la Federaci\u00f3n Rusa, John Sullivan consign\u00f3 dicho documento en manos del canciller ruso. La respuesta del Kremlin fue clara y enf\u00e1tica: \u201cRusia no se quedar\u00e1 de manos cruzadas\u201d, es decir, USA neg\u00f3 las peticiones del gobierno ruso en los puntos m\u00e1s divergentes.<\/p>\n\n\n\n<p class=\"has-text-align-justify\">En consecuencia, la suerte est\u00e1 echada para Ucrania, es s\u00f3lo cuesti\u00f3n de d\u00edas para que las tropas rusas procedan a violar el territorio ucraniano y ocupar \u00e9ste. Ahora lo que est\u00e1 en juego es: \u00bfexactamente cu\u00e1ndo va a ocurrir la ocupaci\u00f3n y hasta d\u00f3nde se extender\u00e1?<\/p>\n\n\n\n<p class=\"has-text-align-justify\">En cuanto a la primera, debo se\u00f1alar que muy probablemente las tropas rusas est\u00e1n esperando unas condiciones clim\u00e1ticas un tanto m\u00e1s benignas para poder realizar la operaci\u00f3n militar, tal vez, tendr\u00e1n lugar durante la primera quincena de febrero. En cuanto a la segunda interrogante, la tesis de una invasi\u00f3n masiva y total del territorio ucraniano, personalmente la descarto, no por la capacidad militar rusa, sino por lo complejo y el elevado costo que implica una operaci\u00f3n de dicha naturaleza, me inclino m\u00e1s bien a considerar que se tratar\u00e1 de una intervenci\u00f3n quir\u00fargica y progresiva, es decir, iniciar\u00e1 por los territorios ubicados hacia el sureste, que coincide con las zonas de los movimientos separatistas (todos ellos abiertamente pro-rusos) en Donetsk y Luhansk, y lo suficientemente contundente para derribar al gobierno nacionalista de Zelensky.<\/p>\n\n\n\n<p class=\"has-text-align-justify\">Finalmente, le permitir\u00e1 al Kremlin, instaurar un nuevo gobierno en Kiev de car\u00e1cter pro-ruso, al estilo de Lokashenko de Bielorrusia, lo suficientemente confiable y cercano a Putin para que entierre definitivamente en el olvido todo proyecto ucraniano de involucrarse o pretender formar parte de organizaciones occidentales, que desde la perspectiva de Rusia, constituyen serias amenazas a su seguridad, materializando as\u00ed una gran victoria de Rusia sobre el humillado y derrotado presidente Joe Biden.<\/p>\n","protected":false},"excerpt":{"rendered":"<p>Apenas durante el verano del a\u00f1o pasado, se complet\u00f3 la catastr\u00f3fica retirada total de USA de Afganist\u00e1n, como consecuencia de la recaptura del poder de dicho pa\u00eds por parte del grupo terrorista isl\u00e1mico Talib\u00e1n. Dicho proceso, marc\u00f3 la primera gran crisis internacional del actual mandatario Joe Biden, pero a su vez, constituy\u00f3 una dolorosa e [&hellip;]<\/p>\n","protected":false},"author":15,"featured_media":8512,"comment_status":"open","ping_status":"open","sticky":false,"template":"","format":"standard","meta":{"_monsterinsights_skip_tracking":false,"_monsterinsights_sitenote_active":false,"_monsterinsights_sitenote_note":"","_monsterinsights_sitenote_category":0,"footnotes":"","jetpack_publicize_message":"","jetpack_is_tweetstorm":false,"jetpack_publicize_feature_enabled":false},"categories":[248],"tags":[1036,832,941,1357,281,282,1654,693],"ppma_author":[1291],"class_list":["post-9805","post","type-post","status-publish","format-standard","has-post-thumbnail","hentry","category-analisis","tag-destacada","tag-estados-unidos","tag-joe-biden","tag-otan","tag-putin","tag-rusia","tag-ucrania","tag-vladimir-putin"],"jetpack_publicize_connections":[],"yoast_head":"<!-- This site is optimized with the Yoast SEO plugin v27.4 - https:\/\/yoast.com\/product\/yoast-seo-wordpress\/ -->\n<title>TABLERO MUNDIAL: Joe Biden ante otra inminente humillaci\u00f3n internacional - Informatepy<\/title>\n<meta name=\"robots\" content=\"index, follow, max-snippet:-1, max-image-preview:large, max-video-preview:-1\" \/>\n<link rel=\"canonical\" href=\"https:\/\/informatepy.com\/2021\/2022\/01\/28\/tablero-mundial-joe-biden-ante-otra-inminente-humillacion-internacional\/\" \/>\n<meta property=\"og:locale\" content=\"es_ES\" \/>\n<meta property=\"og:type\" content=\"article\" \/>\n<meta property=\"og:title\" content=\"TABLERO MUNDIAL: Joe Biden ante otra inminente humillaci\u00f3n internacional - Informatepy\" \/>\n<meta property=\"og:description\" content=\"Apenas durante el verano del a\u00f1o pasado, se complet\u00f3 la catastr\u00f3fica retirada total de USA de Afganist\u00e1n, como consecuencia de la recaptura del poder de dicho pa\u00eds por parte del grupo terrorista isl\u00e1mico Talib\u00e1n. Dicho proceso, marc\u00f3 la primera gran crisis internacional del actual mandatario Joe Biden, pero a su vez, constituy\u00f3 una dolorosa e [&hellip;]\" \/>\n<meta property=\"og:url\" content=\"https:\/\/informatepy.com\/2021\/2022\/01\/28\/tablero-mundial-joe-biden-ante-otra-inminente-humillacion-internacional\/\" \/>\n<meta property=\"og:site_name\" content=\"Informatepy\" \/>\n<meta property=\"article:published_time\" content=\"2022-01-28T20:16:00+00:00\" \/>\n<meta property=\"og:image\" content=\"https:\/\/i0.wp.com\/informatepy.com\/2021\/wp-content\/uploads\/2021\/11\/nahem.png?fit=1281%2C701&ssl=1\" \/>\n\t<meta property=\"og:image:width\" content=\"1281\" \/>\n\t<meta property=\"og:image:height\" content=\"701\" \/>\n\t<meta property=\"og:image:type\" content=\"image\/png\" \/>\n<meta name=\"author\" content=\"Nahem Reyes\" \/>\n<meta name=\"twitter:card\" content=\"summary_large_image\" \/>\n<meta name=\"twitter:creator\" content=\"@https:\/\/twitter.com\/Nahem_360\" \/>\n<meta name=\"twitter:label1\" content=\"Escrito por\" \/>\n\t<meta name=\"twitter:data1\" content=\"Nahem Reyes\" \/>\n\t<meta name=\"twitter:label2\" content=\"Tiempo de lectura\" \/>\n\t<meta name=\"twitter:data2\" content=\"5 minutos\" \/>\n<script type=\"application\/ld+json\" class=\"yoast-schema-graph\">{\"@context\":\"https:\\\/\\\/schema.org\",\"@graph\":[{\"@type\":\"Article\",\"@id\":\"https:\\\/\\\/informatepy.com\\\/2021\\\/2022\\\/01\\\/28\\\/tablero-mundial-joe-biden-ante-otra-inminente-humillacion-internacional\\\/#article\",\"isPartOf\":{\"@id\":\"https:\\\/\\\/informatepy.com\\\/2021\\\/2022\\\/01\\\/28\\\/tablero-mundial-joe-biden-ante-otra-inminente-humillacion-internacional\\\/\"},\"author\":{\"name\":\"Nahem Reyes\",\"@id\":\"https:\\\/\\\/informatepy.com\\\/2021\\\/#\\\/schema\\\/person\\\/13c4021f6b762c195fe2d7431371023a\"},\"headline\":\"TABLERO MUNDIAL: Joe Biden ante otra inminente humillaci\u00f3n internacional\",\"datePublished\":\"2022-01-28T20:16:00+00:00\",\"mainEntityOfPage\":{\"@id\":\"https:\\\/\\\/informatepy.com\\\/2021\\\/2022\\\/01\\\/28\\\/tablero-mundial-joe-biden-ante-otra-inminente-humillacion-internacional\\\/\"},\"wordCount\":1071,\"commentCount\":0,\"publisher\":{\"@id\":\"https:\\\/\\\/informatepy.com\\\/2021\\\/#\\\/schema\\\/person\\\/edd302c981d6ba4596191719d1025a8a\"},\"image\":{\"@id\":\"https:\\\/\\\/informatepy.com\\\/2021\\\/2022\\\/01\\\/28\\\/tablero-mundial-joe-biden-ante-otra-inminente-humillacion-internacional\\\/#primaryimage\"},\"thumbnailUrl\":\"https:\\\/\\\/i0.wp.com\\\/informatepy.com\\\/2021\\\/wp-content\\\/uploads\\\/2021\\\/11\\\/nahem.png?fit=1281%2C701&ssl=1\",\"keywords\":[\"destacada\",\"estados unidos\",\"joe biden\",\"otan\",\"putin\",\"rusia\",\"ucrania\",\"vladimir putin\"],\"articleSection\":[\"Analisis\"],\"inLanguage\":\"es\",\"potentialAction\":[{\"@type\":\"CommentAction\",\"name\":\"Comment\",\"target\":[\"https:\\\/\\\/informatepy.com\\\/2021\\\/2022\\\/01\\\/28\\\/tablero-mundial-joe-biden-ante-otra-inminente-humillacion-internacional\\\/#respond\"]}]},{\"@type\":\"WebPage\",\"@id\":\"https:\\\/\\\/informatepy.com\\\/2021\\\/2022\\\/01\\\/28\\\/tablero-mundial-joe-biden-ante-otra-inminente-humillacion-internacional\\\/\",\"url\":\"https:\\\/\\\/informatepy.com\\\/2021\\\/2022\\\/01\\\/28\\\/tablero-mundial-joe-biden-ante-otra-inminente-humillacion-internacional\\\/\",\"name\":\"TABLERO MUNDIAL: Joe Biden ante otra inminente humillaci\u00f3n internacional - Informatepy\",\"isPartOf\":{\"@id\":\"https:\\\/\\\/informatepy.com\\\/2021\\\/#website\"},\"primaryImageOfPage\":{\"@id\":\"https:\\\/\\\/informatepy.com\\\/2021\\\/2022\\\/01\\\/28\\\/tablero-mundial-joe-biden-ante-otra-inminente-humillacion-internacional\\\/#primaryimage\"},\"image\":{\"@id\":\"https:\\\/\\\/informatepy.com\\\/2021\\\/2022\\\/01\\\/28\\\/tablero-mundial-joe-biden-ante-otra-inminente-humillacion-internacional\\\/#primaryimage\"},\"thumbnailUrl\":\"https:\\\/\\\/i0.wp.com\\\/informatepy.com\\\/2021\\\/wp-content\\\/uploads\\\/2021\\\/11\\\/nahem.png?fit=1281%2C701&ssl=1\",\"datePublished\":\"2022-01-28T20:16:00+00:00\",\"breadcrumb\":{\"@id\":\"https:\\\/\\\/informatepy.com\\\/2021\\\/2022\\\/01\\\/28\\\/tablero-mundial-joe-biden-ante-otra-inminente-humillacion-internacional\\\/#breadcrumb\"},\"inLanguage\":\"es\",\"potentialAction\":[{\"@type\":\"ReadAction\",\"target\":[\"https:\\\/\\\/informatepy.com\\\/2021\\\/2022\\\/01\\\/28\\\/tablero-mundial-joe-biden-ante-otra-inminente-humillacion-internacional\\\/\"]}]},{\"@type\":\"ImageObject\",\"inLanguage\":\"es\",\"@id\":\"https:\\\/\\\/informatepy.com\\\/2021\\\/2022\\\/01\\\/28\\\/tablero-mundial-joe-biden-ante-otra-inminente-humillacion-internacional\\\/#primaryimage\",\"url\":\"https:\\\/\\\/i0.wp.com\\\/informatepy.com\\\/2021\\\/wp-content\\\/uploads\\\/2021\\\/11\\\/nahem.png?fit=1281%2C701&ssl=1\",\"contentUrl\":\"https:\\\/\\\/i0.wp.com\\\/informatepy.com\\\/2021\\\/wp-content\\\/uploads\\\/2021\\\/11\\\/nahem.png?fit=1281%2C701&ssl=1\",\"width\":1281,\"height\":701},{\"@type\":\"BreadcrumbList\",\"@id\":\"https:\\\/\\\/informatepy.com\\\/2021\\\/2022\\\/01\\\/28\\\/tablero-mundial-joe-biden-ante-otra-inminente-humillacion-internacional\\\/#breadcrumb\",\"itemListElement\":[{\"@type\":\"ListItem\",\"position\":1,\"name\":\"Portada\",\"item\":\"https:\\\/\\\/informatepy.com\\\/2021\\\/\"},{\"@type\":\"ListItem\",\"position\":2,\"name\":\"TABLERO MUNDIAL: Joe Biden ante otra inminente humillaci\u00f3n internacional\"}]},{\"@type\":\"WebSite\",\"@id\":\"https:\\\/\\\/informatepy.com\\\/2021\\\/#website\",\"url\":\"https:\\\/\\\/informatepy.com\\\/2021\\\/\",\"name\":\"Informatepy\",\"description\":\"La verdad, siempre!\",\"publisher\":{\"@id\":\"https:\\\/\\\/informatepy.com\\\/2021\\\/#\\\/schema\\\/person\\\/edd302c981d6ba4596191719d1025a8a\"},\"potentialAction\":[{\"@type\":\"SearchAction\",\"target\":{\"@type\":\"EntryPoint\",\"urlTemplate\":\"https:\\\/\\\/informatepy.com\\\/2021\\\/?s={search_term_string}\"},\"query-input\":{\"@type\":\"PropertyValueSpecification\",\"valueRequired\":true,\"valueName\":\"search_term_string\"}}],\"inLanguage\":\"es\"},{\"@type\":[\"Person\",\"Organization\"],\"@id\":\"https:\\\/\\\/informatepy.com\\\/2021\\\/#\\\/schema\\\/person\\\/edd302c981d6ba4596191719d1025a8a\",\"name\":\"admin\",\"image\":{\"@type\":\"ImageObject\",\"inLanguage\":\"es\",\"@id\":\"https:\\\/\\\/secure.gravatar.com\\\/avatar\\\/5310f602b6cbcfb86e030c4ccdbb78f6565a3b9bab6a74ab80fd3cb5428b65af?s=96&d=mm&r=g\",\"url\":\"https:\\\/\\\/secure.gravatar.com\\\/avatar\\\/5310f602b6cbcfb86e030c4ccdbb78f6565a3b9bab6a74ab80fd3cb5428b65af?s=96&d=mm&r=g\",\"contentUrl\":\"https:\\\/\\\/secure.gravatar.com\\\/avatar\\\/5310f602b6cbcfb86e030c4ccdbb78f6565a3b9bab6a74ab80fd3cb5428b65af?s=96&d=mm&r=g\",\"caption\":\"admin\"},\"logo\":{\"@id\":\"https:\\\/\\\/secure.gravatar.com\\\/avatar\\\/5310f602b6cbcfb86e030c4ccdbb78f6565a3b9bab6a74ab80fd3cb5428b65af?s=96&d=mm&r=g\"},\"sameAs\":[\"http:\\\/\\\/informatepy.com\\\/2021\"]},{\"@type\":\"Person\",\"@id\":\"https:\\\/\\\/informatepy.com\\\/2021\\\/#\\\/schema\\\/person\\\/13c4021f6b762c195fe2d7431371023a\",\"name\":\"Nahem Reyes\",\"image\":{\"@type\":\"ImageObject\",\"inLanguage\":\"es\",\"@id\":\"https:\\\/\\\/i0.wp.com\\\/informatepy.com\\\/2021\\\/wp-content\\\/uploads\\\/2021\\\/07\\\/Nahem-Reyes.jpg?fit=96%2C96&ssl=1\",\"url\":\"https:\\\/\\\/i0.wp.com\\\/informatepy.com\\\/2021\\\/wp-content\\\/uploads\\\/2021\\\/07\\\/Nahem-Reyes.jpg?fit=96%2C96&ssl=1\",\"contentUrl\":\"https:\\\/\\\/i0.wp.com\\\/informatepy.com\\\/2021\\\/wp-content\\\/uploads\\\/2021\\\/07\\\/Nahem-Reyes.jpg?fit=96%2C96&ssl=1\",\"caption\":\"Nahem Reyes\"},\"description\":\"Nahem Reyes es doctor en Historia de la Universidad Cat\u00f3lica Andr\u00e9s Bello y miembro asociado del Centro de Estudios de Am\u00e9rica de la Universidad Central de Venezuela. Analista pol\u00edtico\",\"sameAs\":[\"https:\\\/\\\/x.com\\\/https:\\\/\\\/twitter.com\\\/Nahem_360\"],\"url\":\"https:\\\/\\\/informatepy.com\\\/2021\\\/author\\\/nreyes\\\/\"}]}<\/script>\n<!-- \/ Yoast SEO plugin. -->","yoast_head_json":{"title":"TABLERO MUNDIAL: Joe Biden ante otra inminente humillaci\u00f3n internacional - Informatepy","robots":{"index":"index","follow":"follow","max-snippet":"max-snippet:-1","max-image-preview":"max-image-preview:large","max-video-preview":"max-video-preview:-1"},"canonical":"https:\/\/informatepy.com\/2021\/2022\/01\/28\/tablero-mundial-joe-biden-ante-otra-inminente-humillacion-internacional\/","og_locale":"es_ES","og_type":"article","og_title":"TABLERO MUNDIAL: Joe Biden ante otra inminente humillaci\u00f3n internacional - Informatepy","og_description":"Apenas durante el verano del a\u00f1o pasado, se complet\u00f3 la catastr\u00f3fica retirada total de USA de Afganist\u00e1n, como consecuencia de la recaptura del poder de dicho pa\u00eds por parte del grupo terrorista isl\u00e1mico Talib\u00e1n. Dicho proceso, marc\u00f3 la primera gran crisis internacional del actual mandatario Joe Biden, pero a su vez, constituy\u00f3 una dolorosa e [&hellip;]","og_url":"https:\/\/informatepy.com\/2021\/2022\/01\/28\/tablero-mundial-joe-biden-ante-otra-inminente-humillacion-internacional\/","og_site_name":"Informatepy","article_published_time":"2022-01-28T20:16:00+00:00","og_image":[{"width":1281,"height":701,"url":"https:\/\/i0.wp.com\/informatepy.com\/2021\/wp-content\/uploads\/2021\/11\/nahem.png?fit=1281%2C701&ssl=1","type":"image\/png"}],"author":"Nahem Reyes","twitter_card":"summary_large_image","twitter_creator":"@https:\/\/twitter.com\/Nahem_360","twitter_misc":{"Escrito por":"Nahem Reyes","Tiempo de lectura":"5 minutos"},"schema":{"@context":"https:\/\/schema.org","@graph":[{"@type":"Article","@id":"https:\/\/informatepy.com\/2021\/2022\/01\/28\/tablero-mundial-joe-biden-ante-otra-inminente-humillacion-internacional\/#article","isPartOf":{"@id":"https:\/\/informatepy.com\/2021\/2022\/01\/28\/tablero-mundial-joe-biden-ante-otra-inminente-humillacion-internacional\/"},"author":{"name":"Nahem Reyes","@id":"https:\/\/informatepy.com\/2021\/#\/schema\/person\/13c4021f6b762c195fe2d7431371023a"},"headline":"TABLERO MUNDIAL: Joe Biden ante otra inminente humillaci\u00f3n internacional","datePublished":"2022-01-28T20:16:00+00:00","mainEntityOfPage":{"@id":"https:\/\/informatepy.com\/2021\/2022\/01\/28\/tablero-mundial-joe-biden-ante-otra-inminente-humillacion-internacional\/"},"wordCount":1071,"commentCount":0,"publisher":{"@id":"https:\/\/informatepy.com\/2021\/#\/schema\/person\/edd302c981d6ba4596191719d1025a8a"},"image":{"@id":"https:\/\/informatepy.com\/2021\/2022\/01\/28\/tablero-mundial-joe-biden-ante-otra-inminente-humillacion-internacional\/#primaryimage"},"thumbnailUrl":"https:\/\/i0.wp.com\/informatepy.com\/2021\/wp-content\/uploads\/2021\/11\/nahem.png?fit=1281%2C701&ssl=1","keywords":["destacada","estados unidos","joe biden","otan","putin","rusia","ucrania","vladimir putin"],"articleSection":["Analisis"],"inLanguage":"es","potentialAction":[{"@type":"CommentAction","name":"Comment","target":["https:\/\/informatepy.com\/2021\/2022\/01\/28\/tablero-mundial-joe-biden-ante-otra-inminente-humillacion-internacional\/#respond"]}]},{"@type":"WebPage","@id":"https:\/\/informatepy.com\/2021\/2022\/01\/28\/tablero-mundial-joe-biden-ante-otra-inminente-humillacion-internacional\/","url":"https:\/\/informatepy.com\/2021\/2022\/01\/28\/tablero-mundial-joe-biden-ante-otra-inminente-humillacion-internacional\/","name":"TABLERO MUNDIAL: Joe Biden ante otra inminente humillaci\u00f3n internacional - Informatepy","isPartOf":{"@id":"https:\/\/informatepy.com\/2021\/#website"},"primaryImageOfPage":{"@id":"https:\/\/informatepy.com\/2021\/2022\/01\/28\/tablero-mundial-joe-biden-ante-otra-inminente-humillacion-internacional\/#primaryimage"},"image":{"@id":"https:\/\/informatepy.com\/2021\/2022\/01\/28\/tablero-mundial-joe-biden-ante-otra-inminente-humillacion-internacional\/#primaryimage"},"thumbnailUrl":"https:\/\/i0.wp.com\/informatepy.com\/2021\/wp-content\/uploads\/2021\/11\/nahem.png?fit=1281%2C701&ssl=1","datePublished":"2022-01-28T20:16:00+00:00","breadcrumb":{"@id":"https:\/\/informatepy.com\/2021\/2022\/01\/28\/tablero-mundial-joe-biden-ante-otra-inminente-humillacion-internacional\/#breadcrumb"},"inLanguage":"es","potentialAction":[{"@type":"ReadAction","target":["https:\/\/informatepy.com\/2021\/2022\/01\/28\/tablero-mundial-joe-biden-ante-otra-inminente-humillacion-internacional\/"]}]},{"@type":"ImageObject","inLanguage":"es","@id":"https:\/\/informatepy.com\/2021\/2022\/01\/28\/tablero-mundial-joe-biden-ante-otra-inminente-humillacion-internacional\/#primaryimage","url":"https:\/\/i0.wp.com\/informatepy.com\/2021\/wp-content\/uploads\/2021\/11\/nahem.png?fit=1281%2C701&ssl=1","contentUrl":"https:\/\/i0.wp.com\/informatepy.com\/2021\/wp-content\/uploads\/2021\/11\/nahem.png?fit=1281%2C701&ssl=1","width":1281,"height":701},{"@type":"BreadcrumbList","@id":"https:\/\/informatepy.com\/2021\/2022\/01\/28\/tablero-mundial-joe-biden-ante-otra-inminente-humillacion-internacional\/#breadcrumb","itemListElement":[{"@type":"ListItem","position":1,"name":"Portada","item":"https:\/\/informatepy.com\/2021\/"},{"@type":"ListItem","position":2,"name":"TABLERO MUNDIAL: Joe Biden ante otra inminente humillaci\u00f3n internacional"}]},{"@type":"WebSite","@id":"https:\/\/informatepy.com\/2021\/#website","url":"https:\/\/informatepy.com\/2021\/","name":"Informatepy","description":"La verdad, siempre!","publisher":{"@id":"https:\/\/informatepy.com\/2021\/#\/schema\/person\/edd302c981d6ba4596191719d1025a8a"},"potentialAction":[{"@type":"SearchAction","target":{"@type":"EntryPoint","urlTemplate":"https:\/\/informatepy.com\/2021\/?s={search_term_string}"},"query-input":{"@type":"PropertyValueSpecification","valueRequired":true,"valueName":"search_term_string"}}],"inLanguage":"es"},{"@type":["Person","Organization"],"@id":"https:\/\/informatepy.com\/2021\/#\/schema\/person\/edd302c981d6ba4596191719d1025a8a","name":"admin","image":{"@type":"ImageObject","inLanguage":"es","@id":"https:\/\/secure.gravatar.com\/avatar\/5310f602b6cbcfb86e030c4ccdbb78f6565a3b9bab6a74ab80fd3cb5428b65af?s=96&d=mm&r=g","url":"https:\/\/secure.gravatar.com\/avatar\/5310f602b6cbcfb86e030c4ccdbb78f6565a3b9bab6a74ab80fd3cb5428b65af?s=96&d=mm&r=g","contentUrl":"https:\/\/secure.gravatar.com\/avatar\/5310f602b6cbcfb86e030c4ccdbb78f6565a3b9bab6a74ab80fd3cb5428b65af?s=96&d=mm&r=g","caption":"admin"},"logo":{"@id":"https:\/\/secure.gravatar.com\/avatar\/5310f602b6cbcfb86e030c4ccdbb78f6565a3b9bab6a74ab80fd3cb5428b65af?s=96&d=mm&r=g"},"sameAs":["http:\/\/informatepy.com\/2021"]},{"@type":"Person","@id":"https:\/\/informatepy.com\/2021\/#\/schema\/person\/13c4021f6b762c195fe2d7431371023a","name":"Nahem Reyes","image":{"@type":"ImageObject","inLanguage":"es","@id":"https:\/\/i0.wp.com\/informatepy.com\/2021\/wp-content\/uploads\/2021\/07\/Nahem-Reyes.jpg?fit=96%2C96&ssl=1","url":"https:\/\/i0.wp.com\/informatepy.com\/2021\/wp-content\/uploads\/2021\/07\/Nahem-Reyes.jpg?fit=96%2C96&ssl=1","contentUrl":"https:\/\/i0.wp.com\/informatepy.com\/2021\/wp-content\/uploads\/2021\/07\/Nahem-Reyes.jpg?fit=96%2C96&ssl=1","caption":"Nahem Reyes"},"description":"Nahem Reyes es doctor en Historia de la Universidad Cat\u00f3lica Andr\u00e9s Bello y miembro asociado del Centro de Estudios de Am\u00e9rica de la Universidad Central de Venezuela. Analista pol\u00edtico","sameAs":["https:\/\/x.com\/https:\/\/twitter.com\/Nahem_360"],"url":"https:\/\/informatepy.com\/2021\/author\/nreyes\/"}]}},"jetpack_featured_media_url":"https:\/\/i0.wp.com\/informatepy.com\/2021\/wp-content\/uploads\/2021\/11\/nahem.png?fit=1281%2C701&ssl=1","jetpack_sharing_enabled":true,"jetpack_likes_enabled":true,"jetpack-related-posts":[{"id":5039,"url":"https:\/\/informatepy.com\/2021\/2021\/05\/25\/putin-y-biden-se-reuniran-en-ginebra\/","url_meta":{"origin":9805,"position":0},"title":"Putin y Biden se reunir\u00e1n en Ginebra","date":"25 de mayo de 2021","format":false,"excerpt":"La reuni\u00f3n bilateral entre el presidente ruso, Vlad\u00edmir Putin, y el presidente estadounidense, Joe Biden, ocurrir\u00e1 en Ginebra, Suiza, el 16\/06, comunic\u00f3 el Kremlin.","rel":"","context":"En \u00abDestacados\u00bb","img":{"alt_text":"","src":"https:\/\/i0.wp.com\/informatepy.com\/2021\/wp-content\/uploads\/2021\/05\/biden-putin.jpg?fit=1200%2C800&ssl=1&resize=350%2C200","width":350,"height":200},"classes":[]},{"id":10076,"url":"https:\/\/informatepy.com\/2021\/2022\/02\/13\/tablero-mundial-biden-rumbo-al-fracaso-en-la-gestion-de-la-crisis-ruso-ucraniana\/","url_meta":{"origin":9805,"position":1},"title":"TABLERO MUNDIAL: Biden rumbo al fracaso en la gesti\u00f3n de la crisis ruso-ucraniana","date":"13 de febrero de 2022","format":false,"excerpt":"Como bien se sabe, las crisis diplom\u00e1ticas suelen dilatarse para resolverse, pueden llevar meses y hasta a\u00f1os. En ese sentido, la actual coyuntura de Rusia y Urania exacerbada por la intenci\u00f3n de la \u00faltima de formar parte de la OTAN, acci\u00f3n que rechaza totalmente el Kremlin por considerar ello una\u2026","rel":"","context":"En \u00abAnalisis\u00bb","img":{"alt_text":"","src":"https:\/\/i0.wp.com\/informatepy.com\/2021\/wp-content\/uploads\/2021\/11\/nahem.png?fit=1200%2C657&ssl=1&resize=350%2C200","width":350,"height":200},"classes":[]},{"id":4005,"url":"https:\/\/informatepy.com\/2021\/2021\/03\/17\/biden-dijo-que-cree-que-putin-es-un-asesino-y-que-pronto-pagara-el-precio-por-sus-actos\/","url_meta":{"origin":9805,"position":2},"title":"Biden dijo que cree que Putin es un asesino y que pronto pagar\u00e1 el precio por sus actos","date":"17 de marzo de 2021","format":false,"excerpt":"El mandatario estadounidense se refiri\u00f3 a los informes de inteligencia que se\u00f1alan que el jefe del Kremlin autoriz\u00f3 la interferencia electoral en los comicios de 2020 y revel\u00f3 que le dijo que \u201cest\u00e9 preparado\u201d para las consecuencias","rel":"","context":"En \u00abDestacados\u00bb","img":{"alt_text":"","src":"https:\/\/i0.wp.com\/informatepy.com\/2021\/wp-content\/uploads\/2021\/03\/biden-putin.jpg?fit=1200%2C800&ssl=1&resize=350%2C200","width":350,"height":200},"classes":[]},{"id":9202,"url":"https:\/\/informatepy.com\/2021\/2022\/01\/03\/tablero-mundial-balance-internacional-2021\/","url_meta":{"origin":9805,"position":3},"title":"Tablero Mundial: Balance Internacional 2021","date":"3 de enero de 2022","format":false,"excerpt":"El acontecer mundial a lo largo del a\u00f1o 2021, a nuestro juicio, estuvo marcado por cuatro grandes temas: la pandemia\/sindemia\/parapandemia del virus de Wuhan o COVID19; la humillaci\u00f3n de USA tras su desastrosa retirada de Afganist\u00e1n; la escalada agresiva de China contra India y Taiw\u00e1n y; finalmente las fuertes fricciones\u2026","rel":"","context":"En \u00abAnalisis\u00bb","img":{"alt_text":"","src":"https:\/\/i0.wp.com\/informatepy.com\/2021\/wp-content\/uploads\/2021\/11\/nahem.png?fit=1200%2C657&ssl=1&resize=350%2C200","width":350,"height":200},"classes":[]},{"id":10491,"url":"https:\/\/informatepy.com\/2021\/2022\/03\/08\/biden-se-rinde-y-negocia-con-nicolas-maduro-para-comprar-petroleo\/","url_meta":{"origin":9805,"position":4},"title":"Biden \u00abse rinde\u00bb y negocia con Nicol\u00e1s Maduro para comprar petr\u00f3leo","date":"8 de marzo de 2022","format":false,"excerpt":"A pesar de haber acusado a Nicol\u00e1s Maduro de narcotraficante y ofrecer una recompensa de 15 millones de d\u00f3lares por su captura, el gobierno de Joe Biden envi\u00f3 una delegaci\u00f3n a Venezuela a fin de negociar posibles compras de petr\u00f3leo. Seg\u00fan la agencia de noticias AP el presidente de Estados\u2026","rel":"","context":"En \u00abMundo\u00bb","img":{"alt_text":"","src":"https:\/\/i0.wp.com\/informatepy.com\/2021\/wp-content\/uploads\/2021\/03\/maduro-estetica-comunista.jpg?fit=996%2C662&ssl=1&resize=350%2C200","width":350,"height":200},"classes":[]},{"id":4557,"url":"https:\/\/informatepy.com\/2021\/2021\/04\/19\/el-multilateralismo-esta-al-borde-de-su-extincion-y-ucrania-es-la-clave\/","url_meta":{"origin":9805,"position":5},"title":"El multilateralismo est\u00e1 al borde de su extinci\u00f3n y Ucrania es la clave","date":"19 de abril de 2021","format":false,"excerpt":"Ucrania, exrep\u00fablica sovi\u00e9tica, obtuvo su independencia despu\u00e9s del colapso de la Uni\u00f3n Sovi\u00e9tica, en 1991. Como siempre tuvo una marcada inclinaci\u00f3n hacia las pol\u00edticas de occidente, el gobierno ruso la considera una amenaza a sus intereses. La \u00faltima escalada de este conflicto entre Rusia y Ucrania se inici\u00f3 en febrero\u2026","rel":"","context":"En \u00abDestacados\u00bb","img":{"alt_text":"","src":"https:\/\/i0.wp.com\/informatepy.com\/2021\/wp-content\/uploads\/2021\/04\/imperialismo.jpg?fit=1200%2C650&ssl=1&resize=350%2C200","width":350,"height":200},"classes":[]}],"authors":[{"term_id":1291,"user_id":15,"is_guest":0,"slug":"nreyes","display_name":"Nahem Reyes","avatar_url":"https:\/\/i0.wp.com\/informatepy.com\/2021\/wp-content\/uploads\/2021\/07\/Nahem-Reyes.jpg?fit=96%2C96&ssl=1","first_name":"Nahem","last_name":"Reyes","user_url":"","description":"Profesor en geograf\u00eda e historia por la Universidad Cat\u00f3lica Andr\u00e9s Bello, Venezuela. Analista pol\u00edtico"}],"amp_enabled":true,"_links":{"self":[{"href":"https:\/\/informatepy.com\/2021\/wp-json\/wp\/v2\/posts\/9805","targetHints":{"allow":["GET"]}}],"collection":[{"href":"https:\/\/informatepy.com\/2021\/wp-json\/wp\/v2\/posts"}],"about":[{"href":"https:\/\/informatepy.com\/2021\/wp-json\/wp\/v2\/types\/post"}],"author":[{"embeddable":true,"href":"https:\/\/informatepy.com\/2021\/wp-json\/wp\/v2\/users\/15"}],"replies":[{"embeddable":true,"href":"https:\/\/informatepy.com\/2021\/wp-json\/wp\/v2\/comments?post=9805"}],"version-history":[{"count":1,"href":"https:\/\/informatepy.com\/2021\/wp-json\/wp\/v2\/posts\/9805\/revisions"}],"predecessor-version":[{"id":9806,"href":"https:\/\/informatepy.com\/2021\/wp-json\/wp\/v2\/posts\/9805\/revisions\/9806"}],"wp:featuredmedia":[{"embeddable":true,"href":"https:\/\/informatepy.com\/2021\/wp-json\/wp\/v2\/media\/8512"}],"wp:attachment":[{"href":"https:\/\/informatepy.com\/2021\/wp-json\/wp\/v2\/media?parent=9805"}],"wp:term":[{"taxonomy":"category","embeddable":true,"href":"https:\/\/informatepy.com\/2021\/wp-json\/wp\/v2\/categories?post=9805"},{"taxonomy":"post_tag","embeddable":true,"href":"https:\/\/informatepy.com\/2021\/wp-json\/wp\/v2\/tags?post=9805"},{"taxonomy":"author","embeddable":true,"href":"https:\/\/informatepy.com\/2021\/wp-json\/wp\/v2\/ppma_author?post=9805"}],"curies":[{"name":"wp","href":"https:\/\/api.w.org\/{rel}","templated":true}]}}