{"id":9744,"date":"2022-01-26T15:14:03","date_gmt":"2022-01-26T18:14:03","guid":{"rendered":"https:\/\/informatepy.com\/2021\/?p=9744"},"modified":"2022-01-26T15:14:06","modified_gmt":"2022-01-26T18:14:06","slug":"abierto-de-australia-abuchean-a-medvedev-por-acordarse-de-novak-djokovic","status":"publish","type":"post","link":"https:\/\/informatepy.com\/2021\/2022\/01\/26\/abierto-de-australia-abuchean-a-medvedev-por-acordarse-de-novak-djokovic\/","title":{"rendered":"Abierto de Australia: Abuchean a Medvedev por acordarse de Novak Djokovic"},"content":{"rendered":"\n<p class=\"has-text-align-justify\"><strong>Daniil Medvedev&nbsp;<\/strong>siempre dice lo que piensa y es una de las personalidades que tanto se reclama en el mundo del tenis.<\/p>\n\n\n\n<p class=\"has-text-align-justify\">El ruso,\u00a0silbado en el partido de segunda ronda ante el local Nick Kyrgios, se dirigi\u00f3 otra vez a la grada despu\u00e9s de ganar en cinco sets su partido de cuartos con Felix Auger-Aliassime.<\/p>\n\n\n\n<p class=\"has-text-align-justify\">Preguntado por Jim Courier sobre la clave de la remontada, que le llev\u00f3 a levantar dos sets y una bola de partido, Medvedev respondi\u00f3 con la sinceridad que le caracteriza y le hace aut\u00e9ntico.<\/p>\n\n\n\n<figure class=\"wp-block-embed is-type-rich is-provider-twitter wp-block-embed-twitter\"><div class=\"wp-block-embed__wrapper\">\n<blockquote class=\"twitter-tweet\" data-width=\"550\" data-dnt=\"true\"><p lang=\"en\" dir=\"ltr\">&quot;I asked myself &#39;what would Novak do?&#39;&quot; \ud83d\ude2c<br><br>Fair to say Medvedev got a mixed reaction when he revealed his comeback inspiration! \ud83d\ude32<a href=\"https:\/\/twitter.com\/hashtag\/AusOpen?src=hash&amp;ref_src=twsrc%5Etfw\">#AusOpen<\/a> &#8211; Live on Channel 9 and 9Now <a href=\"https:\/\/t.co\/WQRAgFtdu5\">pic.twitter.com\/WQRAgFtdu5<\/a><\/p>&mdash; Wide World of Sports (@wwos) <a href=\"https:\/\/twitter.com\/wwos\/status\/1486332992595415042?ref_src=twsrc%5Etfw\">January 26, 2022<\/a><\/blockquote><script async src=\"https:\/\/platform.twitter.com\/widgets.js\" charset=\"utf-8\"><\/script>\n<\/div><\/figure>\n\n\n\n<p><strong><em>\u00abNo s\u00e9 si gustar\u00e1 la respuesta a la gente, pero me dije a m\u00ed mismo qu\u00e9 har\u00eda Djokovic y c\u00f3mo afrontar\u00eda \u00e9l esa situaci\u00f3n\u00bb<\/em><\/strong>, dec\u00eda. Al escuchar algunos pitos, porque <strong>Novak <\/strong>fue deportado de Australia al considerarse un mal ejemplo por no vacunarse.<\/p>\n","protected":false},"excerpt":{"rendered":"<p>El ruso escuch\u00f3 silbidos al referirse al serbio, expulsado de Australia al considerarse un mal ejemplo para la poblaci\u00f3n al no haberse vacunado contra el coronavirus<\/p>\n","protected":false},"author":4,"featured_media":9745,"comment_status":"open","ping_status":"open","sticky":false,"template":"","format":"standard","meta":{"_monsterinsights_skip_tracking":false,"_monsterinsights_sitenote_active":false,"_monsterinsights_sitenote_note":"","_monsterinsights_sitenote_category":0,"footnotes":"","jetpack_publicize_message":"","jetpack_is_tweetstorm":false,"jetpack_publicize_feature_enabled":true},"categories":[183],"tags":[869,1663,1585],"ppma_author":[1051],"class_list":["post-9744","post","type-post","status-publish","format-standard","has-post-thumbnail","hentry","category-deportes","tag-australia","tag-medvedev","tag-novak-djokovic"],"jetpack_publicize_connections":[],"yoast_head":"<!-- This site is optimized with the Yoast SEO plugin v27.4 - https:\/\/yoast.com\/product\/yoast-seo-wordpress\/ -->\n<title>Abierto de Australia: Abuchean a Medvedev por acordarse de Novak Djokovic - Informatepy<\/title>\n<meta name=\"robots\" content=\"index, follow, max-snippet:-1, max-image-preview:large, max-video-preview:-1\" \/>\n<link rel=\"canonical\" href=\"https:\/\/informatepy.com\/2021\/2022\/01\/26\/abierto-de-australia-abuchean-a-medvedev-por-acordarse-de-novak-djokovic\/\" \/>\n<meta property=\"og:locale\" content=\"es_ES\" \/>\n<meta property=\"og:type\" content=\"article\" \/>\n<meta property=\"og:title\" content=\"Abierto de Australia: Abuchean a Medvedev por acordarse de Novak Djokovic - Informatepy\" \/>\n<meta property=\"og:description\" content=\"El ruso escuch\u00f3 silbidos al referirse al serbio, expulsado de Australia al considerarse un mal ejemplo para la poblaci\u00f3n al no haberse vacunado contra el coronavirus\" \/>\n<meta property=\"og:url\" content=\"https:\/\/informatepy.com\/2021\/2022\/01\/26\/abierto-de-australia-abuchean-a-medvedev-por-acordarse-de-novak-djokovic\/\" \/>\n<meta property=\"og:site_name\" content=\"Informatepy\" \/>\n<meta property=\"article:author\" content=\"https:\/\/www.facebook.com\/InformatePyCom\" \/>\n<meta property=\"article:published_time\" content=\"2022-01-26T18:14:03+00:00\" \/>\n<meta property=\"article:modified_time\" content=\"2022-01-26T18:14:06+00:00\" \/>\n<meta property=\"og:image\" content=\"https:\/\/informatepy.com\/2021\/wp-content\/uploads\/2022\/01\/medvedev.jpg\" \/>\n\t<meta property=\"og:image:width\" content=\"1920\" \/>\n\t<meta property=\"og:image:height\" content=\"1080\" \/>\n\t<meta property=\"og:image:type\" content=\"image\/jpeg\" \/>\n<meta name=\"author\" content=\"Redacci\u00f3n\" \/>\n<meta name=\"twitter:card\" content=\"summary_large_image\" \/>\n<meta name=\"twitter:creator\" content=\"@https:\/\/twitter.com\/InformatePy1\" \/>\n<meta name=\"twitter:label1\" content=\"Escrito por\" \/>\n\t<meta name=\"twitter:data1\" content=\"Redacci\u00f3n\" \/>\n\t<meta name=\"twitter:label2\" content=\"Tiempo de lectura\" \/>\n\t<meta name=\"twitter:data2\" content=\"1 minuto\" \/>\n<script type=\"application\/ld+json\" class=\"yoast-schema-graph\">{\"@context\":\"https:\\\/\\\/schema.org\",\"@graph\":[{\"@type\":\"Article\",\"@id\":\"https:\\\/\\\/informatepy.com\\\/2021\\\/2022\\\/01\\\/26\\\/abierto-de-australia-abuchean-a-medvedev-por-acordarse-de-novak-djokovic\\\/#article\",\"isPartOf\":{\"@id\":\"https:\\\/\\\/informatepy.com\\\/2021\\\/2022\\\/01\\\/26\\\/abierto-de-australia-abuchean-a-medvedev-por-acordarse-de-novak-djokovic\\\/\"},\"author\":{\"name\":\"Redacci\u00f3n\",\"@id\":\"https:\\\/\\\/informatepy.com\\\/2021\\\/#\\\/schema\\\/person\\\/0c842f525f84ea74ef3b44370d11757b\"},\"headline\":\"Abierto de Australia: Abuchean a Medvedev por acordarse de Novak Djokovic\",\"datePublished\":\"2022-01-26T18:14:03+00:00\",\"dateModified\":\"2022-01-26T18:14:06+00:00\",\"mainEntityOfPage\":{\"@id\":\"https:\\\/\\\/informatepy.com\\\/2021\\\/2022\\\/01\\\/26\\\/abierto-de-australia-abuchean-a-medvedev-por-acordarse-de-novak-djokovic\\\/\"},\"wordCount\":157,\"commentCount\":0,\"publisher\":{\"@id\":\"https:\\\/\\\/informatepy.com\\\/2021\\\/#\\\/schema\\\/person\\\/edd302c981d6ba4596191719d1025a8a\"},\"image\":{\"@id\":\"https:\\\/\\\/informatepy.com\\\/2021\\\/2022\\\/01\\\/26\\\/abierto-de-australia-abuchean-a-medvedev-por-acordarse-de-novak-djokovic\\\/#primaryimage\"},\"thumbnailUrl\":\"https:\\\/\\\/i0.wp.com\\\/informatepy.com\\\/2021\\\/wp-content\\\/uploads\\\/2022\\\/01\\\/medvedev.jpg?fit=1920%2C1080&ssl=1\",\"keywords\":[\"australia\",\"medvedev\",\"novak djokovic\"],\"articleSection\":[\"Deportes\"],\"inLanguage\":\"es\",\"potentialAction\":[{\"@type\":\"CommentAction\",\"name\":\"Comment\",\"target\":[\"https:\\\/\\\/informatepy.com\\\/2021\\\/2022\\\/01\\\/26\\\/abierto-de-australia-abuchean-a-medvedev-por-acordarse-de-novak-djokovic\\\/#respond\"]}]},{\"@type\":\"WebPage\",\"@id\":\"https:\\\/\\\/informatepy.com\\\/2021\\\/2022\\\/01\\\/26\\\/abierto-de-australia-abuchean-a-medvedev-por-acordarse-de-novak-djokovic\\\/\",\"url\":\"https:\\\/\\\/informatepy.com\\\/2021\\\/2022\\\/01\\\/26\\\/abierto-de-australia-abuchean-a-medvedev-por-acordarse-de-novak-djokovic\\\/\",\"name\":\"Abierto de Australia: Abuchean a Medvedev por acordarse de Novak Djokovic - Informatepy\",\"isPartOf\":{\"@id\":\"https:\\\/\\\/informatepy.com\\\/2021\\\/#website\"},\"primaryImageOfPage\":{\"@id\":\"https:\\\/\\\/informatepy.com\\\/2021\\\/2022\\\/01\\\/26\\\/abierto-de-australia-abuchean-a-medvedev-por-acordarse-de-novak-djokovic\\\/#primaryimage\"},\"image\":{\"@id\":\"https:\\\/\\\/informatepy.com\\\/2021\\\/2022\\\/01\\\/26\\\/abierto-de-australia-abuchean-a-medvedev-por-acordarse-de-novak-djokovic\\\/#primaryimage\"},\"thumbnailUrl\":\"https:\\\/\\\/i0.wp.com\\\/informatepy.com\\\/2021\\\/wp-content\\\/uploads\\\/2022\\\/01\\\/medvedev.jpg?fit=1920%2C1080&ssl=1\",\"datePublished\":\"2022-01-26T18:14:03+00:00\",\"dateModified\":\"2022-01-26T18:14:06+00:00\",\"breadcrumb\":{\"@id\":\"https:\\\/\\\/informatepy.com\\\/2021\\\/2022\\\/01\\\/26\\\/abierto-de-australia-abuchean-a-medvedev-por-acordarse-de-novak-djokovic\\\/#breadcrumb\"},\"inLanguage\":\"es\",\"potentialAction\":[{\"@type\":\"ReadAction\",\"target\":[\"https:\\\/\\\/informatepy.com\\\/2021\\\/2022\\\/01\\\/26\\\/abierto-de-australia-abuchean-a-medvedev-por-acordarse-de-novak-djokovic\\\/\"]}]},{\"@type\":\"ImageObject\",\"inLanguage\":\"es\",\"@id\":\"https:\\\/\\\/informatepy.com\\\/2021\\\/2022\\\/01\\\/26\\\/abierto-de-australia-abuchean-a-medvedev-por-acordarse-de-novak-djokovic\\\/#primaryimage\",\"url\":\"https:\\\/\\\/i0.wp.com\\\/informatepy.com\\\/2021\\\/wp-content\\\/uploads\\\/2022\\\/01\\\/medvedev.jpg?fit=1920%2C1080&ssl=1\",\"contentUrl\":\"https:\\\/\\\/i0.wp.com\\\/informatepy.com\\\/2021\\\/wp-content\\\/uploads\\\/2022\\\/01\\\/medvedev.jpg?fit=1920%2C1080&ssl=1\",\"width\":1920,\"height\":1080},{\"@type\":\"BreadcrumbList\",\"@id\":\"https:\\\/\\\/informatepy.com\\\/2021\\\/2022\\\/01\\\/26\\\/abierto-de-australia-abuchean-a-medvedev-por-acordarse-de-novak-djokovic\\\/#breadcrumb\",\"itemListElement\":[{\"@type\":\"ListItem\",\"position\":1,\"name\":\"Portada\",\"item\":\"https:\\\/\\\/informatepy.com\\\/2021\\\/\"},{\"@type\":\"ListItem\",\"position\":2,\"name\":\"Abierto de Australia: Abuchean a Medvedev por acordarse de Novak Djokovic\"}]},{\"@type\":\"WebSite\",\"@id\":\"https:\\\/\\\/informatepy.com\\\/2021\\\/#website\",\"url\":\"https:\\\/\\\/informatepy.com\\\/2021\\\/\",\"name\":\"Informatepy\",\"description\":\"La verdad, siempre!\",\"publisher\":{\"@id\":\"https:\\\/\\\/informatepy.com\\\/2021\\\/#\\\/schema\\\/person\\\/edd302c981d6ba4596191719d1025a8a\"},\"potentialAction\":[{\"@type\":\"SearchAction\",\"target\":{\"@type\":\"EntryPoint\",\"urlTemplate\":\"https:\\\/\\\/informatepy.com\\\/2021\\\/?s={search_term_string}\"},\"query-input\":{\"@type\":\"PropertyValueSpecification\",\"valueRequired\":true,\"valueName\":\"search_term_string\"}}],\"inLanguage\":\"es\"},{\"@type\":[\"Person\",\"Organization\"],\"@id\":\"https:\\\/\\\/informatepy.com\\\/2021\\\/#\\\/schema\\\/person\\\/edd302c981d6ba4596191719d1025a8a\",\"name\":\"admin\",\"image\":{\"@type\":\"ImageObject\",\"inLanguage\":\"es\",\"@id\":\"https:\\\/\\\/secure.gravatar.com\\\/avatar\\\/5310f602b6cbcfb86e030c4ccdbb78f6565a3b9bab6a74ab80fd3cb5428b65af?s=96&d=mm&r=g\",\"url\":\"https:\\\/\\\/secure.gravatar.com\\\/avatar\\\/5310f602b6cbcfb86e030c4ccdbb78f6565a3b9bab6a74ab80fd3cb5428b65af?s=96&d=mm&r=g\",\"contentUrl\":\"https:\\\/\\\/secure.gravatar.com\\\/avatar\\\/5310f602b6cbcfb86e030c4ccdbb78f6565a3b9bab6a74ab80fd3cb5428b65af?s=96&d=mm&r=g\",\"caption\":\"admin\"},\"logo\":{\"@id\":\"https:\\\/\\\/secure.gravatar.com\\\/avatar\\\/5310f602b6cbcfb86e030c4ccdbb78f6565a3b9bab6a74ab80fd3cb5428b65af?s=96&d=mm&r=g\"},\"sameAs\":[\"http:\\\/\\\/informatepy.com\\\/2021\"]},{\"@type\":\"Person\",\"@id\":\"https:\\\/\\\/informatepy.com\\\/2021\\\/#\\\/schema\\\/person\\\/0c842f525f84ea74ef3b44370d11757b\",\"name\":\"Redacci\u00f3n\",\"image\":{\"@type\":\"ImageObject\",\"inLanguage\":\"es\",\"@id\":\"https:\\\/\\\/i0.wp.com\\\/informatepy.com\\\/2021\\\/wp-content\\\/uploads\\\/2021\\\/02\\\/informate-circulo.png?fit=96%2C96&ssl=1\",\"url\":\"https:\\\/\\\/i0.wp.com\\\/informatepy.com\\\/2021\\\/wp-content\\\/uploads\\\/2021\\\/02\\\/informate-circulo.png?fit=96%2C96&ssl=1\",\"contentUrl\":\"https:\\\/\\\/i0.wp.com\\\/informatepy.com\\\/2021\\\/wp-content\\\/uploads\\\/2021\\\/02\\\/informate-circulo.png?fit=96%2C96&ssl=1\",\"caption\":\"Redacci\u00f3n\"},\"sameAs\":[\"https:\\\/\\\/www.facebook.com\\\/InformatePyCom\",\"https:\\\/\\\/x.com\\\/https:\\\/\\\/twitter.com\\\/InformatePy1\"],\"url\":\"https:\\\/\\\/informatepy.com\\\/2021\\\/author\\\/redaccion\\\/\"}]}<\/script>\n<!-- \/ Yoast SEO plugin. -->","yoast_head_json":{"title":"Abierto de Australia: Abuchean a Medvedev por acordarse de Novak Djokovic - Informatepy","robots":{"index":"index","follow":"follow","max-snippet":"max-snippet:-1","max-image-preview":"max-image-preview:large","max-video-preview":"max-video-preview:-1"},"canonical":"https:\/\/informatepy.com\/2021\/2022\/01\/26\/abierto-de-australia-abuchean-a-medvedev-por-acordarse-de-novak-djokovic\/","og_locale":"es_ES","og_type":"article","og_title":"Abierto de Australia: Abuchean a Medvedev por acordarse de Novak Djokovic - Informatepy","og_description":"El ruso escuch\u00f3 silbidos al referirse al serbio, expulsado de Australia al considerarse un mal ejemplo para la poblaci\u00f3n al no haberse vacunado contra el coronavirus","og_url":"https:\/\/informatepy.com\/2021\/2022\/01\/26\/abierto-de-australia-abuchean-a-medvedev-por-acordarse-de-novak-djokovic\/","og_site_name":"Informatepy","article_author":"https:\/\/www.facebook.com\/InformatePyCom","article_published_time":"2022-01-26T18:14:03+00:00","article_modified_time":"2022-01-26T18:14:06+00:00","og_image":[{"width":1920,"height":1080,"url":"https:\/\/informatepy.com\/2021\/wp-content\/uploads\/2022\/01\/medvedev.jpg","type":"image\/jpeg"}],"author":"Redacci\u00f3n","twitter_card":"summary_large_image","twitter_creator":"@https:\/\/twitter.com\/InformatePy1","twitter_misc":{"Escrito por":"Redacci\u00f3n","Tiempo de lectura":"1 minuto"},"schema":{"@context":"https:\/\/schema.org","@graph":[{"@type":"Article","@id":"https:\/\/informatepy.com\/2021\/2022\/01\/26\/abierto-de-australia-abuchean-a-medvedev-por-acordarse-de-novak-djokovic\/#article","isPartOf":{"@id":"https:\/\/informatepy.com\/2021\/2022\/01\/26\/abierto-de-australia-abuchean-a-medvedev-por-acordarse-de-novak-djokovic\/"},"author":{"name":"Redacci\u00f3n","@id":"https:\/\/informatepy.com\/2021\/#\/schema\/person\/0c842f525f84ea74ef3b44370d11757b"},"headline":"Abierto de Australia: Abuchean a Medvedev por acordarse de Novak Djokovic","datePublished":"2022-01-26T18:14:03+00:00","dateModified":"2022-01-26T18:14:06+00:00","mainEntityOfPage":{"@id":"https:\/\/informatepy.com\/2021\/2022\/01\/26\/abierto-de-australia-abuchean-a-medvedev-por-acordarse-de-novak-djokovic\/"},"wordCount":157,"commentCount":0,"publisher":{"@id":"https:\/\/informatepy.com\/2021\/#\/schema\/person\/edd302c981d6ba4596191719d1025a8a"},"image":{"@id":"https:\/\/informatepy.com\/2021\/2022\/01\/26\/abierto-de-australia-abuchean-a-medvedev-por-acordarse-de-novak-djokovic\/#primaryimage"},"thumbnailUrl":"https:\/\/i0.wp.com\/informatepy.com\/2021\/wp-content\/uploads\/2022\/01\/medvedev.jpg?fit=1920%2C1080&ssl=1","keywords":["australia","medvedev","novak djokovic"],"articleSection":["Deportes"],"inLanguage":"es","potentialAction":[{"@type":"CommentAction","name":"Comment","target":["https:\/\/informatepy.com\/2021\/2022\/01\/26\/abierto-de-australia-abuchean-a-medvedev-por-acordarse-de-novak-djokovic\/#respond"]}]},{"@type":"WebPage","@id":"https:\/\/informatepy.com\/2021\/2022\/01\/26\/abierto-de-australia-abuchean-a-medvedev-por-acordarse-de-novak-djokovic\/","url":"https:\/\/informatepy.com\/2021\/2022\/01\/26\/abierto-de-australia-abuchean-a-medvedev-por-acordarse-de-novak-djokovic\/","name":"Abierto de Australia: Abuchean a Medvedev por acordarse de Novak Djokovic - Informatepy","isPartOf":{"@id":"https:\/\/informatepy.com\/2021\/#website"},"primaryImageOfPage":{"@id":"https:\/\/informatepy.com\/2021\/2022\/01\/26\/abierto-de-australia-abuchean-a-medvedev-por-acordarse-de-novak-djokovic\/#primaryimage"},"image":{"@id":"https:\/\/informatepy.com\/2021\/2022\/01\/26\/abierto-de-australia-abuchean-a-medvedev-por-acordarse-de-novak-djokovic\/#primaryimage"},"thumbnailUrl":"https:\/\/i0.wp.com\/informatepy.com\/2021\/wp-content\/uploads\/2022\/01\/medvedev.jpg?fit=1920%2C1080&ssl=1","datePublished":"2022-01-26T18:14:03+00:00","dateModified":"2022-01-26T18:14:06+00:00","breadcrumb":{"@id":"https:\/\/informatepy.com\/2021\/2022\/01\/26\/abierto-de-australia-abuchean-a-medvedev-por-acordarse-de-novak-djokovic\/#breadcrumb"},"inLanguage":"es","potentialAction":[{"@type":"ReadAction","target":["https:\/\/informatepy.com\/2021\/2022\/01\/26\/abierto-de-australia-abuchean-a-medvedev-por-acordarse-de-novak-djokovic\/"]}]},{"@type":"ImageObject","inLanguage":"es","@id":"https:\/\/informatepy.com\/2021\/2022\/01\/26\/abierto-de-australia-abuchean-a-medvedev-por-acordarse-de-novak-djokovic\/#primaryimage","url":"https:\/\/i0.wp.com\/informatepy.com\/2021\/wp-content\/uploads\/2022\/01\/medvedev.jpg?fit=1920%2C1080&ssl=1","contentUrl":"https:\/\/i0.wp.com\/informatepy.com\/2021\/wp-content\/uploads\/2022\/01\/medvedev.jpg?fit=1920%2C1080&ssl=1","width":1920,"height":1080},{"@type":"BreadcrumbList","@id":"https:\/\/informatepy.com\/2021\/2022\/01\/26\/abierto-de-australia-abuchean-a-medvedev-por-acordarse-de-novak-djokovic\/#breadcrumb","itemListElement":[{"@type":"ListItem","position":1,"name":"Portada","item":"https:\/\/informatepy.com\/2021\/"},{"@type":"ListItem","position":2,"name":"Abierto de Australia: Abuchean a Medvedev por acordarse de Novak Djokovic"}]},{"@type":"WebSite","@id":"https:\/\/informatepy.com\/2021\/#website","url":"https:\/\/informatepy.com\/2021\/","name":"Informatepy","description":"La verdad, siempre!","publisher":{"@id":"https:\/\/informatepy.com\/2021\/#\/schema\/person\/edd302c981d6ba4596191719d1025a8a"},"potentialAction":[{"@type":"SearchAction","target":{"@type":"EntryPoint","urlTemplate":"https:\/\/informatepy.com\/2021\/?s={search_term_string}"},"query-input":{"@type":"PropertyValueSpecification","valueRequired":true,"valueName":"search_term_string"}}],"inLanguage":"es"},{"@type":["Person","Organization"],"@id":"https:\/\/informatepy.com\/2021\/#\/schema\/person\/edd302c981d6ba4596191719d1025a8a","name":"admin","image":{"@type":"ImageObject","inLanguage":"es","@id":"https:\/\/secure.gravatar.com\/avatar\/5310f602b6cbcfb86e030c4ccdbb78f6565a3b9bab6a74ab80fd3cb5428b65af?s=96&d=mm&r=g","url":"https:\/\/secure.gravatar.com\/avatar\/5310f602b6cbcfb86e030c4ccdbb78f6565a3b9bab6a74ab80fd3cb5428b65af?s=96&d=mm&r=g","contentUrl":"https:\/\/secure.gravatar.com\/avatar\/5310f602b6cbcfb86e030c4ccdbb78f6565a3b9bab6a74ab80fd3cb5428b65af?s=96&d=mm&r=g","caption":"admin"},"logo":{"@id":"https:\/\/secure.gravatar.com\/avatar\/5310f602b6cbcfb86e030c4ccdbb78f6565a3b9bab6a74ab80fd3cb5428b65af?s=96&d=mm&r=g"},"sameAs":["http:\/\/informatepy.com\/2021"]},{"@type":"Person","@id":"https:\/\/informatepy.com\/2021\/#\/schema\/person\/0c842f525f84ea74ef3b44370d11757b","name":"Redacci\u00f3n","image":{"@type":"ImageObject","inLanguage":"es","@id":"https:\/\/i0.wp.com\/informatepy.com\/2021\/wp-content\/uploads\/2021\/02\/informate-circulo.png?fit=96%2C96&ssl=1","url":"https:\/\/i0.wp.com\/informatepy.com\/2021\/wp-content\/uploads\/2021\/02\/informate-circulo.png?fit=96%2C96&ssl=1","contentUrl":"https:\/\/i0.wp.com\/informatepy.com\/2021\/wp-content\/uploads\/2021\/02\/informate-circulo.png?fit=96%2C96&ssl=1","caption":"Redacci\u00f3n"},"sameAs":["https:\/\/www.facebook.com\/InformatePyCom","https:\/\/x.com\/https:\/\/twitter.com\/InformatePy1"],"url":"https:\/\/informatepy.com\/2021\/author\/redaccion\/"}]}},"jetpack_featured_media_url":"https:\/\/i0.wp.com\/informatepy.com\/2021\/wp-content\/uploads\/2022\/01\/medvedev.jpg?fit=1920%2C1080&ssl=1","jetpack_sharing_enabled":true,"jetpack_likes_enabled":true,"jetpack-related-posts":[{"id":8901,"url":"https:\/\/informatepy.com\/2021\/2021\/12\/18\/novak-djokovic-le-doblo-el-brazo-al-abierto-de-australia\/","url_meta":{"origin":9744,"position":0},"title":"Novak Djokovic le dobl\u00f3 el brazo al Abierto de Australia","date":"18 de diciembre de 2021","format":false,"excerpt":"Luego de que muchas figuras, entre ellas el n\u00famero 1 del mundo, las autoridades del torneo han decidido aplicar un importante cambio en sus pol\u00edticas sanitarias","rel":"","context":"En \u00abDeportes\u00bb","img":{"alt_text":"","src":"https:\/\/i0.wp.com\/informatepy.com\/2021\/wp-content\/uploads\/2021\/12\/novak-djokovic.jpg?fit=1200%2C815&ssl=1&resize=350%2C200","width":350,"height":200},"classes":[]},{"id":9335,"url":"https:\/\/informatepy.com\/2021\/2022\/01\/10\/novak-djokovic-gano-el-juicio-contra-su-deportacion\/","url_meta":{"origin":9744,"position":1},"title":"Novak Djokovic gan\u00f3 el juicio contra su deportaci\u00f3n","date":"10 de enero de 2022","format":false,"excerpt":"Un tribunal australiano orden\u00f3 este lunes la liberaci\u00f3n del tenista n\u00famero uno, el serbio Novak Djokovic, quien se encontraba detenido desde el jueves pasado en un centro de detenci\u00f3n de la ciudad de Melbourne\u00a0tras la revocaci\u00f3n de su visado por no estar vacunado contra el covid-19. Y aunque el gobierno\u2026","rel":"","context":"En \u00abDeportes\u00bb","img":{"alt_text":"","src":"https:\/\/i0.wp.com\/informatepy.com\/2021\/wp-content\/uploads\/2022\/01\/novak-djokovic1.jpg?fit=1200%2C800&ssl=1&resize=350%2C200","width":350,"height":200},"classes":[]},{"id":9285,"url":"https:\/\/informatepy.com\/2021\/2022\/01\/07\/el-abierto-de-australia-cancela-otra-atleta\/","url_meta":{"origin":9744,"position":2},"title":"El Abierto de Australia cancela a otra atleta","date":"7 de enero de 2022","format":false,"excerpt":"A la jugadora de tenis checa,\u00a0Renata Voracova se le ha cancelado su visa australiana y est\u00e1 detenida en el mismo hotel en el que se encuentra el jugador serbio Novak Djokovic, seg\u00fan informa el medio local ABC. La Fuerza Fronteriza Australiana luego de detener a la atleta, la retiene en\u2026","rel":"","context":"En \u00abDeportes\u00bb","img":{"alt_text":"","src":"https:\/\/i0.wp.com\/informatepy.com\/2021\/wp-content\/uploads\/2022\/01\/abierto-de-australia.jpg?fit=720%2C405&ssl=1&resize=350%2C200","width":350,"height":200},"classes":[]},{"id":9243,"url":"https:\/\/informatepy.com\/2021\/2022\/01\/05\/australia-cancelo-la-visa-de-djokovic-y-no-jugara-el-abierto\/","url_meta":{"origin":9744,"position":3},"title":"Australia cancel\u00f3 la visa de Djokovic y no jugar\u00e1 el abierto","date":"5 de enero de 2022","format":false,"excerpt":"Aunque sus abogados intentar\u00e1n apelar la decisi\u00f3n, el serbio, que hab\u00eda tramitado la exenci\u00f3n m\u00e9dica por no estar vacunado, no pudo pasar del aeropuerto por un problema en su visado y no disputar\u00e1 el Grand Slam. Tras casi nueve horas retenido en el Aeropuerto Internacional Tullamarine de la ciudad de\u2026","rel":"","context":"En \u00abDeportes\u00bb","img":{"alt_text":"","src":"https:\/\/i0.wp.com\/informatepy.com\/2021\/wp-content\/uploads\/2022\/01\/novak-abierto-de-australia.jpg?fit=720%2C405&ssl=1&resize=350%2C200","width":350,"height":200},"classes":[]},{"id":9209,"url":"https:\/\/informatepy.com\/2021\/2022\/01\/04\/novak-djokovic-recibe-una-exencion-medica-del-gobierno-australiano-y-jugara-el-open-de-australia\/","url_meta":{"origin":9744,"position":4},"title":"Novak Djokovic recibe una exenci\u00f3n m\u00e9dica del Gobierno australiano y jugar\u00e1 el Open de Australia","date":"4 de enero de 2022","format":false,"excerpt":"A pesar de que los pol\u00edticos locales hab\u00edan insistido en que no entrar\u00eda sin estar vacunado, el n\u00famero uno podr\u00e1 defender la corona de campe\u00f3n","rel":"","context":"En \u00abDeportes\u00bb","img":{"alt_text":"","src":"https:\/\/i0.wp.com\/informatepy.com\/2021\/wp-content\/uploads\/2022\/01\/novak-djokovic1.jpg?fit=1200%2C800&ssl=1&resize=350%2C200","width":350,"height":200},"classes":[]},{"id":10415,"url":"https:\/\/informatepy.com\/2021\/2022\/03\/03\/novak-djokovic-a-roland-garros\/","url_meta":{"origin":9744,"position":5},"title":"Novak Djokovic a Roland Garros","date":"3 de marzo de 2022","format":false,"excerpt":"El serbio podr\u00e1 jugar en Roland Garros y revalidar el t\u00edtulo que gan\u00f3 el pasado a\u00f1o ante Stefanos Tsitsipas, luego de hacerse p\u00fablico que el gobierno de Macron retirar\u00e1 la exigencia del pasaporte COVID para entrar en el pa\u00eds a partir del 14 de marzo. Tras ser expulsado por el\u2026","rel":"","context":"En \u00abDeportes\u00bb","img":{"alt_text":"","src":"https:\/\/i0.wp.com\/informatepy.com\/2021\/wp-content\/uploads\/2022\/01\/novak-djokovic1.jpg?fit=1200%2C800&ssl=1&resize=350%2C200","width":350,"height":200},"classes":[]}],"authors":[{"term_id":1051,"user_id":4,"is_guest":0,"slug":"redaccion","display_name":"Redacci\u00f3n","avatar_url":"https:\/\/i0.wp.com\/informatepy.com\/2021\/wp-content\/uploads\/2021\/02\/informate-circulo.png?fit=96%2C96&ssl=1","first_name":"Redacci\u00f3n","last_name":"","user_url":"","description":""}],"amp_enabled":true,"_links":{"self":[{"href":"https:\/\/informatepy.com\/2021\/wp-json\/wp\/v2\/posts\/9744","targetHints":{"allow":["GET"]}}],"collection":[{"href":"https:\/\/informatepy.com\/2021\/wp-json\/wp\/v2\/posts"}],"about":[{"href":"https:\/\/informatepy.com\/2021\/wp-json\/wp\/v2\/types\/post"}],"author":[{"embeddable":true,"href":"https:\/\/informatepy.com\/2021\/wp-json\/wp\/v2\/users\/4"}],"replies":[{"embeddable":true,"href":"https:\/\/informatepy.com\/2021\/wp-json\/wp\/v2\/comments?post=9744"}],"version-history":[{"count":1,"href":"https:\/\/informatepy.com\/2021\/wp-json\/wp\/v2\/posts\/9744\/revisions"}],"predecessor-version":[{"id":9746,"href":"https:\/\/informatepy.com\/2021\/wp-json\/wp\/v2\/posts\/9744\/revisions\/9746"}],"wp:featuredmedia":[{"embeddable":true,"href":"https:\/\/informatepy.com\/2021\/wp-json\/wp\/v2\/media\/9745"}],"wp:attachment":[{"href":"https:\/\/informatepy.com\/2021\/wp-json\/wp\/v2\/media?parent=9744"}],"wp:term":[{"taxonomy":"category","embeddable":true,"href":"https:\/\/informatepy.com\/2021\/wp-json\/wp\/v2\/categories?post=9744"},{"taxonomy":"post_tag","embeddable":true,"href":"https:\/\/informatepy.com\/2021\/wp-json\/wp\/v2\/tags?post=9744"},{"taxonomy":"author","embeddable":true,"href":"https:\/\/informatepy.com\/2021\/wp-json\/wp\/v2\/ppma_author?post=9744"}],"curies":[{"name":"wp","href":"https:\/\/api.w.org\/{rel}","templated":true}]}}