{"id":9648,"date":"2022-01-23T15:26:15","date_gmt":"2022-01-23T18:26:15","guid":{"rendered":"https:\/\/informatepy.com\/2021\/?p=9648"},"modified":"2022-01-23T15:26:18","modified_gmt":"2022-01-23T18:26:18","slug":"las-marchas-contra-las-restricciones-se-extienden-por-toda-europa","status":"publish","type":"post","link":"https:\/\/informatepy.com\/2021\/2022\/01\/23\/las-marchas-contra-las-restricciones-se-extienden-por-toda-europa\/","title":{"rendered":"Las marchas contra las restricciones se extienden por toda Europa"},"content":{"rendered":"\n<p class=\"has-text-align-justify\">La polic\u00eda us\u00f3 ca\u00f1ones de agua y gases lacrim\u00f3genos para dispersar una&nbsp;<strong>protesta<\/strong>&nbsp;el domingo en&nbsp;<strong>Bruselas<\/strong>&nbsp;en contra de las&nbsp;<strong>vacunas contra el coronavirus<\/strong>&nbsp;y las&nbsp;<strong>medidas aplicadas para tratar de frenar la propagaci\u00f3n de la pandemia<\/strong>.<\/p>\n\n\n\n<p class=\"has-text-align-justify\">Miles de personas acudieron a la\u00a0<strong>protesta<\/strong>, algunas provenientes de <strong>Francia, Alemania y otros pa\u00edses<\/strong>. Los\u00a0<strong>manifestantes<\/strong>\u00a0coreaban \u201c\u00a1Libertad! \u00a1Libertad!\u201d mientras marchaban. Tambi\u00e9n hubo\u00a0<strong>protestas<\/strong>\u00a0en Barcelona,\u00a0<strong>Espa\u00f1a<\/strong>.<\/p>\n\n\n\n<p class=\"has-text-align-justify\">En Bruselas, la polic\u00eda antimotines repetidamente embisti\u00f3 a los manifestantes, que ignoraron los llamados a dispersarse. Los agentes dispararon potentes chorros y una nube de gas lacrim\u00f3geno cubr\u00eda la capital belga.<\/p>\n\n\n\n<figure class=\"wp-block-embed aligncenter is-type-rich is-provider-twitter wp-block-embed-twitter\"><div class=\"wp-block-embed__wrapper\">\n<blockquote class=\"twitter-tweet\" data-width=\"550\" data-dnt=\"true\"><p lang=\"es\" dir=\"ltr\">\ud83d\udd25\u00bfSe acaba la paciencia? <br><br>Violentas manifestaciones contra el pase sanitario en el Edificio de la Uni\u00f3n Europea (Servicio Europeo de Acci\u00f3n Exterior) en la ciudad de Bruselas. <a href=\"https:\/\/t.co\/LCsNUXvZ7O\">pic.twitter.com\/LCsNUXvZ7O<\/a><\/p>&mdash; InformatePy (@InformatePy1) <a href=\"https:\/\/twitter.com\/InformatePy1\/status\/1485259316265431044?ref_src=twsrc%5Etfw\">January 23, 2022<\/a><\/blockquote><script async src=\"https:\/\/platform.twitter.com\/widgets.js\" charset=\"utf-8\"><\/script>\n<\/div><\/figure>\n\n\n\n<p class=\"has-text-align-justify\">Uno de los l\u00edderes de la protesta us\u00f3 un meg\u00e1fono para gritar \u201c\u00a1Adelante, gente! \u00a1No dejen que les quiten sus derechos!\u201d, mientras los polic\u00edas encaraban a los manifestantes que les lanzaban proyectiles e insultos.<\/p>\n\n\n\n<p class=\"has-text-align-justify\">En Barcelona, los manifestantes marcharon y portaban carteles como uno que dec\u00eda \u201cNo es una pandemia, es una dictadura\u201d.<\/p>\n\n\n\n<p><strong>Las protestas del s\u00e1bado<\/strong><\/p>\n\n\n\n<p class=\"has-text-align-justify\">Miles de personas participaron el s\u00e1bado en protestas en varias capitales europeas contra las medidas dictadas para detener la propagaci\u00f3n del coronavirus.<\/p>\n\n\n\n<p>Hubo manifestaciones en Atenas, Helsinki, Londres, Par\u00eds y Estocolmo.<\/p>\n\n\n\n<p class=\"has-text-align-justify\">Miles de personas marcharon en Par\u00eds en contra de nuevas normas seg\u00fan las cuales los no vacunados no podr\u00e1n abordar vuelos nacionales, eventos deportivos, bares, cines y otros espacios.<\/p>\n\n\n\n<p>La prensa francesa inform\u00f3 de multitudinarias protestas en otras ciudades del pa\u00eds.<\/p>\n\n\n\n<p class=\"has-text-align-justify\">En Suecia, donde es necesario presentar constancia de vacunaci\u00f3n para asistir a eventos en espacios cerrados de m\u00e1s de 50 personas, unas 3.000 personas marcharon por el centro de Estocolmo hacia una plaza c\u00e9ntrica, en una protesta organizada por la organizaci\u00f3n Frihetsrorelsen (\u201cMovimiento Libertad\u201d).<\/p>\n\n\n\n<p class=\"has-text-align-justify\">En Helsinki, unas 4.000 personas marcharon el s\u00e1bado por las calles del centro, inform\u00f3 la polic\u00eda, en una protesta organizada por la agrupaci\u00f3n World Wide Demonstration. No se report\u00f3 ning\u00fan altercado.<\/p>\n","protected":false},"excerpt":{"rendered":"<p>La polic\u00eda us\u00f3 ca\u00f1ones de agua y gases lacrim\u00f3genos para dispersar una&nbsp;protesta&nbsp;el domingo en&nbsp;Bruselas&nbsp;en contra de las&nbsp;vacunas contra el coronavirus&nbsp;y las&nbsp;medidas aplicadas para tratar de frenar la propagaci\u00f3n de la pandemia. Miles de personas acudieron a la\u00a0protesta, algunas provenientes de Francia, Alemania y otros pa\u00edses. Los\u00a0manifestantes\u00a0coreaban \u201c\u00a1Libertad! \u00a1Libertad!\u201d mientras marchaban. Tambi\u00e9n hubo\u00a0protestas\u00a0en Barcelona,\u00a0Espa\u00f1a. En Bruselas, [&hellip;]<\/p>\n","protected":false},"author":4,"featured_media":9649,"comment_status":"open","ping_status":"open","sticky":false,"template":"","format":"standard","meta":{"_monsterinsights_skip_tracking":false,"_monsterinsights_sitenote_active":false,"_monsterinsights_sitenote_note":"","_monsterinsights_sitenote_category":0,"footnotes":"","jetpack_publicize_message":"","jetpack_is_tweetstorm":false,"jetpack_publicize_feature_enabled":true},"categories":[173],"tags":[1657,1036,1243,1164,1168,1294],"ppma_author":[1051],"class_list":["post-9648","post","type-post","status-publish","format-standard","has-post-thumbnail","hentry","category-mundo","tag-belgica","tag-destacada","tag-espana","tag-italia","tag-suecia","tag-union-europea"],"jetpack_publicize_connections":[],"yoast_head":"<!-- This site is optimized with the Yoast SEO plugin v27.5 - https:\/\/yoast.com\/product\/yoast-seo-wordpress\/ -->\n<title>Las marchas contra las restricciones se extienden por toda Europa - Informatepy<\/title>\n<meta name=\"robots\" content=\"index, follow, max-snippet:-1, max-image-preview:large, max-video-preview:-1\" \/>\n<link rel=\"canonical\" href=\"https:\/\/informatepy.com\/2021\/2022\/01\/23\/las-marchas-contra-las-restricciones-se-extienden-por-toda-europa\/\" \/>\n<meta property=\"og:locale\" content=\"es_ES\" \/>\n<meta property=\"og:type\" content=\"article\" \/>\n<meta property=\"og:title\" content=\"Las marchas contra las restricciones se extienden por toda Europa - Informatepy\" \/>\n<meta property=\"og:description\" content=\"La polic\u00eda us\u00f3 ca\u00f1ones de agua y gases lacrim\u00f3genos para dispersar una&nbsp;protesta&nbsp;el domingo en&nbsp;Bruselas&nbsp;en contra de las&nbsp;vacunas contra el coronavirus&nbsp;y las&nbsp;medidas aplicadas para tratar de frenar la propagaci\u00f3n de la pandemia. Miles de personas acudieron a la\u00a0protesta, algunas provenientes de Francia, Alemania y otros pa\u00edses. Los\u00a0manifestantes\u00a0coreaban \u201c\u00a1Libertad! \u00a1Libertad!\u201d mientras marchaban. Tambi\u00e9n hubo\u00a0protestas\u00a0en Barcelona,\u00a0Espa\u00f1a. En Bruselas, [&hellip;]\" \/>\n<meta property=\"og:url\" content=\"https:\/\/informatepy.com\/2021\/2022\/01\/23\/las-marchas-contra-las-restricciones-se-extienden-por-toda-europa\/\" \/>\n<meta property=\"og:site_name\" content=\"Informatepy\" \/>\n<meta property=\"article:author\" content=\"https:\/\/www.facebook.com\/InformatePyCom\" \/>\n<meta property=\"article:published_time\" content=\"2022-01-23T18:26:15+00:00\" \/>\n<meta property=\"article:modified_time\" content=\"2022-01-23T18:26:18+00:00\" \/>\n<meta property=\"og:image\" content=\"https:\/\/informatepy.com\/2021\/wp-content\/uploads\/2022\/01\/protesta-contra-medidas-covid-en-suecia.jpg\" \/>\n\t<meta property=\"og:image:width\" content=\"700\" \/>\n\t<meta property=\"og:image:height\" content=\"467\" \/>\n\t<meta property=\"og:image:type\" content=\"image\/jpeg\" \/>\n<meta name=\"author\" content=\"Redacci\u00f3n\" \/>\n<meta name=\"twitter:card\" content=\"summary_large_image\" \/>\n<meta name=\"twitter:creator\" content=\"@https:\/\/twitter.com\/InformatePy1\" \/>\n<meta name=\"twitter:label1\" content=\"Escrito por\" \/>\n\t<meta name=\"twitter:data1\" content=\"Redacci\u00f3n\" \/>\n\t<meta name=\"twitter:label2\" content=\"Tiempo de lectura\" \/>\n\t<meta name=\"twitter:data2\" content=\"2 minutos\" \/>\n<script type=\"application\/ld+json\" class=\"yoast-schema-graph\">{\"@context\":\"https:\\\/\\\/schema.org\",\"@graph\":[{\"@type\":\"Article\",\"@id\":\"https:\\\/\\\/informatepy.com\\\/2021\\\/2022\\\/01\\\/23\\\/las-marchas-contra-las-restricciones-se-extienden-por-toda-europa\\\/#article\",\"isPartOf\":{\"@id\":\"https:\\\/\\\/informatepy.com\\\/2021\\\/2022\\\/01\\\/23\\\/las-marchas-contra-las-restricciones-se-extienden-por-toda-europa\\\/\"},\"author\":{\"name\":\"Redacci\u00f3n\",\"@id\":\"https:\\\/\\\/informatepy.com\\\/2021\\\/#\\\/schema\\\/person\\\/0c842f525f84ea74ef3b44370d11757b\"},\"headline\":\"Las marchas contra las restricciones se extienden por toda Europa\",\"datePublished\":\"2022-01-23T18:26:15+00:00\",\"dateModified\":\"2022-01-23T18:26:18+00:00\",\"mainEntityOfPage\":{\"@id\":\"https:\\\/\\\/informatepy.com\\\/2021\\\/2022\\\/01\\\/23\\\/las-marchas-contra-las-restricciones-se-extienden-por-toda-europa\\\/\"},\"wordCount\":350,\"commentCount\":0,\"publisher\":{\"@id\":\"https:\\\/\\\/informatepy.com\\\/2021\\\/#\\\/schema\\\/person\\\/edd302c981d6ba4596191719d1025a8a\"},\"image\":{\"@id\":\"https:\\\/\\\/informatepy.com\\\/2021\\\/2022\\\/01\\\/23\\\/las-marchas-contra-las-restricciones-se-extienden-por-toda-europa\\\/#primaryimage\"},\"thumbnailUrl\":\"https:\\\/\\\/i0.wp.com\\\/informatepy.com\\\/2021\\\/wp-content\\\/uploads\\\/2022\\\/01\\\/protesta-contra-medidas-covid-en-suecia.jpg?fit=700%2C467&ssl=1\",\"keywords\":[\"belgica\",\"destacada\",\"espa\u00f1a\",\"italia\",\"suecia\",\"union europea\"],\"articleSection\":[\"Mundo\"],\"inLanguage\":\"es\",\"potentialAction\":[{\"@type\":\"CommentAction\",\"name\":\"Comment\",\"target\":[\"https:\\\/\\\/informatepy.com\\\/2021\\\/2022\\\/01\\\/23\\\/las-marchas-contra-las-restricciones-se-extienden-por-toda-europa\\\/#respond\"]}]},{\"@type\":\"WebPage\",\"@id\":\"https:\\\/\\\/informatepy.com\\\/2021\\\/2022\\\/01\\\/23\\\/las-marchas-contra-las-restricciones-se-extienden-por-toda-europa\\\/\",\"url\":\"https:\\\/\\\/informatepy.com\\\/2021\\\/2022\\\/01\\\/23\\\/las-marchas-contra-las-restricciones-se-extienden-por-toda-europa\\\/\",\"name\":\"Las marchas contra las restricciones se extienden por toda Europa - Informatepy\",\"isPartOf\":{\"@id\":\"https:\\\/\\\/informatepy.com\\\/2021\\\/#website\"},\"primaryImageOfPage\":{\"@id\":\"https:\\\/\\\/informatepy.com\\\/2021\\\/2022\\\/01\\\/23\\\/las-marchas-contra-las-restricciones-se-extienden-por-toda-europa\\\/#primaryimage\"},\"image\":{\"@id\":\"https:\\\/\\\/informatepy.com\\\/2021\\\/2022\\\/01\\\/23\\\/las-marchas-contra-las-restricciones-se-extienden-por-toda-europa\\\/#primaryimage\"},\"thumbnailUrl\":\"https:\\\/\\\/i0.wp.com\\\/informatepy.com\\\/2021\\\/wp-content\\\/uploads\\\/2022\\\/01\\\/protesta-contra-medidas-covid-en-suecia.jpg?fit=700%2C467&ssl=1\",\"datePublished\":\"2022-01-23T18:26:15+00:00\",\"dateModified\":\"2022-01-23T18:26:18+00:00\",\"breadcrumb\":{\"@id\":\"https:\\\/\\\/informatepy.com\\\/2021\\\/2022\\\/01\\\/23\\\/las-marchas-contra-las-restricciones-se-extienden-por-toda-europa\\\/#breadcrumb\"},\"inLanguage\":\"es\",\"potentialAction\":[{\"@type\":\"ReadAction\",\"target\":[\"https:\\\/\\\/informatepy.com\\\/2021\\\/2022\\\/01\\\/23\\\/las-marchas-contra-las-restricciones-se-extienden-por-toda-europa\\\/\"]}]},{\"@type\":\"ImageObject\",\"inLanguage\":\"es\",\"@id\":\"https:\\\/\\\/informatepy.com\\\/2021\\\/2022\\\/01\\\/23\\\/las-marchas-contra-las-restricciones-se-extienden-por-toda-europa\\\/#primaryimage\",\"url\":\"https:\\\/\\\/i0.wp.com\\\/informatepy.com\\\/2021\\\/wp-content\\\/uploads\\\/2022\\\/01\\\/protesta-contra-medidas-covid-en-suecia.jpg?fit=700%2C467&ssl=1\",\"contentUrl\":\"https:\\\/\\\/i0.wp.com\\\/informatepy.com\\\/2021\\\/wp-content\\\/uploads\\\/2022\\\/01\\\/protesta-contra-medidas-covid-en-suecia.jpg?fit=700%2C467&ssl=1\",\"width\":700,\"height\":467},{\"@type\":\"BreadcrumbList\",\"@id\":\"https:\\\/\\\/informatepy.com\\\/2021\\\/2022\\\/01\\\/23\\\/las-marchas-contra-las-restricciones-se-extienden-por-toda-europa\\\/#breadcrumb\",\"itemListElement\":[{\"@type\":\"ListItem\",\"position\":1,\"name\":\"Portada\",\"item\":\"https:\\\/\\\/informatepy.com\\\/2021\\\/\"},{\"@type\":\"ListItem\",\"position\":2,\"name\":\"Las marchas contra las restricciones se extienden por toda Europa\"}]},{\"@type\":\"WebSite\",\"@id\":\"https:\\\/\\\/informatepy.com\\\/2021\\\/#website\",\"url\":\"https:\\\/\\\/informatepy.com\\\/2021\\\/\",\"name\":\"Informatepy\",\"description\":\"La verdad, siempre!\",\"publisher\":{\"@id\":\"https:\\\/\\\/informatepy.com\\\/2021\\\/#\\\/schema\\\/person\\\/edd302c981d6ba4596191719d1025a8a\"},\"potentialAction\":[{\"@type\":\"SearchAction\",\"target\":{\"@type\":\"EntryPoint\",\"urlTemplate\":\"https:\\\/\\\/informatepy.com\\\/2021\\\/?s={search_term_string}\"},\"query-input\":{\"@type\":\"PropertyValueSpecification\",\"valueRequired\":true,\"valueName\":\"search_term_string\"}}],\"inLanguage\":\"es\"},{\"@type\":[\"Person\",\"Organization\"],\"@id\":\"https:\\\/\\\/informatepy.com\\\/2021\\\/#\\\/schema\\\/person\\\/edd302c981d6ba4596191719d1025a8a\",\"name\":\"admin\",\"image\":{\"@type\":\"ImageObject\",\"inLanguage\":\"es\",\"@id\":\"https:\\\/\\\/secure.gravatar.com\\\/avatar\\\/5310f602b6cbcfb86e030c4ccdbb78f6565a3b9bab6a74ab80fd3cb5428b65af?s=96&d=mm&r=g\",\"url\":\"https:\\\/\\\/secure.gravatar.com\\\/avatar\\\/5310f602b6cbcfb86e030c4ccdbb78f6565a3b9bab6a74ab80fd3cb5428b65af?s=96&d=mm&r=g\",\"contentUrl\":\"https:\\\/\\\/secure.gravatar.com\\\/avatar\\\/5310f602b6cbcfb86e030c4ccdbb78f6565a3b9bab6a74ab80fd3cb5428b65af?s=96&d=mm&r=g\",\"caption\":\"admin\"},\"logo\":{\"@id\":\"https:\\\/\\\/secure.gravatar.com\\\/avatar\\\/5310f602b6cbcfb86e030c4ccdbb78f6565a3b9bab6a74ab80fd3cb5428b65af?s=96&d=mm&r=g\"},\"sameAs\":[\"http:\\\/\\\/informatepy.com\\\/2021\"]},{\"@type\":\"Person\",\"@id\":\"https:\\\/\\\/informatepy.com\\\/2021\\\/#\\\/schema\\\/person\\\/0c842f525f84ea74ef3b44370d11757b\",\"name\":\"Redacci\u00f3n\",\"image\":{\"@type\":\"ImageObject\",\"inLanguage\":\"es\",\"@id\":\"https:\\\/\\\/i0.wp.com\\\/informatepy.com\\\/2021\\\/wp-content\\\/uploads\\\/2021\\\/02\\\/informate-circulo.png?fit=96%2C96&ssl=1\",\"url\":\"https:\\\/\\\/i0.wp.com\\\/informatepy.com\\\/2021\\\/wp-content\\\/uploads\\\/2021\\\/02\\\/informate-circulo.png?fit=96%2C96&ssl=1\",\"contentUrl\":\"https:\\\/\\\/i0.wp.com\\\/informatepy.com\\\/2021\\\/wp-content\\\/uploads\\\/2021\\\/02\\\/informate-circulo.png?fit=96%2C96&ssl=1\",\"caption\":\"Redacci\u00f3n\"},\"sameAs\":[\"https:\\\/\\\/www.facebook.com\\\/InformatePyCom\",\"https:\\\/\\\/x.com\\\/https:\\\/\\\/twitter.com\\\/InformatePy1\"],\"url\":\"https:\\\/\\\/informatepy.com\\\/2021\\\/author\\\/redaccion\\\/\"}]}<\/script>\n<!-- \/ Yoast SEO plugin. -->","yoast_head_json":{"title":"Las marchas contra las restricciones se extienden por toda Europa - Informatepy","robots":{"index":"index","follow":"follow","max-snippet":"max-snippet:-1","max-image-preview":"max-image-preview:large","max-video-preview":"max-video-preview:-1"},"canonical":"https:\/\/informatepy.com\/2021\/2022\/01\/23\/las-marchas-contra-las-restricciones-se-extienden-por-toda-europa\/","og_locale":"es_ES","og_type":"article","og_title":"Las marchas contra las restricciones se extienden por toda Europa - Informatepy","og_description":"La polic\u00eda us\u00f3 ca\u00f1ones de agua y gases lacrim\u00f3genos para dispersar una&nbsp;protesta&nbsp;el domingo en&nbsp;Bruselas&nbsp;en contra de las&nbsp;vacunas contra el coronavirus&nbsp;y las&nbsp;medidas aplicadas para tratar de frenar la propagaci\u00f3n de la pandemia. Miles de personas acudieron a la\u00a0protesta, algunas provenientes de Francia, Alemania y otros pa\u00edses. Los\u00a0manifestantes\u00a0coreaban \u201c\u00a1Libertad! \u00a1Libertad!\u201d mientras marchaban. Tambi\u00e9n hubo\u00a0protestas\u00a0en Barcelona,\u00a0Espa\u00f1a. En Bruselas, [&hellip;]","og_url":"https:\/\/informatepy.com\/2021\/2022\/01\/23\/las-marchas-contra-las-restricciones-se-extienden-por-toda-europa\/","og_site_name":"Informatepy","article_author":"https:\/\/www.facebook.com\/InformatePyCom","article_published_time":"2022-01-23T18:26:15+00:00","article_modified_time":"2022-01-23T18:26:18+00:00","og_image":[{"width":700,"height":467,"url":"https:\/\/informatepy.com\/2021\/wp-content\/uploads\/2022\/01\/protesta-contra-medidas-covid-en-suecia.jpg","type":"image\/jpeg"}],"author":"Redacci\u00f3n","twitter_card":"summary_large_image","twitter_creator":"@https:\/\/twitter.com\/InformatePy1","twitter_misc":{"Escrito por":"Redacci\u00f3n","Tiempo de lectura":"2 minutos"},"schema":{"@context":"https:\/\/schema.org","@graph":[{"@type":"Article","@id":"https:\/\/informatepy.com\/2021\/2022\/01\/23\/las-marchas-contra-las-restricciones-se-extienden-por-toda-europa\/#article","isPartOf":{"@id":"https:\/\/informatepy.com\/2021\/2022\/01\/23\/las-marchas-contra-las-restricciones-se-extienden-por-toda-europa\/"},"author":{"name":"Redacci\u00f3n","@id":"https:\/\/informatepy.com\/2021\/#\/schema\/person\/0c842f525f84ea74ef3b44370d11757b"},"headline":"Las marchas contra las restricciones se extienden por toda Europa","datePublished":"2022-01-23T18:26:15+00:00","dateModified":"2022-01-23T18:26:18+00:00","mainEntityOfPage":{"@id":"https:\/\/informatepy.com\/2021\/2022\/01\/23\/las-marchas-contra-las-restricciones-se-extienden-por-toda-europa\/"},"wordCount":350,"commentCount":0,"publisher":{"@id":"https:\/\/informatepy.com\/2021\/#\/schema\/person\/edd302c981d6ba4596191719d1025a8a"},"image":{"@id":"https:\/\/informatepy.com\/2021\/2022\/01\/23\/las-marchas-contra-las-restricciones-se-extienden-por-toda-europa\/#primaryimage"},"thumbnailUrl":"https:\/\/i0.wp.com\/informatepy.com\/2021\/wp-content\/uploads\/2022\/01\/protesta-contra-medidas-covid-en-suecia.jpg?fit=700%2C467&ssl=1","keywords":["belgica","destacada","espa\u00f1a","italia","suecia","union europea"],"articleSection":["Mundo"],"inLanguage":"es","potentialAction":[{"@type":"CommentAction","name":"Comment","target":["https:\/\/informatepy.com\/2021\/2022\/01\/23\/las-marchas-contra-las-restricciones-se-extienden-por-toda-europa\/#respond"]}]},{"@type":"WebPage","@id":"https:\/\/informatepy.com\/2021\/2022\/01\/23\/las-marchas-contra-las-restricciones-se-extienden-por-toda-europa\/","url":"https:\/\/informatepy.com\/2021\/2022\/01\/23\/las-marchas-contra-las-restricciones-se-extienden-por-toda-europa\/","name":"Las marchas contra las restricciones se extienden por toda Europa - Informatepy","isPartOf":{"@id":"https:\/\/informatepy.com\/2021\/#website"},"primaryImageOfPage":{"@id":"https:\/\/informatepy.com\/2021\/2022\/01\/23\/las-marchas-contra-las-restricciones-se-extienden-por-toda-europa\/#primaryimage"},"image":{"@id":"https:\/\/informatepy.com\/2021\/2022\/01\/23\/las-marchas-contra-las-restricciones-se-extienden-por-toda-europa\/#primaryimage"},"thumbnailUrl":"https:\/\/i0.wp.com\/informatepy.com\/2021\/wp-content\/uploads\/2022\/01\/protesta-contra-medidas-covid-en-suecia.jpg?fit=700%2C467&ssl=1","datePublished":"2022-01-23T18:26:15+00:00","dateModified":"2022-01-23T18:26:18+00:00","breadcrumb":{"@id":"https:\/\/informatepy.com\/2021\/2022\/01\/23\/las-marchas-contra-las-restricciones-se-extienden-por-toda-europa\/#breadcrumb"},"inLanguage":"es","potentialAction":[{"@type":"ReadAction","target":["https:\/\/informatepy.com\/2021\/2022\/01\/23\/las-marchas-contra-las-restricciones-se-extienden-por-toda-europa\/"]}]},{"@type":"ImageObject","inLanguage":"es","@id":"https:\/\/informatepy.com\/2021\/2022\/01\/23\/las-marchas-contra-las-restricciones-se-extienden-por-toda-europa\/#primaryimage","url":"https:\/\/i0.wp.com\/informatepy.com\/2021\/wp-content\/uploads\/2022\/01\/protesta-contra-medidas-covid-en-suecia.jpg?fit=700%2C467&ssl=1","contentUrl":"https:\/\/i0.wp.com\/informatepy.com\/2021\/wp-content\/uploads\/2022\/01\/protesta-contra-medidas-covid-en-suecia.jpg?fit=700%2C467&ssl=1","width":700,"height":467},{"@type":"BreadcrumbList","@id":"https:\/\/informatepy.com\/2021\/2022\/01\/23\/las-marchas-contra-las-restricciones-se-extienden-por-toda-europa\/#breadcrumb","itemListElement":[{"@type":"ListItem","position":1,"name":"Portada","item":"https:\/\/informatepy.com\/2021\/"},{"@type":"ListItem","position":2,"name":"Las marchas contra las restricciones se extienden por toda Europa"}]},{"@type":"WebSite","@id":"https:\/\/informatepy.com\/2021\/#website","url":"https:\/\/informatepy.com\/2021\/","name":"Informatepy","description":"La verdad, siempre!","publisher":{"@id":"https:\/\/informatepy.com\/2021\/#\/schema\/person\/edd302c981d6ba4596191719d1025a8a"},"potentialAction":[{"@type":"SearchAction","target":{"@type":"EntryPoint","urlTemplate":"https:\/\/informatepy.com\/2021\/?s={search_term_string}"},"query-input":{"@type":"PropertyValueSpecification","valueRequired":true,"valueName":"search_term_string"}}],"inLanguage":"es"},{"@type":["Person","Organization"],"@id":"https:\/\/informatepy.com\/2021\/#\/schema\/person\/edd302c981d6ba4596191719d1025a8a","name":"admin","image":{"@type":"ImageObject","inLanguage":"es","@id":"https:\/\/secure.gravatar.com\/avatar\/5310f602b6cbcfb86e030c4ccdbb78f6565a3b9bab6a74ab80fd3cb5428b65af?s=96&d=mm&r=g","url":"https:\/\/secure.gravatar.com\/avatar\/5310f602b6cbcfb86e030c4ccdbb78f6565a3b9bab6a74ab80fd3cb5428b65af?s=96&d=mm&r=g","contentUrl":"https:\/\/secure.gravatar.com\/avatar\/5310f602b6cbcfb86e030c4ccdbb78f6565a3b9bab6a74ab80fd3cb5428b65af?s=96&d=mm&r=g","caption":"admin"},"logo":{"@id":"https:\/\/secure.gravatar.com\/avatar\/5310f602b6cbcfb86e030c4ccdbb78f6565a3b9bab6a74ab80fd3cb5428b65af?s=96&d=mm&r=g"},"sameAs":["http:\/\/informatepy.com\/2021"]},{"@type":"Person","@id":"https:\/\/informatepy.com\/2021\/#\/schema\/person\/0c842f525f84ea74ef3b44370d11757b","name":"Redacci\u00f3n","image":{"@type":"ImageObject","inLanguage":"es","@id":"https:\/\/i0.wp.com\/informatepy.com\/2021\/wp-content\/uploads\/2021\/02\/informate-circulo.png?fit=96%2C96&ssl=1","url":"https:\/\/i0.wp.com\/informatepy.com\/2021\/wp-content\/uploads\/2021\/02\/informate-circulo.png?fit=96%2C96&ssl=1","contentUrl":"https:\/\/i0.wp.com\/informatepy.com\/2021\/wp-content\/uploads\/2021\/02\/informate-circulo.png?fit=96%2C96&ssl=1","caption":"Redacci\u00f3n"},"sameAs":["https:\/\/www.facebook.com\/InformatePyCom","https:\/\/x.com\/https:\/\/twitter.com\/InformatePy1"],"url":"https:\/\/informatepy.com\/2021\/author\/redaccion\/"}]}},"jetpack_featured_media_url":"https:\/\/i0.wp.com\/informatepy.com\/2021\/wp-content\/uploads\/2022\/01\/protesta-contra-medidas-covid-en-suecia.jpg?fit=700%2C467&ssl=1","jetpack_sharing_enabled":true,"jetpack_likes_enabled":true,"jetpack-related-posts":[{"id":10051,"url":"https:\/\/informatepy.com\/2021\/2022\/02\/11\/la-cepa-canadiense-se-volvio-contagiosa-y-se-preven-bloqueos-en-francia-belgica-y-nueva-zelanda\/","url_meta":{"origin":9648,"position":0},"title":"La \u00abcepa\u00bb canadiense se volvi\u00f3 contagiosa y se prev\u00e9n bloqueos en Francia, B\u00e9lgica y Nueva Zelanda","date":"11 de febrero de 2022","format":false,"excerpt":"El movimiento iniciado por los camioneros canadienses dej\u00f3 de ser un problema exclusivo de Justin Trudeau y se convirti\u00f3 en uno que se comienza a expandir por el mundo, desde Nueva Zelanda hasta Francia y B\u00e9lgica. En Francia, miles de manifestantes inspirados en \"El Convoy por la Libertad\" de los\u2026","rel":"","context":"En \u00abMundo\u00bb","img":{"alt_text":"","src":"https:\/\/i0.wp.com\/informatepy.com\/2021\/wp-content\/uploads\/2022\/01\/camioneros-canadienses-1.jpg?fit=800%2C417&ssl=1&resize=350%2C200","width":350,"height":200},"classes":[]},{"id":9176,"url":"https:\/\/informatepy.com\/2021\/2022\/01\/03\/es-por-tu-salud-violenta-represion-a-una-manifestacion-pacifica-en-paises-bajos\/","url_meta":{"origin":9648,"position":1},"title":"ES POR TU SALUD: Violenta represi\u00f3n a una manifestaci\u00f3n pac\u00edfica en Pa\u00edses Bajos","date":"3 de enero de 2022","format":false,"excerpt":"Miles de personas se reunieron el domingo a tomar caf\u00e9 y protestar en el Museumplain","rel":"","context":"En \u00abMundo\u00bb","img":{"alt_text":"","src":"https:\/\/i0.wp.com\/informatepy.com\/2021\/wp-content\/uploads\/2022\/01\/protestas-en-amsterdam.jpg?fit=815%2C450&ssl=1&resize=350%2C200","width":350,"height":200},"classes":[]},{"id":6184,"url":"https:\/\/informatepy.com\/2021\/2021\/08\/04\/la-gestapo-esta-de-vuelta-en-berlin-600-detenidos-1-muertos-mujeres-y-ninos-golpeados\/","url_meta":{"origin":9648,"position":2},"title":"\u00a1La Gestapo est\u00e1 de vuelta en Berl\u00edn!: 600 detenidos, 1 muerto, mujeres y ni\u00f1os golpeados","date":"4 de agosto de 2021","format":false,"excerpt":"Mientras cientos de miles de franceses protestaron contra los pasaportes de vacunaci\u00f3n de Macron el domingo en Par\u00eds, la polic\u00eda alemana disolvi\u00f3 violentamente una manifestaci\u00f3n en Berl\u00edn.\u00a0El Relator Especial de las Naciones Unidas sobre la Tortura investiga el uso de fuerza excesiva. M\u00e1s de 600 manifestantes fueron arrestados en Berl\u00edn\u2026","rel":"","context":"En \u00abMundo\u00bb","img":{"alt_text":"","src":"https:\/\/i0.wp.com\/informatepy.com\/2021\/wp-content\/uploads\/2021\/08\/policia-alemana.jpg?fit=1200%2C675&ssl=1&resize=350%2C200","width":350,"height":200},"classes":[]},{"id":8529,"url":"https:\/\/informatepy.com\/2021\/2021\/11\/27\/miles-de-policias-marcharon-en-madrid-contra-el-gobierno-de-pedro-sanchez\/","url_meta":{"origin":9648,"position":3},"title":"Miles de polic\u00edas marcharon en Madrid contra el Gobierno de Pedro S\u00e1nchez","date":"27 de noviembre de 2021","format":false,"excerpt":"La manifestaci\u00f3n fue convocada por fuerzas de seguridad civiles y locales en rechazo a la reforma de la Ley de Seguridad Ciudadana, conocida por sus detractores como ley mordaza. Se hicieron presentes los dirigentes del PP, Vox y Ciudadanos","rel":"","context":"En \u00abMundo\u00bb","img":{"alt_text":"","src":"https:\/\/i0.wp.com\/informatepy.com\/2021\/wp-content\/uploads\/2021\/11\/marcha-policia-espana.jpg?fit=768%2C512&ssl=1&resize=350%2C200","width":350,"height":200},"classes":[]},{"id":2044,"url":"https:\/\/informatepy.com\/2021\/2020\/07\/09\/argentina-banderazos-de-protesta-en-todo-el-pais\/","url_meta":{"origin":9648,"position":4},"title":"ARGENTINA: Banderazos de protesta en todo el pa\u00eds","date":"9 de julio de 2020","format":false,"excerpt":"Productores agropecuarios de diferentes puntos del pa\u00eds adhieren al \u201cBanderazo\u201d que se realiza esta tarde del \u201cD\u00eda de la Independencia\u201d. Los integrantes del movimiento de productores autoconvocados \u201cCampo + Ciudad\u201d afirmaron que la marcha se organiz\u00f3 \u201cpor la libertad, la Justicia, y el bienestar de los argentinos\u201d, y que se\u2026","rel":"","context":"En \u00abMundo\u00bb","img":{"alt_text":"","src":"https:\/\/i0.wp.com\/informatepy.com\/2021\/wp-content\/uploads\/2021\/07\/banderazo.jpg?fit=1033%2C687&ssl=1&resize=350%2C200","width":350,"height":200},"classes":[]},{"id":7262,"url":"https:\/\/informatepy.com\/2021\/2021\/09\/22\/diez-meses-de-trabajo-forzoso-a-un-joven-cubano-por-marchar-en-la-calle-el-11j\/","url_meta":{"origin":9648,"position":5},"title":"Diez meses de trabajo forzoso a un joven cubano por marchar en la calle el 11J","date":"22 de septiembre de 2021","format":false,"excerpt":"Momento en que Armando Sardi\u00f1as Figueredo es detenido por un polic\u00eda y un agente de la Seguridad del Estado vestido de civil, el pasado 11 de julio en La Habana La imagen de un joven reducido violentamente por un polic\u00eda de civil a pocos metros del Capitolio de La Habana\u2026","rel":"","context":"En \u00abMundo\u00bb","img":{"alt_text":"","src":"https:\/\/i0.wp.com\/informatepy.com\/2021\/wp-content\/uploads\/2021\/09\/cubano-armando-sardinas.jpg?fit=623%2C351&ssl=1&resize=350%2C200","width":350,"height":200},"classes":[]}],"authors":[{"term_id":1051,"user_id":4,"is_guest":0,"slug":"redaccion","display_name":"Redacci\u00f3n","avatar_url":"https:\/\/i0.wp.com\/informatepy.com\/2021\/wp-content\/uploads\/2021\/02\/informate-circulo.png?fit=96%2C96&ssl=1","first_name":"Redacci\u00f3n","last_name":"","user_url":"","description":""}],"amp_enabled":true,"_links":{"self":[{"href":"https:\/\/informatepy.com\/2021\/wp-json\/wp\/v2\/posts\/9648","targetHints":{"allow":["GET"]}}],"collection":[{"href":"https:\/\/informatepy.com\/2021\/wp-json\/wp\/v2\/posts"}],"about":[{"href":"https:\/\/informatepy.com\/2021\/wp-json\/wp\/v2\/types\/post"}],"author":[{"embeddable":true,"href":"https:\/\/informatepy.com\/2021\/wp-json\/wp\/v2\/users\/4"}],"replies":[{"embeddable":true,"href":"https:\/\/informatepy.com\/2021\/wp-json\/wp\/v2\/comments?post=9648"}],"version-history":[{"count":1,"href":"https:\/\/informatepy.com\/2021\/wp-json\/wp\/v2\/posts\/9648\/revisions"}],"predecessor-version":[{"id":9650,"href":"https:\/\/informatepy.com\/2021\/wp-json\/wp\/v2\/posts\/9648\/revisions\/9650"}],"wp:featuredmedia":[{"embeddable":true,"href":"https:\/\/informatepy.com\/2021\/wp-json\/wp\/v2\/media\/9649"}],"wp:attachment":[{"href":"https:\/\/informatepy.com\/2021\/wp-json\/wp\/v2\/media?parent=9648"}],"wp:term":[{"taxonomy":"category","embeddable":true,"href":"https:\/\/informatepy.com\/2021\/wp-json\/wp\/v2\/categories?post=9648"},{"taxonomy":"post_tag","embeddable":true,"href":"https:\/\/informatepy.com\/2021\/wp-json\/wp\/v2\/tags?post=9648"},{"taxonomy":"author","embeddable":true,"href":"https:\/\/informatepy.com\/2021\/wp-json\/wp\/v2\/ppma_author?post=9648"}],"curies":[{"name":"wp","href":"https:\/\/api.w.org\/{rel}","templated":true}]}}