{"id":9628,"date":"2022-01-22T19:52:26","date_gmt":"2022-01-22T22:52:26","guid":{"rendered":"https:\/\/informatepy.com\/2021\/?p=9628"},"modified":"2022-01-22T19:52:28","modified_gmt":"2022-01-22T22:52:28","slug":"queda-nuevamente-habilitada-la-costanera-de-asuncion","status":"publish","type":"post","link":"https:\/\/informatepy.com\/2021\/2022\/01\/22\/queda-nuevamente-habilitada-la-costanera-de-asuncion\/","title":{"rendered":"Queda nuevamente habilitada la costanera de Asunci\u00f3n"},"content":{"rendered":"\n<p class=\"has-text-align-justify\">El intendente de Asunci\u00f3n, <strong>\u00d3scar Rodr\u00edguez<\/strong>, inform\u00f3 a trav\u00e9s de sus redes sociales que luego de una revisi\u00f3n y desconexi\u00f3n de las luminarias que podr\u00edan constituir un riesgo, <strong>la costanera de la ciudad qued\u00f3 habilitada nuevamente.<\/strong><\/p>\n\n\n\n<p class=\"has-text-align-justify\">Seg\u00fan el comunicado, el 20 de enero se remiti\u00f3 una nota al Ministerio de Obras P\u00fablicas para que se realice una revisi\u00f3n completa y mantenimiento de la infraestructura a cargo de ese ministerio.<\/p>\n\n\n\n<div class=\"wp-block-image\"><figure class=\"aligncenter size-full\"><img loading=\"lazy\" decoding=\"async\" width=\"680\" height=\"680\" src=\"https:\/\/i0.wp.com\/informatepy.com\/2021\/wp-content\/uploads\/2022\/01\/comunicado-muni-asu-costanera.jpg?resize=680%2C680&#038;ssl=1\" alt=\"\" class=\"wp-image-9629\" srcset=\"https:\/\/i0.wp.com\/informatepy.com\/2021\/wp-content\/uploads\/2022\/01\/comunicado-muni-asu-costanera.jpg?w=680&amp;ssl=1 680w, https:\/\/i0.wp.com\/informatepy.com\/2021\/wp-content\/uploads\/2022\/01\/comunicado-muni-asu-costanera.jpg?resize=300%2C300&amp;ssl=1 300w, https:\/\/i0.wp.com\/informatepy.com\/2021\/wp-content\/uploads\/2022\/01\/comunicado-muni-asu-costanera.jpg?resize=150%2C150&amp;ssl=1 150w, https:\/\/i0.wp.com\/informatepy.com\/2021\/wp-content\/uploads\/2022\/01\/comunicado-muni-asu-costanera.jpg?resize=80%2C80&amp;ssl=1 80w\" sizes=\"auto, (max-width: 680px) 100vw, 680px\" data-recalc-dims=\"1\" \/><\/figure><\/div>\n","protected":false},"excerpt":{"rendered":"<p>El intendente de Asunci\u00f3n, \u00d3scar Rodr\u00edguez, inform\u00f3 a trav\u00e9s de sus redes sociales que luego de una revisi\u00f3n y desconexi\u00f3n de las luminarias que podr\u00edan constituir un riesgo, la costanera de la ciudad qued\u00f3 habilitada nuevamente. Seg\u00fan el comunicado, el 20 de enero se remiti\u00f3 una nota al Ministerio de Obras P\u00fablicas para que se [&hellip;]<\/p>\n","protected":false},"author":4,"featured_media":9630,"comment_status":"open","ping_status":"open","sticky":false,"template":"","format":"standard","meta":{"_monsterinsights_skip_tracking":false,"_monsterinsights_sitenote_active":false,"_monsterinsights_sitenote_note":"","_monsterinsights_sitenote_category":0,"footnotes":"","jetpack_publicize_message":"","jetpack_is_tweetstorm":false,"jetpack_publicize_feature_enabled":true},"categories":[483],"tags":[575,1036,949,781,782],"ppma_author":[1051],"class_list":["post-9628","post","type-post","status-publish","format-standard","has-post-thumbnail","hentry","category-municipales","tag-asuncion","tag-destacada","tag-municipalidad-de-asuncion","tag-nenecho-rodriguez","tag-oscar-nenecho-rodriguez"],"jetpack_publicize_connections":[],"yoast_head":"<!-- This site is optimized with the Yoast SEO plugin v27.5 - https:\/\/yoast.com\/product\/yoast-seo-wordpress\/ -->\n<title>Queda nuevamente habilitada la costanera de Asunci\u00f3n - Informatepy<\/title>\n<meta name=\"robots\" content=\"index, follow, max-snippet:-1, max-image-preview:large, max-video-preview:-1\" \/>\n<link rel=\"canonical\" href=\"https:\/\/informatepy.com\/2021\/2022\/01\/22\/queda-nuevamente-habilitada-la-costanera-de-asuncion\/\" \/>\n<meta property=\"og:locale\" content=\"es_ES\" \/>\n<meta property=\"og:type\" content=\"article\" \/>\n<meta property=\"og:title\" content=\"Queda nuevamente habilitada la costanera de Asunci\u00f3n - Informatepy\" \/>\n<meta property=\"og:description\" content=\"El intendente de Asunci\u00f3n, \u00d3scar Rodr\u00edguez, inform\u00f3 a trav\u00e9s de sus redes sociales que luego de una revisi\u00f3n y desconexi\u00f3n de las luminarias que podr\u00edan constituir un riesgo, la costanera de la ciudad qued\u00f3 habilitada nuevamente. Seg\u00fan el comunicado, el 20 de enero se remiti\u00f3 una nota al Ministerio de Obras P\u00fablicas para que se [&hellip;]\" \/>\n<meta property=\"og:url\" content=\"https:\/\/informatepy.com\/2021\/2022\/01\/22\/queda-nuevamente-habilitada-la-costanera-de-asuncion\/\" \/>\n<meta property=\"og:site_name\" content=\"Informatepy\" \/>\n<meta property=\"article:author\" content=\"https:\/\/www.facebook.com\/InformatePyCom\" \/>\n<meta property=\"article:published_time\" content=\"2022-01-22T22:52:26+00:00\" \/>\n<meta property=\"article:modified_time\" content=\"2022-01-22T22:52:28+00:00\" \/>\n<meta property=\"og:image\" content=\"https:\/\/informatepy.com\/2021\/wp-content\/uploads\/2022\/01\/costanera-asuncion.jpg\" \/>\n\t<meta property=\"og:image:width\" content=\"1024\" \/>\n\t<meta property=\"og:image:height\" content=\"701\" \/>\n\t<meta property=\"og:image:type\" content=\"image\/jpeg\" \/>\n<meta name=\"author\" content=\"Redacci\u00f3n\" \/>\n<meta name=\"twitter:card\" content=\"summary_large_image\" \/>\n<meta name=\"twitter:creator\" content=\"@https:\/\/twitter.com\/InformatePy1\" \/>\n<meta name=\"twitter:label1\" content=\"Escrito por\" \/>\n\t<meta name=\"twitter:data1\" content=\"Redacci\u00f3n\" \/>\n\t<meta name=\"twitter:label2\" content=\"Tiempo de lectura\" \/>\n\t<meta name=\"twitter:data2\" content=\"1 minuto\" \/>\n<script type=\"application\/ld+json\" class=\"yoast-schema-graph\">{\"@context\":\"https:\\\/\\\/schema.org\",\"@graph\":[{\"@type\":\"Article\",\"@id\":\"https:\\\/\\\/informatepy.com\\\/2021\\\/2022\\\/01\\\/22\\\/queda-nuevamente-habilitada-la-costanera-de-asuncion\\\/#article\",\"isPartOf\":{\"@id\":\"https:\\\/\\\/informatepy.com\\\/2021\\\/2022\\\/01\\\/22\\\/queda-nuevamente-habilitada-la-costanera-de-asuncion\\\/\"},\"author\":{\"name\":\"Redacci\u00f3n\",\"@id\":\"https:\\\/\\\/informatepy.com\\\/2021\\\/#\\\/schema\\\/person\\\/0c842f525f84ea74ef3b44370d11757b\"},\"headline\":\"Queda nuevamente habilitada la costanera de Asunci\u00f3n\",\"datePublished\":\"2022-01-22T22:52:26+00:00\",\"dateModified\":\"2022-01-22T22:52:28+00:00\",\"mainEntityOfPage\":{\"@id\":\"https:\\\/\\\/informatepy.com\\\/2021\\\/2022\\\/01\\\/22\\\/queda-nuevamente-habilitada-la-costanera-de-asuncion\\\/\"},\"wordCount\":85,\"commentCount\":0,\"publisher\":{\"@id\":\"https:\\\/\\\/informatepy.com\\\/2021\\\/#\\\/schema\\\/person\\\/edd302c981d6ba4596191719d1025a8a\"},\"image\":{\"@id\":\"https:\\\/\\\/informatepy.com\\\/2021\\\/2022\\\/01\\\/22\\\/queda-nuevamente-habilitada-la-costanera-de-asuncion\\\/#primaryimage\"},\"thumbnailUrl\":\"https:\\\/\\\/i0.wp.com\\\/informatepy.com\\\/2021\\\/wp-content\\\/uploads\\\/2022\\\/01\\\/costanera-asuncion.jpg?fit=1024%2C701&ssl=1\",\"keywords\":[\"asuncion\",\"destacada\",\"municipalidad de asuncion\",\"nenecho rodriguez\",\"oscar nenecho rodriguez\"],\"articleSection\":[\"Municipales\"],\"inLanguage\":\"es\",\"potentialAction\":[{\"@type\":\"CommentAction\",\"name\":\"Comment\",\"target\":[\"https:\\\/\\\/informatepy.com\\\/2021\\\/2022\\\/01\\\/22\\\/queda-nuevamente-habilitada-la-costanera-de-asuncion\\\/#respond\"]}]},{\"@type\":\"WebPage\",\"@id\":\"https:\\\/\\\/informatepy.com\\\/2021\\\/2022\\\/01\\\/22\\\/queda-nuevamente-habilitada-la-costanera-de-asuncion\\\/\",\"url\":\"https:\\\/\\\/informatepy.com\\\/2021\\\/2022\\\/01\\\/22\\\/queda-nuevamente-habilitada-la-costanera-de-asuncion\\\/\",\"name\":\"Queda nuevamente habilitada la costanera de Asunci\u00f3n - Informatepy\",\"isPartOf\":{\"@id\":\"https:\\\/\\\/informatepy.com\\\/2021\\\/#website\"},\"primaryImageOfPage\":{\"@id\":\"https:\\\/\\\/informatepy.com\\\/2021\\\/2022\\\/01\\\/22\\\/queda-nuevamente-habilitada-la-costanera-de-asuncion\\\/#primaryimage\"},\"image\":{\"@id\":\"https:\\\/\\\/informatepy.com\\\/2021\\\/2022\\\/01\\\/22\\\/queda-nuevamente-habilitada-la-costanera-de-asuncion\\\/#primaryimage\"},\"thumbnailUrl\":\"https:\\\/\\\/i0.wp.com\\\/informatepy.com\\\/2021\\\/wp-content\\\/uploads\\\/2022\\\/01\\\/costanera-asuncion.jpg?fit=1024%2C701&ssl=1\",\"datePublished\":\"2022-01-22T22:52:26+00:00\",\"dateModified\":\"2022-01-22T22:52:28+00:00\",\"breadcrumb\":{\"@id\":\"https:\\\/\\\/informatepy.com\\\/2021\\\/2022\\\/01\\\/22\\\/queda-nuevamente-habilitada-la-costanera-de-asuncion\\\/#breadcrumb\"},\"inLanguage\":\"es\",\"potentialAction\":[{\"@type\":\"ReadAction\",\"target\":[\"https:\\\/\\\/informatepy.com\\\/2021\\\/2022\\\/01\\\/22\\\/queda-nuevamente-habilitada-la-costanera-de-asuncion\\\/\"]}]},{\"@type\":\"ImageObject\",\"inLanguage\":\"es\",\"@id\":\"https:\\\/\\\/informatepy.com\\\/2021\\\/2022\\\/01\\\/22\\\/queda-nuevamente-habilitada-la-costanera-de-asuncion\\\/#primaryimage\",\"url\":\"https:\\\/\\\/i0.wp.com\\\/informatepy.com\\\/2021\\\/wp-content\\\/uploads\\\/2022\\\/01\\\/costanera-asuncion.jpg?fit=1024%2C701&ssl=1\",\"contentUrl\":\"https:\\\/\\\/i0.wp.com\\\/informatepy.com\\\/2021\\\/wp-content\\\/uploads\\\/2022\\\/01\\\/costanera-asuncion.jpg?fit=1024%2C701&ssl=1\",\"width\":1024,\"height\":701},{\"@type\":\"BreadcrumbList\",\"@id\":\"https:\\\/\\\/informatepy.com\\\/2021\\\/2022\\\/01\\\/22\\\/queda-nuevamente-habilitada-la-costanera-de-asuncion\\\/#breadcrumb\",\"itemListElement\":[{\"@type\":\"ListItem\",\"position\":1,\"name\":\"Portada\",\"item\":\"https:\\\/\\\/informatepy.com\\\/2021\\\/\"},{\"@type\":\"ListItem\",\"position\":2,\"name\":\"Queda nuevamente habilitada la costanera de Asunci\u00f3n\"}]},{\"@type\":\"WebSite\",\"@id\":\"https:\\\/\\\/informatepy.com\\\/2021\\\/#website\",\"url\":\"https:\\\/\\\/informatepy.com\\\/2021\\\/\",\"name\":\"Informatepy\",\"description\":\"La verdad, siempre!\",\"publisher\":{\"@id\":\"https:\\\/\\\/informatepy.com\\\/2021\\\/#\\\/schema\\\/person\\\/edd302c981d6ba4596191719d1025a8a\"},\"potentialAction\":[{\"@type\":\"SearchAction\",\"target\":{\"@type\":\"EntryPoint\",\"urlTemplate\":\"https:\\\/\\\/informatepy.com\\\/2021\\\/?s={search_term_string}\"},\"query-input\":{\"@type\":\"PropertyValueSpecification\",\"valueRequired\":true,\"valueName\":\"search_term_string\"}}],\"inLanguage\":\"es\"},{\"@type\":[\"Person\",\"Organization\"],\"@id\":\"https:\\\/\\\/informatepy.com\\\/2021\\\/#\\\/schema\\\/person\\\/edd302c981d6ba4596191719d1025a8a\",\"name\":\"admin\",\"image\":{\"@type\":\"ImageObject\",\"inLanguage\":\"es\",\"@id\":\"https:\\\/\\\/secure.gravatar.com\\\/avatar\\\/5310f602b6cbcfb86e030c4ccdbb78f6565a3b9bab6a74ab80fd3cb5428b65af?s=96&d=mm&r=g\",\"url\":\"https:\\\/\\\/secure.gravatar.com\\\/avatar\\\/5310f602b6cbcfb86e030c4ccdbb78f6565a3b9bab6a74ab80fd3cb5428b65af?s=96&d=mm&r=g\",\"contentUrl\":\"https:\\\/\\\/secure.gravatar.com\\\/avatar\\\/5310f602b6cbcfb86e030c4ccdbb78f6565a3b9bab6a74ab80fd3cb5428b65af?s=96&d=mm&r=g\",\"caption\":\"admin\"},\"logo\":{\"@id\":\"https:\\\/\\\/secure.gravatar.com\\\/avatar\\\/5310f602b6cbcfb86e030c4ccdbb78f6565a3b9bab6a74ab80fd3cb5428b65af?s=96&d=mm&r=g\"},\"sameAs\":[\"http:\\\/\\\/informatepy.com\\\/2021\"]},{\"@type\":\"Person\",\"@id\":\"https:\\\/\\\/informatepy.com\\\/2021\\\/#\\\/schema\\\/person\\\/0c842f525f84ea74ef3b44370d11757b\",\"name\":\"Redacci\u00f3n\",\"image\":{\"@type\":\"ImageObject\",\"inLanguage\":\"es\",\"@id\":\"https:\\\/\\\/i0.wp.com\\\/informatepy.com\\\/2021\\\/wp-content\\\/uploads\\\/2021\\\/02\\\/informate-circulo.png?fit=96%2C96&ssl=1\",\"url\":\"https:\\\/\\\/i0.wp.com\\\/informatepy.com\\\/2021\\\/wp-content\\\/uploads\\\/2021\\\/02\\\/informate-circulo.png?fit=96%2C96&ssl=1\",\"contentUrl\":\"https:\\\/\\\/i0.wp.com\\\/informatepy.com\\\/2021\\\/wp-content\\\/uploads\\\/2021\\\/02\\\/informate-circulo.png?fit=96%2C96&ssl=1\",\"caption\":\"Redacci\u00f3n\"},\"sameAs\":[\"https:\\\/\\\/www.facebook.com\\\/InformatePyCom\",\"https:\\\/\\\/x.com\\\/https:\\\/\\\/twitter.com\\\/InformatePy1\"],\"url\":\"https:\\\/\\\/informatepy.com\\\/2021\\\/author\\\/redaccion\\\/\"}]}<\/script>\n<!-- \/ Yoast SEO plugin. -->","yoast_head_json":{"title":"Queda nuevamente habilitada la costanera de Asunci\u00f3n - Informatepy","robots":{"index":"index","follow":"follow","max-snippet":"max-snippet:-1","max-image-preview":"max-image-preview:large","max-video-preview":"max-video-preview:-1"},"canonical":"https:\/\/informatepy.com\/2021\/2022\/01\/22\/queda-nuevamente-habilitada-la-costanera-de-asuncion\/","og_locale":"es_ES","og_type":"article","og_title":"Queda nuevamente habilitada la costanera de Asunci\u00f3n - Informatepy","og_description":"El intendente de Asunci\u00f3n, \u00d3scar Rodr\u00edguez, inform\u00f3 a trav\u00e9s de sus redes sociales que luego de una revisi\u00f3n y desconexi\u00f3n de las luminarias que podr\u00edan constituir un riesgo, la costanera de la ciudad qued\u00f3 habilitada nuevamente. Seg\u00fan el comunicado, el 20 de enero se remiti\u00f3 una nota al Ministerio de Obras P\u00fablicas para que se [&hellip;]","og_url":"https:\/\/informatepy.com\/2021\/2022\/01\/22\/queda-nuevamente-habilitada-la-costanera-de-asuncion\/","og_site_name":"Informatepy","article_author":"https:\/\/www.facebook.com\/InformatePyCom","article_published_time":"2022-01-22T22:52:26+00:00","article_modified_time":"2022-01-22T22:52:28+00:00","og_image":[{"width":1024,"height":701,"url":"https:\/\/informatepy.com\/2021\/wp-content\/uploads\/2022\/01\/costanera-asuncion.jpg","type":"image\/jpeg"}],"author":"Redacci\u00f3n","twitter_card":"summary_large_image","twitter_creator":"@https:\/\/twitter.com\/InformatePy1","twitter_misc":{"Escrito por":"Redacci\u00f3n","Tiempo de lectura":"1 minuto"},"schema":{"@context":"https:\/\/schema.org","@graph":[{"@type":"Article","@id":"https:\/\/informatepy.com\/2021\/2022\/01\/22\/queda-nuevamente-habilitada-la-costanera-de-asuncion\/#article","isPartOf":{"@id":"https:\/\/informatepy.com\/2021\/2022\/01\/22\/queda-nuevamente-habilitada-la-costanera-de-asuncion\/"},"author":{"name":"Redacci\u00f3n","@id":"https:\/\/informatepy.com\/2021\/#\/schema\/person\/0c842f525f84ea74ef3b44370d11757b"},"headline":"Queda nuevamente habilitada la costanera de Asunci\u00f3n","datePublished":"2022-01-22T22:52:26+00:00","dateModified":"2022-01-22T22:52:28+00:00","mainEntityOfPage":{"@id":"https:\/\/informatepy.com\/2021\/2022\/01\/22\/queda-nuevamente-habilitada-la-costanera-de-asuncion\/"},"wordCount":85,"commentCount":0,"publisher":{"@id":"https:\/\/informatepy.com\/2021\/#\/schema\/person\/edd302c981d6ba4596191719d1025a8a"},"image":{"@id":"https:\/\/informatepy.com\/2021\/2022\/01\/22\/queda-nuevamente-habilitada-la-costanera-de-asuncion\/#primaryimage"},"thumbnailUrl":"https:\/\/i0.wp.com\/informatepy.com\/2021\/wp-content\/uploads\/2022\/01\/costanera-asuncion.jpg?fit=1024%2C701&ssl=1","keywords":["asuncion","destacada","municipalidad de asuncion","nenecho rodriguez","oscar nenecho rodriguez"],"articleSection":["Municipales"],"inLanguage":"es","potentialAction":[{"@type":"CommentAction","name":"Comment","target":["https:\/\/informatepy.com\/2021\/2022\/01\/22\/queda-nuevamente-habilitada-la-costanera-de-asuncion\/#respond"]}]},{"@type":"WebPage","@id":"https:\/\/informatepy.com\/2021\/2022\/01\/22\/queda-nuevamente-habilitada-la-costanera-de-asuncion\/","url":"https:\/\/informatepy.com\/2021\/2022\/01\/22\/queda-nuevamente-habilitada-la-costanera-de-asuncion\/","name":"Queda nuevamente habilitada la costanera de Asunci\u00f3n - Informatepy","isPartOf":{"@id":"https:\/\/informatepy.com\/2021\/#website"},"primaryImageOfPage":{"@id":"https:\/\/informatepy.com\/2021\/2022\/01\/22\/queda-nuevamente-habilitada-la-costanera-de-asuncion\/#primaryimage"},"image":{"@id":"https:\/\/informatepy.com\/2021\/2022\/01\/22\/queda-nuevamente-habilitada-la-costanera-de-asuncion\/#primaryimage"},"thumbnailUrl":"https:\/\/i0.wp.com\/informatepy.com\/2021\/wp-content\/uploads\/2022\/01\/costanera-asuncion.jpg?fit=1024%2C701&ssl=1","datePublished":"2022-01-22T22:52:26+00:00","dateModified":"2022-01-22T22:52:28+00:00","breadcrumb":{"@id":"https:\/\/informatepy.com\/2021\/2022\/01\/22\/queda-nuevamente-habilitada-la-costanera-de-asuncion\/#breadcrumb"},"inLanguage":"es","potentialAction":[{"@type":"ReadAction","target":["https:\/\/informatepy.com\/2021\/2022\/01\/22\/queda-nuevamente-habilitada-la-costanera-de-asuncion\/"]}]},{"@type":"ImageObject","inLanguage":"es","@id":"https:\/\/informatepy.com\/2021\/2022\/01\/22\/queda-nuevamente-habilitada-la-costanera-de-asuncion\/#primaryimage","url":"https:\/\/i0.wp.com\/informatepy.com\/2021\/wp-content\/uploads\/2022\/01\/costanera-asuncion.jpg?fit=1024%2C701&ssl=1","contentUrl":"https:\/\/i0.wp.com\/informatepy.com\/2021\/wp-content\/uploads\/2022\/01\/costanera-asuncion.jpg?fit=1024%2C701&ssl=1","width":1024,"height":701},{"@type":"BreadcrumbList","@id":"https:\/\/informatepy.com\/2021\/2022\/01\/22\/queda-nuevamente-habilitada-la-costanera-de-asuncion\/#breadcrumb","itemListElement":[{"@type":"ListItem","position":1,"name":"Portada","item":"https:\/\/informatepy.com\/2021\/"},{"@type":"ListItem","position":2,"name":"Queda nuevamente habilitada la costanera de Asunci\u00f3n"}]},{"@type":"WebSite","@id":"https:\/\/informatepy.com\/2021\/#website","url":"https:\/\/informatepy.com\/2021\/","name":"Informatepy","description":"La verdad, siempre!","publisher":{"@id":"https:\/\/informatepy.com\/2021\/#\/schema\/person\/edd302c981d6ba4596191719d1025a8a"},"potentialAction":[{"@type":"SearchAction","target":{"@type":"EntryPoint","urlTemplate":"https:\/\/informatepy.com\/2021\/?s={search_term_string}"},"query-input":{"@type":"PropertyValueSpecification","valueRequired":true,"valueName":"search_term_string"}}],"inLanguage":"es"},{"@type":["Person","Organization"],"@id":"https:\/\/informatepy.com\/2021\/#\/schema\/person\/edd302c981d6ba4596191719d1025a8a","name":"admin","image":{"@type":"ImageObject","inLanguage":"es","@id":"https:\/\/secure.gravatar.com\/avatar\/5310f602b6cbcfb86e030c4ccdbb78f6565a3b9bab6a74ab80fd3cb5428b65af?s=96&d=mm&r=g","url":"https:\/\/secure.gravatar.com\/avatar\/5310f602b6cbcfb86e030c4ccdbb78f6565a3b9bab6a74ab80fd3cb5428b65af?s=96&d=mm&r=g","contentUrl":"https:\/\/secure.gravatar.com\/avatar\/5310f602b6cbcfb86e030c4ccdbb78f6565a3b9bab6a74ab80fd3cb5428b65af?s=96&d=mm&r=g","caption":"admin"},"logo":{"@id":"https:\/\/secure.gravatar.com\/avatar\/5310f602b6cbcfb86e030c4ccdbb78f6565a3b9bab6a74ab80fd3cb5428b65af?s=96&d=mm&r=g"},"sameAs":["http:\/\/informatepy.com\/2021"]},{"@type":"Person","@id":"https:\/\/informatepy.com\/2021\/#\/schema\/person\/0c842f525f84ea74ef3b44370d11757b","name":"Redacci\u00f3n","image":{"@type":"ImageObject","inLanguage":"es","@id":"https:\/\/i0.wp.com\/informatepy.com\/2021\/wp-content\/uploads\/2021\/02\/informate-circulo.png?fit=96%2C96&ssl=1","url":"https:\/\/i0.wp.com\/informatepy.com\/2021\/wp-content\/uploads\/2021\/02\/informate-circulo.png?fit=96%2C96&ssl=1","contentUrl":"https:\/\/i0.wp.com\/informatepy.com\/2021\/wp-content\/uploads\/2021\/02\/informate-circulo.png?fit=96%2C96&ssl=1","caption":"Redacci\u00f3n"},"sameAs":["https:\/\/www.facebook.com\/InformatePyCom","https:\/\/x.com\/https:\/\/twitter.com\/InformatePy1"],"url":"https:\/\/informatepy.com\/2021\/author\/redaccion\/"}]}},"jetpack_featured_media_url":"https:\/\/i0.wp.com\/informatepy.com\/2021\/wp-content\/uploads\/2022\/01\/costanera-asuncion.jpg?fit=1024%2C701&ssl=1","jetpack_sharing_enabled":true,"jetpack_likes_enabled":true,"jetpack-related-posts":[{"id":10960,"url":"https:\/\/informatepy.com\/2021\/2022\/04\/04\/nenecho-reclamo-al-estado-nacional-deudas-por-199-000-millones-solo-por-recoleccion-de-residuos\/","url_meta":{"origin":9628,"position":0},"title":"Nenecho reclam\u00f3 al estado nacional deudas por m\u00e1s de 199.000 millones s\u00f3lo por recolecci\u00f3n de residuos","date":"4 de abril de 2022","format":false,"excerpt":"En una conferencia de prensa, el intendente de\u00a0Asunci\u00f3n, \u00d3scar \"Nenecho\" Rodr\u00edguez, comunic\u00f3 que los organismos del\u00a0Estado\u00a0deben a la comuna, en concepto de recolecci\u00f3n de residuos, m\u00e1s de G. 199.000 millones de guaran\u00edes. \u201cSe les notific\u00f3 a cada uno de ellos intim\u00e1ndoles a que en un plazo de 30 d\u00edas pasen\u2026","rel":"","context":"En \u00abMunicipales\u00bb","img":{"alt_text":"","src":"https:\/\/i0.wp.com\/informatepy.com\/2021\/wp-content\/uploads\/2021\/01\/nenecho-rodriguez-intendente-de-asuncion.jpeg?fit=1200%2C800&ssl=1&resize=350%2C200","width":350,"height":200},"classes":[]},{"id":6537,"url":"https:\/\/informatepy.com\/2021\/2021\/08\/18\/nenecho-encabeza-encuesta-de-multitarget-de-cara-a-las-municipales-de-octubre\/","url_meta":{"origin":9628,"position":1},"title":"\u00abNenecho\u00bb encabeza encuesta de Multitarget de cara a las municipales de octubre","date":"18 de agosto de 2021","format":false,"excerpt":"La lucha por la intendencia de Asunci\u00f3n, est\u00e1 centrada solo en dos de los candidatos a la Intendencia de Asunci\u00f3n, Oscar \u201cNenecho\u201d Rodr\u00edguez (ANR) y Eduardo Nakayama (Alianza PLRA-PPQ-PDP). De acuerdo a la encuesta realizada por Multitarget S.A. (empresa especializada en Estudios de Opini\u00f3n P\u00fablica e Investigaci\u00f3n de Mercados; Comunicaci\u00f3n\u2026","rel":"","context":"En \u00abMunicipales\u00bb","img":{"alt_text":"","src":"https:\/\/i0.wp.com\/informatepy.com\/2021\/wp-content\/uploads\/2021\/08\/Nenecho-vs-Nakayama.png?fit=822%2C472&ssl=1&resize=350%2C200","width":350,"height":200},"classes":[]},{"id":11475,"url":"https:\/\/informatepy.com\/2021\/2022\/05\/04\/asuncion-ya-no-recogera-la-basura-de-entes-publicos-morosos\/","url_meta":{"origin":9628,"position":2},"title":"Asunci\u00f3n ya no recoger\u00e1 la basura de entes p\u00fablicos morosos","date":"4 de mayo de 2022","format":false,"excerpt":"A la medianoche de este mi\u00e9rcoles vence el plazo de 30 d\u00edas que la Municipalidad de Asunci\u00f3n hab\u00eda otorgado a las instituciones del Estado, para que presenten el plan de pago por recolecci\u00f3n de basuras. La deuda es de G. 127 mil millones, acumulada en el periodo del 2014 al\u2026","rel":"","context":"En \u00abMunicipales\u00bb","img":{"alt_text":"","src":"https:\/\/i0.wp.com\/informatepy.com\/2021\/wp-content\/uploads\/2022\/05\/recoleccion-basura-asuncion.jpg?fit=1200%2C675&ssl=1&resize=350%2C200","width":350,"height":200},"classes":[]},{"id":2187,"url":"https:\/\/informatepy.com\/2021\/2020\/09\/26\/bomberos-denuncian-a-municipalidad-de-asuncion-por-falta-de-desembolso-del-presupuesto\/","url_meta":{"origin":9628,"position":3},"title":"Bomberos denuncian a Municipalidad de Asunci\u00f3n por falta de desembolso del presupuesto","date":"26 de septiembre de 2020","format":false,"excerpt":"Resalt\u00f3 que sin la herramientas necesarias ya no podr\u00e1n asistir correctamente a la ciudadan\u00eda. \u00abSi llega a ocurrir un incendio de gran magnitud el responsable va a ser Nenecho Rodr\u00edguez\u00bb, expres\u00f3. Asimismo se\u00f1al\u00f3 que tanto los bomberos amarillos de la Primera Compa\u00f1\u00eda, como los azules est\u00e1n a punto de entregar\u2026","rel":"","context":"En \u00abMunicipales\u00bb","img":{"alt_text":"","src":"https:\/\/i0.wp.com\/informatepy.com\/2021\/wp-content\/uploads\/2021\/09\/bomberos-amarillos.jpeg?fit=1110%2C833&ssl=1&resize=350%2C200","width":350,"height":200},"classes":[]},{"id":7146,"url":"https:\/\/informatepy.com\/2021\/2021\/09\/15\/consultora-multitarget-presenta-su-segundo-sondeo-de-intencion-de-voto-para-las-municipales-de-asuncion\/","url_meta":{"origin":9628,"position":4},"title":"Consultora Multitarget presenta su segundo sondeo de intenci\u00f3n de voto para las municipales de Asunci\u00f3n","date":"15 de septiembre de 2021","format":false,"excerpt":"Seg\u00fan la consultora, en este segundo sondeo las intenciones de voto para las elecciones municipales del pr\u00f3ximo 10 de octubre siguen favoreciendo a la ANR encabezada por el ex intendente \u00d3scar \"Nenecho\" Rodr\u00edguez, con un 51,6% de los votos. El Partido Liberal Radical Aut\u00e9ntico y su Alianza de Partidos ,\u2026","rel":"","context":"En \u00abMunicipales\u00bb","img":{"alt_text":"","src":"https:\/\/i0.wp.com\/informatepy.com\/2021\/wp-content\/uploads\/2021\/08\/Nenecho-vs-Nakayama.png?fit=822%2C472&ssl=1&resize=350%2C200","width":350,"height":200},"classes":[]},{"id":12673,"url":"https:\/\/informatepy.com\/2021\/2022\/07\/15\/nenecho-analiza-acciones-legales-contra-la-essap-por-boicot\/","url_meta":{"origin":9628,"position":5},"title":"Nenecho analiza acciones legales contra la Essap por boicot","date":"15 de julio de 2022","format":false,"excerpt":"La Empresa de Servicios Sanitarios del Paraguay (Essap) volvi\u00f3 a destruir un asfaltado que la Municipalidad de Asunci\u00f3n acababa de concluir sobre la calle Eusebio Lilo, lo que fue calificado como un boicot por el intendente de Asunci\u00f3n, Oscar \u201cNenecho\u201d Rodr\u00edguez, quien analiza probables acciones legales en contra del ente\u2026","rel":"","context":"En \u00abMunicipales\u00bb","img":{"alt_text":"","src":"https:\/\/i0.wp.com\/informatepy.com\/2021\/wp-content\/uploads\/2022\/07\/asfalto.jpg?fit=1024%2C512&ssl=1&resize=350%2C200","width":350,"height":200},"classes":[]}],"authors":[{"term_id":1051,"user_id":4,"is_guest":0,"slug":"redaccion","display_name":"Redacci\u00f3n","avatar_url":"https:\/\/i0.wp.com\/informatepy.com\/2021\/wp-content\/uploads\/2021\/02\/informate-circulo.png?fit=96%2C96&ssl=1","first_name":"Redacci\u00f3n","last_name":"","user_url":"","description":""}],"amp_enabled":true,"_links":{"self":[{"href":"https:\/\/informatepy.com\/2021\/wp-json\/wp\/v2\/posts\/9628","targetHints":{"allow":["GET"]}}],"collection":[{"href":"https:\/\/informatepy.com\/2021\/wp-json\/wp\/v2\/posts"}],"about":[{"href":"https:\/\/informatepy.com\/2021\/wp-json\/wp\/v2\/types\/post"}],"author":[{"embeddable":true,"href":"https:\/\/informatepy.com\/2021\/wp-json\/wp\/v2\/users\/4"}],"replies":[{"embeddable":true,"href":"https:\/\/informatepy.com\/2021\/wp-json\/wp\/v2\/comments?post=9628"}],"version-history":[{"count":1,"href":"https:\/\/informatepy.com\/2021\/wp-json\/wp\/v2\/posts\/9628\/revisions"}],"predecessor-version":[{"id":9631,"href":"https:\/\/informatepy.com\/2021\/wp-json\/wp\/v2\/posts\/9628\/revisions\/9631"}],"wp:featuredmedia":[{"embeddable":true,"href":"https:\/\/informatepy.com\/2021\/wp-json\/wp\/v2\/media\/9630"}],"wp:attachment":[{"href":"https:\/\/informatepy.com\/2021\/wp-json\/wp\/v2\/media?parent=9628"}],"wp:term":[{"taxonomy":"category","embeddable":true,"href":"https:\/\/informatepy.com\/2021\/wp-json\/wp\/v2\/categories?post=9628"},{"taxonomy":"post_tag","embeddable":true,"href":"https:\/\/informatepy.com\/2021\/wp-json\/wp\/v2\/tags?post=9628"},{"taxonomy":"author","embeddable":true,"href":"https:\/\/informatepy.com\/2021\/wp-json\/wp\/v2\/ppma_author?post=9628"}],"curies":[{"name":"wp","href":"https:\/\/api.w.org\/{rel}","templated":true}]}}