{"id":9619,"date":"2022-01-22T10:37:25","date_gmt":"2022-01-22T13:37:25","guid":{"rendered":"https:\/\/informatepy.com\/2021\/?p=9619"},"modified":"2022-01-22T10:37:27","modified_gmt":"2022-01-22T13:37:27","slug":"el-tlc-uruguay-china-en-riesgo","status":"publish","type":"post","link":"https:\/\/informatepy.com\/2021\/2022\/01\/22\/el-tlc-uruguay-china-en-riesgo\/","title":{"rendered":"El TLC Uruguay-China en riesgo"},"content":{"rendered":"\n<p class=\"has-text-align-justify\"><em><strong>\u201cEn ambientes diplom\u00e1ticos uruguayos est\u00e1 creciendo la idea de que China no le est\u00e1 dando mayor importancia a avanzar en un TLC con Uruguay\u201d<\/strong><\/em>. As\u00ed explic\u00f3 el semanario B\u00fasqueda en su edici\u00f3n del jueves 20, en base a informantes de la diplomacia uruguaya, cu\u00e1l es el ritmo de las negociaciones con el principal destino de las exportaciones uruguayas.<\/p>\n\n\n\n<p class=\"has-text-align-justify\">Al freno chino se suma la posici\u00f3n del pa\u00eds en la interna del Mercosur. En diciembre, el gobierno de Luis Lacalle Pou decidi\u00f3 no respaldar la baja del arancel externo com\u00fan un 10%, que solicit\u00f3 Brasil y respaldaron Argentina y Paraguay.<\/p>\n\n\n\n<p class=\"has-text-align-justify\">El presidente brasile\u00f1o declar\u00f3 a la radio Sarand\u00ed, de Rio Grande do Sul: <em><strong>\u201cEl tema Mercosur es siempre inestable, con sus pros y contras. En este momento Uruguay quiere comprar todo lo que viene de China directamente, independientemente de la cl\u00e1usula de barrera. Es un problema que estamos enfrentando\u201d<\/strong><\/em>.<\/p>\n\n\n\n<p class=\"has-text-align-justify\">La relaci\u00f3n con Argentina en el seno del acuerdo regional se empantan\u00f3 con la calificaci\u00f3n de lastre al Mercosur, que Luis Lacalle Pou declar\u00f3 durante la cumbre que celebr\u00f3 los 30 a\u00f1os de vida del bloque, desde el Tratado de Asunci\u00f3n. La respuesta del presidente pro tempore del Mercosur fue en el mismo momento: invit\u00f3 a su par uruguayo a <em><strong>\u201cabandonar el barco\u201d.<\/strong><\/em><\/p>\n\n\n\n<p class=\"has-text-align-justify\">Ni siquiera el gobierno paraguayo respald\u00f3 la posibilidad de dialogar con China y acordar a diferentes velocidades. <strong><em>\u00abParaguay sigue sosteniendo su posici\u00f3n de ser fiel a lo establecido en el tratado fundacional y en el protocolo de Ouro Preto\u00bb<\/em><\/strong>. Es decir, el acuerdo es entre los cuatro o con ninguno.<\/p>\n\n\n\n<p class=\"has-text-align-justify\">En julio de 2021, el analista internacional \u00c1lvaro Padr\u00f3n dijo en su columna en M24 que no era cierto, como afirmaba el gobierno, que el mundo se dirig\u00eda hacia la libertad de comercio, record\u00f3 que en este tipo de acuerdos comerciales hay sectores que ganan y otros que pierden y que un acuerdo con China solamente ganar\u00e1n los sectores agroexportadores, y alert\u00f3 que Brasil estaba utilizando a Uruguay.<\/p>\n\n\n\n<p class=\"has-text-align-justify\">Estos argumentos los defini\u00f3 como <em><strong>\u201clas tres mentiras del gobierno para hacer algo muy peligroso para el pa\u00eds, que es poner en riesgo la continuidad del Mercosur\u201d<\/strong><\/em>.<\/p>\n\n\n\n<h6 class=\"wp-block-heading\">Con informaci\u00f3n de M24<\/h6>\n","protected":false},"excerpt":{"rendered":"<p>El estudio de prefactibilidad que se presentar\u00eda al finalizar 2021 no termin\u00f3 y se aguarda su presentaci\u00f3n \u201cdurante el primer semestre\u201d de este a\u00f1o. Sin avances con China, este enero el presidente de Brasil, Jair Bolsonaro, confirm\u00f3 que la intenci\u00f3n uruguaya \u201ces un problema\u201d para el Mercosur.<\/p>\n","protected":false},"author":4,"featured_media":9620,"comment_status":"open","ping_status":"open","sticky":false,"template":"","format":"standard","meta":{"_monsterinsights_skip_tracking":false,"_monsterinsights_sitenote_active":false,"_monsterinsights_sitenote_note":"","_monsterinsights_sitenote_category":0,"footnotes":"","jetpack_publicize_message":"","jetpack_is_tweetstorm":false,"jetpack_publicize_feature_enabled":true},"categories":[173],"tags":[342,1279,1021],"ppma_author":[1051],"class_list":["post-9619","post","type-post","status-publish","format-standard","has-post-thumbnail","hentry","category-mundo","tag-china","tag-mercosur","tag-uruguay"],"jetpack_publicize_connections":[],"yoast_head":"<!-- This site is optimized with the Yoast SEO plugin v27.5 - https:\/\/yoast.com\/product\/yoast-seo-wordpress\/ -->\n<title>El TLC Uruguay-China en riesgo - Informatepy<\/title>\n<meta name=\"robots\" content=\"index, follow, max-snippet:-1, max-image-preview:large, max-video-preview:-1\" \/>\n<link rel=\"canonical\" href=\"https:\/\/informatepy.com\/2021\/2022\/01\/22\/el-tlc-uruguay-china-en-riesgo\/\" \/>\n<meta property=\"og:locale\" content=\"es_ES\" \/>\n<meta property=\"og:type\" content=\"article\" \/>\n<meta property=\"og:title\" content=\"El TLC Uruguay-China en riesgo - Informatepy\" \/>\n<meta property=\"og:description\" content=\"El estudio de prefactibilidad que se presentar\u00eda al finalizar 2021 no termin\u00f3 y se aguarda su presentaci\u00f3n \u201cdurante el primer semestre\u201d de este a\u00f1o. Sin avances con China, este enero el presidente de Brasil, Jair Bolsonaro, confirm\u00f3 que la intenci\u00f3n uruguaya \u201ces un problema\u201d para el Mercosur.\" \/>\n<meta property=\"og:url\" content=\"https:\/\/informatepy.com\/2021\/2022\/01\/22\/el-tlc-uruguay-china-en-riesgo\/\" \/>\n<meta property=\"og:site_name\" content=\"Informatepy\" \/>\n<meta property=\"article:author\" content=\"https:\/\/www.facebook.com\/InformatePyCom\" \/>\n<meta property=\"article:published_time\" content=\"2022-01-22T13:37:25+00:00\" \/>\n<meta property=\"article:modified_time\" content=\"2022-01-22T13:37:27+00:00\" \/>\n<meta property=\"og:image\" content=\"https:\/\/informatepy.com\/2021\/wp-content\/uploads\/2022\/01\/banderas-uruguay-china.jpg\" \/>\n\t<meta property=\"og:image:width\" content=\"655\" \/>\n\t<meta property=\"og:image:height\" content=\"387\" \/>\n\t<meta property=\"og:image:type\" content=\"image\/jpeg\" \/>\n<meta name=\"author\" content=\"Redacci\u00f3n\" \/>\n<meta name=\"twitter:card\" content=\"summary_large_image\" \/>\n<meta name=\"twitter:creator\" content=\"@https:\/\/twitter.com\/InformatePy1\" \/>\n<meta name=\"twitter:label1\" content=\"Escrito por\" \/>\n\t<meta name=\"twitter:data1\" content=\"Redacci\u00f3n\" \/>\n\t<meta name=\"twitter:label2\" content=\"Tiempo de lectura\" \/>\n\t<meta name=\"twitter:data2\" content=\"2 minutos\" \/>\n<script type=\"application\/ld+json\" class=\"yoast-schema-graph\">{\"@context\":\"https:\\\/\\\/schema.org\",\"@graph\":[{\"@type\":\"Article\",\"@id\":\"https:\\\/\\\/informatepy.com\\\/2021\\\/2022\\\/01\\\/22\\\/el-tlc-uruguay-china-en-riesgo\\\/#article\",\"isPartOf\":{\"@id\":\"https:\\\/\\\/informatepy.com\\\/2021\\\/2022\\\/01\\\/22\\\/el-tlc-uruguay-china-en-riesgo\\\/\"},\"author\":{\"name\":\"Redacci\u00f3n\",\"@id\":\"https:\\\/\\\/informatepy.com\\\/2021\\\/#\\\/schema\\\/person\\\/0c842f525f84ea74ef3b44370d11757b\"},\"headline\":\"El TLC Uruguay-China en riesgo\",\"datePublished\":\"2022-01-22T13:37:25+00:00\",\"dateModified\":\"2022-01-22T13:37:27+00:00\",\"mainEntityOfPage\":{\"@id\":\"https:\\\/\\\/informatepy.com\\\/2021\\\/2022\\\/01\\\/22\\\/el-tlc-uruguay-china-en-riesgo\\\/\"},\"wordCount\":380,\"commentCount\":0,\"publisher\":{\"@id\":\"https:\\\/\\\/informatepy.com\\\/2021\\\/#\\\/schema\\\/person\\\/edd302c981d6ba4596191719d1025a8a\"},\"image\":{\"@id\":\"https:\\\/\\\/informatepy.com\\\/2021\\\/2022\\\/01\\\/22\\\/el-tlc-uruguay-china-en-riesgo\\\/#primaryimage\"},\"thumbnailUrl\":\"https:\\\/\\\/i0.wp.com\\\/informatepy.com\\\/2021\\\/wp-content\\\/uploads\\\/2022\\\/01\\\/banderas-uruguay-china.jpg?fit=655%2C387&ssl=1\",\"keywords\":[\"china\",\"mercosur\",\"uruguay\"],\"articleSection\":[\"Mundo\"],\"inLanguage\":\"es\",\"potentialAction\":[{\"@type\":\"CommentAction\",\"name\":\"Comment\",\"target\":[\"https:\\\/\\\/informatepy.com\\\/2021\\\/2022\\\/01\\\/22\\\/el-tlc-uruguay-china-en-riesgo\\\/#respond\"]}]},{\"@type\":\"WebPage\",\"@id\":\"https:\\\/\\\/informatepy.com\\\/2021\\\/2022\\\/01\\\/22\\\/el-tlc-uruguay-china-en-riesgo\\\/\",\"url\":\"https:\\\/\\\/informatepy.com\\\/2021\\\/2022\\\/01\\\/22\\\/el-tlc-uruguay-china-en-riesgo\\\/\",\"name\":\"El TLC Uruguay-China en riesgo - Informatepy\",\"isPartOf\":{\"@id\":\"https:\\\/\\\/informatepy.com\\\/2021\\\/#website\"},\"primaryImageOfPage\":{\"@id\":\"https:\\\/\\\/informatepy.com\\\/2021\\\/2022\\\/01\\\/22\\\/el-tlc-uruguay-china-en-riesgo\\\/#primaryimage\"},\"image\":{\"@id\":\"https:\\\/\\\/informatepy.com\\\/2021\\\/2022\\\/01\\\/22\\\/el-tlc-uruguay-china-en-riesgo\\\/#primaryimage\"},\"thumbnailUrl\":\"https:\\\/\\\/i0.wp.com\\\/informatepy.com\\\/2021\\\/wp-content\\\/uploads\\\/2022\\\/01\\\/banderas-uruguay-china.jpg?fit=655%2C387&ssl=1\",\"datePublished\":\"2022-01-22T13:37:25+00:00\",\"dateModified\":\"2022-01-22T13:37:27+00:00\",\"breadcrumb\":{\"@id\":\"https:\\\/\\\/informatepy.com\\\/2021\\\/2022\\\/01\\\/22\\\/el-tlc-uruguay-china-en-riesgo\\\/#breadcrumb\"},\"inLanguage\":\"es\",\"potentialAction\":[{\"@type\":\"ReadAction\",\"target\":[\"https:\\\/\\\/informatepy.com\\\/2021\\\/2022\\\/01\\\/22\\\/el-tlc-uruguay-china-en-riesgo\\\/\"]}]},{\"@type\":\"ImageObject\",\"inLanguage\":\"es\",\"@id\":\"https:\\\/\\\/informatepy.com\\\/2021\\\/2022\\\/01\\\/22\\\/el-tlc-uruguay-china-en-riesgo\\\/#primaryimage\",\"url\":\"https:\\\/\\\/i0.wp.com\\\/informatepy.com\\\/2021\\\/wp-content\\\/uploads\\\/2022\\\/01\\\/banderas-uruguay-china.jpg?fit=655%2C387&ssl=1\",\"contentUrl\":\"https:\\\/\\\/i0.wp.com\\\/informatepy.com\\\/2021\\\/wp-content\\\/uploads\\\/2022\\\/01\\\/banderas-uruguay-china.jpg?fit=655%2C387&ssl=1\",\"width\":655,\"height\":387},{\"@type\":\"BreadcrumbList\",\"@id\":\"https:\\\/\\\/informatepy.com\\\/2021\\\/2022\\\/01\\\/22\\\/el-tlc-uruguay-china-en-riesgo\\\/#breadcrumb\",\"itemListElement\":[{\"@type\":\"ListItem\",\"position\":1,\"name\":\"Portada\",\"item\":\"https:\\\/\\\/informatepy.com\\\/2021\\\/\"},{\"@type\":\"ListItem\",\"position\":2,\"name\":\"El TLC Uruguay-China en riesgo\"}]},{\"@type\":\"WebSite\",\"@id\":\"https:\\\/\\\/informatepy.com\\\/2021\\\/#website\",\"url\":\"https:\\\/\\\/informatepy.com\\\/2021\\\/\",\"name\":\"Informatepy\",\"description\":\"La verdad, siempre!\",\"publisher\":{\"@id\":\"https:\\\/\\\/informatepy.com\\\/2021\\\/#\\\/schema\\\/person\\\/edd302c981d6ba4596191719d1025a8a\"},\"potentialAction\":[{\"@type\":\"SearchAction\",\"target\":{\"@type\":\"EntryPoint\",\"urlTemplate\":\"https:\\\/\\\/informatepy.com\\\/2021\\\/?s={search_term_string}\"},\"query-input\":{\"@type\":\"PropertyValueSpecification\",\"valueRequired\":true,\"valueName\":\"search_term_string\"}}],\"inLanguage\":\"es\"},{\"@type\":[\"Person\",\"Organization\"],\"@id\":\"https:\\\/\\\/informatepy.com\\\/2021\\\/#\\\/schema\\\/person\\\/edd302c981d6ba4596191719d1025a8a\",\"name\":\"admin\",\"image\":{\"@type\":\"ImageObject\",\"inLanguage\":\"es\",\"@id\":\"https:\\\/\\\/secure.gravatar.com\\\/avatar\\\/5310f602b6cbcfb86e030c4ccdbb78f6565a3b9bab6a74ab80fd3cb5428b65af?s=96&d=mm&r=g\",\"url\":\"https:\\\/\\\/secure.gravatar.com\\\/avatar\\\/5310f602b6cbcfb86e030c4ccdbb78f6565a3b9bab6a74ab80fd3cb5428b65af?s=96&d=mm&r=g\",\"contentUrl\":\"https:\\\/\\\/secure.gravatar.com\\\/avatar\\\/5310f602b6cbcfb86e030c4ccdbb78f6565a3b9bab6a74ab80fd3cb5428b65af?s=96&d=mm&r=g\",\"caption\":\"admin\"},\"logo\":{\"@id\":\"https:\\\/\\\/secure.gravatar.com\\\/avatar\\\/5310f602b6cbcfb86e030c4ccdbb78f6565a3b9bab6a74ab80fd3cb5428b65af?s=96&d=mm&r=g\"},\"sameAs\":[\"http:\\\/\\\/informatepy.com\\\/2021\"]},{\"@type\":\"Person\",\"@id\":\"https:\\\/\\\/informatepy.com\\\/2021\\\/#\\\/schema\\\/person\\\/0c842f525f84ea74ef3b44370d11757b\",\"name\":\"Redacci\u00f3n\",\"image\":{\"@type\":\"ImageObject\",\"inLanguage\":\"es\",\"@id\":\"https:\\\/\\\/i0.wp.com\\\/informatepy.com\\\/2021\\\/wp-content\\\/uploads\\\/2021\\\/02\\\/informate-circulo.png?fit=96%2C96&ssl=1\",\"url\":\"https:\\\/\\\/i0.wp.com\\\/informatepy.com\\\/2021\\\/wp-content\\\/uploads\\\/2021\\\/02\\\/informate-circulo.png?fit=96%2C96&ssl=1\",\"contentUrl\":\"https:\\\/\\\/i0.wp.com\\\/informatepy.com\\\/2021\\\/wp-content\\\/uploads\\\/2021\\\/02\\\/informate-circulo.png?fit=96%2C96&ssl=1\",\"caption\":\"Redacci\u00f3n\"},\"sameAs\":[\"https:\\\/\\\/www.facebook.com\\\/InformatePyCom\",\"https:\\\/\\\/x.com\\\/https:\\\/\\\/twitter.com\\\/InformatePy1\"],\"url\":\"https:\\\/\\\/informatepy.com\\\/2021\\\/author\\\/redaccion\\\/\"}]}<\/script>\n<!-- \/ Yoast SEO plugin. -->","yoast_head_json":{"title":"El TLC Uruguay-China en riesgo - Informatepy","robots":{"index":"index","follow":"follow","max-snippet":"max-snippet:-1","max-image-preview":"max-image-preview:large","max-video-preview":"max-video-preview:-1"},"canonical":"https:\/\/informatepy.com\/2021\/2022\/01\/22\/el-tlc-uruguay-china-en-riesgo\/","og_locale":"es_ES","og_type":"article","og_title":"El TLC Uruguay-China en riesgo - Informatepy","og_description":"El estudio de prefactibilidad que se presentar\u00eda al finalizar 2021 no termin\u00f3 y se aguarda su presentaci\u00f3n \u201cdurante el primer semestre\u201d de este a\u00f1o. Sin avances con China, este enero el presidente de Brasil, Jair Bolsonaro, confirm\u00f3 que la intenci\u00f3n uruguaya \u201ces un problema\u201d para el Mercosur.","og_url":"https:\/\/informatepy.com\/2021\/2022\/01\/22\/el-tlc-uruguay-china-en-riesgo\/","og_site_name":"Informatepy","article_author":"https:\/\/www.facebook.com\/InformatePyCom","article_published_time":"2022-01-22T13:37:25+00:00","article_modified_time":"2022-01-22T13:37:27+00:00","og_image":[{"width":655,"height":387,"url":"https:\/\/informatepy.com\/2021\/wp-content\/uploads\/2022\/01\/banderas-uruguay-china.jpg","type":"image\/jpeg"}],"author":"Redacci\u00f3n","twitter_card":"summary_large_image","twitter_creator":"@https:\/\/twitter.com\/InformatePy1","twitter_misc":{"Escrito por":"Redacci\u00f3n","Tiempo de lectura":"2 minutos"},"schema":{"@context":"https:\/\/schema.org","@graph":[{"@type":"Article","@id":"https:\/\/informatepy.com\/2021\/2022\/01\/22\/el-tlc-uruguay-china-en-riesgo\/#article","isPartOf":{"@id":"https:\/\/informatepy.com\/2021\/2022\/01\/22\/el-tlc-uruguay-china-en-riesgo\/"},"author":{"name":"Redacci\u00f3n","@id":"https:\/\/informatepy.com\/2021\/#\/schema\/person\/0c842f525f84ea74ef3b44370d11757b"},"headline":"El TLC Uruguay-China en riesgo","datePublished":"2022-01-22T13:37:25+00:00","dateModified":"2022-01-22T13:37:27+00:00","mainEntityOfPage":{"@id":"https:\/\/informatepy.com\/2021\/2022\/01\/22\/el-tlc-uruguay-china-en-riesgo\/"},"wordCount":380,"commentCount":0,"publisher":{"@id":"https:\/\/informatepy.com\/2021\/#\/schema\/person\/edd302c981d6ba4596191719d1025a8a"},"image":{"@id":"https:\/\/informatepy.com\/2021\/2022\/01\/22\/el-tlc-uruguay-china-en-riesgo\/#primaryimage"},"thumbnailUrl":"https:\/\/i0.wp.com\/informatepy.com\/2021\/wp-content\/uploads\/2022\/01\/banderas-uruguay-china.jpg?fit=655%2C387&ssl=1","keywords":["china","mercosur","uruguay"],"articleSection":["Mundo"],"inLanguage":"es","potentialAction":[{"@type":"CommentAction","name":"Comment","target":["https:\/\/informatepy.com\/2021\/2022\/01\/22\/el-tlc-uruguay-china-en-riesgo\/#respond"]}]},{"@type":"WebPage","@id":"https:\/\/informatepy.com\/2021\/2022\/01\/22\/el-tlc-uruguay-china-en-riesgo\/","url":"https:\/\/informatepy.com\/2021\/2022\/01\/22\/el-tlc-uruguay-china-en-riesgo\/","name":"El TLC Uruguay-China en riesgo - Informatepy","isPartOf":{"@id":"https:\/\/informatepy.com\/2021\/#website"},"primaryImageOfPage":{"@id":"https:\/\/informatepy.com\/2021\/2022\/01\/22\/el-tlc-uruguay-china-en-riesgo\/#primaryimage"},"image":{"@id":"https:\/\/informatepy.com\/2021\/2022\/01\/22\/el-tlc-uruguay-china-en-riesgo\/#primaryimage"},"thumbnailUrl":"https:\/\/i0.wp.com\/informatepy.com\/2021\/wp-content\/uploads\/2022\/01\/banderas-uruguay-china.jpg?fit=655%2C387&ssl=1","datePublished":"2022-01-22T13:37:25+00:00","dateModified":"2022-01-22T13:37:27+00:00","breadcrumb":{"@id":"https:\/\/informatepy.com\/2021\/2022\/01\/22\/el-tlc-uruguay-china-en-riesgo\/#breadcrumb"},"inLanguage":"es","potentialAction":[{"@type":"ReadAction","target":["https:\/\/informatepy.com\/2021\/2022\/01\/22\/el-tlc-uruguay-china-en-riesgo\/"]}]},{"@type":"ImageObject","inLanguage":"es","@id":"https:\/\/informatepy.com\/2021\/2022\/01\/22\/el-tlc-uruguay-china-en-riesgo\/#primaryimage","url":"https:\/\/i0.wp.com\/informatepy.com\/2021\/wp-content\/uploads\/2022\/01\/banderas-uruguay-china.jpg?fit=655%2C387&ssl=1","contentUrl":"https:\/\/i0.wp.com\/informatepy.com\/2021\/wp-content\/uploads\/2022\/01\/banderas-uruguay-china.jpg?fit=655%2C387&ssl=1","width":655,"height":387},{"@type":"BreadcrumbList","@id":"https:\/\/informatepy.com\/2021\/2022\/01\/22\/el-tlc-uruguay-china-en-riesgo\/#breadcrumb","itemListElement":[{"@type":"ListItem","position":1,"name":"Portada","item":"https:\/\/informatepy.com\/2021\/"},{"@type":"ListItem","position":2,"name":"El TLC Uruguay-China en riesgo"}]},{"@type":"WebSite","@id":"https:\/\/informatepy.com\/2021\/#website","url":"https:\/\/informatepy.com\/2021\/","name":"Informatepy","description":"La verdad, siempre!","publisher":{"@id":"https:\/\/informatepy.com\/2021\/#\/schema\/person\/edd302c981d6ba4596191719d1025a8a"},"potentialAction":[{"@type":"SearchAction","target":{"@type":"EntryPoint","urlTemplate":"https:\/\/informatepy.com\/2021\/?s={search_term_string}"},"query-input":{"@type":"PropertyValueSpecification","valueRequired":true,"valueName":"search_term_string"}}],"inLanguage":"es"},{"@type":["Person","Organization"],"@id":"https:\/\/informatepy.com\/2021\/#\/schema\/person\/edd302c981d6ba4596191719d1025a8a","name":"admin","image":{"@type":"ImageObject","inLanguage":"es","@id":"https:\/\/secure.gravatar.com\/avatar\/5310f602b6cbcfb86e030c4ccdbb78f6565a3b9bab6a74ab80fd3cb5428b65af?s=96&d=mm&r=g","url":"https:\/\/secure.gravatar.com\/avatar\/5310f602b6cbcfb86e030c4ccdbb78f6565a3b9bab6a74ab80fd3cb5428b65af?s=96&d=mm&r=g","contentUrl":"https:\/\/secure.gravatar.com\/avatar\/5310f602b6cbcfb86e030c4ccdbb78f6565a3b9bab6a74ab80fd3cb5428b65af?s=96&d=mm&r=g","caption":"admin"},"logo":{"@id":"https:\/\/secure.gravatar.com\/avatar\/5310f602b6cbcfb86e030c4ccdbb78f6565a3b9bab6a74ab80fd3cb5428b65af?s=96&d=mm&r=g"},"sameAs":["http:\/\/informatepy.com\/2021"]},{"@type":"Person","@id":"https:\/\/informatepy.com\/2021\/#\/schema\/person\/0c842f525f84ea74ef3b44370d11757b","name":"Redacci\u00f3n","image":{"@type":"ImageObject","inLanguage":"es","@id":"https:\/\/i0.wp.com\/informatepy.com\/2021\/wp-content\/uploads\/2021\/02\/informate-circulo.png?fit=96%2C96&ssl=1","url":"https:\/\/i0.wp.com\/informatepy.com\/2021\/wp-content\/uploads\/2021\/02\/informate-circulo.png?fit=96%2C96&ssl=1","contentUrl":"https:\/\/i0.wp.com\/informatepy.com\/2021\/wp-content\/uploads\/2021\/02\/informate-circulo.png?fit=96%2C96&ssl=1","caption":"Redacci\u00f3n"},"sameAs":["https:\/\/www.facebook.com\/InformatePyCom","https:\/\/x.com\/https:\/\/twitter.com\/InformatePy1"],"url":"https:\/\/informatepy.com\/2021\/author\/redaccion\/"}]}},"jetpack_featured_media_url":"https:\/\/i0.wp.com\/informatepy.com\/2021\/wp-content\/uploads\/2022\/01\/banderas-uruguay-china.jpg?fit=655%2C387&ssl=1","jetpack_sharing_enabled":true,"jetpack_likes_enabled":true,"jetpack-related-posts":[{"id":11007,"url":"https:\/\/informatepy.com\/2021\/2022\/04\/06\/lacalle-pou-permite-que-el-partido-comunista-chino-se-haga-fuerte-en-uruguay\/","url_meta":{"origin":9619,"position":0},"title":"Lacalle Pou permite que el Partido Comunista Chino se haga fuerte en Uruguay","date":"6 de abril de 2022","format":false,"excerpt":"Desde la llegada de Lacalle Pou, el Partido Comunista Chino ha logrado extender su influencia en Uruguay como nunca antes, y ahora el presidente los quiere premiar con un acuerdo comercial. La estrategia de flexibilizaci\u00f3n del MERCOSUR parece estar estancada tras la bajada de pulgar de Argentina a una rebaja\u2026","rel":"","context":"En \u00abMundo\u00bb","img":{"alt_text":"","src":"https:\/\/i0.wp.com\/informatepy.com\/2021\/wp-content\/uploads\/2022\/04\/LacallePou-China.jpg?fit=1024%2C666&ssl=1&resize=350%2C200","width":350,"height":200},"classes":[]},{"id":12768,"url":"https:\/\/informatepy.com\/2021\/2022\/07\/21\/mario-abdo-se-mostro-reacio-a-las-negociaciones-individuales-fuera-del-mercosur\/","url_meta":{"origin":9619,"position":1},"title":"Mario Abdo se mostr\u00f3 reacio a las negociaciones individuales fuera del Mercosur","date":"21 de julio de 2022","format":false,"excerpt":"El presidente Mario Abdo Ben\u00edtez particip\u00f3 de la Cumbre del Mercosur que se desarroll\u00f3 en nuestro pa\u00eds, en la ciudad de Luque y sostuvo, acertadamente, que para abrir el bloque al mundo las decisiones que se tomen deben ser consensuadas a trav\u00e9s de negociaciones comerciales. Destac\u00f3 entre los logros, el\u2026","rel":"","context":"En \u00abNacionales\u00bb","img":{"alt_text":"","src":"https:\/\/i0.wp.com\/informatepy.com\/2021\/wp-content\/uploads\/2022\/07\/abdo-mercosur.jpg?fit=592%2C324&ssl=1&resize=350%2C200","width":350,"height":200},"classes":[]},{"id":5671,"url":"https:\/\/informatepy.com\/2021\/2021\/07\/07\/uruguay-comunico-que-empezara-a-conversar-para-negociar-acuerdos-comerciales-extrazona-mercosur\/","url_meta":{"origin":9619,"position":2},"title":"Uruguay comunic\u00f3 que empezar\u00e1 a conversar para \u00abnegociar acuerdos comerciales extrazona Mercosur\u00bb","date":"7 de julio de 2021","format":false,"excerpt":"En la reuni\u00f3n de Cancilleres del Mercosur, Uruguay reivindic\u00f3 su pertenencia al bloque pero \u201ccomunic\u00f3 que comenzar\u00e1 a conversar con terceros para negociar acuerdos comerciales extrazona\u201d, seg\u00fan informa\u00a0Canciller\u00eda. De la reuni\u00f3n participaron los ministros de Relaciones Exteriores,\u00a0Francisco Bustillo, y de Econom\u00eda,\u00a0Azucena Arbeleche. El comunicado de Canciller\u00eda indica que su postura\u2026","rel":"","context":"En \u00abMundo\u00bb","img":{"alt_text":"","src":"","width":0,"height":0},"classes":[]},{"id":8811,"url":"https:\/\/informatepy.com\/2021\/2021\/12\/13\/uruguay-se-vuelve-complice-de-la-pesca-ilegal-china-en-el-atlantico-sur\/","url_meta":{"origin":9619,"position":3},"title":"Uruguay se vuelve c\u00f3mplice de la pesca ilegal China en el Atl\u00e1ntico Sur","date":"13 de diciembre de 2021","format":false,"excerpt":"Seg\u00fan\u00a0The National Interest,\u00a0China es el m\u00e1ximo responsable de la pesca ilegal, no declarada y no reglamentada.\u00a0Distintas estimaciones afirman que cuenta con unos 3.000 barcos, pero el Instituto de Desarrollo de Ultramar dice que en realidad son 17.000. Muchos de esos barcos pesqueros, realizan constantemente maniobras de pesca ilegal en la\u2026","rel":"","context":"En \u00abMundo\u00bb","img":{"alt_text":"","src":"https:\/\/i0.wp.com\/informatepy.com\/2021\/wp-content\/uploads\/2021\/12\/pesca-ilegal-mar-argentino.jpg?fit=900%2C505&ssl=1&resize=350%2C200","width":350,"height":200},"classes":[]},{"id":5669,"url":"https:\/\/informatepy.com\/2021\/2021\/07\/07\/bolsonaro-asumira-la-presidencia-del-mercosur-cuando-hay-riesgos-de-ruptura\/","url_meta":{"origin":9619,"position":4},"title":"Bolsonaro asumir\u00e1 la presidencia del Mercosur cuando hay riesgos de ruptura","date":"7 de julio de 2021","format":false,"excerpt":"Ma\u00f1ana, en un acto virtual encabezado por el presidente argentino,\u00a0Alberto Fern\u00e1ndez, su hom\u00f3logo brasile\u00f1o,\u00a0Jair Bolsonaro, asumir\u00e1 la presidencia pro t\u00e9mpore del\u00a0Mercosur. Al margen de las diferencias ideol\u00f3gicas entre los mandatarios de cada pa\u00eds, hay temas oponen a los socios del bloque regional a tal punto de muchos temen que, si\u2026","rel":"","context":"En \u00abMundo\u00bb","img":{"alt_text":"","src":"https:\/\/i0.wp.com\/informatepy.com\/2021\/wp-content\/uploads\/2021\/07\/mercosur.jpg?fit=1200%2C675&ssl=1&resize=350%2C200","width":350,"height":200},"classes":[]},{"id":3372,"url":"https:\/\/informatepy.com\/2021\/2021\/02\/17\/por-que-uruguay-no-va-a-ser-el-ultimo-pais-de-latinoamerica-en-inmunizar-a-su-poblacion\/","url_meta":{"origin":9619,"position":5},"title":"\u00bfPor qu\u00e9 Uruguay no va a ser el \u00faltimo pa\u00eds de Latinoam\u00e9rica en inmunizar a su poblaci\u00f3n?","date":"17 de febrero de 2021","format":false,"excerpt":"Hace unos d\u00edas atr\u00e1s el ex mandatario uruguayo, Jos\u00e9 Mujica, declaro \u201cnos dormimos, vamos a ser el \u00faltimo pa\u00eds en Am\u00e9rica del Sur que empiece a vacunar\u201d y cit\u00f3 el ejemplo de Bolivia pa\u00eds en el que est\u00e1n vacunando. Algunas voces de la oposici\u00f3n al gobierno uruguayo alineadas a la\u2026","rel":"","context":"En \u00abMundo\u00bb","img":{"alt_text":"","src":"https:\/\/i0.wp.com\/informatepy.com\/2021\/wp-content\/uploads\/2021\/02\/vacunas-covid.jpg?fit=1024%2C512&ssl=1&resize=350%2C200","width":350,"height":200},"classes":[]}],"authors":[{"term_id":1051,"user_id":4,"is_guest":0,"slug":"redaccion","display_name":"Redacci\u00f3n","avatar_url":"https:\/\/i0.wp.com\/informatepy.com\/2021\/wp-content\/uploads\/2021\/02\/informate-circulo.png?fit=96%2C96&ssl=1","first_name":"Redacci\u00f3n","last_name":"","user_url":"","description":""}],"amp_enabled":true,"_links":{"self":[{"href":"https:\/\/informatepy.com\/2021\/wp-json\/wp\/v2\/posts\/9619","targetHints":{"allow":["GET"]}}],"collection":[{"href":"https:\/\/informatepy.com\/2021\/wp-json\/wp\/v2\/posts"}],"about":[{"href":"https:\/\/informatepy.com\/2021\/wp-json\/wp\/v2\/types\/post"}],"author":[{"embeddable":true,"href":"https:\/\/informatepy.com\/2021\/wp-json\/wp\/v2\/users\/4"}],"replies":[{"embeddable":true,"href":"https:\/\/informatepy.com\/2021\/wp-json\/wp\/v2\/comments?post=9619"}],"version-history":[{"count":1,"href":"https:\/\/informatepy.com\/2021\/wp-json\/wp\/v2\/posts\/9619\/revisions"}],"predecessor-version":[{"id":9621,"href":"https:\/\/informatepy.com\/2021\/wp-json\/wp\/v2\/posts\/9619\/revisions\/9621"}],"wp:featuredmedia":[{"embeddable":true,"href":"https:\/\/informatepy.com\/2021\/wp-json\/wp\/v2\/media\/9620"}],"wp:attachment":[{"href":"https:\/\/informatepy.com\/2021\/wp-json\/wp\/v2\/media?parent=9619"}],"wp:term":[{"taxonomy":"category","embeddable":true,"href":"https:\/\/informatepy.com\/2021\/wp-json\/wp\/v2\/categories?post=9619"},{"taxonomy":"post_tag","embeddable":true,"href":"https:\/\/informatepy.com\/2021\/wp-json\/wp\/v2\/tags?post=9619"},{"taxonomy":"author","embeddable":true,"href":"https:\/\/informatepy.com\/2021\/wp-json\/wp\/v2\/ppma_author?post=9619"}],"curies":[{"name":"wp","href":"https:\/\/api.w.org\/{rel}","templated":true}]}}