{"id":9502,"date":"2022-01-18T06:30:00","date_gmt":"2022-01-18T09:30:00","guid":{"rendered":"https:\/\/informatepy.com\/2021\/?p=9502"},"modified":"2022-01-18T06:17:56","modified_gmt":"2022-01-18T09:17:56","slug":"la-produccion-de-soja-bajaria-un-30-por-la-sequia","status":"publish","type":"post","link":"https:\/\/informatepy.com\/2021\/2022\/01\/18\/la-produccion-de-soja-bajaria-un-30-por-la-sequia\/","title":{"rendered":"La producci\u00f3n de soja bajar\u00eda un 30% por la sequ\u00eda"},"content":{"rendered":"\n<p class=\"has-text-align-justify\">Mois\u00e9s Bertoni, ministro de Agricultura y Ganader\u00eda, afirm\u00f3 que la sequ\u00eda que afecta al pa\u00eds golpe\u00f3 muy fuerte al sector productivo y puso como ejemplo a la soja, cuya producci\u00f3n es una de las m\u00e1s afectadas y que se estima que bajar\u00eda en un 30% este a\u00f1o, impactando fuertemente en la econom\u00eda del pa\u00eds.<\/p>\n\n\n\n<p class=\"has-text-align-justify\"><em><strong>\u201cVamos a ver c\u00f3mo est\u00e1 la cosecha de lo que es la soja de temporada, la medianera y la tard\u00eda, pero con estas condiciones tampoco estamos optimistas con los rendimientos\u201d<\/strong><\/em>, dijo Bertoni en la 780 AM.<\/p>\n\n\n\n<p class=\"has-text-align-justify\"><strong><em>\u201cEstamos esperando que sucedan las lluvias porque necesitamos una cantidad de humedad necesaria. Los suelos est\u00e1n muy secos\u201d<\/em><\/strong>, a\u00f1adi\u00f3.<\/p>\n","protected":false},"excerpt":{"rendered":"<p>Mois\u00e9s Bertoni, ministro de Agricultura y Ganader\u00eda, afirm\u00f3 que la sequ\u00eda que afecta al pa\u00eds golpe\u00f3 muy fuerte al sector productivo y puso como ejemplo a la soja, cuya producci\u00f3n es una de las m\u00e1s afectadas y que se estima que bajar\u00eda en un 30% este a\u00f1o, impactando fuertemente en la econom\u00eda del pa\u00eds. \u201cVamos [&hellip;]<\/p>\n","protected":false},"author":4,"featured_media":9503,"comment_status":"open","ping_status":"open","sticky":false,"template":"","format":"standard","meta":{"_monsterinsights_skip_tracking":false,"_monsterinsights_sitenote_active":false,"_monsterinsights_sitenote_note":"","_monsterinsights_sitenote_category":0,"footnotes":"","jetpack_publicize_message":"","jetpack_is_tweetstorm":false,"jetpack_publicize_feature_enabled":true},"categories":[177],"tags":[1036,1125],"ppma_author":[1051],"class_list":["post-9502","post","type-post","status-publish","format-standard","has-post-thumbnail","hentry","category-nacionales","tag-destacada","tag-soja"],"jetpack_publicize_connections":[],"yoast_head":"<!-- This site is optimized with the Yoast SEO plugin v27.5 - https:\/\/yoast.com\/product\/yoast-seo-wordpress\/ -->\n<title>La producci\u00f3n de soja bajar\u00eda un 30% por la sequ\u00eda - Informatepy<\/title>\n<meta name=\"robots\" content=\"index, follow, max-snippet:-1, max-image-preview:large, max-video-preview:-1\" \/>\n<link rel=\"canonical\" href=\"https:\/\/informatepy.com\/2021\/2022\/01\/18\/la-produccion-de-soja-bajaria-un-30-por-la-sequia\/\" \/>\n<meta property=\"og:locale\" content=\"es_ES\" \/>\n<meta property=\"og:type\" content=\"article\" \/>\n<meta property=\"og:title\" content=\"La producci\u00f3n de soja bajar\u00eda un 30% por la sequ\u00eda - Informatepy\" \/>\n<meta property=\"og:description\" content=\"Mois\u00e9s Bertoni, ministro de Agricultura y Ganader\u00eda, afirm\u00f3 que la sequ\u00eda que afecta al pa\u00eds golpe\u00f3 muy fuerte al sector productivo y puso como ejemplo a la soja, cuya producci\u00f3n es una de las m\u00e1s afectadas y que se estima que bajar\u00eda en un 30% este a\u00f1o, impactando fuertemente en la econom\u00eda del pa\u00eds. \u201cVamos [&hellip;]\" \/>\n<meta property=\"og:url\" content=\"https:\/\/informatepy.com\/2021\/2022\/01\/18\/la-produccion-de-soja-bajaria-un-30-por-la-sequia\/\" \/>\n<meta property=\"og:site_name\" content=\"Informatepy\" \/>\n<meta property=\"article:author\" content=\"https:\/\/www.facebook.com\/InformatePyCom\" \/>\n<meta property=\"article:published_time\" content=\"2022-01-18T09:30:00+00:00\" \/>\n<meta property=\"og:image\" content=\"https:\/\/i0.wp.com\/informatepy.com\/2021\/wp-content\/uploads\/2022\/01\/soja-sequia.jpg?fit=1000%2C570&ssl=1\" \/>\n\t<meta property=\"og:image:width\" content=\"1000\" \/>\n\t<meta property=\"og:image:height\" content=\"570\" \/>\n\t<meta property=\"og:image:type\" content=\"image\/jpeg\" \/>\n<meta name=\"author\" content=\"Redacci\u00f3n\" \/>\n<meta name=\"twitter:card\" content=\"summary_large_image\" \/>\n<meta name=\"twitter:creator\" content=\"@https:\/\/twitter.com\/InformatePy1\" \/>\n<meta name=\"twitter:label1\" content=\"Escrito por\" \/>\n\t<meta name=\"twitter:data1\" content=\"Redacci\u00f3n\" \/>\n\t<meta name=\"twitter:label2\" content=\"Tiempo de lectura\" \/>\n\t<meta name=\"twitter:data2\" content=\"1 minuto\" \/>\n<script type=\"application\/ld+json\" class=\"yoast-schema-graph\">{\"@context\":\"https:\\\/\\\/schema.org\",\"@graph\":[{\"@type\":\"Article\",\"@id\":\"https:\\\/\\\/informatepy.com\\\/2021\\\/2022\\\/01\\\/18\\\/la-produccion-de-soja-bajaria-un-30-por-la-sequia\\\/#article\",\"isPartOf\":{\"@id\":\"https:\\\/\\\/informatepy.com\\\/2021\\\/2022\\\/01\\\/18\\\/la-produccion-de-soja-bajaria-un-30-por-la-sequia\\\/\"},\"author\":{\"name\":\"Redacci\u00f3n\",\"@id\":\"https:\\\/\\\/informatepy.com\\\/2021\\\/#\\\/schema\\\/person\\\/0c842f525f84ea74ef3b44370d11757b\"},\"headline\":\"La producci\u00f3n de soja bajar\u00eda un 30% por la sequ\u00eda\",\"datePublished\":\"2022-01-18T09:30:00+00:00\",\"mainEntityOfPage\":{\"@id\":\"https:\\\/\\\/informatepy.com\\\/2021\\\/2022\\\/01\\\/18\\\/la-produccion-de-soja-bajaria-un-30-por-la-sequia\\\/\"},\"wordCount\":133,\"commentCount\":0,\"publisher\":{\"@id\":\"https:\\\/\\\/informatepy.com\\\/2021\\\/#\\\/schema\\\/person\\\/edd302c981d6ba4596191719d1025a8a\"},\"image\":{\"@id\":\"https:\\\/\\\/informatepy.com\\\/2021\\\/2022\\\/01\\\/18\\\/la-produccion-de-soja-bajaria-un-30-por-la-sequia\\\/#primaryimage\"},\"thumbnailUrl\":\"https:\\\/\\\/i0.wp.com\\\/informatepy.com\\\/2021\\\/wp-content\\\/uploads\\\/2022\\\/01\\\/soja-sequia.jpg?fit=1000%2C570&ssl=1\",\"keywords\":[\"destacada\",\"soja\"],\"articleSection\":[\"Nacionales\"],\"inLanguage\":\"es\",\"potentialAction\":[{\"@type\":\"CommentAction\",\"name\":\"Comment\",\"target\":[\"https:\\\/\\\/informatepy.com\\\/2021\\\/2022\\\/01\\\/18\\\/la-produccion-de-soja-bajaria-un-30-por-la-sequia\\\/#respond\"]}]},{\"@type\":\"WebPage\",\"@id\":\"https:\\\/\\\/informatepy.com\\\/2021\\\/2022\\\/01\\\/18\\\/la-produccion-de-soja-bajaria-un-30-por-la-sequia\\\/\",\"url\":\"https:\\\/\\\/informatepy.com\\\/2021\\\/2022\\\/01\\\/18\\\/la-produccion-de-soja-bajaria-un-30-por-la-sequia\\\/\",\"name\":\"La producci\u00f3n de soja bajar\u00eda un 30% por la sequ\u00eda - Informatepy\",\"isPartOf\":{\"@id\":\"https:\\\/\\\/informatepy.com\\\/2021\\\/#website\"},\"primaryImageOfPage\":{\"@id\":\"https:\\\/\\\/informatepy.com\\\/2021\\\/2022\\\/01\\\/18\\\/la-produccion-de-soja-bajaria-un-30-por-la-sequia\\\/#primaryimage\"},\"image\":{\"@id\":\"https:\\\/\\\/informatepy.com\\\/2021\\\/2022\\\/01\\\/18\\\/la-produccion-de-soja-bajaria-un-30-por-la-sequia\\\/#primaryimage\"},\"thumbnailUrl\":\"https:\\\/\\\/i0.wp.com\\\/informatepy.com\\\/2021\\\/wp-content\\\/uploads\\\/2022\\\/01\\\/soja-sequia.jpg?fit=1000%2C570&ssl=1\",\"datePublished\":\"2022-01-18T09:30:00+00:00\",\"breadcrumb\":{\"@id\":\"https:\\\/\\\/informatepy.com\\\/2021\\\/2022\\\/01\\\/18\\\/la-produccion-de-soja-bajaria-un-30-por-la-sequia\\\/#breadcrumb\"},\"inLanguage\":\"es\",\"potentialAction\":[{\"@type\":\"ReadAction\",\"target\":[\"https:\\\/\\\/informatepy.com\\\/2021\\\/2022\\\/01\\\/18\\\/la-produccion-de-soja-bajaria-un-30-por-la-sequia\\\/\"]}]},{\"@type\":\"ImageObject\",\"inLanguage\":\"es\",\"@id\":\"https:\\\/\\\/informatepy.com\\\/2021\\\/2022\\\/01\\\/18\\\/la-produccion-de-soja-bajaria-un-30-por-la-sequia\\\/#primaryimage\",\"url\":\"https:\\\/\\\/i0.wp.com\\\/informatepy.com\\\/2021\\\/wp-content\\\/uploads\\\/2022\\\/01\\\/soja-sequia.jpg?fit=1000%2C570&ssl=1\",\"contentUrl\":\"https:\\\/\\\/i0.wp.com\\\/informatepy.com\\\/2021\\\/wp-content\\\/uploads\\\/2022\\\/01\\\/soja-sequia.jpg?fit=1000%2C570&ssl=1\",\"width\":1000,\"height\":570},{\"@type\":\"BreadcrumbList\",\"@id\":\"https:\\\/\\\/informatepy.com\\\/2021\\\/2022\\\/01\\\/18\\\/la-produccion-de-soja-bajaria-un-30-por-la-sequia\\\/#breadcrumb\",\"itemListElement\":[{\"@type\":\"ListItem\",\"position\":1,\"name\":\"Portada\",\"item\":\"https:\\\/\\\/informatepy.com\\\/2021\\\/\"},{\"@type\":\"ListItem\",\"position\":2,\"name\":\"La producci\u00f3n de soja bajar\u00eda un 30% por la sequ\u00eda\"}]},{\"@type\":\"WebSite\",\"@id\":\"https:\\\/\\\/informatepy.com\\\/2021\\\/#website\",\"url\":\"https:\\\/\\\/informatepy.com\\\/2021\\\/\",\"name\":\"Informatepy\",\"description\":\"La verdad, siempre!\",\"publisher\":{\"@id\":\"https:\\\/\\\/informatepy.com\\\/2021\\\/#\\\/schema\\\/person\\\/edd302c981d6ba4596191719d1025a8a\"},\"potentialAction\":[{\"@type\":\"SearchAction\",\"target\":{\"@type\":\"EntryPoint\",\"urlTemplate\":\"https:\\\/\\\/informatepy.com\\\/2021\\\/?s={search_term_string}\"},\"query-input\":{\"@type\":\"PropertyValueSpecification\",\"valueRequired\":true,\"valueName\":\"search_term_string\"}}],\"inLanguage\":\"es\"},{\"@type\":[\"Person\",\"Organization\"],\"@id\":\"https:\\\/\\\/informatepy.com\\\/2021\\\/#\\\/schema\\\/person\\\/edd302c981d6ba4596191719d1025a8a\",\"name\":\"admin\",\"image\":{\"@type\":\"ImageObject\",\"inLanguage\":\"es\",\"@id\":\"https:\\\/\\\/secure.gravatar.com\\\/avatar\\\/5310f602b6cbcfb86e030c4ccdbb78f6565a3b9bab6a74ab80fd3cb5428b65af?s=96&d=mm&r=g\",\"url\":\"https:\\\/\\\/secure.gravatar.com\\\/avatar\\\/5310f602b6cbcfb86e030c4ccdbb78f6565a3b9bab6a74ab80fd3cb5428b65af?s=96&d=mm&r=g\",\"contentUrl\":\"https:\\\/\\\/secure.gravatar.com\\\/avatar\\\/5310f602b6cbcfb86e030c4ccdbb78f6565a3b9bab6a74ab80fd3cb5428b65af?s=96&d=mm&r=g\",\"caption\":\"admin\"},\"logo\":{\"@id\":\"https:\\\/\\\/secure.gravatar.com\\\/avatar\\\/5310f602b6cbcfb86e030c4ccdbb78f6565a3b9bab6a74ab80fd3cb5428b65af?s=96&d=mm&r=g\"},\"sameAs\":[\"http:\\\/\\\/informatepy.com\\\/2021\"]},{\"@type\":\"Person\",\"@id\":\"https:\\\/\\\/informatepy.com\\\/2021\\\/#\\\/schema\\\/person\\\/0c842f525f84ea74ef3b44370d11757b\",\"name\":\"Redacci\u00f3n\",\"image\":{\"@type\":\"ImageObject\",\"inLanguage\":\"es\",\"@id\":\"https:\\\/\\\/i0.wp.com\\\/informatepy.com\\\/2021\\\/wp-content\\\/uploads\\\/2021\\\/02\\\/informate-circulo.png?fit=96%2C96&ssl=1\",\"url\":\"https:\\\/\\\/i0.wp.com\\\/informatepy.com\\\/2021\\\/wp-content\\\/uploads\\\/2021\\\/02\\\/informate-circulo.png?fit=96%2C96&ssl=1\",\"contentUrl\":\"https:\\\/\\\/i0.wp.com\\\/informatepy.com\\\/2021\\\/wp-content\\\/uploads\\\/2021\\\/02\\\/informate-circulo.png?fit=96%2C96&ssl=1\",\"caption\":\"Redacci\u00f3n\"},\"sameAs\":[\"https:\\\/\\\/www.facebook.com\\\/InformatePyCom\",\"https:\\\/\\\/x.com\\\/https:\\\/\\\/twitter.com\\\/InformatePy1\"],\"url\":\"https:\\\/\\\/informatepy.com\\\/2021\\\/author\\\/redaccion\\\/\"}]}<\/script>\n<!-- \/ Yoast SEO plugin. -->","yoast_head_json":{"title":"La producci\u00f3n de soja bajar\u00eda un 30% por la sequ\u00eda - Informatepy","robots":{"index":"index","follow":"follow","max-snippet":"max-snippet:-1","max-image-preview":"max-image-preview:large","max-video-preview":"max-video-preview:-1"},"canonical":"https:\/\/informatepy.com\/2021\/2022\/01\/18\/la-produccion-de-soja-bajaria-un-30-por-la-sequia\/","og_locale":"es_ES","og_type":"article","og_title":"La producci\u00f3n de soja bajar\u00eda un 30% por la sequ\u00eda - Informatepy","og_description":"Mois\u00e9s Bertoni, ministro de Agricultura y Ganader\u00eda, afirm\u00f3 que la sequ\u00eda que afecta al pa\u00eds golpe\u00f3 muy fuerte al sector productivo y puso como ejemplo a la soja, cuya producci\u00f3n es una de las m\u00e1s afectadas y que se estima que bajar\u00eda en un 30% este a\u00f1o, impactando fuertemente en la econom\u00eda del pa\u00eds. \u201cVamos [&hellip;]","og_url":"https:\/\/informatepy.com\/2021\/2022\/01\/18\/la-produccion-de-soja-bajaria-un-30-por-la-sequia\/","og_site_name":"Informatepy","article_author":"https:\/\/www.facebook.com\/InformatePyCom","article_published_time":"2022-01-18T09:30:00+00:00","og_image":[{"width":1000,"height":570,"url":"https:\/\/i0.wp.com\/informatepy.com\/2021\/wp-content\/uploads\/2022\/01\/soja-sequia.jpg?fit=1000%2C570&ssl=1","type":"image\/jpeg"}],"author":"Redacci\u00f3n","twitter_card":"summary_large_image","twitter_creator":"@https:\/\/twitter.com\/InformatePy1","twitter_misc":{"Escrito por":"Redacci\u00f3n","Tiempo de lectura":"1 minuto"},"schema":{"@context":"https:\/\/schema.org","@graph":[{"@type":"Article","@id":"https:\/\/informatepy.com\/2021\/2022\/01\/18\/la-produccion-de-soja-bajaria-un-30-por-la-sequia\/#article","isPartOf":{"@id":"https:\/\/informatepy.com\/2021\/2022\/01\/18\/la-produccion-de-soja-bajaria-un-30-por-la-sequia\/"},"author":{"name":"Redacci\u00f3n","@id":"https:\/\/informatepy.com\/2021\/#\/schema\/person\/0c842f525f84ea74ef3b44370d11757b"},"headline":"La producci\u00f3n de soja bajar\u00eda un 30% por la sequ\u00eda","datePublished":"2022-01-18T09:30:00+00:00","mainEntityOfPage":{"@id":"https:\/\/informatepy.com\/2021\/2022\/01\/18\/la-produccion-de-soja-bajaria-un-30-por-la-sequia\/"},"wordCount":133,"commentCount":0,"publisher":{"@id":"https:\/\/informatepy.com\/2021\/#\/schema\/person\/edd302c981d6ba4596191719d1025a8a"},"image":{"@id":"https:\/\/informatepy.com\/2021\/2022\/01\/18\/la-produccion-de-soja-bajaria-un-30-por-la-sequia\/#primaryimage"},"thumbnailUrl":"https:\/\/i0.wp.com\/informatepy.com\/2021\/wp-content\/uploads\/2022\/01\/soja-sequia.jpg?fit=1000%2C570&ssl=1","keywords":["destacada","soja"],"articleSection":["Nacionales"],"inLanguage":"es","potentialAction":[{"@type":"CommentAction","name":"Comment","target":["https:\/\/informatepy.com\/2021\/2022\/01\/18\/la-produccion-de-soja-bajaria-un-30-por-la-sequia\/#respond"]}]},{"@type":"WebPage","@id":"https:\/\/informatepy.com\/2021\/2022\/01\/18\/la-produccion-de-soja-bajaria-un-30-por-la-sequia\/","url":"https:\/\/informatepy.com\/2021\/2022\/01\/18\/la-produccion-de-soja-bajaria-un-30-por-la-sequia\/","name":"La producci\u00f3n de soja bajar\u00eda un 30% por la sequ\u00eda - Informatepy","isPartOf":{"@id":"https:\/\/informatepy.com\/2021\/#website"},"primaryImageOfPage":{"@id":"https:\/\/informatepy.com\/2021\/2022\/01\/18\/la-produccion-de-soja-bajaria-un-30-por-la-sequia\/#primaryimage"},"image":{"@id":"https:\/\/informatepy.com\/2021\/2022\/01\/18\/la-produccion-de-soja-bajaria-un-30-por-la-sequia\/#primaryimage"},"thumbnailUrl":"https:\/\/i0.wp.com\/informatepy.com\/2021\/wp-content\/uploads\/2022\/01\/soja-sequia.jpg?fit=1000%2C570&ssl=1","datePublished":"2022-01-18T09:30:00+00:00","breadcrumb":{"@id":"https:\/\/informatepy.com\/2021\/2022\/01\/18\/la-produccion-de-soja-bajaria-un-30-por-la-sequia\/#breadcrumb"},"inLanguage":"es","potentialAction":[{"@type":"ReadAction","target":["https:\/\/informatepy.com\/2021\/2022\/01\/18\/la-produccion-de-soja-bajaria-un-30-por-la-sequia\/"]}]},{"@type":"ImageObject","inLanguage":"es","@id":"https:\/\/informatepy.com\/2021\/2022\/01\/18\/la-produccion-de-soja-bajaria-un-30-por-la-sequia\/#primaryimage","url":"https:\/\/i0.wp.com\/informatepy.com\/2021\/wp-content\/uploads\/2022\/01\/soja-sequia.jpg?fit=1000%2C570&ssl=1","contentUrl":"https:\/\/i0.wp.com\/informatepy.com\/2021\/wp-content\/uploads\/2022\/01\/soja-sequia.jpg?fit=1000%2C570&ssl=1","width":1000,"height":570},{"@type":"BreadcrumbList","@id":"https:\/\/informatepy.com\/2021\/2022\/01\/18\/la-produccion-de-soja-bajaria-un-30-por-la-sequia\/#breadcrumb","itemListElement":[{"@type":"ListItem","position":1,"name":"Portada","item":"https:\/\/informatepy.com\/2021\/"},{"@type":"ListItem","position":2,"name":"La producci\u00f3n de soja bajar\u00eda un 30% por la sequ\u00eda"}]},{"@type":"WebSite","@id":"https:\/\/informatepy.com\/2021\/#website","url":"https:\/\/informatepy.com\/2021\/","name":"Informatepy","description":"La verdad, siempre!","publisher":{"@id":"https:\/\/informatepy.com\/2021\/#\/schema\/person\/edd302c981d6ba4596191719d1025a8a"},"potentialAction":[{"@type":"SearchAction","target":{"@type":"EntryPoint","urlTemplate":"https:\/\/informatepy.com\/2021\/?s={search_term_string}"},"query-input":{"@type":"PropertyValueSpecification","valueRequired":true,"valueName":"search_term_string"}}],"inLanguage":"es"},{"@type":["Person","Organization"],"@id":"https:\/\/informatepy.com\/2021\/#\/schema\/person\/edd302c981d6ba4596191719d1025a8a","name":"admin","image":{"@type":"ImageObject","inLanguage":"es","@id":"https:\/\/secure.gravatar.com\/avatar\/5310f602b6cbcfb86e030c4ccdbb78f6565a3b9bab6a74ab80fd3cb5428b65af?s=96&d=mm&r=g","url":"https:\/\/secure.gravatar.com\/avatar\/5310f602b6cbcfb86e030c4ccdbb78f6565a3b9bab6a74ab80fd3cb5428b65af?s=96&d=mm&r=g","contentUrl":"https:\/\/secure.gravatar.com\/avatar\/5310f602b6cbcfb86e030c4ccdbb78f6565a3b9bab6a74ab80fd3cb5428b65af?s=96&d=mm&r=g","caption":"admin"},"logo":{"@id":"https:\/\/secure.gravatar.com\/avatar\/5310f602b6cbcfb86e030c4ccdbb78f6565a3b9bab6a74ab80fd3cb5428b65af?s=96&d=mm&r=g"},"sameAs":["http:\/\/informatepy.com\/2021"]},{"@type":"Person","@id":"https:\/\/informatepy.com\/2021\/#\/schema\/person\/0c842f525f84ea74ef3b44370d11757b","name":"Redacci\u00f3n","image":{"@type":"ImageObject","inLanguage":"es","@id":"https:\/\/i0.wp.com\/informatepy.com\/2021\/wp-content\/uploads\/2021\/02\/informate-circulo.png?fit=96%2C96&ssl=1","url":"https:\/\/i0.wp.com\/informatepy.com\/2021\/wp-content\/uploads\/2021\/02\/informate-circulo.png?fit=96%2C96&ssl=1","contentUrl":"https:\/\/i0.wp.com\/informatepy.com\/2021\/wp-content\/uploads\/2021\/02\/informate-circulo.png?fit=96%2C96&ssl=1","caption":"Redacci\u00f3n"},"sameAs":["https:\/\/www.facebook.com\/InformatePyCom","https:\/\/x.com\/https:\/\/twitter.com\/InformatePy1"],"url":"https:\/\/informatepy.com\/2021\/author\/redaccion\/"}]}},"jetpack_featured_media_url":"https:\/\/i0.wp.com\/informatepy.com\/2021\/wp-content\/uploads\/2022\/01\/soja-sequia.jpg?fit=1000%2C570&ssl=1","jetpack_sharing_enabled":true,"jetpack_likes_enabled":true,"jetpack-related-posts":[{"id":4062,"url":"https:\/\/informatepy.com\/2021\/2021\/03\/21\/llego-la-criptosoja-una-manera-de-pagar-con-granos\/","url_meta":{"origin":9502,"position":0},"title":"Lleg\u00f3 la Criptosoja: una manera de pagar con granos","date":"21 de marzo de 2021","format":false,"excerpt":"Una empresa con participaci\u00f3n Argentina y creada durante la pandemia, cre\u00f3 a Soya, una criptomoneda cuyo valor se basa en la soja. Una unidad de Soya equivale a una tonelada de Soja, por lo que se podr\u00e1 acceder al mercado de los granos sin tener que ser productor agropecuario. C\u00f3mo\u2026","rel":"","context":"En \u00abCiencia y Tecnolog\u00eda\u00bb","img":{"alt_text":"","src":"https:\/\/i0.wp.com\/informatepy.com\/2021\/wp-content\/uploads\/2021\/03\/cripto-soja.jpg?fit=1200%2C850&ssl=1&resize=350%2C200","width":350,"height":200},"classes":[]},{"id":3898,"url":"https:\/\/informatepy.com\/2021\/2021\/03\/09\/supuestos-sin-tierra-incendian-150-hectareas-de-soja\/","url_meta":{"origin":9502,"position":1},"title":"Supuestos Sin Tierra incendian 150 hect\u00e1reas de soja","date":"9 de marzo de 2021","format":false,"excerpt":"Supuestos \"sin tierras\" quemaron 150 hect\u00e1reas de soja en el Departamento de San Pedro","rel":"","context":"En \u00abMunicipales\u00bb","img":{"alt_text":"","src":"https:\/\/i0.wp.com\/informatepy.com\/2021\/wp-content\/uploads\/2021\/03\/atwntado-soja-san-pedro.jpeg?fit=730%2C503&ssl=1&resize=350%2C200","width":350,"height":200},"classes":[]},{"id":10409,"url":"https:\/\/informatepy.com\/2021\/2022\/03\/03\/la-inflacion-interanual-de-febrero-fue-del-93\/","url_meta":{"origin":9502,"position":2},"title":"La inflaci\u00f3n interanual de febrero fue del 9,3%","date":"3 de marzo de 2022","format":false,"excerpt":"La inflaci\u00f3n interanual en Paraguay subi\u00f3 a un 9,3 % en febrero, impulsada por los precios de los combustibles y alimentos. Se trata del mayor \u00edndice registrado en m\u00e1s de una d\u00e9cada, seg\u00fan el Banco Central. \u201cLa inflaci\u00f3n se est\u00e1 volviendo un poco m\u00e1s persistente de lo que en un\u2026","rel":"","context":"En \u00abNacionales\u00bb","img":{"alt_text":"","src":"https:\/\/i0.wp.com\/informatepy.com\/2021\/wp-content\/uploads\/2021\/05\/inflacion.jpg?fit=800%2C453&ssl=1&resize=350%2C200","width":350,"height":200},"classes":[]},{"id":1307,"url":"https:\/\/informatepy.com\/2021\/2019\/07\/01\/autocritica-cero\/","url_meta":{"origin":9502,"position":3},"title":"Autocr\u00edtica cero","date":"1 de julio de 2019","format":false,"excerpt":"Esta ma\u00f1ana, el Presidente de la Rep\u00fablica, Mario Abdo Ben\u00edtez cumpli\u00f3 con el deber que le manda la Constituci\u00f3n Nacional y brind\u00f3 su informe de gesti\u00f3n ante ala bicameral del Congreso Nacional. En ese marco, el presidente se refiri\u00f3 a la crisis econ\u00f3mica que atraviesa nuestro pa\u00eds pero, en todo\u2026","rel":"","context":"En \u00abNacionales\u00bb","img":{"alt_text":"","src":"https:\/\/i0.wp.com\/informatepy.com\/2021\/wp-content\/uploads\/2021\/07\/mario-abdo-asamblea-legislativa.png?fit=853%2C505&ssl=1&resize=350%2C200","width":350,"height":200},"classes":[]},{"id":13494,"url":"https:\/\/informatepy.com\/2021\/2022\/08\/22\/recien-en-un-mes-bajaria-el-precio-del-combustible\/","url_meta":{"origin":9502,"position":4},"title":"Reci\u00e9n en un mes bajar\u00eda el precio del combustible","date":"22 de agosto de 2022","format":false,"excerpt":"El viceministro de Industria y Comercio, Pedro Mancuello, hablo sobre una posible baja del combustible, pero reci\u00e9n en aproximadamente 30 d\u00edas. Dijo que si bien el precio internacional del petr\u00f3leo sigue bajando hasta niveles previos a la suba registrada este a\u00f1o, los emblemas locales a\u00fan no concretar\u00e1n una disminuci\u00f3n en\u2026","rel":"","context":"En \u00abNacionales\u00bb","img":{"alt_text":"","src":"https:\/\/i0.wp.com\/informatepy.com\/2021\/wp-content\/uploads\/2021\/05\/combustible.jpg?fit=1200%2C664&ssl=1&resize=350%2C200","width":350,"height":200},"classes":[]},{"id":9371,"url":"https:\/\/informatepy.com\/2021\/2022\/01\/12\/dirigente-campesino-advierte-que-se-movilizaran-si-no-reciben-ayuda-por-la-sequia\/","url_meta":{"origin":9502,"position":5},"title":"Dirigente campesino advierte que se movilizar\u00e1n si no reciben ayuda por la sequ\u00eda","date":"12 de enero de 2022","format":false,"excerpt":"El dirigente del Movimiento Agrario Popular, Jorge Galeano, advirti\u00f3 en declaraciones radiales que desde el sector est\u00e1n dispuestos a iniciar movilizaciones en todo el pa\u00eds si es que el Gobierno Nacional no los asiste por la sequ\u00eda. En la entrevista, el dirigente exigi\u00f3 que sea declarada la emergencia nacional y\u2026","rel":"","context":"En \u00abNacionales\u00bb","img":{"alt_text":"","src":"https:\/\/i0.wp.com\/informatepy.com\/2021\/wp-content\/uploads\/2022\/01\/jorge-galeano-Movimiento-Agrario-Popular.jpg?fit=760%2C420&ssl=1&resize=350%2C200","width":350,"height":200},"classes":[]}],"authors":[{"term_id":1051,"user_id":4,"is_guest":0,"slug":"redaccion","display_name":"Redacci\u00f3n","avatar_url":"https:\/\/i0.wp.com\/informatepy.com\/2021\/wp-content\/uploads\/2021\/02\/informate-circulo.png?fit=96%2C96&ssl=1","first_name":"Redacci\u00f3n","last_name":"","user_url":"","description":""}],"amp_enabled":true,"_links":{"self":[{"href":"https:\/\/informatepy.com\/2021\/wp-json\/wp\/v2\/posts\/9502","targetHints":{"allow":["GET"]}}],"collection":[{"href":"https:\/\/informatepy.com\/2021\/wp-json\/wp\/v2\/posts"}],"about":[{"href":"https:\/\/informatepy.com\/2021\/wp-json\/wp\/v2\/types\/post"}],"author":[{"embeddable":true,"href":"https:\/\/informatepy.com\/2021\/wp-json\/wp\/v2\/users\/4"}],"replies":[{"embeddable":true,"href":"https:\/\/informatepy.com\/2021\/wp-json\/wp\/v2\/comments?post=9502"}],"version-history":[{"count":1,"href":"https:\/\/informatepy.com\/2021\/wp-json\/wp\/v2\/posts\/9502\/revisions"}],"predecessor-version":[{"id":9504,"href":"https:\/\/informatepy.com\/2021\/wp-json\/wp\/v2\/posts\/9502\/revisions\/9504"}],"wp:featuredmedia":[{"embeddable":true,"href":"https:\/\/informatepy.com\/2021\/wp-json\/wp\/v2\/media\/9503"}],"wp:attachment":[{"href":"https:\/\/informatepy.com\/2021\/wp-json\/wp\/v2\/media?parent=9502"}],"wp:term":[{"taxonomy":"category","embeddable":true,"href":"https:\/\/informatepy.com\/2021\/wp-json\/wp\/v2\/categories?post=9502"},{"taxonomy":"post_tag","embeddable":true,"href":"https:\/\/informatepy.com\/2021\/wp-json\/wp\/v2\/tags?post=9502"},{"taxonomy":"author","embeddable":true,"href":"https:\/\/informatepy.com\/2021\/wp-json\/wp\/v2\/ppma_author?post=9502"}],"curies":[{"name":"wp","href":"https:\/\/api.w.org\/{rel}","templated":true}]}}