{"id":9289,"date":"2022-01-07T08:05:57","date_gmt":"2022-01-07T12:05:57","guid":{"rendered":"https:\/\/informatepy.com\/2021\/?p=9289"},"modified":"2022-01-07T08:06:00","modified_gmt":"2022-01-07T12:06:00","slug":"bachi-nunez-le-resta-importancia-a-las-candidaturas-de-abdo-y-velazquez","status":"publish","type":"post","link":"https:\/\/informatepy.com\/2021\/2022\/01\/07\/bachi-nunez-le-resta-importancia-a-las-candidaturas-de-abdo-y-velazquez\/","title":{"rendered":"Bachi Nu\u00f1ez le resta importancia a las candidaturas de Abdo y Vel\u00e1zquez"},"content":{"rendered":"\n<p class=\"has-text-align-justify\"><strong>Basilio \u00abBachi\u00bb N\u00fa\u00f1ez<\/strong>, l\u00edder de la bancada de Honor Colorado en Diputados, le rest\u00f3 importancia a la posibilidad de que el presidente de la Rep\u00fablica, <strong>Mario Abdo Ben\u00edtez<\/strong>, <strong>se postule a la titularidad de la Junta de Gobierno<\/strong>, y afirm\u00f3 que esto es un intento de frenar las fugas en el oficialismo y retener a los dirigentes.<\/p>\n\n\n\n<p class=\"has-text-align-justify\">Asegur\u00f3 a la 780 AM que <strong><em>\u201cEllos tratan de instalar que Marito en marzo va a definir ser candidato o no para la Junta de Gobierno. Por un lado, \u00e9l no tiene chances de ganar y, por otro lado, no le veo con la intenci\u00f3n de candidatarse. Esto se utiliza porque existe una fuga de ese sector hacia el nuestro\u201d<\/em><\/strong>, asegur\u00f3 el diputado cartista en la 780 AM.<\/p>\n\n\n\n<p class=\"has-text-align-justify\">Al referirse a la precandidatura del <strong>vicepresidente Hugo Vel\u00e1zquez<\/strong> a la Presidencia de la Rep\u00fablica, dijo que hay desesperaci\u00f3n en Colorado A\u00f1etete, <em><strong>\u201craz\u00f3n por la cual se recurre a los ataques contra el economista y exministro de Hacienda, Santiago Pe\u00f1a\u201d<\/strong><\/em>, precandidato de Honor Colorado al mismo cargo.<\/p>\n","protected":false},"excerpt":{"rendered":"<p>Basilio \u00abBachi\u00bb N\u00fa\u00f1ez, l\u00edder de la bancada de Honor Colorado en Diputados, le rest\u00f3 importancia a la posibilidad de que el presidente de la Rep\u00fablica, Mario Abdo Ben\u00edtez, se postule a la titularidad de la Junta de Gobierno, y afirm\u00f3 que esto es un intento de frenar las fugas en el oficialismo y retener a [&hellip;]<\/p>\n","protected":false},"author":4,"featured_media":4503,"comment_status":"open","ping_status":"open","sticky":false,"template":"","format":"standard","meta":{"_monsterinsights_skip_tracking":false,"_monsterinsights_sitenote_active":false,"_monsterinsights_sitenote_note":"","_monsterinsights_sitenote_category":0,"footnotes":"","jetpack_publicize_message":"","jetpack_is_tweetstorm":false,"jetpack_publicize_feature_enabled":true},"categories":[177],"tags":[267,815,313,1036,314,665,332,423],"ppma_author":[1051],"class_list":["post-9289","post","type-post","status-publish","format-standard","has-post-thumbnail","hentry","category-nacionales","tag-anr","tag-bachi-nunez","tag-colorado-anetete","tag-destacada","tag-honor-colorado","tag-hugo-velazquez","tag-mario-abdo","tag-partido-colorado"],"jetpack_publicize_connections":[],"yoast_head":"<!-- This site is optimized with the Yoast SEO plugin v27.4 - https:\/\/yoast.com\/product\/yoast-seo-wordpress\/ -->\n<title>Bachi Nu\u00f1ez le resta importancia a las candidaturas de Abdo y Vel\u00e1zquez - Informatepy<\/title>\n<meta name=\"robots\" content=\"index, follow, max-snippet:-1, max-image-preview:large, max-video-preview:-1\" \/>\n<link rel=\"canonical\" href=\"https:\/\/informatepy.com\/2021\/2022\/01\/07\/bachi-nunez-le-resta-importancia-a-las-candidaturas-de-abdo-y-velazquez\/\" \/>\n<meta property=\"og:locale\" content=\"es_ES\" \/>\n<meta property=\"og:type\" content=\"article\" \/>\n<meta property=\"og:title\" content=\"Bachi Nu\u00f1ez le resta importancia a las candidaturas de Abdo y Vel\u00e1zquez - Informatepy\" \/>\n<meta property=\"og:description\" content=\"Basilio \u00abBachi\u00bb N\u00fa\u00f1ez, l\u00edder de la bancada de Honor Colorado en Diputados, le rest\u00f3 importancia a la posibilidad de que el presidente de la Rep\u00fablica, Mario Abdo Ben\u00edtez, se postule a la titularidad de la Junta de Gobierno, y afirm\u00f3 que esto es un intento de frenar las fugas en el oficialismo y retener a [&hellip;]\" \/>\n<meta property=\"og:url\" content=\"https:\/\/informatepy.com\/2021\/2022\/01\/07\/bachi-nunez-le-resta-importancia-a-las-candidaturas-de-abdo-y-velazquez\/\" \/>\n<meta property=\"og:site_name\" content=\"Informatepy\" \/>\n<meta property=\"article:author\" content=\"https:\/\/www.facebook.com\/InformatePyCom\" \/>\n<meta property=\"article:published_time\" content=\"2022-01-07T12:05:57+00:00\" \/>\n<meta property=\"article:modified_time\" content=\"2022-01-07T12:06:00+00:00\" \/>\n<meta property=\"og:image\" content=\"https:\/\/informatepy.com\/2021\/wp-content\/uploads\/2021\/04\/bachi-nunez.jpg\" \/>\n\t<meta property=\"og:image:width\" content=\"760\" \/>\n\t<meta property=\"og:image:height\" content=\"420\" \/>\n\t<meta property=\"og:image:type\" content=\"image\/jpeg\" \/>\n<meta name=\"author\" content=\"Redacci\u00f3n\" \/>\n<meta name=\"twitter:card\" content=\"summary_large_image\" \/>\n<meta name=\"twitter:creator\" content=\"@https:\/\/twitter.com\/InformatePy1\" \/>\n<meta name=\"twitter:label1\" content=\"Escrito por\" \/>\n\t<meta name=\"twitter:data1\" content=\"Redacci\u00f3n\" \/>\n\t<meta name=\"twitter:label2\" content=\"Tiempo de lectura\" \/>\n\t<meta name=\"twitter:data2\" content=\"1 minuto\" \/>\n<script type=\"application\/ld+json\" class=\"yoast-schema-graph\">{\"@context\":\"https:\\\/\\\/schema.org\",\"@graph\":[{\"@type\":\"Article\",\"@id\":\"https:\\\/\\\/informatepy.com\\\/2021\\\/2022\\\/01\\\/07\\\/bachi-nunez-le-resta-importancia-a-las-candidaturas-de-abdo-y-velazquez\\\/#article\",\"isPartOf\":{\"@id\":\"https:\\\/\\\/informatepy.com\\\/2021\\\/2022\\\/01\\\/07\\\/bachi-nunez-le-resta-importancia-a-las-candidaturas-de-abdo-y-velazquez\\\/\"},\"author\":{\"name\":\"Redacci\u00f3n\",\"@id\":\"https:\\\/\\\/informatepy.com\\\/2021\\\/#\\\/schema\\\/person\\\/0c842f525f84ea74ef3b44370d11757b\"},\"headline\":\"Bachi Nu\u00f1ez le resta importancia a las candidaturas de Abdo y Vel\u00e1zquez\",\"datePublished\":\"2022-01-07T12:05:57+00:00\",\"dateModified\":\"2022-01-07T12:06:00+00:00\",\"mainEntityOfPage\":{\"@id\":\"https:\\\/\\\/informatepy.com\\\/2021\\\/2022\\\/01\\\/07\\\/bachi-nunez-le-resta-importancia-a-las-candidaturas-de-abdo-y-velazquez\\\/\"},\"wordCount\":195,\"commentCount\":0,\"publisher\":{\"@id\":\"https:\\\/\\\/informatepy.com\\\/2021\\\/#\\\/schema\\\/person\\\/edd302c981d6ba4596191719d1025a8a\"},\"image\":{\"@id\":\"https:\\\/\\\/informatepy.com\\\/2021\\\/2022\\\/01\\\/07\\\/bachi-nunez-le-resta-importancia-a-las-candidaturas-de-abdo-y-velazquez\\\/#primaryimage\"},\"thumbnailUrl\":\"https:\\\/\\\/i0.wp.com\\\/informatepy.com\\\/2021\\\/wp-content\\\/uploads\\\/2021\\\/04\\\/bachi-nunez.jpg?fit=760%2C420&ssl=1\",\"keywords\":[\"anr\",\"Bachi nu\u00f1ez\",\"colorado a\u00f1etete\",\"destacada\",\"honor colorado\",\"hugo velazquez\",\"mario abdo\",\"partido colorado\"],\"articleSection\":[\"Nacionales\"],\"inLanguage\":\"es\",\"potentialAction\":[{\"@type\":\"CommentAction\",\"name\":\"Comment\",\"target\":[\"https:\\\/\\\/informatepy.com\\\/2021\\\/2022\\\/01\\\/07\\\/bachi-nunez-le-resta-importancia-a-las-candidaturas-de-abdo-y-velazquez\\\/#respond\"]}]},{\"@type\":\"WebPage\",\"@id\":\"https:\\\/\\\/informatepy.com\\\/2021\\\/2022\\\/01\\\/07\\\/bachi-nunez-le-resta-importancia-a-las-candidaturas-de-abdo-y-velazquez\\\/\",\"url\":\"https:\\\/\\\/informatepy.com\\\/2021\\\/2022\\\/01\\\/07\\\/bachi-nunez-le-resta-importancia-a-las-candidaturas-de-abdo-y-velazquez\\\/\",\"name\":\"Bachi Nu\u00f1ez le resta importancia a las candidaturas de Abdo y Vel\u00e1zquez - Informatepy\",\"isPartOf\":{\"@id\":\"https:\\\/\\\/informatepy.com\\\/2021\\\/#website\"},\"primaryImageOfPage\":{\"@id\":\"https:\\\/\\\/informatepy.com\\\/2021\\\/2022\\\/01\\\/07\\\/bachi-nunez-le-resta-importancia-a-las-candidaturas-de-abdo-y-velazquez\\\/#primaryimage\"},\"image\":{\"@id\":\"https:\\\/\\\/informatepy.com\\\/2021\\\/2022\\\/01\\\/07\\\/bachi-nunez-le-resta-importancia-a-las-candidaturas-de-abdo-y-velazquez\\\/#primaryimage\"},\"thumbnailUrl\":\"https:\\\/\\\/i0.wp.com\\\/informatepy.com\\\/2021\\\/wp-content\\\/uploads\\\/2021\\\/04\\\/bachi-nunez.jpg?fit=760%2C420&ssl=1\",\"datePublished\":\"2022-01-07T12:05:57+00:00\",\"dateModified\":\"2022-01-07T12:06:00+00:00\",\"breadcrumb\":{\"@id\":\"https:\\\/\\\/informatepy.com\\\/2021\\\/2022\\\/01\\\/07\\\/bachi-nunez-le-resta-importancia-a-las-candidaturas-de-abdo-y-velazquez\\\/#breadcrumb\"},\"inLanguage\":\"es\",\"potentialAction\":[{\"@type\":\"ReadAction\",\"target\":[\"https:\\\/\\\/informatepy.com\\\/2021\\\/2022\\\/01\\\/07\\\/bachi-nunez-le-resta-importancia-a-las-candidaturas-de-abdo-y-velazquez\\\/\"]}]},{\"@type\":\"ImageObject\",\"inLanguage\":\"es\",\"@id\":\"https:\\\/\\\/informatepy.com\\\/2021\\\/2022\\\/01\\\/07\\\/bachi-nunez-le-resta-importancia-a-las-candidaturas-de-abdo-y-velazquez\\\/#primaryimage\",\"url\":\"https:\\\/\\\/i0.wp.com\\\/informatepy.com\\\/2021\\\/wp-content\\\/uploads\\\/2021\\\/04\\\/bachi-nunez.jpg?fit=760%2C420&ssl=1\",\"contentUrl\":\"https:\\\/\\\/i0.wp.com\\\/informatepy.com\\\/2021\\\/wp-content\\\/uploads\\\/2021\\\/04\\\/bachi-nunez.jpg?fit=760%2C420&ssl=1\",\"width\":760,\"height\":420},{\"@type\":\"BreadcrumbList\",\"@id\":\"https:\\\/\\\/informatepy.com\\\/2021\\\/2022\\\/01\\\/07\\\/bachi-nunez-le-resta-importancia-a-las-candidaturas-de-abdo-y-velazquez\\\/#breadcrumb\",\"itemListElement\":[{\"@type\":\"ListItem\",\"position\":1,\"name\":\"Portada\",\"item\":\"https:\\\/\\\/informatepy.com\\\/2021\\\/\"},{\"@type\":\"ListItem\",\"position\":2,\"name\":\"Bachi Nu\u00f1ez le resta importancia a las candidaturas de Abdo y Vel\u00e1zquez\"}]},{\"@type\":\"WebSite\",\"@id\":\"https:\\\/\\\/informatepy.com\\\/2021\\\/#website\",\"url\":\"https:\\\/\\\/informatepy.com\\\/2021\\\/\",\"name\":\"Informatepy\",\"description\":\"La verdad, siempre!\",\"publisher\":{\"@id\":\"https:\\\/\\\/informatepy.com\\\/2021\\\/#\\\/schema\\\/person\\\/edd302c981d6ba4596191719d1025a8a\"},\"potentialAction\":[{\"@type\":\"SearchAction\",\"target\":{\"@type\":\"EntryPoint\",\"urlTemplate\":\"https:\\\/\\\/informatepy.com\\\/2021\\\/?s={search_term_string}\"},\"query-input\":{\"@type\":\"PropertyValueSpecification\",\"valueRequired\":true,\"valueName\":\"search_term_string\"}}],\"inLanguage\":\"es\"},{\"@type\":[\"Person\",\"Organization\"],\"@id\":\"https:\\\/\\\/informatepy.com\\\/2021\\\/#\\\/schema\\\/person\\\/edd302c981d6ba4596191719d1025a8a\",\"name\":\"admin\",\"image\":{\"@type\":\"ImageObject\",\"inLanguage\":\"es\",\"@id\":\"https:\\\/\\\/secure.gravatar.com\\\/avatar\\\/5310f602b6cbcfb86e030c4ccdbb78f6565a3b9bab6a74ab80fd3cb5428b65af?s=96&d=mm&r=g\",\"url\":\"https:\\\/\\\/secure.gravatar.com\\\/avatar\\\/5310f602b6cbcfb86e030c4ccdbb78f6565a3b9bab6a74ab80fd3cb5428b65af?s=96&d=mm&r=g\",\"contentUrl\":\"https:\\\/\\\/secure.gravatar.com\\\/avatar\\\/5310f602b6cbcfb86e030c4ccdbb78f6565a3b9bab6a74ab80fd3cb5428b65af?s=96&d=mm&r=g\",\"caption\":\"admin\"},\"logo\":{\"@id\":\"https:\\\/\\\/secure.gravatar.com\\\/avatar\\\/5310f602b6cbcfb86e030c4ccdbb78f6565a3b9bab6a74ab80fd3cb5428b65af?s=96&d=mm&r=g\"},\"sameAs\":[\"http:\\\/\\\/informatepy.com\\\/2021\"]},{\"@type\":\"Person\",\"@id\":\"https:\\\/\\\/informatepy.com\\\/2021\\\/#\\\/schema\\\/person\\\/0c842f525f84ea74ef3b44370d11757b\",\"name\":\"Redacci\u00f3n\",\"image\":{\"@type\":\"ImageObject\",\"inLanguage\":\"es\",\"@id\":\"https:\\\/\\\/i0.wp.com\\\/informatepy.com\\\/2021\\\/wp-content\\\/uploads\\\/2021\\\/02\\\/informate-circulo.png?fit=96%2C96&ssl=1\",\"url\":\"https:\\\/\\\/i0.wp.com\\\/informatepy.com\\\/2021\\\/wp-content\\\/uploads\\\/2021\\\/02\\\/informate-circulo.png?fit=96%2C96&ssl=1\",\"contentUrl\":\"https:\\\/\\\/i0.wp.com\\\/informatepy.com\\\/2021\\\/wp-content\\\/uploads\\\/2021\\\/02\\\/informate-circulo.png?fit=96%2C96&ssl=1\",\"caption\":\"Redacci\u00f3n\"},\"sameAs\":[\"https:\\\/\\\/www.facebook.com\\\/InformatePyCom\",\"https:\\\/\\\/x.com\\\/https:\\\/\\\/twitter.com\\\/InformatePy1\"],\"url\":\"https:\\\/\\\/informatepy.com\\\/2021\\\/author\\\/redaccion\\\/\"}]}<\/script>\n<!-- \/ Yoast SEO plugin. -->","yoast_head_json":{"title":"Bachi Nu\u00f1ez le resta importancia a las candidaturas de Abdo y Vel\u00e1zquez - Informatepy","robots":{"index":"index","follow":"follow","max-snippet":"max-snippet:-1","max-image-preview":"max-image-preview:large","max-video-preview":"max-video-preview:-1"},"canonical":"https:\/\/informatepy.com\/2021\/2022\/01\/07\/bachi-nunez-le-resta-importancia-a-las-candidaturas-de-abdo-y-velazquez\/","og_locale":"es_ES","og_type":"article","og_title":"Bachi Nu\u00f1ez le resta importancia a las candidaturas de Abdo y Vel\u00e1zquez - Informatepy","og_description":"Basilio \u00abBachi\u00bb N\u00fa\u00f1ez, l\u00edder de la bancada de Honor Colorado en Diputados, le rest\u00f3 importancia a la posibilidad de que el presidente de la Rep\u00fablica, Mario Abdo Ben\u00edtez, se postule a la titularidad de la Junta de Gobierno, y afirm\u00f3 que esto es un intento de frenar las fugas en el oficialismo y retener a [&hellip;]","og_url":"https:\/\/informatepy.com\/2021\/2022\/01\/07\/bachi-nunez-le-resta-importancia-a-las-candidaturas-de-abdo-y-velazquez\/","og_site_name":"Informatepy","article_author":"https:\/\/www.facebook.com\/InformatePyCom","article_published_time":"2022-01-07T12:05:57+00:00","article_modified_time":"2022-01-07T12:06:00+00:00","og_image":[{"width":760,"height":420,"url":"https:\/\/informatepy.com\/2021\/wp-content\/uploads\/2021\/04\/bachi-nunez.jpg","type":"image\/jpeg"}],"author":"Redacci\u00f3n","twitter_card":"summary_large_image","twitter_creator":"@https:\/\/twitter.com\/InformatePy1","twitter_misc":{"Escrito por":"Redacci\u00f3n","Tiempo de lectura":"1 minuto"},"schema":{"@context":"https:\/\/schema.org","@graph":[{"@type":"Article","@id":"https:\/\/informatepy.com\/2021\/2022\/01\/07\/bachi-nunez-le-resta-importancia-a-las-candidaturas-de-abdo-y-velazquez\/#article","isPartOf":{"@id":"https:\/\/informatepy.com\/2021\/2022\/01\/07\/bachi-nunez-le-resta-importancia-a-las-candidaturas-de-abdo-y-velazquez\/"},"author":{"name":"Redacci\u00f3n","@id":"https:\/\/informatepy.com\/2021\/#\/schema\/person\/0c842f525f84ea74ef3b44370d11757b"},"headline":"Bachi Nu\u00f1ez le resta importancia a las candidaturas de Abdo y Vel\u00e1zquez","datePublished":"2022-01-07T12:05:57+00:00","dateModified":"2022-01-07T12:06:00+00:00","mainEntityOfPage":{"@id":"https:\/\/informatepy.com\/2021\/2022\/01\/07\/bachi-nunez-le-resta-importancia-a-las-candidaturas-de-abdo-y-velazquez\/"},"wordCount":195,"commentCount":0,"publisher":{"@id":"https:\/\/informatepy.com\/2021\/#\/schema\/person\/edd302c981d6ba4596191719d1025a8a"},"image":{"@id":"https:\/\/informatepy.com\/2021\/2022\/01\/07\/bachi-nunez-le-resta-importancia-a-las-candidaturas-de-abdo-y-velazquez\/#primaryimage"},"thumbnailUrl":"https:\/\/i0.wp.com\/informatepy.com\/2021\/wp-content\/uploads\/2021\/04\/bachi-nunez.jpg?fit=760%2C420&ssl=1","keywords":["anr","Bachi nu\u00f1ez","colorado a\u00f1etete","destacada","honor colorado","hugo velazquez","mario abdo","partido colorado"],"articleSection":["Nacionales"],"inLanguage":"es","potentialAction":[{"@type":"CommentAction","name":"Comment","target":["https:\/\/informatepy.com\/2021\/2022\/01\/07\/bachi-nunez-le-resta-importancia-a-las-candidaturas-de-abdo-y-velazquez\/#respond"]}]},{"@type":"WebPage","@id":"https:\/\/informatepy.com\/2021\/2022\/01\/07\/bachi-nunez-le-resta-importancia-a-las-candidaturas-de-abdo-y-velazquez\/","url":"https:\/\/informatepy.com\/2021\/2022\/01\/07\/bachi-nunez-le-resta-importancia-a-las-candidaturas-de-abdo-y-velazquez\/","name":"Bachi Nu\u00f1ez le resta importancia a las candidaturas de Abdo y Vel\u00e1zquez - Informatepy","isPartOf":{"@id":"https:\/\/informatepy.com\/2021\/#website"},"primaryImageOfPage":{"@id":"https:\/\/informatepy.com\/2021\/2022\/01\/07\/bachi-nunez-le-resta-importancia-a-las-candidaturas-de-abdo-y-velazquez\/#primaryimage"},"image":{"@id":"https:\/\/informatepy.com\/2021\/2022\/01\/07\/bachi-nunez-le-resta-importancia-a-las-candidaturas-de-abdo-y-velazquez\/#primaryimage"},"thumbnailUrl":"https:\/\/i0.wp.com\/informatepy.com\/2021\/wp-content\/uploads\/2021\/04\/bachi-nunez.jpg?fit=760%2C420&ssl=1","datePublished":"2022-01-07T12:05:57+00:00","dateModified":"2022-01-07T12:06:00+00:00","breadcrumb":{"@id":"https:\/\/informatepy.com\/2021\/2022\/01\/07\/bachi-nunez-le-resta-importancia-a-las-candidaturas-de-abdo-y-velazquez\/#breadcrumb"},"inLanguage":"es","potentialAction":[{"@type":"ReadAction","target":["https:\/\/informatepy.com\/2021\/2022\/01\/07\/bachi-nunez-le-resta-importancia-a-las-candidaturas-de-abdo-y-velazquez\/"]}]},{"@type":"ImageObject","inLanguage":"es","@id":"https:\/\/informatepy.com\/2021\/2022\/01\/07\/bachi-nunez-le-resta-importancia-a-las-candidaturas-de-abdo-y-velazquez\/#primaryimage","url":"https:\/\/i0.wp.com\/informatepy.com\/2021\/wp-content\/uploads\/2021\/04\/bachi-nunez.jpg?fit=760%2C420&ssl=1","contentUrl":"https:\/\/i0.wp.com\/informatepy.com\/2021\/wp-content\/uploads\/2021\/04\/bachi-nunez.jpg?fit=760%2C420&ssl=1","width":760,"height":420},{"@type":"BreadcrumbList","@id":"https:\/\/informatepy.com\/2021\/2022\/01\/07\/bachi-nunez-le-resta-importancia-a-las-candidaturas-de-abdo-y-velazquez\/#breadcrumb","itemListElement":[{"@type":"ListItem","position":1,"name":"Portada","item":"https:\/\/informatepy.com\/2021\/"},{"@type":"ListItem","position":2,"name":"Bachi Nu\u00f1ez le resta importancia a las candidaturas de Abdo y Vel\u00e1zquez"}]},{"@type":"WebSite","@id":"https:\/\/informatepy.com\/2021\/#website","url":"https:\/\/informatepy.com\/2021\/","name":"Informatepy","description":"La verdad, siempre!","publisher":{"@id":"https:\/\/informatepy.com\/2021\/#\/schema\/person\/edd302c981d6ba4596191719d1025a8a"},"potentialAction":[{"@type":"SearchAction","target":{"@type":"EntryPoint","urlTemplate":"https:\/\/informatepy.com\/2021\/?s={search_term_string}"},"query-input":{"@type":"PropertyValueSpecification","valueRequired":true,"valueName":"search_term_string"}}],"inLanguage":"es"},{"@type":["Person","Organization"],"@id":"https:\/\/informatepy.com\/2021\/#\/schema\/person\/edd302c981d6ba4596191719d1025a8a","name":"admin","image":{"@type":"ImageObject","inLanguage":"es","@id":"https:\/\/secure.gravatar.com\/avatar\/5310f602b6cbcfb86e030c4ccdbb78f6565a3b9bab6a74ab80fd3cb5428b65af?s=96&d=mm&r=g","url":"https:\/\/secure.gravatar.com\/avatar\/5310f602b6cbcfb86e030c4ccdbb78f6565a3b9bab6a74ab80fd3cb5428b65af?s=96&d=mm&r=g","contentUrl":"https:\/\/secure.gravatar.com\/avatar\/5310f602b6cbcfb86e030c4ccdbb78f6565a3b9bab6a74ab80fd3cb5428b65af?s=96&d=mm&r=g","caption":"admin"},"logo":{"@id":"https:\/\/secure.gravatar.com\/avatar\/5310f602b6cbcfb86e030c4ccdbb78f6565a3b9bab6a74ab80fd3cb5428b65af?s=96&d=mm&r=g"},"sameAs":["http:\/\/informatepy.com\/2021"]},{"@type":"Person","@id":"https:\/\/informatepy.com\/2021\/#\/schema\/person\/0c842f525f84ea74ef3b44370d11757b","name":"Redacci\u00f3n","image":{"@type":"ImageObject","inLanguage":"es","@id":"https:\/\/i0.wp.com\/informatepy.com\/2021\/wp-content\/uploads\/2021\/02\/informate-circulo.png?fit=96%2C96&ssl=1","url":"https:\/\/i0.wp.com\/informatepy.com\/2021\/wp-content\/uploads\/2021\/02\/informate-circulo.png?fit=96%2C96&ssl=1","contentUrl":"https:\/\/i0.wp.com\/informatepy.com\/2021\/wp-content\/uploads\/2021\/02\/informate-circulo.png?fit=96%2C96&ssl=1","caption":"Redacci\u00f3n"},"sameAs":["https:\/\/www.facebook.com\/InformatePyCom","https:\/\/x.com\/https:\/\/twitter.com\/InformatePy1"],"url":"https:\/\/informatepy.com\/2021\/author\/redaccion\/"}]}},"jetpack_featured_media_url":"https:\/\/i0.wp.com\/informatepy.com\/2021\/wp-content\/uploads\/2021\/04\/bachi-nunez.jpg?fit=760%2C420&ssl=1","jetpack_sharing_enabled":true,"jetpack_likes_enabled":true,"jetpack-related-posts":[{"id":8307,"url":"https:\/\/informatepy.com\/2021\/2021\/11\/14\/bachi-nunez-el-burro-ramirez-de-honor-colorado\/","url_meta":{"origin":9289,"position":0},"title":"\u201cBachi\u201d Nu\u00f1ez, el \u201cburro\u201d Ram\u00edrez de Honor Colorado","date":"14 de noviembre de 2021","format":false,"excerpt":"Como si Paraguay no tuviese suficiente con los desvar\u00edos de Hugo \u201cBurro\u201d Ram\u00edrez, ahora se suma \u201cBachi\u201d Nu\u00f1ez quien lleva la estupidez un poco m\u00e1s all\u00e1 que su colega y no plantea solo zonas de vacunados y no vacunados, sino que, directamente, pretende confinar a los no vacunados. Sin entrar\u2026","rel":"","context":"En \u00abNacionales\u00bb","img":{"alt_text":"","src":"https:\/\/i0.wp.com\/informatepy.com\/2021\/wp-content\/uploads\/2021\/08\/bachi-nuC3B1ez-de-payaso.jpg?fit=1146%2C762&ssl=1&resize=350%2C200","width":350,"height":200},"classes":[]},{"id":5984,"url":"https:\/\/informatepy.com\/2021\/2021\/07\/28\/santi-pena-al-gobierno-cartes-al-poder\/","url_meta":{"origin":9289,"position":1},"title":"Santi Pe\u00f1a al gobierno&#8230; Cartes al poder","date":"28 de julio de 2021","format":false,"excerpt":"El titular de la bancada de Honor Colorado en la c\u00e1mara diputados, Basilio \u201cBachi\u201d N\u00fa\u00f1ez, coment\u00f3 que la dirigencia de ese sector plante\u00f3 al ex presidente Horacio Cartes que pugne por la presidencia de la Junta de Gobierno de la Asociaci\u00f3n Nacional Republicana. \u201cOjal\u00e1 que acepte ser el presidente del\u2026","rel":"","context":"En \u00abNacionales\u00bb","img":{"alt_text":"","src":"https:\/\/i0.wp.com\/informatepy.com\/2021\/wp-content\/uploads\/2021\/07\/cartes-pena.jpg?fit=1200%2C666&ssl=1&resize=350%2C200","width":350,"height":200},"classes":[]},{"id":9330,"url":"https:\/\/informatepy.com\/2021\/2022\/01\/10\/diputados-de-honor-colorado-reiteran-su-postura-contraria-al-pase-sanitario\/","url_meta":{"origin":9289,"position":2},"title":"Diputados de Honor Colorado reiteran su postura contraria al pase sanitario","date":"10 de enero de 2022","format":false,"excerpt":"El presidente de la bancada de Honor Colorado en la C\u00e1mara de Diputados, Basilio \"Bachi\" Nu\u00f1ez, reiter\u00f3 su postura contraria al proyecto de ley de \"Pase Sanitario\" propuesto por Hugo Ram\u00edrez, asegurando que adem\u00e1s de ser su postura personal, es de toda la bancada que preside. Asimismo, asegur\u00f3 que \"una\u2026","rel":"","context":"En \u00abNacionales\u00bb","img":{"alt_text":"","src":"https:\/\/i0.wp.com\/informatepy.com\/2021\/wp-content\/uploads\/2022\/01\/bachinunez-honor.jpg?fit=750%2C469&ssl=1&resize=350%2C200","width":350,"height":200},"classes":[]},{"id":14016,"url":"https:\/\/informatepy.com\/2021\/2022\/09\/21\/diputados-instan-a-ministros-y-secretarios-a-renunciar-para-dedicarse-a-sus-campanas\/","url_meta":{"origin":9289,"position":3},"title":"Diputados: Instan a ministros y secretarios a renunciar para dedicarse a sus campa\u00f1as","date":"21 de septiembre de 2022","format":false,"excerpt":"La C\u00e1mara de Diputados resolvi\u00f3 esta ma\u00f1ana aprobar una declaraci\u00f3n que \u201cinsta a presentar renuncia a los ministros del Poder Ejecutivo, los subsecretarios de Estado y los presidentes de Consejos o administradores generales de los entes descentralizados, aut\u00f3nomos, aut\u00e1rquicos, binacionales o multinacionales, los de empresas con participaci\u00f3n estatal mayoritaria, que\u2026","rel":"","context":"En \u00abNacionales\u00bb","img":{"alt_text":"","src":"https:\/\/i0.wp.com\/informatepy.com\/2021\/wp-content\/uploads\/2021\/06\/congreso-paraguayo.jpg?fit=1024%2C767&ssl=1&resize=350%2C200","width":350,"height":200},"classes":[]},{"id":8211,"url":"https:\/\/informatepy.com\/2021\/2021\/11\/08\/presentaran-pedido-de-perdida-de-investidura-contra-celeste-amarilla\/","url_meta":{"origin":9289,"position":4},"title":"Presentar\u00e1n pedido de p\u00e9rdida de investidura contra Celeste Amarilla","date":"8 de noviembre de 2021","format":false,"excerpt":"El diputado Basilio \u201cBachi\u201d N\u00fa\u00f1ez anunci\u00f3 este lunes que presentar\u00e1 un pedido de p\u00e9rdida de investidura de su colega Celeste Amarilla por haber reconocido que pag\u00f3 US$ 200 mil por su banca y por sus declaraciones contra de la visita de la reina Letizia de Espa\u00f1a. \u201cVoy presentar un pedido\u2026","rel":"","context":"En \u00abNacionales\u00bb","img":{"alt_text":"","src":"https:\/\/i0.wp.com\/informatepy.com\/2021\/wp-content\/uploads\/2021\/11\/bachi-nunez-celeste-amarilla.jpg?fit=900%2C650&ssl=1&resize=350%2C200","width":350,"height":200},"classes":[]},{"id":10532,"url":"https:\/\/informatepy.com\/2021\/2022\/03\/09\/diputados-aprueba-eliminar-la-obligatoriedad-del-uso-del-tapabocas-y-el-pasaporte-sanitario\/","url_meta":{"origin":9289,"position":5},"title":"Diputados aprueba eliminar la obligatoriedad del uso del tapabocas y el pasaporte sanitario","date":"9 de marzo de 2022","format":false,"excerpt":"La C\u00e1mara de Diputados aprob\u00f3 el proyecto presentado por el diputado independiente Jorge Br\u00edtez, que deroga la Ley 6699\/2020 de uso obligatorio del tapabocas y elimin\u00f3 la exigencia del pase sanitario. Por sugerencia del diputado colorado Basilio \"bachi\" N\u00fa\u00f1ez, se incorpor\u00f3 tambi\u00e9n la eliminaci\u00f3n de la exigencia del pase sanitario\u2026","rel":"","context":"En \u00abNacionales\u00bb","img":{"alt_text":"","src":"https:\/\/i0.wp.com\/informatepy.com\/2021\/wp-content\/uploads\/2022\/03\/Diputado-Britez-Foto-tapabocas.jpg?fit=719%2C536&ssl=1&resize=350%2C200","width":350,"height":200},"classes":[]}],"authors":[{"term_id":1051,"user_id":4,"is_guest":0,"slug":"redaccion","display_name":"Redacci\u00f3n","avatar_url":"https:\/\/i0.wp.com\/informatepy.com\/2021\/wp-content\/uploads\/2021\/02\/informate-circulo.png?fit=96%2C96&ssl=1","first_name":"Redacci\u00f3n","last_name":"","user_url":"","description":""}],"amp_enabled":true,"_links":{"self":[{"href":"https:\/\/informatepy.com\/2021\/wp-json\/wp\/v2\/posts\/9289","targetHints":{"allow":["GET"]}}],"collection":[{"href":"https:\/\/informatepy.com\/2021\/wp-json\/wp\/v2\/posts"}],"about":[{"href":"https:\/\/informatepy.com\/2021\/wp-json\/wp\/v2\/types\/post"}],"author":[{"embeddable":true,"href":"https:\/\/informatepy.com\/2021\/wp-json\/wp\/v2\/users\/4"}],"replies":[{"embeddable":true,"href":"https:\/\/informatepy.com\/2021\/wp-json\/wp\/v2\/comments?post=9289"}],"version-history":[{"count":1,"href":"https:\/\/informatepy.com\/2021\/wp-json\/wp\/v2\/posts\/9289\/revisions"}],"predecessor-version":[{"id":9290,"href":"https:\/\/informatepy.com\/2021\/wp-json\/wp\/v2\/posts\/9289\/revisions\/9290"}],"wp:featuredmedia":[{"embeddable":true,"href":"https:\/\/informatepy.com\/2021\/wp-json\/wp\/v2\/media\/4503"}],"wp:attachment":[{"href":"https:\/\/informatepy.com\/2021\/wp-json\/wp\/v2\/media?parent=9289"}],"wp:term":[{"taxonomy":"category","embeddable":true,"href":"https:\/\/informatepy.com\/2021\/wp-json\/wp\/v2\/categories?post=9289"},{"taxonomy":"post_tag","embeddable":true,"href":"https:\/\/informatepy.com\/2021\/wp-json\/wp\/v2\/tags?post=9289"},{"taxonomy":"author","embeddable":true,"href":"https:\/\/informatepy.com\/2021\/wp-json\/wp\/v2\/ppma_author?post=9289"}],"curies":[{"name":"wp","href":"https:\/\/api.w.org\/{rel}","templated":true}]}}