{"id":9173,"date":"2022-01-02T16:56:32","date_gmt":"2022-01-02T20:56:32","guid":{"rendered":"https:\/\/informatepy.com\/2021\/?p=9173"},"modified":"2022-01-02T16:56:34","modified_gmt":"2022-01-02T20:56:34","slug":"conferencia-de-nicolas-moras-sobre-el-mito-de-la-superpoblacion","status":"publish","type":"post","link":"https:\/\/informatepy.com\/2021\/2022\/01\/02\/conferencia-de-nicolas-moras-sobre-el-mito-de-la-superpoblacion\/","title":{"rendered":"Conferencia de Nicol\u00e1s Mor\u00e1s sobre el mito de la superpoblaci\u00f3n"},"content":{"rendered":"\n<p class=\"has-text-align-justify\">En una ponencia \u00fanica, Nicol\u00e1s Mor\u00e1s, uno de los comunicadores m\u00e1s influyentes de la actualidad, desmontar\u00e1 el <em><strong>\u201cMito de la superpoblaci\u00f3n\u201d.<\/strong><\/em><\/p>\n\n\n\n<p class=\"has-text-align-justify\">Nicol\u00e1s Mor\u00e1s es Director de Academia Libertaria, fue investigador del Center For Stateless Society y del Bastiat institute. Expositor habitual de la red Estudiantes por la Libertad y disertante en universidades y think tanks en m\u00e1s de 10 pa\u00edses.<\/p>\n\n\n\n<p class=\"has-text-align-justify\">Actualmente, su canal de Youtube, Los Liberales, se ha consolidado como el medio alternativo l\u00edder de la plataforma en espa\u00f1ol, con m\u00e1s de 390 mil suscriptores y 50 millones de visitas a 2 a\u00f1os de su fundaci\u00f3n.<\/p>\n\n\n\n<p class=\"has-text-align-justify\">En una conferencia \u00fanica, <strong><em>se revelar\u00e1 la trama central que une al catastrofismo ecol\u00f3gico, la Agenda 2030, el Gran Reinicio del Foro Econ\u00f3mico Mundial, los dogmas de g\u00e9nero y la ideolog\u00eda pand\u00e9mica.<\/em><\/strong><\/p>\n\n\n\n<p class=\"has-text-align-justify\">La conferencia tendr\u00e1 lugar el pr\u00f3ximo 8 de enero de 2022 a las 18 Hs en el Show Room de MG Motors (Av. Rep\u00fablica Argentina y Mac Mahom, Asunci\u00f3n). El costo es de 60.000 Gs y solo quedan algunos cupos.<\/p>\n\n\n\n<p class=\"has-text-align-justify\">Para m\u00e1s informaci\u00f3n, los interesados se deben comunicar v\u00eda WhatsApp al 0982 374 576.<\/p>\n","protected":false},"excerpt":{"rendered":"<p>En una ponencia \u00fanica, Nicol\u00e1s Mor\u00e1s, uno de los comunicadores m\u00e1s influyentes de la actualidad, desmontar\u00e1 el \u201cMito de la superpoblaci\u00f3n\u201d. Nicol\u00e1s Mor\u00e1s es Director de Academia Libertaria, fue investigador del Center For Stateless Society y del Bastiat institute. Expositor habitual de la red Estudiantes por la Libertad y disertante en universidades y think tanks [&hellip;]<\/p>\n","protected":false},"author":4,"featured_media":9174,"comment_status":"open","ping_status":"open","sticky":false,"template":"","format":"standard","meta":{"_monsterinsights_skip_tracking":false,"_monsterinsights_sitenote_active":false,"_monsterinsights_sitenote_note":"","_monsterinsights_sitenote_category":0,"footnotes":"","jetpack_publicize_message":"","jetpack_is_tweetstorm":false,"jetpack_publicize_feature_enabled":true},"categories":[1332],"tags":[979,1036,1610,1611],"ppma_author":[1051],"class_list":["post-9173","post","type-post","status-publish","format-standard","has-post-thumbnail","hentry","category-cultura","tag-agenda-2030","tag-destacada","tag-nicolas-moras","tag-superpoblacion"],"jetpack_publicize_connections":[],"yoast_head":"<!-- This site is optimized with the Yoast SEO plugin v27.5 - https:\/\/yoast.com\/product\/yoast-seo-wordpress\/ -->\n<title>Conferencia de Nicol\u00e1s Mor\u00e1s sobre el mito de la superpoblaci\u00f3n - Informatepy<\/title>\n<meta name=\"robots\" content=\"index, follow, max-snippet:-1, max-image-preview:large, max-video-preview:-1\" \/>\n<link rel=\"canonical\" href=\"https:\/\/informatepy.com\/2021\/2022\/01\/02\/conferencia-de-nicolas-moras-sobre-el-mito-de-la-superpoblacion\/\" \/>\n<meta property=\"og:locale\" content=\"es_ES\" \/>\n<meta property=\"og:type\" content=\"article\" \/>\n<meta property=\"og:title\" content=\"Conferencia de Nicol\u00e1s Mor\u00e1s sobre el mito de la superpoblaci\u00f3n - Informatepy\" \/>\n<meta property=\"og:description\" content=\"En una ponencia \u00fanica, Nicol\u00e1s Mor\u00e1s, uno de los comunicadores m\u00e1s influyentes de la actualidad, desmontar\u00e1 el \u201cMito de la superpoblaci\u00f3n\u201d. Nicol\u00e1s Mor\u00e1s es Director de Academia Libertaria, fue investigador del Center For Stateless Society y del Bastiat institute. Expositor habitual de la red Estudiantes por la Libertad y disertante en universidades y think tanks [&hellip;]\" \/>\n<meta property=\"og:url\" content=\"https:\/\/informatepy.com\/2021\/2022\/01\/02\/conferencia-de-nicolas-moras-sobre-el-mito-de-la-superpoblacion\/\" \/>\n<meta property=\"og:site_name\" content=\"Informatepy\" \/>\n<meta property=\"article:author\" content=\"https:\/\/www.facebook.com\/InformatePyCom\" \/>\n<meta property=\"article:published_time\" content=\"2022-01-02T20:56:32+00:00\" \/>\n<meta property=\"article:modified_time\" content=\"2022-01-02T20:56:34+00:00\" \/>\n<meta property=\"og:image\" content=\"https:\/\/informatepy.com\/2021\/wp-content\/uploads\/2022\/01\/NicolasMoras.jpg\" \/>\n\t<meta property=\"og:image:width\" content=\"1280\" \/>\n\t<meta property=\"og:image:height\" content=\"853\" \/>\n\t<meta property=\"og:image:type\" content=\"image\/jpeg\" \/>\n<meta name=\"author\" content=\"Redacci\u00f3n\" \/>\n<meta name=\"twitter:card\" content=\"summary_large_image\" \/>\n<meta name=\"twitter:creator\" content=\"@https:\/\/twitter.com\/InformatePy1\" \/>\n<meta name=\"twitter:label1\" content=\"Escrito por\" \/>\n\t<meta name=\"twitter:data1\" content=\"Redacci\u00f3n\" \/>\n\t<meta name=\"twitter:label2\" content=\"Tiempo de lectura\" \/>\n\t<meta name=\"twitter:data2\" content=\"1 minuto\" \/>\n<script type=\"application\/ld+json\" class=\"yoast-schema-graph\">{\"@context\":\"https:\\\/\\\/schema.org\",\"@graph\":[{\"@type\":\"Article\",\"@id\":\"https:\\\/\\\/informatepy.com\\\/2021\\\/2022\\\/01\\\/02\\\/conferencia-de-nicolas-moras-sobre-el-mito-de-la-superpoblacion\\\/#article\",\"isPartOf\":{\"@id\":\"https:\\\/\\\/informatepy.com\\\/2021\\\/2022\\\/01\\\/02\\\/conferencia-de-nicolas-moras-sobre-el-mito-de-la-superpoblacion\\\/\"},\"author\":{\"name\":\"Redacci\u00f3n\",\"@id\":\"https:\\\/\\\/informatepy.com\\\/2021\\\/#\\\/schema\\\/person\\\/0c842f525f84ea74ef3b44370d11757b\"},\"headline\":\"Conferencia de Nicol\u00e1s Mor\u00e1s sobre el mito de la superpoblaci\u00f3n\",\"datePublished\":\"2022-01-02T20:56:32+00:00\",\"dateModified\":\"2022-01-02T20:56:34+00:00\",\"mainEntityOfPage\":{\"@id\":\"https:\\\/\\\/informatepy.com\\\/2021\\\/2022\\\/01\\\/02\\\/conferencia-de-nicolas-moras-sobre-el-mito-de-la-superpoblacion\\\/\"},\"wordCount\":208,\"commentCount\":0,\"publisher\":{\"@id\":\"https:\\\/\\\/informatepy.com\\\/2021\\\/#\\\/schema\\\/person\\\/edd302c981d6ba4596191719d1025a8a\"},\"image\":{\"@id\":\"https:\\\/\\\/informatepy.com\\\/2021\\\/2022\\\/01\\\/02\\\/conferencia-de-nicolas-moras-sobre-el-mito-de-la-superpoblacion\\\/#primaryimage\"},\"thumbnailUrl\":\"https:\\\/\\\/i0.wp.com\\\/informatepy.com\\\/2021\\\/wp-content\\\/uploads\\\/2022\\\/01\\\/NicolasMoras.jpg?fit=1280%2C853&ssl=1\",\"keywords\":[\"agenda 2030\",\"destacada\",\"nicolas moras\",\"superpoblacion\"],\"articleSection\":[\"Cultura\"],\"inLanguage\":\"es\",\"potentialAction\":[{\"@type\":\"CommentAction\",\"name\":\"Comment\",\"target\":[\"https:\\\/\\\/informatepy.com\\\/2021\\\/2022\\\/01\\\/02\\\/conferencia-de-nicolas-moras-sobre-el-mito-de-la-superpoblacion\\\/#respond\"]}]},{\"@type\":\"WebPage\",\"@id\":\"https:\\\/\\\/informatepy.com\\\/2021\\\/2022\\\/01\\\/02\\\/conferencia-de-nicolas-moras-sobre-el-mito-de-la-superpoblacion\\\/\",\"url\":\"https:\\\/\\\/informatepy.com\\\/2021\\\/2022\\\/01\\\/02\\\/conferencia-de-nicolas-moras-sobre-el-mito-de-la-superpoblacion\\\/\",\"name\":\"Conferencia de Nicol\u00e1s Mor\u00e1s sobre el mito de la superpoblaci\u00f3n - Informatepy\",\"isPartOf\":{\"@id\":\"https:\\\/\\\/informatepy.com\\\/2021\\\/#website\"},\"primaryImageOfPage\":{\"@id\":\"https:\\\/\\\/informatepy.com\\\/2021\\\/2022\\\/01\\\/02\\\/conferencia-de-nicolas-moras-sobre-el-mito-de-la-superpoblacion\\\/#primaryimage\"},\"image\":{\"@id\":\"https:\\\/\\\/informatepy.com\\\/2021\\\/2022\\\/01\\\/02\\\/conferencia-de-nicolas-moras-sobre-el-mito-de-la-superpoblacion\\\/#primaryimage\"},\"thumbnailUrl\":\"https:\\\/\\\/i0.wp.com\\\/informatepy.com\\\/2021\\\/wp-content\\\/uploads\\\/2022\\\/01\\\/NicolasMoras.jpg?fit=1280%2C853&ssl=1\",\"datePublished\":\"2022-01-02T20:56:32+00:00\",\"dateModified\":\"2022-01-02T20:56:34+00:00\",\"breadcrumb\":{\"@id\":\"https:\\\/\\\/informatepy.com\\\/2021\\\/2022\\\/01\\\/02\\\/conferencia-de-nicolas-moras-sobre-el-mito-de-la-superpoblacion\\\/#breadcrumb\"},\"inLanguage\":\"es\",\"potentialAction\":[{\"@type\":\"ReadAction\",\"target\":[\"https:\\\/\\\/informatepy.com\\\/2021\\\/2022\\\/01\\\/02\\\/conferencia-de-nicolas-moras-sobre-el-mito-de-la-superpoblacion\\\/\"]}]},{\"@type\":\"ImageObject\",\"inLanguage\":\"es\",\"@id\":\"https:\\\/\\\/informatepy.com\\\/2021\\\/2022\\\/01\\\/02\\\/conferencia-de-nicolas-moras-sobre-el-mito-de-la-superpoblacion\\\/#primaryimage\",\"url\":\"https:\\\/\\\/i0.wp.com\\\/informatepy.com\\\/2021\\\/wp-content\\\/uploads\\\/2022\\\/01\\\/NicolasMoras.jpg?fit=1280%2C853&ssl=1\",\"contentUrl\":\"https:\\\/\\\/i0.wp.com\\\/informatepy.com\\\/2021\\\/wp-content\\\/uploads\\\/2022\\\/01\\\/NicolasMoras.jpg?fit=1280%2C853&ssl=1\",\"width\":1280,\"height\":853},{\"@type\":\"BreadcrumbList\",\"@id\":\"https:\\\/\\\/informatepy.com\\\/2021\\\/2022\\\/01\\\/02\\\/conferencia-de-nicolas-moras-sobre-el-mito-de-la-superpoblacion\\\/#breadcrumb\",\"itemListElement\":[{\"@type\":\"ListItem\",\"position\":1,\"name\":\"Portada\",\"item\":\"https:\\\/\\\/informatepy.com\\\/2021\\\/\"},{\"@type\":\"ListItem\",\"position\":2,\"name\":\"Conferencia de Nicol\u00e1s Mor\u00e1s sobre el mito de la superpoblaci\u00f3n\"}]},{\"@type\":\"WebSite\",\"@id\":\"https:\\\/\\\/informatepy.com\\\/2021\\\/#website\",\"url\":\"https:\\\/\\\/informatepy.com\\\/2021\\\/\",\"name\":\"Informatepy\",\"description\":\"La verdad, siempre!\",\"publisher\":{\"@id\":\"https:\\\/\\\/informatepy.com\\\/2021\\\/#\\\/schema\\\/person\\\/edd302c981d6ba4596191719d1025a8a\"},\"potentialAction\":[{\"@type\":\"SearchAction\",\"target\":{\"@type\":\"EntryPoint\",\"urlTemplate\":\"https:\\\/\\\/informatepy.com\\\/2021\\\/?s={search_term_string}\"},\"query-input\":{\"@type\":\"PropertyValueSpecification\",\"valueRequired\":true,\"valueName\":\"search_term_string\"}}],\"inLanguage\":\"es\"},{\"@type\":[\"Person\",\"Organization\"],\"@id\":\"https:\\\/\\\/informatepy.com\\\/2021\\\/#\\\/schema\\\/person\\\/edd302c981d6ba4596191719d1025a8a\",\"name\":\"admin\",\"image\":{\"@type\":\"ImageObject\",\"inLanguage\":\"es\",\"@id\":\"https:\\\/\\\/secure.gravatar.com\\\/avatar\\\/5310f602b6cbcfb86e030c4ccdbb78f6565a3b9bab6a74ab80fd3cb5428b65af?s=96&d=mm&r=g\",\"url\":\"https:\\\/\\\/secure.gravatar.com\\\/avatar\\\/5310f602b6cbcfb86e030c4ccdbb78f6565a3b9bab6a74ab80fd3cb5428b65af?s=96&d=mm&r=g\",\"contentUrl\":\"https:\\\/\\\/secure.gravatar.com\\\/avatar\\\/5310f602b6cbcfb86e030c4ccdbb78f6565a3b9bab6a74ab80fd3cb5428b65af?s=96&d=mm&r=g\",\"caption\":\"admin\"},\"logo\":{\"@id\":\"https:\\\/\\\/secure.gravatar.com\\\/avatar\\\/5310f602b6cbcfb86e030c4ccdbb78f6565a3b9bab6a74ab80fd3cb5428b65af?s=96&d=mm&r=g\"},\"sameAs\":[\"http:\\\/\\\/informatepy.com\\\/2021\"]},{\"@type\":\"Person\",\"@id\":\"https:\\\/\\\/informatepy.com\\\/2021\\\/#\\\/schema\\\/person\\\/0c842f525f84ea74ef3b44370d11757b\",\"name\":\"Redacci\u00f3n\",\"image\":{\"@type\":\"ImageObject\",\"inLanguage\":\"es\",\"@id\":\"https:\\\/\\\/i0.wp.com\\\/informatepy.com\\\/2021\\\/wp-content\\\/uploads\\\/2021\\\/02\\\/informate-circulo.png?fit=96%2C96&ssl=1\",\"url\":\"https:\\\/\\\/i0.wp.com\\\/informatepy.com\\\/2021\\\/wp-content\\\/uploads\\\/2021\\\/02\\\/informate-circulo.png?fit=96%2C96&ssl=1\",\"contentUrl\":\"https:\\\/\\\/i0.wp.com\\\/informatepy.com\\\/2021\\\/wp-content\\\/uploads\\\/2021\\\/02\\\/informate-circulo.png?fit=96%2C96&ssl=1\",\"caption\":\"Redacci\u00f3n\"},\"sameAs\":[\"https:\\\/\\\/www.facebook.com\\\/InformatePyCom\",\"https:\\\/\\\/x.com\\\/https:\\\/\\\/twitter.com\\\/InformatePy1\"],\"url\":\"https:\\\/\\\/informatepy.com\\\/2021\\\/author\\\/redaccion\\\/\"}]}<\/script>\n<!-- \/ Yoast SEO plugin. -->","yoast_head_json":{"title":"Conferencia de Nicol\u00e1s Mor\u00e1s sobre el mito de la superpoblaci\u00f3n - Informatepy","robots":{"index":"index","follow":"follow","max-snippet":"max-snippet:-1","max-image-preview":"max-image-preview:large","max-video-preview":"max-video-preview:-1"},"canonical":"https:\/\/informatepy.com\/2021\/2022\/01\/02\/conferencia-de-nicolas-moras-sobre-el-mito-de-la-superpoblacion\/","og_locale":"es_ES","og_type":"article","og_title":"Conferencia de Nicol\u00e1s Mor\u00e1s sobre el mito de la superpoblaci\u00f3n - Informatepy","og_description":"En una ponencia \u00fanica, Nicol\u00e1s Mor\u00e1s, uno de los comunicadores m\u00e1s influyentes de la actualidad, desmontar\u00e1 el \u201cMito de la superpoblaci\u00f3n\u201d. Nicol\u00e1s Mor\u00e1s es Director de Academia Libertaria, fue investigador del Center For Stateless Society y del Bastiat institute. Expositor habitual de la red Estudiantes por la Libertad y disertante en universidades y think tanks [&hellip;]","og_url":"https:\/\/informatepy.com\/2021\/2022\/01\/02\/conferencia-de-nicolas-moras-sobre-el-mito-de-la-superpoblacion\/","og_site_name":"Informatepy","article_author":"https:\/\/www.facebook.com\/InformatePyCom","article_published_time":"2022-01-02T20:56:32+00:00","article_modified_time":"2022-01-02T20:56:34+00:00","og_image":[{"width":1280,"height":853,"url":"https:\/\/informatepy.com\/2021\/wp-content\/uploads\/2022\/01\/NicolasMoras.jpg","type":"image\/jpeg"}],"author":"Redacci\u00f3n","twitter_card":"summary_large_image","twitter_creator":"@https:\/\/twitter.com\/InformatePy1","twitter_misc":{"Escrito por":"Redacci\u00f3n","Tiempo de lectura":"1 minuto"},"schema":{"@context":"https:\/\/schema.org","@graph":[{"@type":"Article","@id":"https:\/\/informatepy.com\/2021\/2022\/01\/02\/conferencia-de-nicolas-moras-sobre-el-mito-de-la-superpoblacion\/#article","isPartOf":{"@id":"https:\/\/informatepy.com\/2021\/2022\/01\/02\/conferencia-de-nicolas-moras-sobre-el-mito-de-la-superpoblacion\/"},"author":{"name":"Redacci\u00f3n","@id":"https:\/\/informatepy.com\/2021\/#\/schema\/person\/0c842f525f84ea74ef3b44370d11757b"},"headline":"Conferencia de Nicol\u00e1s Mor\u00e1s sobre el mito de la superpoblaci\u00f3n","datePublished":"2022-01-02T20:56:32+00:00","dateModified":"2022-01-02T20:56:34+00:00","mainEntityOfPage":{"@id":"https:\/\/informatepy.com\/2021\/2022\/01\/02\/conferencia-de-nicolas-moras-sobre-el-mito-de-la-superpoblacion\/"},"wordCount":208,"commentCount":0,"publisher":{"@id":"https:\/\/informatepy.com\/2021\/#\/schema\/person\/edd302c981d6ba4596191719d1025a8a"},"image":{"@id":"https:\/\/informatepy.com\/2021\/2022\/01\/02\/conferencia-de-nicolas-moras-sobre-el-mito-de-la-superpoblacion\/#primaryimage"},"thumbnailUrl":"https:\/\/i0.wp.com\/informatepy.com\/2021\/wp-content\/uploads\/2022\/01\/NicolasMoras.jpg?fit=1280%2C853&ssl=1","keywords":["agenda 2030","destacada","nicolas moras","superpoblacion"],"articleSection":["Cultura"],"inLanguage":"es","potentialAction":[{"@type":"CommentAction","name":"Comment","target":["https:\/\/informatepy.com\/2021\/2022\/01\/02\/conferencia-de-nicolas-moras-sobre-el-mito-de-la-superpoblacion\/#respond"]}]},{"@type":"WebPage","@id":"https:\/\/informatepy.com\/2021\/2022\/01\/02\/conferencia-de-nicolas-moras-sobre-el-mito-de-la-superpoblacion\/","url":"https:\/\/informatepy.com\/2021\/2022\/01\/02\/conferencia-de-nicolas-moras-sobre-el-mito-de-la-superpoblacion\/","name":"Conferencia de Nicol\u00e1s Mor\u00e1s sobre el mito de la superpoblaci\u00f3n - Informatepy","isPartOf":{"@id":"https:\/\/informatepy.com\/2021\/#website"},"primaryImageOfPage":{"@id":"https:\/\/informatepy.com\/2021\/2022\/01\/02\/conferencia-de-nicolas-moras-sobre-el-mito-de-la-superpoblacion\/#primaryimage"},"image":{"@id":"https:\/\/informatepy.com\/2021\/2022\/01\/02\/conferencia-de-nicolas-moras-sobre-el-mito-de-la-superpoblacion\/#primaryimage"},"thumbnailUrl":"https:\/\/i0.wp.com\/informatepy.com\/2021\/wp-content\/uploads\/2022\/01\/NicolasMoras.jpg?fit=1280%2C853&ssl=1","datePublished":"2022-01-02T20:56:32+00:00","dateModified":"2022-01-02T20:56:34+00:00","breadcrumb":{"@id":"https:\/\/informatepy.com\/2021\/2022\/01\/02\/conferencia-de-nicolas-moras-sobre-el-mito-de-la-superpoblacion\/#breadcrumb"},"inLanguage":"es","potentialAction":[{"@type":"ReadAction","target":["https:\/\/informatepy.com\/2021\/2022\/01\/02\/conferencia-de-nicolas-moras-sobre-el-mito-de-la-superpoblacion\/"]}]},{"@type":"ImageObject","inLanguage":"es","@id":"https:\/\/informatepy.com\/2021\/2022\/01\/02\/conferencia-de-nicolas-moras-sobre-el-mito-de-la-superpoblacion\/#primaryimage","url":"https:\/\/i0.wp.com\/informatepy.com\/2021\/wp-content\/uploads\/2022\/01\/NicolasMoras.jpg?fit=1280%2C853&ssl=1","contentUrl":"https:\/\/i0.wp.com\/informatepy.com\/2021\/wp-content\/uploads\/2022\/01\/NicolasMoras.jpg?fit=1280%2C853&ssl=1","width":1280,"height":853},{"@type":"BreadcrumbList","@id":"https:\/\/informatepy.com\/2021\/2022\/01\/02\/conferencia-de-nicolas-moras-sobre-el-mito-de-la-superpoblacion\/#breadcrumb","itemListElement":[{"@type":"ListItem","position":1,"name":"Portada","item":"https:\/\/informatepy.com\/2021\/"},{"@type":"ListItem","position":2,"name":"Conferencia de Nicol\u00e1s Mor\u00e1s sobre el mito de la superpoblaci\u00f3n"}]},{"@type":"WebSite","@id":"https:\/\/informatepy.com\/2021\/#website","url":"https:\/\/informatepy.com\/2021\/","name":"Informatepy","description":"La verdad, siempre!","publisher":{"@id":"https:\/\/informatepy.com\/2021\/#\/schema\/person\/edd302c981d6ba4596191719d1025a8a"},"potentialAction":[{"@type":"SearchAction","target":{"@type":"EntryPoint","urlTemplate":"https:\/\/informatepy.com\/2021\/?s={search_term_string}"},"query-input":{"@type":"PropertyValueSpecification","valueRequired":true,"valueName":"search_term_string"}}],"inLanguage":"es"},{"@type":["Person","Organization"],"@id":"https:\/\/informatepy.com\/2021\/#\/schema\/person\/edd302c981d6ba4596191719d1025a8a","name":"admin","image":{"@type":"ImageObject","inLanguage":"es","@id":"https:\/\/secure.gravatar.com\/avatar\/5310f602b6cbcfb86e030c4ccdbb78f6565a3b9bab6a74ab80fd3cb5428b65af?s=96&d=mm&r=g","url":"https:\/\/secure.gravatar.com\/avatar\/5310f602b6cbcfb86e030c4ccdbb78f6565a3b9bab6a74ab80fd3cb5428b65af?s=96&d=mm&r=g","contentUrl":"https:\/\/secure.gravatar.com\/avatar\/5310f602b6cbcfb86e030c4ccdbb78f6565a3b9bab6a74ab80fd3cb5428b65af?s=96&d=mm&r=g","caption":"admin"},"logo":{"@id":"https:\/\/secure.gravatar.com\/avatar\/5310f602b6cbcfb86e030c4ccdbb78f6565a3b9bab6a74ab80fd3cb5428b65af?s=96&d=mm&r=g"},"sameAs":["http:\/\/informatepy.com\/2021"]},{"@type":"Person","@id":"https:\/\/informatepy.com\/2021\/#\/schema\/person\/0c842f525f84ea74ef3b44370d11757b","name":"Redacci\u00f3n","image":{"@type":"ImageObject","inLanguage":"es","@id":"https:\/\/i0.wp.com\/informatepy.com\/2021\/wp-content\/uploads\/2021\/02\/informate-circulo.png?fit=96%2C96&ssl=1","url":"https:\/\/i0.wp.com\/informatepy.com\/2021\/wp-content\/uploads\/2021\/02\/informate-circulo.png?fit=96%2C96&ssl=1","contentUrl":"https:\/\/i0.wp.com\/informatepy.com\/2021\/wp-content\/uploads\/2021\/02\/informate-circulo.png?fit=96%2C96&ssl=1","caption":"Redacci\u00f3n"},"sameAs":["https:\/\/www.facebook.com\/InformatePyCom","https:\/\/x.com\/https:\/\/twitter.com\/InformatePy1"],"url":"https:\/\/informatepy.com\/2021\/author\/redaccion\/"}]}},"jetpack_featured_media_url":"https:\/\/i0.wp.com\/informatepy.com\/2021\/wp-content\/uploads\/2022\/01\/NicolasMoras.jpg?fit=1280%2C853&ssl=1","jetpack_sharing_enabled":true,"jetpack_likes_enabled":true,"jetpack-related-posts":[{"id":12881,"url":"https:\/\/informatepy.com\/2021\/2022\/07\/27\/conferencia-de-nicolas-moras-no-tendras-nada-y-seran-felices\/","url_meta":{"origin":9173,"position":0},"title":"Conferencia de Nicol\u00e1s Mor\u00e1s: \u00abNo tendr\u00e1s nada y ser\u00e1n felices\u00bb","date":"27 de julio de 2022","format":false,"excerpt":"Este jueves a las 18 hs, en el sal\u00f3n auditorio de la Universidad Unida, el reconocido periodista y divulgador, Nicol\u00e1s Mor\u00e1s, brindar\u00e1 la conferencia relacionada con la amenaza del globalismo en Paraguay:\"No tendr\u00e1s nada, y ser\u00e1n felices\". Quienes deseen concurrir (plazas limitadas) y entender la \"Plandemia\", deber\u00e1n comunicarse al 0992\u2026","rel":"","context":"En \u00abCultura\u00bb","img":{"alt_text":"","src":"https:\/\/i0.wp.com\/informatepy.com\/2021\/wp-content\/uploads\/2022\/07\/nico-moras.jpg?fit=674%2C680&ssl=1&resize=350%2C200","width":350,"height":200},"classes":[]},{"id":1185,"url":"https:\/\/informatepy.com\/2021\/2019\/05\/22\/adaptarse-o-morir\/","url_meta":{"origin":9173,"position":1},"title":"Adaptarse&#8230; o morir","date":"22 de mayo de 2019","format":false,"excerpt":"Pocas cosas molestan tanto al lector avezado, como cuando a quien escribe un art\u00edculo period\u00edstico se le notan los hilos; y a pocos medios se le notan lo hilos como a ABC. Cierto es, digamos todo, que ABC es el medio de mayor circulaci\u00f3n en nuestro pa\u00eds pero, eso no\u2026","rel":"","context":"En \u00abAnalisis\u00bb","img":{"alt_text":"","src":"https:\/\/i0.wp.com\/informatepy.com\/2021\/wp-content\/uploads\/2021\/05\/tapa-abc.jpg?fit=1200%2C586&ssl=1&resize=350%2C200","width":350,"height":200},"classes":[]},{"id":12507,"url":"https:\/\/informatepy.com\/2021\/2022\/07\/02\/ivan-duque-no-permitira-que-nicolas-maduro-ingrese-a-colombia-para-la-posesion-de-gustavo-petro\/","url_meta":{"origin":9173,"position":2},"title":"Iv\u00e1n Duque no permitir\u00e1 que Nicol\u00e1s Maduro ingrese a Colombia para la posesi\u00f3n de Gustavo Petro","date":"2 de julio de 2022","format":false,"excerpt":"El actual jefe de Estado reiter\u00f3 sus marcadas diferencias con su hom\u00f3logo venezolano y lo exhort\u00f3 a que entregue a los criminales que se refugian en su pa\u00eds","rel":"","context":"En \u00abMundo\u00bb","img":{"alt_text":"","src":"https:\/\/i0.wp.com\/informatepy.com\/2021\/wp-content\/uploads\/2022\/07\/duque-maduro.jpg?fit=1200%2C704&ssl=1&resize=350%2C200","width":350,"height":200},"classes":[]},{"id":8124,"url":"https:\/\/informatepy.com\/2021\/2021\/11\/03\/el-glamour-esta-en-el-cerebro-no-en-los-ojos\/","url_meta":{"origin":9173,"position":3},"title":"El glamour est\u00e1 en el cerebro no en los ojos","date":"3 de noviembre de 2021","format":false,"excerpt":"Esta ma\u00f1ana, como es habitual en la C\u00e1mara de Diputados, la legisladora Celeste Amarilla critic\u00f3 duramente el atuendo de la reina consorte de Espa\u00f1a, Letizia Ortiz. \u201cViene a mirar la pobreza de Paraguay a ver qu\u00e9 limosna tirarnos. No le hubiera recibido Silvana Abdo, estoy contenta de que no le\u2026","rel":"","context":"En \u00abNacionales\u00bb","img":{"alt_text":"","src":"https:\/\/i0.wp.com\/informatepy.com\/2021\/wp-content\/uploads\/2021\/09\/celeste-amarilla1.jpg?fit=1200%2C753&ssl=1&resize=350%2C200","width":350,"height":200},"classes":[]},{"id":11475,"url":"https:\/\/informatepy.com\/2021\/2022\/05\/04\/asuncion-ya-no-recogera-la-basura-de-entes-publicos-morosos\/","url_meta":{"origin":9173,"position":4},"title":"Asunci\u00f3n ya no recoger\u00e1 la basura de entes p\u00fablicos morosos","date":"4 de mayo de 2022","format":false,"excerpt":"A la medianoche de este mi\u00e9rcoles vence el plazo de 30 d\u00edas que la Municipalidad de Asunci\u00f3n hab\u00eda otorgado a las instituciones del Estado, para que presenten el plan de pago por recolecci\u00f3n de basuras. La deuda es de G. 127 mil millones, acumulada en el periodo del 2014 al\u2026","rel":"","context":"En \u00abMunicipales\u00bb","img":{"alt_text":"","src":"https:\/\/i0.wp.com\/informatepy.com\/2021\/wp-content\/uploads\/2022\/05\/recoleccion-basura-asuncion.jpg?fit=1200%2C675&ssl=1&resize=350%2C200","width":350,"height":200},"classes":[]},{"id":2006,"url":"https:\/\/informatepy.com\/2021\/2020\/06\/08\/la-correcion-politica-acabara-con-la-civilizacion-occidental\/","url_meta":{"origin":9173,"position":5},"title":"La correci\u00f3n pol\u00edtica acabar\u00e1 con la civilizaci\u00f3n occidental","date":"8 de junio de 2020","format":false,"excerpt":"Acabamos de atravesar una de las semanas m\u00e1s intensas del 2020; arrancamos con la muerte de George Floyd y todo lo que ella acarre\u00f3 y la terminamos con los incomprensibles ataques a la escritora brit\u00e1nica J. K. Rowling por el solo hecho de opinar. A simple vista, estos hechos no\u2026","rel":"","context":"En \u00abAnalisis\u00bb","img":{"alt_text":"","src":"https:\/\/i0.wp.com\/informatepy.com\/2021\/wp-content\/uploads\/2021\/06\/correcion-politica.jpg?fit=550%2C367&ssl=1&resize=350%2C200","width":350,"height":200},"classes":[]}],"authors":[{"term_id":1051,"user_id":4,"is_guest":0,"slug":"redaccion","display_name":"Redacci\u00f3n","avatar_url":"https:\/\/i0.wp.com\/informatepy.com\/2021\/wp-content\/uploads\/2021\/02\/informate-circulo.png?fit=96%2C96&ssl=1","first_name":"Redacci\u00f3n","last_name":"","user_url":"","description":""}],"amp_enabled":true,"_links":{"self":[{"href":"https:\/\/informatepy.com\/2021\/wp-json\/wp\/v2\/posts\/9173","targetHints":{"allow":["GET"]}}],"collection":[{"href":"https:\/\/informatepy.com\/2021\/wp-json\/wp\/v2\/posts"}],"about":[{"href":"https:\/\/informatepy.com\/2021\/wp-json\/wp\/v2\/types\/post"}],"author":[{"embeddable":true,"href":"https:\/\/informatepy.com\/2021\/wp-json\/wp\/v2\/users\/4"}],"replies":[{"embeddable":true,"href":"https:\/\/informatepy.com\/2021\/wp-json\/wp\/v2\/comments?post=9173"}],"version-history":[{"count":1,"href":"https:\/\/informatepy.com\/2021\/wp-json\/wp\/v2\/posts\/9173\/revisions"}],"predecessor-version":[{"id":9175,"href":"https:\/\/informatepy.com\/2021\/wp-json\/wp\/v2\/posts\/9173\/revisions\/9175"}],"wp:featuredmedia":[{"embeddable":true,"href":"https:\/\/informatepy.com\/2021\/wp-json\/wp\/v2\/media\/9174"}],"wp:attachment":[{"href":"https:\/\/informatepy.com\/2021\/wp-json\/wp\/v2\/media?parent=9173"}],"wp:term":[{"taxonomy":"category","embeddable":true,"href":"https:\/\/informatepy.com\/2021\/wp-json\/wp\/v2\/categories?post=9173"},{"taxonomy":"post_tag","embeddable":true,"href":"https:\/\/informatepy.com\/2021\/wp-json\/wp\/v2\/tags?post=9173"},{"taxonomy":"author","embeddable":true,"href":"https:\/\/informatepy.com\/2021\/wp-json\/wp\/v2\/ppma_author?post=9173"}],"curies":[{"name":"wp","href":"https:\/\/api.w.org\/{rel}","templated":true}]}}