{"id":8975,"date":"2021-12-22T13:23:25","date_gmt":"2021-12-22T17:23:25","guid":{"rendered":"https:\/\/informatepy.com\/2021\/?p=8975"},"modified":"2021-12-22T13:23:28","modified_gmt":"2021-12-22T17:23:28","slug":"el-pasaporte-covid-solo-busca-el-control-social-afirmo-macarena-olona-de-vox","status":"publish","type":"post","link":"https:\/\/informatepy.com\/2021\/2021\/12\/22\/el-pasaporte-covid-solo-busca-el-control-social-afirmo-macarena-olona-de-vox\/","title":{"rendered":"El Pasaporte Covid solo busca el \u201ccontrol social\u201d afirm\u00f3 Macarena Olona de VOX"},"content":{"rendered":"\n<p class=\"has-text-align-justify\">El partido espa\u00f1ol VOX reiter\u00f3 su rechazo al pasaporte Covid y anim\u00f3 a los ciudadanos a <strong>\u00abdesprenderse del miedo\u00bb<\/strong> y levantarse ante una medida que cree que no tiene raz\u00f3n sanitaria y solo busca el <strong>\u00abcontrol social\u00bb<\/strong> de la poblaci\u00f3n.<\/p>\n\n\n\n<p class=\"has-text-align-justify\">La secretaria general de VOX en el Congreso, <strong>Macarena Olona, tras aclarar que se vacun\u00f3 con pauta completa,\u00a0asegur\u00f3\u00a0que la medida es <em>\u201cdictatorial\u201d<\/em><\/strong> y que se exige para ejercer algunos derechos y libertades, como tomar un caf\u00e9 o trabajar.<\/p>\n\n\n\n<p class=\"has-text-align-justify\"><strong><em> \u00abComo espa\u00f1ola, nacida libre y con pauta completa, me niego a someter el ejercicio de mis derechos y libertades a la exhibici\u00f3n del pasaporte. No es m\u00e1s que un elemento de control social y condenar a la poblaci\u00f3n que no se ha vacunado a la muerte civil\u00bb<\/em><\/strong>, manifest\u00f3.\u00a0<\/p>\n\n\n\n<p class=\"has-text-align-justify\"><em><strong>\u201c\u00danicamente nos queda desprendernos del miedo, cuando nos quitemos el miedo recuperaremos la dignidad como pueblo\u201d<\/strong><\/em>, expres\u00f3 ayer Olona en una rueda de prensa.<\/p>\n\n\n\n<p class=\"has-text-align-justify\">La diputada conservadora considera que en Espa\u00f1a, con cerca del 90 por ciento de la poblaci\u00f3n inoculada con pauta completa, es una medida <em><strong>\u00abinconstitucional y discriminatoria\u00bb<\/strong><\/em>.<\/p>\n\n\n\n<p class=\"has-text-align-justify\">Asimismo anunci\u00f3 que no ser\u00e1 un camino f\u00e1cil pero que VOX recurrir\u00e1 a todas las leyes y ordenamientos auton\u00f3micos que implanten el pasaporte Covid u otro tipo de restricciones que -a su juicio- vulneran el ordenamiento jur\u00eddico.<\/p>\n\n\n\n<p class=\"has-text-align-justify\">Previamente, el 19 de diciembre, Olona hab\u00eda escrito en sus redes sociales que se encuentra vacunada con pauta completa, aunque se niega a <em><strong>\u00abser marcada\u00ab. \u00abYo no voy a mostrar ning\u00fan certificado para ejercer mis derechos. Soy espa\u00f1ola y libre. \u00bfY t\u00fa?\u201d<\/strong><\/em>, afirm\u00f3 la diputada en Twitter, adjuntando una publicaci\u00f3n de la Junta de Andaluc\u00eda donde anunciaba el uso del certificado Covid.<\/p>\n\n\n\n<figure class=\"wp-block-embed aligncenter is-type-rich is-provider-twitter wp-block-embed-twitter\"><div class=\"wp-block-embed__wrapper\">\n<blockquote class=\"twitter-tweet\" data-width=\"550\" data-dnt=\"true\"><p lang=\"es\" dir=\"ltr\">Estoy vacunada con pauta completa. Pero me niego a ser marcada. Yo no voy a mostrar ning\u00fan certificado para ejercer mis derechos. Soy espa\u00f1ola y libre. \u00bfY t\u00fa? <a href=\"https:\/\/t.co\/gK7caJM4he\">https:\/\/t.co\/gK7caJM4he<\/a><\/p>&mdash; Macarena Olona (@Macarena_Olona) <a href=\"https:\/\/twitter.com\/Macarena_Olona\/status\/1472628252497924105?ref_src=twsrc%5Etfw\">December 19, 2021<\/a><\/blockquote><script async src=\"https:\/\/platform.twitter.com\/widgets.js\" charset=\"utf-8\"><\/script>\n<\/div><\/figure>\n\n\n\n<p class=\"has-text-align-justify\">Se ha comprobado que la vacunaci\u00f3n no detiene los contagios, solo -en el mejor de los casos- minimiza los s\u00edntomas.\u00a0<\/p>\n","protected":false},"excerpt":{"rendered":"<p>El partido espa\u00f1ol VOX reiter\u00f3 su rechazo al pasaporte Covid y anim\u00f3 a los ciudadanos a \u00abdesprenderse del miedo\u00bb y levantarse ante una medida que cree que no tiene raz\u00f3n sanitaria y solo busca el \u00abcontrol social\u00bb de la poblaci\u00f3n. La secretaria general de VOX en el Congreso, Macarena Olona, tras aclarar que se vacun\u00f3 [&hellip;]<\/p>\n","protected":false},"author":4,"featured_media":8976,"comment_status":"open","ping_status":"open","sticky":false,"template":"","format":"standard","meta":{"_monsterinsights_skip_tracking":false,"_monsterinsights_sitenote_active":false,"_monsterinsights_sitenote_note":"","_monsterinsights_sitenote_category":0,"footnotes":"","jetpack_publicize_message":"","jetpack_is_tweetstorm":false,"jetpack_publicize_feature_enabled":true},"categories":[173],"tags":[1036,1243,1590,1368,994],"ppma_author":[1051],"class_list":["post-8975","post","type-post","status-publish","format-standard","has-post-thumbnail","hentry","category-mundo","tag-destacada","tag-espana","tag-macarena-olona","tag-pasaporte-sanitario","tag-vox"],"jetpack_publicize_connections":[],"yoast_head":"<!-- This site is optimized with the Yoast SEO plugin v27.5 - https:\/\/yoast.com\/product\/yoast-seo-wordpress\/ -->\n<title>El Pasaporte Covid solo busca el \u201ccontrol social\u201d afirm\u00f3 Macarena Olona de VOX - Informatepy<\/title>\n<meta name=\"robots\" content=\"index, follow, max-snippet:-1, max-image-preview:large, max-video-preview:-1\" \/>\n<link rel=\"canonical\" href=\"https:\/\/informatepy.com\/2021\/2021\/12\/22\/el-pasaporte-covid-solo-busca-el-control-social-afirmo-macarena-olona-de-vox\/\" \/>\n<meta property=\"og:locale\" content=\"es_ES\" \/>\n<meta property=\"og:type\" content=\"article\" \/>\n<meta property=\"og:title\" content=\"El Pasaporte Covid solo busca el \u201ccontrol social\u201d afirm\u00f3 Macarena Olona de VOX - Informatepy\" \/>\n<meta property=\"og:description\" content=\"El partido espa\u00f1ol VOX reiter\u00f3 su rechazo al pasaporte Covid y anim\u00f3 a los ciudadanos a \u00abdesprenderse del miedo\u00bb y levantarse ante una medida que cree que no tiene raz\u00f3n sanitaria y solo busca el \u00abcontrol social\u00bb de la poblaci\u00f3n. La secretaria general de VOX en el Congreso, Macarena Olona, tras aclarar que se vacun\u00f3 [&hellip;]\" \/>\n<meta property=\"og:url\" content=\"https:\/\/informatepy.com\/2021\/2021\/12\/22\/el-pasaporte-covid-solo-busca-el-control-social-afirmo-macarena-olona-de-vox\/\" \/>\n<meta property=\"og:site_name\" content=\"Informatepy\" \/>\n<meta property=\"article:author\" content=\"https:\/\/www.facebook.com\/InformatePyCom\" \/>\n<meta property=\"article:published_time\" content=\"2021-12-22T17:23:25+00:00\" \/>\n<meta property=\"article:modified_time\" content=\"2021-12-22T17:23:28+00:00\" \/>\n<meta property=\"og:image\" content=\"https:\/\/informatepy.com\/2021\/wp-content\/uploads\/2021\/12\/macarena-olona.jpg\" \/>\n\t<meta property=\"og:image:width\" content=\"1280\" \/>\n\t<meta property=\"og:image:height\" content=\"720\" \/>\n\t<meta property=\"og:image:type\" content=\"image\/jpeg\" \/>\n<meta name=\"author\" content=\"Redacci\u00f3n\" \/>\n<meta name=\"twitter:card\" content=\"summary_large_image\" \/>\n<meta name=\"twitter:creator\" content=\"@https:\/\/twitter.com\/InformatePy1\" \/>\n<meta name=\"twitter:label1\" content=\"Escrito por\" \/>\n\t<meta name=\"twitter:data1\" content=\"Redacci\u00f3n\" \/>\n\t<meta name=\"twitter:label2\" content=\"Tiempo de lectura\" \/>\n\t<meta name=\"twitter:data2\" content=\"2 minutos\" \/>\n<script type=\"application\/ld+json\" class=\"yoast-schema-graph\">{\"@context\":\"https:\\\/\\\/schema.org\",\"@graph\":[{\"@type\":\"Article\",\"@id\":\"https:\\\/\\\/informatepy.com\\\/2021\\\/2021\\\/12\\\/22\\\/el-pasaporte-covid-solo-busca-el-control-social-afirmo-macarena-olona-de-vox\\\/#article\",\"isPartOf\":{\"@id\":\"https:\\\/\\\/informatepy.com\\\/2021\\\/2021\\\/12\\\/22\\\/el-pasaporte-covid-solo-busca-el-control-social-afirmo-macarena-olona-de-vox\\\/\"},\"author\":{\"name\":\"Redacci\u00f3n\",\"@id\":\"https:\\\/\\\/informatepy.com\\\/2021\\\/#\\\/schema\\\/person\\\/0c842f525f84ea74ef3b44370d11757b\"},\"headline\":\"El Pasaporte Covid solo busca el \u201ccontrol social\u201d afirm\u00f3 Macarena Olona de VOX\",\"datePublished\":\"2021-12-22T17:23:25+00:00\",\"dateModified\":\"2021-12-22T17:23:28+00:00\",\"mainEntityOfPage\":{\"@id\":\"https:\\\/\\\/informatepy.com\\\/2021\\\/2021\\\/12\\\/22\\\/el-pasaporte-covid-solo-busca-el-control-social-afirmo-macarena-olona-de-vox\\\/\"},\"wordCount\":333,\"commentCount\":0,\"publisher\":{\"@id\":\"https:\\\/\\\/informatepy.com\\\/2021\\\/#\\\/schema\\\/person\\\/edd302c981d6ba4596191719d1025a8a\"},\"image\":{\"@id\":\"https:\\\/\\\/informatepy.com\\\/2021\\\/2021\\\/12\\\/22\\\/el-pasaporte-covid-solo-busca-el-control-social-afirmo-macarena-olona-de-vox\\\/#primaryimage\"},\"thumbnailUrl\":\"https:\\\/\\\/i0.wp.com\\\/informatepy.com\\\/2021\\\/wp-content\\\/uploads\\\/2021\\\/12\\\/macarena-olona.jpg?fit=1280%2C720&ssl=1\",\"keywords\":[\"destacada\",\"espa\u00f1a\",\"macarena olona\",\"pasaporte sanitario\",\"vox\"],\"articleSection\":[\"Mundo\"],\"inLanguage\":\"es\",\"potentialAction\":[{\"@type\":\"CommentAction\",\"name\":\"Comment\",\"target\":[\"https:\\\/\\\/informatepy.com\\\/2021\\\/2021\\\/12\\\/22\\\/el-pasaporte-covid-solo-busca-el-control-social-afirmo-macarena-olona-de-vox\\\/#respond\"]}]},{\"@type\":\"WebPage\",\"@id\":\"https:\\\/\\\/informatepy.com\\\/2021\\\/2021\\\/12\\\/22\\\/el-pasaporte-covid-solo-busca-el-control-social-afirmo-macarena-olona-de-vox\\\/\",\"url\":\"https:\\\/\\\/informatepy.com\\\/2021\\\/2021\\\/12\\\/22\\\/el-pasaporte-covid-solo-busca-el-control-social-afirmo-macarena-olona-de-vox\\\/\",\"name\":\"El Pasaporte Covid solo busca el \u201ccontrol social\u201d afirm\u00f3 Macarena Olona de VOX - Informatepy\",\"isPartOf\":{\"@id\":\"https:\\\/\\\/informatepy.com\\\/2021\\\/#website\"},\"primaryImageOfPage\":{\"@id\":\"https:\\\/\\\/informatepy.com\\\/2021\\\/2021\\\/12\\\/22\\\/el-pasaporte-covid-solo-busca-el-control-social-afirmo-macarena-olona-de-vox\\\/#primaryimage\"},\"image\":{\"@id\":\"https:\\\/\\\/informatepy.com\\\/2021\\\/2021\\\/12\\\/22\\\/el-pasaporte-covid-solo-busca-el-control-social-afirmo-macarena-olona-de-vox\\\/#primaryimage\"},\"thumbnailUrl\":\"https:\\\/\\\/i0.wp.com\\\/informatepy.com\\\/2021\\\/wp-content\\\/uploads\\\/2021\\\/12\\\/macarena-olona.jpg?fit=1280%2C720&ssl=1\",\"datePublished\":\"2021-12-22T17:23:25+00:00\",\"dateModified\":\"2021-12-22T17:23:28+00:00\",\"breadcrumb\":{\"@id\":\"https:\\\/\\\/informatepy.com\\\/2021\\\/2021\\\/12\\\/22\\\/el-pasaporte-covid-solo-busca-el-control-social-afirmo-macarena-olona-de-vox\\\/#breadcrumb\"},\"inLanguage\":\"es\",\"potentialAction\":[{\"@type\":\"ReadAction\",\"target\":[\"https:\\\/\\\/informatepy.com\\\/2021\\\/2021\\\/12\\\/22\\\/el-pasaporte-covid-solo-busca-el-control-social-afirmo-macarena-olona-de-vox\\\/\"]}]},{\"@type\":\"ImageObject\",\"inLanguage\":\"es\",\"@id\":\"https:\\\/\\\/informatepy.com\\\/2021\\\/2021\\\/12\\\/22\\\/el-pasaporte-covid-solo-busca-el-control-social-afirmo-macarena-olona-de-vox\\\/#primaryimage\",\"url\":\"https:\\\/\\\/i0.wp.com\\\/informatepy.com\\\/2021\\\/wp-content\\\/uploads\\\/2021\\\/12\\\/macarena-olona.jpg?fit=1280%2C720&ssl=1\",\"contentUrl\":\"https:\\\/\\\/i0.wp.com\\\/informatepy.com\\\/2021\\\/wp-content\\\/uploads\\\/2021\\\/12\\\/macarena-olona.jpg?fit=1280%2C720&ssl=1\",\"width\":1280,\"height\":720},{\"@type\":\"BreadcrumbList\",\"@id\":\"https:\\\/\\\/informatepy.com\\\/2021\\\/2021\\\/12\\\/22\\\/el-pasaporte-covid-solo-busca-el-control-social-afirmo-macarena-olona-de-vox\\\/#breadcrumb\",\"itemListElement\":[{\"@type\":\"ListItem\",\"position\":1,\"name\":\"Portada\",\"item\":\"https:\\\/\\\/informatepy.com\\\/2021\\\/\"},{\"@type\":\"ListItem\",\"position\":2,\"name\":\"El Pasaporte Covid solo busca el \u201ccontrol social\u201d afirm\u00f3 Macarena Olona de VOX\"}]},{\"@type\":\"WebSite\",\"@id\":\"https:\\\/\\\/informatepy.com\\\/2021\\\/#website\",\"url\":\"https:\\\/\\\/informatepy.com\\\/2021\\\/\",\"name\":\"Informatepy\",\"description\":\"La verdad, siempre!\",\"publisher\":{\"@id\":\"https:\\\/\\\/informatepy.com\\\/2021\\\/#\\\/schema\\\/person\\\/edd302c981d6ba4596191719d1025a8a\"},\"potentialAction\":[{\"@type\":\"SearchAction\",\"target\":{\"@type\":\"EntryPoint\",\"urlTemplate\":\"https:\\\/\\\/informatepy.com\\\/2021\\\/?s={search_term_string}\"},\"query-input\":{\"@type\":\"PropertyValueSpecification\",\"valueRequired\":true,\"valueName\":\"search_term_string\"}}],\"inLanguage\":\"es\"},{\"@type\":[\"Person\",\"Organization\"],\"@id\":\"https:\\\/\\\/informatepy.com\\\/2021\\\/#\\\/schema\\\/person\\\/edd302c981d6ba4596191719d1025a8a\",\"name\":\"admin\",\"image\":{\"@type\":\"ImageObject\",\"inLanguage\":\"es\",\"@id\":\"https:\\\/\\\/secure.gravatar.com\\\/avatar\\\/5310f602b6cbcfb86e030c4ccdbb78f6565a3b9bab6a74ab80fd3cb5428b65af?s=96&d=mm&r=g\",\"url\":\"https:\\\/\\\/secure.gravatar.com\\\/avatar\\\/5310f602b6cbcfb86e030c4ccdbb78f6565a3b9bab6a74ab80fd3cb5428b65af?s=96&d=mm&r=g\",\"contentUrl\":\"https:\\\/\\\/secure.gravatar.com\\\/avatar\\\/5310f602b6cbcfb86e030c4ccdbb78f6565a3b9bab6a74ab80fd3cb5428b65af?s=96&d=mm&r=g\",\"caption\":\"admin\"},\"logo\":{\"@id\":\"https:\\\/\\\/secure.gravatar.com\\\/avatar\\\/5310f602b6cbcfb86e030c4ccdbb78f6565a3b9bab6a74ab80fd3cb5428b65af?s=96&d=mm&r=g\"},\"sameAs\":[\"http:\\\/\\\/informatepy.com\\\/2021\"]},{\"@type\":\"Person\",\"@id\":\"https:\\\/\\\/informatepy.com\\\/2021\\\/#\\\/schema\\\/person\\\/0c842f525f84ea74ef3b44370d11757b\",\"name\":\"Redacci\u00f3n\",\"image\":{\"@type\":\"ImageObject\",\"inLanguage\":\"es\",\"@id\":\"https:\\\/\\\/i0.wp.com\\\/informatepy.com\\\/2021\\\/wp-content\\\/uploads\\\/2021\\\/02\\\/informate-circulo.png?fit=96%2C96&ssl=1\",\"url\":\"https:\\\/\\\/i0.wp.com\\\/informatepy.com\\\/2021\\\/wp-content\\\/uploads\\\/2021\\\/02\\\/informate-circulo.png?fit=96%2C96&ssl=1\",\"contentUrl\":\"https:\\\/\\\/i0.wp.com\\\/informatepy.com\\\/2021\\\/wp-content\\\/uploads\\\/2021\\\/02\\\/informate-circulo.png?fit=96%2C96&ssl=1\",\"caption\":\"Redacci\u00f3n\"},\"sameAs\":[\"https:\\\/\\\/www.facebook.com\\\/InformatePyCom\",\"https:\\\/\\\/x.com\\\/https:\\\/\\\/twitter.com\\\/InformatePy1\"],\"url\":\"https:\\\/\\\/informatepy.com\\\/2021\\\/author\\\/redaccion\\\/\"}]}<\/script>\n<!-- \/ Yoast SEO plugin. -->","yoast_head_json":{"title":"El Pasaporte Covid solo busca el \u201ccontrol social\u201d afirm\u00f3 Macarena Olona de VOX - Informatepy","robots":{"index":"index","follow":"follow","max-snippet":"max-snippet:-1","max-image-preview":"max-image-preview:large","max-video-preview":"max-video-preview:-1"},"canonical":"https:\/\/informatepy.com\/2021\/2021\/12\/22\/el-pasaporte-covid-solo-busca-el-control-social-afirmo-macarena-olona-de-vox\/","og_locale":"es_ES","og_type":"article","og_title":"El Pasaporte Covid solo busca el \u201ccontrol social\u201d afirm\u00f3 Macarena Olona de VOX - Informatepy","og_description":"El partido espa\u00f1ol VOX reiter\u00f3 su rechazo al pasaporte Covid y anim\u00f3 a los ciudadanos a \u00abdesprenderse del miedo\u00bb y levantarse ante una medida que cree que no tiene raz\u00f3n sanitaria y solo busca el \u00abcontrol social\u00bb de la poblaci\u00f3n. La secretaria general de VOX en el Congreso, Macarena Olona, tras aclarar que se vacun\u00f3 [&hellip;]","og_url":"https:\/\/informatepy.com\/2021\/2021\/12\/22\/el-pasaporte-covid-solo-busca-el-control-social-afirmo-macarena-olona-de-vox\/","og_site_name":"Informatepy","article_author":"https:\/\/www.facebook.com\/InformatePyCom","article_published_time":"2021-12-22T17:23:25+00:00","article_modified_time":"2021-12-22T17:23:28+00:00","og_image":[{"width":1280,"height":720,"url":"https:\/\/informatepy.com\/2021\/wp-content\/uploads\/2021\/12\/macarena-olona.jpg","type":"image\/jpeg"}],"author":"Redacci\u00f3n","twitter_card":"summary_large_image","twitter_creator":"@https:\/\/twitter.com\/InformatePy1","twitter_misc":{"Escrito por":"Redacci\u00f3n","Tiempo de lectura":"2 minutos"},"schema":{"@context":"https:\/\/schema.org","@graph":[{"@type":"Article","@id":"https:\/\/informatepy.com\/2021\/2021\/12\/22\/el-pasaporte-covid-solo-busca-el-control-social-afirmo-macarena-olona-de-vox\/#article","isPartOf":{"@id":"https:\/\/informatepy.com\/2021\/2021\/12\/22\/el-pasaporte-covid-solo-busca-el-control-social-afirmo-macarena-olona-de-vox\/"},"author":{"name":"Redacci\u00f3n","@id":"https:\/\/informatepy.com\/2021\/#\/schema\/person\/0c842f525f84ea74ef3b44370d11757b"},"headline":"El Pasaporte Covid solo busca el \u201ccontrol social\u201d afirm\u00f3 Macarena Olona de VOX","datePublished":"2021-12-22T17:23:25+00:00","dateModified":"2021-12-22T17:23:28+00:00","mainEntityOfPage":{"@id":"https:\/\/informatepy.com\/2021\/2021\/12\/22\/el-pasaporte-covid-solo-busca-el-control-social-afirmo-macarena-olona-de-vox\/"},"wordCount":333,"commentCount":0,"publisher":{"@id":"https:\/\/informatepy.com\/2021\/#\/schema\/person\/edd302c981d6ba4596191719d1025a8a"},"image":{"@id":"https:\/\/informatepy.com\/2021\/2021\/12\/22\/el-pasaporte-covid-solo-busca-el-control-social-afirmo-macarena-olona-de-vox\/#primaryimage"},"thumbnailUrl":"https:\/\/i0.wp.com\/informatepy.com\/2021\/wp-content\/uploads\/2021\/12\/macarena-olona.jpg?fit=1280%2C720&ssl=1","keywords":["destacada","espa\u00f1a","macarena olona","pasaporte sanitario","vox"],"articleSection":["Mundo"],"inLanguage":"es","potentialAction":[{"@type":"CommentAction","name":"Comment","target":["https:\/\/informatepy.com\/2021\/2021\/12\/22\/el-pasaporte-covid-solo-busca-el-control-social-afirmo-macarena-olona-de-vox\/#respond"]}]},{"@type":"WebPage","@id":"https:\/\/informatepy.com\/2021\/2021\/12\/22\/el-pasaporte-covid-solo-busca-el-control-social-afirmo-macarena-olona-de-vox\/","url":"https:\/\/informatepy.com\/2021\/2021\/12\/22\/el-pasaporte-covid-solo-busca-el-control-social-afirmo-macarena-olona-de-vox\/","name":"El Pasaporte Covid solo busca el \u201ccontrol social\u201d afirm\u00f3 Macarena Olona de VOX - Informatepy","isPartOf":{"@id":"https:\/\/informatepy.com\/2021\/#website"},"primaryImageOfPage":{"@id":"https:\/\/informatepy.com\/2021\/2021\/12\/22\/el-pasaporte-covid-solo-busca-el-control-social-afirmo-macarena-olona-de-vox\/#primaryimage"},"image":{"@id":"https:\/\/informatepy.com\/2021\/2021\/12\/22\/el-pasaporte-covid-solo-busca-el-control-social-afirmo-macarena-olona-de-vox\/#primaryimage"},"thumbnailUrl":"https:\/\/i0.wp.com\/informatepy.com\/2021\/wp-content\/uploads\/2021\/12\/macarena-olona.jpg?fit=1280%2C720&ssl=1","datePublished":"2021-12-22T17:23:25+00:00","dateModified":"2021-12-22T17:23:28+00:00","breadcrumb":{"@id":"https:\/\/informatepy.com\/2021\/2021\/12\/22\/el-pasaporte-covid-solo-busca-el-control-social-afirmo-macarena-olona-de-vox\/#breadcrumb"},"inLanguage":"es","potentialAction":[{"@type":"ReadAction","target":["https:\/\/informatepy.com\/2021\/2021\/12\/22\/el-pasaporte-covid-solo-busca-el-control-social-afirmo-macarena-olona-de-vox\/"]}]},{"@type":"ImageObject","inLanguage":"es","@id":"https:\/\/informatepy.com\/2021\/2021\/12\/22\/el-pasaporte-covid-solo-busca-el-control-social-afirmo-macarena-olona-de-vox\/#primaryimage","url":"https:\/\/i0.wp.com\/informatepy.com\/2021\/wp-content\/uploads\/2021\/12\/macarena-olona.jpg?fit=1280%2C720&ssl=1","contentUrl":"https:\/\/i0.wp.com\/informatepy.com\/2021\/wp-content\/uploads\/2021\/12\/macarena-olona.jpg?fit=1280%2C720&ssl=1","width":1280,"height":720},{"@type":"BreadcrumbList","@id":"https:\/\/informatepy.com\/2021\/2021\/12\/22\/el-pasaporte-covid-solo-busca-el-control-social-afirmo-macarena-olona-de-vox\/#breadcrumb","itemListElement":[{"@type":"ListItem","position":1,"name":"Portada","item":"https:\/\/informatepy.com\/2021\/"},{"@type":"ListItem","position":2,"name":"El Pasaporte Covid solo busca el \u201ccontrol social\u201d afirm\u00f3 Macarena Olona de VOX"}]},{"@type":"WebSite","@id":"https:\/\/informatepy.com\/2021\/#website","url":"https:\/\/informatepy.com\/2021\/","name":"Informatepy","description":"La verdad, siempre!","publisher":{"@id":"https:\/\/informatepy.com\/2021\/#\/schema\/person\/edd302c981d6ba4596191719d1025a8a"},"potentialAction":[{"@type":"SearchAction","target":{"@type":"EntryPoint","urlTemplate":"https:\/\/informatepy.com\/2021\/?s={search_term_string}"},"query-input":{"@type":"PropertyValueSpecification","valueRequired":true,"valueName":"search_term_string"}}],"inLanguage":"es"},{"@type":["Person","Organization"],"@id":"https:\/\/informatepy.com\/2021\/#\/schema\/person\/edd302c981d6ba4596191719d1025a8a","name":"admin","image":{"@type":"ImageObject","inLanguage":"es","@id":"https:\/\/secure.gravatar.com\/avatar\/5310f602b6cbcfb86e030c4ccdbb78f6565a3b9bab6a74ab80fd3cb5428b65af?s=96&d=mm&r=g","url":"https:\/\/secure.gravatar.com\/avatar\/5310f602b6cbcfb86e030c4ccdbb78f6565a3b9bab6a74ab80fd3cb5428b65af?s=96&d=mm&r=g","contentUrl":"https:\/\/secure.gravatar.com\/avatar\/5310f602b6cbcfb86e030c4ccdbb78f6565a3b9bab6a74ab80fd3cb5428b65af?s=96&d=mm&r=g","caption":"admin"},"logo":{"@id":"https:\/\/secure.gravatar.com\/avatar\/5310f602b6cbcfb86e030c4ccdbb78f6565a3b9bab6a74ab80fd3cb5428b65af?s=96&d=mm&r=g"},"sameAs":["http:\/\/informatepy.com\/2021"]},{"@type":"Person","@id":"https:\/\/informatepy.com\/2021\/#\/schema\/person\/0c842f525f84ea74ef3b44370d11757b","name":"Redacci\u00f3n","image":{"@type":"ImageObject","inLanguage":"es","@id":"https:\/\/i0.wp.com\/informatepy.com\/2021\/wp-content\/uploads\/2021\/02\/informate-circulo.png?fit=96%2C96&ssl=1","url":"https:\/\/i0.wp.com\/informatepy.com\/2021\/wp-content\/uploads\/2021\/02\/informate-circulo.png?fit=96%2C96&ssl=1","contentUrl":"https:\/\/i0.wp.com\/informatepy.com\/2021\/wp-content\/uploads\/2021\/02\/informate-circulo.png?fit=96%2C96&ssl=1","caption":"Redacci\u00f3n"},"sameAs":["https:\/\/www.facebook.com\/InformatePyCom","https:\/\/x.com\/https:\/\/twitter.com\/InformatePy1"],"url":"https:\/\/informatepy.com\/2021\/author\/redaccion\/"}]}},"jetpack_featured_media_url":"https:\/\/i0.wp.com\/informatepy.com\/2021\/wp-content\/uploads\/2021\/12\/macarena-olona.jpg?fit=1280%2C720&ssl=1","jetpack_sharing_enabled":true,"jetpack_likes_enabled":true,"jetpack-related-posts":[{"id":6240,"url":"https:\/\/informatepy.com\/2021\/2021\/08\/07\/partidarios-y-detractores-de-las-vacunas-se-manifiestan-conjuntamente-contra-su-obligatoriedad\/","url_meta":{"origin":8975,"position":0},"title":"Partidarios y detractores de las vacunas se manifiestan conjuntamente contra su obligatoriedad","date":"7 de agosto de 2021","format":false,"excerpt":"A los medios les gusta decir que la ola de protestas en Europa contra la vacunaci\u00f3n obligatoria est\u00e1 organizada por \u201cantivacunas\u201d. Es una de las muchas manipulaciones que vienen lanzando desde el minuto cero de esta pandemia, como las etiquetas de \u201cnegacionistas\u201d, e incluso \u201cultraderecha\u201d, que ni siquiera saben lo\u2026","rel":"","context":"En \u00abMundo\u00bb","img":{"alt_text":"","src":"https:\/\/i0.wp.com\/informatepy.com\/2021\/wp-content\/uploads\/2021\/08\/pasaporte-sanitario.jpg?fit=740%2C431&ssl=1&resize=350%2C200","width":350,"height":200},"classes":[]},{"id":7940,"url":"https:\/\/informatepy.com\/2021\/2021\/10\/25\/europarlamentarios-rechazan-los-mandatos-de-vacunas-en-favor-de-los-derechos-humanos\/","url_meta":{"origin":8975,"position":1},"title":"Europarlamentarios rechazan los mandatos de vacunas en favor de los derechos humanos","date":"25 de octubre de 2021","format":false,"excerpt":"Miembros del Parlamento de la Uni\u00f3n Europea se est\u00e1n pronunciando en\u00e9rgicamente contra los abusos de los derechos humanos que se han producido como resultado de los mandatos de vacunaci\u00f3n \"Green-Pass\".\u00a0 Afirmaron que los gobiernos de toda Europa (y del mundo) est\u00e1n violando las libertades fundamentales de sus ciudadanos que est\u00e1n\u2026","rel":"","context":"En \u00abMundo\u00bb","img":{"alt_text":"","src":"https:\/\/i0.wp.com\/informatepy.com\/2021\/wp-content\/uploads\/2021\/10\/europarlamentarios.png?fit=814%2C458&ssl=1&resize=350%2C200","width":350,"height":200},"classes":[]},{"id":8731,"url":"https:\/\/informatepy.com\/2021\/2021\/12\/08\/pasaporte-sanitario-el-cliente-nunca-pierde\/","url_meta":{"origin":8975,"position":2},"title":"Pasaporte sanitario: El cliente nunca pierde","date":"8 de diciembre de 2021","format":false,"excerpt":"Los comerciantes en todos aquellos pa\u00edses donde se ha instalado el tristemente c\u00e9lebre \u201cPasaporte Covid\u201d se van manifestando y denunciando la p\u00e9rdida de clientes a partir de la instauraci\u00f3n del mismo. Por ejemplo, el presidente de la agrupaci\u00f3n de restaurantes\u00a0COBRECA, Pablo Gonz\u00e1lez (Espa\u00f1a), ha lamentado que \u00abla hosteler\u00eda es manipulada\u2026","rel":"","context":"En \u00abNacionales\u00bb","img":{"alt_text":"","src":"https:\/\/i0.wp.com\/informatepy.com\/2021\/wp-content\/uploads\/2021\/12\/restaurantes-vacios.jpg?fit=980%2C681&ssl=1&resize=350%2C200","width":350,"height":200},"classes":[]},{"id":3806,"url":"https:\/\/informatepy.com\/2021\/2021\/03\/04\/la-oms-se-opone-a-los-pasaportes-de-vacunacion-para-los-viajeros\/","url_meta":{"origin":8975,"position":3},"title":"La OMS se opone a los pasaportes de vacunaci\u00f3n para los viajeros","date":"4 de marzo de 2021","format":false,"excerpt":"La Organizaci\u00f3n Mundial de la Salud insiste en que no puede ser un requisito porque todav\u00eda se desconocen sus efectos para reducir los contagios","rel":"","context":"En \u00abSalud\u00bb","img":{"alt_text":"","src":"https:\/\/i0.wp.com\/informatepy.com\/2021\/wp-content\/uploads\/2021\/03\/pasaporte-covid.jpg?fit=1200%2C591&ssl=1&resize=350%2C200","width":350,"height":200},"classes":[]},{"id":6250,"url":"https:\/\/informatepy.com\/2021\/2021\/08\/07\/vox-consigue-eliminar-el-nombre-del-che-guevara-a-una-calle-y-a-un-parque-de-zaragoza\/","url_meta":{"origin":8975,"position":4},"title":"ESPA\u00d1A: VOX consigue eliminar el nombre del Che Guevara a una calle y a un parque de Zaragoza","date":"7 de agosto de 2021","format":false,"excerpt":"La ciudad qued\u00f3 libre de iconograf\u00eda del Che en lugares p\u00fablicos. En reemplazo, homenajear\u00e1n a una v\u00edctima del terrorismo y a una deportista espa\u00f1ola.","rel":"","context":"En \u00abMundo\u00bb","img":{"alt_text":"","src":"https:\/\/i0.wp.com\/informatepy.com\/2021\/wp-content\/uploads\/2021\/08\/parque-che-guevara-zaragoza.jpg?fit=1024%2C538&ssl=1&resize=350%2C200","width":350,"height":200},"classes":[]},{"id":6278,"url":"https:\/\/informatepy.com\/2021\/2021\/08\/08\/macron-obligado-a-dar-marcha-atras-con-el-pasaporte-sanitario-tras-varias-semanas-de-protestas\/","url_meta":{"origin":8975,"position":5},"title":"Macron obligado a dar marcha atr\u00e1s con el pasaporte sanitario tras varias semanas de protestas","date":"8 de agosto de 2021","format":false,"excerpt":"300.000 franceses volvieron a salir a las calles para protestar por quinto s\u00e1bado consecutivo, el gobierno no har\u00e1 obligatoria la vacunaci\u00f3n contra el coronavirus.","rel":"","context":"En \u00abMundo\u00bb","img":{"alt_text":"","src":"https:\/\/i0.wp.com\/informatepy.com\/2021\/wp-content\/uploads\/2021\/08\/guillotina-en-francia.jpg?fit=715%2C948&ssl=1&resize=350%2C200","width":350,"height":200},"classes":[]}],"authors":[{"term_id":1051,"user_id":4,"is_guest":0,"slug":"redaccion","display_name":"Redacci\u00f3n","avatar_url":"https:\/\/i0.wp.com\/informatepy.com\/2021\/wp-content\/uploads\/2021\/02\/informate-circulo.png?fit=96%2C96&ssl=1","first_name":"Redacci\u00f3n","last_name":"","user_url":"","description":""}],"amp_enabled":true,"_links":{"self":[{"href":"https:\/\/informatepy.com\/2021\/wp-json\/wp\/v2\/posts\/8975","targetHints":{"allow":["GET"]}}],"collection":[{"href":"https:\/\/informatepy.com\/2021\/wp-json\/wp\/v2\/posts"}],"about":[{"href":"https:\/\/informatepy.com\/2021\/wp-json\/wp\/v2\/types\/post"}],"author":[{"embeddable":true,"href":"https:\/\/informatepy.com\/2021\/wp-json\/wp\/v2\/users\/4"}],"replies":[{"embeddable":true,"href":"https:\/\/informatepy.com\/2021\/wp-json\/wp\/v2\/comments?post=8975"}],"version-history":[{"count":1,"href":"https:\/\/informatepy.com\/2021\/wp-json\/wp\/v2\/posts\/8975\/revisions"}],"predecessor-version":[{"id":8977,"href":"https:\/\/informatepy.com\/2021\/wp-json\/wp\/v2\/posts\/8975\/revisions\/8977"}],"wp:featuredmedia":[{"embeddable":true,"href":"https:\/\/informatepy.com\/2021\/wp-json\/wp\/v2\/media\/8976"}],"wp:attachment":[{"href":"https:\/\/informatepy.com\/2021\/wp-json\/wp\/v2\/media?parent=8975"}],"wp:term":[{"taxonomy":"category","embeddable":true,"href":"https:\/\/informatepy.com\/2021\/wp-json\/wp\/v2\/categories?post=8975"},{"taxonomy":"post_tag","embeddable":true,"href":"https:\/\/informatepy.com\/2021\/wp-json\/wp\/v2\/tags?post=8975"},{"taxonomy":"author","embeddable":true,"href":"https:\/\/informatepy.com\/2021\/wp-json\/wp\/v2\/ppma_author?post=8975"}],"curies":[{"name":"wp","href":"https:\/\/api.w.org\/{rel}","templated":true}]}}