{"id":8713,"date":"2021-12-08T06:30:00","date_gmt":"2021-12-08T10:30:00","guid":{"rendered":"https:\/\/informatepy.com\/2021\/?p=8713"},"modified":"2021-12-07T19:35:42","modified_gmt":"2021-12-07T23:35:42","slug":"jair-bolsonaro-es-elegido-personalidad-del-ano-por-la-revista-time","status":"publish","type":"post","link":"https:\/\/informatepy.com\/2021\/2021\/12\/08\/jair-bolsonaro-es-elegido-personalidad-del-ano-por-la-revista-time\/","title":{"rendered":"Jair Bolsonaro es elegido personalidad del a\u00f1o por la revista Time"},"content":{"rendered":"\n<p>El presidente brasile\u00f1o\u00a0Jair Bolsonaro\u00a0gan\u00f3 este martes el voto popular para <a href=\"https:\/\/informatepy.com\/2021\/2021\/11\/28\/bolsonaro-se-perfila-como-personaje-del-ano-de-time-con-76-de-votos\/\" target=\"_blank\" rel=\"noreferrer noopener\">\u00abPersonalidad del A\u00f1o\u00bb<\/a>\u00a0por la revista estadounidense Time.\u00a0<\/p>\n\n\n\n<p>De los 9 millones de votos contabilizados en la encuesta, el mandatario obtuvo el apoyo del 24%, m\u00e1s de 2 millones de votos.<\/p>\n\n\n\n<p>Qued\u00f3 por delante del expresidente estadounidense Donald Trump (9%), e incluso de los profesionales sanitarios de primera l\u00ednea en la lucha contra el coronavirus (6,3%), que quedaron en tercer lugar.<\/p>\n\n\n\n<p>La noticia fue anunciada por el ministro de Trabajo, Onyx Lorenzoni, en un acto de firma de los t\u00e9rminos de autorizaci\u00f3n para el uso de radiofrecuencias por parte de las empresas ganadoras de la subasta de bandas 5G y celebrado por el mandatario.<\/p>\n\n\n\n<p><em><strong>\u00abLos que votaron por m\u00ed, muchas gracias, luego votaron bien\u00bb<\/strong><\/em>, dijo Bolsonaro.<\/p>\n\n\n\n<p>Time publica una edici\u00f3n especial con la \u00abPersonalidad del A\u00f1o\u00bb desde 1927. Los \u00faltimos elegidos fueron Joe Biden y la vicepresidenta de los Estados Unidos, Kamala Harris, en 2020. En 2019, la activista medioambiental Greta Thunberg fue elegida.<\/p>\n","protected":false},"excerpt":{"rendered":"<p>Qued\u00f3 por delante del expresidente estadounidense Donald Trump<\/p>\n","protected":false},"author":4,"featured_media":8714,"comment_status":"open","ping_status":"open","sticky":false,"template":"","format":"standard","meta":{"_monsterinsights_skip_tracking":false,"_monsterinsights_sitenote_active":false,"_monsterinsights_sitenote_note":"","_monsterinsights_sitenote_category":0,"footnotes":"","jetpack_publicize_message":"","jetpack_is_tweetstorm":false,"jetpack_publicize_feature_enabled":true},"categories":[173],"tags":[562,502,1036,667,1047],"ppma_author":[1051],"class_list":["post-8713","post","type-post","status-publish","format-standard","has-post-thumbnail","hentry","category-mundo","tag-bolsonaro","tag-brasil","tag-destacada","tag-jair-bolsonaro","tag-revista-time"],"jetpack_publicize_connections":[],"yoast_head":"<!-- This site is optimized with the Yoast SEO plugin v27.4 - https:\/\/yoast.com\/product\/yoast-seo-wordpress\/ -->\n<title>Jair Bolsonaro es elegido personalidad del a\u00f1o por la revista Time - Informatepy<\/title>\n<meta name=\"robots\" content=\"index, follow, max-snippet:-1, max-image-preview:large, max-video-preview:-1\" \/>\n<link rel=\"canonical\" href=\"https:\/\/informatepy.com\/2021\/2021\/12\/08\/jair-bolsonaro-es-elegido-personalidad-del-ano-por-la-revista-time\/\" \/>\n<meta property=\"og:locale\" content=\"es_ES\" \/>\n<meta property=\"og:type\" content=\"article\" \/>\n<meta property=\"og:title\" content=\"Jair Bolsonaro es elegido personalidad del a\u00f1o por la revista Time - Informatepy\" \/>\n<meta property=\"og:description\" content=\"Qued\u00f3 por delante del expresidente estadounidense Donald Trump\" \/>\n<meta property=\"og:url\" content=\"https:\/\/informatepy.com\/2021\/2021\/12\/08\/jair-bolsonaro-es-elegido-personalidad-del-ano-por-la-revista-time\/\" \/>\n<meta property=\"og:site_name\" content=\"Informatepy\" \/>\n<meta property=\"article:author\" content=\"https:\/\/www.facebook.com\/InformatePyCom\" \/>\n<meta property=\"article:published_time\" content=\"2021-12-08T10:30:00+00:00\" \/>\n<meta property=\"og:image\" content=\"https:\/\/i0.wp.com\/informatepy.com\/2021\/wp-content\/uploads\/2021\/12\/bolsonaro-time-magazine.jpg?fit=1500%2C954&ssl=1\" \/>\n\t<meta property=\"og:image:width\" content=\"1500\" \/>\n\t<meta property=\"og:image:height\" content=\"954\" \/>\n\t<meta property=\"og:image:type\" content=\"image\/jpeg\" \/>\n<meta name=\"author\" content=\"Redacci\u00f3n\" \/>\n<meta name=\"twitter:card\" content=\"summary_large_image\" \/>\n<meta name=\"twitter:creator\" content=\"@https:\/\/twitter.com\/InformatePy1\" \/>\n<meta name=\"twitter:label1\" content=\"Escrito por\" \/>\n\t<meta name=\"twitter:data1\" content=\"Redacci\u00f3n\" \/>\n\t<meta name=\"twitter:label2\" content=\"Tiempo de lectura\" \/>\n\t<meta name=\"twitter:data2\" content=\"1 minuto\" \/>\n<script type=\"application\/ld+json\" class=\"yoast-schema-graph\">{\"@context\":\"https:\\\/\\\/schema.org\",\"@graph\":[{\"@type\":\"Article\",\"@id\":\"https:\\\/\\\/informatepy.com\\\/2021\\\/2021\\\/12\\\/08\\\/jair-bolsonaro-es-elegido-personalidad-del-ano-por-la-revista-time\\\/#article\",\"isPartOf\":{\"@id\":\"https:\\\/\\\/informatepy.com\\\/2021\\\/2021\\\/12\\\/08\\\/jair-bolsonaro-es-elegido-personalidad-del-ano-por-la-revista-time\\\/\"},\"author\":{\"name\":\"Redacci\u00f3n\",\"@id\":\"https:\\\/\\\/informatepy.com\\\/2021\\\/#\\\/schema\\\/person\\\/0c842f525f84ea74ef3b44370d11757b\"},\"headline\":\"Jair Bolsonaro es elegido personalidad del a\u00f1o por la revista Time\",\"datePublished\":\"2021-12-08T10:30:00+00:00\",\"mainEntityOfPage\":{\"@id\":\"https:\\\/\\\/informatepy.com\\\/2021\\\/2021\\\/12\\\/08\\\/jair-bolsonaro-es-elegido-personalidad-del-ano-por-la-revista-time\\\/\"},\"wordCount\":178,\"commentCount\":0,\"publisher\":{\"@id\":\"https:\\\/\\\/informatepy.com\\\/2021\\\/#\\\/schema\\\/person\\\/edd302c981d6ba4596191719d1025a8a\"},\"image\":{\"@id\":\"https:\\\/\\\/informatepy.com\\\/2021\\\/2021\\\/12\\\/08\\\/jair-bolsonaro-es-elegido-personalidad-del-ano-por-la-revista-time\\\/#primaryimage\"},\"thumbnailUrl\":\"https:\\\/\\\/i0.wp.com\\\/informatepy.com\\\/2021\\\/wp-content\\\/uploads\\\/2021\\\/12\\\/bolsonaro-time-magazine.jpg?fit=1500%2C954&ssl=1\",\"keywords\":[\"bolsonaro\",\"brasil\",\"destacada\",\"jair bolsonaro\",\"revista time\"],\"articleSection\":[\"Mundo\"],\"inLanguage\":\"es\",\"potentialAction\":[{\"@type\":\"CommentAction\",\"name\":\"Comment\",\"target\":[\"https:\\\/\\\/informatepy.com\\\/2021\\\/2021\\\/12\\\/08\\\/jair-bolsonaro-es-elegido-personalidad-del-ano-por-la-revista-time\\\/#respond\"]}]},{\"@type\":\"WebPage\",\"@id\":\"https:\\\/\\\/informatepy.com\\\/2021\\\/2021\\\/12\\\/08\\\/jair-bolsonaro-es-elegido-personalidad-del-ano-por-la-revista-time\\\/\",\"url\":\"https:\\\/\\\/informatepy.com\\\/2021\\\/2021\\\/12\\\/08\\\/jair-bolsonaro-es-elegido-personalidad-del-ano-por-la-revista-time\\\/\",\"name\":\"Jair Bolsonaro es elegido personalidad del a\u00f1o por la revista Time - Informatepy\",\"isPartOf\":{\"@id\":\"https:\\\/\\\/informatepy.com\\\/2021\\\/#website\"},\"primaryImageOfPage\":{\"@id\":\"https:\\\/\\\/informatepy.com\\\/2021\\\/2021\\\/12\\\/08\\\/jair-bolsonaro-es-elegido-personalidad-del-ano-por-la-revista-time\\\/#primaryimage\"},\"image\":{\"@id\":\"https:\\\/\\\/informatepy.com\\\/2021\\\/2021\\\/12\\\/08\\\/jair-bolsonaro-es-elegido-personalidad-del-ano-por-la-revista-time\\\/#primaryimage\"},\"thumbnailUrl\":\"https:\\\/\\\/i0.wp.com\\\/informatepy.com\\\/2021\\\/wp-content\\\/uploads\\\/2021\\\/12\\\/bolsonaro-time-magazine.jpg?fit=1500%2C954&ssl=1\",\"datePublished\":\"2021-12-08T10:30:00+00:00\",\"breadcrumb\":{\"@id\":\"https:\\\/\\\/informatepy.com\\\/2021\\\/2021\\\/12\\\/08\\\/jair-bolsonaro-es-elegido-personalidad-del-ano-por-la-revista-time\\\/#breadcrumb\"},\"inLanguage\":\"es\",\"potentialAction\":[{\"@type\":\"ReadAction\",\"target\":[\"https:\\\/\\\/informatepy.com\\\/2021\\\/2021\\\/12\\\/08\\\/jair-bolsonaro-es-elegido-personalidad-del-ano-por-la-revista-time\\\/\"]}]},{\"@type\":\"ImageObject\",\"inLanguage\":\"es\",\"@id\":\"https:\\\/\\\/informatepy.com\\\/2021\\\/2021\\\/12\\\/08\\\/jair-bolsonaro-es-elegido-personalidad-del-ano-por-la-revista-time\\\/#primaryimage\",\"url\":\"https:\\\/\\\/i0.wp.com\\\/informatepy.com\\\/2021\\\/wp-content\\\/uploads\\\/2021\\\/12\\\/bolsonaro-time-magazine.jpg?fit=1500%2C954&ssl=1\",\"contentUrl\":\"https:\\\/\\\/i0.wp.com\\\/informatepy.com\\\/2021\\\/wp-content\\\/uploads\\\/2021\\\/12\\\/bolsonaro-time-magazine.jpg?fit=1500%2C954&ssl=1\",\"width\":1500,\"height\":954,\"caption\":\"RJ - BOLSONARO\\\/RIO\\\/EVENTO MILITAR - POL\u00cdTICA - O presidente eleito da Rep\u00fablica, Jair Bolsonaro (PSL), participa de uma cerim\u00f4nia do anivers\u00e1rio de 73 anos da brigada da Infantaria de Paraquedista, na Vila Militar, em Deodoro, zona oeste do Rio, na manh\u00e3 deste s\u00e1bado, 24. Tamb\u00e9m est\u00e3o no local o General Augusto Heleno, indicado para ministro do Gabinete de Seguran\u00e7a Institucional, o general da reserva Fernando Azevedo e Silva, que ser\u00e1 o ministro da Defesa, o governador eleito pelo Rio, Wilson Witzel, e o interventor federal na seguran\u00e7a do Rio, general Braga Neto. 24\\\/11\\\/2015 - Foto: F\u00c1BIO MOTTA\\\/ESTAD\u00c3O CONTE\u00daDO\"},{\"@type\":\"BreadcrumbList\",\"@id\":\"https:\\\/\\\/informatepy.com\\\/2021\\\/2021\\\/12\\\/08\\\/jair-bolsonaro-es-elegido-personalidad-del-ano-por-la-revista-time\\\/#breadcrumb\",\"itemListElement\":[{\"@type\":\"ListItem\",\"position\":1,\"name\":\"Portada\",\"item\":\"https:\\\/\\\/informatepy.com\\\/2021\\\/\"},{\"@type\":\"ListItem\",\"position\":2,\"name\":\"Jair Bolsonaro es elegido personalidad del a\u00f1o por la revista Time\"}]},{\"@type\":\"WebSite\",\"@id\":\"https:\\\/\\\/informatepy.com\\\/2021\\\/#website\",\"url\":\"https:\\\/\\\/informatepy.com\\\/2021\\\/\",\"name\":\"Informatepy\",\"description\":\"La verdad, siempre!\",\"publisher\":{\"@id\":\"https:\\\/\\\/informatepy.com\\\/2021\\\/#\\\/schema\\\/person\\\/edd302c981d6ba4596191719d1025a8a\"},\"potentialAction\":[{\"@type\":\"SearchAction\",\"target\":{\"@type\":\"EntryPoint\",\"urlTemplate\":\"https:\\\/\\\/informatepy.com\\\/2021\\\/?s={search_term_string}\"},\"query-input\":{\"@type\":\"PropertyValueSpecification\",\"valueRequired\":true,\"valueName\":\"search_term_string\"}}],\"inLanguage\":\"es\"},{\"@type\":[\"Person\",\"Organization\"],\"@id\":\"https:\\\/\\\/informatepy.com\\\/2021\\\/#\\\/schema\\\/person\\\/edd302c981d6ba4596191719d1025a8a\",\"name\":\"admin\",\"image\":{\"@type\":\"ImageObject\",\"inLanguage\":\"es\",\"@id\":\"https:\\\/\\\/secure.gravatar.com\\\/avatar\\\/5310f602b6cbcfb86e030c4ccdbb78f6565a3b9bab6a74ab80fd3cb5428b65af?s=96&d=mm&r=g\",\"url\":\"https:\\\/\\\/secure.gravatar.com\\\/avatar\\\/5310f602b6cbcfb86e030c4ccdbb78f6565a3b9bab6a74ab80fd3cb5428b65af?s=96&d=mm&r=g\",\"contentUrl\":\"https:\\\/\\\/secure.gravatar.com\\\/avatar\\\/5310f602b6cbcfb86e030c4ccdbb78f6565a3b9bab6a74ab80fd3cb5428b65af?s=96&d=mm&r=g\",\"caption\":\"admin\"},\"logo\":{\"@id\":\"https:\\\/\\\/secure.gravatar.com\\\/avatar\\\/5310f602b6cbcfb86e030c4ccdbb78f6565a3b9bab6a74ab80fd3cb5428b65af?s=96&d=mm&r=g\"},\"sameAs\":[\"http:\\\/\\\/informatepy.com\\\/2021\"]},{\"@type\":\"Person\",\"@id\":\"https:\\\/\\\/informatepy.com\\\/2021\\\/#\\\/schema\\\/person\\\/0c842f525f84ea74ef3b44370d11757b\",\"name\":\"Redacci\u00f3n\",\"image\":{\"@type\":\"ImageObject\",\"inLanguage\":\"es\",\"@id\":\"https:\\\/\\\/i0.wp.com\\\/informatepy.com\\\/2021\\\/wp-content\\\/uploads\\\/2021\\\/02\\\/informate-circulo.png?fit=96%2C96&ssl=1\",\"url\":\"https:\\\/\\\/i0.wp.com\\\/informatepy.com\\\/2021\\\/wp-content\\\/uploads\\\/2021\\\/02\\\/informate-circulo.png?fit=96%2C96&ssl=1\",\"contentUrl\":\"https:\\\/\\\/i0.wp.com\\\/informatepy.com\\\/2021\\\/wp-content\\\/uploads\\\/2021\\\/02\\\/informate-circulo.png?fit=96%2C96&ssl=1\",\"caption\":\"Redacci\u00f3n\"},\"sameAs\":[\"https:\\\/\\\/www.facebook.com\\\/InformatePyCom\",\"https:\\\/\\\/x.com\\\/https:\\\/\\\/twitter.com\\\/InformatePy1\"],\"url\":\"https:\\\/\\\/informatepy.com\\\/2021\\\/author\\\/redaccion\\\/\"}]}<\/script>\n<!-- \/ Yoast SEO plugin. -->","yoast_head_json":{"title":"Jair Bolsonaro es elegido personalidad del a\u00f1o por la revista Time - Informatepy","robots":{"index":"index","follow":"follow","max-snippet":"max-snippet:-1","max-image-preview":"max-image-preview:large","max-video-preview":"max-video-preview:-1"},"canonical":"https:\/\/informatepy.com\/2021\/2021\/12\/08\/jair-bolsonaro-es-elegido-personalidad-del-ano-por-la-revista-time\/","og_locale":"es_ES","og_type":"article","og_title":"Jair Bolsonaro es elegido personalidad del a\u00f1o por la revista Time - Informatepy","og_description":"Qued\u00f3 por delante del expresidente estadounidense Donald Trump","og_url":"https:\/\/informatepy.com\/2021\/2021\/12\/08\/jair-bolsonaro-es-elegido-personalidad-del-ano-por-la-revista-time\/","og_site_name":"Informatepy","article_author":"https:\/\/www.facebook.com\/InformatePyCom","article_published_time":"2021-12-08T10:30:00+00:00","og_image":[{"width":1500,"height":954,"url":"https:\/\/i0.wp.com\/informatepy.com\/2021\/wp-content\/uploads\/2021\/12\/bolsonaro-time-magazine.jpg?fit=1500%2C954&ssl=1","type":"image\/jpeg"}],"author":"Redacci\u00f3n","twitter_card":"summary_large_image","twitter_creator":"@https:\/\/twitter.com\/InformatePy1","twitter_misc":{"Escrito por":"Redacci\u00f3n","Tiempo de lectura":"1 minuto"},"schema":{"@context":"https:\/\/schema.org","@graph":[{"@type":"Article","@id":"https:\/\/informatepy.com\/2021\/2021\/12\/08\/jair-bolsonaro-es-elegido-personalidad-del-ano-por-la-revista-time\/#article","isPartOf":{"@id":"https:\/\/informatepy.com\/2021\/2021\/12\/08\/jair-bolsonaro-es-elegido-personalidad-del-ano-por-la-revista-time\/"},"author":{"name":"Redacci\u00f3n","@id":"https:\/\/informatepy.com\/2021\/#\/schema\/person\/0c842f525f84ea74ef3b44370d11757b"},"headline":"Jair Bolsonaro es elegido personalidad del a\u00f1o por la revista Time","datePublished":"2021-12-08T10:30:00+00:00","mainEntityOfPage":{"@id":"https:\/\/informatepy.com\/2021\/2021\/12\/08\/jair-bolsonaro-es-elegido-personalidad-del-ano-por-la-revista-time\/"},"wordCount":178,"commentCount":0,"publisher":{"@id":"https:\/\/informatepy.com\/2021\/#\/schema\/person\/edd302c981d6ba4596191719d1025a8a"},"image":{"@id":"https:\/\/informatepy.com\/2021\/2021\/12\/08\/jair-bolsonaro-es-elegido-personalidad-del-ano-por-la-revista-time\/#primaryimage"},"thumbnailUrl":"https:\/\/i0.wp.com\/informatepy.com\/2021\/wp-content\/uploads\/2021\/12\/bolsonaro-time-magazine.jpg?fit=1500%2C954&ssl=1","keywords":["bolsonaro","brasil","destacada","jair bolsonaro","revista time"],"articleSection":["Mundo"],"inLanguage":"es","potentialAction":[{"@type":"CommentAction","name":"Comment","target":["https:\/\/informatepy.com\/2021\/2021\/12\/08\/jair-bolsonaro-es-elegido-personalidad-del-ano-por-la-revista-time\/#respond"]}]},{"@type":"WebPage","@id":"https:\/\/informatepy.com\/2021\/2021\/12\/08\/jair-bolsonaro-es-elegido-personalidad-del-ano-por-la-revista-time\/","url":"https:\/\/informatepy.com\/2021\/2021\/12\/08\/jair-bolsonaro-es-elegido-personalidad-del-ano-por-la-revista-time\/","name":"Jair Bolsonaro es elegido personalidad del a\u00f1o por la revista Time - Informatepy","isPartOf":{"@id":"https:\/\/informatepy.com\/2021\/#website"},"primaryImageOfPage":{"@id":"https:\/\/informatepy.com\/2021\/2021\/12\/08\/jair-bolsonaro-es-elegido-personalidad-del-ano-por-la-revista-time\/#primaryimage"},"image":{"@id":"https:\/\/informatepy.com\/2021\/2021\/12\/08\/jair-bolsonaro-es-elegido-personalidad-del-ano-por-la-revista-time\/#primaryimage"},"thumbnailUrl":"https:\/\/i0.wp.com\/informatepy.com\/2021\/wp-content\/uploads\/2021\/12\/bolsonaro-time-magazine.jpg?fit=1500%2C954&ssl=1","datePublished":"2021-12-08T10:30:00+00:00","breadcrumb":{"@id":"https:\/\/informatepy.com\/2021\/2021\/12\/08\/jair-bolsonaro-es-elegido-personalidad-del-ano-por-la-revista-time\/#breadcrumb"},"inLanguage":"es","potentialAction":[{"@type":"ReadAction","target":["https:\/\/informatepy.com\/2021\/2021\/12\/08\/jair-bolsonaro-es-elegido-personalidad-del-ano-por-la-revista-time\/"]}]},{"@type":"ImageObject","inLanguage":"es","@id":"https:\/\/informatepy.com\/2021\/2021\/12\/08\/jair-bolsonaro-es-elegido-personalidad-del-ano-por-la-revista-time\/#primaryimage","url":"https:\/\/i0.wp.com\/informatepy.com\/2021\/wp-content\/uploads\/2021\/12\/bolsonaro-time-magazine.jpg?fit=1500%2C954&ssl=1","contentUrl":"https:\/\/i0.wp.com\/informatepy.com\/2021\/wp-content\/uploads\/2021\/12\/bolsonaro-time-magazine.jpg?fit=1500%2C954&ssl=1","width":1500,"height":954,"caption":"RJ - BOLSONARO\/RIO\/EVENTO MILITAR - POL\u00cdTICA - O presidente eleito da Rep\u00fablica, Jair Bolsonaro (PSL), participa de uma cerim\u00f4nia do anivers\u00e1rio de 73 anos da brigada da Infantaria de Paraquedista, na Vila Militar, em Deodoro, zona oeste do Rio, na manh\u00e3 deste s\u00e1bado, 24. Tamb\u00e9m est\u00e3o no local o General Augusto Heleno, indicado para ministro do Gabinete de Seguran\u00e7a Institucional, o general da reserva Fernando Azevedo e Silva, que ser\u00e1 o ministro da Defesa, o governador eleito pelo Rio, Wilson Witzel, e o interventor federal na seguran\u00e7a do Rio, general Braga Neto. 24\/11\/2015 - Foto: F\u00c1BIO MOTTA\/ESTAD\u00c3O CONTE\u00daDO"},{"@type":"BreadcrumbList","@id":"https:\/\/informatepy.com\/2021\/2021\/12\/08\/jair-bolsonaro-es-elegido-personalidad-del-ano-por-la-revista-time\/#breadcrumb","itemListElement":[{"@type":"ListItem","position":1,"name":"Portada","item":"https:\/\/informatepy.com\/2021\/"},{"@type":"ListItem","position":2,"name":"Jair Bolsonaro es elegido personalidad del a\u00f1o por la revista Time"}]},{"@type":"WebSite","@id":"https:\/\/informatepy.com\/2021\/#website","url":"https:\/\/informatepy.com\/2021\/","name":"Informatepy","description":"La verdad, siempre!","publisher":{"@id":"https:\/\/informatepy.com\/2021\/#\/schema\/person\/edd302c981d6ba4596191719d1025a8a"},"potentialAction":[{"@type":"SearchAction","target":{"@type":"EntryPoint","urlTemplate":"https:\/\/informatepy.com\/2021\/?s={search_term_string}"},"query-input":{"@type":"PropertyValueSpecification","valueRequired":true,"valueName":"search_term_string"}}],"inLanguage":"es"},{"@type":["Person","Organization"],"@id":"https:\/\/informatepy.com\/2021\/#\/schema\/person\/edd302c981d6ba4596191719d1025a8a","name":"admin","image":{"@type":"ImageObject","inLanguage":"es","@id":"https:\/\/secure.gravatar.com\/avatar\/5310f602b6cbcfb86e030c4ccdbb78f6565a3b9bab6a74ab80fd3cb5428b65af?s=96&d=mm&r=g","url":"https:\/\/secure.gravatar.com\/avatar\/5310f602b6cbcfb86e030c4ccdbb78f6565a3b9bab6a74ab80fd3cb5428b65af?s=96&d=mm&r=g","contentUrl":"https:\/\/secure.gravatar.com\/avatar\/5310f602b6cbcfb86e030c4ccdbb78f6565a3b9bab6a74ab80fd3cb5428b65af?s=96&d=mm&r=g","caption":"admin"},"logo":{"@id":"https:\/\/secure.gravatar.com\/avatar\/5310f602b6cbcfb86e030c4ccdbb78f6565a3b9bab6a74ab80fd3cb5428b65af?s=96&d=mm&r=g"},"sameAs":["http:\/\/informatepy.com\/2021"]},{"@type":"Person","@id":"https:\/\/informatepy.com\/2021\/#\/schema\/person\/0c842f525f84ea74ef3b44370d11757b","name":"Redacci\u00f3n","image":{"@type":"ImageObject","inLanguage":"es","@id":"https:\/\/i0.wp.com\/informatepy.com\/2021\/wp-content\/uploads\/2021\/02\/informate-circulo.png?fit=96%2C96&ssl=1","url":"https:\/\/i0.wp.com\/informatepy.com\/2021\/wp-content\/uploads\/2021\/02\/informate-circulo.png?fit=96%2C96&ssl=1","contentUrl":"https:\/\/i0.wp.com\/informatepy.com\/2021\/wp-content\/uploads\/2021\/02\/informate-circulo.png?fit=96%2C96&ssl=1","caption":"Redacci\u00f3n"},"sameAs":["https:\/\/www.facebook.com\/InformatePyCom","https:\/\/x.com\/https:\/\/twitter.com\/InformatePy1"],"url":"https:\/\/informatepy.com\/2021\/author\/redaccion\/"}]}},"jetpack_featured_media_url":"https:\/\/i0.wp.com\/informatepy.com\/2021\/wp-content\/uploads\/2021\/12\/bolsonaro-time-magazine.jpg?fit=1500%2C954&ssl=1","jetpack_sharing_enabled":true,"jetpack_likes_enabled":true,"jetpack-related-posts":[{"id":8536,"url":"https:\/\/informatepy.com\/2021\/2021\/11\/28\/bolsonaro-se-perfila-como-personaje-del-ano-de-time-con-76-de-votos\/","url_meta":{"origin":8713,"position":0},"title":"Bolsonaro se perfila como \u00abPersonaje del a\u00f1o\u00bb de Time con 76 % de votos","date":"28 de noviembre de 2021","format":false,"excerpt":"El presidente de Brasil lidera por amplia mayor\u00eda la votaci\u00f3n para ganarse la portada de la revista Time como personaje de 2021","rel":"","context":"En \u00abMundo\u00bb","img":{"alt_text":"","src":"https:\/\/i0.wp.com\/informatepy.com\/2021\/wp-content\/uploads\/2021\/09\/bolsonaro.jpg?fit=1200%2C800&ssl=1&resize=350%2C200","width":350,"height":200},"classes":[]},{"id":7091,"url":"https:\/\/informatepy.com\/2021\/2021\/09\/13\/amo-al-presidente-de-brasil-trabaja-duro-declaro-trump\/","url_meta":{"origin":8713,"position":1},"title":"\u00abAmo al presidente de Brasil, trabaja duro\u00bb, declar\u00f3 Trump","date":"13 de septiembre de 2021","format":false,"excerpt":"El republicano estadounidense Donald Trump elogi\u00f3 al presidente brasile\u00f1o\u00a0Jair Bolsonaro\u00a0este domingo por la ma\u00f1ana (12). La declaraci\u00f3n se hizo durante el evento de boxeo 'Triller Fight Club Legends II' en Florida.\u00a0El expresidente actu\u00f3 como uno de los comentaristas de la festividad. Al mencionar a Jair Bolsonaro, Donald Trump se llen\u00f3\u2026","rel":"","context":"En \u00abMundo\u00bb","img":{"alt_text":"","src":"https:\/\/i0.wp.com\/informatepy.com\/2021\/wp-content\/uploads\/2021\/09\/bolsonaro-y-trump.jpg?fit=1200%2C672&ssl=1&resize=350%2C200","width":350,"height":200},"classes":[]},{"id":12014,"url":"https:\/\/informatepy.com\/2021\/2022\/06\/08\/a-menos-de-48-horas-de-verse-las-caras-jair-bolsonaro-vuelve-a-poner-en-duda-la-victoria-de-joe-biden\/","url_meta":{"origin":8713,"position":2},"title":"A menos de 48 horas de verse las caras, Jair Bolsonaro vuelve a poner en duda la victoria de Joe Biden","date":"8 de junio de 2022","format":false,"excerpt":"A menos de 2 d\u00edas de su reuni\u00f3n bilateral, Jair Bolsonaro, presidente de Brasil, vuelve a poner en duda la victoria de Joe Biden frente a Donald Trump.","rel":"","context":"En \u00abMundo\u00bb","img":{"alt_text":"","src":"https:\/\/i0.wp.com\/informatepy.com\/2021\/wp-content\/uploads\/2021\/09\/bolsonaro-y-trump.jpg?fit=1200%2C672&ssl=1&resize=350%2C200","width":350,"height":200},"classes":[]},{"id":12062,"url":"https:\/\/informatepy.com\/2021\/2022\/06\/10\/bolsonaro-trollea-a-mark-ruffalo-por-twitter\/","url_meta":{"origin":8713,"position":3},"title":"Bolsonaro \u00abtrollea\u00bb a Mark Ruffalo por Twitter","date":"10 de junio de 2022","format":false,"excerpt":"El actor de Hulk, Mark Ruffalo, se refiri\u00f3 a Jair Bolsonaro en sus redes sociales. En un mensaje dirigido a Joe Biden, al actor rese\u00f1a a Bolsonaro como un golpista: \"el hombre con el que se re\u00fane hoy no respeta la democracia y constantemente amenaza con un golpe de estado.\u2026","rel":"","context":"En \u00abMundo\u00bb","img":{"alt_text":"","src":"https:\/\/i0.wp.com\/informatepy.com\/2021\/wp-content\/uploads\/2022\/06\/antibolsonaro-camion.jpg?fit=1024%2C683&ssl=1&resize=350%2C200","width":350,"height":200},"classes":[]},{"id":7875,"url":"https:\/\/informatepy.com\/2021\/2021\/10\/22\/the-economist-contra-jair-bolsonaro\/","url_meta":{"origin":8713,"position":4},"title":"The Economist contra Jair Bolsonaro","date":"22 de octubre de 2021","format":false,"excerpt":"En un art\u00edculo lleno de valoraciones maliciosas e incluso mentirosas, \"The Economist\", atac\u00f3 una vez m\u00e1s a Jair Bolsonaro. Ayer la\u00a0Comisi\u00f3n Parlamentaria de Investigaci\u00f3n\u00a0(CPI), instalada por el\u00a0Senado de Brasil\u00a0para investigar acciones y omisiones del gobierno de\u00a0Jair Bolsonaro\u00a0frente a la pandemia por\u00a0Covid-19,\u00a0lleg\u00f3 a la recta final y propone sancionar al presidente\u2026","rel":"","context":"En \u00abMundo\u00bb","img":{"alt_text":"","src":"https:\/\/i0.wp.com\/informatepy.com\/2021\/wp-content\/uploads\/2021\/10\/bolsonaro-vs-globalismo.png?fit=1200%2C675&ssl=1&resize=350%2C200","width":350,"height":200},"classes":[]},{"id":9455,"url":"https:\/\/informatepy.com\/2021\/2022\/01\/15\/contundente-bolsonaro-no-ira-a-la-asuncion-de-boric-en-chile\/","url_meta":{"origin":8713,"position":5},"title":"CONTUNDENTE: Bolsonaro no ir\u00e1 a la asunci\u00f3n de Boric en Chile","date":"15 de enero de 2022","format":false,"excerpt":"Jair Bolsonaro confirm\u00f3 durante una entrevista radial que no asistir\u00e1 a la posesi\u00f3n de cargo del izquierdista Gabriel Boric en Chile. Consultado sobre el tema, el mandatario brasile\u00f1o respondi\u00f3 que \u201cNo voy a entrar en detalles porque\u00a0no quiero crear problemas en las relaciones exteriores, pero \u00bfQui\u00e9n asistir\u00e1 a la toma\u2026","rel":"","context":"En \u00abMundo\u00bb","img":{"alt_text":"","src":"https:\/\/i0.wp.com\/informatepy.com\/2021\/wp-content\/uploads\/2022\/01\/jair-bolsonaro.jpeg?fit=1200%2C675&ssl=1&resize=350%2C200","width":350,"height":200},"classes":[]}],"authors":[{"term_id":1051,"user_id":4,"is_guest":0,"slug":"redaccion","display_name":"Redacci\u00f3n","avatar_url":"https:\/\/i0.wp.com\/informatepy.com\/2021\/wp-content\/uploads\/2021\/02\/informate-circulo.png?fit=96%2C96&ssl=1","first_name":"Redacci\u00f3n","last_name":"","user_url":"","description":""}],"amp_enabled":true,"_links":{"self":[{"href":"https:\/\/informatepy.com\/2021\/wp-json\/wp\/v2\/posts\/8713","targetHints":{"allow":["GET"]}}],"collection":[{"href":"https:\/\/informatepy.com\/2021\/wp-json\/wp\/v2\/posts"}],"about":[{"href":"https:\/\/informatepy.com\/2021\/wp-json\/wp\/v2\/types\/post"}],"author":[{"embeddable":true,"href":"https:\/\/informatepy.com\/2021\/wp-json\/wp\/v2\/users\/4"}],"replies":[{"embeddable":true,"href":"https:\/\/informatepy.com\/2021\/wp-json\/wp\/v2\/comments?post=8713"}],"version-history":[{"count":2,"href":"https:\/\/informatepy.com\/2021\/wp-json\/wp\/v2\/posts\/8713\/revisions"}],"predecessor-version":[{"id":8716,"href":"https:\/\/informatepy.com\/2021\/wp-json\/wp\/v2\/posts\/8713\/revisions\/8716"}],"wp:featuredmedia":[{"embeddable":true,"href":"https:\/\/informatepy.com\/2021\/wp-json\/wp\/v2\/media\/8714"}],"wp:attachment":[{"href":"https:\/\/informatepy.com\/2021\/wp-json\/wp\/v2\/media?parent=8713"}],"wp:term":[{"taxonomy":"category","embeddable":true,"href":"https:\/\/informatepy.com\/2021\/wp-json\/wp\/v2\/categories?post=8713"},{"taxonomy":"post_tag","embeddable":true,"href":"https:\/\/informatepy.com\/2021\/wp-json\/wp\/v2\/tags?post=8713"},{"taxonomy":"author","embeddable":true,"href":"https:\/\/informatepy.com\/2021\/wp-json\/wp\/v2\/ppma_author?post=8713"}],"curies":[{"name":"wp","href":"https:\/\/api.w.org\/{rel}","templated":true}]}}