{"id":857,"date":"2019-03-15T20:19:00","date_gmt":"2019-03-15T20:19:00","guid":{"rendered":"http:\/\/informatepy.com\/2021\/?p=857"},"modified":"2021-02-20T18:01:00","modified_gmt":"2021-02-20T22:01:00","slug":"quien-genera-violencia-en-el-futbol","status":"publish","type":"post","link":"https:\/\/informatepy.com\/2021\/2019\/03\/15\/quien-genera-violencia-en-el-futbol\/","title":{"rendered":"\u00bfQui\u00e9n genera violencia en el f\u00fatbol?"},"content":{"rendered":"\n<p>D\u00edas atr\u00e1s, el Ministro del Interior, Juan Ernesto Villamayor, reconoci\u00f3 que la necesidad de aumentar las inversiones que se destinan a las pol\u00edticas antiviolencia en el f\u00fatbol paraguayo, argumentando que hace falta \u00absanear el deporte\u00bb en el pa\u00eds. En esa direcci\u00f3n, pidi\u00f3 la colaboraci\u00f3n, tanto de la Asociaci\u00f3n Paraguaya de F\u00fatbol (APF) como de los clubes de la Primera Divisi\u00f3n, para erradicar la violencia de los estadios. \u00abNo pretendemos encontrar un culpable, sino una soluci\u00f3n\u00bb, a\u00f1adi\u00f3 Villamayor. <\/p>\n\n\n\n<p>Bien, la soluci\u00f3n tal vez no sea tan compleja, ni tan cara; solo hay que copiar modelos exitosos como pueden ser los llevados adelante en algunos pa\u00edses europeos: endurecimiento de las sanciones, pena de c\u00e1rcel y prohibici\u00f3n de ingresos a los estadios pero, \u00bfSer\u00eda suficiente? \u00bfSon los hinchas los \u00fanicos factores generadores de violencia en el f\u00fatbol? no, definitivamente no. Semana tras semana vemos como los dirigentes del clubes con declaraciones p\u00fablicas irresponsables generan violencia, como en este caso, donde Daiana Ferreira, Coordinadora de de la Sub Comisi\u00f3n Cerro Cultural, \u00abfesteja\u00bb con insultos una acci\u00f3n violenta contra un jugador rival, con improperios propios de un barra brava y no de una dirigente, m\u00e1xime, si dice dedicarse al \u00e1mbito cultural dentro de la instituci\u00f3n.<\/p>\n\n\n\n<figure class=\"wp-block-image\"><img decoding=\"async\" src=\"https:\/\/i0.wp.com\/informatepy.com\/2021\/wp-content\/uploads\/2021\/02\/cerro.jpg?w=740&#038;ssl=1\" alt=\"\" class=\"wp-image-965\" data-recalc-dims=\"1\"\/><\/figure>\n\n\n\n<p>La \u201ccultura del aguante\u201d, que pregonan las barras y, por lo que se ve, muchos dirigentes del mundo del f\u00fatbol, es una ideolog\u00eda que combina una concepci\u00f3n radical de la lealtad,  una manifestaci\u00f3n feroz y ostentosa del machismo m\u00e1s brutal y una perspectiva de la rivalidad en t\u00e9rminos de amigo o enemigo. As\u00ed, con esta clase de dirigentes, dif\u00edcilmente se logre el cambio cultural necesario para que el deporte rey vuelva a ser un espect\u00e1culo digno de disfrutar en familia.<\/p>\n\n\n\n<figure class=\"wp-block-image\"><img decoding=\"async\" src=\"https:\/\/i0.wp.com\/informatepy.com\/2021\/wp-content\/uploads\/2021\/02\/cerro1.jpg?w=740&#038;ssl=1\" alt=\"\" class=\"wp-image-966\" data-recalc-dims=\"1\"\/><\/figure>\n\n\n\n<p>El desaf\u00edo que tienen por delante como dirigentes, es separar la pasi\u00f3n y la alegr\u00eda por el deporte de la violencia con la cual unos pocos buscan el beneficio personal, si no pueden hacerlo, den un paso al costado, no alcanza con borrar el Twit.<\/p>\n\n\n\n<p>ND<\/p>\n","protected":false},"excerpt":{"rendered":"<p>D\u00edas atr\u00e1s, el Ministro del Interior, Juan Ernesto Villamayor, reconoci\u00f3 que la necesidad de aumentar las inversiones que se destinan a las pol\u00edticas antiviolencia en el f\u00fatbol paraguayo, argumentando que hace falta \u00absanear el deporte\u00bb en el pa\u00eds. En esa direcci\u00f3n, pidi\u00f3 la colaboraci\u00f3n, tanto de la Asociaci\u00f3n Paraguaya de F\u00fatbol (APF) como de los [&hellip;]<\/p>\n","protected":false},"author":5,"featured_media":858,"comment_status":"open","ping_status":"open","sticky":false,"template":"","format":"standard","meta":{"_monsterinsights_skip_tracking":false,"_monsterinsights_sitenote_active":false,"_monsterinsights_sitenote_note":"","_monsterinsights_sitenote_category":0,"footnotes":"","jetpack_publicize_message":"","jetpack_is_tweetstorm":false,"jetpack_publicize_feature_enabled":true},"categories":[183],"tags":[186,187,306,478,479,480],"ppma_author":[1065],"class_list":["post-857","post","type-post","status-publish","format-standard","has-post-thumbnail","hentry","category-deportes","tag-apf","tag-cerro-porteno","tag-copa-libertadores","tag-daiana-ferreira","tag-nd","tag-violencia-en-el-futbol"],"jetpack_publicize_connections":[],"yoast_head":"<!-- This site is optimized with the Yoast SEO plugin v27.5 - https:\/\/yoast.com\/product\/yoast-seo-wordpress\/ -->\n<title>\u00bfQui\u00e9n genera violencia en el f\u00fatbol? - Informatepy<\/title>\n<meta name=\"robots\" content=\"index, follow, max-snippet:-1, max-image-preview:large, max-video-preview:-1\" \/>\n<link rel=\"canonical\" href=\"https:\/\/informatepy.com\/2021\/2019\/03\/15\/quien-genera-violencia-en-el-futbol\/\" \/>\n<meta property=\"og:locale\" content=\"es_ES\" \/>\n<meta property=\"og:type\" content=\"article\" \/>\n<meta property=\"og:title\" content=\"\u00bfQui\u00e9n genera violencia en el f\u00fatbol? - Informatepy\" \/>\n<meta property=\"og:description\" content=\"D\u00edas atr\u00e1s, el Ministro del Interior, Juan Ernesto Villamayor, reconoci\u00f3 que la necesidad de aumentar las inversiones que se destinan a las pol\u00edticas antiviolencia en el f\u00fatbol paraguayo, argumentando que hace falta \u00absanear el deporte\u00bb en el pa\u00eds. En esa direcci\u00f3n, pidi\u00f3 la colaboraci\u00f3n, tanto de la Asociaci\u00f3n Paraguaya de F\u00fatbol (APF) como de los [&hellip;]\" \/>\n<meta property=\"og:url\" content=\"https:\/\/informatepy.com\/2021\/2019\/03\/15\/quien-genera-violencia-en-el-futbol\/\" \/>\n<meta property=\"og:site_name\" content=\"Informatepy\" \/>\n<meta property=\"article:published_time\" content=\"2019-03-15T20:19:00+00:00\" \/>\n<meta property=\"article:modified_time\" content=\"2021-02-20T22:01:00+00:00\" \/>\n<meta property=\"og:image\" content=\"https:\/\/i0.wp.com\/informatepy.com\/2021\/wp-content\/uploads\/2021\/03\/amorebieta-falta-a-paiva.jpg?fit=821%2C573&ssl=1\" \/>\n\t<meta property=\"og:image:width\" content=\"821\" \/>\n\t<meta property=\"og:image:height\" content=\"573\" \/>\n\t<meta property=\"og:image:type\" content=\"image\/jpeg\" \/>\n<meta name=\"author\" content=\"Nicol\u00e1s D\u00b4Ursi\" \/>\n<meta name=\"twitter:card\" content=\"summary_large_image\" \/>\n<meta name=\"twitter:creator\" content=\"@https:\/\/twitter.com\/NicoDursi\" \/>\n<meta name=\"twitter:label1\" content=\"Escrito por\" \/>\n\t<meta name=\"twitter:data1\" content=\"Nicol\u00e1s D\u00b4Ursi\" \/>\n\t<meta name=\"twitter:label2\" content=\"Tiempo de lectura\" \/>\n\t<meta name=\"twitter:data2\" content=\"2 minutos\" \/>\n<script type=\"application\/ld+json\" class=\"yoast-schema-graph\">{\"@context\":\"https:\\\/\\\/schema.org\",\"@graph\":[{\"@type\":\"Article\",\"@id\":\"https:\\\/\\\/informatepy.com\\\/2021\\\/2019\\\/03\\\/15\\\/quien-genera-violencia-en-el-futbol\\\/#article\",\"isPartOf\":{\"@id\":\"https:\\\/\\\/informatepy.com\\\/2021\\\/2019\\\/03\\\/15\\\/quien-genera-violencia-en-el-futbol\\\/\"},\"author\":{\"name\":\"Nicol\u00e1s D\u00b4Ursi\",\"@id\":\"https:\\\/\\\/informatepy.com\\\/2021\\\/#\\\/schema\\\/person\\\/5f11462f4da127b423f029d0dbae9131\"},\"headline\":\"\u00bfQui\u00e9n genera violencia en el f\u00fatbol?\",\"datePublished\":\"2019-03-15T20:19:00+00:00\",\"dateModified\":\"2021-02-20T22:01:00+00:00\",\"mainEntityOfPage\":{\"@id\":\"https:\\\/\\\/informatepy.com\\\/2021\\\/2019\\\/03\\\/15\\\/quien-genera-violencia-en-el-futbol\\\/\"},\"wordCount\":368,\"commentCount\":0,\"publisher\":{\"@id\":\"https:\\\/\\\/informatepy.com\\\/2021\\\/#\\\/schema\\\/person\\\/edd302c981d6ba4596191719d1025a8a\"},\"image\":{\"@id\":\"https:\\\/\\\/informatepy.com\\\/2021\\\/2019\\\/03\\\/15\\\/quien-genera-violencia-en-el-futbol\\\/#primaryimage\"},\"thumbnailUrl\":\"https:\\\/\\\/i0.wp.com\\\/informatepy.com\\\/2021\\\/wp-content\\\/uploads\\\/2021\\\/03\\\/amorebieta-falta-a-paiva.jpg?fit=821%2C573&ssl=1\",\"keywords\":[\"apf\",\"cerro porte\u00f1o\",\"copa libertadores\",\"daiana ferreira\",\"ND\",\"violencia en el futbol\"],\"articleSection\":[\"Deportes\"],\"inLanguage\":\"es\",\"potentialAction\":[{\"@type\":\"CommentAction\",\"name\":\"Comment\",\"target\":[\"https:\\\/\\\/informatepy.com\\\/2021\\\/2019\\\/03\\\/15\\\/quien-genera-violencia-en-el-futbol\\\/#respond\"]}]},{\"@type\":\"WebPage\",\"@id\":\"https:\\\/\\\/informatepy.com\\\/2021\\\/2019\\\/03\\\/15\\\/quien-genera-violencia-en-el-futbol\\\/\",\"url\":\"https:\\\/\\\/informatepy.com\\\/2021\\\/2019\\\/03\\\/15\\\/quien-genera-violencia-en-el-futbol\\\/\",\"name\":\"\u00bfQui\u00e9n genera violencia en el f\u00fatbol? - Informatepy\",\"isPartOf\":{\"@id\":\"https:\\\/\\\/informatepy.com\\\/2021\\\/#website\"},\"primaryImageOfPage\":{\"@id\":\"https:\\\/\\\/informatepy.com\\\/2021\\\/2019\\\/03\\\/15\\\/quien-genera-violencia-en-el-futbol\\\/#primaryimage\"},\"image\":{\"@id\":\"https:\\\/\\\/informatepy.com\\\/2021\\\/2019\\\/03\\\/15\\\/quien-genera-violencia-en-el-futbol\\\/#primaryimage\"},\"thumbnailUrl\":\"https:\\\/\\\/i0.wp.com\\\/informatepy.com\\\/2021\\\/wp-content\\\/uploads\\\/2021\\\/03\\\/amorebieta-falta-a-paiva.jpg?fit=821%2C573&ssl=1\",\"datePublished\":\"2019-03-15T20:19:00+00:00\",\"dateModified\":\"2021-02-20T22:01:00+00:00\",\"breadcrumb\":{\"@id\":\"https:\\\/\\\/informatepy.com\\\/2021\\\/2019\\\/03\\\/15\\\/quien-genera-violencia-en-el-futbol\\\/#breadcrumb\"},\"inLanguage\":\"es\",\"potentialAction\":[{\"@type\":\"ReadAction\",\"target\":[\"https:\\\/\\\/informatepy.com\\\/2021\\\/2019\\\/03\\\/15\\\/quien-genera-violencia-en-el-futbol\\\/\"]}]},{\"@type\":\"ImageObject\",\"inLanguage\":\"es\",\"@id\":\"https:\\\/\\\/informatepy.com\\\/2021\\\/2019\\\/03\\\/15\\\/quien-genera-violencia-en-el-futbol\\\/#primaryimage\",\"url\":\"https:\\\/\\\/i0.wp.com\\\/informatepy.com\\\/2021\\\/wp-content\\\/uploads\\\/2021\\\/03\\\/amorebieta-falta-a-paiva.jpg?fit=821%2C573&ssl=1\",\"contentUrl\":\"https:\\\/\\\/i0.wp.com\\\/informatepy.com\\\/2021\\\/wp-content\\\/uploads\\\/2021\\\/03\\\/amorebieta-falta-a-paiva.jpg?fit=821%2C573&ssl=1\",\"width\":821,\"height\":573},{\"@type\":\"BreadcrumbList\",\"@id\":\"https:\\\/\\\/informatepy.com\\\/2021\\\/2019\\\/03\\\/15\\\/quien-genera-violencia-en-el-futbol\\\/#breadcrumb\",\"itemListElement\":[{\"@type\":\"ListItem\",\"position\":1,\"name\":\"Portada\",\"item\":\"https:\\\/\\\/informatepy.com\\\/2021\\\/\"},{\"@type\":\"ListItem\",\"position\":2,\"name\":\"\u00bfQui\u00e9n genera violencia en el f\u00fatbol?\"}]},{\"@type\":\"WebSite\",\"@id\":\"https:\\\/\\\/informatepy.com\\\/2021\\\/#website\",\"url\":\"https:\\\/\\\/informatepy.com\\\/2021\\\/\",\"name\":\"Informatepy\",\"description\":\"La verdad, siempre!\",\"publisher\":{\"@id\":\"https:\\\/\\\/informatepy.com\\\/2021\\\/#\\\/schema\\\/person\\\/edd302c981d6ba4596191719d1025a8a\"},\"potentialAction\":[{\"@type\":\"SearchAction\",\"target\":{\"@type\":\"EntryPoint\",\"urlTemplate\":\"https:\\\/\\\/informatepy.com\\\/2021\\\/?s={search_term_string}\"},\"query-input\":{\"@type\":\"PropertyValueSpecification\",\"valueRequired\":true,\"valueName\":\"search_term_string\"}}],\"inLanguage\":\"es\"},{\"@type\":[\"Person\",\"Organization\"],\"@id\":\"https:\\\/\\\/informatepy.com\\\/2021\\\/#\\\/schema\\\/person\\\/edd302c981d6ba4596191719d1025a8a\",\"name\":\"admin\",\"image\":{\"@type\":\"ImageObject\",\"inLanguage\":\"es\",\"@id\":\"https:\\\/\\\/secure.gravatar.com\\\/avatar\\\/5310f602b6cbcfb86e030c4ccdbb78f6565a3b9bab6a74ab80fd3cb5428b65af?s=96&d=mm&r=g\",\"url\":\"https:\\\/\\\/secure.gravatar.com\\\/avatar\\\/5310f602b6cbcfb86e030c4ccdbb78f6565a3b9bab6a74ab80fd3cb5428b65af?s=96&d=mm&r=g\",\"contentUrl\":\"https:\\\/\\\/secure.gravatar.com\\\/avatar\\\/5310f602b6cbcfb86e030c4ccdbb78f6565a3b9bab6a74ab80fd3cb5428b65af?s=96&d=mm&r=g\",\"caption\":\"admin\"},\"logo\":{\"@id\":\"https:\\\/\\\/secure.gravatar.com\\\/avatar\\\/5310f602b6cbcfb86e030c4ccdbb78f6565a3b9bab6a74ab80fd3cb5428b65af?s=96&d=mm&r=g\"},\"sameAs\":[\"http:\\\/\\\/informatepy.com\\\/2021\"]},{\"@type\":\"Person\",\"@id\":\"https:\\\/\\\/informatepy.com\\\/2021\\\/#\\\/schema\\\/person\\\/5f11462f4da127b423f029d0dbae9131\",\"name\":\"Nicol\u00e1s D\u00b4Ursi\",\"image\":{\"@type\":\"ImageObject\",\"inLanguage\":\"es\",\"@id\":\"https:\\\/\\\/i0.wp.com\\\/informatepy.com\\\/2021\\\/wp-content\\\/uploads\\\/2021\\\/02\\\/nicolas-dursi.jpg?fit=96%2C96&ssl=1\",\"url\":\"https:\\\/\\\/i0.wp.com\\\/informatepy.com\\\/2021\\\/wp-content\\\/uploads\\\/2021\\\/02\\\/nicolas-dursi.jpg?fit=96%2C96&ssl=1\",\"contentUrl\":\"https:\\\/\\\/i0.wp.com\\\/informatepy.com\\\/2021\\\/wp-content\\\/uploads\\\/2021\\\/02\\\/nicolas-dursi.jpg?fit=96%2C96&ssl=1\",\"caption\":\"Nicol\u00e1s D\u00b4Ursi\"},\"sameAs\":[\"https:\\\/\\\/x.com\\\/https:\\\/\\\/twitter.com\\\/NicoDursi\"],\"url\":\"https:\\\/\\\/informatepy.com\\\/2021\\\/author\\\/ndursi\\\/\"}]}<\/script>\n<!-- \/ Yoast SEO plugin. -->","yoast_head_json":{"title":"\u00bfQui\u00e9n genera violencia en el f\u00fatbol? - Informatepy","robots":{"index":"index","follow":"follow","max-snippet":"max-snippet:-1","max-image-preview":"max-image-preview:large","max-video-preview":"max-video-preview:-1"},"canonical":"https:\/\/informatepy.com\/2021\/2019\/03\/15\/quien-genera-violencia-en-el-futbol\/","og_locale":"es_ES","og_type":"article","og_title":"\u00bfQui\u00e9n genera violencia en el f\u00fatbol? - Informatepy","og_description":"D\u00edas atr\u00e1s, el Ministro del Interior, Juan Ernesto Villamayor, reconoci\u00f3 que la necesidad de aumentar las inversiones que se destinan a las pol\u00edticas antiviolencia en el f\u00fatbol paraguayo, argumentando que hace falta \u00absanear el deporte\u00bb en el pa\u00eds. En esa direcci\u00f3n, pidi\u00f3 la colaboraci\u00f3n, tanto de la Asociaci\u00f3n Paraguaya de F\u00fatbol (APF) como de los [&hellip;]","og_url":"https:\/\/informatepy.com\/2021\/2019\/03\/15\/quien-genera-violencia-en-el-futbol\/","og_site_name":"Informatepy","article_published_time":"2019-03-15T20:19:00+00:00","article_modified_time":"2021-02-20T22:01:00+00:00","og_image":[{"width":821,"height":573,"url":"https:\/\/i0.wp.com\/informatepy.com\/2021\/wp-content\/uploads\/2021\/03\/amorebieta-falta-a-paiva.jpg?fit=821%2C573&ssl=1","type":"image\/jpeg"}],"author":"Nicol\u00e1s D\u00b4Ursi","twitter_card":"summary_large_image","twitter_creator":"@https:\/\/twitter.com\/NicoDursi","twitter_misc":{"Escrito por":"Nicol\u00e1s D\u00b4Ursi","Tiempo de lectura":"2 minutos"},"schema":{"@context":"https:\/\/schema.org","@graph":[{"@type":"Article","@id":"https:\/\/informatepy.com\/2021\/2019\/03\/15\/quien-genera-violencia-en-el-futbol\/#article","isPartOf":{"@id":"https:\/\/informatepy.com\/2021\/2019\/03\/15\/quien-genera-violencia-en-el-futbol\/"},"author":{"name":"Nicol\u00e1s D\u00b4Ursi","@id":"https:\/\/informatepy.com\/2021\/#\/schema\/person\/5f11462f4da127b423f029d0dbae9131"},"headline":"\u00bfQui\u00e9n genera violencia en el f\u00fatbol?","datePublished":"2019-03-15T20:19:00+00:00","dateModified":"2021-02-20T22:01:00+00:00","mainEntityOfPage":{"@id":"https:\/\/informatepy.com\/2021\/2019\/03\/15\/quien-genera-violencia-en-el-futbol\/"},"wordCount":368,"commentCount":0,"publisher":{"@id":"https:\/\/informatepy.com\/2021\/#\/schema\/person\/edd302c981d6ba4596191719d1025a8a"},"image":{"@id":"https:\/\/informatepy.com\/2021\/2019\/03\/15\/quien-genera-violencia-en-el-futbol\/#primaryimage"},"thumbnailUrl":"https:\/\/i0.wp.com\/informatepy.com\/2021\/wp-content\/uploads\/2021\/03\/amorebieta-falta-a-paiva.jpg?fit=821%2C573&ssl=1","keywords":["apf","cerro porte\u00f1o","copa libertadores","daiana ferreira","ND","violencia en el futbol"],"articleSection":["Deportes"],"inLanguage":"es","potentialAction":[{"@type":"CommentAction","name":"Comment","target":["https:\/\/informatepy.com\/2021\/2019\/03\/15\/quien-genera-violencia-en-el-futbol\/#respond"]}]},{"@type":"WebPage","@id":"https:\/\/informatepy.com\/2021\/2019\/03\/15\/quien-genera-violencia-en-el-futbol\/","url":"https:\/\/informatepy.com\/2021\/2019\/03\/15\/quien-genera-violencia-en-el-futbol\/","name":"\u00bfQui\u00e9n genera violencia en el f\u00fatbol? - Informatepy","isPartOf":{"@id":"https:\/\/informatepy.com\/2021\/#website"},"primaryImageOfPage":{"@id":"https:\/\/informatepy.com\/2021\/2019\/03\/15\/quien-genera-violencia-en-el-futbol\/#primaryimage"},"image":{"@id":"https:\/\/informatepy.com\/2021\/2019\/03\/15\/quien-genera-violencia-en-el-futbol\/#primaryimage"},"thumbnailUrl":"https:\/\/i0.wp.com\/informatepy.com\/2021\/wp-content\/uploads\/2021\/03\/amorebieta-falta-a-paiva.jpg?fit=821%2C573&ssl=1","datePublished":"2019-03-15T20:19:00+00:00","dateModified":"2021-02-20T22:01:00+00:00","breadcrumb":{"@id":"https:\/\/informatepy.com\/2021\/2019\/03\/15\/quien-genera-violencia-en-el-futbol\/#breadcrumb"},"inLanguage":"es","potentialAction":[{"@type":"ReadAction","target":["https:\/\/informatepy.com\/2021\/2019\/03\/15\/quien-genera-violencia-en-el-futbol\/"]}]},{"@type":"ImageObject","inLanguage":"es","@id":"https:\/\/informatepy.com\/2021\/2019\/03\/15\/quien-genera-violencia-en-el-futbol\/#primaryimage","url":"https:\/\/i0.wp.com\/informatepy.com\/2021\/wp-content\/uploads\/2021\/03\/amorebieta-falta-a-paiva.jpg?fit=821%2C573&ssl=1","contentUrl":"https:\/\/i0.wp.com\/informatepy.com\/2021\/wp-content\/uploads\/2021\/03\/amorebieta-falta-a-paiva.jpg?fit=821%2C573&ssl=1","width":821,"height":573},{"@type":"BreadcrumbList","@id":"https:\/\/informatepy.com\/2021\/2019\/03\/15\/quien-genera-violencia-en-el-futbol\/#breadcrumb","itemListElement":[{"@type":"ListItem","position":1,"name":"Portada","item":"https:\/\/informatepy.com\/2021\/"},{"@type":"ListItem","position":2,"name":"\u00bfQui\u00e9n genera violencia en el f\u00fatbol?"}]},{"@type":"WebSite","@id":"https:\/\/informatepy.com\/2021\/#website","url":"https:\/\/informatepy.com\/2021\/","name":"Informatepy","description":"La verdad, siempre!","publisher":{"@id":"https:\/\/informatepy.com\/2021\/#\/schema\/person\/edd302c981d6ba4596191719d1025a8a"},"potentialAction":[{"@type":"SearchAction","target":{"@type":"EntryPoint","urlTemplate":"https:\/\/informatepy.com\/2021\/?s={search_term_string}"},"query-input":{"@type":"PropertyValueSpecification","valueRequired":true,"valueName":"search_term_string"}}],"inLanguage":"es"},{"@type":["Person","Organization"],"@id":"https:\/\/informatepy.com\/2021\/#\/schema\/person\/edd302c981d6ba4596191719d1025a8a","name":"admin","image":{"@type":"ImageObject","inLanguage":"es","@id":"https:\/\/secure.gravatar.com\/avatar\/5310f602b6cbcfb86e030c4ccdbb78f6565a3b9bab6a74ab80fd3cb5428b65af?s=96&d=mm&r=g","url":"https:\/\/secure.gravatar.com\/avatar\/5310f602b6cbcfb86e030c4ccdbb78f6565a3b9bab6a74ab80fd3cb5428b65af?s=96&d=mm&r=g","contentUrl":"https:\/\/secure.gravatar.com\/avatar\/5310f602b6cbcfb86e030c4ccdbb78f6565a3b9bab6a74ab80fd3cb5428b65af?s=96&d=mm&r=g","caption":"admin"},"logo":{"@id":"https:\/\/secure.gravatar.com\/avatar\/5310f602b6cbcfb86e030c4ccdbb78f6565a3b9bab6a74ab80fd3cb5428b65af?s=96&d=mm&r=g"},"sameAs":["http:\/\/informatepy.com\/2021"]},{"@type":"Person","@id":"https:\/\/informatepy.com\/2021\/#\/schema\/person\/5f11462f4da127b423f029d0dbae9131","name":"Nicol\u00e1s D\u00b4Ursi","image":{"@type":"ImageObject","inLanguage":"es","@id":"https:\/\/i0.wp.com\/informatepy.com\/2021\/wp-content\/uploads\/2021\/02\/nicolas-dursi.jpg?fit=96%2C96&ssl=1","url":"https:\/\/i0.wp.com\/informatepy.com\/2021\/wp-content\/uploads\/2021\/02\/nicolas-dursi.jpg?fit=96%2C96&ssl=1","contentUrl":"https:\/\/i0.wp.com\/informatepy.com\/2021\/wp-content\/uploads\/2021\/02\/nicolas-dursi.jpg?fit=96%2C96&ssl=1","caption":"Nicol\u00e1s D\u00b4Ursi"},"sameAs":["https:\/\/x.com\/https:\/\/twitter.com\/NicoDursi"],"url":"https:\/\/informatepy.com\/2021\/author\/ndursi\/"}]}},"jetpack_featured_media_url":"https:\/\/i0.wp.com\/informatepy.com\/2021\/wp-content\/uploads\/2021\/03\/amorebieta-falta-a-paiva.jpg?fit=821%2C573&ssl=1","jetpack_sharing_enabled":true,"jetpack_likes_enabled":true,"jetpack-related-posts":[{"id":1724,"url":"https:\/\/informatepy.com\/2021\/2021\/01\/10\/la-nueva-olla-el-primer-estadio-del-pais-con-certificacion-var\/","url_meta":{"origin":857,"position":0},"title":"La Nueva Olla, el primer estadio del pa\u00eds con certificaci\u00f3n VAR","date":"10 de enero de 2021","format":false,"excerpt":"La Asociaci\u00f3n Paraguaya de F\u00fatbol (APF) realiz\u00f3 el tr\u00e1mite de certificaci\u00f3n durante el \u00faltimo partido del torneo anterior. En ese encuentro, disputado frente a General D\u00edaz, el estadio General Pablo Rojas cumpli\u00f3 con todos los requerimientos y le fue aprobada la implementaci\u00f3n del VAR en el pr\u00f3ximo torneo Apertura. De\u2026","rel":"","context":"En \u00abDeportes\u00bb","img":{"alt_text":"","src":"https:\/\/i0.wp.com\/informatepy.com\/2021\/wp-content\/uploads\/2021\/01\/nueva-olla.jpg?fit=999%2C500&ssl=1&resize=350%2C200","width":350,"height":200},"classes":[]},{"id":1177,"url":"https:\/\/informatepy.com\/2021\/2019\/05\/21\/cerro-porteno-y-una-autocritica-que-se-demora\/","url_meta":{"origin":857,"position":1},"title":"Cerro Porte\u00f1o y una autocr\u00edtica que se demora","date":"21 de mayo de 2019","format":false,"excerpt":"Barras, falta de logros deportivos, errores dirigenciales graves y una larga lista de etc\u00e9teras hacen que se f\u00e1cil realizar diagn\u00f3sticos sobre la realidad de un gran del futbol paraguayo como lo es Cerro Porte\u00f1o. De un tiempo a esta parte, uno de los grandes del futbol paraguayo no para de\u2026","rel":"","context":"En \u00abDeportes\u00bb","img":{"alt_text":"","src":"https:\/\/i0.wp.com\/informatepy.com\/2021\/wp-content\/uploads\/2021\/05\/cerristas.jpg?fit=712%2C678&ssl=1&resize=350%2C200","width":350,"height":200},"classes":[]},{"id":1643,"url":"https:\/\/informatepy.com\/2021\/2019\/11\/29\/cerro-pide-la-suspension-del-manuel-ferreira\/","url_meta":{"origin":857,"position":2},"title":"Cerro pide la suspensi\u00f3n del Manuel Ferreira","date":"29 de noviembre de 2019","format":false,"excerpt":"Este viernes en horas de la ma\u00f1ana, el club Cerro Porte\u00f1o present\u00f3 una nota en la Asociaci\u00f3n Paraguaya de F\u00fatbol, pidiendo sanciones para el club Olimpia, incluyendo la suspensi\u00f3n del estadio Manuel Ferreira. En sus argumentos, Ra\u00fal Zapag y Ariel Martinez, manifestaron que: \u201cPrevio al inicio del encuentro se produjeron\u2026","rel":"","context":"En \u00abDeportes\u00bb","img":{"alt_text":"","src":"https:\/\/i0.wp.com\/informatepy.com\/2021\/wp-content\/uploads\/2021\/11\/ParaUno.jpg?fit=830%2C467&ssl=1&resize=350%2C200","width":350,"height":200},"classes":[]},{"id":1741,"url":"https:\/\/informatepy.com\/2021\/2020\/01\/21\/la-apf-no-dara-a-conocer-los-audios-del-var-de-los-partidos-de-libertad-y-olimpia\/","url_meta":{"origin":857,"position":3},"title":"La APF no dar\u00e1 a conocer los audios del VAR de los partidos de Libertad y Olimpia","date":"21 de enero de 2020","format":false,"excerpt":"Luego de haber revelado im\u00e1genes y audios del VAR de los encuentros de River Plate vs. Sol de Am\u00e9rica y Cerro Porte\u00f1o vs. Sportivo Luque\u00f1o, la Asociaci\u00f3n Paraguaya de F\u00fatbol (APF) inform\u00f3 que no se dar\u00e1n a conocer los audios e im\u00e1genes del VAR de las jugadas pol\u00e9micas de los\u2026","rel":"","context":"En \u00abDeportes\u00bb","img":{"alt_text":"","src":"https:\/\/i0.wp.com\/informatepy.com\/2021\/wp-content\/uploads\/2021\/01\/VAR-olimpia.jpg?fit=760%2C420&ssl=1&resize=350%2C200","width":350,"height":200},"classes":[]},{"id":7082,"url":"https:\/\/informatepy.com\/2021\/2021\/09\/12\/el-silencio-de-los-no-inocentes\/","url_meta":{"origin":857,"position":4},"title":"El silencio de los NO inocentes","date":"12 de septiembre de 2021","format":false,"excerpt":"A pesar de la lac\u00f3nica victoria ante Venezuela, la crisis albirroja est\u00e1 instalada. Gran parte de la afici\u00f3n pide el fin del ciclo Berizzo. Los periodistas deportivos m\u00e1s afamados del pa\u00eds vienen guardando silencio c\u00f3mplice ante el descontento por el bajo rendimiento, y la indecisi\u00f3n de la c\u00fapula oficial para\u2026","rel":"","context":"En \u00abDeportes\u00bb","img":{"alt_text":"","src":"https:\/\/i0.wp.com\/informatepy.com\/2021\/wp-content\/uploads\/2021\/09\/apf-scaled.jpg?fit=1200%2C895&ssl=1&resize=350%2C200","width":350,"height":200},"classes":[]},{"id":545,"url":"https:\/\/informatepy.com\/2021\/2019\/02\/14\/el-super-clasico-ya-tiene-arbitro\/","url_meta":{"origin":857,"position":5},"title":"El super cl\u00e1sico ya tiene \u00e1rbitro","date":"14 de febrero de 2019","format":false,"excerpt":"El \u00e1rbitro principal del\u00a0super cl\u00e1sico\u00a0del f\u00fatbol paraguayo que se disputar\u00e1 este domingo entre los primeros equipos de\u00a0Olimpia\u00a0y\u00a0Cerro Porte\u00f1o, desde las 19.00 horas en el estadio Defensores del Chaco ser\u00e1 Julio Quintana. La Comisi\u00f3n de \u00c1rbitros realiz\u00f3 el tradicional sorteo para designar a los jueces de los seis partidos de la\u2026","rel":"","context":"En \u00abDeportes\u00bb","img":{"alt_text":"","src":"https:\/\/i0.wp.com\/informatepy.com\/2021\/wp-content\/uploads\/2021\/02\/cerro-olimpia.jpeg?fit=620%2C356&ssl=1&resize=350%2C200","width":350,"height":200},"classes":[]}],"authors":[{"term_id":1065,"user_id":5,"is_guest":0,"slug":"ndursi","display_name":"Nicol\u00e1s D\u00b4Ursi","avatar_url":"https:\/\/i0.wp.com\/informatepy.com\/2021\/wp-content\/uploads\/2021\/02\/nicolas-dursi.jpg?fit=96%2C96&ssl=1","first_name":"Nicol\u00e1s","last_name":"D\u00b4Ursi","user_url":"","description":""}],"amp_enabled":true,"_links":{"self":[{"href":"https:\/\/informatepy.com\/2021\/wp-json\/wp\/v2\/posts\/857","targetHints":{"allow":["GET"]}}],"collection":[{"href":"https:\/\/informatepy.com\/2021\/wp-json\/wp\/v2\/posts"}],"about":[{"href":"https:\/\/informatepy.com\/2021\/wp-json\/wp\/v2\/types\/post"}],"author":[{"embeddable":true,"href":"https:\/\/informatepy.com\/2021\/wp-json\/wp\/v2\/users\/5"}],"replies":[{"embeddable":true,"href":"https:\/\/informatepy.com\/2021\/wp-json\/wp\/v2\/comments?post=857"}],"version-history":[{"count":1,"href":"https:\/\/informatepy.com\/2021\/wp-json\/wp\/v2\/posts\/857\/revisions"}],"predecessor-version":[{"id":3323,"href":"https:\/\/informatepy.com\/2021\/wp-json\/wp\/v2\/posts\/857\/revisions\/3323"}],"wp:featuredmedia":[{"embeddable":true,"href":"https:\/\/informatepy.com\/2021\/wp-json\/wp\/v2\/media\/858"}],"wp:attachment":[{"href":"https:\/\/informatepy.com\/2021\/wp-json\/wp\/v2\/media?parent=857"}],"wp:term":[{"taxonomy":"category","embeddable":true,"href":"https:\/\/informatepy.com\/2021\/wp-json\/wp\/v2\/categories?post=857"},{"taxonomy":"post_tag","embeddable":true,"href":"https:\/\/informatepy.com\/2021\/wp-json\/wp\/v2\/tags?post=857"},{"taxonomy":"author","embeddable":true,"href":"https:\/\/informatepy.com\/2021\/wp-json\/wp\/v2\/ppma_author?post=857"}],"curies":[{"name":"wp","href":"https:\/\/api.w.org\/{rel}","templated":true}]}}