{"id":8536,"date":"2021-11-28T04:02:00","date_gmt":"2021-11-28T08:02:00","guid":{"rendered":"https:\/\/informatepy.com\/2021\/?p=8536"},"modified":"2021-11-28T09:07:23","modified_gmt":"2021-11-28T13:07:23","slug":"bolsonaro-se-perfila-como-personaje-del-ano-de-time-con-76-de-votos","status":"publish","type":"post","link":"https:\/\/informatepy.com\/2021\/2021\/11\/28\/bolsonaro-se-perfila-como-personaje-del-ano-de-time-con-76-de-votos\/","title":{"rendered":"Bolsonaro se perfila como \u00abPersonaje del a\u00f1o\u00bb de Time con 76 % de votos"},"content":{"rendered":"\n<p>Con m\u00e1s de\u00a076 % de los votos a favor, el presidente de Brasil, Jair Bolsonaro, se perfila como el \u00abPersonaje del a\u00f1o\u00bb de la revista\u00a0<em>Time<\/em>. Su liderazgo en esta contienda destaca por varias razones. En primer lugar, se trata de un reconocimiento mundial que otorga el prestigioso medios estadounidense. Y en segundo lugar, son los internautas los que con su voto recomiendan a los editores el nombre del ganador.<\/p>\n\n\n\n<p>A simple vista se podr\u00eda adjudicar su respaldo num\u00e9rico a la cuantiosa poblaci\u00f3n de Brasil que supera los 214 millones de habitantes. Sin embargo, sus rivales son de pa\u00edses a\u00fan m\u00e1s poblados. Bolsonaro compite con el expresidente de Estados Unidos, Donald Trump, que va en segundo lugar con m\u00e1s de 36 %, seguido por el actual mandatario estadounidense, Joe Biden. La primera potencia mundial cuenta con una poblaci\u00f3n de 332 millones de habitantes.<\/p>\n\n\n\n<p>La lista la completan el dictador del r\u00e9gimen comunista chino, Xi Jinping; el primer ministro indio, Narendra Modi; el presidente ruso, Vladimir Putin; y la primera ministra de Nueva Zelanda, Jacinda Ardern. Vale acotar que, por ejemplo, China e India son los dos pa\u00edses m\u00e1s poblados del mundo, con 1444 millones de habitantes, y 1393 millones, respectivamente. Por su parte, Rusia tiene unos 145 millones de habitantes, mientras que la poblaci\u00f3n de Nueva Zelanda apenas supera los 5 millones.<\/p>\n\n\n\n<p>\u201cEstamos liderando. Ya agradezco a los que votaron y a los que no tuvieron la oportunidad de votar\u201d, dijo el mandatario brasile\u00f1o en su transmisi\u00f3n en vivo en las redes sociales la noche del jueves 25 de noviembre.<\/p>\n\n\n\n<p>\u201cYo estuve entre las 100 personas en 2019 y 2020, y ahora en 2021 estamos liderando [\u2026] Espero ganar, si me lo merezco\u201d, agreg\u00f3.<\/p>\n\n\n\n<p>De acuerdo con la revista&nbsp;<em>Time<\/em>, los nominados llegan a la tapa del reconocido medio tanto por su imagen positiva como negativa.<\/p>\n\n\n\n<p>Ciertamente el presidente Bolsonaro logra avivar pasiones contrapuestas. En el \u00e1mbito internacional, su nombre ha sido se\u00f1alado por el manejo de la pandemia en Brasil, llegando algunos a tildarlo como \u00abgenocida\u00bb.<\/p>\n\n\n\n<p>Si bien el n\u00famero total de muertes por causa del coronavirus es alto, ya que se han perdido m\u00e1s de 614.000 vidas, en t\u00e9rminos porcentuales es bajo. En comparaci\u00f3n con la poblaci\u00f3n, la cifra equivale al 0,29 %.<\/p>\n\n\n\n<p>Adem\u00e1s, el \u00edndice de recuperaci\u00f3n es alt\u00edsimo. De un total de 22.067.630 contagiados,\u00a0<a href=\"https:\/\/www.worldometers.info\/coronavirus\/\">21.282.804 se han recuperado<\/a>, es decir, la inmensa mayor\u00eda, entre ellos el presidente, el vicepresidente y la primera dama.<\/p>\n\n\n\n<h4 class=\"wp-block-heading\"><strong>Respaldo a Bolsonaro por defender la libertad de trabajar<\/strong><\/h4>\n\n\n\n<p>Mientras el mundo se paraliz\u00f3,\u00a0Brasil fue la primera econom\u00eda del continente que logr\u00f3 recuperarse\u00a0e incluso superar los niveles previos a la pandemia.<\/p>\n\n\n\n<p>Por esta raz\u00f3n el presidente Jair Bolsonaro ha logrado el respaldo de millones de brasile\u00f1os. Fue as\u00ed como un feriado hist\u00f3ricamente adjudicado a la izquierda pol\u00edtica, el 1 de mayo (d\u00eda del trabajador), en Brasil se volvi\u00f3 una fecha para exigir el derecho a la libertad de trabajar,\u00a0restringida por los gobernadores\u00a0y defendida por el presidente.<\/p>\n\n\n\n<p>Millones de brasile\u00f1os se congregaron en las principales ciudades del pa\u00eds para exigir libertad de trabajo, muchos de los cuales hoy est\u00e1n respaldando a su presidente para que sea reconocido como el \u00abPersonaje del a\u00f1o\u00bb en la portada de la revista\u00a0<em>Time<\/em>. Pues prioriz\u00f3 las libertades individuales por encima de los estrictos confinamientos, que seg\u00fan el mandatario, tambi\u00e9n \u00abmatan y hacen a los pobres m\u00e1s pobres\u00ab. As\u00ed lo afirm\u00f3 en marzo durante un acto p\u00fablico.<\/p>\n\n\n\n<p>Seg\u00fan rese\u00f1\u00f3 la agencia&nbsp;<em>EFE<\/em>, los&nbsp;<a href=\"https:\/\/www.swissinfo.ch\/spa\/brasil-pol%C3%ADtica_-espero-ganar---dice-bolsonaro-sobre-ser-personaje-del-a%C3%B1o-en-revista-time\/47142216\">simpatizantes de Bolsonaro se congregaron por medio de Telegram<\/a>&nbsp;para apoyar al mandatario en masa.<\/p>\n\n\n\n<p>Aunque el voto popular tiene un gran peso en el resultado, los editores de la revista toman la decisi\u00f3n final respecto a quien ser\u00e1 la \u201cPersonalidad del a\u00f1o\u201d de&nbsp;<em>Time<\/em>. Esto&nbsp;<a href=\"https:\/\/time.com\/person-of-the-year-reader-poll-2021\/\">se anunciar\u00e1 el 8 de diciembre<\/a>.<\/p>\n\n\n\n<h4 class=\"wp-block-heading\"><strong>Bolsonaro compite con celebridades y activistas<\/strong><\/h4>\n\n\n\n<p>Adem\u00e1s de Bolsonaro y otros l\u00edderes pol\u00edticos, tambi\u00e9n est\u00e1n en la disputa nombres como el del CEO de Facebook, Mark Zuckerberg, la cantante Britney Spears y grupos como inmigrantes haitianos y profesionales de la salud que han estado al frente de la lucha contra el COVID-19.<\/p>\n\n\n\n<p>Este concurso se realiza desde 1927. Los \u00faltimos elegidos fueron Joe Biden y su vicepresidente Kamala Harris en 2020. En 2019, la ambientalista Greta Thunberg fue la elegida.<\/p>\n\n\n\n<p>La eventual victoria de Bolsonaro ser\u00eda un pronunciado giro a la derecha en la portada de\u00a0<em>Time<\/em>, que lo pondr\u00eda en la mira mundial en plena campa\u00f1a electoral en la que busca la reelecci\u00f3n.<\/p>\n\n\n\n<h6 class=\"wp-block-heading\">Mamela Fiallo Flor &#8211; Panampost<\/h6>\n","protected":false},"excerpt":{"rendered":"<p>El presidente de Brasil lidera por amplia mayor\u00eda la votaci\u00f3n para ganarse la portada de la revista Time como personaje de 2021<\/p>\n","protected":false},"author":4,"featured_media":6998,"comment_status":"open","ping_status":"open","sticky":false,"template":"","format":"standard","meta":{"_monsterinsights_skip_tracking":false,"_monsterinsights_sitenote_active":false,"_monsterinsights_sitenote_note":"","_monsterinsights_sitenote_category":0,"footnotes":"","jetpack_publicize_message":"","jetpack_is_tweetstorm":false,"jetpack_publicize_feature_enabled":true},"categories":[173],"tags":[562,502,1036,667,1047],"ppma_author":[1051],"class_list":["post-8536","post","type-post","status-publish","format-standard","has-post-thumbnail","hentry","category-mundo","tag-bolsonaro","tag-brasil","tag-destacada","tag-jair-bolsonaro","tag-revista-time"],"jetpack_publicize_connections":[],"yoast_head":"<!-- This site is optimized with the Yoast SEO plugin v27.4 - https:\/\/yoast.com\/product\/yoast-seo-wordpress\/ -->\n<title>Bolsonaro se perfila como \u00abPersonaje del a\u00f1o\u00bb de Time con 76 % de votos - Informatepy<\/title>\n<meta name=\"robots\" content=\"index, follow, max-snippet:-1, max-image-preview:large, max-video-preview:-1\" \/>\n<link rel=\"canonical\" href=\"https:\/\/informatepy.com\/2021\/2021\/11\/28\/bolsonaro-se-perfila-como-personaje-del-ano-de-time-con-76-de-votos\/\" \/>\n<meta property=\"og:locale\" content=\"es_ES\" \/>\n<meta property=\"og:type\" content=\"article\" \/>\n<meta property=\"og:title\" content=\"Bolsonaro se perfila como \u00abPersonaje del a\u00f1o\u00bb de Time con 76 % de votos - Informatepy\" \/>\n<meta property=\"og:description\" content=\"El presidente de Brasil lidera por amplia mayor\u00eda la votaci\u00f3n para ganarse la portada de la revista Time como personaje de 2021\" \/>\n<meta property=\"og:url\" content=\"https:\/\/informatepy.com\/2021\/2021\/11\/28\/bolsonaro-se-perfila-como-personaje-del-ano-de-time-con-76-de-votos\/\" \/>\n<meta property=\"og:site_name\" content=\"Informatepy\" \/>\n<meta property=\"article:author\" content=\"https:\/\/www.facebook.com\/InformatePyCom\" \/>\n<meta property=\"article:published_time\" content=\"2021-11-28T08:02:00+00:00\" \/>\n<meta property=\"article:modified_time\" content=\"2021-11-28T13:07:23+00:00\" \/>\n<meta property=\"og:image\" content=\"https:\/\/informatepy.com\/2021\/wp-content\/uploads\/2021\/09\/bolsonaro.jpg\" \/>\n\t<meta property=\"og:image:width\" content=\"1500\" \/>\n\t<meta property=\"og:image:height\" content=\"1000\" \/>\n\t<meta property=\"og:image:type\" content=\"image\/jpeg\" \/>\n<meta name=\"author\" content=\"Redacci\u00f3n\" \/>\n<meta name=\"twitter:card\" content=\"summary_large_image\" \/>\n<meta name=\"twitter:creator\" content=\"@https:\/\/twitter.com\/InformatePy1\" \/>\n<meta name=\"twitter:label1\" content=\"Escrito por\" \/>\n\t<meta name=\"twitter:data1\" content=\"Redacci\u00f3n\" \/>\n\t<meta name=\"twitter:label2\" content=\"Tiempo de lectura\" \/>\n\t<meta name=\"twitter:data2\" content=\"4 minutos\" \/>\n<script type=\"application\/ld+json\" class=\"yoast-schema-graph\">{\"@context\":\"https:\\\/\\\/schema.org\",\"@graph\":[{\"@type\":\"Article\",\"@id\":\"https:\\\/\\\/informatepy.com\\\/2021\\\/2021\\\/11\\\/28\\\/bolsonaro-se-perfila-como-personaje-del-ano-de-time-con-76-de-votos\\\/#article\",\"isPartOf\":{\"@id\":\"https:\\\/\\\/informatepy.com\\\/2021\\\/2021\\\/11\\\/28\\\/bolsonaro-se-perfila-como-personaje-del-ano-de-time-con-76-de-votos\\\/\"},\"author\":{\"name\":\"Redacci\u00f3n\",\"@id\":\"https:\\\/\\\/informatepy.com\\\/2021\\\/#\\\/schema\\\/person\\\/0c842f525f84ea74ef3b44370d11757b\"},\"headline\":\"Bolsonaro se perfila como \u00abPersonaje del a\u00f1o\u00bb de Time con 76 % de votos\",\"datePublished\":\"2021-11-28T08:02:00+00:00\",\"dateModified\":\"2021-11-28T13:07:23+00:00\",\"mainEntityOfPage\":{\"@id\":\"https:\\\/\\\/informatepy.com\\\/2021\\\/2021\\\/11\\\/28\\\/bolsonaro-se-perfila-como-personaje-del-ano-de-time-con-76-de-votos\\\/\"},\"wordCount\":795,\"commentCount\":1,\"publisher\":{\"@id\":\"https:\\\/\\\/informatepy.com\\\/2021\\\/#\\\/schema\\\/person\\\/edd302c981d6ba4596191719d1025a8a\"},\"image\":{\"@id\":\"https:\\\/\\\/informatepy.com\\\/2021\\\/2021\\\/11\\\/28\\\/bolsonaro-se-perfila-como-personaje-del-ano-de-time-con-76-de-votos\\\/#primaryimage\"},\"thumbnailUrl\":\"https:\\\/\\\/i0.wp.com\\\/informatepy.com\\\/2021\\\/wp-content\\\/uploads\\\/2021\\\/09\\\/bolsonaro.jpg?fit=1500%2C1000&ssl=1\",\"keywords\":[\"bolsonaro\",\"brasil\",\"destacada\",\"jair bolsonaro\",\"revista time\"],\"articleSection\":[\"Mundo\"],\"inLanguage\":\"es\",\"potentialAction\":[{\"@type\":\"CommentAction\",\"name\":\"Comment\",\"target\":[\"https:\\\/\\\/informatepy.com\\\/2021\\\/2021\\\/11\\\/28\\\/bolsonaro-se-perfila-como-personaje-del-ano-de-time-con-76-de-votos\\\/#respond\"]}]},{\"@type\":\"WebPage\",\"@id\":\"https:\\\/\\\/informatepy.com\\\/2021\\\/2021\\\/11\\\/28\\\/bolsonaro-se-perfila-como-personaje-del-ano-de-time-con-76-de-votos\\\/\",\"url\":\"https:\\\/\\\/informatepy.com\\\/2021\\\/2021\\\/11\\\/28\\\/bolsonaro-se-perfila-como-personaje-del-ano-de-time-con-76-de-votos\\\/\",\"name\":\"Bolsonaro se perfila como \u00abPersonaje del a\u00f1o\u00bb de Time con 76 % de votos - Informatepy\",\"isPartOf\":{\"@id\":\"https:\\\/\\\/informatepy.com\\\/2021\\\/#website\"},\"primaryImageOfPage\":{\"@id\":\"https:\\\/\\\/informatepy.com\\\/2021\\\/2021\\\/11\\\/28\\\/bolsonaro-se-perfila-como-personaje-del-ano-de-time-con-76-de-votos\\\/#primaryimage\"},\"image\":{\"@id\":\"https:\\\/\\\/informatepy.com\\\/2021\\\/2021\\\/11\\\/28\\\/bolsonaro-se-perfila-como-personaje-del-ano-de-time-con-76-de-votos\\\/#primaryimage\"},\"thumbnailUrl\":\"https:\\\/\\\/i0.wp.com\\\/informatepy.com\\\/2021\\\/wp-content\\\/uploads\\\/2021\\\/09\\\/bolsonaro.jpg?fit=1500%2C1000&ssl=1\",\"datePublished\":\"2021-11-28T08:02:00+00:00\",\"dateModified\":\"2021-11-28T13:07:23+00:00\",\"breadcrumb\":{\"@id\":\"https:\\\/\\\/informatepy.com\\\/2021\\\/2021\\\/11\\\/28\\\/bolsonaro-se-perfila-como-personaje-del-ano-de-time-con-76-de-votos\\\/#breadcrumb\"},\"inLanguage\":\"es\",\"potentialAction\":[{\"@type\":\"ReadAction\",\"target\":[\"https:\\\/\\\/informatepy.com\\\/2021\\\/2021\\\/11\\\/28\\\/bolsonaro-se-perfila-como-personaje-del-ano-de-time-con-76-de-votos\\\/\"]}]},{\"@type\":\"ImageObject\",\"inLanguage\":\"es\",\"@id\":\"https:\\\/\\\/informatepy.com\\\/2021\\\/2021\\\/11\\\/28\\\/bolsonaro-se-perfila-como-personaje-del-ano-de-time-con-76-de-votos\\\/#primaryimage\",\"url\":\"https:\\\/\\\/i0.wp.com\\\/informatepy.com\\\/2021\\\/wp-content\\\/uploads\\\/2021\\\/09\\\/bolsonaro.jpg?fit=1500%2C1000&ssl=1\",\"contentUrl\":\"https:\\\/\\\/i0.wp.com\\\/informatepy.com\\\/2021\\\/wp-content\\\/uploads\\\/2021\\\/09\\\/bolsonaro.jpg?fit=1500%2C1000&ssl=1\",\"width\":1500,\"height\":1000},{\"@type\":\"BreadcrumbList\",\"@id\":\"https:\\\/\\\/informatepy.com\\\/2021\\\/2021\\\/11\\\/28\\\/bolsonaro-se-perfila-como-personaje-del-ano-de-time-con-76-de-votos\\\/#breadcrumb\",\"itemListElement\":[{\"@type\":\"ListItem\",\"position\":1,\"name\":\"Portada\",\"item\":\"https:\\\/\\\/informatepy.com\\\/2021\\\/\"},{\"@type\":\"ListItem\",\"position\":2,\"name\":\"Bolsonaro se perfila como \u00abPersonaje del a\u00f1o\u00bb de Time con 76 % de votos\"}]},{\"@type\":\"WebSite\",\"@id\":\"https:\\\/\\\/informatepy.com\\\/2021\\\/#website\",\"url\":\"https:\\\/\\\/informatepy.com\\\/2021\\\/\",\"name\":\"Informatepy\",\"description\":\"La verdad, siempre!\",\"publisher\":{\"@id\":\"https:\\\/\\\/informatepy.com\\\/2021\\\/#\\\/schema\\\/person\\\/edd302c981d6ba4596191719d1025a8a\"},\"potentialAction\":[{\"@type\":\"SearchAction\",\"target\":{\"@type\":\"EntryPoint\",\"urlTemplate\":\"https:\\\/\\\/informatepy.com\\\/2021\\\/?s={search_term_string}\"},\"query-input\":{\"@type\":\"PropertyValueSpecification\",\"valueRequired\":true,\"valueName\":\"search_term_string\"}}],\"inLanguage\":\"es\"},{\"@type\":[\"Person\",\"Organization\"],\"@id\":\"https:\\\/\\\/informatepy.com\\\/2021\\\/#\\\/schema\\\/person\\\/edd302c981d6ba4596191719d1025a8a\",\"name\":\"admin\",\"image\":{\"@type\":\"ImageObject\",\"inLanguage\":\"es\",\"@id\":\"https:\\\/\\\/secure.gravatar.com\\\/avatar\\\/5310f602b6cbcfb86e030c4ccdbb78f6565a3b9bab6a74ab80fd3cb5428b65af?s=96&d=mm&r=g\",\"url\":\"https:\\\/\\\/secure.gravatar.com\\\/avatar\\\/5310f602b6cbcfb86e030c4ccdbb78f6565a3b9bab6a74ab80fd3cb5428b65af?s=96&d=mm&r=g\",\"contentUrl\":\"https:\\\/\\\/secure.gravatar.com\\\/avatar\\\/5310f602b6cbcfb86e030c4ccdbb78f6565a3b9bab6a74ab80fd3cb5428b65af?s=96&d=mm&r=g\",\"caption\":\"admin\"},\"logo\":{\"@id\":\"https:\\\/\\\/secure.gravatar.com\\\/avatar\\\/5310f602b6cbcfb86e030c4ccdbb78f6565a3b9bab6a74ab80fd3cb5428b65af?s=96&d=mm&r=g\"},\"sameAs\":[\"http:\\\/\\\/informatepy.com\\\/2021\"]},{\"@type\":\"Person\",\"@id\":\"https:\\\/\\\/informatepy.com\\\/2021\\\/#\\\/schema\\\/person\\\/0c842f525f84ea74ef3b44370d11757b\",\"name\":\"Redacci\u00f3n\",\"image\":{\"@type\":\"ImageObject\",\"inLanguage\":\"es\",\"@id\":\"https:\\\/\\\/i0.wp.com\\\/informatepy.com\\\/2021\\\/wp-content\\\/uploads\\\/2021\\\/02\\\/informate-circulo.png?fit=96%2C96&ssl=1\",\"url\":\"https:\\\/\\\/i0.wp.com\\\/informatepy.com\\\/2021\\\/wp-content\\\/uploads\\\/2021\\\/02\\\/informate-circulo.png?fit=96%2C96&ssl=1\",\"contentUrl\":\"https:\\\/\\\/i0.wp.com\\\/informatepy.com\\\/2021\\\/wp-content\\\/uploads\\\/2021\\\/02\\\/informate-circulo.png?fit=96%2C96&ssl=1\",\"caption\":\"Redacci\u00f3n\"},\"sameAs\":[\"https:\\\/\\\/www.facebook.com\\\/InformatePyCom\",\"https:\\\/\\\/x.com\\\/https:\\\/\\\/twitter.com\\\/InformatePy1\"],\"url\":\"https:\\\/\\\/informatepy.com\\\/2021\\\/author\\\/redaccion\\\/\"}]}<\/script>\n<!-- \/ Yoast SEO plugin. -->","yoast_head_json":{"title":"Bolsonaro se perfila como \u00abPersonaje del a\u00f1o\u00bb de Time con 76 % de votos - Informatepy","robots":{"index":"index","follow":"follow","max-snippet":"max-snippet:-1","max-image-preview":"max-image-preview:large","max-video-preview":"max-video-preview:-1"},"canonical":"https:\/\/informatepy.com\/2021\/2021\/11\/28\/bolsonaro-se-perfila-como-personaje-del-ano-de-time-con-76-de-votos\/","og_locale":"es_ES","og_type":"article","og_title":"Bolsonaro se perfila como \u00abPersonaje del a\u00f1o\u00bb de Time con 76 % de votos - Informatepy","og_description":"El presidente de Brasil lidera por amplia mayor\u00eda la votaci\u00f3n para ganarse la portada de la revista Time como personaje de 2021","og_url":"https:\/\/informatepy.com\/2021\/2021\/11\/28\/bolsonaro-se-perfila-como-personaje-del-ano-de-time-con-76-de-votos\/","og_site_name":"Informatepy","article_author":"https:\/\/www.facebook.com\/InformatePyCom","article_published_time":"2021-11-28T08:02:00+00:00","article_modified_time":"2021-11-28T13:07:23+00:00","og_image":[{"width":1500,"height":1000,"url":"https:\/\/informatepy.com\/2021\/wp-content\/uploads\/2021\/09\/bolsonaro.jpg","type":"image\/jpeg"}],"author":"Redacci\u00f3n","twitter_card":"summary_large_image","twitter_creator":"@https:\/\/twitter.com\/InformatePy1","twitter_misc":{"Escrito por":"Redacci\u00f3n","Tiempo de lectura":"4 minutos"},"schema":{"@context":"https:\/\/schema.org","@graph":[{"@type":"Article","@id":"https:\/\/informatepy.com\/2021\/2021\/11\/28\/bolsonaro-se-perfila-como-personaje-del-ano-de-time-con-76-de-votos\/#article","isPartOf":{"@id":"https:\/\/informatepy.com\/2021\/2021\/11\/28\/bolsonaro-se-perfila-como-personaje-del-ano-de-time-con-76-de-votos\/"},"author":{"name":"Redacci\u00f3n","@id":"https:\/\/informatepy.com\/2021\/#\/schema\/person\/0c842f525f84ea74ef3b44370d11757b"},"headline":"Bolsonaro se perfila como \u00abPersonaje del a\u00f1o\u00bb de Time con 76 % de votos","datePublished":"2021-11-28T08:02:00+00:00","dateModified":"2021-11-28T13:07:23+00:00","mainEntityOfPage":{"@id":"https:\/\/informatepy.com\/2021\/2021\/11\/28\/bolsonaro-se-perfila-como-personaje-del-ano-de-time-con-76-de-votos\/"},"wordCount":795,"commentCount":1,"publisher":{"@id":"https:\/\/informatepy.com\/2021\/#\/schema\/person\/edd302c981d6ba4596191719d1025a8a"},"image":{"@id":"https:\/\/informatepy.com\/2021\/2021\/11\/28\/bolsonaro-se-perfila-como-personaje-del-ano-de-time-con-76-de-votos\/#primaryimage"},"thumbnailUrl":"https:\/\/i0.wp.com\/informatepy.com\/2021\/wp-content\/uploads\/2021\/09\/bolsonaro.jpg?fit=1500%2C1000&ssl=1","keywords":["bolsonaro","brasil","destacada","jair bolsonaro","revista time"],"articleSection":["Mundo"],"inLanguage":"es","potentialAction":[{"@type":"CommentAction","name":"Comment","target":["https:\/\/informatepy.com\/2021\/2021\/11\/28\/bolsonaro-se-perfila-como-personaje-del-ano-de-time-con-76-de-votos\/#respond"]}]},{"@type":"WebPage","@id":"https:\/\/informatepy.com\/2021\/2021\/11\/28\/bolsonaro-se-perfila-como-personaje-del-ano-de-time-con-76-de-votos\/","url":"https:\/\/informatepy.com\/2021\/2021\/11\/28\/bolsonaro-se-perfila-como-personaje-del-ano-de-time-con-76-de-votos\/","name":"Bolsonaro se perfila como \u00abPersonaje del a\u00f1o\u00bb de Time con 76 % de votos - Informatepy","isPartOf":{"@id":"https:\/\/informatepy.com\/2021\/#website"},"primaryImageOfPage":{"@id":"https:\/\/informatepy.com\/2021\/2021\/11\/28\/bolsonaro-se-perfila-como-personaje-del-ano-de-time-con-76-de-votos\/#primaryimage"},"image":{"@id":"https:\/\/informatepy.com\/2021\/2021\/11\/28\/bolsonaro-se-perfila-como-personaje-del-ano-de-time-con-76-de-votos\/#primaryimage"},"thumbnailUrl":"https:\/\/i0.wp.com\/informatepy.com\/2021\/wp-content\/uploads\/2021\/09\/bolsonaro.jpg?fit=1500%2C1000&ssl=1","datePublished":"2021-11-28T08:02:00+00:00","dateModified":"2021-11-28T13:07:23+00:00","breadcrumb":{"@id":"https:\/\/informatepy.com\/2021\/2021\/11\/28\/bolsonaro-se-perfila-como-personaje-del-ano-de-time-con-76-de-votos\/#breadcrumb"},"inLanguage":"es","potentialAction":[{"@type":"ReadAction","target":["https:\/\/informatepy.com\/2021\/2021\/11\/28\/bolsonaro-se-perfila-como-personaje-del-ano-de-time-con-76-de-votos\/"]}]},{"@type":"ImageObject","inLanguage":"es","@id":"https:\/\/informatepy.com\/2021\/2021\/11\/28\/bolsonaro-se-perfila-como-personaje-del-ano-de-time-con-76-de-votos\/#primaryimage","url":"https:\/\/i0.wp.com\/informatepy.com\/2021\/wp-content\/uploads\/2021\/09\/bolsonaro.jpg?fit=1500%2C1000&ssl=1","contentUrl":"https:\/\/i0.wp.com\/informatepy.com\/2021\/wp-content\/uploads\/2021\/09\/bolsonaro.jpg?fit=1500%2C1000&ssl=1","width":1500,"height":1000},{"@type":"BreadcrumbList","@id":"https:\/\/informatepy.com\/2021\/2021\/11\/28\/bolsonaro-se-perfila-como-personaje-del-ano-de-time-con-76-de-votos\/#breadcrumb","itemListElement":[{"@type":"ListItem","position":1,"name":"Portada","item":"https:\/\/informatepy.com\/2021\/"},{"@type":"ListItem","position":2,"name":"Bolsonaro se perfila como \u00abPersonaje del a\u00f1o\u00bb de Time con 76 % de votos"}]},{"@type":"WebSite","@id":"https:\/\/informatepy.com\/2021\/#website","url":"https:\/\/informatepy.com\/2021\/","name":"Informatepy","description":"La verdad, siempre!","publisher":{"@id":"https:\/\/informatepy.com\/2021\/#\/schema\/person\/edd302c981d6ba4596191719d1025a8a"},"potentialAction":[{"@type":"SearchAction","target":{"@type":"EntryPoint","urlTemplate":"https:\/\/informatepy.com\/2021\/?s={search_term_string}"},"query-input":{"@type":"PropertyValueSpecification","valueRequired":true,"valueName":"search_term_string"}}],"inLanguage":"es"},{"@type":["Person","Organization"],"@id":"https:\/\/informatepy.com\/2021\/#\/schema\/person\/edd302c981d6ba4596191719d1025a8a","name":"admin","image":{"@type":"ImageObject","inLanguage":"es","@id":"https:\/\/secure.gravatar.com\/avatar\/5310f602b6cbcfb86e030c4ccdbb78f6565a3b9bab6a74ab80fd3cb5428b65af?s=96&d=mm&r=g","url":"https:\/\/secure.gravatar.com\/avatar\/5310f602b6cbcfb86e030c4ccdbb78f6565a3b9bab6a74ab80fd3cb5428b65af?s=96&d=mm&r=g","contentUrl":"https:\/\/secure.gravatar.com\/avatar\/5310f602b6cbcfb86e030c4ccdbb78f6565a3b9bab6a74ab80fd3cb5428b65af?s=96&d=mm&r=g","caption":"admin"},"logo":{"@id":"https:\/\/secure.gravatar.com\/avatar\/5310f602b6cbcfb86e030c4ccdbb78f6565a3b9bab6a74ab80fd3cb5428b65af?s=96&d=mm&r=g"},"sameAs":["http:\/\/informatepy.com\/2021"]},{"@type":"Person","@id":"https:\/\/informatepy.com\/2021\/#\/schema\/person\/0c842f525f84ea74ef3b44370d11757b","name":"Redacci\u00f3n","image":{"@type":"ImageObject","inLanguage":"es","@id":"https:\/\/i0.wp.com\/informatepy.com\/2021\/wp-content\/uploads\/2021\/02\/informate-circulo.png?fit=96%2C96&ssl=1","url":"https:\/\/i0.wp.com\/informatepy.com\/2021\/wp-content\/uploads\/2021\/02\/informate-circulo.png?fit=96%2C96&ssl=1","contentUrl":"https:\/\/i0.wp.com\/informatepy.com\/2021\/wp-content\/uploads\/2021\/02\/informate-circulo.png?fit=96%2C96&ssl=1","caption":"Redacci\u00f3n"},"sameAs":["https:\/\/www.facebook.com\/InformatePyCom","https:\/\/x.com\/https:\/\/twitter.com\/InformatePy1"],"url":"https:\/\/informatepy.com\/2021\/author\/redaccion\/"}]}},"jetpack_featured_media_url":"https:\/\/i0.wp.com\/informatepy.com\/2021\/wp-content\/uploads\/2021\/09\/bolsonaro.jpg?fit=1500%2C1000&ssl=1","jetpack_sharing_enabled":true,"jetpack_likes_enabled":true,"jetpack-related-posts":[{"id":8713,"url":"https:\/\/informatepy.com\/2021\/2021\/12\/08\/jair-bolsonaro-es-elegido-personalidad-del-ano-por-la-revista-time\/","url_meta":{"origin":8536,"position":0},"title":"Jair Bolsonaro es elegido personalidad del a\u00f1o por la revista Time","date":"8 de diciembre de 2021","format":false,"excerpt":"Qued\u00f3 por delante del expresidente estadounidense Donald Trump","rel":"","context":"En \u00abMundo\u00bb","img":{"alt_text":"","src":"https:\/\/i0.wp.com\/informatepy.com\/2021\/wp-content\/uploads\/2021\/12\/bolsonaro-time-magazine.jpg?fit=1200%2C763&ssl=1&resize=350%2C200","width":350,"height":200},"classes":[]},{"id":11543,"url":"https:\/\/informatepy.com\/2021\/2022\/05\/08\/todo-listo-en-brasil-para-el-fraude-eleccionario-en-favor-de-lula\/","url_meta":{"origin":8536,"position":1},"title":"Todo listo en Brasil para el fraude eleccionario en favor de Lula","date":"8 de mayo de 2022","format":false,"excerpt":"Seg\u00fan una publicaci\u00f3n de la Agencia Reuters, hist\u00f3rico vocero de la Casa Blanca, a fines de julio del a\u00f1o pasado, William Burns, Director de la Agencia Central de Inteligencia (CIA) viaj\u00f3 a Brasilia para \u201capretar\u201d a Jair Bolsonaro para que deje de cuestionar el sistema de votaci\u00f3n digital sin auditor\u00eda\u2026","rel":"","context":"En \u00abMundo\u00bb","img":{"alt_text":"","src":"https:\/\/i0.wp.com\/informatepy.com\/2021\/wp-content\/uploads\/2022\/05\/lula-silencio.jpg?fit=1200%2C730&ssl=1&resize=350%2C200","width":350,"height":200},"classes":[]},{"id":7091,"url":"https:\/\/informatepy.com\/2021\/2021\/09\/13\/amo-al-presidente-de-brasil-trabaja-duro-declaro-trump\/","url_meta":{"origin":8536,"position":2},"title":"\u00abAmo al presidente de Brasil, trabaja duro\u00bb, declar\u00f3 Trump","date":"13 de septiembre de 2021","format":false,"excerpt":"El republicano estadounidense Donald Trump elogi\u00f3 al presidente brasile\u00f1o\u00a0Jair Bolsonaro\u00a0este domingo por la ma\u00f1ana (12). La declaraci\u00f3n se hizo durante el evento de boxeo 'Triller Fight Club Legends II' en Florida.\u00a0El expresidente actu\u00f3 como uno de los comentaristas de la festividad. Al mencionar a Jair Bolsonaro, Donald Trump se llen\u00f3\u2026","rel":"","context":"En \u00abMundo\u00bb","img":{"alt_text":"","src":"https:\/\/i0.wp.com\/informatepy.com\/2021\/wp-content\/uploads\/2021\/09\/bolsonaro-y-trump.jpg?fit=1200%2C672&ssl=1&resize=350%2C200","width":350,"height":200},"classes":[]},{"id":7875,"url":"https:\/\/informatepy.com\/2021\/2021\/10\/22\/the-economist-contra-jair-bolsonaro\/","url_meta":{"origin":8536,"position":3},"title":"The Economist contra Jair Bolsonaro","date":"22 de octubre de 2021","format":false,"excerpt":"En un art\u00edculo lleno de valoraciones maliciosas e incluso mentirosas, \"The Economist\", atac\u00f3 una vez m\u00e1s a Jair Bolsonaro. Ayer la\u00a0Comisi\u00f3n Parlamentaria de Investigaci\u00f3n\u00a0(CPI), instalada por el\u00a0Senado de Brasil\u00a0para investigar acciones y omisiones del gobierno de\u00a0Jair Bolsonaro\u00a0frente a la pandemia por\u00a0Covid-19,\u00a0lleg\u00f3 a la recta final y propone sancionar al presidente\u2026","rel":"","context":"En \u00abMundo\u00bb","img":{"alt_text":"","src":"https:\/\/i0.wp.com\/informatepy.com\/2021\/wp-content\/uploads\/2021\/10\/bolsonaro-vs-globalismo.png?fit=1200%2C675&ssl=1&resize=350%2C200","width":350,"height":200},"classes":[]},{"id":5398,"url":"https:\/\/informatepy.com\/2021\/2021\/06\/18\/senado-de-brasil-se-suma-a-la-cultura-de-la-cancelacion-y-pide-censurar-a-bolsonaro-en-redes-sociales\/","url_meta":{"origin":8536,"position":4},"title":"Senado de Brasil se suma a la cultura de la \u00abCancelaci\u00f3n\u00bb y pide censurar a Bolsonaro en redes sociales","date":"18 de junio de 2021","format":false,"excerpt":"La comisi\u00f3n del Senado brasile\u00f1o que investiga la gesti\u00f3n de la pandemia en ese pa\u00eds acord\u00f3 exigir a las empresas de redes sociales que retiren de sus contenidos declaraciones del presidente Jair Bolsonaro que \"atentan contra la vida\". El senador Randolfe Rodrigues, del partido Red de Sostenibilidad (Socialista), afirm\u00f3 que\u2026","rel":"","context":"En \u00abDestacados\u00bb","img":{"alt_text":"","src":"https:\/\/i0.wp.com\/informatepy.com\/2021\/wp-content\/uploads\/2021\/06\/BOLSONARO-CENSURADO.jpg?fit=1200%2C720&ssl=1&resize=350%2C200","width":350,"height":200},"classes":[]},{"id":12014,"url":"https:\/\/informatepy.com\/2021\/2022\/06\/08\/a-menos-de-48-horas-de-verse-las-caras-jair-bolsonaro-vuelve-a-poner-en-duda-la-victoria-de-joe-biden\/","url_meta":{"origin":8536,"position":5},"title":"A menos de 48 horas de verse las caras, Jair Bolsonaro vuelve a poner en duda la victoria de Joe Biden","date":"8 de junio de 2022","format":false,"excerpt":"A menos de 2 d\u00edas de su reuni\u00f3n bilateral, Jair Bolsonaro, presidente de Brasil, vuelve a poner en duda la victoria de Joe Biden frente a Donald Trump.","rel":"","context":"En \u00abMundo\u00bb","img":{"alt_text":"","src":"https:\/\/i0.wp.com\/informatepy.com\/2021\/wp-content\/uploads\/2021\/09\/bolsonaro-y-trump.jpg?fit=1200%2C672&ssl=1&resize=350%2C200","width":350,"height":200},"classes":[]}],"authors":[{"term_id":1051,"user_id":4,"is_guest":0,"slug":"redaccion","display_name":"Redacci\u00f3n","avatar_url":"https:\/\/i0.wp.com\/informatepy.com\/2021\/wp-content\/uploads\/2021\/02\/informate-circulo.png?fit=96%2C96&ssl=1","first_name":"Redacci\u00f3n","last_name":"","user_url":"","description":""}],"amp_enabled":true,"_links":{"self":[{"href":"https:\/\/informatepy.com\/2021\/wp-json\/wp\/v2\/posts\/8536","targetHints":{"allow":["GET"]}}],"collection":[{"href":"https:\/\/informatepy.com\/2021\/wp-json\/wp\/v2\/posts"}],"about":[{"href":"https:\/\/informatepy.com\/2021\/wp-json\/wp\/v2\/types\/post"}],"author":[{"embeddable":true,"href":"https:\/\/informatepy.com\/2021\/wp-json\/wp\/v2\/users\/4"}],"replies":[{"embeddable":true,"href":"https:\/\/informatepy.com\/2021\/wp-json\/wp\/v2\/comments?post=8536"}],"version-history":[{"count":1,"href":"https:\/\/informatepy.com\/2021\/wp-json\/wp\/v2\/posts\/8536\/revisions"}],"predecessor-version":[{"id":8537,"href":"https:\/\/informatepy.com\/2021\/wp-json\/wp\/v2\/posts\/8536\/revisions\/8537"}],"wp:featuredmedia":[{"embeddable":true,"href":"https:\/\/informatepy.com\/2021\/wp-json\/wp\/v2\/media\/6998"}],"wp:attachment":[{"href":"https:\/\/informatepy.com\/2021\/wp-json\/wp\/v2\/media?parent=8536"}],"wp:term":[{"taxonomy":"category","embeddable":true,"href":"https:\/\/informatepy.com\/2021\/wp-json\/wp\/v2\/categories?post=8536"},{"taxonomy":"post_tag","embeddable":true,"href":"https:\/\/informatepy.com\/2021\/wp-json\/wp\/v2\/tags?post=8536"},{"taxonomy":"author","embeddable":true,"href":"https:\/\/informatepy.com\/2021\/wp-json\/wp\/v2\/ppma_author?post=8536"}],"curies":[{"name":"wp","href":"https:\/\/api.w.org\/{rel}","templated":true}]}}