{"id":8394,"date":"2021-11-20T05:31:00","date_gmt":"2021-11-20T09:31:00","guid":{"rendered":"https:\/\/informatepy.com\/2021\/?p=8394"},"modified":"2021-11-19T19:38:49","modified_gmt":"2021-11-19T23:38:49","slug":"vamos-a-tener-que-regular-las-redes-sociales-dice-lula","status":"publish","type":"post","link":"https:\/\/informatepy.com\/2021\/2021\/11\/20\/vamos-a-tener-que-regular-las-redes-sociales-dice-lula\/","title":{"rendered":"\u00abVamos a tener que regular las redes sociales\u00bb, dice Lula"},"content":{"rendered":"\n<p>El expresidente <strong>Luiz In\u00e1cio Lula da Silva<\/strong>, quien en sus discursos ya ha defendido la regulaci\u00f3n de los medios, afirm\u00f3 este jueves, que es necesario colocar un <strong>\u00abpar\u00e1metro\u00bb<\/strong> en las redes sociales e internet.<\/p>\n\n\n\n<p><strong><em>\u00abVamos a tener que regular las redes sociales, regular internet, poner un par\u00e1metro. Una cosa es que uses los medios para educar. Otra cosa es hacer el mal, decir mentiras, causar da\u00f1o a la sociedad\u00bb<\/em><\/strong>, dijo Lula en declaraciones al grupo S&amp;D, en Bruselas, B\u00e9lgica.<\/p>\n\n\n\n<p>El ex presidente brasilero (PT) tambi\u00e9n defendi\u00f3 la responsabilidad de los due\u00f1os de la plataforma por el contenido publicado que cause da\u00f1o a la sociedad.\u00a0<em><strong>\u00abEstas personas deben asumir la responsabilidad de no permitir que el mal se transmita para da\u00f1ar a las personas\u00bb<\/strong><\/em>, dijo.<\/p>\n","protected":false},"excerpt":{"rendered":"<p>El expresidente Luiz In\u00e1cio Lula da Silva, quien en sus discursos ya ha defendido la regulaci\u00f3n de los medios, afirm\u00f3 este jueves, que es necesario colocar un \u00abpar\u00e1metro\u00bb en las redes sociales e internet. \u00abVamos a tener que regular las redes sociales, regular internet, poner un par\u00e1metro. Una cosa es que uses los medios para [&hellip;]<\/p>\n","protected":false},"author":4,"featured_media":8395,"comment_status":"open","ping_status":"open","sticky":false,"template":"","format":"standard","meta":{"_monsterinsights_skip_tracking":false,"_monsterinsights_sitenote_active":false,"_monsterinsights_sitenote_note":"","_monsterinsights_sitenote_category":0,"footnotes":"","jetpack_publicize_message":"","jetpack_is_tweetstorm":false,"jetpack_publicize_feature_enabled":true},"categories":[173],"tags":[502,1036,976,944,1508,199,885],"ppma_author":[1051],"class_list":["post-8394","post","type-post","status-publish","format-standard","has-post-thumbnail","hentry","category-mundo","tag-brasil","tag-destacada","tag-izquierda","tag-izquierda-latinoamericana","tag-lula","tag-redes-sociales","tag-socialismo"],"jetpack_publicize_connections":[],"yoast_head":"<!-- This site is optimized with the Yoast SEO plugin v27.4 - https:\/\/yoast.com\/product\/yoast-seo-wordpress\/ -->\n<title>&quot;Vamos a tener que regular las redes sociales&quot;, dice Lula - Informatepy<\/title>\n<meta name=\"robots\" content=\"index, follow, max-snippet:-1, max-image-preview:large, max-video-preview:-1\" \/>\n<link rel=\"canonical\" href=\"https:\/\/informatepy.com\/2021\/2021\/11\/20\/vamos-a-tener-que-regular-las-redes-sociales-dice-lula\/\" \/>\n<meta property=\"og:locale\" content=\"es_ES\" \/>\n<meta property=\"og:type\" content=\"article\" \/>\n<meta property=\"og:title\" content=\"&quot;Vamos a tener que regular las redes sociales&quot;, dice Lula - Informatepy\" \/>\n<meta property=\"og:description\" content=\"El expresidente Luiz In\u00e1cio Lula da Silva, quien en sus discursos ya ha defendido la regulaci\u00f3n de los medios, afirm\u00f3 este jueves, que es necesario colocar un \u00abpar\u00e1metro\u00bb en las redes sociales e internet. \u00abVamos a tener que regular las redes sociales, regular internet, poner un par\u00e1metro. Una cosa es que uses los medios para [&hellip;]\" \/>\n<meta property=\"og:url\" content=\"https:\/\/informatepy.com\/2021\/2021\/11\/20\/vamos-a-tener-que-regular-las-redes-sociales-dice-lula\/\" \/>\n<meta property=\"og:site_name\" content=\"Informatepy\" \/>\n<meta property=\"article:author\" content=\"https:\/\/www.facebook.com\/InformatePyCom\" \/>\n<meta property=\"article:published_time\" content=\"2021-11-20T09:31:00+00:00\" \/>\n<meta property=\"og:image\" content=\"https:\/\/i0.wp.com\/informatepy.com\/2021\/wp-content\/uploads\/2021\/11\/lula-puno-en-alto.jpg?fit=1024%2C749&ssl=1\" \/>\n\t<meta property=\"og:image:width\" content=\"1024\" \/>\n\t<meta property=\"og:image:height\" content=\"749\" \/>\n\t<meta property=\"og:image:type\" content=\"image\/jpeg\" \/>\n<meta name=\"author\" content=\"Redacci\u00f3n\" \/>\n<meta name=\"twitter:card\" content=\"summary_large_image\" \/>\n<meta name=\"twitter:creator\" content=\"@https:\/\/twitter.com\/InformatePy1\" \/>\n<meta name=\"twitter:label1\" content=\"Escrito por\" \/>\n\t<meta name=\"twitter:data1\" content=\"Redacci\u00f3n\" \/>\n\t<meta name=\"twitter:label2\" content=\"Tiempo de lectura\" \/>\n\t<meta name=\"twitter:data2\" content=\"1 minuto\" \/>\n<script type=\"application\/ld+json\" class=\"yoast-schema-graph\">{\"@context\":\"https:\\\/\\\/schema.org\",\"@graph\":[{\"@type\":\"Article\",\"@id\":\"https:\\\/\\\/informatepy.com\\\/2021\\\/2021\\\/11\\\/20\\\/vamos-a-tener-que-regular-las-redes-sociales-dice-lula\\\/#article\",\"isPartOf\":{\"@id\":\"https:\\\/\\\/informatepy.com\\\/2021\\\/2021\\\/11\\\/20\\\/vamos-a-tener-que-regular-las-redes-sociales-dice-lula\\\/\"},\"author\":{\"name\":\"Redacci\u00f3n\",\"@id\":\"https:\\\/\\\/informatepy.com\\\/2021\\\/#\\\/schema\\\/person\\\/0c842f525f84ea74ef3b44370d11757b\"},\"headline\":\"\u00abVamos a tener que regular las redes sociales\u00bb, dice Lula\",\"datePublished\":\"2021-11-20T09:31:00+00:00\",\"mainEntityOfPage\":{\"@id\":\"https:\\\/\\\/informatepy.com\\\/2021\\\/2021\\\/11\\\/20\\\/vamos-a-tener-que-regular-las-redes-sociales-dice-lula\\\/\"},\"wordCount\":146,\"commentCount\":0,\"publisher\":{\"@id\":\"https:\\\/\\\/informatepy.com\\\/2021\\\/#\\\/schema\\\/person\\\/edd302c981d6ba4596191719d1025a8a\"},\"image\":{\"@id\":\"https:\\\/\\\/informatepy.com\\\/2021\\\/2021\\\/11\\\/20\\\/vamos-a-tener-que-regular-las-redes-sociales-dice-lula\\\/#primaryimage\"},\"thumbnailUrl\":\"https:\\\/\\\/i0.wp.com\\\/informatepy.com\\\/2021\\\/wp-content\\\/uploads\\\/2021\\\/11\\\/lula-puno-en-alto.jpg?fit=1024%2C749&ssl=1\",\"keywords\":[\"brasil\",\"destacada\",\"izquierda\",\"izquierda latinoamericana\",\"lula\",\"redes sociales\",\"socialismo\"],\"articleSection\":[\"Mundo\"],\"inLanguage\":\"es\",\"potentialAction\":[{\"@type\":\"CommentAction\",\"name\":\"Comment\",\"target\":[\"https:\\\/\\\/informatepy.com\\\/2021\\\/2021\\\/11\\\/20\\\/vamos-a-tener-que-regular-las-redes-sociales-dice-lula\\\/#respond\"]}]},{\"@type\":\"WebPage\",\"@id\":\"https:\\\/\\\/informatepy.com\\\/2021\\\/2021\\\/11\\\/20\\\/vamos-a-tener-que-regular-las-redes-sociales-dice-lula\\\/\",\"url\":\"https:\\\/\\\/informatepy.com\\\/2021\\\/2021\\\/11\\\/20\\\/vamos-a-tener-que-regular-las-redes-sociales-dice-lula\\\/\",\"name\":\"\\\"Vamos a tener que regular las redes sociales\\\", dice Lula - Informatepy\",\"isPartOf\":{\"@id\":\"https:\\\/\\\/informatepy.com\\\/2021\\\/#website\"},\"primaryImageOfPage\":{\"@id\":\"https:\\\/\\\/informatepy.com\\\/2021\\\/2021\\\/11\\\/20\\\/vamos-a-tener-que-regular-las-redes-sociales-dice-lula\\\/#primaryimage\"},\"image\":{\"@id\":\"https:\\\/\\\/informatepy.com\\\/2021\\\/2021\\\/11\\\/20\\\/vamos-a-tener-que-regular-las-redes-sociales-dice-lula\\\/#primaryimage\"},\"thumbnailUrl\":\"https:\\\/\\\/i0.wp.com\\\/informatepy.com\\\/2021\\\/wp-content\\\/uploads\\\/2021\\\/11\\\/lula-puno-en-alto.jpg?fit=1024%2C749&ssl=1\",\"datePublished\":\"2021-11-20T09:31:00+00:00\",\"breadcrumb\":{\"@id\":\"https:\\\/\\\/informatepy.com\\\/2021\\\/2021\\\/11\\\/20\\\/vamos-a-tener-que-regular-las-redes-sociales-dice-lula\\\/#breadcrumb\"},\"inLanguage\":\"es\",\"potentialAction\":[{\"@type\":\"ReadAction\",\"target\":[\"https:\\\/\\\/informatepy.com\\\/2021\\\/2021\\\/11\\\/20\\\/vamos-a-tener-que-regular-las-redes-sociales-dice-lula\\\/\"]}]},{\"@type\":\"ImageObject\",\"inLanguage\":\"es\",\"@id\":\"https:\\\/\\\/informatepy.com\\\/2021\\\/2021\\\/11\\\/20\\\/vamos-a-tener-que-regular-las-redes-sociales-dice-lula\\\/#primaryimage\",\"url\":\"https:\\\/\\\/i0.wp.com\\\/informatepy.com\\\/2021\\\/wp-content\\\/uploads\\\/2021\\\/11\\\/lula-puno-en-alto.jpg?fit=1024%2C749&ssl=1\",\"contentUrl\":\"https:\\\/\\\/i0.wp.com\\\/informatepy.com\\\/2021\\\/wp-content\\\/uploads\\\/2021\\\/11\\\/lula-puno-en-alto.jpg?fit=1024%2C749&ssl=1\",\"width\":1024,\"height\":749},{\"@type\":\"BreadcrumbList\",\"@id\":\"https:\\\/\\\/informatepy.com\\\/2021\\\/2021\\\/11\\\/20\\\/vamos-a-tener-que-regular-las-redes-sociales-dice-lula\\\/#breadcrumb\",\"itemListElement\":[{\"@type\":\"ListItem\",\"position\":1,\"name\":\"Portada\",\"item\":\"https:\\\/\\\/informatepy.com\\\/2021\\\/\"},{\"@type\":\"ListItem\",\"position\":2,\"name\":\"\u00abVamos a tener que regular las redes sociales\u00bb, dice Lula\"}]},{\"@type\":\"WebSite\",\"@id\":\"https:\\\/\\\/informatepy.com\\\/2021\\\/#website\",\"url\":\"https:\\\/\\\/informatepy.com\\\/2021\\\/\",\"name\":\"Informatepy\",\"description\":\"La verdad, siempre!\",\"publisher\":{\"@id\":\"https:\\\/\\\/informatepy.com\\\/2021\\\/#\\\/schema\\\/person\\\/edd302c981d6ba4596191719d1025a8a\"},\"potentialAction\":[{\"@type\":\"SearchAction\",\"target\":{\"@type\":\"EntryPoint\",\"urlTemplate\":\"https:\\\/\\\/informatepy.com\\\/2021\\\/?s={search_term_string}\"},\"query-input\":{\"@type\":\"PropertyValueSpecification\",\"valueRequired\":true,\"valueName\":\"search_term_string\"}}],\"inLanguage\":\"es\"},{\"@type\":[\"Person\",\"Organization\"],\"@id\":\"https:\\\/\\\/informatepy.com\\\/2021\\\/#\\\/schema\\\/person\\\/edd302c981d6ba4596191719d1025a8a\",\"name\":\"admin\",\"image\":{\"@type\":\"ImageObject\",\"inLanguage\":\"es\",\"@id\":\"https:\\\/\\\/secure.gravatar.com\\\/avatar\\\/5310f602b6cbcfb86e030c4ccdbb78f6565a3b9bab6a74ab80fd3cb5428b65af?s=96&d=mm&r=g\",\"url\":\"https:\\\/\\\/secure.gravatar.com\\\/avatar\\\/5310f602b6cbcfb86e030c4ccdbb78f6565a3b9bab6a74ab80fd3cb5428b65af?s=96&d=mm&r=g\",\"contentUrl\":\"https:\\\/\\\/secure.gravatar.com\\\/avatar\\\/5310f602b6cbcfb86e030c4ccdbb78f6565a3b9bab6a74ab80fd3cb5428b65af?s=96&d=mm&r=g\",\"caption\":\"admin\"},\"logo\":{\"@id\":\"https:\\\/\\\/secure.gravatar.com\\\/avatar\\\/5310f602b6cbcfb86e030c4ccdbb78f6565a3b9bab6a74ab80fd3cb5428b65af?s=96&d=mm&r=g\"},\"sameAs\":[\"http:\\\/\\\/informatepy.com\\\/2021\"]},{\"@type\":\"Person\",\"@id\":\"https:\\\/\\\/informatepy.com\\\/2021\\\/#\\\/schema\\\/person\\\/0c842f525f84ea74ef3b44370d11757b\",\"name\":\"Redacci\u00f3n\",\"image\":{\"@type\":\"ImageObject\",\"inLanguage\":\"es\",\"@id\":\"https:\\\/\\\/i0.wp.com\\\/informatepy.com\\\/2021\\\/wp-content\\\/uploads\\\/2021\\\/02\\\/informate-circulo.png?fit=96%2C96&ssl=1\",\"url\":\"https:\\\/\\\/i0.wp.com\\\/informatepy.com\\\/2021\\\/wp-content\\\/uploads\\\/2021\\\/02\\\/informate-circulo.png?fit=96%2C96&ssl=1\",\"contentUrl\":\"https:\\\/\\\/i0.wp.com\\\/informatepy.com\\\/2021\\\/wp-content\\\/uploads\\\/2021\\\/02\\\/informate-circulo.png?fit=96%2C96&ssl=1\",\"caption\":\"Redacci\u00f3n\"},\"sameAs\":[\"https:\\\/\\\/www.facebook.com\\\/InformatePyCom\",\"https:\\\/\\\/x.com\\\/https:\\\/\\\/twitter.com\\\/InformatePy1\"],\"url\":\"https:\\\/\\\/informatepy.com\\\/2021\\\/author\\\/redaccion\\\/\"}]}<\/script>\n<!-- \/ Yoast SEO plugin. -->","yoast_head_json":{"title":"\"Vamos a tener que regular las redes sociales\", dice Lula - Informatepy","robots":{"index":"index","follow":"follow","max-snippet":"max-snippet:-1","max-image-preview":"max-image-preview:large","max-video-preview":"max-video-preview:-1"},"canonical":"https:\/\/informatepy.com\/2021\/2021\/11\/20\/vamos-a-tener-que-regular-las-redes-sociales-dice-lula\/","og_locale":"es_ES","og_type":"article","og_title":"\"Vamos a tener que regular las redes sociales\", dice Lula - Informatepy","og_description":"El expresidente Luiz In\u00e1cio Lula da Silva, quien en sus discursos ya ha defendido la regulaci\u00f3n de los medios, afirm\u00f3 este jueves, que es necesario colocar un \u00abpar\u00e1metro\u00bb en las redes sociales e internet. \u00abVamos a tener que regular las redes sociales, regular internet, poner un par\u00e1metro. Una cosa es que uses los medios para [&hellip;]","og_url":"https:\/\/informatepy.com\/2021\/2021\/11\/20\/vamos-a-tener-que-regular-las-redes-sociales-dice-lula\/","og_site_name":"Informatepy","article_author":"https:\/\/www.facebook.com\/InformatePyCom","article_published_time":"2021-11-20T09:31:00+00:00","og_image":[{"width":1024,"height":749,"url":"https:\/\/i0.wp.com\/informatepy.com\/2021\/wp-content\/uploads\/2021\/11\/lula-puno-en-alto.jpg?fit=1024%2C749&ssl=1","type":"image\/jpeg"}],"author":"Redacci\u00f3n","twitter_card":"summary_large_image","twitter_creator":"@https:\/\/twitter.com\/InformatePy1","twitter_misc":{"Escrito por":"Redacci\u00f3n","Tiempo de lectura":"1 minuto"},"schema":{"@context":"https:\/\/schema.org","@graph":[{"@type":"Article","@id":"https:\/\/informatepy.com\/2021\/2021\/11\/20\/vamos-a-tener-que-regular-las-redes-sociales-dice-lula\/#article","isPartOf":{"@id":"https:\/\/informatepy.com\/2021\/2021\/11\/20\/vamos-a-tener-que-regular-las-redes-sociales-dice-lula\/"},"author":{"name":"Redacci\u00f3n","@id":"https:\/\/informatepy.com\/2021\/#\/schema\/person\/0c842f525f84ea74ef3b44370d11757b"},"headline":"\u00abVamos a tener que regular las redes sociales\u00bb, dice Lula","datePublished":"2021-11-20T09:31:00+00:00","mainEntityOfPage":{"@id":"https:\/\/informatepy.com\/2021\/2021\/11\/20\/vamos-a-tener-que-regular-las-redes-sociales-dice-lula\/"},"wordCount":146,"commentCount":0,"publisher":{"@id":"https:\/\/informatepy.com\/2021\/#\/schema\/person\/edd302c981d6ba4596191719d1025a8a"},"image":{"@id":"https:\/\/informatepy.com\/2021\/2021\/11\/20\/vamos-a-tener-que-regular-las-redes-sociales-dice-lula\/#primaryimage"},"thumbnailUrl":"https:\/\/i0.wp.com\/informatepy.com\/2021\/wp-content\/uploads\/2021\/11\/lula-puno-en-alto.jpg?fit=1024%2C749&ssl=1","keywords":["brasil","destacada","izquierda","izquierda latinoamericana","lula","redes sociales","socialismo"],"articleSection":["Mundo"],"inLanguage":"es","potentialAction":[{"@type":"CommentAction","name":"Comment","target":["https:\/\/informatepy.com\/2021\/2021\/11\/20\/vamos-a-tener-que-regular-las-redes-sociales-dice-lula\/#respond"]}]},{"@type":"WebPage","@id":"https:\/\/informatepy.com\/2021\/2021\/11\/20\/vamos-a-tener-que-regular-las-redes-sociales-dice-lula\/","url":"https:\/\/informatepy.com\/2021\/2021\/11\/20\/vamos-a-tener-que-regular-las-redes-sociales-dice-lula\/","name":"\"Vamos a tener que regular las redes sociales\", dice Lula - Informatepy","isPartOf":{"@id":"https:\/\/informatepy.com\/2021\/#website"},"primaryImageOfPage":{"@id":"https:\/\/informatepy.com\/2021\/2021\/11\/20\/vamos-a-tener-que-regular-las-redes-sociales-dice-lula\/#primaryimage"},"image":{"@id":"https:\/\/informatepy.com\/2021\/2021\/11\/20\/vamos-a-tener-que-regular-las-redes-sociales-dice-lula\/#primaryimage"},"thumbnailUrl":"https:\/\/i0.wp.com\/informatepy.com\/2021\/wp-content\/uploads\/2021\/11\/lula-puno-en-alto.jpg?fit=1024%2C749&ssl=1","datePublished":"2021-11-20T09:31:00+00:00","breadcrumb":{"@id":"https:\/\/informatepy.com\/2021\/2021\/11\/20\/vamos-a-tener-que-regular-las-redes-sociales-dice-lula\/#breadcrumb"},"inLanguage":"es","potentialAction":[{"@type":"ReadAction","target":["https:\/\/informatepy.com\/2021\/2021\/11\/20\/vamos-a-tener-que-regular-las-redes-sociales-dice-lula\/"]}]},{"@type":"ImageObject","inLanguage":"es","@id":"https:\/\/informatepy.com\/2021\/2021\/11\/20\/vamos-a-tener-que-regular-las-redes-sociales-dice-lula\/#primaryimage","url":"https:\/\/i0.wp.com\/informatepy.com\/2021\/wp-content\/uploads\/2021\/11\/lula-puno-en-alto.jpg?fit=1024%2C749&ssl=1","contentUrl":"https:\/\/i0.wp.com\/informatepy.com\/2021\/wp-content\/uploads\/2021\/11\/lula-puno-en-alto.jpg?fit=1024%2C749&ssl=1","width":1024,"height":749},{"@type":"BreadcrumbList","@id":"https:\/\/informatepy.com\/2021\/2021\/11\/20\/vamos-a-tener-que-regular-las-redes-sociales-dice-lula\/#breadcrumb","itemListElement":[{"@type":"ListItem","position":1,"name":"Portada","item":"https:\/\/informatepy.com\/2021\/"},{"@type":"ListItem","position":2,"name":"\u00abVamos a tener que regular las redes sociales\u00bb, dice Lula"}]},{"@type":"WebSite","@id":"https:\/\/informatepy.com\/2021\/#website","url":"https:\/\/informatepy.com\/2021\/","name":"Informatepy","description":"La verdad, siempre!","publisher":{"@id":"https:\/\/informatepy.com\/2021\/#\/schema\/person\/edd302c981d6ba4596191719d1025a8a"},"potentialAction":[{"@type":"SearchAction","target":{"@type":"EntryPoint","urlTemplate":"https:\/\/informatepy.com\/2021\/?s={search_term_string}"},"query-input":{"@type":"PropertyValueSpecification","valueRequired":true,"valueName":"search_term_string"}}],"inLanguage":"es"},{"@type":["Person","Organization"],"@id":"https:\/\/informatepy.com\/2021\/#\/schema\/person\/edd302c981d6ba4596191719d1025a8a","name":"admin","image":{"@type":"ImageObject","inLanguage":"es","@id":"https:\/\/secure.gravatar.com\/avatar\/5310f602b6cbcfb86e030c4ccdbb78f6565a3b9bab6a74ab80fd3cb5428b65af?s=96&d=mm&r=g","url":"https:\/\/secure.gravatar.com\/avatar\/5310f602b6cbcfb86e030c4ccdbb78f6565a3b9bab6a74ab80fd3cb5428b65af?s=96&d=mm&r=g","contentUrl":"https:\/\/secure.gravatar.com\/avatar\/5310f602b6cbcfb86e030c4ccdbb78f6565a3b9bab6a74ab80fd3cb5428b65af?s=96&d=mm&r=g","caption":"admin"},"logo":{"@id":"https:\/\/secure.gravatar.com\/avatar\/5310f602b6cbcfb86e030c4ccdbb78f6565a3b9bab6a74ab80fd3cb5428b65af?s=96&d=mm&r=g"},"sameAs":["http:\/\/informatepy.com\/2021"]},{"@type":"Person","@id":"https:\/\/informatepy.com\/2021\/#\/schema\/person\/0c842f525f84ea74ef3b44370d11757b","name":"Redacci\u00f3n","image":{"@type":"ImageObject","inLanguage":"es","@id":"https:\/\/i0.wp.com\/informatepy.com\/2021\/wp-content\/uploads\/2021\/02\/informate-circulo.png?fit=96%2C96&ssl=1","url":"https:\/\/i0.wp.com\/informatepy.com\/2021\/wp-content\/uploads\/2021\/02\/informate-circulo.png?fit=96%2C96&ssl=1","contentUrl":"https:\/\/i0.wp.com\/informatepy.com\/2021\/wp-content\/uploads\/2021\/02\/informate-circulo.png?fit=96%2C96&ssl=1","caption":"Redacci\u00f3n"},"sameAs":["https:\/\/www.facebook.com\/InformatePyCom","https:\/\/x.com\/https:\/\/twitter.com\/InformatePy1"],"url":"https:\/\/informatepy.com\/2021\/author\/redaccion\/"}]}},"jetpack_featured_media_url":"https:\/\/i0.wp.com\/informatepy.com\/2021\/wp-content\/uploads\/2021\/11\/lula-puno-en-alto.jpg?fit=1024%2C749&ssl=1","jetpack_sharing_enabled":true,"jetpack_likes_enabled":true,"jetpack-related-posts":[{"id":12747,"url":"https:\/\/informatepy.com\/2021\/2022\/07\/20\/corte-suprema-de-brasil-ordena-suprimir-la-noticia-de-que-lula-esta-vinculado-con-la-red-narco-pcc\/","url_meta":{"origin":8394,"position":0},"title":"Corte Suprema de Brasil ordena suprimir la noticia de que Lula est\u00e1 vinculado con la red narco PCC","date":"20 de julio de 2022","format":false,"excerpt":"El juez lulista Alexandre de Moraes firm\u00f3 una medida cautelar para multar a quienes publiquen la noticia real de que Lula recibi\u00f3 coimas de miembros del Primer Comando Capital (PCC). El juez de la Corte Suprema,\u00a0Alexandre de Moraes, a cargo de la \u201cCausa Fake News\u201c, orden\u00f3 a la\u00a0Polic\u00eda Federal (PF)\u00a0que\u2026","rel":"","context":"En \u00abMundo\u00bb","img":{"alt_text":"","src":"https:\/\/i0.wp.com\/informatepy.com\/2021\/wp-content\/uploads\/2022\/07\/alexander-de-moraes.png?fit=1200%2C695&ssl=1&resize=350%2C200","width":350,"height":200},"classes":[]},{"id":9590,"url":"https:\/\/informatepy.com\/2021\/2022\/01\/21\/lula-da-silva-busca-alejarse-de-la-izquierda\/","url_meta":{"origin":8394,"position":1},"title":"Lula da Silva busca alejarse de la izquierda","date":"21 de enero de 2022","format":false,"excerpt":"Si bien\u00a0Lula da Silva\u00a0no confirma a\u00fan que ser\u00e1 candidato para las\u00a0elecciones\u00a0presidenciales en\u00a0Brasil\u00a0en octubre de este a\u00f1o, dej\u00f3 en claro que le gustar\u00eda que\u00a0Geraldo Alckmin, ex gobernador de\u00a0Sao Paulo, sea su compa\u00f1ero de f\u00f3rmula. Esto despert\u00f3 las alertas en el ala izquierda de Brasil dado que Geraldo Alckmin hasta hace pocas\u2026","rel":"","context":"En \u00abAnalisis\u00bb","img":{"alt_text":"","src":"https:\/\/i0.wp.com\/informatepy.com\/2021\/wp-content\/uploads\/2021\/11\/lula-puno-en-alto.jpg?fit=1024%2C749&ssl=1&resize=350%2C200","width":350,"height":200},"classes":[]},{"id":8254,"url":"https:\/\/informatepy.com\/2021\/2021\/11\/12\/partido-de-lula-felicito-al-dictador-ortega-por-su-reeleccion-en-nicaragua-pero-borraron-la-publicacion\/","url_meta":{"origin":8394,"position":2},"title":"Partido de Lula felicit\u00f3 al dictador Ortega por su \u201creelecci\u00f3n\u201d en Nicaragua pero borraron la publicaci\u00f3n","date":"12 de noviembre de 2021","format":false,"excerpt":"El Partido de los Trabajadores (PT) de Brasil retir\u00f3 este mi\u00e9rcoles de su portal la nota en que calific\u00f3 la victoria de Daniel Ortega en las elecciones presidenciales de Nicaragua como una \u201cgran manifestaci\u00f3n democr\u00e1tica\u201d.","rel":"","context":"En \u00abMundo\u00bb","img":{"alt_text":"","src":"https:\/\/i0.wp.com\/informatepy.com\/2021\/wp-content\/uploads\/2021\/11\/lula-con-daniel-ortega.png?fit=678%2C381&ssl=1&resize=350%2C200","width":350,"height":200},"classes":[]},{"id":12578,"url":"https:\/\/informatepy.com\/2021\/2022\/07\/07\/testigo-arrepentido-revela-vinculos-de-lula-con-el-pcc\/","url_meta":{"origin":8394,"position":3},"title":"Testigo arrepentido revela v\u00ednculos de Lula con el PCC","date":"7 de julio de 2022","format":false,"excerpt":"En plena campa\u00f1a para las elecciones de fin de a\u00f1o, nueva informaci\u00f3n sale a la luz sobre los v\u00ednculos del ex presidente y ex presidiario\u00a0Lula da Silva\u00a0y la mayor red criminal del pa\u00eds, denominada el\u00a0Primer Comando Capital (PCC). El esc\u00e1ndalo estall\u00f3 luego de un testimonio ante la Polic\u00eda Federal del\u2026","rel":"","context":"En \u00abMundo\u00bb","img":{"alt_text":"","src":"https:\/\/i0.wp.com\/informatepy.com\/2021\/wp-content\/uploads\/2022\/05\/lula-silencio.jpg?fit=1200%2C730&ssl=1&resize=350%2C200","width":350,"height":200},"classes":[]},{"id":7956,"url":"https:\/\/informatepy.com\/2021\/2021\/10\/26\/pediran-la-inhabilitacion-del-partido-de-lula-pt-por-el-financiamiento-ilegal-venezolano\/","url_meta":{"origin":8394,"position":4},"title":"Pedir\u00e1n la inhabilitaci\u00f3n del partido de Lula (PT) por el financiamiento ilegal venezolano","date":"26 de octubre de 2021","format":false,"excerpt":"El partido de los Trabajadores (PT)\u00a0perteneciente al\u00a0expresidente brasile\u00f1o de izquierda Luiz In\u00e1cio Lula da Silva, podr\u00eda ser\u00a0investigado e inhabilitado\u00a0por las\u00a0autoridades fiscales electorales\u00a0de ese pa\u00eds por\u00a0financiaciones ilegales provenientes del chavismo en Venezuela. Luego de las confesiones que realiz\u00f3\u00a0el exjefe de inteligencia de la \u00abrevoluci\u00f3n\u00bb, Hugo \u00abEl Pollo\u00bb Carvajal,\u00a0desde una celda en\u2026","rel":"","context":"En \u00abMundo\u00bb","img":{"alt_text":"","src":"https:\/\/i0.wp.com\/informatepy.com\/2021\/wp-content\/uploads\/2021\/10\/lula-preocupado.jpg?fit=640%2C360&ssl=1&resize=350%2C200","width":350,"height":200},"classes":[]},{"id":13797,"url":"https:\/\/informatepy.com\/2021\/2022\/09\/08\/el-primer-comando-capital-pide-votar-por-los-candidatos-de-lula\/","url_meta":{"origin":8394,"position":5},"title":"El Primer Comando Capital pide votar por los candidatos de Lula","date":"8 de septiembre de 2022","format":false,"excerpt":"La red criminal m\u00e1s grande de Sudam\u00e9rica, con casi 20.000 miembros que\u00a0trafican armas,\u00a0drogas\u00a0y tienen una\u00a0red de delincuentes\u00a0en todo Brasil y pa\u00edses lim\u00edtrofes que utilizan para realizar desde\u00a0robos peque\u00f1os hasta secuestros extorsivos de personas adineradas, llam\u00f3 a votar por una de las candidatas de Lula en el mes de octubre. La\u2026","rel":"","context":"En \u00abMundo\u00bb","img":{"alt_text":"","src":"https:\/\/i0.wp.com\/informatepy.com\/2021\/wp-content\/uploads\/2022\/09\/Fabiana-Soler-pcc-brasil.webp?fit=850%2C567&ssl=1&resize=350%2C200","width":350,"height":200},"classes":[]}],"authors":[{"term_id":1051,"user_id":4,"is_guest":0,"slug":"redaccion","display_name":"Redacci\u00f3n","avatar_url":"https:\/\/i0.wp.com\/informatepy.com\/2021\/wp-content\/uploads\/2021\/02\/informate-circulo.png?fit=96%2C96&ssl=1","first_name":"Redacci\u00f3n","last_name":"","user_url":"","description":""}],"amp_enabled":true,"_links":{"self":[{"href":"https:\/\/informatepy.com\/2021\/wp-json\/wp\/v2\/posts\/8394","targetHints":{"allow":["GET"]}}],"collection":[{"href":"https:\/\/informatepy.com\/2021\/wp-json\/wp\/v2\/posts"}],"about":[{"href":"https:\/\/informatepy.com\/2021\/wp-json\/wp\/v2\/types\/post"}],"author":[{"embeddable":true,"href":"https:\/\/informatepy.com\/2021\/wp-json\/wp\/v2\/users\/4"}],"replies":[{"embeddable":true,"href":"https:\/\/informatepy.com\/2021\/wp-json\/wp\/v2\/comments?post=8394"}],"version-history":[{"count":1,"href":"https:\/\/informatepy.com\/2021\/wp-json\/wp\/v2\/posts\/8394\/revisions"}],"predecessor-version":[{"id":8396,"href":"https:\/\/informatepy.com\/2021\/wp-json\/wp\/v2\/posts\/8394\/revisions\/8396"}],"wp:featuredmedia":[{"embeddable":true,"href":"https:\/\/informatepy.com\/2021\/wp-json\/wp\/v2\/media\/8395"}],"wp:attachment":[{"href":"https:\/\/informatepy.com\/2021\/wp-json\/wp\/v2\/media?parent=8394"}],"wp:term":[{"taxonomy":"category","embeddable":true,"href":"https:\/\/informatepy.com\/2021\/wp-json\/wp\/v2\/categories?post=8394"},{"taxonomy":"post_tag","embeddable":true,"href":"https:\/\/informatepy.com\/2021\/wp-json\/wp\/v2\/tags?post=8394"},{"taxonomy":"author","embeddable":true,"href":"https:\/\/informatepy.com\/2021\/wp-json\/wp\/v2\/ppma_author?post=8394"}],"curies":[{"name":"wp","href":"https:\/\/api.w.org\/{rel}","templated":true}]}}