{"id":823,"date":"2019-03-10T20:19:00","date_gmt":"2019-03-11T00:19:00","guid":{"rendered":"http:\/\/informatepy.com\/2021\/?p=823"},"modified":"2021-02-26T17:57:07","modified_gmt":"2021-02-26T21:57:07","slug":"el-caballo-de-troya-del-feminismo","status":"publish","type":"post","link":"https:\/\/informatepy.com\/2021\/2019\/03\/10\/el-caballo-de-troya-del-feminismo\/","title":{"rendered":"El caballo de Troya del feminismo"},"content":{"rendered":"\n<p>A\u00f1o a a\u00f1o asistimos imperturbables a las marchas que se llevan adelante por el 8M; las mismas, te\u00f3ricamente buscan conseguir derechos y respeto para las mujeres pero, \u00bfes esto real?, no, definitivamente no. Ver un grupo de encapuchadas nos llevan a preguntarnos si el objetivo de la marcha era pedir igualdad de derechos para mujeres y hombres o simplemente sustituir a su supuesto opresor actual, ya que nadie que est\u00e9 convencido que su causa es leg\u00edtima, marchar\u00eda con el rostro tapado.<\/p>\n\n\n\n<figure class=\"wp-block-image\"><img decoding=\"async\" src=\"https:\/\/i0.wp.com\/informatepy.com\/2021\/wp-content\/uploads\/2021\/02\/encapuchadas.jpg?w=740&#038;ssl=1\" alt=\"\" class=\"wp-image-915\" data-recalc-dims=\"1\"\/><\/figure>\n\n\n\n<p>En la \u00faltima marcha la ciudadan\u00eda pudo ver como las manifestantes solo se dedicaron a realizar pintadas en el espacio p\u00fablico, a violentar a quienes no comparten su ideolog\u00eda y a alentar consignas que rozan la apolog\u00eda del delito y, como si eso fuera poco, pedir la liberaci\u00f3n de asesinas confesas como el caso de <strong>Raquel&nbsp;Mereles<\/strong> quien fuera detenida luego de confesar que&nbsp;asesin\u00f3&nbsp;a su novio de quince&nbsp;pu\u00f1aladas.<\/p>\n\n\n\n<figure class=\"wp-block-image\"><img decoding=\"async\" src=\"https:\/\/i0.wp.com\/informatepy.com\/2021\/wp-content\/uploads\/2021\/02\/raquel-merelesdefensa.jpg?w=740&#038;ssl=1\" alt=\"\" class=\"wp-image-916\" data-recalc-dims=\"1\"\/><\/figure>\n\n\n\n<p>Luego, cuando son detenidas, r\u00e1pidamente gritan \u201cmisoginia,\nrepresi\u00f3n y patriarcado\u201d, como si esas \u201cpalabras m\u00e1gicas\u201d pudieran exceptuarlas\ndel cumplimiento de la ley, dejando en claro que nunca buscaron igualdad,\nquieren privilegios y no solo privilegios de car\u00e1cter social, sino que buscan\nobtener bandera blanca para la comisi\u00f3n de toda clase de delitos incluyendo, obviamente,\nel derecho a solucionar sus irresponsabilidades a trav\u00e9s del aborto. <\/p>\n\n\n\n<p>Es momento de actuar, este movimiento feminista solo busca\narrastrar a una sociedad a sus propias contradicciones. El 8M, originalmente\nera para conmemorar la muerte de 129 trabajadoras quemadas en la f\u00e1brica \u201cCotton\u201d\ntras declararse en huelga para exigir mejoras laborales, que inclu\u00edan poder\namamantar a sus hijos. Pretender promover el aborto en esa fecha contradice e\nirrespeta la memoria de esas valientes mujeres que lucharon por sus derechos.<\/p>\n\n\n\n<p>Estamos frente a la m\u00e1s poderosa campa\u00f1a del marxismo\ncultural, su ingenier\u00eda social intenta operar en la conciencia colectiva a\ntrav\u00e9s de una supuesta (e inexistente) supremac\u00eda moral, buscando as\u00ed\nneutralizar las cr\u00edticas que obviamente se pueden hacer al movimiento,\ncalificado a quien no piensa como ellas hasta de nazi. Se autodenominan\nmilitantes de la tolerancia y la diversidad, pero no toleran la diversidad de\npensamiento.<\/p>\n\n\n\n<p>Si hoy el feminismo fuese solo la creencia de que hombres y mujeres deber\u00edan tener igualdad de oportunidades, todos estar\u00edamos de acuerdo.&nbsp;De hecho, alguien se pregunt\u00f3 \u00bfPor qu\u00e9 la mayor\u00eda de nosotros estamos a favor de la igualdad de oportunidades y su vez en contra del feminismo? Porque el feminismo moderno no busca igualdad, busca desplegar y naturalizar una serie de perversiones tales como la ideolog\u00eda de g\u00e9nero y la pedofilia; aclaro, creo en el disfrute sexual en la variante que cada uno elija, siempre que se trate de dos adultos y reciban el consentimiento uno del otro. Muchos pensar\u00e1n que quien esto escribe exagera al mencionar la pedofilia como uno de los objetivos del feminismo, pero, esperen y ver\u00e1n, el tiempo es el mejor autor.<\/p>\n\n\n\n<figure class=\"wp-block-image\"><img decoding=\"async\" src=\"https:\/\/i0.wp.com\/informatepy.com\/2021\/wp-content\/uploads\/2021\/02\/aborto-libre.jpg?w=740&#038;ssl=1\" alt=\"\" class=\"wp-image-918\" data-recalc-dims=\"1\"\/><\/figure>\n\n\n\n<p>Por \u00faltimo, quisiera dejar aclarado un punto: estoy siempre\na favor del derecho a la libertad de expresi\u00f3n, siempre que antes hayan hecho\nuso del derecho a la libertad de pensamiento.<\/p>\n","protected":false},"excerpt":{"rendered":"<p>A\u00f1o a a\u00f1o asistimos imperturbables a las marchas que se llevan adelante por el 8M; las mismas, te\u00f3ricamente buscan conseguir derechos y respeto para las mujeres pero, \u00bfes esto real?, no, definitivamente no. Ver un grupo de encapuchadas nos llevan a preguntarnos si el objetivo de la marcha era pedir igualdad de derechos para mujeres [&hellip;]<\/p>\n","protected":false},"author":1,"featured_media":824,"comment_status":"open","ping_status":"open","sticky":false,"template":"","format":"standard","meta":{"_monsterinsights_skip_tracking":false,"_monsterinsights_sitenote_active":false,"_monsterinsights_sitenote_note":"","_monsterinsights_sitenote_category":0,"footnotes":"","jetpack_publicize_message":"","jetpack_is_tweetstorm":false,"jetpack_publicize_feature_enabled":true},"categories":[248,302],"tags":[461,462,463,402],"ppma_author":[1039],"class_list":["post-823","post","type-post","status-publish","format-standard","has-post-thumbnail","hentry","category-analisis","category-destacados","tag-8m","tag-feminismo","tag-ideologia-de-genero","tag-pedofilia"],"jetpack_publicize_connections":[],"yoast_head":"<!-- This site is optimized with the Yoast SEO plugin v27.5 - https:\/\/yoast.com\/product\/yoast-seo-wordpress\/ -->\n<title>El caballo de Troya del feminismo - Informatepy<\/title>\n<meta name=\"robots\" content=\"index, follow, max-snippet:-1, max-image-preview:large, max-video-preview:-1\" \/>\n<link rel=\"canonical\" href=\"https:\/\/informatepy.com\/2021\/2019\/03\/10\/el-caballo-de-troya-del-feminismo\/\" \/>\n<meta property=\"og:locale\" content=\"es_ES\" \/>\n<meta property=\"og:type\" content=\"article\" \/>\n<meta property=\"og:title\" content=\"El caballo de Troya del feminismo - Informatepy\" \/>\n<meta property=\"og:description\" content=\"A\u00f1o a a\u00f1o asistimos imperturbables a las marchas que se llevan adelante por el 8M; las mismas, te\u00f3ricamente buscan conseguir derechos y respeto para las mujeres pero, \u00bfes esto real?, no, definitivamente no. Ver un grupo de encapuchadas nos llevan a preguntarnos si el objetivo de la marcha era pedir igualdad de derechos para mujeres [&hellip;]\" \/>\n<meta property=\"og:url\" content=\"https:\/\/informatepy.com\/2021\/2019\/03\/10\/el-caballo-de-troya-del-feminismo\/\" \/>\n<meta property=\"og:site_name\" content=\"Informatepy\" \/>\n<meta property=\"article:published_time\" content=\"2019-03-11T00:19:00+00:00\" \/>\n<meta property=\"article:modified_time\" content=\"2021-02-26T21:57:07+00:00\" \/>\n<meta property=\"og:image\" content=\"https:\/\/i2.wp.com\/informatepy.com\/2021\/wp-content\/uploads\/2021\/03\/caballo-de-troya-feminista-scaled.jpg?fit=2560%2C2560&ssl=1\" \/>\n\t<meta property=\"og:image:width\" content=\"2560\" \/>\n\t<meta property=\"og:image:height\" content=\"2560\" \/>\n\t<meta property=\"og:image:type\" content=\"image\/jpeg\" \/>\n<meta name=\"author\" content=\"admin\" \/>\n<meta name=\"twitter:card\" content=\"summary_large_image\" \/>\n<meta name=\"twitter:label1\" content=\"Escrito por\" \/>\n\t<meta name=\"twitter:data1\" content=\"admin\" \/>\n\t<meta name=\"twitter:label2\" content=\"Tiempo de lectura\" \/>\n\t<meta name=\"twitter:data2\" content=\"3 minutos\" \/>\n<script type=\"application\/ld+json\" class=\"yoast-schema-graph\">{\"@context\":\"https:\\\/\\\/schema.org\",\"@graph\":[{\"@type\":\"Article\",\"@id\":\"https:\\\/\\\/informatepy.com\\\/2021\\\/2019\\\/03\\\/10\\\/el-caballo-de-troya-del-feminismo\\\/#article\",\"isPartOf\":{\"@id\":\"https:\\\/\\\/informatepy.com\\\/2021\\\/2019\\\/03\\\/10\\\/el-caballo-de-troya-del-feminismo\\\/\"},\"author\":{\"name\":\"admin\",\"@id\":\"https:\\\/\\\/informatepy.com\\\/2021\\\/#\\\/schema\\\/person\\\/edd302c981d6ba4596191719d1025a8a\"},\"headline\":\"El caballo de Troya del feminismo\",\"datePublished\":\"2019-03-11T00:19:00+00:00\",\"dateModified\":\"2021-02-26T21:57:07+00:00\",\"mainEntityOfPage\":{\"@id\":\"https:\\\/\\\/informatepy.com\\\/2021\\\/2019\\\/03\\\/10\\\/el-caballo-de-troya-del-feminismo\\\/\"},\"wordCount\":552,\"commentCount\":0,\"publisher\":{\"@id\":\"https:\\\/\\\/informatepy.com\\\/2021\\\/#\\\/schema\\\/person\\\/edd302c981d6ba4596191719d1025a8a\"},\"image\":{\"@id\":\"https:\\\/\\\/informatepy.com\\\/2021\\\/2019\\\/03\\\/10\\\/el-caballo-de-troya-del-feminismo\\\/#primaryimage\"},\"thumbnailUrl\":\"https:\\\/\\\/i0.wp.com\\\/informatepy.com\\\/2021\\\/wp-content\\\/uploads\\\/2021\\\/03\\\/caballo-de-troya-feminista-scaled.jpg?fit=2560%2C2560&ssl=1\",\"keywords\":[\"8m\",\"feminismo\",\"ideologia de genero\",\"pedofilia\"],\"articleSection\":[\"Analisis\",\"Destacados\"],\"inLanguage\":\"es\",\"potentialAction\":[{\"@type\":\"CommentAction\",\"name\":\"Comment\",\"target\":[\"https:\\\/\\\/informatepy.com\\\/2021\\\/2019\\\/03\\\/10\\\/el-caballo-de-troya-del-feminismo\\\/#respond\"]}]},{\"@type\":\"WebPage\",\"@id\":\"https:\\\/\\\/informatepy.com\\\/2021\\\/2019\\\/03\\\/10\\\/el-caballo-de-troya-del-feminismo\\\/\",\"url\":\"https:\\\/\\\/informatepy.com\\\/2021\\\/2019\\\/03\\\/10\\\/el-caballo-de-troya-del-feminismo\\\/\",\"name\":\"El caballo de Troya del feminismo - Informatepy\",\"isPartOf\":{\"@id\":\"https:\\\/\\\/informatepy.com\\\/2021\\\/#website\"},\"primaryImageOfPage\":{\"@id\":\"https:\\\/\\\/informatepy.com\\\/2021\\\/2019\\\/03\\\/10\\\/el-caballo-de-troya-del-feminismo\\\/#primaryimage\"},\"image\":{\"@id\":\"https:\\\/\\\/informatepy.com\\\/2021\\\/2019\\\/03\\\/10\\\/el-caballo-de-troya-del-feminismo\\\/#primaryimage\"},\"thumbnailUrl\":\"https:\\\/\\\/i0.wp.com\\\/informatepy.com\\\/2021\\\/wp-content\\\/uploads\\\/2021\\\/03\\\/caballo-de-troya-feminista-scaled.jpg?fit=2560%2C2560&ssl=1\",\"datePublished\":\"2019-03-11T00:19:00+00:00\",\"dateModified\":\"2021-02-26T21:57:07+00:00\",\"breadcrumb\":{\"@id\":\"https:\\\/\\\/informatepy.com\\\/2021\\\/2019\\\/03\\\/10\\\/el-caballo-de-troya-del-feminismo\\\/#breadcrumb\"},\"inLanguage\":\"es\",\"potentialAction\":[{\"@type\":\"ReadAction\",\"target\":[\"https:\\\/\\\/informatepy.com\\\/2021\\\/2019\\\/03\\\/10\\\/el-caballo-de-troya-del-feminismo\\\/\"]}]},{\"@type\":\"ImageObject\",\"inLanguage\":\"es\",\"@id\":\"https:\\\/\\\/informatepy.com\\\/2021\\\/2019\\\/03\\\/10\\\/el-caballo-de-troya-del-feminismo\\\/#primaryimage\",\"url\":\"https:\\\/\\\/i0.wp.com\\\/informatepy.com\\\/2021\\\/wp-content\\\/uploads\\\/2021\\\/03\\\/caballo-de-troya-feminista-scaled.jpg?fit=2560%2C2560&ssl=1\",\"contentUrl\":\"https:\\\/\\\/i0.wp.com\\\/informatepy.com\\\/2021\\\/wp-content\\\/uploads\\\/2021\\\/03\\\/caballo-de-troya-feminista-scaled.jpg?fit=2560%2C2560&ssl=1\",\"width\":2560,\"height\":2560},{\"@type\":\"BreadcrumbList\",\"@id\":\"https:\\\/\\\/informatepy.com\\\/2021\\\/2019\\\/03\\\/10\\\/el-caballo-de-troya-del-feminismo\\\/#breadcrumb\",\"itemListElement\":[{\"@type\":\"ListItem\",\"position\":1,\"name\":\"Portada\",\"item\":\"https:\\\/\\\/informatepy.com\\\/2021\\\/\"},{\"@type\":\"ListItem\",\"position\":2,\"name\":\"El caballo de Troya del feminismo\"}]},{\"@type\":\"WebSite\",\"@id\":\"https:\\\/\\\/informatepy.com\\\/2021\\\/#website\",\"url\":\"https:\\\/\\\/informatepy.com\\\/2021\\\/\",\"name\":\"Informatepy\",\"description\":\"La verdad, siempre!\",\"publisher\":{\"@id\":\"https:\\\/\\\/informatepy.com\\\/2021\\\/#\\\/schema\\\/person\\\/edd302c981d6ba4596191719d1025a8a\"},\"potentialAction\":[{\"@type\":\"SearchAction\",\"target\":{\"@type\":\"EntryPoint\",\"urlTemplate\":\"https:\\\/\\\/informatepy.com\\\/2021\\\/?s={search_term_string}\"},\"query-input\":{\"@type\":\"PropertyValueSpecification\",\"valueRequired\":true,\"valueName\":\"search_term_string\"}}],\"inLanguage\":\"es\"},{\"@type\":[\"Person\",\"Organization\"],\"@id\":\"https:\\\/\\\/informatepy.com\\\/2021\\\/#\\\/schema\\\/person\\\/edd302c981d6ba4596191719d1025a8a\",\"name\":\"admin\",\"image\":{\"@type\":\"ImageObject\",\"inLanguage\":\"es\",\"@id\":\"https:\\\/\\\/secure.gravatar.com\\\/avatar\\\/5310f602b6cbcfb86e030c4ccdbb78f6565a3b9bab6a74ab80fd3cb5428b65af?s=96&d=mm&r=g\",\"url\":\"https:\\\/\\\/secure.gravatar.com\\\/avatar\\\/5310f602b6cbcfb86e030c4ccdbb78f6565a3b9bab6a74ab80fd3cb5428b65af?s=96&d=mm&r=g\",\"contentUrl\":\"https:\\\/\\\/secure.gravatar.com\\\/avatar\\\/5310f602b6cbcfb86e030c4ccdbb78f6565a3b9bab6a74ab80fd3cb5428b65af?s=96&d=mm&r=g\",\"caption\":\"admin\"},\"logo\":{\"@id\":\"https:\\\/\\\/secure.gravatar.com\\\/avatar\\\/5310f602b6cbcfb86e030c4ccdbb78f6565a3b9bab6a74ab80fd3cb5428b65af?s=96&d=mm&r=g\"},\"sameAs\":[\"http:\\\/\\\/informatepy.com\\\/2021\"],\"url\":\"https:\\\/\\\/informatepy.com\\\/2021\\\/author\\\/admin\\\/\"}]}<\/script>\n<!-- \/ Yoast SEO plugin. -->","yoast_head_json":{"title":"El caballo de Troya del feminismo - Informatepy","robots":{"index":"index","follow":"follow","max-snippet":"max-snippet:-1","max-image-preview":"max-image-preview:large","max-video-preview":"max-video-preview:-1"},"canonical":"https:\/\/informatepy.com\/2021\/2019\/03\/10\/el-caballo-de-troya-del-feminismo\/","og_locale":"es_ES","og_type":"article","og_title":"El caballo de Troya del feminismo - Informatepy","og_description":"A\u00f1o a a\u00f1o asistimos imperturbables a las marchas que se llevan adelante por el 8M; las mismas, te\u00f3ricamente buscan conseguir derechos y respeto para las mujeres pero, \u00bfes esto real?, no, definitivamente no. Ver un grupo de encapuchadas nos llevan a preguntarnos si el objetivo de la marcha era pedir igualdad de derechos para mujeres [&hellip;]","og_url":"https:\/\/informatepy.com\/2021\/2019\/03\/10\/el-caballo-de-troya-del-feminismo\/","og_site_name":"Informatepy","article_published_time":"2019-03-11T00:19:00+00:00","article_modified_time":"2021-02-26T21:57:07+00:00","og_image":[{"width":2560,"height":2560,"url":"https:\/\/i2.wp.com\/informatepy.com\/2021\/wp-content\/uploads\/2021\/03\/caballo-de-troya-feminista-scaled.jpg?fit=2560%2C2560&ssl=1","type":"image\/jpeg"}],"author":"admin","twitter_card":"summary_large_image","twitter_misc":{"Escrito por":"admin","Tiempo de lectura":"3 minutos"},"schema":{"@context":"https:\/\/schema.org","@graph":[{"@type":"Article","@id":"https:\/\/informatepy.com\/2021\/2019\/03\/10\/el-caballo-de-troya-del-feminismo\/#article","isPartOf":{"@id":"https:\/\/informatepy.com\/2021\/2019\/03\/10\/el-caballo-de-troya-del-feminismo\/"},"author":{"name":"admin","@id":"https:\/\/informatepy.com\/2021\/#\/schema\/person\/edd302c981d6ba4596191719d1025a8a"},"headline":"El caballo de Troya del feminismo","datePublished":"2019-03-11T00:19:00+00:00","dateModified":"2021-02-26T21:57:07+00:00","mainEntityOfPage":{"@id":"https:\/\/informatepy.com\/2021\/2019\/03\/10\/el-caballo-de-troya-del-feminismo\/"},"wordCount":552,"commentCount":0,"publisher":{"@id":"https:\/\/informatepy.com\/2021\/#\/schema\/person\/edd302c981d6ba4596191719d1025a8a"},"image":{"@id":"https:\/\/informatepy.com\/2021\/2019\/03\/10\/el-caballo-de-troya-del-feminismo\/#primaryimage"},"thumbnailUrl":"https:\/\/i0.wp.com\/informatepy.com\/2021\/wp-content\/uploads\/2021\/03\/caballo-de-troya-feminista-scaled.jpg?fit=2560%2C2560&ssl=1","keywords":["8m","feminismo","ideologia de genero","pedofilia"],"articleSection":["Analisis","Destacados"],"inLanguage":"es","potentialAction":[{"@type":"CommentAction","name":"Comment","target":["https:\/\/informatepy.com\/2021\/2019\/03\/10\/el-caballo-de-troya-del-feminismo\/#respond"]}]},{"@type":"WebPage","@id":"https:\/\/informatepy.com\/2021\/2019\/03\/10\/el-caballo-de-troya-del-feminismo\/","url":"https:\/\/informatepy.com\/2021\/2019\/03\/10\/el-caballo-de-troya-del-feminismo\/","name":"El caballo de Troya del feminismo - Informatepy","isPartOf":{"@id":"https:\/\/informatepy.com\/2021\/#website"},"primaryImageOfPage":{"@id":"https:\/\/informatepy.com\/2021\/2019\/03\/10\/el-caballo-de-troya-del-feminismo\/#primaryimage"},"image":{"@id":"https:\/\/informatepy.com\/2021\/2019\/03\/10\/el-caballo-de-troya-del-feminismo\/#primaryimage"},"thumbnailUrl":"https:\/\/i0.wp.com\/informatepy.com\/2021\/wp-content\/uploads\/2021\/03\/caballo-de-troya-feminista-scaled.jpg?fit=2560%2C2560&ssl=1","datePublished":"2019-03-11T00:19:00+00:00","dateModified":"2021-02-26T21:57:07+00:00","breadcrumb":{"@id":"https:\/\/informatepy.com\/2021\/2019\/03\/10\/el-caballo-de-troya-del-feminismo\/#breadcrumb"},"inLanguage":"es","potentialAction":[{"@type":"ReadAction","target":["https:\/\/informatepy.com\/2021\/2019\/03\/10\/el-caballo-de-troya-del-feminismo\/"]}]},{"@type":"ImageObject","inLanguage":"es","@id":"https:\/\/informatepy.com\/2021\/2019\/03\/10\/el-caballo-de-troya-del-feminismo\/#primaryimage","url":"https:\/\/i0.wp.com\/informatepy.com\/2021\/wp-content\/uploads\/2021\/03\/caballo-de-troya-feminista-scaled.jpg?fit=2560%2C2560&ssl=1","contentUrl":"https:\/\/i0.wp.com\/informatepy.com\/2021\/wp-content\/uploads\/2021\/03\/caballo-de-troya-feminista-scaled.jpg?fit=2560%2C2560&ssl=1","width":2560,"height":2560},{"@type":"BreadcrumbList","@id":"https:\/\/informatepy.com\/2021\/2019\/03\/10\/el-caballo-de-troya-del-feminismo\/#breadcrumb","itemListElement":[{"@type":"ListItem","position":1,"name":"Portada","item":"https:\/\/informatepy.com\/2021\/"},{"@type":"ListItem","position":2,"name":"El caballo de Troya del feminismo"}]},{"@type":"WebSite","@id":"https:\/\/informatepy.com\/2021\/#website","url":"https:\/\/informatepy.com\/2021\/","name":"Informatepy","description":"La verdad, siempre!","publisher":{"@id":"https:\/\/informatepy.com\/2021\/#\/schema\/person\/edd302c981d6ba4596191719d1025a8a"},"potentialAction":[{"@type":"SearchAction","target":{"@type":"EntryPoint","urlTemplate":"https:\/\/informatepy.com\/2021\/?s={search_term_string}"},"query-input":{"@type":"PropertyValueSpecification","valueRequired":true,"valueName":"search_term_string"}}],"inLanguage":"es"},{"@type":["Person","Organization"],"@id":"https:\/\/informatepy.com\/2021\/#\/schema\/person\/edd302c981d6ba4596191719d1025a8a","name":"admin","image":{"@type":"ImageObject","inLanguage":"es","@id":"https:\/\/secure.gravatar.com\/avatar\/5310f602b6cbcfb86e030c4ccdbb78f6565a3b9bab6a74ab80fd3cb5428b65af?s=96&d=mm&r=g","url":"https:\/\/secure.gravatar.com\/avatar\/5310f602b6cbcfb86e030c4ccdbb78f6565a3b9bab6a74ab80fd3cb5428b65af?s=96&d=mm&r=g","contentUrl":"https:\/\/secure.gravatar.com\/avatar\/5310f602b6cbcfb86e030c4ccdbb78f6565a3b9bab6a74ab80fd3cb5428b65af?s=96&d=mm&r=g","caption":"admin"},"logo":{"@id":"https:\/\/secure.gravatar.com\/avatar\/5310f602b6cbcfb86e030c4ccdbb78f6565a3b9bab6a74ab80fd3cb5428b65af?s=96&d=mm&r=g"},"sameAs":["http:\/\/informatepy.com\/2021"],"url":"https:\/\/informatepy.com\/2021\/author\/admin\/"}]}},"jetpack_featured_media_url":"https:\/\/i0.wp.com\/informatepy.com\/2021\/wp-content\/uploads\/2021\/03\/caballo-de-troya-feminista-scaled.jpg?fit=2560%2C2560&ssl=1","jetpack_sharing_enabled":true,"jetpack_likes_enabled":true,"jetpack-related-posts":[{"id":1447,"url":"https:\/\/informatepy.com\/2021\/2019\/08\/22\/denuncian-que-el-ministerio-de-la-mujer-abraza-la-ideologia-de-genero\/","url_meta":{"origin":823,"position":0},"title":"Denuncian que el Ministerio de la Mujer abraza la Ideolog\u00eda de g\u00e9nero","date":"22 de agosto de 2019","format":false,"excerpt":"En el marco de un programa denominado \u201cMasculinidades Positivas\u201d, donde, seg\u00fan anuncia el ministerio el prop\u00f3sito es el de \u201ctrabajar con los hombres, desde sus puntos de vista, la educaci\u00f3n, la hegemon\u00eda de la masculinidad, entendida como poder sobre la mujer y dar a entender a la sociedad que los\u2026","rel":"","context":"En \u00abNacionales\u00bb","img":{"alt_text":"","src":"https:\/\/i0.wp.com\/informatepy.com\/2021\/wp-content\/uploads\/2021\/08\/ministerio-de-la-mujer-2-scaled.jpg?fit=1200%2C585&ssl=1&resize=350%2C200","width":350,"height":200},"classes":[]},{"id":6461,"url":"https:\/\/informatepy.com\/2021\/2021\/08\/15\/puerto-rico-marcho-contra-la-ideologia-de-genero\/","url_meta":{"origin":823,"position":1},"title":"Puerto Rico march\u00f3 contra la ideolog\u00eda de g\u00e9nero.","date":"15 de agosto de 2021","format":false,"excerpt":"Imagen del Twitter de Agust\u00edn Laje En Puerto Rico se viene produciendo un acalorado debate debido a la introducci\u00f3n de una asignatura de \u00abperspectiva de g\u00e9nero\u00bb en los programas escolares. Diversas iniciativas de Organizaciones No Gubernamentales promueven su implantaci\u00f3n y desde el gobierno ya se ha anunciado que entrar\u00e1 en\u2026","rel":"","context":"En \u00abMundo\u00bb","img":{"alt_text":"","src":"https:\/\/i0.wp.com\/informatepy.com\/2021\/wp-content\/uploads\/2021\/08\/puerto-rico-ideologia-de-genero.jpg?fit=1024%2C1024&ssl=1&resize=350%2C200","width":350,"height":200},"classes":[]},{"id":8207,"url":"https:\/\/informatepy.com\/2021\/2021\/11\/08\/ideologia-de-genero-en-escocia-ninos-de-primaria-son-presionados-a-usar-falda-para-promover-la-igualdad\/","url_meta":{"origin":823,"position":2},"title":"Ideolog\u00eda de Genero: En Escocia ni\u00f1os de primaria son presionados a usar falda para \u201cpromover la igualdad\u201d","date":"8 de noviembre de 2021","format":false,"excerpt":"La escuela primaria Castleview de Edimburgo, Escocia, pidi\u00f3 a los ni\u00f1os mayores de 3 a\u00f1os llevar falda para \u201cpromover la igualdad\u201d","rel":"","context":"En \u00abMundo\u00bb","img":{"alt_text":"","src":"https:\/\/i0.wp.com\/informatepy.com\/2021\/wp-content\/uploads\/2021\/11\/NINOS-ESCOCIA-falda.jpg?fit=1000%2C450&ssl=1&resize=350%2C200","width":350,"height":200},"classes":[]},{"id":7925,"url":"https:\/\/informatepy.com\/2021\/2021\/10\/24\/trinchera-patriota-la-historia-tras-la-perspectiva-de-genero-o-ideologia-de-genero\/","url_meta":{"origin":823,"position":3},"title":"TRINCHERA PATRIOTA: La historia tras la perspectiva de g\u00e9nero o ideolog\u00eda de g\u00e9nero","date":"24 de octubre de 2021","format":false,"excerpt":"Desde hace tres a\u00f1os y poco m\u00e1s empec\u00e9 a investigar sobre la llamada perspectiva de g\u00e9nero, sus or\u00edgenes, sus financistas internacionales, el modus operandi para implementarla en los sistemas educativos locales, los operadores nacionales que a trav\u00e9s de ONG ganan fortunas vendiendo por monedas a nuestros ni\u00f1os y adolescentes a\u2026","rel":"","context":"En \u00abAnalisis\u00bb","img":{"alt_text":"","src":"https:\/\/i0.wp.com\/informatepy.com\/2021\/wp-content\/uploads\/2021\/10\/drag-quuen.jpg?fit=750%2C563&ssl=1&resize=350%2C200","width":350,"height":200},"classes":[]},{"id":13892,"url":"https:\/\/informatepy.com\/2021\/2022\/09\/13\/soledad-nunez-apoya-la-agenda-trans\/","url_meta":{"origin":823,"position":4},"title":"\u00bfSoledad N\u00fa\u00f1ez apoya la agenda trans?","date":"13 de septiembre de 2022","format":false,"excerpt":"Todos vemos como los pa\u00edses de la regi\u00f3n van sucumbiendo uno a uno a ideolog\u00edas for\u00e1neas que nada tienen que ver con el sentir de la mayor\u00eda y, al decir el \u201csentir de la mayor\u00eda\u201d no me equivoco; ellos son una minor\u00eda ruidosa (escandalosa dir\u00eda) que se adelanta a la\u2026","rel":"","context":"En \u00abNacionales\u00bb","img":{"alt_text":"","src":"https:\/\/i0.wp.com\/informatepy.com\/2021\/wp-content\/uploads\/2022\/09\/solenu-yren.jpg?fit=1200%2C633&ssl=1&resize=350%2C200","width":350,"height":200},"classes":[]},{"id":7646,"url":"https:\/\/informatepy.com\/2021\/2021\/10\/12\/estudiantes-de-la-universidad-de-buenos-aires-juntan-firmas-contra-un-curso-de-genero-obligatorio\/","url_meta":{"origin":823,"position":5},"title":"Estudiantes de la Universidad de Buenos Aires juntan firmas contra un curso de g\u00e9nero obligatorio","date":"12 de octubre de 2021","format":false,"excerpt":"Desde el pasado 13 de Noviembre del 2020, el consejo superior de la UBA, aprob\u00f3 el dictado obligatorio de un curso de g\u00e9nero, con el pretexto de que \u201cse deber\u00eda concienciar, sobre temas como las masculinidades hegem\u00f3nicas, el patriarcado, la legalizaci\u00f3n del aborto, historia de feminismos y colectivos LGBT\u201d. Este\u2026","rel":"","context":"En \u00abCultura\u00bb","img":{"alt_text":"","src":"https:\/\/i0.wp.com\/informatepy.com\/2021\/wp-content\/uploads\/2021\/10\/curso-uba-tematica-de-geneero-1.jpg?fit=1200%2C587&ssl=1&resize=350%2C200","width":350,"height":200},"classes":[]}],"authors":[{"term_id":1039,"user_id":1,"is_guest":0,"slug":"admin","display_name":"admin","avatar_url":"https:\/\/secure.gravatar.com\/avatar\/5310f602b6cbcfb86e030c4ccdbb78f6565a3b9bab6a74ab80fd3cb5428b65af?s=96&d=mm&r=g","first_name":"","last_name":"","user_url":"http:\/\/informatepy.com\/2021","description":""}],"amp_enabled":true,"_links":{"self":[{"href":"https:\/\/informatepy.com\/2021\/wp-json\/wp\/v2\/posts\/823","targetHints":{"allow":["GET"]}}],"collection":[{"href":"https:\/\/informatepy.com\/2021\/wp-json\/wp\/v2\/posts"}],"about":[{"href":"https:\/\/informatepy.com\/2021\/wp-json\/wp\/v2\/types\/post"}],"author":[{"embeddable":true,"href":"https:\/\/informatepy.com\/2021\/wp-json\/wp\/v2\/users\/1"}],"replies":[{"embeddable":true,"href":"https:\/\/informatepy.com\/2021\/wp-json\/wp\/v2\/comments?post=823"}],"version-history":[{"count":2,"href":"https:\/\/informatepy.com\/2021\/wp-json\/wp\/v2\/posts\/823\/revisions"}],"predecessor-version":[{"id":3677,"href":"https:\/\/informatepy.com\/2021\/wp-json\/wp\/v2\/posts\/823\/revisions\/3677"}],"wp:featuredmedia":[{"embeddable":true,"href":"https:\/\/informatepy.com\/2021\/wp-json\/wp\/v2\/media\/824"}],"wp:attachment":[{"href":"https:\/\/informatepy.com\/2021\/wp-json\/wp\/v2\/media?parent=823"}],"wp:term":[{"taxonomy":"category","embeddable":true,"href":"https:\/\/informatepy.com\/2021\/wp-json\/wp\/v2\/categories?post=823"},{"taxonomy":"post_tag","embeddable":true,"href":"https:\/\/informatepy.com\/2021\/wp-json\/wp\/v2\/tags?post=823"},{"taxonomy":"author","embeddable":true,"href":"https:\/\/informatepy.com\/2021\/wp-json\/wp\/v2\/ppma_author?post=823"}],"curies":[{"name":"wp","href":"https:\/\/api.w.org\/{rel}","templated":true}]}}