{"id":7477,"date":"2021-10-04T06:30:58","date_gmt":"2021-10-04T10:30:58","guid":{"rendered":"http:\/\/informatepy.com\/2021\/?p=7477"},"modified":"2021-10-04T06:31:00","modified_gmt":"2021-10-04T10:31:00","slug":"pinera-existen-paraguayos-con-los-ojos-bien-abiertos","status":"publish","type":"post","link":"https:\/\/informatepy.com\/2021\/2021\/10\/04\/pinera-existen-paraguayos-con-los-ojos-bien-abiertos\/","title":{"rendered":"Pi\u00f1era, existen paraguayos con los ojos bien abiertos"},"content":{"rendered":"\n<p>En los \u00faltimos d\u00edas del mes de septiembre, en Paraguay, hemos recibido al mandatario de Chile. Estuvo reunido con nuestro presidente Mario Abdo, y luego comparti\u00f3 un discurso p\u00fablico en el Palacio de Gobierno.<\/p>\n\n\n\n<p>Muchos temas sonaron en este encuentro: Tratado de Libre Comercio (TLC), Corredor Bioce\u00e1nico, entrega del collar al m\u00e9rito a Sebasti\u00e1n Pi\u00f1era, cooperaci\u00f3n entre ambos pa\u00edses para enfrentar cat\u00e1strofes tradicionales y as\u00ed tambi\u00e9n, el anuncio del env\u00edo de m\u00e1s dosis de vacunas anti COVID-19. De todo lo conversado, lo que m\u00e1s llam\u00f3 la atenci\u00f3n particularmente fueron los t\u00e9rminos y frases utilizados por el mandatario chileno al referirse a una colaboraci\u00f3n entre Chile y Paraguay para enfrentar un \u201capocalipsis ambiental\u201d, el futuro que se viene, que \u201cnadie est\u00e1 seguro hasta que todos estemos seguros\u201d, entre otros gui\u00f1os relacionados al globalismo que promueve Pi\u00f1era, abiertamente.<\/p>\n\n\n\n<p>Es interesante la manera en la que muchos pol\u00edticos y personas influyentes impulsan el tema del globalismo y el cumplimiento de la Agenda 2030 a trav\u00e9s de no s\u00f3lo el hecho de hablar expl\u00edcitamente de los ODS (Objetivos de Desarrollo Sostenible), que por cierto es un conjunto de eufemismos, sino tambi\u00e9n a trav\u00e9s de frases y oraciones que parecen ser inocentes pero que de manera sutil est\u00e1n anunciando el verdadero futuro que llegar\u00e1 a la soberan\u00eda de nuestros pa\u00edses. Es cuesti\u00f3n de ir abriendo bien los ojos y tomar con pinzas lo que estas personas c\u00f3mplices del plan est\u00e1n queriendo decir en sus distintos mensajes. \u00bfCreen que muchos no nos estamos informando respecto a lo que quieren hacer?<\/p>\n\n\n\n<p>Sebasti\u00e1n Pi\u00f1era con su discurso de la semana pasada aqu\u00ed en Paraguay es un claro ejemplo. Empezando por la expresi\u00f3n \u201cNadie est\u00e1 seguro hasta que todos estemos seguros\u201d, en t\u00e9rminos menos subliminales: \u201cHasta que TODOS se vacunen, nadie estar\u00e1 seguro.\u201d Respondiendo con dos preguntas a lo mencionado: \u00bfLas vacunas no son efectivas? \u00bfY qu\u00e9 pasa con la libertad de las personas? \u00bfLa vacuna es realmente voluntaria como dicen en su pa\u00eds, se\u00f1or presidente?<\/p>\n\n\n\n<p>Enseguida habla tambi\u00e9n de que se vienen problemas en cuanto al cambio clim\u00e1tico: \u00bfA qu\u00e9 vino realmente? Evidentemente a ser un agente de informaci\u00f3n y control de la nefasta agenda que solo busca el poder por encima de la patria, disfrazando los atropellos con t\u00edtulos decorados fingiendo ser de suma urgencia mientras hay gente que muere de hambre y de otras causas que no est\u00e1n siendo atendidas como merecen.<\/p>\n\n\n\n<p>Y para no alargarnos demasiado, tambi\u00e9n habla de que \u201cpara tener futuro hay que tener coincidencia en lo esencial que son los valores y los principios. Paraguay y Chile, compartimos un compromiso de defensa irrestricta de valores fundamentales como la libertad, la paz, el Estado de derecho, el respeto a los derechos humanos y la democracia.\u201d No nos mienta tan descaradamente Sr. Pi\u00f1era, tenemos ojos que observan lo que sucede en su pa\u00eds, estamos informados sobre el atropello y violaci\u00f3n que est\u00e1 cometiendo su gobierno en contra de la libertad de sus ciudadanos, estamos al tanto de las restricciones absurdas que encierran a su gente y evitan el ingreso de compatriotas y extranjeros a su pa\u00eds, tenemos en la mira las atrocidades que est\u00e1n ocurriendo en contra de los \u201cvalores y principios\u201d que dice tener en com\u00fan con nosotros los paraguayos. Pero no hemos de ceder a quedarnos callados y no acompa\u00f1ar a la lucha por la libertad que ya se desat\u00f3 all\u00e1, porque no solo somos simples observadores, sino que aqu\u00ed intentaremos evitar que suceda lo mismo y que s\u00ed se cumpla realmente la defensa irrestricta de los valores fundamentales.<\/p>\n\n\n\n<p>Estas palabras van tambi\u00e9n dirigidas y como advertencia a nuestro presidente Mario Abdo Ben\u00edtez; hablo en nombre de muchos paraguayos que no abandonaremos nuestro derecho intr\u00ednseco a la libertad y que si, verdaderamente quiere tener la paz que dice buscar el gobernante chileno, evite que estos derechos fundamentales se vean afectados (vida, libertad y propiedad privada).<\/p>\n","protected":false},"excerpt":{"rendered":"<p>En los \u00faltimos d\u00edas del mes de septiembre, en Paraguay, hemos recibido al mandatario de Chile. Estuvo reunido con nuestro presidente Mario Abdo, y luego comparti\u00f3 un discurso p\u00fablico en el Palacio de Gobierno. Muchos temas sonaron en este encuentro: Tratado de Libre Comercio (TLC), Corredor Bioce\u00e1nico, entrega del collar al m\u00e9rito a Sebasti\u00e1n Pi\u00f1era, [&hellip;]<\/p>\n","protected":false},"author":30,"featured_media":7478,"comment_status":"open","ping_status":"open","sticky":false,"template":"","format":"standard","meta":{"_monsterinsights_skip_tracking":false,"_monsterinsights_sitenote_active":false,"_monsterinsights_sitenote_note":"","_monsterinsights_sitenote_category":0,"footnotes":"","jetpack_publicize_message":"","jetpack_is_tweetstorm":false,"jetpack_publicize_feature_enabled":true},"categories":[177],"tags":[1036,955,332,741],"ppma_author":[1406],"class_list":["post-7477","post","type-post","status-publish","format-standard","has-post-thumbnail","hentry","category-nacionales","tag-destacada","tag-globalismo","tag-mario-abdo","tag-sebastian-pinera"],"jetpack_publicize_connections":[],"yoast_head":"<!-- This site is optimized with the Yoast SEO plugin v27.5 - https:\/\/yoast.com\/product\/yoast-seo-wordpress\/ -->\n<title>Pi\u00f1era, existen paraguayos con los ojos bien abiertos - Informatepy<\/title>\n<meta name=\"robots\" content=\"index, follow, max-snippet:-1, max-image-preview:large, max-video-preview:-1\" \/>\n<link rel=\"canonical\" href=\"https:\/\/informatepy.com\/2021\/2021\/10\/04\/pinera-existen-paraguayos-con-los-ojos-bien-abiertos\/\" \/>\n<meta property=\"og:locale\" content=\"es_ES\" \/>\n<meta property=\"og:type\" content=\"article\" \/>\n<meta property=\"og:title\" content=\"Pi\u00f1era, existen paraguayos con los ojos bien abiertos - Informatepy\" \/>\n<meta property=\"og:description\" content=\"En los \u00faltimos d\u00edas del mes de septiembre, en Paraguay, hemos recibido al mandatario de Chile. Estuvo reunido con nuestro presidente Mario Abdo, y luego comparti\u00f3 un discurso p\u00fablico en el Palacio de Gobierno. Muchos temas sonaron en este encuentro: Tratado de Libre Comercio (TLC), Corredor Bioce\u00e1nico, entrega del collar al m\u00e9rito a Sebasti\u00e1n Pi\u00f1era, [&hellip;]\" \/>\n<meta property=\"og:url\" content=\"https:\/\/informatepy.com\/2021\/2021\/10\/04\/pinera-existen-paraguayos-con-los-ojos-bien-abiertos\/\" \/>\n<meta property=\"og:site_name\" content=\"Informatepy\" \/>\n<meta property=\"article:published_time\" content=\"2021-10-04T10:30:58+00:00\" \/>\n<meta property=\"article:modified_time\" content=\"2021-10-04T10:31:00+00:00\" \/>\n<meta property=\"og:image\" content=\"https:\/\/i2.wp.com\/informatepy.com\/2021\/wp-content\/uploads\/2021\/10\/pinera-y-abdo.jpg?fit=1280%2C853&ssl=1\" \/>\n\t<meta property=\"og:image:width\" content=\"1280\" \/>\n\t<meta property=\"og:image:height\" content=\"853\" \/>\n\t<meta property=\"og:image:type\" content=\"image\/jpeg\" \/>\n<meta name=\"author\" content=\"Marcella Ciciolli\" \/>\n<meta name=\"twitter:card\" content=\"summary_large_image\" \/>\n<meta name=\"twitter:creator\" content=\"@https:\/\/twitter.com\/MarchiCiciolli\" \/>\n<meta name=\"twitter:label1\" content=\"Escrito por\" \/>\n\t<meta name=\"twitter:data1\" content=\"Marcella Ciciolli\" \/>\n\t<meta name=\"twitter:label2\" content=\"Tiempo de lectura\" \/>\n\t<meta name=\"twitter:data2\" content=\"3 minutos\" \/>\n<script type=\"application\/ld+json\" class=\"yoast-schema-graph\">{\"@context\":\"https:\\\/\\\/schema.org\",\"@graph\":[{\"@type\":\"Article\",\"@id\":\"https:\\\/\\\/informatepy.com\\\/2021\\\/2021\\\/10\\\/04\\\/pinera-existen-paraguayos-con-los-ojos-bien-abiertos\\\/#article\",\"isPartOf\":{\"@id\":\"https:\\\/\\\/informatepy.com\\\/2021\\\/2021\\\/10\\\/04\\\/pinera-existen-paraguayos-con-los-ojos-bien-abiertos\\\/\"},\"author\":{\"name\":\"Marcella Ciciolli\",\"@id\":\"https:\\\/\\\/informatepy.com\\\/2021\\\/#\\\/schema\\\/person\\\/ac13df40441ac477eaeee341a0de3766\"},\"headline\":\"Pi\u00f1era, existen paraguayos con los ojos bien abiertos\",\"datePublished\":\"2021-10-04T10:30:58+00:00\",\"dateModified\":\"2021-10-04T10:31:00+00:00\",\"mainEntityOfPage\":{\"@id\":\"https:\\\/\\\/informatepy.com\\\/2021\\\/2021\\\/10\\\/04\\\/pinera-existen-paraguayos-con-los-ojos-bien-abiertos\\\/\"},\"wordCount\":703,\"commentCount\":0,\"publisher\":{\"@id\":\"https:\\\/\\\/informatepy.com\\\/2021\\\/#\\\/schema\\\/person\\\/edd302c981d6ba4596191719d1025a8a\"},\"image\":{\"@id\":\"https:\\\/\\\/informatepy.com\\\/2021\\\/2021\\\/10\\\/04\\\/pinera-existen-paraguayos-con-los-ojos-bien-abiertos\\\/#primaryimage\"},\"thumbnailUrl\":\"https:\\\/\\\/i0.wp.com\\\/informatepy.com\\\/2021\\\/wp-content\\\/uploads\\\/2021\\\/10\\\/pinera-y-abdo.jpg?fit=1280%2C853&ssl=1\",\"keywords\":[\"destacada\",\"globalismo\",\"mario abdo\",\"sebastian pi\u00f1era\"],\"articleSection\":[\"Nacionales\"],\"inLanguage\":\"es\",\"potentialAction\":[{\"@type\":\"CommentAction\",\"name\":\"Comment\",\"target\":[\"https:\\\/\\\/informatepy.com\\\/2021\\\/2021\\\/10\\\/04\\\/pinera-existen-paraguayos-con-los-ojos-bien-abiertos\\\/#respond\"]}]},{\"@type\":\"WebPage\",\"@id\":\"https:\\\/\\\/informatepy.com\\\/2021\\\/2021\\\/10\\\/04\\\/pinera-existen-paraguayos-con-los-ojos-bien-abiertos\\\/\",\"url\":\"https:\\\/\\\/informatepy.com\\\/2021\\\/2021\\\/10\\\/04\\\/pinera-existen-paraguayos-con-los-ojos-bien-abiertos\\\/\",\"name\":\"Pi\u00f1era, existen paraguayos con los ojos bien abiertos - Informatepy\",\"isPartOf\":{\"@id\":\"https:\\\/\\\/informatepy.com\\\/2021\\\/#website\"},\"primaryImageOfPage\":{\"@id\":\"https:\\\/\\\/informatepy.com\\\/2021\\\/2021\\\/10\\\/04\\\/pinera-existen-paraguayos-con-los-ojos-bien-abiertos\\\/#primaryimage\"},\"image\":{\"@id\":\"https:\\\/\\\/informatepy.com\\\/2021\\\/2021\\\/10\\\/04\\\/pinera-existen-paraguayos-con-los-ojos-bien-abiertos\\\/#primaryimage\"},\"thumbnailUrl\":\"https:\\\/\\\/i0.wp.com\\\/informatepy.com\\\/2021\\\/wp-content\\\/uploads\\\/2021\\\/10\\\/pinera-y-abdo.jpg?fit=1280%2C853&ssl=1\",\"datePublished\":\"2021-10-04T10:30:58+00:00\",\"dateModified\":\"2021-10-04T10:31:00+00:00\",\"breadcrumb\":{\"@id\":\"https:\\\/\\\/informatepy.com\\\/2021\\\/2021\\\/10\\\/04\\\/pinera-existen-paraguayos-con-los-ojos-bien-abiertos\\\/#breadcrumb\"},\"inLanguage\":\"es\",\"potentialAction\":[{\"@type\":\"ReadAction\",\"target\":[\"https:\\\/\\\/informatepy.com\\\/2021\\\/2021\\\/10\\\/04\\\/pinera-existen-paraguayos-con-los-ojos-bien-abiertos\\\/\"]}]},{\"@type\":\"ImageObject\",\"inLanguage\":\"es\",\"@id\":\"https:\\\/\\\/informatepy.com\\\/2021\\\/2021\\\/10\\\/04\\\/pinera-existen-paraguayos-con-los-ojos-bien-abiertos\\\/#primaryimage\",\"url\":\"https:\\\/\\\/i0.wp.com\\\/informatepy.com\\\/2021\\\/wp-content\\\/uploads\\\/2021\\\/10\\\/pinera-y-abdo.jpg?fit=1280%2C853&ssl=1\",\"contentUrl\":\"https:\\\/\\\/i0.wp.com\\\/informatepy.com\\\/2021\\\/wp-content\\\/uploads\\\/2021\\\/10\\\/pinera-y-abdo.jpg?fit=1280%2C853&ssl=1\",\"width\":1280,\"height\":853},{\"@type\":\"BreadcrumbList\",\"@id\":\"https:\\\/\\\/informatepy.com\\\/2021\\\/2021\\\/10\\\/04\\\/pinera-existen-paraguayos-con-los-ojos-bien-abiertos\\\/#breadcrumb\",\"itemListElement\":[{\"@type\":\"ListItem\",\"position\":1,\"name\":\"Portada\",\"item\":\"https:\\\/\\\/informatepy.com\\\/2021\\\/\"},{\"@type\":\"ListItem\",\"position\":2,\"name\":\"Pi\u00f1era, existen paraguayos con los ojos bien abiertos\"}]},{\"@type\":\"WebSite\",\"@id\":\"https:\\\/\\\/informatepy.com\\\/2021\\\/#website\",\"url\":\"https:\\\/\\\/informatepy.com\\\/2021\\\/\",\"name\":\"Informatepy\",\"description\":\"La verdad, siempre!\",\"publisher\":{\"@id\":\"https:\\\/\\\/informatepy.com\\\/2021\\\/#\\\/schema\\\/person\\\/edd302c981d6ba4596191719d1025a8a\"},\"potentialAction\":[{\"@type\":\"SearchAction\",\"target\":{\"@type\":\"EntryPoint\",\"urlTemplate\":\"https:\\\/\\\/informatepy.com\\\/2021\\\/?s={search_term_string}\"},\"query-input\":{\"@type\":\"PropertyValueSpecification\",\"valueRequired\":true,\"valueName\":\"search_term_string\"}}],\"inLanguage\":\"es\"},{\"@type\":[\"Person\",\"Organization\"],\"@id\":\"https:\\\/\\\/informatepy.com\\\/2021\\\/#\\\/schema\\\/person\\\/edd302c981d6ba4596191719d1025a8a\",\"name\":\"admin\",\"image\":{\"@type\":\"ImageObject\",\"inLanguage\":\"es\",\"@id\":\"https:\\\/\\\/secure.gravatar.com\\\/avatar\\\/5310f602b6cbcfb86e030c4ccdbb78f6565a3b9bab6a74ab80fd3cb5428b65af?s=96&d=mm&r=g\",\"url\":\"https:\\\/\\\/secure.gravatar.com\\\/avatar\\\/5310f602b6cbcfb86e030c4ccdbb78f6565a3b9bab6a74ab80fd3cb5428b65af?s=96&d=mm&r=g\",\"contentUrl\":\"https:\\\/\\\/secure.gravatar.com\\\/avatar\\\/5310f602b6cbcfb86e030c4ccdbb78f6565a3b9bab6a74ab80fd3cb5428b65af?s=96&d=mm&r=g\",\"caption\":\"admin\"},\"logo\":{\"@id\":\"https:\\\/\\\/secure.gravatar.com\\\/avatar\\\/5310f602b6cbcfb86e030c4ccdbb78f6565a3b9bab6a74ab80fd3cb5428b65af?s=96&d=mm&r=g\"},\"sameAs\":[\"http:\\\/\\\/informatepy.com\\\/2021\"]},{\"@type\":\"Person\",\"@id\":\"https:\\\/\\\/informatepy.com\\\/2021\\\/#\\\/schema\\\/person\\\/ac13df40441ac477eaeee341a0de3766\",\"name\":\"Marcella Ciciolli\",\"image\":{\"@type\":\"ImageObject\",\"inLanguage\":\"es\",\"@id\":\"https:\\\/\\\/i0.wp.com\\\/informatepy.com\\\/2021\\\/wp-content\\\/uploads\\\/2021\\\/09\\\/marcella-ciciolli.jpg?fit=81%2C96&ssl=1\",\"url\":\"https:\\\/\\\/i0.wp.com\\\/informatepy.com\\\/2021\\\/wp-content\\\/uploads\\\/2021\\\/09\\\/marcella-ciciolli.jpg?fit=81%2C96&ssl=1\",\"contentUrl\":\"https:\\\/\\\/i0.wp.com\\\/informatepy.com\\\/2021\\\/wp-content\\\/uploads\\\/2021\\\/09\\\/marcella-ciciolli.jpg?fit=81%2C96&ssl=1\",\"caption\":\"Marcella Ciciolli\"},\"sameAs\":[\"https:\\\/\\\/x.com\\\/https:\\\/\\\/twitter.com\\\/MarchiCiciolli\"],\"url\":\"https:\\\/\\\/informatepy.com\\\/2021\\\/author\\\/mcicciolli\\\/\"}]}<\/script>\n<!-- \/ Yoast SEO plugin. -->","yoast_head_json":{"title":"Pi\u00f1era, existen paraguayos con los ojos bien abiertos - Informatepy","robots":{"index":"index","follow":"follow","max-snippet":"max-snippet:-1","max-image-preview":"max-image-preview:large","max-video-preview":"max-video-preview:-1"},"canonical":"https:\/\/informatepy.com\/2021\/2021\/10\/04\/pinera-existen-paraguayos-con-los-ojos-bien-abiertos\/","og_locale":"es_ES","og_type":"article","og_title":"Pi\u00f1era, existen paraguayos con los ojos bien abiertos - Informatepy","og_description":"En los \u00faltimos d\u00edas del mes de septiembre, en Paraguay, hemos recibido al mandatario de Chile. Estuvo reunido con nuestro presidente Mario Abdo, y luego comparti\u00f3 un discurso p\u00fablico en el Palacio de Gobierno. Muchos temas sonaron en este encuentro: Tratado de Libre Comercio (TLC), Corredor Bioce\u00e1nico, entrega del collar al m\u00e9rito a Sebasti\u00e1n Pi\u00f1era, [&hellip;]","og_url":"https:\/\/informatepy.com\/2021\/2021\/10\/04\/pinera-existen-paraguayos-con-los-ojos-bien-abiertos\/","og_site_name":"Informatepy","article_published_time":"2021-10-04T10:30:58+00:00","article_modified_time":"2021-10-04T10:31:00+00:00","og_image":[{"width":1280,"height":853,"url":"https:\/\/i2.wp.com\/informatepy.com\/2021\/wp-content\/uploads\/2021\/10\/pinera-y-abdo.jpg?fit=1280%2C853&ssl=1","type":"image\/jpeg"}],"author":"Marcella Ciciolli","twitter_card":"summary_large_image","twitter_creator":"@https:\/\/twitter.com\/MarchiCiciolli","twitter_misc":{"Escrito por":"Marcella Ciciolli","Tiempo de lectura":"3 minutos"},"schema":{"@context":"https:\/\/schema.org","@graph":[{"@type":"Article","@id":"https:\/\/informatepy.com\/2021\/2021\/10\/04\/pinera-existen-paraguayos-con-los-ojos-bien-abiertos\/#article","isPartOf":{"@id":"https:\/\/informatepy.com\/2021\/2021\/10\/04\/pinera-existen-paraguayos-con-los-ojos-bien-abiertos\/"},"author":{"name":"Marcella Ciciolli","@id":"https:\/\/informatepy.com\/2021\/#\/schema\/person\/ac13df40441ac477eaeee341a0de3766"},"headline":"Pi\u00f1era, existen paraguayos con los ojos bien abiertos","datePublished":"2021-10-04T10:30:58+00:00","dateModified":"2021-10-04T10:31:00+00:00","mainEntityOfPage":{"@id":"https:\/\/informatepy.com\/2021\/2021\/10\/04\/pinera-existen-paraguayos-con-los-ojos-bien-abiertos\/"},"wordCount":703,"commentCount":0,"publisher":{"@id":"https:\/\/informatepy.com\/2021\/#\/schema\/person\/edd302c981d6ba4596191719d1025a8a"},"image":{"@id":"https:\/\/informatepy.com\/2021\/2021\/10\/04\/pinera-existen-paraguayos-con-los-ojos-bien-abiertos\/#primaryimage"},"thumbnailUrl":"https:\/\/i0.wp.com\/informatepy.com\/2021\/wp-content\/uploads\/2021\/10\/pinera-y-abdo.jpg?fit=1280%2C853&ssl=1","keywords":["destacada","globalismo","mario abdo","sebastian pi\u00f1era"],"articleSection":["Nacionales"],"inLanguage":"es","potentialAction":[{"@type":"CommentAction","name":"Comment","target":["https:\/\/informatepy.com\/2021\/2021\/10\/04\/pinera-existen-paraguayos-con-los-ojos-bien-abiertos\/#respond"]}]},{"@type":"WebPage","@id":"https:\/\/informatepy.com\/2021\/2021\/10\/04\/pinera-existen-paraguayos-con-los-ojos-bien-abiertos\/","url":"https:\/\/informatepy.com\/2021\/2021\/10\/04\/pinera-existen-paraguayos-con-los-ojos-bien-abiertos\/","name":"Pi\u00f1era, existen paraguayos con los ojos bien abiertos - Informatepy","isPartOf":{"@id":"https:\/\/informatepy.com\/2021\/#website"},"primaryImageOfPage":{"@id":"https:\/\/informatepy.com\/2021\/2021\/10\/04\/pinera-existen-paraguayos-con-los-ojos-bien-abiertos\/#primaryimage"},"image":{"@id":"https:\/\/informatepy.com\/2021\/2021\/10\/04\/pinera-existen-paraguayos-con-los-ojos-bien-abiertos\/#primaryimage"},"thumbnailUrl":"https:\/\/i0.wp.com\/informatepy.com\/2021\/wp-content\/uploads\/2021\/10\/pinera-y-abdo.jpg?fit=1280%2C853&ssl=1","datePublished":"2021-10-04T10:30:58+00:00","dateModified":"2021-10-04T10:31:00+00:00","breadcrumb":{"@id":"https:\/\/informatepy.com\/2021\/2021\/10\/04\/pinera-existen-paraguayos-con-los-ojos-bien-abiertos\/#breadcrumb"},"inLanguage":"es","potentialAction":[{"@type":"ReadAction","target":["https:\/\/informatepy.com\/2021\/2021\/10\/04\/pinera-existen-paraguayos-con-los-ojos-bien-abiertos\/"]}]},{"@type":"ImageObject","inLanguage":"es","@id":"https:\/\/informatepy.com\/2021\/2021\/10\/04\/pinera-existen-paraguayos-con-los-ojos-bien-abiertos\/#primaryimage","url":"https:\/\/i0.wp.com\/informatepy.com\/2021\/wp-content\/uploads\/2021\/10\/pinera-y-abdo.jpg?fit=1280%2C853&ssl=1","contentUrl":"https:\/\/i0.wp.com\/informatepy.com\/2021\/wp-content\/uploads\/2021\/10\/pinera-y-abdo.jpg?fit=1280%2C853&ssl=1","width":1280,"height":853},{"@type":"BreadcrumbList","@id":"https:\/\/informatepy.com\/2021\/2021\/10\/04\/pinera-existen-paraguayos-con-los-ojos-bien-abiertos\/#breadcrumb","itemListElement":[{"@type":"ListItem","position":1,"name":"Portada","item":"https:\/\/informatepy.com\/2021\/"},{"@type":"ListItem","position":2,"name":"Pi\u00f1era, existen paraguayos con los ojos bien abiertos"}]},{"@type":"WebSite","@id":"https:\/\/informatepy.com\/2021\/#website","url":"https:\/\/informatepy.com\/2021\/","name":"Informatepy","description":"La verdad, siempre!","publisher":{"@id":"https:\/\/informatepy.com\/2021\/#\/schema\/person\/edd302c981d6ba4596191719d1025a8a"},"potentialAction":[{"@type":"SearchAction","target":{"@type":"EntryPoint","urlTemplate":"https:\/\/informatepy.com\/2021\/?s={search_term_string}"},"query-input":{"@type":"PropertyValueSpecification","valueRequired":true,"valueName":"search_term_string"}}],"inLanguage":"es"},{"@type":["Person","Organization"],"@id":"https:\/\/informatepy.com\/2021\/#\/schema\/person\/edd302c981d6ba4596191719d1025a8a","name":"admin","image":{"@type":"ImageObject","inLanguage":"es","@id":"https:\/\/secure.gravatar.com\/avatar\/5310f602b6cbcfb86e030c4ccdbb78f6565a3b9bab6a74ab80fd3cb5428b65af?s=96&d=mm&r=g","url":"https:\/\/secure.gravatar.com\/avatar\/5310f602b6cbcfb86e030c4ccdbb78f6565a3b9bab6a74ab80fd3cb5428b65af?s=96&d=mm&r=g","contentUrl":"https:\/\/secure.gravatar.com\/avatar\/5310f602b6cbcfb86e030c4ccdbb78f6565a3b9bab6a74ab80fd3cb5428b65af?s=96&d=mm&r=g","caption":"admin"},"logo":{"@id":"https:\/\/secure.gravatar.com\/avatar\/5310f602b6cbcfb86e030c4ccdbb78f6565a3b9bab6a74ab80fd3cb5428b65af?s=96&d=mm&r=g"},"sameAs":["http:\/\/informatepy.com\/2021"]},{"@type":"Person","@id":"https:\/\/informatepy.com\/2021\/#\/schema\/person\/ac13df40441ac477eaeee341a0de3766","name":"Marcella Ciciolli","image":{"@type":"ImageObject","inLanguage":"es","@id":"https:\/\/i0.wp.com\/informatepy.com\/2021\/wp-content\/uploads\/2021\/09\/marcella-ciciolli.jpg?fit=81%2C96&ssl=1","url":"https:\/\/i0.wp.com\/informatepy.com\/2021\/wp-content\/uploads\/2021\/09\/marcella-ciciolli.jpg?fit=81%2C96&ssl=1","contentUrl":"https:\/\/i0.wp.com\/informatepy.com\/2021\/wp-content\/uploads\/2021\/09\/marcella-ciciolli.jpg?fit=81%2C96&ssl=1","caption":"Marcella Ciciolli"},"sameAs":["https:\/\/x.com\/https:\/\/twitter.com\/MarchiCiciolli"],"url":"https:\/\/informatepy.com\/2021\/author\/mcicciolli\/"}]}},"jetpack_featured_media_url":"https:\/\/i0.wp.com\/informatepy.com\/2021\/wp-content\/uploads\/2021\/10\/pinera-y-abdo.jpg?fit=1280%2C853&ssl=1","jetpack_sharing_enabled":true,"jetpack_likes_enabled":true,"jetpack-related-posts":[{"id":7914,"url":"https:\/\/informatepy.com\/2021\/2021\/10\/24\/chile-y-la-deriva-socialista\/","url_meta":{"origin":7477,"position":0},"title":"TABLERO MUNDIAL: Chile y la deriva socialista","date":"24 de octubre de 2021","format":false,"excerpt":"En las d\u00e9cadas pasadas, se sol\u00eda hablar de Chile como \u201cel milagro econ\u00f3mico\u201d, dicha expresi\u00f3n devino justamente en los 90\u2019s durante el periodo autoritario del Gral. Augusto Pinochet, quien asumi\u00f3 las riendas del pa\u00eds luego de la breve, pero profunda crisis generalizada que devino el gobierno del socialista Salvador Allende.\u2026","rel":"","context":"En \u00abAnalisis\u00bb","img":{"alt_text":"","src":"https:\/\/i0.wp.com\/informatepy.com\/2021\/wp-content\/uploads\/2021\/10\/pinera-1.jpg?fit=1200%2C672&ssl=1&resize=350%2C200","width":350,"height":200},"classes":[]},{"id":7683,"url":"https:\/\/informatepy.com\/2021\/2021\/10\/13\/llevando-la-estupidez-a-un-nuevo-nivel-candidato-comunista-chileno-pide-un-minuto-de-silencio-en-medio-de-un-debate-para-los-que-incendiaron-chile\/","url_meta":{"origin":7477,"position":1},"title":"Candidato comunista chileno pide un minuto de silencio en medio de un debate\u2026 para los que incendiaron Chile","date":"13 de octubre de 2021","format":false,"excerpt":"Este lunes se llev\u00f3 a cabo un\u00a0nuevo debate presidencial\u00a0que busca discutir las propuestas de los candidatos para las elecciones del\u00a0pr\u00f3ximo 21 de noviembre. El candidato Comunista del partido Uni\u00f3n Patri\u00f3tica de Chile, Eduardo Art\u00e9s, participando de un debate de cara a las pr\u00f3ximas elecciones de ese pa\u00eds, aprovech\u00f3 el minuto\u2026","rel":"","context":"En \u00abMundo\u00bb","img":{"alt_text":"","src":"https:\/\/i0.wp.com\/informatepy.com\/2021\/wp-content\/uploads\/2021\/10\/eduardo-artes-candidato-presidente-chile.jpg?fit=827%2C476&ssl=1&resize=350%2C200","width":350,"height":200},"classes":[]},{"id":12168,"url":"https:\/\/informatepy.com\/2021\/2022\/06\/15\/sebastian-villarejo-cuestiona-a-mario-abdo-por-violar-la-constitucion-con-su-candidatura\/","url_meta":{"origin":7477,"position":2},"title":"Sebasti\u00e1n Villarejo cuestiona a Mario Abdo por violar la Constituci\u00f3n con su candidatura","date":"15 de junio de 2022","format":false,"excerpt":"Sebasti\u00e1n Villarejo, diputado y presidente del Partido Patria Querida, cuestion\u00f3 al presidente de la Rep\u00fablica, Mario Abdo Ben\u00edtez, por su candidatura a la Junta de Gobierno de la Asociaci\u00f3n Nacional Republicana (ANR), atendiendo que est\u00e1 imposibilitado por la Constituci\u00f3n Nacional. \u201cEl presidente de la Rep\u00fablica firm\u00f3 su candidatura a la\u2026","rel":"","context":"En \u00abNacionales\u00bb","img":{"alt_text":"","src":"https:\/\/i0.wp.com\/informatepy.com\/2021\/wp-content\/uploads\/2021\/10\/dip-sebastian-villarejo.jpg?fit=850%2C567&ssl=1&resize=350%2C200","width":350,"height":200},"classes":[]},{"id":13707,"url":"https:\/\/informatepy.com\/2021\/2022\/09\/02\/chile-define-su-constitucion-este-domingo\/","url_meta":{"origin":7477,"position":3},"title":"Chile define su constituci\u00f3n este domingo","date":"2 de septiembre de 2022","format":false,"excerpt":"Este domingo 4 de septiembre, un total de 15,1 millones de personas han sido convocados para participar en el Refer\u00e9ndum Constituyente, es decir, los electores decidir\u00e1n si aprueban o rechazan el Proyecto de Constituci\u00f3n redactado por la Asamblea Constituyente. Vale acotar, que la actual Carta Magna de Chile fue promulgada\u2026","rel":"","context":"En \u00abAnalisis\u00bb","img":{"alt_text":"","src":"https:\/\/i0.wp.com\/informatepy.com\/2021\/wp-content\/uploads\/2021\/11\/nahem.png?fit=1200%2C657&ssl=1&resize=350%2C200","width":350,"height":200},"classes":[]},{"id":13998,"url":"https:\/\/informatepy.com\/2021\/2022\/09\/20\/mario-abdo-en-la-onu-pidio-un-mundo-con-pleno-respeto-a-las-libertades-fundamentales\/","url_meta":{"origin":7477,"position":4},"title":"Mario Abdo en la ONU pidi\u00f3 un mundo con pleno respeto a las libertades fundamentales","date":"20 de septiembre de 2022","format":false,"excerpt":"El presidente de la Rep\u00fablica, Mario Abdo Ben\u00edtez, afirm\u00f3 que el mundo experimenta tiempos dif\u00edciles que demandan compromisos pol\u00edticos concretos y no actitudes gen\u00e9ricas, m\u00e1s a\u00fan en los a\u00f1os posteriores a la pandemia que se proyectan dif\u00edciles y requerir\u00e1n reformas que deben \"blindarse de falsas promesas\u201d. Fue durante su intervenci\u00f3n\u2026","rel":"","context":"En \u00abNacionales\u00bb","img":{"alt_text":"","src":"https:\/\/i0.wp.com\/informatepy.com\/2021\/wp-content\/uploads\/2022\/09\/abdo-onu.jpg?fit=1200%2C801&ssl=1&resize=350%2C200","width":350,"height":200},"classes":[]},{"id":9937,"url":"https:\/\/informatepy.com\/2021\/2022\/02\/04\/carlos-rejala-sobre-abdo-es-el-presidente-de-la-republica-mas-corrupto-de-la-historia-de-nuestra-breve-democracia\/","url_meta":{"origin":7477,"position":5},"title":"Carlos Rejala sobre Abdo: \u00abEs el presidente de la Rep\u00fablica m\u00e1s corrupto de la historia de nuestra breve democracia\u201d","date":"4 de febrero de 2022","format":false,"excerpt":"El diputado del Partido Hagamos y aspirante a la Presidencia de la Rep\u00fablica, Carlos Rejala, tild\u00f3 al presidente de la Rep\u00fablica, Mario Abdo Ben\u00edtez, como el m\u00e1s corrupto de la \u00e9poca democr\u00e1tica. Dijo que es el principal culpable de la instalaci\u00f3n de un narcoestado en Paraguay. \u201cNo tenemos que mentirnos\u2026","rel":"","context":"En \u00abNacionales\u00bb","img":{"alt_text":"","src":"https:\/\/i0.wp.com\/informatepy.com\/2021\/wp-content\/uploads\/2022\/01\/carlos-rejala.jpg?fit=902%2C601&ssl=1&resize=350%2C200","width":350,"height":200},"classes":[]}],"authors":[{"term_id":1406,"user_id":30,"is_guest":0,"slug":"mcicciolli","display_name":"Marcella Ciciolli","avatar_url":"https:\/\/i0.wp.com\/informatepy.com\/2021\/wp-content\/uploads\/2021\/09\/marcella-ciciolli.jpg?fit=81%2C96&ssl=1","first_name":"Marcella","last_name":"Ciciolli","user_url":"","description":""}],"amp_enabled":true,"_links":{"self":[{"href":"https:\/\/informatepy.com\/2021\/wp-json\/wp\/v2\/posts\/7477","targetHints":{"allow":["GET"]}}],"collection":[{"href":"https:\/\/informatepy.com\/2021\/wp-json\/wp\/v2\/posts"}],"about":[{"href":"https:\/\/informatepy.com\/2021\/wp-json\/wp\/v2\/types\/post"}],"author":[{"embeddable":true,"href":"https:\/\/informatepy.com\/2021\/wp-json\/wp\/v2\/users\/30"}],"replies":[{"embeddable":true,"href":"https:\/\/informatepy.com\/2021\/wp-json\/wp\/v2\/comments?post=7477"}],"version-history":[{"count":1,"href":"https:\/\/informatepy.com\/2021\/wp-json\/wp\/v2\/posts\/7477\/revisions"}],"predecessor-version":[{"id":7479,"href":"https:\/\/informatepy.com\/2021\/wp-json\/wp\/v2\/posts\/7477\/revisions\/7479"}],"wp:featuredmedia":[{"embeddable":true,"href":"https:\/\/informatepy.com\/2021\/wp-json\/wp\/v2\/media\/7478"}],"wp:attachment":[{"href":"https:\/\/informatepy.com\/2021\/wp-json\/wp\/v2\/media?parent=7477"}],"wp:term":[{"taxonomy":"category","embeddable":true,"href":"https:\/\/informatepy.com\/2021\/wp-json\/wp\/v2\/categories?post=7477"},{"taxonomy":"post_tag","embeddable":true,"href":"https:\/\/informatepy.com\/2021\/wp-json\/wp\/v2\/tags?post=7477"},{"taxonomy":"author","embeddable":true,"href":"https:\/\/informatepy.com\/2021\/wp-json\/wp\/v2\/ppma_author?post=7477"}],"curies":[{"name":"wp","href":"https:\/\/api.w.org\/{rel}","templated":true}]}}