{"id":7309,"date":"2021-09-24T18:00:00","date_gmt":"2021-09-24T22:00:00","guid":{"rendered":"http:\/\/informatepy.com\/2021\/?p=7309"},"modified":"2021-09-24T16:42:43","modified_gmt":"2021-09-24T20:42:43","slug":"hungria-y-republica-checa-reiteran-su-rechazo-a-la-inmigracion-la-unica-solucion-ante-la-extincion-de-europa-es-la-natalidad","status":"publish","type":"post","link":"https:\/\/informatepy.com\/2021\/2021\/09\/24\/hungria-y-republica-checa-reiteran-su-rechazo-a-la-inmigracion-la-unica-solucion-ante-la-extincion-de-europa-es-la-natalidad\/","title":{"rendered":"Hungr\u00eda y Rep\u00fablica Checa reiteran su rechazo a la inmigraci\u00f3n: \u2018La \u00fanica soluci\u00f3n ante la extinci\u00f3n de Europa es la natalidad\u2019"},"content":{"rendered":"\n<p>El primer ministro h\u00fangaro,&nbsp;<strong>Viktor Orb\u00e1n<\/strong>, ha asegurado este jueves que la inmigraci\u00f3n&nbsp;<strong>\u00abno es una herramienta \u00fatil\u00bb&nbsp;<\/strong>para combatir la crisis demogr\u00e1fica, una postura a la que se ha sumado su hom\u00f3logo checo,&nbsp;<strong>Andrej Babis.<\/strong><\/p>\n\n\n\n<p>\u00abLa \u00fanica soluci\u00f3n para la ca\u00edda de la natalidad es que\u00a0<strong>el Estado ayude a las familias\u00a0<\/strong>y apoye su formaci\u00f3n\u00bb, ha aseverado el mandatario h\u00fangaro durante la ceremonia de apertura de una cumbre demogr\u00e1fica celebrada en Budapest.<\/p>\n\n\n\n<p>As\u00ed, ha se\u00f1alado que \u00abmuchos en Occidente ven la inmigraci\u00f3n como una cuesti\u00f3n de mano de obra\u00bb, pero para el Gobierno h\u00fangaro \u00abes una cuesti\u00f3n de identidad\u00bb. Es esta defensa de la identidad la que ha llevado a Orb\u00e1n&nbsp;<strong>a construir vallas y reforzar los controles fronterizos.<\/strong><\/p>\n\n\n\n<p>El Gobierno h\u00fangaro defiende que sin el giro familiar, sin las pol\u00edticas de apoyo a la familia que llevan 10 a\u00f1os impulsando, habr\u00edan nacido 120.000 ni\u00f1os menos. \u00abLas medidas est\u00e1n en sinton\u00eda con la gente, hicimos referendos y consultas p\u00fablicas nacionales. En Bruselas, nadie le ha preguntado a la gente sobre el lobby LGTB o la inmigraci\u00f3n\u00bb, se\u00f1alan.<\/p>\n\n\n\n<p>Babis, por su parte, ha coincidido con Orb\u00e1n al descartar la idea de apostar por la inmigraci\u00f3n para impulsar un aumento de la demograf\u00eda. Para \u00e9l, la&nbsp;<strong>\u00ab\u00fanica soluci\u00f3n sostenible del problema demogr\u00e1fico en Europa consiste en aumentar la tasa de natalidad\u00bb.<\/strong>&nbsp;\u00abLa inmigraci\u00f3n masiva e incontrolada a Europa no tiene nada que ver con la estabilidad de nuestra sociedad europea, todo lo contrario. La \u00fanica soluci\u00f3n verdaderamente sostenible de la extinci\u00f3n de Europa es aumentar la tasa de natalidad de su propia poblaci\u00f3n\u00bb, ha dicho.<\/p>\n\n\n\n<p>En este sentido, se ha congratulado de que los pa\u00edses del llamado\u00a0<strong>Grupo de Visegrado<\/strong>\u00a0(Rep\u00fablica Checa, Polonia, Eslovaquia y Hungr\u00eda) comparten ese enfoque.<\/p>\n\n\n\n<h6 class=\"wp-block-heading\">La Gaceta de la Iberosfera<\/h6>\n","protected":false},"excerpt":{"rendered":"<p>El primer ministro h\u00fangaro,&nbsp;Viktor Orb\u00e1n, ha asegurado este jueves que la inmigraci\u00f3n&nbsp;\u00abno es una herramienta \u00fatil\u00bb&nbsp;para combatir la crisis demogr\u00e1fica, una postura a la que se ha sumado su hom\u00f3logo checo,&nbsp;Andrej Babis. \u00abLa \u00fanica soluci\u00f3n para la ca\u00edda de la natalidad es que\u00a0el Estado ayude a las familias\u00a0y apoye su formaci\u00f3n\u00bb, ha aseverado el mandatario [&hellip;]<\/p>\n","protected":false},"author":4,"featured_media":5464,"comment_status":"open","ping_status":"open","sticky":false,"template":"","format":"standard","meta":{"_monsterinsights_skip_tracking":false,"_monsterinsights_sitenote_active":false,"_monsterinsights_sitenote_note":"","_monsterinsights_sitenote_category":0,"footnotes":"","jetpack_publicize_message":"","jetpack_is_tweetstorm":false,"jetpack_publicize_feature_enabled":true},"categories":[173],"tags":[1434,1163,1433,1258],"ppma_author":[1051],"class_list":["post-7309","post","type-post","status-publish","format-standard","has-post-thumbnail","hentry","category-mundo","tag-andrej-babis","tag-hungria","tag-republica-checa","tag-viktor-orban"],"jetpack_publicize_connections":[],"yoast_head":"<!-- This site is optimized with the Yoast SEO plugin v27.5 - https:\/\/yoast.com\/product\/yoast-seo-wordpress\/ -->\n<title>Hungr\u00eda y Rep\u00fablica Checa reiteran su rechazo a la inmigraci\u00f3n: \u2018La \u00fanica soluci\u00f3n ante la extinci\u00f3n de Europa es la natalidad\u2019 - Informatepy<\/title>\n<meta name=\"robots\" content=\"index, follow, max-snippet:-1, max-image-preview:large, max-video-preview:-1\" \/>\n<link rel=\"canonical\" href=\"https:\/\/informatepy.com\/2021\/2021\/09\/24\/hungria-y-republica-checa-reiteran-su-rechazo-a-la-inmigracion-la-unica-solucion-ante-la-extincion-de-europa-es-la-natalidad\/\" \/>\n<meta property=\"og:locale\" content=\"es_ES\" \/>\n<meta property=\"og:type\" content=\"article\" \/>\n<meta property=\"og:title\" content=\"Hungr\u00eda y Rep\u00fablica Checa reiteran su rechazo a la inmigraci\u00f3n: \u2018La \u00fanica soluci\u00f3n ante la extinci\u00f3n de Europa es la natalidad\u2019 - Informatepy\" \/>\n<meta property=\"og:description\" content=\"El primer ministro h\u00fangaro,&nbsp;Viktor Orb\u00e1n, ha asegurado este jueves que la inmigraci\u00f3n&nbsp;\u00abno es una herramienta \u00fatil\u00bb&nbsp;para combatir la crisis demogr\u00e1fica, una postura a la que se ha sumado su hom\u00f3logo checo,&nbsp;Andrej Babis. \u00abLa \u00fanica soluci\u00f3n para la ca\u00edda de la natalidad es que\u00a0el Estado ayude a las familias\u00a0y apoye su formaci\u00f3n\u00bb, ha aseverado el mandatario [&hellip;]\" \/>\n<meta property=\"og:url\" content=\"https:\/\/informatepy.com\/2021\/2021\/09\/24\/hungria-y-republica-checa-reiteran-su-rechazo-a-la-inmigracion-la-unica-solucion-ante-la-extincion-de-europa-es-la-natalidad\/\" \/>\n<meta property=\"og:site_name\" content=\"Informatepy\" \/>\n<meta property=\"article:author\" content=\"https:\/\/www.facebook.com\/InformatePyCom\" \/>\n<meta property=\"article:published_time\" content=\"2021-09-24T22:00:00+00:00\" \/>\n<meta property=\"og:image\" content=\"https:\/\/i2.wp.com\/informatepy.com\/2021\/wp-content\/uploads\/2021\/06\/viktor-orban-hungria.jpg?fit=1201%2C676&ssl=1\" \/>\n\t<meta property=\"og:image:width\" content=\"1201\" \/>\n\t<meta property=\"og:image:height\" content=\"676\" \/>\n\t<meta property=\"og:image:type\" content=\"image\/jpeg\" \/>\n<meta name=\"author\" content=\"Redacci\u00f3n\" \/>\n<meta name=\"twitter:card\" content=\"summary_large_image\" \/>\n<meta name=\"twitter:creator\" content=\"@https:\/\/twitter.com\/InformatePy1\" \/>\n<meta name=\"twitter:label1\" content=\"Escrito por\" \/>\n\t<meta name=\"twitter:data1\" content=\"Redacci\u00f3n\" \/>\n\t<meta name=\"twitter:label2\" content=\"Tiempo de lectura\" \/>\n\t<meta name=\"twitter:data2\" content=\"2 minutos\" \/>\n<script type=\"application\/ld+json\" class=\"yoast-schema-graph\">{\"@context\":\"https:\\\/\\\/schema.org\",\"@graph\":[{\"@type\":\"Article\",\"@id\":\"https:\\\/\\\/informatepy.com\\\/2021\\\/2021\\\/09\\\/24\\\/hungria-y-republica-checa-reiteran-su-rechazo-a-la-inmigracion-la-unica-solucion-ante-la-extincion-de-europa-es-la-natalidad\\\/#article\",\"isPartOf\":{\"@id\":\"https:\\\/\\\/informatepy.com\\\/2021\\\/2021\\\/09\\\/24\\\/hungria-y-republica-checa-reiteran-su-rechazo-a-la-inmigracion-la-unica-solucion-ante-la-extincion-de-europa-es-la-natalidad\\\/\"},\"author\":{\"name\":\"Redacci\u00f3n\",\"@id\":\"https:\\\/\\\/informatepy.com\\\/2021\\\/#\\\/schema\\\/person\\\/0c842f525f84ea74ef3b44370d11757b\"},\"headline\":\"Hungr\u00eda y Rep\u00fablica Checa reiteran su rechazo a la inmigraci\u00f3n: \u2018La \u00fanica soluci\u00f3n ante la extinci\u00f3n de Europa es la natalidad\u2019\",\"datePublished\":\"2021-09-24T22:00:00+00:00\",\"mainEntityOfPage\":{\"@id\":\"https:\\\/\\\/informatepy.com\\\/2021\\\/2021\\\/09\\\/24\\\/hungria-y-republica-checa-reiteran-su-rechazo-a-la-inmigracion-la-unica-solucion-ante-la-extincion-de-europa-es-la-natalidad\\\/\"},\"wordCount\":363,\"commentCount\":0,\"publisher\":{\"@id\":\"https:\\\/\\\/informatepy.com\\\/2021\\\/#\\\/schema\\\/person\\\/edd302c981d6ba4596191719d1025a8a\"},\"image\":{\"@id\":\"https:\\\/\\\/informatepy.com\\\/2021\\\/2021\\\/09\\\/24\\\/hungria-y-republica-checa-reiteran-su-rechazo-a-la-inmigracion-la-unica-solucion-ante-la-extincion-de-europa-es-la-natalidad\\\/#primaryimage\"},\"thumbnailUrl\":\"https:\\\/\\\/i0.wp.com\\\/informatepy.com\\\/2021\\\/wp-content\\\/uploads\\\/2021\\\/06\\\/viktor-orban-hungria.jpg?fit=1201%2C676&ssl=1\",\"keywords\":[\"Andrej Babis\",\"hungria\",\"republica checa\",\"viktor orban\"],\"articleSection\":[\"Mundo\"],\"inLanguage\":\"es\",\"potentialAction\":[{\"@type\":\"CommentAction\",\"name\":\"Comment\",\"target\":[\"https:\\\/\\\/informatepy.com\\\/2021\\\/2021\\\/09\\\/24\\\/hungria-y-republica-checa-reiteran-su-rechazo-a-la-inmigracion-la-unica-solucion-ante-la-extincion-de-europa-es-la-natalidad\\\/#respond\"]}]},{\"@type\":\"WebPage\",\"@id\":\"https:\\\/\\\/informatepy.com\\\/2021\\\/2021\\\/09\\\/24\\\/hungria-y-republica-checa-reiteran-su-rechazo-a-la-inmigracion-la-unica-solucion-ante-la-extincion-de-europa-es-la-natalidad\\\/\",\"url\":\"https:\\\/\\\/informatepy.com\\\/2021\\\/2021\\\/09\\\/24\\\/hungria-y-republica-checa-reiteran-su-rechazo-a-la-inmigracion-la-unica-solucion-ante-la-extincion-de-europa-es-la-natalidad\\\/\",\"name\":\"Hungr\u00eda y Rep\u00fablica Checa reiteran su rechazo a la inmigraci\u00f3n: \u2018La \u00fanica soluci\u00f3n ante la extinci\u00f3n de Europa es la natalidad\u2019 - Informatepy\",\"isPartOf\":{\"@id\":\"https:\\\/\\\/informatepy.com\\\/2021\\\/#website\"},\"primaryImageOfPage\":{\"@id\":\"https:\\\/\\\/informatepy.com\\\/2021\\\/2021\\\/09\\\/24\\\/hungria-y-republica-checa-reiteran-su-rechazo-a-la-inmigracion-la-unica-solucion-ante-la-extincion-de-europa-es-la-natalidad\\\/#primaryimage\"},\"image\":{\"@id\":\"https:\\\/\\\/informatepy.com\\\/2021\\\/2021\\\/09\\\/24\\\/hungria-y-republica-checa-reiteran-su-rechazo-a-la-inmigracion-la-unica-solucion-ante-la-extincion-de-europa-es-la-natalidad\\\/#primaryimage\"},\"thumbnailUrl\":\"https:\\\/\\\/i0.wp.com\\\/informatepy.com\\\/2021\\\/wp-content\\\/uploads\\\/2021\\\/06\\\/viktor-orban-hungria.jpg?fit=1201%2C676&ssl=1\",\"datePublished\":\"2021-09-24T22:00:00+00:00\",\"breadcrumb\":{\"@id\":\"https:\\\/\\\/informatepy.com\\\/2021\\\/2021\\\/09\\\/24\\\/hungria-y-republica-checa-reiteran-su-rechazo-a-la-inmigracion-la-unica-solucion-ante-la-extincion-de-europa-es-la-natalidad\\\/#breadcrumb\"},\"inLanguage\":\"es\",\"potentialAction\":[{\"@type\":\"ReadAction\",\"target\":[\"https:\\\/\\\/informatepy.com\\\/2021\\\/2021\\\/09\\\/24\\\/hungria-y-republica-checa-reiteran-su-rechazo-a-la-inmigracion-la-unica-solucion-ante-la-extincion-de-europa-es-la-natalidad\\\/\"]}]},{\"@type\":\"ImageObject\",\"inLanguage\":\"es\",\"@id\":\"https:\\\/\\\/informatepy.com\\\/2021\\\/2021\\\/09\\\/24\\\/hungria-y-republica-checa-reiteran-su-rechazo-a-la-inmigracion-la-unica-solucion-ante-la-extincion-de-europa-es-la-natalidad\\\/#primaryimage\",\"url\":\"https:\\\/\\\/i0.wp.com\\\/informatepy.com\\\/2021\\\/wp-content\\\/uploads\\\/2021\\\/06\\\/viktor-orban-hungria.jpg?fit=1201%2C676&ssl=1\",\"contentUrl\":\"https:\\\/\\\/i0.wp.com\\\/informatepy.com\\\/2021\\\/wp-content\\\/uploads\\\/2021\\\/06\\\/viktor-orban-hungria.jpg?fit=1201%2C676&ssl=1\",\"width\":1201,\"height\":676},{\"@type\":\"BreadcrumbList\",\"@id\":\"https:\\\/\\\/informatepy.com\\\/2021\\\/2021\\\/09\\\/24\\\/hungria-y-republica-checa-reiteran-su-rechazo-a-la-inmigracion-la-unica-solucion-ante-la-extincion-de-europa-es-la-natalidad\\\/#breadcrumb\",\"itemListElement\":[{\"@type\":\"ListItem\",\"position\":1,\"name\":\"Portada\",\"item\":\"https:\\\/\\\/informatepy.com\\\/2021\\\/\"},{\"@type\":\"ListItem\",\"position\":2,\"name\":\"Hungr\u00eda y Rep\u00fablica Checa reiteran su rechazo a la inmigraci\u00f3n: \u2018La \u00fanica soluci\u00f3n ante la extinci\u00f3n de Europa es la natalidad\u2019\"}]},{\"@type\":\"WebSite\",\"@id\":\"https:\\\/\\\/informatepy.com\\\/2021\\\/#website\",\"url\":\"https:\\\/\\\/informatepy.com\\\/2021\\\/\",\"name\":\"Informatepy\",\"description\":\"La verdad, siempre!\",\"publisher\":{\"@id\":\"https:\\\/\\\/informatepy.com\\\/2021\\\/#\\\/schema\\\/person\\\/edd302c981d6ba4596191719d1025a8a\"},\"potentialAction\":[{\"@type\":\"SearchAction\",\"target\":{\"@type\":\"EntryPoint\",\"urlTemplate\":\"https:\\\/\\\/informatepy.com\\\/2021\\\/?s={search_term_string}\"},\"query-input\":{\"@type\":\"PropertyValueSpecification\",\"valueRequired\":true,\"valueName\":\"search_term_string\"}}],\"inLanguage\":\"es\"},{\"@type\":[\"Person\",\"Organization\"],\"@id\":\"https:\\\/\\\/informatepy.com\\\/2021\\\/#\\\/schema\\\/person\\\/edd302c981d6ba4596191719d1025a8a\",\"name\":\"admin\",\"image\":{\"@type\":\"ImageObject\",\"inLanguage\":\"es\",\"@id\":\"https:\\\/\\\/secure.gravatar.com\\\/avatar\\\/5310f602b6cbcfb86e030c4ccdbb78f6565a3b9bab6a74ab80fd3cb5428b65af?s=96&d=mm&r=g\",\"url\":\"https:\\\/\\\/secure.gravatar.com\\\/avatar\\\/5310f602b6cbcfb86e030c4ccdbb78f6565a3b9bab6a74ab80fd3cb5428b65af?s=96&d=mm&r=g\",\"contentUrl\":\"https:\\\/\\\/secure.gravatar.com\\\/avatar\\\/5310f602b6cbcfb86e030c4ccdbb78f6565a3b9bab6a74ab80fd3cb5428b65af?s=96&d=mm&r=g\",\"caption\":\"admin\"},\"logo\":{\"@id\":\"https:\\\/\\\/secure.gravatar.com\\\/avatar\\\/5310f602b6cbcfb86e030c4ccdbb78f6565a3b9bab6a74ab80fd3cb5428b65af?s=96&d=mm&r=g\"},\"sameAs\":[\"http:\\\/\\\/informatepy.com\\\/2021\"]},{\"@type\":\"Person\",\"@id\":\"https:\\\/\\\/informatepy.com\\\/2021\\\/#\\\/schema\\\/person\\\/0c842f525f84ea74ef3b44370d11757b\",\"name\":\"Redacci\u00f3n\",\"image\":{\"@type\":\"ImageObject\",\"inLanguage\":\"es\",\"@id\":\"https:\\\/\\\/i0.wp.com\\\/informatepy.com\\\/2021\\\/wp-content\\\/uploads\\\/2021\\\/02\\\/informate-circulo.png?fit=96%2C96&ssl=1\",\"url\":\"https:\\\/\\\/i0.wp.com\\\/informatepy.com\\\/2021\\\/wp-content\\\/uploads\\\/2021\\\/02\\\/informate-circulo.png?fit=96%2C96&ssl=1\",\"contentUrl\":\"https:\\\/\\\/i0.wp.com\\\/informatepy.com\\\/2021\\\/wp-content\\\/uploads\\\/2021\\\/02\\\/informate-circulo.png?fit=96%2C96&ssl=1\",\"caption\":\"Redacci\u00f3n\"},\"sameAs\":[\"https:\\\/\\\/www.facebook.com\\\/InformatePyCom\",\"https:\\\/\\\/x.com\\\/https:\\\/\\\/twitter.com\\\/InformatePy1\"],\"url\":\"https:\\\/\\\/informatepy.com\\\/2021\\\/author\\\/redaccion\\\/\"}]}<\/script>\n<!-- \/ Yoast SEO plugin. -->","yoast_head_json":{"title":"Hungr\u00eda y Rep\u00fablica Checa reiteran su rechazo a la inmigraci\u00f3n: \u2018La \u00fanica soluci\u00f3n ante la extinci\u00f3n de Europa es la natalidad\u2019 - Informatepy","robots":{"index":"index","follow":"follow","max-snippet":"max-snippet:-1","max-image-preview":"max-image-preview:large","max-video-preview":"max-video-preview:-1"},"canonical":"https:\/\/informatepy.com\/2021\/2021\/09\/24\/hungria-y-republica-checa-reiteran-su-rechazo-a-la-inmigracion-la-unica-solucion-ante-la-extincion-de-europa-es-la-natalidad\/","og_locale":"es_ES","og_type":"article","og_title":"Hungr\u00eda y Rep\u00fablica Checa reiteran su rechazo a la inmigraci\u00f3n: \u2018La \u00fanica soluci\u00f3n ante la extinci\u00f3n de Europa es la natalidad\u2019 - Informatepy","og_description":"El primer ministro h\u00fangaro,&nbsp;Viktor Orb\u00e1n, ha asegurado este jueves que la inmigraci\u00f3n&nbsp;\u00abno es una herramienta \u00fatil\u00bb&nbsp;para combatir la crisis demogr\u00e1fica, una postura a la que se ha sumado su hom\u00f3logo checo,&nbsp;Andrej Babis. \u00abLa \u00fanica soluci\u00f3n para la ca\u00edda de la natalidad es que\u00a0el Estado ayude a las familias\u00a0y apoye su formaci\u00f3n\u00bb, ha aseverado el mandatario [&hellip;]","og_url":"https:\/\/informatepy.com\/2021\/2021\/09\/24\/hungria-y-republica-checa-reiteran-su-rechazo-a-la-inmigracion-la-unica-solucion-ante-la-extincion-de-europa-es-la-natalidad\/","og_site_name":"Informatepy","article_author":"https:\/\/www.facebook.com\/InformatePyCom","article_published_time":"2021-09-24T22:00:00+00:00","og_image":[{"width":1201,"height":676,"url":"https:\/\/i2.wp.com\/informatepy.com\/2021\/wp-content\/uploads\/2021\/06\/viktor-orban-hungria.jpg?fit=1201%2C676&ssl=1","type":"image\/jpeg"}],"author":"Redacci\u00f3n","twitter_card":"summary_large_image","twitter_creator":"@https:\/\/twitter.com\/InformatePy1","twitter_misc":{"Escrito por":"Redacci\u00f3n","Tiempo de lectura":"2 minutos"},"schema":{"@context":"https:\/\/schema.org","@graph":[{"@type":"Article","@id":"https:\/\/informatepy.com\/2021\/2021\/09\/24\/hungria-y-republica-checa-reiteran-su-rechazo-a-la-inmigracion-la-unica-solucion-ante-la-extincion-de-europa-es-la-natalidad\/#article","isPartOf":{"@id":"https:\/\/informatepy.com\/2021\/2021\/09\/24\/hungria-y-republica-checa-reiteran-su-rechazo-a-la-inmigracion-la-unica-solucion-ante-la-extincion-de-europa-es-la-natalidad\/"},"author":{"name":"Redacci\u00f3n","@id":"https:\/\/informatepy.com\/2021\/#\/schema\/person\/0c842f525f84ea74ef3b44370d11757b"},"headline":"Hungr\u00eda y Rep\u00fablica Checa reiteran su rechazo a la inmigraci\u00f3n: \u2018La \u00fanica soluci\u00f3n ante la extinci\u00f3n de Europa es la natalidad\u2019","datePublished":"2021-09-24T22:00:00+00:00","mainEntityOfPage":{"@id":"https:\/\/informatepy.com\/2021\/2021\/09\/24\/hungria-y-republica-checa-reiteran-su-rechazo-a-la-inmigracion-la-unica-solucion-ante-la-extincion-de-europa-es-la-natalidad\/"},"wordCount":363,"commentCount":0,"publisher":{"@id":"https:\/\/informatepy.com\/2021\/#\/schema\/person\/edd302c981d6ba4596191719d1025a8a"},"image":{"@id":"https:\/\/informatepy.com\/2021\/2021\/09\/24\/hungria-y-republica-checa-reiteran-su-rechazo-a-la-inmigracion-la-unica-solucion-ante-la-extincion-de-europa-es-la-natalidad\/#primaryimage"},"thumbnailUrl":"https:\/\/i0.wp.com\/informatepy.com\/2021\/wp-content\/uploads\/2021\/06\/viktor-orban-hungria.jpg?fit=1201%2C676&ssl=1","keywords":["Andrej Babis","hungria","republica checa","viktor orban"],"articleSection":["Mundo"],"inLanguage":"es","potentialAction":[{"@type":"CommentAction","name":"Comment","target":["https:\/\/informatepy.com\/2021\/2021\/09\/24\/hungria-y-republica-checa-reiteran-su-rechazo-a-la-inmigracion-la-unica-solucion-ante-la-extincion-de-europa-es-la-natalidad\/#respond"]}]},{"@type":"WebPage","@id":"https:\/\/informatepy.com\/2021\/2021\/09\/24\/hungria-y-republica-checa-reiteran-su-rechazo-a-la-inmigracion-la-unica-solucion-ante-la-extincion-de-europa-es-la-natalidad\/","url":"https:\/\/informatepy.com\/2021\/2021\/09\/24\/hungria-y-republica-checa-reiteran-su-rechazo-a-la-inmigracion-la-unica-solucion-ante-la-extincion-de-europa-es-la-natalidad\/","name":"Hungr\u00eda y Rep\u00fablica Checa reiteran su rechazo a la inmigraci\u00f3n: \u2018La \u00fanica soluci\u00f3n ante la extinci\u00f3n de Europa es la natalidad\u2019 - Informatepy","isPartOf":{"@id":"https:\/\/informatepy.com\/2021\/#website"},"primaryImageOfPage":{"@id":"https:\/\/informatepy.com\/2021\/2021\/09\/24\/hungria-y-republica-checa-reiteran-su-rechazo-a-la-inmigracion-la-unica-solucion-ante-la-extincion-de-europa-es-la-natalidad\/#primaryimage"},"image":{"@id":"https:\/\/informatepy.com\/2021\/2021\/09\/24\/hungria-y-republica-checa-reiteran-su-rechazo-a-la-inmigracion-la-unica-solucion-ante-la-extincion-de-europa-es-la-natalidad\/#primaryimage"},"thumbnailUrl":"https:\/\/i0.wp.com\/informatepy.com\/2021\/wp-content\/uploads\/2021\/06\/viktor-orban-hungria.jpg?fit=1201%2C676&ssl=1","datePublished":"2021-09-24T22:00:00+00:00","breadcrumb":{"@id":"https:\/\/informatepy.com\/2021\/2021\/09\/24\/hungria-y-republica-checa-reiteran-su-rechazo-a-la-inmigracion-la-unica-solucion-ante-la-extincion-de-europa-es-la-natalidad\/#breadcrumb"},"inLanguage":"es","potentialAction":[{"@type":"ReadAction","target":["https:\/\/informatepy.com\/2021\/2021\/09\/24\/hungria-y-republica-checa-reiteran-su-rechazo-a-la-inmigracion-la-unica-solucion-ante-la-extincion-de-europa-es-la-natalidad\/"]}]},{"@type":"ImageObject","inLanguage":"es","@id":"https:\/\/informatepy.com\/2021\/2021\/09\/24\/hungria-y-republica-checa-reiteran-su-rechazo-a-la-inmigracion-la-unica-solucion-ante-la-extincion-de-europa-es-la-natalidad\/#primaryimage","url":"https:\/\/i0.wp.com\/informatepy.com\/2021\/wp-content\/uploads\/2021\/06\/viktor-orban-hungria.jpg?fit=1201%2C676&ssl=1","contentUrl":"https:\/\/i0.wp.com\/informatepy.com\/2021\/wp-content\/uploads\/2021\/06\/viktor-orban-hungria.jpg?fit=1201%2C676&ssl=1","width":1201,"height":676},{"@type":"BreadcrumbList","@id":"https:\/\/informatepy.com\/2021\/2021\/09\/24\/hungria-y-republica-checa-reiteran-su-rechazo-a-la-inmigracion-la-unica-solucion-ante-la-extincion-de-europa-es-la-natalidad\/#breadcrumb","itemListElement":[{"@type":"ListItem","position":1,"name":"Portada","item":"https:\/\/informatepy.com\/2021\/"},{"@type":"ListItem","position":2,"name":"Hungr\u00eda y Rep\u00fablica Checa reiteran su rechazo a la inmigraci\u00f3n: \u2018La \u00fanica soluci\u00f3n ante la extinci\u00f3n de Europa es la natalidad\u2019"}]},{"@type":"WebSite","@id":"https:\/\/informatepy.com\/2021\/#website","url":"https:\/\/informatepy.com\/2021\/","name":"Informatepy","description":"La verdad, siempre!","publisher":{"@id":"https:\/\/informatepy.com\/2021\/#\/schema\/person\/edd302c981d6ba4596191719d1025a8a"},"potentialAction":[{"@type":"SearchAction","target":{"@type":"EntryPoint","urlTemplate":"https:\/\/informatepy.com\/2021\/?s={search_term_string}"},"query-input":{"@type":"PropertyValueSpecification","valueRequired":true,"valueName":"search_term_string"}}],"inLanguage":"es"},{"@type":["Person","Organization"],"@id":"https:\/\/informatepy.com\/2021\/#\/schema\/person\/edd302c981d6ba4596191719d1025a8a","name":"admin","image":{"@type":"ImageObject","inLanguage":"es","@id":"https:\/\/secure.gravatar.com\/avatar\/5310f602b6cbcfb86e030c4ccdbb78f6565a3b9bab6a74ab80fd3cb5428b65af?s=96&d=mm&r=g","url":"https:\/\/secure.gravatar.com\/avatar\/5310f602b6cbcfb86e030c4ccdbb78f6565a3b9bab6a74ab80fd3cb5428b65af?s=96&d=mm&r=g","contentUrl":"https:\/\/secure.gravatar.com\/avatar\/5310f602b6cbcfb86e030c4ccdbb78f6565a3b9bab6a74ab80fd3cb5428b65af?s=96&d=mm&r=g","caption":"admin"},"logo":{"@id":"https:\/\/secure.gravatar.com\/avatar\/5310f602b6cbcfb86e030c4ccdbb78f6565a3b9bab6a74ab80fd3cb5428b65af?s=96&d=mm&r=g"},"sameAs":["http:\/\/informatepy.com\/2021"]},{"@type":"Person","@id":"https:\/\/informatepy.com\/2021\/#\/schema\/person\/0c842f525f84ea74ef3b44370d11757b","name":"Redacci\u00f3n","image":{"@type":"ImageObject","inLanguage":"es","@id":"https:\/\/i0.wp.com\/informatepy.com\/2021\/wp-content\/uploads\/2021\/02\/informate-circulo.png?fit=96%2C96&ssl=1","url":"https:\/\/i0.wp.com\/informatepy.com\/2021\/wp-content\/uploads\/2021\/02\/informate-circulo.png?fit=96%2C96&ssl=1","contentUrl":"https:\/\/i0.wp.com\/informatepy.com\/2021\/wp-content\/uploads\/2021\/02\/informate-circulo.png?fit=96%2C96&ssl=1","caption":"Redacci\u00f3n"},"sameAs":["https:\/\/www.facebook.com\/InformatePyCom","https:\/\/x.com\/https:\/\/twitter.com\/InformatePy1"],"url":"https:\/\/informatepy.com\/2021\/author\/redaccion\/"}]}},"jetpack_featured_media_url":"https:\/\/i0.wp.com\/informatepy.com\/2021\/wp-content\/uploads\/2021\/06\/viktor-orban-hungria.jpg?fit=1201%2C676&ssl=1","jetpack_sharing_enabled":true,"jetpack_likes_enabled":true,"jetpack-related-posts":[{"id":11044,"url":"https:\/\/informatepy.com\/2021\/2022\/04\/07\/viktor-orban-un-tsunami-a-seguir\/","url_meta":{"origin":7309,"position":0},"title":"Viktor Orb\u00e1n, un tsunami a seguir","date":"7 de abril de 2022","format":false,"excerpt":"Una reflexi\u00f3n Neoyorkina tras su victoria aclaparadora","rel":"","context":"En \u00abAnalisis\u00bb","img":{"alt_text":"","src":"https:\/\/i0.wp.com\/informatepy.com\/2021\/wp-content\/uploads\/2022\/04\/hungria-viktor-orban.jpg?fit=1200%2C799&ssl=1&resize=350%2C200","width":350,"height":200},"classes":[]},{"id":10949,"url":"https:\/\/informatepy.com\/2021\/2022\/04\/03\/la-derecha-hungara-de-la-mano-de-viktor-orban-continuara-fastidiando-a-la-union-europea-por-cuatro-anos-mas\/","url_meta":{"origin":7309,"position":1},"title":"La derecha h\u00fangara, de la mano de Viktor Orban, continuar\u00e1 fastidiando las pol\u00edticas progresistas de la Uni\u00f3n Europea por cuatro a\u00f1os m\u00e1s","date":"3 de abril de 2022","format":false,"excerpt":"El primer ministro h\u00fangaro,\u00a0Viktor Orban, ha ganado las elecciones generales celebradas este domingo. El bloque de los seis partidos de la oposici\u00f3n liderado por el independiente\u00a0Peter Marki-Zay\u00a0no ha logrado romper con doce a\u00f1os de hegemon\u00eda del partido Fidesz, abriendo con ello un cambio para los h\u00fangaros y en las relaciones\u2026","rel":"","context":"En \u00abMundo\u00bb","img":{"alt_text":"","src":"https:\/\/i0.wp.com\/informatepy.com\/2021\/wp-content\/uploads\/2021\/06\/viktor-orban-hungria.jpg?fit=1200%2C675&ssl=1&resize=350%2C200","width":350,"height":200},"classes":[]},{"id":11012,"url":"https:\/\/informatepy.com\/2021\/2022\/04\/06\/la-ue-retendra-fondos-de-hungria-como-castigo-por-vulnerar-el-estado-de-derecho\/","url_meta":{"origin":7309,"position":2},"title":"La UE retendr\u00e1 fondos de Hungr\u00eda como castigo por \u00abvulnerar el Estado de derecho\u00bb","date":"6 de abril de 2022","format":false,"excerpt":"La Comisi\u00f3n Europea castiga a los h\u00fangaros por otorgar una nueva victoria a Orb\u00e1n.","rel":"","context":"En \u00abMundo\u00bb","img":{"alt_text":"","src":"https:\/\/i0.wp.com\/informatepy.com\/2021\/wp-content\/uploads\/2021\/12\/Ursula-von-der-Leyen.jpg?fit=1200%2C778&ssl=1&resize=350%2C200","width":350,"height":200},"classes":[]},{"id":12328,"url":"https:\/\/informatepy.com\/2021\/2022\/06\/24\/hungria-se-opone-a-la-agenda-de-biden-y-no-aplicara-el-impuesto-minimo-global-a-las-empresas\/","url_meta":{"origin":7309,"position":3},"title":"Hungr\u00eda se opone a la agenda de Biden y no aplicar\u00e1 el impuesto m\u00ednimo global a las empresas","date":"24 de junio de 2022","format":false,"excerpt":"El Parlamento h\u00fangaro rechaz\u00f3 la imposici\u00f3n de una tasa m\u00ednima a las empresa del 15% como se plantea en la agenda global de Joe Biden y la Uni\u00f3n Europea. Hungr\u00eda no se sumar\u00e1 a la agenda global impulsada por\u00a0Janet Yellen\u00a0y\u00a0Joe Biden\u00a0desde Estados Unidos, as\u00ed como por la\u00a0Uni\u00f3n Europea (UE).\u00a0Hungr\u00eda mantendr\u00e1\u2026","rel":"","context":"En \u00abMundo\u00bb","img":{"alt_text":"","src":"https:\/\/i0.wp.com\/informatepy.com\/2021\/wp-content\/uploads\/2022\/04\/hungria-viktor-orban.jpg?fit=1200%2C799&ssl=1&resize=350%2C200","width":350,"height":200},"classes":[]},{"id":5463,"url":"https:\/\/informatepy.com\/2021\/2021\/06\/24\/primer-ministro-hungaro-descarto-retirar-su-ley-anti-lgbtq\/","url_meta":{"origin":7309,"position":4},"title":"Primer ministro h\u00fangaro descart\u00f3 retirar su ley \u00abanti\u00bb LGBTQ+","date":"24 de junio de 2021","format":false,"excerpt":"El primer ministro de Hungr\u00eda, Viktor Orban, ha afirmado este jueves que no retirar\u00e1 la pol\u00e9mica ley que discrimina al colectivo LGTBIQ y ha invitado a los jefes de Estado y de Gobierno de la UE cr\u00edticos con la medida a leerse el texto porque \"no va sobre homosexuales\" sino\u2026","rel":"","context":"En \u00abDestacados\u00bb","img":{"alt_text":"","src":"https:\/\/i0.wp.com\/informatepy.com\/2021\/wp-content\/uploads\/2021\/06\/viktor-orban-hungria.jpg?fit=1200%2C675&ssl=1&resize=350%2C200","width":350,"height":200},"classes":[]},{"id":13328,"url":"https:\/\/informatepy.com\/2021\/2022\/08\/15\/el-milagro-hungaro-su-pib-per-capita-se-dispara-cerca-de-un-70-en-12-anos\/","url_meta":{"origin":7309,"position":5},"title":"El milagro h\u00fangaro: su PIB per c\u00e1pita se dispara cerca de un 70% en 12 a\u00f1os","date":"15 de agosto de 2022","format":false,"excerpt":"\"Nosotros creemos que el dinero de la gente tiene que estar en sus propias manos\", dijo el primer ministro h\u00fangaro, Viktor Orb\u00e1n en la CPAC de Texas.","rel":"","context":"En \u00abMundo\u00bb","img":{"alt_text":"","src":"https:\/\/i0.wp.com\/informatepy.com\/2021\/wp-content\/uploads\/2022\/04\/hungria-viktor-orban.jpg?fit=1200%2C799&ssl=1&resize=350%2C200","width":350,"height":200},"classes":[]}],"authors":[{"term_id":1051,"user_id":4,"is_guest":0,"slug":"redaccion","display_name":"Redacci\u00f3n","avatar_url":"https:\/\/i0.wp.com\/informatepy.com\/2021\/wp-content\/uploads\/2021\/02\/informate-circulo.png?fit=96%2C96&ssl=1","first_name":"Redacci\u00f3n","last_name":"","user_url":"","description":""}],"amp_enabled":true,"_links":{"self":[{"href":"https:\/\/informatepy.com\/2021\/wp-json\/wp\/v2\/posts\/7309","targetHints":{"allow":["GET"]}}],"collection":[{"href":"https:\/\/informatepy.com\/2021\/wp-json\/wp\/v2\/posts"}],"about":[{"href":"https:\/\/informatepy.com\/2021\/wp-json\/wp\/v2\/types\/post"}],"author":[{"embeddable":true,"href":"https:\/\/informatepy.com\/2021\/wp-json\/wp\/v2\/users\/4"}],"replies":[{"embeddable":true,"href":"https:\/\/informatepy.com\/2021\/wp-json\/wp\/v2\/comments?post=7309"}],"version-history":[{"count":1,"href":"https:\/\/informatepy.com\/2021\/wp-json\/wp\/v2\/posts\/7309\/revisions"}],"predecessor-version":[{"id":7310,"href":"https:\/\/informatepy.com\/2021\/wp-json\/wp\/v2\/posts\/7309\/revisions\/7310"}],"wp:featuredmedia":[{"embeddable":true,"href":"https:\/\/informatepy.com\/2021\/wp-json\/wp\/v2\/media\/5464"}],"wp:attachment":[{"href":"https:\/\/informatepy.com\/2021\/wp-json\/wp\/v2\/media?parent=7309"}],"wp:term":[{"taxonomy":"category","embeddable":true,"href":"https:\/\/informatepy.com\/2021\/wp-json\/wp\/v2\/categories?post=7309"},{"taxonomy":"post_tag","embeddable":true,"href":"https:\/\/informatepy.com\/2021\/wp-json\/wp\/v2\/tags?post=7309"},{"taxonomy":"author","embeddable":true,"href":"https:\/\/informatepy.com\/2021\/wp-json\/wp\/v2\/ppma_author?post=7309"}],"curies":[{"name":"wp","href":"https:\/\/api.w.org\/{rel}","templated":true}]}}