{"id":674,"date":"2019-02-22T20:19:00","date_gmt":"2019-02-23T00:19:00","guid":{"rendered":"http:\/\/informatepy.com\/2021\/?p=674"},"modified":"2021-02-20T15:55:58","modified_gmt":"2021-02-20T19:55:58","slug":"la-gobernacion-del-departamento-central-convoca-a-los-jovenes-que-aprobaron-la-primera-etapa-de-evaluacion-para-becas-2019","status":"publish","type":"post","link":"https:\/\/informatepy.com\/2021\/2019\/02\/22\/la-gobernacion-del-departamento-central-convoca-a-los-jovenes-que-aprobaron-la-primera-etapa-de-evaluacion-para-becas-2019\/","title":{"rendered":"La Gobernaci\u00f3n del Departamento Central convoca a los j\u00f3venes que aprobaron la primera etapa de evaluaci\u00f3n para Becas 2019"},"content":{"rendered":"\n<p>La Gobernaci\u00f3n del Departamento Central convoca, para ma\u00f1ana a las 8 Hs, a los j\u00f3venes que aprobaron la primera etapa de evaluaci\u00f3n curricular y documental para el programa de Becas de Juventud GDC 2019. <\/p>\n\n\n\n<p>La convocatoria se llevar\u00e1 adelante en las instalaciones de la Facultad de Ciencias Econ\u00f3micas de la UNA. <\/p>\n","protected":false},"excerpt":{"rendered":"<p>La Gobernaci\u00f3n del Departamento Central convoca, para ma\u00f1ana a las 8 Hs, a los j\u00f3venes que aprobaron la primera etapa de evaluaci\u00f3n curricular y documental para el programa de Becas de Juventud GDC 2019. La convocatoria se llevar\u00e1 adelante en las instalaciones de la Facultad de Ciencias Econ\u00f3micas de la UNA.<\/p>\n","protected":false},"author":1,"featured_media":675,"comment_status":"open","ping_status":"open","sticky":false,"template":"","format":"standard","meta":{"_monsterinsights_skip_tracking":false,"_monsterinsights_sitenote_active":false,"_monsterinsights_sitenote_note":"","_monsterinsights_sitenote_category":0,"footnotes":"","jetpack_publicize_message":"","jetpack_is_tweetstorm":false,"jetpack_publicize_feature_enabled":true},"categories":[177,1],"tags":[397,333],"ppma_author":[1039],"class_list":["post-674","post","type-post","status-publish","format-standard","has-post-thumbnail","hentry","category-nacionales","category-sin-categoria","tag-becas-2019","tag-gobernacion-central"],"jetpack_publicize_connections":[],"yoast_head":"<!-- This site is optimized with the Yoast SEO plugin v27.5 - https:\/\/yoast.com\/product\/yoast-seo-wordpress\/ -->\n<title>La Gobernaci\u00f3n del Departamento Central convoca a los j\u00f3venes que aprobaron la primera etapa de evaluaci\u00f3n para Becas 2019 - Informatepy<\/title>\n<meta name=\"robots\" content=\"index, follow, max-snippet:-1, max-image-preview:large, max-video-preview:-1\" \/>\n<link rel=\"canonical\" href=\"https:\/\/informatepy.com\/2021\/2019\/02\/22\/la-gobernacion-del-departamento-central-convoca-a-los-jovenes-que-aprobaron-la-primera-etapa-de-evaluacion-para-becas-2019\/\" \/>\n<meta property=\"og:locale\" content=\"es_ES\" \/>\n<meta property=\"og:type\" content=\"article\" \/>\n<meta property=\"og:title\" content=\"La Gobernaci\u00f3n del Departamento Central convoca a los j\u00f3venes que aprobaron la primera etapa de evaluaci\u00f3n para Becas 2019 - Informatepy\" \/>\n<meta property=\"og:description\" content=\"La Gobernaci\u00f3n del Departamento Central convoca, para ma\u00f1ana a las 8 Hs, a los j\u00f3venes que aprobaron la primera etapa de evaluaci\u00f3n curricular y documental para el programa de Becas de Juventud GDC 2019. La convocatoria se llevar\u00e1 adelante en las instalaciones de la Facultad de Ciencias Econ\u00f3micas de la UNA.\" \/>\n<meta property=\"og:url\" content=\"https:\/\/informatepy.com\/2021\/2019\/02\/22\/la-gobernacion-del-departamento-central-convoca-a-los-jovenes-que-aprobaron-la-primera-etapa-de-evaluacion-para-becas-2019\/\" \/>\n<meta property=\"og:site_name\" content=\"Informatepy\" \/>\n<meta property=\"article:published_time\" content=\"2019-02-23T00:19:00+00:00\" \/>\n<meta property=\"article:modified_time\" content=\"2021-02-20T19:55:58+00:00\" \/>\n<meta property=\"og:image\" content=\"https:\/\/i1.wp.com\/informatepy.com\/2021\/wp-content\/uploads\/2021\/02\/becas-central-2019.jpg?fit=1000%2C800&ssl=1\" \/>\n\t<meta property=\"og:image:width\" content=\"1000\" \/>\n\t<meta property=\"og:image:height\" content=\"800\" \/>\n\t<meta property=\"og:image:type\" content=\"image\/jpeg\" \/>\n<meta name=\"author\" content=\"admin\" \/>\n<meta name=\"twitter:card\" content=\"summary_large_image\" \/>\n<meta name=\"twitter:label1\" content=\"Escrito por\" \/>\n\t<meta name=\"twitter:data1\" content=\"admin\" \/>\n\t<meta name=\"twitter:label2\" content=\"Tiempo de lectura\" \/>\n\t<meta name=\"twitter:data2\" content=\"1 minuto\" \/>\n<script type=\"application\/ld+json\" class=\"yoast-schema-graph\">{\"@context\":\"https:\\\/\\\/schema.org\",\"@graph\":[{\"@type\":\"Article\",\"@id\":\"https:\\\/\\\/informatepy.com\\\/2021\\\/2019\\\/02\\\/22\\\/la-gobernacion-del-departamento-central-convoca-a-los-jovenes-que-aprobaron-la-primera-etapa-de-evaluacion-para-becas-2019\\\/#article\",\"isPartOf\":{\"@id\":\"https:\\\/\\\/informatepy.com\\\/2021\\\/2019\\\/02\\\/22\\\/la-gobernacion-del-departamento-central-convoca-a-los-jovenes-que-aprobaron-la-primera-etapa-de-evaluacion-para-becas-2019\\\/\"},\"author\":{\"name\":\"admin\",\"@id\":\"https:\\\/\\\/informatepy.com\\\/2021\\\/#\\\/schema\\\/person\\\/edd302c981d6ba4596191719d1025a8a\"},\"headline\":\"La Gobernaci\u00f3n del Departamento Central convoca a los j\u00f3venes que aprobaron la primera etapa de evaluaci\u00f3n para Becas 2019\",\"datePublished\":\"2019-02-23T00:19:00+00:00\",\"dateModified\":\"2021-02-20T19:55:58+00:00\",\"mainEntityOfPage\":{\"@id\":\"https:\\\/\\\/informatepy.com\\\/2021\\\/2019\\\/02\\\/22\\\/la-gobernacion-del-departamento-central-convoca-a-los-jovenes-que-aprobaron-la-primera-etapa-de-evaluacion-para-becas-2019\\\/\"},\"wordCount\":75,\"commentCount\":0,\"publisher\":{\"@id\":\"https:\\\/\\\/informatepy.com\\\/2021\\\/#\\\/schema\\\/person\\\/edd302c981d6ba4596191719d1025a8a\"},\"image\":{\"@id\":\"https:\\\/\\\/informatepy.com\\\/2021\\\/2019\\\/02\\\/22\\\/la-gobernacion-del-departamento-central-convoca-a-los-jovenes-que-aprobaron-la-primera-etapa-de-evaluacion-para-becas-2019\\\/#primaryimage\"},\"thumbnailUrl\":\"https:\\\/\\\/i0.wp.com\\\/informatepy.com\\\/2021\\\/wp-content\\\/uploads\\\/2021\\\/02\\\/becas-central-2019.jpg?fit=1000%2C800&ssl=1\",\"keywords\":[\"becas 2019\",\"gobernacion central\"],\"articleSection\":[\"Nacionales\"],\"inLanguage\":\"es\",\"potentialAction\":[{\"@type\":\"CommentAction\",\"name\":\"Comment\",\"target\":[\"https:\\\/\\\/informatepy.com\\\/2021\\\/2019\\\/02\\\/22\\\/la-gobernacion-del-departamento-central-convoca-a-los-jovenes-que-aprobaron-la-primera-etapa-de-evaluacion-para-becas-2019\\\/#respond\"]}]},{\"@type\":\"WebPage\",\"@id\":\"https:\\\/\\\/informatepy.com\\\/2021\\\/2019\\\/02\\\/22\\\/la-gobernacion-del-departamento-central-convoca-a-los-jovenes-que-aprobaron-la-primera-etapa-de-evaluacion-para-becas-2019\\\/\",\"url\":\"https:\\\/\\\/informatepy.com\\\/2021\\\/2019\\\/02\\\/22\\\/la-gobernacion-del-departamento-central-convoca-a-los-jovenes-que-aprobaron-la-primera-etapa-de-evaluacion-para-becas-2019\\\/\",\"name\":\"La Gobernaci\u00f3n del Departamento Central convoca a los j\u00f3venes que aprobaron la primera etapa de evaluaci\u00f3n para Becas 2019 - Informatepy\",\"isPartOf\":{\"@id\":\"https:\\\/\\\/informatepy.com\\\/2021\\\/#website\"},\"primaryImageOfPage\":{\"@id\":\"https:\\\/\\\/informatepy.com\\\/2021\\\/2019\\\/02\\\/22\\\/la-gobernacion-del-departamento-central-convoca-a-los-jovenes-que-aprobaron-la-primera-etapa-de-evaluacion-para-becas-2019\\\/#primaryimage\"},\"image\":{\"@id\":\"https:\\\/\\\/informatepy.com\\\/2021\\\/2019\\\/02\\\/22\\\/la-gobernacion-del-departamento-central-convoca-a-los-jovenes-que-aprobaron-la-primera-etapa-de-evaluacion-para-becas-2019\\\/#primaryimage\"},\"thumbnailUrl\":\"https:\\\/\\\/i0.wp.com\\\/informatepy.com\\\/2021\\\/wp-content\\\/uploads\\\/2021\\\/02\\\/becas-central-2019.jpg?fit=1000%2C800&ssl=1\",\"datePublished\":\"2019-02-23T00:19:00+00:00\",\"dateModified\":\"2021-02-20T19:55:58+00:00\",\"breadcrumb\":{\"@id\":\"https:\\\/\\\/informatepy.com\\\/2021\\\/2019\\\/02\\\/22\\\/la-gobernacion-del-departamento-central-convoca-a-los-jovenes-que-aprobaron-la-primera-etapa-de-evaluacion-para-becas-2019\\\/#breadcrumb\"},\"inLanguage\":\"es\",\"potentialAction\":[{\"@type\":\"ReadAction\",\"target\":[\"https:\\\/\\\/informatepy.com\\\/2021\\\/2019\\\/02\\\/22\\\/la-gobernacion-del-departamento-central-convoca-a-los-jovenes-que-aprobaron-la-primera-etapa-de-evaluacion-para-becas-2019\\\/\"]}]},{\"@type\":\"ImageObject\",\"inLanguage\":\"es\",\"@id\":\"https:\\\/\\\/informatepy.com\\\/2021\\\/2019\\\/02\\\/22\\\/la-gobernacion-del-departamento-central-convoca-a-los-jovenes-que-aprobaron-la-primera-etapa-de-evaluacion-para-becas-2019\\\/#primaryimage\",\"url\":\"https:\\\/\\\/i0.wp.com\\\/informatepy.com\\\/2021\\\/wp-content\\\/uploads\\\/2021\\\/02\\\/becas-central-2019.jpg?fit=1000%2C800&ssl=1\",\"contentUrl\":\"https:\\\/\\\/i0.wp.com\\\/informatepy.com\\\/2021\\\/wp-content\\\/uploads\\\/2021\\\/02\\\/becas-central-2019.jpg?fit=1000%2C800&ssl=1\",\"width\":1000,\"height\":800},{\"@type\":\"BreadcrumbList\",\"@id\":\"https:\\\/\\\/informatepy.com\\\/2021\\\/2019\\\/02\\\/22\\\/la-gobernacion-del-departamento-central-convoca-a-los-jovenes-que-aprobaron-la-primera-etapa-de-evaluacion-para-becas-2019\\\/#breadcrumb\",\"itemListElement\":[{\"@type\":\"ListItem\",\"position\":1,\"name\":\"Portada\",\"item\":\"https:\\\/\\\/informatepy.com\\\/2021\\\/\"},{\"@type\":\"ListItem\",\"position\":2,\"name\":\"La Gobernaci\u00f3n del Departamento Central convoca a los j\u00f3venes que aprobaron la primera etapa de evaluaci\u00f3n para Becas 2019\"}]},{\"@type\":\"WebSite\",\"@id\":\"https:\\\/\\\/informatepy.com\\\/2021\\\/#website\",\"url\":\"https:\\\/\\\/informatepy.com\\\/2021\\\/\",\"name\":\"Informatepy\",\"description\":\"La verdad, siempre!\",\"publisher\":{\"@id\":\"https:\\\/\\\/informatepy.com\\\/2021\\\/#\\\/schema\\\/person\\\/edd302c981d6ba4596191719d1025a8a\"},\"potentialAction\":[{\"@type\":\"SearchAction\",\"target\":{\"@type\":\"EntryPoint\",\"urlTemplate\":\"https:\\\/\\\/informatepy.com\\\/2021\\\/?s={search_term_string}\"},\"query-input\":{\"@type\":\"PropertyValueSpecification\",\"valueRequired\":true,\"valueName\":\"search_term_string\"}}],\"inLanguage\":\"es\"},{\"@type\":[\"Person\",\"Organization\"],\"@id\":\"https:\\\/\\\/informatepy.com\\\/2021\\\/#\\\/schema\\\/person\\\/edd302c981d6ba4596191719d1025a8a\",\"name\":\"admin\",\"image\":{\"@type\":\"ImageObject\",\"inLanguage\":\"es\",\"@id\":\"https:\\\/\\\/secure.gravatar.com\\\/avatar\\\/5310f602b6cbcfb86e030c4ccdbb78f6565a3b9bab6a74ab80fd3cb5428b65af?s=96&d=mm&r=g\",\"url\":\"https:\\\/\\\/secure.gravatar.com\\\/avatar\\\/5310f602b6cbcfb86e030c4ccdbb78f6565a3b9bab6a74ab80fd3cb5428b65af?s=96&d=mm&r=g\",\"contentUrl\":\"https:\\\/\\\/secure.gravatar.com\\\/avatar\\\/5310f602b6cbcfb86e030c4ccdbb78f6565a3b9bab6a74ab80fd3cb5428b65af?s=96&d=mm&r=g\",\"caption\":\"admin\"},\"logo\":{\"@id\":\"https:\\\/\\\/secure.gravatar.com\\\/avatar\\\/5310f602b6cbcfb86e030c4ccdbb78f6565a3b9bab6a74ab80fd3cb5428b65af?s=96&d=mm&r=g\"},\"sameAs\":[\"http:\\\/\\\/informatepy.com\\\/2021\"],\"url\":\"https:\\\/\\\/informatepy.com\\\/2021\\\/author\\\/admin\\\/\"}]}<\/script>\n<!-- \/ Yoast SEO plugin. -->","yoast_head_json":{"title":"La Gobernaci\u00f3n del Departamento Central convoca a los j\u00f3venes que aprobaron la primera etapa de evaluaci\u00f3n para Becas 2019 - Informatepy","robots":{"index":"index","follow":"follow","max-snippet":"max-snippet:-1","max-image-preview":"max-image-preview:large","max-video-preview":"max-video-preview:-1"},"canonical":"https:\/\/informatepy.com\/2021\/2019\/02\/22\/la-gobernacion-del-departamento-central-convoca-a-los-jovenes-que-aprobaron-la-primera-etapa-de-evaluacion-para-becas-2019\/","og_locale":"es_ES","og_type":"article","og_title":"La Gobernaci\u00f3n del Departamento Central convoca a los j\u00f3venes que aprobaron la primera etapa de evaluaci\u00f3n para Becas 2019 - Informatepy","og_description":"La Gobernaci\u00f3n del Departamento Central convoca, para ma\u00f1ana a las 8 Hs, a los j\u00f3venes que aprobaron la primera etapa de evaluaci\u00f3n curricular y documental para el programa de Becas de Juventud GDC 2019. La convocatoria se llevar\u00e1 adelante en las instalaciones de la Facultad de Ciencias Econ\u00f3micas de la UNA.","og_url":"https:\/\/informatepy.com\/2021\/2019\/02\/22\/la-gobernacion-del-departamento-central-convoca-a-los-jovenes-que-aprobaron-la-primera-etapa-de-evaluacion-para-becas-2019\/","og_site_name":"Informatepy","article_published_time":"2019-02-23T00:19:00+00:00","article_modified_time":"2021-02-20T19:55:58+00:00","og_image":[{"width":1000,"height":800,"url":"https:\/\/i1.wp.com\/informatepy.com\/2021\/wp-content\/uploads\/2021\/02\/becas-central-2019.jpg?fit=1000%2C800&ssl=1","type":"image\/jpeg"}],"author":"admin","twitter_card":"summary_large_image","twitter_misc":{"Escrito por":"admin","Tiempo de lectura":"1 minuto"},"schema":{"@context":"https:\/\/schema.org","@graph":[{"@type":"Article","@id":"https:\/\/informatepy.com\/2021\/2019\/02\/22\/la-gobernacion-del-departamento-central-convoca-a-los-jovenes-que-aprobaron-la-primera-etapa-de-evaluacion-para-becas-2019\/#article","isPartOf":{"@id":"https:\/\/informatepy.com\/2021\/2019\/02\/22\/la-gobernacion-del-departamento-central-convoca-a-los-jovenes-que-aprobaron-la-primera-etapa-de-evaluacion-para-becas-2019\/"},"author":{"name":"admin","@id":"https:\/\/informatepy.com\/2021\/#\/schema\/person\/edd302c981d6ba4596191719d1025a8a"},"headline":"La Gobernaci\u00f3n del Departamento Central convoca a los j\u00f3venes que aprobaron la primera etapa de evaluaci\u00f3n para Becas 2019","datePublished":"2019-02-23T00:19:00+00:00","dateModified":"2021-02-20T19:55:58+00:00","mainEntityOfPage":{"@id":"https:\/\/informatepy.com\/2021\/2019\/02\/22\/la-gobernacion-del-departamento-central-convoca-a-los-jovenes-que-aprobaron-la-primera-etapa-de-evaluacion-para-becas-2019\/"},"wordCount":75,"commentCount":0,"publisher":{"@id":"https:\/\/informatepy.com\/2021\/#\/schema\/person\/edd302c981d6ba4596191719d1025a8a"},"image":{"@id":"https:\/\/informatepy.com\/2021\/2019\/02\/22\/la-gobernacion-del-departamento-central-convoca-a-los-jovenes-que-aprobaron-la-primera-etapa-de-evaluacion-para-becas-2019\/#primaryimage"},"thumbnailUrl":"https:\/\/i0.wp.com\/informatepy.com\/2021\/wp-content\/uploads\/2021\/02\/becas-central-2019.jpg?fit=1000%2C800&ssl=1","keywords":["becas 2019","gobernacion central"],"articleSection":["Nacionales"],"inLanguage":"es","potentialAction":[{"@type":"CommentAction","name":"Comment","target":["https:\/\/informatepy.com\/2021\/2019\/02\/22\/la-gobernacion-del-departamento-central-convoca-a-los-jovenes-que-aprobaron-la-primera-etapa-de-evaluacion-para-becas-2019\/#respond"]}]},{"@type":"WebPage","@id":"https:\/\/informatepy.com\/2021\/2019\/02\/22\/la-gobernacion-del-departamento-central-convoca-a-los-jovenes-que-aprobaron-la-primera-etapa-de-evaluacion-para-becas-2019\/","url":"https:\/\/informatepy.com\/2021\/2019\/02\/22\/la-gobernacion-del-departamento-central-convoca-a-los-jovenes-que-aprobaron-la-primera-etapa-de-evaluacion-para-becas-2019\/","name":"La Gobernaci\u00f3n del Departamento Central convoca a los j\u00f3venes que aprobaron la primera etapa de evaluaci\u00f3n para Becas 2019 - Informatepy","isPartOf":{"@id":"https:\/\/informatepy.com\/2021\/#website"},"primaryImageOfPage":{"@id":"https:\/\/informatepy.com\/2021\/2019\/02\/22\/la-gobernacion-del-departamento-central-convoca-a-los-jovenes-que-aprobaron-la-primera-etapa-de-evaluacion-para-becas-2019\/#primaryimage"},"image":{"@id":"https:\/\/informatepy.com\/2021\/2019\/02\/22\/la-gobernacion-del-departamento-central-convoca-a-los-jovenes-que-aprobaron-la-primera-etapa-de-evaluacion-para-becas-2019\/#primaryimage"},"thumbnailUrl":"https:\/\/i0.wp.com\/informatepy.com\/2021\/wp-content\/uploads\/2021\/02\/becas-central-2019.jpg?fit=1000%2C800&ssl=1","datePublished":"2019-02-23T00:19:00+00:00","dateModified":"2021-02-20T19:55:58+00:00","breadcrumb":{"@id":"https:\/\/informatepy.com\/2021\/2019\/02\/22\/la-gobernacion-del-departamento-central-convoca-a-los-jovenes-que-aprobaron-la-primera-etapa-de-evaluacion-para-becas-2019\/#breadcrumb"},"inLanguage":"es","potentialAction":[{"@type":"ReadAction","target":["https:\/\/informatepy.com\/2021\/2019\/02\/22\/la-gobernacion-del-departamento-central-convoca-a-los-jovenes-que-aprobaron-la-primera-etapa-de-evaluacion-para-becas-2019\/"]}]},{"@type":"ImageObject","inLanguage":"es","@id":"https:\/\/informatepy.com\/2021\/2019\/02\/22\/la-gobernacion-del-departamento-central-convoca-a-los-jovenes-que-aprobaron-la-primera-etapa-de-evaluacion-para-becas-2019\/#primaryimage","url":"https:\/\/i0.wp.com\/informatepy.com\/2021\/wp-content\/uploads\/2021\/02\/becas-central-2019.jpg?fit=1000%2C800&ssl=1","contentUrl":"https:\/\/i0.wp.com\/informatepy.com\/2021\/wp-content\/uploads\/2021\/02\/becas-central-2019.jpg?fit=1000%2C800&ssl=1","width":1000,"height":800},{"@type":"BreadcrumbList","@id":"https:\/\/informatepy.com\/2021\/2019\/02\/22\/la-gobernacion-del-departamento-central-convoca-a-los-jovenes-que-aprobaron-la-primera-etapa-de-evaluacion-para-becas-2019\/#breadcrumb","itemListElement":[{"@type":"ListItem","position":1,"name":"Portada","item":"https:\/\/informatepy.com\/2021\/"},{"@type":"ListItem","position":2,"name":"La Gobernaci\u00f3n del Departamento Central convoca a los j\u00f3venes que aprobaron la primera etapa de evaluaci\u00f3n para Becas 2019"}]},{"@type":"WebSite","@id":"https:\/\/informatepy.com\/2021\/#website","url":"https:\/\/informatepy.com\/2021\/","name":"Informatepy","description":"La verdad, siempre!","publisher":{"@id":"https:\/\/informatepy.com\/2021\/#\/schema\/person\/edd302c981d6ba4596191719d1025a8a"},"potentialAction":[{"@type":"SearchAction","target":{"@type":"EntryPoint","urlTemplate":"https:\/\/informatepy.com\/2021\/?s={search_term_string}"},"query-input":{"@type":"PropertyValueSpecification","valueRequired":true,"valueName":"search_term_string"}}],"inLanguage":"es"},{"@type":["Person","Organization"],"@id":"https:\/\/informatepy.com\/2021\/#\/schema\/person\/edd302c981d6ba4596191719d1025a8a","name":"admin","image":{"@type":"ImageObject","inLanguage":"es","@id":"https:\/\/secure.gravatar.com\/avatar\/5310f602b6cbcfb86e030c4ccdbb78f6565a3b9bab6a74ab80fd3cb5428b65af?s=96&d=mm&r=g","url":"https:\/\/secure.gravatar.com\/avatar\/5310f602b6cbcfb86e030c4ccdbb78f6565a3b9bab6a74ab80fd3cb5428b65af?s=96&d=mm&r=g","contentUrl":"https:\/\/secure.gravatar.com\/avatar\/5310f602b6cbcfb86e030c4ccdbb78f6565a3b9bab6a74ab80fd3cb5428b65af?s=96&d=mm&r=g","caption":"admin"},"logo":{"@id":"https:\/\/secure.gravatar.com\/avatar\/5310f602b6cbcfb86e030c4ccdbb78f6565a3b9bab6a74ab80fd3cb5428b65af?s=96&d=mm&r=g"},"sameAs":["http:\/\/informatepy.com\/2021"],"url":"https:\/\/informatepy.com\/2021\/author\/admin\/"}]}},"jetpack_featured_media_url":"https:\/\/i0.wp.com\/informatepy.com\/2021\/wp-content\/uploads\/2021\/02\/becas-central-2019.jpg?fit=1000%2C800&ssl=1","jetpack_sharing_enabled":true,"jetpack_likes_enabled":true,"jetpack-related-posts":[{"id":686,"url":"https:\/\/informatepy.com\/2021\/2019\/02\/23\/702\/","url_meta":{"origin":674,"position":0},"title":"Avanza el plan de becas 2019 de la Gobernaci\u00f3n de Central","date":"23 de febrero de 2019","format":false,"excerpt":"Esta ma\u00f1ana, la Gobernaci\u00f3n del Departamento Central convoc\u00f3 a los j\u00f3venes que aprobaron la primera etapa de evaluaci\u00f3n curricular y documental para el programa de Becas de Juventud GDC 2019. La cita fue en la Facultad de Ciencias Econ\u00f3micas de la UNA, donde concurrieron 538 postulantes que buscan obtener una\u2026","rel":"","context":"En \u00abNacionales\u00bb","img":{"alt_text":"","src":"https:\/\/i0.wp.com\/informatepy.com\/2021\/wp-content\/uploads\/2021\/02\/becas-central-2019-1.jpg?fit=960%2C585&ssl=1&resize=350%2C200","width":350,"height":200},"classes":[]},{"id":748,"url":"https:\/\/informatepy.com\/2021\/2019\/02\/27\/la-gobernacion-de-central-culmino-la-correccion-de-examenes-para-acceder-a-las-becas-2019\/","url_meta":{"origin":674,"position":1},"title":"La Gobernaci\u00f3n de Central culmin\u00f3 la correcci\u00f3n de ex\u00e1menes para acceder a las Becas 2019","date":"27 de febrero de 2019","format":false,"excerpt":"La Gobernaci\u00f3n del Departamento Central, inform\u00f3 que se culmin\u00f3 con la correcci\u00f3n de los ex\u00e1menes de aquellos estudiantes que se encontraban habilitados para el examen de conocimientos b\u00e1sicos para acceder al Programa de Becas de Juventud GDC 2019, y ya se encuentra la informaci\u00f3n disponible en la p\u00e1gina web de\u2026","rel":"","context":"En \u00abNacionales\u00bb","img":{"alt_text":"","src":"https:\/\/i0.wp.com\/informatepy.com\/2021\/wp-content\/uploads\/2021\/02\/becas-2019.jpg?fit=800%2C445&ssl=1&resize=350%2C200","width":350,"height":200},"classes":[]},{"id":1063,"url":"https:\/\/informatepy.com\/2021\/2019\/04\/22\/gobernacion-de-central-y-municipio-de-ypacarai-suscribieron-convenio-de-cooperacion\/","url_meta":{"origin":674,"position":2},"title":"Gobernaci\u00f3n de Central y Municipio de Ypacarai suscribieron convenio de cooperaci\u00f3n","date":"22 de abril de 2019","format":false,"excerpt":"Con el prop\u00f3sito de establecer v\u00ednculos de cooperaci\u00f3n interinstitucional, este lunes 22 de abril, se realiz\u00f3 una firma de convenio\u00a0 marco entre la Gobernaci\u00f3n del Departamento Central y la Municipalidad de Ypacarai. El objetivo de esta alianza\u00a0 es realizar acciones conjuntas, a fin de promover, apoyar y desarrollar planes, programas\u2026","rel":"","context":"En \u00abMunicipales\u00bb","img":{"alt_text":"","src":"https:\/\/i0.wp.com\/informatepy.com\/2021\/wp-content\/uploads\/2021\/04\/ypacarai.jpg?fit=1200%2C800&ssl=1&resize=350%2C200","width":350,"height":200},"classes":[]},{"id":642,"url":"https:\/\/informatepy.com\/2021\/2019\/02\/21\/la-gobernacion-de-central-inicia-campana-de-concientizacion-contra-el-dengue\/","url_meta":{"origin":674,"position":3},"title":"La gobernaci\u00f3n de Central inicia campa\u00f1a de concientizaci\u00f3n contra el dengue","date":"21 de febrero de 2019","format":false,"excerpt":"En el marco de una campa\u00f1a de concientizaci\u00f3n de lucha contra el dengue, la Gobernaci\u00f3n del Departamento Central lleg\u00f3 a la Esc. B\u00e1s. N\u00b0 6433 \"J\u00f3venes Unidos\" de la ciudad de Luque, en forma de arte y conciencia. La obra, \"\u00d1ati'\u00fb \u00d1emos\u00ea\", llev\u00f3 un mensaje de prevenci\u00f3n para los m\u00e1s\u2026","rel":"","context":"En \u00abNacionales\u00bb","img":{"alt_text":"","src":"https:\/\/i0.wp.com\/informatepy.com\/2021\/wp-content\/uploads\/2021\/02\/IMG-20190221-WA0047.jpg?fit=1200%2C674&ssl=1&resize=350%2C200","width":350,"height":200},"classes":[]},{"id":848,"url":"https:\/\/informatepy.com\/2021\/2019\/03\/14\/gonernacion-de-central-presenta-proyecto-de-educacion-superior\/","url_meta":{"origin":674,"position":4},"title":"Gobernaci\u00f3n de Central presenta proyecto de educaci\u00f3n superior","date":"14 de marzo de 2019","format":false,"excerpt":"El Instituto T\u00e9cnico Superior Departamental \u201cDr. Eusebio Ayala\u201d, con el apoyo del Ministerio de Educaci\u00f3n y Ciencias y la Gobernaci\u00f3n del departamento Central, presenta un proyecto de Educaci\u00f3n Superior con el objetivo de formar gratuitamente a j\u00f3venes\u00a0 en Tecnicatura Superior, y estos puedan insertarse directamente al mercado laboral. De acuerdo\u2026","rel":"","context":"En \u00abNacionales\u00bb","img":{"alt_text":"","src":"https:\/\/i0.wp.com\/informatepy.com\/2021\/wp-content\/uploads\/2021\/03\/educacion-central.jpg?fit=804%2C1000&ssl=1&resize=350%2C200","width":350,"height":200},"classes":[]},{"id":886,"url":"https:\/\/informatepy.com\/2021\/2019\/03\/17\/gobernacion-de-central-asiste-a-los-damnificados-por-las-intensas-lluvias\/","url_meta":{"origin":674,"position":5},"title":"Gobernaci\u00f3n de Central asiste a los damnificados por las intensas lluvias","date":"17 de marzo de 2019","format":false,"excerpt":"La gobernaci\u00f3n del departamento central se encuentra brindando asistencia los damnificados por las intensas lluvias en la ciudad de Limpio, donde se registraron las consecuencias m\u00e1s graves de la lluvia, donde el agua invadi\u00f3 m\u00e1s de 100 hogares. Adem\u00e1s de las tareas de asistencia, la gobernaci\u00f3n realiza un relevamiento para\u2026","rel":"","context":"En \u00abNacionales\u00bb","img":{"alt_text":"","src":"https:\/\/i0.wp.com\/informatepy.com\/2021\/wp-content\/uploads\/2021\/03\/IMG-20190317-WA00569563.jpg?fit=1040%2C780&ssl=1&resize=350%2C200","width":350,"height":200},"classes":[]}],"authors":[{"term_id":1039,"user_id":1,"is_guest":0,"slug":"admin","display_name":"admin","avatar_url":"https:\/\/secure.gravatar.com\/avatar\/5310f602b6cbcfb86e030c4ccdbb78f6565a3b9bab6a74ab80fd3cb5428b65af?s=96&d=mm&r=g","first_name":"","last_name":"","user_url":"http:\/\/informatepy.com\/2021","description":""}],"amp_enabled":true,"_links":{"self":[{"href":"https:\/\/informatepy.com\/2021\/wp-json\/wp\/v2\/posts\/674","targetHints":{"allow":["GET"]}}],"collection":[{"href":"https:\/\/informatepy.com\/2021\/wp-json\/wp\/v2\/posts"}],"about":[{"href":"https:\/\/informatepy.com\/2021\/wp-json\/wp\/v2\/types\/post"}],"author":[{"embeddable":true,"href":"https:\/\/informatepy.com\/2021\/wp-json\/wp\/v2\/users\/1"}],"replies":[{"embeddable":true,"href":"https:\/\/informatepy.com\/2021\/wp-json\/wp\/v2\/comments?post=674"}],"version-history":[{"count":1,"href":"https:\/\/informatepy.com\/2021\/wp-json\/wp\/v2\/posts\/674\/revisions"}],"predecessor-version":[{"id":3480,"href":"https:\/\/informatepy.com\/2021\/wp-json\/wp\/v2\/posts\/674\/revisions\/3480"}],"wp:featuredmedia":[{"embeddable":true,"href":"https:\/\/informatepy.com\/2021\/wp-json\/wp\/v2\/media\/675"}],"wp:attachment":[{"href":"https:\/\/informatepy.com\/2021\/wp-json\/wp\/v2\/media?parent=674"}],"wp:term":[{"taxonomy":"category","embeddable":true,"href":"https:\/\/informatepy.com\/2021\/wp-json\/wp\/v2\/categories?post=674"},{"taxonomy":"post_tag","embeddable":true,"href":"https:\/\/informatepy.com\/2021\/wp-json\/wp\/v2\/tags?post=674"},{"taxonomy":"author","embeddable":true,"href":"https:\/\/informatepy.com\/2021\/wp-json\/wp\/v2\/ppma_author?post=674"}],"curies":[{"name":"wp","href":"https:\/\/api.w.org\/{rel}","templated":true}]}}