{"id":659,"date":"2019-02-22T20:19:00","date_gmt":"2019-02-23T00:19:00","guid":{"rendered":"http:\/\/informatepy.com\/2021\/?p=659"},"modified":"2021-02-20T16:02:36","modified_gmt":"2021-02-20T20:02:36","slug":"senadora-desiree-masi-defiende-a-bachetta-por-la-presion-a-jueces-y-fiscales","status":"publish","type":"post","link":"https:\/\/informatepy.com\/2021\/2019\/02\/22\/senadora-desiree-masi-defiende-a-bachetta-por-la-presion-a-jueces-y-fiscales\/","title":{"rendered":"Senadora Desir\u00e9e Masi defiende a Bachetta por la presi\u00f3n a jueces y fiscales"},"content":{"rendered":"\n<p>La legisladora del PDP, Desir\u00e9e Masi fue abordada acerca de la postura personal que tiene respecto al presidente del Jurado de Enjuiciamiento de Magistrados, Enrique Bacchetta, quien a trav\u00e9s de su cuenta de Twitter se inclin\u00f3 a favor del procesado Ulises Quintana (Colorado A\u00f1etete) y gener\u00f3 reacciones negativas no solo de varios gremios de abogados sino hasta del propio embajador de Estados Unidos en Paraguay, Lee McClenny.<\/p>\n\n\n\n<p>Al respecto trajo a colaci\u00f3n un supuesto pacto pol\u00edtico que llev\u00f3 a Beto Ovelar a la Presidencia del Congreso y a Bacchetta a la titularidad del JEM. Dicho acuerdo habla a de una alternancia de partidos en los cargos y mediante el mismo, el pr\u00f3ximo beneficiado deber\u00eda ser alguien del llanismo.<\/p>\n\n\n\n<p>\u201cPara cambiar a Bacchetta se tiene que romper ese pacto, ah\u00ed entrar\u00eda Zacar\u00edas Ir\u00fan, al mover una pieza ten\u00e9s que asegurarte que tu otra pieza por lo menos sea mejor\u201d, expres\u00f3 Masi en conversaci\u00f3n con la 730 AM.<\/p>\n\n\n\n<p>Cuando \u00d3scar Gonz\u00e1lez Daher fue titular del JEM, la propia Masi, en representaci\u00f3n de su partido, plante\u00f3 que el exlegislador sea separado del cargo, por el caso de la filtraci\u00f3n de audios, donde se lo implicaba en casos de tr\u00e1fico de influencias.<\/p>\n\n\n\n<p>En la ocasi\u00f3n, Masi consider\u00f3 que \u201clo m\u00ednimo\u201d que Daher deb\u00eda hacer es poner su cargo a disposici\u00f3n. Sin embargo, no piensa lo mismo ahora que Bacchetta es el cuestionado, con tal de que Zacar\u00edas Ir\u00fan no llegue al poder.<\/p>\n\n\n\n<p>\u201dMe pueden escrachar todo lo que quieran pero nosotros por lo menos no vamos a mover una pieza, porque yo tengo la seguridad de que va a ir una persona af\u00edn al cartismo ah\u00ed\u201d, concluy\u00f3 Masi respecto a la posibilidad de destituir a Bacchetta.<\/p>\n\n\n\n<p>Fuente: Hoy<\/p>\n","protected":false},"excerpt":{"rendered":"<p>La legisladora del PDP, Desir\u00e9e Masi fue abordada acerca de la postura personal que tiene respecto al presidente del Jurado de Enjuiciamiento de Magistrados, Enrique Bacchetta, quien a trav\u00e9s de su cuenta de Twitter se inclin\u00f3 a favor del procesado Ulises Quintana (Colorado A\u00f1etete) y gener\u00f3 reacciones negativas no solo de varios gremios de abogados [&hellip;]<\/p>\n","protected":false},"author":1,"featured_media":660,"comment_status":"open","ping_status":"open","sticky":false,"template":"","format":"standard","meta":{"_monsterinsights_skip_tracking":false,"_monsterinsights_sitenote_active":false,"_monsterinsights_sitenote_note":"","_monsterinsights_sitenote_category":0,"footnotes":"","jetpack_publicize_message":"","jetpack_is_tweetstorm":false,"jetpack_publicize_feature_enabled":true},"categories":[177],"tags":[390,388,295],"ppma_author":[1039],"class_list":["post-659","post","type-post","status-publish","format-standard","has-post-thumbnail","hentry","category-nacionales","tag-desiree-masi","tag-enrique-bacchetta","tag-zacarias-irun"],"jetpack_publicize_connections":[],"yoast_head":"<!-- This site is optimized with the Yoast SEO plugin v27.5 - https:\/\/yoast.com\/product\/yoast-seo-wordpress\/ -->\n<title>Senadora Desir\u00e9e Masi defiende a Bachetta por la presi\u00f3n a jueces y fiscales - Informatepy<\/title>\n<meta name=\"robots\" content=\"index, follow, max-snippet:-1, max-image-preview:large, max-video-preview:-1\" \/>\n<link rel=\"canonical\" href=\"https:\/\/informatepy.com\/2021\/2019\/02\/22\/senadora-desiree-masi-defiende-a-bachetta-por-la-presion-a-jueces-y-fiscales\/\" \/>\n<meta property=\"og:locale\" content=\"es_ES\" \/>\n<meta property=\"og:type\" content=\"article\" \/>\n<meta property=\"og:title\" content=\"Senadora Desir\u00e9e Masi defiende a Bachetta por la presi\u00f3n a jueces y fiscales - Informatepy\" \/>\n<meta property=\"og:description\" content=\"La legisladora del PDP, Desir\u00e9e Masi fue abordada acerca de la postura personal que tiene respecto al presidente del Jurado de Enjuiciamiento de Magistrados, Enrique Bacchetta, quien a trav\u00e9s de su cuenta de Twitter se inclin\u00f3 a favor del procesado Ulises Quintana (Colorado A\u00f1etete) y gener\u00f3 reacciones negativas no solo de varios gremios de abogados [&hellip;]\" \/>\n<meta property=\"og:url\" content=\"https:\/\/informatepy.com\/2021\/2019\/02\/22\/senadora-desiree-masi-defiende-a-bachetta-por-la-presion-a-jueces-y-fiscales\/\" \/>\n<meta property=\"og:site_name\" content=\"Informatepy\" \/>\n<meta property=\"article:published_time\" content=\"2019-02-23T00:19:00+00:00\" \/>\n<meta property=\"article:modified_time\" content=\"2021-02-20T20:02:36+00:00\" \/>\n<meta property=\"og:image\" content=\"https:\/\/i0.wp.com\/informatepy.com\/2021\/wp-content\/uploads\/2021\/02\/Senadora-desiree-masi.jpg?fit=760%2C420&ssl=1\" \/>\n\t<meta property=\"og:image:width\" content=\"760\" \/>\n\t<meta property=\"og:image:height\" content=\"420\" \/>\n\t<meta property=\"og:image:type\" content=\"image\/jpeg\" \/>\n<meta name=\"author\" content=\"admin\" \/>\n<meta name=\"twitter:card\" content=\"summary_large_image\" \/>\n<meta name=\"twitter:label1\" content=\"Escrito por\" \/>\n\t<meta name=\"twitter:data1\" content=\"admin\" \/>\n\t<meta name=\"twitter:label2\" content=\"Tiempo de lectura\" \/>\n\t<meta name=\"twitter:data2\" content=\"2 minutos\" \/>\n<script type=\"application\/ld+json\" class=\"yoast-schema-graph\">{\"@context\":\"https:\\\/\\\/schema.org\",\"@graph\":[{\"@type\":\"Article\",\"@id\":\"https:\\\/\\\/informatepy.com\\\/2021\\\/2019\\\/02\\\/22\\\/senadora-desiree-masi-defiende-a-bachetta-por-la-presion-a-jueces-y-fiscales\\\/#article\",\"isPartOf\":{\"@id\":\"https:\\\/\\\/informatepy.com\\\/2021\\\/2019\\\/02\\\/22\\\/senadora-desiree-masi-defiende-a-bachetta-por-la-presion-a-jueces-y-fiscales\\\/\"},\"author\":{\"name\":\"admin\",\"@id\":\"https:\\\/\\\/informatepy.com\\\/2021\\\/#\\\/schema\\\/person\\\/edd302c981d6ba4596191719d1025a8a\"},\"headline\":\"Senadora Desir\u00e9e Masi defiende a Bachetta por la presi\u00f3n a jueces y fiscales\",\"datePublished\":\"2019-02-23T00:19:00+00:00\",\"dateModified\":\"2021-02-20T20:02:36+00:00\",\"mainEntityOfPage\":{\"@id\":\"https:\\\/\\\/informatepy.com\\\/2021\\\/2019\\\/02\\\/22\\\/senadora-desiree-masi-defiende-a-bachetta-por-la-presion-a-jueces-y-fiscales\\\/\"},\"wordCount\":321,\"commentCount\":0,\"publisher\":{\"@id\":\"https:\\\/\\\/informatepy.com\\\/2021\\\/#\\\/schema\\\/person\\\/edd302c981d6ba4596191719d1025a8a\"},\"image\":{\"@id\":\"https:\\\/\\\/informatepy.com\\\/2021\\\/2019\\\/02\\\/22\\\/senadora-desiree-masi-defiende-a-bachetta-por-la-presion-a-jueces-y-fiscales\\\/#primaryimage\"},\"thumbnailUrl\":\"https:\\\/\\\/i0.wp.com\\\/informatepy.com\\\/2021\\\/wp-content\\\/uploads\\\/2021\\\/02\\\/Senadora-desiree-masi.jpg?fit=760%2C420&ssl=1\",\"keywords\":[\"desiree masi\",\"enrique bacchetta\",\"zacarias irun\"],\"articleSection\":[\"Nacionales\"],\"inLanguage\":\"es\",\"potentialAction\":[{\"@type\":\"CommentAction\",\"name\":\"Comment\",\"target\":[\"https:\\\/\\\/informatepy.com\\\/2021\\\/2019\\\/02\\\/22\\\/senadora-desiree-masi-defiende-a-bachetta-por-la-presion-a-jueces-y-fiscales\\\/#respond\"]}]},{\"@type\":\"WebPage\",\"@id\":\"https:\\\/\\\/informatepy.com\\\/2021\\\/2019\\\/02\\\/22\\\/senadora-desiree-masi-defiende-a-bachetta-por-la-presion-a-jueces-y-fiscales\\\/\",\"url\":\"https:\\\/\\\/informatepy.com\\\/2021\\\/2019\\\/02\\\/22\\\/senadora-desiree-masi-defiende-a-bachetta-por-la-presion-a-jueces-y-fiscales\\\/\",\"name\":\"Senadora Desir\u00e9e Masi defiende a Bachetta por la presi\u00f3n a jueces y fiscales - Informatepy\",\"isPartOf\":{\"@id\":\"https:\\\/\\\/informatepy.com\\\/2021\\\/#website\"},\"primaryImageOfPage\":{\"@id\":\"https:\\\/\\\/informatepy.com\\\/2021\\\/2019\\\/02\\\/22\\\/senadora-desiree-masi-defiende-a-bachetta-por-la-presion-a-jueces-y-fiscales\\\/#primaryimage\"},\"image\":{\"@id\":\"https:\\\/\\\/informatepy.com\\\/2021\\\/2019\\\/02\\\/22\\\/senadora-desiree-masi-defiende-a-bachetta-por-la-presion-a-jueces-y-fiscales\\\/#primaryimage\"},\"thumbnailUrl\":\"https:\\\/\\\/i0.wp.com\\\/informatepy.com\\\/2021\\\/wp-content\\\/uploads\\\/2021\\\/02\\\/Senadora-desiree-masi.jpg?fit=760%2C420&ssl=1\",\"datePublished\":\"2019-02-23T00:19:00+00:00\",\"dateModified\":\"2021-02-20T20:02:36+00:00\",\"breadcrumb\":{\"@id\":\"https:\\\/\\\/informatepy.com\\\/2021\\\/2019\\\/02\\\/22\\\/senadora-desiree-masi-defiende-a-bachetta-por-la-presion-a-jueces-y-fiscales\\\/#breadcrumb\"},\"inLanguage\":\"es\",\"potentialAction\":[{\"@type\":\"ReadAction\",\"target\":[\"https:\\\/\\\/informatepy.com\\\/2021\\\/2019\\\/02\\\/22\\\/senadora-desiree-masi-defiende-a-bachetta-por-la-presion-a-jueces-y-fiscales\\\/\"]}]},{\"@type\":\"ImageObject\",\"inLanguage\":\"es\",\"@id\":\"https:\\\/\\\/informatepy.com\\\/2021\\\/2019\\\/02\\\/22\\\/senadora-desiree-masi-defiende-a-bachetta-por-la-presion-a-jueces-y-fiscales\\\/#primaryimage\",\"url\":\"https:\\\/\\\/i0.wp.com\\\/informatepy.com\\\/2021\\\/wp-content\\\/uploads\\\/2021\\\/02\\\/Senadora-desiree-masi.jpg?fit=760%2C420&ssl=1\",\"contentUrl\":\"https:\\\/\\\/i0.wp.com\\\/informatepy.com\\\/2021\\\/wp-content\\\/uploads\\\/2021\\\/02\\\/Senadora-desiree-masi.jpg?fit=760%2C420&ssl=1\",\"width\":760,\"height\":420,\"caption\":\"Desir\u00e9e Masi, senadora del PDP. Foto: LN.\"},{\"@type\":\"BreadcrumbList\",\"@id\":\"https:\\\/\\\/informatepy.com\\\/2021\\\/2019\\\/02\\\/22\\\/senadora-desiree-masi-defiende-a-bachetta-por-la-presion-a-jueces-y-fiscales\\\/#breadcrumb\",\"itemListElement\":[{\"@type\":\"ListItem\",\"position\":1,\"name\":\"Portada\",\"item\":\"https:\\\/\\\/informatepy.com\\\/2021\\\/\"},{\"@type\":\"ListItem\",\"position\":2,\"name\":\"Senadora Desir\u00e9e Masi defiende a Bachetta por la presi\u00f3n a jueces y fiscales\"}]},{\"@type\":\"WebSite\",\"@id\":\"https:\\\/\\\/informatepy.com\\\/2021\\\/#website\",\"url\":\"https:\\\/\\\/informatepy.com\\\/2021\\\/\",\"name\":\"Informatepy\",\"description\":\"La verdad, siempre!\",\"publisher\":{\"@id\":\"https:\\\/\\\/informatepy.com\\\/2021\\\/#\\\/schema\\\/person\\\/edd302c981d6ba4596191719d1025a8a\"},\"potentialAction\":[{\"@type\":\"SearchAction\",\"target\":{\"@type\":\"EntryPoint\",\"urlTemplate\":\"https:\\\/\\\/informatepy.com\\\/2021\\\/?s={search_term_string}\"},\"query-input\":{\"@type\":\"PropertyValueSpecification\",\"valueRequired\":true,\"valueName\":\"search_term_string\"}}],\"inLanguage\":\"es\"},{\"@type\":[\"Person\",\"Organization\"],\"@id\":\"https:\\\/\\\/informatepy.com\\\/2021\\\/#\\\/schema\\\/person\\\/edd302c981d6ba4596191719d1025a8a\",\"name\":\"admin\",\"image\":{\"@type\":\"ImageObject\",\"inLanguage\":\"es\",\"@id\":\"https:\\\/\\\/secure.gravatar.com\\\/avatar\\\/5310f602b6cbcfb86e030c4ccdbb78f6565a3b9bab6a74ab80fd3cb5428b65af?s=96&d=mm&r=g\",\"url\":\"https:\\\/\\\/secure.gravatar.com\\\/avatar\\\/5310f602b6cbcfb86e030c4ccdbb78f6565a3b9bab6a74ab80fd3cb5428b65af?s=96&d=mm&r=g\",\"contentUrl\":\"https:\\\/\\\/secure.gravatar.com\\\/avatar\\\/5310f602b6cbcfb86e030c4ccdbb78f6565a3b9bab6a74ab80fd3cb5428b65af?s=96&d=mm&r=g\",\"caption\":\"admin\"},\"logo\":{\"@id\":\"https:\\\/\\\/secure.gravatar.com\\\/avatar\\\/5310f602b6cbcfb86e030c4ccdbb78f6565a3b9bab6a74ab80fd3cb5428b65af?s=96&d=mm&r=g\"},\"sameAs\":[\"http:\\\/\\\/informatepy.com\\\/2021\"],\"url\":\"https:\\\/\\\/informatepy.com\\\/2021\\\/author\\\/admin\\\/\"}]}<\/script>\n<!-- \/ Yoast SEO plugin. -->","yoast_head_json":{"title":"Senadora Desir\u00e9e Masi defiende a Bachetta por la presi\u00f3n a jueces y fiscales - Informatepy","robots":{"index":"index","follow":"follow","max-snippet":"max-snippet:-1","max-image-preview":"max-image-preview:large","max-video-preview":"max-video-preview:-1"},"canonical":"https:\/\/informatepy.com\/2021\/2019\/02\/22\/senadora-desiree-masi-defiende-a-bachetta-por-la-presion-a-jueces-y-fiscales\/","og_locale":"es_ES","og_type":"article","og_title":"Senadora Desir\u00e9e Masi defiende a Bachetta por la presi\u00f3n a jueces y fiscales - Informatepy","og_description":"La legisladora del PDP, Desir\u00e9e Masi fue abordada acerca de la postura personal que tiene respecto al presidente del Jurado de Enjuiciamiento de Magistrados, Enrique Bacchetta, quien a trav\u00e9s de su cuenta de Twitter se inclin\u00f3 a favor del procesado Ulises Quintana (Colorado A\u00f1etete) y gener\u00f3 reacciones negativas no solo de varios gremios de abogados [&hellip;]","og_url":"https:\/\/informatepy.com\/2021\/2019\/02\/22\/senadora-desiree-masi-defiende-a-bachetta-por-la-presion-a-jueces-y-fiscales\/","og_site_name":"Informatepy","article_published_time":"2019-02-23T00:19:00+00:00","article_modified_time":"2021-02-20T20:02:36+00:00","og_image":[{"width":760,"height":420,"url":"https:\/\/i0.wp.com\/informatepy.com\/2021\/wp-content\/uploads\/2021\/02\/Senadora-desiree-masi.jpg?fit=760%2C420&ssl=1","type":"image\/jpeg"}],"author":"admin","twitter_card":"summary_large_image","twitter_misc":{"Escrito por":"admin","Tiempo de lectura":"2 minutos"},"schema":{"@context":"https:\/\/schema.org","@graph":[{"@type":"Article","@id":"https:\/\/informatepy.com\/2021\/2019\/02\/22\/senadora-desiree-masi-defiende-a-bachetta-por-la-presion-a-jueces-y-fiscales\/#article","isPartOf":{"@id":"https:\/\/informatepy.com\/2021\/2019\/02\/22\/senadora-desiree-masi-defiende-a-bachetta-por-la-presion-a-jueces-y-fiscales\/"},"author":{"name":"admin","@id":"https:\/\/informatepy.com\/2021\/#\/schema\/person\/edd302c981d6ba4596191719d1025a8a"},"headline":"Senadora Desir\u00e9e Masi defiende a Bachetta por la presi\u00f3n a jueces y fiscales","datePublished":"2019-02-23T00:19:00+00:00","dateModified":"2021-02-20T20:02:36+00:00","mainEntityOfPage":{"@id":"https:\/\/informatepy.com\/2021\/2019\/02\/22\/senadora-desiree-masi-defiende-a-bachetta-por-la-presion-a-jueces-y-fiscales\/"},"wordCount":321,"commentCount":0,"publisher":{"@id":"https:\/\/informatepy.com\/2021\/#\/schema\/person\/edd302c981d6ba4596191719d1025a8a"},"image":{"@id":"https:\/\/informatepy.com\/2021\/2019\/02\/22\/senadora-desiree-masi-defiende-a-bachetta-por-la-presion-a-jueces-y-fiscales\/#primaryimage"},"thumbnailUrl":"https:\/\/i0.wp.com\/informatepy.com\/2021\/wp-content\/uploads\/2021\/02\/Senadora-desiree-masi.jpg?fit=760%2C420&ssl=1","keywords":["desiree masi","enrique bacchetta","zacarias irun"],"articleSection":["Nacionales"],"inLanguage":"es","potentialAction":[{"@type":"CommentAction","name":"Comment","target":["https:\/\/informatepy.com\/2021\/2019\/02\/22\/senadora-desiree-masi-defiende-a-bachetta-por-la-presion-a-jueces-y-fiscales\/#respond"]}]},{"@type":"WebPage","@id":"https:\/\/informatepy.com\/2021\/2019\/02\/22\/senadora-desiree-masi-defiende-a-bachetta-por-la-presion-a-jueces-y-fiscales\/","url":"https:\/\/informatepy.com\/2021\/2019\/02\/22\/senadora-desiree-masi-defiende-a-bachetta-por-la-presion-a-jueces-y-fiscales\/","name":"Senadora Desir\u00e9e Masi defiende a Bachetta por la presi\u00f3n a jueces y fiscales - Informatepy","isPartOf":{"@id":"https:\/\/informatepy.com\/2021\/#website"},"primaryImageOfPage":{"@id":"https:\/\/informatepy.com\/2021\/2019\/02\/22\/senadora-desiree-masi-defiende-a-bachetta-por-la-presion-a-jueces-y-fiscales\/#primaryimage"},"image":{"@id":"https:\/\/informatepy.com\/2021\/2019\/02\/22\/senadora-desiree-masi-defiende-a-bachetta-por-la-presion-a-jueces-y-fiscales\/#primaryimage"},"thumbnailUrl":"https:\/\/i0.wp.com\/informatepy.com\/2021\/wp-content\/uploads\/2021\/02\/Senadora-desiree-masi.jpg?fit=760%2C420&ssl=1","datePublished":"2019-02-23T00:19:00+00:00","dateModified":"2021-02-20T20:02:36+00:00","breadcrumb":{"@id":"https:\/\/informatepy.com\/2021\/2019\/02\/22\/senadora-desiree-masi-defiende-a-bachetta-por-la-presion-a-jueces-y-fiscales\/#breadcrumb"},"inLanguage":"es","potentialAction":[{"@type":"ReadAction","target":["https:\/\/informatepy.com\/2021\/2019\/02\/22\/senadora-desiree-masi-defiende-a-bachetta-por-la-presion-a-jueces-y-fiscales\/"]}]},{"@type":"ImageObject","inLanguage":"es","@id":"https:\/\/informatepy.com\/2021\/2019\/02\/22\/senadora-desiree-masi-defiende-a-bachetta-por-la-presion-a-jueces-y-fiscales\/#primaryimage","url":"https:\/\/i0.wp.com\/informatepy.com\/2021\/wp-content\/uploads\/2021\/02\/Senadora-desiree-masi.jpg?fit=760%2C420&ssl=1","contentUrl":"https:\/\/i0.wp.com\/informatepy.com\/2021\/wp-content\/uploads\/2021\/02\/Senadora-desiree-masi.jpg?fit=760%2C420&ssl=1","width":760,"height":420,"caption":"Desir\u00e9e Masi, senadora del PDP. Foto: LN."},{"@type":"BreadcrumbList","@id":"https:\/\/informatepy.com\/2021\/2019\/02\/22\/senadora-desiree-masi-defiende-a-bachetta-por-la-presion-a-jueces-y-fiscales\/#breadcrumb","itemListElement":[{"@type":"ListItem","position":1,"name":"Portada","item":"https:\/\/informatepy.com\/2021\/"},{"@type":"ListItem","position":2,"name":"Senadora Desir\u00e9e Masi defiende a Bachetta por la presi\u00f3n a jueces y fiscales"}]},{"@type":"WebSite","@id":"https:\/\/informatepy.com\/2021\/#website","url":"https:\/\/informatepy.com\/2021\/","name":"Informatepy","description":"La verdad, siempre!","publisher":{"@id":"https:\/\/informatepy.com\/2021\/#\/schema\/person\/edd302c981d6ba4596191719d1025a8a"},"potentialAction":[{"@type":"SearchAction","target":{"@type":"EntryPoint","urlTemplate":"https:\/\/informatepy.com\/2021\/?s={search_term_string}"},"query-input":{"@type":"PropertyValueSpecification","valueRequired":true,"valueName":"search_term_string"}}],"inLanguage":"es"},{"@type":["Person","Organization"],"@id":"https:\/\/informatepy.com\/2021\/#\/schema\/person\/edd302c981d6ba4596191719d1025a8a","name":"admin","image":{"@type":"ImageObject","inLanguage":"es","@id":"https:\/\/secure.gravatar.com\/avatar\/5310f602b6cbcfb86e030c4ccdbb78f6565a3b9bab6a74ab80fd3cb5428b65af?s=96&d=mm&r=g","url":"https:\/\/secure.gravatar.com\/avatar\/5310f602b6cbcfb86e030c4ccdbb78f6565a3b9bab6a74ab80fd3cb5428b65af?s=96&d=mm&r=g","contentUrl":"https:\/\/secure.gravatar.com\/avatar\/5310f602b6cbcfb86e030c4ccdbb78f6565a3b9bab6a74ab80fd3cb5428b65af?s=96&d=mm&r=g","caption":"admin"},"logo":{"@id":"https:\/\/secure.gravatar.com\/avatar\/5310f602b6cbcfb86e030c4ccdbb78f6565a3b9bab6a74ab80fd3cb5428b65af?s=96&d=mm&r=g"},"sameAs":["http:\/\/informatepy.com\/2021"],"url":"https:\/\/informatepy.com\/2021\/author\/admin\/"}]}},"jetpack_featured_media_url":"https:\/\/i0.wp.com\/informatepy.com\/2021\/wp-content\/uploads\/2021\/02\/Senadora-desiree-masi.jpg?fit=760%2C420&ssl=1","jetpack_sharing_enabled":true,"jetpack_likes_enabled":true,"jetpack-related-posts":[{"id":11241,"url":"https:\/\/informatepy.com\/2021\/2022\/04\/20\/desiree-masi-afirmo-que-criminalizar-cierre-de-rutas-es-un-plan-de-la-derecha-cavernicola\/","url_meta":{"origin":659,"position":0},"title":"Desir\u00e9e Masi afirm\u00f3 que Criminalizar cierre de rutas es un plan de la derecha \u201ccavern\u00edcola\u201d","date":"20 de abril de 2022","format":false,"excerpt":"La senadora Desir\u00e9e Masi, del Partido Democr\u00e1tico Progresista, afirm\u00f3 estar en desacuerdo con la iniciativa de su colega Enrique Riera de elevar las penas a quienes bloqueen rutas. \u201cPara mi esta normativa es claramente antiescrache, antiprotesta, antimanifestaci\u00f3n y es inconstitucional, pues van a pretender regular las protestas\u201d, expres\u00f3. Por \u00faltimo,\u2026","rel":"","context":"En \u00abNacionales\u00bb","img":{"alt_text":"","src":"https:\/\/i0.wp.com\/informatepy.com\/2021\/wp-content\/uploads\/2021\/02\/Senadora-desiree-masi.jpg?fit=760%2C420&ssl=1&resize=350%2C200","width":350,"height":200},"classes":[]},{"id":10265,"url":"https:\/\/informatepy.com\/2021\/2022\/02\/22\/desiree-masi-indignada-con-su-ex-socio-arnaldo-giuzzo\/","url_meta":{"origin":659,"position":1},"title":"Desir\u00e9e Masi indignada con su ex socio Arnaldo Giuzzo","date":"22 de febrero de 2022","format":false,"excerpt":"La senadora Desir\u00e9e Masi (PDP) lament\u00f3 que \u201cla gente como ve Netflix mira lo que pasa en Paraguay\u201d refiri\u00e9ndose al esc\u00e1ndalo por las conexiones del exministro del Interior, Arnaldo Giuzzio con el presunto narco Marcus Vinicius Espindola Marques de Padua. \u201cAc\u00e1 el sector p\u00fablico, privado y lo m\u00e1s importante, organismos\u2026","rel":"","context":"En \u00abNacionales\u00bb","img":{"alt_text":"","src":"https:\/\/i0.wp.com\/informatepy.com\/2021\/wp-content\/uploads\/2022\/02\/desiree-masi-arnaldo-giuzzo.jpg?fit=1200%2C675&ssl=1&resize=350%2C200","width":350,"height":200},"classes":[]},{"id":672,"url":"https:\/\/informatepy.com\/2021\/2019\/02\/22\/convocan-a-un-escrache-contra-enrique-bacchetta\/","url_meta":{"origin":659,"position":2},"title":"Convocan a un escrache contra Enrique Bacchetta","date":"22 de febrero de 2019","format":false,"excerpt":"La C.E.C., Comisi\u00f3n de Escrache Ciudadano, est\u00e1 convocando a trav\u00e9s de la redes sociales, a la realizaci\u00f3n de un escrache al Senador Enrique Bacchetta, titular del Jurado de Enjuiciamiento de Magistrados, por sus \"desafortunadas\" declaraciones en favor de Ulises Quintana, quien se encuentra procesado como presunto colaborador de una red\u2026","rel":"","context":"En \u00abNacionales\u00bb","img":{"alt_text":"","src":"https:\/\/i0.wp.com\/informatepy.com\/2021\/wp-content\/uploads\/2021\/02\/enrique-bacchetta-1.jpg?fit=1000%2C563&ssl=1&resize=350%2C200","width":350,"height":200},"classes":[]},{"id":715,"url":"https:\/\/informatepy.com\/2021\/2019\/02\/25\/el-clan-bacchetta-domina-entes-que-seleccionan-y-juzgan-a-magistrados\/","url_meta":{"origin":659,"position":3},"title":"El clan Bacchetta domina entes que seleccionan y juzgan a magistrados","date":"25 de febrero de 2019","format":false,"excerpt":"Los dos principales \u00f3rganos que regulan a magistrados y agentes fiscales se encuentran ahora en manos de una familia. El senador Enrique Bacchetta, y el abogado Claudio Bacchetta presiden el Jurado de Enjuiciamiento de Magistrados (JEM) y el Consejo de la Magistratura (CM) respectivamente. El pasado 6 de noviembre, el\u2026","rel":"","context":"En \u00abNacionales\u00bb","img":{"alt_text":"","src":"https:\/\/i0.wp.com\/informatepy.com\/2021\/wp-content\/uploads\/2021\/02\/enrique-y-claudio-bacchetta.jpg?fit=730%2C525&ssl=1&resize=350%2C200","width":350,"height":200},"classes":[]},{"id":1904,"url":"https:\/\/informatepy.com\/2021\/2020\/04\/20\/desiree-masi-rechaza-una-flexibilizacion-de-la-cuarentena\/","url_meta":{"origin":659,"position":4},"title":"Desir\u00e9e Masi rechaza una flexibilizaci\u00f3n de la cuarentena","date":"20 de abril de 2020","format":false,"excerpt":"El director de Vigilancia de la Salud,\u00a0Guillermo Sequera, dio a entender que se debe comenzar a analizar la flexibilizaci\u00f3n de la cuarentena y que es conveniente \"comenzar a enfermarnos de manera controlada\". \"Si dijo eso y se acab\u00f3 ah\u00ed el an\u00e1lisis, est\u00e1 equivocado (sobre la posibilidad de flexibilizar la cuarentena)\u201d,\u2026","rel":"","context":"En \u00abNacionales\u00bb","img":{"alt_text":"","src":"https:\/\/i0.wp.com\/informatepy.com\/2021\/wp-content\/uploads\/2021\/02\/Senadora-desiree-masi.jpg?fit=760%2C420&ssl=1&resize=350%2C200","width":350,"height":200},"classes":[]},{"id":860,"url":"https:\/\/informatepy.com\/2021\/2020\/03\/15\/desiree-masi-y-petta-rapidos-de-reflejos\/","url_meta":{"origin":659,"position":5},"title":"Desiree Masi y Petta r\u00e1pidos de reflejos","date":"15 de marzo de 2020","format":false,"excerpt":"Del mismo modo en que muchas veces criticamos a los funcionarios por aquellas cosas que hacen (o dejan de hacer), en este caso se hace necesario resaltar la rapidez de reflejos de la Senadora Desiree Masi y el Ministro de Educaci\u00f3n Eduardo Petta, en relaci\u00f3n a una denuncia realizada por\u2026","rel":"","context":"En \u00abNacionales\u00bb","img":{"alt_text":"","src":"https:\/\/i0.wp.com\/informatepy.com\/2021\/wp-content\/uploads\/2021\/03\/desirre-masi-eduardo-petta.jpg?fit=760%2C420&ssl=1&resize=350%2C200","width":350,"height":200},"classes":[]}],"authors":[{"term_id":1039,"user_id":1,"is_guest":0,"slug":"admin","display_name":"admin","avatar_url":"https:\/\/secure.gravatar.com\/avatar\/5310f602b6cbcfb86e030c4ccdbb78f6565a3b9bab6a74ab80fd3cb5428b65af?s=96&d=mm&r=g","first_name":"","last_name":"","user_url":"http:\/\/informatepy.com\/2021","description":""}],"amp_enabled":true,"_links":{"self":[{"href":"https:\/\/informatepy.com\/2021\/wp-json\/wp\/v2\/posts\/659","targetHints":{"allow":["GET"]}}],"collection":[{"href":"https:\/\/informatepy.com\/2021\/wp-json\/wp\/v2\/posts"}],"about":[{"href":"https:\/\/informatepy.com\/2021\/wp-json\/wp\/v2\/types\/post"}],"author":[{"embeddable":true,"href":"https:\/\/informatepy.com\/2021\/wp-json\/wp\/v2\/users\/1"}],"replies":[{"embeddable":true,"href":"https:\/\/informatepy.com\/2021\/wp-json\/wp\/v2\/comments?post=659"}],"version-history":[{"count":1,"href":"https:\/\/informatepy.com\/2021\/wp-json\/wp\/v2\/posts\/659\/revisions"}],"predecessor-version":[{"id":3502,"href":"https:\/\/informatepy.com\/2021\/wp-json\/wp\/v2\/posts\/659\/revisions\/3502"}],"wp:featuredmedia":[{"embeddable":true,"href":"https:\/\/informatepy.com\/2021\/wp-json\/wp\/v2\/media\/660"}],"wp:attachment":[{"href":"https:\/\/informatepy.com\/2021\/wp-json\/wp\/v2\/media?parent=659"}],"wp:term":[{"taxonomy":"category","embeddable":true,"href":"https:\/\/informatepy.com\/2021\/wp-json\/wp\/v2\/categories?post=659"},{"taxonomy":"post_tag","embeddable":true,"href":"https:\/\/informatepy.com\/2021\/wp-json\/wp\/v2\/tags?post=659"},{"taxonomy":"author","embeddable":true,"href":"https:\/\/informatepy.com\/2021\/wp-json\/wp\/v2\/ppma_author?post=659"}],"curies":[{"name":"wp","href":"https:\/\/api.w.org\/{rel}","templated":true}]}}