{"id":5819,"date":"2021-07-16T14:57:48","date_gmt":"2021-07-16T18:57:48","guid":{"rendered":"http:\/\/informatepy.com\/2021\/?p=5819"},"modified":"2021-07-16T14:57:56","modified_gmt":"2021-07-16T18:57:56","slug":"activista-de-blm-acusado-de-abuso-sexual-contra-62-menores-vuelve-a-la-junta-escolar-de-denver","status":"publish","type":"post","link":"https:\/\/informatepy.com\/2021\/2021\/07\/16\/activista-de-blm-acusado-de-abuso-sexual-contra-62-menores-vuelve-a-la-junta-escolar-de-denver\/","title":{"rendered":"Activista de BLM acusado de abuso sexual contra 62 menores vuelve a la Junta Escolar de Denver"},"content":{"rendered":"\n<p>El activista de\u00a0<strong><a href=\"https:\/\/informatepy.com\/2021\/2021\/01\/30\/premios-sin-valor-alguno-el-movimiento-black-lives-matter-nominado-al-premio-nobel-de-la-paz\/\" target=\"_blank\" rel=\"noreferrer noopener\">Black Lives Matter\u00a0(BLM)<\/a>, Tay Anderson<\/strong>, vuelve a ocupar su puesto en la Junta Escolar de Denver meses despu\u00e9s de haber sido <strong>acusado de abusar sexualmente de 62 estudiantes menores<\/strong> e indocumentados, y con una investigaci\u00f3n criminal en curso.<\/p>\n\n\n\n<p>Seg\u00fan el canal de noticias\u00a0ABC7 en Denver, el mismo medio que hizo p\u00fablico su anuncio de regresar a su puesto de trabajo,<strong> las investigaciones por abuso sexual<\/strong> contra Anderson le han costado a la Junta de Educaci\u00f3n de Escuelas P\u00fablicas de Denver cerca de $50,000 hasta el momento.<\/p>\n\n\n\n<p><strong><em>\u201cAunque sigo comprometido con participar en un proceso transparente y justo, ya no puedo esperar a que este proceso concluya para iniciar mi regreso a servir a las familias de las Escuelas P\u00fablicas de Denver\u201d<\/em><\/strong>, a\u00f1adi\u00f3 Anderson.<\/p>\n\n\n\n<p>Las acusaciones se hicieron por\u00a0primera vez\u00a0durante el mes de marzo, pero no fue hasta el 25 de mayo cuando se escuch\u00f3 el primer\u00a0testimonio p\u00fablico\u00a0contra Anderson frente a la Legislatura del Estado de Colorado.<\/p>\n\n\n\n<p>Mary-Katherine Brooks Fleming, madre de tres estudiantes de escuelas p\u00fablicas de Denver, le dijo al Comit\u00e9 Judicial de la C\u00e1mara estatal que hay <strong><em>\u201cun depredador sexual que ataca a los ni\u00f1os en las escuelas p\u00fablicas\u201d<\/em><\/strong>, durante su testimonio en apoyo de un\u00a0proyecto de ley\u00a0que facilitar\u00eda a las v\u00edctimas demandar a las instituciones que emplean abusadores sexuales de ni\u00f1os.<\/p>\n\n\n\n<p>Tras las acusaciones de abuso sexual, a las que\u00a0etiquet\u00f3\u00a0como \u201cfalsas y sin fundamento\u201d, Anderson acord\u00f3 renunciar por respeto a los estudiantes hasta que se complete la investigaci\u00f3n. Sin embargo, el activista de BLM parece tener el apoyo de la Junta Escolar. <\/p>\n\n\n\n<p><em><strong>\u201cUna de las razones por las que la Junta inici\u00f3 esta investigaci\u00f3n fue porque, de acuerdo con nuestros valores, cre\u00edamos que un joven negro merec\u00eda el debido proceso y una evaluaci\u00f3n justa de las denuncias an\u00f3nimas que se hicieron en las redes sociales\u201d<\/strong><\/em>, respondi\u00f3 la Junta Escolar. <\/p>\n\n\n\n<h6 class=\"wp-block-heading\">El American<\/h6>\n","protected":false},"excerpt":{"rendered":"<p>Las investigaciones por abuso sexual contra Anderson le han costado a la Junta de Educaci\u00f3n de Escuelas P\u00fablicas de Denver cerca de $50,000 hasta el momento<\/p>\n","protected":false},"author":4,"featured_media":5820,"comment_status":"open","ping_status":"open","sticky":false,"template":"","format":"standard","meta":{"_monsterinsights_skip_tracking":false,"_monsterinsights_sitenote_active":false,"_monsterinsights_sitenote_note":"","_monsterinsights_sitenote_category":0,"footnotes":"","jetpack_publicize_message":"","jetpack_is_tweetstorm":false,"jetpack_publicize_feature_enabled":true},"categories":[173],"tags":[284,908,401,402],"ppma_author":[1051],"class_list":["post-5819","post","type-post","status-publish","format-standard","has-post-thumbnail","hentry","category-mundo","tag-abuso-sexual","tag-black-lives-matter","tag-pederastia","tag-pedofilia"],"jetpack_publicize_connections":[],"yoast_head":"<!-- This site is optimized with the Yoast SEO plugin v27.4 - https:\/\/yoast.com\/product\/yoast-seo-wordpress\/ -->\n<title>Activista de BLM acusado de abuso sexual contra 62 menores vuelve a la Junta Escolar de Denver - Informatepy<\/title>\n<meta name=\"robots\" content=\"index, follow, max-snippet:-1, max-image-preview:large, max-video-preview:-1\" \/>\n<link rel=\"canonical\" href=\"https:\/\/informatepy.com\/2021\/2021\/07\/16\/activista-de-blm-acusado-de-abuso-sexual-contra-62-menores-vuelve-a-la-junta-escolar-de-denver\/\" \/>\n<meta property=\"og:locale\" content=\"es_ES\" \/>\n<meta property=\"og:type\" content=\"article\" \/>\n<meta property=\"og:title\" content=\"Activista de BLM acusado de abuso sexual contra 62 menores vuelve a la Junta Escolar de Denver - Informatepy\" \/>\n<meta property=\"og:description\" content=\"Las investigaciones por abuso sexual contra Anderson le han costado a la Junta de Educaci\u00f3n de Escuelas P\u00fablicas de Denver cerca de $50,000 hasta el momento\" \/>\n<meta property=\"og:url\" content=\"https:\/\/informatepy.com\/2021\/2021\/07\/16\/activista-de-blm-acusado-de-abuso-sexual-contra-62-menores-vuelve-a-la-junta-escolar-de-denver\/\" \/>\n<meta property=\"og:site_name\" content=\"Informatepy\" \/>\n<meta property=\"article:author\" content=\"https:\/\/www.facebook.com\/InformatePyCom\" \/>\n<meta property=\"article:published_time\" content=\"2021-07-16T18:57:48+00:00\" \/>\n<meta property=\"article:modified_time\" content=\"2021-07-16T18:57:56+00:00\" \/>\n<meta property=\"og:image\" content=\"https:\/\/i1.wp.com\/informatepy.com\/2021\/wp-content\/uploads\/2021\/07\/BLM-Tay-Anderson.jpg?fit=800%2C518&ssl=1\" \/>\n\t<meta property=\"og:image:width\" content=\"800\" \/>\n\t<meta property=\"og:image:height\" content=\"518\" \/>\n\t<meta property=\"og:image:type\" content=\"image\/jpeg\" \/>\n<meta name=\"author\" content=\"Redacci\u00f3n\" \/>\n<meta name=\"twitter:card\" content=\"summary_large_image\" \/>\n<meta name=\"twitter:creator\" content=\"@https:\/\/twitter.com\/InformatePy1\" \/>\n<meta name=\"twitter:label1\" content=\"Escrito por\" \/>\n\t<meta name=\"twitter:data1\" content=\"Redacci\u00f3n\" \/>\n\t<meta name=\"twitter:label2\" content=\"Tiempo de lectura\" \/>\n\t<meta name=\"twitter:data2\" content=\"2 minutos\" \/>\n<script type=\"application\/ld+json\" class=\"yoast-schema-graph\">{\"@context\":\"https:\\\/\\\/schema.org\",\"@graph\":[{\"@type\":\"Article\",\"@id\":\"https:\\\/\\\/informatepy.com\\\/2021\\\/2021\\\/07\\\/16\\\/activista-de-blm-acusado-de-abuso-sexual-contra-62-menores-vuelve-a-la-junta-escolar-de-denver\\\/#article\",\"isPartOf\":{\"@id\":\"https:\\\/\\\/informatepy.com\\\/2021\\\/2021\\\/07\\\/16\\\/activista-de-blm-acusado-de-abuso-sexual-contra-62-menores-vuelve-a-la-junta-escolar-de-denver\\\/\"},\"author\":{\"name\":\"Redacci\u00f3n\",\"@id\":\"https:\\\/\\\/informatepy.com\\\/2021\\\/#\\\/schema\\\/person\\\/0c842f525f84ea74ef3b44370d11757b\"},\"headline\":\"Activista de BLM acusado de abuso sexual contra 62 menores vuelve a la Junta Escolar de Denver\",\"datePublished\":\"2021-07-16T18:57:48+00:00\",\"dateModified\":\"2021-07-16T18:57:56+00:00\",\"mainEntityOfPage\":{\"@id\":\"https:\\\/\\\/informatepy.com\\\/2021\\\/2021\\\/07\\\/16\\\/activista-de-blm-acusado-de-abuso-sexual-contra-62-menores-vuelve-a-la-junta-escolar-de-denver\\\/\"},\"wordCount\":352,\"commentCount\":0,\"publisher\":{\"@id\":\"https:\\\/\\\/informatepy.com\\\/2021\\\/#\\\/schema\\\/person\\\/edd302c981d6ba4596191719d1025a8a\"},\"image\":{\"@id\":\"https:\\\/\\\/informatepy.com\\\/2021\\\/2021\\\/07\\\/16\\\/activista-de-blm-acusado-de-abuso-sexual-contra-62-menores-vuelve-a-la-junta-escolar-de-denver\\\/#primaryimage\"},\"thumbnailUrl\":\"https:\\\/\\\/i0.wp.com\\\/informatepy.com\\\/2021\\\/wp-content\\\/uploads\\\/2021\\\/07\\\/BLM-Tay-Anderson.jpg?fit=800%2C518&ssl=1\",\"keywords\":[\"abuso sexual\",\"black lives matter\",\"pederastia\",\"pedofilia\"],\"articleSection\":[\"Mundo\"],\"inLanguage\":\"es\",\"potentialAction\":[{\"@type\":\"CommentAction\",\"name\":\"Comment\",\"target\":[\"https:\\\/\\\/informatepy.com\\\/2021\\\/2021\\\/07\\\/16\\\/activista-de-blm-acusado-de-abuso-sexual-contra-62-menores-vuelve-a-la-junta-escolar-de-denver\\\/#respond\"]}]},{\"@type\":\"WebPage\",\"@id\":\"https:\\\/\\\/informatepy.com\\\/2021\\\/2021\\\/07\\\/16\\\/activista-de-blm-acusado-de-abuso-sexual-contra-62-menores-vuelve-a-la-junta-escolar-de-denver\\\/\",\"url\":\"https:\\\/\\\/informatepy.com\\\/2021\\\/2021\\\/07\\\/16\\\/activista-de-blm-acusado-de-abuso-sexual-contra-62-menores-vuelve-a-la-junta-escolar-de-denver\\\/\",\"name\":\"Activista de BLM acusado de abuso sexual contra 62 menores vuelve a la Junta Escolar de Denver - Informatepy\",\"isPartOf\":{\"@id\":\"https:\\\/\\\/informatepy.com\\\/2021\\\/#website\"},\"primaryImageOfPage\":{\"@id\":\"https:\\\/\\\/informatepy.com\\\/2021\\\/2021\\\/07\\\/16\\\/activista-de-blm-acusado-de-abuso-sexual-contra-62-menores-vuelve-a-la-junta-escolar-de-denver\\\/#primaryimage\"},\"image\":{\"@id\":\"https:\\\/\\\/informatepy.com\\\/2021\\\/2021\\\/07\\\/16\\\/activista-de-blm-acusado-de-abuso-sexual-contra-62-menores-vuelve-a-la-junta-escolar-de-denver\\\/#primaryimage\"},\"thumbnailUrl\":\"https:\\\/\\\/i0.wp.com\\\/informatepy.com\\\/2021\\\/wp-content\\\/uploads\\\/2021\\\/07\\\/BLM-Tay-Anderson.jpg?fit=800%2C518&ssl=1\",\"datePublished\":\"2021-07-16T18:57:48+00:00\",\"dateModified\":\"2021-07-16T18:57:56+00:00\",\"breadcrumb\":{\"@id\":\"https:\\\/\\\/informatepy.com\\\/2021\\\/2021\\\/07\\\/16\\\/activista-de-blm-acusado-de-abuso-sexual-contra-62-menores-vuelve-a-la-junta-escolar-de-denver\\\/#breadcrumb\"},\"inLanguage\":\"es\",\"potentialAction\":[{\"@type\":\"ReadAction\",\"target\":[\"https:\\\/\\\/informatepy.com\\\/2021\\\/2021\\\/07\\\/16\\\/activista-de-blm-acusado-de-abuso-sexual-contra-62-menores-vuelve-a-la-junta-escolar-de-denver\\\/\"]}]},{\"@type\":\"ImageObject\",\"inLanguage\":\"es\",\"@id\":\"https:\\\/\\\/informatepy.com\\\/2021\\\/2021\\\/07\\\/16\\\/activista-de-blm-acusado-de-abuso-sexual-contra-62-menores-vuelve-a-la-junta-escolar-de-denver\\\/#primaryimage\",\"url\":\"https:\\\/\\\/i0.wp.com\\\/informatepy.com\\\/2021\\\/wp-content\\\/uploads\\\/2021\\\/07\\\/BLM-Tay-Anderson.jpg?fit=800%2C518&ssl=1\",\"contentUrl\":\"https:\\\/\\\/i0.wp.com\\\/informatepy.com\\\/2021\\\/wp-content\\\/uploads\\\/2021\\\/07\\\/BLM-Tay-Anderson.jpg?fit=800%2C518&ssl=1\",\"width\":800,\"height\":518},{\"@type\":\"BreadcrumbList\",\"@id\":\"https:\\\/\\\/informatepy.com\\\/2021\\\/2021\\\/07\\\/16\\\/activista-de-blm-acusado-de-abuso-sexual-contra-62-menores-vuelve-a-la-junta-escolar-de-denver\\\/#breadcrumb\",\"itemListElement\":[{\"@type\":\"ListItem\",\"position\":1,\"name\":\"Portada\",\"item\":\"https:\\\/\\\/informatepy.com\\\/2021\\\/\"},{\"@type\":\"ListItem\",\"position\":2,\"name\":\"Activista de BLM acusado de abuso sexual contra 62 menores vuelve a la Junta Escolar de Denver\"}]},{\"@type\":\"WebSite\",\"@id\":\"https:\\\/\\\/informatepy.com\\\/2021\\\/#website\",\"url\":\"https:\\\/\\\/informatepy.com\\\/2021\\\/\",\"name\":\"Informatepy\",\"description\":\"La verdad, siempre!\",\"publisher\":{\"@id\":\"https:\\\/\\\/informatepy.com\\\/2021\\\/#\\\/schema\\\/person\\\/edd302c981d6ba4596191719d1025a8a\"},\"potentialAction\":[{\"@type\":\"SearchAction\",\"target\":{\"@type\":\"EntryPoint\",\"urlTemplate\":\"https:\\\/\\\/informatepy.com\\\/2021\\\/?s={search_term_string}\"},\"query-input\":{\"@type\":\"PropertyValueSpecification\",\"valueRequired\":true,\"valueName\":\"search_term_string\"}}],\"inLanguage\":\"es\"},{\"@type\":[\"Person\",\"Organization\"],\"@id\":\"https:\\\/\\\/informatepy.com\\\/2021\\\/#\\\/schema\\\/person\\\/edd302c981d6ba4596191719d1025a8a\",\"name\":\"admin\",\"image\":{\"@type\":\"ImageObject\",\"inLanguage\":\"es\",\"@id\":\"https:\\\/\\\/secure.gravatar.com\\\/avatar\\\/5310f602b6cbcfb86e030c4ccdbb78f6565a3b9bab6a74ab80fd3cb5428b65af?s=96&d=mm&r=g\",\"url\":\"https:\\\/\\\/secure.gravatar.com\\\/avatar\\\/5310f602b6cbcfb86e030c4ccdbb78f6565a3b9bab6a74ab80fd3cb5428b65af?s=96&d=mm&r=g\",\"contentUrl\":\"https:\\\/\\\/secure.gravatar.com\\\/avatar\\\/5310f602b6cbcfb86e030c4ccdbb78f6565a3b9bab6a74ab80fd3cb5428b65af?s=96&d=mm&r=g\",\"caption\":\"admin\"},\"logo\":{\"@id\":\"https:\\\/\\\/secure.gravatar.com\\\/avatar\\\/5310f602b6cbcfb86e030c4ccdbb78f6565a3b9bab6a74ab80fd3cb5428b65af?s=96&d=mm&r=g\"},\"sameAs\":[\"http:\\\/\\\/informatepy.com\\\/2021\"]},{\"@type\":\"Person\",\"@id\":\"https:\\\/\\\/informatepy.com\\\/2021\\\/#\\\/schema\\\/person\\\/0c842f525f84ea74ef3b44370d11757b\",\"name\":\"Redacci\u00f3n\",\"image\":{\"@type\":\"ImageObject\",\"inLanguage\":\"es\",\"@id\":\"https:\\\/\\\/i0.wp.com\\\/informatepy.com\\\/2021\\\/wp-content\\\/uploads\\\/2021\\\/02\\\/informate-circulo.png?fit=96%2C96&ssl=1\",\"url\":\"https:\\\/\\\/i0.wp.com\\\/informatepy.com\\\/2021\\\/wp-content\\\/uploads\\\/2021\\\/02\\\/informate-circulo.png?fit=96%2C96&ssl=1\",\"contentUrl\":\"https:\\\/\\\/i0.wp.com\\\/informatepy.com\\\/2021\\\/wp-content\\\/uploads\\\/2021\\\/02\\\/informate-circulo.png?fit=96%2C96&ssl=1\",\"caption\":\"Redacci\u00f3n\"},\"sameAs\":[\"https:\\\/\\\/www.facebook.com\\\/InformatePyCom\",\"https:\\\/\\\/x.com\\\/https:\\\/\\\/twitter.com\\\/InformatePy1\"],\"url\":\"https:\\\/\\\/informatepy.com\\\/2021\\\/author\\\/redaccion\\\/\"}]}<\/script>\n<!-- \/ Yoast SEO plugin. -->","yoast_head_json":{"title":"Activista de BLM acusado de abuso sexual contra 62 menores vuelve a la Junta Escolar de Denver - Informatepy","robots":{"index":"index","follow":"follow","max-snippet":"max-snippet:-1","max-image-preview":"max-image-preview:large","max-video-preview":"max-video-preview:-1"},"canonical":"https:\/\/informatepy.com\/2021\/2021\/07\/16\/activista-de-blm-acusado-de-abuso-sexual-contra-62-menores-vuelve-a-la-junta-escolar-de-denver\/","og_locale":"es_ES","og_type":"article","og_title":"Activista de BLM acusado de abuso sexual contra 62 menores vuelve a la Junta Escolar de Denver - Informatepy","og_description":"Las investigaciones por abuso sexual contra Anderson le han costado a la Junta de Educaci\u00f3n de Escuelas P\u00fablicas de Denver cerca de $50,000 hasta el momento","og_url":"https:\/\/informatepy.com\/2021\/2021\/07\/16\/activista-de-blm-acusado-de-abuso-sexual-contra-62-menores-vuelve-a-la-junta-escolar-de-denver\/","og_site_name":"Informatepy","article_author":"https:\/\/www.facebook.com\/InformatePyCom","article_published_time":"2021-07-16T18:57:48+00:00","article_modified_time":"2021-07-16T18:57:56+00:00","og_image":[{"width":800,"height":518,"url":"https:\/\/i1.wp.com\/informatepy.com\/2021\/wp-content\/uploads\/2021\/07\/BLM-Tay-Anderson.jpg?fit=800%2C518&ssl=1","type":"image\/jpeg"}],"author":"Redacci\u00f3n","twitter_card":"summary_large_image","twitter_creator":"@https:\/\/twitter.com\/InformatePy1","twitter_misc":{"Escrito por":"Redacci\u00f3n","Tiempo de lectura":"2 minutos"},"schema":{"@context":"https:\/\/schema.org","@graph":[{"@type":"Article","@id":"https:\/\/informatepy.com\/2021\/2021\/07\/16\/activista-de-blm-acusado-de-abuso-sexual-contra-62-menores-vuelve-a-la-junta-escolar-de-denver\/#article","isPartOf":{"@id":"https:\/\/informatepy.com\/2021\/2021\/07\/16\/activista-de-blm-acusado-de-abuso-sexual-contra-62-menores-vuelve-a-la-junta-escolar-de-denver\/"},"author":{"name":"Redacci\u00f3n","@id":"https:\/\/informatepy.com\/2021\/#\/schema\/person\/0c842f525f84ea74ef3b44370d11757b"},"headline":"Activista de BLM acusado de abuso sexual contra 62 menores vuelve a la Junta Escolar de Denver","datePublished":"2021-07-16T18:57:48+00:00","dateModified":"2021-07-16T18:57:56+00:00","mainEntityOfPage":{"@id":"https:\/\/informatepy.com\/2021\/2021\/07\/16\/activista-de-blm-acusado-de-abuso-sexual-contra-62-menores-vuelve-a-la-junta-escolar-de-denver\/"},"wordCount":352,"commentCount":0,"publisher":{"@id":"https:\/\/informatepy.com\/2021\/#\/schema\/person\/edd302c981d6ba4596191719d1025a8a"},"image":{"@id":"https:\/\/informatepy.com\/2021\/2021\/07\/16\/activista-de-blm-acusado-de-abuso-sexual-contra-62-menores-vuelve-a-la-junta-escolar-de-denver\/#primaryimage"},"thumbnailUrl":"https:\/\/i0.wp.com\/informatepy.com\/2021\/wp-content\/uploads\/2021\/07\/BLM-Tay-Anderson.jpg?fit=800%2C518&ssl=1","keywords":["abuso sexual","black lives matter","pederastia","pedofilia"],"articleSection":["Mundo"],"inLanguage":"es","potentialAction":[{"@type":"CommentAction","name":"Comment","target":["https:\/\/informatepy.com\/2021\/2021\/07\/16\/activista-de-blm-acusado-de-abuso-sexual-contra-62-menores-vuelve-a-la-junta-escolar-de-denver\/#respond"]}]},{"@type":"WebPage","@id":"https:\/\/informatepy.com\/2021\/2021\/07\/16\/activista-de-blm-acusado-de-abuso-sexual-contra-62-menores-vuelve-a-la-junta-escolar-de-denver\/","url":"https:\/\/informatepy.com\/2021\/2021\/07\/16\/activista-de-blm-acusado-de-abuso-sexual-contra-62-menores-vuelve-a-la-junta-escolar-de-denver\/","name":"Activista de BLM acusado de abuso sexual contra 62 menores vuelve a la Junta Escolar de Denver - Informatepy","isPartOf":{"@id":"https:\/\/informatepy.com\/2021\/#website"},"primaryImageOfPage":{"@id":"https:\/\/informatepy.com\/2021\/2021\/07\/16\/activista-de-blm-acusado-de-abuso-sexual-contra-62-menores-vuelve-a-la-junta-escolar-de-denver\/#primaryimage"},"image":{"@id":"https:\/\/informatepy.com\/2021\/2021\/07\/16\/activista-de-blm-acusado-de-abuso-sexual-contra-62-menores-vuelve-a-la-junta-escolar-de-denver\/#primaryimage"},"thumbnailUrl":"https:\/\/i0.wp.com\/informatepy.com\/2021\/wp-content\/uploads\/2021\/07\/BLM-Tay-Anderson.jpg?fit=800%2C518&ssl=1","datePublished":"2021-07-16T18:57:48+00:00","dateModified":"2021-07-16T18:57:56+00:00","breadcrumb":{"@id":"https:\/\/informatepy.com\/2021\/2021\/07\/16\/activista-de-blm-acusado-de-abuso-sexual-contra-62-menores-vuelve-a-la-junta-escolar-de-denver\/#breadcrumb"},"inLanguage":"es","potentialAction":[{"@type":"ReadAction","target":["https:\/\/informatepy.com\/2021\/2021\/07\/16\/activista-de-blm-acusado-de-abuso-sexual-contra-62-menores-vuelve-a-la-junta-escolar-de-denver\/"]}]},{"@type":"ImageObject","inLanguage":"es","@id":"https:\/\/informatepy.com\/2021\/2021\/07\/16\/activista-de-blm-acusado-de-abuso-sexual-contra-62-menores-vuelve-a-la-junta-escolar-de-denver\/#primaryimage","url":"https:\/\/i0.wp.com\/informatepy.com\/2021\/wp-content\/uploads\/2021\/07\/BLM-Tay-Anderson.jpg?fit=800%2C518&ssl=1","contentUrl":"https:\/\/i0.wp.com\/informatepy.com\/2021\/wp-content\/uploads\/2021\/07\/BLM-Tay-Anderson.jpg?fit=800%2C518&ssl=1","width":800,"height":518},{"@type":"BreadcrumbList","@id":"https:\/\/informatepy.com\/2021\/2021\/07\/16\/activista-de-blm-acusado-de-abuso-sexual-contra-62-menores-vuelve-a-la-junta-escolar-de-denver\/#breadcrumb","itemListElement":[{"@type":"ListItem","position":1,"name":"Portada","item":"https:\/\/informatepy.com\/2021\/"},{"@type":"ListItem","position":2,"name":"Activista de BLM acusado de abuso sexual contra 62 menores vuelve a la Junta Escolar de Denver"}]},{"@type":"WebSite","@id":"https:\/\/informatepy.com\/2021\/#website","url":"https:\/\/informatepy.com\/2021\/","name":"Informatepy","description":"La verdad, siempre!","publisher":{"@id":"https:\/\/informatepy.com\/2021\/#\/schema\/person\/edd302c981d6ba4596191719d1025a8a"},"potentialAction":[{"@type":"SearchAction","target":{"@type":"EntryPoint","urlTemplate":"https:\/\/informatepy.com\/2021\/?s={search_term_string}"},"query-input":{"@type":"PropertyValueSpecification","valueRequired":true,"valueName":"search_term_string"}}],"inLanguage":"es"},{"@type":["Person","Organization"],"@id":"https:\/\/informatepy.com\/2021\/#\/schema\/person\/edd302c981d6ba4596191719d1025a8a","name":"admin","image":{"@type":"ImageObject","inLanguage":"es","@id":"https:\/\/secure.gravatar.com\/avatar\/5310f602b6cbcfb86e030c4ccdbb78f6565a3b9bab6a74ab80fd3cb5428b65af?s=96&d=mm&r=g","url":"https:\/\/secure.gravatar.com\/avatar\/5310f602b6cbcfb86e030c4ccdbb78f6565a3b9bab6a74ab80fd3cb5428b65af?s=96&d=mm&r=g","contentUrl":"https:\/\/secure.gravatar.com\/avatar\/5310f602b6cbcfb86e030c4ccdbb78f6565a3b9bab6a74ab80fd3cb5428b65af?s=96&d=mm&r=g","caption":"admin"},"logo":{"@id":"https:\/\/secure.gravatar.com\/avatar\/5310f602b6cbcfb86e030c4ccdbb78f6565a3b9bab6a74ab80fd3cb5428b65af?s=96&d=mm&r=g"},"sameAs":["http:\/\/informatepy.com\/2021"]},{"@type":"Person","@id":"https:\/\/informatepy.com\/2021\/#\/schema\/person\/0c842f525f84ea74ef3b44370d11757b","name":"Redacci\u00f3n","image":{"@type":"ImageObject","inLanguage":"es","@id":"https:\/\/i0.wp.com\/informatepy.com\/2021\/wp-content\/uploads\/2021\/02\/informate-circulo.png?fit=96%2C96&ssl=1","url":"https:\/\/i0.wp.com\/informatepy.com\/2021\/wp-content\/uploads\/2021\/02\/informate-circulo.png?fit=96%2C96&ssl=1","contentUrl":"https:\/\/i0.wp.com\/informatepy.com\/2021\/wp-content\/uploads\/2021\/02\/informate-circulo.png?fit=96%2C96&ssl=1","caption":"Redacci\u00f3n"},"sameAs":["https:\/\/www.facebook.com\/InformatePyCom","https:\/\/x.com\/https:\/\/twitter.com\/InformatePy1"],"url":"https:\/\/informatepy.com\/2021\/author\/redaccion\/"}]}},"jetpack_featured_media_url":"https:\/\/i0.wp.com\/informatepy.com\/2021\/wp-content\/uploads\/2021\/07\/BLM-Tay-Anderson.jpg?fit=800%2C518&ssl=1","jetpack_sharing_enabled":true,"jetpack_likes_enabled":true,"jetpack-related-posts":[{"id":13449,"url":"https:\/\/informatepy.com\/2021\/2022\/08\/19\/el-papa-francisco-se-nego-a-investigar-a-un-cardenal-favoriti-acusado-de-abuso-sexual\/","url_meta":{"origin":5819,"position":0},"title":"El Papa Francisco se neg\u00f3 a investigar a un cardenal \u00abfavoriti\u00bb acusado de abuso sexual","date":"19 de agosto de 2022","format":false,"excerpt":"El\u00a0Papa\u00a0Francisco\u00a0descart\u00f3 abrir una investigaci\u00f3n por abuso sexual tras una denuncia contra el\u00a0cardenal canadiense Marc Ouellet, que en 2013 fue uno de los \"favoriti\" (favoritos) para ser Papa. Un\u00a0caso que vuelve a escandalizar a los cat\u00f3licos de Canad\u00e1. \"El\u00a0papa\u00a0Francisco\u00a0declara que no hay suficientes elementos para abrir una investigaci\u00f3n can\u00f3nica por agresi\u00f3n\u2026","rel":"","context":"En \u00abMundo\u00bb","img":{"alt_text":"","src":"https:\/\/i0.wp.com\/informatepy.com\/2021\/wp-content\/uploads\/2022\/08\/Marc-Ouellet-francisco.jpg?fit=1200%2C675&ssl=1&resize=350%2C200","width":350,"height":200},"classes":[]},{"id":4582,"url":"https:\/\/informatepy.com\/2021\/2021\/04\/22\/black-lives-matter-ahora-se-queja-de-joe-biden\/","url_meta":{"origin":5819,"position":1},"title":"Black Lives Matter ahora se queja de Joe Biden","date":"22 de abril de 2021","format":false,"excerpt":"Pocos meses despu\u00e9s de la asunci\u00f3n de Joe Biden como presidente de los Estados Unidos, Black LIves Matter (BLM) uno de los grupos que m\u00e1s \"trabaj\u00f3\" para la salida de Donald Trump de la Casa Blanca, descubri\u00f3 quien es verdaderamente Joe Biden y el grupo pol\u00edtico que el representa. En\u2026","rel":"","context":"En \u00abDestacados\u00bb","img":{"alt_text":"","src":"https:\/\/i0.wp.com\/informatepy.com\/2021\/wp-content\/uploads\/2021\/04\/BLM.jpg?resize=350%2C200&ssl=1","width":350,"height":200},"classes":[]},{"id":13619,"url":"https:\/\/informatepy.com\/2021\/2022\/08\/26\/con-dos-arrestos-el-fbi-confirma-que-el-diario-personal-donde-la-hija-de-joe-biden-acusa-a-su-padre-de-abuso-sexual-es-real\/","url_meta":{"origin":5819,"position":2},"title":"Con dos arrestos, el FBI confirma que el diario personal donde la hija de Joe Biden acusa a su padre de abuso sexual es real","date":"26 de agosto de 2022","format":false,"excerpt":"Ashley Biden, hoy de 41 a\u00f1os de edad, llevaba un diario personal donde acusaba a su padre, Joe Biden, de haberla abusado sexualmente en su ni\u00f1ez. En las hojas de ese diario la hija del actual presidente de los Estados Unidos relata una vida de sufrimiento, abusos sexuales y de\u2026","rel":"","context":"En \u00abMundo\u00bb","img":{"alt_text":"","src":"https:\/\/i0.wp.com\/informatepy.com\/2021\/wp-content\/uploads\/2021\/11\/JoeBidenDaughter-1024x576-1.jpg?fit=1024%2C576&ssl=1&resize=350%2C200","width":350,"height":200},"classes":[]},{"id":2436,"url":"https:\/\/informatepy.com\/2021\/2021\/01\/21\/antifa-le-dara-una-leccion-de-historia-a-joe-biden\/","url_meta":{"origin":5819,"position":3},"title":"ANTIFA le dar\u00e1 una lecci\u00f3n de historia a Joe Biden","date":"21 de enero de 2021","format":false,"excerpt":"En el mismo momento en que el ahora presidente Joe Biden juramentaba su cargo, la organizaci\u00f3n ANTIFA destrozaba el edificio del Partido Dem\u00f3crata en la ciudad de Oregon y mostraba sus banderas donde, adem\u00e1s de toda clase de insultos hacia Biden, le hac\u00edan saber que tampoco lo quer\u00edan a \u00e9l,\u2026","rel":"","context":"En \u00abMundo\u00bb","img":{"alt_text":"","src":"https:\/\/i0.wp.com\/informatepy.com\/2021\/wp-content\/uploads\/2021\/01\/antifa.jpg?fit=567%2C378&ssl=1&resize=350%2C200","width":350,"height":200},"classes":[]},{"id":7382,"url":"https:\/\/informatepy.com\/2021\/2021\/09\/28\/al-menos-21-empleados-de-la-oms-son-sospechosos-de-cometer-abusos-sexuales-contra-mujeres-y-ninas-en-congo\/","url_meta":{"origin":5819,"position":4},"title":"Al menos 21 empleados de la OMS son sospechosos de cometer abusos sexuales contra mujeres y ni\u00f1as en Congo","date":"28 de septiembre de 2021","format":false,"excerpt":"Un informe realizado por una comisi\u00f3n investigadora interna concluy\u00f3 que a algunas de las v\u00edctimas se les prometieron empleos a cambio de relaciones sexuales, adem\u00e1s de denuncias de posibles violaciones y extorsiones.","rel":"","context":"En \u00abMundo\u00bb","img":{"alt_text":"","src":"https:\/\/i0.wp.com\/informatepy.com\/2021\/wp-content\/uploads\/2021\/02\/tedros.jpg?fit=1200%2C800&ssl=1&resize=350%2C200","width":350,"height":200},"classes":[]},{"id":10625,"url":"https:\/\/informatepy.com\/2021\/2022\/03\/14\/como-convertirse-en-el-peor-alumno-de-la-escuela-abuso-sexual-calificado-por-netflix-como-apta-para-14-anos\/","url_meta":{"origin":5819,"position":5},"title":"\u201cC\u00f3mo convertirse en el peor alumno de la escuela\u201d: Abuso sexual calificado por Netflix como apta para 14 a\u00f1os","date":"14 de marzo de 2022","format":false,"excerpt":"La pel\u00edcula \u201cC\u00f3mo convertirse en el peor alumno de la escuela\u201d, con F\u00e1bio Porchat y Danilo Gentili, que se presenta en la plataforma Netflix desde hace poco m\u00e1s de un mes (desde el 7 de febrero) y con una calificaci\u00f3n de edad de solo \u201c14 a\u00f1os\u201d, trae escenas deplorables y\u2026","rel":"","context":"En \u00abCultura\u00bb","img":{"alt_text":"","src":"https:\/\/i0.wp.com\/informatepy.com\/2021\/wp-content\/uploads\/2022\/03\/como-convertirse-en-el-peor-estudiante-en-la.jpg?fit=960%2C540&ssl=1&resize=350%2C200","width":350,"height":200},"classes":[]}],"authors":[{"term_id":1051,"user_id":4,"is_guest":0,"slug":"redaccion","display_name":"Redacci\u00f3n","avatar_url":"https:\/\/i0.wp.com\/informatepy.com\/2021\/wp-content\/uploads\/2021\/02\/informate-circulo.png?fit=96%2C96&ssl=1","first_name":"Redacci\u00f3n","last_name":"","user_url":"","description":""}],"amp_enabled":true,"_links":{"self":[{"href":"https:\/\/informatepy.com\/2021\/wp-json\/wp\/v2\/posts\/5819","targetHints":{"allow":["GET"]}}],"collection":[{"href":"https:\/\/informatepy.com\/2021\/wp-json\/wp\/v2\/posts"}],"about":[{"href":"https:\/\/informatepy.com\/2021\/wp-json\/wp\/v2\/types\/post"}],"author":[{"embeddable":true,"href":"https:\/\/informatepy.com\/2021\/wp-json\/wp\/v2\/users\/4"}],"replies":[{"embeddable":true,"href":"https:\/\/informatepy.com\/2021\/wp-json\/wp\/v2\/comments?post=5819"}],"version-history":[{"count":1,"href":"https:\/\/informatepy.com\/2021\/wp-json\/wp\/v2\/posts\/5819\/revisions"}],"predecessor-version":[{"id":5821,"href":"https:\/\/informatepy.com\/2021\/wp-json\/wp\/v2\/posts\/5819\/revisions\/5821"}],"wp:featuredmedia":[{"embeddable":true,"href":"https:\/\/informatepy.com\/2021\/wp-json\/wp\/v2\/media\/5820"}],"wp:attachment":[{"href":"https:\/\/informatepy.com\/2021\/wp-json\/wp\/v2\/media?parent=5819"}],"wp:term":[{"taxonomy":"category","embeddable":true,"href":"https:\/\/informatepy.com\/2021\/wp-json\/wp\/v2\/categories?post=5819"},{"taxonomy":"post_tag","embeddable":true,"href":"https:\/\/informatepy.com\/2021\/wp-json\/wp\/v2\/tags?post=5819"},{"taxonomy":"author","embeddable":true,"href":"https:\/\/informatepy.com\/2021\/wp-json\/wp\/v2\/ppma_author?post=5819"}],"curies":[{"name":"wp","href":"https:\/\/api.w.org\/{rel}","templated":true}]}}