{"id":430,"date":"2019-02-09T20:19:00","date_gmt":"2019-02-09T20:19:00","guid":{"rendered":"http:\/\/informatepy.com\/2021\/?p=430"},"modified":"2021-02-09T21:23:26","modified_gmt":"2021-02-09T21:23:26","slug":"sin-churin-pero-con-larrivey","status":"publish","type":"post","link":"https:\/\/informatepy.com\/2021\/2019\/02\/09\/sin-churin-pero-con-larrivey\/","title":{"rendered":"Sin Chur\u00edn pero con Larrivey"},"content":{"rendered":"\n<p>El estratega espa\u00f1ol que dirige Cerro Porte\u00f1o, Fernando Jubero, dio a conocer la lista de jugadores concentrados para el compromiso de este domingo frente a River Plate en el estadio Gral. Pablo Rojas desde las 20.30 por la fecha 5 del torneo Apertura 2019.<\/p>\n\n\n\n<p>En la lista no figura el delantero Diego Chur\u00edn debido a una lesi\u00f3n. El que s\u00ed aparece y hasta podr\u00eda arrancar de titular es Joaqu\u00edn Larrivey, quien este viernes fue registrado a favor del Cicl\u00f3n tras habilitaci\u00f3n de la FIFA.<\/p>\n\n\n\n<p>El conjunto azulgrana es uno de los punteros del campeonato local.<\/p>\n","protected":false},"excerpt":{"rendered":"<p>El estratega espa\u00f1ol que dirige Cerro Porte\u00f1o, Fernando Jubero, dio a conocer la lista de jugadores concentrados para el compromiso de este domingo frente a River Plate en el estadio Gral. Pablo Rojas desde las 20.30 por la fecha 5 del torneo Apertura 2019. En la lista no figura el delantero Diego Chur\u00edn debido a [&hellip;]<\/p>\n","protected":false},"author":1,"featured_media":431,"comment_status":"open","ping_status":"open","sticky":false,"template":"","format":"standard","meta":{"_monsterinsights_skip_tracking":false,"_monsterinsights_sitenote_active":false,"_monsterinsights_sitenote_note":"","_monsterinsights_sitenote_category":0,"footnotes":"","jetpack_publicize_message":"","jetpack_is_tweetstorm":false,"jetpack_publicize_feature_enabled":true},"categories":[183],"tags":[186,187,208,209],"ppma_author":[1039],"class_list":["post-430","post","type-post","status-publish","format-standard","has-post-thumbnail","hentry","category-deportes","tag-apf","tag-cerro-porteno","tag-futbol-praguayo","tag-larrivey"],"jetpack_publicize_connections":[],"yoast_head":"<!-- This site is optimized with the Yoast SEO plugin v27.4 - https:\/\/yoast.com\/product\/yoast-seo-wordpress\/ -->\n<title>Sin Chur\u00edn pero con Larrivey - Informatepy<\/title>\n<meta name=\"robots\" content=\"index, follow, max-snippet:-1, max-image-preview:large, max-video-preview:-1\" \/>\n<link rel=\"canonical\" href=\"https:\/\/informatepy.com\/2021\/2019\/02\/09\/sin-churin-pero-con-larrivey\/\" \/>\n<meta property=\"og:locale\" content=\"es_ES\" \/>\n<meta property=\"og:type\" content=\"article\" \/>\n<meta property=\"og:title\" content=\"Sin Chur\u00edn pero con Larrivey - Informatepy\" \/>\n<meta property=\"og:description\" content=\"El estratega espa\u00f1ol que dirige Cerro Porte\u00f1o, Fernando Jubero, dio a conocer la lista de jugadores concentrados para el compromiso de este domingo frente a River Plate en el estadio Gral. Pablo Rojas desde las 20.30 por la fecha 5 del torneo Apertura 2019. En la lista no figura el delantero Diego Chur\u00edn debido a [&hellip;]\" \/>\n<meta property=\"og:url\" content=\"https:\/\/informatepy.com\/2021\/2019\/02\/09\/sin-churin-pero-con-larrivey\/\" \/>\n<meta property=\"og:site_name\" content=\"Informatepy\" \/>\n<meta property=\"article:published_time\" content=\"2019-02-09T20:19:00+00:00\" \/>\n<meta property=\"article:modified_time\" content=\"2021-02-09T21:23:26+00:00\" \/>\n<meta property=\"og:image\" content=\"https:\/\/i0.wp.com\/informatepy.com\/2021\/wp-content\/uploads\/2021\/02\/Larrivey.jpg?fit=730%2C486&ssl=1\" \/>\n\t<meta property=\"og:image:width\" content=\"730\" \/>\n\t<meta property=\"og:image:height\" content=\"486\" \/>\n\t<meta property=\"og:image:type\" content=\"image\/jpeg\" \/>\n<meta name=\"author\" content=\"admin\" \/>\n<meta name=\"twitter:card\" content=\"summary_large_image\" \/>\n<meta name=\"twitter:label1\" content=\"Escrito por\" \/>\n\t<meta name=\"twitter:data1\" content=\"admin\" \/>\n\t<meta name=\"twitter:label2\" content=\"Tiempo de lectura\" \/>\n\t<meta name=\"twitter:data2\" content=\"1 minuto\" \/>\n<script type=\"application\/ld+json\" class=\"yoast-schema-graph\">{\"@context\":\"https:\\\/\\\/schema.org\",\"@graph\":[{\"@type\":\"Article\",\"@id\":\"https:\\\/\\\/informatepy.com\\\/2021\\\/2019\\\/02\\\/09\\\/sin-churin-pero-con-larrivey\\\/#article\",\"isPartOf\":{\"@id\":\"https:\\\/\\\/informatepy.com\\\/2021\\\/2019\\\/02\\\/09\\\/sin-churin-pero-con-larrivey\\\/\"},\"author\":{\"name\":\"admin\",\"@id\":\"https:\\\/\\\/informatepy.com\\\/2021\\\/#\\\/schema\\\/person\\\/edd302c981d6ba4596191719d1025a8a\"},\"headline\":\"Sin Chur\u00edn pero con Larrivey\",\"datePublished\":\"2019-02-09T20:19:00+00:00\",\"dateModified\":\"2021-02-09T21:23:26+00:00\",\"mainEntityOfPage\":{\"@id\":\"https:\\\/\\\/informatepy.com\\\/2021\\\/2019\\\/02\\\/09\\\/sin-churin-pero-con-larrivey\\\/\"},\"wordCount\":106,\"commentCount\":0,\"publisher\":{\"@id\":\"https:\\\/\\\/informatepy.com\\\/2021\\\/#\\\/schema\\\/person\\\/edd302c981d6ba4596191719d1025a8a\"},\"image\":{\"@id\":\"https:\\\/\\\/informatepy.com\\\/2021\\\/2019\\\/02\\\/09\\\/sin-churin-pero-con-larrivey\\\/#primaryimage\"},\"thumbnailUrl\":\"https:\\\/\\\/i0.wp.com\\\/informatepy.com\\\/2021\\\/wp-content\\\/uploads\\\/2021\\\/02\\\/Larrivey.jpg?fit=730%2C486&ssl=1\",\"keywords\":[\"apf\",\"cerro porte\u00f1o\",\"futbol praguayo\",\"larrivey\"],\"articleSection\":[\"Deportes\"],\"inLanguage\":\"es\",\"potentialAction\":[{\"@type\":\"CommentAction\",\"name\":\"Comment\",\"target\":[\"https:\\\/\\\/informatepy.com\\\/2021\\\/2019\\\/02\\\/09\\\/sin-churin-pero-con-larrivey\\\/#respond\"]}]},{\"@type\":\"WebPage\",\"@id\":\"https:\\\/\\\/informatepy.com\\\/2021\\\/2019\\\/02\\\/09\\\/sin-churin-pero-con-larrivey\\\/\",\"url\":\"https:\\\/\\\/informatepy.com\\\/2021\\\/2019\\\/02\\\/09\\\/sin-churin-pero-con-larrivey\\\/\",\"name\":\"Sin Chur\u00edn pero con Larrivey - Informatepy\",\"isPartOf\":{\"@id\":\"https:\\\/\\\/informatepy.com\\\/2021\\\/#website\"},\"primaryImageOfPage\":{\"@id\":\"https:\\\/\\\/informatepy.com\\\/2021\\\/2019\\\/02\\\/09\\\/sin-churin-pero-con-larrivey\\\/#primaryimage\"},\"image\":{\"@id\":\"https:\\\/\\\/informatepy.com\\\/2021\\\/2019\\\/02\\\/09\\\/sin-churin-pero-con-larrivey\\\/#primaryimage\"},\"thumbnailUrl\":\"https:\\\/\\\/i0.wp.com\\\/informatepy.com\\\/2021\\\/wp-content\\\/uploads\\\/2021\\\/02\\\/Larrivey.jpg?fit=730%2C486&ssl=1\",\"datePublished\":\"2019-02-09T20:19:00+00:00\",\"dateModified\":\"2021-02-09T21:23:26+00:00\",\"breadcrumb\":{\"@id\":\"https:\\\/\\\/informatepy.com\\\/2021\\\/2019\\\/02\\\/09\\\/sin-churin-pero-con-larrivey\\\/#breadcrumb\"},\"inLanguage\":\"es\",\"potentialAction\":[{\"@type\":\"ReadAction\",\"target\":[\"https:\\\/\\\/informatepy.com\\\/2021\\\/2019\\\/02\\\/09\\\/sin-churin-pero-con-larrivey\\\/\"]}]},{\"@type\":\"ImageObject\",\"inLanguage\":\"es\",\"@id\":\"https:\\\/\\\/informatepy.com\\\/2021\\\/2019\\\/02\\\/09\\\/sin-churin-pero-con-larrivey\\\/#primaryimage\",\"url\":\"https:\\\/\\\/i0.wp.com\\\/informatepy.com\\\/2021\\\/wp-content\\\/uploads\\\/2021\\\/02\\\/Larrivey.jpg?fit=730%2C486&ssl=1\",\"contentUrl\":\"https:\\\/\\\/i0.wp.com\\\/informatepy.com\\\/2021\\\/wp-content\\\/uploads\\\/2021\\\/02\\\/Larrivey.jpg?fit=730%2C486&ssl=1\",\"width\":730,\"height\":486,\"caption\":\"Larrivey marc\u00f3 el empate transitorio. Foto: Andr\u00e9s Catal\u00e1n - \u00daltima Hora\"},{\"@type\":\"BreadcrumbList\",\"@id\":\"https:\\\/\\\/informatepy.com\\\/2021\\\/2019\\\/02\\\/09\\\/sin-churin-pero-con-larrivey\\\/#breadcrumb\",\"itemListElement\":[{\"@type\":\"ListItem\",\"position\":1,\"name\":\"Portada\",\"item\":\"https:\\\/\\\/informatepy.com\\\/2021\\\/\"},{\"@type\":\"ListItem\",\"position\":2,\"name\":\"Sin Chur\u00edn pero con Larrivey\"}]},{\"@type\":\"WebSite\",\"@id\":\"https:\\\/\\\/informatepy.com\\\/2021\\\/#website\",\"url\":\"https:\\\/\\\/informatepy.com\\\/2021\\\/\",\"name\":\"Informatepy\",\"description\":\"La verdad, siempre!\",\"publisher\":{\"@id\":\"https:\\\/\\\/informatepy.com\\\/2021\\\/#\\\/schema\\\/person\\\/edd302c981d6ba4596191719d1025a8a\"},\"potentialAction\":[{\"@type\":\"SearchAction\",\"target\":{\"@type\":\"EntryPoint\",\"urlTemplate\":\"https:\\\/\\\/informatepy.com\\\/2021\\\/?s={search_term_string}\"},\"query-input\":{\"@type\":\"PropertyValueSpecification\",\"valueRequired\":true,\"valueName\":\"search_term_string\"}}],\"inLanguage\":\"es\"},{\"@type\":[\"Person\",\"Organization\"],\"@id\":\"https:\\\/\\\/informatepy.com\\\/2021\\\/#\\\/schema\\\/person\\\/edd302c981d6ba4596191719d1025a8a\",\"name\":\"admin\",\"image\":{\"@type\":\"ImageObject\",\"inLanguage\":\"es\",\"@id\":\"https:\\\/\\\/secure.gravatar.com\\\/avatar\\\/5310f602b6cbcfb86e030c4ccdbb78f6565a3b9bab6a74ab80fd3cb5428b65af?s=96&d=mm&r=g\",\"url\":\"https:\\\/\\\/secure.gravatar.com\\\/avatar\\\/5310f602b6cbcfb86e030c4ccdbb78f6565a3b9bab6a74ab80fd3cb5428b65af?s=96&d=mm&r=g\",\"contentUrl\":\"https:\\\/\\\/secure.gravatar.com\\\/avatar\\\/5310f602b6cbcfb86e030c4ccdbb78f6565a3b9bab6a74ab80fd3cb5428b65af?s=96&d=mm&r=g\",\"caption\":\"admin\"},\"logo\":{\"@id\":\"https:\\\/\\\/secure.gravatar.com\\\/avatar\\\/5310f602b6cbcfb86e030c4ccdbb78f6565a3b9bab6a74ab80fd3cb5428b65af?s=96&d=mm&r=g\"},\"sameAs\":[\"http:\\\/\\\/informatepy.com\\\/2021\"],\"url\":\"https:\\\/\\\/informatepy.com\\\/2021\\\/author\\\/admin\\\/\"}]}<\/script>\n<!-- \/ Yoast SEO plugin. -->","yoast_head_json":{"title":"Sin Chur\u00edn pero con Larrivey - Informatepy","robots":{"index":"index","follow":"follow","max-snippet":"max-snippet:-1","max-image-preview":"max-image-preview:large","max-video-preview":"max-video-preview:-1"},"canonical":"https:\/\/informatepy.com\/2021\/2019\/02\/09\/sin-churin-pero-con-larrivey\/","og_locale":"es_ES","og_type":"article","og_title":"Sin Chur\u00edn pero con Larrivey - Informatepy","og_description":"El estratega espa\u00f1ol que dirige Cerro Porte\u00f1o, Fernando Jubero, dio a conocer la lista de jugadores concentrados para el compromiso de este domingo frente a River Plate en el estadio Gral. Pablo Rojas desde las 20.30 por la fecha 5 del torneo Apertura 2019. En la lista no figura el delantero Diego Chur\u00edn debido a [&hellip;]","og_url":"https:\/\/informatepy.com\/2021\/2019\/02\/09\/sin-churin-pero-con-larrivey\/","og_site_name":"Informatepy","article_published_time":"2019-02-09T20:19:00+00:00","article_modified_time":"2021-02-09T21:23:26+00:00","og_image":[{"width":730,"height":486,"url":"https:\/\/i0.wp.com\/informatepy.com\/2021\/wp-content\/uploads\/2021\/02\/Larrivey.jpg?fit=730%2C486&ssl=1","type":"image\/jpeg"}],"author":"admin","twitter_card":"summary_large_image","twitter_misc":{"Escrito por":"admin","Tiempo de lectura":"1 minuto"},"schema":{"@context":"https:\/\/schema.org","@graph":[{"@type":"Article","@id":"https:\/\/informatepy.com\/2021\/2019\/02\/09\/sin-churin-pero-con-larrivey\/#article","isPartOf":{"@id":"https:\/\/informatepy.com\/2021\/2019\/02\/09\/sin-churin-pero-con-larrivey\/"},"author":{"name":"admin","@id":"https:\/\/informatepy.com\/2021\/#\/schema\/person\/edd302c981d6ba4596191719d1025a8a"},"headline":"Sin Chur\u00edn pero con Larrivey","datePublished":"2019-02-09T20:19:00+00:00","dateModified":"2021-02-09T21:23:26+00:00","mainEntityOfPage":{"@id":"https:\/\/informatepy.com\/2021\/2019\/02\/09\/sin-churin-pero-con-larrivey\/"},"wordCount":106,"commentCount":0,"publisher":{"@id":"https:\/\/informatepy.com\/2021\/#\/schema\/person\/edd302c981d6ba4596191719d1025a8a"},"image":{"@id":"https:\/\/informatepy.com\/2021\/2019\/02\/09\/sin-churin-pero-con-larrivey\/#primaryimage"},"thumbnailUrl":"https:\/\/i0.wp.com\/informatepy.com\/2021\/wp-content\/uploads\/2021\/02\/Larrivey.jpg?fit=730%2C486&ssl=1","keywords":["apf","cerro porte\u00f1o","futbol praguayo","larrivey"],"articleSection":["Deportes"],"inLanguage":"es","potentialAction":[{"@type":"CommentAction","name":"Comment","target":["https:\/\/informatepy.com\/2021\/2019\/02\/09\/sin-churin-pero-con-larrivey\/#respond"]}]},{"@type":"WebPage","@id":"https:\/\/informatepy.com\/2021\/2019\/02\/09\/sin-churin-pero-con-larrivey\/","url":"https:\/\/informatepy.com\/2021\/2019\/02\/09\/sin-churin-pero-con-larrivey\/","name":"Sin Chur\u00edn pero con Larrivey - Informatepy","isPartOf":{"@id":"https:\/\/informatepy.com\/2021\/#website"},"primaryImageOfPage":{"@id":"https:\/\/informatepy.com\/2021\/2019\/02\/09\/sin-churin-pero-con-larrivey\/#primaryimage"},"image":{"@id":"https:\/\/informatepy.com\/2021\/2019\/02\/09\/sin-churin-pero-con-larrivey\/#primaryimage"},"thumbnailUrl":"https:\/\/i0.wp.com\/informatepy.com\/2021\/wp-content\/uploads\/2021\/02\/Larrivey.jpg?fit=730%2C486&ssl=1","datePublished":"2019-02-09T20:19:00+00:00","dateModified":"2021-02-09T21:23:26+00:00","breadcrumb":{"@id":"https:\/\/informatepy.com\/2021\/2019\/02\/09\/sin-churin-pero-con-larrivey\/#breadcrumb"},"inLanguage":"es","potentialAction":[{"@type":"ReadAction","target":["https:\/\/informatepy.com\/2021\/2019\/02\/09\/sin-churin-pero-con-larrivey\/"]}]},{"@type":"ImageObject","inLanguage":"es","@id":"https:\/\/informatepy.com\/2021\/2019\/02\/09\/sin-churin-pero-con-larrivey\/#primaryimage","url":"https:\/\/i0.wp.com\/informatepy.com\/2021\/wp-content\/uploads\/2021\/02\/Larrivey.jpg?fit=730%2C486&ssl=1","contentUrl":"https:\/\/i0.wp.com\/informatepy.com\/2021\/wp-content\/uploads\/2021\/02\/Larrivey.jpg?fit=730%2C486&ssl=1","width":730,"height":486,"caption":"Larrivey marc\u00f3 el empate transitorio. Foto: Andr\u00e9s Catal\u00e1n - \u00daltima Hora"},{"@type":"BreadcrumbList","@id":"https:\/\/informatepy.com\/2021\/2019\/02\/09\/sin-churin-pero-con-larrivey\/#breadcrumb","itemListElement":[{"@type":"ListItem","position":1,"name":"Portada","item":"https:\/\/informatepy.com\/2021\/"},{"@type":"ListItem","position":2,"name":"Sin Chur\u00edn pero con Larrivey"}]},{"@type":"WebSite","@id":"https:\/\/informatepy.com\/2021\/#website","url":"https:\/\/informatepy.com\/2021\/","name":"Informatepy","description":"La verdad, siempre!","publisher":{"@id":"https:\/\/informatepy.com\/2021\/#\/schema\/person\/edd302c981d6ba4596191719d1025a8a"},"potentialAction":[{"@type":"SearchAction","target":{"@type":"EntryPoint","urlTemplate":"https:\/\/informatepy.com\/2021\/?s={search_term_string}"},"query-input":{"@type":"PropertyValueSpecification","valueRequired":true,"valueName":"search_term_string"}}],"inLanguage":"es"},{"@type":["Person","Organization"],"@id":"https:\/\/informatepy.com\/2021\/#\/schema\/person\/edd302c981d6ba4596191719d1025a8a","name":"admin","image":{"@type":"ImageObject","inLanguage":"es","@id":"https:\/\/secure.gravatar.com\/avatar\/5310f602b6cbcfb86e030c4ccdbb78f6565a3b9bab6a74ab80fd3cb5428b65af?s=96&d=mm&r=g","url":"https:\/\/secure.gravatar.com\/avatar\/5310f602b6cbcfb86e030c4ccdbb78f6565a3b9bab6a74ab80fd3cb5428b65af?s=96&d=mm&r=g","contentUrl":"https:\/\/secure.gravatar.com\/avatar\/5310f602b6cbcfb86e030c4ccdbb78f6565a3b9bab6a74ab80fd3cb5428b65af?s=96&d=mm&r=g","caption":"admin"},"logo":{"@id":"https:\/\/secure.gravatar.com\/avatar\/5310f602b6cbcfb86e030c4ccdbb78f6565a3b9bab6a74ab80fd3cb5428b65af?s=96&d=mm&r=g"},"sameAs":["http:\/\/informatepy.com\/2021"],"url":"https:\/\/informatepy.com\/2021\/author\/admin\/"}]}},"jetpack_featured_media_url":"https:\/\/i0.wp.com\/informatepy.com\/2021\/wp-content\/uploads\/2021\/02\/Larrivey.jpg?fit=730%2C486&ssl=1","jetpack_sharing_enabled":true,"jetpack_likes_enabled":true,"jetpack-related-posts":[{"id":1094,"url":"https:\/\/informatepy.com\/2021\/2019\/04\/29\/cerro-porteno-goleo-a-nacional\/","url_meta":{"origin":430,"position":0},"title":"Cerro Porte\u00f1o gole\u00f3 a Nacional","date":"29 de abril de 2019","format":false,"excerpt":"En el estadio Defensores del Chaco, Cerro Porte\u00f1o no tuvo mayores inconvenientes para golear por tres goles a cero a Nacional, en un juego v\u00e1lido por la fecha 18 del torneo Apertura. Desde el inicio del partido, fue el Cicl\u00f3n el que m\u00e1s busc\u00f3. Fue as\u00ed que a la docena\u2026","rel":"","context":"En \u00abDeportes\u00bb","img":{"alt_text":"","src":"https:\/\/i0.wp.com\/informatepy.com\/2021\/wp-content\/uploads\/2021\/04\/Nacional-vs-Cerro.jpeg?fit=1000%2C702&ssl=1&resize=350%2C200","width":350,"height":200},"classes":[]},{"id":1384,"url":"https:\/\/informatepy.com\/2021\/2019\/08\/01\/cerro-dio-la-talla\/","url_meta":{"origin":430,"position":1},"title":"Cerro dio la talla","date":"1 de agosto de 2019","format":false,"excerpt":"Cerro Porte\u00f1o\u00a0venci\u00f3 por 2-1 a San Lorenzo de Almagro este mi\u00e9rcoles en el estadio Gral. Pablo Rojas e inscribi\u00f3 su nombre entre los ocho mejores de Am\u00e9rica. El Cicl\u00f3n empez\u00f3 perdiendo con gol de Adam Bareiro y jugaba mal, pero en la complementaria lo dio vuelta con tantos de Joaqu\u00edn\u2026","rel":"","context":"En \u00abDeportes\u00bb","img":{"alt_text":"","src":"https:\/\/i0.wp.com\/informatepy.com\/2021\/wp-content\/uploads\/2021\/02\/Larrivey.jpg?fit=730%2C486&ssl=1&resize=350%2C200","width":350,"height":200},"classes":[]},{"id":585,"url":"https:\/\/informatepy.com\/2021\/2019\/02\/18\/olimpia-y-cerro-porteno-empatan-en-un-dramatico-superclasico\/","url_meta":{"origin":430,"position":2},"title":"Olimpia y Cerro Porte\u00f1o empatan en un dram\u00e1tico supercl\u00e1sico","date":"18 de febrero de 2019","format":false,"excerpt":"Parec\u00eda que Olimpia se quedaba con el supercl\u00e1sico 302 del f\u00fatbol paraguayo, pero a los 90 apareci\u00f3 \u00d3scar Ruiz para salvar al Cicl\u00f3n con un golpe de cabeza. Con este resultado, los dos colosos del f\u00fatbol nacional siguen como punteros del campeonato Apertura 2019 con 13 unidades. El equipo de\u2026","rel":"","context":"En \u00abDeportes\u00bb","img":{"alt_text":"","src":"https:\/\/i0.wp.com\/informatepy.com\/2021\/wp-content\/uploads\/2021\/02\/Olimpia-cerro-clasico-302.jpeg?fit=730%2C486&ssl=1&resize=350%2C200","width":350,"height":200},"classes":[]},{"id":1513,"url":"https:\/\/informatepy.com\/2021\/2019\/09\/22\/cerro-busca-acercarse-a-la-punta-del-torneo\/","url_meta":{"origin":430,"position":3},"title":"Cerro busca acercarse a la punta del torneo","date":"22 de septiembre de 2019","format":false,"excerpt":"El cicl\u00f3n de Barrio Obrero debe aprovechar la oportunidad que se le presenta luego de la derrota de Libertad y el empate de Olimpia para prenderse en la punta del torneo local. Del mismo modo, Luque\u00f1o debe buscar el triunfo para alejarse de la zona de descenso directo. Miguel \u00c1ngel\u2026","rel":"","context":"En \u00abDeportes\u00bb","img":{"alt_text":"","src":"https:\/\/i0.wp.com\/informatepy.com\/2021\/wp-content\/uploads\/2021\/09\/cerro-luqueC3B1o.jpg?fit=630%2C354&ssl=1&resize=350%2C200","width":350,"height":200},"classes":[]},{"id":1415,"url":"https:\/\/informatepy.com\/2021\/2019\/08\/11\/cerro-vencio-a-sol-y-el-decano-quiere-recuperar-la-punta\/","url_meta":{"origin":430,"position":4},"title":"Cerro venci\u00f3 a Sol y el Decano quiere recuperar la punta","date":"11 de agosto de 2019","format":false,"excerpt":"El azulgrana recuper\u00f3 la sonrisa en Villa Elisa, luego de derrotar por por 2-0 a Sol de Am\u00e9rica. De esta forma, Cerro vuelve a la victoria luego de no conocer el triunfo en dos partidos. Quien nuevamente fue protagonista, fue el argentino Joaqu\u00edn Larrivey, el delantero con mayor cantidad de\u2026","rel":"","context":"En \u00abDeportes\u00bb","img":{"alt_text":"","src":"https:\/\/i0.wp.com\/informatepy.com\/2021\/wp-content\/uploads\/2021\/08\/pelota.jpg?fit=700%2C524&ssl=1&resize=350%2C200","width":350,"height":200},"classes":[]},{"id":2189,"url":"https:\/\/informatepy.com\/2021\/2020\/09\/27\/el-pueblo-grito-hasta-aca\/","url_meta":{"origin":430,"position":5},"title":"El pueblo grit\u00f3: \u00abHasta ac\u00e1\u00bb","date":"27 de septiembre de 2020","format":false,"excerpt":"Con la contundencia de los \u00faltimos tiempos, Cerro Porte\u00f1o venci\u00f3 con autoridad a River Plate y eso le alcanz\u00f3 para coronarse como nuevo campe\u00f3n del futbol paraguayo. Tras las reanudaci\u00f3n del torneo luego del parate provocado por el corona virus, el Cerro de Chiqui Arce llev\u00f3 una campa\u00f1a que roza\u2026","rel":"","context":"En \u00abDeportes\u00bb","img":{"alt_text":"","src":"https:\/\/i0.wp.com\/informatepy.com\/2021\/wp-content\/uploads\/2021\/09\/cerro-campeon-2020.jpeg?fit=730%2C486&ssl=1&resize=350%2C200","width":350,"height":200},"classes":[]}],"authors":[{"term_id":1039,"user_id":1,"is_guest":0,"slug":"admin","display_name":"admin","avatar_url":"https:\/\/secure.gravatar.com\/avatar\/5310f602b6cbcfb86e030c4ccdbb78f6565a3b9bab6a74ab80fd3cb5428b65af?s=96&d=mm&r=g","first_name":"","last_name":"","user_url":"http:\/\/informatepy.com\/2021","description":""}],"amp_enabled":true,"_links":{"self":[{"href":"https:\/\/informatepy.com\/2021\/wp-json\/wp\/v2\/posts\/430","targetHints":{"allow":["GET"]}}],"collection":[{"href":"https:\/\/informatepy.com\/2021\/wp-json\/wp\/v2\/posts"}],"about":[{"href":"https:\/\/informatepy.com\/2021\/wp-json\/wp\/v2\/types\/post"}],"author":[{"embeddable":true,"href":"https:\/\/informatepy.com\/2021\/wp-json\/wp\/v2\/users\/1"}],"replies":[{"embeddable":true,"href":"https:\/\/informatepy.com\/2021\/wp-json\/wp\/v2\/comments?post=430"}],"version-history":[{"count":1,"href":"https:\/\/informatepy.com\/2021\/wp-json\/wp\/v2\/posts\/430\/revisions"}],"predecessor-version":[{"id":3110,"href":"https:\/\/informatepy.com\/2021\/wp-json\/wp\/v2\/posts\/430\/revisions\/3110"}],"wp:featuredmedia":[{"embeddable":true,"href":"https:\/\/informatepy.com\/2021\/wp-json\/wp\/v2\/media\/431"}],"wp:attachment":[{"href":"https:\/\/informatepy.com\/2021\/wp-json\/wp\/v2\/media?parent=430"}],"wp:term":[{"taxonomy":"category","embeddable":true,"href":"https:\/\/informatepy.com\/2021\/wp-json\/wp\/v2\/categories?post=430"},{"taxonomy":"post_tag","embeddable":true,"href":"https:\/\/informatepy.com\/2021\/wp-json\/wp\/v2\/tags?post=430"},{"taxonomy":"author","embeddable":true,"href":"https:\/\/informatepy.com\/2021\/wp-json\/wp\/v2\/ppma_author?post=430"}],"curies":[{"name":"wp","href":"https:\/\/api.w.org\/{rel}","templated":true}]}}