{"id":4259,"date":"2021-04-01T06:01:00","date_gmt":"2021-04-01T10:01:00","guid":{"rendered":"http:\/\/informatepy.com\/2021\/?p=4259"},"modified":"2021-03-31T18:20:38","modified_gmt":"2021-03-31T22:20:38","slug":"mezclando-el-culo-con-la-constitucion","status":"publish","type":"post","link":"https:\/\/informatepy.com\/2021\/2021\/04\/01\/mezclando-el-culo-con-la-constitucion\/","title":{"rendered":"Mezclando el culo con la Constituci\u00f3n"},"content":{"rendered":"\n<p>La pol\u00edtica dial\u00e9ctica, polarizada de algunos \u201cactores sociales\u201d de nuestro pa\u00eds, no solo no aporta absolutamente nada al debate o a la armon\u00eda social, sino que act\u00faan como factores generadores de violencia en una sociedad crispada por la coyuntura.<\/p>\n\n\n\n<p>Uno de los m\u00e1s activos en este sentido, es el corriente sujeto autodenominado <strong>\u201ccient\u00edfico\u201d Eduardo Quintana<\/strong>, incluso, superando en sus diatribas a un especialista en la materia como Enrique Vargas Pe\u00f1a (Ah\u00ed se le debe reconocer el esfuerzo).<\/p>\n\n\n\n<p>Giovanni Papini afirm\u00f3 que: <strong>\u201cCada hombre es diverso, distinto de los dem\u00e1s, inefable, \u00fanico, absolutamente personal\u201d<\/strong> y, como tal, debe ser respetado. La elecci\u00f3n de este escritor italiano no es antojadiza; Papini vivi\u00f3 como un ferviente ateo y muri\u00f3 como un ferviente cristiano, eso s\u00ed, siempre respetando a su oponente en el debate \u00bfO no es eso lo que constantemente pregona el \u201ccient\u00edfico\u201d que nos ocupa? Salvo que solo se trate de respetar lo que \u00e9l considera respetable, por supuesto.<\/p>\n\n\n\n<p>En sus \u00faltimos arrebatos de intelectualidad twitera, se lo ve desorientado, confuso, mezclando religi\u00f3n, corrupci\u00f3n y c\u00f3digo penal. Sin entender ni mucho menos aclarar el punto que quiere destacar y cito: <strong><em>\u201cAunque este sea un pa\u00eds mayoritariamente cristiano, no se puede celebrar Semana Santa en medio de tanta miseria y violencia. Casi 265.000 paraguayos cayeron en la pobreza en el \u00faltimo a\u00f1o, la corrupci\u00f3n contin\u00faa intacta en el estado y hay 3 j\u00f3venes encarcelados por protestar\u201d<\/em><\/strong>.<\/p>\n\n\n\n<p>Esto, se\u00f1or Quintana, esto que usted hace, tambi\u00e9n podr\u00eda enmarcarse en lo que se denomina la cancelaci\u00f3n de la cultura tan en auge en estos tiempos. Es un enfermizo intento por negar la esencia de un pueblo, sus costumbres y todo lo que le es at\u00e1vico en un buen sentido. <strong>Debiera concentrarse<\/strong>, si realmente se considera un fil\u00f3sofo, <strong>en festejar aquello que acerca al hombre a la virtud<\/strong>, sin importar que este acercamiento sea a trav\u00e9s de la contemplaci\u00f3n o de la oraci\u00f3n. <strong><em>\u201cHist\u00f3ricamente la sociedad ha sido maltratada, ninguneada y censurada\u201d<\/em><\/strong> \u00bfSe acuerda de esto? Usted lo escribi\u00f3 en su libro \u00abPensar la censura desde Paraguay\u00bb. No creo que quiera convertirse en el <strong>dictador <\/strong>o el <strong>bur\u00f3crata <\/strong>que menciona en ese texto.<\/p>\n\n\n\n<p>El truco para avanzar como sociedad, despu\u00e9s de todo, consiste en dejar de jugar al juego de la confrontaci\u00f3n permanente, en construir desde el disenso y, por supuesto, consiste tambi\u00e9n en no mezclar el culo con la constituci\u00f3n.<\/p>\n","protected":false},"excerpt":{"rendered":"<p>La pol\u00edtica dial\u00e9ctica, polarizada de algunos \u201cactores sociales\u201d de nuestro pa\u00eds, no solo no aporta absolutamente nada al debate o a la armon\u00eda social, sino que act\u00faan como factores generadores de violencia en una sociedad crispada por la coyuntura. Uno de los m\u00e1s activos en este sentido, es el corriente sujeto autodenominado \u201ccient\u00edfico\u201d Eduardo Quintana, [&hellip;]<\/p>\n","protected":false},"author":4,"featured_media":4261,"comment_status":"open","ping_status":"open","sticky":false,"template":"","format":"standard","meta":{"_monsterinsights_skip_tracking":false,"_monsterinsights_sitenote_active":false,"_monsterinsights_sitenote_note":"","_monsterinsights_sitenote_category":0,"footnotes":"","jetpack_publicize_message":"","jetpack_is_tweetstorm":false,"jetpack_publicize_feature_enabled":true},"categories":[248,302],"tags":[890,1036,1158],"ppma_author":[1051],"class_list":["post-4259","post","type-post","status-publish","format-standard","has-post-thumbnail","hentry","category-analisis","category-destacados","tag-censura","tag-destacada","tag-eduardo-quintana"],"jetpack_publicize_connections":[],"yoast_head":"<!-- This site is optimized with the Yoast SEO plugin v27.5 - https:\/\/yoast.com\/product\/yoast-seo-wordpress\/ -->\n<title>Mezclando el culo con la Constituci\u00f3n - Informatepy<\/title>\n<meta name=\"robots\" content=\"index, follow, max-snippet:-1, max-image-preview:large, max-video-preview:-1\" \/>\n<link rel=\"canonical\" href=\"https:\/\/informatepy.com\/2021\/2021\/04\/01\/mezclando-el-culo-con-la-constitucion\/\" \/>\n<meta property=\"og:locale\" content=\"es_ES\" \/>\n<meta property=\"og:type\" content=\"article\" \/>\n<meta property=\"og:title\" content=\"Mezclando el culo con la Constituci\u00f3n - Informatepy\" \/>\n<meta property=\"og:description\" content=\"La pol\u00edtica dial\u00e9ctica, polarizada de algunos \u201cactores sociales\u201d de nuestro pa\u00eds, no solo no aporta absolutamente nada al debate o a la armon\u00eda social, sino que act\u00faan como factores generadores de violencia en una sociedad crispada por la coyuntura. Uno de los m\u00e1s activos en este sentido, es el corriente sujeto autodenominado \u201ccient\u00edfico\u201d Eduardo Quintana, [&hellip;]\" \/>\n<meta property=\"og:url\" content=\"https:\/\/informatepy.com\/2021\/2021\/04\/01\/mezclando-el-culo-con-la-constitucion\/\" \/>\n<meta property=\"og:site_name\" content=\"Informatepy\" \/>\n<meta property=\"article:author\" content=\"https:\/\/www.facebook.com\/InformatePyCom\" \/>\n<meta property=\"article:published_time\" content=\"2021-04-01T10:01:00+00:00\" \/>\n<meta property=\"og:image\" content=\"https:\/\/i2.wp.com\/informatepy.com\/2021\/wp-content\/uploads\/2021\/03\/eduardo-quintana-payaso1.jpg?fit=1200%2C629&ssl=1\" \/>\n\t<meta property=\"og:image:width\" content=\"1200\" \/>\n\t<meta property=\"og:image:height\" content=\"629\" \/>\n\t<meta property=\"og:image:type\" content=\"image\/jpeg\" \/>\n<meta name=\"author\" content=\"Redacci\u00f3n\" \/>\n<meta name=\"twitter:card\" content=\"summary_large_image\" \/>\n<meta name=\"twitter:creator\" content=\"@https:\/\/twitter.com\/InformatePy1\" \/>\n<meta name=\"twitter:label1\" content=\"Escrito por\" \/>\n\t<meta name=\"twitter:data1\" content=\"Redacci\u00f3n\" \/>\n\t<meta name=\"twitter:label2\" content=\"Tiempo de lectura\" \/>\n\t<meta name=\"twitter:data2\" content=\"2 minutos\" \/>\n<script type=\"application\/ld+json\" class=\"yoast-schema-graph\">{\"@context\":\"https:\\\/\\\/schema.org\",\"@graph\":[{\"@type\":\"Article\",\"@id\":\"https:\\\/\\\/informatepy.com\\\/2021\\\/2021\\\/04\\\/01\\\/mezclando-el-culo-con-la-constitucion\\\/#article\",\"isPartOf\":{\"@id\":\"https:\\\/\\\/informatepy.com\\\/2021\\\/2021\\\/04\\\/01\\\/mezclando-el-culo-con-la-constitucion\\\/\"},\"author\":{\"name\":\"Redacci\u00f3n\",\"@id\":\"https:\\\/\\\/informatepy.com\\\/2021\\\/#\\\/schema\\\/person\\\/0c842f525f84ea74ef3b44370d11757b\"},\"headline\":\"Mezclando el culo con la Constituci\u00f3n\",\"datePublished\":\"2021-04-01T10:01:00+00:00\",\"mainEntityOfPage\":{\"@id\":\"https:\\\/\\\/informatepy.com\\\/2021\\\/2021\\\/04\\\/01\\\/mezclando-el-culo-con-la-constitucion\\\/\"},\"wordCount\":433,\"commentCount\":0,\"publisher\":{\"@id\":\"https:\\\/\\\/informatepy.com\\\/2021\\\/#\\\/schema\\\/person\\\/edd302c981d6ba4596191719d1025a8a\"},\"image\":{\"@id\":\"https:\\\/\\\/informatepy.com\\\/2021\\\/2021\\\/04\\\/01\\\/mezclando-el-culo-con-la-constitucion\\\/#primaryimage\"},\"thumbnailUrl\":\"https:\\\/\\\/i0.wp.com\\\/informatepy.com\\\/2021\\\/wp-content\\\/uploads\\\/2021\\\/03\\\/eduardo-quintana-payaso1.jpg?fit=1200%2C629&ssl=1\",\"keywords\":[\"censura\",\"destacada\",\"eduardo quintana\"],\"articleSection\":[\"Analisis\",\"Destacados\"],\"inLanguage\":\"es\",\"potentialAction\":[{\"@type\":\"CommentAction\",\"name\":\"Comment\",\"target\":[\"https:\\\/\\\/informatepy.com\\\/2021\\\/2021\\\/04\\\/01\\\/mezclando-el-culo-con-la-constitucion\\\/#respond\"]}]},{\"@type\":\"WebPage\",\"@id\":\"https:\\\/\\\/informatepy.com\\\/2021\\\/2021\\\/04\\\/01\\\/mezclando-el-culo-con-la-constitucion\\\/\",\"url\":\"https:\\\/\\\/informatepy.com\\\/2021\\\/2021\\\/04\\\/01\\\/mezclando-el-culo-con-la-constitucion\\\/\",\"name\":\"Mezclando el culo con la Constituci\u00f3n - Informatepy\",\"isPartOf\":{\"@id\":\"https:\\\/\\\/informatepy.com\\\/2021\\\/#website\"},\"primaryImageOfPage\":{\"@id\":\"https:\\\/\\\/informatepy.com\\\/2021\\\/2021\\\/04\\\/01\\\/mezclando-el-culo-con-la-constitucion\\\/#primaryimage\"},\"image\":{\"@id\":\"https:\\\/\\\/informatepy.com\\\/2021\\\/2021\\\/04\\\/01\\\/mezclando-el-culo-con-la-constitucion\\\/#primaryimage\"},\"thumbnailUrl\":\"https:\\\/\\\/i0.wp.com\\\/informatepy.com\\\/2021\\\/wp-content\\\/uploads\\\/2021\\\/03\\\/eduardo-quintana-payaso1.jpg?fit=1200%2C629&ssl=1\",\"datePublished\":\"2021-04-01T10:01:00+00:00\",\"breadcrumb\":{\"@id\":\"https:\\\/\\\/informatepy.com\\\/2021\\\/2021\\\/04\\\/01\\\/mezclando-el-culo-con-la-constitucion\\\/#breadcrumb\"},\"inLanguage\":\"es\",\"potentialAction\":[{\"@type\":\"ReadAction\",\"target\":[\"https:\\\/\\\/informatepy.com\\\/2021\\\/2021\\\/04\\\/01\\\/mezclando-el-culo-con-la-constitucion\\\/\"]}]},{\"@type\":\"ImageObject\",\"inLanguage\":\"es\",\"@id\":\"https:\\\/\\\/informatepy.com\\\/2021\\\/2021\\\/04\\\/01\\\/mezclando-el-culo-con-la-constitucion\\\/#primaryimage\",\"url\":\"https:\\\/\\\/i0.wp.com\\\/informatepy.com\\\/2021\\\/wp-content\\\/uploads\\\/2021\\\/03\\\/eduardo-quintana-payaso1.jpg?fit=1200%2C629&ssl=1\",\"contentUrl\":\"https:\\\/\\\/i0.wp.com\\\/informatepy.com\\\/2021\\\/wp-content\\\/uploads\\\/2021\\\/03\\\/eduardo-quintana-payaso1.jpg?fit=1200%2C629&ssl=1\",\"width\":1200,\"height\":629},{\"@type\":\"BreadcrumbList\",\"@id\":\"https:\\\/\\\/informatepy.com\\\/2021\\\/2021\\\/04\\\/01\\\/mezclando-el-culo-con-la-constitucion\\\/#breadcrumb\",\"itemListElement\":[{\"@type\":\"ListItem\",\"position\":1,\"name\":\"Portada\",\"item\":\"https:\\\/\\\/informatepy.com\\\/2021\\\/\"},{\"@type\":\"ListItem\",\"position\":2,\"name\":\"Mezclando el culo con la Constituci\u00f3n\"}]},{\"@type\":\"WebSite\",\"@id\":\"https:\\\/\\\/informatepy.com\\\/2021\\\/#website\",\"url\":\"https:\\\/\\\/informatepy.com\\\/2021\\\/\",\"name\":\"Informatepy\",\"description\":\"La verdad, siempre!\",\"publisher\":{\"@id\":\"https:\\\/\\\/informatepy.com\\\/2021\\\/#\\\/schema\\\/person\\\/edd302c981d6ba4596191719d1025a8a\"},\"potentialAction\":[{\"@type\":\"SearchAction\",\"target\":{\"@type\":\"EntryPoint\",\"urlTemplate\":\"https:\\\/\\\/informatepy.com\\\/2021\\\/?s={search_term_string}\"},\"query-input\":{\"@type\":\"PropertyValueSpecification\",\"valueRequired\":true,\"valueName\":\"search_term_string\"}}],\"inLanguage\":\"es\"},{\"@type\":[\"Person\",\"Organization\"],\"@id\":\"https:\\\/\\\/informatepy.com\\\/2021\\\/#\\\/schema\\\/person\\\/edd302c981d6ba4596191719d1025a8a\",\"name\":\"admin\",\"image\":{\"@type\":\"ImageObject\",\"inLanguage\":\"es\",\"@id\":\"https:\\\/\\\/secure.gravatar.com\\\/avatar\\\/5310f602b6cbcfb86e030c4ccdbb78f6565a3b9bab6a74ab80fd3cb5428b65af?s=96&d=mm&r=g\",\"url\":\"https:\\\/\\\/secure.gravatar.com\\\/avatar\\\/5310f602b6cbcfb86e030c4ccdbb78f6565a3b9bab6a74ab80fd3cb5428b65af?s=96&d=mm&r=g\",\"contentUrl\":\"https:\\\/\\\/secure.gravatar.com\\\/avatar\\\/5310f602b6cbcfb86e030c4ccdbb78f6565a3b9bab6a74ab80fd3cb5428b65af?s=96&d=mm&r=g\",\"caption\":\"admin\"},\"logo\":{\"@id\":\"https:\\\/\\\/secure.gravatar.com\\\/avatar\\\/5310f602b6cbcfb86e030c4ccdbb78f6565a3b9bab6a74ab80fd3cb5428b65af?s=96&d=mm&r=g\"},\"sameAs\":[\"http:\\\/\\\/informatepy.com\\\/2021\"]},{\"@type\":\"Person\",\"@id\":\"https:\\\/\\\/informatepy.com\\\/2021\\\/#\\\/schema\\\/person\\\/0c842f525f84ea74ef3b44370d11757b\",\"name\":\"Redacci\u00f3n\",\"image\":{\"@type\":\"ImageObject\",\"inLanguage\":\"es\",\"@id\":\"https:\\\/\\\/i0.wp.com\\\/informatepy.com\\\/2021\\\/wp-content\\\/uploads\\\/2021\\\/02\\\/informate-circulo.png?fit=96%2C96&ssl=1\",\"url\":\"https:\\\/\\\/i0.wp.com\\\/informatepy.com\\\/2021\\\/wp-content\\\/uploads\\\/2021\\\/02\\\/informate-circulo.png?fit=96%2C96&ssl=1\",\"contentUrl\":\"https:\\\/\\\/i0.wp.com\\\/informatepy.com\\\/2021\\\/wp-content\\\/uploads\\\/2021\\\/02\\\/informate-circulo.png?fit=96%2C96&ssl=1\",\"caption\":\"Redacci\u00f3n\"},\"sameAs\":[\"https:\\\/\\\/www.facebook.com\\\/InformatePyCom\",\"https:\\\/\\\/x.com\\\/https:\\\/\\\/twitter.com\\\/InformatePy1\"],\"url\":\"https:\\\/\\\/informatepy.com\\\/2021\\\/author\\\/redaccion\\\/\"}]}<\/script>\n<!-- \/ Yoast SEO plugin. -->","yoast_head_json":{"title":"Mezclando el culo con la Constituci\u00f3n - Informatepy","robots":{"index":"index","follow":"follow","max-snippet":"max-snippet:-1","max-image-preview":"max-image-preview:large","max-video-preview":"max-video-preview:-1"},"canonical":"https:\/\/informatepy.com\/2021\/2021\/04\/01\/mezclando-el-culo-con-la-constitucion\/","og_locale":"es_ES","og_type":"article","og_title":"Mezclando el culo con la Constituci\u00f3n - Informatepy","og_description":"La pol\u00edtica dial\u00e9ctica, polarizada de algunos \u201cactores sociales\u201d de nuestro pa\u00eds, no solo no aporta absolutamente nada al debate o a la armon\u00eda social, sino que act\u00faan como factores generadores de violencia en una sociedad crispada por la coyuntura. Uno de los m\u00e1s activos en este sentido, es el corriente sujeto autodenominado \u201ccient\u00edfico\u201d Eduardo Quintana, [&hellip;]","og_url":"https:\/\/informatepy.com\/2021\/2021\/04\/01\/mezclando-el-culo-con-la-constitucion\/","og_site_name":"Informatepy","article_author":"https:\/\/www.facebook.com\/InformatePyCom","article_published_time":"2021-04-01T10:01:00+00:00","og_image":[{"width":1200,"height":629,"url":"https:\/\/i2.wp.com\/informatepy.com\/2021\/wp-content\/uploads\/2021\/03\/eduardo-quintana-payaso1.jpg?fit=1200%2C629&ssl=1","type":"image\/jpeg"}],"author":"Redacci\u00f3n","twitter_card":"summary_large_image","twitter_creator":"@https:\/\/twitter.com\/InformatePy1","twitter_misc":{"Escrito por":"Redacci\u00f3n","Tiempo de lectura":"2 minutos"},"schema":{"@context":"https:\/\/schema.org","@graph":[{"@type":"Article","@id":"https:\/\/informatepy.com\/2021\/2021\/04\/01\/mezclando-el-culo-con-la-constitucion\/#article","isPartOf":{"@id":"https:\/\/informatepy.com\/2021\/2021\/04\/01\/mezclando-el-culo-con-la-constitucion\/"},"author":{"name":"Redacci\u00f3n","@id":"https:\/\/informatepy.com\/2021\/#\/schema\/person\/0c842f525f84ea74ef3b44370d11757b"},"headline":"Mezclando el culo con la Constituci\u00f3n","datePublished":"2021-04-01T10:01:00+00:00","mainEntityOfPage":{"@id":"https:\/\/informatepy.com\/2021\/2021\/04\/01\/mezclando-el-culo-con-la-constitucion\/"},"wordCount":433,"commentCount":0,"publisher":{"@id":"https:\/\/informatepy.com\/2021\/#\/schema\/person\/edd302c981d6ba4596191719d1025a8a"},"image":{"@id":"https:\/\/informatepy.com\/2021\/2021\/04\/01\/mezclando-el-culo-con-la-constitucion\/#primaryimage"},"thumbnailUrl":"https:\/\/i0.wp.com\/informatepy.com\/2021\/wp-content\/uploads\/2021\/03\/eduardo-quintana-payaso1.jpg?fit=1200%2C629&ssl=1","keywords":["censura","destacada","eduardo quintana"],"articleSection":["Analisis","Destacados"],"inLanguage":"es","potentialAction":[{"@type":"CommentAction","name":"Comment","target":["https:\/\/informatepy.com\/2021\/2021\/04\/01\/mezclando-el-culo-con-la-constitucion\/#respond"]}]},{"@type":"WebPage","@id":"https:\/\/informatepy.com\/2021\/2021\/04\/01\/mezclando-el-culo-con-la-constitucion\/","url":"https:\/\/informatepy.com\/2021\/2021\/04\/01\/mezclando-el-culo-con-la-constitucion\/","name":"Mezclando el culo con la Constituci\u00f3n - Informatepy","isPartOf":{"@id":"https:\/\/informatepy.com\/2021\/#website"},"primaryImageOfPage":{"@id":"https:\/\/informatepy.com\/2021\/2021\/04\/01\/mezclando-el-culo-con-la-constitucion\/#primaryimage"},"image":{"@id":"https:\/\/informatepy.com\/2021\/2021\/04\/01\/mezclando-el-culo-con-la-constitucion\/#primaryimage"},"thumbnailUrl":"https:\/\/i0.wp.com\/informatepy.com\/2021\/wp-content\/uploads\/2021\/03\/eduardo-quintana-payaso1.jpg?fit=1200%2C629&ssl=1","datePublished":"2021-04-01T10:01:00+00:00","breadcrumb":{"@id":"https:\/\/informatepy.com\/2021\/2021\/04\/01\/mezclando-el-culo-con-la-constitucion\/#breadcrumb"},"inLanguage":"es","potentialAction":[{"@type":"ReadAction","target":["https:\/\/informatepy.com\/2021\/2021\/04\/01\/mezclando-el-culo-con-la-constitucion\/"]}]},{"@type":"ImageObject","inLanguage":"es","@id":"https:\/\/informatepy.com\/2021\/2021\/04\/01\/mezclando-el-culo-con-la-constitucion\/#primaryimage","url":"https:\/\/i0.wp.com\/informatepy.com\/2021\/wp-content\/uploads\/2021\/03\/eduardo-quintana-payaso1.jpg?fit=1200%2C629&ssl=1","contentUrl":"https:\/\/i0.wp.com\/informatepy.com\/2021\/wp-content\/uploads\/2021\/03\/eduardo-quintana-payaso1.jpg?fit=1200%2C629&ssl=1","width":1200,"height":629},{"@type":"BreadcrumbList","@id":"https:\/\/informatepy.com\/2021\/2021\/04\/01\/mezclando-el-culo-con-la-constitucion\/#breadcrumb","itemListElement":[{"@type":"ListItem","position":1,"name":"Portada","item":"https:\/\/informatepy.com\/2021\/"},{"@type":"ListItem","position":2,"name":"Mezclando el culo con la Constituci\u00f3n"}]},{"@type":"WebSite","@id":"https:\/\/informatepy.com\/2021\/#website","url":"https:\/\/informatepy.com\/2021\/","name":"Informatepy","description":"La verdad, siempre!","publisher":{"@id":"https:\/\/informatepy.com\/2021\/#\/schema\/person\/edd302c981d6ba4596191719d1025a8a"},"potentialAction":[{"@type":"SearchAction","target":{"@type":"EntryPoint","urlTemplate":"https:\/\/informatepy.com\/2021\/?s={search_term_string}"},"query-input":{"@type":"PropertyValueSpecification","valueRequired":true,"valueName":"search_term_string"}}],"inLanguage":"es"},{"@type":["Person","Organization"],"@id":"https:\/\/informatepy.com\/2021\/#\/schema\/person\/edd302c981d6ba4596191719d1025a8a","name":"admin","image":{"@type":"ImageObject","inLanguage":"es","@id":"https:\/\/secure.gravatar.com\/avatar\/5310f602b6cbcfb86e030c4ccdbb78f6565a3b9bab6a74ab80fd3cb5428b65af?s=96&d=mm&r=g","url":"https:\/\/secure.gravatar.com\/avatar\/5310f602b6cbcfb86e030c4ccdbb78f6565a3b9bab6a74ab80fd3cb5428b65af?s=96&d=mm&r=g","contentUrl":"https:\/\/secure.gravatar.com\/avatar\/5310f602b6cbcfb86e030c4ccdbb78f6565a3b9bab6a74ab80fd3cb5428b65af?s=96&d=mm&r=g","caption":"admin"},"logo":{"@id":"https:\/\/secure.gravatar.com\/avatar\/5310f602b6cbcfb86e030c4ccdbb78f6565a3b9bab6a74ab80fd3cb5428b65af?s=96&d=mm&r=g"},"sameAs":["http:\/\/informatepy.com\/2021"]},{"@type":"Person","@id":"https:\/\/informatepy.com\/2021\/#\/schema\/person\/0c842f525f84ea74ef3b44370d11757b","name":"Redacci\u00f3n","image":{"@type":"ImageObject","inLanguage":"es","@id":"https:\/\/i0.wp.com\/informatepy.com\/2021\/wp-content\/uploads\/2021\/02\/informate-circulo.png?fit=96%2C96&ssl=1","url":"https:\/\/i0.wp.com\/informatepy.com\/2021\/wp-content\/uploads\/2021\/02\/informate-circulo.png?fit=96%2C96&ssl=1","contentUrl":"https:\/\/i0.wp.com\/informatepy.com\/2021\/wp-content\/uploads\/2021\/02\/informate-circulo.png?fit=96%2C96&ssl=1","caption":"Redacci\u00f3n"},"sameAs":["https:\/\/www.facebook.com\/InformatePyCom","https:\/\/x.com\/https:\/\/twitter.com\/InformatePy1"],"url":"https:\/\/informatepy.com\/2021\/author\/redaccion\/"}]}},"jetpack_featured_media_url":"https:\/\/i0.wp.com\/informatepy.com\/2021\/wp-content\/uploads\/2021\/03\/eduardo-quintana-payaso1.jpg?fit=1200%2C629&ssl=1","jetpack_sharing_enabled":true,"jetpack_likes_enabled":true,"jetpack-related-posts":[{"id":6067,"url":"https:\/\/informatepy.com\/2021\/2021\/08\/01\/nakayama-comparte-la-mesa-con-filo-nazis\/","url_meta":{"origin":4259,"position":0},"title":"\u00bfNakayama comparte la mesa con filo nazis?","date":"1 de agosto de 2021","format":false,"excerpt":"Hoy en d\u00eda se ha vuelto muy com\u00fan utilizar a la palabra \u201cnazi\u201d como peyorativo contra eventuales adversarios de la pol\u00edtica. No solo en Paraguay sino sobre todo a nivel internacional. Pero en esta ocasi\u00f3n, al menos seg\u00fan nuestras fuentes, aparentemente el ep\u00edteto \u201cnazi\u201d, \u201cpro nazi\u201d o \u201cfilo nazi\u201d es\u2026","rel":"","context":"En \u00abMunicipales\u00bb","img":{"alt_text":"","src":"https:\/\/i0.wp.com\/informatepy.com\/2021\/wp-content\/uploads\/2021\/07\/nakayama-grau-PNS.jpg?fit=720%2C540&ssl=1&resize=350%2C200","width":350,"height":200},"classes":[]},{"id":11920,"url":"https:\/\/informatepy.com\/2021\/2022\/06\/03\/edu-quintana-un-hpocrite-ofendide\/","url_meta":{"origin":4259,"position":1},"title":"Edu Quintana, un hipocritE ofendidE","date":"3 de junio de 2022","format":false,"excerpt":"El tema de \u201cLa Faraona\u201d tuvo muchas aristas, algunas tr\u00e1gicas y otras divertidas. Opiniones a favor y en contra pero\u2026 nos faltaba luz, nos faltaba la opini\u00f3n de la ciencia y al fin llego, en modo de cuatro preguntas pero lleg\u00f3. Yo, con la impertinencia que me caracteriza, intentar\u00e9 responder\u2026","rel":"","context":"En \u00abNacionales\u00bb","img":{"alt_text":"","src":"https:\/\/i0.wp.com\/informatepy.com\/2021\/wp-content\/uploads\/2022\/06\/quintana3.jpeg?fit=1200%2C676&ssl=1&resize=350%2C200","width":350,"height":200},"classes":[]},{"id":761,"url":"https:\/\/informatepy.com\/2021\/2019\/02\/28\/titular-de-la-seprelad-afirmo-que-candidatura-de-quintana-afectaria-al-pais\/","url_meta":{"origin":4259,"position":2},"title":"Titular de la Seprelad afirmo que: \u00abCandidatura de Quintana afectar\u00eda al pa\u00eds\u00bb","date":"28 de febrero de 2019","format":false,"excerpt":"Mar\u00eda Epifan\u00eda Gonz\u00e1lez, titular de la Secretar\u00eda de Prevenci\u00f3n del Lavado de Dinero o Bienes (Seprelad), ofreci\u00f3 ayer una conferencia de prensa en el Palacio de Gobierno, luego de una reuni\u00f3n con el presidente de la Rep\u00fablica, Mario Abdo Ben\u00edtez. La secretaria de Estado indic\u00f3 que el pa\u00eds se encuentra\u2026","rel":"","context":"En \u00abNacionales\u00bb","img":{"alt_text":"","src":"https:\/\/i0.wp.com\/informatepy.com\/2021\/wp-content\/uploads\/2021\/02\/MarC3ADa-EpifanC3ADa-GonzC3A1lez-Seprelad.jpg?fit=715%2C548&ssl=1&resize=350%2C200","width":350,"height":200},"classes":[]},{"id":3756,"url":"https:\/\/informatepy.com\/2021\/2021\/03\/06\/vuelve-el-rock-y-la-cosa-nostra\/","url_meta":{"origin":4259,"position":3},"title":"Vuelve el Rock&#8230; y la \u201cCosa Nostra\u201d","date":"6 de marzo de 2021","format":false,"excerpt":"Ra\u00fal Melamed, el ex presentador televisivo y comunicador emp\u00edrico, como el mismo se autodefine, vuelve al ruedo.","rel":"","context":"En \u00abDestacados\u00bb","img":{"alt_text":"","src":"https:\/\/i0.wp.com\/informatepy.com\/2021\/wp-content\/uploads\/2021\/03\/raul-melamed.png?fit=1157%2C705&ssl=1&resize=350%2C200","width":350,"height":200},"classes":[]},{"id":4700,"url":"https:\/\/informatepy.com\/2021\/2021\/04\/29\/a-veces-es-mejor-quedarse-callado\/","url_meta":{"origin":4259,"position":4},"title":"A veces es mejor quedarse callado","date":"29 de abril de 2021","format":false,"excerpt":"Pedirle a Eduardo Quintana que sea prudente cuando su \"cient\u00edfico\" modo de vida est\u00e1 en peligro es dif\u00edcil; bah, pedirle prudencia en cualquier situaci\u00f3n a un incontinente verbal como \u00e9l es dif\u00edcil de por si pero, a un profesional de la palabra, como podr\u00eda ser un senador, no se le\u2026","rel":"","context":"En \u00abDestacados\u00bb","img":{"alt_text":"","src":"https:\/\/i0.wp.com\/informatepy.com\/2021\/wp-content\/uploads\/2021\/04\/senador-victor-rios.jpg?fit=1200%2C795&ssl=1&resize=350%2C200","width":350,"height":200},"classes":[]},{"id":9000,"url":"https:\/\/informatepy.com\/2021\/2021\/12\/25\/eduardo-bolsonaro-chile-seguira-ahora-un-camino-similar-al-de-la-llamada-revolucion-bolivariana\/","url_meta":{"origin":4259,"position":5},"title":"Eduardo Bolsonaro: \u00abChile seguir\u00e1 ahora un camino similar al de la llamada Revoluci\u00f3n Bolivariana\u00bb","date":"25 de diciembre de 2021","format":false,"excerpt":"El diputado brasile\u00f1o Eduardo Bolsonaro, hijo del mandatario Jair Bolsonaro, sugiri\u00f3 que el reciente presidente electo de Chile, Gabriel Boric, llevar\u00e1 a su pa\u00eds a una situaci\u00f3n similar a la que Venezuela lleg\u00f3 con Nicol\u00e1s Maduro.","rel":"","context":"En \u00abMundo\u00bb","img":{"alt_text":"","src":"https:\/\/i0.wp.com\/informatepy.com\/2021\/wp-content\/uploads\/2021\/09\/eduardo-bolsonaro-cpac.jpg?fit=1024%2C682&ssl=1&resize=350%2C200","width":350,"height":200},"classes":[]}],"authors":[{"term_id":1051,"user_id":4,"is_guest":0,"slug":"redaccion","display_name":"Redacci\u00f3n","avatar_url":"https:\/\/i0.wp.com\/informatepy.com\/2021\/wp-content\/uploads\/2021\/02\/informate-circulo.png?fit=96%2C96&ssl=1","first_name":"Redacci\u00f3n","last_name":"","user_url":"","description":""}],"amp_enabled":true,"_links":{"self":[{"href":"https:\/\/informatepy.com\/2021\/wp-json\/wp\/v2\/posts\/4259","targetHints":{"allow":["GET"]}}],"collection":[{"href":"https:\/\/informatepy.com\/2021\/wp-json\/wp\/v2\/posts"}],"about":[{"href":"https:\/\/informatepy.com\/2021\/wp-json\/wp\/v2\/types\/post"}],"author":[{"embeddable":true,"href":"https:\/\/informatepy.com\/2021\/wp-json\/wp\/v2\/users\/4"}],"replies":[{"embeddable":true,"href":"https:\/\/informatepy.com\/2021\/wp-json\/wp\/v2\/comments?post=4259"}],"version-history":[{"count":2,"href":"https:\/\/informatepy.com\/2021\/wp-json\/wp\/v2\/posts\/4259\/revisions"}],"predecessor-version":[{"id":4264,"href":"https:\/\/informatepy.com\/2021\/wp-json\/wp\/v2\/posts\/4259\/revisions\/4264"}],"wp:featuredmedia":[{"embeddable":true,"href":"https:\/\/informatepy.com\/2021\/wp-json\/wp\/v2\/media\/4261"}],"wp:attachment":[{"href":"https:\/\/informatepy.com\/2021\/wp-json\/wp\/v2\/media?parent=4259"}],"wp:term":[{"taxonomy":"category","embeddable":true,"href":"https:\/\/informatepy.com\/2021\/wp-json\/wp\/v2\/categories?post=4259"},{"taxonomy":"post_tag","embeddable":true,"href":"https:\/\/informatepy.com\/2021\/wp-json\/wp\/v2\/tags?post=4259"},{"taxonomy":"author","embeddable":true,"href":"https:\/\/informatepy.com\/2021\/wp-json\/wp\/v2\/ppma_author?post=4259"}],"curies":[{"name":"wp","href":"https:\/\/api.w.org\/{rel}","templated":true}]}}