{"id":3043,"date":"2021-02-07T17:29:00","date_gmt":"2021-02-07T17:29:00","guid":{"rendered":"http:\/\/informatepy.com\/2021\/?p=3043"},"modified":"2021-02-09T17:29:55","modified_gmt":"2021-02-09T17:29:55","slug":"la-activista-pro-aborto-de-brasil-debora-diniz-acusa-a-bolsonaro-de-persecucion-de-pedofilos","status":"publish","type":"post","link":"https:\/\/informatepy.com\/2021\/2021\/02\/07\/la-activista-pro-aborto-de-brasil-debora-diniz-acusa-a-bolsonaro-de-persecucion-de-pedofilos\/","title":{"rendered":"La activista Pro Aborto de Brasil, D\u00e9bora Diniz, acusa a Bolsonaro de \u00abpersecuci\u00f3n de ped\u00f3filos\u00bb"},"content":{"rendered":"\n<p>La activista pro aborto, D\u00e9bora Diniz, profesora de la Universidad de Brasilia (UnB), public\u00f3 en su perfil en la red social Instagram que una de las agendas prioritarias del presidente Jair Bolsonaro en el Congreso Nacional es la \u00abpersecuci\u00f3n de ped\u00f3filos\u00bb.<\/p>\n\n\n\n<figure class=\"wp-block-image size-large\"><img decoding=\"async\" src=\"https:\/\/i0.wp.com\/informatepy.com\/wp-content\/uploads\/2021\/02\/diniz-comentarios.png?w=740\" alt=\"\" class=\"wp-image-3644\" data-recalc-dims=\"1\"\/><\/figure>\n\n\n\n<p>En uno de sus posteos, de manera descarada acusa al presidente del Brasil de buscar facilitar el acceso a las armas, \u201cventajas\u201d para los agronegocios, de perseguir a pueblos ind\u00edgenas y perseguir a ped\u00f3filos.<\/p>\n\n\n\n<p><em><strong>\u00abLa perversidad parece compleja, pero no lo es. Sigue la misma l\u00f3gica paranoica [sic] que el patriarca que amplifica el miedo para justificar la truculencia. Por eso las armas y los ped\u00f3filos est\u00e1n en la misma agenda\u201d<\/strong><\/em>, escribi\u00f3 Diniz.<\/p>\n","protected":false},"excerpt":{"rendered":"<p>La activista pro aborto, D\u00e9bora Diniz, profesora de la Universidad de Brasilia (UnB), public\u00f3 en su perfil en la red social Instagram que una de las agendas prioritarias del presidente Jair Bolsonaro en el Congreso Nacional es la \u00abpersecuci\u00f3n de ped\u00f3filos\u00bb. En uno de sus posteos, de manera descarada acusa al presidente del Brasil de [&hellip;]<\/p>\n","protected":false},"author":1,"featured_media":3044,"comment_status":"open","ping_status":"open","sticky":false,"template":"","format":"standard","meta":{"_monsterinsights_skip_tracking":false,"_monsterinsights_sitenote_active":false,"_monsterinsights_sitenote_note":"","_monsterinsights_sitenote_category":0,"footnotes":"","jetpack_publicize_message":"","jetpack_is_tweetstorm":false,"jetpack_publicize_feature_enabled":true},"categories":[173],"tags":[970,562,667],"ppma_author":[1039],"class_list":["post-3043","post","type-post","status-publish","format-standard","has-post-thumbnail","hentry","category-mundo","tag-aborto","tag-bolsonaro","tag-jair-bolsonaro"],"jetpack_publicize_connections":[],"yoast_head":"<!-- This site is optimized with the Yoast SEO plugin v27.5 - https:\/\/yoast.com\/product\/yoast-seo-wordpress\/ -->\n<title>La activista Pro Aborto de Brasil, D\u00e9bora Diniz, acusa a Bolsonaro de &quot;persecuci\u00f3n de ped\u00f3filos&quot; - Informatepy<\/title>\n<meta name=\"robots\" content=\"index, follow, max-snippet:-1, max-image-preview:large, max-video-preview:-1\" \/>\n<link rel=\"canonical\" href=\"https:\/\/informatepy.com\/2021\/2021\/02\/07\/la-activista-pro-aborto-de-brasil-debora-diniz-acusa-a-bolsonaro-de-persecucion-de-pedofilos\/\" \/>\n<meta property=\"og:locale\" content=\"es_ES\" \/>\n<meta property=\"og:type\" content=\"article\" \/>\n<meta property=\"og:title\" content=\"La activista Pro Aborto de Brasil, D\u00e9bora Diniz, acusa a Bolsonaro de &quot;persecuci\u00f3n de ped\u00f3filos&quot; - Informatepy\" \/>\n<meta property=\"og:description\" content=\"La activista pro aborto, D\u00e9bora Diniz, profesora de la Universidad de Brasilia (UnB), public\u00f3 en su perfil en la red social Instagram que una de las agendas prioritarias del presidente Jair Bolsonaro en el Congreso Nacional es la \u00abpersecuci\u00f3n de ped\u00f3filos\u00bb. En uno de sus posteos, de manera descarada acusa al presidente del Brasil de [&hellip;]\" \/>\n<meta property=\"og:url\" content=\"https:\/\/informatepy.com\/2021\/2021\/02\/07\/la-activista-pro-aborto-de-brasil-debora-diniz-acusa-a-bolsonaro-de-persecucion-de-pedofilos\/\" \/>\n<meta property=\"og:site_name\" content=\"Informatepy\" \/>\n<meta property=\"article:published_time\" content=\"2021-02-07T17:29:00+00:00\" \/>\n<meta property=\"article:modified_time\" content=\"2021-02-09T17:29:55+00:00\" \/>\n<meta property=\"og:image\" content=\"https:\/\/i0.wp.com\/informatepy.com\/2021\/wp-content\/uploads\/2021\/02\/diniz-bolsonaro.jpg?fit=730%2C430&ssl=1\" \/>\n\t<meta property=\"og:image:width\" content=\"730\" \/>\n\t<meta property=\"og:image:height\" content=\"430\" \/>\n\t<meta property=\"og:image:type\" content=\"image\/jpeg\" \/>\n<meta name=\"author\" content=\"admin\" \/>\n<meta name=\"twitter:card\" content=\"summary_large_image\" \/>\n<meta name=\"twitter:label1\" content=\"Escrito por\" \/>\n\t<meta name=\"twitter:data1\" content=\"admin\" \/>\n\t<meta name=\"twitter:label2\" content=\"Tiempo de lectura\" \/>\n\t<meta name=\"twitter:data2\" content=\"1 minuto\" \/>\n<script type=\"application\/ld+json\" class=\"yoast-schema-graph\">{\"@context\":\"https:\\\/\\\/schema.org\",\"@graph\":[{\"@type\":\"Article\",\"@id\":\"https:\\\/\\\/informatepy.com\\\/2021\\\/2021\\\/02\\\/07\\\/la-activista-pro-aborto-de-brasil-debora-diniz-acusa-a-bolsonaro-de-persecucion-de-pedofilos\\\/#article\",\"isPartOf\":{\"@id\":\"https:\\\/\\\/informatepy.com\\\/2021\\\/2021\\\/02\\\/07\\\/la-activista-pro-aborto-de-brasil-debora-diniz-acusa-a-bolsonaro-de-persecucion-de-pedofilos\\\/\"},\"author\":{\"name\":\"admin\",\"@id\":\"https:\\\/\\\/informatepy.com\\\/2021\\\/#\\\/schema\\\/person\\\/edd302c981d6ba4596191719d1025a8a\"},\"headline\":\"La activista Pro Aborto de Brasil, D\u00e9bora Diniz, acusa a Bolsonaro de \u00abpersecuci\u00f3n de ped\u00f3filos\u00bb\",\"datePublished\":\"2021-02-07T17:29:00+00:00\",\"dateModified\":\"2021-02-09T17:29:55+00:00\",\"mainEntityOfPage\":{\"@id\":\"https:\\\/\\\/informatepy.com\\\/2021\\\/2021\\\/02\\\/07\\\/la-activista-pro-aborto-de-brasil-debora-diniz-acusa-a-bolsonaro-de-persecucion-de-pedofilos\\\/\"},\"wordCount\":140,\"commentCount\":0,\"publisher\":{\"@id\":\"https:\\\/\\\/informatepy.com\\\/2021\\\/#\\\/schema\\\/person\\\/edd302c981d6ba4596191719d1025a8a\"},\"image\":{\"@id\":\"https:\\\/\\\/informatepy.com\\\/2021\\\/2021\\\/02\\\/07\\\/la-activista-pro-aborto-de-brasil-debora-diniz-acusa-a-bolsonaro-de-persecucion-de-pedofilos\\\/#primaryimage\"},\"thumbnailUrl\":\"https:\\\/\\\/i0.wp.com\\\/informatepy.com\\\/2021\\\/wp-content\\\/uploads\\\/2021\\\/02\\\/diniz-bolsonaro.jpg?fit=730%2C430&ssl=1\",\"keywords\":[\"aborto\",\"bolsonaro\",\"jair bolsonaro\"],\"articleSection\":[\"Mundo\"],\"inLanguage\":\"es\",\"potentialAction\":[{\"@type\":\"CommentAction\",\"name\":\"Comment\",\"target\":[\"https:\\\/\\\/informatepy.com\\\/2021\\\/2021\\\/02\\\/07\\\/la-activista-pro-aborto-de-brasil-debora-diniz-acusa-a-bolsonaro-de-persecucion-de-pedofilos\\\/#respond\"]}]},{\"@type\":\"WebPage\",\"@id\":\"https:\\\/\\\/informatepy.com\\\/2021\\\/2021\\\/02\\\/07\\\/la-activista-pro-aborto-de-brasil-debora-diniz-acusa-a-bolsonaro-de-persecucion-de-pedofilos\\\/\",\"url\":\"https:\\\/\\\/informatepy.com\\\/2021\\\/2021\\\/02\\\/07\\\/la-activista-pro-aborto-de-brasil-debora-diniz-acusa-a-bolsonaro-de-persecucion-de-pedofilos\\\/\",\"name\":\"La activista Pro Aborto de Brasil, D\u00e9bora Diniz, acusa a Bolsonaro de \\\"persecuci\u00f3n de ped\u00f3filos\\\" - Informatepy\",\"isPartOf\":{\"@id\":\"https:\\\/\\\/informatepy.com\\\/2021\\\/#website\"},\"primaryImageOfPage\":{\"@id\":\"https:\\\/\\\/informatepy.com\\\/2021\\\/2021\\\/02\\\/07\\\/la-activista-pro-aborto-de-brasil-debora-diniz-acusa-a-bolsonaro-de-persecucion-de-pedofilos\\\/#primaryimage\"},\"image\":{\"@id\":\"https:\\\/\\\/informatepy.com\\\/2021\\\/2021\\\/02\\\/07\\\/la-activista-pro-aborto-de-brasil-debora-diniz-acusa-a-bolsonaro-de-persecucion-de-pedofilos\\\/#primaryimage\"},\"thumbnailUrl\":\"https:\\\/\\\/i0.wp.com\\\/informatepy.com\\\/2021\\\/wp-content\\\/uploads\\\/2021\\\/02\\\/diniz-bolsonaro.jpg?fit=730%2C430&ssl=1\",\"datePublished\":\"2021-02-07T17:29:00+00:00\",\"dateModified\":\"2021-02-09T17:29:55+00:00\",\"breadcrumb\":{\"@id\":\"https:\\\/\\\/informatepy.com\\\/2021\\\/2021\\\/02\\\/07\\\/la-activista-pro-aborto-de-brasil-debora-diniz-acusa-a-bolsonaro-de-persecucion-de-pedofilos\\\/#breadcrumb\"},\"inLanguage\":\"es\",\"potentialAction\":[{\"@type\":\"ReadAction\",\"target\":[\"https:\\\/\\\/informatepy.com\\\/2021\\\/2021\\\/02\\\/07\\\/la-activista-pro-aborto-de-brasil-debora-diniz-acusa-a-bolsonaro-de-persecucion-de-pedofilos\\\/\"]}]},{\"@type\":\"ImageObject\",\"inLanguage\":\"es\",\"@id\":\"https:\\\/\\\/informatepy.com\\\/2021\\\/2021\\\/02\\\/07\\\/la-activista-pro-aborto-de-brasil-debora-diniz-acusa-a-bolsonaro-de-persecucion-de-pedofilos\\\/#primaryimage\",\"url\":\"https:\\\/\\\/i0.wp.com\\\/informatepy.com\\\/2021\\\/wp-content\\\/uploads\\\/2021\\\/02\\\/diniz-bolsonaro.jpg?fit=730%2C430&ssl=1\",\"contentUrl\":\"https:\\\/\\\/i0.wp.com\\\/informatepy.com\\\/2021\\\/wp-content\\\/uploads\\\/2021\\\/02\\\/diniz-bolsonaro.jpg?fit=730%2C430&ssl=1\",\"width\":730,\"height\":430},{\"@type\":\"BreadcrumbList\",\"@id\":\"https:\\\/\\\/informatepy.com\\\/2021\\\/2021\\\/02\\\/07\\\/la-activista-pro-aborto-de-brasil-debora-diniz-acusa-a-bolsonaro-de-persecucion-de-pedofilos\\\/#breadcrumb\",\"itemListElement\":[{\"@type\":\"ListItem\",\"position\":1,\"name\":\"Portada\",\"item\":\"https:\\\/\\\/informatepy.com\\\/2021\\\/\"},{\"@type\":\"ListItem\",\"position\":2,\"name\":\"La activista Pro Aborto de Brasil, D\u00e9bora Diniz, acusa a Bolsonaro de \u00abpersecuci\u00f3n de ped\u00f3filos\u00bb\"}]},{\"@type\":\"WebSite\",\"@id\":\"https:\\\/\\\/informatepy.com\\\/2021\\\/#website\",\"url\":\"https:\\\/\\\/informatepy.com\\\/2021\\\/\",\"name\":\"Informatepy\",\"description\":\"La verdad, siempre!\",\"publisher\":{\"@id\":\"https:\\\/\\\/informatepy.com\\\/2021\\\/#\\\/schema\\\/person\\\/edd302c981d6ba4596191719d1025a8a\"},\"potentialAction\":[{\"@type\":\"SearchAction\",\"target\":{\"@type\":\"EntryPoint\",\"urlTemplate\":\"https:\\\/\\\/informatepy.com\\\/2021\\\/?s={search_term_string}\"},\"query-input\":{\"@type\":\"PropertyValueSpecification\",\"valueRequired\":true,\"valueName\":\"search_term_string\"}}],\"inLanguage\":\"es\"},{\"@type\":[\"Person\",\"Organization\"],\"@id\":\"https:\\\/\\\/informatepy.com\\\/2021\\\/#\\\/schema\\\/person\\\/edd302c981d6ba4596191719d1025a8a\",\"name\":\"admin\",\"image\":{\"@type\":\"ImageObject\",\"inLanguage\":\"es\",\"@id\":\"https:\\\/\\\/secure.gravatar.com\\\/avatar\\\/5310f602b6cbcfb86e030c4ccdbb78f6565a3b9bab6a74ab80fd3cb5428b65af?s=96&d=mm&r=g\",\"url\":\"https:\\\/\\\/secure.gravatar.com\\\/avatar\\\/5310f602b6cbcfb86e030c4ccdbb78f6565a3b9bab6a74ab80fd3cb5428b65af?s=96&d=mm&r=g\",\"contentUrl\":\"https:\\\/\\\/secure.gravatar.com\\\/avatar\\\/5310f602b6cbcfb86e030c4ccdbb78f6565a3b9bab6a74ab80fd3cb5428b65af?s=96&d=mm&r=g\",\"caption\":\"admin\"},\"logo\":{\"@id\":\"https:\\\/\\\/secure.gravatar.com\\\/avatar\\\/5310f602b6cbcfb86e030c4ccdbb78f6565a3b9bab6a74ab80fd3cb5428b65af?s=96&d=mm&r=g\"},\"sameAs\":[\"http:\\\/\\\/informatepy.com\\\/2021\"],\"url\":\"https:\\\/\\\/informatepy.com\\\/2021\\\/author\\\/admin\\\/\"}]}<\/script>\n<!-- \/ Yoast SEO plugin. -->","yoast_head_json":{"title":"La activista Pro Aborto de Brasil, D\u00e9bora Diniz, acusa a Bolsonaro de \"persecuci\u00f3n de ped\u00f3filos\" - Informatepy","robots":{"index":"index","follow":"follow","max-snippet":"max-snippet:-1","max-image-preview":"max-image-preview:large","max-video-preview":"max-video-preview:-1"},"canonical":"https:\/\/informatepy.com\/2021\/2021\/02\/07\/la-activista-pro-aborto-de-brasil-debora-diniz-acusa-a-bolsonaro-de-persecucion-de-pedofilos\/","og_locale":"es_ES","og_type":"article","og_title":"La activista Pro Aborto de Brasil, D\u00e9bora Diniz, acusa a Bolsonaro de \"persecuci\u00f3n de ped\u00f3filos\" - Informatepy","og_description":"La activista pro aborto, D\u00e9bora Diniz, profesora de la Universidad de Brasilia (UnB), public\u00f3 en su perfil en la red social Instagram que una de las agendas prioritarias del presidente Jair Bolsonaro en el Congreso Nacional es la \u00abpersecuci\u00f3n de ped\u00f3filos\u00bb. En uno de sus posteos, de manera descarada acusa al presidente del Brasil de [&hellip;]","og_url":"https:\/\/informatepy.com\/2021\/2021\/02\/07\/la-activista-pro-aborto-de-brasil-debora-diniz-acusa-a-bolsonaro-de-persecucion-de-pedofilos\/","og_site_name":"Informatepy","article_published_time":"2021-02-07T17:29:00+00:00","article_modified_time":"2021-02-09T17:29:55+00:00","og_image":[{"width":730,"height":430,"url":"https:\/\/i0.wp.com\/informatepy.com\/2021\/wp-content\/uploads\/2021\/02\/diniz-bolsonaro.jpg?fit=730%2C430&ssl=1","type":"image\/jpeg"}],"author":"admin","twitter_card":"summary_large_image","twitter_misc":{"Escrito por":"admin","Tiempo de lectura":"1 minuto"},"schema":{"@context":"https:\/\/schema.org","@graph":[{"@type":"Article","@id":"https:\/\/informatepy.com\/2021\/2021\/02\/07\/la-activista-pro-aborto-de-brasil-debora-diniz-acusa-a-bolsonaro-de-persecucion-de-pedofilos\/#article","isPartOf":{"@id":"https:\/\/informatepy.com\/2021\/2021\/02\/07\/la-activista-pro-aborto-de-brasil-debora-diniz-acusa-a-bolsonaro-de-persecucion-de-pedofilos\/"},"author":{"name":"admin","@id":"https:\/\/informatepy.com\/2021\/#\/schema\/person\/edd302c981d6ba4596191719d1025a8a"},"headline":"La activista Pro Aborto de Brasil, D\u00e9bora Diniz, acusa a Bolsonaro de \u00abpersecuci\u00f3n de ped\u00f3filos\u00bb","datePublished":"2021-02-07T17:29:00+00:00","dateModified":"2021-02-09T17:29:55+00:00","mainEntityOfPage":{"@id":"https:\/\/informatepy.com\/2021\/2021\/02\/07\/la-activista-pro-aborto-de-brasil-debora-diniz-acusa-a-bolsonaro-de-persecucion-de-pedofilos\/"},"wordCount":140,"commentCount":0,"publisher":{"@id":"https:\/\/informatepy.com\/2021\/#\/schema\/person\/edd302c981d6ba4596191719d1025a8a"},"image":{"@id":"https:\/\/informatepy.com\/2021\/2021\/02\/07\/la-activista-pro-aborto-de-brasil-debora-diniz-acusa-a-bolsonaro-de-persecucion-de-pedofilos\/#primaryimage"},"thumbnailUrl":"https:\/\/i0.wp.com\/informatepy.com\/2021\/wp-content\/uploads\/2021\/02\/diniz-bolsonaro.jpg?fit=730%2C430&ssl=1","keywords":["aborto","bolsonaro","jair bolsonaro"],"articleSection":["Mundo"],"inLanguage":"es","potentialAction":[{"@type":"CommentAction","name":"Comment","target":["https:\/\/informatepy.com\/2021\/2021\/02\/07\/la-activista-pro-aborto-de-brasil-debora-diniz-acusa-a-bolsonaro-de-persecucion-de-pedofilos\/#respond"]}]},{"@type":"WebPage","@id":"https:\/\/informatepy.com\/2021\/2021\/02\/07\/la-activista-pro-aborto-de-brasil-debora-diniz-acusa-a-bolsonaro-de-persecucion-de-pedofilos\/","url":"https:\/\/informatepy.com\/2021\/2021\/02\/07\/la-activista-pro-aborto-de-brasil-debora-diniz-acusa-a-bolsonaro-de-persecucion-de-pedofilos\/","name":"La activista Pro Aborto de Brasil, D\u00e9bora Diniz, acusa a Bolsonaro de \"persecuci\u00f3n de ped\u00f3filos\" - Informatepy","isPartOf":{"@id":"https:\/\/informatepy.com\/2021\/#website"},"primaryImageOfPage":{"@id":"https:\/\/informatepy.com\/2021\/2021\/02\/07\/la-activista-pro-aborto-de-brasil-debora-diniz-acusa-a-bolsonaro-de-persecucion-de-pedofilos\/#primaryimage"},"image":{"@id":"https:\/\/informatepy.com\/2021\/2021\/02\/07\/la-activista-pro-aborto-de-brasil-debora-diniz-acusa-a-bolsonaro-de-persecucion-de-pedofilos\/#primaryimage"},"thumbnailUrl":"https:\/\/i0.wp.com\/informatepy.com\/2021\/wp-content\/uploads\/2021\/02\/diniz-bolsonaro.jpg?fit=730%2C430&ssl=1","datePublished":"2021-02-07T17:29:00+00:00","dateModified":"2021-02-09T17:29:55+00:00","breadcrumb":{"@id":"https:\/\/informatepy.com\/2021\/2021\/02\/07\/la-activista-pro-aborto-de-brasil-debora-diniz-acusa-a-bolsonaro-de-persecucion-de-pedofilos\/#breadcrumb"},"inLanguage":"es","potentialAction":[{"@type":"ReadAction","target":["https:\/\/informatepy.com\/2021\/2021\/02\/07\/la-activista-pro-aborto-de-brasil-debora-diniz-acusa-a-bolsonaro-de-persecucion-de-pedofilos\/"]}]},{"@type":"ImageObject","inLanguage":"es","@id":"https:\/\/informatepy.com\/2021\/2021\/02\/07\/la-activista-pro-aborto-de-brasil-debora-diniz-acusa-a-bolsonaro-de-persecucion-de-pedofilos\/#primaryimage","url":"https:\/\/i0.wp.com\/informatepy.com\/2021\/wp-content\/uploads\/2021\/02\/diniz-bolsonaro.jpg?fit=730%2C430&ssl=1","contentUrl":"https:\/\/i0.wp.com\/informatepy.com\/2021\/wp-content\/uploads\/2021\/02\/diniz-bolsonaro.jpg?fit=730%2C430&ssl=1","width":730,"height":430},{"@type":"BreadcrumbList","@id":"https:\/\/informatepy.com\/2021\/2021\/02\/07\/la-activista-pro-aborto-de-brasil-debora-diniz-acusa-a-bolsonaro-de-persecucion-de-pedofilos\/#breadcrumb","itemListElement":[{"@type":"ListItem","position":1,"name":"Portada","item":"https:\/\/informatepy.com\/2021\/"},{"@type":"ListItem","position":2,"name":"La activista Pro Aborto de Brasil, D\u00e9bora Diniz, acusa a Bolsonaro de \u00abpersecuci\u00f3n de ped\u00f3filos\u00bb"}]},{"@type":"WebSite","@id":"https:\/\/informatepy.com\/2021\/#website","url":"https:\/\/informatepy.com\/2021\/","name":"Informatepy","description":"La verdad, siempre!","publisher":{"@id":"https:\/\/informatepy.com\/2021\/#\/schema\/person\/edd302c981d6ba4596191719d1025a8a"},"potentialAction":[{"@type":"SearchAction","target":{"@type":"EntryPoint","urlTemplate":"https:\/\/informatepy.com\/2021\/?s={search_term_string}"},"query-input":{"@type":"PropertyValueSpecification","valueRequired":true,"valueName":"search_term_string"}}],"inLanguage":"es"},{"@type":["Person","Organization"],"@id":"https:\/\/informatepy.com\/2021\/#\/schema\/person\/edd302c981d6ba4596191719d1025a8a","name":"admin","image":{"@type":"ImageObject","inLanguage":"es","@id":"https:\/\/secure.gravatar.com\/avatar\/5310f602b6cbcfb86e030c4ccdbb78f6565a3b9bab6a74ab80fd3cb5428b65af?s=96&d=mm&r=g","url":"https:\/\/secure.gravatar.com\/avatar\/5310f602b6cbcfb86e030c4ccdbb78f6565a3b9bab6a74ab80fd3cb5428b65af?s=96&d=mm&r=g","contentUrl":"https:\/\/secure.gravatar.com\/avatar\/5310f602b6cbcfb86e030c4ccdbb78f6565a3b9bab6a74ab80fd3cb5428b65af?s=96&d=mm&r=g","caption":"admin"},"logo":{"@id":"https:\/\/secure.gravatar.com\/avatar\/5310f602b6cbcfb86e030c4ccdbb78f6565a3b9bab6a74ab80fd3cb5428b65af?s=96&d=mm&r=g"},"sameAs":["http:\/\/informatepy.com\/2021"],"url":"https:\/\/informatepy.com\/2021\/author\/admin\/"}]}},"jetpack_featured_media_url":"https:\/\/i0.wp.com\/informatepy.com\/2021\/wp-content\/uploads\/2021\/02\/diniz-bolsonaro.jpg?fit=730%2C430&ssl=1","jetpack_sharing_enabled":true,"jetpack_likes_enabled":true,"jetpack-related-posts":[{"id":7875,"url":"https:\/\/informatepy.com\/2021\/2021\/10\/22\/the-economist-contra-jair-bolsonaro\/","url_meta":{"origin":3043,"position":0},"title":"The Economist contra Jair Bolsonaro","date":"22 de octubre de 2021","format":false,"excerpt":"En un art\u00edculo lleno de valoraciones maliciosas e incluso mentirosas, \"The Economist\", atac\u00f3 una vez m\u00e1s a Jair Bolsonaro. Ayer la\u00a0Comisi\u00f3n Parlamentaria de Investigaci\u00f3n\u00a0(CPI), instalada por el\u00a0Senado de Brasil\u00a0para investigar acciones y omisiones del gobierno de\u00a0Jair Bolsonaro\u00a0frente a la pandemia por\u00a0Covid-19,\u00a0lleg\u00f3 a la recta final y propone sancionar al presidente\u2026","rel":"","context":"En \u00abMundo\u00bb","img":{"alt_text":"","src":"https:\/\/i0.wp.com\/informatepy.com\/2021\/wp-content\/uploads\/2021\/10\/bolsonaro-vs-globalismo.png?fit=1200%2C675&ssl=1&resize=350%2C200","width":350,"height":200},"classes":[]},{"id":12014,"url":"https:\/\/informatepy.com\/2021\/2022\/06\/08\/a-menos-de-48-horas-de-verse-las-caras-jair-bolsonaro-vuelve-a-poner-en-duda-la-victoria-de-joe-biden\/","url_meta":{"origin":3043,"position":1},"title":"A menos de 48 horas de verse las caras, Jair Bolsonaro vuelve a poner en duda la victoria de Joe Biden","date":"8 de junio de 2022","format":false,"excerpt":"A menos de 2 d\u00edas de su reuni\u00f3n bilateral, Jair Bolsonaro, presidente de Brasil, vuelve a poner en duda la victoria de Joe Biden frente a Donald Trump.","rel":"","context":"En \u00abMundo\u00bb","img":{"alt_text":"","src":"https:\/\/i0.wp.com\/informatepy.com\/2021\/wp-content\/uploads\/2021\/09\/bolsonaro-y-trump.jpg?fit=1200%2C672&ssl=1&resize=350%2C200","width":350,"height":200},"classes":[]},{"id":7091,"url":"https:\/\/informatepy.com\/2021\/2021\/09\/13\/amo-al-presidente-de-brasil-trabaja-duro-declaro-trump\/","url_meta":{"origin":3043,"position":2},"title":"\u00abAmo al presidente de Brasil, trabaja duro\u00bb, declar\u00f3 Trump","date":"13 de septiembre de 2021","format":false,"excerpt":"El republicano estadounidense Donald Trump elogi\u00f3 al presidente brasile\u00f1o\u00a0Jair Bolsonaro\u00a0este domingo por la ma\u00f1ana (12). La declaraci\u00f3n se hizo durante el evento de boxeo 'Triller Fight Club Legends II' en Florida.\u00a0El expresidente actu\u00f3 como uno de los comentaristas de la festividad. Al mencionar a Jair Bolsonaro, Donald Trump se llen\u00f3\u2026","rel":"","context":"En \u00abMundo\u00bb","img":{"alt_text":"","src":"https:\/\/i0.wp.com\/informatepy.com\/2021\/wp-content\/uploads\/2021\/09\/bolsonaro-y-trump.jpg?fit=1200%2C672&ssl=1&resize=350%2C200","width":350,"height":200},"classes":[]},{"id":7010,"url":"https:\/\/informatepy.com\/2021\/2021\/09\/07\/brasil-sepulto-al-foro-de-sao-paulo-con-bolsonaro-y-ahora-impulsa-el-cpac\/","url_meta":{"origin":3043,"position":3},"title":"Brasil sepult\u00f3 al Foro de Sao Paulo con Bolsonaro y ahora impulsa el CPAC","date":"7 de septiembre de 2021","format":false,"excerpt":"\u00abUnidos, vamos a revertir la rabia socialista, que por donde ha pasado deja un rastro de asesinatos y miseria\u00bb, exclam\u00f3 el diputado Eduardo Bolsonaro desde Brasilia, en su rol de organizador del CPAC","rel":"","context":"En \u00abMundo\u00bb","img":{"alt_text":"","src":"https:\/\/i0.wp.com\/informatepy.com\/2021\/wp-content\/uploads\/2021\/09\/eduardo-bolsonaro-cpac.jpg?fit=1024%2C682&ssl=1&resize=350%2C200","width":350,"height":200},"classes":[]},{"id":6997,"url":"https:\/\/informatepy.com\/2021\/2021\/09\/06\/bolsonaro-contra-la-censura-en-redes-sociales\/","url_meta":{"origin":3043,"position":4},"title":"Bolsonaro contra la censura en redes sociales","date":"6 de septiembre de 2021","format":false,"excerpt":"El presidente de Brasil, Jair Bolsonaro, firm\u00f3 en v\u00edsperas de la marcha por la libertad del 7 de septiembre, un decreto por el cual queda protegido el derecho de los usuarios de todas las redes sociales a ejercer su libertad de expresi\u00f3n. De esta manera, las empresas conocidas como \"Big\u2026","rel":"","context":"En \u00abMundo\u00bb","img":{"alt_text":"","src":"https:\/\/i0.wp.com\/informatepy.com\/2021\/wp-content\/uploads\/2021\/09\/bolsonaro.jpg?fit=1200%2C800&ssl=1&resize=350%2C200","width":350,"height":200},"classes":[]},{"id":8828,"url":"https:\/\/informatepy.com\/2021\/2021\/12\/13\/abdo-y-bolsonaro-se-reunen-hoy-sin-una-definicion-sobre-la-tarifa-de-itaipu\/","url_meta":{"origin":3043,"position":5},"title":"Abdo y Bolsonaro se re\u00fanen hoy sin una definici\u00f3n sobre la tarifa de Itaip\u00fa","date":"13 de diciembre de 2021","format":false,"excerpt":"El presidente Abdo y su par de Brasil, Jair Bolsonaro se reunir\u00e1n hoy en Puerto Murtinho, Brasil y, seguramente, se tratar\u00e1 la tarifa de Itaip\u00fa para el 2022. Mientras que Paraguay pretende mantener el precio mientras que Bolsonaro prometi\u00f3 que bajar\u00eda, como parte de su campa\u00f1a por la reelecci\u00f3n presidencial.\u2026","rel":"","context":"En \u00abMundo\u00bb","img":{"alt_text":"","src":"https:\/\/i0.wp.com\/informatepy.com\/2021\/wp-content\/uploads\/2021\/08\/abdo-bolsonaro.jpg?fit=780%2C405&ssl=1&resize=350%2C200","width":350,"height":200},"classes":[]}],"authors":[{"term_id":1039,"user_id":1,"is_guest":0,"slug":"admin","display_name":"admin","avatar_url":"https:\/\/secure.gravatar.com\/avatar\/5310f602b6cbcfb86e030c4ccdbb78f6565a3b9bab6a74ab80fd3cb5428b65af?s=96&d=mm&r=g","first_name":"","last_name":"","user_url":"http:\/\/informatepy.com\/2021","description":""}],"amp_enabled":true,"_links":{"self":[{"href":"https:\/\/informatepy.com\/2021\/wp-json\/wp\/v2\/posts\/3043","targetHints":{"allow":["GET"]}}],"collection":[{"href":"https:\/\/informatepy.com\/2021\/wp-json\/wp\/v2\/posts"}],"about":[{"href":"https:\/\/informatepy.com\/2021\/wp-json\/wp\/v2\/types\/post"}],"author":[{"embeddable":true,"href":"https:\/\/informatepy.com\/2021\/wp-json\/wp\/v2\/users\/1"}],"replies":[{"embeddable":true,"href":"https:\/\/informatepy.com\/2021\/wp-json\/wp\/v2\/comments?post=3043"}],"version-history":[{"count":1,"href":"https:\/\/informatepy.com\/2021\/wp-json\/wp\/v2\/posts\/3043\/revisions"}],"predecessor-version":[{"id":3045,"href":"https:\/\/informatepy.com\/2021\/wp-json\/wp\/v2\/posts\/3043\/revisions\/3045"}],"wp:featuredmedia":[{"embeddable":true,"href":"https:\/\/informatepy.com\/2021\/wp-json\/wp\/v2\/media\/3044"}],"wp:attachment":[{"href":"https:\/\/informatepy.com\/2021\/wp-json\/wp\/v2\/media?parent=3043"}],"wp:term":[{"taxonomy":"category","embeddable":true,"href":"https:\/\/informatepy.com\/2021\/wp-json\/wp\/v2\/categories?post=3043"},{"taxonomy":"post_tag","embeddable":true,"href":"https:\/\/informatepy.com\/2021\/wp-json\/wp\/v2\/tags?post=3043"},{"taxonomy":"author","embeddable":true,"href":"https:\/\/informatepy.com\/2021\/wp-json\/wp\/v2\/ppma_author?post=3043"}],"curies":[{"name":"wp","href":"https:\/\/api.w.org\/{rel}","templated":true}]}}