{"id":3038,"date":"2021-02-07T17:13:00","date_gmt":"2021-02-07T17:13:00","guid":{"rendered":"http:\/\/informatepy.com\/2021\/?p=3038"},"modified":"2021-02-09T17:25:56","modified_gmt":"2021-02-09T17:25:56","slug":"ataques-xenofobos-a-paraguayos-en-redes-sociales","status":"publish","type":"post","link":"https:\/\/informatepy.com\/2021\/2021\/02\/07\/ataques-xenofobos-a-paraguayos-en-redes-sociales\/","title":{"rendered":"Ataques xen\u00f3fobos a paraguayos en redes sociales"},"content":{"rendered":"\n<p>Las redes sociales son un \u00e1mbito donde, generalmente, predomina la hipocres\u00eda y eso lo sabemos todos. Muchos usuarios defienden a propios y buscan destruir a extra\u00f1os por mucho menos.<\/p>\n\n\n\n<p>Ahora, el verdadero problema de la doble vara en las redes sociales radica cuando es la misma empresa que provee el servicio la que la aplica. Es decir, la responsabilidad de lo que escriba un usuario \u201cX\u201d comienza y termina en esa persona pero, cuando la responsabilidad de control falla, o lo que es peor, es hip\u00f3crita y abusiva, el problema es a\u00fan m\u00e1s grande y peligroso.<\/p>\n\n\n\n<p>En los \u00faltimos meses ha habido infinidad de casos que sirven de muestra respecto de la hipocres\u00eda de estas empresas, pero mayormente se trat\u00f3 de personalidades p\u00fablicas con capacidad de hacer llegar sus mensajes y sus reclamos por otros medios. Tambi\u00e9n, hubo de los otros casos, en los que los perjudicados son usuarios \u201cX\u201d; \u00bfQui\u00e9n vela por los derechos vulnerados de estos usuarios cuando las plataformas hacen caso omiso a las agresiones y discriminaciones?<\/p>\n\n\n\n<p>De los muchos casos que se dieron en los \u00faltimos d\u00edas en Espa\u00f1a con los seguidores de la fuerza pol\u00edtica de derecha Vox, o en Paraguay con quienes repudiaron la vandalizaci\u00f3n del edificio de la ANR, me llam\u00f3 poderosamente la atenci\u00f3n el sufrido por el columnista del medio digital \u00abEl Nacional\u00bb, <strong><em>Alan Redick.<\/em><\/strong><\/p>\n\n\n\n<figure class=\"wp-block-gallery columns-2 is-cropped wp-block-gallery-1 is-layout-flex wp-block-gallery-is-layout-flex\"><ul class=\"blocks-gallery-grid\"><li class=\"blocks-gallery-item\"><figure><img decoding=\"async\" src=\"https:\/\/i0.wp.com\/informatepy.com\/wp-content\/uploads\/2021\/02\/2-498x1024.jpg?resize=498%2C1024\" alt=\"\" data-id=\"3647\" data-full-url=\"http:\/\/informatepy.com\/wp-content\/uploads\/2021\/02\/2.jpg\" data-link=\"http:\/\/informatepy.com\/?attachment_id=3647\" class=\"wp-image-3647\" data-recalc-dims=\"1\"\/><\/figure><\/li><li class=\"blocks-gallery-item\"><figure><img decoding=\"async\" src=\"https:\/\/i0.wp.com\/informatepy.com\/wp-content\/uploads\/2021\/02\/1-498x1024.jpg?resize=498%2C1024\" alt=\"\" data-id=\"3648\" data-full-url=\"http:\/\/informatepy.com\/wp-content\/uploads\/2021\/02\/1.jpg\" data-link=\"http:\/\/informatepy.com\/?attachment_id=3648\" class=\"wp-image-3648\" data-recalc-dims=\"1\"\/><\/figure><\/li><\/ul><\/figure>\n\n\n\n<p>Alan Redick es un paraguayo que reside en los EEUU, y viene sufriendo ataques racistas y xen\u00f3fobos por parte del usuario conocido en Twitter como @DrAkivaRubin (Akiva Rubinstein). Este personaje se refiri\u00f3 a Redick de manera despectiva por su color de piel, en primer lugar para, inmediatamente despu\u00e9s, referirse a nuestro pa\u00eds como una aldea.<\/p>\n\n\n\n<figure class=\"wp-block-image size-large\"><img decoding=\"async\" src=\"https:\/\/i0.wp.com\/informatepy.com\/wp-content\/uploads\/2021\/02\/Akiva-Rubinstein.png?w=740\" alt=\"\" class=\"wp-image-3649\" data-recalc-dims=\"1\"\/><figcaption>Imagen de quien es conocido como @DrAkivaRubin en Twitter<\/figcaption><\/figure>\n\n\n\n<p>A pesar de que muchos usuarios notificaron las agresiones de este \u201csupremacista blanco\u201d, la red social twitter no tom\u00f3 ninguna medida al respecto, dejando en claro que hay violencia que es permitida y violencia que no.<\/p>\n","protected":false},"excerpt":{"rendered":"<p>Las redes sociales son un \u00e1mbito donde, generalmente, predomina la hipocres\u00eda y eso lo sabemos todos. Muchos usuarios defienden a propios y buscan destruir a extra\u00f1os por mucho menos. Ahora, el verdadero problema de la doble vara en las redes sociales radica cuando es la misma empresa que provee el servicio la que la aplica. [&hellip;]<\/p>\n","protected":false},"author":1,"featured_media":3039,"comment_status":"open","ping_status":"open","sticky":false,"template":"","format":"standard","meta":{"_monsterinsights_skip_tracking":false,"_monsterinsights_sitenote_active":false,"_monsterinsights_sitenote_note":"","_monsterinsights_sitenote_category":0,"footnotes":"","jetpack_publicize_message":"","jetpack_is_tweetstorm":false,"jetpack_publicize_feature_enabled":true},"categories":[177],"tags":[1045],"ppma_author":[1039],"class_list":["post-3038","post","type-post","status-publish","format-standard","has-post-thumbnail","hentry","category-nacionales","tag-racismo"],"jetpack_publicize_connections":[],"yoast_head":"<!-- This site is optimized with the Yoast SEO plugin v27.5 - https:\/\/yoast.com\/product\/yoast-seo-wordpress\/ -->\n<title>Ataques xen\u00f3fobos a paraguayos en redes sociales - Informatepy<\/title>\n<meta name=\"robots\" content=\"index, follow, max-snippet:-1, max-image-preview:large, max-video-preview:-1\" \/>\n<link rel=\"canonical\" href=\"https:\/\/informatepy.com\/2021\/2021\/02\/07\/ataques-xenofobos-a-paraguayos-en-redes-sociales\/\" \/>\n<meta property=\"og:locale\" content=\"es_ES\" \/>\n<meta property=\"og:type\" content=\"article\" \/>\n<meta property=\"og:title\" content=\"Ataques xen\u00f3fobos a paraguayos en redes sociales - Informatepy\" \/>\n<meta property=\"og:description\" content=\"Las redes sociales son un \u00e1mbito donde, generalmente, predomina la hipocres\u00eda y eso lo sabemos todos. Muchos usuarios defienden a propios y buscan destruir a extra\u00f1os por mucho menos. Ahora, el verdadero problema de la doble vara en las redes sociales radica cuando es la misma empresa que provee el servicio la que la aplica. [&hellip;]\" \/>\n<meta property=\"og:url\" content=\"https:\/\/informatepy.com\/2021\/2021\/02\/07\/ataques-xenofobos-a-paraguayos-en-redes-sociales\/\" \/>\n<meta property=\"og:site_name\" content=\"Informatepy\" \/>\n<meta property=\"article:published_time\" content=\"2021-02-07T17:13:00+00:00\" \/>\n<meta property=\"article:modified_time\" content=\"2021-02-09T17:25:56+00:00\" \/>\n<meta property=\"og:image\" content=\"https:\/\/i1.wp.com\/informatepy.com\/2021\/wp-content\/uploads\/2021\/02\/1Akiva-Rubinstein.png?fit=777%2C405&ssl=1\" \/>\n\t<meta property=\"og:image:width\" content=\"777\" \/>\n\t<meta property=\"og:image:height\" content=\"405\" \/>\n\t<meta property=\"og:image:type\" content=\"image\/png\" \/>\n<meta name=\"author\" content=\"admin\" \/>\n<meta name=\"twitter:card\" content=\"summary_large_image\" \/>\n<meta name=\"twitter:label1\" content=\"Escrito por\" \/>\n\t<meta name=\"twitter:data1\" content=\"admin\" \/>\n\t<meta name=\"twitter:label2\" content=\"Tiempo de lectura\" \/>\n\t<meta name=\"twitter:data2\" content=\"3 minutos\" \/>\n<script type=\"application\/ld+json\" class=\"yoast-schema-graph\">{\"@context\":\"https:\\\/\\\/schema.org\",\"@graph\":[{\"@type\":\"Article\",\"@id\":\"https:\\\/\\\/informatepy.com\\\/2021\\\/2021\\\/02\\\/07\\\/ataques-xenofobos-a-paraguayos-en-redes-sociales\\\/#article\",\"isPartOf\":{\"@id\":\"https:\\\/\\\/informatepy.com\\\/2021\\\/2021\\\/02\\\/07\\\/ataques-xenofobos-a-paraguayos-en-redes-sociales\\\/\"},\"author\":{\"name\":\"admin\",\"@id\":\"https:\\\/\\\/informatepy.com\\\/2021\\\/#\\\/schema\\\/person\\\/edd302c981d6ba4596191719d1025a8a\"},\"headline\":\"Ataques xen\u00f3fobos a paraguayos en redes sociales\",\"datePublished\":\"2021-02-07T17:13:00+00:00\",\"dateModified\":\"2021-02-09T17:25:56+00:00\",\"mainEntityOfPage\":{\"@id\":\"https:\\\/\\\/informatepy.com\\\/2021\\\/2021\\\/02\\\/07\\\/ataques-xenofobos-a-paraguayos-en-redes-sociales\\\/\"},\"wordCount\":348,\"commentCount\":0,\"publisher\":{\"@id\":\"https:\\\/\\\/informatepy.com\\\/2021\\\/#\\\/schema\\\/person\\\/edd302c981d6ba4596191719d1025a8a\"},\"image\":{\"@id\":\"https:\\\/\\\/informatepy.com\\\/2021\\\/2021\\\/02\\\/07\\\/ataques-xenofobos-a-paraguayos-en-redes-sociales\\\/#primaryimage\"},\"thumbnailUrl\":\"https:\\\/\\\/i0.wp.com\\\/informatepy.com\\\/2021\\\/wp-content\\\/uploads\\\/2021\\\/02\\\/1Akiva-Rubinstein.png?fit=777%2C405&ssl=1\",\"keywords\":[\"racismo\"],\"articleSection\":[\"Nacionales\"],\"inLanguage\":\"es\",\"potentialAction\":[{\"@type\":\"CommentAction\",\"name\":\"Comment\",\"target\":[\"https:\\\/\\\/informatepy.com\\\/2021\\\/2021\\\/02\\\/07\\\/ataques-xenofobos-a-paraguayos-en-redes-sociales\\\/#respond\"]}]},{\"@type\":\"WebPage\",\"@id\":\"https:\\\/\\\/informatepy.com\\\/2021\\\/2021\\\/02\\\/07\\\/ataques-xenofobos-a-paraguayos-en-redes-sociales\\\/\",\"url\":\"https:\\\/\\\/informatepy.com\\\/2021\\\/2021\\\/02\\\/07\\\/ataques-xenofobos-a-paraguayos-en-redes-sociales\\\/\",\"name\":\"Ataques xen\u00f3fobos a paraguayos en redes sociales - Informatepy\",\"isPartOf\":{\"@id\":\"https:\\\/\\\/informatepy.com\\\/2021\\\/#website\"},\"primaryImageOfPage\":{\"@id\":\"https:\\\/\\\/informatepy.com\\\/2021\\\/2021\\\/02\\\/07\\\/ataques-xenofobos-a-paraguayos-en-redes-sociales\\\/#primaryimage\"},\"image\":{\"@id\":\"https:\\\/\\\/informatepy.com\\\/2021\\\/2021\\\/02\\\/07\\\/ataques-xenofobos-a-paraguayos-en-redes-sociales\\\/#primaryimage\"},\"thumbnailUrl\":\"https:\\\/\\\/i0.wp.com\\\/informatepy.com\\\/2021\\\/wp-content\\\/uploads\\\/2021\\\/02\\\/1Akiva-Rubinstein.png?fit=777%2C405&ssl=1\",\"datePublished\":\"2021-02-07T17:13:00+00:00\",\"dateModified\":\"2021-02-09T17:25:56+00:00\",\"breadcrumb\":{\"@id\":\"https:\\\/\\\/informatepy.com\\\/2021\\\/2021\\\/02\\\/07\\\/ataques-xenofobos-a-paraguayos-en-redes-sociales\\\/#breadcrumb\"},\"inLanguage\":\"es\",\"potentialAction\":[{\"@type\":\"ReadAction\",\"target\":[\"https:\\\/\\\/informatepy.com\\\/2021\\\/2021\\\/02\\\/07\\\/ataques-xenofobos-a-paraguayos-en-redes-sociales\\\/\"]}]},{\"@type\":\"ImageObject\",\"inLanguage\":\"es\",\"@id\":\"https:\\\/\\\/informatepy.com\\\/2021\\\/2021\\\/02\\\/07\\\/ataques-xenofobos-a-paraguayos-en-redes-sociales\\\/#primaryimage\",\"url\":\"https:\\\/\\\/i0.wp.com\\\/informatepy.com\\\/2021\\\/wp-content\\\/uploads\\\/2021\\\/02\\\/1Akiva-Rubinstein.png?fit=777%2C405&ssl=1\",\"contentUrl\":\"https:\\\/\\\/i0.wp.com\\\/informatepy.com\\\/2021\\\/wp-content\\\/uploads\\\/2021\\\/02\\\/1Akiva-Rubinstein.png?fit=777%2C405&ssl=1\",\"width\":777,\"height\":405},{\"@type\":\"BreadcrumbList\",\"@id\":\"https:\\\/\\\/informatepy.com\\\/2021\\\/2021\\\/02\\\/07\\\/ataques-xenofobos-a-paraguayos-en-redes-sociales\\\/#breadcrumb\",\"itemListElement\":[{\"@type\":\"ListItem\",\"position\":1,\"name\":\"Portada\",\"item\":\"https:\\\/\\\/informatepy.com\\\/2021\\\/\"},{\"@type\":\"ListItem\",\"position\":2,\"name\":\"Ataques xen\u00f3fobos a paraguayos en redes sociales\"}]},{\"@type\":\"WebSite\",\"@id\":\"https:\\\/\\\/informatepy.com\\\/2021\\\/#website\",\"url\":\"https:\\\/\\\/informatepy.com\\\/2021\\\/\",\"name\":\"Informatepy\",\"description\":\"La verdad, siempre!\",\"publisher\":{\"@id\":\"https:\\\/\\\/informatepy.com\\\/2021\\\/#\\\/schema\\\/person\\\/edd302c981d6ba4596191719d1025a8a\"},\"potentialAction\":[{\"@type\":\"SearchAction\",\"target\":{\"@type\":\"EntryPoint\",\"urlTemplate\":\"https:\\\/\\\/informatepy.com\\\/2021\\\/?s={search_term_string}\"},\"query-input\":{\"@type\":\"PropertyValueSpecification\",\"valueRequired\":true,\"valueName\":\"search_term_string\"}}],\"inLanguage\":\"es\"},{\"@type\":[\"Person\",\"Organization\"],\"@id\":\"https:\\\/\\\/informatepy.com\\\/2021\\\/#\\\/schema\\\/person\\\/edd302c981d6ba4596191719d1025a8a\",\"name\":\"admin\",\"image\":{\"@type\":\"ImageObject\",\"inLanguage\":\"es\",\"@id\":\"https:\\\/\\\/secure.gravatar.com\\\/avatar\\\/5310f602b6cbcfb86e030c4ccdbb78f6565a3b9bab6a74ab80fd3cb5428b65af?s=96&d=mm&r=g\",\"url\":\"https:\\\/\\\/secure.gravatar.com\\\/avatar\\\/5310f602b6cbcfb86e030c4ccdbb78f6565a3b9bab6a74ab80fd3cb5428b65af?s=96&d=mm&r=g\",\"contentUrl\":\"https:\\\/\\\/secure.gravatar.com\\\/avatar\\\/5310f602b6cbcfb86e030c4ccdbb78f6565a3b9bab6a74ab80fd3cb5428b65af?s=96&d=mm&r=g\",\"caption\":\"admin\"},\"logo\":{\"@id\":\"https:\\\/\\\/secure.gravatar.com\\\/avatar\\\/5310f602b6cbcfb86e030c4ccdbb78f6565a3b9bab6a74ab80fd3cb5428b65af?s=96&d=mm&r=g\"},\"sameAs\":[\"http:\\\/\\\/informatepy.com\\\/2021\"],\"url\":\"https:\\\/\\\/informatepy.com\\\/2021\\\/author\\\/admin\\\/\"}]}<\/script>\n<!-- \/ Yoast SEO plugin. -->","yoast_head_json":{"title":"Ataques xen\u00f3fobos a paraguayos en redes sociales - Informatepy","robots":{"index":"index","follow":"follow","max-snippet":"max-snippet:-1","max-image-preview":"max-image-preview:large","max-video-preview":"max-video-preview:-1"},"canonical":"https:\/\/informatepy.com\/2021\/2021\/02\/07\/ataques-xenofobos-a-paraguayos-en-redes-sociales\/","og_locale":"es_ES","og_type":"article","og_title":"Ataques xen\u00f3fobos a paraguayos en redes sociales - Informatepy","og_description":"Las redes sociales son un \u00e1mbito donde, generalmente, predomina la hipocres\u00eda y eso lo sabemos todos. Muchos usuarios defienden a propios y buscan destruir a extra\u00f1os por mucho menos. Ahora, el verdadero problema de la doble vara en las redes sociales radica cuando es la misma empresa que provee el servicio la que la aplica. [&hellip;]","og_url":"https:\/\/informatepy.com\/2021\/2021\/02\/07\/ataques-xenofobos-a-paraguayos-en-redes-sociales\/","og_site_name":"Informatepy","article_published_time":"2021-02-07T17:13:00+00:00","article_modified_time":"2021-02-09T17:25:56+00:00","og_image":[{"width":777,"height":405,"url":"https:\/\/i1.wp.com\/informatepy.com\/2021\/wp-content\/uploads\/2021\/02\/1Akiva-Rubinstein.png?fit=777%2C405&ssl=1","type":"image\/png"}],"author":"admin","twitter_card":"summary_large_image","twitter_misc":{"Escrito por":"admin","Tiempo de lectura":"3 minutos"},"schema":{"@context":"https:\/\/schema.org","@graph":[{"@type":"Article","@id":"https:\/\/informatepy.com\/2021\/2021\/02\/07\/ataques-xenofobos-a-paraguayos-en-redes-sociales\/#article","isPartOf":{"@id":"https:\/\/informatepy.com\/2021\/2021\/02\/07\/ataques-xenofobos-a-paraguayos-en-redes-sociales\/"},"author":{"name":"admin","@id":"https:\/\/informatepy.com\/2021\/#\/schema\/person\/edd302c981d6ba4596191719d1025a8a"},"headline":"Ataques xen\u00f3fobos a paraguayos en redes sociales","datePublished":"2021-02-07T17:13:00+00:00","dateModified":"2021-02-09T17:25:56+00:00","mainEntityOfPage":{"@id":"https:\/\/informatepy.com\/2021\/2021\/02\/07\/ataques-xenofobos-a-paraguayos-en-redes-sociales\/"},"wordCount":348,"commentCount":0,"publisher":{"@id":"https:\/\/informatepy.com\/2021\/#\/schema\/person\/edd302c981d6ba4596191719d1025a8a"},"image":{"@id":"https:\/\/informatepy.com\/2021\/2021\/02\/07\/ataques-xenofobos-a-paraguayos-en-redes-sociales\/#primaryimage"},"thumbnailUrl":"https:\/\/i0.wp.com\/informatepy.com\/2021\/wp-content\/uploads\/2021\/02\/1Akiva-Rubinstein.png?fit=777%2C405&ssl=1","keywords":["racismo"],"articleSection":["Nacionales"],"inLanguage":"es","potentialAction":[{"@type":"CommentAction","name":"Comment","target":["https:\/\/informatepy.com\/2021\/2021\/02\/07\/ataques-xenofobos-a-paraguayos-en-redes-sociales\/#respond"]}]},{"@type":"WebPage","@id":"https:\/\/informatepy.com\/2021\/2021\/02\/07\/ataques-xenofobos-a-paraguayos-en-redes-sociales\/","url":"https:\/\/informatepy.com\/2021\/2021\/02\/07\/ataques-xenofobos-a-paraguayos-en-redes-sociales\/","name":"Ataques xen\u00f3fobos a paraguayos en redes sociales - Informatepy","isPartOf":{"@id":"https:\/\/informatepy.com\/2021\/#website"},"primaryImageOfPage":{"@id":"https:\/\/informatepy.com\/2021\/2021\/02\/07\/ataques-xenofobos-a-paraguayos-en-redes-sociales\/#primaryimage"},"image":{"@id":"https:\/\/informatepy.com\/2021\/2021\/02\/07\/ataques-xenofobos-a-paraguayos-en-redes-sociales\/#primaryimage"},"thumbnailUrl":"https:\/\/i0.wp.com\/informatepy.com\/2021\/wp-content\/uploads\/2021\/02\/1Akiva-Rubinstein.png?fit=777%2C405&ssl=1","datePublished":"2021-02-07T17:13:00+00:00","dateModified":"2021-02-09T17:25:56+00:00","breadcrumb":{"@id":"https:\/\/informatepy.com\/2021\/2021\/02\/07\/ataques-xenofobos-a-paraguayos-en-redes-sociales\/#breadcrumb"},"inLanguage":"es","potentialAction":[{"@type":"ReadAction","target":["https:\/\/informatepy.com\/2021\/2021\/02\/07\/ataques-xenofobos-a-paraguayos-en-redes-sociales\/"]}]},{"@type":"ImageObject","inLanguage":"es","@id":"https:\/\/informatepy.com\/2021\/2021\/02\/07\/ataques-xenofobos-a-paraguayos-en-redes-sociales\/#primaryimage","url":"https:\/\/i0.wp.com\/informatepy.com\/2021\/wp-content\/uploads\/2021\/02\/1Akiva-Rubinstein.png?fit=777%2C405&ssl=1","contentUrl":"https:\/\/i0.wp.com\/informatepy.com\/2021\/wp-content\/uploads\/2021\/02\/1Akiva-Rubinstein.png?fit=777%2C405&ssl=1","width":777,"height":405},{"@type":"BreadcrumbList","@id":"https:\/\/informatepy.com\/2021\/2021\/02\/07\/ataques-xenofobos-a-paraguayos-en-redes-sociales\/#breadcrumb","itemListElement":[{"@type":"ListItem","position":1,"name":"Portada","item":"https:\/\/informatepy.com\/2021\/"},{"@type":"ListItem","position":2,"name":"Ataques xen\u00f3fobos a paraguayos en redes sociales"}]},{"@type":"WebSite","@id":"https:\/\/informatepy.com\/2021\/#website","url":"https:\/\/informatepy.com\/2021\/","name":"Informatepy","description":"La verdad, siempre!","publisher":{"@id":"https:\/\/informatepy.com\/2021\/#\/schema\/person\/edd302c981d6ba4596191719d1025a8a"},"potentialAction":[{"@type":"SearchAction","target":{"@type":"EntryPoint","urlTemplate":"https:\/\/informatepy.com\/2021\/?s={search_term_string}"},"query-input":{"@type":"PropertyValueSpecification","valueRequired":true,"valueName":"search_term_string"}}],"inLanguage":"es"},{"@type":["Person","Organization"],"@id":"https:\/\/informatepy.com\/2021\/#\/schema\/person\/edd302c981d6ba4596191719d1025a8a","name":"admin","image":{"@type":"ImageObject","inLanguage":"es","@id":"https:\/\/secure.gravatar.com\/avatar\/5310f602b6cbcfb86e030c4ccdbb78f6565a3b9bab6a74ab80fd3cb5428b65af?s=96&d=mm&r=g","url":"https:\/\/secure.gravatar.com\/avatar\/5310f602b6cbcfb86e030c4ccdbb78f6565a3b9bab6a74ab80fd3cb5428b65af?s=96&d=mm&r=g","contentUrl":"https:\/\/secure.gravatar.com\/avatar\/5310f602b6cbcfb86e030c4ccdbb78f6565a3b9bab6a74ab80fd3cb5428b65af?s=96&d=mm&r=g","caption":"admin"},"logo":{"@id":"https:\/\/secure.gravatar.com\/avatar\/5310f602b6cbcfb86e030c4ccdbb78f6565a3b9bab6a74ab80fd3cb5428b65af?s=96&d=mm&r=g"},"sameAs":["http:\/\/informatepy.com\/2021"],"url":"https:\/\/informatepy.com\/2021\/author\/admin\/"}]}},"jetpack_featured_media_url":"https:\/\/i0.wp.com\/informatepy.com\/2021\/wp-content\/uploads\/2021\/02\/1Akiva-Rubinstein.png?fit=777%2C405&ssl=1","jetpack_sharing_enabled":true,"jetpack_likes_enabled":true,"jetpack-related-posts":[{"id":5922,"url":"https:\/\/informatepy.com\/2021\/2021\/07\/22\/hipocresia-2\/","url_meta":{"origin":3038,"position":0},"title":"Hipocres\u00eda","date":"22 de julio de 2021","format":false,"excerpt":"Ayer asistimos una vez m\u00e1s a un hecho bochornoso en la c\u00e1mara de Diputados, cuando el diputado Roberto Gonz\u00e1lez refiri\u00e9ndose, directa o indirectamente, a la diputada Amarilla como \u201cputita con escapulario\u201d. Como era de esperar se gener\u00f3 un sinn\u00famero de \u201ccruces\u201d entre quienes defienden a uno y quienes interpretan distinto\u2026","rel":"","context":"En \u00abNacionales\u00bb","img":{"alt_text":"","src":"https:\/\/i0.wp.com\/informatepy.com\/2021\/wp-content\/uploads\/2021\/07\/bibi-lando.jpg?fit=1080%2C956&ssl=1&resize=350%2C200","width":350,"height":200},"classes":[]},{"id":12639,"url":"https:\/\/informatepy.com\/2021\/2022\/07\/13\/twitter-demando-a-elon-musk-por-incumplimiento-de-contrato-para-obligarle-a-que-compre\/","url_meta":{"origin":3038,"position":1},"title":"Twitter demand\u00f3 a Elon Musk por incumplimiento de contrato para obligarle a que compre","date":"13 de julio de 2022","format":false,"excerpt":"La compa\u00f1\u00eda exige al hombre m\u00e1s rico del mundo \u201cque responda a sus obligaciones contractuales\u201d","rel":"","context":"En \u00abCiencia y Tecnolog\u00eda\u00bb","img":{"alt_text":"","src":"https:\/\/i0.wp.com\/informatepy.com\/2021\/wp-content\/uploads\/2022\/03\/elon-musk-twitter.jpg?fit=1200%2C600&ssl=1&resize=350%2C200","width":350,"height":200},"classes":[]},{"id":12806,"url":"https:\/\/informatepy.com\/2021\/2022\/07\/24\/la-hipocresia-progresista-ii\/","url_meta":{"origin":3038,"position":2},"title":"La hipocres\u00eda progresista II","date":"24 de julio de 2022","format":false,"excerpt":"Hace poco m\u00e1s de un a\u00f1o, en ocasi\u00f3n del mes del \"Orgullo (?) gay\" escrib\u00ed acerca de la hipocres\u00eda progresista, en ese momento fue una cr\u00edtica a las empresas que a lo largo del mes, en los pa\u00edses libres sin importar el sentido del pueblo, te bombardeaban con banderas arco\u00edris\u2026","rel":"","context":"En \u00abNacionales\u00bb","img":{"alt_text":"","src":"https:\/\/i0.wp.com\/informatepy.com\/2021\/wp-content\/uploads\/2022\/07\/carlos-gomez.jpg?fit=1200%2C699&ssl=1&resize=350%2C200","width":350,"height":200},"classes":[]},{"id":5197,"url":"https:\/\/informatepy.com\/2021\/2021\/06\/03\/la-hipocresia-progresista\/","url_meta":{"origin":3038,"position":3},"title":"La hipocres\u00eda progresista","date":"3 de junio de 2021","format":false,"excerpt":"Lleg\u00f3 junio, lleg\u00f3 el mes del orgullo gay y con ellos la hipocres\u00eda.","rel":"","context":"En \u00abAnalisis\u00bb","img":{"alt_text":"","src":"https:\/\/i0.wp.com\/informatepy.com\/2021\/wp-content\/uploads\/2021\/06\/bmw-gay-friendly.jpg?fit=1200%2C782&ssl=1&resize=350%2C200","width":350,"height":200},"classes":[]},{"id":2018,"url":"https:\/\/informatepy.com\/2021\/2020\/06\/13\/cuando-hablabamos-de-hipocresia-llego-esperanza-martinez\/","url_meta":{"origin":3038,"position":4},"title":"Cuando habl\u00e1bamos de hipocres\u00eda&#8230; lleg\u00f3 Esperanza Mart\u00ednez","date":"13 de junio de 2020","format":false,"excerpt":"Hoy, una vez m\u00e1s (y van...) la izquierda vern\u00e1cula nos da una muestra de los niveles de hipocres\u00eda que pueden llegar a alcanzar. Seg\u00fan informaron distintos medios de prensa, locales y de Argentina, el hijo de la Senadora y l\u00edder bloque de senadores del Frente Guas\u00fa, Esperanza Mart\u00ednez, fue detenido\u2026","rel":"","context":"En \u00abNacionales\u00bb","img":{"alt_text":"","src":"https:\/\/i0.wp.com\/informatepy.com\/2021\/wp-content\/uploads\/2021\/06\/esperanza-martinez.jpg?fit=700%2C394&ssl=1&resize=350%2C200","width":350,"height":200},"classes":[]},{"id":2351,"url":"https:\/\/informatepy.com\/2021\/2020\/12\/14\/que-pasa-ministro-esta-nervioso\/","url_meta":{"origin":3038,"position":5},"title":"\u00bfQu\u00e9 pasa, Ministro? \u00bfEst\u00e1 nervioso?","date":"14 de diciembre de 2020","format":false,"excerpt":"En la noche del domingo, se\u00f1or ministro, tuvo usted la desacertada idea de salir a pedir m\u00e1s impuestos a un sector en particular, el tabaco. Digo desacertadas no porque crea o no que sea necesario, sino porque no es la persona m\u00e1s indicada para hablar de hipocres\u00eda. \u00bfQuiere saber por\u2026","rel":"","context":"En \u00abDestacados\u00bb","img":{"alt_text":"","src":"https:\/\/i0.wp.com\/informatepy.com\/2021\/wp-content\/uploads\/2021\/06\/julio-mazzoleni.jpg?fit=760%2C420&ssl=1&resize=350%2C200","width":350,"height":200},"classes":[]}],"authors":[{"term_id":1039,"user_id":1,"is_guest":0,"slug":"admin","display_name":"admin","avatar_url":"https:\/\/secure.gravatar.com\/avatar\/5310f602b6cbcfb86e030c4ccdbb78f6565a3b9bab6a74ab80fd3cb5428b65af?s=96&d=mm&r=g","first_name":"","last_name":"","user_url":"http:\/\/informatepy.com\/2021","description":""}],"amp_enabled":true,"_links":{"self":[{"href":"https:\/\/informatepy.com\/2021\/wp-json\/wp\/v2\/posts\/3038","targetHints":{"allow":["GET"]}}],"collection":[{"href":"https:\/\/informatepy.com\/2021\/wp-json\/wp\/v2\/posts"}],"about":[{"href":"https:\/\/informatepy.com\/2021\/wp-json\/wp\/v2\/types\/post"}],"author":[{"embeddable":true,"href":"https:\/\/informatepy.com\/2021\/wp-json\/wp\/v2\/users\/1"}],"replies":[{"embeddable":true,"href":"https:\/\/informatepy.com\/2021\/wp-json\/wp\/v2\/comments?post=3038"}],"version-history":[{"count":2,"href":"https:\/\/informatepy.com\/2021\/wp-json\/wp\/v2\/posts\/3038\/revisions"}],"predecessor-version":[{"id":3041,"href":"https:\/\/informatepy.com\/2021\/wp-json\/wp\/v2\/posts\/3038\/revisions\/3041"}],"wp:featuredmedia":[{"embeddable":true,"href":"https:\/\/informatepy.com\/2021\/wp-json\/wp\/v2\/media\/3039"}],"wp:attachment":[{"href":"https:\/\/informatepy.com\/2021\/wp-json\/wp\/v2\/media?parent=3038"}],"wp:term":[{"taxonomy":"category","embeddable":true,"href":"https:\/\/informatepy.com\/2021\/wp-json\/wp\/v2\/categories?post=3038"},{"taxonomy":"post_tag","embeddable":true,"href":"https:\/\/informatepy.com\/2021\/wp-json\/wp\/v2\/tags?post=3038"},{"taxonomy":"author","embeddable":true,"href":"https:\/\/informatepy.com\/2021\/wp-json\/wp\/v2\/ppma_author?post=3038"}],"curies":[{"name":"wp","href":"https:\/\/api.w.org\/{rel}","templated":true}]}}