{"id":2486,"date":"2021-01-31T20:21:00","date_gmt":"2021-01-31T20:21:00","guid":{"rendered":"http:\/\/informatepy.com\/2021\/2021\/01\/31\/medico-paraguayo-alienta-a-usar-la-ivermectina-para-curar-el-covid-19\/"},"modified":"2021-01-31T20:21:00","modified_gmt":"2021-01-31T20:21:00","slug":"medico-paraguayo-alienta-a-usar-la-ivermectina-para-curar-el-covid-19","status":"publish","type":"post","link":"https:\/\/informatepy.com\/2021\/2021\/01\/31\/medico-paraguayo-alienta-a-usar-la-ivermectina-para-curar-el-covid-19\/","title":{"rendered":"M\u00e9dico paraguayo alienta a usar la Ivermectina para curar el Covid-19"},"content":{"rendered":"\n<p>El doctor V\u00edctor Villa, m\u00e9dico intensivista, asegur\u00f3 con firmeza que la ivermectina \u00abes efectiva\u00bb contra el Covid-19. Se trata un f\u00e1rmaco antiparasitario desarrollado durante la d\u00e9cada de 1.970 tras una asociaci\u00f3n entre el instituto Kitasato en Jap\u00f3n y Merck &amp; Co. Villa asegura la efectividad del medicamento contra el coronavirus y exige al Ministerio de Salud que autorice su uso.<\/p>\n\n\n\n<p>Aunados a todos los estudios Latinoamericanos sobre la ivermectina, el estudio reportado por americanos est\u00e1 muy cerca de su aprobaci\u00f3n por la Administraci\u00f3n de Alimentos y Medicamentos de los Estados Unidos (<em>FDA<\/em>) como medida de emergencia .<\/p>\n\n\n\n<p>Villa explica, que con todos estos estudios, m\u00e1s el de Carvallo en Argentina y el de Carlos Chaccour en Espa\u00f1a, la cartera sanitaria no deber\u00eda de hacer ning\u00fan estudio cient\u00edfico m\u00e1s, pues el tiempo apremia y las conclusiones ser\u00edan igual a estos art\u00edculos y \u00abestar\u00edan tirando millones de guaran\u00edes cuando se podr\u00eda ya empezar su uso e invertir G. 32.000 que cuesta una caja para el pueblo como lo hacen 10 provincias en Argentina, Brasil y otros pa\u00edses\u00bb.<\/p>\n\n\n\n<p>El punto del intensivista es que en Paraguay se acepte de emergencia como medida compasiva su uso para salvar vidas.<\/p>\n\n\n\n<h5 class=\"wp-block-heading\">\u00abNadie me proh\u00edbe su uso\u00bb<\/h5>\n\n\n\n<p>Seg\u00fan el doctor Villa, hay varios estudios de m\u00e9dicos norteamericanos as\u00ed como una monta\u00f1a de evidencia. \u00abDesde abril de 2020 el equipo australiano pillo ah\u00ed en el laboratorio que la ivermectina mata al coronavirus en el laboratorio de ah\u00ed se empezaron. El genio de Am\u00e9rica se llama H\u00e9ctor Carballo un argentino que tiene muchos estudios y dice que la ivermectina funciona como profil\u00e1ctico y tratamiento. eso dicen los estudios tambi\u00e9n de otros profesionales, que disminuye la carga viral\u00bb, asever\u00f3.<\/p>\n\n\n\n<p>\u00abYo receto desde setiembre, alce un video en el Facebook y despu\u00e9s me cortaron pero\u00a0 ni Mazzoleni ni Vigilancia Sanitaria se anima a prohibirme el uso de la ivermetina porque ahora ya hay mucha evidencia, yo creo que el 70% ya estamos medicados\u00bb asegura el profesional.<\/p>\n\n\n\n<p>Indic\u00f3 que todos los m\u00e9dicos est\u00e1n recetando pero el ministerio de Salud todav\u00eda no autoriza su uso para Covid-19\u00a0 pero existe una normativa que habla de medidas compasivas que si un medico lee que hay una enfermedad que no tiene tratamiento y el medico lee que no tiene muchos efectos colaterales puede usar, \u00aben ese nos basamos nosotros para usar las medidas de emergencia\u00bb expresa.<\/p>\n\n\n\n<h5 class=\"wp-block-heading\">Solicita a Mazzoleni autorizaci\u00f3n de uso<\/h5>\n\n\n\n<p>El Dr. Villa manifiesta que todos los estudios hablan de que anda en profil\u00e1ctico y anda en tratamiento, y hay una dosis de profil\u00e1ctica.<\/p>\n\n\n\n<p>\u00abEl equipo argentino agarro 6 hospitales se hizo un estudio grande cient\u00edfico con el Garrahan, en el Ezeiza no es as\u00ed nomas y quieren hacer ac\u00e1 gastar 400 a 600 millones para que si ya est\u00e1 demostrado, para que vamos a gastar esa plata? En los hospitales no hay atracurio no hay dormico son 50 ampollascon un costo 2 millones de guaran\u00edes por d\u00eda\u00bb indic\u00f3. El profesional inst\u00f3 a que en vez de gastar en estudios que se destine esos 650 millones en medicamentos para terapia que faltan, dijo.<\/p>\n\n\n\n<p>\u00abTienen que comprar medicamentos no andar gastando en investigaci\u00f3n no es el momento\u00bb reclam\u00f3.<\/p>\n\n\n\n<p>\u00abMazzoleni ten\u00e9 la valent\u00eda como los ministros de 10 provincias de Argentina que como es un gobierno federal ah\u00ed el gobernador y el ministro de salud de cada provincia autoriza y ya esta autorizado en Salta, en Corrientes, Jujui, R\u00edo Negro, Chubut, Misiones, que tengan la valent\u00eda y no esperen que la OMS o OPS den la autorizaci\u00f3n porque en los siguientes meses va a seguir muriendo gente\u00bb se lament\u00f3 el profesional.<\/p>\n\n\n\n<p>El doctor Villa fue el \u00fanico que dio la cara el 7 de setiembre cuando en agosto ley\u00f3 todos los estudios por ejemplo en Chile, se trat\u00f3 3500 pacientes y todos se curaron con invermectina, el profesor Redondo en Republica Dominicana trato a 5.000 pacientes que estudio y se curo con invermectina, asegura.<\/p>\n\n\n\n<p>Villa habla sobre tratamiento de Covid, desde hace 1 a\u00f1o que esta leyendo hizo el curso de terapia intensiva del Covid particip\u00f3 de todos los webinar, pasando de terapias con el rendivisidir y sus efectos positivos o no, hasta llegar a la invermetina.<\/p>\n\n\n\n<h5 class=\"wp-block-heading\">Vacuna Covid<\/h5>\n\n\n\n<p>Consultado sobre las vacunas que se desarrollaron en todo el mundo indica que no conoce de su efectividad pero lo que si puede decir\u00a0 es que le parece muy r\u00e1pido, \u00abporque para aprobar una vacuna pasan 3, 4 y 5 a\u00f1os; eso es lo \u00fanico que puedo decir\u00bb dijo.<\/p>\n\n\n\n<h5 class=\"wp-block-heading\">Ivermectina apto para todos<\/h5>\n\n\n\n<p>En cuanto a las restricciones en su uso, expres\u00f3 que est\u00e1 contraindicado en ni\u00f1os, embarazadas y en ancianos. Agreg\u00f3, que puede ocasionar, en algunas personas, diarrea y desequilibrio hydroelectrol\u00edtico que causar\u00eda confusi\u00f3n.<\/p>\n\n\n\n<p>\u00abA m\u00ed poco me dio. Solamente diarrea y picaz\u00f3n. En las 5 contraindicaciones, hay indicaciones absolutas y relativas; las 5 indicaciones absolutas son: embarazo, lactancia, menos de 5 a\u00f1os, menos de 15 kilos y meningitis. Los pacientes con diabetes, hipertensi\u00f3n, c\u00e1ncer o leucemia, pueden tomar. Es una droga muy noble, en 41 a\u00f1os que se usa nunca mat\u00f3 a nadie\u00bb, indica.<\/p>\n\n\n\n<p>En cuanto al efecto post covid dijo que lo m\u00e1ximo que tuvo es diarrea, \u00abhay 12 que tuvieron mucha diarrea, pero se les paso en 4-5 d\u00edas, no mucho. Tambi\u00e9n tuve Prurito (picaz\u00f3n), a algunos le dio dolor de cabeza. Jam\u00e1s nadie tuvo convulsi\u00f3n\u2026 \u00ab.\u00a0 finaliz\u00f3 el m\u00e9dico.<\/p>\n","protected":false},"excerpt":{"rendered":"<p>El doctor V\u00edctor Villa, m\u00e9dico intensivista, asegur\u00f3 con firmeza que la ivermectina \u00abes efectiva\u00bb contra el Covid-19. Se trata un f\u00e1rmaco antiparasitario desarrollado durante la d\u00e9cada de 1.970 tras una asociaci\u00f3n entre el instituto Kitasato en Jap\u00f3n y Merck &amp; Co. Villa asegura la efectividad del medicamento contra el coronavirus y exige al Ministerio de [&hellip;]<\/p>\n","protected":false},"author":1,"featured_media":2487,"comment_status":"open","ping_status":"closed","sticky":false,"template":"","format":"standard","meta":{"_monsterinsights_skip_tracking":false,"_monsterinsights_sitenote_active":false,"_monsterinsights_sitenote_note":"","_monsterinsights_sitenote_category":0,"footnotes":"","jetpack_publicize_message":"","jetpack_is_tweetstorm":false,"jetpack_publicize_feature_enabled":true},"categories":[216,1],"tags":[990,802,819,803,1029],"ppma_author":[1039],"class_list":["post-2486","post","type-post","status-publish","format-standard","has-post-thumbnail","hentry","category-salud","category-sin-categoria","tag-corona-virus","tag-coronavirus","tag-covid","tag-covid19","tag-ivermectina"],"jetpack_publicize_connections":[],"yoast_head":"<!-- This site is optimized with the Yoast SEO plugin v27.5 - https:\/\/yoast.com\/product\/yoast-seo-wordpress\/ -->\n<title>M\u00e9dico paraguayo alienta a usar la Ivermectina para curar el Covid-19 - Informatepy<\/title>\n<meta name=\"robots\" content=\"index, follow, max-snippet:-1, max-image-preview:large, max-video-preview:-1\" \/>\n<link rel=\"canonical\" href=\"https:\/\/informatepy.com\/2021\/2021\/01\/31\/medico-paraguayo-alienta-a-usar-la-ivermectina-para-curar-el-covid-19\/\" \/>\n<meta property=\"og:locale\" content=\"es_ES\" \/>\n<meta property=\"og:type\" content=\"article\" \/>\n<meta property=\"og:title\" content=\"M\u00e9dico paraguayo alienta a usar la Ivermectina para curar el Covid-19 - Informatepy\" \/>\n<meta property=\"og:description\" content=\"El doctor V\u00edctor Villa, m\u00e9dico intensivista, asegur\u00f3 con firmeza que la ivermectina \u00abes efectiva\u00bb contra el Covid-19. Se trata un f\u00e1rmaco antiparasitario desarrollado durante la d\u00e9cada de 1.970 tras una asociaci\u00f3n entre el instituto Kitasato en Jap\u00f3n y Merck &amp; Co. Villa asegura la efectividad del medicamento contra el coronavirus y exige al Ministerio de [&hellip;]\" \/>\n<meta property=\"og:url\" content=\"https:\/\/informatepy.com\/2021\/2021\/01\/31\/medico-paraguayo-alienta-a-usar-la-ivermectina-para-curar-el-covid-19\/\" \/>\n<meta property=\"og:site_name\" content=\"Informatepy\" \/>\n<meta property=\"article:published_time\" content=\"2021-01-31T20:21:00+00:00\" \/>\n<meta property=\"og:image\" content=\"https:\/\/i0.wp.com\/informatepy.com\/2021\/wp-content\/uploads\/2021\/01\/ivermectina.jpg?fit=900%2C613&ssl=1\" \/>\n\t<meta property=\"og:image:width\" content=\"900\" \/>\n\t<meta property=\"og:image:height\" content=\"613\" \/>\n\t<meta property=\"og:image:type\" content=\"image\/jpeg\" \/>\n<meta name=\"author\" content=\"admin\" \/>\n<meta name=\"twitter:card\" content=\"summary_large_image\" \/>\n<meta name=\"twitter:label1\" content=\"Escrito por\" \/>\n\t<meta name=\"twitter:data1\" content=\"admin\" \/>\n\t<meta name=\"twitter:label2\" content=\"Tiempo de lectura\" \/>\n\t<meta name=\"twitter:data2\" content=\"5 minutos\" \/>\n<script type=\"application\/ld+json\" class=\"yoast-schema-graph\">{\"@context\":\"https:\\\/\\\/schema.org\",\"@graph\":[{\"@type\":\"Article\",\"@id\":\"https:\\\/\\\/informatepy.com\\\/2021\\\/2021\\\/01\\\/31\\\/medico-paraguayo-alienta-a-usar-la-ivermectina-para-curar-el-covid-19\\\/#article\",\"isPartOf\":{\"@id\":\"https:\\\/\\\/informatepy.com\\\/2021\\\/2021\\\/01\\\/31\\\/medico-paraguayo-alienta-a-usar-la-ivermectina-para-curar-el-covid-19\\\/\"},\"author\":{\"name\":\"admin\",\"@id\":\"https:\\\/\\\/informatepy.com\\\/2021\\\/#\\\/schema\\\/person\\\/edd302c981d6ba4596191719d1025a8a\"},\"headline\":\"M\u00e9dico paraguayo alienta a usar la Ivermectina para curar el Covid-19\",\"datePublished\":\"2021-01-31T20:21:00+00:00\",\"mainEntityOfPage\":{\"@id\":\"https:\\\/\\\/informatepy.com\\\/2021\\\/2021\\\/01\\\/31\\\/medico-paraguayo-alienta-a-usar-la-ivermectina-para-curar-el-covid-19\\\/\"},\"wordCount\":934,\"commentCount\":0,\"publisher\":{\"@id\":\"https:\\\/\\\/informatepy.com\\\/2021\\\/#\\\/schema\\\/person\\\/edd302c981d6ba4596191719d1025a8a\"},\"image\":{\"@id\":\"https:\\\/\\\/informatepy.com\\\/2021\\\/2021\\\/01\\\/31\\\/medico-paraguayo-alienta-a-usar-la-ivermectina-para-curar-el-covid-19\\\/#primaryimage\"},\"thumbnailUrl\":\"https:\\\/\\\/i0.wp.com\\\/informatepy.com\\\/2021\\\/wp-content\\\/uploads\\\/2021\\\/01\\\/ivermectina.jpg?fit=900%2C613&ssl=1\",\"keywords\":[\"corona virus\",\"coronavirus\",\"covid\",\"covid19\",\"ivermectina\"],\"articleSection\":[\"Salud\"],\"inLanguage\":\"es\",\"potentialAction\":[{\"@type\":\"CommentAction\",\"name\":\"Comment\",\"target\":[\"https:\\\/\\\/informatepy.com\\\/2021\\\/2021\\\/01\\\/31\\\/medico-paraguayo-alienta-a-usar-la-ivermectina-para-curar-el-covid-19\\\/#respond\"]}]},{\"@type\":\"WebPage\",\"@id\":\"https:\\\/\\\/informatepy.com\\\/2021\\\/2021\\\/01\\\/31\\\/medico-paraguayo-alienta-a-usar-la-ivermectina-para-curar-el-covid-19\\\/\",\"url\":\"https:\\\/\\\/informatepy.com\\\/2021\\\/2021\\\/01\\\/31\\\/medico-paraguayo-alienta-a-usar-la-ivermectina-para-curar-el-covid-19\\\/\",\"name\":\"M\u00e9dico paraguayo alienta a usar la Ivermectina para curar el Covid-19 - Informatepy\",\"isPartOf\":{\"@id\":\"https:\\\/\\\/informatepy.com\\\/2021\\\/#website\"},\"primaryImageOfPage\":{\"@id\":\"https:\\\/\\\/informatepy.com\\\/2021\\\/2021\\\/01\\\/31\\\/medico-paraguayo-alienta-a-usar-la-ivermectina-para-curar-el-covid-19\\\/#primaryimage\"},\"image\":{\"@id\":\"https:\\\/\\\/informatepy.com\\\/2021\\\/2021\\\/01\\\/31\\\/medico-paraguayo-alienta-a-usar-la-ivermectina-para-curar-el-covid-19\\\/#primaryimage\"},\"thumbnailUrl\":\"https:\\\/\\\/i0.wp.com\\\/informatepy.com\\\/2021\\\/wp-content\\\/uploads\\\/2021\\\/01\\\/ivermectina.jpg?fit=900%2C613&ssl=1\",\"datePublished\":\"2021-01-31T20:21:00+00:00\",\"breadcrumb\":{\"@id\":\"https:\\\/\\\/informatepy.com\\\/2021\\\/2021\\\/01\\\/31\\\/medico-paraguayo-alienta-a-usar-la-ivermectina-para-curar-el-covid-19\\\/#breadcrumb\"},\"inLanguage\":\"es\",\"potentialAction\":[{\"@type\":\"ReadAction\",\"target\":[\"https:\\\/\\\/informatepy.com\\\/2021\\\/2021\\\/01\\\/31\\\/medico-paraguayo-alienta-a-usar-la-ivermectina-para-curar-el-covid-19\\\/\"]}]},{\"@type\":\"ImageObject\",\"inLanguage\":\"es\",\"@id\":\"https:\\\/\\\/informatepy.com\\\/2021\\\/2021\\\/01\\\/31\\\/medico-paraguayo-alienta-a-usar-la-ivermectina-para-curar-el-covid-19\\\/#primaryimage\",\"url\":\"https:\\\/\\\/i0.wp.com\\\/informatepy.com\\\/2021\\\/wp-content\\\/uploads\\\/2021\\\/01\\\/ivermectina.jpg?fit=900%2C613&ssl=1\",\"contentUrl\":\"https:\\\/\\\/i0.wp.com\\\/informatepy.com\\\/2021\\\/wp-content\\\/uploads\\\/2021\\\/01\\\/ivermectina.jpg?fit=900%2C613&ssl=1\",\"width\":900,\"height\":613},{\"@type\":\"BreadcrumbList\",\"@id\":\"https:\\\/\\\/informatepy.com\\\/2021\\\/2021\\\/01\\\/31\\\/medico-paraguayo-alienta-a-usar-la-ivermectina-para-curar-el-covid-19\\\/#breadcrumb\",\"itemListElement\":[{\"@type\":\"ListItem\",\"position\":1,\"name\":\"Portada\",\"item\":\"https:\\\/\\\/informatepy.com\\\/2021\\\/\"},{\"@type\":\"ListItem\",\"position\":2,\"name\":\"M\u00e9dico paraguayo alienta a usar la Ivermectina para curar el Covid-19\"}]},{\"@type\":\"WebSite\",\"@id\":\"https:\\\/\\\/informatepy.com\\\/2021\\\/#website\",\"url\":\"https:\\\/\\\/informatepy.com\\\/2021\\\/\",\"name\":\"Informatepy\",\"description\":\"La verdad, siempre!\",\"publisher\":{\"@id\":\"https:\\\/\\\/informatepy.com\\\/2021\\\/#\\\/schema\\\/person\\\/edd302c981d6ba4596191719d1025a8a\"},\"potentialAction\":[{\"@type\":\"SearchAction\",\"target\":{\"@type\":\"EntryPoint\",\"urlTemplate\":\"https:\\\/\\\/informatepy.com\\\/2021\\\/?s={search_term_string}\"},\"query-input\":{\"@type\":\"PropertyValueSpecification\",\"valueRequired\":true,\"valueName\":\"search_term_string\"}}],\"inLanguage\":\"es\"},{\"@type\":[\"Person\",\"Organization\"],\"@id\":\"https:\\\/\\\/informatepy.com\\\/2021\\\/#\\\/schema\\\/person\\\/edd302c981d6ba4596191719d1025a8a\",\"name\":\"admin\",\"image\":{\"@type\":\"ImageObject\",\"inLanguage\":\"es\",\"@id\":\"https:\\\/\\\/secure.gravatar.com\\\/avatar\\\/5310f602b6cbcfb86e030c4ccdbb78f6565a3b9bab6a74ab80fd3cb5428b65af?s=96&d=mm&r=g\",\"url\":\"https:\\\/\\\/secure.gravatar.com\\\/avatar\\\/5310f602b6cbcfb86e030c4ccdbb78f6565a3b9bab6a74ab80fd3cb5428b65af?s=96&d=mm&r=g\",\"contentUrl\":\"https:\\\/\\\/secure.gravatar.com\\\/avatar\\\/5310f602b6cbcfb86e030c4ccdbb78f6565a3b9bab6a74ab80fd3cb5428b65af?s=96&d=mm&r=g\",\"caption\":\"admin\"},\"logo\":{\"@id\":\"https:\\\/\\\/secure.gravatar.com\\\/avatar\\\/5310f602b6cbcfb86e030c4ccdbb78f6565a3b9bab6a74ab80fd3cb5428b65af?s=96&d=mm&r=g\"},\"sameAs\":[\"http:\\\/\\\/informatepy.com\\\/2021\"],\"url\":\"https:\\\/\\\/informatepy.com\\\/2021\\\/author\\\/admin\\\/\"}]}<\/script>\n<!-- \/ Yoast SEO plugin. -->","yoast_head_json":{"title":"M\u00e9dico paraguayo alienta a usar la Ivermectina para curar el Covid-19 - Informatepy","robots":{"index":"index","follow":"follow","max-snippet":"max-snippet:-1","max-image-preview":"max-image-preview:large","max-video-preview":"max-video-preview:-1"},"canonical":"https:\/\/informatepy.com\/2021\/2021\/01\/31\/medico-paraguayo-alienta-a-usar-la-ivermectina-para-curar-el-covid-19\/","og_locale":"es_ES","og_type":"article","og_title":"M\u00e9dico paraguayo alienta a usar la Ivermectina para curar el Covid-19 - Informatepy","og_description":"El doctor V\u00edctor Villa, m\u00e9dico intensivista, asegur\u00f3 con firmeza que la ivermectina \u00abes efectiva\u00bb contra el Covid-19. Se trata un f\u00e1rmaco antiparasitario desarrollado durante la d\u00e9cada de 1.970 tras una asociaci\u00f3n entre el instituto Kitasato en Jap\u00f3n y Merck &amp; Co. Villa asegura la efectividad del medicamento contra el coronavirus y exige al Ministerio de [&hellip;]","og_url":"https:\/\/informatepy.com\/2021\/2021\/01\/31\/medico-paraguayo-alienta-a-usar-la-ivermectina-para-curar-el-covid-19\/","og_site_name":"Informatepy","article_published_time":"2021-01-31T20:21:00+00:00","og_image":[{"width":900,"height":613,"url":"https:\/\/i0.wp.com\/informatepy.com\/2021\/wp-content\/uploads\/2021\/01\/ivermectina.jpg?fit=900%2C613&ssl=1","type":"image\/jpeg"}],"author":"admin","twitter_card":"summary_large_image","twitter_misc":{"Escrito por":"admin","Tiempo de lectura":"5 minutos"},"schema":{"@context":"https:\/\/schema.org","@graph":[{"@type":"Article","@id":"https:\/\/informatepy.com\/2021\/2021\/01\/31\/medico-paraguayo-alienta-a-usar-la-ivermectina-para-curar-el-covid-19\/#article","isPartOf":{"@id":"https:\/\/informatepy.com\/2021\/2021\/01\/31\/medico-paraguayo-alienta-a-usar-la-ivermectina-para-curar-el-covid-19\/"},"author":{"name":"admin","@id":"https:\/\/informatepy.com\/2021\/#\/schema\/person\/edd302c981d6ba4596191719d1025a8a"},"headline":"M\u00e9dico paraguayo alienta a usar la Ivermectina para curar el Covid-19","datePublished":"2021-01-31T20:21:00+00:00","mainEntityOfPage":{"@id":"https:\/\/informatepy.com\/2021\/2021\/01\/31\/medico-paraguayo-alienta-a-usar-la-ivermectina-para-curar-el-covid-19\/"},"wordCount":934,"commentCount":0,"publisher":{"@id":"https:\/\/informatepy.com\/2021\/#\/schema\/person\/edd302c981d6ba4596191719d1025a8a"},"image":{"@id":"https:\/\/informatepy.com\/2021\/2021\/01\/31\/medico-paraguayo-alienta-a-usar-la-ivermectina-para-curar-el-covid-19\/#primaryimage"},"thumbnailUrl":"https:\/\/i0.wp.com\/informatepy.com\/2021\/wp-content\/uploads\/2021\/01\/ivermectina.jpg?fit=900%2C613&ssl=1","keywords":["corona virus","coronavirus","covid","covid19","ivermectina"],"articleSection":["Salud"],"inLanguage":"es","potentialAction":[{"@type":"CommentAction","name":"Comment","target":["https:\/\/informatepy.com\/2021\/2021\/01\/31\/medico-paraguayo-alienta-a-usar-la-ivermectina-para-curar-el-covid-19\/#respond"]}]},{"@type":"WebPage","@id":"https:\/\/informatepy.com\/2021\/2021\/01\/31\/medico-paraguayo-alienta-a-usar-la-ivermectina-para-curar-el-covid-19\/","url":"https:\/\/informatepy.com\/2021\/2021\/01\/31\/medico-paraguayo-alienta-a-usar-la-ivermectina-para-curar-el-covid-19\/","name":"M\u00e9dico paraguayo alienta a usar la Ivermectina para curar el Covid-19 - Informatepy","isPartOf":{"@id":"https:\/\/informatepy.com\/2021\/#website"},"primaryImageOfPage":{"@id":"https:\/\/informatepy.com\/2021\/2021\/01\/31\/medico-paraguayo-alienta-a-usar-la-ivermectina-para-curar-el-covid-19\/#primaryimage"},"image":{"@id":"https:\/\/informatepy.com\/2021\/2021\/01\/31\/medico-paraguayo-alienta-a-usar-la-ivermectina-para-curar-el-covid-19\/#primaryimage"},"thumbnailUrl":"https:\/\/i0.wp.com\/informatepy.com\/2021\/wp-content\/uploads\/2021\/01\/ivermectina.jpg?fit=900%2C613&ssl=1","datePublished":"2021-01-31T20:21:00+00:00","breadcrumb":{"@id":"https:\/\/informatepy.com\/2021\/2021\/01\/31\/medico-paraguayo-alienta-a-usar-la-ivermectina-para-curar-el-covid-19\/#breadcrumb"},"inLanguage":"es","potentialAction":[{"@type":"ReadAction","target":["https:\/\/informatepy.com\/2021\/2021\/01\/31\/medico-paraguayo-alienta-a-usar-la-ivermectina-para-curar-el-covid-19\/"]}]},{"@type":"ImageObject","inLanguage":"es","@id":"https:\/\/informatepy.com\/2021\/2021\/01\/31\/medico-paraguayo-alienta-a-usar-la-ivermectina-para-curar-el-covid-19\/#primaryimage","url":"https:\/\/i0.wp.com\/informatepy.com\/2021\/wp-content\/uploads\/2021\/01\/ivermectina.jpg?fit=900%2C613&ssl=1","contentUrl":"https:\/\/i0.wp.com\/informatepy.com\/2021\/wp-content\/uploads\/2021\/01\/ivermectina.jpg?fit=900%2C613&ssl=1","width":900,"height":613},{"@type":"BreadcrumbList","@id":"https:\/\/informatepy.com\/2021\/2021\/01\/31\/medico-paraguayo-alienta-a-usar-la-ivermectina-para-curar-el-covid-19\/#breadcrumb","itemListElement":[{"@type":"ListItem","position":1,"name":"Portada","item":"https:\/\/informatepy.com\/2021\/"},{"@type":"ListItem","position":2,"name":"M\u00e9dico paraguayo alienta a usar la Ivermectina para curar el Covid-19"}]},{"@type":"WebSite","@id":"https:\/\/informatepy.com\/2021\/#website","url":"https:\/\/informatepy.com\/2021\/","name":"Informatepy","description":"La verdad, siempre!","publisher":{"@id":"https:\/\/informatepy.com\/2021\/#\/schema\/person\/edd302c981d6ba4596191719d1025a8a"},"potentialAction":[{"@type":"SearchAction","target":{"@type":"EntryPoint","urlTemplate":"https:\/\/informatepy.com\/2021\/?s={search_term_string}"},"query-input":{"@type":"PropertyValueSpecification","valueRequired":true,"valueName":"search_term_string"}}],"inLanguage":"es"},{"@type":["Person","Organization"],"@id":"https:\/\/informatepy.com\/2021\/#\/schema\/person\/edd302c981d6ba4596191719d1025a8a","name":"admin","image":{"@type":"ImageObject","inLanguage":"es","@id":"https:\/\/secure.gravatar.com\/avatar\/5310f602b6cbcfb86e030c4ccdbb78f6565a3b9bab6a74ab80fd3cb5428b65af?s=96&d=mm&r=g","url":"https:\/\/secure.gravatar.com\/avatar\/5310f602b6cbcfb86e030c4ccdbb78f6565a3b9bab6a74ab80fd3cb5428b65af?s=96&d=mm&r=g","contentUrl":"https:\/\/secure.gravatar.com\/avatar\/5310f602b6cbcfb86e030c4ccdbb78f6565a3b9bab6a74ab80fd3cb5428b65af?s=96&d=mm&r=g","caption":"admin"},"logo":{"@id":"https:\/\/secure.gravatar.com\/avatar\/5310f602b6cbcfb86e030c4ccdbb78f6565a3b9bab6a74ab80fd3cb5428b65af?s=96&d=mm&r=g"},"sameAs":["http:\/\/informatepy.com\/2021"],"url":"https:\/\/informatepy.com\/2021\/author\/admin\/"}]}},"jetpack_featured_media_url":"https:\/\/i0.wp.com\/informatepy.com\/2021\/wp-content\/uploads\/2021\/01\/ivermectina.jpg?fit=900%2C613&ssl=1","jetpack_sharing_enabled":true,"jetpack_likes_enabled":true,"jetpack-related-posts":[{"id":3612,"url":"https:\/\/informatepy.com\/2021\/2021\/02\/26\/desafian-a-debatir-publicamente-al-doctor-guillermo-sequera\/","url_meta":{"origin":2486,"position":0},"title":"Desaf\u00edan al Doctor Guillermo Sequera a debatir p\u00fablicamente","date":"26 de febrero de 2021","format":false,"excerpt":"El Doctor V\u00edctor Villa desaf\u00eda al Doctor Sequera a un debate p\u00fablico sobre la efectividad de la Ivermectina en el tratamiento de Covid 19 El Dr. V\u00edctor Villa, quien se hizo viral en los \u00faltimos d\u00edas por recomendar el uso de Ivermectina en el tratamiento contra el Covid 19, desafi\u00f3\u2026","rel":"","context":"En \u00abDestacados\u00bb","img":{"alt_text":"","src":"https:\/\/i0.wp.com\/informatepy.com\/2021\/wp-content\/uploads\/2021\/04\/guillermo-sequera.jpg?fit=760%2C420&ssl=1&resize=350%2C200","width":350,"height":200},"classes":[]},{"id":5426,"url":"https:\/\/informatepy.com\/2021\/2021\/06\/21\/segun-una-revista-cientifica-el-antiparasitario-animal-ivermectina-es-eficaz-contra-el-covid-19\/","url_meta":{"origin":2486,"position":1},"title":"Seg\u00fan una revista cient\u00edfica, el antiparasitario animal Ivermectina es eficaz contra el Covid-19","date":"21 de junio de 2021","format":false,"excerpt":"Son los estudios que se hicieron en Argentina. Los incorporaron a una publicaci\u00f3n que edita The Lancet.","rel":"","context":"En \u00abDestacados\u00bb","img":{"alt_text":"","src":"https:\/\/i0.wp.com\/informatepy.com\/2021\/wp-content\/uploads\/2021\/01\/ivermectina.jpg?fit=900%2C613&ssl=1&resize=350%2C200","width":350,"height":200},"classes":[]},{"id":4498,"url":"https:\/\/informatepy.com\/2021\/2021\/04\/13\/diputados-aprueba-gasto-cero-para-pacientes-con-covid-19\/","url_meta":{"origin":2486,"position":2},"title":"Diputados aprueba \u00abgasto cero\u00bb para pacientes con Covid-19","date":"13 de abril de 2021","format":false,"excerpt":"Diputados dieron este martes media sanci\u00f3n al proyecto de ley que establece la creaci\u00f3n de un fondo nacional de cobertura para pacientes de Covid 19.","rel":"","context":"En \u00abNacionales\u00bb","img":{"alt_text":"","src":"https:\/\/i0.wp.com\/informatepy.com\/2021\/wp-content\/uploads\/2021\/03\/camara-de-diputados.jpg?fit=512%2C341&ssl=1&resize=350%2C200","width":350,"height":200},"classes":[]},{"id":5919,"url":"https:\/\/informatepy.com\/2021\/2021\/07\/22\/el-gobierno-chino-rechaza-el-plan-de-la-oms-para-la-segunda-fase-del-estudio-sobre-los-origenes-del-covid-19\/","url_meta":{"origin":2486,"position":3},"title":"El gobierno chino rechaza el plan de la OMS para la segunda fase del estudio sobre los or\u00edgenes del Covid-19","date":"22 de julio de 2021","format":false,"excerpt":"El gobierno chino no participar\u00e1 en una segunda fase de la investigaci\u00f3n de la Organizaci\u00f3n Mundial de la Salud sobre los or\u00edgenes del Covid-19, anunci\u00f3 el jueves un alto funcionario de salud, luego de que se incluyera en la propuesta la posibilidad de que el virus se filtrara desde un\u2026","rel":"","context":"En \u00abSalud\u00bb","img":{"alt_text":"","src":"https:\/\/i0.wp.com\/informatepy.com\/2021\/wp-content\/uploads\/2021\/07\/Zeng-Yixin.jpg?fit=1200%2C674&ssl=1&resize=350%2C200","width":350,"height":200},"classes":[]},{"id":5125,"url":"https:\/\/informatepy.com\/2021\/2021\/05\/30\/un-explosivo-estudio-afirma-que-los-cientificos-chinos-crearon-covid\/","url_meta":{"origin":2486,"position":4},"title":"Un explosivo estudio afirma que los cient\u00edficos chinos crearon el COVID","date":"30 de mayo de 2021","format":false,"excerpt":"Un nuevo estudio afirma tener pruebas de que los cient\u00edficos chinos crearon\u00a0COVID-19\u00a0en un laboratorio y luego intentaron aplicar ingenier\u00eda inversa a versiones del virus para que pareciera que evolucion\u00f3 naturalmente a partir de murci\u00e9lagos. El profesor brit\u00e1nico Angus Dalgleish y el cient\u00edfico noruego Dr. Birger S\u00f8rensen escribieron que han tenido\u2026","rel":"","context":"En \u00abDestacados\u00bb","img":{"alt_text":"","src":"https:\/\/i0.wp.com\/informatepy.com\/2021\/wp-content\/uploads\/2021\/05\/covid-sintetico.jpg?fit=1155%2C648&ssl=1&resize=350%2C200","width":350,"height":200},"classes":[]},{"id":5970,"url":"https:\/\/informatepy.com\/2021\/2021\/07\/23\/entrevista-al-diputado-jorge-britez-si-tenes-una-idea-diferente-te-catalogan-de-conspiranoico\/","url_meta":{"origin":2486,"position":5},"title":"ENTREVISTA AL DIPUTADO JORGE BRITEZ: \u00abSi ten\u00e9s una idea diferente te catalogan de conspiranoico\u00bb","date":"23 de julio de 2021","format":false,"excerpt":"\u00bfQu\u00e9 le provoca el mote de \u201canti vacunas\u201d? \u00bfCree que es correcto o que es justo que se llame de esa manera? Creo que el mote de anti vacuna me lo ponen porque escuchan una posici\u00f3n diferente a la adoptada por el gobierno y varios medios de comunicaci\u00f3n, que es\u2026","rel":"","context":"En \u00abNacionales\u00bb","img":{"alt_text":"","src":"https:\/\/i0.wp.com\/informatepy.com\/2021\/wp-content\/uploads\/2021\/07\/dip-jorge-britez-1.jpg?fit=680%2C383&ssl=1&resize=350%2C200","width":350,"height":200},"classes":[]}],"authors":[{"term_id":1039,"user_id":1,"is_guest":0,"slug":"admin","display_name":"admin","avatar_url":"https:\/\/secure.gravatar.com\/avatar\/5310f602b6cbcfb86e030c4ccdbb78f6565a3b9bab6a74ab80fd3cb5428b65af?s=96&d=mm&r=g","first_name":"","last_name":"","user_url":"http:\/\/informatepy.com\/2021","description":""}],"amp_enabled":true,"_links":{"self":[{"href":"https:\/\/informatepy.com\/2021\/wp-json\/wp\/v2\/posts\/2486","targetHints":{"allow":["GET"]}}],"collection":[{"href":"https:\/\/informatepy.com\/2021\/wp-json\/wp\/v2\/posts"}],"about":[{"href":"https:\/\/informatepy.com\/2021\/wp-json\/wp\/v2\/types\/post"}],"author":[{"embeddable":true,"href":"https:\/\/informatepy.com\/2021\/wp-json\/wp\/v2\/users\/1"}],"replies":[{"embeddable":true,"href":"https:\/\/informatepy.com\/2021\/wp-json\/wp\/v2\/comments?post=2486"}],"version-history":[{"count":0,"href":"https:\/\/informatepy.com\/2021\/wp-json\/wp\/v2\/posts\/2486\/revisions"}],"wp:featuredmedia":[{"embeddable":true,"href":"https:\/\/informatepy.com\/2021\/wp-json\/wp\/v2\/media\/2487"}],"wp:attachment":[{"href":"https:\/\/informatepy.com\/2021\/wp-json\/wp\/v2\/media?parent=2486"}],"wp:term":[{"taxonomy":"category","embeddable":true,"href":"https:\/\/informatepy.com\/2021\/wp-json\/wp\/v2\/categories?post=2486"},{"taxonomy":"post_tag","embeddable":true,"href":"https:\/\/informatepy.com\/2021\/wp-json\/wp\/v2\/tags?post=2486"},{"taxonomy":"author","embeddable":true,"href":"https:\/\/informatepy.com\/2021\/wp-json\/wp\/v2\/ppma_author?post=2486"}],"curies":[{"name":"wp","href":"https:\/\/api.w.org\/{rel}","templated":true}]}}