{"id":2468,"date":"2021-01-29T20:21:00","date_gmt":"2021-01-29T20:21:00","guid":{"rendered":"http:\/\/informatepy.com\/2021\/2021\/01\/29\/legisladores-clamando-por-la-impunidad-de-efrain-alegre\/"},"modified":"2021-01-29T20:21:00","modified_gmt":"2021-01-29T20:21:00","slug":"legisladores-clamando-por-la-impunidad-de-efrain-alegre","status":"publish","type":"post","link":"https:\/\/informatepy.com\/2021\/2021\/01\/29\/legisladores-clamando-por-la-impunidad-de-efrain-alegre\/","title":{"rendered":"Legisladores clamando por la impunidad de Efra\u00edn Alegre"},"content":{"rendered":"\n<p>A los pedidos de impunidad lanzados por <strong>Kattya Gonz\u00e1lez<\/strong> y <strong>Salyn Buzarquis<\/strong>, se suman ahora los diputados de las bancadas liberales pidiendo que se deje sin efecto la resoluci\u00f3n judicial que dispone la prisi\u00f3n para Efra\u00edn Alegre.<\/p>\n\n\n\n<p>El principal argumento que esgrimen los diputados es que se trata, seg\u00fan ellos, de una medida <strong>\u00abarbitraria e ilegal\u00bb<\/strong> y, como no pod\u00eda faltar, el tr\u00edstemente c\u00e9lebre <strong>\u00abes una persecuci\u00f3n pol\u00edtica\u00bb<\/strong>.<\/p>\n\n\n\n<p>Quien no pod\u00eda perderse la oportunidad, fue la diputada Celeste Amarilla. Ella, que siempre se muestra glamurosa y no se pierde ninguna tendencia, se sum\u00f3 a la movida twitera del <strong>#Poetuitpy <\/strong>y le dedic\u00f3 a Efra\u00edn unas l\u00edneas del poema<strong> \u00abPi\u00fa Avanti\u00bb<\/strong> del argentino Pedro Bonifacio Palacios (Almafuerte): <strong><em>\u201c\u00a1<strong>Que muerda y vocifere vengadora<\/strong>, ya rodando en el polvo, tu cabeza!\u201d<\/em><\/strong>.<\/p>\n\n\n\n<p>Confieso que me alegr\u00f3 leer esa cita, Almafuerte es una de mis debilidades aunque, un instante despu\u00e9s, esa alegr\u00eda se transform\u00f3 en indignaci\u00f3n; menudo coraje el de la diputada al querer manchar de esa forma a Pedro B. Palacios; un hombre \u00edntegro que escribi\u00f3 esa serie completa de poemas pensando en la redenci\u00f3n y no en un pol\u00edtico que quiso desafiar el pilar de la democracia, la divisi\u00f3n de poderes.<\/p>\n\n\n\n<p>Celeste Amarilla, \u00bfNo cree usted, que es incorrecto pedir impunidad para quien incumple una medida judicial? Es usted una republicana, asumo que no pretender\u00e1 sobrepasar a la justicia por tratarse de un correligionario.<\/p>\n\n\n\n<p>Diputada, atento a que es evidente que compartimos algunos gustos literarios, me permito sugerirle, con mucho respeto, que antes de leer \u00abPi\u00fa Avanti\u00bb, lea el primero de esa serie: \u00abAvanti\u00bb y cito: <strong>\u00a1Todos los incurables tienen cura cinco minutos antes de su muerte!<\/strong> Av\u00edsele a Efra\u00edn, est\u00e1 a tiempo de la redenci\u00f3n, a\u00fan quedan mas de cinco minutos y, en cuanto a usted, lea los que siguen, por ejemplo: <strong><em>\u00abMolto pi\u00fa avanti ancora\u00bb, <\/em><\/strong>por que recuerde que:<strong><em> \u00abEl mundo miserable es un estrado donde todo es est\u00f3lido y fingido, donde cada anfitri\u00f3n guarda escondido su verdadero ser, tras el tocado\u00bb<\/em><\/strong><\/p>\n","protected":false},"excerpt":{"rendered":"<p>A los pedidos de impunidad lanzados por Kattya Gonz\u00e1lez y Salyn Buzarquis, se suman ahora los diputados de las bancadas liberales pidiendo que se deje sin efecto la resoluci\u00f3n judicial que dispone la prisi\u00f3n para Efra\u00edn Alegre. El principal argumento que esgrimen los diputados es que se trata, seg\u00fan ellos, de una medida \u00abarbitraria e [&hellip;]<\/p>\n","protected":false},"author":1,"featured_media":2469,"comment_status":"open","ping_status":"closed","sticky":false,"template":"","format":"standard","meta":{"_monsterinsights_skip_tracking":false,"_monsterinsights_sitenote_active":false,"_monsterinsights_sitenote_note":"","_monsterinsights_sitenote_category":0,"footnotes":"","jetpack_publicize_message":"","jetpack_is_tweetstorm":false,"jetpack_publicize_feature_enabled":true},"categories":[177,1],"tags":[596,433,758,547,434,548],"ppma_author":[1039],"class_list":["post-2468","post","type-post","status-publish","format-standard","has-post-thumbnail","hentry","category-nacionales","category-sin-categoria","tag-celeste-amarilla","tag-efrain-alegre","tag-kattya-gonzalez","tag-partido-liberal","tag-plra","tag-salyn-buzarquis"],"jetpack_publicize_connections":[],"yoast_head":"<!-- This site is optimized with the Yoast SEO plugin v27.5 - https:\/\/yoast.com\/product\/yoast-seo-wordpress\/ -->\n<title>Legisladores clamando por la impunidad de Efra\u00edn Alegre - Informatepy<\/title>\n<meta name=\"robots\" content=\"index, follow, max-snippet:-1, max-image-preview:large, max-video-preview:-1\" \/>\n<link rel=\"canonical\" href=\"https:\/\/informatepy.com\/2021\/2021\/01\/29\/legisladores-clamando-por-la-impunidad-de-efrain-alegre\/\" \/>\n<meta property=\"og:locale\" content=\"es_ES\" \/>\n<meta property=\"og:type\" content=\"article\" \/>\n<meta property=\"og:title\" content=\"Legisladores clamando por la impunidad de Efra\u00edn Alegre - Informatepy\" \/>\n<meta property=\"og:description\" content=\"A los pedidos de impunidad lanzados por Kattya Gonz\u00e1lez y Salyn Buzarquis, se suman ahora los diputados de las bancadas liberales pidiendo que se deje sin efecto la resoluci\u00f3n judicial que dispone la prisi\u00f3n para Efra\u00edn Alegre. El principal argumento que esgrimen los diputados es que se trata, seg\u00fan ellos, de una medida \u00abarbitraria e [&hellip;]\" \/>\n<meta property=\"og:url\" content=\"https:\/\/informatepy.com\/2021\/2021\/01\/29\/legisladores-clamando-por-la-impunidad-de-efrain-alegre\/\" \/>\n<meta property=\"og:site_name\" content=\"Informatepy\" \/>\n<meta property=\"article:published_time\" content=\"2021-01-29T20:21:00+00:00\" \/>\n<meta property=\"og:image\" content=\"https:\/\/i0.wp.com\/informatepy.com\/2021\/wp-content\/uploads\/2021\/01\/esposado.jpg?fit=960%2C608&ssl=1\" \/>\n\t<meta property=\"og:image:width\" content=\"960\" \/>\n\t<meta property=\"og:image:height\" content=\"608\" \/>\n\t<meta property=\"og:image:type\" content=\"image\/jpeg\" \/>\n<meta name=\"author\" content=\"admin\" \/>\n<meta name=\"twitter:card\" content=\"summary_large_image\" \/>\n<meta name=\"twitter:label1\" content=\"Escrito por\" \/>\n\t<meta name=\"twitter:data1\" content=\"admin\" \/>\n\t<meta name=\"twitter:label2\" content=\"Tiempo de lectura\" \/>\n\t<meta name=\"twitter:data2\" content=\"2 minutos\" \/>\n<script type=\"application\/ld+json\" class=\"yoast-schema-graph\">{\"@context\":\"https:\\\/\\\/schema.org\",\"@graph\":[{\"@type\":\"Article\",\"@id\":\"https:\\\/\\\/informatepy.com\\\/2021\\\/2021\\\/01\\\/29\\\/legisladores-clamando-por-la-impunidad-de-efrain-alegre\\\/#article\",\"isPartOf\":{\"@id\":\"https:\\\/\\\/informatepy.com\\\/2021\\\/2021\\\/01\\\/29\\\/legisladores-clamando-por-la-impunidad-de-efrain-alegre\\\/\"},\"author\":{\"name\":\"admin\",\"@id\":\"https:\\\/\\\/informatepy.com\\\/2021\\\/#\\\/schema\\\/person\\\/edd302c981d6ba4596191719d1025a8a\"},\"headline\":\"Legisladores clamando por la impunidad de Efra\u00edn Alegre\",\"datePublished\":\"2021-01-29T20:21:00+00:00\",\"mainEntityOfPage\":{\"@id\":\"https:\\\/\\\/informatepy.com\\\/2021\\\/2021\\\/01\\\/29\\\/legisladores-clamando-por-la-impunidad-de-efrain-alegre\\\/\"},\"wordCount\":365,\"commentCount\":0,\"publisher\":{\"@id\":\"https:\\\/\\\/informatepy.com\\\/2021\\\/#\\\/schema\\\/person\\\/edd302c981d6ba4596191719d1025a8a\"},\"image\":{\"@id\":\"https:\\\/\\\/informatepy.com\\\/2021\\\/2021\\\/01\\\/29\\\/legisladores-clamando-por-la-impunidad-de-efrain-alegre\\\/#primaryimage\"},\"thumbnailUrl\":\"https:\\\/\\\/i0.wp.com\\\/informatepy.com\\\/2021\\\/wp-content\\\/uploads\\\/2021\\\/01\\\/esposado.jpg?fit=960%2C608&ssl=1\",\"keywords\":[\"celeste amarilla\",\"efra\u00edn alegre\",\"kattya gonzalez\",\"partido liberal\",\"plra\",\"salyn buzarquis\"],\"articleSection\":[\"Nacionales\"],\"inLanguage\":\"es\",\"potentialAction\":[{\"@type\":\"CommentAction\",\"name\":\"Comment\",\"target\":[\"https:\\\/\\\/informatepy.com\\\/2021\\\/2021\\\/01\\\/29\\\/legisladores-clamando-por-la-impunidad-de-efrain-alegre\\\/#respond\"]}]},{\"@type\":\"WebPage\",\"@id\":\"https:\\\/\\\/informatepy.com\\\/2021\\\/2021\\\/01\\\/29\\\/legisladores-clamando-por-la-impunidad-de-efrain-alegre\\\/\",\"url\":\"https:\\\/\\\/informatepy.com\\\/2021\\\/2021\\\/01\\\/29\\\/legisladores-clamando-por-la-impunidad-de-efrain-alegre\\\/\",\"name\":\"Legisladores clamando por la impunidad de Efra\u00edn Alegre - Informatepy\",\"isPartOf\":{\"@id\":\"https:\\\/\\\/informatepy.com\\\/2021\\\/#website\"},\"primaryImageOfPage\":{\"@id\":\"https:\\\/\\\/informatepy.com\\\/2021\\\/2021\\\/01\\\/29\\\/legisladores-clamando-por-la-impunidad-de-efrain-alegre\\\/#primaryimage\"},\"image\":{\"@id\":\"https:\\\/\\\/informatepy.com\\\/2021\\\/2021\\\/01\\\/29\\\/legisladores-clamando-por-la-impunidad-de-efrain-alegre\\\/#primaryimage\"},\"thumbnailUrl\":\"https:\\\/\\\/i0.wp.com\\\/informatepy.com\\\/2021\\\/wp-content\\\/uploads\\\/2021\\\/01\\\/esposado.jpg?fit=960%2C608&ssl=1\",\"datePublished\":\"2021-01-29T20:21:00+00:00\",\"breadcrumb\":{\"@id\":\"https:\\\/\\\/informatepy.com\\\/2021\\\/2021\\\/01\\\/29\\\/legisladores-clamando-por-la-impunidad-de-efrain-alegre\\\/#breadcrumb\"},\"inLanguage\":\"es\",\"potentialAction\":[{\"@type\":\"ReadAction\",\"target\":[\"https:\\\/\\\/informatepy.com\\\/2021\\\/2021\\\/01\\\/29\\\/legisladores-clamando-por-la-impunidad-de-efrain-alegre\\\/\"]}]},{\"@type\":\"ImageObject\",\"inLanguage\":\"es\",\"@id\":\"https:\\\/\\\/informatepy.com\\\/2021\\\/2021\\\/01\\\/29\\\/legisladores-clamando-por-la-impunidad-de-efrain-alegre\\\/#primaryimage\",\"url\":\"https:\\\/\\\/i0.wp.com\\\/informatepy.com\\\/2021\\\/wp-content\\\/uploads\\\/2021\\\/01\\\/esposado.jpg?fit=960%2C608&ssl=1\",\"contentUrl\":\"https:\\\/\\\/i0.wp.com\\\/informatepy.com\\\/2021\\\/wp-content\\\/uploads\\\/2021\\\/01\\\/esposado.jpg?fit=960%2C608&ssl=1\",\"width\":960,\"height\":608},{\"@type\":\"BreadcrumbList\",\"@id\":\"https:\\\/\\\/informatepy.com\\\/2021\\\/2021\\\/01\\\/29\\\/legisladores-clamando-por-la-impunidad-de-efrain-alegre\\\/#breadcrumb\",\"itemListElement\":[{\"@type\":\"ListItem\",\"position\":1,\"name\":\"Portada\",\"item\":\"https:\\\/\\\/informatepy.com\\\/2021\\\/\"},{\"@type\":\"ListItem\",\"position\":2,\"name\":\"Legisladores clamando por la impunidad de Efra\u00edn Alegre\"}]},{\"@type\":\"WebSite\",\"@id\":\"https:\\\/\\\/informatepy.com\\\/2021\\\/#website\",\"url\":\"https:\\\/\\\/informatepy.com\\\/2021\\\/\",\"name\":\"Informatepy\",\"description\":\"La verdad, siempre!\",\"publisher\":{\"@id\":\"https:\\\/\\\/informatepy.com\\\/2021\\\/#\\\/schema\\\/person\\\/edd302c981d6ba4596191719d1025a8a\"},\"potentialAction\":[{\"@type\":\"SearchAction\",\"target\":{\"@type\":\"EntryPoint\",\"urlTemplate\":\"https:\\\/\\\/informatepy.com\\\/2021\\\/?s={search_term_string}\"},\"query-input\":{\"@type\":\"PropertyValueSpecification\",\"valueRequired\":true,\"valueName\":\"search_term_string\"}}],\"inLanguage\":\"es\"},{\"@type\":[\"Person\",\"Organization\"],\"@id\":\"https:\\\/\\\/informatepy.com\\\/2021\\\/#\\\/schema\\\/person\\\/edd302c981d6ba4596191719d1025a8a\",\"name\":\"admin\",\"image\":{\"@type\":\"ImageObject\",\"inLanguage\":\"es\",\"@id\":\"https:\\\/\\\/secure.gravatar.com\\\/avatar\\\/5310f602b6cbcfb86e030c4ccdbb78f6565a3b9bab6a74ab80fd3cb5428b65af?s=96&d=mm&r=g\",\"url\":\"https:\\\/\\\/secure.gravatar.com\\\/avatar\\\/5310f602b6cbcfb86e030c4ccdbb78f6565a3b9bab6a74ab80fd3cb5428b65af?s=96&d=mm&r=g\",\"contentUrl\":\"https:\\\/\\\/secure.gravatar.com\\\/avatar\\\/5310f602b6cbcfb86e030c4ccdbb78f6565a3b9bab6a74ab80fd3cb5428b65af?s=96&d=mm&r=g\",\"caption\":\"admin\"},\"logo\":{\"@id\":\"https:\\\/\\\/secure.gravatar.com\\\/avatar\\\/5310f602b6cbcfb86e030c4ccdbb78f6565a3b9bab6a74ab80fd3cb5428b65af?s=96&d=mm&r=g\"},\"sameAs\":[\"http:\\\/\\\/informatepy.com\\\/2021\"],\"url\":\"https:\\\/\\\/informatepy.com\\\/2021\\\/author\\\/admin\\\/\"}]}<\/script>\n<!-- \/ Yoast SEO plugin. -->","yoast_head_json":{"title":"Legisladores clamando por la impunidad de Efra\u00edn Alegre - Informatepy","robots":{"index":"index","follow":"follow","max-snippet":"max-snippet:-1","max-image-preview":"max-image-preview:large","max-video-preview":"max-video-preview:-1"},"canonical":"https:\/\/informatepy.com\/2021\/2021\/01\/29\/legisladores-clamando-por-la-impunidad-de-efrain-alegre\/","og_locale":"es_ES","og_type":"article","og_title":"Legisladores clamando por la impunidad de Efra\u00edn Alegre - Informatepy","og_description":"A los pedidos de impunidad lanzados por Kattya Gonz\u00e1lez y Salyn Buzarquis, se suman ahora los diputados de las bancadas liberales pidiendo que se deje sin efecto la resoluci\u00f3n judicial que dispone la prisi\u00f3n para Efra\u00edn Alegre. El principal argumento que esgrimen los diputados es que se trata, seg\u00fan ellos, de una medida \u00abarbitraria e [&hellip;]","og_url":"https:\/\/informatepy.com\/2021\/2021\/01\/29\/legisladores-clamando-por-la-impunidad-de-efrain-alegre\/","og_site_name":"Informatepy","article_published_time":"2021-01-29T20:21:00+00:00","og_image":[{"width":960,"height":608,"url":"https:\/\/i0.wp.com\/informatepy.com\/2021\/wp-content\/uploads\/2021\/01\/esposado.jpg?fit=960%2C608&ssl=1","type":"image\/jpeg"}],"author":"admin","twitter_card":"summary_large_image","twitter_misc":{"Escrito por":"admin","Tiempo de lectura":"2 minutos"},"schema":{"@context":"https:\/\/schema.org","@graph":[{"@type":"Article","@id":"https:\/\/informatepy.com\/2021\/2021\/01\/29\/legisladores-clamando-por-la-impunidad-de-efrain-alegre\/#article","isPartOf":{"@id":"https:\/\/informatepy.com\/2021\/2021\/01\/29\/legisladores-clamando-por-la-impunidad-de-efrain-alegre\/"},"author":{"name":"admin","@id":"https:\/\/informatepy.com\/2021\/#\/schema\/person\/edd302c981d6ba4596191719d1025a8a"},"headline":"Legisladores clamando por la impunidad de Efra\u00edn Alegre","datePublished":"2021-01-29T20:21:00+00:00","mainEntityOfPage":{"@id":"https:\/\/informatepy.com\/2021\/2021\/01\/29\/legisladores-clamando-por-la-impunidad-de-efrain-alegre\/"},"wordCount":365,"commentCount":0,"publisher":{"@id":"https:\/\/informatepy.com\/2021\/#\/schema\/person\/edd302c981d6ba4596191719d1025a8a"},"image":{"@id":"https:\/\/informatepy.com\/2021\/2021\/01\/29\/legisladores-clamando-por-la-impunidad-de-efrain-alegre\/#primaryimage"},"thumbnailUrl":"https:\/\/i0.wp.com\/informatepy.com\/2021\/wp-content\/uploads\/2021\/01\/esposado.jpg?fit=960%2C608&ssl=1","keywords":["celeste amarilla","efra\u00edn alegre","kattya gonzalez","partido liberal","plra","salyn buzarquis"],"articleSection":["Nacionales"],"inLanguage":"es","potentialAction":[{"@type":"CommentAction","name":"Comment","target":["https:\/\/informatepy.com\/2021\/2021\/01\/29\/legisladores-clamando-por-la-impunidad-de-efrain-alegre\/#respond"]}]},{"@type":"WebPage","@id":"https:\/\/informatepy.com\/2021\/2021\/01\/29\/legisladores-clamando-por-la-impunidad-de-efrain-alegre\/","url":"https:\/\/informatepy.com\/2021\/2021\/01\/29\/legisladores-clamando-por-la-impunidad-de-efrain-alegre\/","name":"Legisladores clamando por la impunidad de Efra\u00edn Alegre - Informatepy","isPartOf":{"@id":"https:\/\/informatepy.com\/2021\/#website"},"primaryImageOfPage":{"@id":"https:\/\/informatepy.com\/2021\/2021\/01\/29\/legisladores-clamando-por-la-impunidad-de-efrain-alegre\/#primaryimage"},"image":{"@id":"https:\/\/informatepy.com\/2021\/2021\/01\/29\/legisladores-clamando-por-la-impunidad-de-efrain-alegre\/#primaryimage"},"thumbnailUrl":"https:\/\/i0.wp.com\/informatepy.com\/2021\/wp-content\/uploads\/2021\/01\/esposado.jpg?fit=960%2C608&ssl=1","datePublished":"2021-01-29T20:21:00+00:00","breadcrumb":{"@id":"https:\/\/informatepy.com\/2021\/2021\/01\/29\/legisladores-clamando-por-la-impunidad-de-efrain-alegre\/#breadcrumb"},"inLanguage":"es","potentialAction":[{"@type":"ReadAction","target":["https:\/\/informatepy.com\/2021\/2021\/01\/29\/legisladores-clamando-por-la-impunidad-de-efrain-alegre\/"]}]},{"@type":"ImageObject","inLanguage":"es","@id":"https:\/\/informatepy.com\/2021\/2021\/01\/29\/legisladores-clamando-por-la-impunidad-de-efrain-alegre\/#primaryimage","url":"https:\/\/i0.wp.com\/informatepy.com\/2021\/wp-content\/uploads\/2021\/01\/esposado.jpg?fit=960%2C608&ssl=1","contentUrl":"https:\/\/i0.wp.com\/informatepy.com\/2021\/wp-content\/uploads\/2021\/01\/esposado.jpg?fit=960%2C608&ssl=1","width":960,"height":608},{"@type":"BreadcrumbList","@id":"https:\/\/informatepy.com\/2021\/2021\/01\/29\/legisladores-clamando-por-la-impunidad-de-efrain-alegre\/#breadcrumb","itemListElement":[{"@type":"ListItem","position":1,"name":"Portada","item":"https:\/\/informatepy.com\/2021\/"},{"@type":"ListItem","position":2,"name":"Legisladores clamando por la impunidad de Efra\u00edn Alegre"}]},{"@type":"WebSite","@id":"https:\/\/informatepy.com\/2021\/#website","url":"https:\/\/informatepy.com\/2021\/","name":"Informatepy","description":"La verdad, siempre!","publisher":{"@id":"https:\/\/informatepy.com\/2021\/#\/schema\/person\/edd302c981d6ba4596191719d1025a8a"},"potentialAction":[{"@type":"SearchAction","target":{"@type":"EntryPoint","urlTemplate":"https:\/\/informatepy.com\/2021\/?s={search_term_string}"},"query-input":{"@type":"PropertyValueSpecification","valueRequired":true,"valueName":"search_term_string"}}],"inLanguage":"es"},{"@type":["Person","Organization"],"@id":"https:\/\/informatepy.com\/2021\/#\/schema\/person\/edd302c981d6ba4596191719d1025a8a","name":"admin","image":{"@type":"ImageObject","inLanguage":"es","@id":"https:\/\/secure.gravatar.com\/avatar\/5310f602b6cbcfb86e030c4ccdbb78f6565a3b9bab6a74ab80fd3cb5428b65af?s=96&d=mm&r=g","url":"https:\/\/secure.gravatar.com\/avatar\/5310f602b6cbcfb86e030c4ccdbb78f6565a3b9bab6a74ab80fd3cb5428b65af?s=96&d=mm&r=g","contentUrl":"https:\/\/secure.gravatar.com\/avatar\/5310f602b6cbcfb86e030c4ccdbb78f6565a3b9bab6a74ab80fd3cb5428b65af?s=96&d=mm&r=g","caption":"admin"},"logo":{"@id":"https:\/\/secure.gravatar.com\/avatar\/5310f602b6cbcfb86e030c4ccdbb78f6565a3b9bab6a74ab80fd3cb5428b65af?s=96&d=mm&r=g"},"sameAs":["http:\/\/informatepy.com\/2021"],"url":"https:\/\/informatepy.com\/2021\/author\/admin\/"}]}},"jetpack_featured_media_url":"https:\/\/i0.wp.com\/informatepy.com\/2021\/wp-content\/uploads\/2021\/01\/esposado.jpg?fit=960%2C608&ssl=1","jetpack_sharing_enabled":true,"jetpack_likes_enabled":true,"jetpack-related-posts":[{"id":4990,"url":"https:\/\/informatepy.com\/2021\/2021\/05\/23\/buzarquis-confia-en-derrotar-a-efrain-alegre-en-las-internas-del-plra\/","url_meta":{"origin":2468,"position":0},"title":"Buzarquis conf\u00eda en derrotar a Efra\u00edn Alegre en las internas del PLRA","date":"23 de mayo de 2021","format":false,"excerpt":"El senador liberal Enrique Salyn Buzarquis manifest\u00f3 p\u00fablicamente que nadie cree en el presidente del PLRA, Efra\u00edn Alegre, que no tiene chances de ganar las pr\u00f3ximas elecciones internas. Y agreg\u00f3: \u201cEstamos convencidos de que vamos a ganar el 20 de junio. Estamos trabajando a pesar de la pandemia. El pueblo\u2026","rel":"","context":"En \u00abNacionales\u00bb","img":{"alt_text":"","src":"https:\/\/i0.wp.com\/informatepy.com\/2021\/wp-content\/uploads\/2021\/05\/alegre-y-buzarquis.jpg?fit=1016%2C615&ssl=1&resize=350%2C200","width":350,"height":200},"classes":[]},{"id":2466,"url":"https:\/\/informatepy.com\/2021\/2021\/01\/28\/son-ignorantes-o-nos-tratan-de-estupidos\/","url_meta":{"origin":2468,"position":1},"title":"\u00bfSon ignorantes o nos tratan de est\u00fapidos?","date":"28 de enero de 2021","format":false,"excerpt":"El pedido de detenci\u00f3n de Efra\u00edn Alegre desat\u00f3 una ola de twits que var\u00edan entre la ignorancia y la hijaputez. Diputados, senadores y dirigentes pol\u00edticos en general salieron a rechazar (como si tuvieran la potestad) una disposici\u00f3n judicial. Pudimos leer opiniones como la de la diputada Kattya Gonz\u00e1lez, por ejemplo;\u2026","rel":"","context":"En \u00abNacionales\u00bb","img":{"alt_text":"","src":"https:\/\/i0.wp.com\/informatepy.com\/2021\/wp-content\/uploads\/2021\/01\/efrain.jpg?fit=770%2C513&ssl=1&resize=350%2C200","width":350,"height":200},"classes":[]},{"id":8382,"url":"https:\/\/informatepy.com\/2021\/2021\/11\/19\/alliana-contra-efrain-alegre-esta-acostumbrado-a-fabricar-bombas-molotov-en-su-partido\/","url_meta":{"origin":2468,"position":2},"title":"Alliana contra Efra\u00edn Alegre: \u201cEst\u00e1 acostumbrado a fabricar bombas molotov en su partido\u201d","date":"19 de noviembre de 2021","format":false,"excerpt":"El presidente de la ANR y de la C\u00e1mara de Diputados, Pedro Alliana, dijo que el titular del Partido Liberal, Efra\u00edn Alegre, una vez m\u00e1s quiere atropellar la institucionalidad y la Rep\u00fablica. \u201cEsto es irresponsable, quiere llamar la atenci\u00f3n de forma desubicada\u201d, manifest\u00f3, refiri\u00e9ndose a la amenaza del liberal de\u2026","rel":"","context":"En \u00abNacionales\u00bb","img":{"alt_text":"","src":"https:\/\/i0.wp.com\/informatepy.com\/2021\/wp-content\/uploads\/2021\/05\/pedro-alliana-diputado.jpg?fit=1200%2C800&ssl=1&resize=350%2C200","width":350,"height":200},"classes":[]},{"id":1275,"url":"https:\/\/informatepy.com\/2021\/2019\/06\/21\/plra-evita-informar-como-ingreso-esposa-del-senador-buzarquis-al-tsje\/","url_meta":{"origin":2468,"position":3},"title":"PLRA evita informar c\u00f3mo ingres\u00f3 esposa del senador Buzarquis al TSJE","date":"21 de junio de 2019","format":false,"excerpt":"En la nucleaci\u00f3n pol\u00edtica hacen caso omiso a la consulta y se desentienden de explicar la raz\u00f3n por la cual recomen\u00addaron a la esposa del senador Salyn Buzarquis para el cargo de coordinadora general de la Unidad de G\u00e9nero de la Justi\u00adcia Electoral. Los ministros del TSJE se prestan para\u2026","rel":"","context":"En \u00abNacionales\u00bb","img":{"alt_text":"","src":"https:\/\/i0.wp.com\/informatepy.com\/2021\/wp-content\/uploads\/2021\/06\/fiorella-forestieri-esposa-buzarquis.jpg?fit=760%2C420&ssl=1&resize=350%2C200","width":350,"height":200},"classes":[]},{"id":1046,"url":"https:\/\/informatepy.com\/2021\/2019\/04\/16\/levantan-sesion-del-senado-luego-de-escandalo-entre-liberales\/","url_meta":{"origin":2468,"position":4},"title":"Levantan sesi\u00f3n del Senado luego de esc\u00e1ndalo entre liberales","date":"16 de abril de 2019","format":false,"excerpt":"En medio de un caldeado debate en la\u00a0C\u00e1mara Alta sobre el reemplazo del senador suspendido Paraguayo Cubas, los liberales\u00a0Dionisio Amarilla\u00a0(llanista), y\u00a0Enrique Salyn Buzarquis\u00a0(efrainista), casi llegan a los golpes. Por esta situaci\u00f3n se levant\u00f3 la sesi\u00f3n extraordinaria. Amarilla critic\u00f3 a Buzarquis por no estar en su banca cuando comenz\u00f3 a hacer\u2026","rel":"","context":"En \u00abNacionales\u00bb","img":{"alt_text":"","src":"https:\/\/i0.wp.com\/informatepy.com\/2021\/wp-content\/uploads\/2021\/04\/amarilla-y-buzarquis.jpg?fit=760%2C420&ssl=1&resize=350%2C200","width":350,"height":200},"classes":[]},{"id":1698,"url":"https:\/\/informatepy.com\/2021\/2019\/12\/17\/efrain-quebro-al-plra\/","url_meta":{"origin":2468,"position":5},"title":"\u00bfEfra\u00edn quebr\u00f3 al PLRA?","date":"17 de diciembre de 2019","format":false,"excerpt":"Terrible situaci\u00f3n se vive en el interior del Partido Liberal Radical Aut\u00e9ntico, y no se refiere \u00fanicamente a su interna partidaria, sino a la situaci\u00f3n financiera que aqueja a esa fuerza pol\u00edtica. D\u00edas atr\u00e1s, Blas Llano, afirm\u00f3 que el PLRA se encuentra en bancarrota. \u201cHoy el partido est\u00e1 en ban\u00adcarrota\u2026","rel":"","context":"En \u00abDestacados\u00bb","img":{"alt_text":"","src":"https:\/\/i0.wp.com\/informatepy.com\/2021\/wp-content\/uploads\/2021\/12\/efrain-alegre-dolares-volando-scaled.jpg?fit=1200%2C663&ssl=1&resize=350%2C200","width":350,"height":200},"classes":[]}],"authors":[{"term_id":1039,"user_id":1,"is_guest":0,"slug":"admin","display_name":"admin","avatar_url":"https:\/\/secure.gravatar.com\/avatar\/5310f602b6cbcfb86e030c4ccdbb78f6565a3b9bab6a74ab80fd3cb5428b65af?s=96&d=mm&r=g","first_name":"","last_name":"","user_url":"http:\/\/informatepy.com\/2021","description":""}],"amp_enabled":true,"_links":{"self":[{"href":"https:\/\/informatepy.com\/2021\/wp-json\/wp\/v2\/posts\/2468","targetHints":{"allow":["GET"]}}],"collection":[{"href":"https:\/\/informatepy.com\/2021\/wp-json\/wp\/v2\/posts"}],"about":[{"href":"https:\/\/informatepy.com\/2021\/wp-json\/wp\/v2\/types\/post"}],"author":[{"embeddable":true,"href":"https:\/\/informatepy.com\/2021\/wp-json\/wp\/v2\/users\/1"}],"replies":[{"embeddable":true,"href":"https:\/\/informatepy.com\/2021\/wp-json\/wp\/v2\/comments?post=2468"}],"version-history":[{"count":0,"href":"https:\/\/informatepy.com\/2021\/wp-json\/wp\/v2\/posts\/2468\/revisions"}],"wp:featuredmedia":[{"embeddable":true,"href":"https:\/\/informatepy.com\/2021\/wp-json\/wp\/v2\/media\/2469"}],"wp:attachment":[{"href":"https:\/\/informatepy.com\/2021\/wp-json\/wp\/v2\/media?parent=2468"}],"wp:term":[{"taxonomy":"category","embeddable":true,"href":"https:\/\/informatepy.com\/2021\/wp-json\/wp\/v2\/categories?post=2468"},{"taxonomy":"post_tag","embeddable":true,"href":"https:\/\/informatepy.com\/2021\/wp-json\/wp\/v2\/tags?post=2468"},{"taxonomy":"author","embeddable":true,"href":"https:\/\/informatepy.com\/2021\/wp-json\/wp\/v2\/ppma_author?post=2468"}],"curies":[{"name":"wp","href":"https:\/\/api.w.org\/{rel}","templated":true}]}}