{"id":2433,"date":"2021-01-21T20:21:00","date_gmt":"2021-01-21T20:21:00","guid":{"rendered":"http:\/\/informatepy.com\/2021\/2021\/01\/21\/empresario-denuncia-aprietes-y-licitaciones-dibujadas-en-el-mopc\/"},"modified":"2021-01-21T20:21:00","modified_gmt":"2021-01-21T20:21:00","slug":"empresario-denuncia-aprietes-y-licitaciones-dibujadas-en-el-mopc","status":"publish","type":"post","link":"https:\/\/informatepy.com\/2021\/2021\/01\/21\/empresario-denuncia-aprietes-y-licitaciones-dibujadas-en-el-mopc\/","title":{"rendered":"Empresario denuncia aprietes y licitaciones dibujadas en el MOPC"},"content":{"rendered":"\n<p>En entrevista con la radio 650 AM, el arquitecto Jos\u00e9 Mar\u00eda D\u00edaz Benza, directivo de EDB Construcciones, expres\u00f3 su cansancio por las injusticias que se est\u00e1n cometiendo en el Ministerio de Obras P\u00fablicas. \u201cLa corrupci\u00f3n que hay es alevosa. Existen ama\u00f1os y direccionamientos en todas las licitaciones. Tenemos documentos de eso\u201d, dijo.<\/p>\n\n\n\n<p>Coment\u00f3 que durante esta administraci\u00f3n estatal ganaron pocas licitaciones mediante las protestas realizadas ante la Direcci\u00f3n Nacional de Contrataciones P\u00fablicas por las irregularidades detectadas en las convocatorias. Ejemplific\u00f3 que uno de los casos m\u00e1s llamativos fue cuando el MOPC los descalific\u00f3 por estar sobrecalificados en ese llamado y adjudic\u00f3 el contrato a otra empresa por 2 millones de d\u00f3lares m\u00e1s caro.<\/p>\n\n\n\n<p>D\u00edaz Benza denunci\u00f3 incluso que un viceministro del MOPC lo llam\u00f3 en una oportunidad para pedir que retire una protesta realizada ante la DNCP y para indicarle que en el futuro iban a haber m\u00e1s licitaciones. Ante su negativa, esta alta autoridad le inform\u00f3 que habr\u00eda represalias en su contra y que iban a declarar desierta la convocatoria, seg\u00fan refiri\u00f3 el mismo.<\/p>\n\n\n\n<blockquote class=\"wp-block-quote is-layout-flow wp-block-quote-is-layout-flow\"><p>Existen ama\u00f1os y direccionamientos en todas las licitaciones del MOPC<\/p><\/blockquote>\n\n\n\n<p>\u201cHay empresas preferidas que se benefician, son empresas de amigos de ah\u00ed adentro que se llevan los principales contratos. La sinverg\u00fcencer\u00eda ocup\u00f3 absolutamente ese lugar. Luego escuchamos al ministro tratando de dar explicaciones, pensando que la ciudadan\u00eda es est\u00fapida. En ese lugar hay una corrupci\u00f3n raspante. Nosotros estamos cansados de tener que enfrentarnos a licitaciones dirigidas y ama\u00f1adas, teniendo que pelear para poder trabajar. Ya no nos vamos a callar\u201d, arremeti\u00f3.<\/p>\n\n\n\n<p>El entrevistado anunci\u00f3 que est\u00e1 analizando con sus asesores jur\u00eddicos presentar una denuncia formal ante el Ministerio P\u00fablico. Inst\u00f3 a los dem\u00e1s empresarios afectados que tambi\u00e9n hagan lo mismo. \u201cVamos a destapar la olla. Esto no da m\u00e1s. Tenemos documentos que avalan las licitaciones que est\u00e1n siendo dirigidas. Esto tiene que acabar, estamos cansados de la falsa moral que hay ah\u00ed adentro. Est\u00e1 podrido de corrupci\u00f3n\u201d, remarc\u00f3.<\/p>\n\n\n\n<p>Por \u00faltimo resalt\u00f3 que es m\u00e1s que evidente el direccionamiento con las adendas que realiza el MOPC al pliego de bases y condiciones para ir favoreciendo a las empresas amigas que son adjudicadas con los millonarios contratos.<\/p>\n","protected":false},"excerpt":{"rendered":"<p>En entrevista con la radio 650 AM, el arquitecto Jos\u00e9 Mar\u00eda D\u00edaz Benza, directivo de EDB Construcciones, expres\u00f3 su cansancio por las injusticias que se est\u00e1n cometiendo en el Ministerio de Obras P\u00fablicas. \u201cLa corrupci\u00f3n que hay es alevosa. Existen ama\u00f1os y direccionamientos en todas las licitaciones. Tenemos documentos de eso\u201d, dijo. Coment\u00f3 que durante [&hellip;]<\/p>\n","protected":false},"author":1,"featured_media":2434,"comment_status":"open","ping_status":"closed","sticky":false,"template":"","format":"standard","meta":{"_monsterinsights_skip_tracking":false,"_monsterinsights_sitenote_active":false,"_monsterinsights_sitenote_note":"","_monsterinsights_sitenote_category":0,"footnotes":"","jetpack_publicize_message":"","jetpack_is_tweetstorm":false,"jetpack_publicize_feature_enabled":true},"categories":[177,1],"tags":[687,242,458],"ppma_author":[1039],"class_list":["post-2433","post","type-post","status-publish","format-standard","has-post-thumbnail","hentry","category-nacionales","category-sin-categoria","tag-arnoldo-wiens","tag-corrupcion","tag-mopc"],"jetpack_publicize_connections":[],"yoast_head":"<!-- This site is optimized with the Yoast SEO plugin v27.5 - https:\/\/yoast.com\/product\/yoast-seo-wordpress\/ -->\n<title>Empresario denuncia aprietes y licitaciones dibujadas en el MOPC - Informatepy<\/title>\n<meta name=\"robots\" content=\"index, follow, max-snippet:-1, max-image-preview:large, max-video-preview:-1\" \/>\n<link rel=\"canonical\" href=\"https:\/\/informatepy.com\/2021\/2021\/01\/21\/empresario-denuncia-aprietes-y-licitaciones-dibujadas-en-el-mopc\/\" \/>\n<meta property=\"og:locale\" content=\"es_ES\" \/>\n<meta property=\"og:type\" content=\"article\" \/>\n<meta property=\"og:title\" content=\"Empresario denuncia aprietes y licitaciones dibujadas en el MOPC - Informatepy\" \/>\n<meta property=\"og:description\" content=\"En entrevista con la radio 650 AM, el arquitecto Jos\u00e9 Mar\u00eda D\u00edaz Benza, directivo de EDB Construcciones, expres\u00f3 su cansancio por las injusticias que se est\u00e1n cometiendo en el Ministerio de Obras P\u00fablicas. \u201cLa corrupci\u00f3n que hay es alevosa. Existen ama\u00f1os y direccionamientos en todas las licitaciones. Tenemos documentos de eso\u201d, dijo. Coment\u00f3 que durante [&hellip;]\" \/>\n<meta property=\"og:url\" content=\"https:\/\/informatepy.com\/2021\/2021\/01\/21\/empresario-denuncia-aprietes-y-licitaciones-dibujadas-en-el-mopc\/\" \/>\n<meta property=\"og:site_name\" content=\"Informatepy\" \/>\n<meta property=\"article:published_time\" content=\"2021-01-21T20:21:00+00:00\" \/>\n<meta property=\"og:image\" content=\"https:\/\/i1.wp.com\/informatepy.com\/2021\/wp-content\/uploads\/2021\/01\/arnoldo-wiens.jpg?fit=760%2C420&ssl=1\" \/>\n\t<meta property=\"og:image:width\" content=\"760\" \/>\n\t<meta property=\"og:image:height\" content=\"420\" \/>\n\t<meta property=\"og:image:type\" content=\"image\/jpeg\" \/>\n<meta name=\"author\" content=\"admin\" \/>\n<meta name=\"twitter:card\" content=\"summary_large_image\" \/>\n<meta name=\"twitter:label1\" content=\"Escrito por\" \/>\n\t<meta name=\"twitter:data1\" content=\"admin\" \/>\n\t<meta name=\"twitter:label2\" content=\"Tiempo de lectura\" \/>\n\t<meta name=\"twitter:data2\" content=\"2 minutos\" \/>\n<script type=\"application\/ld+json\" class=\"yoast-schema-graph\">{\"@context\":\"https:\\\/\\\/schema.org\",\"@graph\":[{\"@type\":\"Article\",\"@id\":\"https:\\\/\\\/informatepy.com\\\/2021\\\/2021\\\/01\\\/21\\\/empresario-denuncia-aprietes-y-licitaciones-dibujadas-en-el-mopc\\\/#article\",\"isPartOf\":{\"@id\":\"https:\\\/\\\/informatepy.com\\\/2021\\\/2021\\\/01\\\/21\\\/empresario-denuncia-aprietes-y-licitaciones-dibujadas-en-el-mopc\\\/\"},\"author\":{\"name\":\"admin\",\"@id\":\"https:\\\/\\\/informatepy.com\\\/2021\\\/#\\\/schema\\\/person\\\/edd302c981d6ba4596191719d1025a8a\"},\"headline\":\"Empresario denuncia aprietes y licitaciones dibujadas en el MOPC\",\"datePublished\":\"2021-01-21T20:21:00+00:00\",\"mainEntityOfPage\":{\"@id\":\"https:\\\/\\\/informatepy.com\\\/2021\\\/2021\\\/01\\\/21\\\/empresario-denuncia-aprietes-y-licitaciones-dibujadas-en-el-mopc\\\/\"},\"wordCount\":398,\"commentCount\":0,\"publisher\":{\"@id\":\"https:\\\/\\\/informatepy.com\\\/2021\\\/#\\\/schema\\\/person\\\/edd302c981d6ba4596191719d1025a8a\"},\"image\":{\"@id\":\"https:\\\/\\\/informatepy.com\\\/2021\\\/2021\\\/01\\\/21\\\/empresario-denuncia-aprietes-y-licitaciones-dibujadas-en-el-mopc\\\/#primaryimage\"},\"thumbnailUrl\":\"https:\\\/\\\/i0.wp.com\\\/informatepy.com\\\/2021\\\/wp-content\\\/uploads\\\/2021\\\/01\\\/arnoldo-wiens.jpg?fit=760%2C420&ssl=1\",\"keywords\":[\"arnoldo wiens\",\"corrupcion\",\"mopc\"],\"articleSection\":[\"Nacionales\"],\"inLanguage\":\"es\",\"potentialAction\":[{\"@type\":\"CommentAction\",\"name\":\"Comment\",\"target\":[\"https:\\\/\\\/informatepy.com\\\/2021\\\/2021\\\/01\\\/21\\\/empresario-denuncia-aprietes-y-licitaciones-dibujadas-en-el-mopc\\\/#respond\"]}]},{\"@type\":\"WebPage\",\"@id\":\"https:\\\/\\\/informatepy.com\\\/2021\\\/2021\\\/01\\\/21\\\/empresario-denuncia-aprietes-y-licitaciones-dibujadas-en-el-mopc\\\/\",\"url\":\"https:\\\/\\\/informatepy.com\\\/2021\\\/2021\\\/01\\\/21\\\/empresario-denuncia-aprietes-y-licitaciones-dibujadas-en-el-mopc\\\/\",\"name\":\"Empresario denuncia aprietes y licitaciones dibujadas en el MOPC - Informatepy\",\"isPartOf\":{\"@id\":\"https:\\\/\\\/informatepy.com\\\/2021\\\/#website\"},\"primaryImageOfPage\":{\"@id\":\"https:\\\/\\\/informatepy.com\\\/2021\\\/2021\\\/01\\\/21\\\/empresario-denuncia-aprietes-y-licitaciones-dibujadas-en-el-mopc\\\/#primaryimage\"},\"image\":{\"@id\":\"https:\\\/\\\/informatepy.com\\\/2021\\\/2021\\\/01\\\/21\\\/empresario-denuncia-aprietes-y-licitaciones-dibujadas-en-el-mopc\\\/#primaryimage\"},\"thumbnailUrl\":\"https:\\\/\\\/i0.wp.com\\\/informatepy.com\\\/2021\\\/wp-content\\\/uploads\\\/2021\\\/01\\\/arnoldo-wiens.jpg?fit=760%2C420&ssl=1\",\"datePublished\":\"2021-01-21T20:21:00+00:00\",\"breadcrumb\":{\"@id\":\"https:\\\/\\\/informatepy.com\\\/2021\\\/2021\\\/01\\\/21\\\/empresario-denuncia-aprietes-y-licitaciones-dibujadas-en-el-mopc\\\/#breadcrumb\"},\"inLanguage\":\"es\",\"potentialAction\":[{\"@type\":\"ReadAction\",\"target\":[\"https:\\\/\\\/informatepy.com\\\/2021\\\/2021\\\/01\\\/21\\\/empresario-denuncia-aprietes-y-licitaciones-dibujadas-en-el-mopc\\\/\"]}]},{\"@type\":\"ImageObject\",\"inLanguage\":\"es\",\"@id\":\"https:\\\/\\\/informatepy.com\\\/2021\\\/2021\\\/01\\\/21\\\/empresario-denuncia-aprietes-y-licitaciones-dibujadas-en-el-mopc\\\/#primaryimage\",\"url\":\"https:\\\/\\\/i0.wp.com\\\/informatepy.com\\\/2021\\\/wp-content\\\/uploads\\\/2021\\\/01\\\/arnoldo-wiens.jpg?fit=760%2C420&ssl=1\",\"contentUrl\":\"https:\\\/\\\/i0.wp.com\\\/informatepy.com\\\/2021\\\/wp-content\\\/uploads\\\/2021\\\/01\\\/arnoldo-wiens.jpg?fit=760%2C420&ssl=1\",\"width\":760,\"height\":420,\"caption\":\"Arnoldo Wiens - Ministro de Obras P\u00fablicas\"},{\"@type\":\"BreadcrumbList\",\"@id\":\"https:\\\/\\\/informatepy.com\\\/2021\\\/2021\\\/01\\\/21\\\/empresario-denuncia-aprietes-y-licitaciones-dibujadas-en-el-mopc\\\/#breadcrumb\",\"itemListElement\":[{\"@type\":\"ListItem\",\"position\":1,\"name\":\"Portada\",\"item\":\"https:\\\/\\\/informatepy.com\\\/2021\\\/\"},{\"@type\":\"ListItem\",\"position\":2,\"name\":\"Empresario denuncia aprietes y licitaciones dibujadas en el MOPC\"}]},{\"@type\":\"WebSite\",\"@id\":\"https:\\\/\\\/informatepy.com\\\/2021\\\/#website\",\"url\":\"https:\\\/\\\/informatepy.com\\\/2021\\\/\",\"name\":\"Informatepy\",\"description\":\"La verdad, siempre!\",\"publisher\":{\"@id\":\"https:\\\/\\\/informatepy.com\\\/2021\\\/#\\\/schema\\\/person\\\/edd302c981d6ba4596191719d1025a8a\"},\"potentialAction\":[{\"@type\":\"SearchAction\",\"target\":{\"@type\":\"EntryPoint\",\"urlTemplate\":\"https:\\\/\\\/informatepy.com\\\/2021\\\/?s={search_term_string}\"},\"query-input\":{\"@type\":\"PropertyValueSpecification\",\"valueRequired\":true,\"valueName\":\"search_term_string\"}}],\"inLanguage\":\"es\"},{\"@type\":[\"Person\",\"Organization\"],\"@id\":\"https:\\\/\\\/informatepy.com\\\/2021\\\/#\\\/schema\\\/person\\\/edd302c981d6ba4596191719d1025a8a\",\"name\":\"admin\",\"image\":{\"@type\":\"ImageObject\",\"inLanguage\":\"es\",\"@id\":\"https:\\\/\\\/secure.gravatar.com\\\/avatar\\\/5310f602b6cbcfb86e030c4ccdbb78f6565a3b9bab6a74ab80fd3cb5428b65af?s=96&d=mm&r=g\",\"url\":\"https:\\\/\\\/secure.gravatar.com\\\/avatar\\\/5310f602b6cbcfb86e030c4ccdbb78f6565a3b9bab6a74ab80fd3cb5428b65af?s=96&d=mm&r=g\",\"contentUrl\":\"https:\\\/\\\/secure.gravatar.com\\\/avatar\\\/5310f602b6cbcfb86e030c4ccdbb78f6565a3b9bab6a74ab80fd3cb5428b65af?s=96&d=mm&r=g\",\"caption\":\"admin\"},\"logo\":{\"@id\":\"https:\\\/\\\/secure.gravatar.com\\\/avatar\\\/5310f602b6cbcfb86e030c4ccdbb78f6565a3b9bab6a74ab80fd3cb5428b65af?s=96&d=mm&r=g\"},\"sameAs\":[\"http:\\\/\\\/informatepy.com\\\/2021\"],\"url\":\"https:\\\/\\\/informatepy.com\\\/2021\\\/author\\\/admin\\\/\"}]}<\/script>\n<!-- \/ Yoast SEO plugin. -->","yoast_head_json":{"title":"Empresario denuncia aprietes y licitaciones dibujadas en el MOPC - Informatepy","robots":{"index":"index","follow":"follow","max-snippet":"max-snippet:-1","max-image-preview":"max-image-preview:large","max-video-preview":"max-video-preview:-1"},"canonical":"https:\/\/informatepy.com\/2021\/2021\/01\/21\/empresario-denuncia-aprietes-y-licitaciones-dibujadas-en-el-mopc\/","og_locale":"es_ES","og_type":"article","og_title":"Empresario denuncia aprietes y licitaciones dibujadas en el MOPC - Informatepy","og_description":"En entrevista con la radio 650 AM, el arquitecto Jos\u00e9 Mar\u00eda D\u00edaz Benza, directivo de EDB Construcciones, expres\u00f3 su cansancio por las injusticias que se est\u00e1n cometiendo en el Ministerio de Obras P\u00fablicas. \u201cLa corrupci\u00f3n que hay es alevosa. Existen ama\u00f1os y direccionamientos en todas las licitaciones. Tenemos documentos de eso\u201d, dijo. Coment\u00f3 que durante [&hellip;]","og_url":"https:\/\/informatepy.com\/2021\/2021\/01\/21\/empresario-denuncia-aprietes-y-licitaciones-dibujadas-en-el-mopc\/","og_site_name":"Informatepy","article_published_time":"2021-01-21T20:21:00+00:00","og_image":[{"width":760,"height":420,"url":"https:\/\/i1.wp.com\/informatepy.com\/2021\/wp-content\/uploads\/2021\/01\/arnoldo-wiens.jpg?fit=760%2C420&ssl=1","type":"image\/jpeg"}],"author":"admin","twitter_card":"summary_large_image","twitter_misc":{"Escrito por":"admin","Tiempo de lectura":"2 minutos"},"schema":{"@context":"https:\/\/schema.org","@graph":[{"@type":"Article","@id":"https:\/\/informatepy.com\/2021\/2021\/01\/21\/empresario-denuncia-aprietes-y-licitaciones-dibujadas-en-el-mopc\/#article","isPartOf":{"@id":"https:\/\/informatepy.com\/2021\/2021\/01\/21\/empresario-denuncia-aprietes-y-licitaciones-dibujadas-en-el-mopc\/"},"author":{"name":"admin","@id":"https:\/\/informatepy.com\/2021\/#\/schema\/person\/edd302c981d6ba4596191719d1025a8a"},"headline":"Empresario denuncia aprietes y licitaciones dibujadas en el MOPC","datePublished":"2021-01-21T20:21:00+00:00","mainEntityOfPage":{"@id":"https:\/\/informatepy.com\/2021\/2021\/01\/21\/empresario-denuncia-aprietes-y-licitaciones-dibujadas-en-el-mopc\/"},"wordCount":398,"commentCount":0,"publisher":{"@id":"https:\/\/informatepy.com\/2021\/#\/schema\/person\/edd302c981d6ba4596191719d1025a8a"},"image":{"@id":"https:\/\/informatepy.com\/2021\/2021\/01\/21\/empresario-denuncia-aprietes-y-licitaciones-dibujadas-en-el-mopc\/#primaryimage"},"thumbnailUrl":"https:\/\/i0.wp.com\/informatepy.com\/2021\/wp-content\/uploads\/2021\/01\/arnoldo-wiens.jpg?fit=760%2C420&ssl=1","keywords":["arnoldo wiens","corrupcion","mopc"],"articleSection":["Nacionales"],"inLanguage":"es","potentialAction":[{"@type":"CommentAction","name":"Comment","target":["https:\/\/informatepy.com\/2021\/2021\/01\/21\/empresario-denuncia-aprietes-y-licitaciones-dibujadas-en-el-mopc\/#respond"]}]},{"@type":"WebPage","@id":"https:\/\/informatepy.com\/2021\/2021\/01\/21\/empresario-denuncia-aprietes-y-licitaciones-dibujadas-en-el-mopc\/","url":"https:\/\/informatepy.com\/2021\/2021\/01\/21\/empresario-denuncia-aprietes-y-licitaciones-dibujadas-en-el-mopc\/","name":"Empresario denuncia aprietes y licitaciones dibujadas en el MOPC - Informatepy","isPartOf":{"@id":"https:\/\/informatepy.com\/2021\/#website"},"primaryImageOfPage":{"@id":"https:\/\/informatepy.com\/2021\/2021\/01\/21\/empresario-denuncia-aprietes-y-licitaciones-dibujadas-en-el-mopc\/#primaryimage"},"image":{"@id":"https:\/\/informatepy.com\/2021\/2021\/01\/21\/empresario-denuncia-aprietes-y-licitaciones-dibujadas-en-el-mopc\/#primaryimage"},"thumbnailUrl":"https:\/\/i0.wp.com\/informatepy.com\/2021\/wp-content\/uploads\/2021\/01\/arnoldo-wiens.jpg?fit=760%2C420&ssl=1","datePublished":"2021-01-21T20:21:00+00:00","breadcrumb":{"@id":"https:\/\/informatepy.com\/2021\/2021\/01\/21\/empresario-denuncia-aprietes-y-licitaciones-dibujadas-en-el-mopc\/#breadcrumb"},"inLanguage":"es","potentialAction":[{"@type":"ReadAction","target":["https:\/\/informatepy.com\/2021\/2021\/01\/21\/empresario-denuncia-aprietes-y-licitaciones-dibujadas-en-el-mopc\/"]}]},{"@type":"ImageObject","inLanguage":"es","@id":"https:\/\/informatepy.com\/2021\/2021\/01\/21\/empresario-denuncia-aprietes-y-licitaciones-dibujadas-en-el-mopc\/#primaryimage","url":"https:\/\/i0.wp.com\/informatepy.com\/2021\/wp-content\/uploads\/2021\/01\/arnoldo-wiens.jpg?fit=760%2C420&ssl=1","contentUrl":"https:\/\/i0.wp.com\/informatepy.com\/2021\/wp-content\/uploads\/2021\/01\/arnoldo-wiens.jpg?fit=760%2C420&ssl=1","width":760,"height":420,"caption":"Arnoldo Wiens - Ministro de Obras P\u00fablicas"},{"@type":"BreadcrumbList","@id":"https:\/\/informatepy.com\/2021\/2021\/01\/21\/empresario-denuncia-aprietes-y-licitaciones-dibujadas-en-el-mopc\/#breadcrumb","itemListElement":[{"@type":"ListItem","position":1,"name":"Portada","item":"https:\/\/informatepy.com\/2021\/"},{"@type":"ListItem","position":2,"name":"Empresario denuncia aprietes y licitaciones dibujadas en el MOPC"}]},{"@type":"WebSite","@id":"https:\/\/informatepy.com\/2021\/#website","url":"https:\/\/informatepy.com\/2021\/","name":"Informatepy","description":"La verdad, siempre!","publisher":{"@id":"https:\/\/informatepy.com\/2021\/#\/schema\/person\/edd302c981d6ba4596191719d1025a8a"},"potentialAction":[{"@type":"SearchAction","target":{"@type":"EntryPoint","urlTemplate":"https:\/\/informatepy.com\/2021\/?s={search_term_string}"},"query-input":{"@type":"PropertyValueSpecification","valueRequired":true,"valueName":"search_term_string"}}],"inLanguage":"es"},{"@type":["Person","Organization"],"@id":"https:\/\/informatepy.com\/2021\/#\/schema\/person\/edd302c981d6ba4596191719d1025a8a","name":"admin","image":{"@type":"ImageObject","inLanguage":"es","@id":"https:\/\/secure.gravatar.com\/avatar\/5310f602b6cbcfb86e030c4ccdbb78f6565a3b9bab6a74ab80fd3cb5428b65af?s=96&d=mm&r=g","url":"https:\/\/secure.gravatar.com\/avatar\/5310f602b6cbcfb86e030c4ccdbb78f6565a3b9bab6a74ab80fd3cb5428b65af?s=96&d=mm&r=g","contentUrl":"https:\/\/secure.gravatar.com\/avatar\/5310f602b6cbcfb86e030c4ccdbb78f6565a3b9bab6a74ab80fd3cb5428b65af?s=96&d=mm&r=g","caption":"admin"},"logo":{"@id":"https:\/\/secure.gravatar.com\/avatar\/5310f602b6cbcfb86e030c4ccdbb78f6565a3b9bab6a74ab80fd3cb5428b65af?s=96&d=mm&r=g"},"sameAs":["http:\/\/informatepy.com\/2021"],"url":"https:\/\/informatepy.com\/2021\/author\/admin\/"}]}},"jetpack_featured_media_url":"https:\/\/i0.wp.com\/informatepy.com\/2021\/wp-content\/uploads\/2021\/01\/arnoldo-wiens.jpg?fit=760%2C420&ssl=1","jetpack_sharing_enabled":true,"jetpack_likes_enabled":true,"jetpack-related-posts":[{"id":1527,"url":"https:\/\/informatepy.com\/2021\/2019\/09\/27\/mario-abdo-benitez-el-david-lynch-de-la-administracion-publica\/","url_meta":{"origin":2433,"position":0},"title":"Mario Abdo Ben\u00edtez, el David Lynch de la Administraci\u00f3n P\u00fablica","date":"27 de septiembre de 2019","format":false,"excerpt":"La cartelera de pel\u00edculas gobierno de Mario Abdo Ben\u00edtez no se queda detr\u00e1s de las m\u00e1s brillantes obras del cinema surrealista, pasando por el uso de un avi\u00f3n de la Fuerza A\u00e9rea hasta la jocosa campa\u00f1a del Ministerio del Interior que insin\u00faa que \u201cNinguna se\u00f1orita atractiva te va a escribir\u201d,\u2026","rel":"","context":"En \u00abAnalisis\u00bb","img":{"alt_text":"","src":"https:\/\/i0.wp.com\/informatepy.com\/2021\/wp-content\/uploads\/2021\/09\/abdo-surrealista-scaled.jpg?fit=1200%2C724&ssl=1&resize=350%2C200","width":350,"height":200},"classes":[]},{"id":2239,"url":"https:\/\/informatepy.com\/2021\/2020\/11\/04\/denuncian-al-titular-de-la-essap-por-ser-funcionario-y-proveedor-del-estado-a-la-vez\/","url_meta":{"origin":2433,"position":1},"title":"Denuncian al titular de la Essap por ser funcionario y proveedor del Estado a la vez","date":"4 de noviembre de 2020","format":false,"excerpt":"\u201cConstatamos con nuestro equipo t\u00e9cnico, que el actual titular de la Essap se dedicaba a ganar licitaciones p\u00fablicas, pero eso no est\u00e1 mal, lo que s\u00ed est\u00e1 mal es ser funcionario p\u00fablico o autoridad del Gobierno y a la par ser proveedor del estado\u201d, explic\u00f3 el diputado colorado Carlos Rejala\u2026","rel":"","context":"En \u00abNacionales\u00bb","img":{"alt_text":"","src":"https:\/\/i0.wp.com\/informatepy.com\/2021\/wp-content\/uploads\/2021\/11\/Natalicio-Chase-foto-IP.jpg?fit=760%2C420&ssl=1&resize=350%2C200","width":350,"height":200},"classes":[]},{"id":13344,"url":"https:\/\/informatepy.com\/2021\/2022\/08\/15\/carlos-viveros-se-defiende-del-bullying-de-las-redes-sociales-al-recordarle-sus-denuncias-contra-el-mopc\/","url_meta":{"origin":2433,"position":2},"title":"Carlos Viveros se defiende del \u00abbullying\u00bb de las redes sociales al recordarle sus denuncias contra el MOPC","date":"15 de agosto de 2022","format":false,"excerpt":"Carlos Viveros, candidato a diputado por Fuerza Republicana, sali\u00f3 a defenderse del \"bullying\" de las redes sociales, cuando le recordaron un video propio donde denunciaba corrupci\u00f3n en el ministerio de Arnoldo Wiens, hoy precandidato a presidente por el mismo movimiento. Viveros, en su descargo en redes sociales afirm\u00f3 que \"Est\u00e1n\u2026","rel":"","context":"En \u00abNacionales\u00bb","img":{"alt_text":"","src":"https:\/\/i0.wp.com\/informatepy.com\/2021\/wp-content\/uploads\/2022\/08\/viveros-pasarela-oro.jpg?fit=1200%2C831&ssl=1&resize=350%2C200","width":350,"height":200},"classes":[]},{"id":1611,"url":"https:\/\/informatepy.com\/2021\/2019\/11\/17\/2020-podria-arrancar-con-un-aumento-en-el-pasaje-de-colectivo\/","url_meta":{"origin":2433,"position":3},"title":"2020 podr\u00eda arrancar con un aumento en el pasaje de colectivo","date":"17 de noviembre de 2019","format":false,"excerpt":"El Ministerio de Hacienda confirm\u00f3 que uno de los rubros afectados por estos retoques de la C\u00e1mara de Diputados es el subsidio al transporte p\u00fablico, contemplado dentro del plan de gastos del Ministerio de Obras P\u00fablicas y Comunicaciones (MOPC). El viceministro de Administraci\u00f3n Financiera, \u00d3scar Llamosas, detall\u00f3 que el monto\u2026","rel":"","context":"En \u00abNacionales\u00bb","img":{"alt_text":"","src":"https:\/\/i0.wp.com\/informatepy.com\/2021\/wp-content\/uploads\/2021\/11\/colectivo-1.jpg?fit=840%2C573&ssl=1&resize=350%2C200","width":350,"height":200},"classes":[]},{"id":2316,"url":"https:\/\/informatepy.com\/2021\/2020\/12\/04\/celeste-amarilla-luego-de-acusar-de-corruptos-a-sus-colegas-es-denunciada-por-la-uip-por-amanar-licitaciones-de-merienda-escolar\/","url_meta":{"origin":2433,"position":4},"title":"Celeste Amarilla, luego de acusar de corruptos a sus colegas, es denunciada por la UIP por ama\u00f1ar licitaciones de merienda escolar","date":"4 de diciembre de 2020","format":false,"excerpt":"Celeste Amarilla, la diputada que se\u00f1al\u00f3 con el dedo a sus colegas por haber ingresado a la c\u00e1mara gracias al dinero sucio de las mafias, resulta que tiene techo de vidrio. No es la primera vez que se la acusa de haber negociado con la merienda escolar, al ser propietaria\u2026","rel":"","context":"En \u00abNacionales\u00bb","img":{"alt_text":"","src":"https:\/\/i0.wp.com\/informatepy.com\/2021\/wp-content\/uploads\/2021\/12\/celeste-amarilla.jpeg?fit=1016%2C677&ssl=1&resize=350%2C200","width":350,"height":200},"classes":[]},{"id":892,"url":"https:\/\/informatepy.com\/2021\/2019\/03\/18\/mopc-secuestrara-buses-con-mas-de-20-anos-a-partir-de-hoy\/","url_meta":{"origin":2433,"position":5},"title":"MOPC secuestrar\u00e1 buses con m\u00e1s de 20 a\u00f1os a partir de hoy","date":"18 de marzo de 2019","format":false,"excerpt":"El Viceministerio de Transporte, anunci\u00f3 que este lunes realizar\u00e1 un operativo en donde ser\u00e1n implacables con los buses chatarra, espec\u00edficamente con los que circulan desde el a\u00f1o 1998.\u00a0 Las autoridades anunciaron que los 20 fiscalizadores estar\u00e1n acompa\u00f1ados de agentes policiales y del Ministerio P\u00fablico, esto atendiendo a que hay antecedentes\u2026","rel":"","context":"En \u00abNacionales\u00bb","img":{"alt_text":"","src":"https:\/\/i0.wp.com\/informatepy.com\/2021\/wp-content\/uploads\/2021\/03\/buses-chatarra.jpeg?fit=770%2C470&ssl=1&resize=350%2C200","width":350,"height":200},"classes":[]}],"authors":[{"term_id":1039,"user_id":1,"is_guest":0,"slug":"admin","display_name":"admin","avatar_url":"https:\/\/secure.gravatar.com\/avatar\/5310f602b6cbcfb86e030c4ccdbb78f6565a3b9bab6a74ab80fd3cb5428b65af?s=96&d=mm&r=g","first_name":"","last_name":"","user_url":"http:\/\/informatepy.com\/2021","description":""}],"amp_enabled":true,"_links":{"self":[{"href":"https:\/\/informatepy.com\/2021\/wp-json\/wp\/v2\/posts\/2433","targetHints":{"allow":["GET"]}}],"collection":[{"href":"https:\/\/informatepy.com\/2021\/wp-json\/wp\/v2\/posts"}],"about":[{"href":"https:\/\/informatepy.com\/2021\/wp-json\/wp\/v2\/types\/post"}],"author":[{"embeddable":true,"href":"https:\/\/informatepy.com\/2021\/wp-json\/wp\/v2\/users\/1"}],"replies":[{"embeddable":true,"href":"https:\/\/informatepy.com\/2021\/wp-json\/wp\/v2\/comments?post=2433"}],"version-history":[{"count":0,"href":"https:\/\/informatepy.com\/2021\/wp-json\/wp\/v2\/posts\/2433\/revisions"}],"wp:featuredmedia":[{"embeddable":true,"href":"https:\/\/informatepy.com\/2021\/wp-json\/wp\/v2\/media\/2434"}],"wp:attachment":[{"href":"https:\/\/informatepy.com\/2021\/wp-json\/wp\/v2\/media?parent=2433"}],"wp:term":[{"taxonomy":"category","embeddable":true,"href":"https:\/\/informatepy.com\/2021\/wp-json\/wp\/v2\/categories?post=2433"},{"taxonomy":"post_tag","embeddable":true,"href":"https:\/\/informatepy.com\/2021\/wp-json\/wp\/v2\/tags?post=2433"},{"taxonomy":"author","embeddable":true,"href":"https:\/\/informatepy.com\/2021\/wp-json\/wp\/v2\/ppma_author?post=2433"}],"curies":[{"name":"wp","href":"https:\/\/api.w.org\/{rel}","templated":true}]}}