{"id":2427,"date":"2021-01-20T20:21:00","date_gmt":"2021-01-20T20:21:00","guid":{"rendered":"http:\/\/informatepy.com\/2021\/2021\/01\/20\/se-avecina-un-texit-la-propuesta-de-independencia-para-texas-revive-en-eeuu\/"},"modified":"2021-01-20T20:21:00","modified_gmt":"2021-01-20T20:21:00","slug":"se-avecina-un-texit-la-propuesta-de-independencia-para-texas-revive-en-eeuu","status":"publish","type":"post","link":"https:\/\/informatepy.com\/2021\/2021\/01\/20\/se-avecina-un-texit-la-propuesta-de-independencia-para-texas-revive-en-eeuu\/","title":{"rendered":"\u00bfSe avecina un Texit? La propuesta de independencia para Texas revive en EEUU"},"content":{"rendered":"\n<p>\u00abEl gobierno federal est\u00e1 fuera de control y no representa los valores de los texanos. Por eso me comprometo a presentar una legislaci\u00f3n que permita celebrar un refer\u00e9ndum para dar a los texanos una votaci\u00f3n para que el estado de Texas reafirme su estatus de naci\u00f3n independiente\u00bb, escribi\u00f3 el legislador republicano Kyle Biedermann.<\/p>\n\n\n\n<p>El legislador busca promover esta iniciativa de acuerdo al art\u00edculo 1, secci\u00f3n 2, de la Constituci\u00f3n de Texas que\u00a0dice\u00a0que \u00abtodo poder pol\u00edtico es inherente al pueblo, y todos los gobiernos libres se basan en su autoridad y se instituyen para su beneficio. <\/p>\n\n\n\n<p>La fe del pueblo de Texas est\u00e1 comprometida con la\u00a0<strong>preservaci\u00f3n de una forma republicana de gobierno<\/strong>\u00a0y sujeto \u00fanicamente a esta limitaci\u00f3n tienen en todo momento el derecho inalienable de alterar, reformar o abolir su gobierno de la manera que crea \u0441onveniente\u00bb.<\/p>\n\n\n\n<figure class=\"wp-block-embed-twitter wp-block-embed is-type-rich is-provider-twitter\"><div class=\"wp-block-embed__wrapper\">\n<blockquote class=\"twitter-tweet\" data-width=\"550\" data-dnt=\"true\"><p lang=\"en\" dir=\"ltr\">The politicians in DC are out of touch w\/ the voices of God fearing Americans and w\/ the radical nature of the Democrat Party, it only renews my resolve to fight to give Texans the right to vote on <a href=\"https:\/\/twitter.com\/hashtag\/Texit?src=hash&amp;ref_src=twsrc%5Etfw\">#Texit<\/a>. Join with me and sign my petition here: <a href=\"https:\/\/t.co\/9fsTsz0FDL\">https:\/\/t.co\/9fsTsz0FDL<\/a> <a href=\"https:\/\/twitter.com\/hashtag\/txlege?src=hash&amp;ref_src=twsrc%5Etfw\">#txlege<\/a><\/p>&mdash; Kyle Biedermann (@KyleBiedermann) <a href=\"https:\/\/twitter.com\/KyleBiedermann\/status\/1347564052281774080?ref_src=twsrc%5Etfw\">January 8, 2021<\/a><\/blockquote><script async src=\"https:\/\/platform.twitter.com\/widgets.js\" charset=\"utf-8\"><\/script>\n<\/div><\/figure>\n\n\n\n<p>No es la primera vez en la historia de Texas que se habla de una independencia, de hecho, en 1861 cuando comenzaba\u00a0<strong>la Guerra Civil este estado se separ\u00f3 de EEUU<\/strong>\u00a0y se uni\u00f3 a los Estados Confederados de Am\u00e9rica. Sin embargo, durante el apogeo de la Reconstrucci\u00f3n en 1870 el Congreso estadounidense readmiti\u00f3 a Texas en la Uni\u00f3n.<\/p>\n\n\n\n<p>Fueron varias las veces que el estado de Texas a lo largo de su historia apoy\u00f3 esta opci\u00f3n como derecho constitucional.\u00a0<\/p>\n","protected":false},"excerpt":{"rendered":"<p>\u00abEl gobierno federal est\u00e1 fuera de control y no representa los valores de los texanos. Por eso me comprometo a presentar una legislaci\u00f3n que permita celebrar un refer\u00e9ndum para dar a los texanos una votaci\u00f3n para que el estado de Texas reafirme su estatus de naci\u00f3n independiente\u00bb, escribi\u00f3 el legislador republicano Kyle Biedermann. El legislador [&hellip;]<\/p>\n","protected":false},"author":1,"featured_media":2428,"comment_status":"open","ping_status":"closed","sticky":false,"template":"","format":"standard","meta":{"_monsterinsights_skip_tracking":false,"_monsterinsights_sitenote_active":false,"_monsterinsights_sitenote_note":"","_monsterinsights_sitenote_category":0,"footnotes":"","jetpack_publicize_message":"","jetpack_is_tweetstorm":false,"jetpack_publicize_feature_enabled":true},"categories":[173,1],"tags":[832,1012,1013],"ppma_author":[1039],"class_list":["post-2427","post","type-post","status-publish","format-standard","has-post-thumbnail","hentry","category-mundo","category-sin-categoria","tag-estados-unidos","tag-texas","tag-texit"],"jetpack_publicize_connections":[],"yoast_head":"<!-- This site is optimized with the Yoast SEO plugin v27.4 - https:\/\/yoast.com\/product\/yoast-seo-wordpress\/ -->\n<title>\u00bfSe avecina un Texit? La propuesta de independencia para Texas revive en EEUU - Informatepy<\/title>\n<meta name=\"robots\" content=\"index, follow, max-snippet:-1, max-image-preview:large, max-video-preview:-1\" \/>\n<link rel=\"canonical\" href=\"https:\/\/informatepy.com\/2021\/2021\/01\/20\/se-avecina-un-texit-la-propuesta-de-independencia-para-texas-revive-en-eeuu\/\" \/>\n<meta property=\"og:locale\" content=\"es_ES\" \/>\n<meta property=\"og:type\" content=\"article\" \/>\n<meta property=\"og:title\" content=\"\u00bfSe avecina un Texit? La propuesta de independencia para Texas revive en EEUU - Informatepy\" \/>\n<meta property=\"og:description\" content=\"\u00abEl gobierno federal est\u00e1 fuera de control y no representa los valores de los texanos. Por eso me comprometo a presentar una legislaci\u00f3n que permita celebrar un refer\u00e9ndum para dar a los texanos una votaci\u00f3n para que el estado de Texas reafirme su estatus de naci\u00f3n independiente\u00bb, escribi\u00f3 el legislador republicano Kyle Biedermann. El legislador [&hellip;]\" \/>\n<meta property=\"og:url\" content=\"https:\/\/informatepy.com\/2021\/2021\/01\/20\/se-avecina-un-texit-la-propuesta-de-independencia-para-texas-revive-en-eeuu\/\" \/>\n<meta property=\"og:site_name\" content=\"Informatepy\" \/>\n<meta property=\"article:published_time\" content=\"2021-01-20T20:21:00+00:00\" \/>\n<meta property=\"og:image\" content=\"https:\/\/i1.wp.com\/informatepy.com\/2021\/wp-content\/uploads\/2021\/01\/texit-scaled-1.jpg?fit=2560%2C1502&ssl=1\" \/>\n\t<meta property=\"og:image:width\" content=\"2560\" \/>\n\t<meta property=\"og:image:height\" content=\"1502\" \/>\n\t<meta property=\"og:image:type\" content=\"image\/jpeg\" \/>\n<meta name=\"author\" content=\"admin\" \/>\n<meta name=\"twitter:card\" content=\"summary_large_image\" \/>\n<meta name=\"twitter:label1\" content=\"Escrito por\" \/>\n\t<meta name=\"twitter:data1\" content=\"admin\" \/>\n\t<meta name=\"twitter:label2\" content=\"Tiempo de lectura\" \/>\n\t<meta name=\"twitter:data2\" content=\"1 minuto\" \/>\n<script type=\"application\/ld+json\" class=\"yoast-schema-graph\">{\"@context\":\"https:\\\/\\\/schema.org\",\"@graph\":[{\"@type\":\"Article\",\"@id\":\"https:\\\/\\\/informatepy.com\\\/2021\\\/2021\\\/01\\\/20\\\/se-avecina-un-texit-la-propuesta-de-independencia-para-texas-revive-en-eeuu\\\/#article\",\"isPartOf\":{\"@id\":\"https:\\\/\\\/informatepy.com\\\/2021\\\/2021\\\/01\\\/20\\\/se-avecina-un-texit-la-propuesta-de-independencia-para-texas-revive-en-eeuu\\\/\"},\"author\":{\"name\":\"admin\",\"@id\":\"https:\\\/\\\/informatepy.com\\\/2021\\\/#\\\/schema\\\/person\\\/edd302c981d6ba4596191719d1025a8a\"},\"headline\":\"\u00bfSe avecina un Texit? La propuesta de independencia para Texas revive en EEUU\",\"datePublished\":\"2021-01-20T20:21:00+00:00\",\"mainEntityOfPage\":{\"@id\":\"https:\\\/\\\/informatepy.com\\\/2021\\\/2021\\\/01\\\/20\\\/se-avecina-un-texit-la-propuesta-de-independencia-para-texas-revive-en-eeuu\\\/\"},\"wordCount\":248,\"commentCount\":0,\"publisher\":{\"@id\":\"https:\\\/\\\/informatepy.com\\\/2021\\\/#\\\/schema\\\/person\\\/edd302c981d6ba4596191719d1025a8a\"},\"image\":{\"@id\":\"https:\\\/\\\/informatepy.com\\\/2021\\\/2021\\\/01\\\/20\\\/se-avecina-un-texit-la-propuesta-de-independencia-para-texas-revive-en-eeuu\\\/#primaryimage\"},\"thumbnailUrl\":\"https:\\\/\\\/i0.wp.com\\\/informatepy.com\\\/2021\\\/wp-content\\\/uploads\\\/2021\\\/01\\\/texit-scaled-1.jpg?fit=2560%2C1502&ssl=1\",\"keywords\":[\"estados unidos\",\"texas\",\"texit\"],\"articleSection\":[\"Mundo\"],\"inLanguage\":\"es\",\"potentialAction\":[{\"@type\":\"CommentAction\",\"name\":\"Comment\",\"target\":[\"https:\\\/\\\/informatepy.com\\\/2021\\\/2021\\\/01\\\/20\\\/se-avecina-un-texit-la-propuesta-de-independencia-para-texas-revive-en-eeuu\\\/#respond\"]}]},{\"@type\":\"WebPage\",\"@id\":\"https:\\\/\\\/informatepy.com\\\/2021\\\/2021\\\/01\\\/20\\\/se-avecina-un-texit-la-propuesta-de-independencia-para-texas-revive-en-eeuu\\\/\",\"url\":\"https:\\\/\\\/informatepy.com\\\/2021\\\/2021\\\/01\\\/20\\\/se-avecina-un-texit-la-propuesta-de-independencia-para-texas-revive-en-eeuu\\\/\",\"name\":\"\u00bfSe avecina un Texit? La propuesta de independencia para Texas revive en EEUU - Informatepy\",\"isPartOf\":{\"@id\":\"https:\\\/\\\/informatepy.com\\\/2021\\\/#website\"},\"primaryImageOfPage\":{\"@id\":\"https:\\\/\\\/informatepy.com\\\/2021\\\/2021\\\/01\\\/20\\\/se-avecina-un-texit-la-propuesta-de-independencia-para-texas-revive-en-eeuu\\\/#primaryimage\"},\"image\":{\"@id\":\"https:\\\/\\\/informatepy.com\\\/2021\\\/2021\\\/01\\\/20\\\/se-avecina-un-texit-la-propuesta-de-independencia-para-texas-revive-en-eeuu\\\/#primaryimage\"},\"thumbnailUrl\":\"https:\\\/\\\/i0.wp.com\\\/informatepy.com\\\/2021\\\/wp-content\\\/uploads\\\/2021\\\/01\\\/texit-scaled-1.jpg?fit=2560%2C1502&ssl=1\",\"datePublished\":\"2021-01-20T20:21:00+00:00\",\"breadcrumb\":{\"@id\":\"https:\\\/\\\/informatepy.com\\\/2021\\\/2021\\\/01\\\/20\\\/se-avecina-un-texit-la-propuesta-de-independencia-para-texas-revive-en-eeuu\\\/#breadcrumb\"},\"inLanguage\":\"es\",\"potentialAction\":[{\"@type\":\"ReadAction\",\"target\":[\"https:\\\/\\\/informatepy.com\\\/2021\\\/2021\\\/01\\\/20\\\/se-avecina-un-texit-la-propuesta-de-independencia-para-texas-revive-en-eeuu\\\/\"]}]},{\"@type\":\"ImageObject\",\"inLanguage\":\"es\",\"@id\":\"https:\\\/\\\/informatepy.com\\\/2021\\\/2021\\\/01\\\/20\\\/se-avecina-un-texit-la-propuesta-de-independencia-para-texas-revive-en-eeuu\\\/#primaryimage\",\"url\":\"https:\\\/\\\/i0.wp.com\\\/informatepy.com\\\/2021\\\/wp-content\\\/uploads\\\/2021\\\/01\\\/texit-scaled-1.jpg?fit=2560%2C1502&ssl=1\",\"contentUrl\":\"https:\\\/\\\/i0.wp.com\\\/informatepy.com\\\/2021\\\/wp-content\\\/uploads\\\/2021\\\/01\\\/texit-scaled-1.jpg?fit=2560%2C1502&ssl=1\",\"width\":2560,\"height\":1502},{\"@type\":\"BreadcrumbList\",\"@id\":\"https:\\\/\\\/informatepy.com\\\/2021\\\/2021\\\/01\\\/20\\\/se-avecina-un-texit-la-propuesta-de-independencia-para-texas-revive-en-eeuu\\\/#breadcrumb\",\"itemListElement\":[{\"@type\":\"ListItem\",\"position\":1,\"name\":\"Portada\",\"item\":\"https:\\\/\\\/informatepy.com\\\/2021\\\/\"},{\"@type\":\"ListItem\",\"position\":2,\"name\":\"\u00bfSe avecina un Texit? La propuesta de independencia para Texas revive en EEUU\"}]},{\"@type\":\"WebSite\",\"@id\":\"https:\\\/\\\/informatepy.com\\\/2021\\\/#website\",\"url\":\"https:\\\/\\\/informatepy.com\\\/2021\\\/\",\"name\":\"Informatepy\",\"description\":\"La verdad, siempre!\",\"publisher\":{\"@id\":\"https:\\\/\\\/informatepy.com\\\/2021\\\/#\\\/schema\\\/person\\\/edd302c981d6ba4596191719d1025a8a\"},\"potentialAction\":[{\"@type\":\"SearchAction\",\"target\":{\"@type\":\"EntryPoint\",\"urlTemplate\":\"https:\\\/\\\/informatepy.com\\\/2021\\\/?s={search_term_string}\"},\"query-input\":{\"@type\":\"PropertyValueSpecification\",\"valueRequired\":true,\"valueName\":\"search_term_string\"}}],\"inLanguage\":\"es\"},{\"@type\":[\"Person\",\"Organization\"],\"@id\":\"https:\\\/\\\/informatepy.com\\\/2021\\\/#\\\/schema\\\/person\\\/edd302c981d6ba4596191719d1025a8a\",\"name\":\"admin\",\"image\":{\"@type\":\"ImageObject\",\"inLanguage\":\"es\",\"@id\":\"https:\\\/\\\/secure.gravatar.com\\\/avatar\\\/5310f602b6cbcfb86e030c4ccdbb78f6565a3b9bab6a74ab80fd3cb5428b65af?s=96&d=mm&r=g\",\"url\":\"https:\\\/\\\/secure.gravatar.com\\\/avatar\\\/5310f602b6cbcfb86e030c4ccdbb78f6565a3b9bab6a74ab80fd3cb5428b65af?s=96&d=mm&r=g\",\"contentUrl\":\"https:\\\/\\\/secure.gravatar.com\\\/avatar\\\/5310f602b6cbcfb86e030c4ccdbb78f6565a3b9bab6a74ab80fd3cb5428b65af?s=96&d=mm&r=g\",\"caption\":\"admin\"},\"logo\":{\"@id\":\"https:\\\/\\\/secure.gravatar.com\\\/avatar\\\/5310f602b6cbcfb86e030c4ccdbb78f6565a3b9bab6a74ab80fd3cb5428b65af?s=96&d=mm&r=g\"},\"sameAs\":[\"http:\\\/\\\/informatepy.com\\\/2021\"],\"url\":\"https:\\\/\\\/informatepy.com\\\/2021\\\/author\\\/admin\\\/\"}]}<\/script>\n<!-- \/ Yoast SEO plugin. -->","yoast_head_json":{"title":"\u00bfSe avecina un Texit? La propuesta de independencia para Texas revive en EEUU - Informatepy","robots":{"index":"index","follow":"follow","max-snippet":"max-snippet:-1","max-image-preview":"max-image-preview:large","max-video-preview":"max-video-preview:-1"},"canonical":"https:\/\/informatepy.com\/2021\/2021\/01\/20\/se-avecina-un-texit-la-propuesta-de-independencia-para-texas-revive-en-eeuu\/","og_locale":"es_ES","og_type":"article","og_title":"\u00bfSe avecina un Texit? La propuesta de independencia para Texas revive en EEUU - Informatepy","og_description":"\u00abEl gobierno federal est\u00e1 fuera de control y no representa los valores de los texanos. Por eso me comprometo a presentar una legislaci\u00f3n que permita celebrar un refer\u00e9ndum para dar a los texanos una votaci\u00f3n para que el estado de Texas reafirme su estatus de naci\u00f3n independiente\u00bb, escribi\u00f3 el legislador republicano Kyle Biedermann. El legislador [&hellip;]","og_url":"https:\/\/informatepy.com\/2021\/2021\/01\/20\/se-avecina-un-texit-la-propuesta-de-independencia-para-texas-revive-en-eeuu\/","og_site_name":"Informatepy","article_published_time":"2021-01-20T20:21:00+00:00","og_image":[{"width":2560,"height":1502,"url":"https:\/\/i1.wp.com\/informatepy.com\/2021\/wp-content\/uploads\/2021\/01\/texit-scaled-1.jpg?fit=2560%2C1502&ssl=1","type":"image\/jpeg"}],"author":"admin","twitter_card":"summary_large_image","twitter_misc":{"Escrito por":"admin","Tiempo de lectura":"1 minuto"},"schema":{"@context":"https:\/\/schema.org","@graph":[{"@type":"Article","@id":"https:\/\/informatepy.com\/2021\/2021\/01\/20\/se-avecina-un-texit-la-propuesta-de-independencia-para-texas-revive-en-eeuu\/#article","isPartOf":{"@id":"https:\/\/informatepy.com\/2021\/2021\/01\/20\/se-avecina-un-texit-la-propuesta-de-independencia-para-texas-revive-en-eeuu\/"},"author":{"name":"admin","@id":"https:\/\/informatepy.com\/2021\/#\/schema\/person\/edd302c981d6ba4596191719d1025a8a"},"headline":"\u00bfSe avecina un Texit? La propuesta de independencia para Texas revive en EEUU","datePublished":"2021-01-20T20:21:00+00:00","mainEntityOfPage":{"@id":"https:\/\/informatepy.com\/2021\/2021\/01\/20\/se-avecina-un-texit-la-propuesta-de-independencia-para-texas-revive-en-eeuu\/"},"wordCount":248,"commentCount":0,"publisher":{"@id":"https:\/\/informatepy.com\/2021\/#\/schema\/person\/edd302c981d6ba4596191719d1025a8a"},"image":{"@id":"https:\/\/informatepy.com\/2021\/2021\/01\/20\/se-avecina-un-texit-la-propuesta-de-independencia-para-texas-revive-en-eeuu\/#primaryimage"},"thumbnailUrl":"https:\/\/i0.wp.com\/informatepy.com\/2021\/wp-content\/uploads\/2021\/01\/texit-scaled-1.jpg?fit=2560%2C1502&ssl=1","keywords":["estados unidos","texas","texit"],"articleSection":["Mundo"],"inLanguage":"es","potentialAction":[{"@type":"CommentAction","name":"Comment","target":["https:\/\/informatepy.com\/2021\/2021\/01\/20\/se-avecina-un-texit-la-propuesta-de-independencia-para-texas-revive-en-eeuu\/#respond"]}]},{"@type":"WebPage","@id":"https:\/\/informatepy.com\/2021\/2021\/01\/20\/se-avecina-un-texit-la-propuesta-de-independencia-para-texas-revive-en-eeuu\/","url":"https:\/\/informatepy.com\/2021\/2021\/01\/20\/se-avecina-un-texit-la-propuesta-de-independencia-para-texas-revive-en-eeuu\/","name":"\u00bfSe avecina un Texit? La propuesta de independencia para Texas revive en EEUU - Informatepy","isPartOf":{"@id":"https:\/\/informatepy.com\/2021\/#website"},"primaryImageOfPage":{"@id":"https:\/\/informatepy.com\/2021\/2021\/01\/20\/se-avecina-un-texit-la-propuesta-de-independencia-para-texas-revive-en-eeuu\/#primaryimage"},"image":{"@id":"https:\/\/informatepy.com\/2021\/2021\/01\/20\/se-avecina-un-texit-la-propuesta-de-independencia-para-texas-revive-en-eeuu\/#primaryimage"},"thumbnailUrl":"https:\/\/i0.wp.com\/informatepy.com\/2021\/wp-content\/uploads\/2021\/01\/texit-scaled-1.jpg?fit=2560%2C1502&ssl=1","datePublished":"2021-01-20T20:21:00+00:00","breadcrumb":{"@id":"https:\/\/informatepy.com\/2021\/2021\/01\/20\/se-avecina-un-texit-la-propuesta-de-independencia-para-texas-revive-en-eeuu\/#breadcrumb"},"inLanguage":"es","potentialAction":[{"@type":"ReadAction","target":["https:\/\/informatepy.com\/2021\/2021\/01\/20\/se-avecina-un-texit-la-propuesta-de-independencia-para-texas-revive-en-eeuu\/"]}]},{"@type":"ImageObject","inLanguage":"es","@id":"https:\/\/informatepy.com\/2021\/2021\/01\/20\/se-avecina-un-texit-la-propuesta-de-independencia-para-texas-revive-en-eeuu\/#primaryimage","url":"https:\/\/i0.wp.com\/informatepy.com\/2021\/wp-content\/uploads\/2021\/01\/texit-scaled-1.jpg?fit=2560%2C1502&ssl=1","contentUrl":"https:\/\/i0.wp.com\/informatepy.com\/2021\/wp-content\/uploads\/2021\/01\/texit-scaled-1.jpg?fit=2560%2C1502&ssl=1","width":2560,"height":1502},{"@type":"BreadcrumbList","@id":"https:\/\/informatepy.com\/2021\/2021\/01\/20\/se-avecina-un-texit-la-propuesta-de-independencia-para-texas-revive-en-eeuu\/#breadcrumb","itemListElement":[{"@type":"ListItem","position":1,"name":"Portada","item":"https:\/\/informatepy.com\/2021\/"},{"@type":"ListItem","position":2,"name":"\u00bfSe avecina un Texit? La propuesta de independencia para Texas revive en EEUU"}]},{"@type":"WebSite","@id":"https:\/\/informatepy.com\/2021\/#website","url":"https:\/\/informatepy.com\/2021\/","name":"Informatepy","description":"La verdad, siempre!","publisher":{"@id":"https:\/\/informatepy.com\/2021\/#\/schema\/person\/edd302c981d6ba4596191719d1025a8a"},"potentialAction":[{"@type":"SearchAction","target":{"@type":"EntryPoint","urlTemplate":"https:\/\/informatepy.com\/2021\/?s={search_term_string}"},"query-input":{"@type":"PropertyValueSpecification","valueRequired":true,"valueName":"search_term_string"}}],"inLanguage":"es"},{"@type":["Person","Organization"],"@id":"https:\/\/informatepy.com\/2021\/#\/schema\/person\/edd302c981d6ba4596191719d1025a8a","name":"admin","image":{"@type":"ImageObject","inLanguage":"es","@id":"https:\/\/secure.gravatar.com\/avatar\/5310f602b6cbcfb86e030c4ccdbb78f6565a3b9bab6a74ab80fd3cb5428b65af?s=96&d=mm&r=g","url":"https:\/\/secure.gravatar.com\/avatar\/5310f602b6cbcfb86e030c4ccdbb78f6565a3b9bab6a74ab80fd3cb5428b65af?s=96&d=mm&r=g","contentUrl":"https:\/\/secure.gravatar.com\/avatar\/5310f602b6cbcfb86e030c4ccdbb78f6565a3b9bab6a74ab80fd3cb5428b65af?s=96&d=mm&r=g","caption":"admin"},"logo":{"@id":"https:\/\/secure.gravatar.com\/avatar\/5310f602b6cbcfb86e030c4ccdbb78f6565a3b9bab6a74ab80fd3cb5428b65af?s=96&d=mm&r=g"},"sameAs":["http:\/\/informatepy.com\/2021"],"url":"https:\/\/informatepy.com\/2021\/author\/admin\/"}]}},"jetpack_featured_media_url":"https:\/\/i0.wp.com\/informatepy.com\/2021\/wp-content\/uploads\/2021\/01\/texit-scaled-1.jpg?fit=2560%2C1502&ssl=1","jetpack_sharing_enabled":true,"jetpack_likes_enabled":true,"jetpack-related-posts":[{"id":7287,"url":"https:\/\/informatepy.com\/2021\/2021\/09\/23\/legisladores-republicanos-piden-juicio-politico-para-joe-biden\/","url_meta":{"origin":2427,"position":0},"title":"Legisladores republicanos piden juicio pol\u00edtico para Joe Biden","date":"23 de septiembre de 2021","format":false,"excerpt":"Un grupo de legisladores republicanos ha dado un paso al frente y ha presentado oficialmente art\u00edculos de acusaci\u00f3n contra Joe Biden por su incapacidad para asegurar adecuadamente la frontera suroeste en medio de una crisis migratoria que se agrav\u00f3 y que comenz\u00f3 a principios de la primavera y ha empeorado\u2026","rel":"","context":"En \u00abMundo\u00bb","img":{"alt_text":"","src":"https:\/\/i0.wp.com\/informatepy.com\/2021\/wp-content\/uploads\/2021\/09\/biden-cabizbajo.jpg?fit=699%2C350&ssl=1&resize=350%2C200","width":350,"height":200},"classes":[]},{"id":12285,"url":"https:\/\/informatepy.com\/2021\/2022\/06\/22\/el-partido-republicano-de-texas-declara-a-joe-biden-como-presidente-ilegitimo\/","url_meta":{"origin":2427,"position":1},"title":"El Partido Republicano de Texas declara a Joe Biden como presidente ileg\u00edtimo","date":"22 de junio de 2022","format":false,"excerpt":"En la convenci\u00f3n republicana llevada adelante este fin de semana en Houston, las nuevas autoridades partidarias, totalmente alineadas con\u00a0Donald Trump, llevaron a cabo cambios en la plataforma del partido. Entre las varias declaraciones aprobadas, se estableci\u00f3 que\u00a0Texas no reconoce al presidente\u00a0Joe Biden\u00a0como presidente elegido leg\u00edtimamente, basado en las \u201cinnegables irregularidades\u2026","rel":"","context":"En \u00abMundo\u00bb","img":{"alt_text":"","src":"https:\/\/i0.wp.com\/informatepy.com\/2021\/wp-content\/uploads\/2022\/06\/seguidores-trump.jpg?fit=960%2C640&ssl=1&resize=350%2C200","width":350,"height":200},"classes":[]},{"id":11164,"url":"https:\/\/informatepy.com\/2021\/2022\/04\/14\/gobernador-de-texas-envia-a-un-grupo-de-indocumentados-a-washington-dc\/","url_meta":{"origin":2427,"position":2},"title":"Gobernador de Texas env\u00eda a un grupo de inmigrantes indocumentados a Washington DC","date":"14 de abril de 2022","format":false,"excerpt":"Greg Abbott, gobernador de Texas, inicia as\u00ed su promesa de enviar inmigrantes indocumentados que solicitan asilo a la capital del pa\u00eds como medida de protesta contra la Administraci\u00f3n Biden. El gobernador ha dicho que enviar\u00eda hasta 900 autobuses con el mismo destino. El gobernador republicano, cumple con este primer env\u00edo\u2026","rel":"","context":"En \u00abMundo\u00bb","img":{"alt_text":"","src":"https:\/\/i0.wp.com\/informatepy.com\/2021\/wp-content\/uploads\/2022\/04\/bus-texas-washington-inmigrantes.jpg?fit=1024%2C576&ssl=1&resize=350%2C200","width":350,"height":200},"classes":[]},{"id":12449,"url":"https:\/\/informatepy.com\/2021\/2022\/06\/30\/las-companias-estadounidenses-que-cubran-costos-de-abortos-a-sus-trabajadoras-podrian-enfrentar-problemas-legales\/","url_meta":{"origin":2427,"position":3},"title":"Las compa\u00f1\u00edas estadounidenses que cubran costos de aborto a sus trabajadoras podr\u00edan enfrentar problemas legales","date":"30 de junio de 2022","format":false,"excerpt":"Un n\u00famero creciente de grandes compa\u00f1\u00edas estadounidenses han dicho que cubrir\u00e1n los costos de viaje de los empleados que deben abandonar sus estados de origen para abortar, pero estas nuevas pol\u00edticas podr\u00edan exponer a las empresas a demandas e incluso a posibles responsabilidades penales, dijeron expertos legales. Amazon.com Inc, Apple\u2026","rel":"","context":"En \u00abSalud\u00bb","img":{"alt_text":"","src":"https:\/\/i0.wp.com\/informatepy.com\/2021\/wp-content\/uploads\/2022\/01\/no-al-aborto.jpeg?fit=1000%2C563&ssl=1&resize=350%2C200","width":350,"height":200},"classes":[]},{"id":2343,"url":"https:\/\/informatepy.com\/2021\/2020\/12\/12\/estados-unidos-se-fractura\/","url_meta":{"origin":2427,"position":4},"title":"Estados Unidos se fractura","date":"12 de diciembre de 2020","format":false,"excerpt":"Luego del rev\u00e9s sufrido por el estado de Texas en la Corte Suprema de Justicia, 18 estados piden que la elecci\u00f3n sea resuelta en el Congreso mientras que otros 22 piden que se respete la victoria inconstitucional de Joe Biden. La Corte Suprema se expidi\u00f3 en contra de las demandas\u2026","rel":"","context":"En \u00abAnalisis\u00bb","img":{"alt_text":"","src":"https:\/\/i0.wp.com\/informatepy.com\/2021\/wp-content\/uploads\/2021\/12\/EEUU-fracturado-scaled-1.jpg?fit=1200%2C901&ssl=1&resize=350%2C200","width":350,"height":200},"classes":[]},{"id":5194,"url":"https:\/\/informatepy.com\/2021\/2021\/06\/03\/6-de-cada-10-estadounidenses-no-quiere-ninos-autopercibidos-mujeres-en-deportes-de-ninas\/","url_meta":{"origin":2427,"position":5},"title":"6 de cada 10 estadounidenses no quiere ni\u00f1os \u00abautopercibidos\u00bb mujeres en deportes de ni\u00f1as","date":"3 de junio de 2021","format":false,"excerpt":"Aborto y g\u00e9nero son 2 temas que provocan una grieta enorme en la sociedad estadounidense, a veces m\u00e1s profunda que la libre tenencia de armas de fuego o que las leyes sobre inmigraci\u00f3n. Hay 36 ciudades estadounidenses que preparan restricciones a los abortos, sum\u00e1ndose a las 28 que ya limitaron.\u2026","rel":"","context":"En \u00abCiencia y Tecnolog\u00eda\u00bb","img":{"alt_text":"","src":"https:\/\/i0.wp.com\/informatepy.com\/2021\/wp-content\/uploads\/2021\/06\/atleta-transgenero.jpg?fit=1200%2C676&ssl=1&resize=350%2C200","width":350,"height":200},"classes":[]}],"authors":[{"term_id":1039,"user_id":1,"is_guest":0,"slug":"admin","display_name":"admin","avatar_url":"https:\/\/secure.gravatar.com\/avatar\/5310f602b6cbcfb86e030c4ccdbb78f6565a3b9bab6a74ab80fd3cb5428b65af?s=96&d=mm&r=g","first_name":"","last_name":"","user_url":"http:\/\/informatepy.com\/2021","description":""}],"amp_enabled":true,"_links":{"self":[{"href":"https:\/\/informatepy.com\/2021\/wp-json\/wp\/v2\/posts\/2427","targetHints":{"allow":["GET"]}}],"collection":[{"href":"https:\/\/informatepy.com\/2021\/wp-json\/wp\/v2\/posts"}],"about":[{"href":"https:\/\/informatepy.com\/2021\/wp-json\/wp\/v2\/types\/post"}],"author":[{"embeddable":true,"href":"https:\/\/informatepy.com\/2021\/wp-json\/wp\/v2\/users\/1"}],"replies":[{"embeddable":true,"href":"https:\/\/informatepy.com\/2021\/wp-json\/wp\/v2\/comments?post=2427"}],"version-history":[{"count":0,"href":"https:\/\/informatepy.com\/2021\/wp-json\/wp\/v2\/posts\/2427\/revisions"}],"wp:featuredmedia":[{"embeddable":true,"href":"https:\/\/informatepy.com\/2021\/wp-json\/wp\/v2\/media\/2428"}],"wp:attachment":[{"href":"https:\/\/informatepy.com\/2021\/wp-json\/wp\/v2\/media?parent=2427"}],"wp:term":[{"taxonomy":"category","embeddable":true,"href":"https:\/\/informatepy.com\/2021\/wp-json\/wp\/v2\/categories?post=2427"},{"taxonomy":"post_tag","embeddable":true,"href":"https:\/\/informatepy.com\/2021\/wp-json\/wp\/v2\/tags?post=2427"},{"taxonomy":"author","embeddable":true,"href":"https:\/\/informatepy.com\/2021\/wp-json\/wp\/v2\/ppma_author?post=2427"}],"curies":[{"name":"wp","href":"https:\/\/api.w.org\/{rel}","templated":true}]}}