{"id":2423,"date":"2021-01-20T20:21:00","date_gmt":"2021-01-20T20:21:00","guid":{"rendered":"http:\/\/informatepy.com\/2021\/2021\/01\/20\/continua-la-purga-y-telegram-podria-desaparecer-de-la-app-store\/"},"modified":"2021-01-20T20:21:00","modified_gmt":"2021-01-20T20:21:00","slug":"continua-la-purga-y-telegram-podria-desaparecer-de-la-app-store","status":"publish","type":"post","link":"https:\/\/informatepy.com\/2021\/2021\/01\/20\/continua-la-purga-y-telegram-podria-desaparecer-de-la-app-store\/","title":{"rendered":"Contin\u00faa la purga y Telegram podr\u00eda desaparecer de la App Store"},"content":{"rendered":"\n<p><strong>Telegram\u00a0podr\u00eda recibir un inesperado golpe<\/strong>\u00a0en un momento donde experimenta un enorme crecimiento gracias a las\u00a0pol\u00e9micas modificaciones en las condiciones de servicio de WhatsApp. En Estados Unidos, una organizaci\u00f3n sin fines de lucro<strong>\u00a0present\u00f3 una demanda para retirar a la aplicaci\u00f3n de mensajer\u00eda de la App Store<\/strong>.<\/p>\n\n\n\n<p>Seg\u00fan public\u00f3 Washington Post,<strong>\u00a0\u201cCoalition for a Safer Web\u201d present\u00f3 una demanda contra\u00a0Apple\u00a0para que retire a Telegram de su market<\/strong>. Adem\u00e1s, la acusa de da\u00f1os y perjuicios.<\/p>\n\n\n\n<p>La acusaci\u00f3n sostiene que los seguidores de Donald Trump y los extremistas de utraderecha\u00a0utilizaron esa red social para organizar el ataque al Capitolio de Estados Unidos. Adem\u00e1s, que su pol\u00edtica para tratar a los extremistas es muy blanda.<\/p>\n\n\n\n<p>\u201cTelegram destaca como un s\u00faper difusor de discursos de odio, incluso en comparaci\u00f3n con Parler\u201d, asegur\u00f3 Marc Ginsberg, ex embajador de Estados Unidos y director de \u201cCoalition for a Safer Web\u201d.<\/p>\n\n\n\n<p>El a\u00f1o pasado, el medio Vice advirti\u00f3 sobre los peligros de utilizar Telegram. Entre los puntos m\u00e1s destacados se encuentra la tolerancia a los contenidos de extrema derecha y la falta de cifrado de extremo a extremo en los chats.<\/p>\n\n\n\n<p>Por otro lado, el abogado de la coalici\u00f3n, Keith Altman, adelant\u00f3 que\u00a0<strong>realizar\u00e1 una demanda similar contra Google<\/strong>.<\/p>\n","protected":false},"excerpt":{"rendered":"<p>Telegram\u00a0podr\u00eda recibir un inesperado golpe\u00a0en un momento donde experimenta un enorme crecimiento gracias a las\u00a0pol\u00e9micas modificaciones en las condiciones de servicio de WhatsApp. En Estados Unidos, una organizaci\u00f3n sin fines de lucro\u00a0present\u00f3 una demanda para retirar a la aplicaci\u00f3n de mensajer\u00eda de la App Store. Seg\u00fan public\u00f3 Washington Post,\u00a0\u201cCoalition for a Safer Web\u201d present\u00f3 una [&hellip;]<\/p>\n","protected":false},"author":1,"featured_media":2424,"comment_status":"open","ping_status":"closed","sticky":false,"template":"","format":"standard","meta":{"_monsterinsights_skip_tracking":false,"_monsterinsights_sitenote_active":false,"_monsterinsights_sitenote_note":"","_monsterinsights_sitenote_category":0,"footnotes":"","jetpack_publicize_message":"","jetpack_is_tweetstorm":false,"jetpack_publicize_feature_enabled":true},"categories":[197,1],"tags":[200,1011,199,1002],"ppma_author":[1039],"class_list":["post-2423","post","type-post","status-publish","format-standard","has-post-thumbnail","hentry","category-tecnologia","category-sin-categoria","tag-android","tag-apple","tag-redes-sociales","tag-telegram"],"jetpack_publicize_connections":[],"yoast_head":"<!-- This site is optimized with the Yoast SEO plugin v27.5 - https:\/\/yoast.com\/product\/yoast-seo-wordpress\/ -->\n<title>Contin\u00faa la purga y Telegram podr\u00eda desaparecer de la App Store - Informatepy<\/title>\n<meta name=\"robots\" content=\"index, follow, max-snippet:-1, max-image-preview:large, max-video-preview:-1\" \/>\n<link rel=\"canonical\" href=\"https:\/\/informatepy.com\/2021\/2021\/01\/20\/continua-la-purga-y-telegram-podria-desaparecer-de-la-app-store\/\" \/>\n<meta property=\"og:locale\" content=\"es_ES\" \/>\n<meta property=\"og:type\" content=\"article\" \/>\n<meta property=\"og:title\" content=\"Contin\u00faa la purga y Telegram podr\u00eda desaparecer de la App Store - Informatepy\" \/>\n<meta property=\"og:description\" content=\"Telegram\u00a0podr\u00eda recibir un inesperado golpe\u00a0en un momento donde experimenta un enorme crecimiento gracias a las\u00a0pol\u00e9micas modificaciones en las condiciones de servicio de WhatsApp. En Estados Unidos, una organizaci\u00f3n sin fines de lucro\u00a0present\u00f3 una demanda para retirar a la aplicaci\u00f3n de mensajer\u00eda de la App Store. Seg\u00fan public\u00f3 Washington Post,\u00a0\u201cCoalition for a Safer Web\u201d present\u00f3 una [&hellip;]\" \/>\n<meta property=\"og:url\" content=\"https:\/\/informatepy.com\/2021\/2021\/01\/20\/continua-la-purga-y-telegram-podria-desaparecer-de-la-app-store\/\" \/>\n<meta property=\"og:site_name\" content=\"Informatepy\" \/>\n<meta property=\"article:published_time\" content=\"2021-01-20T20:21:00+00:00\" \/>\n<meta property=\"og:image\" content=\"https:\/\/i2.wp.com\/informatepy.com\/2021\/wp-content\/uploads\/2021\/01\/telegram-logo.jpg?fit=730%2C410&ssl=1\" \/>\n\t<meta property=\"og:image:width\" content=\"730\" \/>\n\t<meta property=\"og:image:height\" content=\"410\" \/>\n\t<meta property=\"og:image:type\" content=\"image\/jpeg\" \/>\n<meta name=\"author\" content=\"admin\" \/>\n<meta name=\"twitter:card\" content=\"summary_large_image\" \/>\n<meta name=\"twitter:label1\" content=\"Escrito por\" \/>\n\t<meta name=\"twitter:data1\" content=\"admin\" \/>\n\t<meta name=\"twitter:label2\" content=\"Tiempo de lectura\" \/>\n\t<meta name=\"twitter:data2\" content=\"1 minuto\" \/>\n<script type=\"application\/ld+json\" class=\"yoast-schema-graph\">{\"@context\":\"https:\\\/\\\/schema.org\",\"@graph\":[{\"@type\":\"Article\",\"@id\":\"https:\\\/\\\/informatepy.com\\\/2021\\\/2021\\\/01\\\/20\\\/continua-la-purga-y-telegram-podria-desaparecer-de-la-app-store\\\/#article\",\"isPartOf\":{\"@id\":\"https:\\\/\\\/informatepy.com\\\/2021\\\/2021\\\/01\\\/20\\\/continua-la-purga-y-telegram-podria-desaparecer-de-la-app-store\\\/\"},\"author\":{\"name\":\"admin\",\"@id\":\"https:\\\/\\\/informatepy.com\\\/2021\\\/#\\\/schema\\\/person\\\/edd302c981d6ba4596191719d1025a8a\"},\"headline\":\"Contin\u00faa la purga y Telegram podr\u00eda desaparecer de la App Store\",\"datePublished\":\"2021-01-20T20:21:00+00:00\",\"mainEntityOfPage\":{\"@id\":\"https:\\\/\\\/informatepy.com\\\/2021\\\/2021\\\/01\\\/20\\\/continua-la-purga-y-telegram-podria-desaparecer-de-la-app-store\\\/\"},\"wordCount\":235,\"commentCount\":0,\"publisher\":{\"@id\":\"https:\\\/\\\/informatepy.com\\\/2021\\\/#\\\/schema\\\/person\\\/edd302c981d6ba4596191719d1025a8a\"},\"image\":{\"@id\":\"https:\\\/\\\/informatepy.com\\\/2021\\\/2021\\\/01\\\/20\\\/continua-la-purga-y-telegram-podria-desaparecer-de-la-app-store\\\/#primaryimage\"},\"thumbnailUrl\":\"https:\\\/\\\/i0.wp.com\\\/informatepy.com\\\/2021\\\/wp-content\\\/uploads\\\/2021\\\/01\\\/telegram-logo.jpg?fit=730%2C410&ssl=1\",\"keywords\":[\"android\",\"apple\",\"redes sociales\",\"telegram\"],\"articleSection\":[\"Ciencia y Tecnolog\u00eda\"],\"inLanguage\":\"es\",\"potentialAction\":[{\"@type\":\"CommentAction\",\"name\":\"Comment\",\"target\":[\"https:\\\/\\\/informatepy.com\\\/2021\\\/2021\\\/01\\\/20\\\/continua-la-purga-y-telegram-podria-desaparecer-de-la-app-store\\\/#respond\"]}]},{\"@type\":\"WebPage\",\"@id\":\"https:\\\/\\\/informatepy.com\\\/2021\\\/2021\\\/01\\\/20\\\/continua-la-purga-y-telegram-podria-desaparecer-de-la-app-store\\\/\",\"url\":\"https:\\\/\\\/informatepy.com\\\/2021\\\/2021\\\/01\\\/20\\\/continua-la-purga-y-telegram-podria-desaparecer-de-la-app-store\\\/\",\"name\":\"Contin\u00faa la purga y Telegram podr\u00eda desaparecer de la App Store - Informatepy\",\"isPartOf\":{\"@id\":\"https:\\\/\\\/informatepy.com\\\/2021\\\/#website\"},\"primaryImageOfPage\":{\"@id\":\"https:\\\/\\\/informatepy.com\\\/2021\\\/2021\\\/01\\\/20\\\/continua-la-purga-y-telegram-podria-desaparecer-de-la-app-store\\\/#primaryimage\"},\"image\":{\"@id\":\"https:\\\/\\\/informatepy.com\\\/2021\\\/2021\\\/01\\\/20\\\/continua-la-purga-y-telegram-podria-desaparecer-de-la-app-store\\\/#primaryimage\"},\"thumbnailUrl\":\"https:\\\/\\\/i0.wp.com\\\/informatepy.com\\\/2021\\\/wp-content\\\/uploads\\\/2021\\\/01\\\/telegram-logo.jpg?fit=730%2C410&ssl=1\",\"datePublished\":\"2021-01-20T20:21:00+00:00\",\"breadcrumb\":{\"@id\":\"https:\\\/\\\/informatepy.com\\\/2021\\\/2021\\\/01\\\/20\\\/continua-la-purga-y-telegram-podria-desaparecer-de-la-app-store\\\/#breadcrumb\"},\"inLanguage\":\"es\",\"potentialAction\":[{\"@type\":\"ReadAction\",\"target\":[\"https:\\\/\\\/informatepy.com\\\/2021\\\/2021\\\/01\\\/20\\\/continua-la-purga-y-telegram-podria-desaparecer-de-la-app-store\\\/\"]}]},{\"@type\":\"ImageObject\",\"inLanguage\":\"es\",\"@id\":\"https:\\\/\\\/informatepy.com\\\/2021\\\/2021\\\/01\\\/20\\\/continua-la-purga-y-telegram-podria-desaparecer-de-la-app-store\\\/#primaryimage\",\"url\":\"https:\\\/\\\/i0.wp.com\\\/informatepy.com\\\/2021\\\/wp-content\\\/uploads\\\/2021\\\/01\\\/telegram-logo.jpg?fit=730%2C410&ssl=1\",\"contentUrl\":\"https:\\\/\\\/i0.wp.com\\\/informatepy.com\\\/2021\\\/wp-content\\\/uploads\\\/2021\\\/01\\\/telegram-logo.jpg?fit=730%2C410&ssl=1\",\"width\":730,\"height\":410},{\"@type\":\"BreadcrumbList\",\"@id\":\"https:\\\/\\\/informatepy.com\\\/2021\\\/2021\\\/01\\\/20\\\/continua-la-purga-y-telegram-podria-desaparecer-de-la-app-store\\\/#breadcrumb\",\"itemListElement\":[{\"@type\":\"ListItem\",\"position\":1,\"name\":\"Portada\",\"item\":\"https:\\\/\\\/informatepy.com\\\/2021\\\/\"},{\"@type\":\"ListItem\",\"position\":2,\"name\":\"Contin\u00faa la purga y Telegram podr\u00eda desaparecer de la App Store\"}]},{\"@type\":\"WebSite\",\"@id\":\"https:\\\/\\\/informatepy.com\\\/2021\\\/#website\",\"url\":\"https:\\\/\\\/informatepy.com\\\/2021\\\/\",\"name\":\"Informatepy\",\"description\":\"La verdad, siempre!\",\"publisher\":{\"@id\":\"https:\\\/\\\/informatepy.com\\\/2021\\\/#\\\/schema\\\/person\\\/edd302c981d6ba4596191719d1025a8a\"},\"potentialAction\":[{\"@type\":\"SearchAction\",\"target\":{\"@type\":\"EntryPoint\",\"urlTemplate\":\"https:\\\/\\\/informatepy.com\\\/2021\\\/?s={search_term_string}\"},\"query-input\":{\"@type\":\"PropertyValueSpecification\",\"valueRequired\":true,\"valueName\":\"search_term_string\"}}],\"inLanguage\":\"es\"},{\"@type\":[\"Person\",\"Organization\"],\"@id\":\"https:\\\/\\\/informatepy.com\\\/2021\\\/#\\\/schema\\\/person\\\/edd302c981d6ba4596191719d1025a8a\",\"name\":\"admin\",\"image\":{\"@type\":\"ImageObject\",\"inLanguage\":\"es\",\"@id\":\"https:\\\/\\\/secure.gravatar.com\\\/avatar\\\/5310f602b6cbcfb86e030c4ccdbb78f6565a3b9bab6a74ab80fd3cb5428b65af?s=96&d=mm&r=g\",\"url\":\"https:\\\/\\\/secure.gravatar.com\\\/avatar\\\/5310f602b6cbcfb86e030c4ccdbb78f6565a3b9bab6a74ab80fd3cb5428b65af?s=96&d=mm&r=g\",\"contentUrl\":\"https:\\\/\\\/secure.gravatar.com\\\/avatar\\\/5310f602b6cbcfb86e030c4ccdbb78f6565a3b9bab6a74ab80fd3cb5428b65af?s=96&d=mm&r=g\",\"caption\":\"admin\"},\"logo\":{\"@id\":\"https:\\\/\\\/secure.gravatar.com\\\/avatar\\\/5310f602b6cbcfb86e030c4ccdbb78f6565a3b9bab6a74ab80fd3cb5428b65af?s=96&d=mm&r=g\"},\"sameAs\":[\"http:\\\/\\\/informatepy.com\\\/2021\"],\"url\":\"https:\\\/\\\/informatepy.com\\\/2021\\\/author\\\/admin\\\/\"}]}<\/script>\n<!-- \/ Yoast SEO plugin. -->","yoast_head_json":{"title":"Contin\u00faa la purga y Telegram podr\u00eda desaparecer de la App Store - Informatepy","robots":{"index":"index","follow":"follow","max-snippet":"max-snippet:-1","max-image-preview":"max-image-preview:large","max-video-preview":"max-video-preview:-1"},"canonical":"https:\/\/informatepy.com\/2021\/2021\/01\/20\/continua-la-purga-y-telegram-podria-desaparecer-de-la-app-store\/","og_locale":"es_ES","og_type":"article","og_title":"Contin\u00faa la purga y Telegram podr\u00eda desaparecer de la App Store - Informatepy","og_description":"Telegram\u00a0podr\u00eda recibir un inesperado golpe\u00a0en un momento donde experimenta un enorme crecimiento gracias a las\u00a0pol\u00e9micas modificaciones en las condiciones de servicio de WhatsApp. En Estados Unidos, una organizaci\u00f3n sin fines de lucro\u00a0present\u00f3 una demanda para retirar a la aplicaci\u00f3n de mensajer\u00eda de la App Store. Seg\u00fan public\u00f3 Washington Post,\u00a0\u201cCoalition for a Safer Web\u201d present\u00f3 una [&hellip;]","og_url":"https:\/\/informatepy.com\/2021\/2021\/01\/20\/continua-la-purga-y-telegram-podria-desaparecer-de-la-app-store\/","og_site_name":"Informatepy","article_published_time":"2021-01-20T20:21:00+00:00","og_image":[{"width":730,"height":410,"url":"https:\/\/i2.wp.com\/informatepy.com\/2021\/wp-content\/uploads\/2021\/01\/telegram-logo.jpg?fit=730%2C410&ssl=1","type":"image\/jpeg"}],"author":"admin","twitter_card":"summary_large_image","twitter_misc":{"Escrito por":"admin","Tiempo de lectura":"1 minuto"},"schema":{"@context":"https:\/\/schema.org","@graph":[{"@type":"Article","@id":"https:\/\/informatepy.com\/2021\/2021\/01\/20\/continua-la-purga-y-telegram-podria-desaparecer-de-la-app-store\/#article","isPartOf":{"@id":"https:\/\/informatepy.com\/2021\/2021\/01\/20\/continua-la-purga-y-telegram-podria-desaparecer-de-la-app-store\/"},"author":{"name":"admin","@id":"https:\/\/informatepy.com\/2021\/#\/schema\/person\/edd302c981d6ba4596191719d1025a8a"},"headline":"Contin\u00faa la purga y Telegram podr\u00eda desaparecer de la App Store","datePublished":"2021-01-20T20:21:00+00:00","mainEntityOfPage":{"@id":"https:\/\/informatepy.com\/2021\/2021\/01\/20\/continua-la-purga-y-telegram-podria-desaparecer-de-la-app-store\/"},"wordCount":235,"commentCount":0,"publisher":{"@id":"https:\/\/informatepy.com\/2021\/#\/schema\/person\/edd302c981d6ba4596191719d1025a8a"},"image":{"@id":"https:\/\/informatepy.com\/2021\/2021\/01\/20\/continua-la-purga-y-telegram-podria-desaparecer-de-la-app-store\/#primaryimage"},"thumbnailUrl":"https:\/\/i0.wp.com\/informatepy.com\/2021\/wp-content\/uploads\/2021\/01\/telegram-logo.jpg?fit=730%2C410&ssl=1","keywords":["android","apple","redes sociales","telegram"],"articleSection":["Ciencia y Tecnolog\u00eda"],"inLanguage":"es","potentialAction":[{"@type":"CommentAction","name":"Comment","target":["https:\/\/informatepy.com\/2021\/2021\/01\/20\/continua-la-purga-y-telegram-podria-desaparecer-de-la-app-store\/#respond"]}]},{"@type":"WebPage","@id":"https:\/\/informatepy.com\/2021\/2021\/01\/20\/continua-la-purga-y-telegram-podria-desaparecer-de-la-app-store\/","url":"https:\/\/informatepy.com\/2021\/2021\/01\/20\/continua-la-purga-y-telegram-podria-desaparecer-de-la-app-store\/","name":"Contin\u00faa la purga y Telegram podr\u00eda desaparecer de la App Store - Informatepy","isPartOf":{"@id":"https:\/\/informatepy.com\/2021\/#website"},"primaryImageOfPage":{"@id":"https:\/\/informatepy.com\/2021\/2021\/01\/20\/continua-la-purga-y-telegram-podria-desaparecer-de-la-app-store\/#primaryimage"},"image":{"@id":"https:\/\/informatepy.com\/2021\/2021\/01\/20\/continua-la-purga-y-telegram-podria-desaparecer-de-la-app-store\/#primaryimage"},"thumbnailUrl":"https:\/\/i0.wp.com\/informatepy.com\/2021\/wp-content\/uploads\/2021\/01\/telegram-logo.jpg?fit=730%2C410&ssl=1","datePublished":"2021-01-20T20:21:00+00:00","breadcrumb":{"@id":"https:\/\/informatepy.com\/2021\/2021\/01\/20\/continua-la-purga-y-telegram-podria-desaparecer-de-la-app-store\/#breadcrumb"},"inLanguage":"es","potentialAction":[{"@type":"ReadAction","target":["https:\/\/informatepy.com\/2021\/2021\/01\/20\/continua-la-purga-y-telegram-podria-desaparecer-de-la-app-store\/"]}]},{"@type":"ImageObject","inLanguage":"es","@id":"https:\/\/informatepy.com\/2021\/2021\/01\/20\/continua-la-purga-y-telegram-podria-desaparecer-de-la-app-store\/#primaryimage","url":"https:\/\/i0.wp.com\/informatepy.com\/2021\/wp-content\/uploads\/2021\/01\/telegram-logo.jpg?fit=730%2C410&ssl=1","contentUrl":"https:\/\/i0.wp.com\/informatepy.com\/2021\/wp-content\/uploads\/2021\/01\/telegram-logo.jpg?fit=730%2C410&ssl=1","width":730,"height":410},{"@type":"BreadcrumbList","@id":"https:\/\/informatepy.com\/2021\/2021\/01\/20\/continua-la-purga-y-telegram-podria-desaparecer-de-la-app-store\/#breadcrumb","itemListElement":[{"@type":"ListItem","position":1,"name":"Portada","item":"https:\/\/informatepy.com\/2021\/"},{"@type":"ListItem","position":2,"name":"Contin\u00faa la purga y Telegram podr\u00eda desaparecer de la App Store"}]},{"@type":"WebSite","@id":"https:\/\/informatepy.com\/2021\/#website","url":"https:\/\/informatepy.com\/2021\/","name":"Informatepy","description":"La verdad, siempre!","publisher":{"@id":"https:\/\/informatepy.com\/2021\/#\/schema\/person\/edd302c981d6ba4596191719d1025a8a"},"potentialAction":[{"@type":"SearchAction","target":{"@type":"EntryPoint","urlTemplate":"https:\/\/informatepy.com\/2021\/?s={search_term_string}"},"query-input":{"@type":"PropertyValueSpecification","valueRequired":true,"valueName":"search_term_string"}}],"inLanguage":"es"},{"@type":["Person","Organization"],"@id":"https:\/\/informatepy.com\/2021\/#\/schema\/person\/edd302c981d6ba4596191719d1025a8a","name":"admin","image":{"@type":"ImageObject","inLanguage":"es","@id":"https:\/\/secure.gravatar.com\/avatar\/5310f602b6cbcfb86e030c4ccdbb78f6565a3b9bab6a74ab80fd3cb5428b65af?s=96&d=mm&r=g","url":"https:\/\/secure.gravatar.com\/avatar\/5310f602b6cbcfb86e030c4ccdbb78f6565a3b9bab6a74ab80fd3cb5428b65af?s=96&d=mm&r=g","contentUrl":"https:\/\/secure.gravatar.com\/avatar\/5310f602b6cbcfb86e030c4ccdbb78f6565a3b9bab6a74ab80fd3cb5428b65af?s=96&d=mm&r=g","caption":"admin"},"logo":{"@id":"https:\/\/secure.gravatar.com\/avatar\/5310f602b6cbcfb86e030c4ccdbb78f6565a3b9bab6a74ab80fd3cb5428b65af?s=96&d=mm&r=g"},"sameAs":["http:\/\/informatepy.com\/2021"],"url":"https:\/\/informatepy.com\/2021\/author\/admin\/"}]}},"jetpack_featured_media_url":"https:\/\/i0.wp.com\/informatepy.com\/2021\/wp-content\/uploads\/2021\/01\/telegram-logo.jpg?fit=730%2C410&ssl=1","jetpack_sharing_enabled":true,"jetpack_likes_enabled":true,"jetpack-related-posts":[{"id":10718,"url":"https:\/\/informatepy.com\/2021\/2022\/03\/19\/la-corte-suprema-de-brasil-prohibe-utilizar-telegram\/","url_meta":{"origin":2423,"position":0},"title":"La Corte Suprema de Brasil proh\u00edbe utilizar Telegram","date":"19 de marzo de 2022","format":false,"excerpt":"La popular aplicaci\u00f3n de mensajer\u00eda\u00a0Telegram\u00a0se prohibir\u00e1 en Brasil luego de un fallo de la Corte Suprema de Brasil, que consider\u00f3 que la aplicaci\u00f3n no cumple con las autoridades locales cuando se trata de evitar el intercambio de contenido peligroso.\u00a0Como resultado, es probable que Telegram sea eliminado de la App Store\u2026","rel":"","context":"En \u00abCiencia y Tecnolog\u00eda\u00bb","img":{"alt_text":"","src":"https:\/\/i0.wp.com\/informatepy.com\/2021\/wp-content\/uploads\/2021\/01\/telegram-logo.jpg?fit=730%2C410&ssl=1&resize=350%2C200","width":350,"height":200},"classes":[]},{"id":2392,"url":"https:\/\/informatepy.com\/2021\/2021\/01\/12\/telegram-y-signal-registraron-millones-de-descargas-tras-nuevas-politicas-de-privacidad-en-whatsapp\/","url_meta":{"origin":2423,"position":1},"title":"Telegram y Signal registraron millones de descargas tras nuevas pol\u00edticas de privacidad en WhatsApp","date":"12 de enero de 2021","format":false,"excerpt":"La actualizaci\u00f3n de t\u00e9rminos y condiciones en el servicio de WhatsApp gener\u00f3\u00a0un repentino aumento en las descargas de redes sociales alternativas.\u00a0Las nuevas pol\u00edticas de privacidad que advierten recolecci\u00f3n de informaci\u00f3n hicieron que los usuarios voltearan a ver otras opciones de mensajer\u00eda digital. Al darse a conocer la noticia, millones de\u2026","rel":"","context":"En \u00abCiencia y Tecnolog\u00eda\u00bb","img":{"alt_text":"","src":"https:\/\/i0.wp.com\/informatepy.com\/2021\/wp-content\/uploads\/2021\/01\/mensajerias.jpg?fit=608%2C342&ssl=1&resize=350%2C200","width":350,"height":200},"classes":[]},{"id":9707,"url":"https:\/\/informatepy.com\/2021\/2022\/01\/25\/alemania-se-plantea-el-bloqueo-de-telegram-en-su-territorio\/","url_meta":{"origin":2423,"position":2},"title":"Alemania se plantea el bloqueo de Telegram en su territorio","date":"25 de enero de 2022","format":false,"excerpt":"Telegram, el popular servicio de mensajer\u00eda dirigido por Pavel Durov, podr\u00eda encontrarse en un futuro no muy lejano con la\u00a0posibilidad de que su servicio llegue a ser bloqueado en todo el territorio alem\u00e1n. Esta es la\u00a0\u00faltima opci\u00f3n que barajan desde el Ministerio del Interior alem\u00e1n una vez hayan agotado otras\u2026","rel":"","context":"En \u00abCiencia y Tecnolog\u00eda\u00bb","img":{"alt_text":"","src":"https:\/\/i0.wp.com\/informatepy.com\/2021\/wp-content\/uploads\/2021\/01\/telegram-logo.jpg?fit=730%2C410&ssl=1&resize=350%2C200","width":350,"height":200},"classes":[]},{"id":2418,"url":"https:\/\/informatepy.com\/2021\/2021\/01\/18\/el-sitio-web-de-parler-esta-nuevamente-en-linea-pero-la-aplicacion-aun-no-esta-en-las-tiendas\/","url_meta":{"origin":2423,"position":3},"title":"El sitio web de Parler est\u00e1 nuevamente en l\u00ednea, pero la aplicaci\u00f3n a\u00fan no est\u00e1 en las tiendas","date":"18 de enero de 2021","format":false,"excerpt":"El director ejecutivo de la plataforma de redes sociales Parler, que pr\u00e1cticamente desapareci\u00f3 tras los disturbios en el Capitolio de Estados Unidos, public\u00f3 un breve mensaje en el sitio web de la compa\u00f1\u00eda.\u00a0La aplicaci\u00f3n de Parler, sin embargo, permanece sin conexi\u00f3n. \u201cHola mundo, \u00bfest\u00e1 encendida esta cosa?\u201d, Pregunt\u00f3 Matze en\u2026","rel":"","context":"En \u00abCiencia y Tecnolog\u00eda\u00bb","img":{"alt_text":"","src":"https:\/\/i0.wp.com\/informatepy.com\/2021\/wp-content\/uploads\/2021\/01\/parler-online.jpg?fit=1200%2C569&ssl=1&resize=350%2C200","width":350,"height":200},"classes":[]},{"id":11159,"url":"https:\/\/informatepy.com\/2021\/2022\/04\/14\/llevando-la-estupidez-a-un-nuevo-nivel-si-te-gusta-el-ejercicio-fisico-sos-de-extrema-derecha\/","url_meta":{"origin":2423,"position":4},"title":"Llevando la estupidez a un nuevo nivel: Si te gusta el ejercicio f\u00edsico, sos de extrema derecha","date":"14 de abril de 2022","format":false,"excerpt":"Seg\u00fan el canal de noticias Microsoft NBC, la cultura fitness se ha vuelto el esquema de los supremacistas blancos para valorizar la violencia, la hipermasculinidad y captar nuevos adeptos. Cynthia Miller, columnista de opini\u00f3n de ese medio public\u00f3 que \u201cParece que la extrema derecha se ha aprovechado de\u00a0las tendencias pand\u00e9micas\u2026","rel":"","context":"En \u00abDeportes\u00bb","img":{"alt_text":"","src":"https:\/\/i0.wp.com\/informatepy.com\/2021\/wp-content\/uploads\/2022\/04\/fitness-fascista.webp?fit=1200%2C600&ssl=1&resize=350%2C200","width":350,"height":200},"classes":[]},{"id":5430,"url":"https:\/\/informatepy.com\/2021\/2021\/06\/21\/nico-domingo-manejan-al-olimpia-como-club-de-barrio\/","url_meta":{"origin":2423,"position":5},"title":"Nico Domingo: \u00abManejan al Olimpia como club de barrio\u201d","date":"21 de junio de 2021","format":false,"excerpt":"\u201cGorosito, Landaida y Orteman ten\u00edan \u00f3rdenes de no hacerme jugar. La demanda depende de Olimpia\u2026 Hace tiempo no est\u00e1n cumpliendo conmigo y si no cumplen voy a hacerlo v\u00eda FIFA, a tribunales. El club por decisi\u00f3n unilateral e injustificada rescindi\u00f3 contrato. Me enviaron un telegrama el viernes antes que arranque\u2026","rel":"","context":"En \u00abDeportes\u00bb","img":{"alt_text":"","src":"https:\/\/i0.wp.com\/informatepy.com\/2021\/wp-content\/uploads\/2021\/06\/nicolas-domingo-olimpia-1.jpg?fit=1200%2C725&ssl=1&resize=350%2C200","width":350,"height":200},"classes":[]}],"authors":[{"term_id":1039,"user_id":1,"is_guest":0,"slug":"admin","display_name":"admin","avatar_url":"https:\/\/secure.gravatar.com\/avatar\/5310f602b6cbcfb86e030c4ccdbb78f6565a3b9bab6a74ab80fd3cb5428b65af?s=96&d=mm&r=g","first_name":"","last_name":"","user_url":"http:\/\/informatepy.com\/2021","description":""}],"amp_enabled":true,"_links":{"self":[{"href":"https:\/\/informatepy.com\/2021\/wp-json\/wp\/v2\/posts\/2423","targetHints":{"allow":["GET"]}}],"collection":[{"href":"https:\/\/informatepy.com\/2021\/wp-json\/wp\/v2\/posts"}],"about":[{"href":"https:\/\/informatepy.com\/2021\/wp-json\/wp\/v2\/types\/post"}],"author":[{"embeddable":true,"href":"https:\/\/informatepy.com\/2021\/wp-json\/wp\/v2\/users\/1"}],"replies":[{"embeddable":true,"href":"https:\/\/informatepy.com\/2021\/wp-json\/wp\/v2\/comments?post=2423"}],"version-history":[{"count":0,"href":"https:\/\/informatepy.com\/2021\/wp-json\/wp\/v2\/posts\/2423\/revisions"}],"wp:featuredmedia":[{"embeddable":true,"href":"https:\/\/informatepy.com\/2021\/wp-json\/wp\/v2\/media\/2424"}],"wp:attachment":[{"href":"https:\/\/informatepy.com\/2021\/wp-json\/wp\/v2\/media?parent=2423"}],"wp:term":[{"taxonomy":"category","embeddable":true,"href":"https:\/\/informatepy.com\/2021\/wp-json\/wp\/v2\/categories?post=2423"},{"taxonomy":"post_tag","embeddable":true,"href":"https:\/\/informatepy.com\/2021\/wp-json\/wp\/v2\/tags?post=2423"},{"taxonomy":"author","embeddable":true,"href":"https:\/\/informatepy.com\/2021\/wp-json\/wp\/v2\/ppma_author?post=2423"}],"curies":[{"name":"wp","href":"https:\/\/api.w.org\/{rel}","templated":true}]}}