{"id":2398,"date":"2021-01-12T20:21:00","date_gmt":"2021-01-12T20:21:00","guid":{"rendered":"http:\/\/informatepy.com\/2021\/2021\/01\/12\/mec-denuncian-direccionamiento-y-sobrefacturacion-en-licitacion-de-nuevo-datacenter\/"},"modified":"2021-01-12T20:21:00","modified_gmt":"2021-01-12T20:21:00","slug":"mec-denuncian-direccionamiento-y-sobrefacturacion-en-licitacion-de-nuevo-datacenter","status":"publish","type":"post","link":"https:\/\/informatepy.com\/2021\/2021\/01\/12\/mec-denuncian-direccionamiento-y-sobrefacturacion-en-licitacion-de-nuevo-datacenter\/","title":{"rendered":"MEC: Denuncian direccionamiento y sobrefacturaci\u00f3n en licitaci\u00f3n de nuevo Datacenter"},"content":{"rendered":"\n<p>El Cyber Periodista Alfredo Guachir\u00e9 denunci\u00f3 en sus redes sociales, un nuevo intento por abusar de las arcas de estado por parte del Ministerio de Educaci\u00f3n quien adjudic\u00f3 a la empresa COMTEL la creaci\u00f3n de una Data Center.<\/p>\n\n\n\n<p>Aparentemente, esta adjudicaci\u00f3n no solo estuvo direccionada, sino que tambi\u00e9n sobrefacturada. El direccionamiento fue denunciado por otras empresas del rubro que presentaron, nada m\u00e1s y nada menos, que 250 pedidos de modificaci\u00f3n del pliego que fueron ignorados por el ministro Eduardo Petta.<\/p>\n\n\n\n<p>Seg\u00fan la denuncia, el contrato fue firmado a las apuradas en el mes de diciembre de 2020 con una \u00fanica empresa oferente; COMTEL, la cual se benefici\u00f3 con un millonario contrato y anticipo, sin ning\u00fan tipo de concurso. El resto de las empresas interesadas en participar denunciaron el direccionamiento y, a modo de no convalidar lo que a todas luces estaba resuelto de antemano, decidieron no participar en el proceso.<\/p>\n\n\n\n<p>El proyecto de \u00abDatacenter\u00bb del MEC, consiste en la implementaci\u00f3n de una red propia de datos, conectividad y un centro de proceso de los mismos que permitir\u00e1 la conectividad entre 18 direcciones departamentales de Educaci\u00f3n.<\/p>\n\n\n\n<p>El llamado se inici\u00f3 en plena pandemia en septiembre de 2020 y, luego de varias denuncias, fue suspendido temporalmente por la Direcci\u00f3n Nacional de Contrataciones P\u00fablicas aunque, posteriormente, el MEC decidi\u00f3 continuar con el proceso licitatorio que termin\u00f3 en la adjudicaci\u00f3n de m\u00e1s de G. 23.857 millones a favor de COMTEL.<\/p>\n\n\n\n<p>Guachir\u00e9 denunci\u00f3 que el pliego estuvo plagado de irregularidades, destacando que fue solicitada hasta habilitaci\u00f3n de la Polic\u00eda como empresa de seguridad, violando as\u00ed la ley 2051 de contrataciones, al limitar la concurrencia de oferentes y direccionando el llamado. Adem\u00e1s del claro direccionamiento, seg\u00fan un presupuesto del fabricante del datacenter, el MEC podr\u00eda estar sobrefacturando hasta un 50% m\u00e1s del precio de mercado y, lo que es peor a\u00fan, sobrefacturando por encima del precio referencial del llamado, el que fue establecido en base al propio presupuesto de la empresa COMTEL, que posteriormente fue adjudicada.<\/p>\n\n\n\n<figure class=\"wp-block-gallery columns-3 is-cropped wp-block-gallery-1 is-layout-flex wp-block-gallery-is-layout-flex\"><ul class=\"blocks-gallery-grid\"><li class=\"blocks-gallery-item\"><figure><img decoding=\"async\" src=\"https:\/\/i0.wp.com\/informatepy.com\/2021\/wp-content\/uploads\/2021\/02\/1.png?w=740&#038;ssl=1\" alt=\"\" data-id=\"3442\" data-full-url=\"https:\/\/i0.wp.com\/informatepy.com\/2021\/wp-content\/uploads\/2021\/02\/1.png?w=740&#038;ssl=1\" data-link=\"http:\/\/informatepy.com\/?attachment_id=3442\" class=\"wp-image-3442\" data-recalc-dims=\"1\" \/><\/figure><\/li><li class=\"blocks-gallery-item\"><figure><img decoding=\"async\" src=\"https:\/\/i0.wp.com\/informatepy.com\/2021\/wp-content\/uploads\/2021\/02\/2.jpg?w=740&#038;ssl=1\" alt=\"\" data-id=\"3443\" data-full-url=\"https:\/\/i0.wp.com\/informatepy.com\/2021\/wp-content\/uploads\/2021\/02\/2.jpg?w=740&#038;ssl=1\" data-link=\"http:\/\/informatepy.com\/?attachment_id=3443\" class=\"wp-image-3443\" data-recalc-dims=\"1\" \/><\/figure><\/li><li class=\"blocks-gallery-item\"><figure><img decoding=\"async\" src=\"https:\/\/i0.wp.com\/informatepy.com\/2021\/wp-content\/uploads\/2021\/02\/3.jpg?w=740&#038;ssl=1\" alt=\"\" data-id=\"3444\" data-full-url=\"http:\/\/informatepy.com\/wp-content\/uploads\/2021\/01\/3.jpg\" data-link=\"http:\/\/informatepy.com\/?attachment_id=3444\" class=\"wp-image-3444\" data-recalc-dims=\"1\" \/><\/figure><\/li><li class=\"blocks-gallery-item\"><figure><img decoding=\"async\" src=\"https:\/\/i0.wp.com\/informatepy.com\/2021\/wp-content\/uploads\/2021\/02\/4.jpg?w=740&#038;ssl=1\" alt=\"\" data-id=\"3445\" data-full-url=\"https:\/\/i0.wp.com\/informatepy.com\/2021\/wp-content\/uploads\/2021\/02\/4.jpg?w=740&#038;ssl=1\" data-link=\"http:\/\/informatepy.com\/?attachment_id=3445\" class=\"wp-image-3445\" data-recalc-dims=\"1\" \/><\/figure><\/li><li class=\"blocks-gallery-item\"><figure><img decoding=\"async\" src=\"https:\/\/i0.wp.com\/informatepy.com\/2021\/wp-content\/uploads\/2021\/02\/5.jpg?w=740&#038;ssl=1\" alt=\"\" data-id=\"3446\" data-full-url=\"https:\/\/i0.wp.com\/informatepy.com\/2021\/wp-content\/uploads\/2021\/02\/5.jpg?w=740&#038;ssl=1\" data-link=\"http:\/\/informatepy.com\/?attachment_id=3446\" class=\"wp-image-3446\" data-recalc-dims=\"1\" \/><\/figure><\/li><li class=\"blocks-gallery-item\"><figure><img decoding=\"async\" src=\"https:\/\/i0.wp.com\/informatepy.com\/2021\/wp-content\/uploads\/2021\/02\/6.jpg?w=740&#038;ssl=1\" alt=\"\" data-id=\"3447\" data-full-url=\"https:\/\/i0.wp.com\/informatepy.com\/2021\/wp-content\/uploads\/2021\/02\/6.jpg?w=740&#038;ssl=1\" data-link=\"http:\/\/informatepy.com\/?attachment_id=3447\" class=\"wp-image-3447\" data-recalc-dims=\"1\" \/><\/figure><\/li><li class=\"blocks-gallery-item\"><figure><img decoding=\"async\" src=\"https:\/\/i0.wp.com\/informatepy.com\/2021\/wp-content\/uploads\/2021\/02\/7.jpg?w=740&#038;ssl=1\" alt=\"\" data-id=\"3448\" data-full-url=\"https:\/\/i0.wp.com\/informatepy.com\/2021\/wp-content\/uploads\/2021\/02\/7.jpg?w=740&#038;ssl=1\" data-link=\"http:\/\/informatepy.com\/?attachment_id=3448\" class=\"wp-image-3448\" data-recalc-dims=\"1\" \/><\/figure><\/li><li class=\"blocks-gallery-item\"><figure><img decoding=\"async\" src=\"https:\/\/i0.wp.com\/informatepy.com\/2021\/wp-content\/uploads\/2021\/02\/8.jpg?w=740&#038;ssl=1\" alt=\"\" data-id=\"3450\" data-full-url=\"https:\/\/i0.wp.com\/informatepy.com\/2021\/wp-content\/uploads\/2021\/02\/8.jpg?w=740&#038;ssl=1\" data-link=\"http:\/\/informatepy.com\/?attachment_id=3450\" class=\"wp-image-3450\" data-recalc-dims=\"1\" \/><\/figure><\/li><\/ul><\/figure>\n","protected":false},"excerpt":{"rendered":"<p>El Cyber Periodista Alfredo Guachir\u00e9 denunci\u00f3 en sus redes sociales, un nuevo intento por abusar de las arcas de estado por parte del Ministerio de Educaci\u00f3n quien adjudic\u00f3 a la empresa COMTEL la creaci\u00f3n de una Data Center. Aparentemente, esta adjudicaci\u00f3n no solo estuvo direccionada, sino que tambi\u00e9n sobrefacturada. El direccionamiento fue denunciado por otras [&hellip;]<\/p>\n","protected":false},"author":1,"featured_media":899,"comment_status":"open","ping_status":"closed","sticky":false,"template":"","format":"standard","meta":{"_monsterinsights_skip_tracking":false,"_monsterinsights_sitenote_active":false,"_monsterinsights_sitenote_note":"","_monsterinsights_sitenote_category":0,"footnotes":"","jetpack_publicize_message":"","jetpack_is_tweetstorm":false,"jetpack_publicize_feature_enabled":true},"categories":[177,1],"tags":[360,482],"ppma_author":[1039],"class_list":["post-2398","post","type-post","status-publish","format-standard","has-post-thumbnail","hentry","category-nacionales","category-sin-categoria","tag-eduardo-petta","tag-ministerio-de-educacion"],"jetpack_publicize_connections":[],"yoast_head":"<!-- This site is optimized with the Yoast SEO plugin v27.4 - https:\/\/yoast.com\/product\/yoast-seo-wordpress\/ -->\n<title>MEC: Denuncian direccionamiento y sobrefacturaci\u00f3n en licitaci\u00f3n de nuevo Datacenter - Informatepy<\/title>\n<meta name=\"robots\" content=\"index, follow, max-snippet:-1, max-image-preview:large, max-video-preview:-1\" \/>\n<link rel=\"canonical\" href=\"https:\/\/informatepy.com\/2021\/2021\/01\/12\/mec-denuncian-direccionamiento-y-sobrefacturacion-en-licitacion-de-nuevo-datacenter\/\" \/>\n<meta property=\"og:locale\" content=\"es_ES\" \/>\n<meta property=\"og:type\" content=\"article\" \/>\n<meta property=\"og:title\" content=\"MEC: Denuncian direccionamiento y sobrefacturaci\u00f3n en licitaci\u00f3n de nuevo Datacenter - Informatepy\" \/>\n<meta property=\"og:description\" content=\"El Cyber Periodista Alfredo Guachir\u00e9 denunci\u00f3 en sus redes sociales, un nuevo intento por abusar de las arcas de estado por parte del Ministerio de Educaci\u00f3n quien adjudic\u00f3 a la empresa COMTEL la creaci\u00f3n de una Data Center. Aparentemente, esta adjudicaci\u00f3n no solo estuvo direccionada, sino que tambi\u00e9n sobrefacturada. El direccionamiento fue denunciado por otras [&hellip;]\" \/>\n<meta property=\"og:url\" content=\"https:\/\/informatepy.com\/2021\/2021\/01\/12\/mec-denuncian-direccionamiento-y-sobrefacturacion-en-licitacion-de-nuevo-datacenter\/\" \/>\n<meta property=\"og:site_name\" content=\"Informatepy\" \/>\n<meta property=\"article:published_time\" content=\"2021-01-12T20:21:00+00:00\" \/>\n<meta property=\"og:image\" content=\"https:\/\/i0.wp.com\/informatepy.com\/2021\/wp-content\/uploads\/2021\/03\/eduardo-petta.jpg?fit=760%2C420&ssl=1\" \/>\n\t<meta property=\"og:image:width\" content=\"760\" \/>\n\t<meta property=\"og:image:height\" content=\"420\" \/>\n\t<meta property=\"og:image:type\" content=\"image\/jpeg\" \/>\n<meta name=\"author\" content=\"admin\" \/>\n<meta name=\"twitter:card\" content=\"summary_large_image\" \/>\n<meta name=\"twitter:label1\" content=\"Escrito por\" \/>\n\t<meta name=\"twitter:data1\" content=\"admin\" \/>\n\t<meta name=\"twitter:label2\" content=\"Tiempo de lectura\" \/>\n\t<meta name=\"twitter:data2\" content=\"2 minutos\" \/>\n<script type=\"application\/ld+json\" class=\"yoast-schema-graph\">{\"@context\":\"https:\\\/\\\/schema.org\",\"@graph\":[{\"@type\":\"Article\",\"@id\":\"https:\\\/\\\/informatepy.com\\\/2021\\\/2021\\\/01\\\/12\\\/mec-denuncian-direccionamiento-y-sobrefacturacion-en-licitacion-de-nuevo-datacenter\\\/#article\",\"isPartOf\":{\"@id\":\"https:\\\/\\\/informatepy.com\\\/2021\\\/2021\\\/01\\\/12\\\/mec-denuncian-direccionamiento-y-sobrefacturacion-en-licitacion-de-nuevo-datacenter\\\/\"},\"author\":{\"name\":\"admin\",\"@id\":\"https:\\\/\\\/informatepy.com\\\/2021\\\/#\\\/schema\\\/person\\\/edd302c981d6ba4596191719d1025a8a\"},\"headline\":\"MEC: Denuncian direccionamiento y sobrefacturaci\u00f3n en licitaci\u00f3n de nuevo Datacenter\",\"datePublished\":\"2021-01-12T20:21:00+00:00\",\"mainEntityOfPage\":{\"@id\":\"https:\\\/\\\/informatepy.com\\\/2021\\\/2021\\\/01\\\/12\\\/mec-denuncian-direccionamiento-y-sobrefacturacion-en-licitacion-de-nuevo-datacenter\\\/\"},\"wordCount\":356,\"commentCount\":0,\"publisher\":{\"@id\":\"https:\\\/\\\/informatepy.com\\\/2021\\\/#\\\/schema\\\/person\\\/edd302c981d6ba4596191719d1025a8a\"},\"image\":{\"@id\":\"https:\\\/\\\/informatepy.com\\\/2021\\\/2021\\\/01\\\/12\\\/mec-denuncian-direccionamiento-y-sobrefacturacion-en-licitacion-de-nuevo-datacenter\\\/#primaryimage\"},\"thumbnailUrl\":\"https:\\\/\\\/i0.wp.com\\\/informatepy.com\\\/2021\\\/wp-content\\\/uploads\\\/2021\\\/03\\\/eduardo-petta.jpg?fit=760%2C420&ssl=1\",\"keywords\":[\"eduardo petta\",\"ministerio de educaci\u00f3n\"],\"articleSection\":[\"Nacionales\"],\"inLanguage\":\"es\",\"potentialAction\":[{\"@type\":\"CommentAction\",\"name\":\"Comment\",\"target\":[\"https:\\\/\\\/informatepy.com\\\/2021\\\/2021\\\/01\\\/12\\\/mec-denuncian-direccionamiento-y-sobrefacturacion-en-licitacion-de-nuevo-datacenter\\\/#respond\"]}]},{\"@type\":\"WebPage\",\"@id\":\"https:\\\/\\\/informatepy.com\\\/2021\\\/2021\\\/01\\\/12\\\/mec-denuncian-direccionamiento-y-sobrefacturacion-en-licitacion-de-nuevo-datacenter\\\/\",\"url\":\"https:\\\/\\\/informatepy.com\\\/2021\\\/2021\\\/01\\\/12\\\/mec-denuncian-direccionamiento-y-sobrefacturacion-en-licitacion-de-nuevo-datacenter\\\/\",\"name\":\"MEC: Denuncian direccionamiento y sobrefacturaci\u00f3n en licitaci\u00f3n de nuevo Datacenter - Informatepy\",\"isPartOf\":{\"@id\":\"https:\\\/\\\/informatepy.com\\\/2021\\\/#website\"},\"primaryImageOfPage\":{\"@id\":\"https:\\\/\\\/informatepy.com\\\/2021\\\/2021\\\/01\\\/12\\\/mec-denuncian-direccionamiento-y-sobrefacturacion-en-licitacion-de-nuevo-datacenter\\\/#primaryimage\"},\"image\":{\"@id\":\"https:\\\/\\\/informatepy.com\\\/2021\\\/2021\\\/01\\\/12\\\/mec-denuncian-direccionamiento-y-sobrefacturacion-en-licitacion-de-nuevo-datacenter\\\/#primaryimage\"},\"thumbnailUrl\":\"https:\\\/\\\/i0.wp.com\\\/informatepy.com\\\/2021\\\/wp-content\\\/uploads\\\/2021\\\/03\\\/eduardo-petta.jpg?fit=760%2C420&ssl=1\",\"datePublished\":\"2021-01-12T20:21:00+00:00\",\"breadcrumb\":{\"@id\":\"https:\\\/\\\/informatepy.com\\\/2021\\\/2021\\\/01\\\/12\\\/mec-denuncian-direccionamiento-y-sobrefacturacion-en-licitacion-de-nuevo-datacenter\\\/#breadcrumb\"},\"inLanguage\":\"es\",\"potentialAction\":[{\"@type\":\"ReadAction\",\"target\":[\"https:\\\/\\\/informatepy.com\\\/2021\\\/2021\\\/01\\\/12\\\/mec-denuncian-direccionamiento-y-sobrefacturacion-en-licitacion-de-nuevo-datacenter\\\/\"]}]},{\"@type\":\"ImageObject\",\"inLanguage\":\"es\",\"@id\":\"https:\\\/\\\/informatepy.com\\\/2021\\\/2021\\\/01\\\/12\\\/mec-denuncian-direccionamiento-y-sobrefacturacion-en-licitacion-de-nuevo-datacenter\\\/#primaryimage\",\"url\":\"https:\\\/\\\/i0.wp.com\\\/informatepy.com\\\/2021\\\/wp-content\\\/uploads\\\/2021\\\/03\\\/eduardo-petta.jpg?fit=760%2C420&ssl=1\",\"contentUrl\":\"https:\\\/\\\/i0.wp.com\\\/informatepy.com\\\/2021\\\/wp-content\\\/uploads\\\/2021\\\/03\\\/eduardo-petta.jpg?fit=760%2C420&ssl=1\",\"width\":760,\"height\":420,\"caption\":\"Eduardo Petta, titular del MEC. Foto: La Naci\u00f3n.\"},{\"@type\":\"BreadcrumbList\",\"@id\":\"https:\\\/\\\/informatepy.com\\\/2021\\\/2021\\\/01\\\/12\\\/mec-denuncian-direccionamiento-y-sobrefacturacion-en-licitacion-de-nuevo-datacenter\\\/#breadcrumb\",\"itemListElement\":[{\"@type\":\"ListItem\",\"position\":1,\"name\":\"Portada\",\"item\":\"https:\\\/\\\/informatepy.com\\\/2021\\\/\"},{\"@type\":\"ListItem\",\"position\":2,\"name\":\"MEC: Denuncian direccionamiento y sobrefacturaci\u00f3n en licitaci\u00f3n de nuevo Datacenter\"}]},{\"@type\":\"WebSite\",\"@id\":\"https:\\\/\\\/informatepy.com\\\/2021\\\/#website\",\"url\":\"https:\\\/\\\/informatepy.com\\\/2021\\\/\",\"name\":\"Informatepy\",\"description\":\"La verdad, siempre!\",\"publisher\":{\"@id\":\"https:\\\/\\\/informatepy.com\\\/2021\\\/#\\\/schema\\\/person\\\/edd302c981d6ba4596191719d1025a8a\"},\"potentialAction\":[{\"@type\":\"SearchAction\",\"target\":{\"@type\":\"EntryPoint\",\"urlTemplate\":\"https:\\\/\\\/informatepy.com\\\/2021\\\/?s={search_term_string}\"},\"query-input\":{\"@type\":\"PropertyValueSpecification\",\"valueRequired\":true,\"valueName\":\"search_term_string\"}}],\"inLanguage\":\"es\"},{\"@type\":[\"Person\",\"Organization\"],\"@id\":\"https:\\\/\\\/informatepy.com\\\/2021\\\/#\\\/schema\\\/person\\\/edd302c981d6ba4596191719d1025a8a\",\"name\":\"admin\",\"image\":{\"@type\":\"ImageObject\",\"inLanguage\":\"es\",\"@id\":\"https:\\\/\\\/secure.gravatar.com\\\/avatar\\\/5310f602b6cbcfb86e030c4ccdbb78f6565a3b9bab6a74ab80fd3cb5428b65af?s=96&d=mm&r=g\",\"url\":\"https:\\\/\\\/secure.gravatar.com\\\/avatar\\\/5310f602b6cbcfb86e030c4ccdbb78f6565a3b9bab6a74ab80fd3cb5428b65af?s=96&d=mm&r=g\",\"contentUrl\":\"https:\\\/\\\/secure.gravatar.com\\\/avatar\\\/5310f602b6cbcfb86e030c4ccdbb78f6565a3b9bab6a74ab80fd3cb5428b65af?s=96&d=mm&r=g\",\"caption\":\"admin\"},\"logo\":{\"@id\":\"https:\\\/\\\/secure.gravatar.com\\\/avatar\\\/5310f602b6cbcfb86e030c4ccdbb78f6565a3b9bab6a74ab80fd3cb5428b65af?s=96&d=mm&r=g\"},\"sameAs\":[\"http:\\\/\\\/informatepy.com\\\/2021\"],\"url\":\"https:\\\/\\\/informatepy.com\\\/2021\\\/author\\\/admin\\\/\"}]}<\/script>\n<!-- \/ Yoast SEO plugin. -->","yoast_head_json":{"title":"MEC: Denuncian direccionamiento y sobrefacturaci\u00f3n en licitaci\u00f3n de nuevo Datacenter - Informatepy","robots":{"index":"index","follow":"follow","max-snippet":"max-snippet:-1","max-image-preview":"max-image-preview:large","max-video-preview":"max-video-preview:-1"},"canonical":"https:\/\/informatepy.com\/2021\/2021\/01\/12\/mec-denuncian-direccionamiento-y-sobrefacturacion-en-licitacion-de-nuevo-datacenter\/","og_locale":"es_ES","og_type":"article","og_title":"MEC: Denuncian direccionamiento y sobrefacturaci\u00f3n en licitaci\u00f3n de nuevo Datacenter - Informatepy","og_description":"El Cyber Periodista Alfredo Guachir\u00e9 denunci\u00f3 en sus redes sociales, un nuevo intento por abusar de las arcas de estado por parte del Ministerio de Educaci\u00f3n quien adjudic\u00f3 a la empresa COMTEL la creaci\u00f3n de una Data Center. Aparentemente, esta adjudicaci\u00f3n no solo estuvo direccionada, sino que tambi\u00e9n sobrefacturada. El direccionamiento fue denunciado por otras [&hellip;]","og_url":"https:\/\/informatepy.com\/2021\/2021\/01\/12\/mec-denuncian-direccionamiento-y-sobrefacturacion-en-licitacion-de-nuevo-datacenter\/","og_site_name":"Informatepy","article_published_time":"2021-01-12T20:21:00+00:00","og_image":[{"width":760,"height":420,"url":"https:\/\/i0.wp.com\/informatepy.com\/2021\/wp-content\/uploads\/2021\/03\/eduardo-petta.jpg?fit=760%2C420&ssl=1","type":"image\/jpeg"}],"author":"admin","twitter_card":"summary_large_image","twitter_misc":{"Escrito por":"admin","Tiempo de lectura":"2 minutos"},"schema":{"@context":"https:\/\/schema.org","@graph":[{"@type":"Article","@id":"https:\/\/informatepy.com\/2021\/2021\/01\/12\/mec-denuncian-direccionamiento-y-sobrefacturacion-en-licitacion-de-nuevo-datacenter\/#article","isPartOf":{"@id":"https:\/\/informatepy.com\/2021\/2021\/01\/12\/mec-denuncian-direccionamiento-y-sobrefacturacion-en-licitacion-de-nuevo-datacenter\/"},"author":{"name":"admin","@id":"https:\/\/informatepy.com\/2021\/#\/schema\/person\/edd302c981d6ba4596191719d1025a8a"},"headline":"MEC: Denuncian direccionamiento y sobrefacturaci\u00f3n en licitaci\u00f3n de nuevo Datacenter","datePublished":"2021-01-12T20:21:00+00:00","mainEntityOfPage":{"@id":"https:\/\/informatepy.com\/2021\/2021\/01\/12\/mec-denuncian-direccionamiento-y-sobrefacturacion-en-licitacion-de-nuevo-datacenter\/"},"wordCount":356,"commentCount":0,"publisher":{"@id":"https:\/\/informatepy.com\/2021\/#\/schema\/person\/edd302c981d6ba4596191719d1025a8a"},"image":{"@id":"https:\/\/informatepy.com\/2021\/2021\/01\/12\/mec-denuncian-direccionamiento-y-sobrefacturacion-en-licitacion-de-nuevo-datacenter\/#primaryimage"},"thumbnailUrl":"https:\/\/i0.wp.com\/informatepy.com\/2021\/wp-content\/uploads\/2021\/03\/eduardo-petta.jpg?fit=760%2C420&ssl=1","keywords":["eduardo petta","ministerio de educaci\u00f3n"],"articleSection":["Nacionales"],"inLanguage":"es","potentialAction":[{"@type":"CommentAction","name":"Comment","target":["https:\/\/informatepy.com\/2021\/2021\/01\/12\/mec-denuncian-direccionamiento-y-sobrefacturacion-en-licitacion-de-nuevo-datacenter\/#respond"]}]},{"@type":"WebPage","@id":"https:\/\/informatepy.com\/2021\/2021\/01\/12\/mec-denuncian-direccionamiento-y-sobrefacturacion-en-licitacion-de-nuevo-datacenter\/","url":"https:\/\/informatepy.com\/2021\/2021\/01\/12\/mec-denuncian-direccionamiento-y-sobrefacturacion-en-licitacion-de-nuevo-datacenter\/","name":"MEC: Denuncian direccionamiento y sobrefacturaci\u00f3n en licitaci\u00f3n de nuevo Datacenter - Informatepy","isPartOf":{"@id":"https:\/\/informatepy.com\/2021\/#website"},"primaryImageOfPage":{"@id":"https:\/\/informatepy.com\/2021\/2021\/01\/12\/mec-denuncian-direccionamiento-y-sobrefacturacion-en-licitacion-de-nuevo-datacenter\/#primaryimage"},"image":{"@id":"https:\/\/informatepy.com\/2021\/2021\/01\/12\/mec-denuncian-direccionamiento-y-sobrefacturacion-en-licitacion-de-nuevo-datacenter\/#primaryimage"},"thumbnailUrl":"https:\/\/i0.wp.com\/informatepy.com\/2021\/wp-content\/uploads\/2021\/03\/eduardo-petta.jpg?fit=760%2C420&ssl=1","datePublished":"2021-01-12T20:21:00+00:00","breadcrumb":{"@id":"https:\/\/informatepy.com\/2021\/2021\/01\/12\/mec-denuncian-direccionamiento-y-sobrefacturacion-en-licitacion-de-nuevo-datacenter\/#breadcrumb"},"inLanguage":"es","potentialAction":[{"@type":"ReadAction","target":["https:\/\/informatepy.com\/2021\/2021\/01\/12\/mec-denuncian-direccionamiento-y-sobrefacturacion-en-licitacion-de-nuevo-datacenter\/"]}]},{"@type":"ImageObject","inLanguage":"es","@id":"https:\/\/informatepy.com\/2021\/2021\/01\/12\/mec-denuncian-direccionamiento-y-sobrefacturacion-en-licitacion-de-nuevo-datacenter\/#primaryimage","url":"https:\/\/i0.wp.com\/informatepy.com\/2021\/wp-content\/uploads\/2021\/03\/eduardo-petta.jpg?fit=760%2C420&ssl=1","contentUrl":"https:\/\/i0.wp.com\/informatepy.com\/2021\/wp-content\/uploads\/2021\/03\/eduardo-petta.jpg?fit=760%2C420&ssl=1","width":760,"height":420,"caption":"Eduardo Petta, titular del MEC. Foto: La Naci\u00f3n."},{"@type":"BreadcrumbList","@id":"https:\/\/informatepy.com\/2021\/2021\/01\/12\/mec-denuncian-direccionamiento-y-sobrefacturacion-en-licitacion-de-nuevo-datacenter\/#breadcrumb","itemListElement":[{"@type":"ListItem","position":1,"name":"Portada","item":"https:\/\/informatepy.com\/2021\/"},{"@type":"ListItem","position":2,"name":"MEC: Denuncian direccionamiento y sobrefacturaci\u00f3n en licitaci\u00f3n de nuevo Datacenter"}]},{"@type":"WebSite","@id":"https:\/\/informatepy.com\/2021\/#website","url":"https:\/\/informatepy.com\/2021\/","name":"Informatepy","description":"La verdad, siempre!","publisher":{"@id":"https:\/\/informatepy.com\/2021\/#\/schema\/person\/edd302c981d6ba4596191719d1025a8a"},"potentialAction":[{"@type":"SearchAction","target":{"@type":"EntryPoint","urlTemplate":"https:\/\/informatepy.com\/2021\/?s={search_term_string}"},"query-input":{"@type":"PropertyValueSpecification","valueRequired":true,"valueName":"search_term_string"}}],"inLanguage":"es"},{"@type":["Person","Organization"],"@id":"https:\/\/informatepy.com\/2021\/#\/schema\/person\/edd302c981d6ba4596191719d1025a8a","name":"admin","image":{"@type":"ImageObject","inLanguage":"es","@id":"https:\/\/secure.gravatar.com\/avatar\/5310f602b6cbcfb86e030c4ccdbb78f6565a3b9bab6a74ab80fd3cb5428b65af?s=96&d=mm&r=g","url":"https:\/\/secure.gravatar.com\/avatar\/5310f602b6cbcfb86e030c4ccdbb78f6565a3b9bab6a74ab80fd3cb5428b65af?s=96&d=mm&r=g","contentUrl":"https:\/\/secure.gravatar.com\/avatar\/5310f602b6cbcfb86e030c4ccdbb78f6565a3b9bab6a74ab80fd3cb5428b65af?s=96&d=mm&r=g","caption":"admin"},"logo":{"@id":"https:\/\/secure.gravatar.com\/avatar\/5310f602b6cbcfb86e030c4ccdbb78f6565a3b9bab6a74ab80fd3cb5428b65af?s=96&d=mm&r=g"},"sameAs":["http:\/\/informatepy.com\/2021"],"url":"https:\/\/informatepy.com\/2021\/author\/admin\/"}]}},"jetpack_featured_media_url":"https:\/\/i0.wp.com\/informatepy.com\/2021\/wp-content\/uploads\/2021\/03\/eduardo-petta.jpg?fit=760%2C420&ssl=1","jetpack_sharing_enabled":true,"jetpack_likes_enabled":true,"jetpack-related-posts":[{"id":860,"url":"https:\/\/informatepy.com\/2021\/2020\/03\/15\/desiree-masi-y-petta-rapidos-de-reflejos\/","url_meta":{"origin":2398,"position":0},"title":"Desiree Masi y Petta r\u00e1pidos de reflejos","date":"15 de marzo de 2020","format":false,"excerpt":"Del mismo modo en que muchas veces criticamos a los funcionarios por aquellas cosas que hacen (o dejan de hacer), en este caso se hace necesario resaltar la rapidez de reflejos de la Senadora Desiree Masi y el Ministro de Educaci\u00f3n Eduardo Petta, en relaci\u00f3n a una denuncia realizada por\u2026","rel":"","context":"En \u00abNacionales\u00bb","img":{"alt_text":"","src":"https:\/\/i0.wp.com\/informatepy.com\/2021\/wp-content\/uploads\/2021\/03\/desirre-masi-eduardo-petta.jpg?fit=760%2C420&ssl=1&resize=350%2C200","width":350,"height":200},"classes":[]},{"id":1989,"url":"https:\/\/informatepy.com\/2021\/2020\/05\/06\/senador-define-manana-la-interpelacion-al-ministro-petta\/","url_meta":{"origin":2398,"position":1},"title":"Senadores define ma\u00f1ana la interpelaci\u00f3n al ministro Petta","date":"6 de mayo de 2020","format":false,"excerpt":"El Senado tratar\u00e1 ma\u00f1ana el proyecto de Resoluci\u00f3n que cita e interpela a Eduardo Petta, ministro de Educaci\u00f3n, presentado por legisladores de diferentes bancadas. De aprobarse, se definir\u00e1 en ese momento el d\u00eda en que ser\u00e1 convocado el secretario de Estado. En la exposici\u00f3n de motivos, los proyectistas dicen que\u2026","rel":"","context":"En \u00abNacionales\u00bb","img":{"alt_text":"","src":"https:\/\/i0.wp.com\/informatepy.com\/2021\/wp-content\/uploads\/2021\/04\/petta-pandemia.jpg?fit=760%2C420&ssl=1&resize=350%2C200","width":350,"height":200},"classes":[]},{"id":1752,"url":"https:\/\/informatepy.com\/2021\/2020\/02\/16\/el-presidente-entregaria-a-petta-como-prenda-de-paz-con-los-gremios-de-docentes-y-estudiantes\/","url_meta":{"origin":2398,"position":2},"title":"El presidente entregar\u00eda a Petta como prenda de paz a los gremios de docentes y estudiantes","date":"16 de febrero de 2020","format":false,"excerpt":"Varios gremios de Docentes est\u00e1n indignados por todas las \"cagadas\" que se mando el actual Ministro Eduardo Petta y piden su destituci\u00f3n del cargo. Tambi\u00e9n comentan que los gremios est\u00e1n pidiendo que el pr\u00f3ximo encargado de la Educaci\u00f3n Nacional sea una persona id\u00f3nea y con experiencia en la gesti\u00f3n administrativa,\u2026","rel":"","context":"En \u00abNacionales\u00bb","img":{"alt_text":"","src":"https:\/\/i0.wp.com\/informatepy.com\/2021\/wp-content\/uploads\/2021\/03\/eduardo-petta.jpg?fit=760%2C420&ssl=1&resize=350%2C200","width":350,"height":200},"classes":[]},{"id":1830,"url":"https:\/\/informatepy.com\/2021\/2020\/04\/06\/que-pasara-con-las-clases-reclaman-a-petta-falta-de-liderazgo-y-prevision\/","url_meta":{"origin":2398,"position":3},"title":"\u00bfQu\u00e9 pasar\u00e1 con las clases? Reclaman a Petta falta de liderazgo y previsi\u00f3n","date":"6 de abril de 2020","format":false,"excerpt":"Muy triste dijo sentirse el integrante de la Asociaci\u00f3n de Instituciones Educativas del Paraguay, Luis Ram\u00edrez, al ver que el titular del MEC, Eduardo Petta, celebre la entrega de kits alimenticios en las escuelas y deje de lado la recalendarizaci\u00f3n de las clases. \u201cEst\u00e1 bien que se haga (distribuci\u00f3n de\u2026","rel":"","context":"En \u00abNacionales\u00bb","img":{"alt_text":"","src":"https:\/\/i0.wp.com\/informatepy.com\/2021\/wp-content\/uploads\/2021\/04\/petta-pandemia.jpg?fit=760%2C420&ssl=1&resize=350%2C200","width":350,"height":200},"classes":[]},{"id":1160,"url":"https:\/\/informatepy.com\/2021\/2019\/05\/18\/sindicalistas-califican-a-petta-de-improvisado\/","url_meta":{"origin":2398,"position":4},"title":"Sindicalistas califican a Petta de improvisado","date":"18 de mayo de 2019","format":false,"excerpt":"El receso de invierno comenzar\u00e1 el 1 de julio y no el 8, como se ten\u00eda previsto inicialmente. La decisi\u00f3n del MEC en adelantar las vacaciones, se debe a la situaci\u00f3n en varias zonas con respecto a las inundaciones y falta de docentes. Al respecto, Miguel Marecos del Sindicato Nacional\u2026","rel":"","context":"En \u00abNacionales\u00bb","img":{"alt_text":"","src":"https:\/\/i0.wp.com\/informatepy.com\/2021\/wp-content\/uploads\/2021\/02\/miguel-marecos-sindicato-directores-educacion.jpg?fit=610%2C396&ssl=1&resize=350%2C200","width":350,"height":200},"classes":[]},{"id":2433,"url":"https:\/\/informatepy.com\/2021\/2021\/01\/21\/empresario-denuncia-aprietes-y-licitaciones-dibujadas-en-el-mopc\/","url_meta":{"origin":2398,"position":5},"title":"Empresario denuncia aprietes y licitaciones dibujadas en el MOPC","date":"21 de enero de 2021","format":false,"excerpt":"En entrevista con la radio 650 AM, el arquitecto Jos\u00e9 Mar\u00eda D\u00edaz Benza, directivo de EDB Construcciones, expres\u00f3 su cansancio por las injusticias que se est\u00e1n cometiendo en el Ministerio de Obras P\u00fablicas. \u201cLa corrupci\u00f3n que hay es alevosa. Existen ama\u00f1os y direccionamientos en todas las licitaciones. Tenemos documentos de\u2026","rel":"","context":"En \u00abNacionales\u00bb","img":{"alt_text":"","src":"https:\/\/i0.wp.com\/informatepy.com\/2021\/wp-content\/uploads\/2021\/01\/arnoldo-wiens.jpg?fit=760%2C420&ssl=1&resize=350%2C200","width":350,"height":200},"classes":[]}],"authors":[{"term_id":1039,"user_id":1,"is_guest":0,"slug":"admin","display_name":"admin","avatar_url":"https:\/\/secure.gravatar.com\/avatar\/5310f602b6cbcfb86e030c4ccdbb78f6565a3b9bab6a74ab80fd3cb5428b65af?s=96&d=mm&r=g","first_name":"","last_name":"","user_url":"http:\/\/informatepy.com\/2021","description":""}],"amp_enabled":true,"_links":{"self":[{"href":"https:\/\/informatepy.com\/2021\/wp-json\/wp\/v2\/posts\/2398","targetHints":{"allow":["GET"]}}],"collection":[{"href":"https:\/\/informatepy.com\/2021\/wp-json\/wp\/v2\/posts"}],"about":[{"href":"https:\/\/informatepy.com\/2021\/wp-json\/wp\/v2\/types\/post"}],"author":[{"embeddable":true,"href":"https:\/\/informatepy.com\/2021\/wp-json\/wp\/v2\/users\/1"}],"replies":[{"embeddable":true,"href":"https:\/\/informatepy.com\/2021\/wp-json\/wp\/v2\/comments?post=2398"}],"version-history":[{"count":0,"href":"https:\/\/informatepy.com\/2021\/wp-json\/wp\/v2\/posts\/2398\/revisions"}],"wp:featuredmedia":[{"embeddable":true,"href":"https:\/\/informatepy.com\/2021\/wp-json\/wp\/v2\/media\/899"}],"wp:attachment":[{"href":"https:\/\/informatepy.com\/2021\/wp-json\/wp\/v2\/media?parent=2398"}],"wp:term":[{"taxonomy":"category","embeddable":true,"href":"https:\/\/informatepy.com\/2021\/wp-json\/wp\/v2\/categories?post=2398"},{"taxonomy":"post_tag","embeddable":true,"href":"https:\/\/informatepy.com\/2021\/wp-json\/wp\/v2\/tags?post=2398"},{"taxonomy":"author","embeddable":true,"href":"https:\/\/informatepy.com\/2021\/wp-json\/wp\/v2\/ppma_author?post=2398"}],"curies":[{"name":"wp","href":"https:\/\/api.w.org\/{rel}","templated":true}]}}