{"id":1922,"date":"2020-04-22T20:20:00","date_gmt":"2020-04-22T20:20:00","guid":{"rendered":"http:\/\/informatepy.com\/2021\/?p=1922"},"modified":"2021-02-09T17:51:15","modified_gmt":"2021-02-09T17:51:15","slug":"personal-de-blanco-del-clinicas-denuncia-precariedades-contagios-y-maltrato-por-parte-de-los-jefes-del-centro-asistencial","status":"publish","type":"post","link":"https:\/\/informatepy.com\/2021\/2020\/04\/22\/personal-de-blanco-del-clinicas-denuncia-precariedades-contagios-y-maltrato-por-parte-de-los-jefes-del-centro-asistencial\/","title":{"rendered":"Personal de blanco del Cl\u00ednicas denuncia precariedades, contagios y maltrato por parte de los jefes del centro asistencial"},"content":{"rendered":"\n<p>Son cuatro de los trece profesionales de enfermer\u00eda, quienes cumplen con la cuarentena obligatoria, que dieron positivo al Covid-19. <\/p>\n\n\n\n<p>En ese sentido, el equipo de profesionales de blanco denuncia las precariedades en cuanto a equipos de bioseguridad y el maltrato que reciben por parte del jefe de urgencia del centro asistencial.<\/p>\n\n\n\n<p>\u201cCon mis compa\u00f1eros decidimos decir basta. Ya no nos podemos a callar, nosotros nos pusimos las pilas, venimos a trabajar y lo que nosotros pedimos no es solo para nosotros. Exponemos nuestras vidas para dar una mejor atenci\u00f3n a los pacientes\u201d, expres\u00f3 Rub\u00e9n Molinas, representantes de los enfermeros.<\/p>\n\n\n\n<p>Asimismo, remarc\u00f3 que a causa los cuatro enfermeros infectados por el virus y las carencias en cuanto a insumos m\u00e9dicos, se les hace dif\u00edcil continuar con la atenci\u00f3n de los pacientes que llegan al hospital.<\/p>\n\n\n\n<p>Se\u00f1al\u00f3, que comunican de la necesidad que atraviesan como enfermeros, pero que son ignorados por parte de los directivos del nosocomio. \u201cSi un enfermero te dice, doctor necesitamos esto, se nos tiene que dar, cuando nos ignoran nos faltan el respeto como profesionales y como seres humanos\u201d, refiri\u00f3.<\/p>\n\n\n\n<p>Asimismo, indic\u00f3 que hace un mes y medio que trabajan en precariedades y que el corte del agua es una problem\u00e1tica constante.<\/p>\n\n\n\n<p>\u201cNosotros no podemos salir del hospital sin ba\u00f1arnos, es algo terrible. No podemos llegar a nuestras casas as\u00ed. No solo le exponemos a nuestros familiares sino tambi\u00e9n a terceros\u201d, puntualiz\u00f3.<\/p>\n","protected":false},"excerpt":{"rendered":"<p>Son cuatro de los trece profesionales de enfermer\u00eda, quienes cumplen con la cuarentena obligatoria, que dieron positivo al Covid-19. En ese sentido, el equipo de profesionales de blanco denuncia las precariedades en cuanto a equipos de bioseguridad y el maltrato que reciben por parte del jefe de urgencia del centro asistencial. \u201cCon mis compa\u00f1eros decidimos [&hellip;]<\/p>\n","protected":false},"author":1,"featured_media":1923,"comment_status":"open","ping_status":"closed","sticky":false,"template":"","format":"standard","meta":{"_monsterinsights_skip_tracking":false,"_monsterinsights_sitenote_active":false,"_monsterinsights_sitenote_note":"","_monsterinsights_sitenote_category":0,"footnotes":"","jetpack_publicize_message":"","jetpack_is_tweetstorm":false,"jetpack_publicize_feature_enabled":true},"categories":[177],"tags":[802,819,803,863,796,312],"ppma_author":[1039],"class_list":["post-1922","post","type-post","status-publish","format-standard","has-post-thumbnail","hentry","category-nacionales","tag-coronavirus","tag-covid","tag-covid19","tag-hospital-de-cllinicas","tag-julio-mazzoleni","tag-ministerio-de-salud"],"jetpack_publicize_connections":[],"yoast_head":"<!-- This site is optimized with the Yoast SEO plugin v27.5 - https:\/\/yoast.com\/product\/yoast-seo-wordpress\/ -->\n<title>Personal de blanco del Cl\u00ednicas denuncia precariedades, contagios y maltrato por parte de los jefes del centro asistencial - Informatepy<\/title>\n<meta name=\"robots\" content=\"index, follow, max-snippet:-1, max-image-preview:large, max-video-preview:-1\" \/>\n<link rel=\"canonical\" href=\"https:\/\/informatepy.com\/2021\/2020\/04\/22\/personal-de-blanco-del-clinicas-denuncia-precariedades-contagios-y-maltrato-por-parte-de-los-jefes-del-centro-asistencial\/\" \/>\n<meta property=\"og:locale\" content=\"es_ES\" \/>\n<meta property=\"og:type\" content=\"article\" \/>\n<meta property=\"og:title\" content=\"Personal de blanco del Cl\u00ednicas denuncia precariedades, contagios y maltrato por parte de los jefes del centro asistencial - Informatepy\" \/>\n<meta property=\"og:description\" content=\"Son cuatro de los trece profesionales de enfermer\u00eda, quienes cumplen con la cuarentena obligatoria, que dieron positivo al Covid-19. En ese sentido, el equipo de profesionales de blanco denuncia las precariedades en cuanto a equipos de bioseguridad y el maltrato que reciben por parte del jefe de urgencia del centro asistencial. \u201cCon mis compa\u00f1eros decidimos [&hellip;]\" \/>\n<meta property=\"og:url\" content=\"https:\/\/informatepy.com\/2021\/2020\/04\/22\/personal-de-blanco-del-clinicas-denuncia-precariedades-contagios-y-maltrato-por-parte-de-los-jefes-del-centro-asistencial\/\" \/>\n<meta property=\"og:site_name\" content=\"Informatepy\" \/>\n<meta property=\"article:published_time\" content=\"2020-04-22T20:20:00+00:00\" \/>\n<meta property=\"article:modified_time\" content=\"2021-02-09T17:51:15+00:00\" \/>\n<meta property=\"og:image\" content=\"https:\/\/i2.wp.com\/informatepy.com\/2021\/wp-content\/uploads\/2021\/04\/hospital-de-clinicas.jpg?fit=760%2C420&ssl=1\" \/>\n\t<meta property=\"og:image:width\" content=\"760\" \/>\n\t<meta property=\"og:image:height\" content=\"420\" \/>\n\t<meta property=\"og:image:type\" content=\"image\/jpeg\" \/>\n<meta name=\"author\" content=\"admin\" \/>\n<meta name=\"twitter:card\" content=\"summary_large_image\" \/>\n<meta name=\"twitter:label1\" content=\"Escrito por\" \/>\n\t<meta name=\"twitter:data1\" content=\"admin\" \/>\n\t<meta name=\"twitter:label2\" content=\"Tiempo de lectura\" \/>\n\t<meta name=\"twitter:data2\" content=\"2 minutos\" \/>\n<script type=\"application\/ld+json\" class=\"yoast-schema-graph\">{\"@context\":\"https:\\\/\\\/schema.org\",\"@graph\":[{\"@type\":\"Article\",\"@id\":\"https:\\\/\\\/informatepy.com\\\/2021\\\/2020\\\/04\\\/22\\\/personal-de-blanco-del-clinicas-denuncia-precariedades-contagios-y-maltrato-por-parte-de-los-jefes-del-centro-asistencial\\\/#article\",\"isPartOf\":{\"@id\":\"https:\\\/\\\/informatepy.com\\\/2021\\\/2020\\\/04\\\/22\\\/personal-de-blanco-del-clinicas-denuncia-precariedades-contagios-y-maltrato-por-parte-de-los-jefes-del-centro-asistencial\\\/\"},\"author\":{\"name\":\"admin\",\"@id\":\"https:\\\/\\\/informatepy.com\\\/2021\\\/#\\\/schema\\\/person\\\/edd302c981d6ba4596191719d1025a8a\"},\"headline\":\"Personal de blanco del Cl\u00ednicas denuncia precariedades, contagios y maltrato por parte de los jefes del centro asistencial\",\"datePublished\":\"2020-04-22T20:20:00+00:00\",\"dateModified\":\"2021-02-09T17:51:15+00:00\",\"mainEntityOfPage\":{\"@id\":\"https:\\\/\\\/informatepy.com\\\/2021\\\/2020\\\/04\\\/22\\\/personal-de-blanco-del-clinicas-denuncia-precariedades-contagios-y-maltrato-por-parte-de-los-jefes-del-centro-asistencial\\\/\"},\"wordCount\":264,\"commentCount\":0,\"publisher\":{\"@id\":\"https:\\\/\\\/informatepy.com\\\/2021\\\/#\\\/schema\\\/person\\\/edd302c981d6ba4596191719d1025a8a\"},\"image\":{\"@id\":\"https:\\\/\\\/informatepy.com\\\/2021\\\/2020\\\/04\\\/22\\\/personal-de-blanco-del-clinicas-denuncia-precariedades-contagios-y-maltrato-por-parte-de-los-jefes-del-centro-asistencial\\\/#primaryimage\"},\"thumbnailUrl\":\"https:\\\/\\\/i0.wp.com\\\/informatepy.com\\\/2021\\\/wp-content\\\/uploads\\\/2021\\\/04\\\/hospital-de-clinicas.jpg?fit=760%2C420&ssl=1\",\"keywords\":[\"coronavirus\",\"covid\",\"covid19\",\"hospital de cllinicas\",\"julio mazzoleni\",\"ministerio de salud\"],\"articleSection\":[\"Nacionales\"],\"inLanguage\":\"es\",\"potentialAction\":[{\"@type\":\"CommentAction\",\"name\":\"Comment\",\"target\":[\"https:\\\/\\\/informatepy.com\\\/2021\\\/2020\\\/04\\\/22\\\/personal-de-blanco-del-clinicas-denuncia-precariedades-contagios-y-maltrato-por-parte-de-los-jefes-del-centro-asistencial\\\/#respond\"]}]},{\"@type\":\"WebPage\",\"@id\":\"https:\\\/\\\/informatepy.com\\\/2021\\\/2020\\\/04\\\/22\\\/personal-de-blanco-del-clinicas-denuncia-precariedades-contagios-y-maltrato-por-parte-de-los-jefes-del-centro-asistencial\\\/\",\"url\":\"https:\\\/\\\/informatepy.com\\\/2021\\\/2020\\\/04\\\/22\\\/personal-de-blanco-del-clinicas-denuncia-precariedades-contagios-y-maltrato-por-parte-de-los-jefes-del-centro-asistencial\\\/\",\"name\":\"Personal de blanco del Cl\u00ednicas denuncia precariedades, contagios y maltrato por parte de los jefes del centro asistencial - Informatepy\",\"isPartOf\":{\"@id\":\"https:\\\/\\\/informatepy.com\\\/2021\\\/#website\"},\"primaryImageOfPage\":{\"@id\":\"https:\\\/\\\/informatepy.com\\\/2021\\\/2020\\\/04\\\/22\\\/personal-de-blanco-del-clinicas-denuncia-precariedades-contagios-y-maltrato-por-parte-de-los-jefes-del-centro-asistencial\\\/#primaryimage\"},\"image\":{\"@id\":\"https:\\\/\\\/informatepy.com\\\/2021\\\/2020\\\/04\\\/22\\\/personal-de-blanco-del-clinicas-denuncia-precariedades-contagios-y-maltrato-por-parte-de-los-jefes-del-centro-asistencial\\\/#primaryimage\"},\"thumbnailUrl\":\"https:\\\/\\\/i0.wp.com\\\/informatepy.com\\\/2021\\\/wp-content\\\/uploads\\\/2021\\\/04\\\/hospital-de-clinicas.jpg?fit=760%2C420&ssl=1\",\"datePublished\":\"2020-04-22T20:20:00+00:00\",\"dateModified\":\"2021-02-09T17:51:15+00:00\",\"breadcrumb\":{\"@id\":\"https:\\\/\\\/informatepy.com\\\/2021\\\/2020\\\/04\\\/22\\\/personal-de-blanco-del-clinicas-denuncia-precariedades-contagios-y-maltrato-por-parte-de-los-jefes-del-centro-asistencial\\\/#breadcrumb\"},\"inLanguage\":\"es\",\"potentialAction\":[{\"@type\":\"ReadAction\",\"target\":[\"https:\\\/\\\/informatepy.com\\\/2021\\\/2020\\\/04\\\/22\\\/personal-de-blanco-del-clinicas-denuncia-precariedades-contagios-y-maltrato-por-parte-de-los-jefes-del-centro-asistencial\\\/\"]}]},{\"@type\":\"ImageObject\",\"inLanguage\":\"es\",\"@id\":\"https:\\\/\\\/informatepy.com\\\/2021\\\/2020\\\/04\\\/22\\\/personal-de-blanco-del-clinicas-denuncia-precariedades-contagios-y-maltrato-por-parte-de-los-jefes-del-centro-asistencial\\\/#primaryimage\",\"url\":\"https:\\\/\\\/i0.wp.com\\\/informatepy.com\\\/2021\\\/wp-content\\\/uploads\\\/2021\\\/04\\\/hospital-de-clinicas.jpg?fit=760%2C420&ssl=1\",\"contentUrl\":\"https:\\\/\\\/i0.wp.com\\\/informatepy.com\\\/2021\\\/wp-content\\\/uploads\\\/2021\\\/04\\\/hospital-de-clinicas.jpg?fit=760%2C420&ssl=1\",\"width\":760,\"height\":420},{\"@type\":\"BreadcrumbList\",\"@id\":\"https:\\\/\\\/informatepy.com\\\/2021\\\/2020\\\/04\\\/22\\\/personal-de-blanco-del-clinicas-denuncia-precariedades-contagios-y-maltrato-por-parte-de-los-jefes-del-centro-asistencial\\\/#breadcrumb\",\"itemListElement\":[{\"@type\":\"ListItem\",\"position\":1,\"name\":\"Portada\",\"item\":\"https:\\\/\\\/informatepy.com\\\/2021\\\/\"},{\"@type\":\"ListItem\",\"position\":2,\"name\":\"Personal de blanco del Cl\u00ednicas denuncia precariedades, contagios y maltrato por parte de los jefes del centro asistencial\"}]},{\"@type\":\"WebSite\",\"@id\":\"https:\\\/\\\/informatepy.com\\\/2021\\\/#website\",\"url\":\"https:\\\/\\\/informatepy.com\\\/2021\\\/\",\"name\":\"Informatepy\",\"description\":\"La verdad, siempre!\",\"publisher\":{\"@id\":\"https:\\\/\\\/informatepy.com\\\/2021\\\/#\\\/schema\\\/person\\\/edd302c981d6ba4596191719d1025a8a\"},\"potentialAction\":[{\"@type\":\"SearchAction\",\"target\":{\"@type\":\"EntryPoint\",\"urlTemplate\":\"https:\\\/\\\/informatepy.com\\\/2021\\\/?s={search_term_string}\"},\"query-input\":{\"@type\":\"PropertyValueSpecification\",\"valueRequired\":true,\"valueName\":\"search_term_string\"}}],\"inLanguage\":\"es\"},{\"@type\":[\"Person\",\"Organization\"],\"@id\":\"https:\\\/\\\/informatepy.com\\\/2021\\\/#\\\/schema\\\/person\\\/edd302c981d6ba4596191719d1025a8a\",\"name\":\"admin\",\"image\":{\"@type\":\"ImageObject\",\"inLanguage\":\"es\",\"@id\":\"https:\\\/\\\/secure.gravatar.com\\\/avatar\\\/5310f602b6cbcfb86e030c4ccdbb78f6565a3b9bab6a74ab80fd3cb5428b65af?s=96&d=mm&r=g\",\"url\":\"https:\\\/\\\/secure.gravatar.com\\\/avatar\\\/5310f602b6cbcfb86e030c4ccdbb78f6565a3b9bab6a74ab80fd3cb5428b65af?s=96&d=mm&r=g\",\"contentUrl\":\"https:\\\/\\\/secure.gravatar.com\\\/avatar\\\/5310f602b6cbcfb86e030c4ccdbb78f6565a3b9bab6a74ab80fd3cb5428b65af?s=96&d=mm&r=g\",\"caption\":\"admin\"},\"logo\":{\"@id\":\"https:\\\/\\\/secure.gravatar.com\\\/avatar\\\/5310f602b6cbcfb86e030c4ccdbb78f6565a3b9bab6a74ab80fd3cb5428b65af?s=96&d=mm&r=g\"},\"sameAs\":[\"http:\\\/\\\/informatepy.com\\\/2021\"],\"url\":\"https:\\\/\\\/informatepy.com\\\/2021\\\/author\\\/admin\\\/\"}]}<\/script>\n<!-- \/ Yoast SEO plugin. -->","yoast_head_json":{"title":"Personal de blanco del Cl\u00ednicas denuncia precariedades, contagios y maltrato por parte de los jefes del centro asistencial - Informatepy","robots":{"index":"index","follow":"follow","max-snippet":"max-snippet:-1","max-image-preview":"max-image-preview:large","max-video-preview":"max-video-preview:-1"},"canonical":"https:\/\/informatepy.com\/2021\/2020\/04\/22\/personal-de-blanco-del-clinicas-denuncia-precariedades-contagios-y-maltrato-por-parte-de-los-jefes-del-centro-asistencial\/","og_locale":"es_ES","og_type":"article","og_title":"Personal de blanco del Cl\u00ednicas denuncia precariedades, contagios y maltrato por parte de los jefes del centro asistencial - Informatepy","og_description":"Son cuatro de los trece profesionales de enfermer\u00eda, quienes cumplen con la cuarentena obligatoria, que dieron positivo al Covid-19. En ese sentido, el equipo de profesionales de blanco denuncia las precariedades en cuanto a equipos de bioseguridad y el maltrato que reciben por parte del jefe de urgencia del centro asistencial. \u201cCon mis compa\u00f1eros decidimos [&hellip;]","og_url":"https:\/\/informatepy.com\/2021\/2020\/04\/22\/personal-de-blanco-del-clinicas-denuncia-precariedades-contagios-y-maltrato-por-parte-de-los-jefes-del-centro-asistencial\/","og_site_name":"Informatepy","article_published_time":"2020-04-22T20:20:00+00:00","article_modified_time":"2021-02-09T17:51:15+00:00","og_image":[{"width":760,"height":420,"url":"https:\/\/i2.wp.com\/informatepy.com\/2021\/wp-content\/uploads\/2021\/04\/hospital-de-clinicas.jpg?fit=760%2C420&ssl=1","type":"image\/jpeg"}],"author":"admin","twitter_card":"summary_large_image","twitter_misc":{"Escrito por":"admin","Tiempo de lectura":"2 minutos"},"schema":{"@context":"https:\/\/schema.org","@graph":[{"@type":"Article","@id":"https:\/\/informatepy.com\/2021\/2020\/04\/22\/personal-de-blanco-del-clinicas-denuncia-precariedades-contagios-y-maltrato-por-parte-de-los-jefes-del-centro-asistencial\/#article","isPartOf":{"@id":"https:\/\/informatepy.com\/2021\/2020\/04\/22\/personal-de-blanco-del-clinicas-denuncia-precariedades-contagios-y-maltrato-por-parte-de-los-jefes-del-centro-asistencial\/"},"author":{"name":"admin","@id":"https:\/\/informatepy.com\/2021\/#\/schema\/person\/edd302c981d6ba4596191719d1025a8a"},"headline":"Personal de blanco del Cl\u00ednicas denuncia precariedades, contagios y maltrato por parte de los jefes del centro asistencial","datePublished":"2020-04-22T20:20:00+00:00","dateModified":"2021-02-09T17:51:15+00:00","mainEntityOfPage":{"@id":"https:\/\/informatepy.com\/2021\/2020\/04\/22\/personal-de-blanco-del-clinicas-denuncia-precariedades-contagios-y-maltrato-por-parte-de-los-jefes-del-centro-asistencial\/"},"wordCount":264,"commentCount":0,"publisher":{"@id":"https:\/\/informatepy.com\/2021\/#\/schema\/person\/edd302c981d6ba4596191719d1025a8a"},"image":{"@id":"https:\/\/informatepy.com\/2021\/2020\/04\/22\/personal-de-blanco-del-clinicas-denuncia-precariedades-contagios-y-maltrato-por-parte-de-los-jefes-del-centro-asistencial\/#primaryimage"},"thumbnailUrl":"https:\/\/i0.wp.com\/informatepy.com\/2021\/wp-content\/uploads\/2021\/04\/hospital-de-clinicas.jpg?fit=760%2C420&ssl=1","keywords":["coronavirus","covid","covid19","hospital de cllinicas","julio mazzoleni","ministerio de salud"],"articleSection":["Nacionales"],"inLanguage":"es","potentialAction":[{"@type":"CommentAction","name":"Comment","target":["https:\/\/informatepy.com\/2021\/2020\/04\/22\/personal-de-blanco-del-clinicas-denuncia-precariedades-contagios-y-maltrato-por-parte-de-los-jefes-del-centro-asistencial\/#respond"]}]},{"@type":"WebPage","@id":"https:\/\/informatepy.com\/2021\/2020\/04\/22\/personal-de-blanco-del-clinicas-denuncia-precariedades-contagios-y-maltrato-por-parte-de-los-jefes-del-centro-asistencial\/","url":"https:\/\/informatepy.com\/2021\/2020\/04\/22\/personal-de-blanco-del-clinicas-denuncia-precariedades-contagios-y-maltrato-por-parte-de-los-jefes-del-centro-asistencial\/","name":"Personal de blanco del Cl\u00ednicas denuncia precariedades, contagios y maltrato por parte de los jefes del centro asistencial - Informatepy","isPartOf":{"@id":"https:\/\/informatepy.com\/2021\/#website"},"primaryImageOfPage":{"@id":"https:\/\/informatepy.com\/2021\/2020\/04\/22\/personal-de-blanco-del-clinicas-denuncia-precariedades-contagios-y-maltrato-por-parte-de-los-jefes-del-centro-asistencial\/#primaryimage"},"image":{"@id":"https:\/\/informatepy.com\/2021\/2020\/04\/22\/personal-de-blanco-del-clinicas-denuncia-precariedades-contagios-y-maltrato-por-parte-de-los-jefes-del-centro-asistencial\/#primaryimage"},"thumbnailUrl":"https:\/\/i0.wp.com\/informatepy.com\/2021\/wp-content\/uploads\/2021\/04\/hospital-de-clinicas.jpg?fit=760%2C420&ssl=1","datePublished":"2020-04-22T20:20:00+00:00","dateModified":"2021-02-09T17:51:15+00:00","breadcrumb":{"@id":"https:\/\/informatepy.com\/2021\/2020\/04\/22\/personal-de-blanco-del-clinicas-denuncia-precariedades-contagios-y-maltrato-por-parte-de-los-jefes-del-centro-asistencial\/#breadcrumb"},"inLanguage":"es","potentialAction":[{"@type":"ReadAction","target":["https:\/\/informatepy.com\/2021\/2020\/04\/22\/personal-de-blanco-del-clinicas-denuncia-precariedades-contagios-y-maltrato-por-parte-de-los-jefes-del-centro-asistencial\/"]}]},{"@type":"ImageObject","inLanguage":"es","@id":"https:\/\/informatepy.com\/2021\/2020\/04\/22\/personal-de-blanco-del-clinicas-denuncia-precariedades-contagios-y-maltrato-por-parte-de-los-jefes-del-centro-asistencial\/#primaryimage","url":"https:\/\/i0.wp.com\/informatepy.com\/2021\/wp-content\/uploads\/2021\/04\/hospital-de-clinicas.jpg?fit=760%2C420&ssl=1","contentUrl":"https:\/\/i0.wp.com\/informatepy.com\/2021\/wp-content\/uploads\/2021\/04\/hospital-de-clinicas.jpg?fit=760%2C420&ssl=1","width":760,"height":420},{"@type":"BreadcrumbList","@id":"https:\/\/informatepy.com\/2021\/2020\/04\/22\/personal-de-blanco-del-clinicas-denuncia-precariedades-contagios-y-maltrato-por-parte-de-los-jefes-del-centro-asistencial\/#breadcrumb","itemListElement":[{"@type":"ListItem","position":1,"name":"Portada","item":"https:\/\/informatepy.com\/2021\/"},{"@type":"ListItem","position":2,"name":"Personal de blanco del Cl\u00ednicas denuncia precariedades, contagios y maltrato por parte de los jefes del centro asistencial"}]},{"@type":"WebSite","@id":"https:\/\/informatepy.com\/2021\/#website","url":"https:\/\/informatepy.com\/2021\/","name":"Informatepy","description":"La verdad, siempre!","publisher":{"@id":"https:\/\/informatepy.com\/2021\/#\/schema\/person\/edd302c981d6ba4596191719d1025a8a"},"potentialAction":[{"@type":"SearchAction","target":{"@type":"EntryPoint","urlTemplate":"https:\/\/informatepy.com\/2021\/?s={search_term_string}"},"query-input":{"@type":"PropertyValueSpecification","valueRequired":true,"valueName":"search_term_string"}}],"inLanguage":"es"},{"@type":["Person","Organization"],"@id":"https:\/\/informatepy.com\/2021\/#\/schema\/person\/edd302c981d6ba4596191719d1025a8a","name":"admin","image":{"@type":"ImageObject","inLanguage":"es","@id":"https:\/\/secure.gravatar.com\/avatar\/5310f602b6cbcfb86e030c4ccdbb78f6565a3b9bab6a74ab80fd3cb5428b65af?s=96&d=mm&r=g","url":"https:\/\/secure.gravatar.com\/avatar\/5310f602b6cbcfb86e030c4ccdbb78f6565a3b9bab6a74ab80fd3cb5428b65af?s=96&d=mm&r=g","contentUrl":"https:\/\/secure.gravatar.com\/avatar\/5310f602b6cbcfb86e030c4ccdbb78f6565a3b9bab6a74ab80fd3cb5428b65af?s=96&d=mm&r=g","caption":"admin"},"logo":{"@id":"https:\/\/secure.gravatar.com\/avatar\/5310f602b6cbcfb86e030c4ccdbb78f6565a3b9bab6a74ab80fd3cb5428b65af?s=96&d=mm&r=g"},"sameAs":["http:\/\/informatepy.com\/2021"],"url":"https:\/\/informatepy.com\/2021\/author\/admin\/"}]}},"jetpack_featured_media_url":"https:\/\/i0.wp.com\/informatepy.com\/2021\/wp-content\/uploads\/2021\/04\/hospital-de-clinicas.jpg?fit=760%2C420&ssl=1","jetpack_sharing_enabled":true,"jetpack_likes_enabled":true,"jetpack-related-posts":[{"id":11876,"url":"https:\/\/informatepy.com\/2021\/2022\/05\/31\/mas-denuncias-de-acoso-y-maltrato-en-snt-y-c9n-ahora-senalan-a-gerentes\/","url_meta":{"origin":1922,"position":0},"title":"M\u00e1s denuncias de acoso sexual y maltrato en SNT y C9N, ahora se\u00f1alan a gerentes","date":"31 de mayo de 2022","format":false,"excerpt":"Habiendo pasado pocos d\u00edas de las denuncias de acoso sexual contra un periodista, conductor y jefe de prensa de ambos medios, se suman cuatro nuevas denuncias pero contra dos gerentes del holding. \u00c9stas denuncias, que son independientes de las del ahora exjefe de prensa est\u00e1n siendo minimizadas debido a que\u2026","rel":"","context":"En \u00abNacionales\u00bb","img":{"alt_text":"","src":"https:\/\/i0.wp.com\/informatepy.com\/2021\/wp-content\/uploads\/2022\/05\/snt-c9n.jpg?fit=1000%2C600&ssl=1&resize=350%2C200","width":350,"height":200},"classes":[]},{"id":5027,"url":"https:\/\/informatepy.com\/2021\/2021\/05\/25\/marcha-del-personal-del-hospital-de-clinicas\/","url_meta":{"origin":1922,"position":1},"title":"Marcha del Personal del Hospital de Cl\u00ednicas","date":"25 de mayo de 2021","format":false,"excerpt":"Trabajadores del Hospital de Cl\u00ednicas anuncian una nueva marcha en reclamando mayores recursos humanos, insumos y medicamentos. La medida de fuerza se realizar\u00e1 hoy martes. Los funcionarios del centro asistencial marchar\u00e1n desde el hospital hasta la sede central del Ministerio de Salud, para exigir hechos y no m\u00e1s promesas, atendiendo\u2026","rel":"","context":"En \u00abDestacados\u00bb","img":{"alt_text":"","src":"https:\/\/i0.wp.com\/informatepy.com\/2021\/wp-content\/uploads\/2021\/05\/personal-clinicas.jpg?fit=660%2C330&ssl=1&resize=350%2C200","width":350,"height":200},"classes":[]},{"id":3789,"url":"https:\/\/informatepy.com\/2021\/2021\/03\/04\/o-se-van-ellos-o-nos-vamos-nosotros\/","url_meta":{"origin":1922,"position":2},"title":"\u201cO se van ellos o nos vamos nosotros\u201d","date":"4 de marzo de 2021","format":false,"excerpt":"El Dr. Carlos Mor\u00ednigo, neum\u00f3logo del INERAM, manifest\u00f3 su repudio por las declaraciones del viceministro Julio Rol\u00f3n y del Dr. Guillermo Sequera. Se\u00f1al\u00f3 que los profesionales de blanco fueron tildados de oportunistas y querer buscar protagonismo al denunciar la falta de medicamentos. \u201cO se van ellos o nos vamos nosotros.\u2026","rel":"","context":"En \u00abDestacados\u00bb","img":{"alt_text":"","src":"https:\/\/i0.wp.com\/informatepy.com\/2021\/wp-content\/uploads\/2021\/03\/sequera-rolon-vicioso.jpg?fit=750%2C414&ssl=1&resize=350%2C200","width":350,"height":200},"classes":[]},{"id":2061,"url":"https:\/\/informatepy.com\/2021\/2020\/07\/18\/denuncian-abuso-laboral-en-un-juzgado-de-lambare\/","url_meta":{"origin":1922,"position":3},"title":"Denuncian abuso laboral en un Juzgado de Lambar\u00e9","date":"18 de julio de 2020","format":false,"excerpt":"Los funcionarios del Juzgado Penal de Garant\u00edas N\u00ba 1 de la ciudad de Lambar\u00e9, vendr\u00edan sufriendo diferentes tipos de abuso laboral por parte de la titular del mismo, la Jueza Gladys Fari\u00f1a. Seg\u00fan denunciaron, y se puede constatar en los audios que se adjuntan, Fari\u00f1a abusa de su posici\u00f3n para\u2026","rel":"","context":"En \u00abNacionales\u00bb","img":{"alt_text":"","src":"https:\/\/i0.wp.com\/informatepy.com\/2021\/wp-content\/uploads\/2021\/07\/justicia.jpg?fit=626%2C417&ssl=1&resize=350%2C200","width":350,"height":200},"classes":[]},{"id":8731,"url":"https:\/\/informatepy.com\/2021\/2021\/12\/08\/pasaporte-sanitario-el-cliente-nunca-pierde\/","url_meta":{"origin":1922,"position":4},"title":"Pasaporte sanitario: El cliente nunca pierde","date":"8 de diciembre de 2021","format":false,"excerpt":"Los comerciantes en todos aquellos pa\u00edses donde se ha instalado el tristemente c\u00e9lebre \u201cPasaporte Covid\u201d se van manifestando y denunciando la p\u00e9rdida de clientes a partir de la instauraci\u00f3n del mismo. Por ejemplo, el presidente de la agrupaci\u00f3n de restaurantes\u00a0COBRECA, Pablo Gonz\u00e1lez (Espa\u00f1a), ha lamentado que \u00abla hosteler\u00eda es manipulada\u2026","rel":"","context":"En \u00abNacionales\u00bb","img":{"alt_text":"","src":"https:\/\/i0.wp.com\/informatepy.com\/2021\/wp-content\/uploads\/2021\/12\/restaurantes-vacios.jpg?fit=980%2C681&ssl=1&resize=350%2C200","width":350,"height":200},"classes":[]},{"id":1816,"url":"https:\/\/informatepy.com\/2021\/2020\/04\/04\/en-medio-de-la-pandemia-medicos-reclaman-el-no-pago-de-sus-salarios\/","url_meta":{"origin":1922,"position":5},"title":"En medio de la pandemia, M\u00e9dicos se ven obligados a reclamar el pago de sus salarios","date":"4 de abril de 2020","format":false,"excerpt":"En coincidencia con el homenaje a los trabajadores de blanco en el Palacio de L\u00f3pez, m\u00e9dicos de Hospital General de Luque denuncian que llevan 10 d\u00edas esperando cobrar sus salarios y, lo que es peor, no obtienen respuestas por parte del gobierno. La Dra Yoly Alcaraz Delgado, residente de medicina\u2026","rel":"","context":"En \u00abMunicipales\u00bb","img":{"alt_text":"","src":"https:\/\/i0.wp.com\/informatepy.com\/2021\/wp-content\/uploads\/2021\/04\/medico.jpg?fit=508%2C316&ssl=1&resize=350%2C200","width":350,"height":200},"classes":[]}],"authors":[{"term_id":1039,"user_id":1,"is_guest":0,"slug":"admin","display_name":"admin","avatar_url":"https:\/\/secure.gravatar.com\/avatar\/5310f602b6cbcfb86e030c4ccdbb78f6565a3b9bab6a74ab80fd3cb5428b65af?s=96&d=mm&r=g","first_name":"","last_name":"","user_url":"http:\/\/informatepy.com\/2021","description":""}],"amp_enabled":true,"_links":{"self":[{"href":"https:\/\/informatepy.com\/2021\/wp-json\/wp\/v2\/posts\/1922","targetHints":{"allow":["GET"]}}],"collection":[{"href":"https:\/\/informatepy.com\/2021\/wp-json\/wp\/v2\/posts"}],"about":[{"href":"https:\/\/informatepy.com\/2021\/wp-json\/wp\/v2\/types\/post"}],"author":[{"embeddable":true,"href":"https:\/\/informatepy.com\/2021\/wp-json\/wp\/v2\/users\/1"}],"replies":[{"embeddable":true,"href":"https:\/\/informatepy.com\/2021\/wp-json\/wp\/v2\/comments?post=1922"}],"version-history":[{"count":1,"href":"https:\/\/informatepy.com\/2021\/wp-json\/wp\/v2\/posts\/1922\/revisions"}],"predecessor-version":[{"id":3061,"href":"https:\/\/informatepy.com\/2021\/wp-json\/wp\/v2\/posts\/1922\/revisions\/3061"}],"wp:featuredmedia":[{"embeddable":true,"href":"https:\/\/informatepy.com\/2021\/wp-json\/wp\/v2\/media\/1923"}],"wp:attachment":[{"href":"https:\/\/informatepy.com\/2021\/wp-json\/wp\/v2\/media?parent=1922"}],"wp:term":[{"taxonomy":"category","embeddable":true,"href":"https:\/\/informatepy.com\/2021\/wp-json\/wp\/v2\/categories?post=1922"},{"taxonomy":"post_tag","embeddable":true,"href":"https:\/\/informatepy.com\/2021\/wp-json\/wp\/v2\/tags?post=1922"},{"taxonomy":"author","embeddable":true,"href":"https:\/\/informatepy.com\/2021\/wp-json\/wp\/v2\/ppma_author?post=1922"}],"curies":[{"name":"wp","href":"https:\/\/api.w.org\/{rel}","templated":true}]}}