{"id":1755,"date":"2020-03-02T20:20:00","date_gmt":"2020-03-02T20:20:00","guid":{"rendered":"http:\/\/informatepy.com\/2021\/?p=1755"},"modified":"2021-02-14T22:38:50","modified_gmt":"2021-02-14T22:38:50","slug":"pmt-retira-vehiculos-mal-estacionados-y-conos-de-cuidacoches","status":"publish","type":"post","link":"https:\/\/informatepy.com\/2021\/2020\/03\/02\/pmt-retira-vehiculos-mal-estacionados-y-conos-de-cuidacoches\/","title":{"rendered":"PMT retira veh\u00edculos mal estacionados y conos de cuidacoches"},"content":{"rendered":"\n<p>El director de la PMT, Enrique Ch\u00e1vez, explic\u00f3 que el operativo se inici\u00f3 hace una semana por instrucciones del intendente \u00d3scar \u201cNenecho\u201d Rodr\u00edguez, debido a las quejas de los vecinos contra rodados mal estacionados.<\/p>\n\n\n\n<p>Varias motocicletas fueron llevadas al corral\u00f3n municipal, mientras que algunos autom\u00f3viles quedaron inmovilizados por el cepo, ya sea por estacionar frente a garajes o por no respetar las esquinas o los garajes.<\/p>\n\n\n\n<p>En ambos casos tendr\u00e1n que abonar una multa para poder recuperar sus pertenencias.<\/p>\n\n\n\n<p>Por otro lado, los intervinientes tambi\u00e9n se llevaron varias cajas, conos y otros elementos utilizados por los cuidacoches para adue\u00f1arse de la calle y \u201creservar\u201d espacios para potenciales clientes.<\/p>\n\n\n\n<p>Los operativos continuar\u00e1n en los pr\u00f3ximos d\u00edas en varios puntos considerados conflictivos, principalmente en horarios pico, de lunes a viernes.<\/p>\n","protected":false},"excerpt":{"rendered":"<p>El director de la PMT, Enrique Ch\u00e1vez, explic\u00f3 que el operativo se inici\u00f3 hace una semana por instrucciones del intendente \u00d3scar \u201cNenecho\u201d Rodr\u00edguez, debido a las quejas de los vecinos contra rodados mal estacionados. Varias motocicletas fueron llevadas al corral\u00f3n municipal, mientras que algunos autom\u00f3viles quedaron inmovilizados por el cepo, ya sea por estacionar frente [&hellip;]<\/p>\n","protected":false},"author":1,"featured_media":1756,"comment_status":"open","ping_status":"open","sticky":false,"template":"","format":"standard","meta":{"_monsterinsights_skip_tracking":false,"_monsterinsights_sitenote_active":false,"_monsterinsights_sitenote_note":"","_monsterinsights_sitenote_category":0,"footnotes":"","jetpack_publicize_message":"","jetpack_is_tweetstorm":false,"jetpack_publicize_feature_enabled":true},"categories":[483],"tags":[575,781,782],"ppma_author":[1039],"class_list":["post-1755","post","type-post","status-publish","format-standard","has-post-thumbnail","hentry","category-municipales","tag-asuncion","tag-nenecho-rodriguez","tag-oscar-nenecho-rodriguez"],"jetpack_publicize_connections":[],"yoast_head":"<!-- This site is optimized with the Yoast SEO plugin v27.5 - https:\/\/yoast.com\/product\/yoast-seo-wordpress\/ -->\n<title>PMT retira veh\u00edculos mal estacionados y conos de cuidacoches - Informatepy<\/title>\n<meta name=\"robots\" content=\"index, follow, max-snippet:-1, max-image-preview:large, max-video-preview:-1\" \/>\n<link rel=\"canonical\" href=\"https:\/\/informatepy.com\/2021\/2020\/03\/02\/pmt-retira-vehiculos-mal-estacionados-y-conos-de-cuidacoches\/\" \/>\n<meta property=\"og:locale\" content=\"es_ES\" \/>\n<meta property=\"og:type\" content=\"article\" \/>\n<meta property=\"og:title\" content=\"PMT retira veh\u00edculos mal estacionados y conos de cuidacoches - Informatepy\" \/>\n<meta property=\"og:description\" content=\"El director de la PMT, Enrique Ch\u00e1vez, explic\u00f3 que el operativo se inici\u00f3 hace una semana por instrucciones del intendente \u00d3scar \u201cNenecho\u201d Rodr\u00edguez, debido a las quejas de los vecinos contra rodados mal estacionados. Varias motocicletas fueron llevadas al corral\u00f3n municipal, mientras que algunos autom\u00f3viles quedaron inmovilizados por el cepo, ya sea por estacionar frente [&hellip;]\" \/>\n<meta property=\"og:url\" content=\"https:\/\/informatepy.com\/2021\/2020\/03\/02\/pmt-retira-vehiculos-mal-estacionados-y-conos-de-cuidacoches\/\" \/>\n<meta property=\"og:site_name\" content=\"Informatepy\" \/>\n<meta property=\"article:published_time\" content=\"2020-03-02T20:20:00+00:00\" \/>\n<meta property=\"article:modified_time\" content=\"2021-02-14T22:38:50+00:00\" \/>\n<meta property=\"og:image\" content=\"https:\/\/i1.wp.com\/informatepy.com\/2021\/wp-content\/uploads\/2021\/03\/pmt.jpg?fit=760%2C420&ssl=1\" \/>\n\t<meta property=\"og:image:width\" content=\"760\" \/>\n\t<meta property=\"og:image:height\" content=\"420\" \/>\n\t<meta property=\"og:image:type\" content=\"image\/jpeg\" \/>\n<meta name=\"author\" content=\"admin\" \/>\n<meta name=\"twitter:card\" content=\"summary_large_image\" \/>\n<meta name=\"twitter:label1\" content=\"Escrito por\" \/>\n\t<meta name=\"twitter:data1\" content=\"admin\" \/>\n\t<meta name=\"twitter:label2\" content=\"Tiempo de lectura\" \/>\n\t<meta name=\"twitter:data2\" content=\"1 minuto\" \/>\n<script type=\"application\/ld+json\" class=\"yoast-schema-graph\">{\"@context\":\"https:\\\/\\\/schema.org\",\"@graph\":[{\"@type\":\"Article\",\"@id\":\"https:\\\/\\\/informatepy.com\\\/2021\\\/2020\\\/03\\\/02\\\/pmt-retira-vehiculos-mal-estacionados-y-conos-de-cuidacoches\\\/#article\",\"isPartOf\":{\"@id\":\"https:\\\/\\\/informatepy.com\\\/2021\\\/2020\\\/03\\\/02\\\/pmt-retira-vehiculos-mal-estacionados-y-conos-de-cuidacoches\\\/\"},\"author\":{\"name\":\"admin\",\"@id\":\"https:\\\/\\\/informatepy.com\\\/2021\\\/#\\\/schema\\\/person\\\/edd302c981d6ba4596191719d1025a8a\"},\"headline\":\"PMT retira veh\u00edculos mal estacionados y conos de cuidacoches\",\"datePublished\":\"2020-03-02T20:20:00+00:00\",\"dateModified\":\"2021-02-14T22:38:50+00:00\",\"mainEntityOfPage\":{\"@id\":\"https:\\\/\\\/informatepy.com\\\/2021\\\/2020\\\/03\\\/02\\\/pmt-retira-vehiculos-mal-estacionados-y-conos-de-cuidacoches\\\/\"},\"wordCount\":148,\"commentCount\":0,\"publisher\":{\"@id\":\"https:\\\/\\\/informatepy.com\\\/2021\\\/#\\\/schema\\\/person\\\/edd302c981d6ba4596191719d1025a8a\"},\"image\":{\"@id\":\"https:\\\/\\\/informatepy.com\\\/2021\\\/2020\\\/03\\\/02\\\/pmt-retira-vehiculos-mal-estacionados-y-conos-de-cuidacoches\\\/#primaryimage\"},\"thumbnailUrl\":\"https:\\\/\\\/i0.wp.com\\\/informatepy.com\\\/2021\\\/wp-content\\\/uploads\\\/2021\\\/03\\\/pmt.jpg?fit=760%2C420&ssl=1\",\"keywords\":[\"asuncion\",\"nenecho rodriguez\",\"oscar nenecho rodriguez\"],\"articleSection\":[\"Municipales\"],\"inLanguage\":\"es\",\"potentialAction\":[{\"@type\":\"CommentAction\",\"name\":\"Comment\",\"target\":[\"https:\\\/\\\/informatepy.com\\\/2021\\\/2020\\\/03\\\/02\\\/pmt-retira-vehiculos-mal-estacionados-y-conos-de-cuidacoches\\\/#respond\"]}]},{\"@type\":\"WebPage\",\"@id\":\"https:\\\/\\\/informatepy.com\\\/2021\\\/2020\\\/03\\\/02\\\/pmt-retira-vehiculos-mal-estacionados-y-conos-de-cuidacoches\\\/\",\"url\":\"https:\\\/\\\/informatepy.com\\\/2021\\\/2020\\\/03\\\/02\\\/pmt-retira-vehiculos-mal-estacionados-y-conos-de-cuidacoches\\\/\",\"name\":\"PMT retira veh\u00edculos mal estacionados y conos de cuidacoches - Informatepy\",\"isPartOf\":{\"@id\":\"https:\\\/\\\/informatepy.com\\\/2021\\\/#website\"},\"primaryImageOfPage\":{\"@id\":\"https:\\\/\\\/informatepy.com\\\/2021\\\/2020\\\/03\\\/02\\\/pmt-retira-vehiculos-mal-estacionados-y-conos-de-cuidacoches\\\/#primaryimage\"},\"image\":{\"@id\":\"https:\\\/\\\/informatepy.com\\\/2021\\\/2020\\\/03\\\/02\\\/pmt-retira-vehiculos-mal-estacionados-y-conos-de-cuidacoches\\\/#primaryimage\"},\"thumbnailUrl\":\"https:\\\/\\\/i0.wp.com\\\/informatepy.com\\\/2021\\\/wp-content\\\/uploads\\\/2021\\\/03\\\/pmt.jpg?fit=760%2C420&ssl=1\",\"datePublished\":\"2020-03-02T20:20:00+00:00\",\"dateModified\":\"2021-02-14T22:38:50+00:00\",\"breadcrumb\":{\"@id\":\"https:\\\/\\\/informatepy.com\\\/2021\\\/2020\\\/03\\\/02\\\/pmt-retira-vehiculos-mal-estacionados-y-conos-de-cuidacoches\\\/#breadcrumb\"},\"inLanguage\":\"es\",\"potentialAction\":[{\"@type\":\"ReadAction\",\"target\":[\"https:\\\/\\\/informatepy.com\\\/2021\\\/2020\\\/03\\\/02\\\/pmt-retira-vehiculos-mal-estacionados-y-conos-de-cuidacoches\\\/\"]}]},{\"@type\":\"ImageObject\",\"inLanguage\":\"es\",\"@id\":\"https:\\\/\\\/informatepy.com\\\/2021\\\/2020\\\/03\\\/02\\\/pmt-retira-vehiculos-mal-estacionados-y-conos-de-cuidacoches\\\/#primaryimage\",\"url\":\"https:\\\/\\\/i0.wp.com\\\/informatepy.com\\\/2021\\\/wp-content\\\/uploads\\\/2021\\\/03\\\/pmt.jpg?fit=760%2C420&ssl=1\",\"contentUrl\":\"https:\\\/\\\/i0.wp.com\\\/informatepy.com\\\/2021\\\/wp-content\\\/uploads\\\/2021\\\/03\\\/pmt.jpg?fit=760%2C420&ssl=1\",\"width\":760,\"height\":420},{\"@type\":\"BreadcrumbList\",\"@id\":\"https:\\\/\\\/informatepy.com\\\/2021\\\/2020\\\/03\\\/02\\\/pmt-retira-vehiculos-mal-estacionados-y-conos-de-cuidacoches\\\/#breadcrumb\",\"itemListElement\":[{\"@type\":\"ListItem\",\"position\":1,\"name\":\"Portada\",\"item\":\"https:\\\/\\\/informatepy.com\\\/2021\\\/\"},{\"@type\":\"ListItem\",\"position\":2,\"name\":\"PMT retira veh\u00edculos mal estacionados y conos de cuidacoches\"}]},{\"@type\":\"WebSite\",\"@id\":\"https:\\\/\\\/informatepy.com\\\/2021\\\/#website\",\"url\":\"https:\\\/\\\/informatepy.com\\\/2021\\\/\",\"name\":\"Informatepy\",\"description\":\"La verdad, siempre!\",\"publisher\":{\"@id\":\"https:\\\/\\\/informatepy.com\\\/2021\\\/#\\\/schema\\\/person\\\/edd302c981d6ba4596191719d1025a8a\"},\"potentialAction\":[{\"@type\":\"SearchAction\",\"target\":{\"@type\":\"EntryPoint\",\"urlTemplate\":\"https:\\\/\\\/informatepy.com\\\/2021\\\/?s={search_term_string}\"},\"query-input\":{\"@type\":\"PropertyValueSpecification\",\"valueRequired\":true,\"valueName\":\"search_term_string\"}}],\"inLanguage\":\"es\"},{\"@type\":[\"Person\",\"Organization\"],\"@id\":\"https:\\\/\\\/informatepy.com\\\/2021\\\/#\\\/schema\\\/person\\\/edd302c981d6ba4596191719d1025a8a\",\"name\":\"admin\",\"image\":{\"@type\":\"ImageObject\",\"inLanguage\":\"es\",\"@id\":\"https:\\\/\\\/secure.gravatar.com\\\/avatar\\\/5310f602b6cbcfb86e030c4ccdbb78f6565a3b9bab6a74ab80fd3cb5428b65af?s=96&d=mm&r=g\",\"url\":\"https:\\\/\\\/secure.gravatar.com\\\/avatar\\\/5310f602b6cbcfb86e030c4ccdbb78f6565a3b9bab6a74ab80fd3cb5428b65af?s=96&d=mm&r=g\",\"contentUrl\":\"https:\\\/\\\/secure.gravatar.com\\\/avatar\\\/5310f602b6cbcfb86e030c4ccdbb78f6565a3b9bab6a74ab80fd3cb5428b65af?s=96&d=mm&r=g\",\"caption\":\"admin\"},\"logo\":{\"@id\":\"https:\\\/\\\/secure.gravatar.com\\\/avatar\\\/5310f602b6cbcfb86e030c4ccdbb78f6565a3b9bab6a74ab80fd3cb5428b65af?s=96&d=mm&r=g\"},\"sameAs\":[\"http:\\\/\\\/informatepy.com\\\/2021\"],\"url\":\"https:\\\/\\\/informatepy.com\\\/2021\\\/author\\\/admin\\\/\"}]}<\/script>\n<!-- \/ Yoast SEO plugin. -->","yoast_head_json":{"title":"PMT retira veh\u00edculos mal estacionados y conos de cuidacoches - Informatepy","robots":{"index":"index","follow":"follow","max-snippet":"max-snippet:-1","max-image-preview":"max-image-preview:large","max-video-preview":"max-video-preview:-1"},"canonical":"https:\/\/informatepy.com\/2021\/2020\/03\/02\/pmt-retira-vehiculos-mal-estacionados-y-conos-de-cuidacoches\/","og_locale":"es_ES","og_type":"article","og_title":"PMT retira veh\u00edculos mal estacionados y conos de cuidacoches - Informatepy","og_description":"El director de la PMT, Enrique Ch\u00e1vez, explic\u00f3 que el operativo se inici\u00f3 hace una semana por instrucciones del intendente \u00d3scar \u201cNenecho\u201d Rodr\u00edguez, debido a las quejas de los vecinos contra rodados mal estacionados. Varias motocicletas fueron llevadas al corral\u00f3n municipal, mientras que algunos autom\u00f3viles quedaron inmovilizados por el cepo, ya sea por estacionar frente [&hellip;]","og_url":"https:\/\/informatepy.com\/2021\/2020\/03\/02\/pmt-retira-vehiculos-mal-estacionados-y-conos-de-cuidacoches\/","og_site_name":"Informatepy","article_published_time":"2020-03-02T20:20:00+00:00","article_modified_time":"2021-02-14T22:38:50+00:00","og_image":[{"width":760,"height":420,"url":"https:\/\/i1.wp.com\/informatepy.com\/2021\/wp-content\/uploads\/2021\/03\/pmt.jpg?fit=760%2C420&ssl=1","type":"image\/jpeg"}],"author":"admin","twitter_card":"summary_large_image","twitter_misc":{"Escrito por":"admin","Tiempo de lectura":"1 minuto"},"schema":{"@context":"https:\/\/schema.org","@graph":[{"@type":"Article","@id":"https:\/\/informatepy.com\/2021\/2020\/03\/02\/pmt-retira-vehiculos-mal-estacionados-y-conos-de-cuidacoches\/#article","isPartOf":{"@id":"https:\/\/informatepy.com\/2021\/2020\/03\/02\/pmt-retira-vehiculos-mal-estacionados-y-conos-de-cuidacoches\/"},"author":{"name":"admin","@id":"https:\/\/informatepy.com\/2021\/#\/schema\/person\/edd302c981d6ba4596191719d1025a8a"},"headline":"PMT retira veh\u00edculos mal estacionados y conos de cuidacoches","datePublished":"2020-03-02T20:20:00+00:00","dateModified":"2021-02-14T22:38:50+00:00","mainEntityOfPage":{"@id":"https:\/\/informatepy.com\/2021\/2020\/03\/02\/pmt-retira-vehiculos-mal-estacionados-y-conos-de-cuidacoches\/"},"wordCount":148,"commentCount":0,"publisher":{"@id":"https:\/\/informatepy.com\/2021\/#\/schema\/person\/edd302c981d6ba4596191719d1025a8a"},"image":{"@id":"https:\/\/informatepy.com\/2021\/2020\/03\/02\/pmt-retira-vehiculos-mal-estacionados-y-conos-de-cuidacoches\/#primaryimage"},"thumbnailUrl":"https:\/\/i0.wp.com\/informatepy.com\/2021\/wp-content\/uploads\/2021\/03\/pmt.jpg?fit=760%2C420&ssl=1","keywords":["asuncion","nenecho rodriguez","oscar nenecho rodriguez"],"articleSection":["Municipales"],"inLanguage":"es","potentialAction":[{"@type":"CommentAction","name":"Comment","target":["https:\/\/informatepy.com\/2021\/2020\/03\/02\/pmt-retira-vehiculos-mal-estacionados-y-conos-de-cuidacoches\/#respond"]}]},{"@type":"WebPage","@id":"https:\/\/informatepy.com\/2021\/2020\/03\/02\/pmt-retira-vehiculos-mal-estacionados-y-conos-de-cuidacoches\/","url":"https:\/\/informatepy.com\/2021\/2020\/03\/02\/pmt-retira-vehiculos-mal-estacionados-y-conos-de-cuidacoches\/","name":"PMT retira veh\u00edculos mal estacionados y conos de cuidacoches - Informatepy","isPartOf":{"@id":"https:\/\/informatepy.com\/2021\/#website"},"primaryImageOfPage":{"@id":"https:\/\/informatepy.com\/2021\/2020\/03\/02\/pmt-retira-vehiculos-mal-estacionados-y-conos-de-cuidacoches\/#primaryimage"},"image":{"@id":"https:\/\/informatepy.com\/2021\/2020\/03\/02\/pmt-retira-vehiculos-mal-estacionados-y-conos-de-cuidacoches\/#primaryimage"},"thumbnailUrl":"https:\/\/i0.wp.com\/informatepy.com\/2021\/wp-content\/uploads\/2021\/03\/pmt.jpg?fit=760%2C420&ssl=1","datePublished":"2020-03-02T20:20:00+00:00","dateModified":"2021-02-14T22:38:50+00:00","breadcrumb":{"@id":"https:\/\/informatepy.com\/2021\/2020\/03\/02\/pmt-retira-vehiculos-mal-estacionados-y-conos-de-cuidacoches\/#breadcrumb"},"inLanguage":"es","potentialAction":[{"@type":"ReadAction","target":["https:\/\/informatepy.com\/2021\/2020\/03\/02\/pmt-retira-vehiculos-mal-estacionados-y-conos-de-cuidacoches\/"]}]},{"@type":"ImageObject","inLanguage":"es","@id":"https:\/\/informatepy.com\/2021\/2020\/03\/02\/pmt-retira-vehiculos-mal-estacionados-y-conos-de-cuidacoches\/#primaryimage","url":"https:\/\/i0.wp.com\/informatepy.com\/2021\/wp-content\/uploads\/2021\/03\/pmt.jpg?fit=760%2C420&ssl=1","contentUrl":"https:\/\/i0.wp.com\/informatepy.com\/2021\/wp-content\/uploads\/2021\/03\/pmt.jpg?fit=760%2C420&ssl=1","width":760,"height":420},{"@type":"BreadcrumbList","@id":"https:\/\/informatepy.com\/2021\/2020\/03\/02\/pmt-retira-vehiculos-mal-estacionados-y-conos-de-cuidacoches\/#breadcrumb","itemListElement":[{"@type":"ListItem","position":1,"name":"Portada","item":"https:\/\/informatepy.com\/2021\/"},{"@type":"ListItem","position":2,"name":"PMT retira veh\u00edculos mal estacionados y conos de cuidacoches"}]},{"@type":"WebSite","@id":"https:\/\/informatepy.com\/2021\/#website","url":"https:\/\/informatepy.com\/2021\/","name":"Informatepy","description":"La verdad, siempre!","publisher":{"@id":"https:\/\/informatepy.com\/2021\/#\/schema\/person\/edd302c981d6ba4596191719d1025a8a"},"potentialAction":[{"@type":"SearchAction","target":{"@type":"EntryPoint","urlTemplate":"https:\/\/informatepy.com\/2021\/?s={search_term_string}"},"query-input":{"@type":"PropertyValueSpecification","valueRequired":true,"valueName":"search_term_string"}}],"inLanguage":"es"},{"@type":["Person","Organization"],"@id":"https:\/\/informatepy.com\/2021\/#\/schema\/person\/edd302c981d6ba4596191719d1025a8a","name":"admin","image":{"@type":"ImageObject","inLanguage":"es","@id":"https:\/\/secure.gravatar.com\/avatar\/5310f602b6cbcfb86e030c4ccdbb78f6565a3b9bab6a74ab80fd3cb5428b65af?s=96&d=mm&r=g","url":"https:\/\/secure.gravatar.com\/avatar\/5310f602b6cbcfb86e030c4ccdbb78f6565a3b9bab6a74ab80fd3cb5428b65af?s=96&d=mm&r=g","contentUrl":"https:\/\/secure.gravatar.com\/avatar\/5310f602b6cbcfb86e030c4ccdbb78f6565a3b9bab6a74ab80fd3cb5428b65af?s=96&d=mm&r=g","caption":"admin"},"logo":{"@id":"https:\/\/secure.gravatar.com\/avatar\/5310f602b6cbcfb86e030c4ccdbb78f6565a3b9bab6a74ab80fd3cb5428b65af?s=96&d=mm&r=g"},"sameAs":["http:\/\/informatepy.com\/2021"],"url":"https:\/\/informatepy.com\/2021\/author\/admin\/"}]}},"jetpack_featured_media_url":"https:\/\/i0.wp.com\/informatepy.com\/2021\/wp-content\/uploads\/2021\/03\/pmt.jpg?fit=760%2C420&ssl=1","jetpack_sharing_enabled":true,"jetpack_likes_enabled":true,"jetpack-related-posts":[{"id":2422,"url":"https:\/\/informatepy.com\/2021\/2021\/01\/19\/nenecho-buscara-la-intendencia-con-el-apoyo-de-honor-colorado\/","url_meta":{"origin":1755,"position":0},"title":"Nenecho buscar\u00e1 la intendencia con el apoyo de Honor Colorado","date":"19 de enero de 2021","format":false,"excerpt":"El movimiento Honor Colorado decidi\u00f3 apoyar en las pr\u00f3ximas elecciones municipales a \u00d3scar \u201cNenecho\u201d Rodr\u00edguez, luego de que este anunciara su intenci\u00f3n de seguir en el cargo. Fue el diputado Ra\u00fal Latorre el encargado de confirmar el apoyo que el movimiento liderado por el ex presidente Horacio Cartes brindar\u00e1 a\u2026","rel":"","context":"En \u00abMunicipales\u00bb","img":{"alt_text":"","src":"https:\/\/i0.wp.com\/informatepy.com\/2021\/wp-content\/uploads\/2021\/08\/nenecho.jpg?fit=730%2C485&ssl=1&resize=350%2C200","width":350,"height":200},"classes":[]},{"id":1731,"url":"https:\/\/informatepy.com\/2021\/2021\/01\/14\/nenecho-rodriguez-denuncia-un-boicot-a-las-tareas-de-limpieza-de-la-municipalidad\/","url_meta":{"origin":1755,"position":1},"title":"Nenecho Rodr\u00edguez denuncia un boicot a las tareas de limpieza de la Municipalidad","date":"14 de enero de 2021","format":false,"excerpt":"El Intendente de la ciudad capital, Oscar \"Nenecho\" Rodr\u00edguez, denunci\u00f3 en su redes sociales que: \"Personas inescrupulosas, con el \u00fanico fin de desestabilizar nuestra gesti\u00f3n, est\u00e1n incentivando a carriteros a que arrojen basuras en puntos estrat\u00e9gicos de la ciudad, tal como se aprecia en las im\u00e1genes, que pertenecen a la\u2026","rel":"","context":"En \u00abMunicipales\u00bb","img":{"alt_text":"","src":"https:\/\/i0.wp.com\/informatepy.com\/2021\/wp-content\/uploads\/2021\/01\/nenecho-rodriguez-intendente-de-asuncion.jpeg?fit=1200%2C800&ssl=1&resize=350%2C200","width":350,"height":200},"classes":[]},{"id":2250,"url":"https:\/\/informatepy.com\/2021\/2020\/11\/08\/nenecho-y-el-misterio-del-terere-mas-caro-del-2020\/","url_meta":{"origin":1755,"position":2},"title":"Nenecho y el misterio del terer\u00e9 m\u00e1s caro del 2020","date":"8 de noviembre de 2020","format":false,"excerpt":"Varios meses de buen marketing (digamos la verdad, no es m\u00e1s que buen marketing, asfalto pintado y nada de reforma estructural de la mafia municipal) fueron tiradas a la basura en una sola foto. Nenecho, fuera de los esquemas de poder real dentro del Partido Colorado podr\u00eda estar buscando potenciales\u2026","rel":"","context":"En \u00abMunicipales\u00bb","img":{"alt_text":"","src":"https:\/\/i0.wp.com\/informatepy.com\/2021\/wp-content\/uploads\/2021\/11\/nenecho-y-lilian-samaniego.jpg?fit=730%2C548&ssl=1&resize=350%2C200","width":350,"height":200},"classes":[]},{"id":2111,"url":"https:\/\/informatepy.com\/2021\/2020\/08\/13\/nenecho-miente-sobre-sus-aspiraciones\/","url_meta":{"origin":1755,"position":3},"title":"Nenecho miente sobre sus aspiraciones","date":"13 de agosto de 2020","format":false,"excerpt":"En las \u00faltimas horas, al ser consultado acerca de su reelecci\u00f3n, el actual intendente de la ciudad de Asunci\u00f3n, Oscar \"Nenecho\" Rodr\u00edguez, puso en duda su continuidad al frente del municipio capitalino pero, lo cierto, es que tiene todo muy claro desde el momento mismo en que asumi\u00f3 \"traicionando\" al\u2026","rel":"","context":"En \u00abMunicipales\u00bb","img":{"alt_text":"","src":"https:\/\/i0.wp.com\/informatepy.com\/2021\/wp-content\/uploads\/2021\/08\/nenecho.jpg?fit=730%2C485&ssl=1&resize=350%2C200","width":350,"height":200},"classes":[]},{"id":6537,"url":"https:\/\/informatepy.com\/2021\/2021\/08\/18\/nenecho-encabeza-encuesta-de-multitarget-de-cara-a-las-municipales-de-octubre\/","url_meta":{"origin":1755,"position":4},"title":"\u00abNenecho\u00bb encabeza encuesta de Multitarget de cara a las municipales de octubre","date":"18 de agosto de 2021","format":false,"excerpt":"La lucha por la intendencia de Asunci\u00f3n, est\u00e1 centrada solo en dos de los candidatos a la Intendencia de Asunci\u00f3n, Oscar \u201cNenecho\u201d Rodr\u00edguez (ANR) y Eduardo Nakayama (Alianza PLRA-PPQ-PDP). De acuerdo a la encuesta realizada por Multitarget S.A. (empresa especializada en Estudios de Opini\u00f3n P\u00fablica e Investigaci\u00f3n de Mercados; Comunicaci\u00f3n\u2026","rel":"","context":"En \u00abMunicipales\u00bb","img":{"alt_text":"","src":"https:\/\/i0.wp.com\/informatepy.com\/2021\/wp-content\/uploads\/2021\/08\/Nenecho-vs-Nakayama.png?fit=822%2C472&ssl=1&resize=350%2C200","width":350,"height":200},"classes":[]},{"id":1717,"url":"https:\/\/informatepy.com\/2021\/2021\/01\/06\/euclides-se-equivoca-y-ataca-a-nenecho\/","url_meta":{"origin":1755,"position":5},"title":"Euclides se equivoca y ataca a Nenecho","date":"6 de enero de 2021","format":false,"excerpt":"El Ministro del Interior, Euclides Acevedo, atac\u00f3 eta ma\u00f1ana al Intendente de la ciudad de Asunci\u00f3n, Oscar \u201cNenecho\u201d Rodr\u00edguez, a quien acus\u00f3 de incumplir un pacto con Daniel Centuri\u00f3n. Seg\u00fan manifestaciones del ministro, Nenecho no cumpli\u00f3 lo pactado, donde Daniel Centuri\u00f3n deb\u00eda ser Intendente al ser el \u201cElegido\u201d por el\u2026","rel":"","context":"En \u00abNacionales\u00bb","img":{"alt_text":"","src":"https:\/\/i0.wp.com\/informatepy.com\/2021\/wp-content\/uploads\/2021\/01\/euclides-acevedo.jpg?fit=654%2C512&ssl=1&resize=350%2C200","width":350,"height":200},"classes":[]}],"authors":[{"term_id":1039,"user_id":1,"is_guest":0,"slug":"admin","display_name":"admin","avatar_url":"https:\/\/secure.gravatar.com\/avatar\/5310f602b6cbcfb86e030c4ccdbb78f6565a3b9bab6a74ab80fd3cb5428b65af?s=96&d=mm&r=g","first_name":"","last_name":"","user_url":"http:\/\/informatepy.com\/2021","description":""}],"amp_enabled":true,"_links":{"self":[{"href":"https:\/\/informatepy.com\/2021\/wp-json\/wp\/v2\/posts\/1755","targetHints":{"allow":["GET"]}}],"collection":[{"href":"https:\/\/informatepy.com\/2021\/wp-json\/wp\/v2\/posts"}],"about":[{"href":"https:\/\/informatepy.com\/2021\/wp-json\/wp\/v2\/types\/post"}],"author":[{"embeddable":true,"href":"https:\/\/informatepy.com\/2021\/wp-json\/wp\/v2\/users\/1"}],"replies":[{"embeddable":true,"href":"https:\/\/informatepy.com\/2021\/wp-json\/wp\/v2\/comments?post=1755"}],"version-history":[{"count":1,"href":"https:\/\/informatepy.com\/2021\/wp-json\/wp\/v2\/posts\/1755\/revisions"}],"predecessor-version":[{"id":3330,"href":"https:\/\/informatepy.com\/2021\/wp-json\/wp\/v2\/posts\/1755\/revisions\/3330"}],"wp:featuredmedia":[{"embeddable":true,"href":"https:\/\/informatepy.com\/2021\/wp-json\/wp\/v2\/media\/1756"}],"wp:attachment":[{"href":"https:\/\/informatepy.com\/2021\/wp-json\/wp\/v2\/media?parent=1755"}],"wp:term":[{"taxonomy":"category","embeddable":true,"href":"https:\/\/informatepy.com\/2021\/wp-json\/wp\/v2\/categories?post=1755"},{"taxonomy":"post_tag","embeddable":true,"href":"https:\/\/informatepy.com\/2021\/wp-json\/wp\/v2\/tags?post=1755"},{"taxonomy":"author","embeddable":true,"href":"https:\/\/informatepy.com\/2021\/wp-json\/wp\/v2\/ppma_author?post=1755"}],"curies":[{"name":"wp","href":"https:\/\/api.w.org\/{rel}","templated":true}]}}