{"id":1717,"date":"2021-01-06T20:20:00","date_gmt":"2021-01-06T20:20:00","guid":{"rendered":"http:\/\/informatepy.com\/2021\/2021\/01\/06\/euclides-se-equivoca-y-ataca-a-nenecho\/"},"modified":"2021-01-06T20:20:00","modified_gmt":"2021-01-06T20:20:00","slug":"euclides-se-equivoca-y-ataca-a-nenecho","status":"publish","type":"post","link":"https:\/\/informatepy.com\/2021\/2021\/01\/06\/euclides-se-equivoca-y-ataca-a-nenecho\/","title":{"rendered":"Euclides se equivoca y ataca a Nenecho"},"content":{"rendered":"\n<p>El Ministro del Interior, Euclides Acevedo, atac\u00f3 eta ma\u00f1ana\nal Intendente de la ciudad de Asunci\u00f3n, Oscar \u201cNenecho\u201d Rodr\u00edguez, a quien\nacus\u00f3 de incumplir un pacto con Daniel Centuri\u00f3n.<\/p>\n\n\n\n<p>Seg\u00fan manifestaciones del ministro, Nenecho no cumpli\u00f3 lo pactado, donde Daniel Centuri\u00f3n deb\u00eda ser Intendente al ser el <strong><em>\u201cElegido\u201d<\/em><\/strong> por el presidente Mario Abdo Ben\u00edtez, pasando por alto la voluntad del resto de los Concejales de la ciudad y, lo que es m\u00e1s grave a\u00fan, de los electores de la ciudad, al proponer un \u201ccandidato\u201d que no supo respetar la voluntad de quienes lo eligieron para que sea su representante en la ciudad. <\/p>\n\n\n\n<p>Este ataque, se dio en el marco de un reclamo de Rodr\u00edguez, quien manifest\u00f3 p\u00fablicamente la falta de apoyo de la Polic\u00eda Nacional en las tareas de desalojo de los inspectores municipales. Acevedo argument\u00f3 que cuando la necesitan se acuerdan de la Polic\u00eda Nacional: <strong><em>\u201cResulta que, muy sueltos de cuerpo, la municipalidad (&#8230;) De repente no te pod\u00e9s meter, pero cuando no se respeta a sus inspectores piden la intervenci\u00f3n de la Polic\u00eda\u201d<\/em><\/strong>, remat\u00f3, desconociendo que esa es la funci\u00f3n de la fuerza de seguridad. <\/p>\n","protected":false},"excerpt":{"rendered":"<p>El Ministro del Interior, Euclides Acevedo, atac\u00f3 eta ma\u00f1ana al Intendente de la ciudad de Asunci\u00f3n, Oscar \u201cNenecho\u201d Rodr\u00edguez, a quien acus\u00f3 de incumplir un pacto con Daniel Centuri\u00f3n. Seg\u00fan manifestaciones del ministro, Nenecho no cumpli\u00f3 lo pactado, donde Daniel Centuri\u00f3n deb\u00eda ser Intendente al ser el \u201cElegido\u201d por el presidente Mario Abdo Ben\u00edtez, pasando [&hellip;]<\/p>\n","protected":false},"author":1,"featured_media":1718,"comment_status":"open","ping_status":"open","sticky":false,"template":"","format":"standard","meta":{"_monsterinsights_skip_tracking":false,"_monsterinsights_sitenote_active":false,"_monsterinsights_sitenote_note":"","_monsterinsights_sitenote_category":0,"footnotes":"","jetpack_publicize_message":"","jetpack_is_tweetstorm":false,"jetpack_publicize_feature_enabled":true},"categories":[177,1],"tags":[575,783,757,332,781,782],"ppma_author":[1039],"class_list":["post-1717","post","type-post","status-publish","format-standard","has-post-thumbnail","hentry","category-nacionales","category-sin-categoria","tag-asuncion","tag-daniel-centurion","tag-euclides-acevedo","tag-mario-abdo","tag-nenecho-rodriguez","tag-oscar-nenecho-rodriguez"],"jetpack_publicize_connections":[],"yoast_head":"<!-- This site is optimized with the Yoast SEO plugin v27.5 - https:\/\/yoast.com\/product\/yoast-seo-wordpress\/ -->\n<title>Euclides se equivoca y ataca a Nenecho - Informatepy<\/title>\n<meta name=\"robots\" content=\"index, follow, max-snippet:-1, max-image-preview:large, max-video-preview:-1\" \/>\n<link rel=\"canonical\" href=\"https:\/\/informatepy.com\/2021\/2021\/01\/06\/euclides-se-equivoca-y-ataca-a-nenecho\/\" \/>\n<meta property=\"og:locale\" content=\"es_ES\" \/>\n<meta property=\"og:type\" content=\"article\" \/>\n<meta property=\"og:title\" content=\"Euclides se equivoca y ataca a Nenecho - Informatepy\" \/>\n<meta property=\"og:description\" content=\"El Ministro del Interior, Euclides Acevedo, atac\u00f3 eta ma\u00f1ana al Intendente de la ciudad de Asunci\u00f3n, Oscar \u201cNenecho\u201d Rodr\u00edguez, a quien acus\u00f3 de incumplir un pacto con Daniel Centuri\u00f3n. Seg\u00fan manifestaciones del ministro, Nenecho no cumpli\u00f3 lo pactado, donde Daniel Centuri\u00f3n deb\u00eda ser Intendente al ser el \u201cElegido\u201d por el presidente Mario Abdo Ben\u00edtez, pasando [&hellip;]\" \/>\n<meta property=\"og:url\" content=\"https:\/\/informatepy.com\/2021\/2021\/01\/06\/euclides-se-equivoca-y-ataca-a-nenecho\/\" \/>\n<meta property=\"og:site_name\" content=\"Informatepy\" \/>\n<meta property=\"article:published_time\" content=\"2021-01-06T20:20:00+00:00\" \/>\n<meta property=\"og:image\" content=\"https:\/\/i2.wp.com\/informatepy.com\/2021\/wp-content\/uploads\/2021\/01\/euclides-acevedo.jpg?fit=654%2C512&ssl=1\" \/>\n\t<meta property=\"og:image:width\" content=\"654\" \/>\n\t<meta property=\"og:image:height\" content=\"512\" \/>\n\t<meta property=\"og:image:type\" content=\"image\/jpeg\" \/>\n<meta name=\"author\" content=\"admin\" \/>\n<meta name=\"twitter:card\" content=\"summary_large_image\" \/>\n<meta name=\"twitter:label1\" content=\"Escrito por\" \/>\n\t<meta name=\"twitter:data1\" content=\"admin\" \/>\n\t<meta name=\"twitter:label2\" content=\"Tiempo de lectura\" \/>\n\t<meta name=\"twitter:data2\" content=\"1 minuto\" \/>\n<script type=\"application\/ld+json\" class=\"yoast-schema-graph\">{\"@context\":\"https:\\\/\\\/schema.org\",\"@graph\":[{\"@type\":\"Article\",\"@id\":\"https:\\\/\\\/informatepy.com\\\/2021\\\/2021\\\/01\\\/06\\\/euclides-se-equivoca-y-ataca-a-nenecho\\\/#article\",\"isPartOf\":{\"@id\":\"https:\\\/\\\/informatepy.com\\\/2021\\\/2021\\\/01\\\/06\\\/euclides-se-equivoca-y-ataca-a-nenecho\\\/\"},\"author\":{\"name\":\"admin\",\"@id\":\"https:\\\/\\\/informatepy.com\\\/2021\\\/#\\\/schema\\\/person\\\/edd302c981d6ba4596191719d1025a8a\"},\"headline\":\"Euclides se equivoca y ataca a Nenecho\",\"datePublished\":\"2021-01-06T20:20:00+00:00\",\"mainEntityOfPage\":{\"@id\":\"https:\\\/\\\/informatepy.com\\\/2021\\\/2021\\\/01\\\/06\\\/euclides-se-equivoca-y-ataca-a-nenecho\\\/\"},\"wordCount\":211,\"commentCount\":0,\"publisher\":{\"@id\":\"https:\\\/\\\/informatepy.com\\\/2021\\\/#\\\/schema\\\/person\\\/edd302c981d6ba4596191719d1025a8a\"},\"image\":{\"@id\":\"https:\\\/\\\/informatepy.com\\\/2021\\\/2021\\\/01\\\/06\\\/euclides-se-equivoca-y-ataca-a-nenecho\\\/#primaryimage\"},\"thumbnailUrl\":\"https:\\\/\\\/i0.wp.com\\\/informatepy.com\\\/2021\\\/wp-content\\\/uploads\\\/2021\\\/01\\\/euclides-acevedo.jpg?fit=654%2C512&ssl=1\",\"keywords\":[\"asuncion\",\"daniel centurion\",\"euclides acevedo\",\"mario abdo\",\"nenecho rodriguez\",\"oscar nenecho rodriguez\"],\"articleSection\":[\"Nacionales\"],\"inLanguage\":\"es\",\"potentialAction\":[{\"@type\":\"CommentAction\",\"name\":\"Comment\",\"target\":[\"https:\\\/\\\/informatepy.com\\\/2021\\\/2021\\\/01\\\/06\\\/euclides-se-equivoca-y-ataca-a-nenecho\\\/#respond\"]}]},{\"@type\":\"WebPage\",\"@id\":\"https:\\\/\\\/informatepy.com\\\/2021\\\/2021\\\/01\\\/06\\\/euclides-se-equivoca-y-ataca-a-nenecho\\\/\",\"url\":\"https:\\\/\\\/informatepy.com\\\/2021\\\/2021\\\/01\\\/06\\\/euclides-se-equivoca-y-ataca-a-nenecho\\\/\",\"name\":\"Euclides se equivoca y ataca a Nenecho - Informatepy\",\"isPartOf\":{\"@id\":\"https:\\\/\\\/informatepy.com\\\/2021\\\/#website\"},\"primaryImageOfPage\":{\"@id\":\"https:\\\/\\\/informatepy.com\\\/2021\\\/2021\\\/01\\\/06\\\/euclides-se-equivoca-y-ataca-a-nenecho\\\/#primaryimage\"},\"image\":{\"@id\":\"https:\\\/\\\/informatepy.com\\\/2021\\\/2021\\\/01\\\/06\\\/euclides-se-equivoca-y-ataca-a-nenecho\\\/#primaryimage\"},\"thumbnailUrl\":\"https:\\\/\\\/i0.wp.com\\\/informatepy.com\\\/2021\\\/wp-content\\\/uploads\\\/2021\\\/01\\\/euclides-acevedo.jpg?fit=654%2C512&ssl=1\",\"datePublished\":\"2021-01-06T20:20:00+00:00\",\"breadcrumb\":{\"@id\":\"https:\\\/\\\/informatepy.com\\\/2021\\\/2021\\\/01\\\/06\\\/euclides-se-equivoca-y-ataca-a-nenecho\\\/#breadcrumb\"},\"inLanguage\":\"es\",\"potentialAction\":[{\"@type\":\"ReadAction\",\"target\":[\"https:\\\/\\\/informatepy.com\\\/2021\\\/2021\\\/01\\\/06\\\/euclides-se-equivoca-y-ataca-a-nenecho\\\/\"]}]},{\"@type\":\"ImageObject\",\"inLanguage\":\"es\",\"@id\":\"https:\\\/\\\/informatepy.com\\\/2021\\\/2021\\\/01\\\/06\\\/euclides-se-equivoca-y-ataca-a-nenecho\\\/#primaryimage\",\"url\":\"https:\\\/\\\/i0.wp.com\\\/informatepy.com\\\/2021\\\/wp-content\\\/uploads\\\/2021\\\/01\\\/euclides-acevedo.jpg?fit=654%2C512&ssl=1\",\"contentUrl\":\"https:\\\/\\\/i0.wp.com\\\/informatepy.com\\\/2021\\\/wp-content\\\/uploads\\\/2021\\\/01\\\/euclides-acevedo.jpg?fit=654%2C512&ssl=1\",\"width\":654,\"height\":512},{\"@type\":\"BreadcrumbList\",\"@id\":\"https:\\\/\\\/informatepy.com\\\/2021\\\/2021\\\/01\\\/06\\\/euclides-se-equivoca-y-ataca-a-nenecho\\\/#breadcrumb\",\"itemListElement\":[{\"@type\":\"ListItem\",\"position\":1,\"name\":\"Portada\",\"item\":\"https:\\\/\\\/informatepy.com\\\/2021\\\/\"},{\"@type\":\"ListItem\",\"position\":2,\"name\":\"Euclides se equivoca y ataca a Nenecho\"}]},{\"@type\":\"WebSite\",\"@id\":\"https:\\\/\\\/informatepy.com\\\/2021\\\/#website\",\"url\":\"https:\\\/\\\/informatepy.com\\\/2021\\\/\",\"name\":\"Informatepy\",\"description\":\"La verdad, siempre!\",\"publisher\":{\"@id\":\"https:\\\/\\\/informatepy.com\\\/2021\\\/#\\\/schema\\\/person\\\/edd302c981d6ba4596191719d1025a8a\"},\"potentialAction\":[{\"@type\":\"SearchAction\",\"target\":{\"@type\":\"EntryPoint\",\"urlTemplate\":\"https:\\\/\\\/informatepy.com\\\/2021\\\/?s={search_term_string}\"},\"query-input\":{\"@type\":\"PropertyValueSpecification\",\"valueRequired\":true,\"valueName\":\"search_term_string\"}}],\"inLanguage\":\"es\"},{\"@type\":[\"Person\",\"Organization\"],\"@id\":\"https:\\\/\\\/informatepy.com\\\/2021\\\/#\\\/schema\\\/person\\\/edd302c981d6ba4596191719d1025a8a\",\"name\":\"admin\",\"image\":{\"@type\":\"ImageObject\",\"inLanguage\":\"es\",\"@id\":\"https:\\\/\\\/secure.gravatar.com\\\/avatar\\\/5310f602b6cbcfb86e030c4ccdbb78f6565a3b9bab6a74ab80fd3cb5428b65af?s=96&d=mm&r=g\",\"url\":\"https:\\\/\\\/secure.gravatar.com\\\/avatar\\\/5310f602b6cbcfb86e030c4ccdbb78f6565a3b9bab6a74ab80fd3cb5428b65af?s=96&d=mm&r=g\",\"contentUrl\":\"https:\\\/\\\/secure.gravatar.com\\\/avatar\\\/5310f602b6cbcfb86e030c4ccdbb78f6565a3b9bab6a74ab80fd3cb5428b65af?s=96&d=mm&r=g\",\"caption\":\"admin\"},\"logo\":{\"@id\":\"https:\\\/\\\/secure.gravatar.com\\\/avatar\\\/5310f602b6cbcfb86e030c4ccdbb78f6565a3b9bab6a74ab80fd3cb5428b65af?s=96&d=mm&r=g\"},\"sameAs\":[\"http:\\\/\\\/informatepy.com\\\/2021\"],\"url\":\"https:\\\/\\\/informatepy.com\\\/2021\\\/author\\\/admin\\\/\"}]}<\/script>\n<!-- \/ Yoast SEO plugin. -->","yoast_head_json":{"title":"Euclides se equivoca y ataca a Nenecho - Informatepy","robots":{"index":"index","follow":"follow","max-snippet":"max-snippet:-1","max-image-preview":"max-image-preview:large","max-video-preview":"max-video-preview:-1"},"canonical":"https:\/\/informatepy.com\/2021\/2021\/01\/06\/euclides-se-equivoca-y-ataca-a-nenecho\/","og_locale":"es_ES","og_type":"article","og_title":"Euclides se equivoca y ataca a Nenecho - Informatepy","og_description":"El Ministro del Interior, Euclides Acevedo, atac\u00f3 eta ma\u00f1ana al Intendente de la ciudad de Asunci\u00f3n, Oscar \u201cNenecho\u201d Rodr\u00edguez, a quien acus\u00f3 de incumplir un pacto con Daniel Centuri\u00f3n. Seg\u00fan manifestaciones del ministro, Nenecho no cumpli\u00f3 lo pactado, donde Daniel Centuri\u00f3n deb\u00eda ser Intendente al ser el \u201cElegido\u201d por el presidente Mario Abdo Ben\u00edtez, pasando [&hellip;]","og_url":"https:\/\/informatepy.com\/2021\/2021\/01\/06\/euclides-se-equivoca-y-ataca-a-nenecho\/","og_site_name":"Informatepy","article_published_time":"2021-01-06T20:20:00+00:00","og_image":[{"width":654,"height":512,"url":"https:\/\/i2.wp.com\/informatepy.com\/2021\/wp-content\/uploads\/2021\/01\/euclides-acevedo.jpg?fit=654%2C512&ssl=1","type":"image\/jpeg"}],"author":"admin","twitter_card":"summary_large_image","twitter_misc":{"Escrito por":"admin","Tiempo de lectura":"1 minuto"},"schema":{"@context":"https:\/\/schema.org","@graph":[{"@type":"Article","@id":"https:\/\/informatepy.com\/2021\/2021\/01\/06\/euclides-se-equivoca-y-ataca-a-nenecho\/#article","isPartOf":{"@id":"https:\/\/informatepy.com\/2021\/2021\/01\/06\/euclides-se-equivoca-y-ataca-a-nenecho\/"},"author":{"name":"admin","@id":"https:\/\/informatepy.com\/2021\/#\/schema\/person\/edd302c981d6ba4596191719d1025a8a"},"headline":"Euclides se equivoca y ataca a Nenecho","datePublished":"2021-01-06T20:20:00+00:00","mainEntityOfPage":{"@id":"https:\/\/informatepy.com\/2021\/2021\/01\/06\/euclides-se-equivoca-y-ataca-a-nenecho\/"},"wordCount":211,"commentCount":0,"publisher":{"@id":"https:\/\/informatepy.com\/2021\/#\/schema\/person\/edd302c981d6ba4596191719d1025a8a"},"image":{"@id":"https:\/\/informatepy.com\/2021\/2021\/01\/06\/euclides-se-equivoca-y-ataca-a-nenecho\/#primaryimage"},"thumbnailUrl":"https:\/\/i0.wp.com\/informatepy.com\/2021\/wp-content\/uploads\/2021\/01\/euclides-acevedo.jpg?fit=654%2C512&ssl=1","keywords":["asuncion","daniel centurion","euclides acevedo","mario abdo","nenecho rodriguez","oscar nenecho rodriguez"],"articleSection":["Nacionales"],"inLanguage":"es","potentialAction":[{"@type":"CommentAction","name":"Comment","target":["https:\/\/informatepy.com\/2021\/2021\/01\/06\/euclides-se-equivoca-y-ataca-a-nenecho\/#respond"]}]},{"@type":"WebPage","@id":"https:\/\/informatepy.com\/2021\/2021\/01\/06\/euclides-se-equivoca-y-ataca-a-nenecho\/","url":"https:\/\/informatepy.com\/2021\/2021\/01\/06\/euclides-se-equivoca-y-ataca-a-nenecho\/","name":"Euclides se equivoca y ataca a Nenecho - Informatepy","isPartOf":{"@id":"https:\/\/informatepy.com\/2021\/#website"},"primaryImageOfPage":{"@id":"https:\/\/informatepy.com\/2021\/2021\/01\/06\/euclides-se-equivoca-y-ataca-a-nenecho\/#primaryimage"},"image":{"@id":"https:\/\/informatepy.com\/2021\/2021\/01\/06\/euclides-se-equivoca-y-ataca-a-nenecho\/#primaryimage"},"thumbnailUrl":"https:\/\/i0.wp.com\/informatepy.com\/2021\/wp-content\/uploads\/2021\/01\/euclides-acevedo.jpg?fit=654%2C512&ssl=1","datePublished":"2021-01-06T20:20:00+00:00","breadcrumb":{"@id":"https:\/\/informatepy.com\/2021\/2021\/01\/06\/euclides-se-equivoca-y-ataca-a-nenecho\/#breadcrumb"},"inLanguage":"es","potentialAction":[{"@type":"ReadAction","target":["https:\/\/informatepy.com\/2021\/2021\/01\/06\/euclides-se-equivoca-y-ataca-a-nenecho\/"]}]},{"@type":"ImageObject","inLanguage":"es","@id":"https:\/\/informatepy.com\/2021\/2021\/01\/06\/euclides-se-equivoca-y-ataca-a-nenecho\/#primaryimage","url":"https:\/\/i0.wp.com\/informatepy.com\/2021\/wp-content\/uploads\/2021\/01\/euclides-acevedo.jpg?fit=654%2C512&ssl=1","contentUrl":"https:\/\/i0.wp.com\/informatepy.com\/2021\/wp-content\/uploads\/2021\/01\/euclides-acevedo.jpg?fit=654%2C512&ssl=1","width":654,"height":512},{"@type":"BreadcrumbList","@id":"https:\/\/informatepy.com\/2021\/2021\/01\/06\/euclides-se-equivoca-y-ataca-a-nenecho\/#breadcrumb","itemListElement":[{"@type":"ListItem","position":1,"name":"Portada","item":"https:\/\/informatepy.com\/2021\/"},{"@type":"ListItem","position":2,"name":"Euclides se equivoca y ataca a Nenecho"}]},{"@type":"WebSite","@id":"https:\/\/informatepy.com\/2021\/#website","url":"https:\/\/informatepy.com\/2021\/","name":"Informatepy","description":"La verdad, siempre!","publisher":{"@id":"https:\/\/informatepy.com\/2021\/#\/schema\/person\/edd302c981d6ba4596191719d1025a8a"},"potentialAction":[{"@type":"SearchAction","target":{"@type":"EntryPoint","urlTemplate":"https:\/\/informatepy.com\/2021\/?s={search_term_string}"},"query-input":{"@type":"PropertyValueSpecification","valueRequired":true,"valueName":"search_term_string"}}],"inLanguage":"es"},{"@type":["Person","Organization"],"@id":"https:\/\/informatepy.com\/2021\/#\/schema\/person\/edd302c981d6ba4596191719d1025a8a","name":"admin","image":{"@type":"ImageObject","inLanguage":"es","@id":"https:\/\/secure.gravatar.com\/avatar\/5310f602b6cbcfb86e030c4ccdbb78f6565a3b9bab6a74ab80fd3cb5428b65af?s=96&d=mm&r=g","url":"https:\/\/secure.gravatar.com\/avatar\/5310f602b6cbcfb86e030c4ccdbb78f6565a3b9bab6a74ab80fd3cb5428b65af?s=96&d=mm&r=g","contentUrl":"https:\/\/secure.gravatar.com\/avatar\/5310f602b6cbcfb86e030c4ccdbb78f6565a3b9bab6a74ab80fd3cb5428b65af?s=96&d=mm&r=g","caption":"admin"},"logo":{"@id":"https:\/\/secure.gravatar.com\/avatar\/5310f602b6cbcfb86e030c4ccdbb78f6565a3b9bab6a74ab80fd3cb5428b65af?s=96&d=mm&r=g"},"sameAs":["http:\/\/informatepy.com\/2021"],"url":"https:\/\/informatepy.com\/2021\/author\/admin\/"}]}},"jetpack_featured_media_url":"https:\/\/i0.wp.com\/informatepy.com\/2021\/wp-content\/uploads\/2021\/01\/euclides-acevedo.jpg?fit=654%2C512&ssl=1","jetpack_sharing_enabled":true,"jetpack_likes_enabled":true,"jetpack-related-posts":[{"id":2111,"url":"https:\/\/informatepy.com\/2021\/2020\/08\/13\/nenecho-miente-sobre-sus-aspiraciones\/","url_meta":{"origin":1717,"position":0},"title":"Nenecho miente sobre sus aspiraciones","date":"13 de agosto de 2020","format":false,"excerpt":"En las \u00faltimas horas, al ser consultado acerca de su reelecci\u00f3n, el actual intendente de la ciudad de Asunci\u00f3n, Oscar \"Nenecho\" Rodr\u00edguez, puso en duda su continuidad al frente del municipio capitalino pero, lo cierto, es que tiene todo muy claro desde el momento mismo en que asumi\u00f3 \"traicionando\" al\u2026","rel":"","context":"En \u00abMunicipales\u00bb","img":{"alt_text":"","src":"https:\/\/i0.wp.com\/informatepy.com\/2021\/wp-content\/uploads\/2021\/08\/nenecho.jpg?fit=730%2C485&ssl=1&resize=350%2C200","width":350,"height":200},"classes":[]},{"id":2477,"url":"https:\/\/informatepy.com\/2021\/2021\/01\/30\/el-poder-de-la-lapicera-calienta-la-interna-colorada-de-asuncion\/","url_meta":{"origin":1717,"position":1},"title":"El poder de la lapicera calienta la interna colorada de Asunci\u00f3n","date":"30 de enero de 2021","format":false,"excerpt":"Que el presidente Abdo no sabe d\u00f3nde est\u00e1 parado no es novedad, de hecho \u00e9l lo confirm\u00f3 al afirmar que ya no lee m\u00e1s que la Biblia y que no le interesan las \u201cmalas noticias\u201d pero, que un ministro de su c\u00edrculo m\u00e1s \u00edntimo salga a destrozar el esforzado contexto\u2026","rel":"","context":"En \u00abMunicipales\u00bb","img":{"alt_text":"","src":"https:\/\/i0.wp.com\/informatepy.com\/2021\/wp-content\/uploads\/2021\/01\/nenecho-y-dani-centurion-scaled-1.jpg?fit=1200%2C1029&ssl=1&resize=350%2C200","width":350,"height":200},"classes":[]},{"id":5422,"url":"https:\/\/informatepy.com\/2021\/2021\/06\/21\/nenecho-gana-la-capital-y-muestra-la-vigencia-de-hc\/","url_meta":{"origin":1717,"position":2},"title":"Nenecho gana la capital y muestra la vigencia de HC","date":"21 de junio de 2021","format":false,"excerpt":"Con m\u00e1s de 9.000 votos de diferencia y una participaci\u00f3n superior al 40 % del electorado colorado, Oscar \u201cNenecho\u201d Rodr\u00edguez se impuso a Daniel Centuri\u00f3n, candidato de A\u00f1etet\u00e9. Con esta elecci\u00f3n, adem\u00e1s de la vigencia del ex presidente Horacio Cartes puertas adentro de la ANR, dej\u00f3 en claro la disconformidad\u2026","rel":"","context":"En \u00abDestacados\u00bb","img":{"alt_text":"","src":"https:\/\/i0.wp.com\/informatepy.com\/2021\/wp-content\/uploads\/2021\/06\/nenecho-gana-internas.jpg?fit=730%2C513&ssl=1&resize=350%2C200","width":350,"height":200},"classes":[]},{"id":2504,"url":"https:\/\/informatepy.com\/2021\/2021\/02\/04\/nenecho-no-compra-apoyos-nenecho-no-tiene-apoyos\/","url_meta":{"origin":1717,"position":3},"title":"Nenecho no \u201ccompra\u201d apoyos, Nenecho no tiene apoyos","date":"4 de febrero de 2021","format":false,"excerpt":"En las \u00faltimas horas se conoci\u00f3 la existencia de una reuni\u00f3n en el palacio de L\u00f3pez, esta vez, quienes se reunieron fueron el Diputado Juan Carlos Osorio y el presidente Mario Abdo. Lo que se supo de esta reuni\u00f3n, es que en este mitin se decidi\u00f3 que el Movimiento Tenonder\u00e3\u2026","rel":"","context":"En \u00abMunicipales\u00bb","img":{"alt_text":"","src":"https:\/\/i0.wp.com\/informatepy.com\/2021\/wp-content\/uploads\/2021\/03\/nenecho-y-juanki.png?fit=718%2C412&ssl=1&resize=350%2C200","width":350,"height":200},"classes":[]},{"id":5347,"url":"https:\/\/informatepy.com\/2021\/2021\/06\/15\/nenecho-tambien-tiene-sus-monos\/","url_meta":{"origin":1717,"position":4},"title":"Nenecho tambi\u00e9n tiene sus \u201cmonos\u201d","date":"15 de junio de 2021","format":false,"excerpt":"Llegamos a la recta final de la campa\u00f1a para las internas partidarias y la cosa est\u00e1 m\u00e1s caliente que nunca. Los \u201cmuertos\u201d vuelan por encima de las tapias, primero le toc\u00f3 a Daniel Centuri\u00f3n y el ya tristemente c\u00e9lebre Arnulfo Ram\u00f3n \u201cMonchi\u201d Fretes Sosa, a quien bien podr\u00edamos llamar el\u2026","rel":"","context":"En \u00abDestacados\u00bb","img":{"alt_text":"","src":"https:\/\/i0.wp.com\/informatepy.com\/2021\/wp-content\/uploads\/2021\/06\/nenecho-y-bernabe-rejala.jpg?fit=1200%2C675&ssl=1&resize=350%2C200","width":350,"height":200},"classes":[]},{"id":6537,"url":"https:\/\/informatepy.com\/2021\/2021\/08\/18\/nenecho-encabeza-encuesta-de-multitarget-de-cara-a-las-municipales-de-octubre\/","url_meta":{"origin":1717,"position":5},"title":"\u00abNenecho\u00bb encabeza encuesta de Multitarget de cara a las municipales de octubre","date":"18 de agosto de 2021","format":false,"excerpt":"La lucha por la intendencia de Asunci\u00f3n, est\u00e1 centrada solo en dos de los candidatos a la Intendencia de Asunci\u00f3n, Oscar \u201cNenecho\u201d Rodr\u00edguez (ANR) y Eduardo Nakayama (Alianza PLRA-PPQ-PDP). De acuerdo a la encuesta realizada por Multitarget S.A. (empresa especializada en Estudios de Opini\u00f3n P\u00fablica e Investigaci\u00f3n de Mercados; Comunicaci\u00f3n\u2026","rel":"","context":"En \u00abMunicipales\u00bb","img":{"alt_text":"","src":"https:\/\/i0.wp.com\/informatepy.com\/2021\/wp-content\/uploads\/2021\/08\/Nenecho-vs-Nakayama.png?fit=822%2C472&ssl=1&resize=350%2C200","width":350,"height":200},"classes":[]}],"authors":[{"term_id":1039,"user_id":1,"is_guest":0,"slug":"admin","display_name":"admin","avatar_url":"https:\/\/secure.gravatar.com\/avatar\/5310f602b6cbcfb86e030c4ccdbb78f6565a3b9bab6a74ab80fd3cb5428b65af?s=96&d=mm&r=g","first_name":"","last_name":"","user_url":"http:\/\/informatepy.com\/2021","description":""}],"amp_enabled":true,"_links":{"self":[{"href":"https:\/\/informatepy.com\/2021\/wp-json\/wp\/v2\/posts\/1717","targetHints":{"allow":["GET"]}}],"collection":[{"href":"https:\/\/informatepy.com\/2021\/wp-json\/wp\/v2\/posts"}],"about":[{"href":"https:\/\/informatepy.com\/2021\/wp-json\/wp\/v2\/types\/post"}],"author":[{"embeddable":true,"href":"https:\/\/informatepy.com\/2021\/wp-json\/wp\/v2\/users\/1"}],"replies":[{"embeddable":true,"href":"https:\/\/informatepy.com\/2021\/wp-json\/wp\/v2\/comments?post=1717"}],"version-history":[{"count":0,"href":"https:\/\/informatepy.com\/2021\/wp-json\/wp\/v2\/posts\/1717\/revisions"}],"wp:featuredmedia":[{"embeddable":true,"href":"https:\/\/informatepy.com\/2021\/wp-json\/wp\/v2\/media\/1718"}],"wp:attachment":[{"href":"https:\/\/informatepy.com\/2021\/wp-json\/wp\/v2\/media?parent=1717"}],"wp:term":[{"taxonomy":"category","embeddable":true,"href":"https:\/\/informatepy.com\/2021\/wp-json\/wp\/v2\/categories?post=1717"},{"taxonomy":"post_tag","embeddable":true,"href":"https:\/\/informatepy.com\/2021\/wp-json\/wp\/v2\/tags?post=1717"},{"taxonomy":"author","embeddable":true,"href":"https:\/\/informatepy.com\/2021\/wp-json\/wp\/v2\/ppma_author?post=1717"}],"curies":[{"name":"wp","href":"https:\/\/api.w.org\/{rel}","templated":true}]}}