{"id":1543,"date":"2019-10-01T20:19:00","date_gmt":"2019-10-01T20:19:00","guid":{"rendered":"http:\/\/informatepy.com\/2021\/?p=1543"},"modified":"2021-02-08T20:38:06","modified_gmt":"2021-02-08T20:38:06","slug":"la-supuesta-estafa-en-la-una-que-involucra-a-jovenes-anetete","status":"publish","type":"post","link":"https:\/\/informatepy.com\/2021\/2019\/10\/01\/la-supuesta-estafa-en-la-una-que-involucra-a-jovenes-anetete\/","title":{"rendered":"La supuesta estafa en la UNA que involucra a j\u00f3venes A\u00f1etet\u00e9"},"content":{"rendered":"\n<p>En el a\u00f1o 2018, cuando se desarrollaron las \u00faltimas y muy cuestionadas elecciones en Derecho &#8211; UNA, uno de los entonces candidatos, Aldo Gonz\u00e1lez, denunci\u00f3 a varios j\u00f3venes dirigentes del <strong>Movimiento Colorado A\u00f1etet\u00e9<\/strong>, que hoy se presentan como la \u00abrenovaci\u00f3n\u00bb del Partido Colorado.<\/p>\n\n\n\n<p>Los denunciados en aquella oportunidad, fueron <strong>Ceres Escobar, Marcos S\u00e1nchez<\/strong> y <strong>Kike Cabrera<\/strong>, este \u00faltimo, presidente del <strong>Centro de Estudiantes de la Facultad de Derecho<\/strong> y hoy una de las promesas de A\u00f1etet\u00e9 de cara a las elecciones internas de la juventud Colorada donde compite de la mano del vicepresidente Hugo Vel\u00e1zquez y del hijo de este, \u00abTotelo\u00bb.<\/p>\n\n\n\n<p>Lea Tambi\u00e9n: <a href=\"http:\/\/informatepy.com\/2019\/09\/30\/anetete-aprueba-candidatura-de-joven-imputado\/\">A\u00f1etet\u00e9 aprueba candidatura de joven imputado<\/a><\/p>\n\n\n\n<p>Seg\u00fan los dichos de Aldo Gonz\u00e1lez, Kike Cabrera y los dem\u00e1s denunciados, habr\u00edan cobrado de manera irregular, pagar\u00e9s por un monto de 250 millones de Guaran\u00edes que estaban en poder de una escribana, situaci\u00f3n que estar\u00eda probada por las im\u00e1genes del circuito cerrado de la escriban\u00eda.<\/p>\n\n\n\n<figure class=\"wp-block-image\"><img decoding=\"async\" src=\"https:\/\/i0.wp.com\/informatepy.com\/2021\/wp-content\/uploads\/2021\/02\/kike-y-joselo-twit-1.jpg?w=740&#038;ssl=1\" alt=\"\" class=\"wp-image-1986\" data-recalc-dims=\"1\"\/><figcaption>Kike Cabrera y su \u00abJefe de Campa\u00f1a\u00bb Joselo Rodr\u00edguez<\/figcaption><\/figure>\n\n\n\n<p>El partido colorado llega a elecciones internas en la juventud luego de casi 18 a\u00f1os, tiene una oportunidad inigualable de renovar sus filas y de mostrarle a la ciudadan\u00eda que existen j\u00f3venes con verdadera vocaci\u00f3n de servicio y un verdadero \u00e1nimo de renovaci\u00f3n&#8230; no es este el caso <\/p>\n","protected":false},"excerpt":{"rendered":"<p>En el a\u00f1o 2018, cuando se desarrollaron las \u00faltimas y muy cuestionadas elecciones en Derecho &#8211; UNA, uno de los entonces candidatos, Aldo Gonz\u00e1lez, denunci\u00f3 a varios j\u00f3venes dirigentes del Movimiento Colorado A\u00f1etet\u00e9, que hoy se presentan como la \u00abrenovaci\u00f3n\u00bb del Partido Colorado. Los denunciados en aquella oportunidad, fueron Ceres Escobar, Marcos S\u00e1nchez y Kike [&hellip;]<\/p>\n","protected":false},"author":1,"featured_media":1544,"comment_status":"open","ping_status":"open","sticky":false,"template":"","format":"standard","meta":{"_monsterinsights_skip_tracking":false,"_monsterinsights_sitenote_active":false,"_monsterinsights_sitenote_note":"","_monsterinsights_sitenote_category":0,"footnotes":"","jetpack_publicize_message":"","jetpack_is_tweetstorm":false,"jetpack_publicize_feature_enabled":true},"categories":[177],"tags":[267,313,665,422,648,423],"ppma_author":[1039],"class_list":["post-1543","post","type-post","status-publish","format-standard","has-post-thumbnail","hentry","category-nacionales","tag-anr","tag-colorado-anetete","tag-hugo-velazquez","tag-juventud-colorada","tag-kike-cabrera-mendez","tag-partido-colorado"],"jetpack_publicize_connections":[],"yoast_head":"<!-- This site is optimized with the Yoast SEO plugin v27.5 - https:\/\/yoast.com\/product\/yoast-seo-wordpress\/ -->\n<title>La supuesta estafa en la UNA que involucra a j\u00f3venes A\u00f1etet\u00e9 - Informatepy<\/title>\n<meta name=\"robots\" content=\"index, follow, max-snippet:-1, max-image-preview:large, max-video-preview:-1\" \/>\n<link rel=\"canonical\" href=\"https:\/\/informatepy.com\/2021\/2019\/10\/01\/la-supuesta-estafa-en-la-una-que-involucra-a-jovenes-anetete\/\" \/>\n<meta property=\"og:locale\" content=\"es_ES\" \/>\n<meta property=\"og:type\" content=\"article\" \/>\n<meta property=\"og:title\" content=\"La supuesta estafa en la UNA que involucra a j\u00f3venes A\u00f1etet\u00e9 - Informatepy\" \/>\n<meta property=\"og:description\" content=\"En el a\u00f1o 2018, cuando se desarrollaron las \u00faltimas y muy cuestionadas elecciones en Derecho &#8211; UNA, uno de los entonces candidatos, Aldo Gonz\u00e1lez, denunci\u00f3 a varios j\u00f3venes dirigentes del Movimiento Colorado A\u00f1etet\u00e9, que hoy se presentan como la \u00abrenovaci\u00f3n\u00bb del Partido Colorado. Los denunciados en aquella oportunidad, fueron Ceres Escobar, Marcos S\u00e1nchez y Kike [&hellip;]\" \/>\n<meta property=\"og:url\" content=\"https:\/\/informatepy.com\/2021\/2019\/10\/01\/la-supuesta-estafa-en-la-una-que-involucra-a-jovenes-anetete\/\" \/>\n<meta property=\"og:site_name\" content=\"Informatepy\" \/>\n<meta property=\"article:published_time\" content=\"2019-10-01T20:19:00+00:00\" \/>\n<meta property=\"article:modified_time\" content=\"2021-02-08T20:38:06+00:00\" \/>\n<meta property=\"og:image\" content=\"https:\/\/i0.wp.com\/informatepy.com\/2021\/wp-content\/uploads\/2021\/10\/kike-y-joselo-scaled.jpg?fit=2560%2C1861&ssl=1\" \/>\n\t<meta property=\"og:image:width\" content=\"2560\" \/>\n\t<meta property=\"og:image:height\" content=\"1861\" \/>\n\t<meta property=\"og:image:type\" content=\"image\/jpeg\" \/>\n<meta name=\"author\" content=\"admin\" \/>\n<meta name=\"twitter:card\" content=\"summary_large_image\" \/>\n<meta name=\"twitter:label1\" content=\"Escrito por\" \/>\n\t<meta name=\"twitter:data1\" content=\"admin\" \/>\n\t<meta name=\"twitter:label2\" content=\"Tiempo de lectura\" \/>\n\t<meta name=\"twitter:data2\" content=\"1 minuto\" \/>\n<script type=\"application\/ld+json\" class=\"yoast-schema-graph\">{\"@context\":\"https:\\\/\\\/schema.org\",\"@graph\":[{\"@type\":\"Article\",\"@id\":\"https:\\\/\\\/informatepy.com\\\/2021\\\/2019\\\/10\\\/01\\\/la-supuesta-estafa-en-la-una-que-involucra-a-jovenes-anetete\\\/#article\",\"isPartOf\":{\"@id\":\"https:\\\/\\\/informatepy.com\\\/2021\\\/2019\\\/10\\\/01\\\/la-supuesta-estafa-en-la-una-que-involucra-a-jovenes-anetete\\\/\"},\"author\":{\"name\":\"admin\",\"@id\":\"https:\\\/\\\/informatepy.com\\\/2021\\\/#\\\/schema\\\/person\\\/edd302c981d6ba4596191719d1025a8a\"},\"headline\":\"La supuesta estafa en la UNA que involucra a j\u00f3venes A\u00f1etet\u00e9\",\"datePublished\":\"2019-10-01T20:19:00+00:00\",\"dateModified\":\"2021-02-08T20:38:06+00:00\",\"mainEntityOfPage\":{\"@id\":\"https:\\\/\\\/informatepy.com\\\/2021\\\/2019\\\/10\\\/01\\\/la-supuesta-estafa-en-la-una-que-involucra-a-jovenes-anetete\\\/\"},\"wordCount\":249,\"commentCount\":0,\"publisher\":{\"@id\":\"https:\\\/\\\/informatepy.com\\\/2021\\\/#\\\/schema\\\/person\\\/edd302c981d6ba4596191719d1025a8a\"},\"image\":{\"@id\":\"https:\\\/\\\/informatepy.com\\\/2021\\\/2019\\\/10\\\/01\\\/la-supuesta-estafa-en-la-una-que-involucra-a-jovenes-anetete\\\/#primaryimage\"},\"thumbnailUrl\":\"https:\\\/\\\/i0.wp.com\\\/informatepy.com\\\/2021\\\/wp-content\\\/uploads\\\/2021\\\/10\\\/kike-y-joselo-scaled.jpg?fit=2560%2C1861&ssl=1\",\"keywords\":[\"anr\",\"colorado a\u00f1etete\",\"hugo velazquez\",\"juventud colorada\",\"kike cabrera mendez\",\"partido colorado\"],\"articleSection\":[\"Nacionales\"],\"inLanguage\":\"es\",\"potentialAction\":[{\"@type\":\"CommentAction\",\"name\":\"Comment\",\"target\":[\"https:\\\/\\\/informatepy.com\\\/2021\\\/2019\\\/10\\\/01\\\/la-supuesta-estafa-en-la-una-que-involucra-a-jovenes-anetete\\\/#respond\"]}]},{\"@type\":\"WebPage\",\"@id\":\"https:\\\/\\\/informatepy.com\\\/2021\\\/2019\\\/10\\\/01\\\/la-supuesta-estafa-en-la-una-que-involucra-a-jovenes-anetete\\\/\",\"url\":\"https:\\\/\\\/informatepy.com\\\/2021\\\/2019\\\/10\\\/01\\\/la-supuesta-estafa-en-la-una-que-involucra-a-jovenes-anetete\\\/\",\"name\":\"La supuesta estafa en la UNA que involucra a j\u00f3venes A\u00f1etet\u00e9 - Informatepy\",\"isPartOf\":{\"@id\":\"https:\\\/\\\/informatepy.com\\\/2021\\\/#website\"},\"primaryImageOfPage\":{\"@id\":\"https:\\\/\\\/informatepy.com\\\/2021\\\/2019\\\/10\\\/01\\\/la-supuesta-estafa-en-la-una-que-involucra-a-jovenes-anetete\\\/#primaryimage\"},\"image\":{\"@id\":\"https:\\\/\\\/informatepy.com\\\/2021\\\/2019\\\/10\\\/01\\\/la-supuesta-estafa-en-la-una-que-involucra-a-jovenes-anetete\\\/#primaryimage\"},\"thumbnailUrl\":\"https:\\\/\\\/i0.wp.com\\\/informatepy.com\\\/2021\\\/wp-content\\\/uploads\\\/2021\\\/10\\\/kike-y-joselo-scaled.jpg?fit=2560%2C1861&ssl=1\",\"datePublished\":\"2019-10-01T20:19:00+00:00\",\"dateModified\":\"2021-02-08T20:38:06+00:00\",\"breadcrumb\":{\"@id\":\"https:\\\/\\\/informatepy.com\\\/2021\\\/2019\\\/10\\\/01\\\/la-supuesta-estafa-en-la-una-que-involucra-a-jovenes-anetete\\\/#breadcrumb\"},\"inLanguage\":\"es\",\"potentialAction\":[{\"@type\":\"ReadAction\",\"target\":[\"https:\\\/\\\/informatepy.com\\\/2021\\\/2019\\\/10\\\/01\\\/la-supuesta-estafa-en-la-una-que-involucra-a-jovenes-anetete\\\/\"]}]},{\"@type\":\"ImageObject\",\"inLanguage\":\"es\",\"@id\":\"https:\\\/\\\/informatepy.com\\\/2021\\\/2019\\\/10\\\/01\\\/la-supuesta-estafa-en-la-una-que-involucra-a-jovenes-anetete\\\/#primaryimage\",\"url\":\"https:\\\/\\\/i0.wp.com\\\/informatepy.com\\\/2021\\\/wp-content\\\/uploads\\\/2021\\\/10\\\/kike-y-joselo-scaled.jpg?fit=2560%2C1861&ssl=1\",\"contentUrl\":\"https:\\\/\\\/i0.wp.com\\\/informatepy.com\\\/2021\\\/wp-content\\\/uploads\\\/2021\\\/10\\\/kike-y-joselo-scaled.jpg?fit=2560%2C1861&ssl=1\",\"width\":2560,\"height\":1861},{\"@type\":\"BreadcrumbList\",\"@id\":\"https:\\\/\\\/informatepy.com\\\/2021\\\/2019\\\/10\\\/01\\\/la-supuesta-estafa-en-la-una-que-involucra-a-jovenes-anetete\\\/#breadcrumb\",\"itemListElement\":[{\"@type\":\"ListItem\",\"position\":1,\"name\":\"Portada\",\"item\":\"https:\\\/\\\/informatepy.com\\\/2021\\\/\"},{\"@type\":\"ListItem\",\"position\":2,\"name\":\"La supuesta estafa en la UNA que involucra a j\u00f3venes A\u00f1etet\u00e9\"}]},{\"@type\":\"WebSite\",\"@id\":\"https:\\\/\\\/informatepy.com\\\/2021\\\/#website\",\"url\":\"https:\\\/\\\/informatepy.com\\\/2021\\\/\",\"name\":\"Informatepy\",\"description\":\"La verdad, siempre!\",\"publisher\":{\"@id\":\"https:\\\/\\\/informatepy.com\\\/2021\\\/#\\\/schema\\\/person\\\/edd302c981d6ba4596191719d1025a8a\"},\"potentialAction\":[{\"@type\":\"SearchAction\",\"target\":{\"@type\":\"EntryPoint\",\"urlTemplate\":\"https:\\\/\\\/informatepy.com\\\/2021\\\/?s={search_term_string}\"},\"query-input\":{\"@type\":\"PropertyValueSpecification\",\"valueRequired\":true,\"valueName\":\"search_term_string\"}}],\"inLanguage\":\"es\"},{\"@type\":[\"Person\",\"Organization\"],\"@id\":\"https:\\\/\\\/informatepy.com\\\/2021\\\/#\\\/schema\\\/person\\\/edd302c981d6ba4596191719d1025a8a\",\"name\":\"admin\",\"image\":{\"@type\":\"ImageObject\",\"inLanguage\":\"es\",\"@id\":\"https:\\\/\\\/secure.gravatar.com\\\/avatar\\\/5310f602b6cbcfb86e030c4ccdbb78f6565a3b9bab6a74ab80fd3cb5428b65af?s=96&d=mm&r=g\",\"url\":\"https:\\\/\\\/secure.gravatar.com\\\/avatar\\\/5310f602b6cbcfb86e030c4ccdbb78f6565a3b9bab6a74ab80fd3cb5428b65af?s=96&d=mm&r=g\",\"contentUrl\":\"https:\\\/\\\/secure.gravatar.com\\\/avatar\\\/5310f602b6cbcfb86e030c4ccdbb78f6565a3b9bab6a74ab80fd3cb5428b65af?s=96&d=mm&r=g\",\"caption\":\"admin\"},\"logo\":{\"@id\":\"https:\\\/\\\/secure.gravatar.com\\\/avatar\\\/5310f602b6cbcfb86e030c4ccdbb78f6565a3b9bab6a74ab80fd3cb5428b65af?s=96&d=mm&r=g\"},\"sameAs\":[\"http:\\\/\\\/informatepy.com\\\/2021\"],\"url\":\"https:\\\/\\\/informatepy.com\\\/2021\\\/author\\\/admin\\\/\"}]}<\/script>\n<!-- \/ Yoast SEO plugin. -->","yoast_head_json":{"title":"La supuesta estafa en la UNA que involucra a j\u00f3venes A\u00f1etet\u00e9 - Informatepy","robots":{"index":"index","follow":"follow","max-snippet":"max-snippet:-1","max-image-preview":"max-image-preview:large","max-video-preview":"max-video-preview:-1"},"canonical":"https:\/\/informatepy.com\/2021\/2019\/10\/01\/la-supuesta-estafa-en-la-una-que-involucra-a-jovenes-anetete\/","og_locale":"es_ES","og_type":"article","og_title":"La supuesta estafa en la UNA que involucra a j\u00f3venes A\u00f1etet\u00e9 - Informatepy","og_description":"En el a\u00f1o 2018, cuando se desarrollaron las \u00faltimas y muy cuestionadas elecciones en Derecho &#8211; UNA, uno de los entonces candidatos, Aldo Gonz\u00e1lez, denunci\u00f3 a varios j\u00f3venes dirigentes del Movimiento Colorado A\u00f1etet\u00e9, que hoy se presentan como la \u00abrenovaci\u00f3n\u00bb del Partido Colorado. Los denunciados en aquella oportunidad, fueron Ceres Escobar, Marcos S\u00e1nchez y Kike [&hellip;]","og_url":"https:\/\/informatepy.com\/2021\/2019\/10\/01\/la-supuesta-estafa-en-la-una-que-involucra-a-jovenes-anetete\/","og_site_name":"Informatepy","article_published_time":"2019-10-01T20:19:00+00:00","article_modified_time":"2021-02-08T20:38:06+00:00","og_image":[{"width":2560,"height":1861,"url":"https:\/\/i0.wp.com\/informatepy.com\/2021\/wp-content\/uploads\/2021\/10\/kike-y-joselo-scaled.jpg?fit=2560%2C1861&ssl=1","type":"image\/jpeg"}],"author":"admin","twitter_card":"summary_large_image","twitter_misc":{"Escrito por":"admin","Tiempo de lectura":"1 minuto"},"schema":{"@context":"https:\/\/schema.org","@graph":[{"@type":"Article","@id":"https:\/\/informatepy.com\/2021\/2019\/10\/01\/la-supuesta-estafa-en-la-una-que-involucra-a-jovenes-anetete\/#article","isPartOf":{"@id":"https:\/\/informatepy.com\/2021\/2019\/10\/01\/la-supuesta-estafa-en-la-una-que-involucra-a-jovenes-anetete\/"},"author":{"name":"admin","@id":"https:\/\/informatepy.com\/2021\/#\/schema\/person\/edd302c981d6ba4596191719d1025a8a"},"headline":"La supuesta estafa en la UNA que involucra a j\u00f3venes A\u00f1etet\u00e9","datePublished":"2019-10-01T20:19:00+00:00","dateModified":"2021-02-08T20:38:06+00:00","mainEntityOfPage":{"@id":"https:\/\/informatepy.com\/2021\/2019\/10\/01\/la-supuesta-estafa-en-la-una-que-involucra-a-jovenes-anetete\/"},"wordCount":249,"commentCount":0,"publisher":{"@id":"https:\/\/informatepy.com\/2021\/#\/schema\/person\/edd302c981d6ba4596191719d1025a8a"},"image":{"@id":"https:\/\/informatepy.com\/2021\/2019\/10\/01\/la-supuesta-estafa-en-la-una-que-involucra-a-jovenes-anetete\/#primaryimage"},"thumbnailUrl":"https:\/\/i0.wp.com\/informatepy.com\/2021\/wp-content\/uploads\/2021\/10\/kike-y-joselo-scaled.jpg?fit=2560%2C1861&ssl=1","keywords":["anr","colorado a\u00f1etete","hugo velazquez","juventud colorada","kike cabrera mendez","partido colorado"],"articleSection":["Nacionales"],"inLanguage":"es","potentialAction":[{"@type":"CommentAction","name":"Comment","target":["https:\/\/informatepy.com\/2021\/2019\/10\/01\/la-supuesta-estafa-en-la-una-que-involucra-a-jovenes-anetete\/#respond"]}]},{"@type":"WebPage","@id":"https:\/\/informatepy.com\/2021\/2019\/10\/01\/la-supuesta-estafa-en-la-una-que-involucra-a-jovenes-anetete\/","url":"https:\/\/informatepy.com\/2021\/2019\/10\/01\/la-supuesta-estafa-en-la-una-que-involucra-a-jovenes-anetete\/","name":"La supuesta estafa en la UNA que involucra a j\u00f3venes A\u00f1etet\u00e9 - Informatepy","isPartOf":{"@id":"https:\/\/informatepy.com\/2021\/#website"},"primaryImageOfPage":{"@id":"https:\/\/informatepy.com\/2021\/2019\/10\/01\/la-supuesta-estafa-en-la-una-que-involucra-a-jovenes-anetete\/#primaryimage"},"image":{"@id":"https:\/\/informatepy.com\/2021\/2019\/10\/01\/la-supuesta-estafa-en-la-una-que-involucra-a-jovenes-anetete\/#primaryimage"},"thumbnailUrl":"https:\/\/i0.wp.com\/informatepy.com\/2021\/wp-content\/uploads\/2021\/10\/kike-y-joselo-scaled.jpg?fit=2560%2C1861&ssl=1","datePublished":"2019-10-01T20:19:00+00:00","dateModified":"2021-02-08T20:38:06+00:00","breadcrumb":{"@id":"https:\/\/informatepy.com\/2021\/2019\/10\/01\/la-supuesta-estafa-en-la-una-que-involucra-a-jovenes-anetete\/#breadcrumb"},"inLanguage":"es","potentialAction":[{"@type":"ReadAction","target":["https:\/\/informatepy.com\/2021\/2019\/10\/01\/la-supuesta-estafa-en-la-una-que-involucra-a-jovenes-anetete\/"]}]},{"@type":"ImageObject","inLanguage":"es","@id":"https:\/\/informatepy.com\/2021\/2019\/10\/01\/la-supuesta-estafa-en-la-una-que-involucra-a-jovenes-anetete\/#primaryimage","url":"https:\/\/i0.wp.com\/informatepy.com\/2021\/wp-content\/uploads\/2021\/10\/kike-y-joselo-scaled.jpg?fit=2560%2C1861&ssl=1","contentUrl":"https:\/\/i0.wp.com\/informatepy.com\/2021\/wp-content\/uploads\/2021\/10\/kike-y-joselo-scaled.jpg?fit=2560%2C1861&ssl=1","width":2560,"height":1861},{"@type":"BreadcrumbList","@id":"https:\/\/informatepy.com\/2021\/2019\/10\/01\/la-supuesta-estafa-en-la-una-que-involucra-a-jovenes-anetete\/#breadcrumb","itemListElement":[{"@type":"ListItem","position":1,"name":"Portada","item":"https:\/\/informatepy.com\/2021\/"},{"@type":"ListItem","position":2,"name":"La supuesta estafa en la UNA que involucra a j\u00f3venes A\u00f1etet\u00e9"}]},{"@type":"WebSite","@id":"https:\/\/informatepy.com\/2021\/#website","url":"https:\/\/informatepy.com\/2021\/","name":"Informatepy","description":"La verdad, siempre!","publisher":{"@id":"https:\/\/informatepy.com\/2021\/#\/schema\/person\/edd302c981d6ba4596191719d1025a8a"},"potentialAction":[{"@type":"SearchAction","target":{"@type":"EntryPoint","urlTemplate":"https:\/\/informatepy.com\/2021\/?s={search_term_string}"},"query-input":{"@type":"PropertyValueSpecification","valueRequired":true,"valueName":"search_term_string"}}],"inLanguage":"es"},{"@type":["Person","Organization"],"@id":"https:\/\/informatepy.com\/2021\/#\/schema\/person\/edd302c981d6ba4596191719d1025a8a","name":"admin","image":{"@type":"ImageObject","inLanguage":"es","@id":"https:\/\/secure.gravatar.com\/avatar\/5310f602b6cbcfb86e030c4ccdbb78f6565a3b9bab6a74ab80fd3cb5428b65af?s=96&d=mm&r=g","url":"https:\/\/secure.gravatar.com\/avatar\/5310f602b6cbcfb86e030c4ccdbb78f6565a3b9bab6a74ab80fd3cb5428b65af?s=96&d=mm&r=g","contentUrl":"https:\/\/secure.gravatar.com\/avatar\/5310f602b6cbcfb86e030c4ccdbb78f6565a3b9bab6a74ab80fd3cb5428b65af?s=96&d=mm&r=g","caption":"admin"},"logo":{"@id":"https:\/\/secure.gravatar.com\/avatar\/5310f602b6cbcfb86e030c4ccdbb78f6565a3b9bab6a74ab80fd3cb5428b65af?s=96&d=mm&r=g"},"sameAs":["http:\/\/informatepy.com\/2021"],"url":"https:\/\/informatepy.com\/2021\/author\/admin\/"}]}},"jetpack_featured_media_url":"https:\/\/i0.wp.com\/informatepy.com\/2021\/wp-content\/uploads\/2021\/10\/kike-y-joselo-scaled.jpg?fit=2560%2C1861&ssl=1","jetpack_sharing_enabled":true,"jetpack_likes_enabled":true,"jetpack-related-posts":[{"id":1538,"url":"https:\/\/informatepy.com\/2021\/2019\/09\/30\/anetete-aprueba-candidatura-de-joven-imputado\/","url_meta":{"origin":1543,"position":0},"title":"A\u00f1etet\u00e9 aprueba candidatura de joven imputado","date":"30 de septiembre de 2019","format":false,"excerpt":"Aunque ya no sorprenda, desde el Movimiento Colorado A\u00f1etet\u00e9, puntualmente desde el entorno del vicepresidente Hugo Vel\u00e1zquez, se est\u00e1 apadrinando la candidatura de un joven que tendr\u00eda m\u00e1s antecedentes penales que pol\u00edticos. Se trata de Carlos Enrique Cabrera M\u00e9ndez, candidato a miembro nacional de la Juventud Colorada, y que, entre\u2026","rel":"","context":"En \u00abNacionales\u00bb","img":{"alt_text":"","src":"https:\/\/i0.wp.com\/informatepy.com\/2021\/wp-content\/uploads\/2021\/09\/kike-cabrera-ANR-juventud.jpg?fit=1024%2C683&ssl=1&resize=350%2C200","width":350,"height":200},"classes":[]},{"id":1472,"url":"https:\/\/informatepy.com\/2021\/2019\/09\/03\/la-juventud-de-anetete-en-busca-de-la-unidad\/","url_meta":{"origin":1543,"position":1},"title":"La juventud de A\u00f1etet\u00e9 en busca de la unidad","date":"3 de septiembre de 2019","format":false,"excerpt":"De cara a las pr\u00f3ximas elecciones internas de la Comisi\u00f3n Central de la juventud del Partido Colorado, los j\u00f3venes del Movimiento A\u00f1etet\u00e9 organizaron un reuni\u00f3n con todos los pre candidatos; de esa reuni\u00f3n, se estima que saldr\u00e1 un candidato de consenso. Entre los dirigentes de la juventud que participar\u00e1n de\u2026","rel":"","context":"En \u00abNacionales\u00bb","img":{"alt_text":"","src":"https:\/\/i0.wp.com\/informatepy.com\/2021\/wp-content\/uploads\/2021\/09\/balmori-centurion.jpg?fit=768%2C960&ssl=1&resize=350%2C200","width":350,"height":200},"classes":[]},{"id":1487,"url":"https:\/\/informatepy.com\/2021\/2019\/09\/08\/se-ensucia-la-interna-de-la-juventud-anetete\/","url_meta":{"origin":1543,"position":2},"title":"Se ensucia la interna de la Juventud A\u00f1etet\u00e9","date":"8 de septiembre de 2019","format":false,"excerpt":"D\u00edas atr\u00e1s, se llev\u00f3 a cabo una reuni\u00f3n donde la mayor\u00eda de los candidatos a presidir la junta de la Juventud del Partido Colorado por el Movimiento \u201cColorado A\u00f1etet\u00e9\u201d, decidieron por unanimidad apoyar la candidatura de Marcelo Centuri\u00f3n. Entre los l\u00edderes juveniles que participaron de la misma se cuenta a\u2026","rel":"","context":"En \u00abNacionales\u00bb","img":{"alt_text":"","src":"https:\/\/i0.wp.com\/informatepy.com\/2021\/wp-content\/uploads\/2021\/03\/edificio-anr.jpg?fit=1200%2C731&ssl=1&resize=350%2C200","width":350,"height":200},"classes":[]},{"id":1320,"url":"https:\/\/informatepy.com\/2021\/2019\/07\/09\/recta-final-en-las-elecciones-de-la-juventud-de-la-anr\/","url_meta":{"origin":1543,"position":3},"title":"Recta final en las elecciones de la Juventud de la ANR","date":"9 de julio de 2019","format":false,"excerpt":"Las elecciones de la juventud de la ANR est\u00e1n llegando a la etapa de definici\u00f3n, en donde se deber\u00e1n inscribir las listas de candidatos. Contra todos los pron\u00f3sticos, los j\u00f3venes cerraron la etapa autorizada para sumar nuevos afiliados al partido, con una convocatoria de casi 60.000 nuevos afiliados al Partido\u2026","rel":"","context":"En \u00abNacionales\u00bb","img":{"alt_text":"","src":"https:\/\/i0.wp.com\/informatepy.com\/2021\/wp-content\/uploads\/2021\/07\/balmori-kike-cabrera-scaled.jpg?fit=1200%2C600&ssl=1&resize=350%2C200","width":350,"height":200},"classes":[]},{"id":8623,"url":"https:\/\/informatepy.com\/2021\/2021\/12\/02\/nueva-fractura-en-el-bloque-de-senadores-anetete\/","url_meta":{"origin":1543,"position":4},"title":"Nueva fractura en el bloque de senadores \u00abA\u00f1etete\u00bb","date":"2 de diciembre de 2021","format":false,"excerpt":"Una nueva fractura en el bloque de senadores de \"Colorado A\u00f1etete\" se dio a conocer el d\u00eda de hoy. Quien estuvo a cargo de dar la noticias fue la senadora Lilian Samaniego. El nuevo bloque est\u00e1 integrado por los senadores Lilian Samaniego, Blanca Ovelar, Ram\u00f3n Retamozo, Juan Afara, Arnaldo Franco\u2026","rel":"","context":"En \u00abNacionales\u00bb","img":{"alt_text":"","src":"https:\/\/i0.wp.com\/informatepy.com\/2021\/wp-content\/uploads\/2021\/12\/senadora-Samaniego-y-senador-Bachetta.jpg?fit=1200%2C826&ssl=1&resize=350%2C200","width":350,"height":200},"classes":[]},{"id":8542,"url":"https:\/\/informatepy.com\/2021\/2021\/11\/29\/anetete-se-sigue-dividiendo-por-la-candidatura-de-hugo-velazquez\/","url_meta":{"origin":1543,"position":5},"title":"A\u00f1etete se sigue dividiendo por la candidatura de Hugo Vel\u00e1zquez","date":"29 de noviembre de 2021","format":false,"excerpt":"Lo que parec\u00eda un bloque gran\u00edticamente compuesto, sobre todo en el senado, a partir de la apresurada candidatura presidencial de Hugo Vel\u00e1zquez comenz\u00f3 a fragmentarse y parece que se ir\u00e1 profundizando. La bancada A\u00f1etete compuesta por casi la totalidad de los 17 senadores de la Asociaci\u00f3n Nacional Republicana, apoyada por\u2026","rel":"","context":"En \u00abNacionales\u00bb","img":{"alt_text":"","src":"https:\/\/i0.wp.com\/informatepy.com\/2021\/wp-content\/uploads\/2021\/11\/fractura-abdo-velazquez.png?fit=1200%2C657&ssl=1&resize=350%2C200","width":350,"height":200},"classes":[]}],"authors":[{"term_id":1039,"user_id":1,"is_guest":0,"slug":"admin","display_name":"admin","avatar_url":"https:\/\/secure.gravatar.com\/avatar\/5310f602b6cbcfb86e030c4ccdbb78f6565a3b9bab6a74ab80fd3cb5428b65af?s=96&d=mm&r=g","first_name":"","last_name":"","user_url":"http:\/\/informatepy.com\/2021","description":""}],"amp_enabled":true,"_links":{"self":[{"href":"https:\/\/informatepy.com\/2021\/wp-json\/wp\/v2\/posts\/1543","targetHints":{"allow":["GET"]}}],"collection":[{"href":"https:\/\/informatepy.com\/2021\/wp-json\/wp\/v2\/posts"}],"about":[{"href":"https:\/\/informatepy.com\/2021\/wp-json\/wp\/v2\/types\/post"}],"author":[{"embeddable":true,"href":"https:\/\/informatepy.com\/2021\/wp-json\/wp\/v2\/users\/1"}],"replies":[{"embeddable":true,"href":"https:\/\/informatepy.com\/2021\/wp-json\/wp\/v2\/comments?post=1543"}],"version-history":[{"count":1,"href":"https:\/\/informatepy.com\/2021\/wp-json\/wp\/v2\/posts\/1543\/revisions"}],"predecessor-version":[{"id":2712,"href":"https:\/\/informatepy.com\/2021\/wp-json\/wp\/v2\/posts\/1543\/revisions\/2712"}],"wp:featuredmedia":[{"embeddable":true,"href":"https:\/\/informatepy.com\/2021\/wp-json\/wp\/v2\/media\/1544"}],"wp:attachment":[{"href":"https:\/\/informatepy.com\/2021\/wp-json\/wp\/v2\/media?parent=1543"}],"wp:term":[{"taxonomy":"category","embeddable":true,"href":"https:\/\/informatepy.com\/2021\/wp-json\/wp\/v2\/categories?post=1543"},{"taxonomy":"post_tag","embeddable":true,"href":"https:\/\/informatepy.com\/2021\/wp-json\/wp\/v2\/tags?post=1543"},{"taxonomy":"author","embeddable":true,"href":"https:\/\/informatepy.com\/2021\/wp-json\/wp\/v2\/ppma_author?post=1543"}],"curies":[{"name":"wp","href":"https:\/\/api.w.org\/{rel}","templated":true}]}}