{"id":1442,"date":"2019-08-20T20:19:00","date_gmt":"2019-08-20T20:19:00","guid":{"rendered":"http:\/\/informatepy.com\/2021\/?p=1442"},"modified":"2021-02-20T16:55:49","modified_gmt":"2021-02-20T20:55:49","slug":"es-la-economia-estupido","status":"publish","type":"post","link":"https:\/\/informatepy.com\/2021\/2019\/08\/20\/es-la-economia-estupido\/","title":{"rendered":"Es la econom\u00eda, est\u00fapido"},"content":{"rendered":"\n<p>Esta frase, fue una muy utilizada en la pol\u00edtica estadounidense durante la campa\u00f1a electoral de Bill Clinton en 1992 contra George H. W. Bush (padre), que lo llev\u00f3 a convertirse en presidente de los Estados Unidos y qued\u00f3 instalada en la cultura popular estadounidense y, porque no mundial, utiliz\u00e1ndose siempre como una referencia a lo que es considerado esencial por la ciudadan\u00eda de un pa\u00eds.<\/p>\n\n\n\n<p>En los tiempos que corren en Paraguay, y ya fallecido el intento de someter a un juicio pol\u00edtico al presidente Mario Abdo, al vice Hugo Vel\u00e1zquez y al Ministro de Hacienda Beningno L\u00f3pez; es un buen momento para que el poder ejecutivo entienda y atienda, aquello que es esencial para el hombre de a pie.<\/p>\n\n\n\n<p>Distintos economistas de renombre (nacionales y extranjeros) han afirmado en diversas oportunidades que la Rep\u00fablica del Paraguay se encuentra a las puertas de una recesi\u00f3n econ\u00f3mica, tambi\u00e9n, manifestaron que la actual situaci\u00f3n impedir\u00eda a nuestro pa\u00eds alcanzar el \u201cgrado de inversi\u00f3n\u201d en, al menos, 12 meses; pero eso al ciudadano \u201ccom\u00fan\u201d poco le importa.<\/p>\n\n\n\n<p>Seg\u00fan los datos relevados por el Banco Central del Paraguay,\nde los ocho rubros monitoreados, seis de ellos han registrado ca\u00eddas, lo que\ninevitablemente va a provocar la retracci\u00f3n de las inversiones y el\nachicamiento de los costos, sabiendo que para los empresarios, aunque suene\nduro, el salario es un costo y hay que reducirlo junto con el resto.<\/p>\n\n\n\n<p>Muerta la posibilidad del juicio pol\u00edtico, el presidente Abdo deber\u00e1 hacer los cambios que son necesarios para revertir, lo antes posible, la actual situaci\u00f3n de la econom\u00eda local. La pregunta que se impone es: \u00bfEst\u00e1 dispuesto el presidente a hacer los cambios necesarios? A reemplazar a varios de sus ministros y funcionarios (Benigno L\u00f3pez, Arnoldo Wiens, Patricia Zamudio, entre otros) o se va a sentar en su supuesto confortable estado actual? La falta de dinero circulante, el aumento de los precios y de la desocupaci\u00f3n son temas centrales en cualquier gobierno como para dejarlos a la deriva.<\/p>\n\n\n\n<p>Hasta el d\u00eda de hoy, la estabilidad del gobierno de Mario Abdo depend\u00eda de terceras personas, ya no; a partir de ahora \u00e9l es el \u00fanico responsable de lo que suceda.<\/p>\n\n\n\n<p>ND<\/p>\n","protected":false},"excerpt":{"rendered":"<p>Esta frase, fue una muy utilizada en la pol\u00edtica estadounidense durante la campa\u00f1a electoral de Bill Clinton en 1992 contra George H. W. Bush (padre), que lo llev\u00f3 a convertirse en presidente de los Estados Unidos y qued\u00f3 instalada en la cultura popular estadounidense y, porque no mundial, utiliz\u00e1ndose siempre como una referencia a lo [&hellip;]<\/p>\n","protected":false},"author":5,"featured_media":1135,"comment_status":"open","ping_status":"open","sticky":false,"template":"","format":"standard","meta":{"_monsterinsights_skip_tracking":false,"_monsterinsights_sitenote_active":false,"_monsterinsights_sitenote_note":"","_monsterinsights_sitenote_category":0,"footnotes":"","jetpack_publicize_message":"","jetpack_is_tweetstorm":false,"jetpack_publicize_feature_enabled":true},"categories":[248],"tags":[687,353,665,332,479,688],"ppma_author":[1065],"class_list":["post-1442","post","type-post","status-publish","format-standard","has-post-thumbnail","hentry","category-analisis","tag-arnoldo-wiens","tag-benigno-lopez","tag-hugo-velazquez","tag-mario-abdo","tag-nd","tag-patricia-samudio"],"jetpack_publicize_connections":[],"yoast_head":"<!-- This site is optimized with the Yoast SEO plugin v27.5 - https:\/\/yoast.com\/product\/yoast-seo-wordpress\/ -->\n<title>Es la econom\u00eda, est\u00fapido - Informatepy<\/title>\n<meta name=\"robots\" content=\"index, follow, max-snippet:-1, max-image-preview:large, max-video-preview:-1\" \/>\n<link rel=\"canonical\" href=\"https:\/\/informatepy.com\/2021\/2019\/08\/20\/es-la-economia-estupido\/\" \/>\n<meta property=\"og:locale\" content=\"es_ES\" \/>\n<meta property=\"og:type\" content=\"article\" \/>\n<meta property=\"og:title\" content=\"Es la econom\u00eda, est\u00fapido - Informatepy\" \/>\n<meta property=\"og:description\" content=\"Esta frase, fue una muy utilizada en la pol\u00edtica estadounidense durante la campa\u00f1a electoral de Bill Clinton en 1992 contra George H. W. Bush (padre), que lo llev\u00f3 a convertirse en presidente de los Estados Unidos y qued\u00f3 instalada en la cultura popular estadounidense y, porque no mundial, utiliz\u00e1ndose siempre como una referencia a lo [&hellip;]\" \/>\n<meta property=\"og:url\" content=\"https:\/\/informatepy.com\/2021\/2019\/08\/20\/es-la-economia-estupido\/\" \/>\n<meta property=\"og:site_name\" content=\"Informatepy\" \/>\n<meta property=\"article:published_time\" content=\"2019-08-20T20:19:00+00:00\" \/>\n<meta property=\"article:modified_time\" content=\"2021-02-20T20:55:49+00:00\" \/>\n<meta property=\"og:image\" content=\"https:\/\/i0.wp.com\/informatepy.com\/2021\/wp-content\/uploads\/2021\/05\/mario-abdo-cansado.jpg?fit=1200%2C861&ssl=1\" \/>\n\t<meta property=\"og:image:width\" content=\"1200\" \/>\n\t<meta property=\"og:image:height\" content=\"861\" \/>\n\t<meta property=\"og:image:type\" content=\"image\/jpeg\" \/>\n<meta name=\"author\" content=\"Nicol\u00e1s D\u00b4Ursi\" \/>\n<meta name=\"twitter:card\" content=\"summary_large_image\" \/>\n<meta name=\"twitter:creator\" content=\"@https:\/\/twitter.com\/NicoDursi\" \/>\n<meta name=\"twitter:label1\" content=\"Escrito por\" \/>\n\t<meta name=\"twitter:data1\" content=\"Nicol\u00e1s D\u00b4Ursi\" \/>\n\t<meta name=\"twitter:label2\" content=\"Tiempo de lectura\" \/>\n\t<meta name=\"twitter:data2\" content=\"2 minutos\" \/>\n<script type=\"application\/ld+json\" class=\"yoast-schema-graph\">{\"@context\":\"https:\\\/\\\/schema.org\",\"@graph\":[{\"@type\":\"Article\",\"@id\":\"https:\\\/\\\/informatepy.com\\\/2021\\\/2019\\\/08\\\/20\\\/es-la-economia-estupido\\\/#article\",\"isPartOf\":{\"@id\":\"https:\\\/\\\/informatepy.com\\\/2021\\\/2019\\\/08\\\/20\\\/es-la-economia-estupido\\\/\"},\"author\":{\"name\":\"Nicol\u00e1s D\u00b4Ursi\",\"@id\":\"https:\\\/\\\/informatepy.com\\\/2021\\\/#\\\/schema\\\/person\\\/5f11462f4da127b423f029d0dbae9131\"},\"headline\":\"Es la econom\u00eda, est\u00fapido\",\"datePublished\":\"2019-08-20T20:19:00+00:00\",\"dateModified\":\"2021-02-20T20:55:49+00:00\",\"mainEntityOfPage\":{\"@id\":\"https:\\\/\\\/informatepy.com\\\/2021\\\/2019\\\/08\\\/20\\\/es-la-economia-estupido\\\/\"},\"wordCount\":393,\"commentCount\":0,\"publisher\":{\"@id\":\"https:\\\/\\\/informatepy.com\\\/2021\\\/#\\\/schema\\\/person\\\/edd302c981d6ba4596191719d1025a8a\"},\"image\":{\"@id\":\"https:\\\/\\\/informatepy.com\\\/2021\\\/2019\\\/08\\\/20\\\/es-la-economia-estupido\\\/#primaryimage\"},\"thumbnailUrl\":\"https:\\\/\\\/i0.wp.com\\\/informatepy.com\\\/2021\\\/wp-content\\\/uploads\\\/2021\\\/05\\\/mario-abdo-cansado.jpg?fit=1200%2C861&ssl=1\",\"keywords\":[\"arnoldo wiens\",\"Benigno L\u00f3pez\",\"hugo velazquez\",\"mario abdo\",\"ND\",\"patricia samudio\"],\"articleSection\":[\"Analisis\"],\"inLanguage\":\"es\",\"potentialAction\":[{\"@type\":\"CommentAction\",\"name\":\"Comment\",\"target\":[\"https:\\\/\\\/informatepy.com\\\/2021\\\/2019\\\/08\\\/20\\\/es-la-economia-estupido\\\/#respond\"]}]},{\"@type\":\"WebPage\",\"@id\":\"https:\\\/\\\/informatepy.com\\\/2021\\\/2019\\\/08\\\/20\\\/es-la-economia-estupido\\\/\",\"url\":\"https:\\\/\\\/informatepy.com\\\/2021\\\/2019\\\/08\\\/20\\\/es-la-economia-estupido\\\/\",\"name\":\"Es la econom\u00eda, est\u00fapido - Informatepy\",\"isPartOf\":{\"@id\":\"https:\\\/\\\/informatepy.com\\\/2021\\\/#website\"},\"primaryImageOfPage\":{\"@id\":\"https:\\\/\\\/informatepy.com\\\/2021\\\/2019\\\/08\\\/20\\\/es-la-economia-estupido\\\/#primaryimage\"},\"image\":{\"@id\":\"https:\\\/\\\/informatepy.com\\\/2021\\\/2019\\\/08\\\/20\\\/es-la-economia-estupido\\\/#primaryimage\"},\"thumbnailUrl\":\"https:\\\/\\\/i0.wp.com\\\/informatepy.com\\\/2021\\\/wp-content\\\/uploads\\\/2021\\\/05\\\/mario-abdo-cansado.jpg?fit=1200%2C861&ssl=1\",\"datePublished\":\"2019-08-20T20:19:00+00:00\",\"dateModified\":\"2021-02-20T20:55:49+00:00\",\"breadcrumb\":{\"@id\":\"https:\\\/\\\/informatepy.com\\\/2021\\\/2019\\\/08\\\/20\\\/es-la-economia-estupido\\\/#breadcrumb\"},\"inLanguage\":\"es\",\"potentialAction\":[{\"@type\":\"ReadAction\",\"target\":[\"https:\\\/\\\/informatepy.com\\\/2021\\\/2019\\\/08\\\/20\\\/es-la-economia-estupido\\\/\"]}]},{\"@type\":\"ImageObject\",\"inLanguage\":\"es\",\"@id\":\"https:\\\/\\\/informatepy.com\\\/2021\\\/2019\\\/08\\\/20\\\/es-la-economia-estupido\\\/#primaryimage\",\"url\":\"https:\\\/\\\/i0.wp.com\\\/informatepy.com\\\/2021\\\/wp-content\\\/uploads\\\/2021\\\/05\\\/mario-abdo-cansado.jpg?fit=1200%2C861&ssl=1\",\"contentUrl\":\"https:\\\/\\\/i0.wp.com\\\/informatepy.com\\\/2021\\\/wp-content\\\/uploads\\\/2021\\\/05\\\/mario-abdo-cansado.jpg?fit=1200%2C861&ssl=1\",\"width\":1200,\"height\":861,\"caption\":\"Foto: La Naci\u00f3n\"},{\"@type\":\"BreadcrumbList\",\"@id\":\"https:\\\/\\\/informatepy.com\\\/2021\\\/2019\\\/08\\\/20\\\/es-la-economia-estupido\\\/#breadcrumb\",\"itemListElement\":[{\"@type\":\"ListItem\",\"position\":1,\"name\":\"Portada\",\"item\":\"https:\\\/\\\/informatepy.com\\\/2021\\\/\"},{\"@type\":\"ListItem\",\"position\":2,\"name\":\"Es la econom\u00eda, est\u00fapido\"}]},{\"@type\":\"WebSite\",\"@id\":\"https:\\\/\\\/informatepy.com\\\/2021\\\/#website\",\"url\":\"https:\\\/\\\/informatepy.com\\\/2021\\\/\",\"name\":\"Informatepy\",\"description\":\"La verdad, siempre!\",\"publisher\":{\"@id\":\"https:\\\/\\\/informatepy.com\\\/2021\\\/#\\\/schema\\\/person\\\/edd302c981d6ba4596191719d1025a8a\"},\"potentialAction\":[{\"@type\":\"SearchAction\",\"target\":{\"@type\":\"EntryPoint\",\"urlTemplate\":\"https:\\\/\\\/informatepy.com\\\/2021\\\/?s={search_term_string}\"},\"query-input\":{\"@type\":\"PropertyValueSpecification\",\"valueRequired\":true,\"valueName\":\"search_term_string\"}}],\"inLanguage\":\"es\"},{\"@type\":[\"Person\",\"Organization\"],\"@id\":\"https:\\\/\\\/informatepy.com\\\/2021\\\/#\\\/schema\\\/person\\\/edd302c981d6ba4596191719d1025a8a\",\"name\":\"admin\",\"image\":{\"@type\":\"ImageObject\",\"inLanguage\":\"es\",\"@id\":\"https:\\\/\\\/secure.gravatar.com\\\/avatar\\\/5310f602b6cbcfb86e030c4ccdbb78f6565a3b9bab6a74ab80fd3cb5428b65af?s=96&d=mm&r=g\",\"url\":\"https:\\\/\\\/secure.gravatar.com\\\/avatar\\\/5310f602b6cbcfb86e030c4ccdbb78f6565a3b9bab6a74ab80fd3cb5428b65af?s=96&d=mm&r=g\",\"contentUrl\":\"https:\\\/\\\/secure.gravatar.com\\\/avatar\\\/5310f602b6cbcfb86e030c4ccdbb78f6565a3b9bab6a74ab80fd3cb5428b65af?s=96&d=mm&r=g\",\"caption\":\"admin\"},\"logo\":{\"@id\":\"https:\\\/\\\/secure.gravatar.com\\\/avatar\\\/5310f602b6cbcfb86e030c4ccdbb78f6565a3b9bab6a74ab80fd3cb5428b65af?s=96&d=mm&r=g\"},\"sameAs\":[\"http:\\\/\\\/informatepy.com\\\/2021\"]},{\"@type\":\"Person\",\"@id\":\"https:\\\/\\\/informatepy.com\\\/2021\\\/#\\\/schema\\\/person\\\/5f11462f4da127b423f029d0dbae9131\",\"name\":\"Nicol\u00e1s D\u00b4Ursi\",\"image\":{\"@type\":\"ImageObject\",\"inLanguage\":\"es\",\"@id\":\"https:\\\/\\\/i0.wp.com\\\/informatepy.com\\\/2021\\\/wp-content\\\/uploads\\\/2021\\\/02\\\/nicolas-dursi.jpg?fit=96%2C96&ssl=1\",\"url\":\"https:\\\/\\\/i0.wp.com\\\/informatepy.com\\\/2021\\\/wp-content\\\/uploads\\\/2021\\\/02\\\/nicolas-dursi.jpg?fit=96%2C96&ssl=1\",\"contentUrl\":\"https:\\\/\\\/i0.wp.com\\\/informatepy.com\\\/2021\\\/wp-content\\\/uploads\\\/2021\\\/02\\\/nicolas-dursi.jpg?fit=96%2C96&ssl=1\",\"caption\":\"Nicol\u00e1s D\u00b4Ursi\"},\"sameAs\":[\"https:\\\/\\\/x.com\\\/https:\\\/\\\/twitter.com\\\/NicoDursi\"],\"url\":\"https:\\\/\\\/informatepy.com\\\/2021\\\/author\\\/ndursi\\\/\"}]}<\/script>\n<!-- \/ Yoast SEO plugin. -->","yoast_head_json":{"title":"Es la econom\u00eda, est\u00fapido - Informatepy","robots":{"index":"index","follow":"follow","max-snippet":"max-snippet:-1","max-image-preview":"max-image-preview:large","max-video-preview":"max-video-preview:-1"},"canonical":"https:\/\/informatepy.com\/2021\/2019\/08\/20\/es-la-economia-estupido\/","og_locale":"es_ES","og_type":"article","og_title":"Es la econom\u00eda, est\u00fapido - Informatepy","og_description":"Esta frase, fue una muy utilizada en la pol\u00edtica estadounidense durante la campa\u00f1a electoral de Bill Clinton en 1992 contra George H. W. Bush (padre), que lo llev\u00f3 a convertirse en presidente de los Estados Unidos y qued\u00f3 instalada en la cultura popular estadounidense y, porque no mundial, utiliz\u00e1ndose siempre como una referencia a lo [&hellip;]","og_url":"https:\/\/informatepy.com\/2021\/2019\/08\/20\/es-la-economia-estupido\/","og_site_name":"Informatepy","article_published_time":"2019-08-20T20:19:00+00:00","article_modified_time":"2021-02-20T20:55:49+00:00","og_image":[{"width":1200,"height":861,"url":"https:\/\/i0.wp.com\/informatepy.com\/2021\/wp-content\/uploads\/2021\/05\/mario-abdo-cansado.jpg?fit=1200%2C861&ssl=1","type":"image\/jpeg"}],"author":"Nicol\u00e1s D\u00b4Ursi","twitter_card":"summary_large_image","twitter_creator":"@https:\/\/twitter.com\/NicoDursi","twitter_misc":{"Escrito por":"Nicol\u00e1s D\u00b4Ursi","Tiempo de lectura":"2 minutos"},"schema":{"@context":"https:\/\/schema.org","@graph":[{"@type":"Article","@id":"https:\/\/informatepy.com\/2021\/2019\/08\/20\/es-la-economia-estupido\/#article","isPartOf":{"@id":"https:\/\/informatepy.com\/2021\/2019\/08\/20\/es-la-economia-estupido\/"},"author":{"name":"Nicol\u00e1s D\u00b4Ursi","@id":"https:\/\/informatepy.com\/2021\/#\/schema\/person\/5f11462f4da127b423f029d0dbae9131"},"headline":"Es la econom\u00eda, est\u00fapido","datePublished":"2019-08-20T20:19:00+00:00","dateModified":"2021-02-20T20:55:49+00:00","mainEntityOfPage":{"@id":"https:\/\/informatepy.com\/2021\/2019\/08\/20\/es-la-economia-estupido\/"},"wordCount":393,"commentCount":0,"publisher":{"@id":"https:\/\/informatepy.com\/2021\/#\/schema\/person\/edd302c981d6ba4596191719d1025a8a"},"image":{"@id":"https:\/\/informatepy.com\/2021\/2019\/08\/20\/es-la-economia-estupido\/#primaryimage"},"thumbnailUrl":"https:\/\/i0.wp.com\/informatepy.com\/2021\/wp-content\/uploads\/2021\/05\/mario-abdo-cansado.jpg?fit=1200%2C861&ssl=1","keywords":["arnoldo wiens","Benigno L\u00f3pez","hugo velazquez","mario abdo","ND","patricia samudio"],"articleSection":["Analisis"],"inLanguage":"es","potentialAction":[{"@type":"CommentAction","name":"Comment","target":["https:\/\/informatepy.com\/2021\/2019\/08\/20\/es-la-economia-estupido\/#respond"]}]},{"@type":"WebPage","@id":"https:\/\/informatepy.com\/2021\/2019\/08\/20\/es-la-economia-estupido\/","url":"https:\/\/informatepy.com\/2021\/2019\/08\/20\/es-la-economia-estupido\/","name":"Es la econom\u00eda, est\u00fapido - Informatepy","isPartOf":{"@id":"https:\/\/informatepy.com\/2021\/#website"},"primaryImageOfPage":{"@id":"https:\/\/informatepy.com\/2021\/2019\/08\/20\/es-la-economia-estupido\/#primaryimage"},"image":{"@id":"https:\/\/informatepy.com\/2021\/2019\/08\/20\/es-la-economia-estupido\/#primaryimage"},"thumbnailUrl":"https:\/\/i0.wp.com\/informatepy.com\/2021\/wp-content\/uploads\/2021\/05\/mario-abdo-cansado.jpg?fit=1200%2C861&ssl=1","datePublished":"2019-08-20T20:19:00+00:00","dateModified":"2021-02-20T20:55:49+00:00","breadcrumb":{"@id":"https:\/\/informatepy.com\/2021\/2019\/08\/20\/es-la-economia-estupido\/#breadcrumb"},"inLanguage":"es","potentialAction":[{"@type":"ReadAction","target":["https:\/\/informatepy.com\/2021\/2019\/08\/20\/es-la-economia-estupido\/"]}]},{"@type":"ImageObject","inLanguage":"es","@id":"https:\/\/informatepy.com\/2021\/2019\/08\/20\/es-la-economia-estupido\/#primaryimage","url":"https:\/\/i0.wp.com\/informatepy.com\/2021\/wp-content\/uploads\/2021\/05\/mario-abdo-cansado.jpg?fit=1200%2C861&ssl=1","contentUrl":"https:\/\/i0.wp.com\/informatepy.com\/2021\/wp-content\/uploads\/2021\/05\/mario-abdo-cansado.jpg?fit=1200%2C861&ssl=1","width":1200,"height":861,"caption":"Foto: La Naci\u00f3n"},{"@type":"BreadcrumbList","@id":"https:\/\/informatepy.com\/2021\/2019\/08\/20\/es-la-economia-estupido\/#breadcrumb","itemListElement":[{"@type":"ListItem","position":1,"name":"Portada","item":"https:\/\/informatepy.com\/2021\/"},{"@type":"ListItem","position":2,"name":"Es la econom\u00eda, est\u00fapido"}]},{"@type":"WebSite","@id":"https:\/\/informatepy.com\/2021\/#website","url":"https:\/\/informatepy.com\/2021\/","name":"Informatepy","description":"La verdad, siempre!","publisher":{"@id":"https:\/\/informatepy.com\/2021\/#\/schema\/person\/edd302c981d6ba4596191719d1025a8a"},"potentialAction":[{"@type":"SearchAction","target":{"@type":"EntryPoint","urlTemplate":"https:\/\/informatepy.com\/2021\/?s={search_term_string}"},"query-input":{"@type":"PropertyValueSpecification","valueRequired":true,"valueName":"search_term_string"}}],"inLanguage":"es"},{"@type":["Person","Organization"],"@id":"https:\/\/informatepy.com\/2021\/#\/schema\/person\/edd302c981d6ba4596191719d1025a8a","name":"admin","image":{"@type":"ImageObject","inLanguage":"es","@id":"https:\/\/secure.gravatar.com\/avatar\/5310f602b6cbcfb86e030c4ccdbb78f6565a3b9bab6a74ab80fd3cb5428b65af?s=96&d=mm&r=g","url":"https:\/\/secure.gravatar.com\/avatar\/5310f602b6cbcfb86e030c4ccdbb78f6565a3b9bab6a74ab80fd3cb5428b65af?s=96&d=mm&r=g","contentUrl":"https:\/\/secure.gravatar.com\/avatar\/5310f602b6cbcfb86e030c4ccdbb78f6565a3b9bab6a74ab80fd3cb5428b65af?s=96&d=mm&r=g","caption":"admin"},"logo":{"@id":"https:\/\/secure.gravatar.com\/avatar\/5310f602b6cbcfb86e030c4ccdbb78f6565a3b9bab6a74ab80fd3cb5428b65af?s=96&d=mm&r=g"},"sameAs":["http:\/\/informatepy.com\/2021"]},{"@type":"Person","@id":"https:\/\/informatepy.com\/2021\/#\/schema\/person\/5f11462f4da127b423f029d0dbae9131","name":"Nicol\u00e1s D\u00b4Ursi","image":{"@type":"ImageObject","inLanguage":"es","@id":"https:\/\/i0.wp.com\/informatepy.com\/2021\/wp-content\/uploads\/2021\/02\/nicolas-dursi.jpg?fit=96%2C96&ssl=1","url":"https:\/\/i0.wp.com\/informatepy.com\/2021\/wp-content\/uploads\/2021\/02\/nicolas-dursi.jpg?fit=96%2C96&ssl=1","contentUrl":"https:\/\/i0.wp.com\/informatepy.com\/2021\/wp-content\/uploads\/2021\/02\/nicolas-dursi.jpg?fit=96%2C96&ssl=1","caption":"Nicol\u00e1s D\u00b4Ursi"},"sameAs":["https:\/\/x.com\/https:\/\/twitter.com\/NicoDursi"],"url":"https:\/\/informatepy.com\/2021\/author\/ndursi\/"}]}},"jetpack_featured_media_url":"https:\/\/i0.wp.com\/informatepy.com\/2021\/wp-content\/uploads\/2021\/05\/mario-abdo-cansado.jpg?fit=1200%2C861&ssl=1","jetpack_sharing_enabled":true,"jetpack_likes_enabled":true,"jetpack-related-posts":[{"id":13421,"url":"https:\/\/informatepy.com\/2021\/2022\/08\/18\/hugo-velazquez-por-ahora-no-renunciara-a-la-vicepresidencia-y-promete-entregar-la-cabeza-de-mario-abdo\/","url_meta":{"origin":1442,"position":0},"title":"Hugo Vel\u00e1zquez por ahora no renunciar\u00e1 a la Vicepresidencia y promete entregar la cabeza de Mario Abdo","date":"18 de agosto de 2022","format":false,"excerpt":"El vicepresidente de la Rep\u00fablica no presentar\u00e1 su renuncia como vicepresidente y aguardar\u00e1 informe sobre las declaraciones de los Estados Unidos. El Departamento de Estado de ese pa\u00eds lo design\u00f3 \u00absignificativamente corrupto\u00bb, por supuestamente, ofrecer una coima de 1 mill\u00f3n de d\u00f3lares a un funcionario. As\u00ed tambi\u00e9n, la Fiscal\u00eda no\u2026","rel":"","context":"En \u00abNacionales\u00bb","img":{"alt_text":"","src":"https:\/\/i0.wp.com\/informatepy.com\/2021\/wp-content\/uploads\/2021\/11\/fractura-abdo-velazquez.png?fit=1200%2C657&ssl=1&resize=350%2C200","width":350,"height":200},"classes":[]},{"id":8648,"url":"https:\/\/informatepy.com\/2021\/2021\/12\/03\/abdo-vs-velazquez-round-uno\/","url_meta":{"origin":1442,"position":1},"title":"Abdo Vs. Vel\u00e1zquez: Round uno","date":"3 de diciembre de 2021","format":false,"excerpt":"A pocos d\u00edas de haber afirmado que Hugo Vel\u00e1zquez era su candidato en la inauguraci\u00f3n del hospital \u201cDivino Ni\u00f1o Jes\u00fas\u201d, en Juan Eulogio Estigarribia (Caaguaz\u00fa), el presidente Mario Abdo se desdijo y, aunque sin nombrarlo pero en clara alusi\u00f3n al vicepresidente, critic\u00f3 a \u201cquienes recorren el pa\u00eds para ganar votos\u201d.\u2026","rel":"","context":"En \u00abNacionales\u00bb","img":{"alt_text":"","src":"https:\/\/i0.wp.com\/informatepy.com\/2021\/wp-content\/uploads\/2021\/05\/abdo-velazquez.jpg?fit=1200%2C868&ssl=1&resize=350%2C200","width":350,"height":200},"classes":[]},{"id":13443,"url":"https:\/\/informatepy.com\/2021\/2022\/08\/19\/mario-abdo-desconocio-al-candidato-que-bendijo-no-hace-mucho-tiempo\/","url_meta":{"origin":1442,"position":2},"title":"Mario Abdo \u00abse\u00f1al\u00f3 con el dedo a Hugo Vel\u00e1zquez\u00bb","date":"19 de agosto de 2022","format":false,"excerpt":"En un acto realizado anoche en la ciudad de Villarrica, el presidente de la Rep\u00fablica, Mario Abdo present\u00f3 a su nueva dupla presidencial, se\u00f1alando que es una dupla que nadie va a poder se\u00f1alar con el dedo, como si se pudo en el caso de su anterior candidato, Hugo Vel\u00e1zquez,\u2026","rel":"","context":"En \u00abNacionales\u00bb","img":{"alt_text":"","src":"https:\/\/i0.wp.com\/informatepy.com\/2021\/wp-content\/uploads\/2022\/08\/FR-villarrica.jpg?fit=680%2C554&ssl=1&resize=350%2C200","width":350,"height":200},"classes":[]},{"id":9289,"url":"https:\/\/informatepy.com\/2021\/2022\/01\/07\/bachi-nunez-le-resta-importancia-a-las-candidaturas-de-abdo-y-velazquez\/","url_meta":{"origin":1442,"position":3},"title":"Bachi Nu\u00f1ez le resta importancia a las candidaturas de Abdo y Vel\u00e1zquez","date":"7 de enero de 2022","format":false,"excerpt":"Basilio \"Bachi\" N\u00fa\u00f1ez, l\u00edder de la bancada de Honor Colorado en Diputados, le rest\u00f3 importancia a la posibilidad de que el presidente de la Rep\u00fablica, Mario Abdo Ben\u00edtez, se postule a la titularidad de la Junta de Gobierno, y afirm\u00f3 que esto es un intento de frenar las fugas en\u2026","rel":"","context":"En \u00abNacionales\u00bb","img":{"alt_text":"","src":"https:\/\/i0.wp.com\/informatepy.com\/2021\/wp-content\/uploads\/2021\/04\/bachi-nunez.jpg?fit=760%2C420&ssl=1&resize=350%2C200","width":350,"height":200},"classes":[]},{"id":7666,"url":"https:\/\/informatepy.com\/2021\/2021\/10\/12\/hugo-velazquez-busca-instalar-chapa-presidencial-con-natalia-zuccolillo\/","url_meta":{"origin":1442,"position":4},"title":"Hugo Vel\u00e1zquez busca instalar chapa presidencial con Natalia Zuccolillo","date":"12 de octubre de 2021","format":false,"excerpt":"En medio de su pelea por modificar los estatutos de la ANR para conformar f\u00f3rmula con un \"outsider\" al partido, el vice presidente Hugo Vel\u00e1zquez dej\u00f3 entrever a quien intenta imponerle al electorado colorado. En declaraciones a Radio UNO, Vel\u00e1zquez, al ser consultado si el \"outsider\" ser\u00eda Natalia Zuccolillo, respondi\u00f3\u2026","rel":"","context":"En \u00abNacionales\u00bb","img":{"alt_text":"","src":"https:\/\/i0.wp.com\/informatepy.com\/2021\/wp-content\/uploads\/2021\/10\/velazquez-zuccolillo.jpg?fit=760%2C420&ssl=1&resize=350%2C200","width":350,"height":200},"classes":[]},{"id":13284,"url":"https:\/\/informatepy.com\/2021\/2022\/08\/12\/precandidato-liberal-solicita-a-efrain-alegre-que-pida-juicio-politico-para-abdo-benitez\/","url_meta":{"origin":1442,"position":5},"title":"Precandidato liberal solicita a Efra\u00edn Alegre que pida Juicio Pol\u00edtico para Abdo Ben\u00edtez","date":"12 de agosto de 2022","format":false,"excerpt":"El Dr. Hugo Fleitas confirm\u00f3 su precandidatura con Bruno Balmelli a la Presidencia y Vicepresidencia y dijo sobre el caso de Hugo Vel\u00e1zquez que siempre se habl\u00f3 y se supo de sus v\u00ednculos sospechosos. Se dirigi\u00f3 tambi\u00e9n a Efra\u00edn Alegre pidiendo una reuni\u00f3n de directorio del PLRA para impulsar un\u2026","rel":"","context":"En \u00abNacionales\u00bb","img":{"alt_text":"","src":"https:\/\/i0.wp.com\/informatepy.com\/2021\/wp-content\/uploads\/2021\/12\/hugo-fleitas-plra-cordillera.jpeg?fit=764%2C573&ssl=1&resize=350%2C200","width":350,"height":200},"classes":[]}],"authors":[{"term_id":1065,"user_id":5,"is_guest":0,"slug":"ndursi","display_name":"Nicol\u00e1s D\u00b4Ursi","avatar_url":"https:\/\/i0.wp.com\/informatepy.com\/2021\/wp-content\/uploads\/2021\/02\/nicolas-dursi.jpg?fit=96%2C96&ssl=1","first_name":"Nicol\u00e1s","last_name":"D\u00b4Ursi","user_url":"","description":""}],"amp_enabled":true,"_links":{"self":[{"href":"https:\/\/informatepy.com\/2021\/wp-json\/wp\/v2\/posts\/1442","targetHints":{"allow":["GET"]}}],"collection":[{"href":"https:\/\/informatepy.com\/2021\/wp-json\/wp\/v2\/posts"}],"about":[{"href":"https:\/\/informatepy.com\/2021\/wp-json\/wp\/v2\/types\/post"}],"author":[{"embeddable":true,"href":"https:\/\/informatepy.com\/2021\/wp-json\/wp\/v2\/users\/5"}],"replies":[{"embeddable":true,"href":"https:\/\/informatepy.com\/2021\/wp-json\/wp\/v2\/comments?post=1442"}],"version-history":[{"count":1,"href":"https:\/\/informatepy.com\/2021\/wp-json\/wp\/v2\/posts\/1442\/revisions"}],"predecessor-version":[{"id":2778,"href":"https:\/\/informatepy.com\/2021\/wp-json\/wp\/v2\/posts\/1442\/revisions\/2778"}],"wp:featuredmedia":[{"embeddable":true,"href":"https:\/\/informatepy.com\/2021\/wp-json\/wp\/v2\/media\/1135"}],"wp:attachment":[{"href":"https:\/\/informatepy.com\/2021\/wp-json\/wp\/v2\/media?parent=1442"}],"wp:term":[{"taxonomy":"category","embeddable":true,"href":"https:\/\/informatepy.com\/2021\/wp-json\/wp\/v2\/categories?post=1442"},{"taxonomy":"post_tag","embeddable":true,"href":"https:\/\/informatepy.com\/2021\/wp-json\/wp\/v2\/tags?post=1442"},{"taxonomy":"author","embeddable":true,"href":"https:\/\/informatepy.com\/2021\/wp-json\/wp\/v2\/ppma_author?post=1442"}],"curies":[{"name":"wp","href":"https:\/\/api.w.org\/{rel}","templated":true}]}}